{"id":4780,"date":"2026-09-02T10:27:51","date_gmt":"2026-09-02T08:27:51","guid":{"rendered":"https:\/\/www.sonnenklar.tv\/news\/?p=4780"},"modified":"2026-09-02T10:27:52","modified_gmt":"2026-09-02T08:27:52","slug":"mallorca-verdraengen-us-touristen-deutsche-urlauber","status":"publish","type":"post","link":"https:\/\/www.sonnenklar.tv\/news\/mallorca-verdraengen-us-touristen-deutsche-urlauber\/","title":{"rendered":"Mallorca: Verdr\u00e4ngen US-Touristen bald deutsche und britische Urlauber?"},"content":{"rendered":"\n<p class=\"wp-block-paragraph\">Seit vielen Jahren geh\u00f6rt Mallorca zu den beliebtesten Reisezielen der Deutschen und machten dort den Gro\u00dfteil der Urlauber aus. Dass das Fremdenverkehrsamt von Palma de Mallorca nun verst\u00e4rkt um G\u00e4ste aus den USA wirbt, l\u00e4sst aufhorchen. Was steckt hinter der neuen Strategie?<\/p>\n\n\n\n<h2 class=\"wp-block-heading\">Des Deutschen liebste Insel<\/h2>\n\n\n\n<p class=\"wp-block-paragraph\">Auf circa 5 Millionen wird die Zahl der Deutschen gesch\u00e4tzt, die Mallorca im Jahr 2026 besuchten und noch besuchen werden. Oftmals kommen diese Urlauber im Rahmen einer Pauschalreise und geben im Durchschnitt 91 Euro pro Tag aus. Hoch im Kurs stehen Hotels in direkter Strandlage mit Inklusiv-Angeboten ohne gro\u00dfe Zusatzkosten. In der Hauptsaison landen durchschnittlich an die 100 Fl\u00fcge pro Tag von rund 25 deutschen Flugh\u00e4fen kommend auf Mallorca.<\/p>\n\n\n\n<h2 class=\"wp-block-heading\">Zahlungskr\u00e4ftige US-Urlauber<\/h2>\n\n\n\n<p class=\"wp-block-paragraph\">Mallorca-Touristen aus den USA verbringen ihren Urlaub anders. Pauschalreisen sind dort eher unbekannt, meist werden Fl\u00fcge, Hotels, Ausfl\u00fcge und Mietwagen separat gebucht. Dadurch geben die US-Amerikaner im Durchschnitt 129 Euro pro Urlaubstag aus. Auch ihre Urlaubsgestaltung auf der Insel unterscheidet sich von der der Europ\u00e4er: statt Sonne und Strand stehen mediterrane Lebensart und landestypische K\u00fcche im Vordergrund. Die Unterk\u00fcnfte sind meist kleinere Boutique-Hotels im Landesinneren oder in der Inselhauptstadt Palma.<\/p>\n\n\n\n<p class=\"wp-block-paragraph\">Zwar ist der Anteil der US-Amerikaner an den Mallorca-G\u00e4sten aktuell noch gering: 2025 waren es rund 300.000 US-amerikanische Touristen gegen\u00fcber den etwa 5 Millionen deutschen Urlaubern, die damit knapp ein Viertel der Gesamt-Touristen-Zahl ausmachten (vor den Briten mit 21 und den Spaniern mit 14 Prozent). Allerdings k\u00f6nnten die amerikanischen Zahlen zeitnah gr\u00f6\u00dfer werden.<\/p>\n\n\n\n<h2 class=\"wp-block-heading\">Massentourismus vs. exklusiver Luxus-Urlaub<\/h2>\n\n\n\n<p class=\"wp-block-paragraph\">Mallorca k\u00e4mpft bereits seit vielen Jahren mit stetig wachsenden Touristenmassen. Anwohner protestierten gegen den Anstieg und forderten eine Wende von Quantit\u00e4t zu mehr Qualit\u00e4t und h\u00f6heren Preisen, um damit die Zahlen einzud\u00e4mmen. Eine kleine Trendwende war 2025 zu sehen, denn die Ausgaben der Touristen stiegen proportional mehr als die Anzahl der Urlauber. Eventuell k\u00f6nnten die US-Touristen ein bisschen damit zu tun haben.<\/p>\n\n\n\n<p class=\"wp-block-paragraph\">Seit 2022 bietet United Airlines Direktfl\u00fcge von New York nach Palma an, in diesem Jahr kam eine Air-Canada-Verbindung von Montreal aus dazu. Der Anteil der amerikanischen Urlauber steigt kontinuierlich und mit ihnen die Einnahmen. Die Inselhauptstadt setzt nun verst\u00e4rkt auf Marketing auf dem US-amerikanischen Markt, um die zahlungswilligen Urlauber anzuziehen.<\/p>\n\n\n\n<h2 class=\"wp-block-heading\">Mallorca wird internationaler \u2013 und teurer?<\/h2>\n\n\n\n<p class=\"wp-block-paragraph\">Mit diesen Werbema\u00dfnahmen wird versucht, die Urlaubergruppe auf Mallorca noch internationaler zu gestalten und damit die Abh\u00e4ngigkeit von einigen wenigen Herkunftsl\u00e4ndern zu verringern. So kn\u00fcpfte die Balearen-Regierung nicht nur Kontakte mit amerikanischen, sondern auch mit asiatischen und arabischen Airlines. Nicht nur, aber auch wegen der US-amerikanischen G\u00e4ste mit einem praller gef\u00fcllten Urlaubs-Geldbeutel ver\u00e4nderte sich bereits die Hotellandschaft in Richtung Luxus.<\/p>\n\n\n\n<p class=\"wp-block-paragraph\">Und auch der Immobilienmarkt zieht mit, das Angebot im Luxus-Segment w\u00e4chst. US-amerikanische Makler er\u00f6ffnen B\u00fcros auf der Insel. Noch ist der Anteil an amerikanischen Interessenten vergleichsweise gering. Je mehr US-Touristen allerdings auf die Insel kommen, desto gr\u00f6\u00dfer und schneller k\u00f6nnte diese Zahl steigen.<\/p>\n\n\n\n<h2 class=\"wp-block-heading\">Noch haben die Deutschen die Nase vorne<\/h2>\n\n\n\n<p class=\"wp-block-paragraph\">Vorerst bleiben die deutschen Urlauber unangefochten auf Platz eins der Mallorca-Touristen, gefolgt von den Briten. Doch auch wenn die Nordamerikaner zahlenm\u00e4\u00dfig noch weit hinter ihnen liegen, wird deren Urlaubsverhalten ersten Einfluss auf die Preise der Insel nehmen und wom\u00f6glich auch die Mallorca-Aufenthalte der Deutschen ver\u00e4ndern.<\/p>\n\n\n\n<p class=\"wp-block-paragraph\">Quellen: <a href=\"https:\/\/www.handelsblatt.com\/politik\/international\/tourismus-wie-us-urlauber-die-liebste-ferieninsel-der-deutschen-veraendern\/100241529.html\" data-type=\"link\" data-id=\"https:\/\/www.handelsblatt.com\/politik\/international\/tourismus-wie-us-urlauber-die-liebste-ferieninsel-der-deutschen-veraendern\/100241529.html\" target=\"_blank\" rel=\"noreferrer noopener nofollow\">handelsblatt.com<\/a>, <a href=\"https:\/\/www.mallorcamagazin.com\/nachrichten\/tourismus\/2026\/08\/24\/156463\/trotz-voller-insel-und-unzufriedener-einheimischer-palma-mallorca-wirbt-mit-neuer-kampagne-reiche-urlauber.html\" data-type=\"link\" data-id=\"https:\/\/www.mallorcamagazin.com\/nachrichten\/tourismus\/2026\/08\/24\/156463\/trotz-voller-insel-und-unzufriedener-einheimischer-palma-mallorca-wirbt-mit-neuer-kampagne-reiche-urlauber.html\" target=\"_blank\" rel=\"noreferrer noopener nofollow\">mallorcamagazin.com<\/a>, <a href=\"https:\/\/www.mallorcazeitung.es\/wirtschaft-tourismus\/2025\/11\/04\/deutsche-touristen-mallorca-balearen-statistiken-123342415.html\" target=\"_blank\" data-type=\"link\" data-id=\"https:\/\/www.mallorcazeitung.es\/wirtschaft-tourismus\/2025\/11\/04\/deutsche-touristen-mallorca-balearen-statistiken-123342415.html\" rel=\"noreferrer noopener nofollow\">mallorcazeitung.es<\/a> <\/p>\n","protected":false},"excerpt":{"rendered":"<p>Seit vielen Jahren geh\u00f6rt Mallorca zu den beliebtesten Reisezielen der Deutschen und machten dort den Gro\u00dfteil der Urlauber aus. Dass das Fremdenverkehrsamt von Palma de Mallorca nun verst\u00e4rkt um G\u00e4ste aus den USA wirbt, l\u00e4sst aufhorchen. Was steckt hinter der neuen Strategie? Des Deutschen liebste Insel Auf circa 5 Millionen wird die Zahl der Deutschen<\/p>\n","protected":false},"author":17,"featured_media":4370,"comment_status":"closed","ping_status":"closed","sticky":false,"template":"","format":"standard","meta":{"footnotes":""},"categories":[41,1109,29,30,57,1052,26,336,52],"tags":[1379,137,382,459,129],"class_list":["post-4780","post","type-post","status-publish","format-standard","has-post-thumbnail","category-mallorca","category-badeurlaub","category-flugreise","category-pauschalreise","category-preise","category-rankings","category-reiseart","category-reisetrends","category-statistik","tag-deutsche-touristen","tag-touristen","tag-trend","tag-urlaub","tag-usa"],"_links":{"self":[{"href":"https:\/\/www.sonnenklar.tv\/news\/wp-json\/wp\/v2\/posts\/4780","targetHints":{"allow":["GET"]}}],"collection":[{"href":"https:\/\/www.sonnenklar.tv\/news\/wp-json\/wp\/v2\/posts"}],"about":[{"href":"https:\/\/www.sonnenklar.tv\/news\/wp-json\/wp\/v2\/types\/post"}],"author":[{"embeddable":true,"href":"https:\/\/www.sonnenklar.tv\/news\/wp-json\/wp\/v2\/users\/17"}],"replies":[{"embeddable":true,"href":"https:\/\/www.sonnenklar.tv\/news\/wp-json\/wp\/v2\/comments?post=4780"}],"version-history":[{"count":3,"href":"https:\/\/www.sonnenklar.tv\/news\/wp-json\/wp\/v2\/posts\/4780\/revisions"}],"predecessor-version":[{"id":4785,"href":"https:\/\/www.sonnenklar.tv\/news\/wp-json\/wp\/v2\/posts\/4780\/revisions\/4785"}],"wp:featuredmedia":[{"embeddable":true,"href":"https:\/\/www.sonnenklar.tv\/news\/wp-json\/wp\/v2\/media\/4370"}],"wp:attachment":[{"href":"https:\/\/www.sonnenklar.tv\/news\/wp-json\/wp\/v2\/media?parent=4780"}],"wp:term":[{"taxonomy":"category","embeddable":true,"href":"https:\/\/www.sonnenklar.tv\/news\/wp-json\/wp\/v2\/categories?post=4780"},{"taxonomy":"post_tag","embeddable":true,"href":"https:\/\/www.sonnenklar.tv\/news\/wp-json\/wp\/v2\/tags?post=4780"}],"curies":[{"name":"wp","href":"https:\/\/api.w.org\/{rel}","templated":true}]}}