{"id":4769,"date":"2026-09-01T14:16:40","date_gmt":"2026-09-01T12:16:40","guid":{"rendered":"https:\/\/www.sonnenklar.tv\/news\/?p=4769"},"modified":"2026-09-01T14:16:41","modified_gmt":"2026-09-01T12:16:41","slug":"deutsche-urlauber-im-ausland-klischees","status":"publish","type":"post","link":"https:\/\/www.sonnenklar.tv\/news\/deutsche-urlauber-im-ausland-klischees\/","title":{"rendered":"Deutsche Urlauber im Ausland: Sind die Deutschen wirklich unbeliebt?"},"content":{"rendered":"\n<p class=\"wp-block-paragraph\">Deutsche Urlauber gelten im Ausland oft als Sinnbild f\u00fcr bestimmte Touristenklischees. Doch das schlechte Image der Deutschen scheint mit der Realit\u00e4t wenig zu tun zu haben. Studien und Befragungen zeichnen ein deutlich positiveres Bild. Auch beim viel diskutierten Kampf um die Sonnenliege ist das Klischee offenbar gr\u00f6\u00dfer als die tats\u00e4chliche Verbreitung.<\/p>\n\n\n\n<h2 class=\"wp-block-heading\">Das Klischee des deutschen Touristen<\/h2>\n\n\n\n<p class=\"wp-block-paragraph\">Kaum ein Bild \u00fcber deutsche Urlauber ist so verbreitet wie das des typischen \u201eHandtuchreservierers\u201c. Fr\u00fch am Morgen wird die Sonnenliege am Pool mit einem Handtuch blockiert, w\u00e4hrend der eigentliche Urlaubstag erst sp\u00e4ter beginnt. Dazu kommen weitere bekannte Vorurteile: deutsche Touristen, die im Ausland auf vertraute Speisen bestehen, laut feiern oder sich in touristischen Hotspots besonders auff\u00e4llig verhalten.<\/p>\n\n\n\n<p class=\"wp-block-paragraph\">Das bemerkenswerte daran: Viele Deutsche distanzieren sich selbst von diesem Bild. Der typische Tourist, so die verbreitete Vorstellung, sind immer die anderen. Man selbst sieht sich eher als Reisender, der Land und Leute authentisch kennenlernen m\u00f6chte.<\/p>\n\n\n\n<p class=\"wp-block-paragraph\">Doch gerade beim internationalen Ansehen deutscher Urlauber zeigt sich eine interessante Diskrepanz zwischen Selbstwahrnehmung und Fremdwahrnehmung.<\/p>\n\n\n\n<h2 class=\"wp-block-heading\">Deutsche Urlauber genie\u00dfen besseres Image als gedacht<\/h2>\n\n\n\n<p class=\"wp-block-paragraph\">Die von der FAZ beschriebene Beurteilung deutscher Touristen durch internationale Hotelmanager f\u00e4llt \u00fcberraschend positiv aus. In entsprechenden Befragungen erreichen Deutsche regelm\u00e4\u00dfig vordere Pl\u00e4tze und werden lediglich von japanischen G\u00e4sten \u00fcbertroffen.<\/p>\n\n\n\n<p class=\"wp-block-paragraph\">Als Pluspunkte gelten insbesondere Eigenschaften wie Ordnung, H\u00f6flichkeit und ein eher zur\u00fcckhaltendes Auftreten. F\u00fcr Hotels sind solche Verhaltensweisen offenbar besonders wertvoll. Ein kleiner Nachteil bleibt allerdings: Deutsche Urlauber gelten vergleichsweise als weniger gro\u00dfz\u00fcgig.<\/p>\n\n\n\n<p class=\"wp-block-paragraph\">Das verbreitete Gef\u00fchl, sich als Deutscher im Ausland f\u00fcr die eigenen Landsleute sch\u00e4men zu m\u00fcssen, scheint deshalb \u00fcbertrieben. Das negative Bild deutscher Touristen ist offenbar wesentlich st\u00e4rker von bekannten Urlaubsklischees gepr\u00e4gt als von der tats\u00e4chlichen Wahrnehmung durch Menschen in der Tourismusbranche.<\/p>\n\n\n\n<h2 class=\"wp-block-heading\">Liegenreservierung: Wie gro\u00df ist der Mythos wirklich?<\/h2>\n\n\n\n<p class=\"wp-block-paragraph\">Besonders hartn\u00e4ckig h\u00e4lt sich das Klischee, dass Deutsche bereits bei Sonnenaufgang die besten Pl\u00e4tze am Pool sichern. Eine YouGov-Umfrage zeigt jedoch, dass die Realit\u00e4t differenzierter ist.<\/p>\n\n\n\n<p class=\"wp-block-paragraph\">51 Prozent der Befragten in Deutschland verbinden das Reservieren von Sonnenliegen mit Deutschen. In Gro\u00dfbritannien sind es 46 Prozent. In anderen europ\u00e4ischen L\u00e4ndern f\u00e4llt diese Zuschreibung hingegen deutlich geringer aus. In Spanien, D\u00e4nemark und Frankreich sehen lediglich zwischen 14 und 17 Prozent dieses Verhalten als typisch deutsch an. In Italien sind es sogar nur 5 Prozent.<\/p>\n\n\n\n<p class=\"wp-block-paragraph\">Interessant wird es bei der Frage nach dem tats\u00e4chlichen Verhalten. Unter Deutschen, die regelm\u00e4\u00dfig Hotels mit Pool und Sonnenliegen besuchen, geben 38 Prozent an, schon einmal eine Liege mit einem Handtuch reserviert zu haben. Nur 9 Prozent tun dies allerdings nach eigener Aussage h\u00e4ufig oder sehr h\u00e4ufig.<\/p>\n\n\n\n<p class=\"wp-block-paragraph\">Damit zeigt sich: Das bekannte Bild vom deutschen Urlauber, der systematisch morgens s\u00e4mtliche Liegen am Pool blockiert, l\u00e4sst sich durch die Umfrage nicht best\u00e4tigen.<\/p>\n\n\n\n<h2 class=\"wp-block-heading\">Andere Nationen stehen ebenfalls in der Kritik<\/h2>\n\n\n\n<p class=\"wp-block-paragraph\">Auch der Blick auf andere Urlaubernationen relativiert das deutsche Klischee. Laut YouGov geben beispielsweise jeweils 45 Prozent der befragten Italiener und Franzosen an, schon einmal eine Sonnenliege reserviert zu haben. Die Deutschen liegen mit 38 Prozent darunter.<\/p>\n\n\n\n<p class=\"wp-block-paragraph\">Gleichzeitig ist das Verhalten international keineswegs unumstritten. Die Mehrheit der Befragten in den untersuchten L\u00e4ndern h\u00e4lt das Reservieren von Liegen f\u00fcr nicht akzeptabel. Zwischen 62 und 84 Prozent haben zudem bereits erlebt, dass Sonnenliegen auf diese Weise blockiert wurden.<\/p>\n\n\n\n<p class=\"wp-block-paragraph\">Das Ph\u00e4nomen existiert also tats\u00e4chlich \u2013 nur scheint es kein ausschlie\u00dflich deutsches Problem zu sein.<\/p>\n\n\n\n<h2 class=\"wp-block-heading\">Das deutsche Touristen-Klischee h\u00e4lt sich hartn\u00e4ckig<\/h2>\n\n\n\n<p class=\"wp-block-paragraph\">Warum deutsche Urlauber dennoch so stark mit dem Handtuch auf der Sonnenliege verbunden werden, l\u00e4sst sich aus den Ergebnissen nicht eindeutig ableiten. Sicher ist jedoch: Selbstbild und Fremdbild unterscheiden sich deutlich.<\/p>\n\n\n\n<p class=\"wp-block-paragraph\">W\u00e4hrend sich Deutsche selbst vergleichsweise h\u00e4ufig f\u00fcr das Verhalten ihrer Landsleute im Ausland sch\u00e4men, werden sie von Hotelmanagern deutlich positiver beurteilt. Das Bild des peinlichen deutschen Touristen scheint damit eher ein kulturell fest verankertes Klischee als eine realistische Beschreibung der Mehrheit zu sein.<\/p>\n\n\n\n<p class=\"wp-block-paragraph\">Quellen: <a href=\"https:\/\/www.faz.net\/aktuell\/feuilleton\/debatten\/urlaub-im-ausland-die-deutschen-sind-beliebter-als-gedacht-201164251.html\" rel=\"nofollow noopener\" target=\"_blank\">faz.net<\/a> und <a href=\"https:\/\/yougov.com\/de-de\/artikel\/55420-deutsche-urlauber-und-die-liegenfrage-ist-der-mythos-grosser-als-die-realitat\" rel=\"nofollow noopener\" target=\"_blank\">yougov.com<\/a><\/p>\n","protected":false},"excerpt":{"rendered":"<p>Deutsche Urlauber gelten im Ausland oft als Sinnbild f\u00fcr bestimmte Touristenklischees. Doch das schlechte Image der Deutschen scheint mit der Realit\u00e4t wenig zu tun zu haben. Studien und Befragungen zeichnen ein deutlich positiveres Bild. Auch beim viel diskutierten Kampf um die Sonnenliege ist das Klischee offenbar gr\u00f6\u00dfer als die tats\u00e4chliche Verbreitung. Das Klischee des deutschen<\/p>\n","protected":false},"author":15,"featured_media":4772,"comment_status":"closed","ping_status":"closed","sticky":false,"template":"","format":"standard","meta":{"footnotes":""},"categories":[1052,29,44,52],"tags":[1386,1379,1382,1381,1384,1380],"class_list":["post-4769","post","type-post","status-publish","format-standard","has-post-thumbnail","category-rankings","category-flugreise","category-hotel","category-statistik","tag-deutsche-im-urlaub","tag-deutsche-touristen","tag-deutsche-urlauber-unbeliebt","tag-sonnenliegen-reservieren","tag-touristen-klischees","tag-urlaub-im-ausland"],"_links":{"self":[{"href":"https:\/\/www.sonnenklar.tv\/news\/wp-json\/wp\/v2\/posts\/4769","targetHints":{"allow":["GET"]}}],"collection":[{"href":"https:\/\/www.sonnenklar.tv\/news\/wp-json\/wp\/v2\/posts"}],"about":[{"href":"https:\/\/www.sonnenklar.tv\/news\/wp-json\/wp\/v2\/types\/post"}],"author":[{"embeddable":true,"href":"https:\/\/www.sonnenklar.tv\/news\/wp-json\/wp\/v2\/users\/15"}],"replies":[{"embeddable":true,"href":"https:\/\/www.sonnenklar.tv\/news\/wp-json\/wp\/v2\/comments?post=4769"}],"version-history":[{"count":2,"href":"https:\/\/www.sonnenklar.tv\/news\/wp-json\/wp\/v2\/posts\/4769\/revisions"}],"predecessor-version":[{"id":4771,"href":"https:\/\/www.sonnenklar.tv\/news\/wp-json\/wp\/v2\/posts\/4769\/revisions\/4771"}],"wp:featuredmedia":[{"embeddable":true,"href":"https:\/\/www.sonnenklar.tv\/news\/wp-json\/wp\/v2\/media\/4772"}],"wp:attachment":[{"href":"https:\/\/www.sonnenklar.tv\/news\/wp-json\/wp\/v2\/media?parent=4769"}],"wp:term":[{"taxonomy":"category","embeddable":true,"href":"https:\/\/www.sonnenklar.tv\/news\/wp-json\/wp\/v2\/categories?post=4769"},{"taxonomy":"post_tag","embeddable":true,"href":"https:\/\/www.sonnenklar.tv\/news\/wp-json\/wp\/v2\/tags?post=4769"}],"curies":[{"name":"wp","href":"https:\/\/api.w.org\/{rel}","templated":true}]}}