{"id":4730,"date":"2026-09-02T08:44:15","date_gmt":"2026-09-02T06:44:15","guid":{"rendered":"https:\/\/www.sonnenklar.tv\/news\/?p=4730"},"modified":"2026-09-02T08:44:18","modified_gmt":"2026-09-02T06:44:18","slug":"wie-und-wohin-reisen-wir-morgen-wie-hitze-unsere-urlaubswelt-veraendert","status":"publish","type":"post","link":"https:\/\/www.sonnenklar.tv\/news\/wie-und-wohin-reisen-wir-morgen-wie-hitze-unsere-urlaubswelt-veraendert\/","title":{"rendered":"Wie und wohin reisen wir morgen? &#8211; Wie Hitze unsere Urlaubswelt ver\u00e4ndert"},"content":{"rendered":"\n<p class=\"wp-block-paragraph\"><strong>Autorenbeitrag <\/strong>&#8211; <strong>Neue Reisezeiten, neue Ziele, neue Fragen: Thomas B\u00f6sl, Vorstand der rtk international, Europas gr\u00f6\u00dfte Reiseb\u00fcrokooperation, erkl\u00e4rt, warum zunehmende Hitzeperioden unseren Urlaub ver\u00e4ndern und weshalb gute Reiseberatung dabei noch wichtiger wird.<\/strong><\/p>\n\n\n\n<p class=\"wp-block-paragraph\">Die Sommer werden hei\u00dfer, Hitzeperioden h\u00e4ufiger und l\u00e4nger. Der Klimawandel ver\u00e4ndert damit auch die Bedingungen, unter denen wir Urlaub machen. Bedeutet das, dass wir k\u00fcnftig im Sommer nicht mehr ans Mittelmeer reisen sollten? Oder dass der klassische Badeurlaub im S\u00fcden zum Auslaufmodell wird? Ganz so einfach ist es nicht.<\/p>\n\n\n\n<p class=\"wp-block-paragraph\">Als Vorstand der rtk international und Sprecher der Quality Travel Alliance (QTA), einem Zusammenschluss gro\u00dfer Reiseb\u00fcro- und Vertriebsorganisationen, besch\u00e4ftige ich mich seit vielen Jahren mit der Frage, wie sich Reisebed\u00fcrfnisse ver\u00e4ndern. Wir werden auch zuk\u00fcnftig reisen \u2013 aber teilweise zu anderen Zeiten, verst\u00e4rkt zu anderen Orten und mit anderen Anspr\u00fcchen. Hitze ver\u00e4ndert nicht nur unsere Reiseziele. Sie entzerrt auch die Reisekarte und den Reisekalender.<\/p>\n\n\n\n<h2 class=\"wp-block-heading\">35 Grad f\u00fchlen sich nicht immer wie 35 Grad an<\/h2>\n\n\n\n<p class=\"wp-block-paragraph\">Ein hei\u00dfer Urlaubstag am Mittelmeer kann sich anders anf\u00fchlen als ein hei\u00dfer Sommertag zu Hause oder in der Innenstadt. Das ist keine Einbildung. Der Deutsche Wetterdienst<sup>1<\/sup> weist darauf hin, dass unser Temperaturempfinden nicht allein von der gemessenen Lufttemperatur abh\u00e4ngt. Luftfeuchtigkeit, Wind, Sonneneinstrahlung und auch unsere k\u00f6rperliche Aktivit\u00e4t spielen eine wesentliche Rolle.<\/p>\n\n\n\n<p class=\"wp-block-paragraph\">Hinzu kommt ein ganz praktischer Unterschied: Viele klassische Urlaubsregionen sind seit Jahrzehnten auf hohe Sommertemperaturen eingestellt. Klimatisierte Hotelzimmer und Restaurants, Sonnenschutz und Verschattung geh\u00f6ren vielerorts ebenso selbstverst\u00e4ndlich dazu wie Pool und Meer. Und nat\u00fcrlich verhalten wir uns im Urlaub anders als im Alltag: Statt in der Mittagshitze durch eine aufgeheizte Innenstadt zu laufen, k\u00f6nnen wir uns im Schatten aufhalten, ins Wasser springen oder Aktivit\u00e4ten auf den Morgen und Abend verlegen.<\/p>\n\n\n\n<p class=\"wp-block-paragraph\">Das hei\u00dft nicht, dass Hitze harmlos ist. Zur Ehrlichkeit geh\u00f6rt auch: Extreme Temperaturen k\u00f6nnen belastend sein. L\u00e4ngere Hitzeperioden, Wasserknappheit oder ein erh\u00f6htes Waldbrandrisiko stellen auch Urlaubsregionen vor Herausforderungen<\/p>\n\n\n\n<h2 class=\"wp-block-heading\">Der Sommerurlaub bekommt einen gr\u00f6\u00dferen Kalender<\/h2>\n\n\n\n<p class=\"wp-block-paragraph\">Vor diesem Hintergrund wir k\u00fcnftig weniger ausschlaggebend sein, wo wir Urlaub machen, sondern st\u00e4rker auch wann.<\/p>\n\n\n\n<p class=\"wp-block-paragraph\">Wer das Mittelmeer liebt, aber gro\u00dfe Hitze vermeiden m\u00f6chte, kann beispielsweise in der Vor- oder Nachsaison reisen. Das kann f\u00fcr viele G\u00e4ste sogar neue M\u00f6glichkeiten er\u00f6ffnen: Baden, Kultur, Ausfl\u00fcge oder Sport lassen sich au\u00dferhalb der hei\u00dfesten Wochen h\u00e4ufig besser miteinander verbinden.<\/p>\n\n\n\n<p class=\"wp-block-paragraph\">Dahinter steckt eine Entwicklung, die auch wissenschaftliche Untersuchungen der Europ\u00e4ischen Kommission beschreiben. Das Joint Research Centre<sup>2<\/sup> erwartet bei fortschreitender Erw\u00e4rmung Verschiebungen der europ\u00e4ischen Tourismusnachfrage: In s\u00fcdlichen K\u00fcstenregionen k\u00f6nnte die Nachfrage im Hochsommer zur\u00fcckgehen und sich teilweise auf Fr\u00fchjahr, Herbst und Winter verlagern.<\/p>\n\n\n\n<p class=\"wp-block-paragraph\">Damit k\u00f6nnte sich unser gewohnter Reisekalender langfristig ver\u00e4ndern. Die klassische Trennung in Sommer- und Winterurlaub verliert m\u00f6glicherweise an Bedeutung. Je nach Ziel entstehen unterschiedliche attraktive Reisezeiten, und f\u00fcr manche Destinationen kann sich die touristisch interessante Saison \u00fcber einen l\u00e4ngeren Zeitraum des Jahres erstrecken.<\/p>\n\n\n\n<h2 class=\"wp-block-heading\">Die Reisekarte wird ebenfalls gr\u00f6\u00dfer<\/h2>\n\n\n\n<p class=\"wp-block-paragraph\">Gleichzeitig r\u00fccken Regionen st\u00e4rker ins Blickfeld, die bislang nicht automatisch mit dem klassischen Sommerurlaub verbunden wurden. N\u00f6rdlichere K\u00fcstenregionen oder h\u00f6her gelegene Regionen k\u00f6nnen Alternativen f\u00fcr Reisende sein, die gem\u00e4\u00dfigtere Temperaturen bevorzugen. Dabei geht es ausdr\u00fccklich nicht um ein \u201eNord statt S\u00fcd\u201c. Es geht um zus\u00e4tzliche M\u00f6glichkeiten.<\/p>\n\n\n\n<p class=\"wp-block-paragraph\">Ein Begriff daf\u00fcr ist Coolcation: Gemeint ist Urlaub, bei dem bewusst Reiseziele mit gem\u00e4\u00dfigteren Temperaturen gew\u00e4hlt werden. Eigentlich ist das gar nicht so neu. Man k\u00f6nnte auch von einer modernen Variante der guten alten Sommerfrische sprechen.<\/p>\n\n\n\n<p class=\"wp-block-paragraph\">Auch in Deutschland ver\u00e4ndern sich die Bedingungen. Das Umweltbundesamt<sup>3<\/sup> stellt beispielsweise fest, dass die potenzielle Badeperiode an Nord- und Ostsee seit Ende der 1980er-Jahre (Ostsee) bzw. Ende der 1990erJahre (Nordsee) l\u00e4nger geworden ist: W\u00e4rmere Wassertemperaturen treten tendenziell fr\u00fcher auf und reichen l\u00e4nger in den Herbst hinein.<\/p>\n\n\n\n<h2 class=\"wp-block-heading\">Hotels und Urlaubsorte m\u00fcssen sich anpassen<\/h2>\n\n\n\n<p class=\"wp-block-paragraph\">Die Verantwortung f\u00fcr Anpassung liegt aber nicht allein beim Reisenden. Auch Hotels und Destinationen werden st\u00e4rker darauf achten m\u00fcssen, wie sie mit hohen Temperaturen umgehen.<\/p>\n\n\n\n<p class=\"wp-block-paragraph\">Verschattung und Begr\u00fcnung, klimatisierte Aufenthaltsbereiche, eine hitzegerechte Gestaltung von Au\u00dfenfl\u00e4chen und ausreichend verf\u00fcgbare Trinkwasserangebote gewinnen an Bedeutung. Auch touristische Programme lassen sich anpassen: Ausfl\u00fcge, Besichtigungen oder sportliche Aktivit\u00e4ten k\u00f6nnen st\u00e4rker in die Morgen- und Abendstunden verlegt werden.<\/p>\n\n\n\n<p class=\"wp-block-paragraph\">Der professionelle Umgang mit hohen Temperaturen wird damit zunehmend zu einem Qualit\u00e4tsmerkmal. Neben Zimmer, Verpflegung, Strandlage oder Pool kann k\u00fcnftig auch die Frage wichtiger werden: Wie gut ist mein Hotel und mein Urlaubsort eigentlich auf Hitze vorbereitet?<\/p>\n\n\n\n<h2 class=\"wp-block-heading\">Anders reisen statt verzichten<\/h2>\n\n\n\n<p class=\"wp-block-paragraph\">Dabei m\u00fcssen wir nicht immer gleich Reiseziel oder Reisezeit ver\u00e4ndern. Manchmal gen\u00fcgt es, den Urlaubstag anders zu organisieren.<\/p>\n\n\n\n<p class=\"wp-block-paragraph\">In vielen s\u00fcdlichen L\u00e4ndern ist das l\u00e4ngst selbstverst\u00e4ndlich: Aktivit\u00e4ten finden am Morgen statt, w\u00e4hrend der hei\u00dfesten Stunden wird eine Pause eingelegt und das Leben verlagert sich am sp\u00e4ten Nachmittag und Abend wieder nach drau\u00dfen. Auch Urlauber k\u00f6nnen ihren Rhythmus entsprechend anpassen.<\/p>\n\n\n\n<p class=\"wp-block-paragraph\">Entscheidend ist zudem das pers\u00f6nliche Empfinden. Der eine freut sich auf 32 Grad und Sonne, dem anderen sind bereits 27 Grad zu warm. Ein Aktivurlaub stellt andere Anforderungen an das Klima als zwei Wochen Erholung am Pool. Die Frage nach der \u201erichtigen\u201c Urlaubstemperatur l\u00e4sst sich deshalb nicht pauschal beantworten.<\/p>\n\n\n\n<h2 class=\"wp-block-heading\">Warum gute Reiseberatung noch wichtiger wird<\/h2>\n\n\n\n<p class=\"wp-block-paragraph\">Genau hier ver\u00e4ndert sich auch die Aufgabe der Reiseb\u00fcros. Professionelle Beratung ist schon heute weit mehr als die Empfehlung eines Hotels oder der Vergleich von Preisen. Reiseart, pers\u00f6nliche Vorlieben, Lage, Ausstattung, Mobilit\u00e4t und individuelle Bed\u00fcrfnisse m\u00fcssen zusammenpassen.<\/p>\n\n\n\n<p class=\"wp-block-paragraph\">K\u00fcnftig kommt ein weiterer Faktor st\u00e4rker hinzu: Welche klimatischen Bedingungen passen zu welchem Reisenden und zu welcher Reisezeit?<\/p>\n\n\n\n<p class=\"wp-block-paragraph\">Aus dem Satz \u201eIm Juli ist mir das Mittelmeer zu hei\u00df\u201c sollte deshalb nicht die Schlussfolgerung \u201eDann mache ich keinen Sommerurlaub\u201c entstehen. Die bessere Frage lautet: \u201eWelcher Urlaub passt im Juli zu mir?\u201c<\/p>\n\n\n\n<p class=\"wp-block-paragraph\">Ein gutes Reiseb\u00fcro kann darauf Antworten geben: vielleicht ein anderes Ziel, vielleicht eine andere Region, vielleicht eine andere Reisezeit. Oder ein Hotel, dessen Lage und Ausstattung besonders gut zu den pers\u00f6nlichen Bed\u00fcrfnissen passen. Je vielf\u00e4ltiger die M\u00f6glichkeiten werden, desto wichtiger wird die F\u00e4higkeit, sie richtig einzuordnen.<\/p>\n\n\n\n<h2 class=\"wp-block-heading\">Reisen morgen: vielf\u00e4ltiger statt weniger<\/h2>\n\n\n\n<p class=\"wp-block-paragraph\">Der Urlaub der Zukunft wird anders aussehen als heute. Wahrscheinlich wird er zeitlich flexibler, geografisch vielf\u00e4ltiger und individueller. Mittelmeer im Fr\u00fchjahr oder Herbst, Skandinavien im Juli, Nordsee oder Berge im Sommer \u2013 und selbstverst\u00e4ndlich weiterhin der klassische Badeurlaub im S\u00fcden f\u00fcr alle, die W\u00e4rme lieben.<\/p>\n\n\n\n<p class=\"wp-block-paragraph\">Zunehmende Hitzeperioden sind eine Herausforderung, die wir nicht kleinreden sollten. Sie bedeuten aber nicht, dass wir auf das Reisen verzichten m\u00fcssen. Wir werden vielmehr bewusster entscheiden m\u00fcssen, wann, wohin und wie wir reisen.<\/p>\n\n\n\n<p class=\"wp-block-paragraph\">Und vielleicht ist genau das die wichtigste Ver\u00e4nderung: Nicht weniger Urlaub, sondern ein Urlaub, der besser zu uns, zur Jahreszeit und zum jeweiligen Reiseziel passt.<\/p>\n\n\n\n<p class=\"wp-block-paragraph\"><strong>Quellen:<\/strong><\/p>\n\n\n\n<ol class=\"wp-block-list\">\n<li><a href=\"https:\/\/www.dwd.de\/DE\/leistungen\/gefahrenindizesthermisch\/gefuehltetemp.html\" rel=\"nofollow noopener\" target=\"_blank\">dwd.de<\/a><\/li>\n\n\n\n<li><a href=\"https:\/\/joint-research-centre.ec.europa.eu\/jrc-news-and-updates\/global-warming-reshuffle-europes-tourism-demand-particularly-coastal-areas-2023-07-28_en\" rel=\"nofollow noopener\" target=\"_blank\">joint-research-centre.ec.europa.eu<\/a><\/li>\n\n\n\n<li><a href=\"https:\/\/www.umweltbundesamt.de\/monitoring-zur-das\/handlungsfelder\/tourismuswirtschaft\/tou-i-1\/indikator\" rel=\"nofollow noopener\" target=\"_blank\">umweltbundesamt.de<\/a><\/li>\n<\/ol>\n\n\n\n<p class=\"wp-block-paragraph\"><strong>\u00dcber den Autor<\/strong><\/p>\n\n\n\n<p class=\"wp-block-paragraph\">Der Autor <strong>Thomas B\u00f6sl<\/strong> ist seit mehr als zwei Jahrzehnten in leitenden Funktionen der Tourismusbranche t\u00e4tig und gilt als ausgewiesener Experte insbesondere f\u00fcr den Reisevertrieb. Er ist Gesch\u00e4ftsf\u00fchrer von RT-Reisen mit der Reiseb\u00fcrokooperation rtk, Vorstandsvorsitzender der rtk international und Gesch\u00e4ftsf\u00fchrer von Reiseland.&nbsp; Au\u00dferdem ist er Sprecher der Quality Travel Alliance (QTA), der gr\u00f6\u00dften europ\u00e4ischen Reiseb\u00fcroallianz, sowie Mitglied der Gesch\u00e4ftsleitung der RT\/Raiffeisen Touristik Group (RTG). Die RTG z\u00e4hlt zu Europas f\u00fchrenden touristischen Vertriebsorganisationen und vereint unter ihrem Dach renommierte Marken und Reiseunternehmen, darunter auch sonnenklar.TV. Zudem engagiert sich Thomas B\u00f6sl im Pr\u00e4sidium des Bundesverbands der Deutschen Tourismuswirtschaft.<\/p>\n","protected":false},"excerpt":{"rendered":"<p>Autorenbeitrag &#8211; Neue Reisezeiten, neue Ziele, neue Fragen: Thomas B\u00f6sl, Vorstand der rtk international, Europas gr\u00f6\u00dfte Reiseb\u00fcrokooperation, erkl\u00e4rt, warum zunehmende Hitzeperioden unseren Urlaub ver\u00e4ndern und weshalb gute Reiseberatung dabei noch wichtiger wird. Die Sommer werden hei\u00dfer, Hitzeperioden h\u00e4ufiger und l\u00e4nger. Der Klimawandel ver\u00e4ndert damit auch die Bedingungen, unter denen wir Urlaub machen. Bedeutet das, dass<\/p>\n","protected":false},"author":20,"featured_media":4773,"comment_status":"closed","ping_status":"closed","sticky":false,"template":"","format":"standard","meta":{"footnotes":""},"categories":[1373,1093,1320],"tags":[227,117],"class_list":["post-4730","post","type-post","status-publish","format-standard","has-post-thumbnail","category-autorenbeitrag","category-ratgeber","category-umwelt","tag-reisetrends","tag-tourismus"],"_links":{"self":[{"href":"https:\/\/www.sonnenklar.tv\/news\/wp-json\/wp\/v2\/posts\/4730","targetHints":{"allow":["GET"]}}],"collection":[{"href":"https:\/\/www.sonnenklar.tv\/news\/wp-json\/wp\/v2\/posts"}],"about":[{"href":"https:\/\/www.sonnenklar.tv\/news\/wp-json\/wp\/v2\/types\/post"}],"author":[{"embeddable":true,"href":"https:\/\/www.sonnenklar.tv\/news\/wp-json\/wp\/v2\/users\/20"}],"replies":[{"embeddable":true,"href":"https:\/\/www.sonnenklar.tv\/news\/wp-json\/wp\/v2\/comments?post=4730"}],"version-history":[{"count":5,"href":"https:\/\/www.sonnenklar.tv\/news\/wp-json\/wp\/v2\/posts\/4730\/revisions"}],"predecessor-version":[{"id":4776,"href":"https:\/\/www.sonnenklar.tv\/news\/wp-json\/wp\/v2\/posts\/4730\/revisions\/4776"}],"wp:featuredmedia":[{"embeddable":true,"href":"https:\/\/www.sonnenklar.tv\/news\/wp-json\/wp\/v2\/media\/4773"}],"wp:attachment":[{"href":"https:\/\/www.sonnenklar.tv\/news\/wp-json\/wp\/v2\/media?parent=4730"}],"wp:term":[{"taxonomy":"category","embeddable":true,"href":"https:\/\/www.sonnenklar.tv\/news\/wp-json\/wp\/v2\/categories?post=4730"},{"taxonomy":"post_tag","embeddable":true,"href":"https:\/\/www.sonnenklar.tv\/news\/wp-json\/wp\/v2\/tags?post=4730"}],"curies":[{"name":"wp","href":"https:\/\/api.w.org\/{rel}","templated":true}]}}