{"id":4700,"date":"2026-08-28T13:26:00","date_gmt":"2026-08-28T11:26:00","guid":{"rendered":"https:\/\/www.sonnenklar.tv\/news\/?p=4700"},"modified":"2026-08-28T11:26:33","modified_gmt":"2026-08-28T09:26:33","slug":"niederlande-streik-bahn-nahverkehr","status":"publish","type":"post","link":"https:\/\/www.sonnenklar.tv\/news\/niederlande-streik-bahn-nahverkehr\/","title":{"rendered":"Niederlande vor 24-Stunden-Streik: Was am 9. September auf Reisende zukommt"},"content":{"rendered":"\n<p class=\"wp-block-paragraph\">Reisende in den Niederlanden m\u00fcssen sich im September auf erhebliche Einschr\u00e4nkungen bei Bus und Bahn einstellen. F\u00fcr Mittwoch, den 9. September 2026, hat die Gewerkschaft FNV einen 24-st\u00fcndigen Streik im \u00f6ffentlichen Nahverkehr und im Bahnsektor angek\u00fcndigt. Auch grenz\u00fcberschreitende Verbindungen zwischen Deutschland und den Niederlanden k\u00f6nnten dadurch beeintr\u00e4chtigt werden.<\/p>\n\n\n\n<h2 class=\"wp-block-heading\">Nahverkehr und Bahn betroffen<\/h2>\n\n\n\n<p class=\"wp-block-paragraph\">Zum Arbeitskampf haben die Gewerkschaften FNV Spoor, FNV Streekvervoer und FNV Stadsvervoer aufgerufen. Damit erstreckt sich der Streik auf den \u00f6ffentlichen Verkehr und den Bahnsektor. Nach Angaben der FNV beteiligen sich auch Besch\u00e4ftigte des Schienenbetreibers ProRail und von DB Cargo.<\/p>\n\n\n\n<h2 class=\"wp-block-heading\">Auswirkungen auf den grenz\u00fcberschreitenden Verkehr m\u00f6glich<\/h2>\n\n\n\n<p class=\"wp-block-paragraph\">Auch f\u00fcr Reisende aus der deutschen Grenzregion in Richtung Niederlande oder zur\u00fcck k\u00f6nnte der Streik relevant werden. Welche konkreten Verbindungen ausfallen oder eingeschr\u00e4nkt verkehren, ist derzeit allerdings noch nicht bekannt.<\/p>\n\n\n\n<p class=\"wp-block-paragraph\">Reisende, die am 9. September mit \u00f6ffentlichen Verkehrsmitteln in die Niederlande oder zur\u00fcck nach Deutschland unterwegs sind, sollten den Streik daher bei ihrer Planung ber\u00fccksichtigen.<\/p>\n\n\n\n<h2 class=\"wp-block-heading\">Genaue Streikzeiten werden noch bekannt gegeben<\/h2>\n\n\n\n<p class=\"wp-block-paragraph\">F\u00fcr Reisende bleiben zun\u00e4chst vor allem die konkreten Auswirkungen auf einzelne Verbindungen offen. F\u00fcr den Regionalverkehr soll die Arbeitsniederlegung am 9. September mit Betriebsbeginn einsetzen. F\u00fcr den st\u00e4dtischen Nahverkehr und den Bahnsektor stehen die genauen Anfangs- und Endzeiten dagegen noch nicht fest. Die Gewerkschaft will diese Angaben erst im September ver\u00f6ffentlichen. <\/p>\n\n\n\n<h2 class=\"wp-block-heading\">Gewerkschaft kritisiert geplante Einschnitte<\/h2>\n\n\n\n<p class=\"wp-block-paragraph\">Hinter dem Arbeitskampf stehen politische Forderungen der Gewerkschaft. Die FNV wendet sich gegen Pl\u00e4ne der niederl\u00e4ndischen Regierung, Leistungen der sozialen Sicherung zu k\u00fcrzen. Die Gewerkschaft kritisiert insbesondere Vorhaben in Bezug auf die Arbeitslosenversicherung sowie die Absicherung bei Erwerbsunf\u00e4higkeit.<\/p>\n\n\n\n<p class=\"wp-block-paragraph\">Aus Sicht der FNV geht es dabei um die finanzielle Absicherung von Menschen, die krankheitsbedingt nicht arbeiten k\u00f6nnen, erwerbsunf\u00e4hig werden oder ihren Arbeitsplatz unfreiwillig verlieren. Die Gewerkschaft fordert ein verl\u00e4ssliches soziales Sicherungssystem f\u00fcr Besch\u00e4ftigte und ihre Familien.<\/p>\n\n\n\n<h2 class=\"wp-block-heading\">Weitere Streiks im September<\/h2>\n\n\n\n<p class=\"wp-block-paragraph\">Der angek\u00fcndigte Streik im \u00f6ffentlichen Verkehr ist Teil einer gr\u00f6\u00dferen Protestaktion. Auch Besch\u00e4ftigte aus Branchen wie der Abfallverarbeitung, der Reinigungsbranche und der Metallindustrie wollen gegen die geplanten \u00c4nderungen bei der sozialen Absicherung protestieren.<\/p>\n\n\n\n<p class=\"wp-block-paragraph\">Bereits f\u00fcr den 4. September ist ein Streik in den niederl\u00e4ndischen H\u00e4fen vorgesehen. Am 8. September sollen Arbeitsniederlegungen im \u00f6ffentlichen Dienst folgen. Nach Angaben der Gewerkschaft k\u00f6nnten sich in den kommenden Wochen noch weitere Berufsgruppen den Protesten anschlie\u00dfen.<\/p>\n\n\n\n<p class=\"wp-block-paragraph\">Quellen: <a href=\"https:\/\/www.fnv.nl\/nieuwsbericht\/sectornieuws\/vervoer\/2026\/07\/24-uursstaking-ov-railsector-9-september?lang=de\" target=\"_blank\" rel=\"noreferrer noopener nofollow\">fnv.nl<\/a>, <a href=\"https:\/\/aachen.t-online.de\/region\/aachen\/id_101398180\/grenzverkehr-bei-aachen-bahnstreik-in-den-niederlanden-angekuendigt.html\" target=\"_blank\" rel=\"noreferrer noopener nofollow\">aachen.t-online.de<\/a><\/p>\n","protected":false},"excerpt":{"rendered":"<p>Reisende in den Niederlanden m\u00fcssen sich im September auf erhebliche Einschr\u00e4nkungen bei Bus und Bahn einstellen. F\u00fcr Mittwoch, den 9. September 2026, hat die Gewerkschaft FNV einen 24-st\u00fcndigen Streik im \u00f6ffentlichen Nahverkehr und im Bahnsektor angek\u00fcndigt. Auch grenz\u00fcberschreitende Verbindungen zwischen Deutschland und den Niederlanden k\u00f6nnten dadurch beeintr\u00e4chtigt werden. Nahverkehr und Bahn betroffen Zum Arbeitskampf haben<\/p>\n","protected":false},"author":16,"featured_media":4718,"comment_status":"closed","ping_status":"closed","sticky":false,"template":"","format":"standard","meta":{"footnotes":""},"categories":[83,28,337],"tags":[1372,1211,1368,1371,1367,713],"class_list":["post-4700","post","type-post","status-publish","format-standard","has-post-thumbnail","category-niederlande","category-bahnreise","category-infrastruktur","tag-arbeitsniederlegung","tag-bahn","tag-bahnstreik","tag-nahverkehr","tag-niederlande","tag-streik"],"_links":{"self":[{"href":"https:\/\/www.sonnenklar.tv\/news\/wp-json\/wp\/v2\/posts\/4700","targetHints":{"allow":["GET"]}}],"collection":[{"href":"https:\/\/www.sonnenklar.tv\/news\/wp-json\/wp\/v2\/posts"}],"about":[{"href":"https:\/\/www.sonnenklar.tv\/news\/wp-json\/wp\/v2\/types\/post"}],"author":[{"embeddable":true,"href":"https:\/\/www.sonnenklar.tv\/news\/wp-json\/wp\/v2\/users\/16"}],"replies":[{"embeddable":true,"href":"https:\/\/www.sonnenklar.tv\/news\/wp-json\/wp\/v2\/comments?post=4700"}],"version-history":[{"count":14,"href":"https:\/\/www.sonnenklar.tv\/news\/wp-json\/wp\/v2\/posts\/4700\/revisions"}],"predecessor-version":[{"id":4728,"href":"https:\/\/www.sonnenklar.tv\/news\/wp-json\/wp\/v2\/posts\/4700\/revisions\/4728"}],"wp:featuredmedia":[{"embeddable":true,"href":"https:\/\/www.sonnenklar.tv\/news\/wp-json\/wp\/v2\/media\/4718"}],"wp:attachment":[{"href":"https:\/\/www.sonnenklar.tv\/news\/wp-json\/wp\/v2\/media?parent=4700"}],"wp:term":[{"taxonomy":"category","embeddable":true,"href":"https:\/\/www.sonnenklar.tv\/news\/wp-json\/wp\/v2\/categories?post=4700"},{"taxonomy":"post_tag","embeddable":true,"href":"https:\/\/www.sonnenklar.tv\/news\/wp-json\/wp\/v2\/tags?post=4700"}],"curies":[{"name":"wp","href":"https:\/\/api.w.org\/{rel}","templated":true}]}}