{"id":2906,"date":"2026-04-30T15:00:56","date_gmt":"2026-04-30T13:00:56","guid":{"rendered":"https:\/\/www.sonnenklar.tv\/news\/?p=2906"},"modified":"2026-04-30T15:00:57","modified_gmt":"2026-04-30T13:00:57","slug":"totalsperre-brennerautobahn-belastung-fuer-italien-urlaub","status":"publish","type":"post","link":"https:\/\/www.sonnenklar.tv\/news\/totalsperre-brennerautobahn-belastung-fuer-italien-urlaub\/","title":{"rendered":"Totalsperre Brennerautobahn: Belastung f\u00fcr Italien-Urlaub nach Pfingsten"},"content":{"rendered":"\n<p>Mitten in den Pfingstferien droht Reisenden Richtung Italien ein au\u00dfergew\u00f6hnliches Verkehrsproblem: Am Samstag, den 30. Mai 2026, wird die Brennerautobahn f\u00fcr mehrere Stunden vollst\u00e4ndig gesperrt. Grund ist eine genehmigte Demonstration von Anwohnern im Tiroler Wipptal, die gegen die starke Verkehrsbelastung auf einer der wichtigsten Nord-S\u00fcd-Verbindungen Europas protestieren wollen. \u00dcber 14 Millionen Autos \u00fcberqueren j\u00e4hrlich die Autobahn \u00fcber die Alpen.<\/p>\n\n\n\n<p>Besonders brisant: Der Termin f\u00e4llt genau auf das zweite Ferienwochenende in Bayern und Baden-W\u00fcrttemberg \u2013 traditionell einer der st\u00e4rksten Reisetage f\u00fcr Urlauber auf dem Weg nach Italien oder zur\u00fcck Richtung Deutschland.<\/p>\n\n\n\n<h2 class=\"wp-block-heading\">Vollsperrung auf wichtiger Reiseroute nach S\u00fcden<\/h2>\n\n\n\n<p>Die Totalsperre betrifft die gesamte Brennerautobahn in beide Fahrtrichtungen. Zwischen der Mautstelle Sch\u00f6nberg und dem Grenz\u00fcbergang am Brenner d\u00fcrfen zwischen 11 und 19 Uhr keine Fahrzeuge mehr passieren. Betroffen sind neben der Brennerautobahn A13 auch die Brennerstra\u00dfe B182 sowie die Ellb\u00f6gener Stra\u00dfe L38 f\u00fcr den Durchgangsverkehr. <br>Zus\u00e4tzlich gilt f\u00fcr Lastwagen bereits ab 9 Uhr ein Fahrverbot in ganz Tirol. Die \u00f6sterreichischen Beh\u00f6rden rechnen deshalb mit erheblichen Auswirkungen auf den gesamten Reiseverkehr.<\/p>\n\n\n\n<p>Die Tiroler Landesregierung empfiehlt Urlaubern ausdr\u00fccklich, die Brennerroute an diesem Tag komplett zu meiden. Auch au\u00dferhalb der eigentlichen Sperrzeiten sei mit langen Staus, Verz\u00f6gerungen und m\u00f6glichen Zur\u00fcckweisungen bereits an den Grenz\u00fcberg\u00e4ngen zwischen Deutschland und \u00d6sterreich zu rechnen.<\/p>\n\n\n\n<h2 class=\"wp-block-heading\">Umleitungen nur gro\u00dfr\u00e4umig m\u00f6glich<\/h2>\n\n\n\n<p>Die Totalsperre der Brennerautobahn bietet wenig Alternativen: Eine direkte lokale Ausweichroute gibt es nicht. Wer am 30. Mai Richtung Italien reisen m\u00f6chte, muss Tirol m\u00f6glichst gro\u00dfr\u00e4umig umfahren. Als M\u00f6glichkeiten werden vor allem die Schweiz \u00fcber den Gotthard oder den San-Bernardino-Pass empfohlen \u2013 insbesondere f\u00fcr Reisende zu den oberitalienischen Seen.<\/p>\n\n\n\n<p>F\u00fcr Fahrten nach S\u00fcdtirol kommt auch der Reschenpass infrage, allerdings ist dort die Verkehrslage ebenfalls angespannt. Zwischen Pfunds und Nauders sorgt eine Baustelle derzeit f\u00fcr eine einspurige Verkehrsf\u00fchrung mit Ampelregelung.<br>Wer in Richtung Adria unterwegs ist, kann zudem auf die Tauern- oder Pyhrn-Autobahn ausweichen. Allerdings d\u00fcrfte auch dort das erh\u00f6hte Verkehrsaufkommen deutlich sp\u00fcrbar sein.<\/p>\n\n\n\n<h2 class=\"wp-block-heading\">Warum die Demonstration stattfindet<\/h2>\n\n\n\n<p>Hintergrund der Totalsperre der Brennerautobahn ist eine Protestaktion von Anwohnern mehrerer Gemeinden im Wipptal. Sie wollen auf die hohe Belastung durch den Transitverkehr aufmerksam machen. Besonders der Lkw-Verkehr sorgt seit Jahren f\u00fcr L\u00e4rm, Staus und eine hohe Feinstaubbelastung.<\/p>\n\n\n\n<p>Angemeldet wurde die Demonstration vom B\u00fcrgermeister der Gemeinde Gries am Brenner, Karl M\u00fchlsteiger, allerdings als Privatperson. Gefordert werden unter anderem der Erhalt bestehender Nacht- und Feiertagsfahrverbote f\u00fcr Lastwagen sowie bessere L\u00e4rmschutzma\u00dfnahmen entlang der Strecke.<\/p>\n\n\n\n<p>Nach Angaben der \u00f6sterreichischen Autobahngesellschaft Asfinag nutzen rund um den Zeitpunkt der geplanten Sperrung normalerweise etwa 32.000 Fahrzeuge die Strecke. Entsprechend gro\u00df d\u00fcrften die Auswirkungen auf Urlauber und Transitverkehr ausfallen.<\/p>\n\n\n\n<h2 class=\"wp-block-heading\">Gericht best\u00e4tigte Versammlungsfreiheit<\/h2>\n\n\n\n<p>Zuvor war eine \u00e4hnliche Demonstration bereits zweimal untersagt worden. Die Beh\u00f6rden hatten argumentiert, dass eine Totalsperre der Brennerautobahn zu massiven Sicherheitsproblemen auf dieser wichtigen Verkehrsachse f\u00fchren w\u00fcrde.<\/p>\n\n\n\n<p>Im vergangenen Jahr entschied jedoch das Tiroler Landesverwaltungsgericht zugunsten der Demonstranten. Das Gericht stellte klar, dass ein Demonstrationsverbot gegen Verkehrsbelastung aus einer absurden Begr\u00fcndung heraus die Versammlungsfreiheit unverh\u00e4ltnism\u00e4\u00dfig einschr\u00e4nken w\u00fcrde. Damit ist die Entscheidung der Sperrung am 30. Mai als rechtskr\u00e4ftig.<\/p>\n\n\n\n<p>F\u00fcr Urlauber bedeutet das vor allem eines: Wer seine Pfingstreise plant, sollte den Brenner an diesem Wochenende m\u00f6glichst meiden und alternative Routen fr\u00fchzeitig einplanen.<\/p>\n\n\n\n<p><em>Quelle: dpa \/ <\/em><a href=\"https:\/\/www.sueddeutsche.de\/reise\/brennerautobahn-sperrung-mai-verkehr-tirol-li.3475589\" rel=\"nofollow noopener\" target=\"_blank\"><em>sueddeutsche.de<\/em><\/a><\/p>\n\n\n\n<p><em>Weiterf\u00fchrende aktualisierte Informationen: <\/em><a href=\"https:\/\/www.adac.de\/news\/verkehr-brenner-verkehrschaos-im-mai\/\" rel=\"nofollow noopener\" target=\"_blank\"><em>adac.de<\/em><\/a><\/p>\n","protected":false},"excerpt":{"rendered":"<p>Mitten in den Pfingstferien droht Reisenden Richtung Italien ein au\u00dfergew\u00f6hnliches Verkehrsproblem: Am Samstag, den 30. Mai 2026, wird die Brennerautobahn f\u00fcr mehrere Stunden vollst\u00e4ndig gesperrt. Grund ist eine genehmigte Demonstration von Anwohnern im Tiroler Wipptal, die gegen die starke Verkehrsbelastung auf einer der wichtigsten Nord-S\u00fcd-Verbindungen Europas protestieren wollen. \u00dcber 14 Millionen Autos \u00fcberqueren j\u00e4hrlich die<\/p>\n","protected":false},"author":7,"featured_media":2915,"comment_status":"closed","ping_status":"closed","sticky":false,"template":"","format":"standard","meta":{"footnotes":""},"categories":[1],"tags":[923,925,922,926,924,458],"class_list":{"0":"post-2906","1":"post","2":"type-post","3":"status-publish","4":"format-standard","5":"has-post-thumbnail","7":"category-allgemein","8":"tag-autoreisen","9":"tag-brenner","10":"tag-italien-urlaub","11":"tag-pfingstferien","12":"tag-reisehinweis","13":"tag-sperrung"},"_links":{"self":[{"href":"https:\/\/www.sonnenklar.tv\/news\/wp-json\/wp\/v2\/posts\/2906","targetHints":{"allow":["GET"]}}],"collection":[{"href":"https:\/\/www.sonnenklar.tv\/news\/wp-json\/wp\/v2\/posts"}],"about":[{"href":"https:\/\/www.sonnenklar.tv\/news\/wp-json\/wp\/v2\/types\/post"}],"author":[{"embeddable":true,"href":"https:\/\/www.sonnenklar.tv\/news\/wp-json\/wp\/v2\/users\/7"}],"replies":[{"embeddable":true,"href":"https:\/\/www.sonnenklar.tv\/news\/wp-json\/wp\/v2\/comments?post=2906"}],"version-history":[{"count":4,"href":"https:\/\/www.sonnenklar.tv\/news\/wp-json\/wp\/v2\/posts\/2906\/revisions"}],"predecessor-version":[{"id":2912,"href":"https:\/\/www.sonnenklar.tv\/news\/wp-json\/wp\/v2\/posts\/2906\/revisions\/2912"}],"wp:featuredmedia":[{"embeddable":true,"href":"https:\/\/www.sonnenklar.tv\/news\/wp-json\/wp\/v2\/media\/2915"}],"wp:attachment":[{"href":"https:\/\/www.sonnenklar.tv\/news\/wp-json\/wp\/v2\/media?parent=2906"}],"wp:term":[{"taxonomy":"category","embeddable":true,"href":"https:\/\/www.sonnenklar.tv\/news\/wp-json\/wp\/v2\/categories?post=2906"},{"taxonomy":"post_tag","embeddable":true,"href":"https:\/\/www.sonnenklar.tv\/news\/wp-json\/wp\/v2\/tags?post=2906"}],"curies":[{"name":"wp","href":"https:\/\/api.w.org\/{rel}","templated":true}]}}