{"id":2877,"date":"2026-04-28T13:51:45","date_gmt":"2026-04-28T11:51:45","guid":{"rendered":"https:\/\/www.sonnenklar.tv\/news\/?p=2877"},"modified":"2026-04-28T13:51:46","modified_gmt":"2026-04-28T11:51:46","slug":"neckarline-baden-wuerttembergs-eroeffnet","status":"publish","type":"post","link":"https:\/\/www.sonnenklar.tv\/news\/neckarline-baden-wuerttembergs-eroeffnet\/","title":{"rendered":"Gigantische Neckarline: Baden-W\u00fcrttembergs gr\u00f6\u00dfte H\u00e4ngebr\u00fccke er\u00f6ffnet"},"content":{"rendered":"\n<p>Eine spektakul\u00e4re, neue Attraktion ist am vergangenen Freitag in Baden-W\u00fcrttemberg er\u00f6ffnet worden: die 606 Meter lange H\u00e4ngebr\u00fccke \u201eNeckarline\u201c der Stadt Rottweil. Die Fu\u00dfg\u00e4ngerbr\u00fccke \u00fcberquert das Neckartal inmitten des Schwarzwaldes und ist an ihrer h\u00f6chsten Stelle 60 Meter \u00fcber dem Boden. Rund 90 Kilometer ist diese neue Attraktion s\u00fcdwestlich von Stuttgart entfernt.<\/p>\n\n\n\n<h2 class=\"wp-block-heading\"><strong>Eine Br\u00fccke verbindet Historie mit Zukunft<\/strong><\/h2>\n\n\n\n<p>Die Neckarline verbindet historische Stadt mit Zukunftsversionen. Denn auf der einen Seite befindet sich die wundersch\u00f6ne, mittelalterliche <a href=\"https:\/\/www.rottweil.de\/willkommen#\/event\" rel=\"nofollow noopener\" target=\"_blank\">Altstadt Rottweils<\/a> \u2013 als \u00e4lteste Stadt Baden-W\u00fcrttembergs \u2013 und auf der anderen Seite befindet sich ein <a href=\"https:\/\/testturm.tkelevator.com\/global-de\/der-testturm\/\" rel=\"nofollow noopener\" target=\"_blank\">Testturm<\/a> auf einem Gewerbegel\u00e4nde, der die h\u00f6chste Aussichtsplattform Deutschlands besitzt.<\/p>\n\n\n\n<h2 class=\"wp-block-heading\"><strong>Beeindruckende Konstruktion der Neckarline<\/strong><\/h2>\n\n\n\n<p>Die Architektur der Br\u00fccke ist schon ein Hingucker, denn sie l\u00e4uft weder gerade noch wie ein Bogen, sondern ist geschwungen wie ein \u201eS\u201c. Die 444 Tonnen Gewicht der Br\u00fccke \u2013 allein die Seile wiegen 108 Tonnen &#8211; h\u00e4lt auf dem Gewerbegebiet Rottweils ein massiver, 60 Meter hoher Pylon und auf der Seite der Altstadt ein robuster Felsen an der Stadtmauer.<\/p>\n\n\n\n<p>F\u00fcr Menschen mit H\u00f6henangst ist ein Spaziergang \u00fcber diese Br\u00fccke eine besondere Herausforderung. Der Laufsteg ist aus einem Gitterrost gefertigt und an den Seiten sch\u00fctzen d\u00fcnn-maschige Gitternetze. Am Anfang der Br\u00fccke sieht man nicht das Ende und gelegentlich kann die Br\u00fccke auch einmal schwanken. Doch das hat alles seine Richtigkeit und die Br\u00fccke hat eine sehr hohe Trag- und Leistungsf\u00e4higkeit.<\/p>\n\n\n\n<h2 class=\"wp-block-heading\"><strong>Zugang zur H\u00e4ngebr\u00fccke<\/strong><\/h2>\n\n\n\n<p>Wegen des Gitterbodens der Neckarline sollte man die Br\u00fccke mit flach-besohlten Schuhwerk betreten. Ein Hund kann mitgenommen werden und Kinder sollten in Begleitung von Erwachsenen sein. Die Neckarline wurde barrierefrei gebaut, so dass man diese sogar mit Rollstuhl befahren kann. Bei schlechten Witterungsverh\u00e4ltnissen oder auch zum Schutz vor \u00dcberf\u00fcllung wird die Br\u00fccke gesperrt. Nicht erlaubt sind Fahrr\u00e4der und \u00e4hnliche Fortbewegungsmittel sowie Drohnen.<\/p>\n\n\n\n<p>Ein Tagesticket f\u00fcr Erwachsene ab 15 Jahren kostet 13,50 Euro f\u00fcr Kinder von 6-14 Jahren 11 Euro. Man kann auch verschiedene Gruppentickets erhalten.<\/p>\n\n\n\n<h2 class=\"wp-block-heading\"><strong>Interessante Umgebung der Neckarline<\/strong><\/h2>\n\n\n\n<p>In <a href=\"https:\/\/www.rottweil.de\/willkommen#\/event\" rel=\"nofollow noopener\" target=\"_blank\">Rottweils Altstadt<\/a> mit ihren kunstvoll verzierten B\u00fcrgerh\u00e4usern k\u00f6nnen Besucher sich gut ausruhen. Der <a href=\"https:\/\/testturm.tkelevator.com\/global-de\/der-testturm\/\" rel=\"nofollow noopener\" target=\"_blank\">Testturm<\/a> Rottweils &#8211; f\u00fcr Schnellaufz\u00fcge &#8211; &nbsp;hat mit 232 Metern die h\u00f6chste Aussichtsplattform Deutschlands und ist mit seiner in sich geschwungenen Architektur. Mit einem Panorama-Aufzug fahren Besucher mit 8 Metern \/ Sekunde nach oben.<\/p>\n\n\n\n<p>Quelle: <a href=\"https:\/\/www.handelsblatt.com\/unternehmen\/dienstleister\/neckarline-neue-rekordverdaechtige-haengebruecke-am-neckar\/100219710.html\" rel=\"nofollow noopener\" target=\"_blank\">handelsblatt.de<\/a>, <a href=\"https:\/\/neckarline.de\/\" rel=\"nofollow noopener\" target=\"_blank\">neckarline.de<\/a>, <a href=\"https:\/\/www.tourismus-rottweil.de\/das-original\/neckarline#:~:text=Die%20H%C3%A4ngebr%C3%BCcke%20NECKARLINE%20beeindruckt%20mit%20ihrer%20geschwungenen,wichtigen%20Informationen%20f%C3%BCr%20den%20Besuch%20der%20Br%C3%BCcke.\" rel=\"nofollow noopener\" target=\"_blank\">tourismus-rottweil.de<\/a> <\/p>\n\n\n\n<p><\/p>\n","protected":false},"excerpt":{"rendered":"<p>Eine spektakul\u00e4re, neue Attraktion ist am vergangenen Freitag in Baden-W\u00fcrttemberg er\u00f6ffnet worden: die 606 Meter lange H\u00e4ngebr\u00fccke \u201eNeckarline\u201c der Stadt Rottweil. Die Fu\u00dfg\u00e4ngerbr\u00fccke \u00fcberquert das Neckartal inmitten des Schwarzwaldes und ist an ihrer h\u00f6chsten Stelle 60 Meter \u00fcber dem Boden. Rund 90 Kilometer ist diese neue Attraktion s\u00fcdwestlich von Stuttgart entfernt. Eine Br\u00fccke verbindet Historie<\/p>\n","protected":false},"author":14,"featured_media":2882,"comment_status":"closed","ping_status":"closed","sticky":false,"template":"","format":"standard","meta":{"footnotes":""},"categories":[40,63,51],"tags":[912,764,910,913,911],"class_list":{"0":"post-2877","1":"post","2":"type-post","3":"status-publish","4":"format-standard","5":"has-post-thumbnail","7":"category-freizeit","8":"category-reisetipps","9":"category-tourismus","10":"tag-baden-wuerttemberg","11":"tag-haengebruecke","12":"tag-neckarline","13":"tag-neckartal","14":"tag-rottweil"},"_links":{"self":[{"href":"https:\/\/www.sonnenklar.tv\/news\/wp-json\/wp\/v2\/posts\/2877","targetHints":{"allow":["GET"]}}],"collection":[{"href":"https:\/\/www.sonnenklar.tv\/news\/wp-json\/wp\/v2\/posts"}],"about":[{"href":"https:\/\/www.sonnenklar.tv\/news\/wp-json\/wp\/v2\/types\/post"}],"author":[{"embeddable":true,"href":"https:\/\/www.sonnenklar.tv\/news\/wp-json\/wp\/v2\/users\/14"}],"replies":[{"embeddable":true,"href":"https:\/\/www.sonnenklar.tv\/news\/wp-json\/wp\/v2\/comments?post=2877"}],"version-history":[{"count":4,"href":"https:\/\/www.sonnenklar.tv\/news\/wp-json\/wp\/v2\/posts\/2877\/revisions"}],"predecessor-version":[{"id":2886,"href":"https:\/\/www.sonnenklar.tv\/news\/wp-json\/wp\/v2\/posts\/2877\/revisions\/2886"}],"wp:featuredmedia":[{"embeddable":true,"href":"https:\/\/www.sonnenklar.tv\/news\/wp-json\/wp\/v2\/media\/2882"}],"wp:attachment":[{"href":"https:\/\/www.sonnenklar.tv\/news\/wp-json\/wp\/v2\/media?parent=2877"}],"wp:term":[{"taxonomy":"category","embeddable":true,"href":"https:\/\/www.sonnenklar.tv\/news\/wp-json\/wp\/v2\/categories?post=2877"},{"taxonomy":"post_tag","embeddable":true,"href":"https:\/\/www.sonnenklar.tv\/news\/wp-json\/wp\/v2\/tags?post=2877"}],"curies":[{"name":"wp","href":"https:\/\/api.w.org\/{rel}","templated":true}]}}