{"id":2855,"date":"2026-04-27T09:02:54","date_gmt":"2026-04-27T07:02:54","guid":{"rendered":"https:\/\/www.sonnenklar.tv\/news\/?p=2855"},"modified":"2026-04-27T09:15:29","modified_gmt":"2026-04-27T07:15:29","slug":"deutsche-bahn-preise-fernverkehr-bis-2027-stabil","status":"publish","type":"post","link":"https:\/\/www.sonnenklar.tv\/news\/deutsche-bahn-preise-fernverkehr-bis-2027-stabil\/","title":{"rendered":"Deutsche Bahn: Preise f\u00fcr ICE-Tickets im Fernverkehr bis 2027 stabil"},"content":{"rendered":"\n<p>Gute Nachricht f\u00fcr Bahnreisende: Die Deutsche Bahn verzichtet im Fernverkehr bis April 2027 auf eine Preiserh\u00f6hung. Ab dem 1. Mai 2026 bleiben die Preise f\u00fcr Zugtickets in ICE, IC und EC f\u00fcr ein Jahr stabil. Es ist bereits das zweite Jahr in Folge, in dem die \u00fcbliche j\u00e4hrliche Preisanpassung im Dezember ausf\u00e4llt. Die letzte Erh\u00f6hung im Fernverkehr erfolgte Ende 2024 mit durchschnittlich 5,9 Prozent bei den Flexpreisen.<\/p>\n\n\n\n<h2 class=\"wp-block-heading\">Deutsche Bahn: Ank\u00fcndigung und Begr\u00fcndung<\/h2>\n\n\n\n<p>DB-Vorstandsvorsitzende Evelyn Palla k\u00fcndigte die Preisstabilit\u00e4t in der \u201eBild am Sonntag\u201c an und erkl\u00e4rte:<\/p>\n\n\n\n<p>\u201eVom 1. Mai an halten wir die Preise f\u00fcr ICE-Tickets ein Jahr lang stabil. Neustart bei der Deutschen Bahn hei\u00dft mehr Verantwortung \u00fcbernehmen und neue Priorit\u00e4ten setzen. Oberste Priorit\u00e4t hat jetzt: Fahren, Fahren, Fahren und daf\u00fcr sorgen, dass die Menschen in Deutschland sich das Reisen weiter leisten k\u00f6nnen.\u201c<\/p>\n\n\n\n<p>Die Entscheidung kommt zu einem Zeitpunkt, an dem Autofahren und Fliegen durch steigende Sprit- und Kerosinpreise teurer werden. Die Bahn positioniert sich damit bewusst als g\u00fcnstige und klimafreundliche Alternative zum Auto und Flugzeug.<\/p>\n\n\n\n<h2 class=\"wp-block-heading\">Was bedeutet die Preisstabilit\u00e4t f\u00fcr Reisende?<\/h2>\n\n\n\n<ul class=\"wp-block-list\">\n<li><strong>Fernverkehr (ICE\/IC\/EC): <\/strong>Keine Preiserh\u00f6hung bis Fr\u00fchjahr 2027. Sparpreise und Flexpreise bleiben auf dem aktuellen Niveau.<\/li>\n\n\n\n<li><strong>Regionalverkehr:<\/strong> Hier gelten weiterhin die Preise der jeweiligen Verkehrsverb\u00fcnde. Viele Verb\u00fcnde haben zum Jahreswechsel 2025\/26 ihre Tarife deutlich angehoben.<\/li>\n\n\n\n<li><strong>Deutschlandticket:<\/strong> Das bundesweite Ticket f\u00fcr Nah- und Regionalverkehr wurde ebenfalls teurer.<\/li>\n<\/ul>\n\n\n\n<p>Trotz der Preisstabilit\u00e4t bleibt Kritik nicht aus. Der Fahrgastverband Pro Bahn fordert sogar Preissenkungen. Ehrenvorsitzender Detlef Neu\u00df sagte: \u201eWenn die Bahn fast immer zu sp\u00e4t kommt und so viele Z\u00fcge ausfallen, ist die Ank\u00fcndigung, die Preise nicht erh\u00f6hen zu wollen, zu wenig.\u201c<\/p>\n\n\n\n<h2 class=\"wp-block-heading\">Positive Signale f\u00fcr den Bahntourismus<\/h2>\n\n\n\n<p>Die stabile Preispolitik macht Bahnreisen in Zeiten steigender Energiekosten besonders attraktiv. Viele Urlauber und Wochenend-Reisende profitieren davon, dass eine Fahrt mit dem ICE g\u00fcnstiger bleibt als vergleichbare Autofahrten oder Fl\u00fcge. Besonders f\u00fcr l\u00e4ngere Strecken innerhalb Deutschlands und ins benachbarte Ausland kann das ein klarer Vorteil sein.<\/p>\n\n\n\n<p>Die Deutsche Bahn betreibt den Fernverkehr auf eigene Rechnung und hofft, durch die Preisgarantie mehr Fahrg\u00e4ste zu gewinnen und die Auslastung zu steigern. Mit der Preisstabilit\u00e4t bis 2027 setzte die Deutsche Bahn ein klares Signal: Bahnfahren soll bezahlbar bleiben. Ob das ausreicht, um die anhaltenden Probleme mit Versp\u00e4tungen und Ausf\u00e4llen auszugleichen, wird sich zeigen. F\u00fcr Reisende lohnt es sich in den n\u00e4chsten Monaten besonders, Bahnverbindungen zu pr\u00fcfen \u2013 vor allem im Vergleich zu teurer werdenden Alternativen.<\/p>\n\n\n\n<p>Quelle: <a href=\"https:\/\/www.fvw.de\/touristik\/verkehr\/deutschen-bahn-fahrpreise-bleiben-im-fernverkehr-bis-2027-stabil-260743\" data-type=\"link\" data-id=\"https:\/\/www.fvw.de\/touristik\/verkehr\/deutschen-bahn-fahrpreise-bleiben-im-fernverkehr-bis-2027-stabil-260743\" rel=\"nofollow noopener\" target=\"_blank\">fvw.de<\/a><\/p>\n","protected":false},"excerpt":{"rendered":"<p>Gute Nachricht f\u00fcr Bahnreisende: Die Deutsche Bahn verzichtet im Fernverkehr bis April 2027 auf eine Preiserh\u00f6hung. Ab dem 1. Mai 2026 bleiben die Preise f\u00fcr Zugtickets in ICE, IC und EC f\u00fcr ein Jahr stabil. Es ist bereits das zweite Jahr in Folge, in dem die \u00fcbliche j\u00e4hrliche Preisanpassung im Dezember ausf\u00e4llt. Die letzte Erh\u00f6hung<\/p>\n","protected":false},"author":4,"featured_media":1844,"comment_status":"closed","ping_status":"closed","sticky":false,"template":"","format":"standard","meta":{"footnotes":""},"categories":[57,28,32],"tags":[222,900,422,899],"class_list":{"0":"post-2855","1":"post","2":"type-post","3":"status-publish","4":"format-standard","5":"has-post-thumbnail","7":"category-preise","8":"category-bahnreise","9":"category-deutschland","10":"tag-deutsche-bahn","11":"tag-fernverkehr","12":"tag-ice-ticket","13":"tag-ticketpreise"},"_links":{"self":[{"href":"https:\/\/www.sonnenklar.tv\/news\/wp-json\/wp\/v2\/posts\/2855","targetHints":{"allow":["GET"]}}],"collection":[{"href":"https:\/\/www.sonnenklar.tv\/news\/wp-json\/wp\/v2\/posts"}],"about":[{"href":"https:\/\/www.sonnenklar.tv\/news\/wp-json\/wp\/v2\/types\/post"}],"author":[{"embeddable":true,"href":"https:\/\/www.sonnenklar.tv\/news\/wp-json\/wp\/v2\/users\/4"}],"replies":[{"embeddable":true,"href":"https:\/\/www.sonnenklar.tv\/news\/wp-json\/wp\/v2\/comments?post=2855"}],"version-history":[{"count":5,"href":"https:\/\/www.sonnenklar.tv\/news\/wp-json\/wp\/v2\/posts\/2855\/revisions"}],"predecessor-version":[{"id":2861,"href":"https:\/\/www.sonnenklar.tv\/news\/wp-json\/wp\/v2\/posts\/2855\/revisions\/2861"}],"wp:featuredmedia":[{"embeddable":true,"href":"https:\/\/www.sonnenklar.tv\/news\/wp-json\/wp\/v2\/media\/1844"}],"wp:attachment":[{"href":"https:\/\/www.sonnenklar.tv\/news\/wp-json\/wp\/v2\/media?parent=2855"}],"wp:term":[{"taxonomy":"category","embeddable":true,"href":"https:\/\/www.sonnenklar.tv\/news\/wp-json\/wp\/v2\/categories?post=2855"},{"taxonomy":"post_tag","embeddable":true,"href":"https:\/\/www.sonnenklar.tv\/news\/wp-json\/wp\/v2\/tags?post=2855"}],"curies":[{"name":"wp","href":"https:\/\/api.w.org\/{rel}","templated":true}]}}