{"id":2846,"date":"2026-04-24T15:42:37","date_gmt":"2026-04-24T13:42:37","guid":{"rendered":"https:\/\/www.sonnenklar.tv\/news\/?p=2846"},"modified":"2026-04-24T15:50:44","modified_gmt":"2026-04-24T13:50:44","slug":"lufthansa-aufpreis-handgepaeck-ab-ende-april-2026","status":"publish","type":"post","link":"https:\/\/www.sonnenklar.tv\/news\/lufthansa-aufpreis-handgepaeck-ab-ende-april-2026\/","title":{"rendered":"Lufthansa nimmt ab Ende April 2026 Aufpreis f\u00fcr Handgep\u00e4ck"},"content":{"rendered":"\n<p>Lufthansa geht den Weg der Kosteneinsparung. Bedeutet f\u00fcr viele Kunden, es wird teurer. &nbsp;Ab dem 28. April 2026 sind nur noch kleine Taschen, Rucks\u00e4cke oder Laptops \u2013 h\u00f6chsten 40\u00d730\u00d715 gro\u00df \u2013 f\u00fcr Reisen ab 19. Mai kostenlos im Flieger mitnehmbar. Alles andere muss aufgegeben werden bzw. kostet auch als Mitnahme im Flieger einen Aufpreis.<\/p>\n\n\n\n<h2 class=\"wp-block-heading\">Lufthansa k\u00e4mpft mit h\u00f6heren Kosten<\/h2>\n\n\n\n<p>Lufthansa hat zu k\u00e4mpfen durch erh\u00f6hte Kerosinpreise und Streiks wie erh\u00f6hte Personalkosten. Somit wird auf Kurz- und Mittelstreckenfl\u00fcgen die Mitnahme eines kleinen Kabinenkoffers Zusatzkosten beim Kunden verursachen. Diese werden flexibel ab 15 Euro dazu buchbar sein. Zu diesem Zweck f\u00fchrt die Lufthansa-Group auch auf allen seinen Airlines mit der \u201eEconomy Basic\u201c einen neuen Einstiegstarif ein.<\/p>\n\n\n\n<h2 class=\"wp-block-heading\">Lufthansa reagiert auf anderes Kundenverhalten<\/h2>\n\n\n\n<p>Laut Lufthansa soll sich in der k\u00fcrzeren Vergangenheit auch das Verhalten der Passagiere ver\u00e4ndert haben, womit sie gerade bei Gesch\u00e4fts- und Tagesreisenden diesem Verhalten entgegenkommen. Somit bekommen Kunden zus\u00e4tzliche Wahlm\u00f6glichkeiten zu einem attraktiven Einstiegspreis und m\u00fcssten nicht Leistungen bezahlen, die sie nicht ben\u00f6tigen.<\/p>\n\n\n\n<p>Der Lufthansa-Konzern passt sich damit seiner Konkurrenz wie Rynair, Easyjet, Vueling, Wizz Air oder auch Air France an. Der Verbraucherschutz hingegen k\u00e4mpft mit Prozessen f\u00fcr die Passagiere, dass diese neben einem pers\u00f6nlichen Gegenstand auch noch einen Handgep\u00e4ckkoffer in der Kabine mit der Buchung inklusive haben.<\/p>\n\n\n\n<p>Quelle: <a href=\"https:\/\/www.t-online.de\/leben\/aktuelles\/id_101226054\/lufthansa-handgepaeck-leistung-gestrichen-was-sich-fuer-reisende-aendert.html\" rel=\"nofollow noopener\" target=\"_blank\">telekom.de<\/a>, <a href=\"https:\/\/www.spiegel.de\/wirtschaft\/unternehmen\/lufthansa-streicht-auf-kurz-und-mittelstreckenfluegen-freien-handgepaeckkoffer-a-e1a4077e-156c-4b69-a56d-fda6a2e6320d\" rel=\"nofollow noopener\" target=\"_blank\">spiegel.de<\/a><\/p>\n\n\n\n<p><\/p>\n","protected":false},"excerpt":{"rendered":"<p>Lufthansa geht den Weg der Kosteneinsparung. Bedeutet f\u00fcr viele Kunden, es wird teurer. &nbsp;Ab dem 28. April 2026 sind nur noch kleine Taschen, Rucks\u00e4cke oder Laptops \u2013 h\u00f6chsten 40\u00d730\u00d715 gro\u00df \u2013 f\u00fcr Reisen ab 19. Mai kostenlos im Flieger mitnehmbar. Alles andere muss aufgegeben werden bzw. kostet auch als Mitnahme im Flieger einen Aufpreis. Lufthansa<\/p>\n","protected":false},"author":14,"featured_media":2847,"comment_status":"closed","ping_status":"closed","sticky":false,"template":"","format":"standard","meta":{"footnotes":""},"categories":[29,57,51],"tags":[895,277,879,276,888],"class_list":{"0":"post-2846","1":"post","2":"type-post","3":"status-publish","4":"format-standard","5":"has-post-thumbnail","7":"category-flugreise","8":"category-preise","9":"category-tourismus","10":"tag-flugzeugkabine","11":"tag-handgepaeck","12":"tag-kabinenkoffer","13":"tag-lufthansa","14":"tag-lufthansa-tarife"},"_links":{"self":[{"href":"https:\/\/www.sonnenklar.tv\/news\/wp-json\/wp\/v2\/posts\/2846","targetHints":{"allow":["GET"]}}],"collection":[{"href":"https:\/\/www.sonnenklar.tv\/news\/wp-json\/wp\/v2\/posts"}],"about":[{"href":"https:\/\/www.sonnenklar.tv\/news\/wp-json\/wp\/v2\/types\/post"}],"author":[{"embeddable":true,"href":"https:\/\/www.sonnenklar.tv\/news\/wp-json\/wp\/v2\/users\/14"}],"replies":[{"embeddable":true,"href":"https:\/\/www.sonnenklar.tv\/news\/wp-json\/wp\/v2\/comments?post=2846"}],"version-history":[{"count":3,"href":"https:\/\/www.sonnenklar.tv\/news\/wp-json\/wp\/v2\/posts\/2846\/revisions"}],"predecessor-version":[{"id":2852,"href":"https:\/\/www.sonnenklar.tv\/news\/wp-json\/wp\/v2\/posts\/2846\/revisions\/2852"}],"wp:featuredmedia":[{"embeddable":true,"href":"https:\/\/www.sonnenklar.tv\/news\/wp-json\/wp\/v2\/media\/2847"}],"wp:attachment":[{"href":"https:\/\/www.sonnenklar.tv\/news\/wp-json\/wp\/v2\/media?parent=2846"}],"wp:term":[{"taxonomy":"category","embeddable":true,"href":"https:\/\/www.sonnenklar.tv\/news\/wp-json\/wp\/v2\/categories?post=2846"},{"taxonomy":"post_tag","embeddable":true,"href":"https:\/\/www.sonnenklar.tv\/news\/wp-json\/wp\/v2\/tags?post=2846"}],"curies":[{"name":"wp","href":"https:\/\/api.w.org\/{rel}","templated":true}]}}