{"id":2247,"date":"2026-03-12T14:49:16","date_gmt":"2026-03-12T13:49:16","guid":{"rendered":"https:\/\/www.sonnenklar.tv\/news\/?p=2247"},"modified":"2026-03-12T14:49:17","modified_gmt":"2026-03-12T13:49:17","slug":"177-urlauber-mit-sonderflug-aus-abu-dhabi-zurueck","status":"publish","type":"post","link":"https:\/\/www.sonnenklar.tv\/news\/177-urlauber-mit-sonderflug-aus-abu-dhabi-zurueck\/","title":{"rendered":"R\u00fcckflug-Aktion: 177 Urlauber mit Sondermaschine aus Abu Dhabi zur\u00fcck"},"content":{"rendered":"\n<p>Mit einer Sondermaschine hat der Reiseveranstalter Capital Holidays in enger Kooperation mit sonnenklar.TV einen R\u00fcckflug aus der Golfregion organisiert. 177 G\u00e4ste landeten am Donnerstagmorgen wohlbehalten in K\u00f6ln \u2013 auch wenn einige ihren Urlaub gerne fortgesetzt h\u00e4tten.<\/p>\n\n\n\n<p>M\u00fcnchen, 12. M\u00e4rz 2026 \u2013 Der Airbus A320-200 startete am Dienstagabend, den 10. M\u00e4rz, um 23.30 Uhr Ortszeit am Al Ain International Airport in den Vereinigten Arabischen Emiraten und landete am gestrigen Mittwochmorgen um 6.00 Uhr am Flughafen K\u00f6ln\/Bonn. Alle Passagiere waren G\u00e4ste von Capital Holidays.<\/p>\n\n\n\n<h2 class=\"wp-block-heading\">R\u00fcck- und Weiterreise durch Pauschalveranstalter abgedeckt<\/h2>\n\n\n\n<p>Rund 60 Prozent der Reisenden \u2013 insgesamt 106 Urlauber \u2013 hatten ihre Reise \u00fcber sonnenklar.TV gebucht. Capital Holidays koordinierte neben dem Sonderflug auch die Weiterreise der G\u00e4ste zu ihren jeweiligen Heimatorten. \u201eWir freuen uns, dass wir gemeinsam mit unserem Partner Capital Holidays kurzfristig eine L\u00f6sung f\u00fcr zahlreiche G\u00e4ste organisieren konnten\u201c, sagt sonnenklar.TV-Gesch\u00e4ftsf\u00fchrer Kristijan Schellinger.<\/p>\n\n\n\n<p>Auch f\u00fcr Capital Holidays hatte die R\u00fcckholaktion h\u00f6chste Priorit\u00e4t: \u201eF\u00fcr uns steht die Sicherheit unserer G\u00e4ste im Mittelpunkt. In einer solchen Situation zeigt sich die Bedeutung eines zentralen Ansprechpartners f\u00fcr die Reisenden \u2013 Fl\u00fcge, Transfers und Kommunikation werden \u00fcber uns als Veranstalter geb\u00fcndelt organisiert, sodass niemand die R\u00fcckreise selbst koordinieren muss\u201c, sagt Lamia Azimi, Gesch\u00e4ftsf\u00fchrerin der Capital Holidays.<\/p>\n\n\n\n<h2 class=\"wp-block-heading\">Infos und Vorsorgeliste \u00fcber Ausw\u00e4rtiges Amt <\/h2>\n\n\n\n<p>Einige der G\u00e4ste h\u00e4tten ihren Aufenthalt in Abu Dhabi nach Angaben der Veranstalter sogar gern wie urspr\u00fcnglich geplant fortgesetzt. Angesichts der aktuellen Lage entschieden sich die meisten dennoch f\u00fcr die organisierte R\u00fcckreise.<br>Sowohl Capital Holidays als auch sonnenklar.TV informieren ihre G\u00e4ste auf ihren Internetseiten \u00fcber die aktuelle Lage und organisatorische Schritte. Deutsche Staatsangeh\u00f6rige k\u00f6nnen sich zudem \u00fcber die Reise- und Sicherheitshinweise des Ausw\u00e4rtigen Amts informieren sowie eine Eintragung in der Krisenvorsorgeliste ELEFAND vornehmen.<\/p>\n\n\n\n<p>Quelle: <a href=\"https:\/\/www.sonnenklar.tv\/presse\/detail\/177-urlauber-mit-sonderflug-aus-abu-dhabi-zurueck.html\">sonnenklar.TV<\/a><\/p>\n\n\n\n<p>Weiterf\u00fchrende Infos: <a href=\"https:\/\/www.auswaertiges-amt.de\/de\/aussenpolitik\/nahermittlererosten\/2758504-2758504\" rel=\"nofollow noopener\" target=\"_blank\">auswaertiges-amt.de<\/a><\/p>\n\n\n\n<p><\/p>\n","protected":false},"excerpt":{"rendered":"<p>Mit einer Sondermaschine hat der Reiseveranstalter Capital Holidays in enger Kooperation mit sonnenklar.TV einen R\u00fcckflug aus der Golfregion organisiert. 177 G\u00e4ste landeten am Donnerstagmorgen wohlbehalten in K\u00f6ln \u2013 auch wenn einige ihren Urlaub gerne fortgesetzt h\u00e4tten. M\u00fcnchen, 12. M\u00e4rz 2026 \u2013 Der Airbus A320-200 startete am Dienstagabend, den 10. M\u00e4rz, um 23.30 Uhr Ortszeit am<\/p>\n","protected":false},"author":7,"featured_media":16,"comment_status":"closed","ping_status":"closed","sticky":false,"template":"","format":"standard","meta":{"footnotes":""},"categories":[51,29,30],"tags":[636,621,637,569],"class_list":{"0":"post-2247","1":"post","2":"type-post","3":"status-publish","4":"format-standard","5":"has-post-thumbnail","7":"category-tourismus","8":"category-flugreise","9":"category-pauschalreise","10":"tag-golfregion","11":"tag-nahost-konflikt","12":"tag-reiseveranstalter","13":"tag-rueckflug"},"_links":{"self":[{"href":"https:\/\/www.sonnenklar.tv\/news\/wp-json\/wp\/v2\/posts\/2247","targetHints":{"allow":["GET"]}}],"collection":[{"href":"https:\/\/www.sonnenklar.tv\/news\/wp-json\/wp\/v2\/posts"}],"about":[{"href":"https:\/\/www.sonnenklar.tv\/news\/wp-json\/wp\/v2\/types\/post"}],"author":[{"embeddable":true,"href":"https:\/\/www.sonnenklar.tv\/news\/wp-json\/wp\/v2\/users\/7"}],"replies":[{"embeddable":true,"href":"https:\/\/www.sonnenklar.tv\/news\/wp-json\/wp\/v2\/comments?post=2247"}],"version-history":[{"count":7,"href":"https:\/\/www.sonnenklar.tv\/news\/wp-json\/wp\/v2\/posts\/2247\/revisions"}],"predecessor-version":[{"id":2263,"href":"https:\/\/www.sonnenklar.tv\/news\/wp-json\/wp\/v2\/posts\/2247\/revisions\/2263"}],"wp:featuredmedia":[{"embeddable":true,"href":"https:\/\/www.sonnenklar.tv\/news\/wp-json\/wp\/v2\/media\/16"}],"wp:attachment":[{"href":"https:\/\/www.sonnenklar.tv\/news\/wp-json\/wp\/v2\/media?parent=2247"}],"wp:term":[{"taxonomy":"category","embeddable":true,"href":"https:\/\/www.sonnenklar.tv\/news\/wp-json\/wp\/v2\/categories?post=2247"},{"taxonomy":"post_tag","embeddable":true,"href":"https:\/\/www.sonnenklar.tv\/news\/wp-json\/wp\/v2\/tags?post=2247"}],"curies":[{"name":"wp","href":"https:\/\/api.w.org\/{rel}","templated":true}]}}