{"id":2209,"date":"2026-03-11T15:48:01","date_gmt":"2026-03-11T14:48:01","guid":{"rendered":"https:\/\/www.sonnenklar.tv\/news\/?p=2209"},"modified":"2026-03-11T15:48:02","modified_gmt":"2026-03-11T14:48:02","slug":"orient-express-mit-originalwaggons-ab-2027","status":"publish","type":"post","link":"https:\/\/www.sonnenklar.tv\/news\/orient-express-mit-originalwaggons-ab-2027\/","title":{"rendered":"Orient-Express f\u00e4hrt wieder mit Originalwaggons ab 2027"},"content":{"rendered":"\n<p>Es ist wohl die nostalgischste Reise, die man mit einem Zug unternehmen kann. Der legend\u00e4re Orient-Express soll im n\u00e4chsten Jahr 2027 wieder seine Fahrt aufnehmen, und zwar mit 17 restaurierten Original-Waggons aus den 20er und 30er Jahren. Der Glanz und Luxus vergangener Zeiten wird auf seiner Route von Paris nach Istanbul mit einer ganz besonderen Eleganz in Bahnh\u00f6fen wie M\u00fcnchen, Verona, Venedig, Budapest und Prag einfahren. Von welcher Lok, die Waggons gezogen werden, steht noch nicht fest. Die franz\u00f6sische Accor-Hotelgruppe stellt in Zusammenarbeit mit der franz\u00f6sischen Staatsbahn SNCF dieses Projekt auf die Beine und hat sich die Namensrechte an \u201eOrient-Express\u201c gesichert. Zwar f\u00e4hrt schon der Venice Simplon-Orient-Express zweimal im Jahr von Paris nach Istanbul, aber er ist ein im Stil nur nachgebauter Zug dieser damaliger Zeit, w\u00e4hrend 2027 eben die Original-Waggons wieder auf die Schienen gebracht werden.<\/p>\n\n\n\n<h2 class=\"wp-block-heading\">Der Orient-Express im alten Gewand<\/h2>\n\n\n\n<p>Unbemerkt standen jahrelang die Waggons des ehemaligen Orient-Expresses bei Ma\u0142aszewicze in Polen, nahe der Grenze zu Belarus, bis sie 2015 wiedergefunden wurden. Mit viel Aufwand, Detailtreue und Liebe wurden die Waggons restauriert. Sie bieten nun wieder die Eleganz mit exklusiven Suiten sowie Dining-Rooms. Besonders bekannt machte diesen Zug die Krimi-Autorin Agatha Christie. Ein Klassiker ist die Verfilmung ihres Romans \u201eMord im Orient-Express\u201c mit Peter Ustinov von 1974 und die Neuverfilmung von 2017 mit Kenneth Branagh als Privatdetektiv Hercule Poirot und weiteren Stars wie Johnny Depp und Judi Dench. In 6 Tagen kann man bald im alten Charme dieses Orient-Expresses von Frankreich in die T\u00fcrkei reisen und sich damit bestens in die Filmszenen und dem Leben der 20iger und 30iger Jahren hineinf\u00fchlen. Ein perfekt harmonierendes Ambiente aus edlem Holz und Lederwaren, traumhaften Teppichb\u00f6den, den ber\u00fchmten \u201eGel\u00e4nder\u201c &#8211; von Suzanne Laliques neu interpretiert \u2013 sowie Nischen, die mit den originalen franz\u00f6sischem \u201eAmsel &amp; Trauben\u201c \u2013 Paneelen geschm\u00fcckt sind. \u00a0Sofa und Sessel werden ebenso zum Ausruhen einladen wie Betten, deren Kopfteile mit Holzstickereien aus Perlmutt und Bronzeperlen verziert sind. Diese romantische-nostalgische Orient-Express-Reise wird gleichzeitig zur Zeitreise werden f\u00fcr die G\u00e4ste.<\/p>\n\n\n\n<p>Quelle: <a href=\"https:\/\/www.orient-express.com\/en\/trains\/the-orient-express\" rel=\"nofollow noopener\" target=\"_blank\">orient-express.com<\/a> <\/p>\n\n\n\n<p><\/p>\n","protected":false},"excerpt":{"rendered":"<p>Es ist wohl die nostalgischste Reise, die man mit einem Zug unternehmen kann. Der legend\u00e4re Orient-Express soll im n\u00e4chsten Jahr 2027 wieder seine Fahrt aufnehmen, und zwar mit 17 restaurierten Original-Waggons aus den 20er und 30er Jahren. Der Glanz und Luxus vergangener Zeiten wird auf seiner Route von Paris nach Istanbul mit einer ganz besonderen<\/p>\n","protected":false},"author":14,"featured_media":2211,"comment_status":"closed","ping_status":"closed","sticky":false,"template":"","format":"standard","meta":{"footnotes":""},"categories":[28,32,42,39,56,63,588,34,587],"tags":[612,602,606,589],"class_list":{"0":"post-2209","1":"post","2":"type-post","3":"status-publish","4":"format-standard","5":"has-post-thumbnail","7":"category-bahnreise","8":"category-deutschland","9":"category-frankreich","10":"category-italien","11":"category-oesterreich","12":"category-reisetipps","13":"category-tschechien","14":"category-tuerkei","15":"category-ungarn","16":"tag-accor","17":"tag-agatha-christie","18":"tag-orient-express","19":"tag-orientexpress"},"_links":{"self":[{"href":"https:\/\/www.sonnenklar.tv\/news\/wp-json\/wp\/v2\/posts\/2209","targetHints":{"allow":["GET"]}}],"collection":[{"href":"https:\/\/www.sonnenklar.tv\/news\/wp-json\/wp\/v2\/posts"}],"about":[{"href":"https:\/\/www.sonnenklar.tv\/news\/wp-json\/wp\/v2\/types\/post"}],"author":[{"embeddable":true,"href":"https:\/\/www.sonnenklar.tv\/news\/wp-json\/wp\/v2\/users\/14"}],"replies":[{"embeddable":true,"href":"https:\/\/www.sonnenklar.tv\/news\/wp-json\/wp\/v2\/comments?post=2209"}],"version-history":[{"count":6,"href":"https:\/\/www.sonnenklar.tv\/news\/wp-json\/wp\/v2\/posts\/2209\/revisions"}],"predecessor-version":[{"id":2222,"href":"https:\/\/www.sonnenklar.tv\/news\/wp-json\/wp\/v2\/posts\/2209\/revisions\/2222"}],"wp:featuredmedia":[{"embeddable":true,"href":"https:\/\/www.sonnenklar.tv\/news\/wp-json\/wp\/v2\/media\/2211"}],"wp:attachment":[{"href":"https:\/\/www.sonnenklar.tv\/news\/wp-json\/wp\/v2\/media?parent=2209"}],"wp:term":[{"taxonomy":"category","embeddable":true,"href":"https:\/\/www.sonnenklar.tv\/news\/wp-json\/wp\/v2\/categories?post=2209"},{"taxonomy":"post_tag","embeddable":true,"href":"https:\/\/www.sonnenklar.tv\/news\/wp-json\/wp\/v2\/tags?post=2209"}],"curies":[{"name":"wp","href":"https:\/\/api.w.org\/{rel}","templated":true}]}}