{"id":2191,"date":"2026-03-11T11:28:09","date_gmt":"2026-03-11T10:28:09","guid":{"rendered":"https:\/\/www.sonnenklar.tv\/news\/?p=2191"},"modified":"2026-03-11T12:40:53","modified_gmt":"2026-03-11T11:40:53","slug":"lufthansa-streik-deutsche-flughaefen","status":"publish","type":"post","link":"https:\/\/www.sonnenklar.tv\/news\/lufthansa-streik-deutsche-flughaefen\/","title":{"rendered":"Lufthansa-Streik bis Freitag: Welche Fl\u00fcge ausfallen &amp; was Passagiere tun k\u00f6nnen"},"content":{"rendered":"\n<p>Die Vereinigung Cockpit, der Berufsverband f\u00fcr Piloten in Deutschland, hat f\u00fcr Donnerstag, den 12. M\u00e4rz und Freitag, den 13. M\u00e4rz 2026, zu einem zweit\u00e4gigen Streik bei der Lufthansa aufgerufen. Betroffen sind Lufthansa Passage und Lufthansa Cargo sowie Lufthansa CityLine. Hintergrund sind gescheiterte Tarifverhandlungen \u00fcber Verg\u00fctungsfragen bei Lufthansa CityLine sowie \u00fcber die betriebliche Altersversorgung der Pilotinnen und Piloten bei Lufthansa und Lufthansa Cargo.<\/p>\n\n\n\n<h2 class=\"wp-block-heading\">Keine Lufthansa-Fl\u00fcge von deutschen Flugh\u00e4fen<\/h2>\n\n\n\n<p>Die VC ruft demnach Pilotinnen und Piloten der Lufthansa Passage und Lufthansa Cargo zur Arbeitsniederlegung auf. Bestreikt werden sollen Fl\u00fcge der Lufthansa Cargo AG und der Lufthansa Passage, die vom 12. M\u00e4rz 2026 um 00:01 Uhr bis zum 13. M\u00e4rz 2026 um 23:59 Uhr von deutschen Flugh\u00e4fen starten.<\/p>\n\n\n\n<p>&#8222;Wir h\u00e4tten eine weitere Eskalation sehr gerne vermieden&#8220;, sagt VC-Pr\u00e4sident Andreas Pinheiro. &#8222;Aber es liegt weiterhin kein Angebot vor. Es hilft nicht, wenn die Gegenseite nur Gespr\u00e4chsbereitschaft signalisiert, aber nicht \u00fcber substanzielle Verbesserungen der betrieblichen Altersversorgung sprechen m\u00f6chte&#8220;, so Pinheiro weiter.<\/p>\n\n\n\n<h2 class=\"wp-block-heading\">Ausnahme f\u00fcr R\u00fcckholfl\u00fcge aus Nahost<\/h2>\n\n\n\n<p>Vor dem Hintergrund der aktuellen Situation im Nahen Osten sollen Fl\u00fcge aus Deutschland zu folgenden Destinationen vom Streik ausgenommen sein: \u00c4gypten, Aserbaidschan, Bahrain, Irak, Israel, Jemen, Jordanien, Katar, Kuwait, Libanon, Oman, Saudi-Arabien sowie die Vereinigten Arabischen Emirate (VAE). Laut VC sollen keine (R\u00fcckf\u00fchrungs-)Fl\u00fcge aus aktuellen Krisengebieten im Nahen Osten von den Streikma\u00dfnahmen betroffen sind.<\/p>\n\n\n\n<h2 class=\"wp-block-heading\">Lufthansa-Streik kann kurzfristig abgewendet werden<\/h2>\n\n\n\n<p>&#8222;Wir bitten betroffene Passagiere um Verst\u00e4ndnis. Ein Streik ist f\u00fcr uns immer das letzte Mittel und kein Selbstzweck&#8220;, erkl\u00e4rt VC-Pr\u00e4sident Andreas Pinheiro. &#8222;Die Arbeitgeber haben auch jetzt noch die M\u00f6glichkeit, die Arbeitsk\u00e4mpfe durch ein verhandlungsf\u00e4higes Angebot abzuwenden.&#8220; Es bleibt abzuwarten, ob die Lufthansa so kurzfristig ein neues Angebot vorlegen wird, das die Vereinigung Cockpit von Ihren Streik-Pl\u00e4nen bei der Lufthansa abwendet.<\/p>\n\n\n\n<h2 class=\"wp-block-heading\">Urabstimmung \u00fcber Streik bei Eurowings eingeleitet<\/h2>\n\n\n\n<p>Die VC teilte am 6. M\u00e4rz 2026 mit, dass auch bei Eurowings eine Urabstimmung \u00fcber einen m\u00f6glichen Streik eingeleitet werden soll. Hintergrund sind auch hier die gescheiterten Verhandlungen f\u00fcr einen Tarifvertrag zur betrieblichen Altersvorsorge. Die Abstimmung unter den Piloten und Pilotinnen der Eurowings l\u00e4uft bis zum 16.03.2026 um 10:00 Uhr.<\/p>\n\n\n\n<h2 class=\"wp-block-heading\">Update, 11.03.2026, 12:39 Uhr<\/h2>\n\n\n\n<p>Inzwischen hat sich auch die Lufthansa zu den Streikpl\u00e4nen der VC ge\u00e4u\u00dfert. Man arbeite mit &#8222;Hochdruck daran, die Auswirkungen f\u00fcr unsere Flugg\u00e4ste so gering wie m\u00f6glich zu halten. Wir versuchen, so viele Fl\u00fcge wie m\u00f6glich von anderen Airlines der Lufthansa Group und Partner-Airlines durchf\u00fchren zu lassen&#8220;, hei\u00dft es auf der <a href=\"https:\/\/www.lufthansa.com\/de\/de\/fluginformationen\" rel=\"nofollow noopener\" target=\"_blank\">Webseite der Fluggesellschaft<\/a>. Flugg\u00e4ste, die von Flugstreichungen oder Umbuchungen betroffen sind, werden am Mittwoch, den 11. M\u00e4rz, gegen Mittag aktiv per E-Mail \u00fcber die aktuelle Situation von der Lufthansa informiert. <\/p>\n\n\n\n<p>Es wird damit gerechnet, dass am Samstag, 14. M\u00e4rz, weitgehend wieder der regul\u00e4re Flugplan angeboten wird. Weiter hei\u00dft es: &#8222;Im Falle einer Streichung eines innerdeutschen Lufthansa Fluges k\u00f6nnen Sie Ihr Flugticket\u202fkostenlos in ein Ticket mit der Deutschen Bahn umwandeln&#8220;. Weitere Informationen finden Sie auf der Webseite der Lufthansa.<\/p>\n\n\n\n<p>Quellen: <a href=\"https:\/\/www.vcockpit.de\/newsroom\/vc-ruft-zu-streiks-bei-lufthansa-cityline-sowie-lufthansa-passage-und-lufthansa-cargo-auf-fluege-in-den-nahen-osten-von-lufthansa-passage-und-lufthansa-cityline-vom-streik-ausgenommen\/\" rel=\"nofollow noopener\" target=\"_blank\">vcockpit.de<\/a>, <a href=\"https:\/\/www.vcockpit.de\/newsroom\/vereinigung-cockpit-leitet-urabstimmung-bei-eurowings-ein\/\" rel=\"nofollow noopener\" target=\"_blank\">vcockpit.de<\/a>, <a href=\"https:\/\/www.fvw.de\/touristik\/verkehr\/donnerstag-und-freitag-lufthansa-piloten-streiken-kurzfristig-259557\" rel=\"nofollow noopener\" target=\"_blank\">fvw.de<\/a><\/p>\n","protected":false},"excerpt":{"rendered":"<p>Die Vereinigung Cockpit, der Berufsverband f\u00fcr Piloten in Deutschland, hat f\u00fcr Donnerstag, den 12. M\u00e4rz und Freitag, den 13. M\u00e4rz 2026, zu einem zweit\u00e4gigen Streik bei der Lufthansa aufgerufen. Betroffen sind Lufthansa Passage und Lufthansa Cargo sowie Lufthansa CityLine. Hintergrund sind gescheiterte Tarifverhandlungen \u00fcber Verg\u00fctungsfragen bei Lufthansa CityLine sowie \u00fcber die betriebliche Altersversorgung der Pilotinnen<\/p>\n","protected":false},"author":3,"featured_media":1481,"comment_status":"closed","ping_status":"closed","sticky":false,"template":"","format":"standard","meta":{"footnotes":""},"categories":[29,32,314],"tags":[276,432],"class_list":{"0":"post-2191","1":"post","2":"type-post","3":"status-publish","4":"format-standard","5":"has-post-thumbnail","7":"category-flugreise","8":"category-deutschland","9":"category-wirtschaft","10":"tag-lufthansa","11":"tag-lufthansa-streik"},"_links":{"self":[{"href":"https:\/\/www.sonnenklar.tv\/news\/wp-json\/wp\/v2\/posts\/2191","targetHints":{"allow":["GET"]}}],"collection":[{"href":"https:\/\/www.sonnenklar.tv\/news\/wp-json\/wp\/v2\/posts"}],"about":[{"href":"https:\/\/www.sonnenklar.tv\/news\/wp-json\/wp\/v2\/types\/post"}],"author":[{"embeddable":true,"href":"https:\/\/www.sonnenklar.tv\/news\/wp-json\/wp\/v2\/users\/3"}],"replies":[{"embeddable":true,"href":"https:\/\/www.sonnenklar.tv\/news\/wp-json\/wp\/v2\/comments?post=2191"}],"version-history":[{"count":14,"href":"https:\/\/www.sonnenklar.tv\/news\/wp-json\/wp\/v2\/posts\/2191\/revisions"}],"predecessor-version":[{"id":2207,"href":"https:\/\/www.sonnenklar.tv\/news\/wp-json\/wp\/v2\/posts\/2191\/revisions\/2207"}],"wp:featuredmedia":[{"embeddable":true,"href":"https:\/\/www.sonnenklar.tv\/news\/wp-json\/wp\/v2\/media\/1481"}],"wp:attachment":[{"href":"https:\/\/www.sonnenklar.tv\/news\/wp-json\/wp\/v2\/media?parent=2191"}],"wp:term":[{"taxonomy":"category","embeddable":true,"href":"https:\/\/www.sonnenklar.tv\/news\/wp-json\/wp\/v2\/categories?post=2191"},{"taxonomy":"post_tag","embeddable":true,"href":"https:\/\/www.sonnenklar.tv\/news\/wp-json\/wp\/v2\/tags?post=2191"}],"curies":[{"name":"wp","href":"https:\/\/api.w.org\/{rel}","templated":true}]}}