{"id":8872,"date":"2018-11-07T10:00:23","date_gmt":"2018-11-07T08:00:23","guid":{"rendered":"https:\/\/www.sonnenklar.tv\/blog\/?p=8872"},"modified":"2026-03-24T16:16:23","modified_gmt":"2026-03-24T15:16:23","slug":"europas-schoenste-nationalparks","status":"publish","type":"post","link":"https:\/\/www.sonnenklar.tv\/blog\/reisearten\/europas-schoenste-nationalparks\/","title":{"rendered":"Europas 11 sch\u00f6nste Nationalparks"},"content":{"rendered":"\n<p><strong>Wer einen aktiven Urlaub in einer m\u00f6glichst reizvollen Landschaft verbringen m\u00f6chte, der st\u00f6\u00dft bei der Reiseplanung schnell auf&nbsp;Nationalparks als Reiseziel. Alleine in Europa gibt es&nbsp;mehr als 300 unterschiedliche Nationalparks&nbsp;und einige von ihnen befinden sich quasi direkt vor unserer Haust\u00fcr. Wir stellen euch hier&nbsp;die elf sch\u00f6nsten Parks in ganz Europa&nbsp;f\u00fcr eine kurze oder l\u00e4ngere Reise vor.<\/strong><\/p>\n\n\n\n<h2 class=\"wp-block-heading\">1. Frostige Sch\u00f6nheit: Nationalpark Vatnaj\u00f6kull (Island)<\/h2>\n\n\n\n<p>Gleich unser erster Tipp zu den sch\u00f6nsten Nationalparks in Europa versetzt Besucher regelm\u00e4\u00dfig in Staunen. Die Rede ist vom&nbsp;<strong>Nationalpark Vatnaj\u00f6kull im S\u00fcdosten von Island<\/strong>. Er ist fl\u00e4chenm\u00e4\u00dfig der&nbsp;<strong>gr\u00f6\u00dfte europ\u00e4ische Nationalpark<\/strong>&nbsp;und umfasst eine Landschaft mit vielen Highlights und frostigen Sch\u00f6nheiten.<\/p>\n\n\n\n<p>Zwischen Mai und August ist die beste Zeit, um den Vatnaj\u00f6kull Nationalpark zu besuchen, denn im isl\u00e4ndischen Sommer k\u00f6nnt ihr mit Temperaturen um 15 Grad rechnen. Dann besucht ihr auch am besten den gr\u00f6\u00dften Wasserfall des Landes:&nbsp;<strong>den Mors\u00e1rfoss<\/strong>. Weitere Naturhighlights sind die gewaltigen&nbsp;<strong>Vulkane \u00d6r\u00e6faj\u00f6kull und Gr\u00edmsv\u00f6tn<\/strong> und die darum befindlichen Steinschluchten zum Klettern und Wandern. Zu den Highlights unter den Freizeitaktivit\u00e4ten im Vatnaj\u00f6kull geh\u00f6ren vor allem&nbsp;<strong>Gletscherwanderungen und Eish\u00f6hlentouren<\/strong>, die euch tief in die einzigartige Natursch\u00f6nheit des Nationalparks eintauchen lassen.<\/p>\n\n\n<div class=\"wp-block-image wp-image-9546 size-full\">\n<figure class=\"aligncenter\"><img fetchpriority=\"high\" decoding=\"async\" width=\"880\" height=\"450\" src=\"https:\/\/www.sonnenklar.tv\/blog\/wp-content\/uploads\/2018\/11\/Nationalpark-Vatnajoekull-Island.jpg\" alt=\"Gletscherlagune J\u00f6kuls\u00e1rl\u00f3 im Vatnaj\u00f6kull Nationalpark, Island\" class=\"wp-image-9546\" srcset=\"https:\/\/www.sonnenklar.tv\/blog\/wp-content\/uploads\/2018\/11\/Nationalpark-Vatnajoekull-Island.jpg 880w, https:\/\/www.sonnenklar.tv\/blog\/wp-content\/uploads\/2018\/11\/Nationalpark-Vatnajoekull-Island-300x153.jpg 300w, https:\/\/www.sonnenklar.tv\/blog\/wp-content\/uploads\/2018\/11\/Nationalpark-Vatnajoekull-Island-768x393.jpg 768w\" sizes=\"(max-width: 880px) 100vw, 880px\" \/><figcaption class=\"wp-element-caption\">Eisberge an der Gletscherlagune J\u00f6kuls\u00e1rl\u00f3 im Vatnaj\u00f6kull Nationalpark.<\/figcaption><\/figure>\n<\/div>\n\n\n<h2 class=\"wp-block-heading\">2. Nationalpark Sarek (Schweden)<\/h2>\n\n\n\n<p>Abenteuer, Abgeschiedenheit und grenzenlose Wildnis erwarten euch beim Besuch im&nbsp;<strong>Sarek Nationalpark in Schweden<\/strong>. Er erstreckt sich im Norden des Landes \u00fcber Teile von Lappland. \u00dcbrigens ist der Sarek Nationalpark&nbsp;<strong>der \u00e4lteste Nationalpark in ganz Europa<\/strong>. Er wurde im Jahr 1909 gegr\u00fcndet und bietet seither heimischen Tieren wie dem&nbsp;<strong>Elch, Luchs und Wolf<\/strong>&nbsp;ein gesch\u00fctztes Zuhause.<\/p>\n\n\n\n<p>Als Reiseziel eignet sich der Nationalpark vor allem f\u00fcr alle, die Abenteuer erleben und mitten in der Natur sein m\u00f6chten. Ausgeschilderte Wanderwege gibt es vor Ort ebenso wenig wie H\u00fctten zum \u00dcbernachten oder ein Mobilfunknetz f\u00fcr die Nutzung von Smartphones. Wer sich im Sarek auf eine&nbsp;<strong>Trekkingtour<\/strong>&nbsp;begibt, der ben\u00f6tigt Zelt und Proviant, Gaskocher und Lampe. Aufgrund der Witterung ist die beste Jahreszeit f\u00fcr eine Trekkingtour im Sarek Nationalpark der Sommer mit moderaten Temperaturen. Allerdings empfiehlt sich in dieser Zeit ein effizienter M\u00fcckenschutz, denn die vielen Wasserl\u00e4ufe des Sarek sind beliebter Lebensraum f\u00fcr Stechm\u00fccken.<\/p>\n\n\n<div class=\"wp-block-image wp-image-9548 size-full\">\n<figure class=\"aligncenter\"><img decoding=\"async\" width=\"880\" height=\"450\" src=\"https:\/\/www.sonnenklar.tv\/blog\/wp-content\/uploads\/2018\/11\/Sarek-Nationalpark-Schweden.jpg\" alt=\"Wandern im Sarek Nationalpark in Schweden\" class=\"wp-image-9548\" srcset=\"https:\/\/www.sonnenklar.tv\/blog\/wp-content\/uploads\/2018\/11\/Sarek-Nationalpark-Schweden.jpg 880w, https:\/\/www.sonnenklar.tv\/blog\/wp-content\/uploads\/2018\/11\/Sarek-Nationalpark-Schweden-300x153.jpg 300w, https:\/\/www.sonnenklar.tv\/blog\/wp-content\/uploads\/2018\/11\/Sarek-Nationalpark-Schweden-768x393.jpg 768w\" sizes=\"(max-width: 880px) 100vw, 880px\" \/><figcaption class=\"wp-element-caption\">Solche Ausblicke erwarten euch bei einer Trekkingtour durch den Sarek Nationalpark.<\/figcaption><\/figure>\n<\/div>\n\n\n<h2 class=\"wp-block-heading\">3. Teide Nationalpark auf Teneriffa (Spanien)<\/h2>\n\n\n\n<p>Ebenfalls ein Nationalpark der Superlative, jedoch nicht im k\u00fchlen Norden Europas, sondern im sonnigen S\u00fcden, ist der&nbsp;<strong>Parque Nacional del Teide<\/strong>. Er wird auch Teide Nationalpark genannt und befindet sich auf der&nbsp;<strong>Sonneninsel Teneriffa<\/strong>. Der Teide Nationalpark ist mit j\u00e4hrlich mehr als vier Millionen Besuchern der&nbsp;<strong>meistbesuchte Nationalpark in Europa<\/strong>&nbsp;und rangiert selbst weltweit unter den Top 10 der meistbesuchten Nationalparks. Namensgebend f\u00fcr diesen Park ist der&nbsp;<strong>Vulkan Pico del Teide<\/strong>, welcher die h\u00f6chste Erhebung der Insel ist und einen imposanten Blick bietet. Ihr gelangt sowohl mit den Bussen des \u00f6ffentlichen Nahverkehrs als auch mit eurem Mietwagen in den Park und k\u00f6nnt verschiedene Aussichtspunkte ansteuern.<\/p>\n\n\n<div class=\"wp-block-image wp-image-9549 size-full\">\n<figure class=\"aligncenter\"><img decoding=\"async\" width=\"880\" height=\"450\" src=\"https:\/\/www.sonnenklar.tv\/blog\/wp-content\/uploads\/2018\/11\/Teide-Nationalpark-Teneriffa.jpg\" alt=\"Teide Nationalpark, Teneriffa\" class=\"wp-image-9549\" srcset=\"https:\/\/www.sonnenklar.tv\/blog\/wp-content\/uploads\/2018\/11\/Teide-Nationalpark-Teneriffa.jpg 880w, https:\/\/www.sonnenklar.tv\/blog\/wp-content\/uploads\/2018\/11\/Teide-Nationalpark-Teneriffa-300x153.jpg 300w, https:\/\/www.sonnenklar.tv\/blog\/wp-content\/uploads\/2018\/11\/Teide-Nationalpark-Teneriffa-768x393.jpg 768w\" sizes=\"(max-width: 880px) 100vw, 880px\" \/><figcaption class=\"wp-element-caption\">Ein herrliches Ganzjahresziel ist der Teide Nationalpark.<\/figcaption><\/figure>\n<\/div>\n\n\n<p>Imposant ist jedoch auch eine&nbsp;<strong>Fahrt mit der Seilbahn hinauf Richtung Krater<\/strong>. Das letzte St\u00fcck bis zum Krater des Teide m\u00fcsst ihr jedoch in jedem Fall zu Fu\u00df zur\u00fccklegen und solltet dazu etwa eine halbe Stunde Zeit einplanen.<\/p>\n\n\n\n<h2 class=\"wp-block-heading\">4. Reiseziel Nationalpark S\u00e4chsische Schweiz (Deutschland)<\/h2>\n\n\n\n<p>Zweifellos zu den sch\u00f6nsten Nationalparks in Deutschland geh\u00f6rt die&nbsp;<strong>S\u00e4chsische Schweiz<\/strong>. Ihr Herzst\u00fcck ist das beeindruckende&nbsp;<strong>Elbsandsteingebirge<\/strong>, welches sich auf vielerlei Hinsicht bis ins Detail erkunden l\u00e4sst. Im besten Fall habt ihr f\u00fcr euren Besuch im Nationalpark S\u00e4chsische Schweiz eine Woche Zeit und erkundet alle Bereiche zu Fu\u00df.<\/p>\n\n\n\n<p>Hierzu f\u00fchrt der&nbsp;<strong>legend\u00e4re Fernwanderweg Malerweg<\/strong>&nbsp;auf einer L\u00e4nge von 112 Kilometern vorbei an allen Top-Sehensw\u00fcrdigkeiten und den massiven Bergen des Elbsandsteingebirges. Beginnend in Liebethal passiert ihr auf dem Fernwanderweg in acht Etappen Richtung Pirna zum Beispiel die&nbsp;<strong>Festung K\u00f6nigstein<\/strong>, die Burg Hohnstein, die Affensteine und die Bastei mit ihrer <a href=\"https:\/\/www.sonnenklar.tv\/blog\/schoenste-bruecken\/#basteibruecke\" target=\"_blank\" rel=\"noopener noreferrer\">wundersch\u00f6nen <strong>Basteibr\u00fccke<\/strong><\/a>. Sie ist \u00fcbrigens der beliebteste Ort f\u00fcr ein Erinnerungsfoto im Nationalpark S\u00e4chsische Schweiz und bietet eine imposante Sicht auf die umliegenden Felsen und die Landschaft. Schwindelfrei solltet ihr jedoch sein, wenn ihr bei eurem Besuch im Nationalpark S\u00e4chsische Schweiz die Basteibr\u00fccke \u00fcberqueren m\u00f6chtet.<\/p>\n\n\n<div class=\"wp-block-image wp-image-9550 size-full\">\n<figure class=\"aligncenter\"><img loading=\"lazy\" decoding=\"async\" width=\"880\" height=\"450\" src=\"https:\/\/www.sonnenklar.tv\/blog\/wp-content\/uploads\/2018\/11\/Saechsische-Schweiz-Aussicht.jpg\" alt=\"Nationalpark S\u00e4chsische Schweiz, Ausblick auf die Bastei\" class=\"wp-image-9550\" srcset=\"https:\/\/www.sonnenklar.tv\/blog\/wp-content\/uploads\/2018\/11\/Saechsische-Schweiz-Aussicht.jpg 880w, https:\/\/www.sonnenklar.tv\/blog\/wp-content\/uploads\/2018\/11\/Saechsische-Schweiz-Aussicht-300x153.jpg 300w, https:\/\/www.sonnenklar.tv\/blog\/wp-content\/uploads\/2018\/11\/Saechsische-Schweiz-Aussicht-768x393.jpg 768w\" sizes=\"(max-width: 880px) 100vw, 880px\" \/><figcaption class=\"wp-element-caption\">Der fr\u00fche Vogel f\u00e4ngt das sch\u00f6nste Foto: Bei Sonnenaufgang macht ihr ph\u00e4nomenale Aufnahmen von der Basteibr\u00fccke.<\/figcaption><\/figure>\n<\/div>\n\n\n<p>Habt ihr&#8217;s schon gewusst? Die S\u00e4chsische Schweiz z\u00e4hlt auch zu den beliebtesten Urlaubsregionen in Deutschland. Klickt jetzt f\u00fcr <a href=\"https:\/\/www.sonnenklar.tv\/blog\/urlaubsregionen-deutschland\/\" target=\"_blank\" rel=\"noreferrer noopener\">alle Highlights der Bundesrepublik<\/a>!<\/p>\n\n\n\n<p>\u25ba <a href=\"https:\/\/www.sonnenklar.tv\/promo\/hotels\/hotels-saechsische-schweiz.html\" target=\"_blank\" rel=\"noopener noreferrer\">Die besten Hotel-Angebote in der S\u00e4chsischen Schweiz<\/a> findet ihr hier<\/p>\n\n\n\n<h2 class=\"wp-block-heading\">5. Der Nationalpark Vorpommersche Boddenlandschaft (Deutschland)<\/h2>\n\n\n\n<p>Ein weiterer Nationalpark in Deutschland ist schnell erreichbar und daher bestens f\u00fcr einen kurzen Urlaub oder einen spontanen Kurztrip geeignet. Die Rede ist vom&nbsp;<strong>Nationalpark Vorpommersche Boddenlandschaft<\/strong>, der sich vom Fischland-Dar\u00df-Zingst bis zur K\u00fcste R\u00fcgens entlang der Ostseek\u00fcste erstreckt. J\u00e4hrlich rasten in diesem gesch\u00fctzten Gebiet zahlreiche&nbsp;<strong>Kraniche<\/strong> auf ihrer Flugroute in Richtung S\u00fcden und sind das wohl bekannteste Schauspiel des Nationalparks.<\/p>\n\n\n\n<figure class=\"wp-block-embed\"><div class=\"wp-block-embed__wrapper\">\nhttps:\/\/www.sonnenklar.tv\/blog\/ostsee-straende\n<\/div><\/figure>\n\n\n\n<p>Wenn ihr die V\u00f6gel des Gl\u00fccks auf ihrer Reise beobachten m\u00f6chtet, bietet sich eine der gef\u00fchrten Touren zu den Rastpl\u00e4tzen der Kraniche im Fr\u00fchjahr und Herbst an. An verschiedenen Stellen im Park sind dazu Beobachtungspunkte eingerichtet.<\/p>\n\n\n\n<p>Doch auch den Rest des Jahres \u00fcber sind die K\u00fcstenabschnitte, Str\u00e4nde und D\u00fcnen, das bewaldete Hinterland und die tierischen Bewohner sehenswert.&nbsp;<strong>Sowohl Wander- als auch Radwege<\/strong>&nbsp;f\u00fchren durch den Nationalpark Vorpommersche Boddenlandschaft und bieten euch tiefe Einblicke in diesen Lebensraum im Nordosten des Landes.<\/p>\n\n\n<div class=\"wp-block-image wp-image-9551 size-full\">\n<figure class=\"aligncenter\"><img loading=\"lazy\" decoding=\"async\" width=\"880\" height=\"450\" src=\"https:\/\/www.sonnenklar.tv\/blog\/wp-content\/uploads\/2018\/11\/Nationalpark-Vorpommersche-Boddenlandschaft.jpg\" alt=\"Die Vorpommersche Boddenlandschaft ist ein sch\u00f6nes Ausflugziel f\u00fcr jeden Ostsee-Urlauber\" class=\"wp-image-9551\" srcset=\"https:\/\/www.sonnenklar.tv\/blog\/wp-content\/uploads\/2018\/11\/Nationalpark-Vorpommersche-Boddenlandschaft.jpg 880w, https:\/\/www.sonnenklar.tv\/blog\/wp-content\/uploads\/2018\/11\/Nationalpark-Vorpommersche-Boddenlandschaft-300x153.jpg 300w, https:\/\/www.sonnenklar.tv\/blog\/wp-content\/uploads\/2018\/11\/Nationalpark-Vorpommersche-Boddenlandschaft-768x393.jpg 768w\" sizes=\"(max-width: 880px) 100vw, 880px\" \/><figcaption class=\"wp-element-caption\">Raue, wilde Natur erwartet euch im Nationalpark Vorpommersche Boddenlandschaft.<\/figcaption><\/figure>\n<\/div>\n\n\n<p>Das Gute liegt also manchmal doch so nah &#8211; entdeckt hier noch weitere <a href=\"https:\/\/www.sonnenklar.tv\/blog\/reisetipps-ostsee\/\" target=\"_blank\" rel=\"noreferrer noopener\">Sehensw\u00fcrdigkeiten an der Ostsee<\/a>!<\/p>\n\n\n\n<h2 class=\"wp-block-heading\">6. Retezat Nationalpark in den Karpaten (Rum\u00e4nien)<\/h2>\n\n\n\n<p>Ruhige Gletscherseen, deren Wasser in der Sonne schimmert, eine hohe Artenvielfalt und jede Menge Angebote f\u00fcr Wanderer \u2013 das sind die gr\u00f6\u00dften Highlights des&nbsp;<strong>Retezat Nationalparks in Rum\u00e4nien<\/strong>. Er befindet sich in den&nbsp;<strong>Karpaten<\/strong>&nbsp;und ist am besten per Pkw zu erreichen. Vor Ort gibt es&nbsp;<strong>mehr als 20 ausgeschilderte Wanderwege<\/strong>, die durch den Nationalpark f\u00fchren und verschiedene Beobachtungspunkte oder Sehensw\u00fcrdigkeiten ansteuern. Von den Beobachtungspunkten aus lassen sich mit etwas Gl\u00fcck die tierischen Bewohner des Parks genauer beobachten. Hierzu geh\u00f6ren B\u00e4ren, Luchse, W\u00f6lfe, Adler, Geier und vieles mehr.<\/p>\n\n\n\n<p>Ein Roadtrip durch Rum\u00e4nien: Was unsere Autorin in Transsilvanien alles erlebt hat, <a href=\"https:\/\/www.sonnenklar.tv\/blog\/rumaenien-reisebericht\/\" target=\"_blank\" rel=\"noreferrer noopener\">erz\u00e4hlt sie euch hier<\/a>!<\/p>\n\n\n\n<p>Sehensw\u00fcrdigkeiten im Retezat Nationalpark in den Karpaten sind vor allem die beiden gro\u00dfen<strong>&nbsp;Gletscherseen Lacul Bucura und Lacul Zanoaga<\/strong>. Ebenso ist der&nbsp;<strong>Berg Peleaga<\/strong>&nbsp;mit seinen 2.509 Metern H\u00f6he ein wichtiges Ausflugsziel im Park. \u00dcbernachten k\u00f6nnt ihr direkt im Park. An verschiedenen Stellen befinden sich ausgeschilderte Campingpl\u00e4tze und Bergh\u00fctten.<\/p>\n\n\n<div class=\"wp-block-image wp-image-9552 size-full\">\n<figure class=\"aligncenter\"><img loading=\"lazy\" decoding=\"async\" width=\"880\" height=\"450\" src=\"https:\/\/www.sonnenklar.tv\/blog\/wp-content\/uploads\/2018\/11\/Retezat-Nationalpark-Rumaenien.jpg\" alt=\"Retezat Nationalpark, Rum\u00e4nien\" class=\"wp-image-9552\" srcset=\"https:\/\/www.sonnenklar.tv\/blog\/wp-content\/uploads\/2018\/11\/Retezat-Nationalpark-Rumaenien.jpg 880w, https:\/\/www.sonnenklar.tv\/blog\/wp-content\/uploads\/2018\/11\/Retezat-Nationalpark-Rumaenien-300x153.jpg 300w, https:\/\/www.sonnenklar.tv\/blog\/wp-content\/uploads\/2018\/11\/Retezat-Nationalpark-Rumaenien-768x393.jpg 768w\" sizes=\"(max-width: 880px) 100vw, 880px\" \/><figcaption class=\"wp-element-caption\">Idyllisch sind vor allem auch die Sonnenunterg\u00e4nge im Retezat Nationalpark.<\/figcaption><\/figure>\n<\/div>\n\n\n<h2 class=\"wp-block-heading\">7. Wandertraum: Padjelanta Nationalpark (Schweden)<\/h2>\n\n\n\n<p>Im malerischen und kaum besiedelten Lappland hoch im Norden von Schweden befindet sich der&nbsp;<strong>Nationalpark Padjelanta<\/strong>&nbsp;mit seinem bekannten&nbsp;<strong>Wanderweg Padjelantaleden<\/strong>. Er zieht sich auf einer L\u00e4nge von rund 140 Kilometern durch den Park. W\u00e4hrend der Sommermonate k\u00f6nnt ihr sowohl im Norden vom Ort Ritsem aus, als auch im S\u00fcden von der Ortschaft Kvikkjokk den Fernwanderweg begehen. Entlang der Route befinden sich vereinzelte H\u00fctten zum \u00dcbernachten.<\/p>\n\n\n\n<p>Wer mehr \u00fcber die in Lappland lebenden Samen und ihr traditionelles Leben erfahren m\u00f6chte, sollte die&nbsp;<strong>Samensiedlung Arasluokta<\/strong>&nbsp;besuchen. Sie wird w\u00e4hrend der Sommermonate von Rentierz\u00fcchtern bewohnt.<\/p>\n\n\n<div class=\"wp-block-image wp-image-9553 size-full\">\n<figure class=\"aligncenter\"><img loading=\"lazy\" decoding=\"async\" width=\"880\" height=\"450\" src=\"https:\/\/www.sonnenklar.tv\/blog\/wp-content\/uploads\/2018\/11\/Sami-Huette-Padjelanta-Nationalpark-Schweden.jpg\" alt=\"Sami-H\u00fctte, Padjelanta Nationalpark, Schweden\" class=\"wp-image-9553\" srcset=\"https:\/\/www.sonnenklar.tv\/blog\/wp-content\/uploads\/2018\/11\/Sami-Huette-Padjelanta-Nationalpark-Schweden.jpg 880w, https:\/\/www.sonnenklar.tv\/blog\/wp-content\/uploads\/2018\/11\/Sami-Huette-Padjelanta-Nationalpark-Schweden-300x153.jpg 300w, https:\/\/www.sonnenklar.tv\/blog\/wp-content\/uploads\/2018\/11\/Sami-Huette-Padjelanta-Nationalpark-Schweden-768x393.jpg 768w\" sizes=\"(max-width: 880px) 100vw, 880px\" \/><figcaption class=\"wp-element-caption\">Auch Wanderer k\u00f6nnen die Sami-Unterschl\u00fcpfe nutzen.<\/figcaption><\/figure>\n<\/div>\n\n\n<p>Das landschaftliche Highlight des Parks ist der See Virihaure. Falls ihr nach eurem Besuch im Padjelanta Nationalpark noch mehr landschaftliche Sch\u00f6nheiten Skandinaviens entdecken m\u00f6chtet, dann verlasst ihr den Park am besten im Westen. Hier grenzt Schwedens gr\u00f6\u00dfter Nationalpark n\u00e4mlich direkt an den&nbsp;<strong>norwegischen Rago-Nationalpark<\/strong>.<\/p>\n\n\n\n<h2 class=\"wp-block-heading\">8. Mystisch: Dartmoor Nationalpark (England)<\/h2>\n\n\n\n<p>Sagen, Legenden und unerkl\u00e4rliche Ph\u00e4nomene ranken sich seit unz\u00e4hligen Jahren um den&nbsp;<strong>Dartmoor Nationalpark in England<\/strong>. Er befindet sich in der Grafschaft Devon und besteht \u00fcberwiegend aus&nbsp;<strong>Moor und Heidelandschaft<\/strong>. Diese wird vielfach von den so genannten &#8222;Toren&#8220; durchbrochen. Es handelt sich dabei um besondere Felsformationen, die teilweise wie Kunstobjekte in den Himmel ragen.<\/p>\n\n\n<div class=\"wp-block-image wp-image-9554 size-full\">\n<figure class=\"aligncenter\"><img loading=\"lazy\" decoding=\"async\" width=\"880\" height=\"450\" src=\"https:\/\/www.sonnenklar.tv\/blog\/wp-content\/uploads\/2018\/11\/Dartmoor-Nationalpark-England.jpg\" alt=\"Combestone-Tor, Dartmoor-Nationalpark\" class=\"wp-image-9554\" srcset=\"https:\/\/www.sonnenklar.tv\/blog\/wp-content\/uploads\/2018\/11\/Dartmoor-Nationalpark-England.jpg 880w, https:\/\/www.sonnenklar.tv\/blog\/wp-content\/uploads\/2018\/11\/Dartmoor-Nationalpark-England-300x153.jpg 300w, https:\/\/www.sonnenklar.tv\/blog\/wp-content\/uploads\/2018\/11\/Dartmoor-Nationalpark-England-768x393.jpg 768w\" sizes=\"(max-width: 880px) 100vw, 880px\" \/><figcaption class=\"wp-element-caption\">Der Combestone Tor ist ein beliebtes Ausflugsziel. Seid fr\u00fch da, dann erlebt ihr zum Sonnenaufgang ein spektakul\u00e4res Farbenspiel.<\/figcaption><\/figure>\n<\/div>\n\n\n<p>Mehr als 700 Jahre ist die&nbsp;<strong>Clapper Bridge<\/strong>&nbsp;alt, welche \u00fcber einen schmalen Wasserlauf im Nationalpark f\u00fchrt. Sie besteht aus Granitfelsen. Die \u00dcberquerung der historischen Br\u00fccke geh\u00f6rt f\u00fcr die meisten Besucher unbedingt ins Freizeitprogramm. Zus\u00e4tzlich erlangte das&nbsp;<strong>Gef\u00e4ngnis im Dartmoor<\/strong>&nbsp;Ber\u00fchmtheit. Das Geb\u00e4ude wird inzwischen nicht mehr als Gef\u00e4ngnis genutzt, sondern ist ein Museum mit Exponaten zum legend\u00e4ren Gef\u00e4ngnisaufstand.<\/p>\n\n\n\n<p>M\u00f6chtet ihr mit dem Zug in den Nationalpark Dartmoor reisen, fahrt ihr am besten bis&nbsp;<strong>Plymouth<\/strong>. Von hier aus bestehen Busverbindungen zum Besucherzentrum des Nationalparks und in die Ortschaften der direkten Umgebung.<\/p>\n\n\n\n<h2 class=\"wp-block-heading\">9. Wasserreicher Nationalpark Plitvicer Seen (Kroatien)<\/h2>\n\n\n\n<p>Wasser in all seinen Facetten erlebt ihr bei einem Besuch im&nbsp;<strong>kroatischen Nationalpark Plitvicer Seen<\/strong>, welcher zum UNSECO-Weltnaturerbe geh\u00f6rt und seit 1949 besteht. Der Park befindet sich im Herzen Kroatiens. Die n\u00e4chstgelegenen St\u00e4dte sind Korenica und Slunj. Er wird j\u00e4hrlich von rund einer halben Million Menschen besucht und bietet vom Fr\u00fchling bis in den Herbst die besten Voraussetzungen f\u00fcr einen erlebnisreichen Besuch. In diesem Nationalpark erwartet euch eine einzigartige Wasserlandschaft, die sich aus&nbsp;<strong>16 verschiedenen Seen<\/strong>&nbsp;in unterschiedlicher Gr\u00f6\u00dfe zusammensetzt. Diese Seen sind durch Fl\u00fcsse, B\u00e4che oder Wasserf\u00e4lle komplett miteinander verbunden und bilden ein einzigartiges \u00d6kosystem, welches zahlreichen Pflanzen- und Tierarten ein Zuhause bietet.<\/p>\n\n\n<div class=\"wp-block-image wp-image-9555 size-full\">\n<figure class=\"aligncenter\"><img loading=\"lazy\" decoding=\"async\" width=\"880\" height=\"450\" src=\"https:\/\/www.sonnenklar.tv\/blog\/wp-content\/uploads\/2018\/11\/Nationalpark-Plitvicer-Seen.jpg\" alt=\"Nationalpark Plitvicer Seen in Kroatien\" class=\"wp-image-9555\" srcset=\"https:\/\/www.sonnenklar.tv\/blog\/wp-content\/uploads\/2018\/11\/Nationalpark-Plitvicer-Seen.jpg 880w, https:\/\/www.sonnenklar.tv\/blog\/wp-content\/uploads\/2018\/11\/Nationalpark-Plitvicer-Seen-300x153.jpg 300w, https:\/\/www.sonnenklar.tv\/blog\/wp-content\/uploads\/2018\/11\/Nationalpark-Plitvicer-Seen-768x393.jpg 768w\" sizes=\"(max-width: 880px) 100vw, 880px\" \/><figcaption class=\"wp-element-caption\">Geh\u00f6rt zu den sch\u00f6nsten Flecken Erde auf dieser Welt: die Plitvicer Seen.<\/figcaption><\/figure>\n<\/div>\n\n\n<p>Der gr\u00f6\u00dfte Wasserfall des Parks ist zugleich der gr\u00f6\u00dfte Wasserfall des Landes und tr\u00e4gt den schlichten Namen&nbsp;<strong>gro\u00dfer Wasserfall<\/strong>. Hier st\u00fcrzt das Wasser des&nbsp;<strong>Flusses Plitvica<\/strong> rund 78 Meter tief in die unteren Seen des Nationalparks.<\/p>\n\n\n\n<p>\u25ba <a href=\"https:\/\/www.sonnenklar.tv\/blog\/plitvicer-seen\/\" target=\"_blank\" rel=\"noopener noreferrer\">Alle Informationen rund um die Plitvicer Seen<\/a><\/p>\n\n\n\n<p>Um den Park zu Fu\u00df zu erkunden, nutzt ihr am besten die ausgeschilderten Spazierwege, welche zu den unterschiedlichen Seen f\u00fchren. Wichtig ist zudem ein Blick auf die Verhaltensregeln des Nationalparks, die an allen Eing\u00e4ngen zu finden sind.<\/p>\n\n\n\n<p>Hier entlang f\u00fcr unseren gro\u00dfen <a href=\"https:\/\/www.sonnenklar.tv\/blog\/reisetipps-kroatien\/\" target=\"_blank\" rel=\"noreferrer noopener\">Urlaubsguide zu Kroatien<\/a>!<\/p>\n\n\n\n<h2 class=\"wp-block-heading\">10. Weltnaturerbe Durmitor Nationalpark (Montenegro)<\/h2>\n\n\n\n<p>Im&nbsp;<strong>Norden von Montenegro<\/strong>&nbsp;und teilweise an der Grenze zu Bosnien und Herzegowina befindet sich der gr\u00f6\u00dfte Nationalpark des Landes:&nbsp;<strong>Durmitor<\/strong>. Er ist Teil des Weltnaturerbes der UNESCO und h\u00e4lt f\u00fcr Besucher eine artenreiche Tier- und Pflanzenwelt so wie ein abwechslungsreiches Freizeitprogramm bereit. Ausgangspunkt f\u00fcr eine Erkundung des Durmitor Nationalparks ist in der Regel die&nbsp;<strong>Gemeinde \u017dabljak<\/strong>. Hierhin gelangt ihr sowohl mit dem Auto als auch mit Bus und Bahn. Zudem befinden sich in \u017dabljak Einkaufs- und \u00dcbernachtungsm\u00f6glichkeiten.<\/p>\n\n\n\n<p>Im Nationalpark warten&nbsp;<strong>17 Gletscherseen<\/strong>&nbsp;wie der Schwarze See, rund&nbsp;<strong>40 Berggipfel<\/strong>&nbsp;von mehr als 2.000 Metern H\u00f6he und der&nbsp;<strong>Fluss Tara<\/strong>&nbsp;auf euch. Vor allem der Fluss bietet im Sommer spannende M\u00f6glichkeiten f\u00fcr eine aktive Freizeitgestaltung, denn er kann zum Rafting, Canyoning und f\u00fcr Kanufahrten genutzt werden. Imposant ist auch ein Blick ist die 1.300 Meter tiefe&nbsp;<strong>Tara-Schlucht<\/strong>, welche der tiefste Canyon Europas ist.<\/p>\n\n\n<div class=\"wp-block-image wp-image-9558 size-full\">\n<figure class=\"aligncenter\"><img loading=\"lazy\" decoding=\"async\" width=\"880\" height=\"450\" src=\"https:\/\/www.sonnenklar.tv\/blog\/wp-content\/uploads\/2018\/11\/Schwarzer-See-Durmitor-Nationalpark.jpg\" alt=\"Der Schwarze See im Durmitor Nationalpark\" class=\"wp-image-9558\" srcset=\"https:\/\/www.sonnenklar.tv\/blog\/wp-content\/uploads\/2018\/11\/Schwarzer-See-Durmitor-Nationalpark.jpg 880w, https:\/\/www.sonnenklar.tv\/blog\/wp-content\/uploads\/2018\/11\/Schwarzer-See-Durmitor-Nationalpark-300x153.jpg 300w, https:\/\/www.sonnenklar.tv\/blog\/wp-content\/uploads\/2018\/11\/Schwarzer-See-Durmitor-Nationalpark-768x393.jpg 768w\" sizes=\"(max-width: 880px) 100vw, 880px\" \/><figcaption class=\"wp-element-caption\">Der Schwarze See im Durmitor Nationalpark ist wirklich ein mystischer Ort.<\/figcaption><\/figure>\n<\/div>\n\n\n<p>F\u00fcr Wanderungen und&nbsp;<strong>Wassersport<\/strong>&nbsp;sind der Fr\u00fchling und Herbst die besten Reisezeiten. Im Winter k\u00f6nnt ihr hier jedoch ebenfalls sportlich aktiv werden. Rund drei Monate lang ist die Gemeinde \u017dabljak im Durmitor Nationalpark ein<strong>&nbsp;Hotspot des Wintersports in Montenegro<\/strong>.<\/p>\n\n\n\n<p>\u25ba \u00dcberzeugt euch selbst der Sch\u00f6nheit Montenegros \u00fcberzeugen &#8211; mit unseren <a href=\"https:\/\/www.sonnenklar.tv\/promo\/reisen-serbien-montenegro.html\" target=\"_blank\" rel=\"noopener noreferrer\">aktuellen Angeboten<\/a><\/p>\n\n\n\n<h2 class=\"wp-block-heading\">11. Cinque Terre Nationalpark (Italien)<\/h2>\n\n\n\n<p>Er ist zugleich der \u00e4lteste und der kleinste Nationalpark in Italien und befindet sich mitten im malerischen&nbsp;<strong>Ligurien<\/strong>: der&nbsp;<strong>Cinque Terre Nationalpark<\/strong>. Weltber\u00fchmt ist diese Schutzzone vor allem f\u00fcr ihre f\u00fcnf D\u00f6rfer an der K\u00fcste mit bunten H\u00e4usern und historischen Ortskernen. W\u00e4hrend die Landschaft als Naturpark unter besonderem Schutz steht, <a href=\"https:\/\/www.sonnenklar.tv\/blog\/zu-besuch-bei-den-10-schoensten-unesco-welterbestaetten-italiens\/\" target=\"_blank\" rel=\"noopener noreferrer\">sind&nbsp;<strong>die D\u00f6rfer Teil des UNESCO-Weltkulturerbes<\/strong><\/a>.<\/p>\n\n\n<div class=\"wp-block-image wp-image-9559 size-full\">\n<figure class=\"aligncenter\"><img loading=\"lazy\" decoding=\"async\" width=\"880\" height=\"450\" src=\"https:\/\/www.sonnenklar.tv\/blog\/wp-content\/uploads\/2018\/11\/Vernazza-Cinque-Terre-Italien.jpg\" alt=\"Blick auf Vernazza, Cinque Terre, Italien\" class=\"wp-image-9559\" srcset=\"https:\/\/www.sonnenklar.tv\/blog\/wp-content\/uploads\/2018\/11\/Vernazza-Cinque-Terre-Italien.jpg 880w, https:\/\/www.sonnenklar.tv\/blog\/wp-content\/uploads\/2018\/11\/Vernazza-Cinque-Terre-Italien-300x153.jpg 300w, https:\/\/www.sonnenklar.tv\/blog\/wp-content\/uploads\/2018\/11\/Vernazza-Cinque-Terre-Italien-768x393.jpg 768w\" sizes=\"(max-width: 880px) 100vw, 880px\" \/><figcaption class=\"wp-element-caption\">Ein kleiner Vorgeschmack auf Cinque Terre: der herrliche Blick auf Vernazza &#8230;<\/figcaption><\/figure>\n<\/div>\n\n\n<p>Der einfachste Weg, um in den italienischen Nationalpark Cinque Terre zu reisen, ist die Anreise mit dem Zug. In alle f\u00fcnf Orte besteht eine Zugverbindung aus dem Umland und vor Ort im Park k\u00f6nnt ihr Busse und den Zug zur Fortbewegung nutzen. F\u00fcr \u00dcbernachtungsm\u00f6glichkeiten ist in den&nbsp;<strong>Ortschaften Corniglia, Riomaggiore, Monterosso al Mare, Manarola und Vernazza<\/strong>&nbsp;gesorgt.<\/p>\n\n\n\n<p><a href=\"https:\/\/www.sonnenklar.tv\/beschreibung\/Italien\/Italienische_Riviera\/Monterosso_al_Mare\/5_Terre.html\" target=\"_blank\" rel=\"noopener noreferrer\">Neben Sightseeing in den weltber\u00fchmten bunten D\u00f6rfern<\/a> bietet der Nationalpark selbstverst\u00e4ndlich Wanderwege. Ein Highlight dieses Parks sind jedoch die verschlungenen und verzweigten&nbsp;<strong>Wege f\u00fcr Kajakfahrten<\/strong>. Auf diesem Weg gelangt ihr zu den gut versteckten H\u00f6hlen, den imposanten Wasserf\u00e4llen und den Lebensmittelpunkten der heimischen Tierwelt.<\/p>\n","protected":false},"excerpt":{"rendered":"<p>Wer einen aktiven Urlaub in einer m\u00f6glichst reizvollen Landschaft verbringen m\u00f6chte, der st\u00f6\u00dft bei der Reiseplanung schnell auf&nbsp;Nationalparks als Reiseziel. Alleine in Europa gibt es&nbsp;mehr als 300 unterschiedliche Nationalparks&nbsp;und einige von ihnen befinden sich quasi direkt vor unserer Haust\u00fcr. Wir stellen euch hier&nbsp;die elf sch\u00f6nsten Parks in ganz Europa&nbsp;f\u00fcr eine kurze oder l\u00e4ngere Reise vor.<\/p>\n","protected":false},"author":3,"featured_media":9560,"comment_status":"closed","ping_status":"open","sticky":false,"template":"","format":"standard","meta":{"footnotes":""},"categories":[3],"tags":[506,484,497],"class_list":{"0":"post-8872","1":"post","2":"type-post","3":"status-publish","4":"format-standard","5":"has-post-thumbnail","7":"category-reisearten","8":"tag-aktivitaeten","9":"tag-sehenswuerdigkeiten","10":"tag-wandern"},"_links":{"self":[{"href":"https:\/\/www.sonnenklar.tv\/blog\/wp-json\/wp\/v2\/posts\/8872","targetHints":{"allow":["GET"]}}],"collection":[{"href":"https:\/\/www.sonnenklar.tv\/blog\/wp-json\/wp\/v2\/posts"}],"about":[{"href":"https:\/\/www.sonnenklar.tv\/blog\/wp-json\/wp\/v2\/types\/post"}],"author":[{"embeddable":true,"href":"https:\/\/www.sonnenklar.tv\/blog\/wp-json\/wp\/v2\/users\/3"}],"replies":[{"embeddable":true,"href":"https:\/\/www.sonnenklar.tv\/blog\/wp-json\/wp\/v2\/comments?post=8872"}],"version-history":[{"count":19,"href":"https:\/\/www.sonnenklar.tv\/blog\/wp-json\/wp\/v2\/posts\/8872\/revisions"}],"predecessor-version":[{"id":39162,"href":"https:\/\/www.sonnenklar.tv\/blog\/wp-json\/wp\/v2\/posts\/8872\/revisions\/39162"}],"wp:featuredmedia":[{"embeddable":true,"href":"https:\/\/www.sonnenklar.tv\/blog\/wp-json\/wp\/v2\/media\/9560"}],"wp:attachment":[{"href":"https:\/\/www.sonnenklar.tv\/blog\/wp-json\/wp\/v2\/media?parent=8872"}],"wp:term":[{"taxonomy":"category","embeddable":true,"href":"https:\/\/www.sonnenklar.tv\/blog\/wp-json\/wp\/v2\/categories?post=8872"},{"taxonomy":"post_tag","embeddable":true,"href":"https:\/\/www.sonnenklar.tv\/blog\/wp-json\/wp\/v2\/tags?post=8872"}],"curies":[{"name":"wp","href":"https:\/\/api.w.org\/{rel}","templated":true}]}}