{"id":8475,"date":"2018-09-21T15:26:21","date_gmt":"2018-09-21T13:26:21","guid":{"rendered":"https:\/\/www.sonnenklar.tv\/blog\/?p=8475"},"modified":"2026-03-24T15:34:01","modified_gmt":"2026-03-24T14:34:01","slug":"reisebericht-comer-see-mein-italienurlaub-der-extraklasse","status":"publish","type":"post","link":"https:\/\/www.sonnenklar.tv\/blog\/urlaubslaender\/reisebericht-comer-see-mein-italienurlaub-der-extraklasse\/","title":{"rendered":"Zauber des Comer Sees: Mein Italienurlaub der Extraklasse"},"content":{"rendered":"\n<p><strong>Unser Autor wollte ein Rennen in Monza sehen &#8211; und entdeckte dabei den zauberhaften Comer See. Was er dort alles angesehen hat und was ihr ebenfalls auf keinen Fall verpassen solltet, verr\u00e4t er euch hier!<\/strong><\/p>\n\n\n<div class=\"wp-block-image wp-image-10688 size-full\">\n<figure class=\"aligncenter\"><img fetchpriority=\"high\" decoding=\"async\" width=\"880\" height=\"450\" src=\"https:\/\/www.sonnenklar.tv\/blog\/wp-content\/uploads\/2018\/09\/comer-see-italien.jpg\" alt=\"Comer See in Italien\" class=\"wp-image-10688\" srcset=\"https:\/\/www.sonnenklar.tv\/blog\/wp-content\/uploads\/2018\/09\/comer-see-italien.jpg 880w, https:\/\/www.sonnenklar.tv\/blog\/wp-content\/uploads\/2018\/09\/comer-see-italien-300x153.jpg 300w, https:\/\/www.sonnenklar.tv\/blog\/wp-content\/uploads\/2018\/09\/comer-see-italien-768x393.jpg 768w\" sizes=\"(max-width: 880px) 100vw, 880px\" \/><figcaption class=\"wp-element-caption\">Hier l\u00e4sst es sich herrlich Urlaub machen!<\/figcaption><\/figure>\n<\/div>\n\n\n<p>Der Name Como erinnert an Steind\u00f6rfer, die sich im ruhigen Wasser spiegeln und an opulente, pastellfarbene Villen am See, die von schneebedeckten Gipfeln \u00fcberragt werden. Fr\u00fch morgens legt sich h\u00e4ufig ein leuchtender Nebel wie ein Heiligenschein auf den Comer See, was die Landschaft noch stimmungsvoller wirken l\u00e4sst. Der Comer See, kaum 50 Kilometer n\u00f6rdlich von Mailand, ist wegen dieses Ambientes das wohl beliebteste Ferienziel der Gegend &#8211; obwohl westlich mit dem Luganer See und dem Lago Maggiore zwei weitere attraktive Bergseen zu finden sind.<\/p>\n\n\n\n<p>Zudem ist der Comer See \u00fcberaus facettenreich, denn der sportliche Urlaub ist ebenso m\u00f6glich, wie die romantische Auszeit. Das wissen kostenbewusste Familien zu sch\u00e4tzen, aber auch Superstars. Die prachtvolle Villa Oleandra geh\u00f6rt George Clooney und in den Hotels oder Ferienh\u00e4usern g\u00f6nnen sich Prominente wie Brad Pitt, Catherine Zeta-Jones, Julia Roberts sowie Matt Damon gerne eine erholsame Pause.<\/p>\n\n\n\n<p><a href=\"https:\/\/www.sonnenklar.tv\/blog\/reisetipps-gardasee\/\" target=\"_blank\" rel=\"noreferrer noopener\">Auch der Gardasee z\u00e4hlt zu den Highlights Italiens. Lest jetzt hier unsere Reisetipps!<\/a><\/p>\n\n\n\n<p>Mich lockte ein ganz anderer Grund nach Italien. Ich wollte den Gro\u00dfen Preis von Monza in der Formel 1 sehen und dieses spektakul\u00e4re Sportereignis mit einem Kurzurlaub am Comer See verbinden. <a href=\"https:\/\/www.sonnenklar.tv\/promo\/hotels\/hotels-comer-see.html\" target=\"_blank\" rel=\"noopener\">Also buchte ich ein eher gehobenes Hotel<\/a> in Abbadia Lariana, das am Ufer des \u00f6stlichen Arms des Comer Sees angesiedelt ist. Mit nur rund 45 Kilometern zum Autodromo Nazionale Monza und einem Anleger f\u00fcr Passagierschiffe vor dem Hoteleingang die f\u00fcr mich ideale Unterkunft.<\/p>\n\n\n\n<h2 class=\"wp-block-heading\">Ein Ausflug nach Bellagio: Zum Verlieben sch\u00f6n<\/h2>\n\n\n\n<p>Nur kurz ist die Bootsfahrt ins n\u00f6rdliche Bellagio. Das Dorf ist zwischen sanften, sattgr\u00fcnen H\u00fcgeln an der Spitze der Halbinsel angesiedelt, die den S\u00fcden des Comer Sees in seine zwei \u00c4ste teilt. Jugendstilvillen und mond\u00e4ne Hotels pr\u00e4gen das Bild. Bellagio ist derart umwerfend sch\u00f6n, dass ein amerikanischer Milliard\u00e4r den Ort in Las Vegas kurzerhand nachbauen lie\u00df. Das Hotel und Casino &#8222;Bellagio&#8220; ist mit seinen Wasserspielen und dem exquisiten Service eine der bekanntesten Nobelherbergen in den USA.<\/p>\n\n\n<div class=\"wp-block-image wp-image-10690 size-full\">\n<figure class=\"aligncenter\"><img decoding=\"async\" width=\"880\" height=\"450\" src=\"https:\/\/www.sonnenklar.tv\/blog\/wp-content\/uploads\/2018\/09\/ballagio-comer-see.jpg\" alt=\"Bellagio am Comer See\" class=\"wp-image-10690\" srcset=\"https:\/\/www.sonnenklar.tv\/blog\/wp-content\/uploads\/2018\/09\/ballagio-comer-see.jpg 880w, https:\/\/www.sonnenklar.tv\/blog\/wp-content\/uploads\/2018\/09\/ballagio-comer-see-300x153.jpg 300w, https:\/\/www.sonnenklar.tv\/blog\/wp-content\/uploads\/2018\/09\/ballagio-comer-see-768x393.jpg 768w\" sizes=\"(max-width: 880px) 100vw, 880px\" \/><figcaption class=\"wp-element-caption\">Bellagio am Comer See hat mich verzaubert.<\/figcaption><\/figure>\n<\/div>\n\n\n<p>Wenn euch die erstklassigen Restaurants im italienischen Vorbild preislich nicht zusagen, gibt es durchaus eine Alternative: Bellagio hat auch einige kostenlose Attraktionen zu bieten. Rund zehn Minuten dauert der Spaziergang zum Punta Spartivento, wo sich die drei Arme treffen, die zusammen den Lago di Como bilden. Sehenswert ist die romanische Dorfkirche mit ihrem prachtvoll geschm\u00fcckten Altar. Oder ihr genie\u00dft im Schatten m\u00e4chtiger Platanen an der Promenade Lungolago einen opulenten Eisbecher und zugleich die Aussicht auf die Landschaft.<\/p>\n\n\n\n<h2 class=\"wp-block-heading\">Das schlicht-charmante Como<\/h2>\n\n\n\n<p>Als zentraler Ort am See ist Como mit seiner neu gestalteten Promenade eher modern, weltoffen und zweifellos charmant. Historisch pr\u00e4sentiert sich der Stadtkern, der von der Kathedrale dominiert wird. 350 Jahre wurde an dem Meisterwerk gebaut, dessen romanischer Glockenturm von einer gotischen Fassade mit Zinnen sowie Spitzb\u00f6gen Stilrichtungen verschiedener Epochen pr\u00e4sentiert. Eine architektonische Besonderheit ist die jakobinische Ausschm\u00fcckung und die nach 1730 von Filippo Juvarra konstruierte sp\u00e4tbarocke Kuppel, wodurch ein interessantes Ensemble entstand.<\/p>\n\n\n<div class=\"wp-block-image wp-image-10691 size-full\">\n<figure class=\"aligncenter\"><img decoding=\"async\" width=\"880\" height=\"800\" src=\"https:\/\/www.sonnenklar.tv\/blog\/wp-content\/uploads\/2018\/09\/kathedrale-como-comer-see.jpg\" alt=\"Kathedrale von Como, Comer See\" class=\"wp-image-10691\" srcset=\"https:\/\/www.sonnenklar.tv\/blog\/wp-content\/uploads\/2018\/09\/kathedrale-como-comer-see.jpg 880w, https:\/\/www.sonnenklar.tv\/blog\/wp-content\/uploads\/2018\/09\/kathedrale-como-comer-see-300x273.jpg 300w, https:\/\/www.sonnenklar.tv\/blog\/wp-content\/uploads\/2018\/09\/kathedrale-como-comer-see-768x698.jpg 768w\" sizes=\"(max-width: 880px) 100vw, 880px\" \/><figcaption class=\"wp-element-caption\">Die Kathedrale von Como ist von au\u00dfen als auch von innen ein echtes Schmuckst\u00fcck.<\/figcaption><\/figure>\n<\/div>\n\n\n<p>Ein weiteres bemerkenswertes Bauwerk ist das Casa del Fascio, das 1930 im Stil des geometrischen Rationalismus errichtet wurde. Vom Design \u00e4hnlich bunt gemischt sind die H\u00e4user, Stadtpal\u00e4ste und Verwaltungsgeb\u00e4ude im Zentrum rund um die Piazza San Fedele. Diese erwacht w\u00e4hrend der abendlichen Passeggiata zum Leben, wenn sich Besucher und Einwohner zum Gl\u00e4schen Wein in den Terrassenlokalen einfinden.<\/p>\n\n\n\n<p>Lebhaftester Ort in Como ist der umtriebige F\u00e4hrhafen. Wenn ihr einen Ausflug per Boot unternehmen wollt, solltet ihr die Fahrpreise vergleichen. Ich kaufte mir das Libera Circolazione-Ticket, das unbegrenzte Touren mit den F\u00e4hrlinien f\u00fcr 24 Stunden erm\u00f6glicht.<\/p>\n\n\n\n<h2 class=\"wp-block-heading\">Oliven\u00f6l aus Lenno<\/h2>\n\n\n\n<p>Lenno ist am Westufer des Comer Sees angesiedelt. Die kleine, idyllische Gemeinde markiert den Beginn der Costa della Tremezzina. Von den R\u00f6mer gegr\u00fcndet und von den Griechen kolonialisiert, entwickelte sich der Ort zu einem Zentrum f\u00fcr den Weinbau am Comer See und f\u00fcr die Produktion von Oliven\u00f6l mit einzigartiger Qualit\u00e4t. Mit der Anpflanzung von Olivenhainen wurde auf Anweisung von Julius Cesar begonnen. Sehenswert ist die mindestens 400 Jahre alte \u00d6lm\u00fchle, die bis in die Gegenwart zur Kaltpressung von \u00d6len f\u00fcr Gourmets genutzt wird. Wie bei einer Weinprobe werden die verschiedenen Oliven\u00f6le pr\u00e4sentiert, die mit Geschmacksnuancen von fruchtig bis nussig \u00fcberzeugen.<\/p>\n\n\n\n<p>Lenno ist klimatisch eine Besonderheit am Comer See, denn der Ort profitiert von einem ganzj\u00e4hrig milden und trockenen Wetter. Und die Bucht ist derart sch\u00f6n, dass sie zurecht den Namen Golfo di Venere, die Venusbucht, verdient hat. Zudem finden sich in der Gemeinde einzigartig prachtvolle Villen, von denen ihr die Cassinetta di Mantegazza und die unvergleichliche Villa Balbianello an der Spitze der Halbinsel besichtigen k\u00f6nnt. Nicht gefunden habe ich das weitl\u00e4ufige Anwesen nahe Lenno, das eine Formel 1-Legende gekauft haben soll.<\/p>\n\n\n<div class=\"wp-block-image wp-image-10692 size-full\">\n<figure class=\"aligncenter\"><img loading=\"lazy\" decoding=\"async\" width=\"880\" height=\"450\" src=\"https:\/\/www.sonnenklar.tv\/blog\/wp-content\/uploads\/2018\/09\/villa-del-balbianello-lenno-comer-see.jpg\" alt=\"Villa del Balbianello, Lenno, Comer See\" class=\"wp-image-10692\" srcset=\"https:\/\/www.sonnenklar.tv\/blog\/wp-content\/uploads\/2018\/09\/villa-del-balbianello-lenno-comer-see.jpg 880w, https:\/\/www.sonnenklar.tv\/blog\/wp-content\/uploads\/2018\/09\/villa-del-balbianello-lenno-comer-see-300x153.jpg 300w, https:\/\/www.sonnenklar.tv\/blog\/wp-content\/uploads\/2018\/09\/villa-del-balbianello-lenno-comer-see-768x393.jpg 768w\" sizes=\"(max-width: 880px) 100vw, 880px\" \/><figcaption class=\"wp-element-caption\">Die Lage der Villa del Balbianello ist einfach unvergleichlich.<\/figcaption><\/figure>\n<\/div>\n\n\n<p>Lenno ist ein Geheimtipp unter Prominenten, denn mehrere Industriebarone und K\u00fcnstler unterhalten hier einen Ferienwohnsitz. Unter den historischen Geb\u00e4uden ist die Abtei Acquafredda erw\u00e4hnenswert. Ein Spaziergang durch die Weinberge f\u00fchrt euch zur Quelle, nach der die im 12. Jahrhundert errichtete Klosterkirche benannt ist. Vor allem die Stuckarbeiten und die Fresken haben mich beeindruckt. \u00c4hnliche Kunstwerke beherbergt die Kirche Santo Stefano, deren Wandmalereien aus dem 14. Jahrhundert stammen.<\/p>\n\n\n\n<p>\u00dcbrigens: Lenno ist mit seinen Terrasseng\u00e4rten und dem waldreichen Vorgebirge eine unvergessliche Kulisse aus dem Hollywood-Erfolg &#8222;Star Wars&#8220;. Die Aufnahmen am Naboo See in &#8222;Angriff der Klonkrieger&#8220; wurden an der Venusbucht gedreht. Und als Freizeithistoriker solltet ihr das nahe Giulino di Mezzegra besuchen. Hier wurde am Morgen des 28. April 1945 die Diktatur in Italien beendet.<\/p>\n\n\n\n<h2 class=\"wp-block-heading\">Unterhaltsames Varenna<\/h2>\n\n\n\n<p>Etwa in der Mitte des Sees findet sich am Ostufer Varenna, gegen\u00fcber von Menaggio. Es ist nur ein kurzer Weg hinauf zur zentralen Piazza, die von der Chiesa San Giorgio aus dem 13. Jahrhundert geschm\u00fcckt wird. Den Weg nehme ich doch gerne auf mich. Gleich nebenan laden euch angenehm preiswerte Restaurants zum Genuss der lombardischen K\u00fcche ein und es werden typische Spezialit\u00e4ten vom Comer See serviert. Ich entschied mich f\u00fcr die sehr leckeren Spaghetti mit Missoltino, einem hering\u00e4hnlichen Trockenfisch, der bei niedrigen Temperaturen in fruchtigem Oliven\u00f6l gebraten wird.<\/p>\n\n\n\n<p>Zwei Tage vor dem Formel-1-Rennen in Monza wollte ich noch etwas Spa\u00df und Unterhaltung haben. Deshalb hatte ich mir Varenna ausgesucht, denn entlang des Seeufers hat sich eine ansprechende Partymeile etabliert. Urlaubsg\u00e4ste aus aller Welt und Anwohner des Comer Sees nutzen diese Lokale gleicherma\u00dfen. So entwickelte sich ein angenehm internationales Ambiente, in dem ihr schnell Menschen kennenlernen k\u00f6nnt.<\/p>\n\n\n<div class=\"wp-block-image wp-image-10693 size-full\">\n<figure class=\"aligncenter\"><img loading=\"lazy\" decoding=\"async\" width=\"880\" height=\"450\" src=\"https:\/\/www.sonnenklar.tv\/blog\/wp-content\/uploads\/2018\/09\/varenna-lago-di-como.jpg\" alt=\"Uferpromenade von Varenna am Comer See\" class=\"wp-image-10693\" srcset=\"https:\/\/www.sonnenklar.tv\/blog\/wp-content\/uploads\/2018\/09\/varenna-lago-di-como.jpg 880w, https:\/\/www.sonnenklar.tv\/blog\/wp-content\/uploads\/2018\/09\/varenna-lago-di-como-300x153.jpg 300w, https:\/\/www.sonnenklar.tv\/blog\/wp-content\/uploads\/2018\/09\/varenna-lago-di-como-768x393.jpg 768w\" sizes=\"(max-width: 880px) 100vw, 880px\" \/><figcaption class=\"wp-element-caption\">Am Ufer findet ihr in Varenna eine Vielzahl an Restaurants und Bars und k\u00f6nnt den Abend gesellig ausklingen lassen.<\/figcaption><\/figure>\n<\/div>\n\n\n<h2 class=\"wp-block-heading\">Monza und die Abreise<\/h2>\n\n\n\n<p>Das letzte freie Training und die Qualifikation habe ich mir in einer kleinen Trattoria in Abbadia Lariana angesehen. Ich kam mit dem Wirt ins Gespr\u00e4ch und erw\u00e4hnte dabei, dass ich eine Karte f\u00fcr das Rennen habe. Eigentlich wollte ich mit meinem Wagen fahren. Aber dann nutzte ich die Empfehlung des ortskundigen Gastronomen und nahm die Bahn. Mit den Regionalz\u00fcgen der Linien R12 und R13 ist Monza in kaum 60 und die Rennstrecke in weniger als 90 Minuten erreichbar. Und die Fahrscheine kosten nur geringf\u00fcgig mehr, als die Parkgeb\u00fchr am Autodromo Nazionale di Monza. Entt\u00e4uschend war f\u00fcr mich der Ausgang des Rennens. Beide Mercedes fuhren vor Vettel \u00fcber die Ziellinie. Das kostete ihn die WM-F\u00fchrung und \u00e4rgerte mich als eingefleischten &#8222;Ferraristi&#8220; wirklich. Am Folgetag reiste ich ab, immer noch mit einem Grummeln im Bauch. Dank der erholsamen und unterhaltsamen Urlaubstage am Comer See verflog das Gef\u00fchl aber bereits bei der Fahrt entlang der malerischen Seeufer.<\/p>\n\n\n\n<p>\u00dcbrigens bietet Italien eine Vielzahl weiterer Sehensw\u00fcrdigkeiten &#8211; einige davon UNESCO-Welterbe. Unsere Autorin hat einige davon besucht und <a href=\"https:\/\/www.sonnenklar.tv\/blog\/zu-besuch-bei-den-10-schoensten-unesco-welterbestaetten-italiens\/\" target=\"_blank\" rel=\"noreferrer noopener\">erz\u00e4hlt euch hier davon<\/a>!<\/p>\n","protected":false},"excerpt":{"rendered":"<p>Unser Autor wollte ein Rennen in Monza sehen &#8211; und entdeckte dabei den zauberhaften Comer See. Was er dort alles angesehen hat und was ihr ebenfalls auf keinen Fall verpassen solltet, verr\u00e4t er euch hier! Der Name Como erinnert an Steind\u00f6rfer, die sich im ruhigen Wasser spiegeln und an opulente, pastellfarbene Villen am See, die<\/p>\n","protected":false},"author":10,"featured_media":10694,"comment_status":"closed","ping_status":"open","sticky":false,"template":"","format":"standard","meta":{"footnotes":""},"categories":[455,458,466,468],"tags":[510,504,484],"class_list":{"0":"post-8475","1":"post","2":"type-post","3":"status-publish","4":"format-standard","5":"has-post-thumbnail","7":"category-urlaubslaender","8":"category-italien","9":"category-reiseberichte","10":"category-urlauber-berichten","11":"tag-italien","12":"tag-reisebericht","13":"tag-sehenswuerdigkeiten"},"_links":{"self":[{"href":"https:\/\/www.sonnenklar.tv\/blog\/wp-json\/wp\/v2\/posts\/8475","targetHints":{"allow":["GET"]}}],"collection":[{"href":"https:\/\/www.sonnenklar.tv\/blog\/wp-json\/wp\/v2\/posts"}],"about":[{"href":"https:\/\/www.sonnenklar.tv\/blog\/wp-json\/wp\/v2\/types\/post"}],"author":[{"embeddable":true,"href":"https:\/\/www.sonnenklar.tv\/blog\/wp-json\/wp\/v2\/users\/10"}],"replies":[{"embeddable":true,"href":"https:\/\/www.sonnenklar.tv\/blog\/wp-json\/wp\/v2\/comments?post=8475"}],"version-history":[{"count":7,"href":"https:\/\/www.sonnenklar.tv\/blog\/wp-json\/wp\/v2\/posts\/8475\/revisions"}],"predecessor-version":[{"id":39144,"href":"https:\/\/www.sonnenklar.tv\/blog\/wp-json\/wp\/v2\/posts\/8475\/revisions\/39144"}],"wp:featuredmedia":[{"embeddable":true,"href":"https:\/\/www.sonnenklar.tv\/blog\/wp-json\/wp\/v2\/media\/10694"}],"wp:attachment":[{"href":"https:\/\/www.sonnenklar.tv\/blog\/wp-json\/wp\/v2\/media?parent=8475"}],"wp:term":[{"taxonomy":"category","embeddable":true,"href":"https:\/\/www.sonnenklar.tv\/blog\/wp-json\/wp\/v2\/categories?post=8475"},{"taxonomy":"post_tag","embeddable":true,"href":"https:\/\/www.sonnenklar.tv\/blog\/wp-json\/wp\/v2\/tags?post=8475"}],"curies":[{"name":"wp","href":"https:\/\/api.w.org\/{rel}","templated":true}]}}