{"id":784,"date":"2015-01-23T17:50:30","date_gmt":"2015-01-23T15:50:30","guid":{"rendered":"https:\/\/www.sonnenklar.tv\/blog\/?p=784"},"modified":"2026-02-18T15:32:30","modified_gmt":"2026-02-18T14:32:30","slug":"mit-sonnenklar-ins-marine-resort-auf-der-insel-kos","status":"publish","type":"post","link":"https:\/\/www.sonnenklar.tv\/blog\/reiseberichte\/mit-sonnenklar-ins-marine-resort-auf-der-insel-kos\/","title":{"rendered":"Mit sonnenklar ins Marine Resort auf der Insel Kos"},"content":{"rendered":"<p>Ein kleines Spiel: Schlie\u00dft die Augen, nat\u00fcrlich erst, nachdem ihr die Anweisungen zu Ende gelesen habt, und stellt euch vor, ihr seid im Urlaub irgendwo in Griechenland. Stellt es euch vor, bis ihr es wirklich vor euch sehen k\u00f6nnt, bis ihr die Ger\u00fcche, die Ger\u00e4usche, den Wind und die W\u00e4rme wahrnehmen k\u00f6nnt. Dann macht die Augen wieder auf und \u00fcberlegt, was ihr euch vorgestellt habt.<\/p>\n<p>Wahrscheinlich wird einiges dabei gewesen sein von dieser Liste: wei\u00dfer Sandstrand, Olivenb\u00e4ume, Oleanderb\u00fcsche, D\u00f6rfer aus hell get\u00fcnchten H\u00e4uschen, Fischerboote, die beh\u00e4big im Hafenbecken schaukeln, alte M\u00e4nner vor rustikalen Tavernen, die Ger\u00fcche von Anis, Rosmarin und Salbei, ein warmer Wind, der nur als L\u00fcftchen daherkommt. So ungef\u00e4hr sieht es wohl aus, das Klischee von Griechenland.<\/p>\n<p>Und ziemlich genau so sieht auch die Wirklichkeit aus, verbringt jemand seinen Urlaub auf der Insel Kos. Manchmal ist das Klischee eben doch nur ein Abbild der Wirklichkeit.<\/p>\n<p>Kos ist die drittgr\u00f6\u00dfte Insel des Dodekanes (was \u201ezw\u00f6lf Inseln\u201c hei\u00dft, obwohl die Inselgruppe etwa 160 Mitglieder z\u00e4hlt) und wartet auf mit einer K\u00fcste von \u00fcber 110 Kilometern L\u00e4nge. Da gibt es dann wahrlich genug Str\u00e4nde und Badebuchten, dass jeder der \u00fcber 600.000 Touristen j\u00e4hrlich sein eigenes Pl\u00e4tzchen an der Sonne findet.<\/p>\n<p>Auch f\u00fcr die etwas sportlicheren Besucher ist auf Kos gesorgt: Viele Radwege durchziehen die Insel und Wanderer k\u00f6nnen den Dikeos erklimmen, einen, nun ja, \u201eBerg\u201c von immerhin 846 Metern H\u00f6he \u2013 da sollte man schon ein paar Stunden f\u00fcr seine Tour einplanen. Doch weil das Linienbusnetz sehr gut ausgebaut ist, brauchen auch die Wanderfreunde unter euch, egal wo sie auf der Insel untergebracht ist, nicht zu fr\u00fch aus dem Bett kriechen.<\/p>\n<p>Wir h\u00e4tten dann auch gleich einen Vorschlag, wo ihr euch ein Bett suchen solltet: im Marine Resort bei Tigaki an der Nordk\u00fcste von Kos.<\/p>\n<p>Leute, wir empfehlen euch: Verbringt euren Urlaub auf Kos! Macht euren Urlaub zum Wirklichkeit gewordenen, traumhaft sch\u00f6nen Klischee! Und wenn ihr unserem Rat folgen wollt, dann habt ihr doch sicher auch genug Vertrauen ins uns, euch unser Angebot f\u00fcr das <a title=\"Das Marine Resort auf Kos\" href=\"https:\/\/www.sonnenklar.tv\/angebot\/140276.html%20?cm_ven=Media&amp;amp;cm_cat=SocialMedia&amp;amp;cm_pla=Blog&amp;amp;cm_ite=MarinaResortKos\" target=\"_blank\" rel=\"noopener noreferrer\">Marine Resort<\/a>, unser Haus auf Kos, genauer anzuschauen \u2013 und zu buchen.<\/p>\n","protected":false},"excerpt":{"rendered":"<p>Ein kleines Spiel: Schlie\u00dft die Augen, nat\u00fcrlich erst, nachdem ihr die Anweisungen zu Ende gelesen habt, und stellt euch vor, ihr seid im Urlaub irgendwo in Griechenland. Stellt es euch vor, bis ihr es wirklich vor euch sehen k\u00f6nnt, bis ihr die Ger\u00fcche, die Ger\u00e4usche, den Wind und die W\u00e4rme wahrnehmen k\u00f6nnt. Dann macht die<\/p>\n","protected":false},"author":3,"featured_media":785,"comment_status":"closed","ping_status":"open","sticky":false,"template":"","format":"standard","meta":{"footnotes":""},"categories":[466,5,460,467],"tags":[],"class_list":{"0":"post-784","1":"post","2":"type-post","3":"status-publish","4":"format-standard","5":"has-post-thumbnail","7":"category-reiseberichte","8":"category-badeurlaub","9":"category-griechenland","10":"category-sonnenklar-tv-live-vor-ort"},"_links":{"self":[{"href":"https:\/\/www.sonnenklar.tv\/blog\/wp-json\/wp\/v2\/posts\/784","targetHints":{"allow":["GET"]}}],"collection":[{"href":"https:\/\/www.sonnenklar.tv\/blog\/wp-json\/wp\/v2\/posts"}],"about":[{"href":"https:\/\/www.sonnenklar.tv\/blog\/wp-json\/wp\/v2\/types\/post"}],"author":[{"embeddable":true,"href":"https:\/\/www.sonnenklar.tv\/blog\/wp-json\/wp\/v2\/users\/3"}],"replies":[{"embeddable":true,"href":"https:\/\/www.sonnenklar.tv\/blog\/wp-json\/wp\/v2\/comments?post=784"}],"version-history":[{"count":4,"href":"https:\/\/www.sonnenklar.tv\/blog\/wp-json\/wp\/v2\/posts\/784\/revisions"}],"predecessor-version":[{"id":38318,"href":"https:\/\/www.sonnenklar.tv\/blog\/wp-json\/wp\/v2\/posts\/784\/revisions\/38318"}],"wp:featuredmedia":[{"embeddable":true,"href":"https:\/\/www.sonnenklar.tv\/blog\/wp-json\/wp\/v2\/media\/785"}],"wp:attachment":[{"href":"https:\/\/www.sonnenklar.tv\/blog\/wp-json\/wp\/v2\/media?parent=784"}],"wp:term":[{"taxonomy":"category","embeddable":true,"href":"https:\/\/www.sonnenklar.tv\/blog\/wp-json\/wp\/v2\/categories?post=784"},{"taxonomy":"post_tag","embeddable":true,"href":"https:\/\/www.sonnenklar.tv\/blog\/wp-json\/wp\/v2\/tags?post=784"}],"curies":[{"name":"wp","href":"https:\/\/api.w.org\/{rel}","templated":true}]}}