{"id":723,"date":"2014-11-28T13:20:17","date_gmt":"2014-11-28T11:20:17","guid":{"rendered":"https:\/\/www.sonnenklar.tv\/blog\/?p=723"},"modified":"2026-02-18T15:20:23","modified_gmt":"2026-02-18T14:20:23","slug":"ein-hoch-auf-die-sprachbarrieren","status":"publish","type":"post","link":"https:\/\/www.sonnenklar.tv\/blog\/reiseberichte\/ein-hoch-auf-die-sprachbarrieren\/","title":{"rendered":"Ein Hoch auf die Sprachbarrieren"},"content":{"rendered":"<p>F\u00e4hrt ein Mensch in den Urlaub, dann hat er h\u00e4ufig ein Problem: Die jeweilige Landessprache. Klar, das l\u00e4sst sich leicht umgehen. Schlie\u00dflich kann man ja auch im eigenen Land Urlaub machen, dann gibt es vor Ort keine Verst\u00e4ndigungsprobleme (wobei: Ob jetzt f\u00fcr den Hamburger, der am Tegernsee urlaubt, die Sprachbarriere wirklich kleiner ist als f\u00fcr den Hamburger, der in Spanien weilt, das kann schon angezweifelt werden). Oder man w\u00e4hlt sich als Ziel die T\u00fcrkische Riviera oder \u00e4hnliches, da sind die Leute ja eingestellt auf Touristen, da sprechen sie alle, wenn nicht sogar deutsch, zumindest englisch.<\/p>\n<figure id=\"attachment_724\" aria-describedby=\"caption-attachment-724\" style=\"width: 831px\" class=\"wp-caption aligncenter\"><img fetchpriority=\"high\" decoding=\"async\" class=\"size-full wp-image-724\" src=\"https:\/\/www.sonnenklar.tv\/blog\/wp-content\/uploads\/2014\/11\/Alanya.jpg\" alt=\"Urlaub in der T\u00fcrkei - am besten mit sonnenklar.TV\" width=\"831\" height=\"321\" srcset=\"https:\/\/www.sonnenklar.tv\/blog\/wp-content\/uploads\/2014\/11\/Alanya.jpg 831w, https:\/\/www.sonnenklar.tv\/blog\/wp-content\/uploads\/2014\/11\/Alanya-300x115.jpg 300w\" sizes=\"(max-width: 831px) 100vw, 831px\" \/><figcaption id=\"caption-attachment-724\" class=\"wp-caption-text\">Alanya: Wer hier seinen Urlaub verbringt, der braucht keine Angst vor Sprachproblemen haben.<\/figcaption><\/figure>\n<p>Aber vielleicht zieht es einen, sagen wir, zum <strong>Urlaub nach Frankreich<\/strong> \u2013 dann wird es wirklich schwierig. \u00dcber Frankreich und die Franzosen gibt es ja einiges an Vorurteilen: Zum Beispiel seien unsere Nachbarn nicht allzu nett zu deutschen Touristen. Und ihre Fremdsprachenkenntnisse gelten als nicht vorhanden. Beide Vorurteile k\u00f6nnen wir wenigstens anekdotisch widerlegen: Da fuhren zwei Deutsche, eine junge Frau und ein nicht mehr ganz so junger Mann, nach <strong>Paris<\/strong> und sie brachten gemeinsam immerhin elf Jahre Schulfranz\u00f6sisch mit. Elf Jahre Schulfranz\u00f6sisch aber reichen nicht unbedingt, sich mit den Parisern zu unterhalten.<\/p>\n<figure id=\"attachment_725\" aria-describedby=\"caption-attachment-725\" style=\"width: 831px\" class=\"wp-caption aligncenter\"><img decoding=\"async\" class=\"size-full wp-image-725\" src=\"https:\/\/www.sonnenklar.tv\/blog\/wp-content\/uploads\/2014\/11\/Strassencafe.jpg\" alt=\"Urlaub in Paris - Frankreich mit sonnenklar.TV\" width=\"831\" height=\"321\" srcset=\"https:\/\/www.sonnenklar.tv\/blog\/wp-content\/uploads\/2014\/11\/Strassencafe.jpg 831w, https:\/\/www.sonnenklar.tv\/blog\/wp-content\/uploads\/2014\/11\/Strassencafe-300x115.jpg 300w\" sizes=\"(max-width: 831px) 100vw, 831px\" \/><figcaption id=\"caption-attachment-725\" class=\"wp-caption-text\">Bestellung auf Franz\u00f6sisch? Das kann schnell scheitern.<\/figcaption><\/figure>\n<p>Schon am ersten Abend scheiterten die Beiden bei der ersten Essensbestellung im erstbesten Bistro: Der Kellner konnte einfach nicht verstehen, was sie ihm auf Franz\u00f6sisch entgegenstotterten. Sie waren ratlos. Sie versuchten es nochmal. Sie scheiterten wieder. Zunehmend hungrig besprachen sie auf Deutsch, was sie denn nun machen sollten, ihre M\u00e4gen doch noch zu f\u00fcllen. Und der Kellner h\u00f6rte zu und er erkannte die Sprache \u2013 und ab da sprach er den ganzen restlichen Abend in flie\u00dfendem Deutsch mit ihnen. Unfreundlich geht anders. Und welche der beiden Nationen sich hier als sprachbegabter zeigt, ist wohl offensichtlich.<\/p>\n<figure id=\"attachment_726\" aria-describedby=\"caption-attachment-726\" style=\"width: 831px\" class=\"wp-caption aligncenter\"><img decoding=\"async\" class=\"size-full wp-image-726\" src=\"https:\/\/www.sonnenklar.tv\/blog\/wp-content\/uploads\/2014\/11\/Paris1.jpg\" alt=\"St\u00e4dtereise Paris\" width=\"831\" height=\"321\" srcset=\"https:\/\/www.sonnenklar.tv\/blog\/wp-content\/uploads\/2014\/11\/Paris1.jpg 831w, https:\/\/www.sonnenklar.tv\/blog\/wp-content\/uploads\/2014\/11\/Paris1-300x115.jpg 300w\" sizes=\"(max-width: 831px) 100vw, 831px\" \/><figcaption id=\"caption-attachment-726\" class=\"wp-caption-text\">Aber der ein oder andere Pariser hat Fremdsprachenkenntnisse, die man ihnen gar nicht zutrauen w\u00fcrde.<\/figcaption><\/figure>\n<p>Die Sprache des Urlaubslandes nicht zu beherrschen, hat aber auch ihre guten Seiten. Kurt Tucholsky erz\u00e4hlte einmal von einem D\u00e4nen, mit dem er \u00fcbers Reisen ins Gespr\u00e4ch kam (das Ganze findet sich in \u201eSchloss Gripsholm\u201c). Jener D\u00e4ne nun behauptete, dass man blo\u00df nicht die Landessprache des Reiseziels verstehen d\u00fcrfe, denn nur so k\u00f6nne man die Menschen vor Ort ertragen. Das ist nat\u00fcrlich gemein und v\u00f6llig \u00fcbertrieben \u2013 aber es hat einen wahren Kern,\u00a0 was man gerade von den D\u00e4nen wunderbar lernen kann. Wer in Kopenhagen den Einheimischen nur fl\u00fcchtig zuh\u00f6rt, der bekommt den Eindruck: Die sprechen hier ja Deutsch!<\/p>\n<figure id=\"attachment_34918\" aria-describedby=\"caption-attachment-34918\" style=\"width: 800px\" class=\"wp-caption alignnone\"><a href=\"https:\/\/www.sonnenklar.tv\/blog\/wp-content\/uploads\/2025\/03\/Nyhavn.jpg\"><img loading=\"lazy\" decoding=\"async\" class=\"size-medium wp-image-34918\" src=\"https:\/\/www.sonnenklar.tv\/blog\/wp-content\/uploads\/2025\/03\/Nyhavn-800x309.jpg\" alt=\"Urlaub in Nyhavn\" width=\"800\" height=\"309\" srcset=\"https:\/\/www.sonnenklar.tv\/blog\/wp-content\/uploads\/2025\/03\/Nyhavn-800x309.jpg 800w, https:\/\/www.sonnenklar.tv\/blog\/wp-content\/uploads\/2025\/03\/Nyhavn-18x7.jpg 18w, https:\/\/www.sonnenklar.tv\/blog\/wp-content\/uploads\/2025\/03\/Nyhavn-120x46.jpg 120w, https:\/\/www.sonnenklar.tv\/blog\/wp-content\/uploads\/2025\/03\/Nyhavn-90x35.jpg 90w, https:\/\/www.sonnenklar.tv\/blog\/wp-content\/uploads\/2025\/03\/Nyhavn-320x124.jpg 320w, https:\/\/www.sonnenklar.tv\/blog\/wp-content\/uploads\/2025\/03\/Nyhavn-560x216.jpg 560w, https:\/\/www.sonnenklar.tv\/blog\/wp-content\/uploads\/2025\/03\/Nyhavn.jpg 831w\" sizes=\"(max-width: 800px) 100vw, 800px\" \/><\/a><figcaption id=\"caption-attachment-34918\" class=\"wp-caption-text\">Am Nyhavn ist man auf Touristen eingestellt, doch \u2026<\/figcaption><\/figure>\n<p>Nat\u00fcrlich sprechen sie nicht Deutsch (obwohl auch das viele D\u00e4nen beherrschen), sie sprechen D\u00e4nisch. Aber es klingt wie Deutsch, wenn man nicht genauer hinh\u00f6rt. Beim Versuch, den Inhalt zu verstehen, wird dann der Irrtum offensichtlich, kein einziges Wort ist verst\u00e4ndlich. Daf\u00fcr kling das alles recht niedlich, was sich da aus d\u00e4nischen Kehlen ausbreitet in die Welt. Wahrscheinlich klingt es sogar deshalb niedlich, weil es nicht verst\u00e4ndlich ist. Denn sicher reden die D\u00e4nen den gleichen Unsinn wie wir \u2013 nur merkt das eben keiner, wer spricht schon D\u00e4nisch? Und also sind die D\u00e4nen sympathisch, kaum dass sie den Mund \u00f6ffnen, weil alles nett klingt, was sie reden, weil eben nur der Klang z\u00e4hlt, nicht der Inhalt.<\/p>\n<figure id=\"attachment_728\" aria-describedby=\"caption-attachment-728\" style=\"width: 831px\" class=\"wp-caption aligncenter\"><img loading=\"lazy\" decoding=\"async\" class=\"size-full wp-image-728\" src=\"https:\/\/www.sonnenklar.tv\/blog\/wp-content\/uploads\/2014\/11\/Kopenhagen.jpg\" alt=\"Urlaub in Kopenhagen\" width=\"831\" height=\"321\" srcset=\"https:\/\/www.sonnenklar.tv\/blog\/wp-content\/uploads\/2014\/11\/Kopenhagen.jpg 831w, https:\/\/www.sonnenklar.tv\/blog\/wp-content\/uploads\/2014\/11\/Kopenhagen-300x115.jpg 300w\" sizes=\"(max-width: 831px) 100vw, 831px\" \/><figcaption id=\"caption-attachment-728\" class=\"wp-caption-text\">\u2026 auch sonst ist es in Kopenhagen kein Problem, sich auf Englisch zu verst\u00e4ndigen.<\/figcaption><\/figure>\n<p>Manchmal muss man nat\u00fcrlich auch mit den D\u00e4nen reden, da kann man die Einheimischen getrost auf Englisch ansprechen, jeder Kellner, Verk\u00e4ufer und Rezeptionist wird flie\u00dfend antworten. Doch gleich darauf lasse man die D\u00e4nen gleich wieder in Ruhe mit seinen Fragen und lausche ihnen lieber, wie sie d\u00e4nisch reden \u2013 es ist einfach entz\u00fcckend! Tucholskys D\u00e4ne hatte unbedingt recht: Wer in Urlaub f\u00e4hrt, sollte dorthin reisen, wo er nichts versteht. Denn dann sind die Sprachen viel sch\u00f6ner und die Menschen sehr viel liebenswerter.<\/p>\n<p><strong>Und wenn ihr selbst nun ausprobieren wollt, wie h\u00fcbsch das D\u00e4nische ist und wie nett die Franzosen sein k\u00f6nnen und wie sch\u00f6n es ist, die Leute nicht zu verstehen, dann h\u00e4tten wir was f\u00fcr euch \u2013 die Wenigsten d\u00fcrften alle Sprachen beherrschen, die auf dieser <a title=\"Kreuzfahrt westliches Mittelmeer\" href=\"https:\/\/www.sonnenklar.tv\/angebot\/137382.html?cm_ven=Media&amp;cm_cat=SocialMedia&amp;cm_pla=Blog&amp;cm_ite=Sprachbarrieren\" target=\"_blank\" rel=\"noopener\">Kreuzfahrt &#8211; Route durch das westliche Mittelmeer<\/a>\u00a0gesprochen werden.<\/strong><\/p>\n","protected":false},"excerpt":{"rendered":"<p>F\u00e4hrt ein Mensch in den Urlaub, dann hat er h\u00e4ufig ein Problem: Die jeweilige Landessprache. Klar, das l\u00e4sst sich leicht umgehen. Schlie\u00dflich kann man ja auch im eigenen Land Urlaub machen, dann gibt es vor Ort keine Verst\u00e4ndigungsprobleme (wobei: Ob jetzt f\u00fcr den Hamburger, der am Tegernsee urlaubt, die Sprachbarriere wirklich kleiner ist als f\u00fcr<\/p>\n","protected":false},"author":3,"featured_media":0,"comment_status":"closed","ping_status":"open","sticky":false,"template":"","format":"standard","meta":{"footnotes":""},"categories":[466,11],"tags":[],"class_list":{"0":"post-723","1":"post","2":"type-post","3":"status-publish","4":"format-standard","6":"category-reiseberichte","7":"category-kreuzfahrten"},"_links":{"self":[{"href":"https:\/\/www.sonnenklar.tv\/blog\/wp-json\/wp\/v2\/posts\/723","targetHints":{"allow":["GET"]}}],"collection":[{"href":"https:\/\/www.sonnenklar.tv\/blog\/wp-json\/wp\/v2\/posts"}],"about":[{"href":"https:\/\/www.sonnenklar.tv\/blog\/wp-json\/wp\/v2\/types\/post"}],"author":[{"embeddable":true,"href":"https:\/\/www.sonnenklar.tv\/blog\/wp-json\/wp\/v2\/users\/3"}],"replies":[{"embeddable":true,"href":"https:\/\/www.sonnenklar.tv\/blog\/wp-json\/wp\/v2\/comments?post=723"}],"version-history":[{"count":5,"href":"https:\/\/www.sonnenklar.tv\/blog\/wp-json\/wp\/v2\/posts\/723\/revisions"}],"predecessor-version":[{"id":34919,"href":"https:\/\/www.sonnenklar.tv\/blog\/wp-json\/wp\/v2\/posts\/723\/revisions\/34919"}],"wp:attachment":[{"href":"https:\/\/www.sonnenklar.tv\/blog\/wp-json\/wp\/v2\/media?parent=723"}],"wp:term":[{"taxonomy":"category","embeddable":true,"href":"https:\/\/www.sonnenklar.tv\/blog\/wp-json\/wp\/v2\/categories?post=723"},{"taxonomy":"post_tag","embeddable":true,"href":"https:\/\/www.sonnenklar.tv\/blog\/wp-json\/wp\/v2\/tags?post=723"}],"curies":[{"name":"wp","href":"https:\/\/api.w.org\/{rel}","templated":true}]}}