{"id":7011,"date":"2018-07-17T08:58:52","date_gmt":"2018-07-17T06:58:52","guid":{"rendered":"https:\/\/www.sonnenklar.tv\/blog\/?p=7011"},"modified":"2026-03-20T10:17:33","modified_gmt":"2026-03-20T09:17:33","slug":"zu-besuch-bei-den-10-schoensten-unesco-welterbestaetten-italiens","status":"publish","type":"post","link":"https:\/\/www.sonnenklar.tv\/blog\/urlaubslaender\/zu-besuch-bei-den-10-schoensten-unesco-welterbestaetten-italiens\/","title":{"rendered":"Reisebericht: Zu Besuch bei den 10 sch\u00f6nsten UNESCO-Welterbest\u00e4tten Italiens"},"content":{"rendered":"\n<p><strong>Wer Gro\u00dfartiges sehen m\u00f6chte, muss nicht weit reisen. Italien bietet euch eine F\u00fclle an Sehensw\u00fcrdigkeiten, f\u00fcr die ein Urlaub gar nicht gen\u00fcgt, um sie alle zu erkunden. Taucht mit unserem Autor ein in Italiens Weltkulturerbe &#8211; zehn davon hat er n\u00e4mlich auf einer Rundreise f\u00fcr uns besucht.<\/strong><\/p>\n\n\n\n<p>Die von der UNESCO als Weltkulturerbe ausgezeichneten St\u00e4dte, Regionen und Bauwerke sind eine Besonderheit. Diese St\u00e4tten gelten als herausragendes Beispiel f\u00fcr einen Baustil, ein Volk, eine kulturelle Bewegung oder sind von der Natur geschaffene Kunstwerke. Italien kann stolz die meisten Welterbest\u00e4tten aufweisen. Inzwischen sind es 53 dieser au\u00dfergew\u00f6hnlichen Sehensw\u00fcrdigkeiten, plus dem F\u00fcrstentum San Marino, das als Enklave an der Adriak\u00fcste nahe Rimini zu finden ist.<\/p>\n\n\n\n<p>F\u00fcr eine Tour durch das Land der Azzuri suchte ich mir die f\u00fcr mich zehn attraktivsten Orte aus. So wie einst Deutschlands ber\u00fchmtester Dichter wollte ich die stiefelf\u00f6rmige Halbinsel erkunden. Goethe war von seiner Italienreise hingerissen und berichtete mit \u00fcberschw\u00e4nglichen Worten von seinen Erlebnissen. Sein bekanntestes Zitat galt der gr\u00f6\u00dften Mittelmeerinsel, \u00fcber die er schrieb: \u201eDass ich Sizilien gesehen habe, ist mir ein unzerst\u00f6rlicher Schatz auf mein ganzes Leben.\u201c<\/p>\n\n\n\n<h2 class=\"wp-block-heading\">S\u00fcdtirols Nationalpark Stilfser Joch<\/h2>\n\n\n\n<p>Hoch im Norden der italienischen Republik kreisen m\u00e4chtige Steinadler \u00fcber einem Gebiet, das sich vom S\u00fcdtiroler Trentino bis in die Lombardei ausdehnt. Mit seinen 134.620 Hektar ist das Stilfser Joch eines der gr\u00f6\u00dften Naturschutzgebiete Europas. Das Areal liegt am Dreil\u00e4ndereck von Schweiz, \u00d6sterreich und Italien, wo ihr jenseits der Grenze etliche ber\u00fchmte Wintersportgebiete findet. In der Schweiz sind das vor allem Davos und St. Moritz. Auf \u00f6sterreichischer Seite ist Ischgl weltbekannt und Orte wie Obergurgl oder S\u00f6lden sind jedem Wintersportler gel\u00e4ufig.<\/p>\n\n\n<div class=\"wp-block-image wp-image-10867 size-full\">\n<figure class=\"aligncenter\"><img fetchpriority=\"high\" decoding=\"async\" width=\"880\" height=\"450\" src=\"https:\/\/www.sonnenklar.tv\/blog\/wp-content\/uploads\/2018\/07\/stilfser-joch-pass.jpg\" alt=\"Stilfser Joch: Zurecht UNESCO Weltkulturerbe\" class=\"wp-image-10867\" srcset=\"https:\/\/www.sonnenklar.tv\/blog\/wp-content\/uploads\/2018\/07\/stilfser-joch-pass.jpg 880w, https:\/\/www.sonnenklar.tv\/blog\/wp-content\/uploads\/2018\/07\/stilfser-joch-pass-300x153.jpg 300w, https:\/\/www.sonnenklar.tv\/blog\/wp-content\/uploads\/2018\/07\/stilfser-joch-pass-768x393.jpg 768w\" sizes=\"(max-width: 880px) 100vw, 880px\" \/><figcaption class=\"wp-element-caption\">Schon die R\u00f6mer nutzten diesen Pass am Stilfser Joch.<\/figcaption><\/figure>\n<\/div>\n\n\n<p>Ich komme in einem gem\u00fctlichen Hotel im Almh\u00fcttenstil in Prad am Stilfserjoch unter, nur Schritte von der romanischen St. Johann-Kirche aus dem 13. Jahrhundert entfernt. Der Altarraum und die Apsis sind reich mit gotischen und romanischen Fresken geschm\u00fcckt. Bei meiner Tagestour in die Bergwelt pr\u00e4sentiert mir der Prader Sand die Artenvielfalt der alpinen Vegetation.<\/p>\n\n\n\n<p>Oben am Stilfser Joch in 2.757 Metern angekommen, kann ich nachvollziehen, warum dieses Areal ausgezeichnet wurde. Vom zweith\u00f6chsten Pass in den Alpen, wo ihr bemerken werdet, wie d\u00fcnn die Luft ist, scheint der Gipfel der 3.851 Meter hohen K\u00f6nigsspitze zum Greifen nahe. Der Gletscher leuchtet strahlend wei\u00df in der Sonne und zu allem \u00dcberfluss spielen zwei Adler vor meinen Augen in der Luft. Amore in den Alpen, denn im Mai beginnt die Paarungszeit der stolzen Greifv\u00f6gel.<\/p>\n\n\n\n<h2 class=\"wp-block-heading\">Lago di Garda: Auf Goethes Spuren<\/h2>\n\n\n\n<p>Mich zieht es in w\u00e4rmere Gefilde. <a href=\"https:\/\/www.sonnenklar.tv\/blog\/reisetipps-gardasee\/\" target=\"_blank\" rel=\"noopener\">Der Gardasee soll es sein<\/a>, den sich auch schon Goethe ausgesucht hatte, rund 230 Jahre vor mir. <a href=\"https:\/\/www.sonnenklar.tv\/ort\/Oberitalienische_Seen_-_Gardasee\/Peschiera_Del_Garda_Lago_Di_Garda.html\" target=\"_blank\" rel=\"noopener\">Peschiera del Garda<\/a> hei\u00dft das Ziel. Der kleine Ort ganz im S\u00fcdosten des Bergsees ist erst seit 2017 stolzes Mitglied der Welterbest\u00e4tten und ein guter Tipp, wollt ihr einen ruhigen Urlaub verbringen. Die Auszeichnung hat die Gemeinde ihrer venezianischen Festung aus dem 15. Jahrhundert zu verdanken, die auf einer Insel errichtet die historische Altstadt gut zu sch\u00fctzen wusste. Das prachtvolle Bauwerk hatte ich in gut zwei Stunden erkundet, was mir reichlich Zeit f\u00fcr einen Ausflug bescherte.<\/p>\n\n\n<div class=\"wp-block-image wp-image-10868 size-full\">\n<figure class=\"aligncenter\"><img decoding=\"async\" width=\"880\" height=\"450\" src=\"https:\/\/www.sonnenklar.tv\/blog\/wp-content\/uploads\/2018\/07\/peschiera-del-garda-am-gardasee.jpg\" alt=\"Wer von der Antike fasziniert ist, wird von Peschiera del Garda begeistert sein. Ein absoluter Gardasee-Reisetipp!\" class=\"wp-image-10868\" srcset=\"https:\/\/www.sonnenklar.tv\/blog\/wp-content\/uploads\/2018\/07\/peschiera-del-garda-am-gardasee.jpg 880w, https:\/\/www.sonnenklar.tv\/blog\/wp-content\/uploads\/2018\/07\/peschiera-del-garda-am-gardasee-300x153.jpg 300w, https:\/\/www.sonnenklar.tv\/blog\/wp-content\/uploads\/2018\/07\/peschiera-del-garda-am-gardasee-768x393.jpg 768w\" sizes=\"(max-width: 880px) 100vw, 880px\" \/><figcaption class=\"wp-element-caption\">Peschiera del Garda ist ein tolles Zeugnis der reichen Historie Italiens.<\/figcaption><\/figure>\n<\/div>\n\n\n<p>Am Gardaland, dem gr\u00f6\u00dften Freizeitpark Italiens vorbei, zieht es mich ins kaum 15 Kilometer n\u00f6rdliche Bardolino. Im Weinmuseum entspanne ich beim Fachsimpeln \u00fcber S\u00e4ure, Zucker und Aroma der edlen Tropfen, von denen ich dann ein paar Flaschen als Wegzehrung mitnehme.<\/p>\n\n\n\n<h2 class=\"wp-block-heading\">Verona: Der Balkon der Julia<\/h2>\n\n\n\n<p>Venedig hatte ich bereits besucht, weshalb ich mich f\u00fcr <a href=\"https:\/\/www.sonnenklar.tv\/ort\/Venetien\/Verona.html\" target=\"_blank\" rel=\"noopener\">Verona<\/a> als n\u00e4chstes Etappenziel entschied. Wo Shakespeare seinen Romeo am Balkon der Julia schmachten lie\u00df, wollte ich in der 2.000 Jahre alten r\u00f6mischen Arena Verdis Oper Aida genie\u00dfen. Das 22.000 Zuschauer fassende Amphitheater hat sich \u00fcberaus gut gehalten und sogar Rockkonzerte mit den Rolling Stones schadlos \u00fcberstanden. Und selbst wenn ihr keine Freunde klassischer Musik seid: Habt ihr die Gelegenheit, dann besuchte eine Opernvorf\u00fchrung in der Arena. Die Akustik ist derart fantastisch, dass ihr jeden einzelnen Ton k\u00f6rperlich sp\u00fcren k\u00f6nnt.<\/p>\n\n\n<div class=\"wp-block-image wp-image-10869 size-full\">\n<figure class=\"aligncenter\"><img decoding=\"async\" width=\"880\" height=\"450\" src=\"https:\/\/www.sonnenklar.tv\/blog\/wp-content\/uploads\/2018\/07\/arena-verona.jpg\" alt=\"Die Arena in Verona ist UNESCO-Weltkulturerbe\" class=\"wp-image-10869\" srcset=\"https:\/\/www.sonnenklar.tv\/blog\/wp-content\/uploads\/2018\/07\/arena-verona.jpg 880w, https:\/\/www.sonnenklar.tv\/blog\/wp-content\/uploads\/2018\/07\/arena-verona-300x153.jpg 300w, https:\/\/www.sonnenklar.tv\/blog\/wp-content\/uploads\/2018\/07\/arena-verona-768x393.jpg 768w\" sizes=\"(max-width: 880px) 100vw, 880px\" \/><figcaption class=\"wp-element-caption\">Nicht nur aus historischer Sicht einen Besuch wert: Veronas Arena.<\/figcaption><\/figure>\n<\/div>\n\n\n<p>Um die Freilichtb\u00fchne geh\u00f6rt die gesamte Altstadt vollst\u00e4ndig zum UNESCO-Welterbe. Die Scaliger erbauten das Castelvecchio, das mit der Ponte Scaligero eine eigene Fluchtbr\u00fccke \u00fcber den Etsch besitzt. Romantiker und Verliebte zieht es zur Piazza delle Erbe, in deren N\u00e4he angeblich das Haus der Julia zu sehen ist. Ich spare mir das, denn der ber\u00fchmteste Balkon der Literaturgeschichte wurde erst um 1930 angebaut.<\/p>\n\n\n<div class=\"wp-block-image wp-image-10870 size-full\">\n<figure class=\"aligncenter\"><img loading=\"lazy\" decoding=\"async\" width=\"880\" height=\"450\" src=\"https:\/\/www.sonnenklar.tv\/blog\/wp-content\/uploads\/2018\/07\/piazza-delle-erbe-verona.jpg\" alt=\"Piazza delle Erbe in Verona\" class=\"wp-image-10870\" srcset=\"https:\/\/www.sonnenklar.tv\/blog\/wp-content\/uploads\/2018\/07\/piazza-delle-erbe-verona.jpg 880w, https:\/\/www.sonnenklar.tv\/blog\/wp-content\/uploads\/2018\/07\/piazza-delle-erbe-verona-300x153.jpg 300w, https:\/\/www.sonnenklar.tv\/blog\/wp-content\/uploads\/2018\/07\/piazza-delle-erbe-verona-768x393.jpg 768w\" sizes=\"(max-width: 880px) 100vw, 880px\" \/><figcaption class=\"wp-element-caption\">Vor dieser Kulisse schmeckt die Pizza gleich doppelt so gut: die Piazza delle Erbe.<\/figcaption><\/figure>\n<\/div>\n\n\n<h2 class=\"wp-block-heading\">Florenz und Pisa<\/h2>\n\n\n\n<p>Keine Frage: <a href=\"https:\/\/www.sonnenklar.tv\/promo\/hotels\/hotels-florenz.html\" target=\"_blank\" rel=\"noopener\">Florenz<\/a> und Pisa sind eigentlich eine separate St\u00e4dtereise wert. Ganz \u00fcbergehen wollte ich die beiden faszinierenden Orte auch nicht, in denen euch Geschichte zum Anfassen erwartet. Die Altstadt von Florenz breitet sich um die Kathedrale Santa Maria del Fiore aus dem 13. Jahrhundert aus. Mehrheitlich sind die umliegenden bedeutenden Bauwerke aber rund 200 Jahre j\u00fcnger.<\/p>\n\n\n\n<p>In der Hauptstadt der Toskana regierten die Medici, die Michelangelo in ihrer Kirche unterkommen lie\u00dfen und Galileo Galilei als Mathematiker am Hof besch\u00e4ftigten. Sie und K\u00fcnstler wie Donatello, Botticelli oder Leonardo da Vinci entwickelten ihr K\u00f6nnen in eine gemeinsame Richtung, woraus die Renaissance entstand, die ganz Europa erfasste. Unsch\u00e4tzbar wertvolle Werke dieser K\u00fcnstler sind in den Uffizien und im Palazzo Pitti zu sehen, die aber beide in der Hauptreisezeit auf Wochen im Voraus ausverkauft sind.<\/p>\n\n\n\n<p>Wer fr\u00fch aufsteht und anstatt der Kathedrale zuerst das Dommuseum aufsucht, der hat meist Gl\u00fcck. Die einzigartig vollkommenen Statuen, die Michelangelo erschaffen hat, sind aber auch eine Wartezeit wert.<\/p>\n\n\n<div class=\"wp-block-image wp-image-10872 size-full\">\n<figure class=\"aligncenter\"><img loading=\"lazy\" decoding=\"async\" width=\"880\" height=\"450\" src=\"https:\/\/www.sonnenklar.tv\/blog\/wp-content\/uploads\/2018\/07\/palazzo-pitti-florenz.jpg\" alt=\"Palazzo Pitti in Florenz\" class=\"wp-image-10872\" srcset=\"https:\/\/www.sonnenklar.tv\/blog\/wp-content\/uploads\/2018\/07\/palazzo-pitti-florenz.jpg 880w, https:\/\/www.sonnenklar.tv\/blog\/wp-content\/uploads\/2018\/07\/palazzo-pitti-florenz-300x153.jpg 300w, https:\/\/www.sonnenklar.tv\/blog\/wp-content\/uploads\/2018\/07\/palazzo-pitti-florenz-768x393.jpg 768w\" sizes=\"(max-width: 880px) 100vw, 880px\" \/><figcaption class=\"wp-element-caption\">Die Werke der Gro\u00dfen Meister mal von Nahem sehen? Dann ab ins Palazzo Pitti!<\/figcaption><\/figure>\n<\/div>\n\n\n<p><a href=\"https:\/\/www.sonnenklar.tv\/ort\/Toskana\/Pisa.html\" target=\"_blank\" rel=\"noopener\">Pisa<\/a> ist eigentlich nur f\u00fcr seinen schiefen Turm bekannt, auf dem der Legende nach Galileo seine Fallgesetze entdeckt hat. Dabei hat die Stadt am Arno neben dem Campanile, dem Dom Santa Maria Assunta und dem Baptisterium etliche Attraktionen zu bieten. In der Universit\u00e4tsstadt, in der die 40.000 Studenten rund die H\u00e4lfte der Bev\u00f6lkerung ausmachen, ist der botanische Garten ein zentraler R\u00fcckzugsort. Bereits 1543 gegr\u00fcndet ist der wissenschaftliche Park an der Piazza dei Miracoli die Heimat von \u00fcber 2.000 Pflanzenarten, von denen 140 heilende Wirkungen haben.<\/p>\n\n\n\n<p>Wie ein Modell einer Spielzeugeisenbahn wirkt die Dornenkirche, die Chiesa Santa Maria della Spina. Das Gotteshaus am Ufer des Arno ist wegen ihrer Statuen in der Fassade und im Altarbereich unbedingt sehenswert.<\/p>\n\n\n<div class=\"wp-block-image wp-image-10873 size-full\">\n<figure class=\"aligncenter\"><img loading=\"lazy\" decoding=\"async\" width=\"880\" height=\"450\" src=\"https:\/\/www.sonnenklar.tv\/blog\/wp-content\/uploads\/2018\/07\/chiesa-santa-maria-della-spina-florenz.jpg\" alt=\"Chiesa Santa Maria della Spina\" class=\"wp-image-10873\" srcset=\"https:\/\/www.sonnenklar.tv\/blog\/wp-content\/uploads\/2018\/07\/chiesa-santa-maria-della-spina-florenz.jpg 880w, https:\/\/www.sonnenklar.tv\/blog\/wp-content\/uploads\/2018\/07\/chiesa-santa-maria-della-spina-florenz-300x153.jpg 300w, https:\/\/www.sonnenklar.tv\/blog\/wp-content\/uploads\/2018\/07\/chiesa-santa-maria-della-spina-florenz-768x393.jpg 768w\" sizes=\"(max-width: 880px) 100vw, 880px\" \/><figcaption class=\"wp-element-caption\">Sieht schon von au\u00dfen irgendwie unwirklich aus: die Chiesa Santa Maria della Spina.<\/figcaption><\/figure>\n<\/div>\n\n\n<h2 class=\"wp-block-heading\">Sardiniens romantische Costa Smeralda<\/h2>\n\n\n\n<p>An der K\u00fcste zum Tyrrhenischen Meer entlang gelangt ihr nach Civitavecchia, von wo F\u00e4hren nach Olbia im Norden Sardiniens ablegen. Die Hafenstadt ist direkt an der ber\u00fchmten Costa Smeralda angesiedelt. Hier leuchtet das Meer tats\u00e4chlich smaragdgr\u00fcn in der Sonne. Mittendrin ist Porto Cervo der wohl mond\u00e4nste Badeort Italiens, in dem sich der internationale Jetset in gro\u00dfer Zahl zur Rolex-Regatta einfindet.<\/p>\n\n\n\n<p>Die UNESCO-Kommission hat jedoch mehr der Nationalpark La Maddalena-Archipel beeindruckt, direkt vor der K\u00fcste. Als Taucher findet ihr in dem Meeresschutzgebiet eine unbeschreibliche Artenvielfalt. In den zahlreichen Wracks leben Kraken, Mur\u00e4nen und gelegentlich schauen auch Haie vorbei.<\/p>\n\n\n<div class=\"wp-block-image wp-image-10874 size-full\">\n<figure class=\"aligncenter\"><img loading=\"lazy\" decoding=\"async\" width=\"880\" height=\"450\" src=\"https:\/\/www.sonnenklar.tv\/blog\/wp-content\/uploads\/2018\/07\/la-maddalena-sardinien.jpg\" alt=\"Unser Reisetipp, wenn ihr auf Sardinien seid: Ein Ausflug nach La Maddalena\" class=\"wp-image-10874\" srcset=\"https:\/\/www.sonnenklar.tv\/blog\/wp-content\/uploads\/2018\/07\/la-maddalena-sardinien.jpg 880w, https:\/\/www.sonnenklar.tv\/blog\/wp-content\/uploads\/2018\/07\/la-maddalena-sardinien-300x153.jpg 300w, https:\/\/www.sonnenklar.tv\/blog\/wp-content\/uploads\/2018\/07\/la-maddalena-sardinien-768x393.jpg 768w\" sizes=\"(max-width: 880px) 100vw, 880px\" \/><figcaption class=\"wp-element-caption\">Von Sardinien aus bietet sich ein Ausflug auf die Insel La Maddalena an.<\/figcaption><\/figure>\n<\/div>\n\n\n<p>F\u00fcr die Fahrt in die Inselhauptstadt Cagliari habe ich mir Zeit gelassen, denn das pittoreske Sardinien vertr\u00e4gt keine Eile.<\/p>\n\n\n\n<p><a href=\"https:\/\/www.sonnenklar.tv\/promo\/urlaub-sardinien.html\" target=\"_blank\" rel=\"noreferrer noopener\">Unsere besten Sardinien-Angebote findet ihr hier!<\/a><\/p>\n\n\n\n<h2 class=\"wp-block-heading\">Palermo, \u00c4tna und Catania<\/h2>\n\n\n\n<p>Die Nacht verbringe ich auf der F\u00e4hre nach <a href=\"https:\/\/www.sonnenklar.tv\/ort\/Sizilien\/Palermo.html\" target=\"_blank\" rel=\"noopener\">Palermo<\/a>, denn die Fahrt dauert gem\u00fctliche 12 Stunden. In der sizilianischen Hauptstadt geh\u00f6ren die arabisch-normannischen Bauwerke zum Welterbe, darunter der Palazzo Reale, das imposante Castello della Zisa sowie die Kathedrale. Palermos Altstadt ist \u00fcberaus reizvoll, allerdings bereits im Mai ein brodelnder Ort, weshalb es mich schnell an die Ostk\u00fcste zieht. An der kaufe ich im Hinterland des \u00c4tna die weltbesten Pistazien, die nur hier in dieser exquisiten Qualit\u00e4t erh\u00e4ltlich sind.<\/p>\n\n\n<div class=\"wp-block-image wp-image-10875 size-full\">\n<figure class=\"aligncenter\"><img loading=\"lazy\" decoding=\"async\" width=\"880\" height=\"450\" src=\"https:\/\/www.sonnenklar.tv\/blog\/wp-content\/uploads\/2018\/07\/palermo.jpg\" alt=\"Palermo\" class=\"wp-image-10875\" srcset=\"https:\/\/www.sonnenklar.tv\/blog\/wp-content\/uploads\/2018\/07\/palermo.jpg 880w, https:\/\/www.sonnenklar.tv\/blog\/wp-content\/uploads\/2018\/07\/palermo-300x153.jpg 300w, https:\/\/www.sonnenklar.tv\/blog\/wp-content\/uploads\/2018\/07\/palermo-768x393.jpg 768w\" sizes=\"(max-width: 880px) 100vw, 880px\" \/><figcaption class=\"wp-element-caption\">Ich im Herzen von Palermo.<\/figcaption><\/figure>\n<\/div>\n\n\n<p><a href=\"https:\/\/www.sonnenklar.tv\/ort\/Sizilien\/Catania.html\" target=\"_blank\" rel=\"noopener\">In der barocken Altstadt von Catania finde ich eine komfortable Unterkunft<\/a> nahe der Via dei Crociferi und der atemberaubend sch\u00f6nen Chiesa San Benedetto. Nach dem Ausbruch des \u00c4tna und dem gewaltigen Erdbeben Ende des 17. Jahrhunderts wurde Catania im r\u00f6mischen oder sizilianischen Barock neu erschaffen. Diesen Katastrophen verdankt die Nachwelt eine einzigartige Altstadt, die selbst unter den UNESCO-Welterbest\u00e4tten eine Besonderheit ist.<\/p>\n\n\n\n<p>Zudem ist die Bellini-Oper hier angesiedelt, der Elefantenbrunnen ist weltber\u00fchmt und der Pescheria di Catania ist wohl der gr\u00f6\u00dfte und spektakul\u00e4rste Fischmarkt Italiens.<\/p>\n\n\n<div class=\"wp-block-image wp-image-10876 size-full\">\n<figure class=\"aligncenter\"><img loading=\"lazy\" decoding=\"async\" width=\"880\" height=\"450\" src=\"https:\/\/www.sonnenklar.tv\/blog\/wp-content\/uploads\/2018\/07\/bellini-oper-catania.jpg\" alt=\"Bellini-Oper in Catania\" class=\"wp-image-10876\" srcset=\"https:\/\/www.sonnenklar.tv\/blog\/wp-content\/uploads\/2018\/07\/bellini-oper-catania.jpg 880w, https:\/\/www.sonnenklar.tv\/blog\/wp-content\/uploads\/2018\/07\/bellini-oper-catania-300x153.jpg 300w, https:\/\/www.sonnenklar.tv\/blog\/wp-content\/uploads\/2018\/07\/bellini-oper-catania-768x393.jpg 768w\" sizes=\"(max-width: 880px) 100vw, 880px\" \/><figcaption class=\"wp-element-caption\">UNESCO-Weltkulturerbe: die Bellini-Oper in Catania.<\/figcaption><\/figure>\n<\/div>\n\n\n<p>Au\u00dferdem ist Catania der perfekte Ausgangspunkt, wollt ihr Europas aktivsten Vulkan erkunden. Den Weg zum 3.323 Meter hohen Krater meistere ich mit der Seilbahn. Oben angekommen begr\u00fc\u00dfen mich Schneereste, denn von November bis M\u00e4rz k\u00f6nnt ihr mit Aussicht auf das Mittelmeer rasanten Wintersport betreiben. Die anstrengende Kletterpartie zum Kraterrand lohnt sich. Es ist ein unvergessliches Erlebnis, mit eigenen Augen in den Schlund eines dampfenden und grummelnden Vulkans zu blicken.<\/p>\n\n\n<div class=\"wp-block-image wp-image-10877 size-full\">\n<figure class=\"aligncenter\"><img loading=\"lazy\" decoding=\"async\" width=\"880\" height=\"450\" src=\"https:\/\/www.sonnenklar.tv\/blog\/wp-content\/uploads\/2018\/07\/vulkan-aetna-italien.jpg\" alt=\"Vulkan \u00c4tna, Italien\" class=\"wp-image-10877\" srcset=\"https:\/\/www.sonnenklar.tv\/blog\/wp-content\/uploads\/2018\/07\/vulkan-aetna-italien.jpg 880w, https:\/\/www.sonnenklar.tv\/blog\/wp-content\/uploads\/2018\/07\/vulkan-aetna-italien-800x409.jpg 800w, https:\/\/www.sonnenklar.tv\/blog\/wp-content\/uploads\/2018\/07\/vulkan-aetna-italien-18x9.jpg 18w, https:\/\/www.sonnenklar.tv\/blog\/wp-content\/uploads\/2018\/07\/vulkan-aetna-italien-150x77.jpg 150w, https:\/\/www.sonnenklar.tv\/blog\/wp-content\/uploads\/2018\/07\/vulkan-aetna-italien-450x230.jpg 450w, https:\/\/www.sonnenklar.tv\/blog\/wp-content\/uploads\/2018\/07\/vulkan-aetna-italien-768x393.jpg 768w, https:\/\/www.sonnenklar.tv\/blog\/wp-content\/uploads\/2018\/07\/vulkan-aetna-italien-300x153.jpg 300w\" sizes=\"(max-width: 880px) 100vw, 880px\" \/><figcaption class=\"wp-element-caption\">Hat mich auf meiner Reise mit am meisten beeindruckt: der Vulkan \u00c4tna.<\/figcaption><\/figure>\n<\/div>\n\n\n<h2 class=\"wp-block-heading\">Letzte Station: Rom<\/h2>\n\n\n\n<p>Mit der F\u00e4hre von Messina nach Kalabrien \u00fcber die zauberhafte Amalfik\u00fcste und Neapel gelangt ihr auf einer \u00fcberaus abwechslungsreichen Route in die italienische Hauptstadt. Hier steht die gesamte historische Innenstadt inklusive weiter Teile des Vatikanstaates unter dem Schutz der UNESCO. Wollt ihr alle dazugeh\u00f6rigen Geb\u00e4ude erkunden, <a href=\"https:\/\/www.sonnenklar.tv\/promo\/ferienwohnung-rom.html\" target=\"_blank\" rel=\"noopener\">solltet ihr eine Wohnung mieten<\/a>, denn das Areal ist gut 1.480 Hektar gro\u00df.<\/p>\n\n\n\n<p>Auch ich habe mich beschr\u00e4nkt und mir neben dem Kolosseum nur den Circus Maximus und das Pantheon angesehen. Richtung Vatikan ist die Engelsburg interessant, die eigentlich als Mausoleum f\u00fcr Kaiser Hadrian errichtet wurde.<\/p>\n\n\n<div class=\"wp-block-image wp-image-10878 size-full\">\n<figure class=\"aligncenter\"><img loading=\"lazy\" decoding=\"async\" width=\"880\" height=\"450\" src=\"https:\/\/www.sonnenklar.tv\/blog\/wp-content\/uploads\/2018\/07\/engelsburg-rom.jpg\" alt=\"Engelsburg in Rom\" class=\"wp-image-10878\" srcset=\"https:\/\/www.sonnenklar.tv\/blog\/wp-content\/uploads\/2018\/07\/engelsburg-rom.jpg 880w, https:\/\/www.sonnenklar.tv\/blog\/wp-content\/uploads\/2018\/07\/engelsburg-rom-300x153.jpg 300w, https:\/\/www.sonnenklar.tv\/blog\/wp-content\/uploads\/2018\/07\/engelsburg-rom-768x393.jpg 768w\" sizes=\"(max-width: 880px) 100vw, 880px\" \/><figcaption class=\"wp-element-caption\">In kaum einer anderen Stadt ist die Antike so pr\u00e4sent wie in Rom.<\/figcaption><\/figure>\n<\/div>\n\n\n<p>Den intensivsten Eindruck hinterlie\u00df bei mir die Sixtinische Kapelle. Die Wand- und Deckengem\u00e4lde von verschiedenen K\u00fcnstlern der Renaissance sind derart stimmungsvoll und detailliert, dass beim Betrachten vor dem geistigen Auge ganz Filme entstehen. Insbesondere Michelangelos \u201eDas j\u00fcngste Gericht\u201c ist nicht nur einfach ein Bild, sondern transportiert ganze Handlungsabl\u00e4ufe, sodass ihr euch deutlich vorstellen k\u00f6nnt, was an diesem Tag passieren wird.<\/p>\n\n\n\n<p>Wollt ihr auch so eine Tour unternehmen, sucht euch eure Favoriten unter den 53 italienischen Welterbest\u00e4tten aus. Mir fehlten aus Zeitmangel noch ein paar Highlights. Deshalb will ich diese Tour noch einmal erleben, nur mit anderen Zielen.<\/p>\n\n\n\n<p>Welche sollen es bei euch sein? Informiert euch hier mit <a href=\"https:\/\/www.sonnenklar.tv\/blog\/reisetipps-italien\/\" target=\"_blank\" rel=\"noreferrer noopener\">unseren Italien-Reisetipps<\/a>!<\/p>\n","protected":false},"excerpt":{"rendered":"<p>Wer Gro\u00dfartiges sehen m\u00f6chte, muss nicht weit reisen. Italien bietet euch eine F\u00fclle an Sehensw\u00fcrdigkeiten, f\u00fcr die ein Urlaub gar nicht gen\u00fcgt, um sie alle zu erkunden. Taucht mit unserem Autor ein in Italiens Weltkulturerbe &#8211; zehn davon hat er n\u00e4mlich auf einer Rundreise f\u00fcr uns besucht. Die von der UNESCO als Weltkulturerbe ausgezeichneten St\u00e4dte,<\/p>\n","protected":false},"author":10,"featured_media":7182,"comment_status":"closed","ping_status":"open","sticky":false,"template":"","format":"standard","meta":{"footnotes":""},"categories":[455,458,466],"tags":[510,504,484],"class_list":{"0":"post-7011","1":"post","2":"type-post","3":"status-publish","4":"format-standard","5":"has-post-thumbnail","7":"category-urlaubslaender","8":"category-italien","9":"category-reiseberichte","10":"tag-italien","11":"tag-reisebericht","12":"tag-sehenswuerdigkeiten"},"_links":{"self":[{"href":"https:\/\/www.sonnenklar.tv\/blog\/wp-json\/wp\/v2\/posts\/7011","targetHints":{"allow":["GET"]}}],"collection":[{"href":"https:\/\/www.sonnenklar.tv\/blog\/wp-json\/wp\/v2\/posts"}],"about":[{"href":"https:\/\/www.sonnenklar.tv\/blog\/wp-json\/wp\/v2\/types\/post"}],"author":[{"embeddable":true,"href":"https:\/\/www.sonnenklar.tv\/blog\/wp-json\/wp\/v2\/users\/10"}],"replies":[{"embeddable":true,"href":"https:\/\/www.sonnenklar.tv\/blog\/wp-json\/wp\/v2\/comments?post=7011"}],"version-history":[{"count":9,"href":"https:\/\/www.sonnenklar.tv\/blog\/wp-json\/wp\/v2\/posts\/7011\/revisions"}],"predecessor-version":[{"id":38935,"href":"https:\/\/www.sonnenklar.tv\/blog\/wp-json\/wp\/v2\/posts\/7011\/revisions\/38935"}],"wp:featuredmedia":[{"embeddable":true,"href":"https:\/\/www.sonnenklar.tv\/blog\/wp-json\/wp\/v2\/media\/7182"}],"wp:attachment":[{"href":"https:\/\/www.sonnenklar.tv\/blog\/wp-json\/wp\/v2\/media?parent=7011"}],"wp:term":[{"taxonomy":"category","embeddable":true,"href":"https:\/\/www.sonnenklar.tv\/blog\/wp-json\/wp\/v2\/categories?post=7011"},{"taxonomy":"post_tag","embeddable":true,"href":"https:\/\/www.sonnenklar.tv\/blog\/wp-json\/wp\/v2\/tags?post=7011"}],"curies":[{"name":"wp","href":"https:\/\/api.w.org\/{rel}","templated":true}]}}