{"id":5823,"date":"2018-04-25T09:17:59","date_gmt":"2018-04-25T07:17:59","guid":{"rendered":"https:\/\/www.sonnenklar.tv\/blog\/?p=5823"},"modified":"2026-03-23T14:33:23","modified_gmt":"2026-03-23T13:33:23","slug":"reisebericht-marokko-koenigsstaedte","status":"publish","type":"post","link":"https:\/\/www.sonnenklar.tv\/blog\/urlaubslaender\/reisebericht-marokko-koenigsstaedte\/","title":{"rendered":"Reisebericht \u00fcber Marokkos K\u00f6nigsst\u00e4dte: Afrikas arabische Welt"},"content":{"rendered":"\n<p><strong>Marokko fasziniert mit seinen Sch\u00e4tzen absolut jeden Urlauber. Diese Erfahrung machte auch unser Autor, der eine Tour durch die vier K\u00f6nigsst\u00e4dte des Landes gemacht hat. Was er dort entdeckt hat, erz\u00e4hlt er euch in seinem Reisebericht \u00fcber das wunderbare Marokko.<\/strong><\/p>\n\n\n\n<hr class=\"wp-block-separator has-css-opacity\"\/>\n\n\n\n<p><strong>Inhaltsverzeichnis<\/strong><\/p>\n\n\n\n<ul class=\"wp-block-list\">\n<li><a href=\"#reisebericht_rabat\">Das kaum bekannte Rabat: Meine Entdeckungen<\/a><\/li>\n\n\n\n<li><a href=\"#reisebericht_fes\">Marokkos \u00e4lteste K\u00f6nigsstadt F\u00e8s<\/a><\/li>\n\n\n\n<li><a href=\"#reisebericht_meknes\">Das entspannte Mekn\u00e8s<\/a><\/li>\n\n\n\n<li><a href=\"#reisebericht_marrakesch\">Marrakesch: M\u00e4rchenstadt aus 1001 Nacht<\/a><\/li>\n\n\n\n<li><a href=\"#reisebericht_tipps_marokko-trip\">Meine Tipps f\u00fcr euren Trip zu Marokkos K\u00f6nigsst\u00e4dten<\/a><\/li>\n<\/ul>\n\n\n\n<hr class=\"wp-block-separator has-css-opacity\"\/>\n\n\n\n<p>Wird \u00fcber Marokkos K\u00f6nigsst\u00e4dte gesprochen, ist nicht Tanger gemeint, das durch Agententhriller in den Kinos weltber\u00fchmt wurde. Auch der <a href=\"https:\/\/www.sonnenklar.tv\/blog\/agadir-strand-sehenswuerdigkeiten\/\" target=\"_blank\" rel=\"noopener noreferrer\">famose Badeort Agadir<\/a> mit seinen erstklassigen Golfpl\u00e4tzen am Atlantik hat seine Reize, aber keine k\u00f6niglichen. Und Casablanca, wo Humphrey Bogart sich tief in die Augen schauen lie\u00df und die tats\u00e4chlich blendend wei\u00dfen H\u00e4user aus dem Weltall zu sehen sind? Casablanca ist in der Tat eine Reise wert \u2013 aber nicht von k\u00f6niglichem Gebl\u00fct.<\/p>\n\n\n\n<p class=\"has-text-align-center\"><iframe src=\"https:\/\/www.youtube.com\/embed\/k6WXYVgTrcs\" width=\"560\" height=\"315\" frameborder=\"0\" allowfullscreen=\"allowfullscreen\"><\/iframe><\/p>\n\n\n\n<p>Anders die gegenw\u00e4rtige Hauptstadt <strong>Rabat<\/strong> und die historischen Regierungssitze <strong>F\u00e8s<\/strong>, <strong>Mekn\u00e8s<\/strong> sowie <strong>Marrakesch<\/strong>. Alle vier sind oder waren das Machtzentrum k\u00f6niglicher Herrscher. Diese lie\u00dfen in ihrer Umgebung unvergleichliche Prachtbauten errichten, die seinerzeit ihren Ruhm mehren sollten und euch heute als spannende Attraktionen dienen. \u00dcberdies erlaubt euch eine Rundreise durch die marokkanischen K\u00f6nigsst\u00e4dte einen tiefen Einblick in die bewegte Geschichte und die faszinierende Kultur des nordafrikanischen Landes an der Sahara.<\/p>\n\n\n\n<p>Zur besseren Orientierung habe ich euch Marokkos K\u00f6nigsst\u00e4dte in dieser Karte markiert:<\/p>\n\n\n\n<p class=\"has-text-align-center\"><iframe src=\"https:\/\/www.google.com\/maps\/d\/embed?mid=1-fla_yoC3d02Fm_JET7HJWnI8X8Sn2Vg\" width=\"640\" height=\"480\"><\/iframe><\/p>\n\n\n\n<h2 class=\"wp-block-heading\"><a name=\"reisebericht_rabat\"><\/a>Das kaum bekannte Rabat: Meine Entdeckungen<\/h2>\n\n\n\n<p>Obwohl Rabat eine lange Geschichte vorweisen kann, in ihr Alt sowie Neu empfindsam miteinander verschmolzen sind und sie die Hauptstadt Marokkos ist \u2013 ber\u00fchmt ist der gegenw\u00e4rtige Regierungssitz des demokratisch gew\u00e4hlten Parlaments und des Sultans wahrlich nicht. Selbst das bekannteste Wahrzeichen, der Hassan-Turm, wurde im 12. Jahrhundert als Minarett begonnen, aber nie fertiggestellt.<\/p>\n\n\n\n<p>Gleich gegen\u00fcber thront das Mausoleum von Mohammed V. auf einem H\u00fcgel. Sein mit gr\u00fcnen Kacheln gedecktes Dach ist weithin zu sehen. Das moderne architektonische Meisterwerk wurde in der Tradition marokkanischer Bauweise 1971 fertiggestellt. 18 Jahre sp\u00e4ter wurde K\u00f6nig Mohammed V., Gro\u00dfvater des heutigen Regenten, hier beigesetzt.<\/p>\n\n\n<div class=\"wp-block-image wp-image-11983 size-full\">\n<figure class=\"aligncenter\"><img fetchpriority=\"high\" decoding=\"async\" width=\"880\" height=\"450\" src=\"https:\/\/www.sonnenklar.tv\/blog\/wp-content\/uploads\/2018\/04\/mausoleum-rabat-marokko-koenigsstaedte-1.jpg\" alt=\"Ein Reisebericht \u00fcber das Mausoleum und den Hassan-Turm in Rabat, Marokko\" class=\"wp-image-11983\" srcset=\"https:\/\/www.sonnenklar.tv\/blog\/wp-content\/uploads\/2018\/04\/mausoleum-rabat-marokko-koenigsstaedte-1.jpg 880w, https:\/\/www.sonnenklar.tv\/blog\/wp-content\/uploads\/2018\/04\/mausoleum-rabat-marokko-koenigsstaedte-1-300x153.jpg 300w, https:\/\/www.sonnenklar.tv\/blog\/wp-content\/uploads\/2018\/04\/mausoleum-rabat-marokko-koenigsstaedte-1-768x393.jpg 768w\" sizes=\"(max-width: 880px) 100vw, 880px\" \/><figcaption class=\"wp-element-caption\">Zwei sch\u00f6ne Sehensw\u00fcrdigkeit an einem Fleck: Der ber\u00fchmte Hassan-Turm und das wundersch\u00f6ne Mausoleum in Rabat.<\/figcaption><\/figure>\n<\/div>\n\n\n<p>W\u00e4hrend der gr\u00f6\u00dfte Teil Rabats eher an westliche Metropolen der Neuzeit erinnert, hat sich die Kasbah ihren mittelalterlichen Charme bewahrt. Ich habe die einst so m\u00e4chtige Festungsanlage, von deren Mauern ich die gesamte K\u00fcstenregion am Mittelmeer \u00fcberblicken konnte, erkundet. Absolut lohnenswert! Innerhalb der Kasbah, die von gewaltigen W\u00e4llen umgeben ist, herrscht eine vollkommen andere Atmosph\u00e4re als im Rest der Hauptstadt. Zudem findet ihr hier die kleinen H\u00e4user, die blau oder wei\u00df angestrichen sind und mit ihren Flachd\u00e4chern eher andalusisch als marokkanisch aussehen.<\/p>\n\n\n<div class=\"wp-block-image wp-image-11984 size-full\">\n<figure class=\"aligncenter\"><img decoding=\"async\" width=\"880\" height=\"450\" src=\"https:\/\/www.sonnenklar.tv\/blog\/wp-content\/uploads\/2018\/04\/kasbah-rabat-marokko-koenigsstaedte.jpg\" alt=\"H\u00e4user in der Kasbah von Rabat\" class=\"wp-image-11984\" srcset=\"https:\/\/www.sonnenklar.tv\/blog\/wp-content\/uploads\/2018\/04\/kasbah-rabat-marokko-koenigsstaedte.jpg 880w, https:\/\/www.sonnenklar.tv\/blog\/wp-content\/uploads\/2018\/04\/kasbah-rabat-marokko-koenigsstaedte-300x153.jpg 300w, https:\/\/www.sonnenklar.tv\/blog\/wp-content\/uploads\/2018\/04\/kasbah-rabat-marokko-koenigsstaedte-768x393.jpg 768w\" sizes=\"(max-width: 880px) 100vw, 880px\" \/><figcaption class=\"wp-element-caption\">Andalusischer Charme im Norden von Afrika: die Kasbah wird euch verzaubern.<\/figcaption><\/figure>\n<\/div>\n\n\n<h2 class=\"wp-block-heading\"><a name=\"reisebericht_fes\"><\/a>Marokkos \u00e4lteste K\u00f6nigsstadt F\u00e8s<\/h2>\n\n\n\n<p>F\u00e8s wurde bereits im 9. Jahrhundert unter Sultan Idriss II. gegr\u00fcndet. Der Monarch soll ein Ururenkel des Propheten Muhammad gewesen sein, der sich F\u00e8s als Platz f\u00fcr seine Hauptstadt aussuchte, rund 210 Kilometer \u00f6stlich von Rabat. Nach dem Fall seiner Dynastie \u00fcbernahmen die Almoraviden die Macht, deren Regierungssitz Marrakesch wurde.<\/p>\n\n\n\n<p>F\u00e8s blieb als Handelsmetropole wichtig und wurde in ihrer langen Geschichte zwei weitere Male Hauptstadt Marokkos. Mein Eindruck: Die aufregendste der kaiserlichen St\u00e4dte ist prachtvoll und umringt von Mauern, die fast 16 Kilometer lang sind.<\/p>\n\n\n<div class=\"wp-block-image wp-image-11985 size-full\">\n<figure class=\"aligncenter\"><img decoding=\"async\" width=\"880\" height=\"450\" src=\"https:\/\/www.sonnenklar.tv\/blog\/wp-content\/uploads\/2018\/04\/bab-bou-jeloud-tor-fes-marokko-koenigsstaedte.jpg\" alt=\"In meinem Reisebericht berichte auch, dass F\u00e8s noch von vielen Stadtmauern umringt ist\" class=\"wp-image-11985\" srcset=\"https:\/\/www.sonnenklar.tv\/blog\/wp-content\/uploads\/2018\/04\/bab-bou-jeloud-tor-fes-marokko-koenigsstaedte.jpg 880w, https:\/\/www.sonnenklar.tv\/blog\/wp-content\/uploads\/2018\/04\/bab-bou-jeloud-tor-fes-marokko-koenigsstaedte-300x153.jpg 300w, https:\/\/www.sonnenklar.tv\/blog\/wp-content\/uploads\/2018\/04\/bab-bou-jeloud-tor-fes-marokko-koenigsstaedte-768x393.jpg 768w\" sizes=\"(max-width: 880px) 100vw, 880px\" \/><figcaption class=\"wp-element-caption\">Sogar die Stadtmauern in F\u00e8s laden zum Verweilen und Bestaunen ein.<\/figcaption><\/figure>\n<\/div>\n\n\n<h3 class=\"wp-block-heading\">F\u00e8s\u2018 Stadtteile<\/h3>\n\n\n\n<p>Die beste Aussicht \u00fcber die Stadt bescheren euch die Merinid-Gr\u00e4ber im Norden. Von dort ist gut zu erkennen, dass F\u00e8s eigentlich ein Zusammenschluss von drei Orten ist. Im Zentrum liegt <strong>F\u00e8s el Bali<\/strong>, die mittelalterliche Stadt, die Medina. In diesem Viertel lebt fast die H\u00e4lfte der Bev\u00f6lkerung. Enge verwinkelte Gassen, kleine Handwerksl\u00e4den und urige Teestuben k\u00f6nnt ihr hier erkunden. Allerdings ist der Stadtteil derart verwirrend, dass es f\u00fcr mich pers\u00f6nlich sinnvoll war, einen F\u00fchrer zu engagieren.<\/p>\n\n\n\n<p><strong>F\u00e8s el Jedid<\/strong>, die Neustadt, entstand im 13. Jahrhundert In diesem Bereich ist das Mellah, das alte j\u00fcdische Viertel, zu finden. Alt deshalb, weil nach dem Pogrom 1033 mit \u00fcber 6.000 Opfern die j\u00fcdische Bev\u00f6lkerung in die N\u00e4he des Palastes umgesiedelt wurde. Allerdings erst rund 300 Jahre sp\u00e4ter, 1325. \u00dcbrigens ist der K\u00f6nigspalast Dar El Makhzen bis heute erhalten. Etwas seltsam mutet die Fassade an, die mitten aus einer m\u00e4chtigen Mauer nach au\u00dfen tritt.<\/p>\n\n\n<div class=\"wp-block-image wp-image-11987 size-full\">\n<figure class=\"aligncenter\"><img loading=\"lazy\" decoding=\"async\" width=\"880\" height=\"450\" src=\"https:\/\/www.sonnenklar.tv\/blog\/wp-content\/uploads\/2018\/04\/koenigspalast-fes-marokko-koenigsstaedte-1.jpg\" alt=\"Fassade K\u00f6nigspalast in F\u00e8s\" class=\"wp-image-11987\" srcset=\"https:\/\/www.sonnenklar.tv\/blog\/wp-content\/uploads\/2018\/04\/koenigspalast-fes-marokko-koenigsstaedte-1.jpg 880w, https:\/\/www.sonnenklar.tv\/blog\/wp-content\/uploads\/2018\/04\/koenigspalast-fes-marokko-koenigsstaedte-1-300x153.jpg 300w, https:\/\/www.sonnenklar.tv\/blog\/wp-content\/uploads\/2018\/04\/koenigspalast-fes-marokko-koenigsstaedte-1-768x393.jpg 768w\" sizes=\"(max-width: 880px) 100vw, 880px\" \/><figcaption class=\"wp-element-caption\">Die prachtvoll verzierte Fassade des K\u00f6nigspalastes hat mich auf meinem Trip durch Marokkos K\u00f6nigsst\u00e4dte absolut in ihren Bann gezogen.<\/figcaption><\/figure>\n<\/div>\n\n\n<p>Die meisten Besucher ignorieren gerne den dritten Stadtteil <strong>Ville Nouvelle<\/strong>, der im franz\u00f6sischen Stil nach 1916 entstand, w\u00e4hrend des Protektorats der Franzosen.<\/p>\n\n\n\n<p>Alle Moscheen stehen ausschlie\u00dflich Muslimen offen. Aber ihr k\u00f6nnt durch den Eingangsbereich des Zaouia Moulay Idriss das Grab des Stadtgr\u00fcnders sehen. Zu den sch\u00f6nsten Bauwerken in F\u00e8s geh\u00f6ren zweifellos die Medersa, die Koranschule und Universit\u00e4t Bou Inania. Hier steht der prachtvoll gestaltete Hof im krassen Gegensatz zu den sehr einfachen Zellen, in denen fr\u00fcher die Sch\u00fcler lebten.<\/p>\n\n\n\n<p>Sehenswert ist das neu er\u00f6ffnete Riad Belghazi-Museum. Seine Sch\u00e4tze sind alle in einem Riad aus dem 17. Jahrhundert ausgestellt. Als Riad werden die Stadtvillen der reichen Kaufleute bezeichnet, die um einen orientalischen Hofgarten herum gebaut wurden.<\/p>\n\n\n\n<blockquote class=\"instagram-media\" style=\"background: #FFF; border: 0; border-radius: 3px; box-shadow: 0 0 1px 0 rgba(0,0,0,0.5),0 1px 10px 0 rgba(0,0,0,0.15); margin: 1px; max-width: 658px; padding: 0; width: calc(100% - 2px);\" data-instgrm-permalink=\"https:\/\/www.instagram.com\/p\/BOJxoBuFoii\/\" data-instgrm-version=\"8\"><div style=\"padding: 8px;\">\n<div style=\"background: #F8F8F8; line-height: 0; margin-top: 40px; padding: 50.0% 0; text-align: center; width: 100%;\">\n<div style=\"background: url(data:image\/png; base64,ivborw0kggoaaaansuheugaaacwaaaascamaaaapwqozaaaabgdbtueaalgpc\/xhbqaaaafzukdcak7ohokaaaamuexurczmzpf399fx1+bm5mzy9amaaadisurbvdjlvzxbesmgces5\/p8\/t9furvcrmu73jwlzosgsiizurcjo\/ad+eqjjb4hv8bft+idpqocx1wjosbfhh2xssxeiyn3uli\/6mnree07uiwjev8ueowds88ly97kqytlijkktuybbruayvh5wohixmpi5we58ek028czwyuqdlkpg1bkb4nnm+veanfhqn1k4+gpt6ugqcvu2h2ovuif\/gwufyy8owepdyzsa3avcqpvovvzzz2vtnn2wu8qzvjddeto90gsy9mvlqtgysy231mxry6i2ggqjrty0l8fxcxfcbbhwrsyyaaaaaelftksuqmcc); display: block; height: 44px; margin: 0 auto -44px; position: relative; top: -22px; width: 44px;\"><\/div>\n<\/div>\n<p style=\"color: #c9c8cd; font-family: Arial,sans-serif; font-size: 14px; line-height: 17px; margin-bottom: 0; margin-top: 8px; overflow: hidden; padding: 8px 0 7px; text-align: center; text-overflow: ellipsis; white-space: nowrap;\"><a style=\"color: #c9c8cd; font-family: Arial,sans-serif; font-size: 14px; font-style: normal; font-weight: normal; line-height: 17px; text-decoration: none;\" href=\"https:\/\/www.instagram.com\/p\/BOJxoBuFoii\/\" target=\"_blank\" rel=\"noopener noreferrer\">Ein Beitrag geteilt von Riad Belghazi (@riadbelghazi)<\/a> am <time style=\"font-family: Arial,sans-serif; font-size: 14px; line-height: 17px;\" datetime=\"2016-12-18T09:02:34+00:00\">Dez 18, 2016 um 1:02 PST<\/time><\/p>\n<\/div><\/blockquote>\n\n\n\n<p><script async=\"\" defer=\"\" src=\"\/\/www.instagram.com\/embed.js\"><\/script><\/p>\n\n\n\n<p>Ebenso wie mich wird euch auch die Medina mit ihren engen Gassen begeistern, in der die Zeit scheinbar eine Atempause eingelegt hat. Hier haben Pferde und Esel Vorfahrt, denn sie versorgen die kleinen Gesch\u00e4fte im Souk mit Waren aller Art; von Gem\u00fcse \u00fcber handverzierte Messingsch\u00fcsseln bis zum grellbunten Mobiltelefon aus asiatischer Produktion. In einigen davon k\u00f6nnt ihr euch einen Fez als Andenken kaufen, den leuchtend roten Filzhut, der mit und ohne Quast angeboten wird.<\/p>\n\n\n\n<p>Jeder Bezirk innerhalb der Medina hat sein eigenes Badehaus, eine B\u00e4ckerei oder einen Messersch\u00e4rfer, deren Familien seit Generationen dem jeweiligen Gewerbe nachgehen. Die ganze Medina ist ein Labyrinth, in dem sich das Verlieren, um dann doch den richtigen Weg zu finden, zum Spa\u00df geh\u00f6rt.<\/p>\n\n\n<div class=\"wp-block-image wp-image-11988 size-full\">\n<figure class=\"aligncenter\"><img loading=\"lazy\" decoding=\"async\" width=\"880\" height=\"450\" src=\"https:\/\/www.sonnenklar.tv\/blog\/wp-content\/uploads\/2018\/04\/gerberei-medina-fes-marokko-koenigsstaedte.jpg\" alt=\"F\u00fcr meinen Reisebericht habe ich auch bei einer Gerberei in der Medina von F\u00e8s vorbeigeschaut.\" class=\"wp-image-11988\" srcset=\"https:\/\/www.sonnenklar.tv\/blog\/wp-content\/uploads\/2018\/04\/gerberei-medina-fes-marokko-koenigsstaedte.jpg 880w, https:\/\/www.sonnenklar.tv\/blog\/wp-content\/uploads\/2018\/04\/gerberei-medina-fes-marokko-koenigsstaedte-300x153.jpg 300w, https:\/\/www.sonnenklar.tv\/blog\/wp-content\/uploads\/2018\/04\/gerberei-medina-fes-marokko-koenigsstaedte-768x393.jpg 768w\" sizes=\"(max-width: 880px) 100vw, 880px\" \/><figcaption class=\"wp-element-caption\">Eine Gerberei inmitten der Medina von F\u00e8s.<\/figcaption><\/figure>\n<\/div>\n\n\n<h2 class=\"wp-block-heading\"><a name=\"reisebericht_meknes\"><\/a>Das entspannte Mekn\u00e8s<\/h2>\n\n\n\n<p>Mekn\u00e8s ist zwischen Rabat und F\u00e8s angesiedelt, rund 150 Kilometer \u00f6stlich der Hauptstadt Marokkos. Die Stadt ist entspannt und geradezu leger. Hier steht nicht eine quirlige, pulsierende Medina im Mittelpunkt, sondern das kaiserliche Hauptquartier von Moulay Ismael aus dem 17. Jahrhundert. Diese befestigte Stadt innerhalb von Mekn\u00e8s k\u00f6nnt ihr tagelang erkunden, denn mehrere Pal\u00e4ste, Moscheen, Verliese und prachtvolle G\u00e4rten lassen keine Langeweile aufkommen. Der H\u00f6hepunkt sind die k\u00f6niglichen St\u00e4lle, zu denen die riesigen Getreidesilos geh\u00f6ren. Dort wurde so viel Nahrung aufbewahrt, dass die Bev\u00f6lkerung auch eine einj\u00e4hrige Belagerung problemlos \u00fcberstehen konnte. In den St\u00e4llen Heri es-Souani war Platz f\u00fcr 12.000 Pferde und Herden von Ziegen, Schafen und K\u00fchen konnten gehalten werden.<\/p>\n\n\n\n<p>Das schmuckvolle, reich mit Ornamenten und Mosaiken ausgekleidete Moulay Ismael Mausoleum ist zwar ein besonders heiliger Ort f\u00fcr Muslime, darf jedoch auch von Angeh\u00f6rigen anderer Religionen betreten werden. Allerdings gilt ein striktes Fotografierverbot, an das ihr euch als Gast im Land auch unbedingt halten solltet. Nur Schritte entfernt ist das Christengef\u00e4ngnis interessant.<\/p>\n\n\n<div class=\"wp-block-image wp-image-11989 size-full\">\n<figure class=\"aligncenter\"><img loading=\"lazy\" decoding=\"async\" width=\"880\" height=\"450\" src=\"https:\/\/www.sonnenklar.tv\/blog\/wp-content\/uploads\/2018\/04\/walili-meknes-marokko-koenigsstaedte.jpg\" alt=\"Walili bei der marokkanischen K\u00f6nigsstadt Meknes\" class=\"wp-image-11989\" srcset=\"https:\/\/www.sonnenklar.tv\/blog\/wp-content\/uploads\/2018\/04\/walili-meknes-marokko-koenigsstaedte.jpg 880w, https:\/\/www.sonnenklar.tv\/blog\/wp-content\/uploads\/2018\/04\/walili-meknes-marokko-koenigsstaedte-300x153.jpg 300w, https:\/\/www.sonnenklar.tv\/blog\/wp-content\/uploads\/2018\/04\/walili-meknes-marokko-koenigsstaedte-768x393.jpg 768w\" sizes=\"(max-width: 880px) 100vw, 880px\" \/><figcaption class=\"wp-element-caption\">Bei Mekn\u00e8s gibt es \u00fcbrigens auch etwas f\u00fcr Geschichtsfans zu entdecken: die Ausgrabungsst\u00e4tte Walili (ehemals Volubilis) aus der R\u00f6merzeit.<\/figcaption><\/figure>\n<\/div>\n\n\n<h2 class=\"wp-block-heading\"><a name=\"reisebericht_marrakesch\"><\/a>Marrakesch: M\u00e4rchenstadt aus 1001 Nacht<\/h2>\n\n\n\n<p>Wusstet ihr\u2019s? Von Marrakesch leitet sich der Landesname Marokko ab. Abgesehen von den allgemein bekannten Sehensw\u00fcrdigkeiten wie den riesigen Souks oder dem Koutoubia-Turm, beherbergt Marrakesch einige versteckte Perlen, die es zu entdecken gilt und die ich euch nat\u00fcrlich nicht vorenthalten m\u00f6chte. Beim Bau der Saadier-Gr\u00e4ber scheinen die Architekten einem Rausch verfallen zu sein, derart prachtvoll sind sie gestaltet. In dem Mausoleum fanden Sultane aus der Saadier-Dynastie ihre letzte Ruhest\u00e4tte.<\/p>\n\n\n\n<p>Architektonisch einzigartig ist die Ben Youssef Medersa, die gr\u00f6\u00dfte islamische Schule Marokkos. Der Bahia-Palast wurde im Stil der Alhambra von Granada erbaut. Der Monumentalbau gilt als wunderbares Beispiel f\u00fcr die Architektur des 19. Jahrhundert, bei der eine stattliche Raumgr\u00f6\u00dfe wichtig war. Das gilt ebenso f\u00fcr das nahe Dar-Si-Said, einen ehemaligen Palast, der heute ein historisches Museum ist.<\/p>\n\n\n<div class=\"wp-block-image wp-image-10045 size-full\">\n<figure class=\"aligncenter\"><img loading=\"lazy\" decoding=\"async\" width=\"880\" height=\"450\" src=\"https:\/\/www.sonnenklar.tv\/blog\/wp-content\/uploads\/2018\/12\/medersa-ben-youssef-sehenswuerdigkeit-marrakesch.jpg\" alt=\"Die Medersa Ben Youssef ist eine der sch\u00f6nsten Sehensw\u00fcrdigkeiten in Marrakesch\" class=\"wp-image-10045\" srcset=\"https:\/\/www.sonnenklar.tv\/blog\/wp-content\/uploads\/2018\/12\/medersa-ben-youssef-sehenswuerdigkeit-marrakesch.jpg 880w, https:\/\/www.sonnenklar.tv\/blog\/wp-content\/uploads\/2018\/12\/medersa-ben-youssef-sehenswuerdigkeit-marrakesch-300x153.jpg 300w, https:\/\/www.sonnenklar.tv\/blog\/wp-content\/uploads\/2018\/12\/medersa-ben-youssef-sehenswuerdigkeit-marrakesch-768x393.jpg 768w\" sizes=\"(max-width: 880px) 100vw, 880px\" \/><figcaption class=\"wp-element-caption\">Ein wundersch\u00f6ner und inspirierender Ort: Die Medersa Ben Youssef ist eine der sch\u00f6nsten Sehensw\u00fcrdigkeiten in Marrakesch.<\/figcaption><\/figure>\n<\/div>\n\n\n<p>Marrakesch ist ber\u00fchmt f\u00fcr die einzigartigen G\u00e4rten. Besuchen solltet ihr unbedingt den Jardin Majorelle, dessen Artenreichtum und kleine Seen und Pal\u00e4ste zu den sch\u00f6nsten Nordafrikas z\u00e4hlen. Der Jardin Majorelle wurde von einem franz\u00f6sischen Maler geschaffen. Yves Saint-Laurent kaufte sp\u00e4ter das m\u00e4rchenhafte Areal und nach seinem Tod wurde seine Asche im Garten verstreut.<\/p>\n\n\n<div class=\"wp-block-image wp-image-11990 size-full\">\n<figure class=\"aligncenter\"><img loading=\"lazy\" decoding=\"async\" width=\"880\" height=\"450\" src=\"https:\/\/www.sonnenklar.tv\/blog\/wp-content\/uploads\/2018\/04\/jardin-majorelle-marrakesch-marokko-koenigsstaedte.jpg\" alt=\"F\u00fcr einen Reisebericht \u00fcber Marokkos K\u00f6nigsst\u00e4dte geh\u00f6rt ein Besuch im Jardin Majorelle in Marrakesch dazu\" class=\"wp-image-11990\" srcset=\"https:\/\/www.sonnenklar.tv\/blog\/wp-content\/uploads\/2018\/04\/jardin-majorelle-marrakesch-marokko-koenigsstaedte.jpg 880w, https:\/\/www.sonnenklar.tv\/blog\/wp-content\/uploads\/2018\/04\/jardin-majorelle-marrakesch-marokko-koenigsstaedte-300x153.jpg 300w, https:\/\/www.sonnenklar.tv\/blog\/wp-content\/uploads\/2018\/04\/jardin-majorelle-marrakesch-marokko-koenigsstaedte-768x393.jpg 768w\" sizes=\"(max-width: 880px) 100vw, 880px\" \/><figcaption class=\"wp-element-caption\">Na, faszinizert? Das hier ist nur eines von vielen wunderbaren Details, welche euch im ber\u00fchmten Jardin Majorelle erwarten!<\/figcaption><\/figure>\n<\/div>\n\n\n<p><strong>Weiterlesen im Blog:<\/strong> <a href=\"https:\/\/www.sonnenklar.tv\/blog\/gaerten-von-marrakesch\/\" target=\"_blank\" rel=\"noreferrer noopener\">Marrakesch hat noch mehr magische G\u00e4rten zu bieten &#8211; alle Infos bekommt ihr hier!<\/a><\/p>\n\n\n\n<p>Nat\u00fcrlich geh\u00f6rt ein Besuch des Souks zu einer St\u00e4dtereise nach Marrakesch dazu. Er ist nach Waren oder Handwerk aufgeteilt. Fisch wird an einem Platz verkauft, w\u00e4hrend weit ab davon Gem\u00fcse angeboten wird. Im Kleider-Souk k\u00f6nnt ihr an St\u00e4nden st\u00f6bern und <a href=\"https:\/\/www.sonnenklar.tv\/blog\/shopping-in-dubai-unsere-tipps-und-tricks\/\" target=\"_blank\" rel=\"noopener noreferrer\">nach arabischer Sitte um den Preis feilschen<\/a>. Der Gerber-Souk ist kleiner als in F\u00e8s, aber ebenso interessant. Genau wie der F\u00e4rber-Souk, in dem Wolle jeden Tag in einer anderen Farbe hergestellt wird.<\/p>\n\n\n\n<h2 class=\"wp-block-heading\"><a name=\"reisebericht_tipps_marokko-trip\"><\/a>Meine Tipps f\u00fcr euren Trip zu Marokkos K\u00f6nigsst\u00e4dten<\/h2>\n\n\n\n<p>Auf den M\u00e4rkten gelten einige Regeln, die ihr beherzigen solltet. Ausl\u00e4ndischen G\u00e4sten wird h\u00e4ufig ein Preis genannt, der ein Vielfaches \u00fcber dem tats\u00e4chlichen Wert liegt. F\u00fcr mich hat sich der Ansatz bew\u00e4hrt, den Preis bei rund zehn Prozent der genannten Summe anzusetzen und nur dann zu feilschen, wenn ich auch wirklich an einem Kauf interessiert war. Stehen gr\u00f6\u00dfere Anschaffungen wie ein Teppich zur Diskussion, geh\u00f6rt ein Glas Tee unabdingbar zum Verhandlungsgespr\u00e4ch.<\/p>\n\n\n<div class=\"wp-block-image size-full wp-image-11991\">\n<figure class=\"aligncenter\"><img loading=\"lazy\" decoding=\"async\" width=\"880\" height=\"450\" src=\"https:\/\/www.sonnenklar.tv\/blog\/wp-content\/uploads\/2018\/04\/gasse-marokko-koenigsstaedte.jpg\" alt=\"Gasse in Marokko\" class=\"wp-image-11991\" srcset=\"https:\/\/www.sonnenklar.tv\/blog\/wp-content\/uploads\/2018\/04\/gasse-marokko-koenigsstaedte.jpg 880w, https:\/\/www.sonnenklar.tv\/blog\/wp-content\/uploads\/2018\/04\/gasse-marokko-koenigsstaedte-300x153.jpg 300w, https:\/\/www.sonnenklar.tv\/blog\/wp-content\/uploads\/2018\/04\/gasse-marokko-koenigsstaedte-768x393.jpg 768w\" sizes=\"(max-width: 880px) 100vw, 880px\" \/><figcaption class=\"wp-element-caption\">Wie soll man sich als Fremder jemals allein in Marokkos Gassen zurechtfinden? Wie gut, dass die Marokkaner so hilfsbereit sind!<\/figcaption><\/figure>\n<\/div>\n\n\n<p>Au\u00dferdem kann ich euch empfehlen: Wollt ihr einen F\u00fchrer nutzen, solltet ihr seinen Lohn unbedingt vorher aushandeln. Je nachdem, wie gl\u00fccklich der Ortskundige damit ist, bekommt ihr aber nicht immer zu sehen, was ihr gerne wollt. Abh\u00e4ngig davon, wo die Familie des Stadtf\u00fchrers ihre Gesch\u00e4fte betreibt, wird die Route gerne ge\u00e4ndert.<\/p>\n\n\n\n<div class=\"wp-block-buttons is-horizontal is-content-justification-center is-layout-flex wp-container-core-buttons-is-layout-499968f5 wp-block-buttons-is-layout-flex\">\n<div class=\"wp-block-button\"><a class=\"wp-block-button__link wp-element-button\" href=\"https:\/\/www.sonnenklar.tv\/promo\/rundreisen-marokko.html\" target=\"_blank\" rel=\"noreferrer noopener\">Marokko Rundreise &#8211; zu den Angeboten<\/a><\/div>\n\n\n\n<div class=\"wp-block-button\"><a class=\"wp-block-button__link wp-element-button\" href=\"https:\/\/www.sonnenklar.tv\/mietwagen.html\">Mietwagen-Angebote f\u00fcr Marokko<\/a><\/div>\n<\/div>\n\n\n\n<h3 class=\"wp-block-heading\">Kulinarisches Marokko \u2013 ihr werdet es lieben!<\/h3>\n\n\n\n<p>Oft sind Restaurants darunter, in denen ausschlie\u00dflich marokkanische Gerichte serviert werden, z.B. Briouat. Die beliebte Vorspeise ist ein dreieckiges oder r\u00f6hrenf\u00f6rmiges Geb\u00e4ck, gef\u00fcllt mit Fleisch oder Reis und best\u00e4ubt mit Puderzucker sowie Zimt. Harira solltet ihr ebenfalls probieren. Die dicke Fleischsuppe mit Kichererbsen und Koriander ist das ganze Jahr \u00fcber erh\u00e4ltlich. Sie wird aber w\u00e4hrend des Ramadan traditionell gegessen, um das Brechen des Fastens zu markieren.<\/p>\n\n\n\n<p>Mir hat Pastilla sehr gut geschmeckt. Dieser Kuchen wird als Hauptgericht serviert und kommt von der Herstellung einer italienischen Lasagne nahe. Allerdings ist er s\u00fc\u00df und herzhaft zugleich. Mehrere Teigschichten sind mit Fleisch, Gem\u00fcse und N\u00fcssen gef\u00fcllt.<\/p>\n\n\n\n<p>Eine Art Nationalgericht ist Tajine, was eigentlich die Bezeichnung f\u00fcr eine flache Pfanne ist. Darin wird H\u00e4hnchen oder Lamm mit Gem\u00fcse und getrockneten Fr\u00fcchten geschmort, was unter gleichem Namen angeboten wird. Als Fleischliebhaber wird euch Mechoui begeistern, das mit Kr\u00e4utern und Meersalz gew\u00fcrzte Lamm, das im traditionellen Lehmofen gebackten wird.<\/p>\n\n\n<div class=\"wp-block-image wp-image-5842 size-full\">\n<figure class=\"aligncenter\"><img loading=\"lazy\" decoding=\"async\" width=\"880\" height=\"450\" src=\"https:\/\/www.sonnenklar.tv\/blog\/wp-content\/uploads\/2018\/04\/Tajine-Marokko.jpg\" alt=\"Tajine in Marokko\" class=\"wp-image-5842\" srcset=\"https:\/\/www.sonnenklar.tv\/blog\/wp-content\/uploads\/2018\/04\/Tajine-Marokko.jpg 880w, https:\/\/www.sonnenklar.tv\/blog\/wp-content\/uploads\/2018\/04\/Tajine-Marokko-300x153.jpg 300w, https:\/\/www.sonnenklar.tv\/blog\/wp-content\/uploads\/2018\/04\/Tajine-Marokko-768x393.jpg 768w\" sizes=\"(max-width: 880px) 100vw, 880px\" \/><figcaption class=\"wp-element-caption\">Tajine in Marokko &#8211; so schmeckt Urlaub wie aus 1001 Nacht.<\/figcaption><\/figure>\n<\/div>\n\n\n<p>Lust auf das magische Marokko bekommen? Dann <a href=\"https:\/\/www.sonnenklar.tv\/blog\/marokko-tausendundeine-moeglichkeit-fuer-maerchenhaften-urlaub\/\" target=\"_blank\" rel=\"noreferrer noopener\">lest hier unsere Reisetipps zu dem Land aus 1001 Nacht<\/a>!<\/p>\n","protected":false},"excerpt":{"rendered":"<p>Marokko fasziniert mit seinen Sch\u00e4tzen absolut jeden Urlauber. Diese Erfahrung machte auch unser Autor, der eine Tour durch die vier K\u00f6nigsst\u00e4dte des Landes gemacht hat. Was er dort entdeckt hat, erz\u00e4hlt er euch in seinem Reisebericht \u00fcber das wunderbare Marokko. Inhaltsverzeichnis Wird \u00fcber Marokkos K\u00f6nigsst\u00e4dte gesprochen, ist nicht Tanger gemeint, das durch Agententhriller in den<\/p>\n","protected":false},"author":10,"featured_media":11998,"comment_status":"closed","ping_status":"open","sticky":false,"template":"","format":"standard","meta":{"footnotes":""},"categories":[455,466,468,465],"tags":[485,157,492,513],"class_list":{"0":"post-5823","1":"post","2":"type-post","3":"status-publish","4":"format-standard","5":"has-post-thumbnail","7":"category-urlaubslaender","8":"category-reiseberichte","9":"category-urlauber-berichten","10":"category-weitere-laender","11":"tag-kultururlaub","12":"tag-marokko","13":"tag-rundreise","14":"tag-staedtereisen"},"_links":{"self":[{"href":"https:\/\/www.sonnenklar.tv\/blog\/wp-json\/wp\/v2\/posts\/5823","targetHints":{"allow":["GET"]}}],"collection":[{"href":"https:\/\/www.sonnenklar.tv\/blog\/wp-json\/wp\/v2\/posts"}],"about":[{"href":"https:\/\/www.sonnenklar.tv\/blog\/wp-json\/wp\/v2\/types\/post"}],"author":[{"embeddable":true,"href":"https:\/\/www.sonnenklar.tv\/blog\/wp-json\/wp\/v2\/users\/10"}],"replies":[{"embeddable":true,"href":"https:\/\/www.sonnenklar.tv\/blog\/wp-json\/wp\/v2\/comments?post=5823"}],"version-history":[{"count":23,"href":"https:\/\/www.sonnenklar.tv\/blog\/wp-json\/wp\/v2\/posts\/5823\/revisions"}],"predecessor-version":[{"id":39085,"href":"https:\/\/www.sonnenklar.tv\/blog\/wp-json\/wp\/v2\/posts\/5823\/revisions\/39085"}],"wp:featuredmedia":[{"embeddable":true,"href":"https:\/\/www.sonnenklar.tv\/blog\/wp-json\/wp\/v2\/media\/11998"}],"wp:attachment":[{"href":"https:\/\/www.sonnenklar.tv\/blog\/wp-json\/wp\/v2\/media?parent=5823"}],"wp:term":[{"taxonomy":"category","embeddable":true,"href":"https:\/\/www.sonnenklar.tv\/blog\/wp-json\/wp\/v2\/categories?post=5823"},{"taxonomy":"post_tag","embeddable":true,"href":"https:\/\/www.sonnenklar.tv\/blog\/wp-json\/wp\/v2\/tags?post=5823"}],"curies":[{"name":"wp","href":"https:\/\/api.w.org\/{rel}","templated":true}]}}