{"id":5722,"date":"2018-04-26T11:25:08","date_gmt":"2018-04-26T09:25:08","guid":{"rendered":"https:\/\/www.sonnenklar.tv\/blog\/?p=5722"},"modified":"2023-10-23T12:30:23","modified_gmt":"2023-10-23T11:30:23","slug":"hochzeitsreisen-royals-europa","status":"publish","type":"post","link":"https:\/\/www.sonnenklar.tv\/blog\/reisearten\/hochzeitsreisen-royals-europa\/","title":{"rendered":"Die Hochzeitsreisen der Royals: Hier flitterten Europas K\u00f6nigsh\u00e4user"},"content":{"rendered":"<p><strong>Am 19. Mai ist es soweit: Der begehrteste Junggeselle Gro\u00dfbritanniens tritt vor den Traualtar. Prinz Harry und Meghan Markle werden heiraten. Neben der hochkar\u00e4tigen G\u00e4steliste, der prunkvollen Feier, dem atemberaubenden Brautkleid und dem weltweiten Beifall interessiert alle Royal-Fans vor allem eins: Wo geht die Hochzeitsreise hin? Wir haben uns einmal zur Inspiration in Europas K\u00f6nigsh\u00e4usern umgesehen und recherchiert, wo die anderen Adelsvertreter eigentlich geflittert haben.<\/strong><\/p>\n<p>In den Medien wird bereits seit Monaten heftig spekuliert: Wird das frischverm\u00e4hlte Paar der Einladung des australischen Tourismusministers folgen? Oder kommt doch eher Botswana in die engere Auswahl, wo die beiden sowohl ihren Jahrestag als auch Meghans 36. Geburtstag verbracht haben? Zuletzt wurde nun auch Namibia als hei\u00dfer Tipp in den Medien gehandelt &#8211; die beiden sollen sich dort bereits mehrere Lodgen gemietet haben, damit die \u00d6ffentlichkeit bis zuletzt nicht sicher wei\u00df, wo sie ihren Honeymoon verbringen. Sicher ist jedenfalls, dass nichts sicher ist. Demnach werden wir uns vermutlich gedulden m\u00fcssen, bis das Paar von selbst mit der Sprache rausr\u00fcckt.<\/p>\n<p>Doch wie sieht das eigentlich mit den anderen Royals aus dem britischen K\u00f6nigshaus aus? Und wie halten es die \u00fcbrigen Thronfolger in Europa \u2013 wird da eher im Heimaturlaub geflittert oder muss es daf\u00fcr schon etwas ganz Exotisches sein? Wir haben uns die Ziele der Hochzeitsreisen der europ\u00e4ischen Monarchen und deren Nachfolgern einmal genauer angesehen.<\/p>\n<h2>Diese Royals flitterten lieber daheim<\/h2>\n<p>Bei unserer Analyse stellte sich heraus, dass vor allem die \u00e4ltere Generation des britischen K\u00f6nigshauses auf Bew\u00e4hrtes setzt. Sie bleibt lieber im Land, als eine Fernreise zu unternehmen. Queen Elizabeth II. selbst machte es vor, als sie nach ihrer Trauung im Jahr 1947 zusammen mit Prinz Philip zur Grafschaft Hampshire bei Philips Onkel auf die schottischen Broadlands fuhr, um anschlie\u00dfend auf Schloss Balmoral weiterzureisen. Ihr Sohn und Nummer eins in der britischen Thronfolge, Prinz Charles, macht es ihr sowohl nach seiner Heirat mit Diana als auch Camilla nach. Kein Wunder: So bezeichnete er das Jagdschl\u00f6sschen Birkhall auf dem weitl\u00e4ufigen Anwesen laut \u201espiegel.de\u201c als \u201eeinzigartigen Zufluchtsort der Behaglichkeit\u201c. Wozu dann auch weit reisen?<\/p>\n<figure id=\"attachment_11467\" aria-describedby=\"caption-attachment-11467\" style=\"width: 880px\" class=\"wp-caption aligncenter\"><img fetchpriority=\"high\" decoding=\"async\" class=\"wp-image-11467 size-full\" src=\"https:\/\/www.sonnenklar.tv\/blog\/wp-content\/uploads\/2018\/04\/schloss-balmoral.jpg\" alt=\"Schloss Balmoral: Das bevorzugte Ziel f\u00fcr die Flitterwochen der britischen Royals\" width=\"880\" height=\"450\" srcset=\"https:\/\/www.sonnenklar.tv\/blog\/wp-content\/uploads\/2018\/04\/schloss-balmoral.jpg 880w, https:\/\/www.sonnenklar.tv\/blog\/wp-content\/uploads\/2018\/04\/schloss-balmoral-300x153.jpg 300w, https:\/\/www.sonnenklar.tv\/blog\/wp-content\/uploads\/2018\/04\/schloss-balmoral-768x393.jpg 768w\" sizes=\"(max-width: 880px) 100vw, 880px\" \/><figcaption id=\"caption-attachment-11467\" class=\"wp-caption-text\">Schloss Balmoral: Das bevorzugte Ziel f\u00fcr die Flitterwochen der britischen Royals<\/figcaption><\/figure>\n<p>Auch Prinz Edward zog es 1999 mit seiner frisch angetrauten Sophie f\u00fcr neun Tage in schottische Gefilde. Dabei fiel die Reisezeit der heimischen Royals auf die w\u00e4rmeren Monate \u2013 nur die Queen lie\u00df sich von N\u00e4sse und K\u00e4lte nach ihrer Hochzeit im November nicht abschrecken.<\/p>\n<p>K\u00f6nig Harald V. und Sonja von Norwegen hielten es im Sommer 1968 ebenfalls heimatlich: Sie verbrachten ihren ersten gemeinsamen Urlaub als Ehepaar auf dem k\u00f6niglichen Schiff \u201eNorge\u201c vor der norwegischen K\u00fcste \u2013 unterbrachen die Reise aber, um unbemerkt von den Medien einige ungest\u00f6rte Tage in den Bergen des Landes verbringen zu k\u00f6nnen.<\/p>\n\n<table id=\"tablepress-11\" class=\"tablepress tablepress-id-11\">\n<thead>\n<tr class=\"row-1\">\n\t<th class=\"column-1\">K\u00f6nigshaus<\/th><th class=\"column-2\">Thronfolge<\/th><th class=\"column-3\">Royal<\/th><th class=\"column-4\">Ehepartner<\/th><th class=\"column-5\">Hochzeitstag<\/th><th class=\"column-6\">Hochzeitsreise<\/th>\n<\/tr>\n<\/thead>\n<tbody class=\"row-striping row-hover\">\n<tr class=\"row-2\">\n\t<td class=\"column-1\">Gro\u00dfbritannien<\/td><td class=\"column-2\">0<\/td><td class=\"column-3\">Queen Elizabeth II.<\/td><td class=\"column-4\">Prinz Philip<\/td><td class=\"column-5\">20. Nov 1947<\/td><td class=\"column-6\">Schottland<\/td>\n<\/tr>\n<tr class=\"row-3\">\n\t<td class=\"column-1\">Gro\u00dfbritannien<\/td><td class=\"column-2\">1<\/td><td class=\"column-3\">Prinz Charles<\/td><td class=\"column-4\">Herzogin Camilla<\/td><td class=\"column-5\">09. Apr 2005<\/td><td class=\"column-6\">Schottland<\/td>\n<\/tr>\n<tr class=\"row-4\">\n\t<td class=\"column-1\">Gro\u00dfbritannien<\/td><td class=\"column-2\">1<\/td><td class=\"column-3\">Prinz Charles<\/td><td class=\"column-4\">Prinzessin Diana<\/td><td class=\"column-5\">29. Jul 1981<br \/>\n(Scheidung 1996)<\/td><td class=\"column-6\">\"Britannia\": Mittelmeer vor Griechenland; Schottland<\/td>\n<\/tr>\n<tr class=\"row-5\">\n\t<td class=\"column-1\">Gro\u00dfbritannien<\/td><td class=\"column-2\">9<\/td><td class=\"column-3\">Prinz Edward<\/td><td class=\"column-4\">Gr\u00e4fin Sophie<\/td><td class=\"column-5\">19. Jun 1999<\/td><td class=\"column-6\">Schottland<\/td>\n<\/tr>\n<tr class=\"row-6\">\n\t<td class=\"column-1\">Norwegen<\/td><td class=\"column-2\">0<\/td><td class=\"column-3\">K\u00f6nig Harald V.<\/td><td class=\"column-4\">K\u00f6nigin Sonja<\/td><td class=\"column-5\">29. Aug 1968<\/td><td class=\"column-6\">Norwegen: K\u00fcste und Berge<\/td>\n<\/tr>\n<\/tbody>\n<\/table>\n<!-- #tablepress-11 from cache -->\n<h2>Weg ja, aber nicht zu weit<\/h2>\n<p>Bei Prinz Charles sei hinzugef\u00fcgt: Mit Diana war er insgesamt drei Monate auf Hochzeitreise, wovon zwar durchaus der Gro\u00dfteil auf Balmoral verbracht wurde. Allerdings schipperten die beiden zun\u00e4chst elf Tage auf der \u201eBritannia\u201c durch das Mittelmeer vor Griechenland.<\/p>\n<p>Das Schiff diente auch seinem Bruder, Prinz Andrew, f\u00fcnf Jahre sp\u00e4ter als \u201esicherer Hafen\u201c f\u00fcr ungest\u00f6rte Flitterwochen: Er und Sarah Ferguson verbrachten dabei f\u00fcnf Tage auf dem Schiff auf dem Atlantik.<\/p>\n<figure id=\"attachment_11468\" aria-describedby=\"caption-attachment-11468\" style=\"width: 880px\" class=\"wp-caption aligncenter\"><img decoding=\"async\" class=\"wp-image-11468 size-full\" src=\"https:\/\/www.sonnenklar.tv\/blog\/wp-content\/uploads\/2018\/04\/st-moritz-1.jpg\" alt=\"K\u00f6nig Willem-Alexander und M\u00e1xima der Niederlande flitterten in St. Moritz\" width=\"880\" height=\"450\" srcset=\"https:\/\/www.sonnenklar.tv\/blog\/wp-content\/uploads\/2018\/04\/st-moritz-1.jpg 880w, https:\/\/www.sonnenklar.tv\/blog\/wp-content\/uploads\/2018\/04\/st-moritz-1-300x153.jpg 300w, https:\/\/www.sonnenklar.tv\/blog\/wp-content\/uploads\/2018\/04\/st-moritz-1-768x393.jpg 768w\" sizes=\"(max-width: 880px) 100vw, 880px\" \/><figcaption id=\"caption-attachment-11468\" class=\"wp-caption-text\">Flittern auf der Piste: Die Wahl von K\u00f6nig Willem-Alexander und seiner M\u00e1xima fiel auf St. Moritz in der Schweiz.<\/figcaption><\/figure>\n<p>Zwar in einem anderen Land, aber nicht zu weit weg von der Heimat flitterten auch K\u00f6nig Willem-Alexander und M\u00e1xima der Niederlande: Sie brachen nach ihrer Hochzeit im Februar 2002 nach St. Moritz in der Schweiz auf \u2013 passenderweise zum Skifahren. \u201eSueddeutsche.de\u201c berichtet, dass die beiden dabei in Begleitung von Bodyguards waren.<\/p>\n\n<table id=\"tablepress-12\" class=\"tablepress tablepress-id-12\">\n<thead>\n<tr class=\"row-1\">\n\t<th class=\"column-1\">K\u00f6nigshaus<\/th><th class=\"column-2\">Thronfolge<\/th><th class=\"column-3\">Royal<\/th><th class=\"column-4\">Ehepartner<\/th><th class=\"column-5\">Hochzeitsdatum<\/th><th class=\"column-6\">Hochzeitsreise<\/th>\n<\/tr>\n<\/thead>\n<tbody class=\"row-striping row-hover\">\n<tr class=\"row-2\">\n\t<td class=\"column-1\">Gro\u00dfbritannien<\/td><td class=\"column-2\">16<\/td><td class=\"column-3\">Zara Philips<\/td><td class=\"column-4\">Mike Tindall<\/td><td class=\"column-5\">30. Jul 2011<\/td><td class=\"column-6\">Nahe Limassol, Zypern<\/td>\n<\/tr>\n<tr class=\"row-3\">\n\t<td class=\"column-1\">Niederlande<\/td><td class=\"column-2\">0<\/td><td class=\"column-3\">K\u00f6nig Willem-Alexander<\/td><td class=\"column-4\">K\u00f6nigin M\u00e1xima<\/td><td class=\"column-5\">02. Feb 2002<\/td><td class=\"column-6\">St. Moritz, Schweiz<\/td>\n<\/tr>\n<tr class=\"row-4\">\n\t<td class=\"column-1\">Monaco<\/td><td class=\"column-2\">7<\/td><td class=\"column-3\">Pierre Casiraghi<\/td><td class=\"column-4\">Beatrice Borromeo<\/td><td class=\"column-5\">25. Jul 2015<\/td><td class=\"column-6\">Jacht \"Pacha III.\" <br \/>\nan der franz.<br \/>\nRiviera<\/td>\n<\/tr>\n<tr class=\"row-5\">\n\t<td class=\"column-1\">Liechtenstein<\/td><td class=\"column-2\">0<\/td><td class=\"column-3\">F\u00fcrst Hans-Adam II.<\/td><td class=\"column-4\">F\u00fcrstin Marie<\/td><td class=\"column-5\">30. Jul 1967<\/td><td class=\"column-6\">Paris<\/td>\n<\/tr>\n<\/tbody>\n<\/table>\n<!-- #tablepress-12 from cache -->\n<h2>Diese Royals sind richtig weit gereist<\/h2>\n<p>Doch die \u201eBritannia\u201c hat dar\u00fcber hinaus nat\u00fcrlich ebenso andere Gew\u00e4sser gesehen: Nach ihrer Hochzeit im Jahr 1973 reisten Prinzessin Anne und ihr damaliger Ehemann Mark Phillips auf dem k\u00f6niglichen Schiff vom Atlantik bis auf den Pazifik. Dabei passierten sie Barbados und weitere karibische Inseln. Die Kr\u00f6nung der weiten Reise war schlie\u00dflich ein Aufenthalt auf den Galapagosinseln. Kein Wunder, dass es weiter weg gehen musste: Die Trauung fand im November statt.<\/p>\n<p>Prinz William entschied sich zusammen mit Herzogin Kate nach deren Hochzeit 2011 im Gegensatz zu seinem Vater gegen Flittern in der Heimat \u2013 obwohl die Hochzeit im April stattfand und es da auch in Schottland gem\u00fctlich werden kann. Die beiden verbrachten laut \u201egala.de\u201c insgesamt zehn herrliche Tage auf der Privatinsel North Island auf den Seychellen. Das Ziel ist allerdings nicht nur wegen seiner Sch\u00f6nheit gew\u00e4hlt worden: Die beiden waren 2007 nach einer Beziehungspause schon dort, um wieder zueinander zu finden. Wie romantisch!<\/p>\n<p>Der britische Thronfolger war aber nicht der einzige, der seine Flitterwochen auf North Island verbrachte: Auch Prinzessin Madeleine von Schweden flog nach ihrer Hochzeit mit Christopher O\u2019Neill im Jahr 2012 dorthin, wie \u201ebild.de\u201c berichtete.<\/p>\n<figure id=\"attachment_11469\" aria-describedby=\"caption-attachment-11469\" style=\"width: 880px\" class=\"wp-caption aligncenter\"><img decoding=\"async\" class=\"wp-image-11469 size-full\" src=\"https:\/\/www.sonnenklar.tv\/blog\/wp-content\/uploads\/2018\/04\/seychellen-strand.jpg\" alt=\"Die Seychellen sind ein beliebtes Ziel f\u00fcr royale Hochzeitsreisen\" width=\"880\" height=\"450\" srcset=\"https:\/\/www.sonnenklar.tv\/blog\/wp-content\/uploads\/2018\/04\/seychellen-strand.jpg 880w, https:\/\/www.sonnenklar.tv\/blog\/wp-content\/uploads\/2018\/04\/seychellen-strand-300x153.jpg 300w, https:\/\/www.sonnenklar.tv\/blog\/wp-content\/uploads\/2018\/04\/seychellen-strand-768x393.jpg 768w\" sizes=\"(max-width: 880px) 100vw, 880px\" \/><figcaption id=\"caption-attachment-11469\" class=\"wp-caption-text\">Ganz genau so stellt man sich traumhafte Flitterwochen vor &#8230;<\/figcaption><\/figure>\n<p>Die europ\u00e4ischen Royals zeigen sich im \u00fcberwiegenden Ma\u00dfe sehr reisefreudig, wenn es um ihre Flitterwochen geht. So machten der amtierende K\u00f6nig Felipe VI. und seine Frau Letizia nach der Hochzeit im Mai 2004 zwar zun\u00e4chst eine Spanien-Rundreise, bei der sie sich ganz volksnah gaben, Autogramme verteilten und in lokalen Restaurants a\u00dfen. Doch anschlie\u00dfend ging es schon nach Jordanien auf Einladung von Prinz Hamzah bin Hussein hin anl\u00e4sslich seiner eigenen Hochzeit. Felipe und Letizia nutzten die Gelegenheit, um den historischen Ort Petra zu besuchen. Au\u00dferdem wurden sie Medienberichten zufolge noch auf Koh Muk in Thailand gesehen. Auch China und Indien sollen auf ihrer Reiseroute gelegen haben. Sogar die Fidschi-Inseln beanspruchen f\u00fcr sich, Teil an den Flitterwochen des damaligen spanischen Thronerben gehabt zu haben.<\/p>\n<p>Auch Schweden und D\u00e4nemark lieben Ziele im Warmen. Bei Kronprinzessin Victoria von Schweden und Daniel Westling stand 2010 eine Reise nach Tahiti an, Prinz Carl Philip von Schweden reiste 2015 mit seiner Sofia zuerst auf die Fidschi-Insel Laucala Island und anschlie\u00dfend nach Nicaragua. K\u00f6nigin Margrethe II. von D\u00e4nemark und Prinz Henrik n\u00e4chtigten 1967 in der Villa des ehemaligen mexikanischen Pr\u00e4sidenten Adolfo Lopez Mateos. Die andere Seite des Atlantiks hat es auch Prinz Joachim zu D\u00e4nemark und seiner Alexandra angetan: Ihre Flitterwochen verbrachten sie in Argentinien, Mexiko und Amerika. Kronprinz Frederik zu D\u00e4nemark und Mary flitterten ausgiebig drei Wochen lang in Tansania, wei\u00df \u201emerkur.de\u201c.<\/p>\n\n<table id=\"tablepress-13\" class=\"tablepress tablepress-id-13\">\n<thead>\n<tr class=\"row-1\">\n\t<th class=\"column-1\">K\u00f6nigshaus<\/th><th class=\"column-2\">Thronfolge<\/th><th class=\"column-3\">Royal<\/th><th class=\"column-4\">Ehepartner<\/th><th class=\"column-5\">Hochzeitstag<\/th><th class=\"column-6\">Hochzeitsreise<\/th>\n<\/tr>\n<\/thead>\n<tbody class=\"row-striping row-hover\">\n<tr class=\"row-2\">\n\t<td class=\"column-1\">Gro\u00dfbritannien<\/td><td class=\"column-2\">2<\/td><td class=\"column-3\">Prinz William<\/td><td class=\"column-4\">Herzogin Kate<\/td><td class=\"column-5\">29. Apr 2011<\/td><td class=\"column-6\">North Island, Seychellen<\/td>\n<\/tr>\n<tr class=\"row-3\">\n\t<td class=\"column-1\">Gro\u00dfbritannien<\/td><td class=\"column-2\">6<\/td><td class=\"column-3\">Prinz Andrew<\/td><td class=\"column-4\">Sarah Ferguson<\/td><td class=\"column-5\">23. Jul 1986<br \/>\n(Scheidung 1996)<\/td><td class=\"column-6\">Azoren<\/td>\n<\/tr>\n<tr class=\"row-4\">\n\t<td class=\"column-1\">Gro\u00dfbritannien<\/td><td class=\"column-2\">12<\/td><td class=\"column-3\">Prinzessin Anne<\/td><td class=\"column-4\">Mark Phillips<\/td><td class=\"column-5\">14. Nov 1973<br \/>\n(Scheidung 1992)<\/td><td class=\"column-6\">\"Britannia\": <br \/>\nAtlantik &amp; Pazifik;<br \/>\nBarbados;<br \/>\nGalapagosinseln<\/td>\n<\/tr>\n<tr class=\"row-5\">\n\t<td class=\"column-1\">Gro\u00dfbritannien<\/td><td class=\"column-2\">13<\/td><td class=\"column-3\">Peter Phillips<\/td><td class=\"column-4\">Autumn Phillips<\/td><td class=\"column-5\">17. Mai 2008<\/td><td class=\"column-6\">Tuningi Safari Lodge, S\u00fcdafrika<\/td>\n<\/tr>\n<tr class=\"row-6\">\n\t<td class=\"column-1\">Schweden<\/td><td class=\"column-2\">0<\/td><td class=\"column-3\">K\u00f6nig Carl XVI. Gustaf<\/td><td class=\"column-4\">K\u00f6nigin Silvia<\/td><td class=\"column-5\">19. Jun 1976<\/td><td class=\"column-6\">Hawaii; <br \/>\nBotswana; <br \/>\nSchloss Solliden<br \/>\nauf \u00d6land, Ostsee<\/td>\n<\/tr>\n<tr class=\"row-7\">\n\t<td class=\"column-1\">Schweden<\/td><td class=\"column-2\">1<\/td><td class=\"column-3\">Kronprinzessin Victoria<\/td><td class=\"column-4\">Daniel Westling<\/td><td class=\"column-5\">19. Jun 2010<\/td><td class=\"column-6\">Tahiti<\/td>\n<\/tr>\n<tr class=\"row-8\">\n\t<td class=\"column-1\">Schweden<\/td><td class=\"column-2\">4<\/td><td class=\"column-3\">Prinz Carl Philip<\/td><td class=\"column-4\">Prinzessin Sofia<\/td><td class=\"column-5\">13. Jun 2015<\/td><td class=\"column-6\">Laucala Island, Fidschi; <br \/>\nNicaragua<\/td>\n<\/tr>\n<tr class=\"row-9\">\n\t<td class=\"column-1\">Schweden<\/td><td class=\"column-2\">7<\/td><td class=\"column-3\">Prinzessin Madeleine<\/td><td class=\"column-4\">Christopher O'Neill<\/td><td class=\"column-5\">08. Jun 2012<\/td><td class=\"column-6\">North Island, Seychellen<\/td>\n<\/tr>\n<tr class=\"row-10\">\n\t<td class=\"column-1\">D\u00e4nemark<\/td><td class=\"column-2\">0<\/td><td class=\"column-3\">K\u00f6nigin Margrethe II.<\/td><td class=\"column-4\">Prinz Henrik<\/td><td class=\"column-5\">10. Jun 1967<\/td><td class=\"column-6\">Cozumel, Mexiko<\/td>\n<\/tr>\n<tr class=\"row-11\">\n\t<td class=\"column-1\">D\u00e4nemark<\/td><td class=\"column-2\">1<\/td><td class=\"column-3\">Kronprinz Frederik<\/td><td class=\"column-4\">Kronprinzessin Mary<\/td><td class=\"column-5\">14. Mai 2004<\/td><td class=\"column-6\">Tansania<\/td>\n<\/tr>\n<tr class=\"row-12\">\n\t<td class=\"column-1\">D\u00e4nemark<\/td><td class=\"column-2\">6<\/td><td class=\"column-3\">Prinz Joachim<\/td><td class=\"column-4\">Alexandra Manley<\/td><td class=\"column-5\">18. Nov 1995<br \/>\n(Scheidung 2005)<\/td><td class=\"column-6\">Argentinien;<br \/>\nMexiko;<br \/>\nAmerika<\/td>\n<\/tr>\n<tr class=\"row-13\">\n\t<td class=\"column-1\">D\u00e4nemark<\/td><td class=\"column-2\">6<\/td><td class=\"column-3\">Prinz Joachim<\/td><td class=\"column-4\">Prinzessin Maria<\/td><td class=\"column-5\">24. Mai 2008<\/td><td class=\"column-6\">Westk\u00fcste von Kanada und Montreal<\/td>\n<\/tr>\n<tr class=\"row-14\">\n\t<td class=\"column-1\">Spanien<\/td><td class=\"column-2\">0<\/td><td class=\"column-3\">K\u00f6nig Felipe VI.<\/td><td class=\"column-4\">K\u00f6nigin Letizia<\/td><td class=\"column-5\">22. Mai 2004<\/td><td class=\"column-6\">Spanien-Rundreise;<br \/>\nJordanien;<br \/>\nVatikan;<br \/>\nKoh Muk;<br \/>\nvermutet: Indien, China und Fidschi<\/td>\n<\/tr>\n<tr class=\"row-15\">\n\t<td class=\"column-1\">Norwegen<\/td><td class=\"column-2\">1<\/td><td class=\"column-3\">Prinz Haakon<\/td><td class=\"column-4\">Prinzessin Mette-Marit<\/td><td class=\"column-5\">25. Aug 2001<\/td><td class=\"column-6\">USA<\/td>\n<\/tr>\n<tr class=\"row-16\">\n\t<td class=\"column-1\">Norwegen<\/td><td class=\"column-2\">4<\/td><td class=\"column-3\">Prinzessin M\u00e4rtha Louise<\/td><td class=\"column-4\">Ari Behn<\/td><td class=\"column-5\">24. Mai 2002<br \/>\n(Trennung 2016)<\/td><td class=\"column-6\">Pazifik<\/td>\n<\/tr>\n<tr class=\"row-17\">\n\t<td class=\"column-1\">Monaco<\/td><td class=\"column-2\">0<\/td><td class=\"column-3\">F\u00fcrst Albert II.<\/td><td class=\"column-4\">F\u00fcrstin Charl\u00e8ne<\/td><td class=\"column-5\">01. Jul 2011<\/td><td class=\"column-6\">S\u00fcdafrika;<br \/>\nMosambik<\/td>\n<\/tr>\n<tr class=\"row-18\">\n\t<td class=\"column-1\">Monaco<\/td><td class=\"column-2\">3<\/td><td class=\"column-3\">Prinzessin Caroline<\/td><td class=\"column-4\">Philippe Junot<\/td><td class=\"column-5\">28. Jun 1978<br \/>\n(Scheidung 1980)<\/td><td class=\"column-6\">Rangiroa Atoll, <br \/>\nTahiti<\/td>\n<\/tr>\n<tr class=\"row-19\">\n\t<td class=\"column-1\">Monaco<\/td><td class=\"column-2\">11<\/td><td class=\"column-3\">Prinzessin St\u00e9phanie<\/td><td class=\"column-4\">Daniel Ducruet<\/td><td class=\"column-5\">01. Jul 1995<br \/>\n(Scheidung 1996)<\/td><td class=\"column-6\">Guadalupe<\/td>\n<\/tr>\n<tr class=\"row-20\">\n\t<td class=\"column-1\">Belgien<\/td><td class=\"column-2\">0<\/td><td class=\"column-3\">K\u00f6nig Philippe<\/td><td class=\"column-4\">K\u00f6nigin Mathilde<\/td><td class=\"column-5\">04. Dez 1999<\/td><td class=\"column-6\">Indien<\/td>\n<\/tr>\n<tr class=\"row-21\">\n\t<td class=\"column-1\">Liechtenstein<\/td><td class=\"column-2\">10<\/td><td class=\"column-3\">Prinz Philipp<\/td><td class=\"column-4\">Isabelle de L'Arbre de Malander<\/td><td class=\"column-5\">11. Sep 1971<\/td><td class=\"column-6\">Mexiko<\/td>\n<\/tr>\n<\/tbody>\n<\/table>\n<!-- #tablepress-13 from cache -->\n<h2>Diese K\u00f6nigsh\u00e4user h\u00fcllen sich in Schweigen<\/h2>\n<p>\u00dcber die Ziele der frischverm\u00e4hlten belgischen Thronfolger ist nicht viel bekannt. Lediglich K\u00f6nig Philippe l\u00fcftete bei einem Staatsbesuch in Indien kurz den Schleier des Schweigens. So verriet er gegen\u00fcber der indischen Presse, dass er und Mathilde schon einmal in Indien waren und nur die besten Erinnerungen daran h\u00e4tten: Nach ihrer Trauung im Dezember 1999 sei die Reise dorthin gegangen.<\/p>\n<figure id=\"attachment_11471\" aria-describedby=\"caption-attachment-11471\" style=\"width: 880px\" class=\"wp-caption aligncenter\"><img loading=\"lazy\" decoding=\"async\" class=\"wp-image-11471 size-full\" src=\"https:\/\/www.sonnenklar.tv\/blog\/wp-content\/uploads\/2018\/04\/taj-mahal-indien-2.jpg\" alt=\"K\u00f6nig Philippe und mathilde von Belgien reisten in den Flitterwochen nach Indien\" width=\"880\" height=\"450\" srcset=\"https:\/\/www.sonnenklar.tv\/blog\/wp-content\/uploads\/2018\/04\/taj-mahal-indien-2.jpg 880w, https:\/\/www.sonnenklar.tv\/blog\/wp-content\/uploads\/2018\/04\/taj-mahal-indien-2-300x153.jpg 300w, https:\/\/www.sonnenklar.tv\/blog\/wp-content\/uploads\/2018\/04\/taj-mahal-indien-2-768x393.jpg 768w\" sizes=\"(max-width: 880px) 100vw, 880px\" \/><figcaption id=\"caption-attachment-11471\" class=\"wp-caption-text\">Ob die beiden sich auch das Taj Mahal angesehen haben?<\/figcaption><\/figure>\n<p>Noch strenger bedeckt halten sich die luxemburgischen Royals: Es sei Familientradition, das Ziel der Hochzeitsreise geheim zu halten, erkl\u00e4rten Erbgro\u00dfherzog Guillaume und Prinz F\u00e9lix in unterschiedlichen Interviews. Die Braut selbst w\u00fcrde erst direkt vor Abreise erfahren, f\u00fcr welches Ziel sie eigentlich packen muss.<\/p>\n<p><em>Alle gesammelten Daten zu den einzelnen K\u00f6nigsh\u00e4usern und den verheirateten Thronfolgern findet ihr <a href=\"https:\/\/www.sonnenklar.tv\/blog\/wp-content\/uploads\/2018\/04\/Europas-K\u00f6nigsh\u00e4user-Hochzeitsreisen.pdf\" target=\"_blank\" rel=\"noopener noreferrer\">hier samt zus\u00e4tzlicher Infos<\/a> als PDF zum Download.<\/em><\/p>\n","protected":false},"excerpt":{"rendered":"<p>Am 19. Mai ist es soweit: Der begehrteste Junggeselle Gro\u00dfbritanniens tritt vor den Traualtar. Prinz Harry und Meghan Markle werden heiraten. Neben der hochkar\u00e4tigen G\u00e4steliste, der prunkvollen Feier, dem atemberaubenden Brautkleid und dem weltweiten Beifall interessiert alle Royal-Fans vor allem eins: Wo geht die Hochzeitsreise hin? Wir haben uns einmal zur Inspiration in Europas K\u00f6nigsh\u00e4usern<\/p>\n","protected":false},"author":3,"featured_media":5917,"comment_status":"closed","ping_status":"open","sticky":false,"template":"","format":"standard","meta":{"footnotes":""},"categories":[3],"tags":[478],"class_list":{"0":"post-5722","1":"post","2":"type-post","3":"status-publish","4":"format-standard","5":"has-post-thumbnail","7":"category-reisearten","8":"tag-studie"},"_links":{"self":[{"href":"https:\/\/www.sonnenklar.tv\/blog\/wp-json\/wp\/v2\/posts\/5722","targetHints":{"allow":["GET"]}}],"collection":[{"href":"https:\/\/www.sonnenklar.tv\/blog\/wp-json\/wp\/v2\/posts"}],"about":[{"href":"https:\/\/www.sonnenklar.tv\/blog\/wp-json\/wp\/v2\/types\/post"}],"author":[{"embeddable":true,"href":"https:\/\/www.sonnenklar.tv\/blog\/wp-json\/wp\/v2\/users\/3"}],"replies":[{"embeddable":true,"href":"https:\/\/www.sonnenklar.tv\/blog\/wp-json\/wp\/v2\/comments?post=5722"}],"version-history":[{"count":22,"href":"https:\/\/www.sonnenklar.tv\/blog\/wp-json\/wp\/v2\/posts\/5722\/revisions"}],"predecessor-version":[{"id":25813,"href":"https:\/\/www.sonnenklar.tv\/blog\/wp-json\/wp\/v2\/posts\/5722\/revisions\/25813"}],"wp:featuredmedia":[{"embeddable":true,"href":"https:\/\/www.sonnenklar.tv\/blog\/wp-json\/wp\/v2\/media\/5917"}],"wp:attachment":[{"href":"https:\/\/www.sonnenklar.tv\/blog\/wp-json\/wp\/v2\/media?parent=5722"}],"wp:term":[{"taxonomy":"category","embeddable":true,"href":"https:\/\/www.sonnenklar.tv\/blog\/wp-json\/wp\/v2\/categories?post=5722"},{"taxonomy":"post_tag","embeddable":true,"href":"https:\/\/www.sonnenklar.tv\/blog\/wp-json\/wp\/v2\/tags?post=5722"}],"curies":[{"name":"wp","href":"https:\/\/api.w.org\/{rel}","templated":true}]}}