{"id":5689,"date":"2018-04-23T10:13:16","date_gmt":"2018-04-23T08:13:16","guid":{"rendered":"https:\/\/www.sonnenklar.tv\/blog\/?p=5689"},"modified":"2026-03-24T16:41:37","modified_gmt":"2026-03-24T15:41:37","slug":"familienurlaub-sommer-blogger-tipps","status":"publish","type":"post","link":"https:\/\/www.sonnenklar.tv\/blog\/reisearten\/familienurlaub-sommer-blogger-tipps\/","title":{"rendered":"Familienurlaub: 3 Blogger verraten ihre Top-Reiseziele f\u00fcr den Sommer 2018"},"content":{"rendered":"\n<p><strong>Nicht mehr lange, dann steht schon der gro\u00dfe Sommerurlaub vor der T\u00fcr. Wer also jetzt noch nicht wei\u00df, wohin es dieses Jahr gehen soll, wird recht bald vor gro\u00dfen Problemen stehen. Vor allem, wenn man mit Partner, Kind und Kegel in den Urlaub fahren m\u00f6chte. Die W\u00fcnsche gehen gew\u00f6hnlich weit auseinander. Freizeitparks, Strand, ein bisschen Sightseeing f\u00fcr die Gro\u00dfen &#8230; Wie soll man sich da einigen? Deshalb haben wir uns einfach mal Inspiration bei den Profis geholt, genauer gesagt bei Familienbloggern. Die verreisen schlie\u00dflich viel und kennen immer die angesagtesten Top-Destinationen f\u00fcr Urlaub mit Kids und Co. Also haben wir nachgefragt: Wo soll es dieses Jahr f\u00fcr euch hingehen und was habt ihr geplant? Lest hier ihre Antworten!<\/strong><\/p>\n\n\n<div class=\"wp-block-image\">\n<figure class=\"aligncenter\"><img fetchpriority=\"high\" decoding=\"async\" width=\"880\" height=\"450\" src=\"https:\/\/www.sonnenklar.tv\/blog\/wp-content\/uploads\/2018\/04\/blogger-tipps-familienurlaub-stefanie-1.jpg\" alt=\"F\u00fcr Bloggerin Stefanie von Familyescapes.de geht es diesen Sommer unter anderem nach Fehmarn\" class=\"wp-image-13556\" srcset=\"https:\/\/www.sonnenklar.tv\/blog\/wp-content\/uploads\/2018\/04\/blogger-tipps-familienurlaub-stefanie-1.jpg 880w, https:\/\/www.sonnenklar.tv\/blog\/wp-content\/uploads\/2018\/04\/blogger-tipps-familienurlaub-stefanie-1-300x153.jpg 300w, https:\/\/www.sonnenklar.tv\/blog\/wp-content\/uploads\/2018\/04\/blogger-tipps-familienurlaub-stefanie-1-768x393.jpg 768w\" sizes=\"(max-width: 880px) 100vw, 880px\" \/><\/figure>\n<\/div>\n\n\n<p><\/p>\n\n\n\n<h2 class=\"wp-block-heading\">Stefanie von <a href=\"https:\/\/familyescapes.de\/\" target=\"_blank\" rel=\"noopener noreferrer\">FamilyEscapes.de<\/a><\/h2>\n\n\n\n<p>Ob nah oder fern &#8211; Stefanie zieht es samt Familie ins Ausland. Dabei hat sie mit zwei Kindern schon fast ganz Europa erkundet. Bald geht es dann wieder weiter weg. Doch vorher ist noch der hohe Norden dran:<\/p>\n\n\n\n<p><em>Auf diesen Sommer freue ich mich ganz besonders &#8211; denn wir fahren endlich mal in den Norden. F\u00fcr uns geht es drei Wochen lang nach Schweden. Das ist f\u00fcr meine Familie und mich eine Premiere und wir freuen uns unheimlich, endlich auch mal etwas von Skandinavien zu sehen. Ich kenne gef\u00fchlt Trillionen Familien, die begeistert aus Schweden wiedergekommen sind. <\/em><\/p>\n\n\n\n<p><em>Unsere Route f\u00fchrt uns erstmal zu einem tollen Zwischenstopp auf Fehmarn, wo wir f\u00fcr ein paar Tage in einer Jugendherberge am Strand bleiben. Von dort geht es dann ins n\u00f6rdliche Smaland. Wir wohnen in Eksj\u00f6. Von dort aus erkunden wir eine knappe Woche Astrid Lindgrens Heimat, also Bullerb\u00fc &amp; Co. Wir werden vermutlich Gr\u00e4nna sehen, das Geburtshaus der Schriftstellerin und auch in den neuen Filmpark Mariannelund fahren. Von dort geht es nach Stockholm zu ein paar Tagen Citytrip. Danach dann in den S\u00fcden Smalands. Ich sage nur &#8222;Haus am See&#8220;. Mit einem weiteren Zwischenstopp irgendwo in Norddeutschland fahren wir nach gut drei Wochen zur\u00fcck nach Stuttgart, unsere Heimatstadt. <\/em><\/p>\n\n\n\n<p><em>Wer bei der Reise dabei sein m\u00f6chte: Ich werde w\u00e4hrend der gesamten Tour via <a href=\"http:\/\/www.instagram.com\/family_escapes\" target=\"_blank\" rel=\"nofollow noopener noreferrer\">Instagram<\/a> und auch <a href=\"http:\/\/www.facebook.de\/familyescapes\" target=\"_blank\" rel=\"nofollow noopener noreferrer\">Facebook<\/a> berichten. Ausf\u00fchrlich wird es dann nach der Reise auf dem Blog.<\/em><\/p>\n\n\n\n<p>Urlaub in der Kindheit war doch (fast) am sch\u00f6nsten. Finden auch unsere Kollegen von sonnenklar.TV. Lest hier ihre <a href=\"https:\/\/www.sonnenklar.tv\/blog\/kindheit-urlaubserinnerungen-sonnenklar-tv-mitarbeiter\/\" target=\"_blank\" rel=\"noreferrer noopener\">sch\u00f6nsten Urlaubserinnerungen<\/a> von fr\u00fcher!<\/p>\n\n\n<div class=\"wp-block-image\">\n<figure class=\"aligncenter\"><img decoding=\"async\" width=\"880\" height=\"450\" src=\"https:\/\/www.sonnenklar.tv\/blog\/wp-content\/uploads\/2018\/04\/blogger-tipps-familienurlaub-spanien.jpg\" alt=\"Die wei\u00dfen D\u00f6rfer in der Sierra de Grazalema\" class=\"wp-image-13557\" srcset=\"https:\/\/www.sonnenklar.tv\/blog\/wp-content\/uploads\/2018\/04\/blogger-tipps-familienurlaub-spanien.jpg 880w, https:\/\/www.sonnenklar.tv\/blog\/wp-content\/uploads\/2018\/04\/blogger-tipps-familienurlaub-spanien-300x153.jpg 300w, https:\/\/www.sonnenklar.tv\/blog\/wp-content\/uploads\/2018\/04\/blogger-tipps-familienurlaub-spanien-768x393.jpg 768w\" sizes=\"(max-width: 880px) 100vw, 880px\" \/><\/figure>\n<\/div>\n\n\n<p><\/p>\n\n\n\n<h2 class=\"wp-block-heading\">Silke von <a href=\"http:\/\/miniglobetrotter.de\/\" target=\"_blank\" rel=\"noopener noreferrer\">MiniGlobetrotter.de<\/a><\/h2>\n\n\n\n<p>Einfach mal auswandern? Silke hat&#8217;s gewagt. Schon zweimal. Zuletzt ging es f\u00fcr sie (bereits mit Kindern!) von Australien ins sch\u00f6ne Spanien &#8211; also von einem Paradies ins n\u00e4chste. Doch selbst, wenn man dort wohnt, wo andere Urlaub machen, m\u00f6chte man ja dennoch seine Ferien irgendwo au\u00dferhalb von Zuhause genie\u00dfen. Wie das bei Silke 2018 aussieht, hat sie uns verraten:<\/p>\n\n\n\n<p><em>Wir haben uns f\u00fcr diesen Sommer noch gar nicht so viel vorgenommen und werden eher spontan entscheiden. Das Sch\u00f6ne an unserer Situation ist ja, dass wir derzeit in S\u00fcdspanien leben, also da, wo andere Urlaub machen. Und es gibt hier in Andalusien noch so einiges zu entdecken und auch den Kindern zu zeigen. Gern w\u00fcrden wir noch die Sierra de Grazalema mit ihren wei\u00dfen D\u00f6rfern besuchen, und auch Almer\u00eda mit seiner pr\u00e4chtigen Burg steht noch auf der Liste. Nat\u00fcrlich geht es in den Ferien mal nach Deutschland, aber da liefern wir die Kinder nur bei der Oma ab, denn wir Erwachsenen nehmen uns in New York eine kleine Auszeit von den Elternpflichten. Das muss schlie\u00dflich auch mal sein.<\/em><\/p>\n\n\n\n<p>Mit Kindern in Urlaub? Gar nicht mal so unkompliziert. Bloggerin Antje hat daf\u00fcr ein paar echt gute <a href=\"https:\/\/www.sonnenklar.tv\/blog\/reiseblogger-tipps-familienurlaub\/\" target=\"_blank\" rel=\"noreferrer noopener\">Tipps<\/a> auf Lager.<\/p>\n\n\n<div class=\"wp-block-image\">\n<figure class=\"aligncenter\"><img decoding=\"async\" width=\"880\" height=\"450\" src=\"https:\/\/www.sonnenklar.tv\/blog\/wp-content\/uploads\/2018\/04\/blogger-tipps-familienurlaub-amrum.jpg\" alt=\"Zwillingspapa Sven f\u00e4hrt dieses Jahr mit seiner Familie unter anderem nach Amrum.\" class=\"wp-image-13558\" srcset=\"https:\/\/www.sonnenklar.tv\/blog\/wp-content\/uploads\/2018\/04\/blogger-tipps-familienurlaub-amrum.jpg 880w, https:\/\/www.sonnenklar.tv\/blog\/wp-content\/uploads\/2018\/04\/blogger-tipps-familienurlaub-amrum-300x153.jpg 300w, https:\/\/www.sonnenklar.tv\/blog\/wp-content\/uploads\/2018\/04\/blogger-tipps-familienurlaub-amrum-768x393.jpg 768w\" sizes=\"(max-width: 880px) 100vw, 880px\" \/><\/figure>\n<\/div>\n\n\n<p><\/p>\n\n\n\n<h2 class=\"wp-block-heading\">Sven von <a href=\"https:\/\/www.zwillingswelten.de\/cms\/\" target=\"_blank\" rel=\"noopener noreferrer\">Zwillingswelten.de<\/a><\/h2>\n\n\n\n<p>Sven z\u00e4hlt sicherlich zu den bekanntesten bloggenden Zwillings-Papas im Internet. Sein Themengebiet ist aber breit gef\u00e4chert und reicht von Lifestyle \u00fcber Literatur bis hin zu Reisen. Denn Urlaub muss ja schlie\u00dflich auch einmal sein. Und f\u00fcr den kommenden Sommer haben sich Sven uns seine Familie ein ganz besonderes Ziel ausgesucht:<\/p>\n\n\n\n<p><em>Seit die Kinder da sind, haben wir die Ferien immer im Wechsel durchgef\u00fchrt. Soll hei\u00dfen, in einem Jahr kam der Vorschlag von meiner Frau, im anderen von mir. Mittlerweile sind die Jungs aber auch in einem Alter, wo sie ihre W\u00fcnsche \u00e4u\u00dfern k\u00f6nnen und wir dann schauen, ob und wie es sich umsetzen l\u00e4sst.<\/em><\/p>\n\n\n\n<p><em>Ich komme vom Meer. 50 Meter hinter dem Deich aufgewachsen, fehlt mir die Weite, das Licht, die Stimmung. Daher muss es, wann immer m\u00f6glich, ans Meer gehen. Dort, wo wir jetzt wohnen, sind wir ungef\u00e4hr 800 Kilometer vom Wasser entfernt. Egal in welche Richtung.<\/em><\/p>\n\n\n\n<p><em>Schon die ersten Urlaube haben wir mit den Zwillingen meistens in einer Ferienwohnung gemacht, um unseren eignen Rhythmus weiter haben zu k\u00f6nnen. Hotels oder Anlagen, wo man an bestimmte Essenszeiten gebunden ist, kamen f\u00fcr uns in den ersten Jahren nicht in Betracht.<\/em><\/p>\n\n\n\n<h3 class=\"wp-block-heading\"><em>Ruhe und Auszeit am Meer<\/em><\/h3>\n\n\n\n<p><em>So geht es jetzt in den Sommerferien nach langer Zeit wieder einmal an die Nordsee, auf die Halbinsel Eiderstedt, von wo ich komme. Nach <a href=\"https:\/\/www.zwillingswelten.de\/cms\/?s=schweden\" target=\"_blank\" rel=\"nofollow noopener noreferrer\">Schweden<\/a> im vergangenen Jahr und <a href=\"https:\/\/www.zwillingswelten.de\/cms\/2016\/09\/die-rettung-kam-um-10-uhr-und-der-laengste-tropfstein\/\" target=\"_blank\" rel=\"nofollow noopener noreferrer\">Mallorca<\/a> im Jahr davor, sind wir in diesen Ferien wieder von absoluter Ruhe und Nordseeluft umgeben.<\/em><\/p>\n\n\n\n<p><em>Die Gezeiten, Ebbe und Flut, das Wattenmeer und der damit verbundene Lebensraum stehen dieses Mal im Vordergrund. Auf alle F\u00e4lle geht es an den kilometerlangen Sandstrand von St. Peter-Ording, ins Multimar Wattforum nach T\u00f6nning und auf Entdeckungstour durch die unterschiedlichen Baustile, beispielsweise das Holl\u00e4nderst\u00e4dtchen Friedrichtstadt.&nbsp;<\/em><em>Aber wenn man schon einmal an der Nordsee ist, darf eine Wattwanderung und Fahrt zu den Seehundsb\u00e4nken sowie ein Ausflug nach Amrum oder vielleicht sogar nach Helgoland nicht fehlen.&nbsp;<\/em><\/p>\n\n\n\n<p><em>Die Weite und das Besondere an der Natur zwischen den Meeren hat es uns angetan und wird auch in diesem Jahr f\u00fcr abwechslungsreiche und spannende Tage sorgen.<\/em><\/p>\n","protected":false},"excerpt":{"rendered":"<p>Nicht mehr lange, dann steht schon der gro\u00dfe Sommerurlaub vor der T\u00fcr. Wer also jetzt noch nicht wei\u00df, wohin es dieses Jahr gehen soll, wird recht bald vor gro\u00dfen Problemen stehen. Vor allem, wenn man mit Partner, Kind und Kegel in den Urlaub fahren m\u00f6chte. Die W\u00fcnsche gehen gew\u00f6hnlich weit auseinander. Freizeitparks, Strand, ein bisschen<\/p>\n","protected":false},"author":3,"featured_media":13559,"comment_status":"closed","ping_status":"open","sticky":false,"template":"","format":"standard","meta":{"footnotes":""},"categories":[3,10],"tags":[486,518,479,505],"class_list":{"0":"post-5689","1":"post","2":"type-post","3":"status-publish","4":"format-standard","5":"has-post-thumbnail","7":"category-reisearten","8":"category-familieurlaub","9":"tag-familienurlaub","10":"tag-reisetrends","11":"tag-sommerurlaub","12":"tag-strandurlaub"},"_links":{"self":[{"href":"https:\/\/www.sonnenklar.tv\/blog\/wp-json\/wp\/v2\/posts\/5689","targetHints":{"allow":["GET"]}}],"collection":[{"href":"https:\/\/www.sonnenklar.tv\/blog\/wp-json\/wp\/v2\/posts"}],"about":[{"href":"https:\/\/www.sonnenklar.tv\/blog\/wp-json\/wp\/v2\/types\/post"}],"author":[{"embeddable":true,"href":"https:\/\/www.sonnenklar.tv\/blog\/wp-json\/wp\/v2\/users\/3"}],"replies":[{"embeddable":true,"href":"https:\/\/www.sonnenklar.tv\/blog\/wp-json\/wp\/v2\/comments?post=5689"}],"version-history":[{"count":12,"href":"https:\/\/www.sonnenklar.tv\/blog\/wp-json\/wp\/v2\/posts\/5689\/revisions"}],"predecessor-version":[{"id":39180,"href":"https:\/\/www.sonnenklar.tv\/blog\/wp-json\/wp\/v2\/posts\/5689\/revisions\/39180"}],"wp:featuredmedia":[{"embeddable":true,"href":"https:\/\/www.sonnenklar.tv\/blog\/wp-json\/wp\/v2\/media\/13559"}],"wp:attachment":[{"href":"https:\/\/www.sonnenklar.tv\/blog\/wp-json\/wp\/v2\/media?parent=5689"}],"wp:term":[{"taxonomy":"category","embeddable":true,"href":"https:\/\/www.sonnenklar.tv\/blog\/wp-json\/wp\/v2\/categories?post=5689"},{"taxonomy":"post_tag","embeddable":true,"href":"https:\/\/www.sonnenklar.tv\/blog\/wp-json\/wp\/v2\/tags?post=5689"}],"curies":[{"name":"wp","href":"https:\/\/api.w.org\/{rel}","templated":true}]}}