{"id":497,"date":"2014-08-13T17:04:43","date_gmt":"2014-08-13T15:04:43","guid":{"rendered":"https:\/\/www.sonnenklar.tv\/blog\/?p=497"},"modified":"2026-02-18T15:07:15","modified_gmt":"2026-02-18T14:07:15","slug":"urlaub-in-graubuenden","status":"publish","type":"post","link":"https:\/\/www.sonnenklar.tv\/blog\/urlaubslaender\/urlaub-in-graubuenden\/","title":{"rendered":"Genuss, Gebirge, Gastfreundschaft \u2013 Gr\u00fcezi Graub\u00fcnden!"},"content":{"rendered":"<p>Nicht nur in weiten Fernen, auch in der N\u00e4he ist die Welt spannend und sch\u00f6n. In der Schweiz zum Beispiel, genauer gesagt im gr\u00f6\u00dften ihrer Kantone. Redakteurin Franziska Schr\u00f6der hat sich dort mit ihrem Team umgesehen.<\/p>\n<p>Guten Tag! Allegra! Buon giorno in Graub\u00fcnden. Was, wo?!? <em>Graub\u00fcnden,<\/em> das ist das Land der Steinb\u00f6cke, Heidis Heimat \u2013 und nebenbei die gr\u00f6\u00dfte Ferienregion der Schweiz.<\/p>\n<figure id=\"attachment_498\" aria-describedby=\"caption-attachment-498\" style=\"width: 831px\" class=\"wp-caption aligncenter\"><img fetchpriority=\"high\" decoding=\"async\" class=\"size-full wp-image-498\" src=\"https:\/\/www.sonnenklar.tv\/blog\/wp-content\/uploads\/2014\/08\/Gruppenbild1.jpg\" alt=\"Das Sonnenklar.TV Team in Graub\u00fcnden\" width=\"831\" height=\"321\" srcset=\"https:\/\/www.sonnenklar.tv\/blog\/wp-content\/uploads\/2014\/08\/Gruppenbild1.jpg 831w, https:\/\/www.sonnenklar.tv\/blog\/wp-content\/uploads\/2014\/08\/Gruppenbild1-300x115.jpg 300w\" sizes=\"(max-width: 831px) 100vw, 831px\" \/><figcaption id=\"caption-attachment-498\" class=\"wp-caption-text\">Das Team: Praktikantin Julia, Franziska, Kameramann Steffen, sein Assistent Max und Dirk.<\/figcaption><\/figure>\n<p>Aha. Aber was unterscheidet Graub\u00fcnden von anderen Berggebieten wie zum Beispiel in \u00d6sterreich? Dieser Frage bin ich im Juli zusammen mit meinem Team und Moderator Dirk L\u00f6bling auf den Grund gegangen.<\/p>\n<figure id=\"attachment_499\" aria-describedby=\"caption-attachment-499\" style=\"width: 831px\" class=\"wp-caption aligncenter\"><img decoding=\"async\" class=\"size-full wp-image-499\" src=\"https:\/\/www.sonnenklar.tv\/blog\/wp-content\/uploads\/2014\/08\/Berge.jpg\" alt=\"Bergsteigen in Graub\u00fcnden\" width=\"831\" height=\"321\" srcset=\"https:\/\/www.sonnenklar.tv\/blog\/wp-content\/uploads\/2014\/08\/Berge.jpg 831w, https:\/\/www.sonnenklar.tv\/blog\/wp-content\/uploads\/2014\/08\/Berge-800x309.jpg 800w, https:\/\/www.sonnenklar.tv\/blog\/wp-content\/uploads\/2014\/08\/Berge-18x7.jpg 18w, https:\/\/www.sonnenklar.tv\/blog\/wp-content\/uploads\/2014\/08\/Berge-150x58.jpg 150w, https:\/\/www.sonnenklar.tv\/blog\/wp-content\/uploads\/2014\/08\/Berge-450x174.jpg 450w, https:\/\/www.sonnenklar.tv\/blog\/wp-content\/uploads\/2014\/08\/Berge-768x297.jpg 768w, https:\/\/www.sonnenklar.tv\/blog\/wp-content\/uploads\/2014\/08\/Berge-300x115.jpg 300w\" sizes=\"(max-width: 831px) 100vw, 831px\" \/><figcaption id=\"caption-attachment-499\" class=\"wp-caption-text\">Nur ein paar der \u00fcber 900 Gipfel, die in Graub\u00fcnden auf Bergsteiger warten.<\/figcaption><\/figure>\n<p>Ob in Chur, Davos oder Arosa: Bei insgesamt 937 Gipfeln, die sich \u00fcber Graub\u00fcndens Wiesen erhebn, kann man hier fast \u00fcberall wandern. Wie auch in \u00d6sterreich laden urige Gasth\u00f6fe zur Einkehr ein. Aber was uns am Weisshorngipfel oberhalb von Arosa erwartete, ist tats\u00e4chlich einmalig: Europas h\u00f6chstgelegene Kleinschau-Konditorei. Das hei\u00dft: Auf \u00fcber 2600m kann man hier zusehen, wie feinste Pralinen, Nusstorten und unglaubliche Cremeschnitten unter ge\u00fcbten H\u00e4nden entstehen \u2013 und man kann sie nat\u00fcrlich auch vernaschen.<\/p>\n<p><center>[evp_embed_video url=&#8220;\/\/euviaprogdl.cdn.ses-ps.com\/reisevideos\/web\/sk\/Z-45444.mp4&#8243; width=&#8220;640&#8243; height=&#8220;360&#8243;]<\/center><\/p>\n<p>Wo wir gerade beim Thema Essen sind: Regionale Spezialit\u00e4ten wie Pizokels (das ist die Graub\u00fcndner Variante der Sp\u00e4tzle), lauwarmer Schoggi-Kuchen oder B\u00fcndnerfleisch \u00fcbertreffen jeden noch so guten Kaiserschmarrn. Im rustikalen Berggasthaus \u201eHeimeli\u201c hat man uns diese Klassiker mit der umwerfenden Schweizer Freundlichkeit serviert. Hmh!!!<\/p>\n<\/p>\n<figure id=\"attachment_500\" aria-describedby=\"caption-attachment-500\" style=\"width: 831px\" class=\"wp-caption aligncenter\"><img decoding=\"async\" class=\"size-full wp-image-500\" src=\"https:\/\/www.sonnenklar.tv\/blog\/wp-content\/uploads\/2014\/08\/Heimeli.jpg\" alt=\"Heimeli in Graub\u00fcnden\" width=\"831\" height=\"321\" srcset=\"https:\/\/www.sonnenklar.tv\/blog\/wp-content\/uploads\/2014\/08\/Heimeli.jpg 831w, https:\/\/www.sonnenklar.tv\/blog\/wp-content\/uploads\/2014\/08\/Heimeli-300x115.jpg 300w\" sizes=\"(max-width: 831px) 100vw, 831px\" \/><figcaption id=\"caption-attachment-500\" class=\"wp-caption-text\">Gem\u00fctlich ist es das \u201eHeimeli\u201c \u2013 man k\u00f6nnte auch sagen: heimelig.<\/figcaption><\/figure>\n<p>Ok, wandern und prima essen kann man in Graub\u00fcnden also \u2013 was noch? Radfahren in der Lenzerheide, Golf spielen in Arosa, Shoppen in Chur UND mit dem Fun-Yak durch die Rheinschlucht fahren in Flims Laax!<\/p>\n<figure id=\"attachment_501\" aria-describedby=\"caption-attachment-501\" style=\"width: 831px\" class=\"wp-caption aligncenter\"><img loading=\"lazy\" decoding=\"async\" class=\"size-full wp-image-501\" src=\"https:\/\/www.sonnenklar.tv\/blog\/wp-content\/uploads\/2014\/08\/Rheinschlucht.jpg\" alt=\"Die Rheinschlucht in Graubuenden\" width=\"831\" height=\"321\" \/><figcaption id=\"caption-attachment-501\" class=\"wp-caption-text\">Beeindruckend, wie sich der Fluss durch die Rheinschlucht schl\u00e4ngelt.<\/figcaption><\/figure>\n<p>Denn die Rheinschlucht, auch \u201eLittle Swiss Canyon\u201c genannt, bietet perfekte Bedingungen f\u00fcr Rafting und Kajakfahren. Nur wenige Zentimeter \u00fcber dem zugegebenerma\u00dfen kalten, aber wundersch\u00f6nen wei\u00dfblauen Wasser haben wir uns zwischen schroffen Felsformation hindurch geschl\u00e4ngelt. SPEKTAKUL\u00c4R!<\/p>\n<figure id=\"attachment_502\" aria-describedby=\"caption-attachment-502\" style=\"width: 831px\" class=\"wp-caption aligncenter\"><img loading=\"lazy\" decoding=\"async\" class=\"size-full wp-image-502\" src=\"https:\/\/www.sonnenklar.tv\/blog\/wp-content\/uploads\/2014\/08\/Rafting.jpg\" alt=\"Kayaking in Graub\u00fcnden\" width=\"831\" height=\"321\" srcset=\"https:\/\/www.sonnenklar.tv\/blog\/wp-content\/uploads\/2014\/08\/Rafting.jpg 831w, https:\/\/www.sonnenklar.tv\/blog\/wp-content\/uploads\/2014\/08\/Rafting-300x115.jpg 300w\" sizes=\"(max-width: 831px) 100vw, 831px\" \/><figcaption id=\"caption-attachment-502\" class=\"wp-caption-text\">Auf dem Fun-Yak l\u00e4sst sich die Kraft des Wassers hautnah erleben.<\/figcaption><\/figure>\n<p>Was ist nun das Besondere an Graub\u00fcnden? Unsere Antwort nach vier Tagen: Die Mischung macht\u2019s! Die Mischung aus Natur, Action, Schweizer Gastfreundschaft und B\u00fcndner K\u00f6stlichkeiten!<\/p>\n<p>Na dann, Gr\u00fcezi in Graub\u00fcnden!<\/p>\n<p>Aber auch im Winter ist es sch\u00f6n in Graub\u00fcnden \u2013 probiert es aus: Hier sind unsere Angebote f\u00fcr <a href=\"https:\/\/www.sonnenklar.tv\/promo\/urlaub-graubuenden.html\">Urlaub in Graub\u00fcnden<\/a>.<\/p>\n\n\n<p><\/p>\n","protected":false},"excerpt":{"rendered":"<p>Nicht nur in weiten Fernen, auch in der N\u00e4he ist die Welt spannend und sch\u00f6n. In der Schweiz zum Beispiel, genauer gesagt im gr\u00f6\u00dften ihrer Kantone. Redakteurin Franziska Schr\u00f6der hat sich dort mit ihrem Team umgesehen. Guten Tag! Allegra! Buon giorno in Graub\u00fcnden. Was, wo?!? Graub\u00fcnden, das ist das Land der Steinb\u00f6cke, Heidis Heimat \u2013<\/p>\n","protected":false},"author":3,"featured_media":499,"comment_status":"closed","ping_status":"open","sticky":false,"template":"","format":"standard","meta":{"footnotes":""},"categories":[455,9,466,467,465],"tags":[355],"class_list":{"0":"post-497","1":"post","2":"type-post","3":"status-publish","4":"format-standard","5":"has-post-thumbnail","7":"category-urlaubslaender","8":"category-eigenanreise","9":"category-reiseberichte","10":"category-sonnenklar-tv-live-vor-ort","11":"category-weitere-laender","12":"tag-schweiz"},"_links":{"self":[{"href":"https:\/\/www.sonnenklar.tv\/blog\/wp-json\/wp\/v2\/posts\/497","targetHints":{"allow":["GET"]}}],"collection":[{"href":"https:\/\/www.sonnenklar.tv\/blog\/wp-json\/wp\/v2\/posts"}],"about":[{"href":"https:\/\/www.sonnenklar.tv\/blog\/wp-json\/wp\/v2\/types\/post"}],"author":[{"embeddable":true,"href":"https:\/\/www.sonnenklar.tv\/blog\/wp-json\/wp\/v2\/users\/3"}],"replies":[{"embeddable":true,"href":"https:\/\/www.sonnenklar.tv\/blog\/wp-json\/wp\/v2\/comments?post=497"}],"version-history":[{"count":10,"href":"https:\/\/www.sonnenklar.tv\/blog\/wp-json\/wp\/v2\/posts\/497\/revisions"}],"predecessor-version":[{"id":38314,"href":"https:\/\/www.sonnenklar.tv\/blog\/wp-json\/wp\/v2\/posts\/497\/revisions\/38314"}],"wp:featuredmedia":[{"embeddable":true,"href":"https:\/\/www.sonnenklar.tv\/blog\/wp-json\/wp\/v2\/media\/499"}],"wp:attachment":[{"href":"https:\/\/www.sonnenklar.tv\/blog\/wp-json\/wp\/v2\/media?parent=497"}],"wp:term":[{"taxonomy":"category","embeddable":true,"href":"https:\/\/www.sonnenklar.tv\/blog\/wp-json\/wp\/v2\/categories?post=497"},{"taxonomy":"post_tag","embeddable":true,"href":"https:\/\/www.sonnenklar.tv\/blog\/wp-json\/wp\/v2\/tags?post=497"}],"curies":[{"name":"wp","href":"https:\/\/api.w.org\/{rel}","templated":true}]}}