{"id":4854,"date":"2020-07-24T10:51:46","date_gmt":"2020-07-24T09:51:46","guid":{"rendered":"https:\/\/www.sonnenklar.tv\/blog\/?p=4854"},"modified":"2026-03-16T12:29:39","modified_gmt":"2026-03-16T11:29:39","slug":"spanien-reisetipps","status":"publish","type":"post","link":"https:\/\/www.sonnenklar.tv\/blog\/urlaubslaender\/spanien-reisetipps\/","title":{"rendered":"Reisetipps f\u00fcr Spanien: Abwechslungsreiche Urlaubstage im K\u00f6nigreich"},"content":{"rendered":"\n<p><strong>Faszinierende St\u00e4dte mit jahrhundertealten Kulturdenkm\u00e4lern, traumhafte Str\u00e4nde soweit das Auge reicht: Spanien wei\u00df seine Besucher zu verzaubern. Egal ob auf dem Festland zwischen Mittelmeer und Atlantik oder auf den Inseln, hier werden Urlaubstr\u00e4ume wahr. Wir wollen euch im Folgenden ein paar Reisetipps f\u00fcr Spanien geben.<\/strong><\/p>\n\n\n\n<hr class=\"wp-block-separator has-alpha-channel-opacity\"\/>\n\n\n\n<p><strong>Inhaltsverzeichnis<\/strong><\/p>\n\n\n\n<ul class=\"wp-block-list\">\n<li><a href=\"#faq\">FAQ zu Urlaub in Spanien<\/a><\/li>\n\n\n\n<li><a href=\"#kuesten\">\u00dcberblick \u00fcber Spaniens K\u00fcsten<\/a><\/li>\n\n\n\n<li><a href=\"#zentralspanien\">Zentralspanien<\/a><\/li>\n\n\n\n<li><a href=\"#inseln\">Spanische Inseln<\/a><\/li>\n\n\n\n<li><a href=\"#staedte\">Top-St\u00e4dte<\/a><\/li>\n\n\n\n<li><a href=\"#natur\">Spaniens Natur erleben<\/a><\/li>\n\n\n\n<li><a href=\"#feste\">Spanische Feste<\/a><\/li>\n\n\n\n<li><a href=\"#urlaubsknigge\">Dos und Dont&#8217;s in Spanien: Kleiner Urlaubsknigge<\/a><\/li>\n\n\n\n<li><a href=\"#spanische-kueche\">Spanische K\u00fcche<\/a><\/li>\n<\/ul>\n\n\n\n<hr class=\"wp-block-separator has-alpha-channel-opacity\"\/>\n\n\n\n<p>Das Land auf der iberischen Halbinsel ist nach Frankreich das meistbesuchte der Welt. Gr\u00fcnde das Land zu besuchen, gibt es sehr viele. Welche Region f\u00fcr euch die passende ist, k\u00f6nnt ihr hier nachlesen.<\/p>\n\n\n<div class=\"wp-block-image\">\n<figure class=\"aligncenter\"><img fetchpriority=\"high\" decoding=\"async\" width=\"880\" height=\"500\" src=\"https:\/\/www.sonnenklar.tv\/blog\/wp-content\/uploads\/2020\/07\/reisetipps-spanien.jpg\" alt=\"Reisetipps f\u00fcr Spanien\" class=\"wp-image-16193\" srcset=\"https:\/\/www.sonnenklar.tv\/blog\/wp-content\/uploads\/2020\/07\/reisetipps-spanien.jpg 880w, https:\/\/www.sonnenklar.tv\/blog\/wp-content\/uploads\/2020\/07\/reisetipps-spanien-300x170.jpg 300w, https:\/\/www.sonnenklar.tv\/blog\/wp-content\/uploads\/2020\/07\/reisetipps-spanien-768x436.jpg 768w\" sizes=\"(max-width: 880px) 100vw, 880px\" \/><\/figure>\n<\/div>\n\n\n<p><\/p>\n\n\n\n<h2 class=\"wp-block-heading\"><a name=\"faq\"><\/a>FAQ: Alle Fragen, alle Antworten zu Urlaub in Spanien<\/h2>\n\n\n\n<p>Da das Land Mitglied der der Europ\u00e4ischen W\u00e4hrungsunion ist, gen\u00fcgt f\u00fcr die Einreise ein g\u00fcltiger Personalausweis. Auch bei der Umrechnung der Kosten vor Ort braucht ihr keinen Taschenrechner, denn in Spanien zahlt man mit dem Euro.<\/p>\n\n\n\n<h3 class=\"wp-block-heading\">Wie lange fliegt man nach Spanien?<\/h3>\n\n\n\n<p>Spanien ist fast 1,5 mal so gro\u00df wie Deutschland. Und mit den Kanarischen Inseln liegt ein Teil des Landes ziemlich weit entfernt im Atlantik. So unterscheiden ich die Flugzeiten nat\u00fcrlich sehr stark, je nachdem wo Ihr euren Urlaub verbringen wollt. So dauert ein Flug von Frankfurt nach Barcelona etwa zwei Stunden, der Flug von Berlin nach Teneriffa etwa 5,5 Stunden. Der Rest liegt irgendwo dazwischen. Die wichtigsten Flugh\u00e4fen werden ab Deutschland t\u00e4glich, w\u00e4hrend der Ferienzeiten oft sogar mehrmals t\u00e4glich angeflogen.<\/p>\n\n\n\n<h3 class=\"wp-block-heading\">Mit welchen Kosten muss ich in Spanien rechnen?<\/h3>\n\n\n\n<p>Die Lebenshaltungskosten in Spanien sind genauso unterschiedlich wie das Land selbst. In gro\u00dfen St\u00e4dten und touristischen Zentren ist das Leben teurer wie auf dem platten Land. Auf den Inseln verteuern sich die Waren, wenn sie von weit her eingeflogen werden m\u00fcssen.<\/p>\n\n\n\n<p>Im Gro\u00dfen und Ganzen ist Spanien aber etwas g\u00fcnstiger als Deutschland. Hier ein paar Durchschnittswerte (Stand M\u00e4rz 2020):<\/p>\n\n\n\n<ul class=\"wp-block-list\">\n<li>Cappuccino: 1,60 Euro<\/li>\n\n\n\n<li>Softdrink (0,33 l): 1,70 Euro<\/li>\n\n\n\n<li>lokales Bier (0,5 l): 2,50 Euro<\/li>\n\n\n\n<li>Import Bier (0,33 l): 3 Euro<\/li>\n\n\n\n<li>Essen in einem einfachen Restaurant: 10 Euro<\/li>\n\n\n\n<li>Taxifahrt (10 Kilometer): 14,00 Euro<\/li>\n\n\n\n<li>1 Liter Benzin: 1,30 Euro<\/li>\n\n\n\n<li>Packung Zigaretten: 5 Euro<\/li>\n<\/ul>\n\n\n\n<h3 class=\"wp-block-heading\">Wann ist die beste Reisezeit?<\/h3>\n\n\n\n<p>Aufgrund der Gr\u00f6\u00dfe des Landes findet ihr in Spanien sehr unterschiedliche Klimaverh\u00e4ltnisse. In den Pyren\u00e4en an der Grenze zu Frankreich k\u00f6nnt ihr im Winter Ski fahren. Das gilt auch f\u00fcr die Sierra Nevada an der Mittelmeerk\u00fcste zwischen Almeria und Granada im S\u00fcden des Landes.<\/p>\n\n\n\n<p>Die Atlantikk\u00fcste im Norden wird im Sommer angenehm warm bei milden Wintern. Das Landesinnere ist von Kontinentalklima gepr\u00e4gt mit teilweise extrem hei\u00dfen Sommern und kalten Wintern. Die Mittelmeerk\u00fcste sowie die balearischen Inseln verf\u00fcgen \u00fcber ein mediterranes Klima mit hei\u00dfen Sommern und sehr milden Wintern.<\/p>\n\n\n\n<p>Auf den Kanaren vor der K\u00fcste Afrikas bietet das subtropische Klima ideale Urlaubsbedingungen das ganze Jahr hindurch.<\/p>\n\n\n\n<p>Wenn ihr also einen aktiven Urlaub oder St\u00e4dtebesichtigungen im Landesinneren plant, bieten sich Fr\u00fchjahr oder Herbst als ideale Reisezeit an. F\u00fcr einen reinen Badeurlaub solltet ihr aber, mit Ausnahme der Kanaren, eher den Sommer in Betracht ziehen.<\/p>\n\n\n\n<p>Bevor es jetzt zu den einzelnen Hotspots in Spanien geht, bringt euch doch mit diesem Video schon einmal in Stimmung:<\/p>\n\n\n\n<p><iframe title=\"YouTube video player\" src=\"https:\/\/www.youtube.com\/embed\/DATP3_sTpJY\" width=\"560\" height=\"315\" frameborder=\"0\" allowfullscreen=\"allowfullscreen\"><\/iframe><\/p>\n\n\n\n<h2 class=\"wp-block-heading\"><a name=\"kuesten\"><\/a>Spaniens vielf\u00e4ltige K\u00fcsten im \u00dcberblick<\/h2>\n\n\n\n<p>Im Folgenden stellen wir euch zun\u00e4chst die unterschiedlichen K\u00fcsten in Spanien vor und geben euch Tipps, welche Sehensw\u00fcrdigkeiten und Str\u00e4nde ihr dort entdecken k\u00f6nnt. Ihr werdet feststellen, dass diese sehr unterschiedlich sind.<\/p>\n\n\n\n<hr class=\"wp-block-separator has-alpha-channel-opacity\"\/>\n\n\n\n<ul class=\"wp-block-list\">\n<li><a href=\"#mittelmeer\">Mittelmeerk\u00fcste<\/a><\/li>\n\n\n\n<li><a href=\"#suedatlantik\">S\u00fcdatlantik-K\u00fcste<\/a><\/li>\n\n\n\n<li><a href=\"#nordatlantik\">Nordatlantik-K\u00fcste<\/a><\/li>\n<\/ul>\n\n\n\n<hr class=\"wp-block-separator has-alpha-channel-opacity\"\/>\n\n\n\n<p>Wo ihr welche K\u00fcste findet, seht ihr hier auf dieser Grafik:<\/p>\n\n\n<div class=\"wp-block-image\">\n<figure class=\"aligncenter\"><img decoding=\"async\" width=\"880\" height=\"700\" src=\"https:\/\/www.sonnenklar.tv\/blog\/wp-content\/uploads\/2018\/03\/karte-spanien-kuesten.jpg\" alt=\"Karte Spaniens K\u00fcsten\" class=\"wp-image-16149\" srcset=\"https:\/\/www.sonnenklar.tv\/blog\/wp-content\/uploads\/2018\/03\/karte-spanien-kuesten.jpg 880w, https:\/\/www.sonnenklar.tv\/blog\/wp-content\/uploads\/2018\/03\/karte-spanien-kuesten-300x239.jpg 300w, https:\/\/www.sonnenklar.tv\/blog\/wp-content\/uploads\/2018\/03\/karte-spanien-kuesten-768x611.jpg 768w\" sizes=\"(max-width: 880px) 100vw, 880px\" \/><\/figure>\n<\/div>\n\n\n<p><\/p>\n\n\n\n<h3 class=\"wp-block-heading\"><a name=\"mittelmeer\"><\/a>Die Mittelmeerk\u00fcste Spaniens<\/h3>\n\n\n\n<p>Strandurlaub wie aus dem Bilderbuch und Reiseziele f\u00fcr die Reichen und Sch\u00f6nen, aber auch f\u00fcr dich und mich. Die Mittelmeerk\u00fcste bietet euch eine ganze Reihe an traumhaften Urlaubsorten. Welche sich besonders lohnen, erfahrt ihr hier:<\/p>\n\n\n\n<hr class=\"wp-block-separator has-alpha-channel-opacity\"\/>\n\n\n\n<ul class=\"wp-block-list\">\n<li><a href=\"#costa-brava\">Costa Brava<\/a><\/li>\n\n\n\n<li><a href=\"#costa-daurada\">Costa Daurada<\/a><\/li>\n\n\n\n<li><a href=\"#costa-de-azahar\">Costa de Azahar<\/a><\/li>\n\n\n\n<li><a href=\"#costa-blanca\">Costa Blanca<\/a><\/li>\n\n\n\n<li><a href=\"#costa-del-sol\">Costa del Sol<\/a><\/li>\n<\/ul>\n\n\n\n<hr class=\"wp-block-separator has-alpha-channel-opacity\"\/>\n\n\n\n<h4 class=\"wp-block-heading\"><a name=\"costa-brava\"><\/a>Costa Brava: Die felsige K\u00fcste Kataloniens<\/h4>\n\n\n\n<p>Dieser etwa 200 Kilometer lange K\u00fcstenabschnitt beginnt an den Ausl\u00e4ufern der Pyren\u00e4en und schl\u00e4ngelt sich bis hin zur Metropole Barcelona. Frei \u00fcbersetzt bedeutet der Name \u201ewilde K\u00fcste\u201c, deren bizarre Felsformationen besonders eindrucksvoll zwischen Tossa de Mar und Sant Feliu de Gu\u00edxols durchwandert werden k\u00f6nnen. Dazwischen wird der raue Landstrich immer wieder von belebten Badeorten wie Lloret de Mar und Blanes unterbrochen.<\/p>\n\n\n<div class=\"wp-block-image size-full wp-image-16156\">\n<figure class=\"aligncenter\"><img decoding=\"async\" width=\"880\" height=\"500\" src=\"https:\/\/www.sonnenklar.tv\/blog\/wp-content\/uploads\/2018\/03\/spanien-reisetipps-costa-brava.jpg\" alt=\"Ber\u00fchmte Burg Vila Vella an der Costa Brava in Spanien\" class=\"wp-image-16156\" srcset=\"https:\/\/www.sonnenklar.tv\/blog\/wp-content\/uploads\/2018\/03\/spanien-reisetipps-costa-brava.jpg 880w, https:\/\/www.sonnenklar.tv\/blog\/wp-content\/uploads\/2018\/03\/spanien-reisetipps-costa-brava-300x170.jpg 300w, https:\/\/www.sonnenklar.tv\/blog\/wp-content\/uploads\/2018\/03\/spanien-reisetipps-costa-brava-768x436.jpg 768w\" sizes=\"(max-width: 880px) 100vw, 880px\" \/><figcaption class=\"wp-element-caption\">Bei Tossa de Mar seht ihr \u00fcbrigens auch die ber\u00fchmte Burg Vila Vella.<\/figcaption><\/figure>\n<\/div>\n\n\n<p>Diese Region bietet euch rund um Girona sehr viel kulturelle Sehensw\u00fcrdigkeiten, die sich f\u00fcr Tagesausfl\u00fcge eignen. Auch die Golfer unter euch kommen voll auf ihre Kosten.<\/p>\n\n\n\n<h4 class=\"wp-block-heading\"><a name=\"costa-daurada\"><\/a>Costa Daurada: Die goldene K\u00fcste<\/h4>\n\n\n\n<p>Goldgelb erstrahlen die kilometerlangen Sandstr\u00e4nde unter anderem in den h\u00fcbschen Seeb\u00e4dern Salou, Sitges und Cambrils. Diese fallen meist sehr flach ins Meer und eignen sich daher besonders f\u00fcr Familienurlaube.<\/p>\n\n\n<div class=\"wp-block-image size-full wp-image-16162\">\n<figure class=\"aligncenter\"><img loading=\"lazy\" decoding=\"async\" width=\"880\" height=\"500\" src=\"https:\/\/www.sonnenklar.tv\/blog\/wp-content\/uploads\/2018\/03\/spanien-reisetipps-costa-daurada-salou.jpg\" alt=\"Sch\u00f6ner Strand in Salou an der Costa Daurada\" class=\"wp-image-16162\" srcset=\"https:\/\/www.sonnenklar.tv\/blog\/wp-content\/uploads\/2018\/03\/spanien-reisetipps-costa-daurada-salou.jpg 880w, https:\/\/www.sonnenklar.tv\/blog\/wp-content\/uploads\/2018\/03\/spanien-reisetipps-costa-daurada-salou-300x170.jpg 300w, https:\/\/www.sonnenklar.tv\/blog\/wp-content\/uploads\/2018\/03\/spanien-reisetipps-costa-daurada-salou-768x436.jpg 768w\" sizes=\"(max-width: 880px) 100vw, 880px\" \/><figcaption class=\"wp-element-caption\">Ein besonders sch\u00f6ner Strand in Salou.<\/figcaption><\/figure>\n<\/div>\n\n\n<p>Zudem l\u00e4sst sich ein Aufenthalt an der Costa Daurada hervorragend mit den Besichtigungen kulturhistorischer Bauwerke wie dem arch\u00e4ologischen Ensemble von Tarraco bei Tarragona verbinden. Oder wie w\u00e4re es mit einem Besuch in der <a href=\"https:\/\/www.sonnenklar.tv\/beschreibung\/Spanien\/Costa_Dorada\/Vila-Seca\/PortAventura_Hotel_Roulette.html\" target=\"_blank\" rel=\"noopener noreferrer\">PortAventura World<\/a>, einem der gr\u00f6\u00dften Vergn\u00fcgungsparks Europas?<\/p>\n\n\n\n<h4 class=\"wp-block-heading\"><a name=\"costa-de-azahar\"><\/a>Costa del Azahar: Die Unscheinbare<\/h4>\n\n\n\n<p>W\u00e4hrend die Gebirgsz\u00fcge im Hinterland f\u00fcr Reiter, Wanderer und Mountainbiker ideale Rahmenbedingungen bieten, entspannen sich Sonnenanbeter an den Str\u00e4nden der beschaulichen Ferienorte Pe\u00f1\u00edscola oder Gandia.<\/p>\n\n\n<div class=\"wp-block-image size-full wp-image-16163\">\n<figure class=\"aligncenter\"><img loading=\"lazy\" decoding=\"async\" width=\"880\" height=\"800\" src=\"https:\/\/www.sonnenklar.tv\/blog\/wp-content\/uploads\/2018\/03\/spanien-reisetipps-costa-del-azahar-peniscola.jpg\" alt=\"Pe\u00f1\u00edscola an der Costa del Azahar in Spanien\" class=\"wp-image-16163\" srcset=\"https:\/\/www.sonnenklar.tv\/blog\/wp-content\/uploads\/2018\/03\/spanien-reisetipps-costa-del-azahar-peniscola.jpg 880w, https:\/\/www.sonnenklar.tv\/blog\/wp-content\/uploads\/2018\/03\/spanien-reisetipps-costa-del-azahar-peniscola-300x273.jpg 300w, https:\/\/www.sonnenklar.tv\/blog\/wp-content\/uploads\/2018\/03\/spanien-reisetipps-costa-del-azahar-peniscola-768x698.jpg 768w\" sizes=\"(max-width: 880px) 100vw, 880px\" \/><figcaption class=\"wp-element-caption\">Ein herrlicher Ausblick auf Pe\u00f1\u00edscola.<\/figcaption><\/figure>\n<\/div>\n\n\n<p>Doch die Anziehungskraft dieser K\u00fcstenregion liegt zweifelsfrei in <a href=\"#valencia\">Valencia<\/a>. Die drittgr\u00f6\u00dfte Stadt Spaniens fasziniert mit der Markthalle Mercado de Col\u00f3n und der Kathedrale aus dem Jahr 1262.<\/p>\n\n\n\n<p>Mit der Vielzahl an Naturschutzgebieten eignet sich die Region an der Costa del Azahar ideal, um einen Badeurlaub mit einzigartigen Naturerlebnissen zu kombinieren.<\/p>\n\n\n\n<h4 class=\"wp-block-heading\"><a name=\"costa-blanca\"><\/a>Costa Blanca: Die Bucht von Alicante<\/h4>\n\n\n\n<p>Malerisch eingebettet zwischen fruchtbaren T\u00e4lern, Bergformationen und hellen Sandstr\u00e4nden liegen die beliebten Urlaubsorte Benidorm und Calpe. Zudem weht an der K\u00fcste ein verl\u00e4sslicher Wind, der passionierten Seglern und Surfern optimale Rahmenbedingungen bietet.<\/p>\n\n\n\n<p>Wenn ihr mehr \u00fcber Land und Leute erfahren m\u00f6chtet, unternehmt einen Ausflug nach Alicante und besucht unter anderem das Castillo de Santa B\u00e1rbara aus dem 9. Jahrhundert.<\/p>\n\n\n<div class=\"wp-block-image size-full wp-image-16157\">\n<figure class=\"aligncenter\"><img loading=\"lazy\" decoding=\"async\" width=\"880\" height=\"500\" src=\"https:\/\/www.sonnenklar.tv\/blog\/wp-content\/uploads\/2018\/03\/spanien-reisetipps-costa-blanca-alicante.jpg\" alt=\"Ausblick vom Castillo den Santa Barbara auf Alicante.\" class=\"wp-image-16157\" srcset=\"https:\/\/www.sonnenklar.tv\/blog\/wp-content\/uploads\/2018\/03\/spanien-reisetipps-costa-blanca-alicante.jpg 880w, https:\/\/www.sonnenklar.tv\/blog\/wp-content\/uploads\/2018\/03\/spanien-reisetipps-costa-blanca-alicante-300x170.jpg 300w, https:\/\/www.sonnenklar.tv\/blog\/wp-content\/uploads\/2018\/03\/spanien-reisetipps-costa-blanca-alicante-768x436.jpg 768w\" sizes=\"(max-width: 880px) 100vw, 880px\" \/><figcaption class=\"wp-element-caption\">Vom Kastell aus habt ihr einen herrlichen Ausblick.<\/figcaption><\/figure>\n<\/div>\n\n\n<h4 class=\"wp-block-heading\"><a name=\"costa-del-sol\"><\/a>Costa del Sol: Die Sonnenk\u00fcste<\/h4>\n\n\n\n<p>Die s\u00fcdlichste Mittelmeerk\u00fcste Spaniens bietet euch ein subtropisches Klima und zieht mit ihren ber\u00fchmten andalusischen Ferienorten Torremolinos und Marbella ganzj\u00e4hrig Urlauber an. Dazu geben die unz\u00e4hligen Golfpl\u00e4tze der Region den Beinamen \u201eCosta del Golf\u201c.<\/p>\n\n\n<div class=\"wp-block-image size-full wp-image-16164\">\n<figure class=\"aligncenter\"><img loading=\"lazy\" decoding=\"async\" width=\"880\" height=\"500\" src=\"https:\/\/www.sonnenklar.tv\/blog\/wp-content\/uploads\/2018\/03\/spanien-reisetipps-costa-del-sol-marbella.jpg\" alt=\"Strand in Marbella an der Costa del Sol in Spanien\" class=\"wp-image-16164\" srcset=\"https:\/\/www.sonnenklar.tv\/blog\/wp-content\/uploads\/2018\/03\/spanien-reisetipps-costa-del-sol-marbella.jpg 880w, https:\/\/www.sonnenklar.tv\/blog\/wp-content\/uploads\/2018\/03\/spanien-reisetipps-costa-del-sol-marbella-300x170.jpg 300w, https:\/\/www.sonnenklar.tv\/blog\/wp-content\/uploads\/2018\/03\/spanien-reisetipps-costa-del-sol-marbella-768x436.jpg 768w\" sizes=\"(max-width: 880px) 100vw, 880px\" \/><figcaption class=\"wp-element-caption\">Andalusischer Traumstrand in Marbella.<\/figcaption><\/figure>\n<\/div>\n\n\n<p>Doch auch f\u00fcr die Stadt M\u00e1laga, dem Geburtsort von Pablo Picasso, sollte ausreichend Zeit eingeplant werden, sodass ihr entspannt die Aussichtsplattform am Castillo de Gibralfaro besuchen k\u00f6nnt. Marbella ist einer der nobelsten Ferienorte Spaniens und Treffpunkt des Jetset.<\/p>\n\n\n\n<h4 class=\"wp-block-heading\">Die sch\u00f6nsten Str\u00e4nde an der spanischen Mittelmeerk\u00fcste<\/h4>\n\n\n\n<ul class=\"wp-block-list\">\n<li><strong>Playa Levante in <a href=\"https:\/\/www.sonnenklar.tv\/suchen\/Costa%20Blanca%20&amp;%20Costa%20Calida\/zeitraum(01.03.2018-01.06.2018,beliebig)\/ort(tt-246,tr-589)\" target=\"_blank\" rel=\"noopener noreferrer\">Benidorm<\/a> \/ Costa Blanca:<\/strong>&nbsp;Einer der unterhaltsamsten Badeabschnitte am Festland.<\/li>\n\n\n\n<li><strong>Playa Villa Africa in <a href=\"https:\/\/www.sonnenklar.tv\/ort\/Golf_Von_Almeria\/Aguadulce.html\" target=\"_blank\" rel=\"noopener noreferrer\">Aguadulce<\/a> \/ Costa de Almeria:<\/strong> H\u00fcbscher Strand mit Spielpl\u00e4tzen, seichtem Meerwasser und optimalen Bedingungen f\u00fcr Windsurfer und -Kiter.<\/li>\n\n\n\n<li><strong>Playa de Cortijo Blanco bei <a href=\"https:\/\/www.sonnenklar.tv\/ort\/Costa_Del_Sol_Costa_Tropical\/Marbella.html\" target=\"_blank\" rel=\"noopener noreferrer\">Marbella<\/a> \/ Costa del Sol:<\/strong> Entspannung mit gehobenem Ambiente, angesagte Beach-Clubs und charmante Chiringuitos erwarten euch an diesem familienfreundlichen Strand.<\/li>\n<\/ul>\n\n\n\n<p class=\"has-text-align-center\"><iframe src=\"https:\/\/www.google.com\/maps\/d\/embed?mid=16OQzGGF23RZdrUmycp687GSQ5_ggRIuB&amp;hl=de\" width=\"640\" height=\"480\"><\/iframe><\/p>\n\n\n\n<h3 class=\"wp-block-heading\"><a name=\"suedatlantik\"><\/a>Unterwegs an der s\u00fcdlichen Atlantikk\u00fcste<\/h3>\n\n\n\n<p>Von Tarifa, Spaniens s\u00fcdlichstem Zipfel, bis an die portugiesische Grenze reicht die Costa de la Luz. Das Ganzjahresziel f\u00fcr Erholungssuchende besticht mit seinen langen Str\u00e4nden, an denen Surfer und Kiter garantiert die perfekte Welle finden. Ganze 3.000 Sonnenstunden im Jahr sorgen f\u00fcrs perfekte Urlaubswetter.<\/p>\n\n\n\n<p>Die beliebtesten Badeorte sind Cadiz und Huelva. Tarifa ist vielleicht der beste Surfspot auf dem Festland. Von hier habt ihr meist sogar einen Blick auf das nur 20 Kilometer entfernte Afrika. Hinter der sch\u00f6nen K\u00fcste sorgen die unber\u00fchrten W\u00e4lder und die zahlreichen Golfpl\u00e4tze f\u00fcr Abwechslung.<\/p>\n\n\n<div class=\"wp-block-image size-full wp-image-16165\">\n<figure class=\"aligncenter\"><img loading=\"lazy\" decoding=\"async\" width=\"880\" height=\"500\" src=\"https:\/\/www.sonnenklar.tv\/blog\/wp-content\/uploads\/2018\/03\/spanien-reisetipps-costa-de-la-luz-cadiz.jpg\" alt=\"Blick auf Cadiz an der Costa de la Luz in Spanien\" class=\"wp-image-16165\" srcset=\"https:\/\/www.sonnenklar.tv\/blog\/wp-content\/uploads\/2018\/03\/spanien-reisetipps-costa-de-la-luz-cadiz.jpg 880w, https:\/\/www.sonnenklar.tv\/blog\/wp-content\/uploads\/2018\/03\/spanien-reisetipps-costa-de-la-luz-cadiz-300x170.jpg 300w, https:\/\/www.sonnenklar.tv\/blog\/wp-content\/uploads\/2018\/03\/spanien-reisetipps-costa-de-la-luz-cadiz-768x436.jpg 768w\" sizes=\"(max-width: 880px) 100vw, 880px\" \/><figcaption class=\"wp-element-caption\">Cadiz &#8211; sch\u00f6ne Stadt mit traumhafter Lage am Meer.<\/figcaption><\/figure>\n<\/div>\n\n\n<p>Einen Ausflug planen solltet ihr nach Jerez de la Frontera, dem Heimatort der K\u00f6niglichen Hofreitschule und der k\u00f6stlichen Sherrys.<\/p>\n\n\n\n<p>\u25ba <strong>Unser Hoteltipp an der Costa de la Luz:<\/strong> <a href=\"https:\/\/www.sonnenklar.tv\/beschreibung\/Spanien\/Costa_de_la_Luz\/El_Puerto_de_Santa_Maria\/Domus_Selecta_Monasterio_De_San_Miguel.html\" target=\"_blank\" rel=\"noopener noreferrer\">Das Hotel Monastero de San Miguel<\/a> befindet sich in einem ehemaligen Kloster in malerischer Umgebung.<\/p>\n\n\n\n<h4 class=\"wp-block-heading\">Die sch\u00f6nsten Str\u00e4nde an der spanischen S\u00fcdatlantikk\u00fcste:<\/h4>\n\n\n\n<ul class=\"wp-block-list\">\n<li><strong>Playa El Palmar in <a href=\"https:\/\/www.sonnenklar.tv\/ort\/Costa_De_La_Luz\/Conil_De_La_Frontera.html\" target=\"_blank\" rel=\"noopener noreferrer\">Conil de la Frontera<\/a>:<\/strong> Acht Kilometer langer, familienfreundlicher Sandstrand mit seichtem Einstieg, an dem Surfanf\u00e4nger optimale Bedingungen finden.<\/li>\n\n\n\n<li><strong>Playa de Bolonia in <a href=\"https:\/\/www.sonnenklar.tv\/ort\/Costa_De_La_Luz\/Tarifa.html\" target=\"_blank\" rel=\"noopener noreferrer\">Tarifa<\/a>:<\/strong> Strandwanderer durchqueren die meterhohen Sandd\u00fcnen, die Teil des Parque Natural del Estrecho sind. Kiter d\u00fcsen in den Wellen auf und ab; Naturstrand f\u00fcr Mensch und Tier.<\/li>\n\n\n\n<li><strong>Playa Nueva Umbria bei La Antilla:<\/strong> Nicht nur auf <a href=\"https:\/\/www.sonnenklar.tv\/promo\/fkk.html\" target=\"_blank\" rel=\"noopener noreferrer\">FKK-Anh\u00e4nger<\/a> warten auf der Landspitze am Flussdelta des Rio Piedra eine sagenhafte D\u00fcnenlandschaft und ein kilometerlanger, naturbelassener Strand, der f\u00fcr seine spektakul\u00e4re Flora und Fauna ber\u00fchmt ist.<\/li>\n<\/ul>\n\n\n\n<p class=\"has-text-align-center\"><iframe src=\"https:\/\/www.google.com\/maps\/d\/embed?mid=19_Vwn7vCn3xG1G8CP19vIHVVtr7httcW&amp;hl=de\" width=\"640\" height=\"480\"><\/iframe><\/p>\n\n\n\n<h3 class=\"wp-block-heading\"><a name=\"nordatlantik\"><\/a>Die n\u00f6rdliche Atlantikk\u00fcste: Rau und Gr\u00fcn<\/h3>\n\n\n\n<p>Wer bl\u00fchende Landschaften und schroffe Felsen sucht, ist hier genau richtig:<\/p>\n\n\n\n<hr class=\"wp-block-separator has-alpha-channel-opacity\"\/>\n\n\n\n<ul class=\"wp-block-list\">\n<li><a href=\"#rias-baixas-rias-altas\">R\u00edas Baixas und R\u00edas Altas<\/a><\/li>\n\n\n\n<li><a href=\"#costa-verde\">Costa Verde<\/a><\/li>\n\n\n\n<li><a href=\"#costa-de-cantabria\">Costa de Cantabria<\/a><\/li>\n\n\n\n<li><a href=\"#costa-vasca\">Costa Vasca<\/a><\/li>\n<\/ul>\n\n\n\n<hr class=\"wp-block-separator has-alpha-channel-opacity\"\/>\n\n\n\n<h4 class=\"wp-block-heading\"><a name=\"rias-baixas-rias-altas\"><\/a>R\u00edas Baixas und R\u00edas Altas: Baden im gr\u00fcnen Nordosten<\/h4>\n\n\n\n<p>Die K\u00fcsten der Region Galizien im Nordwesten Spaniens sind in zwei sehr unterschiedliche Abschnitte unterteilt. An der Westk\u00fcste bis zur portugiesischen Grenze liegen die R\u00edas Baixas mit flachabfallenden Str\u00e4nden. Die R\u00edas Altas an der Nordk\u00fcste werden von auff\u00e4lligen Klippen mit kleinen Badebuchten dazwischen beherrscht.<\/p>\n\n\n<div class=\"wp-block-image size-full wp-image-16167\">\n<figure class=\"aligncenter\"><img loading=\"lazy\" decoding=\"async\" width=\"880\" height=\"500\" src=\"https:\/\/www.sonnenklar.tv\/blog\/wp-content\/uploads\/2018\/03\/spanien-reisetipps-rias-baixas.jpg\" alt=\"Strand auf Cies Island in R\u00edas Baixas\" class=\"wp-image-16167\" srcset=\"https:\/\/www.sonnenklar.tv\/blog\/wp-content\/uploads\/2018\/03\/spanien-reisetipps-rias-baixas.jpg 880w, https:\/\/www.sonnenklar.tv\/blog\/wp-content\/uploads\/2018\/03\/spanien-reisetipps-rias-baixas-300x170.jpg 300w, https:\/\/www.sonnenklar.tv\/blog\/wp-content\/uploads\/2018\/03\/spanien-reisetipps-rias-baixas-768x436.jpg 768w\" sizes=\"(max-width: 880px) 100vw, 880px\" \/><figcaption class=\"wp-element-caption\">Traumstrand auf Illas C\u00edes in R\u00edas Baixas.<\/figcaption><\/figure>\n<\/div>\n\n\n<p>Zu den sehenswerten Ausflugzielen geh\u00f6ren die alte R\u00f6merbr\u00fccke in Pontevedra, das Naturidyll auf der Halbinsel O Grove und die bekannten Heil- sowie Mineralquellen auf der Insel Isla de La Toja. Auch einen Ausflug nach Santiago de Compostela k\u00f6nnt ihr von hier aus unternehmen.<\/p>\n\n\n\n<h4 class=\"wp-block-heading\"><a name=\"costa-verde\"><\/a>Costa Verde: Urlaub in der Provinz Asturien<\/h4>\n\n\n\n<p>Rund um die Hafenstadt Gij\u00f3n an der n\u00f6rdlichen Atlantikk\u00fcste liegt dieser K\u00fcstenabschnitt. Da es hier \u00f6fters regnet, ist diese Region immer sehr gr\u00fcn. Undurchdringliche W\u00e4lder reichen teilweise bis an die Str\u00e4nde.<\/p>\n\n\n<div class=\"wp-block-image size-full wp-image-16168\">\n<figure class=\"aligncenter\"><img loading=\"lazy\" decoding=\"async\" width=\"880\" height=\"500\" src=\"https:\/\/www.sonnenklar.tv\/blog\/wp-content\/uploads\/2018\/03\/spanien-reisetipps-costa-verde.jpg\" alt=\"Die gr\u00fcne Costa Verde in Asturien mit Steilklippen\" class=\"wp-image-16168\" srcset=\"https:\/\/www.sonnenklar.tv\/blog\/wp-content\/uploads\/2018\/03\/spanien-reisetipps-costa-verde.jpg 880w, https:\/\/www.sonnenklar.tv\/blog\/wp-content\/uploads\/2018\/03\/spanien-reisetipps-costa-verde-300x170.jpg 300w, https:\/\/www.sonnenklar.tv\/blog\/wp-content\/uploads\/2018\/03\/spanien-reisetipps-costa-verde-768x436.jpg 768w\" sizes=\"(max-width: 880px) 100vw, 880px\" \/><figcaption class=\"wp-element-caption\">Die immergr\u00fcne Costa Verde &#8211; wundersch\u00f6n und spektakul\u00e4r.<\/figcaption><\/figure>\n<\/div>\n\n\n<p>Der Massentourismus vieler K\u00fcstenabschnitte im S\u00fcden ist hier meilenweit entfernt. Dennoch findet ihr rund um die malerischen Fischerd\u00f6rfer wundersch\u00f6ne Badebuchten, oftmals eingerahmt von beeindruckenden Klippen.<\/p>\n\n\n\n<p>Ein besonders sch\u00f6ner Badeort ist Llanes. Der historische Ort bietet mehrere Str\u00e4nde und der teils hohe Wellengang macht die Region zu einem Eldorado f\u00fcr Surfer.<\/p>\n\n\n\n<h4 class=\"wp-block-heading\"><a name=\"costa-de-cantabria\"><\/a>Costa de Cantabria: Str\u00e4nde, Klippen und winzige Felsinseln<\/h4>\n\n\n\n<p><a href=\"https:\/\/www.sonnenklar.tv\/ort\/Baskenland\/Santander.html\">Santander<\/a>, die rege Hafenstadt, kommt abwechslungsreich daher und bietet euch architektonische Sch\u00f6nheiten wie eine gotische Kathedrale aus dem 12. Jahrhundert.<\/p>\n\n\n\n<p>Die landschaftliche Vielfalt der Region l\u00e4sst sich hervorragend hoch zu Ross, auf einer Quad-Tour oder bei einem Rafting-Ausflug erkunden. Obendrein lohnt eine Besichtigung in der ber\u00fchmten H\u00f6hle von Altamira.<\/p>\n\n\n\n<p>Einer der bedeutendsten Badeorte ist Laredo. Hier findet ihr den l\u00e4ngsten Strand Nordspaniens und ein breites Unterhaltungsangebot.<\/p>\n\n\n<div class=\"wp-block-image size-full wp-image-16169\">\n<figure class=\"aligncenter\"><img loading=\"lazy\" decoding=\"async\" width=\"880\" height=\"500\" src=\"https:\/\/www.sonnenklar.tv\/blog\/wp-content\/uploads\/2018\/03\/spanien-reisetipps-costa-de-cantabria-laredo.jpg\" alt=\"Strand von Laredo an der Costa de Cantabria in Spanien\" class=\"wp-image-16169\" srcset=\"https:\/\/www.sonnenklar.tv\/blog\/wp-content\/uploads\/2018\/03\/spanien-reisetipps-costa-de-cantabria-laredo.jpg 880w, https:\/\/www.sonnenklar.tv\/blog\/wp-content\/uploads\/2018\/03\/spanien-reisetipps-costa-de-cantabria-laredo-300x170.jpg 300w, https:\/\/www.sonnenklar.tv\/blog\/wp-content\/uploads\/2018\/03\/spanien-reisetipps-costa-de-cantabria-laredo-768x436.jpg 768w\" sizes=\"(max-width: 880px) 100vw, 880px\" \/><figcaption class=\"wp-element-caption\">Vom Strand von Laredo aus genie\u00dft ihr dar\u00fcber hinaus noch einen tollen Ausblick.<\/figcaption><\/figure>\n<\/div>\n\n\n<h4 class=\"wp-block-heading\"><a name=\"costa-vasca\"><\/a>Costa Vasca: Die baskische K\u00fcste<\/h4>\n\n\n\n<p>Das Baskenland geh\u00f6rt zwar zu Spanien, ist aber so v\u00f6llig anders als der Rest des Landes. Mit San Sebastian und Bilbao findet ihr hier historische St\u00e4dte, die sehr viel Sehenswertes zu bieten haben. Wer sich f\u00fcr moderne Kunst interessiert, kommt um einen Besuch des Guggenheim-Museums in Bilbao nicht herum.<\/p>\n\n\n\n<p>Wie die gesamte Nordk\u00fcste ist auch die Region an der franz\u00f6sischen Grenze sehr gr\u00fcn. San Sebasti\u00e1n ist als Hotspot f\u00fcr Feinschmecker bekannt, bietet euch aber auch traumhafte Str\u00e4nde. An diesen herrscht oft hohe Brandung, sodass sich hier Surfer richtig austoben k\u00f6nnen.<\/p>\n\n\n<div class=\"wp-block-image size-full wp-image-16170\">\n<figure class=\"aligncenter\"><img loading=\"lazy\" decoding=\"async\" width=\"880\" height=\"500\" src=\"https:\/\/www.sonnenklar.tv\/blog\/wp-content\/uploads\/2018\/03\/spanien-reisetipps-costa-vasca-san-sebastian.jpg\" alt=\"Blick auf San Sebasti\u00e1n an der Costa Vasca in Spanien\" class=\"wp-image-16170\" srcset=\"https:\/\/www.sonnenklar.tv\/blog\/wp-content\/uploads\/2018\/03\/spanien-reisetipps-costa-vasca-san-sebastian.jpg 880w, https:\/\/www.sonnenklar.tv\/blog\/wp-content\/uploads\/2018\/03\/spanien-reisetipps-costa-vasca-san-sebastian-300x170.jpg 300w, https:\/\/www.sonnenklar.tv\/blog\/wp-content\/uploads\/2018\/03\/spanien-reisetipps-costa-vasca-san-sebastian-768x436.jpg 768w\" sizes=\"(max-width: 880px) 100vw, 880px\" \/><figcaption class=\"wp-element-caption\">Einer der besten Urlaubsorte in Spanien ist San Sebasti\u00e1n.<\/figcaption><\/figure>\n<\/div>\n\n\n<p>\u25ba <strong>Unser Hoteltipp:<\/strong> Mitten in Bilbao liegt das moderne Hotel <a href=\"https:\/\/www.sonnenklar.tv\/beschreibung\/Spanien\/Atlantikk%C3%BCste\/Bilbao\/Gran_Domine_Bilbao.html\" target=\"_blank\" rel=\"noopener noreferrer\">Gran Domine Bilbao<\/a>. Ein guter Ausgangspunkt, um die Umgebung zu erkunden.<\/p>\n\n\n\n<h4 class=\"wp-block-heading\">Die sch\u00f6nsten Str\u00e4nde an der spanischen Nordatlantikk\u00fcste<\/h4>\n\n\n\n<ul class=\"wp-block-list\">\n<li><strong>Playa la Concha bei San Sebasti\u00e1n \/ Baskenland:<\/strong> Wie eine Muschel formt sich der gut 1.350 Meter lange helle Stadtstrand an der K\u00fcste entlang, der an beiden Enden von massiven Felsen malerisch eingerahmt wird.<\/li>\n\n\n\n<li><strong>As Catedrais bei <a href=\"https:\/\/www.sonnenklar.tv\/beschreibung\/Spanien\/Atlantikk%C3%BCste\/Ribadeo\/Parador_de_Ribadeo.html\" target=\"_blank\" rel=\"noopener noreferrer\">Ribadeo<\/a> \/ Galizien:<\/strong> Der Strand ist bekannt f\u00fcr seine bizarren Klippen, kleinen Felsspalten und anderen kuriose Formen, die zum nationalen Naturdenkmal erkl\u00e4rt wurden.<\/li>\n\n\n\n<li><strong>Playa de Torimbia in <a href=\"https:\/\/www.sonnenklar.tv\/ort\/Asturien\/Llanes.html\" target=\"_blank\" rel=\"noopener noreferrer\">Llanes<\/a> \/ Asturien:<\/strong> Goldgelb gl\u00e4nzt der feine Sandstrand in der Sonne, an dem auch FKK-Urlauber ihre Freude haben.<\/li>\n<\/ul>\n\n\n\n<p class=\"has-text-align-center\"><iframe src=\"https:\/\/www.google.com\/maps\/d\/embed?mid=1AaQfL-oNBy6F7kuMZjyLNAvGtsR8yqL9&amp;hl=de\" width=\"640\" height=\"480\"><\/iframe><\/p>\n\n\n\n<p>Sucht ihr noch mehr Strandinspiration? Dann klickt euch hier zu den <a href=\"https:\/\/www.sonnenklar.tv\/blog\/spanien-straende\/\" target=\"_blank\" rel=\"noreferrer noopener\">sch\u00f6nsten Str\u00e4nden Spaniens<\/a>!<\/p>\n\n\n\n<h2 class=\"wp-block-heading\"><a name=\"zentralspanien\"><\/a>Das faszinierende Landesinnere Spaniens<\/h2>\n\n\n\n<p>Auch das Innere von Spaniens Festland hat viele tolle Orte zu bieten. Wir empfehlen euch daher folgende Spots f\u00fcr einen kurzen Zwischenstopp oder einen Tagesausflug:<\/p>\n\n\n\n<p><strong>Burgos<\/strong>, die Ortschaft am Jakobsweg, war einst die Hauptstadt im K\u00f6nigreich Kastilien-Le\u00f3n. Wertvolle Baudenkm\u00e4ler wie die Kathedrale Santa Maria aus dem 13. Jahrhundert und das beeindruckende Stadttor pr\u00e4gen die alte K\u00f6nigsstadt. Nicht minder sehenswert ist das Kloster Las Huelgas aus dem Jahr 1187 von K\u00f6nig Alfons VIII.<\/p>\n\n\n<div class=\"wp-block-image size-full wp-image-16171\">\n<figure class=\"aligncenter\"><img loading=\"lazy\" decoding=\"async\" width=\"880\" height=\"500\" src=\"https:\/\/www.sonnenklar.tv\/blog\/wp-content\/uploads\/2018\/03\/spanien-reisetipps-burgos-las-huelgas.jpg\" alt=\"Kloster Las Huelgas bei Burgos in Spanien\" class=\"wp-image-16171\" srcset=\"https:\/\/www.sonnenklar.tv\/blog\/wp-content\/uploads\/2018\/03\/spanien-reisetipps-burgos-las-huelgas.jpg 880w, https:\/\/www.sonnenklar.tv\/blog\/wp-content\/uploads\/2018\/03\/spanien-reisetipps-burgos-las-huelgas-300x170.jpg 300w, https:\/\/www.sonnenklar.tv\/blog\/wp-content\/uploads\/2018\/03\/spanien-reisetipps-burgos-las-huelgas-768x436.jpg 768w\" sizes=\"(max-width: 880px) 100vw, 880px\" \/><figcaption class=\"wp-element-caption\">Auf jeden Fall einen Besuch wert ist das Kloster Las Huelgas bei Burgos.<\/figcaption><\/figure>\n<\/div>\n\n\n<p><em><strong>Unser Tipp:<\/strong> <\/em>Wenn ihr in Burgos unterwegs seid, probiert unbedingt einmal den Queso de Burgos. Der Frischk\u00e4se aus Schafsmilch ist eine k\u00f6stliche regionale Spezialit\u00e4t.<\/p>\n\n\n\n<p>Weiter gen Osten f\u00e4llt in der Region Kastilien-La Mancha die pittoreske Lage der Universit\u00e4tsstadt <strong>Cuenca<\/strong> auf. Die Casas Colgadas, die H\u00e4user in der Altstadt, stehen auf den Felsenspitzen und erwecken den Eindruck, als w\u00fcrden sie schweben.<\/p>\n\n\n\n<p><strong>Albacete<\/strong>, wundersch\u00f6n in der Ebene von La Mancha gelegen, ist ein idealer Ausgangsort f\u00fcr Wandertouren in die umliegende Landschaft, zum Beispiel zum malerischen Naturpark Lagunas de Ruidera.<\/p>\n\n\n<div class=\"wp-block-image size-full wp-image-16172\">\n<figure class=\"aligncenter\"><img loading=\"lazy\" decoding=\"async\" width=\"880\" height=\"500\" src=\"https:\/\/www.sonnenklar.tv\/blog\/wp-content\/uploads\/2018\/03\/spanien-reisetipps-albacete.jpg\" alt=\"Br\u00fccke \u00fcber den Fluss J\u00e9car mit der Burg auf den Felsen in Alcal\u00e9 del J\u00e9car in Albacete, Spanien\" class=\"wp-image-16172\" srcset=\"https:\/\/www.sonnenklar.tv\/blog\/wp-content\/uploads\/2018\/03\/spanien-reisetipps-albacete.jpg 880w, https:\/\/www.sonnenklar.tv\/blog\/wp-content\/uploads\/2018\/03\/spanien-reisetipps-albacete-300x170.jpg 300w, https:\/\/www.sonnenklar.tv\/blog\/wp-content\/uploads\/2018\/03\/spanien-reisetipps-albacete-768x436.jpg 768w\" sizes=\"(max-width: 880px) 100vw, 880px\" \/><figcaption class=\"wp-element-caption\">Br\u00fccke \u00fcber den Fluss J\u00e9car mit der Burg auf den Felsen in Alcal\u00e9 del J\u00e9car in Albacete.<\/figcaption><\/figure>\n<\/div>\n\n\n<p>Wer sich hingegen mehr f\u00fcr Kunst, Kultur und Geschichte interessiert, dem sei ein Ausflug nach <strong>Toledo<\/strong> empfohlen. Synagogen, Pal\u00e4ste und Moscheen zieren den Ort und geben ihm den Beinamen \u201eStadt der drei Kulturen\u201c. Besonders ber\u00fchmt ist Toledo f\u00fcr seine Altstadt, die seit 1986 auf der Liste des UNESCO-Weltkulturerbes steht.<\/p>\n\n\n\n<p>Im Westen sticht <strong>Salamanca<\/strong> hervor, und das nicht nur wegen der zweit\u00e4ltesten Universit\u00e4t des Landes. Hier wird das reinste Spanisch gesprochen, weswegen das Leben in der Stadt von Studenten, Austauschsch\u00fclern und Sprachurlaubern bestimmt wird.<\/p>\n\n\n<div class=\"wp-block-image size-full wp-image-16159\">\n<figure class=\"aligncenter\"><img loading=\"lazy\" decoding=\"async\" width=\"880\" height=\"500\" src=\"https:\/\/www.sonnenklar.tv\/blog\/wp-content\/uploads\/2018\/03\/spanien-reisetipps-salamanca.jpg\" alt=\"Panorama \u00fcber Salamanca in Spanien\" class=\"wp-image-16159\" srcset=\"https:\/\/www.sonnenklar.tv\/blog\/wp-content\/uploads\/2018\/03\/spanien-reisetipps-salamanca.jpg 880w, https:\/\/www.sonnenklar.tv\/blog\/wp-content\/uploads\/2018\/03\/spanien-reisetipps-salamanca-300x170.jpg 300w, https:\/\/www.sonnenklar.tv\/blog\/wp-content\/uploads\/2018\/03\/spanien-reisetipps-salamanca-768x436.jpg 768w\" sizes=\"(max-width: 880px) 100vw, 880px\" \/><figcaption class=\"wp-element-caption\">Salamanca ist jung, dynamisch &#8211; und absolut sehenswert.<\/figcaption><\/figure>\n<\/div>\n\n\n<p>Setzt ihr eure Fahrt nach Nordosten fort, kommt ihr nach <strong>Valladolid<\/strong>. Besonders interessant ist eine Besichtigung des Wohnhauses des ber\u00fchmten Seefahrers Christoph Kolumbus, der dort seine letzten Lebensjahre verbrachte. Auch das Nationalmuseum f\u00fcr Bildhauerei und die Kathedrale geh\u00f6ren zu den bemerkenswerten Sehensw\u00fcrdigkeiten.<\/p>\n\n\n\n<h2 class=\"wp-block-heading\"><a name=\"inseln\"><\/a>Die einzigartige Inselwelt Spaniens<\/h2>\n\n\n\n<hr class=\"wp-block-separator has-alpha-channel-opacity\"\/>\n\n\n\n<ul class=\"wp-block-list\">\n<li><a href=\"#balearen\">Balearen<\/a><\/li>\n\n\n\n<li><a href=\"#kanaren\">Kanaren<\/a><\/li>\n<\/ul>\n\n\n\n<hr class=\"wp-block-separator has-alpha-channel-opacity\"\/>\n\n\n\n<h3 class=\"wp-block-heading\"><a name=\"balearen\"><\/a>Balearen: Die vier Schwestern<\/h3>\n\n\n\n<p><strong>Mallorca<\/strong> ist zweifellos die unangefochtene K\u00f6nigin der Balearen. Vertr\u00e4umte Badepl\u00e4tze und familienfreundliche Sandstr\u00e4nde sind hier ebenso selbstverst\u00e4ndlich wie ein <a href=\"https:\/\/www.sonnenklar.tv\/promo\/partyurlaub-mallorca.html\">ausgepr\u00e4gtes Nachtleben an der Playa de Palma<\/a> oder die friedliche Stille in der gr\u00fcnen Gebirgswelt von Tramuntana.<\/p>\n\n\n<div class=\"wp-block-image size-full wp-image-16174\">\n<figure class=\"aligncenter\"><img loading=\"lazy\" decoding=\"async\" width=\"880\" height=\"500\" src=\"https:\/\/www.sonnenklar.tv\/blog\/wp-content\/uploads\/2018\/03\/spanien-reisetipps-mallorca-sierra-de-tramuntana.jpg\" alt=\"Hochstra\u00dfe in der Sierra de Tramuntana auf Mallorca\" class=\"wp-image-16174\" srcset=\"https:\/\/www.sonnenklar.tv\/blog\/wp-content\/uploads\/2018\/03\/spanien-reisetipps-mallorca-sierra-de-tramuntana.jpg 880w, https:\/\/www.sonnenklar.tv\/blog\/wp-content\/uploads\/2018\/03\/spanien-reisetipps-mallorca-sierra-de-tramuntana-300x170.jpg 300w, https:\/\/www.sonnenklar.tv\/blog\/wp-content\/uploads\/2018\/03\/spanien-reisetipps-mallorca-sierra-de-tramuntana-768x436.jpg 768w\" sizes=\"(max-width: 880px) 100vw, 880px\" \/><figcaption class=\"wp-element-caption\">Perfekt zum Mountainbiken oder einfach nur Wandern: die Sierra de Tramuntana.<\/figcaption><\/figure>\n<\/div>\n\n\n<p>Einen ausf\u00fchrlichen \u00dcberblick \u00fcber die bei uns Deutschen beliebteste Urlaubsinsel <a href=\"https:\/\/www.sonnenklar.tv\/blog\/mallorca-reisetipps\/\" target=\"_blank\" rel=\"noopener noreferrer\">geben wir euch hier<\/a>.<\/p>\n\n\n\n<p>Weitaus ruhiger geht es auf <strong>Menorca<\/strong> zu. Mehr als die H\u00e4lfte des Eilandes steht als Biosph\u00e4renreservat unter dem Schutz der UNESCO. Auf der anderen H\u00e4lfte erstrecken sich goldgelbe Str\u00e4nde, die vor allem bei Eltern mit Kindern sehr beliebt sind.<\/p>\n\n\n\n<p>Mega-Clubs, stylische Lounges und die angesagtesten DJs \u2013 so pr\u00e4sentiert sich <strong>Ibiza<\/strong>. Wenn ihr m\u00f6chtet, entdeckt ihr an den steilen Klippen die Unterwasserwelt, durchwandert die grandiose Landschaft beim Cap Jueu oder erholt euch einfach an den feinsandigen Badebuchten.<\/p>\n\n\n\n<figure class=\"wp-block-embed is-type-wp-embed is-provider-sonnenklar-tv-reiseblog wp-block-embed-sonnenklar-tv-reiseblog\"><div class=\"wp-block-embed__wrapper\">\nhttps:\/\/www.sonnenklar.tv\/blog\/ibiza-sehenswuerdigkeiten\n<\/div><\/figure>\n\n\n\n<p>Das Pendant zu Ibiza ist <strong>Formentera<\/strong>. Ruhig geht es auf der gerade einmal 19 Kilometer langen Insel zu, die ihr ausschlie\u00dflich mit der F\u00e4hre ab Ibiza erreicht. Mit seiner stets leichten Brise und den hellen Sandstr\u00e4nden ist die kleine Insel ein Traumziel f\u00fcr Erholungssuchende und Wassersportler.<\/p>\n\n\n\n<p>\u25ba <a href=\"https:\/\/www.sonnenklar.tv\/promo\/balearen.html\">Hier geht\u2019s zu unseren Balearen-Angeboten!<\/a><\/p>\n\n\n\n<h3 class=\"wp-block-heading\"><a name=\"kanaren\"><\/a>Kanaren: Die Inseln des ewigen Fr\u00fchlings<\/h3>\n\n\n\n<p><strong>Teneriffa<\/strong> ist die gr\u00f6\u00dfte Insel, in deren Mitte Spaniens h\u00f6chster Berg wacht. Unterhalb vom 3.718 Meter hohen Pico del Teide vereinen sich in den Badeorten Playa de las Am\u00e9ricas und Costa Adeje unendliche M\u00f6glichkeiten f\u00fcr einen abwechslungsreichen Urlaub.<\/p>\n\n\n\n<p><strong>\u25ba&nbsp;Ihr seid noch auf der Suche nach einem sch\u00f6nen Hotel auf Teneriffa?<\/strong>&nbsp;Wie w\u00e4re es mit dem&nbsp;<a href=\"https:\/\/www.sonnenklar.tv\/beschreibung\/Spanien\/Teneriffa\/Costa_Adeje\/Adonis_Resorts_-_Villas_Fanab%C3%A9.html\" target=\"_blank\" rel=\"noopener noreferrer\">LABRANDA Bahia Fanabe &amp; Villas<\/a>? Hier erwarten euch tolle Panoramen und ganz viel spanisches Flair!<\/p>\n\n\n<div class=\"wp-block-image size-full wp-image-16175\">\n<figure class=\"aligncenter\"><img loading=\"lazy\" decoding=\"async\" width=\"880\" height=\"500\" src=\"https:\/\/www.sonnenklar.tv\/blog\/wp-content\/uploads\/2018\/03\/spanien-reisetipps-teneriffa-playa-del-duque.jpg\" alt=\"Playa del Duque auf Teneriffa\" class=\"wp-image-16175\" srcset=\"https:\/\/www.sonnenklar.tv\/blog\/wp-content\/uploads\/2018\/03\/spanien-reisetipps-teneriffa-playa-del-duque.jpg 880w, https:\/\/www.sonnenklar.tv\/blog\/wp-content\/uploads\/2018\/03\/spanien-reisetipps-teneriffa-playa-del-duque-300x170.jpg 300w, https:\/\/www.sonnenklar.tv\/blog\/wp-content\/uploads\/2018\/03\/spanien-reisetipps-teneriffa-playa-del-duque-768x436.jpg 768w\" sizes=\"(max-width: 880px) 100vw, 880px\" \/><figcaption class=\"wp-element-caption\">Wie w\u00e4re es beispielsweise mit Playa del Duque?<\/figcaption><\/figure>\n<\/div>\n\n\n<p><strong>Tipp: <\/strong>Teneriffa z\u00e4hlt genau wie die Hafenstadt C\u00e1diz zu den weltweit gr\u00f6\u00dften Karnevals-Hochburgen.<\/p>\n\n\n\n<p>Auf Gran Canaria erwarten euch die imposanten Sandd\u00fcnen von Maspalomas und die flachabfallenden Str\u00e4nde im lebhaften Badeort Playa de Ingl\u00e9s. Hier findet ihr auch ein buntes Nachtleben und viele Unterhaltungsm\u00f6glichkeiten.<\/p>\n\n\n\n<p><b><strong>\u25ba<\/strong>&nbsp;Unser Hoteltipp f\u00fcr Gran Canaria: <\/b><a href=\"https:\/\/www.sonnenklar.tv\/beschreibung\/Spanien\/Gran_Canaria\/Playa_del_Ingles\/LABRANDA_Playa_Bonita.html\" target=\"_blank\" rel=\"noopener noreferrer\">Das LABRANDA Playa Bonita<\/a><\/p>\n\n\n\n<p><strong>Lanzarote<\/strong> beeindruckt vor allem im Nationalpark Timanfaya mit einer gewaltigen Vulkanlandschaft, die im Kontrast zu den hellen Sandstr\u00e4nden in den Ferienorten Playa Blanca und Puerto del Carmen steht.<\/p>\n\n\n\n<p><b><strong>\u25ba<\/strong> Auf Lanzarote k\u00f6nnen wir euch ganz besonders das <a href=\"https:\/\/www.sonnenklar.tv\/beschreibung\/Spanien\/Lanzarote\/Playa_Blanca\/Alyssa_Suite.html\" target=\"_blank\" rel=\"noopener noreferrer\">LABRANDA Alyssa Suite Hotel<\/a> empfehlen<\/b><\/p>\n\n\n<div class=\"wp-block-image size-full wp-image-16176\">\n<figure class=\"aligncenter\"><img loading=\"lazy\" decoding=\"async\" width=\"880\" height=\"500\" src=\"https:\/\/www.sonnenklar.tv\/blog\/wp-content\/uploads\/2018\/03\/spanien-reisetipps-lanzarote-timanfaya.jpg\" alt=\"Vulkanlandschaft des Timanfaya auf Lanzarote\" class=\"wp-image-16176\" srcset=\"https:\/\/www.sonnenklar.tv\/blog\/wp-content\/uploads\/2018\/03\/spanien-reisetipps-lanzarote-timanfaya.jpg 880w, https:\/\/www.sonnenklar.tv\/blog\/wp-content\/uploads\/2018\/03\/spanien-reisetipps-lanzarote-timanfaya-300x170.jpg 300w, https:\/\/www.sonnenklar.tv\/blog\/wp-content\/uploads\/2018\/03\/spanien-reisetipps-lanzarote-timanfaya-768x436.jpg 768w\" sizes=\"(max-width: 880px) 100vw, 880px\" \/><figcaption class=\"wp-element-caption\">Der Timanfaya &#8211; einfach surreal.<\/figcaption><\/figure>\n<\/div>\n\n\n<p>Ihre s\u00fcdlich liegende Schwesterninsel <a href=\"https:\/\/www.sonnenklar.tv\/blog\/reisetipps-fuerteventura\/\"><strong>Fuerteventura<\/strong> hingegen ist ein wahres Mekka f\u00fcr Surfer und Badeurlauber<\/a>. Dort zieren die m\u00e4chtigen Wanderd\u00fcnen von Corralejo und der \u00fcber 20 Kilometer lange feine Sandstrand zwischen den Ferienorten Costa Calma und Jand\u00eda die K\u00fcste.<\/p>\n\n\n\n<p><b><strong>\u25ba<\/strong> Unser Hoteltipp f\u00fcr Fuerteventura: <\/b><a href=\"https:\/\/www.sonnenklar.tv\/beschreibung\/Spanien\/Fuerteventura\/Corralejo\/Bahia_de_Lobos.html\" target=\"_blank\" rel=\"noopener noreferrer\">Das LABRANDA Bahia de Lobos<\/a><\/p>\n\n\n\n<p>Die drei kleineren Inseln <strong>La Palma, El Hierro und La Gomera<\/strong> tragen den klangvollen Beinamen \u201ePerlen der Kanaren\u201c. Die immergr\u00fcnen Reiseziele verzaubern mit ihrem Pflanzenreichtum vor allem Wanderer. Genauere Infos zu den kanarischen Inseln bekommt ihr hier:<\/p>\n\n\n\n<figure class=\"wp-block-embed is-type-wp-embed is-provider-sonnenklar-tv-reiseblog wp-block-embed-sonnenklar-tv-reiseblog\"><div class=\"wp-block-embed__wrapper\">\nhttps:\/\/www.sonnenklar.tv\/blog\/kanarische-inseln\n<\/div><\/figure>\n\n\n\n<h2 class=\"wp-block-heading\"><a name=\"staedte\"><\/a>Spaniens St\u00e4dte: Kultur und Lebensfreude<\/h2>\n\n\n\n<hr class=\"wp-block-separator has-alpha-channel-opacity\"\/>\n\n\n\n<ul class=\"wp-block-list\">\n<li><a href=\"#madrid\">Madrid<\/a><\/li>\n\n\n\n<li><a href=\"#sevilla\">Sevilla<\/a><\/li>\n\n\n\n<li><a href=\"#barcelona\">Barcelona<\/a><\/li>\n\n\n\n<li><a href=\"#granada\">Granada<\/a><\/li>\n<\/ul>\n\n\n\n<hr class=\"wp-block-separator has-alpha-channel-opacity\"\/>\n\n\n\n<h3 class=\"wp-block-heading\"><a name=\"madrid\"><\/a>Madrid: Der iberische Mittelpunkt<\/h3>\n\n\n\n<p>Die Hauptstadt des Landes begeistert mit ihren architektonischen Stilrichtungen. Ob Barock oder Art D\u00e9co \u2013 am sch\u00f6nsten vereint die Einkaufsstra\u00dfe Gran V\u00eda die unterschiedlichsten Formen.<\/p>\n\n\n<div class=\"wp-block-image size-full wp-image-16178\">\n<figure class=\"aligncenter\"><img loading=\"lazy\" decoding=\"async\" width=\"880\" height=\"500\" src=\"https:\/\/www.sonnenklar.tv\/blog\/wp-content\/uploads\/2018\/03\/spanien-reisetipps-madrid-gran-via.jpg\" alt=\"Gran Via - die bekannteste Stra\u00dfe Madrids\" class=\"wp-image-16178\" srcset=\"https:\/\/www.sonnenklar.tv\/blog\/wp-content\/uploads\/2018\/03\/spanien-reisetipps-madrid-gran-via.jpg 880w, https:\/\/www.sonnenklar.tv\/blog\/wp-content\/uploads\/2018\/03\/spanien-reisetipps-madrid-gran-via-300x170.jpg 300w, https:\/\/www.sonnenklar.tv\/blog\/wp-content\/uploads\/2018\/03\/spanien-reisetipps-madrid-gran-via-768x436.jpg 768w\" sizes=\"(max-width: 880px) 100vw, 880px\" \/><figcaption class=\"wp-element-caption\">Hier werdet ihr euch kaum sattsehen k\u00f6nnen.<\/figcaption><\/figure>\n<\/div>\n\n\n<p>Nicht minder eindrucksvoll sind der k\u00f6nigliche Palast Palacio Real mit seinen rund 2.000 S\u00e4len und der rechteckige Marktplatz Plaza Major mit seinen 237 Balkonen. F\u00fcr einen ersten \u00dcberblick lohnt ein Aufstieg zum 110 Meter hohen Aussichtsturm Faro de Moncloa.<\/p>\n\n\n\n<h3 class=\"wp-block-heading\"><a name=\"sevilla\"><\/a>Sevilla: Spaniens gr\u00f6\u00dfte Altstadt<\/h3>\n\n\n\n<p>Die andalusische Metropole z\u00e4hlt zu den Entstehungsorten des traditionellen Flamencos, wo der sinnliche Tanz noch heute in den urigen Bars im historischen Stadtkern aufgef\u00fchrt wird. Unweit der verwinkelten Gassen bildet eine der m\u00e4chtigsten Kathedralen der Welt, die Catedral de Santa Maria, eine imposante Kulisse.<\/p>\n\n\n<div class=\"wp-block-image size-full wp-image-16179\">\n<figure class=\"aligncenter\"><img loading=\"lazy\" decoding=\"async\" width=\"880\" height=\"500\" src=\"https:\/\/www.sonnenklar.tv\/blog\/wp-content\/uploads\/2018\/03\/spanien-reisetipps-sevilla-kathedrale.jpg\" alt=\"Kathedrale von Sevilla\" class=\"wp-image-16179\" srcset=\"https:\/\/www.sonnenklar.tv\/blog\/wp-content\/uploads\/2018\/03\/spanien-reisetipps-sevilla-kathedrale.jpg 880w, https:\/\/www.sonnenklar.tv\/blog\/wp-content\/uploads\/2018\/03\/spanien-reisetipps-sevilla-kathedrale-300x170.jpg 300w, https:\/\/www.sonnenklar.tv\/blog\/wp-content\/uploads\/2018\/03\/spanien-reisetipps-sevilla-kathedrale-768x436.jpg 768w\" sizes=\"(max-width: 880px) 100vw, 880px\" \/><figcaption class=\"wp-element-caption\">Die Kathedrale von Sevilla gibt sicherlich das ein oder andere Instagram-Foto her.<\/figcaption><\/figure>\n<\/div>\n\n\n<p>Ein anderer sehenswerter Schauplatz ist das Museum der Stierkampfarena El Maestranza aus dem 18. Jahrhundert. Die Ausstellung informiert Neugierige \u00fcber den umstrittenen spanischen Volkssport.<\/p>\n\n\n\n<h3 class=\"wp-block-heading\"><a name=\"barcelona\"><\/a>Barcelona: Das Schmuckst\u00fcck Kataloniens<\/h3>\n\n\n\n<p>Katalanischer Jugendstil durchzieht die Hafenstadt am Mittelmeer, die mit ihrer kilometerlangen Einkaufsmeile, der Rambla, und der wuchtigen wie unvollendeten Basilika Sagrada Fam\u00edlia weit \u00fcber die Landesgrenzen hinaus bekannt ist.<\/p>\n\n\n<div class=\"wp-block-image size-full wp-image-16180\">\n<figure class=\"aligncenter\"><img loading=\"lazy\" decoding=\"async\" width=\"880\" height=\"750\" src=\"https:\/\/www.sonnenklar.tv\/blog\/wp-content\/uploads\/2018\/03\/spanien-reisetipps-barcelona-sagrada-familie.jpg\" alt=\"Sagrada Familia in Barcelona\" class=\"wp-image-16180\" srcset=\"https:\/\/www.sonnenklar.tv\/blog\/wp-content\/uploads\/2018\/03\/spanien-reisetipps-barcelona-sagrada-familie.jpg 880w, https:\/\/www.sonnenklar.tv\/blog\/wp-content\/uploads\/2018\/03\/spanien-reisetipps-barcelona-sagrada-familie-300x256.jpg 300w, https:\/\/www.sonnenklar.tv\/blog\/wp-content\/uploads\/2018\/03\/spanien-reisetipps-barcelona-sagrada-familie-768x655.jpg 768w\" sizes=\"(max-width: 880px) 100vw, 880px\" \/><figcaption class=\"wp-element-caption\">Mehr Kunstwerk als Gotteshaus!<\/figcaption><\/figure>\n<\/div>\n\n\n<p>Das Szeneviertel El Raval ist f\u00fcr Vintage-Liebhaber und Feinschmecker eine beliebte Adresse. Ein Spektakel der anderen Art erwartet euch mit den magischen Wasserspielen Font M\u00e0gica am Kunstmuseum Palau Nacional.<\/p>\n\n\n\n<p>\u25ba <a href=\"https:\/\/www.sonnenklar.tv\/blog\/barcelona-in-2-tagen-top-sehenswuerdigkeiten\/\">Blogger Clemens erz\u00e4hlt euch hier, was ihr in Barcelona nicht verpassen d\u00fcrft.<\/a><\/p>\n\n\n\n<h3 class=\"wp-block-heading\"><a name=\"granada\"><\/a>Granada: Am Fu\u00df der Sierra Nevada<\/h3>\n\n\n\n<p>Der besondere Charme Granadas liegt in ihrer un\u00fcbersehbaren maurischen Vergangenheit, die mit der anmutenden Festung Alhambra ein pr\u00e4chtiges Erbe besitzt.<\/p>\n\n\n<div class=\"wp-block-image size-full wp-image-16181\">\n<figure class=\"aligncenter\"><a href=\"https:\/\/www.sonnenklar.tv\/blog\/wp-content\/uploads\/2025\/04\/spanien-reisetipps-alhambra-1.jpg\"><img loading=\"lazy\" decoding=\"async\" width=\"880\" height=\"451\" src=\"https:\/\/www.sonnenklar.tv\/blog\/wp-content\/uploads\/2025\/04\/spanien-reisetipps-alhambra-1.jpg\" alt=\"Innenhof von Alhambra bei Granada in Spanien\" class=\"wp-image-35150\" srcset=\"https:\/\/www.sonnenklar.tv\/blog\/wp-content\/uploads\/2025\/04\/spanien-reisetipps-alhambra-1.jpg 880w, https:\/\/www.sonnenklar.tv\/blog\/wp-content\/uploads\/2025\/04\/spanien-reisetipps-alhambra-1-800x410.jpg 800w, https:\/\/www.sonnenklar.tv\/blog\/wp-content\/uploads\/2025\/04\/spanien-reisetipps-alhambra-1-18x9.jpg 18w, https:\/\/www.sonnenklar.tv\/blog\/wp-content\/uploads\/2025\/04\/spanien-reisetipps-alhambra-1-120x62.jpg 120w, https:\/\/www.sonnenklar.tv\/blog\/wp-content\/uploads\/2025\/04\/spanien-reisetipps-alhambra-1-90x46.jpg 90w, https:\/\/www.sonnenklar.tv\/blog\/wp-content\/uploads\/2025\/04\/spanien-reisetipps-alhambra-1-320x164.jpg 320w, https:\/\/www.sonnenklar.tv\/blog\/wp-content\/uploads\/2025\/04\/spanien-reisetipps-alhambra-1-560x287.jpg 560w\" sizes=\"(max-width: 880px) 100vw, 880px\" \/><\/a><figcaption class=\"wp-element-caption\">\nBezaubernd und Anziehungspunkt von Besuchern aus aller Welt &#8211; die Alhambra.\n<\/figcaption><\/figure>\n<\/div>\n\n\n<p>Vorbei an El Albaic\u00edn, dem einstigen maurischen Wohnviertel, geht es zur Sierra Nevada. Europas s\u00fcdlichstes Skigebiet mit dem 3.482 Meter hohen Berg Mulhac\u00e9n ist im Sommerhalbjahr ein begehrtes Ziel f\u00fcr Wanderer und Mountainbiker.<\/p>\n\n\n\n<p><strong>Lesetipp:<\/strong> Weitere sehenswerte Ziele f\u00fcr einen St\u00e4dtetrip nach Spanien findet ihr in unserem Beitrag zu den <a href=\"https:\/\/www.sonnenklar.tv\/blog\/schoenste-staedte-spaniens\/\" target=\"_blank\" rel=\"noreferrer noopener\">sch\u00f6nsten St\u00e4dten Spaniens<\/a>.<\/p>\n\n\n\n<h2 class=\"wp-block-heading\"><a name=\"natur\"><\/a>Die vielf\u00e4ltige Natur Spaniens<\/h2>\n\n\n\n<p>Klar, wer Urlaub in Spanien machen m\u00f6chte, denkt zuerst an Traumstr\u00e4nde und spektakul\u00e4re K\u00fcsten. Doch ein Abstecher in die Natur lohnt sich allemal. Also packt eure Wanderstiefel ein &#8211; wir verraten, welche Ziele sich besonders lohnen.<\/p>\n\n\n\n<h3 class=\"wp-block-heading\">Spaniens Nationalparks: Majest\u00e4tische Berglandschaften und einzigartiges maritimes Erbe<\/h3>\n\n\n\n<p>In 15 Nationalparks auf dem Festland und den Inseln entfaltet Spanien seine nat\u00fcrliche Vielfalt. Immerhin 0,7 Prozent der Landmasse stehen so unter strengem Schutz. Diese Parks erkundet ihr am besten zu Fu\u00df, mit dem Fahrrad oder mit dem Boot.<\/p>\n\n\n\n<p>In den Pyren\u00e4en gibt es gleich zwei davon. Der <strong>Nationalpark Ordesa y Monte Perdido<\/strong> bildet mit dem franz\u00f6sischen<strong> Parc National des Pyren\u00e9es<\/strong> sogar ein grenz\u00fcbergreifendes Schutzgebiet. Einer der \u00e4ltesten Parks Spaniens ist der <strong>Picos de Europa<\/strong> in der Region Asturien. Bei Toledo liegt der Park <strong>Caba\u00f1eros<\/strong>. Schier endlose Eichenw\u00e4lder bietet der Park <strong>Monfrag\u00fce<\/strong> in der Extremadura. Und im S\u00fcden steht ein Teil der <strong>Sierra Nevada<\/strong> unter Schutz.<\/p>\n\n\n<div class=\"wp-block-image size-full wp-image-16183\">\n<figure class=\"aligncenter\"><img loading=\"lazy\" decoding=\"async\" width=\"880\" height=\"500\" src=\"https:\/\/www.sonnenklar.tv\/blog\/wp-content\/uploads\/2018\/03\/spanien-reisetipps-nationalpark-ordesa-y-monte-perdido.jpg\" alt=\"Nationalpark Ordesa y Monte Perdido in Spanien\" class=\"wp-image-16183\" srcset=\"https:\/\/www.sonnenklar.tv\/blog\/wp-content\/uploads\/2018\/03\/spanien-reisetipps-nationalpark-ordesa-y-monte-perdido.jpg 880w, https:\/\/www.sonnenklar.tv\/blog\/wp-content\/uploads\/2018\/03\/spanien-reisetipps-nationalpark-ordesa-y-monte-perdido-300x170.jpg 300w, https:\/\/www.sonnenklar.tv\/blog\/wp-content\/uploads\/2018\/03\/spanien-reisetipps-nationalpark-ordesa-y-monte-perdido-768x436.jpg 768w\" sizes=\"(max-width: 880px) 100vw, 880px\" \/><figcaption class=\"wp-element-caption\">Eines der besten Wanderziele in Spanien: der Nationalpark Ordesa y Monte Perdido.<\/figcaption><\/figure>\n<\/div>\n\n\n<p>Eines der letzten intakten Flussauensysteme Europas erkundet ihr in den <strong>Tablas de Daimiel<\/strong> s\u00fcdlich von Toledo. Eine weitere faszinierende Flusslandschaft erwartet euch im Park <strong>Do\u00f1ana<\/strong> an der M\u00fcndung des Guadalquivir an der Costa de la Luz.<\/p>\n\n\n\n<p>S\u00fcdlich von Mallorca liegt das <strong>Archipi\u00e9lago de Cabrera<\/strong>. Ein Gro\u00dfteil diese Parks liegt im Meer und bietet sogar Delfinen und Walen eine Heimat. Im Nordwesten des Landes liegen die<strong> Islas Atl\u00e1nticas de Galicia<\/strong>, wo ihr den gr\u00f6\u00dften Lorbeerwald Europas durchwandert.<\/p>\n\n\n\n<p>Auch die kanarischen Inseln bieten mehrere Nationalparks an Land und im Wasser. Hier gibt es bizarre Vulkanlandschaften mit einer besonderen Flora und Fauna zu entdecken. Nat\u00fcrlich z\u00e4hlt auch der <strong>Teide<\/strong>, Spaniens h\u00f6chster Berg, zu den besonders gesch\u00fctzten Gebieten.<\/p>\n\n\n<div class=\"wp-block-image size-full wp-image-16184\">\n<figure class=\"aligncenter\"><img loading=\"lazy\" decoding=\"async\" width=\"880\" height=\"500\" src=\"https:\/\/www.sonnenklar.tv\/blog\/wp-content\/uploads\/2018\/03\/spanien-reisetipps-teneriffa-teide.jpg\" alt=\"Mountainbiker im Teide Nationalpark auf Teneriffa\" class=\"wp-image-16184\" srcset=\"https:\/\/www.sonnenklar.tv\/blog\/wp-content\/uploads\/2018\/03\/spanien-reisetipps-teneriffa-teide.jpg 880w, https:\/\/www.sonnenklar.tv\/blog\/wp-content\/uploads\/2018\/03\/spanien-reisetipps-teneriffa-teide-300x170.jpg 300w, https:\/\/www.sonnenklar.tv\/blog\/wp-content\/uploads\/2018\/03\/spanien-reisetipps-teneriffa-teide-768x436.jpg 768w\" sizes=\"(max-width: 880px) 100vw, 880px\" \/><figcaption class=\"wp-element-caption\">Wie w\u00e4re es mal mit einer Mountainbike-Tour durch den Teide-Nationalpark? \/ \u00a9 Turismo de Tenerife<\/figcaption><\/figure>\n<\/div>\n\n\n<p>Erfahrt hier, <a href=\"https:\/\/www.sonnenklar.tv\/blog\/wandern-teneriffa\/\" target=\"_blank\" rel=\"noopener noreferrer\">wo ihr auf Teneriffa besonders sch\u00f6ne Wanderwege findet<\/a>.<\/p>\n\n\n\n<h3 class=\"wp-block-heading\">Die Reise zum ich \u2013 Wandern in Spanien<\/h3>\n\n\n\n<p>Nicht nur in den vielen Nationalparks des Landes findet ihr ein weitverzweigtes Netz an Wanderwegen. Je nach Kondition w\u00e4hlt ihr zwischen hochalpinen Bergtouren oder ausgedehnten Strandspazierg\u00e4ngen.<\/p>\n\n\n\n<p>Bedenkt aber dabei, dass die Sommer an der Mittelmeerk\u00fcste und im Landesinneren sehr hei\u00df sind. Einen Wanderurlaub solltet ihr dann eher im Hochgebirge oder an der n\u00f6rdlichen Atlantikk\u00fcste planen. Besonders faszinierend ist Wandern im Fr\u00fchjahr auf Mallorca <a href=\"https:\/\/www.sonnenklar.tv\/blog\/mandelbluete-mallorca\/\" target=\"_blank\" rel=\"noopener noreferrer\">zur Mandelbl\u00fcte<\/a>.<\/p>\n\n\n\n<p>Die bekanntesten Wanderrouten Spaniens haben aber nur ein Ziel: Santiago de Compostela. Auf den <a href=\"https:\/\/www.sonnenklar.tv\/blog\/jakobsweg-pilgern-alternative-routen\/\" target=\"_blank\" rel=\"noopener noreferrer\">diversen Routen des Jakobswegs<\/a> sind nicht nur Pilger unterwegs. Sie f\u00fchren euch durch abwechslungsreiche Landschaften und ihr lernt beim Wandern gleichzeitig Land und Leute kennen.<\/p>\n\n\n<div class=\"wp-block-image size-full wp-image-16185\">\n<figure class=\"aligncenter\"><img loading=\"lazy\" decoding=\"async\" width=\"880\" height=\"500\" src=\"https:\/\/www.sonnenklar.tv\/blog\/wp-content\/uploads\/2018\/03\/spanien-reisetipps-wandern-jakobsweg.jpg\" alt=\"Die Basilica Covadonga auf dem Jakobsweg in Spanien\" class=\"wp-image-16185\" srcset=\"https:\/\/www.sonnenklar.tv\/blog\/wp-content\/uploads\/2018\/03\/spanien-reisetipps-wandern-jakobsweg.jpg 880w, https:\/\/www.sonnenklar.tv\/blog\/wp-content\/uploads\/2018\/03\/spanien-reisetipps-wandern-jakobsweg-300x170.jpg 300w, https:\/\/www.sonnenklar.tv\/blog\/wp-content\/uploads\/2018\/03\/spanien-reisetipps-wandern-jakobsweg-768x436.jpg 768w\" sizes=\"(max-width: 880px) 100vw, 880px\" \/><figcaption class=\"wp-element-caption\">Auch unterwegs seht ihr auf dem Jakobsweg viele Highlights wie etwa die Basilica Covadonga.<\/figcaption><\/figure>\n<\/div>\n\n\n<h2 class=\"wp-block-heading\"><a name=\"feste\"><\/a>Spaniens Fiestas \u2013 tiefer Glaube und die pure Lebensfreude<\/h2>\n\n\n\n<hr class=\"wp-block-separator has-alpha-channel-opacity\"\/>\n\n\n\n<ul class=\"wp-block-list\">\n<li><a href=\"#la-tomatina\">La Tomatina<\/a><\/li>\n\n\n\n<li><a href=\"#fiesta-de-san-juan\">Fiesta de San Juan<\/a><\/li>\n\n\n\n<li><a href=\"#feria-de-abril\">Feria de Abril<\/a><\/li>\n\n\n\n<li><a href=\"#feria-de-agosto\">Feria de Agosto<\/a><\/li>\n<\/ul>\n\n\n\n<hr class=\"wp-block-separator has-alpha-channel-opacity\"\/>\n\n\n\n<h3 class=\"wp-block-heading\"><a name=\"la-tomatina\"><\/a>La Tomatina<\/h3>\n\n\n\n<p>Zur La Tomatina am letzten Mittwoch im August solltet ihr alte Klamotten tragen. Denn ihr werdet sehr dreckig und nass. Zwischen 11 und 12 Uhr am Vormittag k\u00f6nnt ihr euch gegenseitig mit \u00fcberreifen Tomaten bewerfen, die extra f\u00fcr dieses Event in LKWs angekarrt werden.<\/p>\n\n\n\n<p>Es gilt aber bestimmte Regeln zu beachten: So m\u00fcsst ihr die Tomaten in der Hand zerquetschen, bevor ihr sie werft und selbstverst\u00e4ndlich hilft man nach der Schlacht beim Saubermachen.<\/p>\n\n\n<div class=\"wp-block-image size-full wp-image-16187\">\n<figure class=\"aligncenter\"><img loading=\"lazy\" decoding=\"async\" width=\"880\" height=\"500\" src=\"https:\/\/www.sonnenklar.tv\/blog\/wp-content\/uploads\/2018\/03\/spanien-reisetipps-la-tomatina.jpg\" alt=\"Menschen bei der La Tomatina\" class=\"wp-image-16187\" srcset=\"https:\/\/www.sonnenklar.tv\/blog\/wp-content\/uploads\/2018\/03\/spanien-reisetipps-la-tomatina.jpg 880w, https:\/\/www.sonnenklar.tv\/blog\/wp-content\/uploads\/2018\/03\/spanien-reisetipps-la-tomatina-300x170.jpg 300w, https:\/\/www.sonnenklar.tv\/blog\/wp-content\/uploads\/2018\/03\/spanien-reisetipps-la-tomatina-768x436.jpg 768w\" sizes=\"(max-width: 880px) 100vw, 880px\" \/><figcaption class=\"wp-element-caption\">Lasst die guten Klamotten besser daheim!<\/figcaption><\/figure>\n<\/div>\n\n\n<p>Das Festival von 2004 hat es sogar ins Guinness Buch der Rekorde geschafft. 38.000 Menschen bewarfen sich damals mit 125.000 Kilogramm Tomaten. Unsere Eltern haben uns beigebracht, dass man nicht mit Essen wirft. Aber an diesem einen Tag d\u00fcrft ihr das mal vergessen.<\/p>\n\n\n\n<p><em>Wo: Bu\u00f1ol, Region Valencia<\/em><\/p>\n\n\n\n<h3 class=\"wp-block-heading\"><a name=\"fiesta-de-san-juan\"><\/a>Fiesta de San Juan<\/h3>\n\n\n\n<p>Einen religi\u00f6sen Hintergrund hat die Fiesta de San Juan am 23. Juni. Offiziell ist das der Geburtstag des heiligen Johannes, den auch wir mit unseren Sonnwendfeuern feiern. Wie wir ja wissen, hat dieses Fest aber auch keltische Wurzeln. Die Spanier treffen sich in der k\u00fcrzesten Nacht des Jahres am Strand und feiern mit riesigen Feuern den Sieg des Lichts \u00fcber die Dunkelheit.<\/p>\n\n\n\n<p>Au\u00dferdem sollen diese Feuer Gl\u00fcck bringen. Eure W\u00fcnsche notiert ihr auf kleinen Wunschzetteln, die ihr dann ins Feuer werft.<\/p>\n\n\n\n<p>Ein Bad im Meer um Mitternacht geh\u00f6rt ebenso zu den Br\u00e4uchen dieser Nacht. Denn das soll ewige Sch\u00f6nheit bringen. In Alicante feiert man gleich vom 20. bis zum 29. Juni. \u00dcberall in der Stadt werden Figuren aus Pappmach\u00e9 oder Holz aufgestellt und dann nach einem Feuerwerk abgebrannt.<\/p>\n\n\n\n<p><em>Wo: Alicante, Costa Blanca<\/em><\/p>\n\n\n\n<h3 class=\"wp-block-heading\"><a name=\"feria-de-abril\"><\/a>Feria de Abril<\/h3>\n\n\n\n<p>Die erste Feria de Abril wurde 1847 als Viehmarkt ausgetragen und hat sich im Laufe der Jahre zur ber\u00fchmtesten j\u00e4hrlichen Veranstaltung Spaniens entwickelt. Auf einem Platz mit unz\u00e4hligen Buden findet eine Woche lang quasi das komplette Leben der Stadt statt. Es beginnt immer am Montag um Mitternacht mit der Lichterprobe. Schlie\u00dflich soll das Gel\u00e4nde ja in ein festliches Licht getaucht werden.<\/p>\n\n\n\n<p>An den Buden treffen sich Freunde, Familie und wer halt gerade so vorbei l\u00e4uft und wird mit regionalen Spezialit\u00e4ten verw\u00f6hnt. Da wird dann die ganze Nacht gesungen und getanzt.<\/p>\n\n\n<div class=\"wp-block-image size-full wp-image-16188\">\n<figure class=\"aligncenter\"><img loading=\"lazy\" decoding=\"async\" width=\"880\" height=\"500\" src=\"https:\/\/www.sonnenklar.tv\/blog\/wp-content\/uploads\/2018\/03\/spanien-reisetipps-feria-de-abril-sevilla.jpg\" alt=\"Trachten und Lichter zur Feria de Abril in Sevilla\" class=\"wp-image-16188\" srcset=\"https:\/\/www.sonnenklar.tv\/blog\/wp-content\/uploads\/2018\/03\/spanien-reisetipps-feria-de-abril-sevilla.jpg 880w, https:\/\/www.sonnenklar.tv\/blog\/wp-content\/uploads\/2018\/03\/spanien-reisetipps-feria-de-abril-sevilla-300x170.jpg 300w, https:\/\/www.sonnenklar.tv\/blog\/wp-content\/uploads\/2018\/03\/spanien-reisetipps-feria-de-abril-sevilla-768x436.jpg 768w\" sizes=\"(max-width: 880px) 100vw, 880px\" \/><figcaption class=\"wp-element-caption\">Bunt und traditionell: So ist Sevilla w\u00e4hrend der Feria de Abril.<\/figcaption><\/figure>\n<\/div>\n\n\n<p>Wenn ihr nicht gleich in eine der Buden eingeladen werdet, kein Problem. Es gibt auch einige Festzelte, die allen zug\u00e4nglich sind. Tags\u00fcber paradieren Pferde \u00fcber das Festgel\u00e4nde. Nat\u00fcrlich tr\u00e4gt dann jeder die lokale Tracht.<\/p>\n\n\n\n<p>Die Dauerparty beginnt zwei Wochen nach Ostern endet dann am Sonntag um Mitternacht mit einem riesigen Feuerwerk.<\/p>\n\n\n\n<p><em>Wo: Sevilla, Andalusien<\/em><\/p>\n\n\n\n<h3 class=\"wp-block-heading\"><a name=\"feria-de-agosto\"><\/a>Feria de Agosto<\/h3>\n\n\n\n<p>Die Feria de Agosto ist angeblich das gr\u00f6\u00dfte Sommerfest des ganzen Mittelmeerraumes. Begonnen hat alles vor \u00fcber 500 Jahren, als der katholische K\u00f6nig die maurischen Besatzer endg\u00fcltig aus der Stadt gejagt hat und damit die R\u00fcckkehr des katholischen Glaubens erm\u00f6glichte.<\/p>\n\n\n\n<p>Die Er\u00f6ffnung dieses spanischen Festes findet in der Nacht des zweiten Freitags im August statt. Um Mitternacht h\u00e4lt zun\u00e4chst der B\u00fcrgermeister eine Ansprache, gefolgt von einer Liebeserkl\u00e4rung an die Stadt von einer Pers\u00f6nlichkeit, die in M\u00e1laga geboren wurde. In Jahr 2000 war das \u00fcbrigens Antonio Banderas. Danach wird in den Stra\u00dfen erstmal das Tanzbein geschwungen. Am Samstagvormittag folgt eine zweist\u00fcndige Prozession.<\/p>\n\n\n\n<p>Eine Woche lang werden tags\u00fcber kostenlose Konzerte an verschiedenen Pl\u00e4tzen in der Stadt aufgef\u00fchrt, in der Arena finden Stierk\u00e4mpfe statt. Und nachts wird auf dem Recinto Festival, dem Festgel\u00e4nde, ausgiebig gefeiert und die Party am letzten Abend mit einem gigantischen Feuerwerk beendet.<\/p>\n\n\n\n<p><em>Wo: M\u00e1laga, Costa del Sol<\/em><\/p>\n\n\n\n<h2 class=\"wp-block-heading\"><a name=\"urlaubsknigge\"><\/a>Kleiner Reiseknigge f\u00fcr euren Spanienurlaub<\/h2>\n\n\n\n<p>Spanien ist ohne Frage ein tolles Reiseland und die Menschen sind gro\u00dfe Mengen von Touristen gewohnt. Um euch aber einen wirklich perfekten Urlaub zu erm\u00f6glichen, gilt es ein paar Regeln zu beachten.<\/p>\n\n\n\n<p>Das Land ist katholisch gepr\u00e4gt und eher <strong>konservativ<\/strong>. Das zeigt sich auch in der Kleidung. Es gibt nur wenige Orte, an denen kurze Hosen, Spaghettitr\u00e4ger-Tops und Flip Flops angemessen sind. Eigentlich ist das nur der Strand. Wenn ihr in ein Restaurant geht oder eine Kirche besichtigen wollt, solltet ihr euch angemessen kleiden.<\/p>\n\n\n\n<p>Apropos Klamotten. So ganz ohne ist das nur an ausgewiesenen Str\u00e4nden erlaubt. Oben ohne wir h\u00e4ufig geduldet, ist aber nicht gern gesehen.<\/p>\n\n\n\n<p>Achtung <strong>Sprachfalle<\/strong>: Niemals eine Cola bestellen! Zumindest nicht nur mit dem einen Wort. Wer das tut erntet im besten Fall schallendes Gel\u00e4chter in der Umgebung. Meistens aber eher sehr unfreundliche Blicke. Cola ist im Spanischen ein umgangssprachliches Wort f\u00fcr ein Geschlechtsteil. Sagt also entweder Coca Cola oder einfach Coca.<\/p>\n\n\n\n<p><strong>Getrennte Rechnungen<\/strong> sind etwas, was es nur in Deutschland gibt. Wenn die Rechnung auf dem Tisch liegt, sollte entweder jeder seinen Teil in bar zahlen, oder einer aus der Gruppe \u00fcbernimmt den Gesamtbetrag und l\u00e4sst sich danach vom Rest den jeweiligen Anteil geben.<\/p>\n\n\n\n<p>Wenn wir schon bei Themen und Worten sind, die man nicht ansprechen sollte &#8230; <strong>Politik im Allgemeinen<\/strong> und vor allem die Zeit des Franco-Regimes sind tabu. Auch ein kategorisches Nein h\u00f6rt man nicht gerne. Der Spanier sagt es durch die Blume, wenn er etwas nicht mag.<\/p>\n\n\n\n<p><strong>Bezeichnet niemals einen Basken, Katalanen oder Andalusier als Spanier.<\/strong> Jeder Spanier ist stolz auf seine Herkunft und legt gro\u00dfen Wert darauf, eben nicht mit den anderen \u00fcber einen Kamm geschert zu werden. Ein bisschen wie Bayern oder Berliner, aber um ein Vielfaches potenziert.<\/p>\n\n\n\n<p>Auch ein Einkauf auf dem Markt oder im Supermarkt birgt Stolperfallen. Wer <strong>Gem\u00fcse oder Obst ohne Handschuhe<\/strong> angrabscht und dann nicht kauft, wird sehr schief angeschaut. Die Spanier finden das eklig und wundern sich, wenn andere das tun.<\/p>\n\n\n\n<p><strong>Zum Schluss noch ein ganz dringender Hinweis zu Mallorca und teilweise auch schon anderen Orten:<\/strong> Die Spanier sind laut und feiern gerne die ganze Nacht hindurch. Aber gerade auf Mallorca ist es den Einheimischen inzwischen zu viel geworden. Horden betrunkener Touristen auf den Feiermeilen und in Palma sind so gar nicht gerne gesehen. Das geht soweit, dass es inzwischen genaue Benimmregeln gibt, die von der Polizei auch streng \u00fcberwacht werden. Verst\u00f6\u00dfe k\u00f6nnen euer Reisebudget&nbsp; aufs Empfindlichste schm\u00e4lern. Also haltet euch an die Regeln und habt richtig Spa\u00df.<\/p>\n\n\n\n<p>Wir haben f\u00fcr euch auch einen nicht ganz ernste gemeinten Beitrag \u00fcber typische Spanien-Klischees:<\/p>\n\n\n\n<figure class=\"wp-block-embed is-type-wp-embed is-provider-sonnenklar-tv-reiseblog wp-block-embed-sonnenklar-tv-reiseblog\"><div class=\"wp-block-embed__wrapper\">\nhttps:\/\/www.sonnenklar.tv\/blog\/typisch-spanisch\n<\/div><\/figure>\n\n\n\n<h2 class=\"wp-block-heading\"><a name=\"spanische-kueche\"><\/a>Spaniens K\u00fcche \u2013 mehr als Paella<\/h2>\n\n\n\n<p>Wohl jedem f\u00e4llt bei spanischer K\u00fcche zun\u00e4chst <strong>Paella<\/strong> ein. Dieses Reisgericht ist aber eine typische Spezialit\u00e4t aus Valencia. Und kein Spanier k\u00e4me jemals auf die Idee, Fleisch, Fisch und Meeresfr\u00fcchte gleichzeitig reinzumischen. Entweder oder ist das Gesetz.<\/p>\n\n\n<div class=\"wp-block-image size-full wp-image-16190\">\n<figure class=\"aligncenter\"><img loading=\"lazy\" decoding=\"async\" width=\"880\" height=\"500\" src=\"https:\/\/www.sonnenklar.tv\/blog\/wp-content\/uploads\/2018\/03\/spanien-reisetipps-paella.jpg\" alt=\"In Spanien ist einmal Paella essen Pflicht\" class=\"wp-image-16190\" srcset=\"https:\/\/www.sonnenklar.tv\/blog\/wp-content\/uploads\/2018\/03\/spanien-reisetipps-paella.jpg 880w, https:\/\/www.sonnenklar.tv\/blog\/wp-content\/uploads\/2018\/03\/spanien-reisetipps-paella-300x170.jpg 300w, https:\/\/www.sonnenklar.tv\/blog\/wp-content\/uploads\/2018\/03\/spanien-reisetipps-paella-768x436.jpg 768w\" sizes=\"(max-width: 880px) 100vw, 880px\" \/><figcaption class=\"wp-element-caption\">Eine echte Paella rundet euren Urlaub in Spanien ab.<\/figcaption><\/figure>\n<\/div>\n\n\n<p>Ein Abend in einer Bar kann in Spanien gerne etwas l\u00e4nger dauern. Das liegt auch an den leckeren <strong>Tapas<\/strong>, die man euch &#8211; oftmals kostenlos &#8211; zu den Getr\u00e4nken serviert. Die angebotenen Speisen reichen dann von einer Schale Chips oder Wurst bis zu den ausgefallensten Kreationen.<\/p>\n\n\n\n<p>Oft bekommt ihr auch den typischen <strong>Jam\u00f3n Iberico<\/strong>, luftgetrockneten Schinken, serviert. Diese h\u00e4ngen auch schon mal in der Bar oder dem Restaurant von der Decke.<\/p>\n\n\n\n<p>Ansonsten gilt aber, dass die \u201espanische\u201c K\u00fcche so vielf\u00e4ltig ist wie die Regionen des Landes. Eines ist den Spaniern sehr wichtig. Ein Essen muss zelebriert werden und die Qualit\u00e4t der Zutaten muss stimmen. Also freut euch auf viele Neuentdeckungen und andere Spezialit\u00e4ten in den verschiedenen Urlaubsregionen.<\/p>\n\n\n\n<p>Warum die K\u00fcche der Kanaren etwas ganz Besonderes ist, <a href=\"https:\/\/www.sonnenklar.tv\/blog\/kueche-rezepte-kanaren\/\" target=\"_blank\" rel=\"noopener noreferrer\">erkl\u00e4ren wir euch hier<\/a>.<\/p>\n\n\n\n<h2 class=\"wp-block-heading\">Unser Fazit zu Spanien<\/h2>\n\n\n\n<p>Spanien ist ein einzigartiges Urlaubsland, das f\u00fcr jeden Urlauber etwas zu bieten hat. Baden im Meer, Relaxen an Traumstr\u00e4nden oder Wandern in den Bergen \u2013 hier findet jeder sein St\u00fcck vom Paradies. Getoppt wird das Alles von einer \u00fcberbordenden Gastfreundschaft und sehr viel Lebensfreude. Was auch immer ihr in Spanien unternehmt, schaltet einen Gang runter und genie\u00dft das Leben.<\/p>\n\n\n\n<p>Ihr seid nun in Reisestimmung? Dann schaut euch mal unsere Angebote f\u00fcr <a href=\"https:\/\/www.sonnenklar.tv\/urlaub\/spanien.html\" data-type=\"link\" data-id=\"https:\/\/www.sonnenklar.tv\/urlaub\/spanien.html\">Spanien-Urlaub<\/a> an. und dann hei\u00dft es:<strong>\u00a1<\/strong>Hasta luego<strong>! <\/strong>Bis bald in Spanien!<\/p>\n\n\n\n<p><\/p>\n","protected":false},"excerpt":{"rendered":"<p>Faszinierende St\u00e4dte mit jahrhundertealten Kulturdenkm\u00e4lern, traumhafte Str\u00e4nde soweit das Auge reicht: Spanien wei\u00df seine Besucher zu verzaubern. Egal ob auf dem Festland zwischen Mittelmeer und Atlantik oder auf den Inseln, hier werden Urlaubstr\u00e4ume wahr. Wir wollen euch im Folgenden ein paar Reisetipps f\u00fcr Spanien geben. Inhaltsverzeichnis Das Land auf der iberischen Halbinsel ist nach Frankreich<\/p>\n","protected":false},"author":3,"featured_media":16192,"comment_status":"closed","ping_status":"closed","sticky":false,"template":"","format":"standard","meta":{"footnotes":""},"categories":[455,457],"tags":[506,491,500,502,499,501,507,484,498,513],"class_list":{"0":"post-4854","1":"post","2":"type-post","3":"status-publish","4":"format-standard","5":"has-post-thumbnail","7":"category-urlaubslaender","8":"category-spanien","9":"tag-aktivitaeten","10":"tag-allgemeine-reiseinformationen","11":"tag-balearen","12":"tag-barcelona","13":"tag-beste-reisezeit","14":"tag-kanaren","15":"tag-mallorca","16":"tag-sehenswuerdigkeiten","17":"tag-spanien","18":"tag-staedtereisen"},"_links":{"self":[{"href":"https:\/\/www.sonnenklar.tv\/blog\/wp-json\/wp\/v2\/posts\/4854","targetHints":{"allow":["GET"]}}],"collection":[{"href":"https:\/\/www.sonnenklar.tv\/blog\/wp-json\/wp\/v2\/posts"}],"about":[{"href":"https:\/\/www.sonnenklar.tv\/blog\/wp-json\/wp\/v2\/types\/post"}],"author":[{"embeddable":true,"href":"https:\/\/www.sonnenklar.tv\/blog\/wp-json\/wp\/v2\/users\/3"}],"replies":[{"embeddable":true,"href":"https:\/\/www.sonnenklar.tv\/blog\/wp-json\/wp\/v2\/comments?post=4854"}],"version-history":[{"count":76,"href":"https:\/\/www.sonnenklar.tv\/blog\/wp-json\/wp\/v2\/posts\/4854\/revisions"}],"predecessor-version":[{"id":38810,"href":"https:\/\/www.sonnenklar.tv\/blog\/wp-json\/wp\/v2\/posts\/4854\/revisions\/38810"}],"wp:featuredmedia":[{"embeddable":true,"href":"https:\/\/www.sonnenklar.tv\/blog\/wp-json\/wp\/v2\/media\/16192"}],"wp:attachment":[{"href":"https:\/\/www.sonnenklar.tv\/blog\/wp-json\/wp\/v2\/media?parent=4854"}],"wp:term":[{"taxonomy":"category","embeddable":true,"href":"https:\/\/www.sonnenklar.tv\/blog\/wp-json\/wp\/v2\/categories?post=4854"},{"taxonomy":"post_tag","embeddable":true,"href":"https:\/\/www.sonnenklar.tv\/blog\/wp-json\/wp\/v2\/tags?post=4854"}],"curies":[{"name":"wp","href":"https:\/\/api.w.org\/{rel}","templated":true}]}}