{"id":3888,"date":"2017-11-23T18:04:14","date_gmt":"2017-11-23T16:04:14","guid":{"rendered":"https:\/\/www.sonnenklar.tv\/blog\/?p=3888"},"modified":"2026-03-25T16:30:25","modified_gmt":"2026-03-25T15:30:25","slug":"reisebericht-rhodos","status":"publish","type":"post","link":"https:\/\/www.sonnenklar.tv\/blog\/reiseberichte\/reisebericht-rhodos\/","title":{"rendered":"Meine Eindr\u00fccke von der Sonneninsel Rhodos"},"content":{"rendered":"\n<p><strong>Mitte Oktober 2017 ging es f\u00fcr Sarah, unsere Produkt Managerin Web, zum ersten Mal auf die mythische Sonneninsel Rhodos. Unterwegs war sie mit weiteren sonnenklar.TV Kollegen und Mitarbeitern aus verschiedenen Reiseb\u00fcros.<\/strong><\/p>\n\n\n<div class=\"wp-block-image\">\n<figure class=\"aligncenter\"><img fetchpriority=\"high\" decoding=\"async\" width=\"842\" height=\"490\" src=\"https:\/\/www.sonnenklar.tv\/blog\/wp-content\/uploads\/2017\/11\/Rhodos-reisebericht-e1511449912698.jpg\" alt=\"Reisebericht Rhodos\" class=\"wp-image-3892\" srcset=\"https:\/\/www.sonnenklar.tv\/blog\/wp-content\/uploads\/2017\/11\/Rhodos-reisebericht-e1511449912698.jpg 842w, https:\/\/www.sonnenklar.tv\/blog\/wp-content\/uploads\/2017\/11\/Rhodos-reisebericht-e1511449912698-300x175.jpg 300w, https:\/\/www.sonnenklar.tv\/blog\/wp-content\/uploads\/2017\/11\/Rhodos-reisebericht-e1511449912698-768x447.jpg 768w\" sizes=\"(max-width: 842px) 100vw, 842px\" \/><\/figure>\n<\/div>\n\n\n<p><\/p>\n\n\n\n<p>Mit etwa 300 Sonnentagen im Jahr gilt die wundersch\u00f6ne Insel an der griechischen \u00c4g\u00e4is als eine der sonnigsten Inseln im Mittelmeer. Sogar im Herbst liegen die Temperaturen noch bei ca. 25 Grad, auch Baden da nat\u00fcrlich gut m\u00f6glich. Nach unserer Ankunft im&nbsp;<a href=\"https:\/\/www.sonnenklar.tv\/beschreibung\/Griechenland\/Rhodos\/Ialysos\/Blue_Bay_Resort_-_Blue_Bay___Sunland.html\" target=\"_blank\" rel=\"noopener\">LABRANDA Blue Bay Resort<\/a> sind meine Kollegen und ich daher noch kurz ins royalblaue Meer gesprungen. Das Wetter war auch noch zur sp\u00e4teren Stunde perfekt zum Baden geeignet, sodass wir erfrischt vom 2,5-st\u00fcndigen Flug ein gelungenes Abendessen genie\u00dfen konnten.<\/p>\n\n\n\n<h2 class=\"wp-block-heading\">Die Altstadt von Rhodos<\/h2>\n\n\n\n<p>Nach einer erholsamen Nacht stand nun die charmante Altstadt von Rhodos auf dem Programm.&nbsp;Sie liegt im Norden der Insel und wurde&nbsp;1988 zum UNESCO-Weltkulturerbe erkl\u00e4rt, sie sollte also auf eurer To-Do-Liste auf jeden Fall ganz weit oben stehen!<\/p>\n\n\n\n<p><a href=\"https:\/\/www.sonnenklar.tv\/blog\/griechische-inseln\/\" target=\"_blank\" rel=\"noreferrer noopener\">Nicht nur Rhodos ist wundersch\u00f6n &#8211; findet hier heraus, welche griechische Insel zu euch passt!<\/a><\/p>\n\n\n\n<p>Besonders sch\u00f6n fand ich das Flair der vielen kleinen Restaurants und Caf\u00e9s in den Abendstunden, von denen man auch einen wundervollen Ausblick auf das Treiben des zentralen Marktplatzes hatte. Nur 10 Minuten mit dem Auto entfernt liegt die Akropolis, von der aus ihr einen traumhaften Sonnenuntergang erleben k\u00f6nnt. Man kann bestaunen, wie die rote Sonne langsam im Meer versinkt. Selbst bei meinen Kollegen kam hier romantische Stimmung auf.<\/p>\n\n\n\n<p>Der historische Stadtkern ist von einer vier Kilometer langen Festungsmauer umgeben, die noch aus der Epoche der Johanniter stammt. Besonders sch\u00f6n ist es, durch die niedliche G\u00e4sschen zu schlendern &#8211; mein pers\u00f6nliches Highlight war die Stra\u00dfe der Ritter. Hier f\u00e4llt es einem tats\u00e4chlich sehr leicht, sich vorzustellen, wie damals die Stadt ausgesehen haben muss.<\/p>\n\n\n\n<p>Aber auch der Hafen der Stadt und der bekannte Gro\u00dfmeisterplatz sind sehenswert! Damals war er die Residenz des Gro\u00dfmeisters des Johanniterordens. Sp\u00e4ter diente er als Gef\u00e4ngnis. Heute ist dem nat\u00fcrlich nicht mehr so, ihr findet ein Museum mit Skulpturen und Mosaiken vor. Der Platz gilt als Wahrzeichen der Stadt.<\/p>\n\n\n\n<p>Meine letzte Empfehlung ist der Besuch einer griechischen Taverne. Das Essen ist traumhaft!<\/p>\n\n\n\n<h2 class=\"wp-block-heading\">Besonders beliebt: Lindos<\/h2>\n\n\n\n<p>Die touristisch gepr\u00e4gte Stadt lockt mit seinen wei\u00dfen H\u00e4uschen, kleinen und hellen Gassen und etlichen s\u00fc\u00dfen Eseln sowie seiner eigenen Akropolis viele G\u00e4ste an. Hier herrscht zwar viel Andrang \u2013 aber die Stadt ist ein absolutes Muss. Am Fu\u00dfe der Stadt befindet sich ein wei\u00dfer Sandstrand mit azurblauem und kristallklarem Meer. Auch kleine Boote liegen vereinzelt an. Es gibt einige Stimmen, die diesen Strand als den wahrscheinlich sch\u00f6nsten der Insel bezeichnen.<\/p>\n\n\n\n<p>Als n\u00e4chstes sind wir im wunderbaren LABRANDA Kiotari Bay abgestiegen. Nach dem sehr freundlichen Empfang und einer F\u00fchrung \u00fcber das weitl\u00e4ufige und gut gepflegte Areal konnten wir, mit einer fantastischen Aussicht aufs Meer, einen herzhaften Lunch genie\u00dfen und die Poolanlage f\u00fcr unseren Badespa\u00df nutzen. Doch auch der Kieselstrand bietet Platz zum Entspannen sowie die M\u00f6glichkeit mit der ganzen Familie beispielsweise eine lustige Bananenboot-Tour zum Ausgleich zu machen.<\/p>\n\n\n\n<p><a href=\"https:\/\/www.sonnenklar.tv\/blog\/inselhuepfen-in-kroatien\/\" target=\"_blank\" rel=\"noreferrer noopener\">Mal Lust auf Inselh\u00fcpfen in Kroatien? Hier sind unsere Tipps!<\/a><\/p>\n\n\n\n<h2 class=\"wp-block-heading\">F\u00fcr alle Kiter und Windsurfer: Prasonisi<\/h2>\n\n\n\n<p>Einen Besuch wert ist ebenfalls die Halbinsel Prasonisi mit ihrem alten Leuchtturm, der am s\u00fcdlichsten Punkt von Rhodos liegt. Hier kommen Kite- und Windsurfer voll auf Ihre Kosten. Eine \u00dcberfahrt mit dem Auto sollte allerdings von den Wetterverh\u00e4ltnissen vor Ort abh\u00e4ngig gemacht werden, der schmale Landstreifen kann zeitweise auch \u00fcberflutet werden.<\/p>\n\n\n<div class=\"wp-block-image\">\n<figure class=\"aligncenter\"><img decoding=\"async\" width=\"880\" height=\"400\" src=\"https:\/\/www.sonnenklar.tv\/blog\/wp-content\/uploads\/2017\/11\/rhodos-kiten.jpg\" alt=\"rhodos kiten\" class=\"wp-image-3901\" srcset=\"https:\/\/www.sonnenklar.tv\/blog\/wp-content\/uploads\/2017\/11\/rhodos-kiten.jpg 880w, https:\/\/www.sonnenklar.tv\/blog\/wp-content\/uploads\/2017\/11\/rhodos-kiten-300x136.jpg 300w, https:\/\/www.sonnenklar.tv\/blog\/wp-content\/uploads\/2017\/11\/rhodos-kiten-768x349.jpg 768w\" sizes=\"(max-width: 880px) 100vw, 880px\" \/><\/figure>\n<\/div>\n\n\n<p><strong>Mein Fazit:<\/strong> Rhodos ist perfekt f\u00fcr eine Kombination aus Badeurlaub und Kultur. Wir haben eine tolle Zeit auf Rhodos gehabt und einige etablierte und auch charmante Hotels besichtigen d\u00fcrfen. F\u00fcr den n\u00e4chsten Urlaub w\u00fcrde ich einen Mietwagen dazu buchen, sodass man keine der vielen Sehensw\u00fcrdigkeiten verpasst und die vielen verschiedenen Einfl\u00fcsse der Insel kennenlernt. Ich w\u00e4re gerne noch l\u00e4nger geblieben und hoffe, dass es demn\u00e4chst wieder ein Urlaubs-<a href=\"https:\/\/www.sonnenklar.tv\/pauschalreise\/griechenland\/rhodos.html\" target=\"_blank\" rel=\"noreferrer noopener\">Schn\u00e4ppchen f\u00fcr Rhodos bei sonnenklar.TV<\/a> gibt.<\/p>\n\n\n\n<div class=\"wp-block-buttons is-content-justification-center is-layout-flex wp-container-core-buttons-is-layout-16018d1d wp-block-buttons-is-layout-flex\">\n<div class=\"wp-block-button\"><a class=\"wp-block-button__link wp-element-button\" href=\"https:\/\/www.sonnenklar.tv\/mietwagen.html\">Mietwagen-angebote f\u00fcr Rhodos<\/a><\/div>\n<\/div>\n\n\n\n<p><\/p>\n\n\n\n<p><\/p>\n","protected":false},"excerpt":{"rendered":"<p>Mitte Oktober 2017 ging es f\u00fcr Sarah, unsere Produkt Managerin Web, zum ersten Mal auf die mythische Sonneninsel Rhodos. Unterwegs war sie mit weiteren sonnenklar.TV Kollegen und Mitarbeitern aus verschiedenen Reiseb\u00fcros. Mit etwa 300 Sonnentagen im Jahr gilt die wundersch\u00f6ne Insel an der griechischen \u00c4g\u00e4is als eine der sonnigsten Inseln im Mittelmeer. Sogar im Herbst<\/p>\n","protected":false},"author":10,"featured_media":3893,"comment_status":"closed","ping_status":"open","sticky":false,"template":"","format":"standard","meta":{"footnotes":""},"categories":[466,460,467,455],"tags":[130,504],"class_list":{"0":"post-3888","1":"post","2":"type-post","3":"status-publish","4":"format-standard","5":"has-post-thumbnail","7":"category-reiseberichte","8":"category-griechenland","9":"category-sonnenklar-tv-live-vor-ort","10":"category-urlaubslaender","11":"tag-griechenland","12":"tag-reisebericht"},"_links":{"self":[{"href":"https:\/\/www.sonnenklar.tv\/blog\/wp-json\/wp\/v2\/posts\/3888","targetHints":{"allow":["GET"]}}],"collection":[{"href":"https:\/\/www.sonnenklar.tv\/blog\/wp-json\/wp\/v2\/posts"}],"about":[{"href":"https:\/\/www.sonnenklar.tv\/blog\/wp-json\/wp\/v2\/types\/post"}],"author":[{"embeddable":true,"href":"https:\/\/www.sonnenklar.tv\/blog\/wp-json\/wp\/v2\/users\/10"}],"replies":[{"embeddable":true,"href":"https:\/\/www.sonnenklar.tv\/blog\/wp-json\/wp\/v2\/comments?post=3888"}],"version-history":[{"count":22,"href":"https:\/\/www.sonnenklar.tv\/blog\/wp-json\/wp\/v2\/posts\/3888\/revisions"}],"predecessor-version":[{"id":39245,"href":"https:\/\/www.sonnenklar.tv\/blog\/wp-json\/wp\/v2\/posts\/3888\/revisions\/39245"}],"wp:featuredmedia":[{"embeddable":true,"href":"https:\/\/www.sonnenklar.tv\/blog\/wp-json\/wp\/v2\/media\/3893"}],"wp:attachment":[{"href":"https:\/\/www.sonnenklar.tv\/blog\/wp-json\/wp\/v2\/media?parent=3888"}],"wp:term":[{"taxonomy":"category","embeddable":true,"href":"https:\/\/www.sonnenklar.tv\/blog\/wp-json\/wp\/v2\/categories?post=3888"},{"taxonomy":"post_tag","embeddable":true,"href":"https:\/\/www.sonnenklar.tv\/blog\/wp-json\/wp\/v2\/tags?post=3888"}],"curies":[{"name":"wp","href":"https:\/\/api.w.org\/{rel}","templated":true}]}}