{"id":38778,"date":"2026-03-16T13:52:57","date_gmt":"2026-03-16T12:52:57","guid":{"rendered":"https:\/\/www.sonnenklar.tv\/blog\/?p=38778"},"modified":"2026-03-16T13:52:58","modified_gmt":"2026-03-16T12:52:58","slug":"itb-2026-sonnenklar-tv","status":"publish","type":"post","link":"https:\/\/www.sonnenklar.tv\/blog\/insides\/itb-2026-sonnenklar-tv\/","title":{"rendered":"R\u00fcckblick auf die ITB 2026: So war die Messe in Berlin f\u00fcr sonnenklar.TV"},"content":{"rendered":"\n<p>Unter dem Motto \u201eDiscover the stories behind 60 years auf legacy\u201d feierte die ITB 2026 ihren 60. Geburtstag. Die weltweit bekannte Reisemesse fand von 03.-05. M\u00e4rz 2026 statt &#8211; auf dem Gel\u00e4nde der Berliner Messe pr\u00e4sentierten Aussteller aus mehr als 180 L\u00e4ndern dem Fachpublikum u.a. ihre Reiseziele und Hotels. Auch sonnenklar.TV war mit 18 Kolleginnen und Kollegen an einem Stand vertreten &#8211; hier berichten Melanie Benz und Sarah Walzel von ihren Eindr\u00fccken der diesj\u00e4hrigen ITB in Berlin.<\/p>\n\n\n\n<figure class=\"wp-block-image size-large\"><a href=\"https:\/\/www.sonnenklar.tv\/blog\/wp-content\/uploads\/2026\/03\/bjoern-stack-live-itb-2026.jpg\"><img fetchpriority=\"high\" decoding=\"async\" width=\"1160\" height=\"788\" src=\"https:\/\/www.sonnenklar.tv\/blog\/wp-content\/uploads\/2026\/03\/bjoern-stack-live-itb-2026-1160x788.jpg\" alt=\"sonnenklar.TV-Moderator Bj\u00f6rn Stack moderiert live von der ITB 2026 in Berlin\" class=\"wp-image-38759\" srcset=\"https:\/\/www.sonnenklar.tv\/blog\/wp-content\/uploads\/2026\/03\/bjoern-stack-live-itb-2026-1160x788.jpg 1160w, https:\/\/www.sonnenklar.tv\/blog\/wp-content\/uploads\/2026\/03\/bjoern-stack-live-itb-2026-800x543.jpg 800w, https:\/\/www.sonnenklar.tv\/blog\/wp-content\/uploads\/2026\/03\/bjoern-stack-live-itb-2026-150x102.jpg 150w, https:\/\/www.sonnenklar.tv\/blog\/wp-content\/uploads\/2026\/03\/bjoern-stack-live-itb-2026-450x306.jpg 450w, https:\/\/www.sonnenklar.tv\/blog\/wp-content\/uploads\/2026\/03\/bjoern-stack-live-itb-2026-768x522.jpg 768w, https:\/\/www.sonnenklar.tv\/blog\/wp-content\/uploads\/2026\/03\/bjoern-stack-live-itb-2026.jpg 1200w\" sizes=\"(max-width: 1160px) 100vw, 1160px\" \/><\/a><figcaption class=\"wp-element-caption\">Moderator Bj\u00f6rn in seinem Element: live vor Ort auf der ITB 2026<\/figcaption><\/figure>\n\n\n\n<h2 class=\"wp-block-heading\">Wie hat sonnenklar.TV sich auf der ITB 2026 pr\u00e4sentiert?\u00a0<\/h2>\n\n\n\n<p><strong>Sarah:<\/strong> \u201eWir hatten einen eigenen Stand in der Halle 25, der mit unserer Marke gebrandet war und von dem aus wir insgesamt 21 Stunden live gesendet haben. Unser Kooperationspartner war Coral Travel, die ihren Stand direkt gegen\u00fcber hatten, von wo aus wir auch immer wieder spontan gesendet haben. Zudem gab es insgesamt 45 Schalten bzw. Gastauftritte an unserem Stand und die Tage wurden auf Social Media begleitet. Passend dazu gab es ein ITB-Produkt-Special.\u201d<\/p>\n\n\n\n<figure class=\"wp-block-image size-large\"><a href=\"https:\/\/www.sonnenklar.tv\/blog\/wp-content\/uploads\/2026\/03\/sarah-rixos-itb-2026.jpg\"><img decoding=\"async\" width=\"1160\" height=\"776\" src=\"https:\/\/www.sonnenklar.tv\/blog\/wp-content\/uploads\/2026\/03\/sarah-rixos-itb-2026-1160x776.jpg\" alt=\"sonnenklar.TV-Moderatorin Sarah Walzel mit Hakan Kaynakci von Rixos Hotels auf der ITB 2026\" class=\"wp-image-38756\" srcset=\"https:\/\/www.sonnenklar.tv\/blog\/wp-content\/uploads\/2026\/03\/sarah-rixos-itb-2026-1160x776.jpg 1160w, https:\/\/www.sonnenklar.tv\/blog\/wp-content\/uploads\/2026\/03\/sarah-rixos-itb-2026-800x535.jpg 800w, https:\/\/www.sonnenklar.tv\/blog\/wp-content\/uploads\/2026\/03\/sarah-rixos-itb-2026-150x100.jpg 150w, https:\/\/www.sonnenklar.tv\/blog\/wp-content\/uploads\/2026\/03\/sarah-rixos-itb-2026-450x301.jpg 450w, https:\/\/www.sonnenklar.tv\/blog\/wp-content\/uploads\/2026\/03\/sarah-rixos-itb-2026-768x514.jpg 768w, https:\/\/www.sonnenklar.tv\/blog\/wp-content\/uploads\/2026\/03\/sarah-rixos-itb-2026.jpg 1200w\" sizes=\"(max-width: 1160px) 100vw, 1160px\" \/><\/a><figcaption class=\"wp-element-caption\">Moderatorin Sarah Walzel mit Hakan Kaynakci von Rixos Hotels <\/figcaption><\/figure>\n\n\n\n<h2 class=\"wp-block-heading\">Was waren eure pers\u00f6nlichen Highlights der ITB in Berlin?&nbsp;<\/h2>\n\n\n\n<p><strong>Melanie:<\/strong> \u201eMein pers\u00f6nliches Highlight ist immer wieder zu sehen, wie sehr die Menschen sich freuen, ihre L\u00e4nder und Regionen zu pr\u00e4sentieren, wie sehr sie sich freuen, wenn man sich f\u00fcr ihre Heimat interessiert und wie sch\u00f6n dann doch der internationale Zusammenhalt auf so einer Messe und innerhalb der Touristik ist. Man erf\u00e4hrt immer wieder Neues \u00fcber Destinationen, L\u00e4nder und Regionen und das macht es jedes Jahr aufs Neue spannend. Und das macht es auch f\u00fcr unsere Zuschauer spannend, wenn wir live von der ITB berichten.\u201d<\/p>\n\n\n\n<figure class=\"wp-block-image size-large\"><a href=\"https:\/\/www.sonnenklar.tv\/blog\/wp-content\/uploads\/2026\/03\/mel-itb-2026-ecuador.jpg\"><img decoding=\"async\" width=\"1160\" height=\"780\" src=\"https:\/\/www.sonnenklar.tv\/blog\/wp-content\/uploads\/2026\/03\/mel-itb-2026-ecuador-1160x780.jpg\" alt=\"Melanie Benz am Stand von Ecuador auf der ITB 2026\" class=\"wp-image-38694\" srcset=\"https:\/\/www.sonnenklar.tv\/blog\/wp-content\/uploads\/2026\/03\/mel-itb-2026-ecuador-1160x780.jpg 1160w, https:\/\/www.sonnenklar.tv\/blog\/wp-content\/uploads\/2026\/03\/mel-itb-2026-ecuador-800x538.jpg 800w, https:\/\/www.sonnenklar.tv\/blog\/wp-content\/uploads\/2026\/03\/mel-itb-2026-ecuador-150x101.jpg 150w, https:\/\/www.sonnenklar.tv\/blog\/wp-content\/uploads\/2026\/03\/mel-itb-2026-ecuador-450x303.jpg 450w, https:\/\/www.sonnenklar.tv\/blog\/wp-content\/uploads\/2026\/03\/mel-itb-2026-ecuador-768x516.jpg 768w, https:\/\/www.sonnenklar.tv\/blog\/wp-content\/uploads\/2026\/03\/mel-itb-2026-ecuador.jpg 1200w\" sizes=\"(max-width: 1160px) 100vw, 1160px\" \/><\/a><figcaption class=\"wp-element-caption\">Nicht nur am Stand von Ecuador wurden wir mit offenen Armen empfangen<\/figcaption><\/figure>\n\n\n\n<h2 class=\"wp-block-heading\">Welche Reisetrends und Destinationen standen 2026 besonders im Fokus?<\/h2>\n\n\n\n<p><strong>Melanie:<\/strong> \u201eDie Nachfrage nach Kreuzfahrten ist seit Jahren ungebrochen. Mittlerweile hat sich der Markt auch so entwickelt, dass es f\u00fcr jeden Geldbeutel f\u00fcr jede Vorliebe &#8211; Aktivurlaub, Schwerpunkt Kulinarik, luxuri\u00f6s, klein und fein, ganz viel Entertainment und vieles mehr &#8211; ein eigenes Schiff gibt.\u00a0 Sch\u00f6n zu sehen ist auch, dass die Reedereien vermehrt mit lokalen Anbietern bei Ausfl\u00fcgen arbeiten oder bem\u00fcht sind, die Kulinarik der jeweils angelaufenen H\u00e4fen an Bord zu bringen, so dass der Gast noch mehr von dem Land, das er bereist, erfahren kann.\u201d<\/p>\n\n\n\n<figure class=\"wp-block-image size-large\"><a href=\"https:\/\/www.sonnenklar.tv\/blog\/wp-content\/uploads\/2026\/03\/Mel-malaysia-stand-itb-2026.jpg\"><img loading=\"lazy\" decoding=\"async\" width=\"1160\" height=\"776\" src=\"https:\/\/www.sonnenklar.tv\/blog\/wp-content\/uploads\/2026\/03\/Mel-malaysia-stand-itb-2026-1160x776.jpg\" alt=\"Melanie Benz von sonnenklar.TV am Stand von Malaysia, ITB 2026\" class=\"wp-image-38696\" srcset=\"https:\/\/www.sonnenklar.tv\/blog\/wp-content\/uploads\/2026\/03\/Mel-malaysia-stand-itb-2026-1160x776.jpg 1160w, https:\/\/www.sonnenklar.tv\/blog\/wp-content\/uploads\/2026\/03\/Mel-malaysia-stand-itb-2026-800x535.jpg 800w, https:\/\/www.sonnenklar.tv\/blog\/wp-content\/uploads\/2026\/03\/Mel-malaysia-stand-itb-2026-150x100.jpg 150w, https:\/\/www.sonnenklar.tv\/blog\/wp-content\/uploads\/2026\/03\/Mel-malaysia-stand-itb-2026-450x301.jpg 450w, https:\/\/www.sonnenklar.tv\/blog\/wp-content\/uploads\/2026\/03\/Mel-malaysia-stand-itb-2026-768x514.jpg 768w, https:\/\/www.sonnenklar.tv\/blog\/wp-content\/uploads\/2026\/03\/Mel-malaysia-stand-itb-2026.jpg 1200w\" sizes=\"(max-width: 1160px) 100vw, 1160px\" \/><\/a><figcaption class=\"wp-element-caption\">Melanie am Stand von Malaysia<\/figcaption><\/figure>\n\n\n\n<p>\u201eF\u00fcr mich auch sehr sch\u00f6n zu erfahren in den vielen Interviews, die ich gef\u00fchrt habe, ist, dass viele Regionen und L\u00e4nder immer mehr Wert auf Nachhaltigkeit im Tourismus legen. Da gibt es ganz viele, unterschiedliche und schlaue Ans\u00e4tze, um die Welt so sch\u00f6n zu erhalten, wie sie ist!\u201d<\/p>\n\n\n\n<figure class=\"wp-block-image size-large\"><a href=\"https:\/\/www.sonnenklar.tv\/blog\/wp-content\/uploads\/2026\/03\/mel-itb-2026-maskottchen.jpg\"><img loading=\"lazy\" decoding=\"async\" width=\"1160\" height=\"773\" src=\"https:\/\/www.sonnenklar.tv\/blog\/wp-content\/uploads\/2026\/03\/mel-itb-2026-maskottchen-1160x773.jpg\" alt=\"sonnenklar.TV-Moderation Melanie Benz und das Malaysia-Maskottchen auf der ITB 2026\" class=\"wp-image-38700\" srcset=\"https:\/\/www.sonnenklar.tv\/blog\/wp-content\/uploads\/2026\/03\/mel-itb-2026-maskottchen-1160x773.jpg 1160w, https:\/\/www.sonnenklar.tv\/blog\/wp-content\/uploads\/2026\/03\/mel-itb-2026-maskottchen-800x533.jpg 800w, https:\/\/www.sonnenklar.tv\/blog\/wp-content\/uploads\/2026\/03\/mel-itb-2026-maskottchen-150x100.jpg 150w, https:\/\/www.sonnenklar.tv\/blog\/wp-content\/uploads\/2026\/03\/mel-itb-2026-maskottchen-450x300.jpg 450w, https:\/\/www.sonnenklar.tv\/blog\/wp-content\/uploads\/2026\/03\/mel-itb-2026-maskottchen-768x512.jpg 768w, https:\/\/www.sonnenklar.tv\/blog\/wp-content\/uploads\/2026\/03\/mel-itb-2026-maskottchen.jpg 1200w\" sizes=\"(max-width: 1160px) 100vw, 1160px\" \/><\/a><figcaption class=\"wp-element-caption\">Moderation Melanie und das Malaysia-Maskottchen verstanden sich &#8222;tierisch&#8220; gut <\/figcaption><\/figure>\n\n\n\n<h2 class=\"wp-block-heading\">Video: sonnenklar.TV live auf der ITB 2026<\/h2>\n\n\n\n<p>Ihr habt sonnenklar.TV live von der ITB verpasst? Seht euch die Highlights in diesem Video noch einmal an:<\/p>\n\n\n<p><iframe width=\"560\" height=\"315\" src=\"https:\/\/www.youtube.com\/embed\/8cgvut7BxUM?si=2uJ7TiycztFDKq2D\" title=\"YouTube video player\" frameborder=\"0\" allow=\"accelerometer; autoplay; clipboard-write; encrypted-media; gyroscope; picture-in-picture; web-share\" referrerpolicy=\"strict-origin-when-cross-origin\" allowfullscreen><\/iframe><\/p>\n\n\n\n<p>Alles in allem war die ITB 2026 wieder eine gelungene Messe und wir k\u00f6nnen die 61. ITB im kommenden Jahr kaum erwarten! <\/p>\n","protected":false},"excerpt":{"rendered":"<p>Unter dem Motto \u201eDiscover the stories behind 60 years auf legacy\u201d feierte die ITB 2026 ihren 60. Geburtstag. Die weltweit bekannte Reisemesse fand von 03.-05. M\u00e4rz 2026 statt &#8211; auf dem Gel\u00e4nde der Berliner Messe pr\u00e4sentierten Aussteller aus mehr als 180 L\u00e4ndern dem Fachpublikum u.a. ihre Reiseziele und Hotels. Auch sonnenklar.TV war mit 18 Kolleginnen<\/p>\n","protected":false},"author":57,"featured_media":38758,"comment_status":"closed","ping_status":"open","sticky":false,"template":"","format":"standard","meta":{"footnotes":""},"categories":[469,471],"tags":[764,765,738,766],"class_list":{"0":"post-38778","1":"post","2":"type-post","3":"status-publish","4":"format-standard","5":"has-post-thumbnail","7":"category-insides","8":"category-hinter-den-kulissen","9":"tag-itb","10":"tag-itb-2026","11":"tag-sonnenklar-tv","12":"tag-tourismus"},"_links":{"self":[{"href":"https:\/\/www.sonnenklar.tv\/blog\/wp-json\/wp\/v2\/posts\/38778","targetHints":{"allow":["GET"]}}],"collection":[{"href":"https:\/\/www.sonnenklar.tv\/blog\/wp-json\/wp\/v2\/posts"}],"about":[{"href":"https:\/\/www.sonnenklar.tv\/blog\/wp-json\/wp\/v2\/types\/post"}],"author":[{"embeddable":true,"href":"https:\/\/www.sonnenklar.tv\/blog\/wp-json\/wp\/v2\/users\/57"}],"replies":[{"embeddable":true,"href":"https:\/\/www.sonnenklar.tv\/blog\/wp-json\/wp\/v2\/comments?post=38778"}],"version-history":[{"count":10,"href":"https:\/\/www.sonnenklar.tv\/blog\/wp-json\/wp\/v2\/posts\/38778\/revisions"}],"predecessor-version":[{"id":38820,"href":"https:\/\/www.sonnenklar.tv\/blog\/wp-json\/wp\/v2\/posts\/38778\/revisions\/38820"}],"wp:featuredmedia":[{"embeddable":true,"href":"https:\/\/www.sonnenklar.tv\/blog\/wp-json\/wp\/v2\/media\/38758"}],"wp:attachment":[{"href":"https:\/\/www.sonnenklar.tv\/blog\/wp-json\/wp\/v2\/media?parent=38778"}],"wp:term":[{"taxonomy":"category","embeddable":true,"href":"https:\/\/www.sonnenklar.tv\/blog\/wp-json\/wp\/v2\/categories?post=38778"},{"taxonomy":"post_tag","embeddable":true,"href":"https:\/\/www.sonnenklar.tv\/blog\/wp-json\/wp\/v2\/tags?post=38778"}],"curies":[{"name":"wp","href":"https:\/\/api.w.org\/{rel}","templated":true}]}}