{"id":38511,"date":"2026-03-06T16:41:08","date_gmt":"2026-03-06T15:41:08","guid":{"rendered":"https:\/\/www.sonnenklar.tv\/blog\/?p=38511"},"modified":"2026-03-06T16:41:09","modified_gmt":"2026-03-06T15:41:09","slug":"ulf-dieter-kunstmann-interview-25-jahre-sonnenklar","status":"publish","type":"post","link":"https:\/\/www.sonnenklar.tv\/blog\/insides\/interviews\/ulf-dieter-kunstmann-interview-25-jahre-sonnenklar\/","title":{"rendered":"\u201esonnenklar.TV ist der schnellste Sender der Welt&#8220; &#8211; Interview mit Moderator Ulf-Dieter Kunstmann"},"content":{"rendered":"\n<p>25 Jahre sonnenklar.TV \u2013 und Moderator Ulf-Dieter Kunstmann ist fast von Anfang an dabei. Geborener M\u00fcnsteraner, begeisterter Berliner und Wahl-Brandenburger. Hier spricht der Vollblut-Vielreisende \u00fcber seine lebenslange Leidenschaft, spontane sonnenklar.TV Live-Momente und warum die Uhr manchmal sein gr\u00f6\u00dfter Gegner ist<\/p>\n\n\n\n<h2 class=\"wp-block-heading\">Wie und wann bist Du denn zu sonnenklar.TV gekommen?<\/h2>\n\n\n\n<p>Nur wenige Wochen nach Sendestart \u2013 also vor 25 Jahren. Ich hatte zuvor bei einem Reisefernsehsender moderiert, der allerdings noch nicht so genau wusste, wie man Zuschauer wirklich begeistert. Das Ende war leider absehbar. Umso mehr habe ich mich gefreut, als sonnenklar.TV mich fragte, ob ich statt eines Castings direkt eine dreist\u00fcndige Live-Sendung als Vertretung \u00fcbernehmen m\u00f6chte. Ich war nerv\u00f6s, habe aber zugesagt. Und bin seitdem geblieben.<\/p>\n\n\n\n<figure class=\"wp-block-image size-large\"><a href=\"https:\/\/www.sonnenklar.tv\/blog\/wp-content\/uploads\/2026\/03\/Ulf-Dieter-Kunstmann-sonnenklar-sendung.jpg\"><img fetchpriority=\"high\" decoding=\"async\" width=\"1160\" height=\"775\" src=\"https:\/\/www.sonnenklar.tv\/blog\/wp-content\/uploads\/2026\/03\/Ulf-Dieter-Kunstmann-sonnenklar-sendung-1160x775.jpg\" alt=\"Ulf-Dieter Kunstmann auf Sendung im sonnenklar.TV-Studio\" class=\"wp-image-38628\" srcset=\"https:\/\/www.sonnenklar.tv\/blog\/wp-content\/uploads\/2026\/03\/Ulf-Dieter-Kunstmann-sonnenklar-sendung-1160x775.jpg 1160w, https:\/\/www.sonnenklar.tv\/blog\/wp-content\/uploads\/2026\/03\/Ulf-Dieter-Kunstmann-sonnenklar-sendung-800x535.jpg 800w, https:\/\/www.sonnenklar.tv\/blog\/wp-content\/uploads\/2026\/03\/Ulf-Dieter-Kunstmann-sonnenklar-sendung-150x100.jpg 150w, https:\/\/www.sonnenklar.tv\/blog\/wp-content\/uploads\/2026\/03\/Ulf-Dieter-Kunstmann-sonnenklar-sendung-450x301.jpg 450w, https:\/\/www.sonnenklar.tv\/blog\/wp-content\/uploads\/2026\/03\/Ulf-Dieter-Kunstmann-sonnenklar-sendung-768x513.jpg 768w, https:\/\/www.sonnenklar.tv\/blog\/wp-content\/uploads\/2026\/03\/Ulf-Dieter-Kunstmann-sonnenklar-sendung.jpg 1200w\" sizes=\"(max-width: 1160px) 100vw, 1160px\" \/><\/a><figcaption class=\"wp-element-caption\">Ulf auf Sendung im sonnenklar.TV-Studio<\/figcaption><\/figure>\n\n\n\n<h2 class=\"wp-block-heading\">Und was w\u00fcrdest Du machen, wenn Du nicht beim Reise-Sender gelandet w\u00e4rst?<\/h2>\n\n\n\n<p>Dann w\u00e4re ich vermutlich Hoteldirektor in einer traumhaften Destination. Als gelernter Hotelkaufmann war das urspr\u00fcnglich mein Plan. Dass es anders kam, war eine gl\u00fcckliche F\u00fcgung.<\/p>\n\n\n\n<h2 class=\"wp-block-heading\">Dein eindrucksvollstes Erlebnis bei sonnenklar.TV?<\/h2>\n\n\n\n<p>Unsere Galas wie die \u201eGoldene Sonne\u201c und gro\u00dfe Publikums-Events. Wenn neben unseren Zuschauern auch zahlreiche \u2013 zum Teil internationale \u2013 Stars dabei sind, entsteht einfach eine besonders energiegeladene Atmosph\u00e4re.<\/p>\n\n\n\n<h2 class=\"wp-block-heading\">Welche Promis haben Dich am meisten begeistert?<\/h2>\n\n\n\n<p>Dass ich mit Harpo, den The Weather Girls und den The Lords auf dem Roten Teppich singen durfte, war gro\u00dfartig.&nbsp; Besonders gefreut hat mich aber das Interview mit Frank Elstner \u2013 er gab uns als einzigem Team ein entspanntes Interview und bezeichnete mich am Ende sogar als \u201eseinen Kollegen\u201c \u2013 welche Ehre!<\/p>\n\n\n\n<figure class=\"wp-block-image size-large\"><a href=\"https:\/\/www.sonnenklar.tv\/blog\/wp-content\/uploads\/2026\/03\/Ulf-mit-Frank-Elstner.jpg\"><img decoding=\"async\" width=\"1160\" height=\"777\" src=\"https:\/\/www.sonnenklar.tv\/blog\/wp-content\/uploads\/2026\/03\/Ulf-mit-Frank-Elstner-1160x777.jpg\" alt=\"Ulf-Dieter Kunstmann interviewt Frank Elstner auf der Goldenen Sonne 2019\" class=\"wp-image-38626\" srcset=\"https:\/\/www.sonnenklar.tv\/blog\/wp-content\/uploads\/2026\/03\/Ulf-mit-Frank-Elstner-1160x777.jpg 1160w, https:\/\/www.sonnenklar.tv\/blog\/wp-content\/uploads\/2026\/03\/Ulf-mit-Frank-Elstner-800x536.jpg 800w, https:\/\/www.sonnenklar.tv\/blog\/wp-content\/uploads\/2026\/03\/Ulf-mit-Frank-Elstner-150x101.jpg 150w, https:\/\/www.sonnenklar.tv\/blog\/wp-content\/uploads\/2026\/03\/Ulf-mit-Frank-Elstner-450x302.jpg 450w, https:\/\/www.sonnenklar.tv\/blog\/wp-content\/uploads\/2026\/03\/Ulf-mit-Frank-Elstner-768x515.jpg 768w, https:\/\/www.sonnenklar.tv\/blog\/wp-content\/uploads\/2026\/03\/Ulf-mit-Frank-Elstner.jpg 1200w\" sizes=\"(max-width: 1160px) 100vw, 1160px\" \/><\/a><figcaption class=\"wp-element-caption\">Ulf beim Interview mit Frank Elstner auf der Goldenen Sonne 2019<\/figcaption><\/figure>\n\n\n\n<h2 class=\"wp-block-heading\">Was waren die gr\u00f6\u00dften Herausforderungen beim Sender?<\/h2>\n\n\n\n<p>Ich sage immer: Wir sind der schnellste Fernsehsender der Welt. Abl\u00e4ufe werden spontan ge\u00e4ndert \u2013 manchmal live on air. Ist ein Angebot ausgebucht, reagieren wir sofort. Spielt das Wetter mit, senden wir kurzerhand von drau\u00dfen. Das fordert das ganze Team \u2013 aber genau diese eingespielte Zusammenarbeit zeichnet uns aus \u2013 und macht nach wie vor Spa\u00df!<\/p>\n\n\n\n<figure class=\"wp-block-image size-large\"><a href=\"https:\/\/www.sonnenklar.tv\/blog\/wp-content\/uploads\/2026\/03\/Ulf-Dieter-Kunstmann_Pool.jpg\"><img decoding=\"async\" width=\"1160\" height=\"775\" src=\"https:\/\/www.sonnenklar.tv\/blog\/wp-content\/uploads\/2026\/03\/Ulf-Dieter-Kunstmann_Pool-1160x775.jpg\" alt=\"Ulf-Dieter Kunstmann in einem Pool, zeigt lachend auf seine sonnenklar.TV Moderationskarte\" class=\"wp-image-38623\" srcset=\"https:\/\/www.sonnenklar.tv\/blog\/wp-content\/uploads\/2026\/03\/Ulf-Dieter-Kunstmann_Pool-1160x775.jpg 1160w, https:\/\/www.sonnenklar.tv\/blog\/wp-content\/uploads\/2026\/03\/Ulf-Dieter-Kunstmann_Pool-800x535.jpg 800w, https:\/\/www.sonnenklar.tv\/blog\/wp-content\/uploads\/2026\/03\/Ulf-Dieter-Kunstmann_Pool-150x100.jpg 150w, https:\/\/www.sonnenklar.tv\/blog\/wp-content\/uploads\/2026\/03\/Ulf-Dieter-Kunstmann_Pool-450x301.jpg 450w, https:\/\/www.sonnenklar.tv\/blog\/wp-content\/uploads\/2026\/03\/Ulf-Dieter-Kunstmann_Pool-768x513.jpg 768w, https:\/\/www.sonnenklar.tv\/blog\/wp-content\/uploads\/2026\/03\/Ulf-Dieter-Kunstmann_Pool.jpg 1200w\" sizes=\"(max-width: 1160px) 100vw, 1160px\" \/><\/a><figcaption class=\"wp-element-caption\">Immer f\u00fcr einen Spa\u00df zu haben: Ulf im Pool<\/figcaption><\/figure>\n\n\n\n<h2 class=\"wp-block-heading\">Und Deine pers\u00f6nliche Herausforderung?<\/h2>\n\n\n\n<p>Die Zeit (<em>lacht<\/em>). Ich muss wirklich gnadenlos auf die Uhr schauen \u2013 und werde von unseren Producern &#8211; die die Zeit gottseidank genau im Blick haben \u2013 gerne auch mal ein bisschen eingebremst, damit ich nicht zu sehr \u00fcberziehe.<\/p>\n\n\n\n<h2 class=\"wp-block-heading\">Wie reist Du am liebsten?<\/h2>\n\n\n\n<p>Ich bin tats\u00e4chlich Fan der Pauschalreise \u2013 egal ob Badeurlaub oder Fernreise. Ich sch\u00e4tze die Sicherheit, auch in Ernstf\u00e4llen einen konkreten Ansprechpartner zu haben. Und trotzdem kann man heute sehr individuell unterwegs sein. Bei mir sind Kamera, Drohne und Mikrofon meist im Gep\u00e4ck. So kann ich meine Sendungen sp\u00e4ter mit pers\u00f6nlichen Eindr\u00fccken bereichern.<\/p>\n\n\n\n<h2 class=\"wp-block-heading\">Woher kommt Deine Leidenschaft f\u00fcrs Reisen?<\/h2>\n\n\n\n<p>Die wurde mir wohl in die Wiege gelegt. Schon als Kind war ich mit meiner Mutter viel unterwegs \u2013 auch international. Wenngleich es damals weniger glamour\u00f6s war, denn die ersten Fl\u00fcge empfand ich als sehr wacklig, sodass die \u201eSpuckt\u00fcte\u201c mein treuester Begleiter wurde (<em>lacht<\/em>).<\/p>\n\n\n\n<figure class=\"wp-block-image size-large\"><a href=\"https:\/\/www.sonnenklar.tv\/blog\/wp-content\/uploads\/2026\/03\/Ulf-Dieter-Kunstmann-anfang.jpg\"><img loading=\"lazy\" decoding=\"async\" width=\"1160\" height=\"773\" src=\"https:\/\/www.sonnenklar.tv\/blog\/wp-content\/uploads\/2026\/03\/Ulf-Dieter-Kunstmann-anfang-1160x773.jpg\" alt=\"Ulf -Dieter Kunstmann an Bord eines Schiffs mit sonnenklar.TV-T-Shirt mit Berg in Hintergrund\" class=\"wp-image-38627\" srcset=\"https:\/\/www.sonnenklar.tv\/blog\/wp-content\/uploads\/2026\/03\/Ulf-Dieter-Kunstmann-anfang-1160x773.jpg 1160w, https:\/\/www.sonnenklar.tv\/blog\/wp-content\/uploads\/2026\/03\/Ulf-Dieter-Kunstmann-anfang-800x533.jpg 800w, https:\/\/www.sonnenklar.tv\/blog\/wp-content\/uploads\/2026\/03\/Ulf-Dieter-Kunstmann-anfang-150x100.jpg 150w, https:\/\/www.sonnenklar.tv\/blog\/wp-content\/uploads\/2026\/03\/Ulf-Dieter-Kunstmann-anfang-450x300.jpg 450w, https:\/\/www.sonnenklar.tv\/blog\/wp-content\/uploads\/2026\/03\/Ulf-Dieter-Kunstmann-anfang-768x512.jpg 768w, https:\/\/www.sonnenklar.tv\/blog\/wp-content\/uploads\/2026\/03\/Ulf-Dieter-Kunstmann-anfang.jpg 1200w\" sizes=\"(max-width: 1160px) 100vw, 1160px\" \/><\/a><figcaption class=\"wp-element-caption\">Reisefreudig war Ulf -Dieter Kunstmann schon immer<\/figcaption><\/figure>\n\n\n\n<h2 class=\"wp-block-heading\">Gibt es Reiseziele, die Du noch nie gesehen hast?<\/h2>\n\n\n\n<p>Oh ja \u2013 einige. Ganz oben stehen Australien und Neuseeland. Daf\u00fcr m\u00f6chte ich mir bewusst Zeit nehmen \u2013 und genau die hat bislang gefehlt.<\/p>\n\n\n\n<h2 class=\"wp-block-heading\">Dein Lieblings-Urlaubsort und warum?<\/h2>\n\n\n\n<p>Da mag ich mich unm\u00f6glich festlegen. Ich liebe Thailand, Sri Lanka und die Malediven \u2013 genauso wie unsere \u201eRennstrecken\u201c T\u00fcrkei und \u00c4gypten. Und Kreuzfahrten: Balkonkabine, exzellenter Service, gro\u00dfe Vielfalt \u2013 da ist die Route fast Nebensache.<\/p>\n\n\n\n<figure class=\"wp-block-image size-large\"><a href=\"https:\/\/www.sonnenklar.tv\/blog\/wp-content\/uploads\/2026\/03\/Ulf-Dieter-Kunstmann-Kochkurs-Thailand.jpg\"><img loading=\"lazy\" decoding=\"async\" width=\"1160\" height=\"774\" src=\"https:\/\/www.sonnenklar.tv\/blog\/wp-content\/uploads\/2026\/03\/Ulf-Dieter-Kunstmann-Kochkurs-Thailand-1160x774.jpg\" alt=\"Ulf-Dieter Kunstmann bei Kochkurs in Thailand: bekommt Urkunde von Koch\" class=\"wp-image-38624\" srcset=\"https:\/\/www.sonnenklar.tv\/blog\/wp-content\/uploads\/2026\/03\/Ulf-Dieter-Kunstmann-Kochkurs-Thailand-1160x774.jpg 1160w, https:\/\/www.sonnenklar.tv\/blog\/wp-content\/uploads\/2026\/03\/Ulf-Dieter-Kunstmann-Kochkurs-Thailand-800x534.jpg 800w, https:\/\/www.sonnenklar.tv\/blog\/wp-content\/uploads\/2026\/03\/Ulf-Dieter-Kunstmann-Kochkurs-Thailand-150x100.jpg 150w, https:\/\/www.sonnenklar.tv\/blog\/wp-content\/uploads\/2026\/03\/Ulf-Dieter-Kunstmann-Kochkurs-Thailand-450x300.jpg 450w, https:\/\/www.sonnenklar.tv\/blog\/wp-content\/uploads\/2026\/03\/Ulf-Dieter-Kunstmann-Kochkurs-Thailand-768x513.jpg 768w, https:\/\/www.sonnenklar.tv\/blog\/wp-content\/uploads\/2026\/03\/Ulf-Dieter-Kunstmann-Kochkurs-Thailand.jpg 1200w\" sizes=\"(max-width: 1160px) 100vw, 1160px\" \/><\/a><figcaption class=\"wp-element-caption\">Thailand ist eines von Ulfs Lieblingsreisezielen &#8211; hier bei einem Kochkurs<\/figcaption><\/figure>\n\n\n\n<h2 class=\"wp-block-heading\">Wann ist Dein Urlaub perfekt?<\/h2>\n\n\n\n<p>Wenn ich mit vielen neuen Eindr\u00fccken nach Hause komme und noch lange davon zehren kann. Tolle Str\u00e4nde, hochwertige Hotels, herzliche Menschen, gutes Essen \u2013 und Erlebnisse, die oftmals einfach passieren und nicht unbedingt immer geplant sein m\u00fcssen.<\/p>\n\n\n\n<h2 class=\"wp-block-heading\">Was motiviert Dich an der Pr\u00e4sentation von Reisen noch?<\/h2>\n\n\n\n<p>Ich teile gern meine pers\u00f6nlichen Erfahrungen \u2013 zus\u00e4tzlich zu unseren starken Angeboten. Und wenn ein Zuschauer sagt: \u201eDas haben wir ausprobiert, weil Sie so davon geschw\u00e4rmt haben\u201c, dann ist das das sch\u00f6nste Feedback. Au\u00dferdem sch\u00e4tze ich die kreative Freiheit in meinen Sendungen.<\/p>\n\n\n\n<figure class=\"wp-block-image size-large\"><a href=\"https:\/\/www.sonnenklar.tv\/blog\/wp-content\/uploads\/2026\/03\/Ulf-Dieter-Kunstmann-Schiffsbalkon-2008.jpg\"><img loading=\"lazy\" decoding=\"async\" width=\"1160\" height=\"774\" src=\"https:\/\/www.sonnenklar.tv\/blog\/wp-content\/uploads\/2026\/03\/Ulf-Dieter-Kunstmann-Schiffsbalkon-2008-1160x774.jpg\" alt=\"Ulf-Dieter Kunstmann auf Schiff\" class=\"wp-image-38621\" srcset=\"https:\/\/www.sonnenklar.tv\/blog\/wp-content\/uploads\/2026\/03\/Ulf-Dieter-Kunstmann-Schiffsbalkon-2008-1160x774.jpg 1160w, https:\/\/www.sonnenklar.tv\/blog\/wp-content\/uploads\/2026\/03\/Ulf-Dieter-Kunstmann-Schiffsbalkon-2008-800x534.jpg 800w, https:\/\/www.sonnenklar.tv\/blog\/wp-content\/uploads\/2026\/03\/Ulf-Dieter-Kunstmann-Schiffsbalkon-2008-150x100.jpg 150w, https:\/\/www.sonnenklar.tv\/blog\/wp-content\/uploads\/2026\/03\/Ulf-Dieter-Kunstmann-Schiffsbalkon-2008-450x300.jpg 450w, https:\/\/www.sonnenklar.tv\/blog\/wp-content\/uploads\/2026\/03\/Ulf-Dieter-Kunstmann-Schiffsbalkon-2008-768x513.jpg 768w, https:\/\/www.sonnenklar.tv\/blog\/wp-content\/uploads\/2026\/03\/Ulf-Dieter-Kunstmann-Schiffsbalkon-2008.jpg 1200w\" sizes=\"(max-width: 1160px) 100vw, 1160px\" \/><\/a><figcaption class=\"wp-element-caption\">Eine Balkonkabine mit Ausblick sch\u00e4tzt Ulf beim Urlaub auf hoher See<\/figcaption><\/figure>\n\n\n\n<h2 class=\"wp-block-heading\">Woher nimmst Du Deine Energie?<\/h2>\n\n\n\n<p>Ganz einfach: Ich liebe, was ich tue. DAS ist mein Antrieb!<\/p>\n\n\n\n<h2 class=\"wp-block-heading\">Wo siehst Du sonnenklar.TV in 25 Jahren und\/oder was w\u00fcnschst Du dem Sender?<\/h2>\n\n\n\n<p>sonnenklar.TV ist so fest in der Reiselandschaft verankert, dass ich mir um die Zukunft keine Sorgen mache. Wir haben bislang jede Herausforderung gemeistert und sind aus Krisen gest\u00e4rkt hervorgegangen. Deshalb freue mich darauf, noch viele Reisen und auch noch das eine oder andere Jubil\u00e4um begleiten zu d\u00fcrfen.<\/p>\n\n\n\n<p><strong>Weiterlesen<\/strong>: Lest auch unser <a href=\"https:\/\/www.sonnenklar.tv\/blog\/insides\/interview-michael-goofy-foerster-25-jahre-sonnenklar\/\" data-type=\"link\" data-id=\"https:\/\/www.sonnenklar.tv\/blog\/insides\/interview-michael-goofy-foerster-25-jahre-sonnenklar\/\">Interview mit Goofy<\/a>.<\/p>\n\n\n\n<p><strong>Weiterbl\u00e4ttern: <\/strong> Mehr Fotos von Ulf findet ihr in unserer <a href=\"https:\/\/www.sonnenklar.tv\/blog\/insides\/sonnenklar-tv-jubilaeum-bildergalerie\/\" data-type=\"link\" data-id=\"https:\/\/www.sonnenklar.tv\/blog\/insides\/sonnenklar-tv-jubilaeum-bildergalerie\/\">Bildergalerie zum sonnenklar.TV-Jubil\u00e4um<\/a>.<\/p>\n","protected":false},"excerpt":{"rendered":"<p>25 Jahre sonnenklar.TV \u2013 und Moderator Ulf-Dieter Kunstmann ist fast von Anfang an dabei. Geborener M\u00fcnsteraner, begeisterter Berliner und Wahl-Brandenburger. Hier spricht der Vollblut-Vielreisende \u00fcber seine lebenslange Leidenschaft, spontane sonnenklar.TV Live-Momente und warum die Uhr manchmal sein gr\u00f6\u00dfter Gegner ist Wie und wann bist Du denn zu sonnenklar.TV gekommen? Nur wenige Wochen nach Sendestart \u2013<\/p>\n","protected":false},"author":64,"featured_media":38620,"comment_status":"closed","ping_status":"open","sticky":false,"template":"","format":"standard","meta":{"footnotes":""},"categories":[713,469],"tags":[715,714,761],"class_list":{"0":"post-38511","1":"post","2":"type-post","3":"status-publish","4":"format-standard","5":"has-post-thumbnail","7":"category-interviews","8":"category-insides","9":"tag-25-jahre-sonnenklar-tv","10":"tag-sonnenklar-tv-jubilaeum","11":"tag-ulf-dieter-kunstmann"},"_links":{"self":[{"href":"https:\/\/www.sonnenklar.tv\/blog\/wp-json\/wp\/v2\/posts\/38511","targetHints":{"allow":["GET"]}}],"collection":[{"href":"https:\/\/www.sonnenklar.tv\/blog\/wp-json\/wp\/v2\/posts"}],"about":[{"href":"https:\/\/www.sonnenklar.tv\/blog\/wp-json\/wp\/v2\/types\/post"}],"author":[{"embeddable":true,"href":"https:\/\/www.sonnenklar.tv\/blog\/wp-json\/wp\/v2\/users\/64"}],"replies":[{"embeddable":true,"href":"https:\/\/www.sonnenklar.tv\/blog\/wp-json\/wp\/v2\/comments?post=38511"}],"version-history":[{"count":8,"href":"https:\/\/www.sonnenklar.tv\/blog\/wp-json\/wp\/v2\/posts\/38511\/revisions"}],"predecessor-version":[{"id":38640,"href":"https:\/\/www.sonnenklar.tv\/blog\/wp-json\/wp\/v2\/posts\/38511\/revisions\/38640"}],"wp:featuredmedia":[{"embeddable":true,"href":"https:\/\/www.sonnenklar.tv\/blog\/wp-json\/wp\/v2\/media\/38620"}],"wp:attachment":[{"href":"https:\/\/www.sonnenklar.tv\/blog\/wp-json\/wp\/v2\/media?parent=38511"}],"wp:term":[{"taxonomy":"category","embeddable":true,"href":"https:\/\/www.sonnenklar.tv\/blog\/wp-json\/wp\/v2\/categories?post=38511"},{"taxonomy":"post_tag","embeddable":true,"href":"https:\/\/www.sonnenklar.tv\/blog\/wp-json\/wp\/v2\/tags?post=38511"}],"curies":[{"name":"wp","href":"https:\/\/api.w.org\/{rel}","templated":true}]}}