{"id":37752,"date":"2026-01-09T13:23:34","date_gmt":"2026-01-09T12:23:34","guid":{"rendered":"https:\/\/www.sonnenklar.tv\/blog\/?p=37752"},"modified":"2026-03-19T15:54:42","modified_gmt":"2026-03-19T14:54:42","slug":"interview-michael-goofy-foerster-25-jahre-sonnenklar","status":"publish","type":"post","link":"https:\/\/www.sonnenklar.tv\/blog\/insides\/interview-michael-goofy-foerster-25-jahre-sonnenklar\/","title":{"rendered":"Interview mit sonnenklar.TV Pionier Michael \u201eGoofy\u201c F\u00f6rster &#8211; 25 Jahre Fernwehzauber"},"content":{"rendered":"\n<p><strong>T\u00fcrkisfarbenes Meer, faszinierende Landschaften und lebensfrohe Kulturen: Seit 25 Jahren zeigt sonnenklar.TV die Welt in all ihrer Vielfalt und weckt t\u00e4glich Fernweh. Als \u201eFirst Man on Air\u201c war M\u00fcnchens Radiomatador Michael \u201eGoofy\u201c F\u00f6rster von der ersten Sendeminute an dabei \u2013 und ist es bis heute geblieben. Zum Jubil\u00e4um erinnert er sich an bewegte Anfangsjahre, gro\u00dfe Herausforderungen und die Magie des Reisens.<\/strong><\/p>\n\n\n\n<p><\/p>\n\n\n\n<h2 class=\"wp-block-heading\">Goofy, du warst von Anfang an dabei. Wie kam es dazu?<\/h2>\n\n\n\n<p>Ich moderierte in den 1990er-Jahren bei Radio Gong bereits eine Reisesendung und schlug vor, Urlaub auch im TV anzubieten. Zuerst war man skeptisch. Aber ein Testlauf mit wenigen Angeboten lief derart gut, dass wir sofort rund 200.000 D-Mark umgesetzt haben. Damit war klar: Das funktioniert!<\/p>\n\n\n\n<figure class=\"wp-block-image size-large\"><a href=\"https:\/\/www.sonnenklar.tv\/blog\/wp-content\/uploads\/2026\/01\/Program.Goofy-7.jpg\"><img fetchpriority=\"high\" decoding=\"async\" width=\"1160\" height=\"773\" src=\"https:\/\/www.sonnenklar.tv\/blog\/wp-content\/uploads\/2026\/01\/Program.Goofy-7-1160x773.jpg\" alt=\"Goofy auf Sendung\" class=\"wp-image-37762\" srcset=\"https:\/\/www.sonnenklar.tv\/blog\/wp-content\/uploads\/2026\/01\/Program.Goofy-7-1160x773.jpg 1160w, https:\/\/www.sonnenklar.tv\/blog\/wp-content\/uploads\/2026\/01\/Program.Goofy-7-800x533.jpg 800w, https:\/\/www.sonnenklar.tv\/blog\/wp-content\/uploads\/2026\/01\/Program.Goofy-7-150x100.jpg 150w, https:\/\/www.sonnenklar.tv\/blog\/wp-content\/uploads\/2026\/01\/Program.Goofy-7-450x300.jpg 450w, https:\/\/www.sonnenklar.tv\/blog\/wp-content\/uploads\/2026\/01\/Program.Goofy-7-768x512.jpg 768w, https:\/\/www.sonnenklar.tv\/blog\/wp-content\/uploads\/2026\/01\/Program.Goofy-7.jpg 1200w\" sizes=\"(max-width: 1160px) 100vw, 1160px\" \/><\/a><figcaption class=\"wp-element-caption\">Goofy auf Sendung<\/figcaption><\/figure>\n\n\n\n<h2 class=\"wp-block-heading\">Wie entstand der Sendername?<\/h2>\n\n\n\n<p>Unsere erste Reisesendung hie\u00df \u201eurlaubsreif\u201c, doch ein Reiseb\u00fcro gleichen Namens drohte mit Klage. Also wurde 2001 \u201esonnenklar\u201c daraus, und im M\u00e4rz 2003 starteten wir schlie\u00dflich als eigener Sender mit 24-Stunden-Programm.<\/p>\n\n\n\n<h2 class=\"wp-block-heading\">Was waren die gr\u00f6\u00dften Herausforderungen?<\/h2>\n\n\n\n<p>Corona war sicher die h\u00e4rteste Phase: Von heute auf morgen keine buchbaren Reisen mehr. Dass wir trotzdem weitersendeten \u2013 Reportagen zeigten und \u00fcber die aktuelle Lage in Urlaubsl\u00e4ndern informierten \u2013 bewies unseren Teamgeist. Auch politische Krisen, wie 2013 in \u00c4gypten, haben uns gepr\u00e4gt. Damals waren wir die Ersten, die wieder Reisen ans Rote Meer anbieten konnten, nachdem wir mit dem Tourismusminister \u00c4gyptens ein exklusives Interview zur damaligen Situation und Wiederaufnahme der Destination auf sonnenklar.TV gef\u00fchrt haben.<\/p>\n\n\n\n<figure class=\"wp-block-image size-large\"><a href=\"https:\/\/www.sonnenklar.tv\/blog\/wp-content\/uploads\/2026\/01\/Goofy-auf-Achse-in-der-Wueste.jpg\"><img decoding=\"async\" width=\"1160\" height=\"773\" src=\"https:\/\/www.sonnenklar.tv\/blog\/wp-content\/uploads\/2026\/01\/Goofy-auf-Achse-in-der-Wueste-1160x773.jpg\" alt=\"Goofy auf Achse in der W\u00fcste\" class=\"wp-image-37759\" srcset=\"https:\/\/www.sonnenklar.tv\/blog\/wp-content\/uploads\/2026\/01\/Goofy-auf-Achse-in-der-Wueste-1160x773.jpg 1160w, https:\/\/www.sonnenklar.tv\/blog\/wp-content\/uploads\/2026\/01\/Goofy-auf-Achse-in-der-Wueste-800x533.jpg 800w, https:\/\/www.sonnenklar.tv\/blog\/wp-content\/uploads\/2026\/01\/Goofy-auf-Achse-in-der-Wueste-150x100.jpg 150w, https:\/\/www.sonnenklar.tv\/blog\/wp-content\/uploads\/2026\/01\/Goofy-auf-Achse-in-der-Wueste-450x300.jpg 450w, https:\/\/www.sonnenklar.tv\/blog\/wp-content\/uploads\/2026\/01\/Goofy-auf-Achse-in-der-Wueste-768x512.jpg 768w, https:\/\/www.sonnenklar.tv\/blog\/wp-content\/uploads\/2026\/01\/Goofy-auf-Achse-in-der-Wueste.jpg 1200w\" sizes=\"(max-width: 1160px) 100vw, 1160px\" \/><\/a><figcaption class=\"wp-element-caption\">Goofy auf Achse in der W\u00fcste<\/figcaption><\/figure>\n\n\n\n<h2 class=\"wp-block-heading\">Wie hat sich das Reisen ver\u00e4ndert?<\/h2>\n\n\n\n<p>Fr\u00fcher dominierten Pauschalreisen in die T\u00fcrkei, nach \u00c4gypten oder Italien. Heute wollen viele die Welt und Neues entdecken: Peru, Argentinien, Vietnam, Himalaya \u2013 je au\u00dfergew\u00f6hnlicher, desto besser. Und Kreuzfahrten haben sich zu einem echten Boom entwickelt.<\/p>\n\n\n\n<h2 class=\"wp-block-heading\">Deine erste Kreuzfahrt?<\/h2>\n\n\n\n<p>2004 auf der Costa Victoria \u2013 eine Musikgala mit K\u00fcnstlern wie Heino, Stefanie Hertel und Stefan Mross. Seitdem bin ich Kreuzfahrtfan: Jeden Tag ein neuer Eindruck, und trotzdem unglaublich entspannend.<\/p>\n\n\n\n<figure class=\"wp-block-image size-large\"><a href=\"https:\/\/www.sonnenklar.tv\/blog\/wp-content\/uploads\/2026\/01\/Goofy-am-Pool.jpg\"><img decoding=\"async\" width=\"1160\" height=\"773\" src=\"https:\/\/www.sonnenklar.tv\/blog\/wp-content\/uploads\/2026\/01\/Goofy-am-Pool-1160x773.jpg\" alt=\"Goofy am Pool\" class=\"wp-image-37761\" srcset=\"https:\/\/www.sonnenklar.tv\/blog\/wp-content\/uploads\/2026\/01\/Goofy-am-Pool-1160x773.jpg 1160w, https:\/\/www.sonnenklar.tv\/blog\/wp-content\/uploads\/2026\/01\/Goofy-am-Pool-800x533.jpg 800w, https:\/\/www.sonnenklar.tv\/blog\/wp-content\/uploads\/2026\/01\/Goofy-am-Pool-150x100.jpg 150w, https:\/\/www.sonnenklar.tv\/blog\/wp-content\/uploads\/2026\/01\/Goofy-am-Pool-450x300.jpg 450w, https:\/\/www.sonnenklar.tv\/blog\/wp-content\/uploads\/2026\/01\/Goofy-am-Pool-768x512.jpg 768w, https:\/\/www.sonnenklar.tv\/blog\/wp-content\/uploads\/2026\/01\/Goofy-am-Pool.jpg 1200w\" sizes=\"(max-width: 1160px) 100vw, 1160px\" \/><\/a><figcaption class=\"wp-element-caption\">Goofy am Pool<\/figcaption><\/figure>\n\n\n\n<h2 class=\"wp-block-heading\">Woher kommt Deine Leidenschaft f\u00fcrs Reisen?<\/h2>\n\n\n\n<p>Meine Frau Astrid, mit der ich n\u00e4chstes Jahr 35-j\u00e4hriges Jubil\u00e4um feiere, hat mich inspiriert. Unsere Hochzeitsreise f\u00fchrte direkt auf den Nil, sp\u00e4ter folgten Mauritius oder S\u00fcdafrika. Durch sie habe ich meinen Horizont enorm erweitert.<\/p>\n\n\n\n<h2 class=\"wp-block-heading\">Gibt es Reiseziele, die Du noch nie gesehen hast?<\/h2>\n\n\n\n<p>Japan reizt mich sehr \u2013 und Shanghai w\u00fcrde ich gern mit einer Rundreise verbinden.<\/p>\n\n\n\n<h2 class=\"wp-block-heading\">Welche prominenten Begegnungen sind Dir besonders im Ged\u00e4chtnis geblieben?<\/h2>\n\n\n\n<p>Der Medienrummel um die Geissens war unglaublich \u2013 ein geplantes Interview kam nie zustande, weil sie vorher abreisten. Am meisten beeindruckt mich aber bis heute Reiner Meutsch mit seiner Fly-&amp;-Help-Stiftung, f\u00fcr die ich als DJ gerne im Einsatz bin. Ich freue mich auch, dass sonnenklar.TV seine Projekte unterst\u00fctzt.<\/p>\n\n\n\n<figure class=\"wp-block-image size-large\"><a href=\"https:\/\/www.sonnenklar.tv\/blog\/wp-content\/uploads\/2026\/01\/Goofy-und-Reiner-Meutsch-bei-sonnenklarTV.jpg\"><img loading=\"lazy\" decoding=\"async\" width=\"1160\" height=\"771\" src=\"https:\/\/www.sonnenklar.tv\/blog\/wp-content\/uploads\/2026\/01\/Goofy-und-Reiner-Meutsch-bei-sonnenklarTV-1160x771.jpg\" alt=\"Goofy und Reiner Meutsch bei sonnenklarTV\" class=\"wp-image-37760\" srcset=\"https:\/\/www.sonnenklar.tv\/blog\/wp-content\/uploads\/2026\/01\/Goofy-und-Reiner-Meutsch-bei-sonnenklarTV-1160x771.jpg 1160w, https:\/\/www.sonnenklar.tv\/blog\/wp-content\/uploads\/2026\/01\/Goofy-und-Reiner-Meutsch-bei-sonnenklarTV-800x532.jpg 800w, https:\/\/www.sonnenklar.tv\/blog\/wp-content\/uploads\/2026\/01\/Goofy-und-Reiner-Meutsch-bei-sonnenklarTV-150x100.jpg 150w, https:\/\/www.sonnenklar.tv\/blog\/wp-content\/uploads\/2026\/01\/Goofy-und-Reiner-Meutsch-bei-sonnenklarTV-450x299.jpg 450w, https:\/\/www.sonnenklar.tv\/blog\/wp-content\/uploads\/2026\/01\/Goofy-und-Reiner-Meutsch-bei-sonnenklarTV-768x511.jpg 768w, https:\/\/www.sonnenklar.tv\/blog\/wp-content\/uploads\/2026\/01\/Goofy-und-Reiner-Meutsch-bei-sonnenklarTV.jpg 1200w\" sizes=\"(max-width: 1160px) 100vw, 1160px\" \/><\/a><figcaption class=\"wp-element-caption\">Mit Reiner Meutsch bei sonnenklarTV<\/figcaption><\/figure>\n\n\n\n<h2 class=\"wp-block-heading\">Was treibt dich nach all den Jahren an?<\/h2>\n\n\n\n<p>Reisen bildet und verbindet. Neue Menschen und Geschichten kennenzulernen macht mir genauso viel Freude wie das Weitergeben meiner Erlebnisse an unsere Zuschauer.<\/p>\n\n\n\n<h2 class=\"wp-block-heading\">Deine W\u00fcnsche f\u00fcr die n\u00e4chsten 25 Jahre sonnenklar.TV?<\/h2>\n\n\n\n<p>Dass wir unseren Zusammenhalt bewahren, mutig bleiben und weiterhin neue Ideen finden, die uns einzigartig machen.<\/p>\n\n\n\n<p><strong>Weiterlesen im Blog<\/strong>: Lest auch unsere Interviews mit den anderen Moderatoren zum 25. Geburtstag von sonnenklar.tv:  <a href=\"https:\/\/www.sonnenklar.tv\/blog\/insides\/interviews\/ulf-dieter-kunstmann-interview-25-jahre-sonnenklar\/\" data-type=\"link\" data-id=\"https:\/\/www.sonnenklar.tv\/blog\/insides\/interviews\/ulf-dieter-kunstmann-interview-25-jahre-sonnenklar\/\">Interview mit Ulf-Dieter<\/a>.<\/p>\n\n\n\n<p><strong>Weiterbl\u00e4ttern:\u00a0<\/strong>Mehr Fotos von Ulf findet ihr in unserer\u00a0<a href=\"https:\/\/www.sonnenklar.tv\/blog\/insides\/sonnenklar-tv-jubilaeum-bildergalerie\/\">Bildergalerie zum sonnenklar.TV-Jubil\u00e4um<\/a>.<\/p>\n","protected":false},"excerpt":{"rendered":"<p>T\u00fcrkisfarbenes Meer, faszinierende Landschaften und lebensfrohe Kulturen: Seit 25 Jahren zeigt sonnenklar.TV die Welt in all ihrer Vielfalt und weckt t\u00e4glich Fernweh. Als \u201eFirst Man on Air\u201c war M\u00fcnchens Radiomatador Michael \u201eGoofy\u201c F\u00f6rster von der ersten Sendeminute an dabei \u2013 und ist es bis heute geblieben. Zum Jubil\u00e4um erinnert er sich an bewegte Anfangsjahre, gro\u00dfe<\/p>\n","protected":false},"author":64,"featured_media":37758,"comment_status":"closed","ping_status":"open","sticky":false,"template":"","format":"standard","meta":{"footnotes":""},"categories":[469,471,713],"tags":[715,717,714],"class_list":{"0":"post-37752","1":"post","2":"type-post","3":"status-publish","4":"format-standard","5":"has-post-thumbnail","7":"category-insides","8":"category-hinter-den-kulissen","9":"category-interviews","10":"tag-25-jahre-sonnenklar-tv","11":"tag-goofy-foerster","12":"tag-sonnenklar-tv-jubilaeum"},"_links":{"self":[{"href":"https:\/\/www.sonnenklar.tv\/blog\/wp-json\/wp\/v2\/posts\/37752","targetHints":{"allow":["GET"]}}],"collection":[{"href":"https:\/\/www.sonnenklar.tv\/blog\/wp-json\/wp\/v2\/posts"}],"about":[{"href":"https:\/\/www.sonnenklar.tv\/blog\/wp-json\/wp\/v2\/types\/post"}],"author":[{"embeddable":true,"href":"https:\/\/www.sonnenklar.tv\/blog\/wp-json\/wp\/v2\/users\/64"}],"replies":[{"embeddable":true,"href":"https:\/\/www.sonnenklar.tv\/blog\/wp-json\/wp\/v2\/comments?post=37752"}],"version-history":[{"count":5,"href":"https:\/\/www.sonnenklar.tv\/blog\/wp-json\/wp\/v2\/posts\/37752\/revisions"}],"predecessor-version":[{"id":38913,"href":"https:\/\/www.sonnenklar.tv\/blog\/wp-json\/wp\/v2\/posts\/37752\/revisions\/38913"}],"wp:featuredmedia":[{"embeddable":true,"href":"https:\/\/www.sonnenklar.tv\/blog\/wp-json\/wp\/v2\/media\/37758"}],"wp:attachment":[{"href":"https:\/\/www.sonnenklar.tv\/blog\/wp-json\/wp\/v2\/media?parent=37752"}],"wp:term":[{"taxonomy":"category","embeddable":true,"href":"https:\/\/www.sonnenklar.tv\/blog\/wp-json\/wp\/v2\/categories?post=37752"},{"taxonomy":"post_tag","embeddable":true,"href":"https:\/\/www.sonnenklar.tv\/blog\/wp-json\/wp\/v2\/tags?post=37752"}],"curies":[{"name":"wp","href":"https:\/\/api.w.org\/{rel}","templated":true}]}}