{"id":35408,"date":"2025-05-28T09:26:40","date_gmt":"2025-05-28T08:26:40","guid":{"rendered":"https:\/\/www.sonnenklar.tv\/blog\/?p=35408"},"modified":"2025-11-28T14:49:23","modified_gmt":"2025-11-28T13:49:23","slug":"coolcation","status":"publish","type":"post","link":"https:\/\/www.sonnenklar.tv\/blog\/reisetipps\/coolcation\/","title":{"rendered":"Reisetrend Coolcation: Im Sommerurlaub einen k\u00fchlen Kopf behalten"},"content":{"rendered":"\n<p><strong>W\u00e4hrend ihr durch euren Urlaubsort spaziert, denkt ihr st\u00e4ndig an den Song \u201e36 Grad und es wird noch hei\u00dfer\u201c. Ihr k\u00f6nntet jede Minute die Kleidung wechseln und w\u00fcnscht euch einen Rucksack mit Eisbeuteln auf eurem R\u00fccken. Erholung sp\u00fcrt ihr nur auf eurem klimatisierten Zimmer. Da hei\u00dft es wohl, \u201eeinen k\u00fchlen Kopf zu behalten\u201c! Nur nicht dort! Geht in den Sommermonaten in die Coolcation &#8211; daf\u00fcr stellen wir euch in diesem Beitrag die perfekten Reiseziele vor.&nbsp;<\/strong><\/p>\n\n\n\n<p>Unter Coolcation verstehen wir einen Reisetrend, bei dem Urlauber im Hochsommer Reiseziele bevorzugen, an denen milde Temperaturen herrschen und gelegentlich ein leichter Wind weht. Hier k\u00f6nnt ihr entspannt Sehensw\u00fcrdigkeiten entdecken, aber auch Badespa\u00df erleben. Ob in Skandinavien, in Irland, in Kanada oder am Baltikum &#8211; euer K\u00f6rper und Geist werden sich hier gleicherma\u00dfen erholen.<\/p>\n\n\n\n<p><strong>Inhaltsverzeichnis<\/strong><\/p>\n\n\n\n<ul class=\"wp-block-list\">\n<li><a href=\"#skandinavien\" title=\"Skandinaviens K\u00f6nigreiche eint die Kraft der Wikinger\">Skandinaviens K\u00f6nigreiche eint die Kraft der Wikinger<\/a><\/li>\n\n\n\n<li><a href=\"#daenemark\" title=\"Die d\u00e4nisch frische Brise und Freundlichkeit\">Die d\u00e4nisch frische Brise und Freundlichkeit<\/a><\/li>\n\n\n\n<li><a href=\"#schweden\" title=\"Erholsames Wohlf\u00fchlen in Schwedens Natur und St\u00e4dten\">Erholsames Wohlf\u00fchlen in Schwedens Natur und St\u00e4dten<\/a><\/li>\n\n\n\n<li><a href=\"#polarlichter\" title=\"Coolcation auf dem n\u00f6rdlichem Weg zu den Polarlichtern\">Coolcation auf dem n\u00f6rdlichem Weg zu den Polarlichtern<\/a><\/li>\n\n\n\n<li><a href=\"#irland\" title=\"Coolcation in Irland: auf der Spur der Feen und Geister \">Coolcation in Irland: auf der Spur der Feen und Geister <\/a><\/li>\n\n\n\n<li><a href=\"#kanada\" title=\"K\u00fchle Sommer-Zeit verbringen im freundlichen Kanada\">K\u00fchle Sommer-Zeit verbringen im freundlichen Kanada<\/a><\/li>\n\n\n\n<li><a href=\"#estland\" title=\"Ein harmonisches Leben inmitten estl\u00e4ndischer Natur\">Ein harmonisches Leben inmitten estl\u00e4ndischer Natur<\/a><\/li>\n\n\n\n<li><a href=\"#fazit\" title=\"Fazit zur Coolcation\">Fazit zur Coolcation<\/a><\/li>\n<\/ul>\n\n\n\n<p><\/p>\n\n\n\n<h2 class=\"wp-block-heading\" id=\"skandinavien\">Skandinaviens K\u00f6nigreiche eint die Kraft der Wikinger<\/h2>\n\n\n\n<p>Zum Thema Coolcation kommt euch bestimmt Skandinavien in den Sinn. Eure Sp\u00fcrnase liegt da genau richtig und darf sich hier gleich einmal ein mildes L\u00fcftchen um sich selbst wehen lassen! Diese wasserreiche Region besteht aus den demokratischen Monarchien D\u00e4nemark, Norwegen und Schweden. Drei Coolcation-Ziele, die auch schon die Wikinger wohl ziemlich \u201ecool\u201c fanden und in diesen nordischen Gebieten Europas zu ihrer Heimat machten. Einige interessante Artefakte sind von den robusten Zeitgenossen deshalb hier noch zu entdecken. \u00dcberhaupt besitzen die D\u00e4nen, Schweden und Norweger eine \u00e4hnliche Kultur und Sprache. Beste Freunde waren die Drei jedoch nicht immer. Besonders die Schweden und D\u00e4nen gingen sich \u2026 naja, sagen wir so \u2026 immer wieder gegenseitig auf den Zeiger. Das blieb so bis Anfang 19. Jahrhundert. Doch zum Gl\u00fcck herrscht inzwischen eine lange Freundschaft und Solidarit\u00e4t. Es wurden Br\u00fccken gebaut!&nbsp; Und was f\u00fcr welche! Die beeindruckendste ist die \u00d6resund-Br\u00fccke. Sie steht f\u00fcr die Verbindung zwischen D\u00e4nemark und Schweden.<\/p>\n\n\n\n<h2 class=\"wp-block-heading\" id=\"daenemark\">Die d\u00e4nisch frische Brise und Freundlichkeit<\/h2>\n\n\n\n<p>An das n\u00f6rdlichste deutsche Bundesland Schleswig-Holstein grenzt D\u00e4nemark. Bei diesem europ\u00e4ischen Coolcation \u2013 Reiseziel erwarten euch erfrischende Sommertemperaturen zwischen 20 bis gelegentlich 30 Grad Celsius. Gleichbleibend warmherzig ist die Gastfreundschaft der D\u00e4nen. D\u00e4nemark hat sowohl K\u00fcste an der Nord- als auch an der Ostsee.&nbsp; Vorwiegend flach und gr\u00fcn ist das Land.<\/p>\n\n\n\n<figure class=\"wp-block-image size-full\"><a href=\"https:\/\/www.sonnenklar.tv\/blog\/wp-content\/uploads\/2022\/05\/GettyImages-157398116.jpg_3481696_master.jpg\"><img fetchpriority=\"high\" decoding=\"async\" width=\"880\" height=\"450\" src=\"https:\/\/www.sonnenklar.tv\/blog\/wp-content\/uploads\/2022\/05\/GettyImages-157398116.jpg_3481696_master.jpg\" alt=\"\" class=\"wp-image-19719\" srcset=\"https:\/\/www.sonnenklar.tv\/blog\/wp-content\/uploads\/2022\/05\/GettyImages-157398116.jpg_3481696_master.jpg 880w, https:\/\/www.sonnenklar.tv\/blog\/wp-content\/uploads\/2022\/05\/GettyImages-157398116.jpg_3481696_master-300x153.jpg 300w, https:\/\/www.sonnenklar.tv\/blog\/wp-content\/uploads\/2022\/05\/GettyImages-157398116.jpg_3481696_master-768x393.jpg 768w\" sizes=\"(max-width: 880px) 100vw, 880px\" \/><\/a><figcaption class=\"wp-element-caption\">D\u00e4nemark ist perfekt mit dem Rad zu erkunden.<\/figcaption><\/figure>\n\n\n\n<p>D\u00e4nemarks Hauptstadt Kopenhagen ist eine k\u00f6nigliche Stadt. Hier geht ihr erst shoppen zwischen imposanten roten Backsteinh\u00e4usern und dann k\u00f6nnt ihr euch k\u00f6niglich am\u00fcsieren im acht Hektar gro\u00dfen Tivoli-Freizeitpark. Dieser liegt n\u00e4mlich auch mitten in der Innenstadt. Sehenswert ist die Wachabl\u00f6sung am Stadtschloss Amalienborg. Es ist der Sitz von K\u00f6nig Frederik X. und K\u00f6nigin Mary. <\/p>\n\n\n\n<div class=\"wp-block-buttons is-content-justification-center is-layout-flex wp-container-core-buttons-is-layout-16018d1d wp-block-buttons-is-layout-flex\">\n<div class=\"wp-block-button\"><a class=\"wp-block-button__link wp-element-button\" href=\"https:\/\/www.sonnenklar.tv\/hotels\/daenemark\/kopenhagen.html\">kopenhagen hotelangebote<\/a><\/div>\n<\/div>\n\n\n\n<p>Nicht weit davon die wundersch\u00f6ne Kulisse des Nyhavn mit seinen bunten H\u00e4usern, wo gerne Stra\u00dfenmusiker Unterhaltung bieten. Rund 400 Inseln hat D\u00e4nemark. Einen breiten, langen Traumstrand bietet die Nordsee-Insel R\u00f8m\u00f8. Besonders viel Sonne gibt es auf der Ostseeinsel Bornholm. Hier werden euch romantische Fischerorte, Windm\u00fchlen, Leuchtt\u00fcrme sowie gro\u00dfartige Str\u00e4nde, aber auch Klippen begeistern.&nbsp;<\/p>\n\n\n\n<figure class=\"wp-block-image size-full\"><a href=\"https:\/\/www.sonnenklar.tv\/blog\/wp-content\/uploads\/2024\/09\/GettyImages-1167432183_4089674.jpg\"><img decoding=\"async\" width=\"880\" height=\"449\" src=\"https:\/\/www.sonnenklar.tv\/blog\/wp-content\/uploads\/2024\/09\/GettyImages-1167432183_4089674.jpg\" alt=\"Bunte H\u00e4user, Boote und D\u00e4nemarkflagge in Kopenhagen\" class=\"wp-image-32005\" srcset=\"https:\/\/www.sonnenklar.tv\/blog\/wp-content\/uploads\/2024\/09\/GettyImages-1167432183_4089674.jpg 880w, https:\/\/www.sonnenklar.tv\/blog\/wp-content\/uploads\/2024\/09\/GettyImages-1167432183_4089674-18x9.jpg 18w, https:\/\/www.sonnenklar.tv\/blog\/wp-content\/uploads\/2024\/09\/GettyImages-1167432183_4089674-150x77.jpg 150w, https:\/\/www.sonnenklar.tv\/blog\/wp-content\/uploads\/2024\/09\/GettyImages-1167432183_4089674-450x230.jpg 450w, https:\/\/www.sonnenklar.tv\/blog\/wp-content\/uploads\/2024\/09\/GettyImages-1167432183_4089674-768x392.jpg 768w, https:\/\/www.sonnenklar.tv\/blog\/wp-content\/uploads\/2024\/09\/GettyImages-1167432183_4089674-800x408.jpg 800w, https:\/\/www.sonnenklar.tv\/blog\/wp-content\/uploads\/2024\/09\/GettyImages-1167432183_4089674-120x61.jpg 120w, https:\/\/www.sonnenklar.tv\/blog\/wp-content\/uploads\/2024\/09\/GettyImages-1167432183_4089674-90x46.jpg 90w, https:\/\/www.sonnenklar.tv\/blog\/wp-content\/uploads\/2024\/09\/GettyImages-1167432183_4089674-320x163.jpg 320w, https:\/\/www.sonnenklar.tv\/blog\/wp-content\/uploads\/2024\/09\/GettyImages-1167432183_4089674-560x286.jpg 560w\" sizes=\"(max-width: 880px) 100vw, 880px\" \/><\/a><figcaption class=\"wp-element-caption\">Bunte H\u00e4user am Hafen von Kopenhangen<\/figcaption><\/figure>\n\n\n\n<div class=\"wp-block-buttons is-content-justification-center is-layout-flex wp-container-core-buttons-is-layout-16018d1d wp-block-buttons-is-layout-flex\">\n<div class=\"wp-block-button\"><a class=\"wp-block-button__link wp-element-button\" href=\"https:\/\/www.sonnenklar.tv\/urlaub\/daenemark.html\">d\u00e4nemark Urlaubsangebote<\/a><\/div>\n\n\n\n<div class=\"wp-block-button\"><a class=\"wp-block-button__link wp-element-button\" href=\"https:\/\/www.sonnenklar.tv\/promo\/ferienhaus-daenemark.html\">D\u00e4nemark Ferienh\u00e4user &#8211; angebote<\/a><\/div>\n<\/div>\n\n\n\n<h2 class=\"wp-block-heading\" id=\"schweden\">Erholsames Wohlf\u00fchlen in Schwedens Natur und St\u00e4dten<\/h2>\n\n\n\n<p>Die \u00d6resund \u2013 Br\u00fccke verbindet das d\u00e4nische Kopenhagen mit dem schwedischen Malm\u00f6. Nachdem euch die l\u00e4ngste Schr\u00e4gseilbr\u00fccke der Welt die Sprache verschlagen hat, findet ihr diese sicherlich wieder, wenn ihr von den herzlichen Schweden fr\u00f6hlich mit \u201eHey Hey\u201c gegr\u00fc\u00dft werdet. Malm\u00f6 ist eine gesellige Stadt mit einer h\u00fcbschen Altstadt, die einst sogar mal d\u00e4nisch war. Mit dem Malm\u00f6hus seht ihr hier das \u00e4lteste erhaltene Renaissanceschloss Skandinaviens.<\/p>\n\n\n\n<figure class=\"wp-block-image size-full\"><a href=\"https:\/\/www.sonnenklar.tv\/blog\/wp-content\/uploads\/2025\/04\/GettyImages-1050730234_stockholm-schaeren-sandhamn-schweden_3861323.jpg\"><img decoding=\"async\" width=\"880\" height=\"450\" src=\"https:\/\/www.sonnenklar.tv\/blog\/wp-content\/uploads\/2025\/04\/GettyImages-1050730234_stockholm-schaeren-sandhamn-schweden_3861323.jpg\" alt=\"Hafen in Stockholm, Schweden\" class=\"wp-image-35167\" srcset=\"https:\/\/www.sonnenklar.tv\/blog\/wp-content\/uploads\/2025\/04\/GettyImages-1050730234_stockholm-schaeren-sandhamn-schweden_3861323.jpg 880w, https:\/\/www.sonnenklar.tv\/blog\/wp-content\/uploads\/2025\/04\/GettyImages-1050730234_stockholm-schaeren-sandhamn-schweden_3861323-150x77.jpg 150w, https:\/\/www.sonnenklar.tv\/blog\/wp-content\/uploads\/2025\/04\/GettyImages-1050730234_stockholm-schaeren-sandhamn-schweden_3861323-450x230.jpg 450w, https:\/\/www.sonnenklar.tv\/blog\/wp-content\/uploads\/2025\/04\/GettyImages-1050730234_stockholm-schaeren-sandhamn-schweden_3861323-768x393.jpg 768w, https:\/\/www.sonnenklar.tv\/blog\/wp-content\/uploads\/2025\/04\/GettyImages-1050730234_stockholm-schaeren-sandhamn-schweden_3861323-800x409.jpg 800w, https:\/\/www.sonnenklar.tv\/blog\/wp-content\/uploads\/2025\/04\/GettyImages-1050730234_stockholm-schaeren-sandhamn-schweden_3861323-18x9.jpg 18w, https:\/\/www.sonnenklar.tv\/blog\/wp-content\/uploads\/2025\/04\/GettyImages-1050730234_stockholm-schaeren-sandhamn-schweden_3861323-120x61.jpg 120w, https:\/\/www.sonnenklar.tv\/blog\/wp-content\/uploads\/2025\/04\/GettyImages-1050730234_stockholm-schaeren-sandhamn-schweden_3861323-90x46.jpg 90w, https:\/\/www.sonnenklar.tv\/blog\/wp-content\/uploads\/2025\/04\/GettyImages-1050730234_stockholm-schaeren-sandhamn-schweden_3861323-320x164.jpg 320w, https:\/\/www.sonnenklar.tv\/blog\/wp-content\/uploads\/2025\/04\/GettyImages-1050730234_stockholm-schaeren-sandhamn-schweden_3861323-560x286.jpg 560w\" sizes=\"(max-width: 880px) 100vw, 880px\" \/><\/a><figcaption class=\"wp-element-caption\">Spaziert in Stockholm am Hafen entlang<\/figcaption><\/figure>\n\n\n\n<p>Das schwedische Land ist eine so friedliche Idllye wie in den Kinderb\u00fcchern von Astrid Lingreen beschrieben: Viel Natur, romantische Alleen, unglaubliche 96.000 Seen sowie kleine Wohnsiedlungen mit den typischen Holzh\u00e4usern in Falunrot oder Gutsherren-Gelb.&nbsp; Astrid Lindgreens Leben samt ihrer Villa Kunterbunt k\u00f6nnt ihr in Vimmerby nachempfinden. \u00d6land an der Ostsee ist die Lieblingsinsel der schwedischen Monarchie. Sie begeistert mit rund 400 M\u00fchlen sowie kleinen K\u00fcstenorten und den von D\u00fcnen ges\u00e4umten Str\u00e4nden. Hauptwohnsitz von K\u00f6nig Carl Gustav und K\u00f6nigin Silvia ist Schloss Drottningholm, wo es im Schlosspark ein sehr sch\u00f6nes kleines Theater aus dem 18. Jahrhundert zu sehen gibt.<\/p>\n\n\n\n<figure class=\"wp-block-image size-full\"><a href=\"https:\/\/www.sonnenklar.tv\/blog\/wp-content\/uploads\/2024\/09\/GettyImages-523358726-Lake-Malaren_4432489.jpg\"><img loading=\"lazy\" decoding=\"async\" width=\"880\" height=\"455\" src=\"https:\/\/www.sonnenklar.tv\/blog\/wp-content\/uploads\/2024\/09\/GettyImages-523358726-Lake-Malaren_4432489.jpg\" alt=\"Zwei Menschen rudern in Boot auf Malar See in Schweden\" class=\"wp-image-31975\" srcset=\"https:\/\/www.sonnenklar.tv\/blog\/wp-content\/uploads\/2024\/09\/GettyImages-523358726-Lake-Malaren_4432489.jpg 880w, https:\/\/www.sonnenklar.tv\/blog\/wp-content\/uploads\/2024\/09\/GettyImages-523358726-Lake-Malaren_4432489-18x9.jpg 18w, https:\/\/www.sonnenklar.tv\/blog\/wp-content\/uploads\/2024\/09\/GettyImages-523358726-Lake-Malaren_4432489-150x78.jpg 150w, https:\/\/www.sonnenklar.tv\/blog\/wp-content\/uploads\/2024\/09\/GettyImages-523358726-Lake-Malaren_4432489-450x233.jpg 450w, https:\/\/www.sonnenklar.tv\/blog\/wp-content\/uploads\/2024\/09\/GettyImages-523358726-Lake-Malaren_4432489-768x397.jpg 768w, https:\/\/www.sonnenklar.tv\/blog\/wp-content\/uploads\/2024\/09\/GettyImages-523358726-Lake-Malaren_4432489-800x414.jpg 800w, https:\/\/www.sonnenklar.tv\/blog\/wp-content\/uploads\/2024\/09\/GettyImages-523358726-Lake-Malaren_4432489-120x62.jpg 120w, https:\/\/www.sonnenklar.tv\/blog\/wp-content\/uploads\/2024\/09\/GettyImages-523358726-Lake-Malaren_4432489-90x47.jpg 90w, https:\/\/www.sonnenklar.tv\/blog\/wp-content\/uploads\/2024\/09\/GettyImages-523358726-Lake-Malaren_4432489-320x165.jpg 320w, https:\/\/www.sonnenklar.tv\/blog\/wp-content\/uploads\/2024\/09\/GettyImages-523358726-Lake-Malaren_4432489-560x290.jpg 560w\" sizes=\"(max-width: 880px) 100vw, 880px\" \/><\/a><figcaption class=\"wp-element-caption\">Genie\u00dft Schwedens sch\u00f6ne Natur, zum Beispiel am Malar See<\/figcaption><\/figure>\n\n\n\n<h3 class=\"wp-block-heading\">K\u00fchler Sommerurlaub in Stockholm<\/h3>\n\n\n\n<p>An Sch\u00e4ren vorbei \u00fcber Wasserstra\u00dfen ist dieses malerische Schloss mit historischen Schiffen von Stockholm aus gut zu erreichen. Hervorzuheben ist an Schweden, dass alles in einem sauberen Zustand ist. So sehen auch die Schiffe aus, als w\u00e4ren sie gerade erst gebaut worden. Die schwedische Hauptstadt ist auf unz\u00e4hligen Inseln errichtet. Einen unglaublichen Anblick bietet das mittelalterliche Kriegsschiff \u201dVasa\u201d, welches in den 70iger Jahren im Hafen von Stockholm gehoben wurde. Es ist fast ganz im Originalzustand erhalten. Stockholm begeistert mit seinen 53 Br\u00fccken, die 14 Stadtinseln verbinden, sowie mit den gro\u00dfen majest\u00e4tischen H\u00e4usern am Hafen und seinen h\u00fcbschen Gassen. Die engste Gasse ist nur 90 cm breit. Fahrt mit einer Glaskugel auf das Kuppeldach der riesigen Avicii Arena und genie\u00dft in 130 Meter H\u00f6he eine 360 Grad Rundumblick. Besucht mit dem Skansen das erste Freilichtmuseum der Welt und taucht ein in die Bauten der Vergangenheit Schwedens.<\/p>\n\n\n\n<div class=\"wp-block-buttons is-content-justification-center is-layout-flex wp-container-core-buttons-is-layout-16018d1d wp-block-buttons-is-layout-flex\">\n<div class=\"wp-block-button\"><a class=\"wp-block-button__link wp-element-button\" href=\"https:\/\/www.sonnenklar.tv\/promo\/staedtereisen-stockholm.html\">Stockholm urlaubsangebote<\/a><\/div>\n<\/div>\n\n\n\n<p><strong>Lesetipp:<\/strong>  Ihr braucht f\u00fcr eure St\u00e4dtereise nach Stockholm noch Inspiration? Lest in unserem Blogartikel, welche <a href=\"https:\/\/www.sonnenklar.tv\/blog\/stockholm-sehenswuerdigkeiten\/\" target=\"_blank\" rel=\"noopener\">Stockholm Sehensw\u00fcrdigkeiten<\/a> ihr euch unbedingt anschauen solltet.<\/p>\n\n\n\n<h2 class=\"wp-block-heading\" id=\"polarlichter\">Coolcation in Nordwegen: auf  n\u00f6rdlichem Weg zu den Polarlichtern<\/h2>\n\n\n\n<p>An Schweden grenzt das dritte skandinavische Land: Norwegen, was \u00fcbersetzt \u201dn\u00f6rdlicher Weg\u201d hei\u00dft. Die Temperaturen schwanken im Sommer hier von 17 bis 25 Grad Celsius. Auch in Norwegen k\u00f6nnt ihr sehr viel von den Wikingern entdecken. Wenn ihr dieses Land am Nordatlantik erkundet, dann werden euch die Fjorde, die unendlich lang erscheinende norwegische K\u00fcste mit ihren Sch\u00e4ren sowie den Lofoten beeindrucken. Mit dem Schiff fahrt ihr durch unz\u00e4hlige kleine wie gr\u00f6\u00dfere Inseln. Wenn ihr in die Fjorde hin einfahrt mit ihren riesigen Felsklippen und den herabst\u00fcrzenden Wasserf\u00e4llen, dann wird euch dieser Anblick den Atem stocken lassen. Die Lofoten bestehen aus 80 Inseln und hier in Borg findet ihr ein Wikingerdorf, was absolut sehenswert ist.&nbsp;<\/p>\n\n\n\n<figure class=\"wp-block-image size-full\"><a href=\"https:\/\/www.sonnenklar.tv\/blog\/wp-content\/uploads\/2018\/12\/polarlicht-alesund-norwegen.jpg\"><img loading=\"lazy\" decoding=\"async\" width=\"880\" height=\"450\" src=\"https:\/\/www.sonnenklar.tv\/blog\/wp-content\/uploads\/2018\/12\/polarlicht-alesund-norwegen.jpg\" alt=\"Polarlichter \u00fcber Alesund, Norwegen\" class=\"wp-image-9885\" srcset=\"https:\/\/www.sonnenklar.tv\/blog\/wp-content\/uploads\/2018\/12\/polarlicht-alesund-norwegen.jpg 880w, https:\/\/www.sonnenklar.tv\/blog\/wp-content\/uploads\/2018\/12\/polarlicht-alesund-norwegen-300x153.jpg 300w, https:\/\/www.sonnenklar.tv\/blog\/wp-content\/uploads\/2018\/12\/polarlicht-alesund-norwegen-768x393.jpg 768w\" sizes=\"(max-width: 880px) 100vw, 880px\" \/><\/a><figcaption class=\"wp-element-caption\">Wenn ihr gro\u00dfes Gl\u00fcck habt, k\u00f6nnt ihr in Norwegen auch Polarlichter sehen.<\/figcaption><\/figure>\n\n\n\n<h3 class=\"wp-block-heading\">Entdeckt Oslo bei angenehmen Temperaturen<\/h3>\n\n\n\n<p>In Oslo, der Hauptstadt der Norweger, wartet auf euch wiederum ein Wikingermuseum mit gut erhaltenen Wikingerschiffen und einigen Artefakten. Oslo ist nur halb so gro\u00df wie Berlin, doch daf\u00fcr eine interessante urbane und trendige Stadt. Sie verbindet moderne Skyline mit historischen Bauten und besitzt viel Waldfl\u00e4che sowie \u00fcber 340 Seen. Olso steht also f\u00fcr cooles City-Life mit Naturerlebnis. Die Fu\u00dfg\u00e4ngerzone Oslos liegt nicht weit vom Hafen und erstreckt sich vom Schloss bis zum Hauptbahnhof der Stadt. Die n\u00f6rdlichste Stadt Norwegens ist Troms\u00f8. Hier solltet ihr das einzige Troll-Museum Norwegens besuchen und einiges \u00fcber diese mystischen Wesen herausfinden. Was in Norwegen auch fasziniert, sind die am Himmel flackernden Polarlichter, die ihr von Anfang Oktober bis Anfang April gut hier sehen k\u00f6nnt.&nbsp;<\/p>\n\n\n\n<p><strong>Weiterlesen im Blog:<\/strong> Bei uns im Blog erfahrt ihr mehr \u00fcber die sch\u00f6nsten <a href=\"https:\/\/www.sonnenklar.tv\/blog\/oslo-sehenswuerdigkeiten\/\" target=\"_blank\" rel=\"noopener\">Sehensw\u00fcrdigkeiten in Oslo<\/a>.<\/p>\n\n\n\n<figure class=\"wp-block-image size-full\"><a href=\"https:\/\/www.sonnenklar.tv\/blog\/wp-content\/uploads\/2023\/01\/Oslo-skyline.jpg\"><img loading=\"lazy\" decoding=\"async\" width=\"880\" height=\"450\" src=\"https:\/\/www.sonnenklar.tv\/blog\/wp-content\/uploads\/2023\/01\/Oslo-skyline.jpg\" alt=\"Hochh\u00e4user an Oslos K\u00fcste\" class=\"wp-image-22745\" srcset=\"https:\/\/www.sonnenklar.tv\/blog\/wp-content\/uploads\/2023\/01\/Oslo-skyline.jpg 880w, https:\/\/www.sonnenklar.tv\/blog\/wp-content\/uploads\/2023\/01\/Oslo-skyline-300x153.jpg 300w, https:\/\/www.sonnenklar.tv\/blog\/wp-content\/uploads\/2023\/01\/Oslo-skyline-768x393.jpg 768w\" sizes=\"(max-width: 880px) 100vw, 880px\" \/><\/a><figcaption class=\"wp-element-caption\">Oslo ist eine der modernsten St\u00e4dte Europas<\/figcaption><\/figure>\n\n\n\n<div class=\"wp-block-buttons is-content-justification-center is-layout-flex wp-container-core-buttons-is-layout-16018d1d wp-block-buttons-is-layout-flex\">\n<div class=\"wp-block-button\"><a class=\"wp-block-button__link wp-element-button\" href=\"https:\/\/www.sonnenklar.tv\/promo\/norwegen-rundreisen.html\">norwegen Rundreise &#8211; angebote<\/a><\/div>\n\n\n\n<div class=\"wp-block-button\"><a class=\"wp-block-button__link wp-element-button\" href=\"https:\/\/www.sonnenklar.tv\/kreuzfahrten\/norwegen.html\">norwegen kreuzfahrten angebote<\/a><\/div>\n<\/div>\n\n\n\n<h2 class=\"wp-block-heading\" id=\"irland\">Coolcation in Irland: auf der Spur der Feen und Geister <\/h2>\n\n\n\n<p>Auch in Irland k\u00f6nnt ihr die Polarlichter sehen und dazu bekommt ihr noch die ber\u00fchmte unkomplizierte Gastfreundschaft der Iren dazu. Und ihr irrt nicht, wenn ihr denkt, dass auch dieses n\u00f6rdliche Reiseziel zur Coolcation geh\u00f6rt. Hier habt ihr eine entspannte Temperatur von ca. 20 Grad Celsius im Sommer. Da k\u00f6nnt ihr einen k\u00fchlen Kopf bewahren und euch entspannt die Sehensw\u00fcrdigkeiten des Landes anschauen.<\/p>\n\n\n\n<figure class=\"wp-block-image size-full\"><a href=\"https:\/\/www.sonnenklar.tv\/blog\/wp-content\/uploads\/2021\/05\/Kerry-County-Irland-puffin-Island.jpg\"><img loading=\"lazy\" decoding=\"async\" width=\"880\" height=\"450\" src=\"https:\/\/www.sonnenklar.tv\/blog\/wp-content\/uploads\/2021\/05\/Kerry-County-Irland-puffin-Island.jpg\" alt=\"Blick \u00fcber gr\u00fcne Wiesen in Irland zum Meer\" class=\"wp-image-18059\" srcset=\"https:\/\/www.sonnenklar.tv\/blog\/wp-content\/uploads\/2021\/05\/Kerry-County-Irland-puffin-Island.jpg 880w, https:\/\/www.sonnenklar.tv\/blog\/wp-content\/uploads\/2021\/05\/Kerry-County-Irland-puffin-Island-300x153.jpg 300w, https:\/\/www.sonnenklar.tv\/blog\/wp-content\/uploads\/2021\/05\/Kerry-County-Irland-puffin-Island-768x393.jpg 768w\" sizes=\"(max-width: 880px) 100vw, 880px\" \/><\/a><figcaption class=\"wp-element-caption\">Sp\u00e4testens in Kerry wird klar, warum Irland die gr\u00fcne Insel hei\u00dft<\/figcaption><\/figure>\n\n\n\n<h3 class=\"wp-block-heading\">Dublin im Sommer: k\u00fchl und bunt<\/h3>\n\n\n\n<p>So begr\u00fc\u00dft euch in der Hauptstadt Dublin die St Patrick\u2019s Cathedral, die Ende des 12. Jahrhunderts erbaut wurde. Interessant ist sicherlich auch das Dublin Castle aus dem 13. Jahrhundert. Dublin ist bunt und unkonventionell. Macht unbedingt eine F\u00fchrung durchs Trinity College mit seiner altehrw\u00fcrdigen Bibliothek, dessen Long Room Weltruhm besitzt und als Inspiration f\u00fcr das Archiv des Jedi-Tempels der Star Wars \u2013 Filmreihe diente. Nicht verpassen d\u00fcrft ihr das unglaublich elegante Stephen&#8217;s green Shopping Centre im Kolonialstil gehalten. Hier gibt es nicht nur erstklassige Caf\u00e9s und Bars. Apropos Bars: Einen Abstecher sollte auch drin sein f\u00fcr das legend\u00e4re Whiskey Museum. Richtig gut Verweilen habt ihr auch in der Grafton Street. Hier findet ihr Gesch\u00e4fte, Caf\u00e9s, Restaurants, Kaufh\u00e4user sowie zahlreiche Stra\u00dfenk\u00fcnstler.&nbsp;<\/p>\n\n\n\n<p>Was es noch in Irlands Hauptstadt zu entdecken gibt, zeigen wir euch in unserem Blogbeitrag zu den Top 7 <a href=\"https:\/\/www.sonnenklar.tv\/blog\/dublin-sehenswuerdigkeiten\/\" target=\"_blank\" rel=\"noopener\">Dublin Sehensw\u00fcrdigkeiten<\/a>.<\/p>\n\n\n\n<figure class=\"wp-block-image size-full\"><a href=\"https:\/\/www.sonnenklar.tv\/blog\/wp-content\/uploads\/2023\/01\/GettyImages-114950145-Trinity-College-Campanile.jpg\"><img loading=\"lazy\" decoding=\"async\" width=\"880\" height=\"450\" src=\"https:\/\/www.sonnenklar.tv\/blog\/wp-content\/uploads\/2023\/01\/GettyImages-114950145-Trinity-College-Campanile.jpg\" alt=\"Glockenturm Campanile am Trinity College in Dublin\" class=\"wp-image-22553\" srcset=\"https:\/\/www.sonnenklar.tv\/blog\/wp-content\/uploads\/2023\/01\/GettyImages-114950145-Trinity-College-Campanile.jpg 880w, https:\/\/www.sonnenklar.tv\/blog\/wp-content\/uploads\/2023\/01\/GettyImages-114950145-Trinity-College-Campanile-300x153.jpg 300w, https:\/\/www.sonnenklar.tv\/blog\/wp-content\/uploads\/2023\/01\/GettyImages-114950145-Trinity-College-Campanile-768x393.jpg 768w\" sizes=\"(max-width: 880px) 100vw, 880px\" \/><\/a><figcaption class=\"wp-element-caption\">Glockenturm Campanile am Trinity College<\/figcaption><\/figure>\n\n\n\n<p>\u00dcberhaupt feiern die Iren in den Sommermonaten gerne ein Fest nach dem anderen. Irland wird nicht umsonst auch Gr\u00fcne Insel genannt. Die Natur kann hier gut gedeihen. Dazu gibt es dann beindruckende Steilklippen in den Atlantik, die auch als Schauplatz in  \u201eGame of Thrones\u201c dienten. Einige Szenen der erfolgreichen Serie wurden in Irland gedreht. Besucht auch ein Wahrzeichen Irlands mit dem mystischen Rock of Cashel: Verehrt als Sitz von Feen und Geistern!<\/p>\n\n\n\n<div class=\"wp-block-buttons is-content-justification-center is-layout-flex wp-container-core-buttons-is-layout-16018d1d wp-block-buttons-is-layout-flex\">\n<div class=\"wp-block-button\"><a class=\"wp-block-button__link wp-element-button\" href=\"https:\/\/www.sonnenklar.tv\/promo\/irland-rundreisen.html\">irland rundreise angebote<\/a><\/div>\n\n\n\n<div class=\"wp-block-button\"><a class=\"wp-block-button__link wp-element-button\" href=\"https:\/\/www.sonnenklar.tv\/last-minute\/irland.html\">last minute irland<\/a><\/div>\n<\/div>\n\n\n\n<h2 class=\"wp-block-heading\" id=\"kanada\">K\u00fchle Sommer-Zeit verbringen im freundlichen Kanada<\/h2>\n\n\n\n<p>Wer den Sommertemperaturen in Europa mal entkommen m\u00f6chte, der fliegt ins k\u00fchle Sommerparadies Kanada. Im Durchschnitt findet ihr hier eine Temperatur von 20 bis 25 Grad Celsius. Es kann aber durchaus auch einmal bis zu 30 Grad Celsius werden.<\/p>\n\n\n\n<figure class=\"wp-block-image size-full\"><a href=\"https:\/\/www.sonnenklar.tv\/blog\/wp-content\/uploads\/2025\/05\/GettyImages-182187115.jpg\"><img loading=\"lazy\" decoding=\"async\" width=\"880\" height=\"455\" src=\"https:\/\/www.sonnenklar.tv\/blog\/wp-content\/uploads\/2025\/05\/GettyImages-182187115.jpg\" alt=\"Skyline vom Toronto im Sonnenschein vom Wasser aus\" class=\"wp-image-35444\" srcset=\"https:\/\/www.sonnenklar.tv\/blog\/wp-content\/uploads\/2025\/05\/GettyImages-182187115.jpg 880w, https:\/\/www.sonnenklar.tv\/blog\/wp-content\/uploads\/2025\/05\/GettyImages-182187115-800x414.jpg 800w, https:\/\/www.sonnenklar.tv\/blog\/wp-content\/uploads\/2025\/05\/GettyImages-182187115-18x9.jpg 18w, https:\/\/www.sonnenklar.tv\/blog\/wp-content\/uploads\/2025\/05\/GettyImages-182187115-120x62.jpg 120w, https:\/\/www.sonnenklar.tv\/blog\/wp-content\/uploads\/2025\/05\/GettyImages-182187115-90x47.jpg 90w, https:\/\/www.sonnenklar.tv\/blog\/wp-content\/uploads\/2025\/05\/GettyImages-182187115-320x165.jpg 320w, https:\/\/www.sonnenklar.tv\/blog\/wp-content\/uploads\/2025\/05\/GettyImages-182187115-560x290.jpg 560w\" sizes=\"(max-width: 880px) 100vw, 880px\" \/><\/a><figcaption class=\"wp-element-caption\">Im kanadischen Sommer k\u00f6nnt ihr die Metropole angenehm erkunden<\/figcaption><\/figure>\n\n\n\n<p>Mit rund einer Million Einwohner ist Ottawa im Vergleich zu Toronto mit seinen \u00fcber sechs Millionen Einwohner klein, aber als Hauptstadt sehr sehenswert. Sie liegt im S\u00fcdosten Kanadas und wie Montreal und Toronto an der Grenze zu den USA. Kanada und die USA teilen sich auch die ber\u00fchmten Niagara F\u00e4lle. In Ottawa seht ihr viele H\u00e4user im viktorianischen Stil und im Sommer halten sich die Menschen gerne in den Parks des Rideau-Kanals auf. Es ist der \u00e4lteste ununterbrochene Kanal Nordamerikas und verbindet Ottawa mit der Stadt Kingston am Ontariosee. Fahrt ihr auf diesem Kanal, dann fahrt ihr damit auch gleichzeitig auf einem UNESCO-Weltkulturerbe. Die Notre-Dame Kathedrale mit ihrem Sternenhimmel-Gew\u00f6lbe, das imposante Parlament Hill \u2013 Geb\u00e4ude sowie die National-Galerie Kanadas sind nat\u00fcrlich hier absolute Hingucker. Dass ihr in Ottawa reichlich M\u00f6glichkeiten zum Shoppen und Essen wie Trinken habt, das m\u00fcssen wir euch nicht erz\u00e4hlen.<\/p>\n\n\n\n<figure class=\"wp-block-image size-full\"><a href=\"https:\/\/www.sonnenklar.tv\/blog\/wp-content\/uploads\/2024\/04\/2026745_kanada-niagarafalls-ontario.jpg\"><img loading=\"lazy\" decoding=\"async\" width=\"880\" height=\"450\" src=\"https:\/\/www.sonnenklar.tv\/blog\/wp-content\/uploads\/2024\/04\/2026745_kanada-niagarafalls-ontario.jpg\" alt=\"Niagaraf\u00e4lle in Ontario, Kanada\" class=\"wp-image-28757\" srcset=\"https:\/\/www.sonnenklar.tv\/blog\/wp-content\/uploads\/2024\/04\/2026745_kanada-niagarafalls-ontario.jpg 880w, https:\/\/www.sonnenklar.tv\/blog\/wp-content\/uploads\/2024\/04\/2026745_kanada-niagarafalls-ontario-800x409.jpg 800w, https:\/\/www.sonnenklar.tv\/blog\/wp-content\/uploads\/2024\/04\/2026745_kanada-niagarafalls-ontario-120x61.jpg 120w, https:\/\/www.sonnenklar.tv\/blog\/wp-content\/uploads\/2024\/04\/2026745_kanada-niagarafalls-ontario-90x46.jpg 90w, https:\/\/www.sonnenklar.tv\/blog\/wp-content\/uploads\/2024\/04\/2026745_kanada-niagarafalls-ontario-320x164.jpg 320w, https:\/\/www.sonnenklar.tv\/blog\/wp-content\/uploads\/2024\/04\/2026745_kanada-niagarafalls-ontario-560x286.jpg 560w\" sizes=\"(max-width: 880px) 100vw, 880px\" \/><\/a><figcaption class=\"wp-element-caption\">Die beeindruckenden Niagaraf\u00e4lle k\u00f6nnt ihr auch in Kanada bestaunen<\/figcaption><\/figure>\n\n\n\n<p>So auch in Toronto, der gr\u00f6\u00dften Stadt Kanadas mit ihren fantastischen Wolkenkratzern, dem ber\u00fchmten CN-Tower und ihren vielen Gr\u00fcnanlagen. Die zweitgr\u00f6\u00dfte Stadt ist Vancouver mit ihrem beeindruckenden Seehafen und ihrer vielseitigen Kulturszene. Umgeben von einem sch\u00f6nen Bergpanorama, wird Vancouver gerne als Drehort genutzt. Bekannt ist auch die Stadt Qu\u00e9bec, wo haupts\u00e4chlich Franz\u00f6sisch gesprochen wird und nat\u00fcrlich auch St\u00e4dte wie Halifax, in der viele gefundene Titanic-Opfer ihre letzte Ruhe fanden oder St. Johns &#8211; die \u00e4lteste europ\u00e4ische Siedlung Nordamerikas.<\/p>\n\n\n\n<figure class=\"wp-block-image size-full\"><a href=\"https:\/\/www.sonnenklar.tv\/blog\/wp-content\/uploads\/2024\/04\/2091647_kanada-alberta-jasper-nationalpark-maligne-lake-.jpg\"><img loading=\"lazy\" decoding=\"async\" width=\"880\" height=\"450\" src=\"https:\/\/www.sonnenklar.tv\/blog\/wp-content\/uploads\/2024\/04\/2091647_kanada-alberta-jasper-nationalpark-maligne-lake-.jpg\" alt=\"Von Bergen und W\u00e4ldern umgebener See im Alberta Jasper Nationalpark\" class=\"wp-image-28751\" srcset=\"https:\/\/www.sonnenklar.tv\/blog\/wp-content\/uploads\/2024\/04\/2091647_kanada-alberta-jasper-nationalpark-maligne-lake-.jpg 880w, https:\/\/www.sonnenklar.tv\/blog\/wp-content\/uploads\/2024\/04\/2091647_kanada-alberta-jasper-nationalpark-maligne-lake--800x409.jpg 800w, https:\/\/www.sonnenklar.tv\/blog\/wp-content\/uploads\/2024\/04\/2091647_kanada-alberta-jasper-nationalpark-maligne-lake--120x61.jpg 120w, https:\/\/www.sonnenklar.tv\/blog\/wp-content\/uploads\/2024\/04\/2091647_kanada-alberta-jasper-nationalpark-maligne-lake--90x46.jpg 90w, https:\/\/www.sonnenklar.tv\/blog\/wp-content\/uploads\/2024\/04\/2091647_kanada-alberta-jasper-nationalpark-maligne-lake--320x164.jpg 320w, https:\/\/www.sonnenklar.tv\/blog\/wp-content\/uploads\/2024\/04\/2091647_kanada-alberta-jasper-nationalpark-maligne-lake--560x286.jpg 560w\" sizes=\"(max-width: 880px) 100vw, 880px\" \/><\/a><figcaption class=\"wp-element-caption\">Natur pur habt ihr in einem der zahlreichen nationalparks in kanada<\/figcaption><\/figure>\n\n\n\n<p>Die Natur Kanadas ist atemberaubend. Auch hier habt ihr wie in Norwegen sagenhafte Fjorde. Au\u00dferdem hat Kanada einen Teil der Rocky Mountains, die ungef\u00e4hr vier Mal so lang wie die Alpen sind. In diesem Coolcation-Land machen euch Nationalparks wie der Banf-Nationalpark mit seinem hellblau leuchtenden Peyto See sprachlos. Und mit etwas Gl\u00fcck seht ihr auch in der Ferne mal einen Grizzly, der seinen Lachs f\u00e4ngt. Seltenheitswert haben auch die roten Str\u00e4nde von der kleinen Insel Prince Edward Island. Also Kanada ist ein facettenreiches Land mit einer fantastischen Natur und vielen spektakul\u00e4ren St\u00e4dten.&nbsp;<\/p>\n\n\n\n<div class=\"wp-block-buttons is-content-justification-center is-layout-flex wp-container-core-buttons-is-layout-16018d1d wp-block-buttons-is-layout-flex\">\n<div class=\"wp-block-button\"><a class=\"wp-block-button__link wp-element-button\" href=\"https:\/\/www.sonnenklar.tv\/promo\/kanada-rundreisen.html\">kanada rundreise angebote<\/a><\/div>\n<\/div>\n\n\n\n<p>Ihr wollt mehr \u00fcber Kanada lesen? Hier haben wir f\u00fcr euch die <a href=\"https:\/\/www.sonnenklar.tv\/blog\/kanada-schoenste-orte\/\" target=\"_blank\" rel=\"noopener\">sch\u00f6nsten Orte in Kanada<\/a> und einen Beitrag zu <a href=\"https:\/\/www.sonnenklar.tv\/blog\/kanada-seen-tipps\/\" target=\"_blank\" rel=\"noopener\">Kanadas sch\u00f6nsten Seen<\/a>.<\/p>\n\n\n\n<h2 class=\"wp-block-heading\" id=\"estland\">Ein harmonisches Leben inmitten estl\u00e4ndischer Natur<\/h2>\n\n\n\n<p>Zu den ganz besonderen Coolcation-Zielen geh\u00f6rt sicherlich auch Estland. Mit durchschnittlichen 20 Grad Celisus im Sommer k\u00f6nnt ihr es euch in diesem ost-europ\u00e4ischen Land mit seinen \u00fcber 2.300 Inseln richtig gut gehen lassen! Eine solch gro\u00dfe Anzahl an Inseln deutet schon auf eine beeindruckende und einzigartige Natur hin. Estland hat viele Gew\u00e4sser, von zahlreichen Seen \u00fcber Fl\u00fcssen bis zu Mooren. Mit den vielen dichten W\u00e4ldern, einer K\u00fcste mit feinen Sandstr\u00e4nden sowie wildromantischen Klippen findet ihr hier eine malerische, unber\u00fchrte Natur vor. Sucht ihr Orte der entspannten Ruhe, dann seid ihr hier genau richtig. Estland bietet einer gro\u00dfen Tiervielfalt ein Zuhause. So lassen es sich hier zum Beispiel der Braunb\u00e4r, der Kranich, der Luchs und auch der Elch gut gehen. Estlands gr\u00f6\u00dfte Insel hei\u00dft Saaremaa. Im Dorf Angla findet ihr das Wahrzeichen der Insel: die f\u00fcnf aneinander stehenden Getreidem\u00fchlen. Au\u00dferdem gibt es ein Museum und ein Cafe, das frisch gebackenes Brot anbietet. Schaut euch auch den zweit\u00e4ltesten Leuchtturm Estlands, S\u00f5rve, an, mit seiner schwarz-wei\u00dfen Bemalung. Auch Kuressaare ist eine sch\u00f6ne Stadt auf Saaremaa mit einer intakten mittelalterlichen Wall-Befestigungsanlage und ihrer Arensburg, die einst eine Bischofsburg deutschen Ordens war. Hier gibt es keine Hektik, hier ist Harmonie angesagt.<\/p>\n\n\n\n<div class=\"wp-block-buttons is-content-justification-center is-layout-flex wp-container-core-buttons-is-layout-16018d1d wp-block-buttons-is-layout-flex\">\n<div class=\"wp-block-button\"><a class=\"wp-block-button__link wp-element-button\" href=\"https:\/\/www.sonnenklar.tv\/urlaub\/estland.html\">estland urlaub angebote<\/a><\/div>\n\n\n\n<div class=\"wp-block-button\"><a class=\"wp-block-button__link wp-element-button\" href=\"https:\/\/www.sonnenklar.tv\/ort\/Estland\/Tallinn.html\">tallin hotel angebote<\/a><\/div>\n<\/div>\n\n\n\n<figure class=\"wp-block-image size-full\"><a href=\"https:\/\/www.sonnenklar.tv\/blog\/wp-content\/uploads\/2025\/05\/GettyImages-494254150.jpg\"><img loading=\"lazy\" decoding=\"async\" width=\"880\" height=\"448\" src=\"https:\/\/www.sonnenklar.tv\/blog\/wp-content\/uploads\/2025\/05\/GettyImages-494254150.jpg\" alt=\"Toompea-H\u00fcgel mit Turm Pikk Hermann und russisch-orthodoxer Alexander-Newski-Kathedrale, Tallinn, Estland\" class=\"wp-image-35496\" srcset=\"https:\/\/www.sonnenklar.tv\/blog\/wp-content\/uploads\/2025\/05\/GettyImages-494254150.jpg 880w, https:\/\/www.sonnenklar.tv\/blog\/wp-content\/uploads\/2025\/05\/GettyImages-494254150-800x407.jpg 800w, https:\/\/www.sonnenklar.tv\/blog\/wp-content\/uploads\/2025\/05\/GettyImages-494254150-18x9.jpg 18w, https:\/\/www.sonnenklar.tv\/blog\/wp-content\/uploads\/2025\/05\/GettyImages-494254150-120x61.jpg 120w, https:\/\/www.sonnenklar.tv\/blog\/wp-content\/uploads\/2025\/05\/GettyImages-494254150-90x46.jpg 90w, https:\/\/www.sonnenklar.tv\/blog\/wp-content\/uploads\/2025\/05\/GettyImages-494254150-320x163.jpg 320w, https:\/\/www.sonnenklar.tv\/blog\/wp-content\/uploads\/2025\/05\/GettyImages-494254150-560x285.jpg 560w\" sizes=\"(max-width: 880px) 100vw, 880px\" \/><\/a><figcaption class=\"wp-element-caption\">Die Skyline von Tallinn erscheint wie aus einem M\u00e4rchen.<\/figcaption><\/figure>\n\n\n\n<h3 class=\"wp-block-heading\">Tallinner Sommer: entspannt im Weltkulturerbe<\/h3>\n\n\n\n<p>Sehenswert ist auch die Hauptstadt der Esten, Tallinn. Ihre Altstadt geh\u00f6rt zum UNESCO-Weltkulturerbe. Ins Auge f\u00e4llt sofort die sehr gut erhaltene Stadtmauer Tallinns mit ihren Wacht\u00fcrmen. In der Altstadt lauft ihr auf Kopfsteinpflaster an pr\u00e4chtigen, bunten und historischen H\u00e4usern vorbei. Hier findet ihr zahlreiche Gesch\u00e4fte und Caf\u00e9s. Verpassen solltet ihr auf jeden Fall nicht das gotische Rathaus mit einem 64 Meter hohen Turm sowie die Nikolaikirche und die orthodoxe Alexander-Newski-Kathedrale. In Tallinn laden viele Gr\u00fcnanlagen, romantische Gassen und ein beeindruckender Ostseehafen zum Schlendern ein. Diese Stadt lebt eine charmante Gastfreundlichkeit und ist dank der k\u00fchlen Sommertemperaturen v\u00f6llig entspannt zu erleben.&nbsp;<\/p>\n\n\n\n<h2 class=\"wp-block-heading\" id=\"fazit\">Fazit zur Coolcation<\/h2>\n\n\n\n<p>Ab schon 30 Grad Celisus f\u00fchlen sich viele Menschen in Deutschland nicht mehr so wohl in ihrer Haut. Ab einer solchen Temperatur<a href=\"https:\/\/reiseland-my.sharepoint.com\/personal\/euvulrikespiewak_muc-rt_de\/Documents\/Ullis%20Dokumente\/Coolcation_final.docx#_msocom_3\" target=\"_blank\" rel=\"noopener\"> <\/a>will jeder nur noch im Pool, See oder Meer faulenzen. In Coolcation-Reisezielen sieht das ganz anders aus. Hier habt ihr die M\u00f6glichkeit, euch entspannt Sehensw\u00fcrdigkeiten anzuschauen, zu wandern oder sportlich aktiv zu sein, ohne danach v\u00f6llige Ersch\u00f6pfungserscheinungen zu haben. Und trotzdem muss der Badeurlaub nicht fehlen! Macht Reisen in Gebiete, die im Sommer nicht zu hei\u00df werden und ihr werdet sehr erholt aus dem Urlaub zur\u00fcckkehren.<\/p>\n\n\n\n<p><strong>Weiterlesen im Blog:<\/strong> Die aktuellen und zuk\u00fcnftigen Reisetrends haben wir f\u00fcr euch in Blogartikeln zusammengefasst: <a href=\"https:\/\/www.sonnenklar.tv\/blog\/reisetrends-2025\/\" target=\"_blank\" rel=\"noopener\">Reisetrends 2025<\/a> und <a href=\"https:\/\/www.sonnenklar.tv\/blog\/reisetrends-2026\/\" data-type=\"link\" data-id=\"https:\/\/www.sonnenklar.tv\/blog\/reisetrends-2026\/\">Reisetrends 2026<\/a>.<br><\/p>\n","protected":false},"excerpt":{"rendered":"<p>W\u00e4hrend ihr durch euren Urlaubsort spaziert, denkt ihr st\u00e4ndig an den Song \u201e36 Grad und es wird noch hei\u00dfer\u201c. Ihr k\u00f6nntet jede Minute die Kleidung wechseln und w\u00fcnscht euch einen Rucksack mit Eisbeuteln auf eurem R\u00fccken. Erholung sp\u00fcrt ihr nur auf eurem klimatisierten Zimmer. Da hei\u00dft es wohl, \u201eeinen k\u00fchlen Kopf zu behalten\u201c! Nur nicht<\/p>\n","protected":false},"author":65,"featured_media":29394,"comment_status":"closed","ping_status":"open","sticky":false,"template":"","format":"standard","meta":{"footnotes":""},"categories":[697],"tags":[680,518],"class_list":{"0":"post-35408","1":"post","2":"type-post","3":"status-publish","4":"format-standard","5":"has-post-thumbnail","7":"category-reisetipps","8":"tag-coolcation","9":"tag-reisetrends"},"_links":{"self":[{"href":"https:\/\/www.sonnenklar.tv\/blog\/wp-json\/wp\/v2\/posts\/35408","targetHints":{"allow":["GET"]}}],"collection":[{"href":"https:\/\/www.sonnenklar.tv\/blog\/wp-json\/wp\/v2\/posts"}],"about":[{"href":"https:\/\/www.sonnenklar.tv\/blog\/wp-json\/wp\/v2\/types\/post"}],"author":[{"embeddable":true,"href":"https:\/\/www.sonnenklar.tv\/blog\/wp-json\/wp\/v2\/users\/65"}],"replies":[{"embeddable":true,"href":"https:\/\/www.sonnenklar.tv\/blog\/wp-json\/wp\/v2\/comments?post=35408"}],"version-history":[{"count":58,"href":"https:\/\/www.sonnenklar.tv\/blog\/wp-json\/wp\/v2\/posts\/35408\/revisions"}],"predecessor-version":[{"id":37047,"href":"https:\/\/www.sonnenklar.tv\/blog\/wp-json\/wp\/v2\/posts\/35408\/revisions\/37047"}],"wp:featuredmedia":[{"embeddable":true,"href":"https:\/\/www.sonnenklar.tv\/blog\/wp-json\/wp\/v2\/media\/29394"}],"wp:attachment":[{"href":"https:\/\/www.sonnenklar.tv\/blog\/wp-json\/wp\/v2\/media?parent=35408"}],"wp:term":[{"taxonomy":"category","embeddable":true,"href":"https:\/\/www.sonnenklar.tv\/blog\/wp-json\/wp\/v2\/categories?post=35408"},{"taxonomy":"post_tag","embeddable":true,"href":"https:\/\/www.sonnenklar.tv\/blog\/wp-json\/wp\/v2\/tags?post=35408"}],"curies":[{"name":"wp","href":"https:\/\/api.w.org\/{rel}","templated":true}]}}