{"id":35194,"date":"2025-05-06T08:13:41","date_gmt":"2025-05-06T07:13:41","guid":{"rendered":"https:\/\/www.sonnenklar.tv\/blog\/?p=35194"},"modified":"2025-11-20T16:43:12","modified_gmt":"2025-11-20T15:43:12","slug":"alpen-im-sommer","status":"publish","type":"post","link":"https:\/\/www.sonnenklar.tv\/blog\/reisetipps\/alpen-im-sommer\/","title":{"rendered":"Die Alpen im Sommer \u2013 ein Paradies f\u00fcr Naturliebhaber und Entdecker"},"content":{"rendered":"\n<p><strong>Wenn sich der Winter verabschiedet, verwandeln sich die Alpen in eine farbenpr\u00e4chtige Kulisse aus bl\u00fchenden Almwiesen, dichten W\u00e4ldern und kristallklaren Bergseen. Was bietet sich da mehr an als ein<a href=\"https:\/\/www.holidaytrex.com\/holiday-topics\/mountain.p621.de.html\" target=\"_blank\" rel=\"noopener nofollow sponsored\" title=\"\"> Sommerurlaub in den Bergen<\/a>?&nbsp; Zwischen majest\u00e4tischen Gipfeln er\u00f6ffnen sich unz\u00e4hlige M\u00f6glichkeiten, sei es f\u00fcr ausgedehnte Wanderungen, actionreiche Outdoor-Aktivit\u00e4ten oder gem\u00fctliche Stunden in urigen Bergh\u00fctten. Wir zeigen euch in diesem Beitrag, was euch im Sommer in den Bergen erwartet.<\/strong><\/p>\n\n\n\n<p>Ein Bergurlaub im Sommer bietet eine einzigartige Mischung aus Erholung, Aktivit\u00e4t und Naturerlebnis. So sind die Berge geradezu gemacht f\u00fcr Aktivurlaub. Egal ob ihr Mountainbiken oder Wandern wollt, stehen euch in bergigen Regionen wie den Alpen zahlreiche Strecken f\u00fcr jeden Anspruch zur Auswahl. Oder ihr genie\u00dft einfach die wundersch\u00f6ne Natur und die frische Luft bei einem Spaziergang. Falls euch eher nach Erholung sehnt, dann k\u00f6nnt ihr in einer urigen Bergh\u00fctte die Seele baumeln lassen oder euch in einem luxuri\u00f6sen Wellnesshotel entspannen.<\/p>\n\n\n\n<p><strong>Inhaltsverzeichnis<\/strong><\/p>\n\n\n\n<ul class=\"wp-block-list\">\n<li><a href=\"#aktivurlaub\" title=\"Wandern, Radfahren und Gipfelgl\u00fcck \u2013 Aktivurlaub in den Alpen\">Wandern, Radfahren und Gipfelgl\u00fcck \u2013 Aktivurlaub in den Alpen<\/a><\/li>\n\n\n\n<li><a href=\"#natururlaub\" title=\"Entspannung in der Natur \u2013 kristallklare Bergseen und urige Almh\u00fctten\">Entspannung in der Natur \u2013 kristallklare Bergseen und urige Almh\u00fctten<\/a><\/li>\n\n\n\n<li><a href=\"#kultur\" title=\"Kulturelle Highlights und Ausflugsm\u00f6glichkeiten\">Kulturelle Highlights und Ausflugsm\u00f6glichkeiten<\/a><\/li>\n\n\n\n<li><a href=\"#nachhaltig\" title=\"Nachhaltig reisen in den Alpen\">Nachhaltig reisen in den Alpen<\/a><\/li>\n\n\n\n<li><a href=\"#faq\" title=\"H\u00e4ufig gestellte Fragen zum Sommerurlaub in den Alpen\">H\u00e4ufig gestellte Fragen zum Sommerurlaub in den Alpen<\/a><\/li>\n\n\n\n<li><a href=\"#fazit\" title=\"Fazit zum Sommerurlaub in den Alpen\">Fazit zum Sommerurlaub in den Alpen<\/a><\/li>\n<\/ul>\n\n\n\n<p><\/p>\n\n\n\n<h2 class=\"wp-block-heading\" id=\"aktivurlaub\">Wandern, Radfahren und Gipfelgl\u00fcck \u2013 Aktivurlaub in den Alpen<\/h2>\n\n\n\n<p>Wenn ihr euch f\u00fcr Sport begeistert oder einfach gern bewegt, dann sind die Alpen auch im Sommer genau das richtige Reiseziel! Vor allem Wanderfreunde kommen hier auf ihre Kosten. In den Alpen findet ihr Wanderwege f\u00fcr jeden Anspruch, von entspannten Almwegen bis hin zu anspruchsvollen Gipfeltouren. Familien mit kleinen Kindern oder weniger ge\u00fcbte Wanderer k\u00f6nnen sich mit einer der zahlreichen Bergbahnen den Aufstieg erleichtern. Es gibt zahlreiche gef\u00fchrte Wanderungen, auf denen ihr professionell durch die Landschaft gef\u00fchrt werdet und die wundervollen Ausblicke auf die Gipfel und T\u00e4ler genie\u00dfen k\u00f6nnt.&nbsp;<\/p>\n\n\n\n<figure class=\"wp-block-image size-full\"><a href=\"https:\/\/www.sonnenklar.tv\/blog\/wp-content\/uploads\/2022\/01\/GettyImages-523055358_Suedtirol_Wandern.jpg\"><img fetchpriority=\"high\" decoding=\"async\" width=\"880\" height=\"450\" src=\"https:\/\/www.sonnenklar.tv\/blog\/wp-content\/uploads\/2022\/01\/GettyImages-523055358_Suedtirol_Wandern.jpg\" alt=\"Wandern S\u00fcdtirol\" class=\"wp-image-18707\" srcset=\"https:\/\/www.sonnenklar.tv\/blog\/wp-content\/uploads\/2022\/01\/GettyImages-523055358_Suedtirol_Wandern.jpg 880w, https:\/\/www.sonnenklar.tv\/blog\/wp-content\/uploads\/2022\/01\/GettyImages-523055358_Suedtirol_Wandern-300x153.jpg 300w, https:\/\/www.sonnenklar.tv\/blog\/wp-content\/uploads\/2022\/01\/GettyImages-523055358_Suedtirol_Wandern-768x393.jpg 768w\" sizes=\"(max-width: 880px) 100vw, 880px\" \/><\/a><figcaption class=\"wp-element-caption\">Das Wandern in S\u00fcdtirol geh\u00f6rt einfach dazu<\/figcaption><\/figure>\n\n\n\n<p>Ihr k\u00f6nnt die Alpen aber auch auf zwei R\u00e4dern erkunden. Ob ihr euch mit dem Rennrad oder E-Bike durch die malerischen T\u00e4ler schl\u00e4ngeln wollt oder eher die rasante Abfahrt mit dem Mountainbike sucht &#8211; jeder findet hier ansprechende Touren ganz nach dem eigenen Geschmack und Anspruch. Ihr sucht noch mehr Nervenkitzel und seid schwindelfrei? Dann versucht euch an einem der Klettersteige oder erlebt die Alpen beim Paragliding aus der Vogelperspektive.<\/p>\n\n\n\n<h2 class=\"wp-block-heading\" id=\"natururlaub\">Entspannung in der Natur \u2013 kristallklare Bergseen und urige Almh\u00fctten<\/h2>\n\n\n\n<p>Sportfans und Abenteurer werden die Alpen lieben. Wenn ihr eher nach Erholung sucht, findet ihr hier zahlreiche R\u00fcckzugsorte in der Natur. Wie w\u00e4re es zum Beispiel mit einer Bootstour auf einem idyllischen Bergsee, in dessen glasklarem Wasser ihr wunderbar baden und euch von den sommerlichen Temperaturen erfrischen k\u00f6nnt? Inmitten unber\u00fchrter Natur l\u00e4sst sich die Ruhe genie\u00dfen, w\u00e4hrend sich K\u00fche auf den Weiden tummeln und der Blick \u00fcber die beeindruckende Bergwelt schweift.<\/p>\n\n\n\n<figure class=\"wp-block-image size-full\"><a href=\"https:\/\/www.sonnenklar.tv\/blog\/wp-content\/uploads\/2023\/03\/GettyImages-1042404662-Eibsee-in-Deutschland-mit-rosa-wolken.jpg\"><img decoding=\"async\" width=\"880\" height=\"450\" src=\"https:\/\/www.sonnenklar.tv\/blog\/wp-content\/uploads\/2023\/03\/GettyImages-1042404662-Eibsee-in-Deutschland-mit-rosa-wolken.jpg\" alt=\"Eibsee bei Garmisch-Partenkirchen in Bayern\" class=\"wp-image-23291\" srcset=\"https:\/\/www.sonnenklar.tv\/blog\/wp-content\/uploads\/2023\/03\/GettyImages-1042404662-Eibsee-in-Deutschland-mit-rosa-wolken.jpg 880w, https:\/\/www.sonnenklar.tv\/blog\/wp-content\/uploads\/2023\/03\/GettyImages-1042404662-Eibsee-in-Deutschland-mit-rosa-wolken-800x409.jpg 800w, https:\/\/www.sonnenklar.tv\/blog\/wp-content\/uploads\/2023\/03\/GettyImages-1042404662-Eibsee-in-Deutschland-mit-rosa-wolken-18x9.jpg 18w, https:\/\/www.sonnenklar.tv\/blog\/wp-content\/uploads\/2023\/03\/GettyImages-1042404662-Eibsee-in-Deutschland-mit-rosa-wolken-150x77.jpg 150w, https:\/\/www.sonnenklar.tv\/blog\/wp-content\/uploads\/2023\/03\/GettyImages-1042404662-Eibsee-in-Deutschland-mit-rosa-wolken-450x230.jpg 450w, https:\/\/www.sonnenklar.tv\/blog\/wp-content\/uploads\/2023\/03\/GettyImages-1042404662-Eibsee-in-Deutschland-mit-rosa-wolken-768x393.jpg 768w, https:\/\/www.sonnenklar.tv\/blog\/wp-content\/uploads\/2023\/03\/GettyImages-1042404662-Eibsee-in-Deutschland-mit-rosa-wolken-300x153.jpg 300w\" sizes=\"(max-width: 880px) 100vw, 880px\" \/><\/a><figcaption class=\"wp-element-caption\">Das Zusammenspiel von klarem Wasser und Alpen macht den Eibsee so besonders<\/figcaption><\/figure>\n\n\n\n<p>Bergurlaub macht hungrig und f\u00fcr das leibliche Wohl ist hier bestens gesorgt.&nbsp; Viele Almen und Bergh\u00fctten verw\u00f6hnen ihre G\u00e4ste mit regionalen Spezialit\u00e4ten. Probiert eine der traditionellen Mehlspeisen oder verw\u00f6hnt eure Gaumen mit einer herzhaften K\u00e4seplatte.&nbsp;<\/p>\n\n\n\n<h2 class=\"wp-block-heading\" id=\"kultur\">Kulturelle Highlights und Ausflugsm\u00f6glichkeiten<\/h2>\n\n\n\n<p>In den Alpen erwartet euch neben der beeindruckenden Landschaft auch ein vielf\u00e4ltiges Kulturangebot. Besucht die historischen St\u00e4tten, die malerischen Bergd\u00f6rfer und die traditionsreichen Feste, um die alpine Lebensweise kennenzulernen. Erkundet die zahlreichen Burgen und Schl\u00f6sser der Region oder lasst euch durch ein historisches Bergwerk f\u00fchren. In zahlreichen Museen k\u00f6nnt ihr mehr \u00fcber die Alpenregion erfahren. Das Alpine Museum in Bern widmet sich der Beziehung zwischen Mensch und Bergwelt, w\u00e4hrend ihr im Museum der Alpen in der Festung von Bard in Italien interaktiv die Geschichte und Kultur der Alpenregion erleben k\u00f6nnt.&nbsp;<\/p>\n\n\n\n<figure class=\"wp-block-image size-full\"><a href=\"https:\/\/www.sonnenklar.tv\/blog\/wp-content\/uploads\/2023\/03\/GettyImages-1335686685-Einoedsbach.jpg\"><img decoding=\"async\" width=\"880\" height=\"450\" src=\"https:\/\/www.sonnenklar.tv\/blog\/wp-content\/uploads\/2023\/03\/GettyImages-1335686685-Einoedsbach.jpg\" alt=\"Ein\u00f6dsbach im Oberallg\u00e4u in Bayern\" class=\"wp-image-23307\" srcset=\"https:\/\/www.sonnenklar.tv\/blog\/wp-content\/uploads\/2023\/03\/GettyImages-1335686685-Einoedsbach.jpg 880w, https:\/\/www.sonnenklar.tv\/blog\/wp-content\/uploads\/2023\/03\/GettyImages-1335686685-Einoedsbach-300x153.jpg 300w, https:\/\/www.sonnenklar.tv\/blog\/wp-content\/uploads\/2023\/03\/GettyImages-1335686685-Einoedsbach-768x393.jpg 768w\" sizes=\"(max-width: 880px) 100vw, 880px\" \/><\/a><figcaption class=\"wp-element-caption\">In den Allg\u00e4uer Hochalpen versteckt sich der Rappensee<\/figcaption><\/figure>\n\n\n\n<p>In zahlreichen Alpend\u00f6rfern k\u00f6nnt ihr die regelm\u00e4\u00dfig wechselnden Kunstausstellungen in Galerien und Kulturzentren besuchen. Beispielsweise die Biennale Gherdeina in S\u00fcdtirol &#8211; eine Ausstellung mit zeitgen\u00f6ssischer Kunst, die alle zwei Jahre in verschiedenen Orten der Region stattfindet. Ebenfalls an verschiedenen Orten findet das Reading Mountains Festival statt &#8211; ein Literaturfestival mit Fokus auf der Bergwelt. In der warmen Jahresh\u00e4lfte finden vielerorts in den Alpen Open-Air-Konzerte, Theaterauff\u00fchrungen und \u00e4hnliches statt. Besucht die Websites der Museen in der Umgebung oder erkundigt euch in eurer Unterkunft nach aktuellen Veranstaltungen.&nbsp; Ein Abstecher zu einer der zahlreichen Panoramastra\u00dfen bietet zudem atemberaubende Ausblicke auf die majest\u00e4tische Bergwelt.<\/p>\n\n\n\n<figure class=\"wp-block-image size-full\"><a href=\"https:\/\/www.sonnenklar.tv\/blog\/wp-content\/uploads\/2024\/09\/auto-frau-ausblick-berge-880x450-1.jpg\"><img loading=\"lazy\" decoding=\"async\" width=\"880\" height=\"450\" src=\"https:\/\/www.sonnenklar.tv\/blog\/wp-content\/uploads\/2024\/09\/auto-frau-ausblick-berge-880x450-1.jpg\" alt=\"Frau, Panoramablick Berge\" class=\"wp-image-32471\" srcset=\"https:\/\/www.sonnenklar.tv\/blog\/wp-content\/uploads\/2024\/09\/auto-frau-ausblick-berge-880x450-1.jpg 880w, https:\/\/www.sonnenklar.tv\/blog\/wp-content\/uploads\/2024\/09\/auto-frau-ausblick-berge-880x450-1-18x9.jpg 18w, https:\/\/www.sonnenklar.tv\/blog\/wp-content\/uploads\/2024\/09\/auto-frau-ausblick-berge-880x450-1-150x77.jpg 150w, https:\/\/www.sonnenklar.tv\/blog\/wp-content\/uploads\/2024\/09\/auto-frau-ausblick-berge-880x450-1-450x230.jpg 450w, https:\/\/www.sonnenklar.tv\/blog\/wp-content\/uploads\/2024\/09\/auto-frau-ausblick-berge-880x450-1-768x393.jpg 768w, https:\/\/www.sonnenklar.tv\/blog\/wp-content\/uploads\/2024\/09\/auto-frau-ausblick-berge-880x450-1-800x409.jpg 800w, https:\/\/www.sonnenklar.tv\/blog\/wp-content\/uploads\/2024\/09\/auto-frau-ausblick-berge-880x450-1-120x61.jpg 120w, https:\/\/www.sonnenklar.tv\/blog\/wp-content\/uploads\/2024\/09\/auto-frau-ausblick-berge-880x450-1-90x46.jpg 90w, https:\/\/www.sonnenklar.tv\/blog\/wp-content\/uploads\/2024\/09\/auto-frau-ausblick-berge-880x450-1-320x164.jpg 320w, https:\/\/www.sonnenklar.tv\/blog\/wp-content\/uploads\/2024\/09\/auto-frau-ausblick-berge-880x450-1-560x286.jpg 560w\" sizes=\"(max-width: 880px) 100vw, 880px\" \/><\/a><figcaption class=\"wp-element-caption\">Grandioses Alpenpanorama genie\u00dfen<\/figcaption><\/figure>\n\n\n\n<h2 class=\"wp-block-heading\" id=\"nachhaltig\">Nachhaltig reisen in den Alpen<\/h2>\n\n\n\n<p>Viele Alpenregionen setzen auf nachhaltigen Tourismus. Umweltfreundliche Unterk\u00fcnfte, autofreie Bergd\u00f6rfer und gut ausgebaute \u00f6ffentliche Verkehrsmittel erm\u00f6glichen euch ein natur- und umweltbewusstes Erleben der Alpen. Viele Unterk\u00fcnfte in der Region sind umweltfreundlich gebaut mit nachhaltigen Materialien und verwenden erneuerbare Energien. Viele Wander- und Fahrradwege sind so gut ausgebaut, dass ihr euer Auto gar nicht vermissen werdet. Zudem gibt es Naturlehrpfade und gef\u00fchrte Touren durch die Natur, auf denen ihr eurer Umweltbewusstsein erweitern k\u00f6nnt. Wer sich f\u00fcr sanften Tourismus entscheidet, tr\u00e4gt dazu bei, die einzigartige Sch\u00f6nheit der Alpen auch f\u00fcr kommende Generationen zu erhalten.<\/p>\n\n\n\n<figure class=\"wp-block-image size-full\"><a href=\"https:\/\/www.sonnenklar.tv\/blog\/wp-content\/uploads\/2024\/06\/frau-zeigt-ein-herz-suedtirol-italien-870146682.jpg\"><img loading=\"lazy\" decoding=\"async\" width=\"889\" height=\"455\" src=\"https:\/\/www.sonnenklar.tv\/blog\/wp-content\/uploads\/2024\/06\/frau-zeigt-ein-herz-suedtirol-italien-870146682.jpg\" alt=\"Junge Frau macht einen herzf\u00f6rmigen Fingerrahmen am Alpensee in der Region S\u00fcdtirol, Italien\" class=\"wp-image-29231\" srcset=\"https:\/\/www.sonnenklar.tv\/blog\/wp-content\/uploads\/2024\/06\/frau-zeigt-ein-herz-suedtirol-italien-870146682.jpg 889w, https:\/\/www.sonnenklar.tv\/blog\/wp-content\/uploads\/2024\/06\/frau-zeigt-ein-herz-suedtirol-italien-870146682-800x409.jpg 800w, https:\/\/www.sonnenklar.tv\/blog\/wp-content\/uploads\/2024\/06\/frau-zeigt-ein-herz-suedtirol-italien-870146682-120x61.jpg 120w, https:\/\/www.sonnenklar.tv\/blog\/wp-content\/uploads\/2024\/06\/frau-zeigt-ein-herz-suedtirol-italien-870146682-90x46.jpg 90w, https:\/\/www.sonnenklar.tv\/blog\/wp-content\/uploads\/2024\/06\/frau-zeigt-ein-herz-suedtirol-italien-870146682-320x164.jpg 320w, https:\/\/www.sonnenklar.tv\/blog\/wp-content\/uploads\/2024\/06\/frau-zeigt-ein-herz-suedtirol-italien-870146682-560x287.jpg 560w\" sizes=\"(max-width: 889px) 100vw, 889px\" \/><\/a><figcaption class=\"wp-element-caption\">Herzlicher Rahmen: Junge Frau genie\u00dft die Sch\u00f6nheit S\u00fcdtirols an einem Alpensee<\/figcaption><\/figure>\n\n\n\n<h2 class=\"wp-block-heading\" id=\"faq\">H\u00e4ufig gestellte Fragen zum Sommerurlaub in den Alpen<\/h2>\n\n\n\n<h3 class=\"wp-block-heading\">Welche Regionen der Alpen eignen sich besonders f\u00fcr einen Sommerurlaub?<\/h3>\n\n\n\n<p>Die gesamte Alpenregion bietet attraktive Sommer-Ziele. Besonders beliebt sind Tirol, das Salzburger Land, das Allg\u00e4u, die Schweizer Jungfrauregion und S\u00fcdtirol.<\/p>\n\n\n\n<h3 class=\"wp-block-heading\">Welche Aktivit\u00e4ten sind in den Alpen im Sommer besonders empfehlenswert?<\/h3>\n\n\n\n<p>Neben Wandern und Radfahren gibt es zahlreiche Outdoor-M\u00f6glichkeiten wie Klettern, Rafting, Paragliding oder Canyoning. Auch Bergseen laden zum Schwimmen oder Stand-Up-Paddling ein.<\/p>\n\n\n\n<h3 class=\"wp-block-heading\">Sind die Alpen auch f\u00fcr einen entspannten Erholungsurlaub geeignet?<\/h3>\n\n\n\n<p>Ja, viele Wellnesshotels, Bergh\u00fctten und Naturparks bieten ideale Bedingungen f\u00fcr einen entspannten R\u00fcckzugsort. Besonders ruhige Bergd\u00f6rfer oder Unterk\u00fcnfte in abgelegenen T\u00e4lern sind perfekt zum Abschalten.<\/p>\n\n\n\n<h3 class=\"wp-block-heading\">Ist ein Bergurlaub im Sommer auch f\u00fcr Familien mit Kindern geeignet?<\/h3>\n\n\n\n<p>Ja, viele Wanderwege sind kinderfreundlich und zahlreiche Attraktionen wie Sommerrodelbahnen, Wildparks oder Abenteuerspielpl\u00e4tze sorgen f\u00fcr Abwechslung. Bergbahnen erleichtern zudem den Aufstieg zu familienfreundlichen Almen.<\/p>\n\n\n\n<h3 class=\"wp-block-heading\">Gibt es nachhaltige Reisem\u00f6glichkeiten in den Alpen?<\/h3>\n\n\n\n<p>Viele Regionen setzen auf sanften Tourismus. Autofreie Orte, regionale Lebensmittel, umweltfreundliche Unterk\u00fcnfte und ein gut ausgebauter \u00f6ffentlicher Nahverkehr tragen dazu bei, die Alpen nachhaltig zu erkunden.<\/p>\n\n\n\n<h2 class=\"wp-block-heading\" id=\"fazit\">Fazit zum Sommerurlaub in den Alpen<\/h2>\n\n\n\n<p>Ein Sommerurlaub in den Bergen verbindet Aktivit\u00e4t mit Erholung und bietet Naturgenuss in seiner sch\u00f6nsten Form. Ob sportlich auf dem Gipfel, erholsam am See oder kulturell in den charmanten Alpend\u00f6rfern, die Vielfalt macht die Alpen zum idealen Reiseziel f\u00fcr Familien, Paare und Gruppen.<\/p>\n\n\n\n<div class=\"wp-block-buttons alignfull is-content-justification-center is-layout-flex wp-container-core-buttons-is-layout-16018d1d wp-block-buttons-is-layout-flex\">\n<div class=\"wp-block-button\"><a class=\"wp-block-button__link wp-element-button\" href=\"https:\/\/www.sonnenklar.tv\/urlaub\/in-den-bergen.html\" target=\"_blank\" rel=\"noreferrer noopener\">Urlaub in den bergen &#8211; angebote<\/a><\/div>\n<\/div>\n","protected":false},"excerpt":{"rendered":"<p>Wenn sich der Winter verabschiedet, verwandeln sich die Alpen in eine farbenpr\u00e4chtige Kulisse aus bl\u00fchenden Almwiesen, dichten W\u00e4ldern und kristallklaren Bergseen. Was bietet sich da mehr an als ein Sommerurlaub in den Bergen?&nbsp; Zwischen majest\u00e4tischen Gipfeln er\u00f6ffnen sich unz\u00e4hlige M\u00f6glichkeiten, sei es f\u00fcr ausgedehnte Wanderungen, actionreiche Outdoor-Aktivit\u00e4ten oder gem\u00fctliche Stunden in urigen Bergh\u00fctten. Wir zeigen<\/p>\n","protected":false},"author":57,"featured_media":35253,"comment_status":"closed","ping_status":"open","sticky":false,"template":"","format":"standard","meta":{"footnotes":""},"categories":[697],"tags":[506,659,574,497],"class_list":{"0":"post-35194","1":"post","2":"type-post","3":"status-publish","4":"format-standard","5":"has-post-thumbnail","7":"category-reisetipps","8":"tag-aktivitaeten","9":"tag-alpen","10":"tag-natur","11":"tag-wandern"},"_links":{"self":[{"href":"https:\/\/www.sonnenklar.tv\/blog\/wp-json\/wp\/v2\/posts\/35194","targetHints":{"allow":["GET"]}}],"collection":[{"href":"https:\/\/www.sonnenklar.tv\/blog\/wp-json\/wp\/v2\/posts"}],"about":[{"href":"https:\/\/www.sonnenklar.tv\/blog\/wp-json\/wp\/v2\/types\/post"}],"author":[{"embeddable":true,"href":"https:\/\/www.sonnenklar.tv\/blog\/wp-json\/wp\/v2\/users\/57"}],"replies":[{"embeddable":true,"href":"https:\/\/www.sonnenklar.tv\/blog\/wp-json\/wp\/v2\/comments?post=35194"}],"version-history":[{"count":18,"href":"https:\/\/www.sonnenklar.tv\/blog\/wp-json\/wp\/v2\/posts\/35194\/revisions"}],"predecessor-version":[{"id":36904,"href":"https:\/\/www.sonnenklar.tv\/blog\/wp-json\/wp\/v2\/posts\/35194\/revisions\/36904"}],"wp:featuredmedia":[{"embeddable":true,"href":"https:\/\/www.sonnenklar.tv\/blog\/wp-json\/wp\/v2\/media\/35253"}],"wp:attachment":[{"href":"https:\/\/www.sonnenklar.tv\/blog\/wp-json\/wp\/v2\/media?parent=35194"}],"wp:term":[{"taxonomy":"category","embeddable":true,"href":"https:\/\/www.sonnenklar.tv\/blog\/wp-json\/wp\/v2\/categories?post=35194"},{"taxonomy":"post_tag","embeddable":true,"href":"https:\/\/www.sonnenklar.tv\/blog\/wp-json\/wp\/v2\/tags?post=35194"}],"curies":[{"name":"wp","href":"https:\/\/api.w.org\/{rel}","templated":true}]}}