{"id":32665,"date":"2024-10-08T16:48:35","date_gmt":"2024-10-08T15:48:35","guid":{"rendered":"https:\/\/www.sonnenklar.tv\/blog\/?p=32665"},"modified":"2025-11-21T16:12:39","modified_gmt":"2025-11-21T15:12:39","slug":"aussergewoehnliche-reiseziele-weihnachten","status":"publish","type":"post","link":"https:\/\/www.sonnenklar.tv\/blog\/reisetipps\/aussergewoehnliche-reiseziele-weihnachten\/","title":{"rendered":"So habt ihr die Feiertage noch nie erlebt \u2013 12 au\u00dfergew\u00f6hnliche Reiseziele f\u00fcr Weihnachten"},"content":{"rendered":"\n<p><strong>Sp\u00e4testens wenn Ende August die Lebkuchen im Supermarkt auftauchen, wird uns bewusst, dass es langsam, aber sicher, wieder auf Weihnachten zugeht. Und somit auch h\u00f6chste Zeit sich Gedanken zu machen, wie ihr die Feiertage dieses Jahr verbringen wollt. F\u00fcr viele steht ja schon fest, dass man traditionell mit der Familie feiern m\u00f6chte. Solltet ihr aber zu denjenigen geh\u00f6ren, die Weihnachten gerne mal etwas anders verbringen m\u00f6chten, dann schaut euch doch mal unsere Vorschl\u00e4ge f\u00fcr Alternativen an.<\/strong><\/p>\n\n\n\n<p>Der religi\u00f6se Ursprung von Weihnachten tritt immer mehr in den Hintergrund und neben dem Grund, die Feiertage f\u00fcr ein Familientreffen zu nutzen, ist das Wichtigste heutzutage, die Geschenke auszupacken. Manche Menschen wollen diesem Rummel aber lieber entfliehen und sind auf der Suche nach einem Ort, an dem man nicht st\u00e4ndig \u201eLast Christmas\u201c h\u00f6rt. F\u00fcr andere geh\u00f6rt zu Weihnachten Schnee und K\u00e4lte, um in die richtige Festtagsstimmung zu kommen. In unserem Beitrag stellen wir euch Orte f\u00fcr alle vor, die Weihnachten mal nicht so wie immer verbringen wollen.<\/p>\n\n\n\n<p><strong>Au\u00dfergew\u00f6hnliche Reiseziele f\u00fcr euer Weihnachtsfest<\/strong><\/p>\n\n\n\n<ul class=\"wp-block-list\">\n<li><strong><a href=\"#aussergewoehnliches-weihnachten-religioes\">Weihnachten mit religi\u00f6sem Touch<\/a><\/strong>\n<ul class=\"wp-block-list\">\n<li><a href=\"#aussergewoehnliche-weihnachten-vatikan\">Prunkvoll und festlich feiern im Vatikan<\/a><\/li>\n\n\n\n<li><a href=\"#aussergewoehnliche-weihnachten-assisi\">Beim Erfinder der Krippen in Assisi<\/a><\/li>\n\n\n\n<li><a href=\"#aussergewoehnliche-weihnachten-fatima\">Die heilige 13 von F\u00e1tima<\/a><\/li>\n<\/ul>\n<\/li>\n<\/ul>\n\n\n\n<ul class=\"wp-block-list\">\n<li><strong><a href=\"#aussergewoehnliche-weihnachten-schnee\">Magische Weihnachten im Schnee<\/a><\/strong>\n<ul class=\"wp-block-list\">\n<li><a href=\"#aussergewoehnliche-weihnachten-damuels\">Ab auf die Piste in Dam\u00fcls, Vorarlberg<\/a><\/li>\n\n\n\n<li><a href=\"#aussergewoehnliche-weihnachten-rovaniemi\">Zu Hause beim Weihnachtsmann in Rovaniemi, Finnland<\/a><\/li>\n\n\n\n<li><a href=\"#aussergewoehnliche-weihnachten-aspen\">Winter Wonderland in Aspen, Colorado<\/a><\/li>\n<\/ul>\n<\/li>\n<\/ul>\n\n\n\n<ul class=\"wp-block-list\">\n<li><strong><a href=\"#aussergewoehnliche-weihnachten-sommer\">Schwitzen am (weihnachtlichen) Strand<\/a><\/strong>\n<ul class=\"wp-block-list\">\n<li><a href=\"#aussergewoehnliche-weihnachten-phuket\">Weihnachtliche Deko in Phuket, Thailand<\/a><\/li>\n\n\n\n<li><a href=\"#aussergewoehnliche-weihnachten-florida\">Weihnachtsm\u00e4nner in Badehose oder Kitsch in den Themenparks in Florida<\/a><\/li>\n\n\n\n<li><a href=\"#aussergewoehnliche-weihnachten-bahamas\">Karneval auf den Bahamas<\/a><\/li>\n<\/ul>\n<\/li>\n<\/ul>\n\n\n\n<ul class=\"wp-block-list\">\n<li><strong><a href=\"#aussergewoehnliche-weihnachten-essen\">Wo es Weihnachten am besten schmeckt<\/a><\/strong>\n<ul class=\"wp-block-list\">\n<li><a href=\"#aussergeoehnliche-weihnachten-frankreich\">Weihnachtlich schlemmen wie Gott in Frankreich\u00a0<\/a><\/li>\n\n\n\n<li><a href=\"#aussergewoehnliche-weihnachten-polen\">Polen: f\u00fcr jeden der 12 Apostel ein Gericht<\/a><\/li>\n\n\n\n<li><a href=\"#aussergewoehnliche-weihnachten-schweden\">Weihnachten mit Freunden beim Julbord in Schweden<\/a><\/li>\n<\/ul>\n<\/li>\n<\/ul>\n\n\n\n<p><strong>H\u00e4ufig gestellte Fragen<\/strong><\/p>\n\n\n\n<ul class=\"wp-block-list\">\n<li><a href=\"#aussergewoehnliche-weihnachten-ziele\">Welche Reiseziele \u00fcber Weihnachten?<\/a><\/li>\n\n\n\n<li><a href=\"#aussergewoehnliche-weihnachten-wo\">Wo ist es am sch\u00f6nsten an Weihnachten?<\/a><\/li>\n\n\n\n<li><a href=\"#aussergewoehnliche-weihnachten-schmuck\">Wo ist es an Weihnachten am sch\u00f6nsten geschm\u00fcckt?<\/a><\/li>\n\n\n\n<li><a href=\"#aussergewoehnliche-weihnachten-warm\">Wo ist es Weihnachten 25 Grad warm?<\/a><\/li>\n<\/ul>\n\n\n\n<h2 class=\"wp-block-heading\">Das Wichtigste im \u00dcberblick<\/h2>\n\n\n\n<ul class=\"wp-block-list\">\n<li>Die wichtigste Entscheidung ist, euch zu \u00fcberlegen, ob ihr Weihnachten im <strong>Schnee<\/strong> oder am <strong>Strand<\/strong> verbringen wollt.<\/li>\n\n\n\n<li>Eine Reise zu Weihnachten hilft <strong>Stress zu vermeiden<\/strong>, den ihr habt, wenn ihr zu Hause kochen, den Baum schm\u00fccken und Geschenke kaufen m\u00fcsst.<\/li>\n\n\n\n<li>Was <strong>schenke<\/strong> ich zu Weihnachten? Die Frage ist leicht beantwortet. Eine Reise f\u00fcr die ganze Familie.<\/li>\n<\/ul>\n\n\n\n<h2 class=\"wp-block-heading\">Au\u00dfergew\u00f6hnliche Reiseziele f\u00fcr euer Weihnachtsfest<\/h2>\n\n\n\n<p>Es gibt viele Gr\u00fcnde, das Weihnachtsfest einmal nicht so zu feiern wie jedes Jahr. Da diese Gr\u00fcnde sehr unterschiedlich sein k\u00f6nnen, stellen wir euch in diesem Beitrag Orte vor, an denen Weihnachten bestimmt au\u00dfergew\u00f6hnlich wird.<\/p>\n\n\n\n<figure class=\"wp-block-image size-large\"><a href=\"https:\/\/www.sonnenklar.tv\/blog\/wp-content\/uploads\/2024\/09\/frau-mit-laptop-geschenke-tannenbaum-880x450-1.jpg\"><img fetchpriority=\"high\" decoding=\"async\" width=\"880\" height=\"450\" src=\"https:\/\/www.sonnenklar.tv\/blog\/wp-content\/uploads\/2024\/09\/frau-mit-laptop-geschenke-tannenbaum-880x450-1.jpg\" alt=\"Frau mit einem Laptop vor einem Tannenbaum\" class=\"wp-image-32666\" srcset=\"https:\/\/www.sonnenklar.tv\/blog\/wp-content\/uploads\/2024\/09\/frau-mit-laptop-geschenke-tannenbaum-880x450-1.jpg 880w, https:\/\/www.sonnenklar.tv\/blog\/wp-content\/uploads\/2024\/09\/frau-mit-laptop-geschenke-tannenbaum-880x450-1-800x409.jpg 800w, https:\/\/www.sonnenklar.tv\/blog\/wp-content\/uploads\/2024\/09\/frau-mit-laptop-geschenke-tannenbaum-880x450-1-120x61.jpg 120w, https:\/\/www.sonnenklar.tv\/blog\/wp-content\/uploads\/2024\/09\/frau-mit-laptop-geschenke-tannenbaum-880x450-1-90x46.jpg 90w, https:\/\/www.sonnenklar.tv\/blog\/wp-content\/uploads\/2024\/09\/frau-mit-laptop-geschenke-tannenbaum-880x450-1-320x164.jpg 320w, https:\/\/www.sonnenklar.tv\/blog\/wp-content\/uploads\/2024\/09\/frau-mit-laptop-geschenke-tannenbaum-880x450-1-560x286.jpg 560w\" sizes=\"(max-width: 880px) 100vw, 880px\" \/><\/a><figcaption class=\"wp-element-caption\">Frau mit einem Laptop vor einem Tannenbaum<\/figcaption><\/figure>\n\n\n\n<h3 class=\"wp-block-heading\" id=\"aussergewoehnliches-weihnachten-religioes\">Weihnachten mit religi\u00f6sem Touch<\/h3>\n\n\n\n<p>Wenn ihr euch zu Weihnachten zumindest ein bisschen das Gef\u00fchl geben wollt, das Fest der Liebe so zu feiern, wie es urspr\u00fcnglich gedacht war, bieten sich besondere christliche Orte an, an denen die Geschenke in den Hintergrund treten und die Heilige Familie im Mittelpunkt steht.<\/p>\n\n\n\n<figure class=\"wp-block-image size-large\"><a href=\"https:\/\/www.sonnenklar.tv\/blog\/wp-content\/uploads\/2023\/11\/Paar-auf-Weihnachtsmarkt-3203714.jpg\"><img decoding=\"async\" width=\"880\" height=\"450\" src=\"https:\/\/www.sonnenklar.tv\/blog\/wp-content\/uploads\/2023\/11\/Paar-auf-Weihnachtsmarkt-3203714.jpg\" alt=\"Junges Paar mit Wunderkerze auf einem Weihnachtsmarkt\" class=\"wp-image-26268\" srcset=\"https:\/\/www.sonnenklar.tv\/blog\/wp-content\/uploads\/2023\/11\/Paar-auf-Weihnachtsmarkt-3203714.jpg 880w, https:\/\/www.sonnenklar.tv\/blog\/wp-content\/uploads\/2023\/11\/Paar-auf-Weihnachtsmarkt-3203714-800x409.jpg 800w, https:\/\/www.sonnenklar.tv\/blog\/wp-content\/uploads\/2023\/11\/Paar-auf-Weihnachtsmarkt-3203714-18x9.jpg 18w, https:\/\/www.sonnenklar.tv\/blog\/wp-content\/uploads\/2023\/11\/Paar-auf-Weihnachtsmarkt-3203714-150x77.jpg 150w, https:\/\/www.sonnenklar.tv\/blog\/wp-content\/uploads\/2023\/11\/Paar-auf-Weihnachtsmarkt-3203714-450x230.jpg 450w, https:\/\/www.sonnenklar.tv\/blog\/wp-content\/uploads\/2023\/11\/Paar-auf-Weihnachtsmarkt-3203714-768x393.jpg 768w, https:\/\/www.sonnenklar.tv\/blog\/wp-content\/uploads\/2023\/11\/Paar-auf-Weihnachtsmarkt-3203714-300x153.jpg 300w\" sizes=\"(max-width: 880px) 100vw, 880px\" \/><\/a><figcaption class=\"wp-element-caption\">Junges Paar mit Wunderkerze auf einem Weihnachtsmarkt<\/figcaption><\/figure>\n\n\n\n<h4 class=\"wp-block-heading\" id=\"aussergewoehnliche-weihnachten-vatikan\">Prunkvoll und festlich feiern im Vatikan<\/h4>\n\n\n\n<p>Weihnachten beginnt im Vatikan am achten Dezember, dem \u201eHochfest der ohne Erbs\u00fcnde empfangenen Jungfrau und Gottesmutter Maria\u201c, besser bekannt unter dem Namen Mari\u00e4 Empf\u00e4ngnis. Zu diesem Termin wird seit 1982 der festlich geschm\u00fcckte <strong>Weihnachtsbaum<\/strong> auf dem <strong>Petersplatz<\/strong> enth\u00fcllt. Der kommt jedes Jahr aus einem anderen europ\u00e4ischen Land, sechs Mal bis jetzt aus Deutschland. Auch die <strong>Krippe<\/strong> mit lebensgro\u00dfen Figuren gibt es erst seit 1982. Bis 2011 wurden immer dieselben Figuren benutzt. Seit 2012 wird die Krippe aber jeweils von einer <strong>anderen Region oder Stadt Italiens <\/strong>mit neuen Figuren gestiftet. Im Jahr 2022 wurde sie aus nachhaltigem Zedernholz von Handwerkern aus Sutrio in der N\u00e4he von Udine geschnitzt.<\/p>\n\n\n\n<figure class=\"wp-block-image size-large\"><a href=\"https:\/\/www.sonnenklar.tv\/blog\/wp-content\/uploads\/2024\/09\/italien-rom-spanische-treppe-sonnenuntergang-880x450-1.jpg\"><img decoding=\"async\" width=\"880\" height=\"450\" src=\"https:\/\/www.sonnenklar.tv\/blog\/wp-content\/uploads\/2024\/09\/italien-rom-spanische-treppe-sonnenuntergang-880x450-1.jpg\" alt=\"Stadtbild der Spanischen Treppe in Rom, Italien bei Sonnenaufgang\" class=\"wp-image-32667\" srcset=\"https:\/\/www.sonnenklar.tv\/blog\/wp-content\/uploads\/2024\/09\/italien-rom-spanische-treppe-sonnenuntergang-880x450-1.jpg 880w, https:\/\/www.sonnenklar.tv\/blog\/wp-content\/uploads\/2024\/09\/italien-rom-spanische-treppe-sonnenuntergang-880x450-1-800x409.jpg 800w, https:\/\/www.sonnenklar.tv\/blog\/wp-content\/uploads\/2024\/09\/italien-rom-spanische-treppe-sonnenuntergang-880x450-1-120x61.jpg 120w, https:\/\/www.sonnenklar.tv\/blog\/wp-content\/uploads\/2024\/09\/italien-rom-spanische-treppe-sonnenuntergang-880x450-1-90x46.jpg 90w, https:\/\/www.sonnenklar.tv\/blog\/wp-content\/uploads\/2024\/09\/italien-rom-spanische-treppe-sonnenuntergang-880x450-1-320x164.jpg 320w, https:\/\/www.sonnenklar.tv\/blog\/wp-content\/uploads\/2024\/09\/italien-rom-spanische-treppe-sonnenuntergang-880x450-1-560x286.jpg 560w\" sizes=\"(max-width: 880px) 100vw, 880px\" \/><\/a><figcaption class=\"wp-element-caption\">Stadtbild der Spanischen Treppe in Rom bei Sonnenaufgang<\/figcaption><\/figure>\n\n\n\n<p>Mitte Dezember findet im <strong>Auditorium Conciliazione<\/strong> das festliche <strong>Weihnachtskonzert<\/strong> des Vatikans mit ber\u00fchmten K\u00fcnstlern aus Pop, Oper und Gospel statt. Die Einnahmen aus diesem Konzert gehen jedes Jahr an ein anderes <strong>Wohlfahrtsprojekt<\/strong>, meist Programme, die sich f\u00fcr Kinder in der dritten Welt einsetzen. Am Heiligen Abend, also am 24.12., wird es dann besonders festlich, wenn der Papst im Petersdom die traditionelle <strong>Mitternachtsmette<\/strong> bereits um 19:30 Uhr feiert. An dieser Messe kann man kostenlos teilnehmen, sofern man sich rechtzeitig ein Ticket bestellt hat. Ein weiteres Highlight folgt dann am ersten Weihnachtsfeiertag, wenn der Papst auf dem Petersplatz den <strong>Segen Urbi et Orbi<\/strong> spendet. \u00dcbrigens gibt es auch im Vatikan Weihnachtsgeschenke. Die bringt aber, wie in Italien \u00fcblich, die Hexe Befana in der Nacht vom 5. auf den 6. Januar.<\/p>\n\n\n\n<div class=\"wp-block-buttons is-horizontal is-content-justification-center is-layout-flex wp-container-core-buttons-is-layout-499968f5 wp-block-buttons-is-layout-flex\">\n<div class=\"wp-block-button\"><a class=\"wp-block-button__link wp-element-button\" href=\"https:\/\/www.sonnenklar.tv\/ort\/Apulien\/Rom.html\" target=\"_blank\" rel=\"noreferrer noopener\">Hotels in rom &#8211; zu den angeboten<\/a><\/div>\n<\/div>\n\n\n\n<h4 class=\"wp-block-heading\" id=\"aussergewoehnliche-weihnachten-assisi\">Beim Erfinder der Krippen in Assisi<\/h4>\n\n\n\n<p>In vielen Wohnzimmern und in jeder Kirche geh\u00f6rt die Krippe zur <strong>Weihnachtsdekoration<\/strong>. Sie zeigt die Geburtsszene von Jesus im Stall von Bethlehem. So wird f\u00fcr jeden ersichtlich, worum es an Weihnachten geht. Zur Krippe geh\u00f6ren neben dem Jesuskind, Maria und Joseph noch Kuh, Esel und einige Schafe. Wie in der Bibel beschrieben, wird die frohe Botschaft von einem Engel verk\u00fcndet und ein leuchtender Stern weist den Weg. Ganz traditionell wird die Krippe <strong>zur Adventszeit<\/strong> aufgestellt und die einzelnen Figuren erst nach und nach hinzugef\u00fcgt. Da Jesus am 24.12. geboren wurde, kommt das Baby nat\u00fcrlich auch erst am Heiligabend in die Krippe. Und wenn die meisten die Krippe mit dem Weihnachtsbaum sp\u00e4testens am 6. Januar wieder wegr\u00e4umen, ist das eigentlich der Tag, an dem die Heiligen Drei K\u00f6nige zur Krippe hinzugef\u00fcgt werden. In der katholischen Kirche dauert die Weihnachtszeit n\u00e4mlich bis zum 2. Februar.<\/p>\n\n\n\n<figure class=\"wp-block-image size-large\"><a href=\"https:\/\/www.sonnenklar.tv\/blog\/wp-content\/uploads\/2024\/09\/italien-umbrien-assisi-880x450-1.jpg\"><img loading=\"lazy\" decoding=\"async\" width=\"880\" height=\"450\" src=\"https:\/\/www.sonnenklar.tv\/blog\/wp-content\/uploads\/2024\/09\/italien-umbrien-assisi-880x450-1.jpg\" alt=\"Historische Altstadt von Assisi in Umbrien, Italien\" class=\"wp-image-32668\" srcset=\"https:\/\/www.sonnenklar.tv\/blog\/wp-content\/uploads\/2024\/09\/italien-umbrien-assisi-880x450-1.jpg 880w, https:\/\/www.sonnenklar.tv\/blog\/wp-content\/uploads\/2024\/09\/italien-umbrien-assisi-880x450-1-800x409.jpg 800w, https:\/\/www.sonnenklar.tv\/blog\/wp-content\/uploads\/2024\/09\/italien-umbrien-assisi-880x450-1-120x61.jpg 120w, https:\/\/www.sonnenklar.tv\/blog\/wp-content\/uploads\/2024\/09\/italien-umbrien-assisi-880x450-1-90x46.jpg 90w, https:\/\/www.sonnenklar.tv\/blog\/wp-content\/uploads\/2024\/09\/italien-umbrien-assisi-880x450-1-320x164.jpg 320w, https:\/\/www.sonnenklar.tv\/blog\/wp-content\/uploads\/2024\/09\/italien-umbrien-assisi-880x450-1-560x286.jpg 560w\" sizes=\"(max-width: 880px) 100vw, 880px\" \/><\/a><figcaption class=\"wp-element-caption\">Historische Altstadt von Assisi in Umbrien<\/figcaption><\/figure>\n\n\n\n<p>Die Tradition der Weihnachtskrippe hat der Heilige Franz von Assisi im Jahr <strong>1223<\/strong> gestartet. In dem Jahr hielt der Heilige am 25. Dezember eine Mitternachtsmette im <strong>Wald von Greccio<\/strong> ab, bei der es eine <strong>Krippe<\/strong> mit <strong>lebenden Tieren<\/strong>, Hirten und einem Jesuskind aus Wachs gab. Daraus entwickelte sich nach und nach die Tradition des Krippenspiels und ab dem 16. Jahrhundert dann auch die Schnitzerei von Krippen f\u00fcr die gute Stube. Zu Ehren des Heiligen Franziskus werden in <strong>Assisi<\/strong> jedes Jahr <strong>mehrere Krippen<\/strong> aufgebaut, die ihr bei einem Rundgang durch die festlich erleuchtete Stadt besuchen k\u00f6nnt. Besonders die <strong>Piazza del Comune<\/strong> wird mit Szenen aus der Geschichte der Stadt und passender Musik zu einem Kunsterlebnis. An anderen Pl\u00e4tzen in der mittelalterlichen Stadt gibt es teils kostenlose <strong>Konzerte<\/strong>. Wenn ihr nicht mehr so gut zu Fu\u00df seid, k\u00f6nnt ihr mit dem <strong>Weihnachtszug<\/strong> die Stadt erkunden.<\/p>\n\n\n\n<h4 class=\"wp-block-heading\" id=\"aussergewoehnliche-weihnachten-fatima\">Die heilige 13 von F\u00e1tima<\/h4>\n\n\n\n<p>Die kleine Stadt etwa 130 Kilometer <strong>n\u00f6rdlich von Lissabon<\/strong> ist eine der bedeutendsten <strong>Wallfahrtsorte<\/strong> der Katholiken. Alles begann mit drei Hirtenkindern, denen 1916 zun\u00e4chst drei Mal ein Engel erschien. Am <strong>13. Mai 1917<\/strong> war es dann Maria, die den Kindern erschien und dann wieder am 13. Juni und 13. Juli. Das sprach sich schnell herum und so waren bei der sechsten Erscheinung am 13. Oktober bereits etwa 60.000 Menschen Zeugen dieses <strong>Wunders<\/strong>. Zwischen 1921 und 1929 gab es weitere Erscheinungen. Am 13. Mai 1930 wurden diese dann von der katholischen Kirche als <strong>echt und wahr<\/strong> anerkannt und seither pilgern die Menschen an diesen Ort. Im Jahr 2019 waren es \u00fcber sechs Millionen Pilger. Die meisten kommen zu den monatlichen Wallfahrten, die immer am 13. eines Monats stattfinden.<\/p>\n\n\n\n<figure class=\"wp-block-image size-large\"><a href=\"https:\/\/www.sonnenklar.tv\/blog\/wp-content\/uploads\/2024\/09\/portugal-lissabon-rosenkranz-basilika-880x450-1.jpg\"><img loading=\"lazy\" decoding=\"async\" width=\"880\" height=\"450\" src=\"https:\/\/www.sonnenklar.tv\/blog\/wp-content\/uploads\/2024\/09\/portugal-lissabon-rosenkranz-basilika-880x450-1.jpg\" alt=\"Rosenkranz-Basilika in F\u00e1tima, Portugal\" class=\"wp-image-32669\" srcset=\"https:\/\/www.sonnenklar.tv\/blog\/wp-content\/uploads\/2024\/09\/portugal-lissabon-rosenkranz-basilika-880x450-1.jpg 880w, https:\/\/www.sonnenklar.tv\/blog\/wp-content\/uploads\/2024\/09\/portugal-lissabon-rosenkranz-basilika-880x450-1-800x409.jpg 800w, https:\/\/www.sonnenklar.tv\/blog\/wp-content\/uploads\/2024\/09\/portugal-lissabon-rosenkranz-basilika-880x450-1-120x61.jpg 120w, https:\/\/www.sonnenklar.tv\/blog\/wp-content\/uploads\/2024\/09\/portugal-lissabon-rosenkranz-basilika-880x450-1-90x46.jpg 90w, https:\/\/www.sonnenklar.tv\/blog\/wp-content\/uploads\/2024\/09\/portugal-lissabon-rosenkranz-basilika-880x450-1-320x164.jpg 320w, https:\/\/www.sonnenklar.tv\/blog\/wp-content\/uploads\/2024\/09\/portugal-lissabon-rosenkranz-basilika-880x450-1-560x286.jpg 560w\" sizes=\"(max-width: 880px) 100vw, 880px\" \/><\/a><figcaption class=\"wp-element-caption\">Rosenkranz-Basilika in F\u00e1tima<\/figcaption><\/figure>\n\n\n\n<p>Der Bezug zu Weihnachten begr\u00fcndet sich in einer nicht offiziell anerkannten Geschichte aus dem Jahr 1967, dem 50. Jubil\u00e4um der Erscheinungen. Am Heiligen Abend trafen zwei Studenten am Heiligtum auf eine betende Frau, die aus den Pilgern hervorstach und sehr verzweifelt wirkte. Als die Frau von den Pilgern auf den Grund ihres Flehens angesprochen wurde, zeigte diese ihr Baby, dessen Kopf keine Augen aufwies. Sofort stimmte die gesamte Pilgerschaft mit in das Gebet f\u00fcr das Baby ein, das pl\u00f6tzlich anfing zu weinen. Als die Mutter nachschaute, erschienen pl\u00f6tzlich Augen im Gesicht des Kindes. Wie bereits erw\u00e4hnt ist diese Geschichte nicht offiziell anerkannt, aber dennoch pilgern immer wieder kranke Menschen nach F\u00e1tima in der Hoffnung von ihren Leiden erl\u00f6st zu werden. Ein Highlight zu Weihnachten ist sicherlich auch der Nachbau der Krippe und des Dorfes Bethlehem mit beweglichen Figuren.<\/p>\n\n\n\n<div class=\"wp-block-buttons is-horizontal is-content-justification-center is-layout-flex wp-container-core-buttons-is-layout-499968f5 wp-block-buttons-is-layout-flex\">\n<div class=\"wp-block-button\"><a class=\"wp-block-button__link wp-element-button\" href=\"https:\/\/www.sonnenklar.tv\/urlaub\/portugal.html\" target=\"_blank\" rel=\"noreferrer noopener\">Portugal uRLAUB &#8211; zu den angeboten<\/a><\/div>\n<\/div>\n\n\n\n<p><strong>Lesetipp:<\/strong> Vom Glanz Venedigs bis zur Ruhe der Toskana \u2013 Italien bietet unz\u00e4hlige Facetten. In unserem Beitrag <a href=\"https:\/\/www.sonnenklar.tv\/blog\/reisetipps-italien\/\" target=\"_blank\" rel=\"noreferrer noopener\">Die sch\u00f6nsten Urlaubsregionen in Italien auf einen Blick<\/a> f\u00fchren wir euch durch die malerischsten und unvergesslichsten Orte, die das Land der Pasta und des Weins zu bieten hat. Startet hier eure Reise ins &#8222;Dolce Vita&#8220;!<\/p>\n\n\n\n<h3 class=\"wp-block-heading\" id=\"aussergewoehnliche-weihnachten-schnee\">Magische Weihnachten im Schnee<\/h3>\n\n\n\n<p>Nicht nur unsere Kinder w\u00fcnschen sich wei\u00dfe Weihnachten. Die gibt es aber in den meisten Regionen Deutschlands statistisch gesehen nur zwei bis drei Mal pro Jahrzehnt. Ziemlich sicher gibt es Schnee w\u00e4hrend der Feiertage nur auf dem Gipfel der Zugspitze, f\u00fcr <strong>Garmisch-Partenkirchen<\/strong> am Fu\u00df des h\u00f6chsten Bergs in Deutschland liegt die Chance immerhin noch bei etwa <strong>80 Prozent<\/strong>.<\/p>\n\n\n\n<figure class=\"wp-block-image size-large\"><a href=\"https:\/\/www.sonnenklar.tv\/blog\/wp-content\/uploads\/2022\/10\/GettyImages-1279849359_kl.jpg\"><img loading=\"lazy\" decoding=\"async\" width=\"880\" height=\"450\" src=\"https:\/\/www.sonnenklar.tv\/blog\/wp-content\/uploads\/2022\/10\/GettyImages-1279849359_kl.jpg\" alt=\"Zugspitze in den Alpen im Winter\" class=\"wp-image-21752\" srcset=\"https:\/\/www.sonnenklar.tv\/blog\/wp-content\/uploads\/2022\/10\/GettyImages-1279849359_kl.jpg 880w, https:\/\/www.sonnenklar.tv\/blog\/wp-content\/uploads\/2022\/10\/GettyImages-1279849359_kl-300x153.jpg 300w, https:\/\/www.sonnenklar.tv\/blog\/wp-content\/uploads\/2022\/10\/GettyImages-1279849359_kl-768x393.jpg 768w\" sizes=\"(max-width: 880px) 100vw, 880px\" \/><\/a><figcaption class=\"wp-element-caption\">Zugspitze im Winter in den Alpen<\/figcaption><\/figure>\n\n\n\n<h4 class=\"wp-block-heading\" id=\"aussergewoehnliche-weihnachten-damuels\">Ab auf die Piste in Dam\u00fcls, Vorarlberg<\/h4>\n\n\n\n<p>Das kleine Dorf Dam\u00fcls liegt auf <strong>1.429 Metern H\u00f6he<\/strong> eingebettet in eine magische Bergwelt, die f\u00fcr ihr besonderes Licht ber\u00fchmt ist. Im Mittelalter verlie\u00dfen viele Schweizer aus dem Kanton Wallis ihre Heimat und suchten sich eine neue Heimat, da sie in der alten unter gro\u00dfer Armut litten. So entstand im Jahr 1313 das Dorf Dam\u00fcls. Aufgrund der Lage am Nordrand des Alpenhauptkamms gibt es hier besonders viel Niederschlag. Im Jahr 2006 erhielt Dam\u00fcls deswegen den Titel <strong>schneereichstes Dorf der Welt<\/strong>, da hier im Winter pro Saison im Schnitt \u00fcber neun Meter Schnee fallen. So wird den G\u00e4sten Schnee von Dezember bis April garantiert.<\/p>\n\n\n\n<figure class=\"wp-block-image size-large\"><a href=\"https:\/\/www.sonnenklar.tv\/blog\/wp-content\/uploads\/2024\/09\/weihnachtsmann-auf-ski-in-den-bergen-880x450-1.jpg\"><img loading=\"lazy\" decoding=\"async\" width=\"880\" height=\"450\" src=\"https:\/\/www.sonnenklar.tv\/blog\/wp-content\/uploads\/2024\/09\/weihnachtsmann-auf-ski-in-den-bergen-880x450-1.jpg\" alt=\"Weihnachtsmann auf Ski in den Bergen\" class=\"wp-image-32670\" srcset=\"https:\/\/www.sonnenklar.tv\/blog\/wp-content\/uploads\/2024\/09\/weihnachtsmann-auf-ski-in-den-bergen-880x450-1.jpg 880w, https:\/\/www.sonnenklar.tv\/blog\/wp-content\/uploads\/2024\/09\/weihnachtsmann-auf-ski-in-den-bergen-880x450-1-800x409.jpg 800w, https:\/\/www.sonnenklar.tv\/blog\/wp-content\/uploads\/2024\/09\/weihnachtsmann-auf-ski-in-den-bergen-880x450-1-120x61.jpg 120w, https:\/\/www.sonnenklar.tv\/blog\/wp-content\/uploads\/2024\/09\/weihnachtsmann-auf-ski-in-den-bergen-880x450-1-90x46.jpg 90w, https:\/\/www.sonnenklar.tv\/blog\/wp-content\/uploads\/2024\/09\/weihnachtsmann-auf-ski-in-den-bergen-880x450-1-320x164.jpg 320w, https:\/\/www.sonnenklar.tv\/blog\/wp-content\/uploads\/2024\/09\/weihnachtsmann-auf-ski-in-den-bergen-880x450-1-560x286.jpg 560w\" sizes=\"(max-width: 880px) 100vw, 880px\" \/><\/a><figcaption class=\"wp-element-caption\">Weihnachtsmann auf Ski in den Bergen<\/figcaption><\/figure>\n\n\n\n<p>Zwischen dem <strong>Bregenzerwald<\/strong> und dem Biosph\u00e4renpark <strong>Gro\u00dfwalsertal<\/strong> erwarten euch die <strong>Skigebiete<\/strong> Dam\u00fcls-Mellau und Faschina mit <strong>109 Pistenkilometern<\/strong>. Abfahrten gibt es f\u00fcr alle Schwierigkeitsgrade und so findet ihr hier perfekte Bedingungen f\u00fcr euren Winterurlaub. Highlights sind eine Speedstrecke mit Fotopoint, wo ihr eure Rennl\u00e4uferqualit\u00e4ten testet. Im ganzen Skigebiet verteilt findet ihr eine gro\u00dfe Auswahl an <strong>urigen Skih\u00fctten<\/strong> zum Aufw\u00e4rmen. Das kleine Dorf Dam\u00fcls ist dezent weihnachtlich geschm\u00fcckt. So beschr\u00e4nkt sich Weihnachten hier auf ein festliches Men\u00fc in eurem Hotel. Viele der Hotels sind <strong>Ski in\/Ski Out <\/strong>H\u00e4user, da sie direkt an den Pisten liegen. Doch nicht nur Skifahrer genie\u00dfen das Winterwunderland. Wenn ihr euch warm einpackt, k\u00f6nnt ihr auf ger\u00e4umten Wegen <strong>wandern<\/strong>, diverse <strong>kleine Museen<\/strong> besichtigen oder in den Betrieben an der <strong>K\u00e4sestra\u00dfe Bregenzerwald<\/strong> regionale K\u00f6stlichkeiten probieren. Die dabei verzehrten Kalorien k\u00f6nnt ihr ja dann auf der <strong>Naturrodelbahn<\/strong> verbrennen, an zwei Tage der Woche sogar nachts.<\/p>\n\n\n\n<h4 class=\"wp-block-heading\" id=\"aussergewoehnliche-weihnachten-rovaniemi\">Zu Hause beim Weihnachtsmann in Rovaniemi<\/h4>\n\n\n\n<p>Hoch oben im Norden Finnlands am <strong>arktischen Polarkreis<\/strong> liegt die offizielle <strong>Heimatstadt des Weihnachtsmanns<\/strong>. Wo sollte es also weihnachtlicher sein als hier? Eigentlich wohnt Santa ja in Korvatunturi, aber weil er auch mal seine Ruhe braucht und keine Besucher empfangen will, verr\u00e4t er nicht, wo das liegt. Das Weihnachtsdorf in <strong>Rovaniemi<\/strong> ist also nur sein B\u00fcro und die H\u00fctte neben dem Postamt im <strong>Weihnachtsdorf<\/strong> wurde urspr\u00fcnglich 1950 f\u00fcr die Gattin des US-Pr\u00e4sidenten Roosevelt gebaut. Die wollte n\u00e4mlich den Polarkreis besuchen und da es in der zerst\u00f6rten Stadt keine passende Unterkunft gab, hat man eine gebaut.<\/p>\n\n\n\n<figure class=\"wp-block-image size-large\"><a href=\"https:\/\/www.sonnenklar.tv\/blog\/wp-content\/uploads\/2024\/09\/haus-mit-beleuchtung-im-winter-880x450-1.jpg\"><img loading=\"lazy\" decoding=\"async\" width=\"880\" height=\"450\" src=\"https:\/\/www.sonnenklar.tv\/blog\/wp-content\/uploads\/2024\/09\/haus-mit-beleuchtung-im-winter-880x450-1.jpg\" alt=\"Beleuchtetes Haus mit Weihnachtsbaum im Winter\" class=\"wp-image-32671\" srcset=\"https:\/\/www.sonnenklar.tv\/blog\/wp-content\/uploads\/2024\/09\/haus-mit-beleuchtung-im-winter-880x450-1.jpg 880w, https:\/\/www.sonnenklar.tv\/blog\/wp-content\/uploads\/2024\/09\/haus-mit-beleuchtung-im-winter-880x450-1-800x409.jpg 800w, https:\/\/www.sonnenklar.tv\/blog\/wp-content\/uploads\/2024\/09\/haus-mit-beleuchtung-im-winter-880x450-1-120x61.jpg 120w, https:\/\/www.sonnenklar.tv\/blog\/wp-content\/uploads\/2024\/09\/haus-mit-beleuchtung-im-winter-880x450-1-90x46.jpg 90w, https:\/\/www.sonnenklar.tv\/blog\/wp-content\/uploads\/2024\/09\/haus-mit-beleuchtung-im-winter-880x450-1-320x164.jpg 320w, https:\/\/www.sonnenklar.tv\/blog\/wp-content\/uploads\/2024\/09\/haus-mit-beleuchtung-im-winter-880x450-1-560x286.jpg 560w\" sizes=\"(max-width: 880px) 100vw, 880px\" \/><\/a><figcaption class=\"wp-element-caption\">Beleuchtetes Haus mit Weihnachtsbaum im Winter<\/figcaption><\/figure>\n\n\n\n<p>Im heutigen Weihnachtsmanndorf findet ihr eine gro\u00dfe Auswahl an unterschiedlichen Dingen. Neben den obligatorischen <strong>Shops<\/strong> mit <strong>Weihnachtsschmuck<\/strong> warten hier Anbieter von <strong>Husky- oder Rentierschlittenfahrten<\/strong> auf abenteuerlustige Menschen und ihr k\u00f6nnt den flei\u00dfigen <strong>Weihnachtselfen<\/strong> zuschauen, wenn sie die Post f\u00fcr Santa sortieren. Nat\u00fcrlich k\u00f6nnt ihr von hier auch eure eigene Weihnachtspost mit spezieller Briefmarke und Poststempel verschicken. Allerdings k\u00f6nnte es mit der Bescherung am 24.12. in Rovaniemi etwas schwierig werden. Schlie\u00dflich fliegt der Weihnachtsmann an diesem Tag von Haus zu Haus und verteilt die Geschenke. Langweilig wird es euch dann aber trotzdem nicht, weil es in Rovaniemi noch sehr viele andere Dinge zu entdecken gibt. Oder ihr sucht euch ein ruhiges Pl\u00e4tzchen und wartet auf die <strong>Polarlichter<\/strong>.<\/p>\n\n\n\n<div class=\"wp-block-buttons is-horizontal is-content-justification-center is-layout-flex wp-container-core-buttons-is-layout-499968f5 wp-block-buttons-is-layout-flex\">\n<div class=\"wp-block-button\"><a class=\"wp-block-button__link wp-element-button\" href=\"https:\/\/www.sonnenklar.tv\/urlaub\/finnland.html\" target=\"_blank\" rel=\"noreferrer noopener\">Finnland urlaub &#8211; zu den angeboten<\/a><\/div>\n<\/div>\n\n\n\n<h4 class=\"wp-block-heading\" id=\"aussergewoehnliche-weihnachten-aspen\">Winter Wonderland in Aspen, Colorado<\/h4>\n\n\n\n<p>Umgeben von hohen Bergen liegt diese charmante kleine Stadt auf <strong>2.400 Metern<\/strong> H\u00f6he in den Rocky Mountains. Der Ort wurde 1879 gegr\u00fcndet, nachdem man hier gro\u00dfe Silbervorkommen gefunden hat. Dank dieser Tatsache bietet Aspen ein historisches Zentrum, das zu <strong>Weihnachten<\/strong> kitschig sch\u00f6n mit viel Gr\u00fcn, Rot und <strong>magischen Lichtern dekoriert<\/strong> wird. Die Partnerstadt von Garmisch-Partenkirchen z\u00e4hlt heute zu den reichsten St\u00e4dten der Welt und neben dem weihnachtlichen Glanz bringen einige der Einwohner zus\u00e4tzlich noch ein bisschen <strong>Hollywood Glamour<\/strong> in die Stadt. So k\u00f6nnte es durchaus passieren, dass euch beim Shoppen Cher, Charlie Sheen oder Kevin Costner \u00fcber den Weg laufen.<\/p>\n\n\n\n<figure class=\"wp-block-image size-large is-resized\"><a href=\"https:\/\/www.sonnenklar.tv\/blog\/wp-content\/uploads\/2024\/09\/winter-in-den-rocky-mountains-509677744.jpg\"><img loading=\"lazy\" decoding=\"async\" width=\"1024\" height=\"524\" src=\"https:\/\/www.sonnenklar.tv\/blog\/wp-content\/uploads\/2024\/09\/winter-in-den-rocky-mountains-509677744.jpg\" alt=\"Wintersonnenaufgang im Rocky Mountains Nationalpark\" class=\"wp-image-32542\" style=\"width:880px;height:450px\" srcset=\"https:\/\/www.sonnenklar.tv\/blog\/wp-content\/uploads\/2024\/09\/winter-in-den-rocky-mountains-509677744.jpg 1024w, https:\/\/www.sonnenklar.tv\/blog\/wp-content\/uploads\/2024\/09\/winter-in-den-rocky-mountains-509677744-800x409.jpg 800w, https:\/\/www.sonnenklar.tv\/blog\/wp-content\/uploads\/2024\/09\/winter-in-den-rocky-mountains-509677744-120x61.jpg 120w, https:\/\/www.sonnenklar.tv\/blog\/wp-content\/uploads\/2024\/09\/winter-in-den-rocky-mountains-509677744-90x46.jpg 90w, https:\/\/www.sonnenklar.tv\/blog\/wp-content\/uploads\/2024\/09\/winter-in-den-rocky-mountains-509677744-320x164.jpg 320w, https:\/\/www.sonnenklar.tv\/blog\/wp-content\/uploads\/2024\/09\/winter-in-den-rocky-mountains-509677744-560x287.jpg 560w\" sizes=\"(max-width: 1024px) 100vw, 1024px\" \/><\/a><figcaption class=\"wp-element-caption\">Wintersonnenaufgang im Rocky Mountains Nationalpark<\/figcaption><\/figure>\n\n\n\n<p>Skifahrer finden in Aspen <strong>vier Skigebiete<\/strong>, die mit Bussen verbunden sind. Da die Luft in den Rocky Mountains recht trocken ist, f\u00e4llt hier meist der sogenannte <strong>Champagne Powder<\/strong>, Schnee, der so weich ist wie ein Daunenbett. Die Skigebiete Aspen Mountain, Aspen Highlands, Buttermilk und Snowmass liegen auf einer H\u00f6he von <strong>2.399<\/strong> bis <strong>3.813 Metern H\u00f6he<\/strong> und so k\u00f6nnt ihr relativ sicher sein, dass ihr hier zu Weihnachten jede Menge Schnee habt. Die echten Skiprofis unter euch freuen sich auf das sogenannte <strong>Backcountry<\/strong> mit seinen <strong>Tiefschneepisten<\/strong>. Wer nicht Ski f\u00e4hrt, kann in Aspens Fu\u00dfg\u00e4ngerzone in den <strong>Luxusboutiquen<\/strong> shoppen, <strong>Kunstgalerien<\/strong> besuchen oder durch die tief verschneite Landschaft <strong>wandern<\/strong>. Abends erwartet euch ein buntes Programm aus trendigen Restaurants und urigen Bars.<\/p>\n\n\n\n<div class=\"wp-block-buttons is-horizontal is-content-justification-center is-layout-flex wp-container-core-buttons-is-layout-499968f5 wp-block-buttons-is-layout-flex\">\n<div class=\"wp-block-button\"><a class=\"wp-block-button__link wp-element-button\" href=\"https:\/\/www.sonnenklar.tv\/promo\/reisen-colorado.html\" target=\"_blank\" rel=\"noreferrer noopener\">Colorado Reisen &#8211; zu den angeboten<\/a><\/div>\n<\/div>\n\n\n\n<h3 class=\"wp-block-heading\" id=\"aussergewoehnliche-weihnachten-sommer\">Schwitzen am (weihnachtlichen) Strand<\/h3>\n\n\n\n<p>Schnee und K\u00e4lte sind nicht jedermanns Sache und das winterliche Grau zu Hause entlockt den wenigsten Jubelschrei. Also warum nicht mal das kalte Wetter und Traditionen umgehen und zu Weihnachten in die Sonne fliegen? Wir haben da ein paar Tipps.<\/p>\n\n\n\n<figure class=\"wp-block-image size-large\"><a href=\"https:\/\/www.sonnenklar.tv\/blog\/wp-content\/uploads\/2024\/09\/weihnachten-paar-am-strand-880x450-1.jpg\"><img loading=\"lazy\" decoding=\"async\" width=\"880\" height=\"450\" src=\"https:\/\/www.sonnenklar.tv\/blog\/wp-content\/uploads\/2024\/09\/weihnachten-paar-am-strand-880x450-1.jpg\" alt=\"Paar genie\u00dft tropische Weihnachten unter einer geschm\u00fcckten Palme an einem karibischen Strand\" class=\"wp-image-32682\" srcset=\"https:\/\/www.sonnenklar.tv\/blog\/wp-content\/uploads\/2024\/09\/weihnachten-paar-am-strand-880x450-1.jpg 880w, https:\/\/www.sonnenklar.tv\/blog\/wp-content\/uploads\/2024\/09\/weihnachten-paar-am-strand-880x450-1-800x409.jpg 800w, https:\/\/www.sonnenklar.tv\/blog\/wp-content\/uploads\/2024\/09\/weihnachten-paar-am-strand-880x450-1-120x61.jpg 120w, https:\/\/www.sonnenklar.tv\/blog\/wp-content\/uploads\/2024\/09\/weihnachten-paar-am-strand-880x450-1-90x46.jpg 90w, https:\/\/www.sonnenklar.tv\/blog\/wp-content\/uploads\/2024\/09\/weihnachten-paar-am-strand-880x450-1-320x164.jpg 320w, https:\/\/www.sonnenklar.tv\/blog\/wp-content\/uploads\/2024\/09\/weihnachten-paar-am-strand-880x450-1-560x286.jpg 560w\" sizes=\"(max-width: 880px) 100vw, 880px\" \/><\/a><figcaption class=\"wp-element-caption\">Paar genie\u00dft tropische Weihnachten unter einer geschm\u00fcckten Palme am Strand<\/figcaption><\/figure>\n\n\n\n<h4 class=\"wp-block-heading\" id=\"aussergewoehnliche-weihnachten-phuket\">Weihnachten unter Palmen in Phuket<\/h4>\n\n\n\n<p>Da Thailand ein buddhistisch gepr\u00e4gtes Land ist, werdet ihr <strong>nicht allzu viel Weihnachtliches<\/strong> finden. Vielleicht schm\u00fcckt euer Hotel ein bisschen, um den europ\u00e4ischen G\u00e4sten zu gefallen. Aber eigentlich kommen ja die Urlauber, um Weihnachten aus dem Weg zu gehen. Bei Temperaturen <strong>um die 30 Grad<\/strong> am Strand w\u00fcrde Santa Claus auch ein bisschen deplatziert ausschauen. Der Dezember ist die <strong>beste Reisezeit<\/strong> f\u00fcr Phuket und ihr k\u00f6nnt den Sommer im Winter genie\u00dfen. Da ist der Weihnachtsstress zu Hause ganz schnell vergessen. Traumhaft sch\u00f6ne <strong>Str\u00e4nde<\/strong>, k\u00f6stliches <strong>Thaifood<\/strong> und einfach nur entspannen, was will man mehr.<\/p>\n\n\n\n<figure class=\"wp-block-image size-large\"><a href=\"https:\/\/www.sonnenklar.tv\/blog\/wp-content\/uploads\/2024\/09\/palme-geschenk-strand-weihnachten-880x450-1.jpg\"><img loading=\"lazy\" decoding=\"async\" width=\"880\" height=\"450\" src=\"https:\/\/www.sonnenklar.tv\/blog\/wp-content\/uploads\/2024\/09\/palme-geschenk-strand-weihnachten-880x450-1.jpg\" alt=\"Weihnachtsgeschenk auf einer Palme an einem tropischen Strand\" class=\"wp-image-32683\" srcset=\"https:\/\/www.sonnenklar.tv\/blog\/wp-content\/uploads\/2024\/09\/palme-geschenk-strand-weihnachten-880x450-1.jpg 880w, https:\/\/www.sonnenklar.tv\/blog\/wp-content\/uploads\/2024\/09\/palme-geschenk-strand-weihnachten-880x450-1-800x409.jpg 800w, https:\/\/www.sonnenklar.tv\/blog\/wp-content\/uploads\/2024\/09\/palme-geschenk-strand-weihnachten-880x450-1-120x61.jpg 120w, https:\/\/www.sonnenklar.tv\/blog\/wp-content\/uploads\/2024\/09\/palme-geschenk-strand-weihnachten-880x450-1-90x46.jpg 90w, https:\/\/www.sonnenklar.tv\/blog\/wp-content\/uploads\/2024\/09\/palme-geschenk-strand-weihnachten-880x450-1-320x164.jpg 320w, https:\/\/www.sonnenklar.tv\/blog\/wp-content\/uploads\/2024\/09\/palme-geschenk-strand-weihnachten-880x450-1-560x286.jpg 560w\" sizes=\"(max-width: 880px) 100vw, 880px\" \/><\/a><figcaption class=\"wp-element-caption\">Weihnachtsgeschenk auf einer Palme an einem tropischen Strand<\/figcaption><\/figure>\n\n\n\n<p>Neben einer Vielzahl an Wassersportm\u00f6glichkeiten bietet euch Phuket eine F\u00fclle an Unternehmungen, die den Urlaub abwechslungsreich gestalten. So solltet ihr unbedingt die Aussicht vom <strong>Big Buddha<\/strong> genie\u00dfen. Den erreicht ihr auf gef\u00fchrten Touren oder mit einem gemieteten Roller. Mit dem k\u00f6nnt ihr auch diverse Tempel, wie den <strong>Wat Chalong<\/strong>, erkunden. Sehenswert ist auch die <strong>Altstadt<\/strong> von Phuket Town mit einem bunten Stilmix aus chinesischer und kolonialer Architektur. Mit dem Boot geht es zum <strong>Schnorcheln<\/strong> bei den ber\u00fchmten <strong>Koh Phi Phi<\/strong> oder <strong>Similan Inseln<\/strong>. Die Naturliebhaber unter euch machen einen Ausflug zum <strong>Khao Phra Thaeo<\/strong> Nationalpark und statt Weihnachtsgeschenken k\u00f6nnt ihr ja mit einer Spende im Elefanten-Schutzzentrum etwas Gutes tun.<\/p>\n\n\n\n<div class=\"wp-block-buttons is-horizontal is-content-justification-center is-layout-flex wp-container-core-buttons-is-layout-499968f5 wp-block-buttons-is-layout-flex\">\n<div class=\"wp-block-button\"><a class=\"wp-block-button__link wp-element-button\" href=\"https:\/\/www.sonnenklar.tv\/urlaub\/thailand\/phuket.html\" target=\"_blank\" rel=\"noreferrer noopener\">Phuket Urlaub &#8211; zu den angeboten<\/a><\/div>\n<\/div>\n\n\n\n<h4 class=\"wp-block-heading\" id=\"aussergewoehnliche-weihnachten-florida\">Weihnachtsm\u00e4nner in Badehose oder Kitsch in den Themenparks in Florida<\/h4>\n\n\n\n<p>Wenn ihr einmal erleben wollt, wie es ist, <strong>Weihnachten<\/strong> mit allem <strong>Pomp<\/strong> und Kitsch im <strong>Sommer<\/strong> zu feiern, seid ihr in Florida genau am richtigen Ort. Tags\u00fcber genie\u00dft ihr bei angenehmen <strong>Temperaturen \u00fcber 20 Grad<\/strong> die Sonne und den Strand und st\u00fcrzt euch in die ebenso warmen Fluten des Atlantiks. Am Strand trefft ihr bestimmt auf den ein oder anderen <strong>Santa<\/strong> in <strong>Badeklamotten<\/strong>, auch Frauen werfen sich zu Weihnachten gern in einen rot-wei\u00dfen Badeanzug und tragen die \u00fcbliche Weihnachtszipfelm\u00fctze beim Schaulaufen am Strand von <strong>Miami<\/strong>. Die Einkaufsmalls sind nat\u00fcrlich mit <strong>Weihnachtsschmuck<\/strong> im \u00dcberfluss dekoriert und aus den Lautsprecherboxen singt Bing Crosby \u201eI\u2019m dreaming of a white Christmas\u201c.<\/p>\n\n\n\n<figure class=\"wp-block-image size-large\"><a href=\"https:\/\/www.sonnenklar.tv\/blog\/wp-content\/uploads\/2024\/08\/fort-lauderdale-beach-florida-848202718-1.jpg\"><img loading=\"lazy\" decoding=\"async\" width=\"880\" height=\"450\" src=\"https:\/\/www.sonnenklar.tv\/blog\/wp-content\/uploads\/2024\/08\/fort-lauderdale-beach-florida-848202718-1.jpg\" alt=\"Fort Lauderdale Beach, der traumhafte Strand in Florida\" class=\"wp-image-31251\" srcset=\"https:\/\/www.sonnenklar.tv\/blog\/wp-content\/uploads\/2024\/08\/fort-lauderdale-beach-florida-848202718-1.jpg 880w, https:\/\/www.sonnenklar.tv\/blog\/wp-content\/uploads\/2024\/08\/fort-lauderdale-beach-florida-848202718-1-800x409.jpg 800w, https:\/\/www.sonnenklar.tv\/blog\/wp-content\/uploads\/2024\/08\/fort-lauderdale-beach-florida-848202718-1-120x61.jpg 120w, https:\/\/www.sonnenklar.tv\/blog\/wp-content\/uploads\/2024\/08\/fort-lauderdale-beach-florida-848202718-1-90x46.jpg 90w, https:\/\/www.sonnenklar.tv\/blog\/wp-content\/uploads\/2024\/08\/fort-lauderdale-beach-florida-848202718-1-320x164.jpg 320w, https:\/\/www.sonnenklar.tv\/blog\/wp-content\/uploads\/2024\/08\/fort-lauderdale-beach-florida-848202718-1-560x286.jpg 560w\" sizes=\"(max-width: 880px) 100vw, 880px\" \/><\/a><figcaption class=\"wp-element-caption\">Fort Lauderdale Beach, der traumhafte Strand in Florida<\/figcaption><\/figure>\n\n\n\n<p>Da es in Florida keine Schornsteine gibt und die Rentiere in der W\u00e4rme nicht fliegen k\u00f6nnen, ist Santa gezwungen andere Wege zu gehen, wenn er die Geschenke verteilt. So haben sich in Florida die Weihnachtstraditionen an das Wetter angepasst. <strong>In Cocoa Beach<\/strong> treffen sich am Morgen des 24. Dezember tausende von <strong>Surfern<\/strong>, um im <strong>Santa Kost\u00fcm<\/strong> \u00fcber die Wellen zu gleiten. <strong>West Palm Beach<\/strong> baut einen <strong>Weihnachtsbaum<\/strong> aus 700 Tonnen <strong>Sand<\/strong>. Der Baumschmuck besteht hier nicht unbedingt aus Kugeln und Strohsternen, auch <strong>Muscheln<\/strong> und <strong>Seesterne<\/strong> werden hier an den <strong>Baum<\/strong> geh\u00e4ngt. Wenn ihr \u00fcberbordende Weihnachtsdekoration liebt, dann solltet ihr nach <strong>Orlando<\/strong>. In den <strong>Themenparks<\/strong> der Magic City wird es dann richtig bunt. Vor allem \u201eMickey\u2019s Very Merry Christmas Party\u201c in <strong>Disney World<\/strong> ist so richtig kitschig sch\u00f6n.<\/p>\n\n\n\n<div class=\"wp-block-buttons is-horizontal is-content-justification-center is-layout-flex wp-container-core-buttons-is-layout-499968f5 wp-block-buttons-is-layout-flex\">\n<div class=\"wp-block-button\"><a class=\"wp-block-button__link wp-element-button\" href=\"https:\/\/www.sonnenklar.tv\/urlaub\/usa\/florida.html\" target=\"_blank\" rel=\"noreferrer noopener\">Florida Urlaub &#8211; zu den angeboten<\/a><\/div>\n<\/div>\n\n\n\n<p><strong>Lesetipp:<\/strong> Winterblues ade \u2013 folgt der Sonne zu den warmen Ufern ferner L\u00e4nder! Ob Strandliegen unter Palmen oder Sightseeing in mildem Klima, unsere Auswahl an <a href=\"https:\/\/www.sonnenklar.tv\/blog\/sonneziele-im-winter-europa\/\" target=\"_blank\" rel=\"noreferrer noopener\">Top-Sonnenziele f\u00fcr den Winter<\/a>.<\/p>\n\n\n\n<h4 class=\"wp-block-heading\" id=\"aussergewoehnliche-weihnachten-bahamas\">Karneval auf den Bahamas<\/h4>\n\n\n\n<p>Die Vorweihnachtszeit auf den Bahamas ist \u00e4hnlich wie in Florida. \u00dcberall wird <strong>festlich dekoriert<\/strong> und am Strand tauchen zuweilen Santas in Badeklamotten auf. Der <strong>Port Lucaya Marketplace<\/strong>, die gr\u00f6\u00dfte Mall der Bahamas, ist mit einem riesigen <strong>Christbaum<\/strong> geschm\u00fcckt und auch die Gesch\u00e4fte erstrahlen in weihnachtlichem Glanz. Nat\u00fcrlich locken auch die entsprechenden <strong>Sale<\/strong>-Angebote und so kann es schon mal etwas eng werden. Der Dezember f\u00e4llt mitten in die <strong>beste Reisezeit f\u00fcr die Bahamas<\/strong> und so k\u00f6nnt ihr vor oder nach den Shoppingtouren traumhafte Tage am <strong>Strand<\/strong> verbringen. F\u00fcr euren Strandurlaub empfehlen wir euch, auch ein paar andere Inseln anzuschauen. So k\u00f6nnt ihr auf <strong>Big Mayor Cay<\/strong> mit den ber\u00fchmten <strong>Schweinen schwimmen<\/strong> und auf <strong>Long Island<\/strong> und <strong>Great Exuma<\/strong> einsame Traumstr\u00e4nde entdecken.<\/p>\n\n\n\n<figure class=\"wp-block-image size-large is-resized\"><a href=\"https:\/\/www.sonnenklar.tv\/blog\/wp-content\/uploads\/2024\/09\/weihnachten-paar-am-strand-liegestuehle-meer-880x450-1.jpg\"><img loading=\"lazy\" decoding=\"async\" width=\"880\" height=\"450\" src=\"https:\/\/www.sonnenklar.tv\/blog\/wp-content\/uploads\/2024\/09\/weihnachten-paar-am-strand-liegestuehle-meer-880x450-1.jpg\" alt=\"Paar genie\u00dft die Ruhe zu Weihnachten an einem tropischen Strand auf den Malediven\" class=\"wp-image-32686\" style=\"width:800px;height:409px\" srcset=\"https:\/\/www.sonnenklar.tv\/blog\/wp-content\/uploads\/2024\/09\/weihnachten-paar-am-strand-liegestuehle-meer-880x450-1.jpg 880w, https:\/\/www.sonnenklar.tv\/blog\/wp-content\/uploads\/2024\/09\/weihnachten-paar-am-strand-liegestuehle-meer-880x450-1-800x409.jpg 800w, https:\/\/www.sonnenklar.tv\/blog\/wp-content\/uploads\/2024\/09\/weihnachten-paar-am-strand-liegestuehle-meer-880x450-1-120x61.jpg 120w, https:\/\/www.sonnenklar.tv\/blog\/wp-content\/uploads\/2024\/09\/weihnachten-paar-am-strand-liegestuehle-meer-880x450-1-90x46.jpg 90w, https:\/\/www.sonnenklar.tv\/blog\/wp-content\/uploads\/2024\/09\/weihnachten-paar-am-strand-liegestuehle-meer-880x450-1-320x164.jpg 320w, https:\/\/www.sonnenklar.tv\/blog\/wp-content\/uploads\/2024\/09\/weihnachten-paar-am-strand-liegestuehle-meer-880x450-1-560x286.jpg 560w\" sizes=\"(max-width: 880px) 100vw, 880px\" \/><\/a><figcaption class=\"wp-element-caption\">Paar genie\u00dft die Ruhe zu Weihnachten an einem tropischen Strand<\/figcaption><\/figure>\n\n\n\n<p>Das weihnachtliche Highlight erwartet euch am zweiten Weihnachtstag. Ab Mitternacht sorgen Kuhglocken, Trillerpfeifen, Trommeln aus Ziegenleder und allerhand andere Instrumente daf\u00fcr, dass an Schlaf nicht mehr zu denken ist. An diesem Tag und dann nochmal am Neujahrstag wird auf allen Inseln des Archipels <strong>Junkanoo<\/strong> gefeiert. Monatelang haben die Einheimischen an ihren <strong>Kost\u00fcmen<\/strong> gebastelt und ziehen die ganze Nacht und den darauffolgenden Tag in gewaltigen, <strong>farbenfrohen Paraden<\/strong> durch die Stra\u00dfen. Man nimmt an, dass dieser Karneval aus der Zeit stammt, als die Gro\u00dfgrundbesitzer die Sklaven f\u00fcr sich schuften lie\u00dfen. Zu Weihnachten erhielten diese dann drei Tage frei, die sie nutzten, um ausgelassen zu feiern.<\/p>\n\n\n\n<div class=\"wp-block-buttons is-horizontal is-content-justification-center is-layout-flex wp-container-core-buttons-is-layout-499968f5 wp-block-buttons-is-layout-flex\">\n<div class=\"wp-block-button\"><a class=\"wp-block-button__link wp-element-button\" href=\"https:\/\/www.sonnenklar.tv\/urlaub\/bahamas.html\" target=\"_blank\" rel=\"noreferrer noopener\">Bahamas Urlaub &#8211; zu den angeboten<\/a><\/div>\n<\/div>\n\n\n\n<h3 class=\"wp-block-heading\" id=\"aussergewoehnliche-weihnachten-essen\">Wo es Weihnachten am besten schmeckt<\/h3>\n\n\n\n<p>Das gro\u00dfe Familienfest an Weihnachten ist f\u00fcr viele untrennbar mit einem festlichen Essen verbunden. In der Vorweihnachtszeit h\u00f6rt man immer wieder Menschen dar\u00fcber klagen, dass die ganze B\u00e4ckerei zu Weihnachten ein f\u00fcrchterlicher Stress ist. Auf den Pl\u00e4tzchenteller und die vielen andere Leckereien will man dann aber doch nicht verzichten. Hier also Tipps f\u00fcr kulinarische Weihnachten.<\/p>\n\n\n\n<figure class=\"wp-block-image size-large\"><a href=\"https:\/\/www.sonnenklar.tv\/blog\/wp-content\/uploads\/2024\/09\/weihnachten-tisch-festlich-gedeckt-880x450-1.jpg\"><img loading=\"lazy\" decoding=\"async\" width=\"880\" height=\"450\" src=\"https:\/\/www.sonnenklar.tv\/blog\/wp-content\/uploads\/2024\/09\/weihnachten-tisch-festlich-gedeckt-880x450-1.jpg\" alt=\"Festlich gedeckter Tisch zur Weihnachtszeit\" class=\"wp-image-32691\" srcset=\"https:\/\/www.sonnenklar.tv\/blog\/wp-content\/uploads\/2024\/09\/weihnachten-tisch-festlich-gedeckt-880x450-1.jpg 880w, https:\/\/www.sonnenklar.tv\/blog\/wp-content\/uploads\/2024\/09\/weihnachten-tisch-festlich-gedeckt-880x450-1-800x409.jpg 800w, https:\/\/www.sonnenklar.tv\/blog\/wp-content\/uploads\/2024\/09\/weihnachten-tisch-festlich-gedeckt-880x450-1-120x61.jpg 120w, https:\/\/www.sonnenklar.tv\/blog\/wp-content\/uploads\/2024\/09\/weihnachten-tisch-festlich-gedeckt-880x450-1-90x46.jpg 90w, https:\/\/www.sonnenklar.tv\/blog\/wp-content\/uploads\/2024\/09\/weihnachten-tisch-festlich-gedeckt-880x450-1-320x164.jpg 320w, https:\/\/www.sonnenklar.tv\/blog\/wp-content\/uploads\/2024\/09\/weihnachten-tisch-festlich-gedeckt-880x450-1-560x286.jpg 560w\" sizes=\"(max-width: 880px) 100vw, 880px\" \/><\/a><figcaption class=\"wp-element-caption\">Festlich gedeckter Tisch zur Weihnachtszeit<\/figcaption><\/figure>\n\n\n\n<h4 class=\"wp-block-heading\" id=\"aussergeoehnliche-weihnachten-frankreich\">Weihnachtlich schlemmen wie Gott in Frankreich&nbsp;<\/h4>\n\n\n\n<p>Frankreich ist ja bekannt f\u00fcr seine K\u00fcche und das zeigt sich gerade an Weihnachten. Der Heilige Abend hei\u00dft in Frankreich <strong>R\u00e9veillon<\/strong>. In diesem Wort steckt die Bedeutung Aufwachen und wer Weihnachten ganz traditionell verbringt, tut genau das, eine Nacht lang Essen und Wachen. Vor der Mitternachtsmesse genie\u00dft man <strong>Champagner<\/strong> und <strong>Austern<\/strong>, danach geht es dann weiter unter anderem mit <strong>G\u00e4nsestopfleber<\/strong> und einem gef\u00fcllten <strong>Truthahn<\/strong>. Den Abschluss des Festmen\u00fcs bildet die <strong>B\u00fbche de Noel<\/strong>, eine Biskuitrolle mit viel Buttercreme in Form eines Baumstamms.<\/p>\n\n\n\n<figure class=\"wp-block-image size-large\"><a href=\"https:\/\/www.sonnenklar.tv\/blog\/wp-content\/uploads\/2024\/09\/weihnachten-essen-truthahn-880x450-1.jpg\"><img loading=\"lazy\" decoding=\"async\" width=\"880\" height=\"450\" src=\"https:\/\/www.sonnenklar.tv\/blog\/wp-content\/uploads\/2024\/09\/weihnachten-essen-truthahn-880x450-1.jpg\" alt=\"Gebratener Truthahn, serviert auf einem Teller mit verschiedenen Gem\u00fcsesorten\" class=\"wp-image-32692\" srcset=\"https:\/\/www.sonnenklar.tv\/blog\/wp-content\/uploads\/2024\/09\/weihnachten-essen-truthahn-880x450-1.jpg 880w, https:\/\/www.sonnenklar.tv\/blog\/wp-content\/uploads\/2024\/09\/weihnachten-essen-truthahn-880x450-1-800x409.jpg 800w, https:\/\/www.sonnenklar.tv\/blog\/wp-content\/uploads\/2024\/09\/weihnachten-essen-truthahn-880x450-1-120x61.jpg 120w, https:\/\/www.sonnenklar.tv\/blog\/wp-content\/uploads\/2024\/09\/weihnachten-essen-truthahn-880x450-1-90x46.jpg 90w, https:\/\/www.sonnenklar.tv\/blog\/wp-content\/uploads\/2024\/09\/weihnachten-essen-truthahn-880x450-1-320x164.jpg 320w, https:\/\/www.sonnenklar.tv\/blog\/wp-content\/uploads\/2024\/09\/weihnachten-essen-truthahn-880x450-1-560x286.jpg 560w\" sizes=\"(max-width: 880px) 100vw, 880px\" \/><\/a><figcaption class=\"wp-element-caption\">Gebratener Truthahn, serviert auf einem Teller mit verschiedenen Gem\u00fcsesorten<\/figcaption><\/figure>\n\n\n\n<p>In der katholischen Kirche gab es fr\u00fcher eine Fastenzeit, die von Mitte November bis Weihnachten dauerte. Die Mitternachtsmesse ist der Beginn der Weihnachtszeit und danach durfte man dann eben wieder schlemmen. Das taten die Franzosen dann eben die ganze Nacht hindurch. In der <strong>Provence<\/strong> gibt es traditionell die <strong>13 Desserts<\/strong>, eines f\u00fcr das Jesuskind und jeweils eines f\u00fcr jeden der 12 Apostel.<\/p>\n\n\n\n<p><strong>Urlaubstipp:<\/strong> Im Elsass wird Weihnachten wie bei uns gefeiert und jede Region in Frankreich hat eigene Besonderheiten zum Fest der Feste. Die passenden Angebote f\u00fcr euren <a href=\"https:\/\/www.sonnenklar.tv\/urlaub\/frankreich.html\" target=\"_blank\" rel=\"noreferrer noopener\">kulinarischen Urlaub in Frankreich<\/a> gibt es hier.<\/p>\n\n\n\n<h4 class=\"wp-block-heading\" id=\"aussergewoehnliche-weihnachten-polen\">Polen \u2013 f\u00fcr jeden der 12 Apostel ein Gericht<\/h4>\n\n\n\n<p>Bei unseren \u00f6stlichen Nachbarn nennt sich der Heilige Abend <strong>Wigilia<\/strong>, was sich wiederum aus dem lateinischen Wort f\u00fcr <strong>Wachen<\/strong> ableitet. Am 24. Dezember wird tags\u00fcber der Baum geschm\u00fcckt und auch der Rest des Hauses wird festlich dekoriert. Wenn der Tisch f\u00fcr das Festessen gedeckt wird, kommt in Erinnerung an den Stall von Bethlehem etwas Heu unter die Tischdecke. Beim Decken des Tisches wird immer ein Gedeck mehr aufgelegt, als Personen am Mahl teilnehmen. Das soll einerseits an die Verstorbenen erinnern und bedeutet andererseits, dass man darauf vorbereitet ist, wenn ein bed\u00fcrftiger Mensch an die T\u00fcr klopft.<\/p>\n\n\n\n<figure class=\"wp-block-image size-large\"><a href=\"https:\/\/www.sonnenklar.tv\/blog\/wp-content\/uploads\/2024\/09\/borschtsch-880x450-1.jpg\"><img loading=\"lazy\" decoding=\"async\" width=\"880\" height=\"450\" src=\"https:\/\/www.sonnenklar.tv\/blog\/wp-content\/uploads\/2024\/09\/borschtsch-880x450-1.jpg\" alt=\"Rote-Bete-Suppe mit Geb\u00e4ck und Schinken\" class=\"wp-image-32698\" srcset=\"https:\/\/www.sonnenklar.tv\/blog\/wp-content\/uploads\/2024\/09\/borschtsch-880x450-1.jpg 880w, https:\/\/www.sonnenklar.tv\/blog\/wp-content\/uploads\/2024\/09\/borschtsch-880x450-1-800x409.jpg 800w, https:\/\/www.sonnenklar.tv\/blog\/wp-content\/uploads\/2024\/09\/borschtsch-880x450-1-120x61.jpg 120w, https:\/\/www.sonnenklar.tv\/blog\/wp-content\/uploads\/2024\/09\/borschtsch-880x450-1-90x46.jpg 90w, https:\/\/www.sonnenklar.tv\/blog\/wp-content\/uploads\/2024\/09\/borschtsch-880x450-1-320x164.jpg 320w, https:\/\/www.sonnenklar.tv\/blog\/wp-content\/uploads\/2024\/09\/borschtsch-880x450-1-560x286.jpg 560w\" sizes=\"(max-width: 880px) 100vw, 880px\" \/><\/a><figcaption class=\"wp-element-caption\">K\u00f6stliche Borschtsch \u2013 ein Genuss f\u00fcr Gaumen und Augen<\/figcaption><\/figure>\n\n\n\n<p>Das Essen beginnt mit dem Brechen der <strong>Weihnachtsoblate<\/strong> und einem gemeinsamen Gebet. Der Tisch biegt sich danach unter der Last von 12 Gerichten, eines f\u00fcr jeden Apostel. Keinesfalls fehlen d\u00fcrfen dabei <strong>Barszcz<\/strong> (bei uns eher unter dem russischen Namen Borschtsch bekannt), <strong>Pierogi<\/strong> mit <strong>Sauerkraut<\/strong> und <strong>Pilzen<\/strong> sowie <strong>Hering<\/strong>. Au\u00dferdem findet sich noch eine <strong>Weihnachtspastete<\/strong> auf dem Tisch und jede Menge S\u00fc\u00dfigkeiten. Nur Fleisch ist bei einem traditionellen polnischen Weihnachtsschmaus nicht zu finden.<\/p>\n\n\n\n<div class=\"wp-block-buttons is-horizontal is-content-justification-center is-layout-flex wp-container-core-buttons-is-layout-499968f5 wp-block-buttons-is-layout-flex\">\n<div class=\"wp-block-button\"><a class=\"wp-block-button__link wp-element-button\" href=\"https:\/\/www.sonnenklar.tv\/urlaub\/polen.html\" target=\"_blank\" rel=\"noreferrer noopener\">Polen Urlaub &#8211; zu den angeboten<\/a><\/div>\n<\/div>\n\n\n\n<h4 class=\"wp-block-heading\" id=\"aussergewoehnliche-weihnachten-schweden\">Weihnachten mit Freunden beim Julbord in Schweden<\/h4>\n\n\n\n<p>In Schweden beginnt die Weihnachtszeit am <strong>13. Dezember<\/strong> mit dem <strong>Lucia Fest<\/strong>. An diesem Tag finden \u00fcberall Prozessionen statt, die von einem M\u00e4dchen angef\u00fchrt werden, das eine Krone mit brennenden Kerzen tr\u00e4gt und somit Licht in die dunkle Jahreszeit bringt. Hinter Lucia folgen weitere Kinder mit wei\u00dfen Roben und spitzen H\u00fcten, jedes mit einer brennenden Kerze in der Hand. Die <strong>Wahl<\/strong> der Lucia ist jedes Jahr ein wichtiges gesellschaftliches Ereignis in den Gemeinden.<\/p>\n\n\n\n<figure class=\"wp-block-image size-large\"><a href=\"https:\/\/www.sonnenklar.tv\/blog\/wp-content\/uploads\/2024\/09\/schwedischer-hering-mit-kartoffeln-tomate-schneidebrett-880x450-1.jpg\"><img loading=\"lazy\" decoding=\"async\" width=\"880\" height=\"450\" src=\"https:\/\/www.sonnenklar.tv\/blog\/wp-content\/uploads\/2024\/09\/schwedischer-hering-mit-kartoffeln-tomate-schneidebrett-880x450-1.jpg\" alt=\"Schwedischer Hering mit Kartoffeln und Tomaten auf einem Schneidebrett\" class=\"wp-image-32715\" srcset=\"https:\/\/www.sonnenklar.tv\/blog\/wp-content\/uploads\/2024\/09\/schwedischer-hering-mit-kartoffeln-tomate-schneidebrett-880x450-1.jpg 880w, https:\/\/www.sonnenklar.tv\/blog\/wp-content\/uploads\/2024\/09\/schwedischer-hering-mit-kartoffeln-tomate-schneidebrett-880x450-1-800x409.jpg 800w, https:\/\/www.sonnenklar.tv\/blog\/wp-content\/uploads\/2024\/09\/schwedischer-hering-mit-kartoffeln-tomate-schneidebrett-880x450-1-120x61.jpg 120w, https:\/\/www.sonnenklar.tv\/blog\/wp-content\/uploads\/2024\/09\/schwedischer-hering-mit-kartoffeln-tomate-schneidebrett-880x450-1-90x46.jpg 90w, https:\/\/www.sonnenklar.tv\/blog\/wp-content\/uploads\/2024\/09\/schwedischer-hering-mit-kartoffeln-tomate-schneidebrett-880x450-1-320x164.jpg 320w, https:\/\/www.sonnenklar.tv\/blog\/wp-content\/uploads\/2024\/09\/schwedischer-hering-mit-kartoffeln-tomate-schneidebrett-880x450-1-560x286.jpg 560w\" sizes=\"(max-width: 880px) 100vw, 880px\" \/><\/a><figcaption class=\"wp-element-caption\">Schwedischer Hering mit Kartoffeln und Tomaten auf einem Schneidebrett<\/figcaption><\/figure>\n\n\n\n<p>Das klassische Essen an Weihnachten ist ein Buffet, das sich <strong>Julbord<\/strong> nennt. Der Esstisch ist voll beladen mit typisch schwedischen K\u00f6stlichkeiten, die fr\u00fcher f\u00fcr die meisten Menschen echter Luxus waren. Ein <strong>Schinken<\/strong>, die leckeren K<strong>\u00f6ttbullar<\/strong> sind hier ebenso zu finden wie <strong>Hering<\/strong>, W\u00fcrstchen, Kartoffeln und <strong>Salat<\/strong>. Die Kartoffeln finden sich h\u00e4ufig in <strong>Janssons Versuchung<\/strong>, einem Auflauf mit Kartoffeln, Zwiebeln, Anchovis und Sahne. Fr\u00fcher war das Julbord auf Weihnachten und die Familie beschr\u00e4nkt. Heute macht man ein Julbord auch schon mal in der Vorweihnachtszeit und l\u00e4dt Freunde dazu ein. Selbst das allseits bekannte schwedische M\u00f6belhaus bietet inzwischen in der Vorweihnachtszeit ein Julbord an.<\/p>\n\n\n\n<div class=\"wp-block-buttons is-horizontal is-content-justification-center is-layout-flex wp-container-core-buttons-is-layout-499968f5 wp-block-buttons-is-layout-flex\">\n<div class=\"wp-block-button\"><a class=\"wp-block-button__link wp-element-button\" href=\"https:\/\/www.sonnenklar.tv\/urlaub\/schweden.html\" target=\"_blank\" rel=\"noreferrer noopener\">Schweden Urlaub &#8211; zu den angeboten<\/a><\/div>\n<\/div>\n\n\n\n<p><strong>Lesetipp:<\/strong> Weihnachten wird \u00fcberall auf der Welt gefeiert, doch \u00fcberall ein wenig anders. M\u00f6chtet ihr erfahren, welche witzigen Br\u00e4uche andere Kulturen das Fest der Liebe zelebrieren? In unserem Beitrag <a href=\"https:\/\/www.sonnenklar.tv\/blog\/weihnachtsbraeuche-weltweit\/\" target=\"_blank\" rel=\"noreferrer noopener\">Witzige Weihnachtsbr\u00e4uche weltweit: Ein kurioser Traditions-Cocktail<\/a> entf\u00fchren wir euch in die Vielfalt der globalen Weihnachtswunde.<\/p>\n\n\n\n<p>Ihr m\u00f6chtet doch ein bisschen Weihnachtsstimmung in der Heimat genie\u00dfen und Weihnachtsm\u00e4rkte der ganz besonderen Art kennenlernen? Dann schaut euch unser Video zu den au\u00dfergew\u00f6hnlichsten Weihnachtsm\u00e4rkten an:<\/p>\n\n\n<p><iframe width=\"560\" height=\"315\" src=\"https:\/\/www.youtube.com\/embed\/Flt78LjHdqE?si=z-iogoDTcwMlFw9Z\" title=\"YouTube video player\" frameborder=\"0\" allow=\"accelerometer; autoplay; clipboard-write; encrypted-media; gyroscope; picture-in-picture; web-share\" referrerpolicy=\"strict-origin-when-cross-origin\" allowfullscreen><\/iframe><\/p>\n\n\n\n<h2 class=\"wp-block-heading\">H\u00e4ufig gestellte Fragen<\/h2>\n\n\n\n<p>Wenn ihr euer Weihnachtsfest mal nicht unter dem heimischen Baum mit der Familie verbringen wollt, gilt die erste \u00dcberlegung der Frage, wo soll es denn hingehen. Diese und andere Fragen wollen hier versuchen zu kl\u00e4ren.<\/p>\n\n\n\n<h3 class=\"wp-block-heading\" id=\"aussergewoehnliche-weihnachten-ziele\">Welche Reiseziele \u00fcber Weihnachten?<\/h3>\n\n\n\n<p>Bei dieser Frage scheiden sich die Geister. Die einen wollen endlich mal den Traum einer <strong>wei\u00dfen Weihnacht<\/strong> mit tief verschneiten Landschaften verwirklicht sehen, w\u00e4hrend andere lieber am <strong>Strand in der Sonne<\/strong> d\u00f6sen wollen. Schnee findet ihr in weiten Teilen Europas nur relativ weit oben in den Bergen. In den <strong>Alpen<\/strong> k\u00f6nnt ihr das dann mit Skifahren kombinieren. Oder ihr begebt euch in den hohen Norden an den <strong>Polarkreis <\/strong>und besucht den Weihnachtsmann. F\u00fcr einen Badeurlaub zu Weihnachten bieten sich Ziele wie <strong>Thailand<\/strong>, die <strong>Karibik<\/strong> oder andere Str\u00e4nde s\u00fcdlich des \u00c4quators an.<\/p>\n\n\n\n<figure class=\"wp-block-image size-large\"><a href=\"https:\/\/www.sonnenklar.tv\/blog\/wp-content\/uploads\/2023\/10\/4981135-australien-weihnachten-familie-strand.jpg\"><img loading=\"lazy\" decoding=\"async\" width=\"880\" height=\"450\" src=\"https:\/\/www.sonnenklar.tv\/blog\/wp-content\/uploads\/2023\/10\/4981135-australien-weihnachten-familie-strand.jpg\" alt=\"Familie nimmt an Weihnachten am Strand ein Selfie auf\" class=\"wp-image-25522\" srcset=\"https:\/\/www.sonnenklar.tv\/blog\/wp-content\/uploads\/2023\/10\/4981135-australien-weihnachten-familie-strand.jpg 880w, https:\/\/www.sonnenklar.tv\/blog\/wp-content\/uploads\/2023\/10\/4981135-australien-weihnachten-familie-strand-300x153.jpg 300w, https:\/\/www.sonnenklar.tv\/blog\/wp-content\/uploads\/2023\/10\/4981135-australien-weihnachten-familie-strand-768x393.jpg 768w\" sizes=\"(max-width: 880px) 100vw, 880px\" \/><\/a><figcaption class=\"wp-element-caption\">Familie nimmt an Weihnachten am Strand ein Selfie auf<\/figcaption><\/figure>\n\n\n\n<h3 class=\"wp-block-heading\" id=\"aussergewoehnliche-weihnachten-wo\">Wo ist es am sch\u00f6nsten an Weihnachten?<\/h3>\n\n\n\n<p>Nun, das ist wiederum Geschmackssache. Geh\u00f6rt ihr zur Fraktion, die wei\u00dfe Weihnachten bevorzugen, dann solltet ihr euch ein hoch gelegenes Ziel in den Alpen suchen. Neben einem Berg voll Schnee findet ihr dort auch gem\u00fctliche Hotels und sehr viel Tradition. F\u00fcr alle, f\u00fcr die Weihnachten eher ein Grund ist, um der K\u00e4lte zu entfliehen, bieten sich exotische L\u00e4nder wie Thailand an.<\/p>\n\n\n\n<figure class=\"wp-block-image size-large\"><a href=\"https:\/\/www.sonnenklar.tv\/blog\/wp-content\/uploads\/2024\/09\/familie-eltern-kinder-weihnachten-weihnachtsbaum-880x450-1.jpg\"><img loading=\"lazy\" decoding=\"async\" width=\"880\" height=\"450\" src=\"https:\/\/www.sonnenklar.tv\/blog\/wp-content\/uploads\/2024\/09\/familie-eltern-kinder-weihnachten-weihnachtsbaum-880x450-1.jpg\" alt=\"Gl\u00fcckliche Eltern verbringen Weihnachten mit ihren kleinen Kindern neben dem Tannenbaum \" class=\"wp-image-32723\" srcset=\"https:\/\/www.sonnenklar.tv\/blog\/wp-content\/uploads\/2024\/09\/familie-eltern-kinder-weihnachten-weihnachtsbaum-880x450-1.jpg 880w, https:\/\/www.sonnenklar.tv\/blog\/wp-content\/uploads\/2024\/09\/familie-eltern-kinder-weihnachten-weihnachtsbaum-880x450-1-800x409.jpg 800w, https:\/\/www.sonnenklar.tv\/blog\/wp-content\/uploads\/2024\/09\/familie-eltern-kinder-weihnachten-weihnachtsbaum-880x450-1-120x61.jpg 120w, https:\/\/www.sonnenklar.tv\/blog\/wp-content\/uploads\/2024\/09\/familie-eltern-kinder-weihnachten-weihnachtsbaum-880x450-1-90x46.jpg 90w, https:\/\/www.sonnenklar.tv\/blog\/wp-content\/uploads\/2024\/09\/familie-eltern-kinder-weihnachten-weihnachtsbaum-880x450-1-320x164.jpg 320w, https:\/\/www.sonnenklar.tv\/blog\/wp-content\/uploads\/2024\/09\/familie-eltern-kinder-weihnachten-weihnachtsbaum-880x450-1-560x286.jpg 560w\" sizes=\"(max-width: 880px) 100vw, 880px\" \/><\/a><figcaption class=\"wp-element-caption\">Gl\u00fcckliche Eltern verbringen Weihnachten mit ihren kleinen Kindern neben dem Tannenbaum<\/figcaption><\/figure>\n\n\n\n<h3 class=\"wp-block-heading\" id=\"aussergewoehnliche-weihnachten-schmuck\">Wo ist es an Weihnachten am sch\u00f6nsten geschm\u00fcckt?<\/h3>\n\n\n\n<p>Das ist nat\u00fcrlich auch wieder eine Geschmacksfrage. Vor allem in den gro\u00dfen <strong>St\u00e4dten<\/strong> werden die <strong>Stra\u00dfen<\/strong> und Schaufenster <strong>festlich geschm\u00fcckt<\/strong>. Bekannt f\u00fcr ihren festlichen Schmuck sind vor allem <strong>London<\/strong>, <strong>Wien<\/strong> und auch <strong>Stra\u00dfburg<\/strong>. Wenn f\u00fcr euch ein Bummel \u00fcber den <strong>Weihnachtsmarkt<\/strong> zum festlichen Ambiente geh\u00f6rt, kommt ihr in <strong>N\u00fcrnberg<\/strong> und auch <strong>Stra\u00dfburg<\/strong> voll auf eure Kosten. Zur <strong>sch\u00f6nsten Weihnachtsstadt<\/strong> in Deutschland wurde 2019 <strong>Celle<\/strong> gek\u00fcrt.<\/p>\n\n\n\n<figure class=\"wp-block-image size-large\"><a href=\"https:\/\/www.sonnenklar.tv\/blog\/wp-content\/uploads\/2023\/11\/Weihnachtsmarkt-Strassburg-3485424.jpg\"><img loading=\"lazy\" decoding=\"async\" width=\"880\" height=\"450\" src=\"https:\/\/www.sonnenklar.tv\/blog\/wp-content\/uploads\/2023\/11\/Weihnachtsmarkt-Strassburg-3485424.jpg\" alt=\"Eingangstor zur Haupteinkaufsstra\u00dfe und des Stadtzentrums von Stra\u00dfburg zur Weihnachtszeit\" class=\"wp-image-26264\" srcset=\"https:\/\/www.sonnenklar.tv\/blog\/wp-content\/uploads\/2023\/11\/Weihnachtsmarkt-Strassburg-3485424.jpg 880w, https:\/\/www.sonnenklar.tv\/blog\/wp-content\/uploads\/2023\/11\/Weihnachtsmarkt-Strassburg-3485424-300x153.jpg 300w, https:\/\/www.sonnenklar.tv\/blog\/wp-content\/uploads\/2023\/11\/Weihnachtsmarkt-Strassburg-3485424-768x393.jpg 768w\" sizes=\"(max-width: 880px) 100vw, 880px\" \/><\/a><figcaption class=\"wp-element-caption\">Eingangstor zur Haupteinkaufsstra\u00dfe und des Stadtzentrums von Stra\u00dfburg zur Weihnachtszeit<\/figcaption><\/figure>\n\n\n\n<h3 class=\"wp-block-heading\" id=\"aussergewoehnliche-weihnachten-warm\">Wo ist es Weihnachten 25 Grad warm?<\/h3>\n\n\n\n<p>Sommerliche Temperaturen von \u00fcber 20 Grad findet ihr zu Weihnachten in erster Linie <strong>s\u00fcdlich des \u00c4quators<\/strong>, wo das Fest in den Hochsommer f\u00e4llt. Wenn ihr nicht ganz so weit fliegen wollt, bieten sich Ziele wie <strong>\u00c4gypten<\/strong>, die <strong>Vereinigten Arabischen Emirate<\/strong> an. In beliebten Urlaubsl\u00e4ndern wie <strong>Thailand<\/strong> oder der <strong>Karibik<\/strong> z\u00e4hlt der Dezember und somit auch Weihnachten zur <strong>besten Reisezeit<\/strong> mit garantiert sommerlichen Temperaturen.<\/p>\n\n\n\n<figure class=\"wp-block-image size-large\"><a href=\"https:\/\/www.sonnenklar.tv\/blog\/wp-content\/uploads\/2024\/09\/weihnachten-vater-sohn-kind-strand-880x450-1.jpg\"><img loading=\"lazy\" decoding=\"async\" width=\"880\" height=\"450\" src=\"https:\/\/www.sonnenklar.tv\/blog\/wp-content\/uploads\/2024\/09\/weihnachten-vater-sohn-kind-strand-880x450-1.jpg\" alt=\"Vater mit seinem Sohn an einem tropischen Strand\" class=\"wp-image-32724\" srcset=\"https:\/\/www.sonnenklar.tv\/blog\/wp-content\/uploads\/2024\/09\/weihnachten-vater-sohn-kind-strand-880x450-1.jpg 880w, https:\/\/www.sonnenklar.tv\/blog\/wp-content\/uploads\/2024\/09\/weihnachten-vater-sohn-kind-strand-880x450-1-800x409.jpg 800w, https:\/\/www.sonnenklar.tv\/blog\/wp-content\/uploads\/2024\/09\/weihnachten-vater-sohn-kind-strand-880x450-1-120x61.jpg 120w, https:\/\/www.sonnenklar.tv\/blog\/wp-content\/uploads\/2024\/09\/weihnachten-vater-sohn-kind-strand-880x450-1-90x46.jpg 90w, https:\/\/www.sonnenklar.tv\/blog\/wp-content\/uploads\/2024\/09\/weihnachten-vater-sohn-kind-strand-880x450-1-320x164.jpg 320w, https:\/\/www.sonnenklar.tv\/blog\/wp-content\/uploads\/2024\/09\/weihnachten-vater-sohn-kind-strand-880x450-1-560x286.jpg 560w\" sizes=\"(max-width: 880px) 100vw, 880px\" \/><\/a><figcaption class=\"wp-element-caption\">Vater mit seinem Sohn an einem tropischen Strand<\/figcaption><\/figure>\n\n\n\n<h2 class=\"wp-block-heading\">Fazit:<\/h2>\n\n\n\n<p>Weihnachten ist das Fest der Liebe und der Familie. Doch muss es deswegen jedes Jahr gleich ablaufen? Eigentlich nicht. Bevor ihr wieder mal verzweifelt am 24. Dezember noch schnell durch die Kaufh\u00e4user rennt und nach Last Minute-Geschenken sucht, schenkt ihr euch als Familie eine Reise zu Weihnachten. So k\u00f6nntet ihr im Familienrat beschlie\u00dfen, dass es dieses Jahr mal wei\u00dfe Weihnachten geben soll und sucht euch schon rechtzeitig den passenden Ort und dort das passende Hotel aus. Wenn eure Familie die K\u00e4lte des Winters nicht mag, findet ihr viele Orte, an denen es zu Weihnachten sommerlich warm ist und ihr dem ganzen Stress zu Hause entfliehen k\u00f6nnt. Der religi\u00f6se Aspekt von Weihnachten tritt ja immer mehr in den Hintergrund, aber vielleicht ist es an der Zeit, dass wir das Fest der Liebe dazu nutzen, mal wieder eine traumhaft sch\u00f6ne Zeit mit unseren Liebsten zu verbringen. Das geht zwar auch zu Hause, aber an einem au\u00dfergew\u00f6hnlichen Ort wird es nat\u00fcrlich noch viel sch\u00f6ner.<\/p>\n\n\n\n<div class=\"wp-block-buttons is-horizontal is-content-justification-center is-layout-flex wp-container-core-buttons-is-layout-499968f5 wp-block-buttons-is-layout-flex\">\n<div class=\"wp-block-button\"><a class=\"wp-block-button__link wp-element-button\" href=\"https:\/\/www.sonnenklar.tv\/promo\/weihnachtsreisen-angebote.html\" target=\"_blank\" rel=\"noreferrer noopener\">weihnachtsreisen &#8211; zu den angeboten<\/a><\/div>\n<\/div>\n\n\n\n<p><\/p>\n","protected":false},"excerpt":{"rendered":"<p>Sp\u00e4testens wenn Ende August die Lebkuchen im Supermarkt auftauchen, wird uns bewusst, dass es langsam, aber sicher, wieder auf Weihnachten zugeht. Und somit auch h\u00f6chste Zeit sich Gedanken zu machen, wie ihr die Feiertage dieses Jahr verbringen wollt. F\u00fcr viele steht ja schon fest, dass man traditionell mit der Familie feiern m\u00f6chte. Solltet ihr aber<\/p>\n","protected":false},"author":3,"featured_media":32726,"comment_status":"closed","ping_status":"open","sticky":false,"template":"","format":"standard","meta":{"footnotes":""},"categories":[697],"tags":[583,599],"class_list":{"0":"post-32665","1":"post","2":"type-post","3":"status-publish","4":"format-standard","5":"has-post-thumbnail","7":"category-reisetipps","8":"tag-urlaubsinspiration","9":"tag-weihnachten"},"_links":{"self":[{"href":"https:\/\/www.sonnenklar.tv\/blog\/wp-json\/wp\/v2\/posts\/32665","targetHints":{"allow":["GET"]}}],"collection":[{"href":"https:\/\/www.sonnenklar.tv\/blog\/wp-json\/wp\/v2\/posts"}],"about":[{"href":"https:\/\/www.sonnenklar.tv\/blog\/wp-json\/wp\/v2\/types\/post"}],"author":[{"embeddable":true,"href":"https:\/\/www.sonnenklar.tv\/blog\/wp-json\/wp\/v2\/users\/3"}],"replies":[{"embeddable":true,"href":"https:\/\/www.sonnenklar.tv\/blog\/wp-json\/wp\/v2\/comments?post=32665"}],"version-history":[{"count":26,"href":"https:\/\/www.sonnenklar.tv\/blog\/wp-json\/wp\/v2\/posts\/32665\/revisions"}],"predecessor-version":[{"id":36951,"href":"https:\/\/www.sonnenklar.tv\/blog\/wp-json\/wp\/v2\/posts\/32665\/revisions\/36951"}],"wp:featuredmedia":[{"embeddable":true,"href":"https:\/\/www.sonnenklar.tv\/blog\/wp-json\/wp\/v2\/media\/32726"}],"wp:attachment":[{"href":"https:\/\/www.sonnenklar.tv\/blog\/wp-json\/wp\/v2\/media?parent=32665"}],"wp:term":[{"taxonomy":"category","embeddable":true,"href":"https:\/\/www.sonnenklar.tv\/blog\/wp-json\/wp\/v2\/categories?post=32665"},{"taxonomy":"post_tag","embeddable":true,"href":"https:\/\/www.sonnenklar.tv\/blog\/wp-json\/wp\/v2\/tags?post=32665"}],"curies":[{"name":"wp","href":"https:\/\/api.w.org\/{rel}","templated":true}]}}