{"id":32605,"date":"2024-10-08T07:53:32","date_gmt":"2024-10-08T06:53:32","guid":{"rendered":"https:\/\/www.sonnenklar.tv\/blog\/?p=32605"},"modified":"2026-02-19T09:54:43","modified_gmt":"2026-02-19T08:54:43","slug":"reiseziele-seen-weltweit","status":"publish","type":"post","link":"https:\/\/www.sonnenklar.tv\/blog\/reisetipps\/reiseziele-seen-weltweit\/","title":{"rendered":"Die sch\u00f6nsten Seen weltweit &#8211; magische \u201eSeen-Sucht\u201c"},"content":{"rendered":"\n<p><strong>Seen und Binnengew\u00e4sser werden immer beliebter und das ist wenig \u00fcberraschend, schlie\u00dflich kann die nat\u00fcrliche Umgebung eines Sees durchaus spannend und facettenreich sein. F\u00fcr Badespa\u00df, abwechslungsreiche Urlaubsmomente und erholsame Stunden m\u00fcssen gar nicht immer die \u201esieben Weltmeere\u201c herhalten \u2013 ganz im Gegenteil. Es gibt traumhaft sch\u00f6ne Reiseziele an nennenswerten Seen.<\/strong><\/p>\n\n\n\n<p>Um diesem Reise-Trend Rechnung zu tragen, haben wir uns auf die Suche nach den sch\u00f6nsten Seen weltweit gemacht und sind dabei mehr als f\u00fcndig geworden. Freut euch auf spektakul\u00e4re Panoramen, idyllische Landschaften sowie faszinierende Naturph\u00e4nomene und entdeckt auf unserer Reise, dass es nicht immer das Meer braucht, um tolle Urlaubsmomente zu genie\u00dfen. Bereit? Der See ruft!<\/p>\n\n\n\n<p><strong>Inhaltsverzeichnis<\/strong><\/p>\n\n\n\n<ul class=\"wp-block-list\">\n<li>Ab an den See: Wasser-Zauber fernab der Meeresk\u00fcste\n<ol class=\"wp-block-list\">\n<li><a href=\"#lago-di-como-bergsee-mit-mediterraner-aura\">Lago di Como: Bergsee mit mediterraner Aura<\/a><\/li>\n\n\n\n<li><a href=\"#bleder-see-sloweniens-alpines-juwel\">Bleder See: Sloweniens alpines Juwel<\/a><\/li>\n\n\n\n<li><a href=\"#plitivicer-seen-der-stolz-kroatiens\">Plitvicer Seen: Der Stolz Kroatiens<\/a><\/li>\n\n\n\n<li><a href=\"#balaton-das-ungarische-meer\">Balaton: Das ungarische Meer<\/a><\/li>\n\n\n\n<li><a href=\"#eibsee-bayerns-karibik\">Eibsee: Bayerns \u201eKaribik\u201c<\/a><\/li>\n\n\n\n<li><a href=\"#peyto-lake-naturwunder-in-tuerkis\">Peyto Lake: Naturwunder in T\u00fcrkis<\/a><\/li>\n\n\n\n<li><a href=\"#titicacasee-suedamerikanische-faszination\">Titicacasee: S\u00fcdamerikanische Faszination<\/a><\/li>\n\n\n\n<li><a href=\"#lake-pukaki-erbe-des-gletschers\">Lake Pukaki: Erbe des Gletschers<\/a><\/li>\n<\/ol>\n<\/li>\n<\/ul>\n\n\n\n<ul class=\"wp-block-list\">\n<li>H\u00e4ufig gestellte Fragen zu den sch\u00f6nsten Seen weltweit\n<ul class=\"wp-block-list\">\n<li><a href=\"#welches-land-schoenste-seen\">Welches Land hat die sch\u00f6nsten Seen?<\/a><\/li>\n\n\n\n<li><a href=\"#groesster-see-der-welt\">Was ist der gr\u00f6\u00dfte See der Welt?<\/a><\/li>\n\n\n\n<li><a href=\"#groesste-see-europa\">Was ist der gr\u00f6\u00dfte See Europas?<\/a><\/li>\n<\/ul>\n<\/li>\n<\/ul>\n\n\n\n<h2 class=\"wp-block-heading\">Das Wichtigste im \u00dcberblick<\/h2>\n\n\n\n<ul class=\"wp-block-list\">\n<li>Viele Seen sind pittoresk in die umliegende Natur eingebettet, sodass man Badespa\u00df mit Wanderungen oder Radtouren oftmals zu einem <strong>aktiven Outdoor-Erlebnis<\/strong> verbinden kann<\/li>\n\n\n\n<li><strong>Traumziele vor der Haust\u00fcr<\/strong>: Deutschland hat eine Vielzahl an sch\u00f6nen Seen, wie beispielsweise die <strong>bayerischen Voralpenseen oder die Mecklenburgische Seenplatte<\/strong> beweisen<\/li>\n\n\n\n<li>Gro\u00dfe Badeseen haben oftmals <strong>kristallklares, sauberes Wasser<\/strong> und verf\u00fcgen \u00fcber eine vielseitige <strong>touristische Infrastruktur<\/strong>, wie man sie von einem Strandurlaub am Meer kennt<\/li>\n<\/ul>\n\n\n\n<h2 class=\"wp-block-heading\">Ab an den See: Wasser-Zauber fernab der Meeresk\u00fcste<\/h2>\n\n\n\n<p>Gerade <strong>Europa ist ein Kontinent der Seen<\/strong>, doch auch in anderen Teilen der Welt brauchen sich die Binnengew\u00e4sser nicht zu verstecken. Ob nah oder fern, ob Badesee, Bergsee oder Baggersee \u2013 tolle Seen gibt es zuhauf! Wir haben die sch\u00f6nsten f\u00fcr euch aufgelistet, wobei die Liste keinen Anspruch auf Vollst\u00e4ndigkeit und Richtigkeit hat (Sch\u00f6nheit liegt bekannterma\u00dfen im Auge des Betrachters).<\/p>\n\n\n\n<h3 class=\"wp-block-heading\" id=\"lago-di-como-bergsee-mit-mediterraner-aura\">1. Lago di Como: Bergsee mit mediterraner Aura<\/h3>\n\n\n\n<p>Wenn ihr an einen See in Italien denkt, kommt euch bestimmt als Erstes der Gardasee in den Sinn. Und obwohl das Reise-Evergreen bei den Deutschen aufgrund seines kulturellen und touristischen Angebots nicht ohne Grund sehr beliebt ist, liegt rund 120 Kilometer weiter westlich ein weiteres Gew\u00e4sser, das fast noch attraktiver und <strong>mediterraner <\/strong>ist: Der zwischen den italienischen Alpen eingebettete <strong>Lago di Como<\/strong> ist der drittgr\u00f6\u00dfte See des s\u00fcdeurop\u00e4ischen Staates und weist eine 170 Kilometer lange K\u00fcstenlinie auf, deren markante Form an ein umgedrehtes Y erinnert.<\/p>\n\n\n\n<figure class=\"wp-block-image size-large\"><a href=\"https:\/\/www.sonnenklar.tv\/blog\/wp-content\/uploads\/2024\/09\/italien-comer-see-880x450-1.jpg\"><img fetchpriority=\"high\" decoding=\"async\" width=\"880\" height=\"450\" src=\"https:\/\/www.sonnenklar.tv\/blog\/wp-content\/uploads\/2024\/09\/italien-comer-see-880x450-1.jpg\" alt=\"Comer See\" class=\"wp-image-32606\" srcset=\"https:\/\/www.sonnenklar.tv\/blog\/wp-content\/uploads\/2024\/09\/italien-comer-see-880x450-1.jpg 880w, https:\/\/www.sonnenklar.tv\/blog\/wp-content\/uploads\/2024\/09\/italien-comer-see-880x450-1-800x409.jpg 800w, https:\/\/www.sonnenklar.tv\/blog\/wp-content\/uploads\/2024\/09\/italien-comer-see-880x450-1-120x61.jpg 120w, https:\/\/www.sonnenklar.tv\/blog\/wp-content\/uploads\/2024\/09\/italien-comer-see-880x450-1-90x46.jpg 90w, https:\/\/www.sonnenklar.tv\/blog\/wp-content\/uploads\/2024\/09\/italien-comer-see-880x450-1-320x164.jpg 320w, https:\/\/www.sonnenklar.tv\/blog\/wp-content\/uploads\/2024\/09\/italien-comer-see-880x450-1-560x286.jpg 560w\" sizes=\"(max-width: 880px) 100vw, 880px\" \/><\/a><figcaption class=\"wp-element-caption\">Umgeben von charmanten, kleinen D\u00f6rfern verspr\u00fcht der Comer See eine mediterrane Aura<\/figcaption><\/figure>\n\n\n\n<p>Entlang des <strong>gr\u00fcnlichen Wassers<\/strong> des Comer Sees, das gerade bei Sonnenschein mystisch schimmert und funkelt, findet ihr alles, was \u201eBella Italia\u201c zu einem immerw\u00e4hrenden <strong>Sehnsuchtsort<\/strong> macht: Urige D\u00f6rfchen mit bunten Hausfassaden und Fensterl\u00e4den, romantische Buchten, idyllische Pinienw\u00e4lder und lebhafte Ortschaften wie Lecco oder Bellagio warten nur darauf, von euch entdeckt zu werden. Wer braucht schon das azurblaue \u201eMare\u201c, wenn er am Comer See Dolce Vita, <strong>Italien aus dem Bilderbuch<\/strong> und ein prachtvolles Bergpanorama kombinieren kann?<\/p>\n\n\n\n<h3 class=\"wp-block-heading\" id=\"bleder-see-sloweniens-alpines-juwel\">2. Bleder See: Sloweniens alpines Juwel<\/h3>\n\n\n\n<p>Auch Italiens Nachbarland Slowenien kann ein wahres Highlight in Form eines Bergsees sein Eigen nennen. Der <strong>Bleder See<\/strong> ist nicht nur eines der bekanntesten Fotomotive des Landes, sondern auch einer der sch\u00f6nsten Seen Europas. Ihr k\u00f6nnt den See wandernd umrunden, was angesichts der <strong>unber\u00fchrten Natur<\/strong> der Umgebung ein besonders beruhigendes Erlebnis ist.<\/p>\n\n\n\n<figure class=\"wp-block-image size-large\"><a href=\"https:\/\/www.sonnenklar.tv\/blog\/wp-content\/uploads\/2023\/12\/3473303-bleder-see-slowenien.jpg\"><img decoding=\"async\" width=\"880\" height=\"450\" src=\"https:\/\/www.sonnenklar.tv\/blog\/wp-content\/uploads\/2023\/12\/3473303-bleder-see-slowenien.jpg\" alt=\"Bleder See in Slowenien\" class=\"wp-image-27111\" srcset=\"https:\/\/www.sonnenklar.tv\/blog\/wp-content\/uploads\/2023\/12\/3473303-bleder-see-slowenien.jpg 880w, https:\/\/www.sonnenklar.tv\/blog\/wp-content\/uploads\/2023\/12\/3473303-bleder-see-slowenien-800x409.jpg 800w, https:\/\/www.sonnenklar.tv\/blog\/wp-content\/uploads\/2023\/12\/3473303-bleder-see-slowenien-18x9.jpg 18w, https:\/\/www.sonnenklar.tv\/blog\/wp-content\/uploads\/2023\/12\/3473303-bleder-see-slowenien-150x77.jpg 150w, https:\/\/www.sonnenklar.tv\/blog\/wp-content\/uploads\/2023\/12\/3473303-bleder-see-slowenien-450x230.jpg 450w, https:\/\/www.sonnenklar.tv\/blog\/wp-content\/uploads\/2023\/12\/3473303-bleder-see-slowenien-768x393.jpg 768w, https:\/\/www.sonnenklar.tv\/blog\/wp-content\/uploads\/2023\/12\/3473303-bleder-see-slowenien-300x153.jpg 300w\" sizes=\"(max-width: 880px) 100vw, 880px\" \/><\/a><figcaption class=\"wp-element-caption\">Die kleine Insel im Zentrum ist das unverkennbare Wahrzeichen des Bleder Sees<\/figcaption><\/figure>\n\n\n\n<p>Neben dem idyllischen Ambiente, kann der Bleder See noch mit zwei <strong>kulturellen Sehensw\u00fcrdigkeiten<\/strong> begeistern, die ihr entdecken k\u00f6nnt: Am n\u00f6rdlichen Ufer erhebt sich auf einem Felsvorsprung die Bleder Burg in die Szenerie, w\u00e4hrend die ber\u00fchmte Wallfahrtskirche Mari\u00e4 Himmelfahrt sich auf einer kleinen Insel inmitten des Sees befindet und die unwiderstehliche Aura dieses Naturschatzes komplett macht! Entlang des Sees findet ihr einige <strong>beschauliche Str\u00e4nde<\/strong> mit guter Infrastruktur, die es euch erm\u00f6glicht, euch auf einem Steg zu sonnen, mit Seeblick Essen zu gehen oder ein Ruderboot zu mieten.<\/p>\n\n\n[otw_shortcode_info_box border_type=&#8220;bordered&#8220; border_color_class=&#8220;otw-orange-border&#8220; border_style=&#8220;bordered&#8220;]<strong>Hoteltipp:<\/strong> Zwischen See, Park und der stolzen Bleder Burg liegt das komfortable Hotel <a href=\"https:\/\/www.sonnenklar.tv\/beschreibung\/Slowenien\/Slowenien\/Bled\/Rikli_Balance_Hotel.html\" rel=\"noopener\"> Rikli Balance Hotel <\/a> mit seiner entspannten Atmosph\u00e4re. [\/otw_shortcode_info_box]\n\n\n\n<h3 class=\"wp-block-heading\" id=\"plitivicer-seen-der-stolz-kroatiens\">3. Plitvicer Seen: Der Stolz Kroatiens<\/h3>\n\n\n\n<p>Wir bleiben auf dem Balkan, wo Kroatien nahe der Grenze zu Bosnien und Herzegowina den <strong>Nationalpark Plitvicer Seen<\/strong> beheimatet. Im \u00e4ltesten Nationalpark S\u00fcdosteuropas werdet ihr von 16 Seen verzaubert, die durch ein beeindruckendes Netz aus <strong>kleinen Fl\u00fcssen und Wasserf\u00e4llen<\/strong> miteinander verbunden sind. Durch Mineralien im Wasser leuchten die Seen in surrealem t\u00fcrkisblau, die <strong>Karst- und Waldlandschaft<\/strong> rundet das herrliche nat\u00fcrliche Gesamtbild ab. Auch wenn die Gew\u00e4sser noch so verf\u00fchrerisch und erfrischend wirken, ist es wichtig zu wissen, dass es sich um keine Badeseen handelt, da das ganze Areal unter besonderem Schutz steht.<\/p>\n\n\n\n<figure class=\"wp-block-image size-large\"><a href=\"https:\/\/www.sonnenklar.tv\/blog\/wp-content\/uploads\/2018\/11\/Nationalpark-Plitvicer-Seen.jpg\"><img decoding=\"async\" width=\"880\" height=\"450\" src=\"https:\/\/www.sonnenklar.tv\/blog\/wp-content\/uploads\/2018\/11\/Nationalpark-Plitvicer-Seen.jpg\" alt=\"Nationalpark Plitvicer Seen in Kroatien\" class=\"wp-image-9555\" srcset=\"https:\/\/www.sonnenklar.tv\/blog\/wp-content\/uploads\/2018\/11\/Nationalpark-Plitvicer-Seen.jpg 880w, https:\/\/www.sonnenklar.tv\/blog\/wp-content\/uploads\/2018\/11\/Nationalpark-Plitvicer-Seen-300x153.jpg 300w, https:\/\/www.sonnenklar.tv\/blog\/wp-content\/uploads\/2018\/11\/Nationalpark-Plitvicer-Seen-768x393.jpg 768w\" sizes=\"(max-width: 880px) 100vw, 880px\" \/><\/a><figcaption class=\"wp-element-caption\">Der Nationalpark Plitvicer Seen beheimatet eine vielf\u00e4ltige Flora und Fauna<\/figcaption><\/figure>\n\n\n\n<p>Ihr k\u00f6nnt den Nationalpark, der bereits 1979 von der UNESCO auf die Liste der <strong>Weltnaturerbe<\/strong> gesetzt wurde, auf mehreren befestigten Pfaden entdecken und dabei das eine oder andere Erinnerungsfoto schie\u00dfen. Da dieses Naturjuwel j\u00e4hrlich unz\u00e4hlige Touristen aus aller Welt anlockt, empfehlen wir euch, die Plitvicer Seen in der <strong>Nebensaison im Fr\u00fchling oder Herbst<\/strong> zu besuchen. Interessanter Fact: Die Sch\u00f6nheit der Plitvicer Seen \u00fcberzeugte auch zahlreiche Filmemacher, unter anderem wurde hier \u201eWinnetou: Der Schatz im Silbersee\u201c gedreht.&nbsp;<\/p>\n\n\n[otw_shortcode_info_box border_type=&#8220;bordered&#8220; border_color_class=&#8220;otw-orange-border&#8220; border_style=&#8220;bordered&#8220;]<strong>Lesetipp:<\/strong> M\u00f6chtet ihr mehr \u00fcber den <a href=\"https:\/\/www.sonnenklar.tv\/blog\/plitvicer-seen\/\" rel=\"noopener\"> Nationalpark Plitvicer Seen <\/a> erfahren, schaut gerne in unserem Beitrag vorbei! [\/otw_shortcode_info_box]\n\n\n\n<h3 class=\"wp-block-heading\" id=\"balaton-das-ungarische-meer\">4. Balaton: Das ungarische Meer<\/h3>\n\n\n\n<p>Dass die n\u00e4chste Meeresk\u00fcste gute 300 Kilometer entfernt ist, st\u00f6rt in Ungarn niemanden, schlie\u00dflich hat man mit dem <strong>Balaton<\/strong> den gr\u00f6\u00dften See Mitteleuropas \u2013 und einen der sch\u00f6nsten Badeseen! In den Sommermonaten mutiert das t\u00fcrkisblaue Gew\u00e4sser zum absoluten <strong>Urlaubsparadies<\/strong>: Dann steigen die Wassertemperaturen auf bis zu 27 Grad und zahlreiche Str\u00e4nde und Buchten garantieren euch <strong>entspannte Stunden und Wasserspa\u00df<\/strong> f\u00fcr die gesamte Familie.<\/p>\n\n\n\n<figure class=\"wp-block-image size-large\"><a href=\"https:\/\/www.sonnenklar.tv\/blog\/wp-content\/uploads\/2024\/09\/ungarn-balaton-880x450-1.jpg\"><img loading=\"lazy\" decoding=\"async\" width=\"880\" height=\"450\" src=\"https:\/\/www.sonnenklar.tv\/blog\/wp-content\/uploads\/2024\/09\/ungarn-balaton-880x450-1.jpg\" alt=\"Balaton \/ Plattensee in Ungarn\" class=\"wp-image-32607\" srcset=\"https:\/\/www.sonnenklar.tv\/blog\/wp-content\/uploads\/2024\/09\/ungarn-balaton-880x450-1.jpg 880w, https:\/\/www.sonnenklar.tv\/blog\/wp-content\/uploads\/2024\/09\/ungarn-balaton-880x450-1-800x409.jpg 800w, https:\/\/www.sonnenklar.tv\/blog\/wp-content\/uploads\/2024\/09\/ungarn-balaton-880x450-1-120x61.jpg 120w, https:\/\/www.sonnenklar.tv\/blog\/wp-content\/uploads\/2024\/09\/ungarn-balaton-880x450-1-90x46.jpg 90w, https:\/\/www.sonnenklar.tv\/blog\/wp-content\/uploads\/2024\/09\/ungarn-balaton-880x450-1-320x164.jpg 320w, https:\/\/www.sonnenklar.tv\/blog\/wp-content\/uploads\/2024\/09\/ungarn-balaton-880x450-1-560x286.jpg 560w\" sizes=\"(max-width: 880px) 100vw, 880px\" \/><\/a><figcaption class=\"wp-element-caption\">Str\u00e4nde, Heilb\u00e4der und Thermalquellen am Balaton sind Anziehpunkt f\u00fcr zahlreiche Badetouristen<\/figcaption><\/figure>\n\n\n\n<p>W\u00e4hrend die S\u00fcdk\u00fcste mit 70 Str\u00e4nden, flachen Ufern und gr\u00f6\u00dferen Ferienzentren und Seeb\u00e4dern das touristische Eldorado des Plattensees darstellt, zeichnet sich das nat\u00fcrliche Ambiente der n\u00f6rdlichen Ufer durch eine <strong>anmutige Urspr\u00fcnglichkeit<\/strong> aus: Romantische H\u00fcgellandschaften locken f\u00fcr Wanderungen und Erkundungstouren ebenso wie der <strong>Balaton-Oberland Nationalpark<\/strong>, Genie\u00dfer unter euch kommen in den idyllischen Weinbaugebieten dank der Weinverkostungen und interessanten F\u00fchrungen voll auf ihre Kosten. Ihr seht schon: Der Balaton ist genauso aufregend und vielf\u00e4ltig wie Ungarn selbst!<\/p>\n\n\n[otw_shortcode_info_box border_type=&#8220;bordered&#8220; border_color_class=&#8220;otw-orange-border&#8220; border_style=&#8220;bordered&#8220;]<strong>Hoteltipp:<\/strong> Ein Hotel direkt am See und vieles mehr bietet das <a href=\"https:\/\/www.sonnenklar.tv\/beschreibung\/Ungarn\/Balaton_Plattensee\/Tihany\/Club_Tihany_Hotel.html\" rel=\"noopener\"> Cub Tihany <\/a> das inmitten der Natur auf der Halbinsel Tihany liegt. [\/otw_shortcode_info_box]\n\n\n\n<h3 class=\"wp-block-heading\" id=\"eibsee-bayerns-karibik\">5. Eibsee: Bayerns \u201eKaribik\u201c<\/h3>\n\n\n\n<p>Wir machen einen Sprung \u00fcber die Alpen, wo das deutsche Bundesland Bayern voll stolz auf eine Vielzahl sch\u00f6ner Seen blicken kann. Der wohl prachtvollste davon ist der <strong>Eibsee<\/strong> westlich von Garmisch-Partenkirchen \u2013 ein Gebirgsgew\u00e4sser, wie es sch\u00f6ner nicht sein kann! Das Wasser ist kristallklar und an einigen Stellen so t\u00fcrkis, dass es schon fast eine <strong>karibische Aura<\/strong> verstr\u00f6mt. Wenn ihr euch an die Umrundung des Sees macht (die circa 2 Stunden dauert und f\u00fcr jedermann zu schaffen ist), durchstreift ihr eine wundersch\u00f6ne Landschaft aus tiefen W\u00e4ldern, gr\u00fcnen Auen und unber\u00fchrten H\u00e4ngen. Wobei ihr stets im Schatten der <strong>benachbarten Zugspitze<\/strong> wandert \u2013 Deutschlands h\u00f6chster Berggipfel l\u00e4sst das gesamte Ambiente fast schon surreal anmuten.<\/p>\n\n\n\n<figure class=\"wp-block-image size-large\"><a href=\"https:\/\/www.sonnenklar.tv\/blog\/wp-content\/uploads\/2023\/03\/GettyImages-1042404662-Eibsee-in-Deutschland-mit-rosa-wolken.jpg\"><img loading=\"lazy\" decoding=\"async\" width=\"880\" height=\"450\" src=\"https:\/\/www.sonnenklar.tv\/blog\/wp-content\/uploads\/2023\/03\/GettyImages-1042404662-Eibsee-in-Deutschland-mit-rosa-wolken.jpg\" alt=\"Eibsee bei Garmisch-Partenkirchen in Bayern\" class=\"wp-image-23291\" srcset=\"https:\/\/www.sonnenklar.tv\/blog\/wp-content\/uploads\/2023\/03\/GettyImages-1042404662-Eibsee-in-Deutschland-mit-rosa-wolken.jpg 880w, https:\/\/www.sonnenklar.tv\/blog\/wp-content\/uploads\/2023\/03\/GettyImages-1042404662-Eibsee-in-Deutschland-mit-rosa-wolken-800x409.jpg 800w, https:\/\/www.sonnenklar.tv\/blog\/wp-content\/uploads\/2023\/03\/GettyImages-1042404662-Eibsee-in-Deutschland-mit-rosa-wolken-18x9.jpg 18w, https:\/\/www.sonnenklar.tv\/blog\/wp-content\/uploads\/2023\/03\/GettyImages-1042404662-Eibsee-in-Deutschland-mit-rosa-wolken-150x77.jpg 150w, https:\/\/www.sonnenklar.tv\/blog\/wp-content\/uploads\/2023\/03\/GettyImages-1042404662-Eibsee-in-Deutschland-mit-rosa-wolken-450x230.jpg 450w, https:\/\/www.sonnenklar.tv\/blog\/wp-content\/uploads\/2023\/03\/GettyImages-1042404662-Eibsee-in-Deutschland-mit-rosa-wolken-768x393.jpg 768w, https:\/\/www.sonnenklar.tv\/blog\/wp-content\/uploads\/2023\/03\/GettyImages-1042404662-Eibsee-in-Deutschland-mit-rosa-wolken-300x153.jpg 300w\" sizes=\"(max-width: 880px) 100vw, 880px\" \/><\/a><figcaption class=\"wp-element-caption\">Inmitten des Wettersteingebirges erstreckt sich idyllisch der Eibsee<\/figcaption><\/figure>\n\n\n\n<p>Gerade am n\u00f6rdlichen Ufer reiht sich ein Foto-Spot an den n\u00e4chsten, was vor allem daran liegt, dass dieser Teil des Gew\u00e4ssers von rustikalen Felsbuchten und beschaulichen Eilanden gepr\u00e4gt ist und ihr hier das <strong>volle Panorama<\/strong> auf die umliegenden Bergz\u00fcge habt. Wenn ihr nicht nur wandern wollt, werdet ihr rund um den See immer wieder auf Str\u00e4nde sto\u00dfen, deren Beschaffenheit von feinem Kies bis zu gr\u00f6\u00dferem Gestein variiert. Zum Baden solltet ihr aber nur im Sommer kommen, der See ist das ganze Jahr \u00fcber recht frisch und friert im Winter zu. Am s\u00fcd\u00f6stlichen Ufer des Eibsees gibt es einige Verpflegungsm\u00f6glichkeiten und einen Bootsverleih, sodass ihr die <strong>bayerische Naturpracht<\/strong> auch vom Wasser aus erleben k\u00f6nnt.<\/p>\n\n\n[otw_shortcode_info_box border_type=&#8220;bordered&#8220; border_color_class=&#8220;otw-orange-border&#8220; border_style=&#8220;bordered&#8220;]<strong>Lesetipp:<\/strong> Ein Urlaub in Bayern klingt gar nicht so schlecht? Finden wir auch \u2013 im n\u00e4chsten Beitrag lest ihr die <a href=\"https:\/\/www.sonnenklar.tv\/blog\/bayern-seen\/\" rel=\"noopener\"> 10 sch\u00f6nsten Seen in Bayern <\/a> [\/otw_shortcode_info_box]\n\n\n\n<h3 class=\"wp-block-heading\" id=\"peyto-lake-naturwunder-in-tuerkis\">6. Peyto Lake: Naturwunder in T\u00fcrkis &nbsp;<\/h3>\n\n\n\n<p>F\u00fcr unseren n\u00e4chsten sch\u00f6nen See verlassen wir erstmalig Europa und begeben uns ins zweitgr\u00f6\u00dfte Land der Welt. Kanada ist bekannt f\u00fcr seine weiten, ungez\u00e4hmten und spektakul\u00e4ren Landschaften, wobei der <strong>Banff-Nationalpark<\/strong> in der Provinz Alberta besonders heraussticht. Neben den gigantischen Bergz\u00fcgen, zerkl\u00fcfteten Felsh\u00e4ngen und den tiefen, unber\u00fchrten Nadelbaumw\u00e4ldern liegt das vor allem am <strong>Peyto Lake<\/strong>, der auf seiner Fl\u00e4che von ca. 5 Quadratkilometern in sattem T\u00fcrkis erstrahlt. Und mit T\u00fcrkis meinen wir nicht das typisch bl\u00e4uliche Swimming-Pool-Schimmern von klarem Wasser, vielmehr wirkt es tats\u00e4chlich so, als w\u00e4re hier ein gigantischer Farbeimer geleert worden \u2013 gerade in Kombination mit dem tiefen Gr\u00fcn der Abermillionen umliegenden B\u00e4ume und dem grauen Gestein der Bergmassive ergibt sich so ein <strong>wundersames Farbspiel<\/strong>!<\/p>\n\n\n\n<figure class=\"wp-block-image size-large is-resized\"><a href=\"https:\/\/www.sonnenklar.tv\/blog\/wp-content\/uploads\/2024\/09\/GettyImages-1205689586-Peyto-Lake_4281520.jpg\"><img loading=\"lazy\" decoding=\"async\" width=\"880\" height=\"455\" src=\"https:\/\/www.sonnenklar.tv\/blog\/wp-content\/uploads\/2024\/09\/GettyImages-1205689586-Peyto-Lake_4281520.jpg\" alt=\"Peyto Lake im Banff-Nationalpark in Kanada\" class=\"wp-image-31953\" style=\"height:450px\" srcset=\"https:\/\/www.sonnenklar.tv\/blog\/wp-content\/uploads\/2024\/09\/GettyImages-1205689586-Peyto-Lake_4281520.jpg 880w, https:\/\/www.sonnenklar.tv\/blog\/wp-content\/uploads\/2024\/09\/GettyImages-1205689586-Peyto-Lake_4281520-18x9.jpg 18w, https:\/\/www.sonnenklar.tv\/blog\/wp-content\/uploads\/2024\/09\/GettyImages-1205689586-Peyto-Lake_4281520-150x78.jpg 150w, https:\/\/www.sonnenklar.tv\/blog\/wp-content\/uploads\/2024\/09\/GettyImages-1205689586-Peyto-Lake_4281520-450x233.jpg 450w, https:\/\/www.sonnenklar.tv\/blog\/wp-content\/uploads\/2024\/09\/GettyImages-1205689586-Peyto-Lake_4281520-768x397.jpg 768w, https:\/\/www.sonnenklar.tv\/blog\/wp-content\/uploads\/2024\/09\/GettyImages-1205689586-Peyto-Lake_4281520-800x414.jpg 800w, https:\/\/www.sonnenklar.tv\/blog\/wp-content\/uploads\/2024\/09\/GettyImages-1205689586-Peyto-Lake_4281520-120x62.jpg 120w, https:\/\/www.sonnenklar.tv\/blog\/wp-content\/uploads\/2024\/09\/GettyImages-1205689586-Peyto-Lake_4281520-90x47.jpg 90w, https:\/\/www.sonnenklar.tv\/blog\/wp-content\/uploads\/2024\/09\/GettyImages-1205689586-Peyto-Lake_4281520-320x165.jpg 320w, https:\/\/www.sonnenklar.tv\/blog\/wp-content\/uploads\/2024\/09\/GettyImages-1205689586-Peyto-Lake_4281520-560x290.jpg 560w\" sizes=\"(max-width: 880px) 100vw, 880px\" \/><\/a><figcaption class=\"wp-element-caption\">Die t\u00fcrkise Farbpracht ist charakteristisch f\u00fcr den Peyto Lake in den kanadischen Rocky Mountains<\/figcaption><\/figure>\n\n\n\n<h3 class=\"wp-block-heading\" id=\"titicacasee-suedamerikanische-faszination\">7. Titicacasee: S\u00fcdamerikanische Faszination<\/h3>\n\n\n\n<p>Wasser und S\u00fcdamerika? Ganz klar: Die karibischen K\u00fcsten Kolumbiens und Venezuelas sowie das Meer vor der Copacabana im brasilianischen Rio. Gerne \u00fcbersehen wird dabei ein weiteres \u201eWasser-Highlight\u201c im <strong>peruanisch-bolivianischen<\/strong> Grenzgebiet. Das Gew\u00e4sser mit dem klangvollen Namen <strong>Titicacasee <\/strong>ist einer der idyllischsten Naturr\u00e4ume in ganz Lateinamerika und z\u00e4hlt nicht ohne Grund zu den sch\u00f6nsten Seen der Welt. Auf einer H\u00f6he von 3812 Metern \u00fcber dem Meeresspiegel ist der Titicacasee einer der <strong>h\u00f6chsten Bergseen<\/strong> der Welt. Da damit eine jahreszeiten\u00fcbergreifende K\u00e4lte einhergeht, ist der Titicacasee eher nicht zum Baden geeignet.<\/p>\n\n\n\n<figure class=\"wp-block-image size-large\"><a href=\"https:\/\/www.sonnenklar.tv\/blog\/wp-content\/uploads\/2024\/09\/suedamerika-titicacasee-880x450-1.jpg\"><img loading=\"lazy\" decoding=\"async\" width=\"880\" height=\"450\" src=\"https:\/\/www.sonnenklar.tv\/blog\/wp-content\/uploads\/2024\/09\/suedamerika-titicacasee-880x450-1.jpg\" alt=\"Isla del Sol im Titicacasee in Bolivien\" class=\"wp-image-32647\" srcset=\"https:\/\/www.sonnenklar.tv\/blog\/wp-content\/uploads\/2024\/09\/suedamerika-titicacasee-880x450-1.jpg 880w, https:\/\/www.sonnenklar.tv\/blog\/wp-content\/uploads\/2024\/09\/suedamerika-titicacasee-880x450-1-800x409.jpg 800w, https:\/\/www.sonnenklar.tv\/blog\/wp-content\/uploads\/2024\/09\/suedamerika-titicacasee-880x450-1-120x61.jpg 120w, https:\/\/www.sonnenklar.tv\/blog\/wp-content\/uploads\/2024\/09\/suedamerika-titicacasee-880x450-1-90x46.jpg 90w, https:\/\/www.sonnenklar.tv\/blog\/wp-content\/uploads\/2024\/09\/suedamerika-titicacasee-880x450-1-320x164.jpg 320w, https:\/\/www.sonnenklar.tv\/blog\/wp-content\/uploads\/2024\/09\/suedamerika-titicacasee-880x450-1-560x286.jpg 560w\" sizes=\"(max-width: 880px) 100vw, 880px\" \/><\/a><figcaption class=\"wp-element-caption\">Nicht nur aufgrund des kalten Wassers atemberaubend: der Titicacasee<\/figcaption><\/figure>\n\n\n\n<p>Langweilig wird es euch aber bestimmt nicht: Das Gew\u00e4sser selbst, sowie die endlosen zerkl\u00fcfteten Berg- und H\u00fcgellandschaften sind der <strong>Lebensraum unz\u00e4hliger exotischer Tiere<\/strong> wie zum Beispiel den Jamesflamingos, den Titicaca-Tauchern oder den Vizcachas (Hasenm\u00e4use). Wenn ihr Gl\u00fcck habt, k\u00f6nnt ihr w\u00e4hrend einer Bootstour oder einer Wanderung Bekanntschaft mit den faszinierenden heimischen Arten machen. Das gr\u00f6\u00dfte kulturelle \u201eMust-See\u201c sind die <strong>schwimmenden Inseln<\/strong> der indigenen Urus, die sich mit ihren Unterk\u00fcnften auf dem Wasser einst vor den Angriffen der Inkas sch\u00fctzen wollten. Generell ist das Leben am Titicacasee sehr traditionell und urspr\u00fcnglich gepr\u00e4gt, sodass ihr viel \u00fcber die <strong>spannende Kultur<\/strong> und naturverbundene Lebensweise der Andenregion erfahren werdet.<\/p>\n\n\n\n<h3 class=\"wp-block-heading\" id=\"lake-pukaki-erbe-des-gletschers\">8. Lake Pukaki: Erbe des Gletschers<\/h3>\n\n\n\n<p>Die letzte Station unserer Reise zu den sch\u00f6nsten Seen weltweit f\u00fchrt uns auf die andere Seite des Pazifiks. Hier liegt ziemlich genau im Zentrum der S\u00fcdinsel Neuseelands der <strong>Lake Pukaki <\/strong>am Nordrand des sogenannten Mackenzie-Beckens, einer weitl\u00e4ufigen, von Gebirgsz\u00fcgen eingeschlossenen Steppenlandschaft. Das 82 Quadratkilometer gro\u00dfe Binnengew\u00e4sser entstand einst aus einem Gletscher, der sich zwar zur\u00fcckzog, aber noch heute als Zufluss fungiert. So ist es eben jenes eiskalte Gletscherwasser, das dem Lake Pukaki seine <strong>satte hellbl\u00e4uliche F\u00e4rbung<\/strong> verleiht.<\/p>\n\n\n\n<figure class=\"wp-block-image size-large\"><a href=\"https:\/\/www.sonnenklar.tv\/blog\/wp-content\/uploads\/2024\/09\/neuseeland-lake-pukaki-880x450-1.jpg\"><img loading=\"lazy\" decoding=\"async\" width=\"880\" height=\"450\" src=\"https:\/\/www.sonnenklar.tv\/blog\/wp-content\/uploads\/2024\/09\/neuseeland-lake-pukaki-880x450-1.jpg\" alt=\"Lake Pukaki in Neuseeland\" class=\"wp-image-32648\" srcset=\"https:\/\/www.sonnenklar.tv\/blog\/wp-content\/uploads\/2024\/09\/neuseeland-lake-pukaki-880x450-1.jpg 880w, https:\/\/www.sonnenklar.tv\/blog\/wp-content\/uploads\/2024\/09\/neuseeland-lake-pukaki-880x450-1-800x409.jpg 800w, https:\/\/www.sonnenklar.tv\/blog\/wp-content\/uploads\/2024\/09\/neuseeland-lake-pukaki-880x450-1-120x61.jpg 120w, https:\/\/www.sonnenklar.tv\/blog\/wp-content\/uploads\/2024\/09\/neuseeland-lake-pukaki-880x450-1-90x46.jpg 90w, https:\/\/www.sonnenklar.tv\/blog\/wp-content\/uploads\/2024\/09\/neuseeland-lake-pukaki-880x450-1-320x164.jpg 320w, https:\/\/www.sonnenklar.tv\/blog\/wp-content\/uploads\/2024\/09\/neuseeland-lake-pukaki-880x450-1-560x286.jpg 560w\" sizes=\"(max-width: 880px) 100vw, 880px\" \/><\/a><figcaption class=\"wp-element-caption\">Lake Pukaki, der gr\u00f6\u00dfte von drei nahezu parallel&nbsp;verlaufenden Seen am Nordrand des Mackenzie-Beckens<\/figcaption><\/figure>\n\n\n\n<p>Bis auf einige wenige \u00dcbernachtungsm\u00f6glichkeiten am S\u00fcdufer des Sees ist die gesamte Region <strong>\u201eNatur pur\u201c<\/strong>. Auf Wanderungen oder Biketouren (am Westufer gibt es zudem eine Landstra\u00dfe) um den Lake Pukaki habt ihr an mehreren Stellen die M\u00f6glichkeit, die rau-charmanten Str\u00e4nde und Ufer zu betreten, wo sich euch ein <strong>beispielloser Ausblick<\/strong> offenbart: \u00dcber dem endlos wirkenden Wasser erheben sich gr\u00fcne Bergketten und schneebedeckte Bergmassive in den Himmel Neuseelands. Wenn ihr dieses m\u00e4rchenhafte Ambiente auf euch wirken lasst, wird euch unweigerlich das <strong>Gef\u00fchl grenzenloser Freiheit<\/strong> erf\u00fcllen, wobei ihr wieder einmal merken werdet, was unser Planet doch f\u00fcr ein einzigartiges Wunder ist. \u00dcbrigens: Mit dem Lake Ohau und dem Lake Tekapo liegen zwei weitere sehenswerte Seen westlich bzw. \u00f6stlich des Lake Pukaki \u2013 ebenfalls <strong>zwei beachtliche Naturjuwele<\/strong>!<\/p>\n\n\n\n<h2 class=\"wp-block-heading\">H\u00e4ufig gestellte Fragen zu den sch\u00f6nsten Seen<\/h2>\n\n\n\n<p>Ihr seid auf den Geschmack gekommen und \u00fcberlegt, euren n\u00e4chsten Urlaub an einem See zu verbringen? Das ist im ersten Moment vielleicht gar nicht so einfach, schlie\u00dflich seid ihr es wom\u00f6glich nicht unbedingt gewohnt, dass Binnengew\u00e4sser in der Urlaubsplanung eine Rolle spielen. Ihr habt Fragen? Wir haben Antworten!<\/p>\n\n\n\n<h3 class=\"wp-block-heading\" id=\"welches-land-schoenste-seen\">Welches Land hat die sch\u00f6nsten Seen?<\/h3>\n\n\n\n<p>Das kann man pauschal nicht so einfach sagen, da jeder \u201eSch\u00f6nheit\u201c anders empfindet. Zudem kommt die Frage, ob ihr Baden wollt, aktiv unterwegs seid oder am liebsten au\u00dfergew\u00f6hnliche Panoramen genie\u00dft. Fest steht, dass <strong>Deutschland<\/strong> bei sch\u00f6nen Seen dank der bayerischen Voralpen- und Bergseen sowie der Mecklenburgischen Seenplatte vorne mit dabei ist und auch unser Nachbarland <strong>\u00d6sterreich<\/strong> hat in dieser Hinsicht eine ganze Menge zu bieten. In <strong>Skandinavien<\/strong> k\u00f6nnen besonders die Seen in Schweden und Finnland (nicht umsonst \u201eLand der tausend Seen\u201c genannt) hervorstechen. Au\u00dferhalb Europas sind es vor allem <strong>Kanada und die USA<\/strong>, die f\u00fcr imposante Seenlandschaften bekannt sind.<\/p>\n\n\n\n<figure class=\"wp-block-image size-large\"><a href=\"https:\/\/www.sonnenklar.tv\/blog\/wp-content\/uploads\/2024\/09\/slowenien-triglav-nationalpark-bergsee-880x450-1.jpg\"><img loading=\"lazy\" decoding=\"async\" width=\"880\" height=\"450\" src=\"https:\/\/www.sonnenklar.tv\/blog\/wp-content\/uploads\/2024\/09\/slowenien-triglav-nationalpark-bergsee-880x450-1.jpg\" alt=\"Bergsee im Triglav Nationalpark in Slowenien\" class=\"wp-image-32649\" srcset=\"https:\/\/www.sonnenklar.tv\/blog\/wp-content\/uploads\/2024\/09\/slowenien-triglav-nationalpark-bergsee-880x450-1.jpg 880w, https:\/\/www.sonnenklar.tv\/blog\/wp-content\/uploads\/2024\/09\/slowenien-triglav-nationalpark-bergsee-880x450-1-800x409.jpg 800w, https:\/\/www.sonnenklar.tv\/blog\/wp-content\/uploads\/2024\/09\/slowenien-triglav-nationalpark-bergsee-880x450-1-120x61.jpg 120w, https:\/\/www.sonnenklar.tv\/blog\/wp-content\/uploads\/2024\/09\/slowenien-triglav-nationalpark-bergsee-880x450-1-90x46.jpg 90w, https:\/\/www.sonnenklar.tv\/blog\/wp-content\/uploads\/2024\/09\/slowenien-triglav-nationalpark-bergsee-880x450-1-320x164.jpg 320w, https:\/\/www.sonnenklar.tv\/blog\/wp-content\/uploads\/2024\/09\/slowenien-triglav-nationalpark-bergsee-880x450-1-560x286.jpg 560w\" sizes=\"(max-width: 880px) 100vw, 880px\" \/><\/a><figcaption class=\"wp-element-caption\">Verstecktes Juwel: Der t\u00fcrkise Bergsee im malerischen Triglav Nationalpark in Slowenien<\/figcaption><\/figure>\n\n\n\n<h3 class=\"wp-block-heading\" id=\"groesster-see-der-welt\">Was ist der gr\u00f6\u00dfte See der Welt?<\/h3>\n\n\n\n<p>Der gr\u00f6\u00dfte See der Welt, mit einer Fl\u00e4che von 386.400 km\u00b2, ist das <strong>Kaspische Meer<\/strong> und liegt im Bereich der <strong>eurasischen Grenze<\/strong>. Anrainerstaaten sind Aserbaidschan, Russland, Kasachstan, Turkmenistan und der Iran. Gerade wegen seiner beachtlichen Gr\u00f6\u00dfe wird es nicht als See, sondern als Meer betitelt. Das Kaspische Meer ist fast f\u00fcnfmal gr\u00f6\u00dfer als der <strong>Oberer See<\/strong>, der weltweit zweitgr\u00f6\u00dfte See und gr\u00f6\u00dfter S\u00fc\u00dfwassersee der Erde. <\/p>\n\n\n\n<figure class=\"wp-block-image size-large\"><a href=\"https:\/\/www.sonnenklar.tv\/blog\/wp-content\/uploads\/2024\/09\/schweiz-graubuenden-frau-entspannt-am-see-880x450-1.jpg\"><img loading=\"lazy\" decoding=\"async\" width=\"880\" height=\"450\" src=\"https:\/\/www.sonnenklar.tv\/blog\/wp-content\/uploads\/2024\/09\/schweiz-graubuenden-frau-entspannt-am-see-880x450-1.jpg\" alt=\"Frau entspannt an einem See in Graub\u00fcnden, Schweiz\" class=\"wp-image-32650\" srcset=\"https:\/\/www.sonnenklar.tv\/blog\/wp-content\/uploads\/2024\/09\/schweiz-graubuenden-frau-entspannt-am-see-880x450-1.jpg 880w, https:\/\/www.sonnenklar.tv\/blog\/wp-content\/uploads\/2024\/09\/schweiz-graubuenden-frau-entspannt-am-see-880x450-1-800x409.jpg 800w, https:\/\/www.sonnenklar.tv\/blog\/wp-content\/uploads\/2024\/09\/schweiz-graubuenden-frau-entspannt-am-see-880x450-1-120x61.jpg 120w, https:\/\/www.sonnenklar.tv\/blog\/wp-content\/uploads\/2024\/09\/schweiz-graubuenden-frau-entspannt-am-see-880x450-1-90x46.jpg 90w, https:\/\/www.sonnenklar.tv\/blog\/wp-content\/uploads\/2024\/09\/schweiz-graubuenden-frau-entspannt-am-see-880x450-1-320x164.jpg 320w, https:\/\/www.sonnenklar.tv\/blog\/wp-content\/uploads\/2024\/09\/schweiz-graubuenden-frau-entspannt-am-see-880x450-1-560x286.jpg 560w\" sizes=\"(max-width: 880px) 100vw, 880px\" \/><\/a><figcaption class=\"wp-element-caption\">Pure Entspannung: Die Ruhe und Sch\u00f6nheit der Schweiz genie\u00dfen<\/figcaption><\/figure>\n\n\n\n<h3 class=\"wp-block-heading\" id=\"groesste-see-europa\">Was ist der gr\u00f6\u00dfte See Europas?<\/h3>\n\n\n\n<p>Der gr\u00f6\u00dfte See Europas ist der <strong>Ladogasee<\/strong> und befindet im europ\u00e4ischen Teil Russlands nahe Finnland. Der gr\u00f6\u00dfte See der Europ\u00e4ischen Union ist der <strong>V\u00e4nern<\/strong> im S\u00fcdwesten Schwedens.<\/p>\n\n\n\n<figure class=\"wp-block-image size-large\"><a href=\"https:\/\/www.sonnenklar.tv\/blog\/wp-content\/uploads\/2024\/09\/mecklenburgische-seenplatte.jpg\"><img loading=\"lazy\" decoding=\"async\" width=\"880\" height=\"450\" src=\"https:\/\/www.sonnenklar.tv\/blog\/wp-content\/uploads\/2024\/09\/mecklenburgische-seenplatte.jpg\" alt=\"See mit Steg in der Mecklenburgischen Seenplatte\" class=\"wp-image-31409\" srcset=\"https:\/\/www.sonnenklar.tv\/blog\/wp-content\/uploads\/2024\/09\/mecklenburgische-seenplatte.jpg 880w, https:\/\/www.sonnenklar.tv\/blog\/wp-content\/uploads\/2024\/09\/mecklenburgische-seenplatte-800x409.jpg 800w, https:\/\/www.sonnenklar.tv\/blog\/wp-content\/uploads\/2024\/09\/mecklenburgische-seenplatte-120x61.jpg 120w, https:\/\/www.sonnenklar.tv\/blog\/wp-content\/uploads\/2024\/09\/mecklenburgische-seenplatte-90x46.jpg 90w, https:\/\/www.sonnenklar.tv\/blog\/wp-content\/uploads\/2024\/09\/mecklenburgische-seenplatte-320x164.jpg 320w, https:\/\/www.sonnenklar.tv\/blog\/wp-content\/uploads\/2024\/09\/mecklenburgische-seenplatte-560x286.jpg 560w\" sizes=\"(max-width: 880px) 100vw, 880px\" \/><\/a><figcaption class=\"wp-element-caption\">See mit Steg in der Mecklenburgischen Seenplatte<\/figcaption><\/figure>\n\n\n\n<h2 class=\"wp-block-heading\">Fazit zu den sch\u00f6nsten Seen der Welt<\/h2>\n\n\n\n<p>Ihr seht also, dass es weltweit sch\u00f6ne Seen gibt, die allesamt ein lohnenswertes Reiseziel darstellen. Der gr\u00f6\u00dfte Vorteil ist die Vielseitigkeit der Optionen: Ob Badeurlaub, Kulturreise oder Aktiv-Trip \u2013 bei einem Urlaub am See ist alles m\u00f6glich, zumal ihr sogar oftmals die M\u00f6glichkeit habt, mehrere Elemente zu kombinieren. Worauf wartet ihr noch? Gebt euch eurer \u201eSeen-Sucht\u201c hin!<\/p>\n\n\n[otw_shortcode_info_box border_type=&#8220;bordered&#8220; border_color_class=&#8220;otw-orange-border&#8220; border_style=&#8220;bordered&#8220;]<strong>Urlaubstipp:<\/strong>Ihr habt Lust aufs Reisen bekommen? Dann findet unter unseren <a href=\"https:\/\/www.sonnenklar.tv\/urlaub.html\" target=\"_blank\" rel=\"noopener\">Urlaubsangeboten<\/a> die Reise eurer Tr\u00e4ume! [\/otw_shortcode_info_box]\n\n\n\n<p><\/p>\n","protected":false},"excerpt":{"rendered":"<p>Seen und Binnengew\u00e4sser werden immer beliebter und das ist wenig \u00fcberraschend, schlie\u00dflich kann die nat\u00fcrliche Umgebung eines Sees durchaus spannend und facettenreich sein. F\u00fcr Badespa\u00df, abwechslungsreiche Urlaubsmomente und erholsame Stunden m\u00fcssen gar nicht immer die \u201esieben Weltmeere\u201c herhalten \u2013 ganz im Gegenteil. Es gibt traumhaft sch\u00f6ne Reiseziele an nennenswerten Seen. Um diesem Reise-Trend Rechnung zu<\/p>\n","protected":false},"author":3,"featured_media":27111,"comment_status":"closed","ping_status":"open","sticky":false,"template":"","format":"standard","meta":{"footnotes":""},"categories":[697],"tags":[601,575,583],"class_list":{"0":"post-32605","1":"post","2":"type-post","3":"status-publish","4":"format-standard","5":"has-post-thumbnail","7":"category-reisetipps","8":"tag-reiseplanung","9":"tag-seen","10":"tag-urlaubsinspiration"},"_links":{"self":[{"href":"https:\/\/www.sonnenklar.tv\/blog\/wp-json\/wp\/v2\/posts\/32605","targetHints":{"allow":["GET"]}}],"collection":[{"href":"https:\/\/www.sonnenklar.tv\/blog\/wp-json\/wp\/v2\/posts"}],"about":[{"href":"https:\/\/www.sonnenklar.tv\/blog\/wp-json\/wp\/v2\/types\/post"}],"author":[{"embeddable":true,"href":"https:\/\/www.sonnenklar.tv\/blog\/wp-json\/wp\/v2\/users\/3"}],"replies":[{"embeddable":true,"href":"https:\/\/www.sonnenklar.tv\/blog\/wp-json\/wp\/v2\/comments?post=32605"}],"version-history":[{"count":10,"href":"https:\/\/www.sonnenklar.tv\/blog\/wp-json\/wp\/v2\/posts\/32605\/revisions"}],"predecessor-version":[{"id":38376,"href":"https:\/\/www.sonnenklar.tv\/blog\/wp-json\/wp\/v2\/posts\/32605\/revisions\/38376"}],"wp:featuredmedia":[{"embeddable":true,"href":"https:\/\/www.sonnenklar.tv\/blog\/wp-json\/wp\/v2\/media\/27111"}],"wp:attachment":[{"href":"https:\/\/www.sonnenklar.tv\/blog\/wp-json\/wp\/v2\/media?parent=32605"}],"wp:term":[{"taxonomy":"category","embeddable":true,"href":"https:\/\/www.sonnenklar.tv\/blog\/wp-json\/wp\/v2\/categories?post=32605"},{"taxonomy":"post_tag","embeddable":true,"href":"https:\/\/www.sonnenklar.tv\/blog\/wp-json\/wp\/v2\/tags?post=32605"}],"curies":[{"name":"wp","href":"https:\/\/api.w.org\/{rel}","templated":true}]}}