{"id":32045,"date":"2024-09-30T10:02:14","date_gmt":"2024-09-30T09:02:14","guid":{"rendered":"https:\/\/www.sonnenklar.tv\/blog\/?p=32045"},"modified":"2025-11-21T17:53:43","modified_gmt":"2025-11-21T16:53:43","slug":"belgien-straende","status":"publish","type":"post","link":"https:\/\/www.sonnenklar.tv\/blog\/reisetipps\/belgien-straende\/","title":{"rendered":"Die 11 sch\u00f6nsten Str\u00e4nde in Belgien &#8211; \u00fcberraschend vielseitig"},"content":{"rendered":"\n<p><strong>Manchmal liegt das Gute doch so nah, so auch im Falle von Belgien. Wer Urlaub am Meer verbringen m\u00f6chte, denkt wahrscheinlich nicht als erstes an unser kleines Nachbarland, das haupts\u00e4chlich f\u00fcr seine mittelalterlichen St\u00e4dte bekannt ist. Doch in Belgien k\u00f6nnt ihr nicht nur einen unvergesslichen St\u00e4dtetrip verbringen, sondern auch am Strand entspannen oder in der Nordsee tauchen und baden.<\/strong><\/p>\n\n\n\n<p>Warum sollte man f\u00fcr seinen Traumurlaub immer in die Ferne schweifen, wenn auch quasi um die Ecke paradiesische Locations warten? Der Weg nach Belgien ist viel bequemer als die Anreise in so manches Fernreiseziel, sodass ihr ganz entspannt an eurem Ziel ankommt. Damit ihr direkt \u201enebenan\u201c eine tolle Zeit verbringen k\u00f6nnt, haben wir die elf sch\u00f6nsten Str\u00e4nde Belgiens f\u00fcr euch aufgesp\u00fcrt und stellen euch unsere Lieblinge f\u00fcr jeden Urlaubstyp vor.<\/p>\n\n\n\n<p><strong>Inhaltsverzeichnis<\/strong><\/p>\n\n\n\n<ol class=\"wp-block-list\">\n<li><a href=\"#Zeebrugge\">Zeebrugge: Der vielseitige Strand<\/a><\/li>\n\n\n\n<li><a href=\"#Groot-Strand-Ostende\">Groot Strand Ostende: Aktivurlaub vom Feinsten<\/a><\/li>\n\n\n\n<li><a href=\"#Oosterstrand-Ostende\">Oosterstrand Ostende: Entspannter R\u00fcckzugsort<\/a><\/li>\n\n\n\n<li><a href=\"#De-Panne\">De Panne: Afrika-Feeling an der franz\u00f6sischen Grenze<\/a><\/li>\n\n\n\n<li><a href=\"#Knokke-Heist\">Knokke-Heist: Mond\u00e4n und sportlich<\/a><\/li>\n\n\n\n<li><a href=\"#Bredene\">Bredene: Der einzige FKK-Strand Belgiens<\/a><\/li>\n\n\n\n<li><a href=\"#De-Haan\">De Haan: Abwechslung am l\u00e4ngsten Strand Belgiens<\/a><\/li>\n\n\n\n<li><a href=\"#Middelkerke\">Middelkerke: Strandurlaub ohne viel Tamtam<\/a><\/li>\n\n\n\n<li><a href=\"#Lombadsijde\">Lombadsijde: Der ruhige Geheimtipp<\/a><\/li>\n\n\n\n<li><a href=\"#Koksijde\">Koksijde: Eldorado f\u00fcr Feinschmecker<\/a><\/li>\n\n\n\n<li><a href=\"#Lommel\">Lommel: Der Strand am See<\/a><\/li>\n<\/ol>\n\n\n\n<h2 class=\"wp-block-heading\">Das Wichtigste im \u00dcberblick:<\/h2>\n\n\n\n<ul class=\"wp-block-list\">\n<li>Belgien bietet an der Nordseek\u00fcste eine ganze Reihe von wundersch\u00f6nen Str\u00e4nden.<\/li>\n\n\n\n<li>Erholungssuchende und Aktivurlauber werden hier gleicherma\u00dfen gl\u00fccklich.<\/li>\n\n\n\n<li>Die meisten Str\u00e4nde sind nicht \u00fcberlaufen und bieten ausreichend Platz.<\/li>\n<\/ul>\n\n\n\n<h2 class=\"wp-block-heading\">Belgiens Str\u00e4nde &#8211; Paradiesische Orte an der Nordsee<\/h2>\n\n\n\n<p>Belgiens K\u00fcste ist zwar klein, doch entlang von <strong>70 Kilometern<\/strong> verbergen sich so einige traumhafte Strandperlen. Ob zum <strong>Sonnenbaden<\/strong>, <strong>Action<\/strong> auf und im Wasser oder zum <strong>Muschelsammeln<\/strong> \u2013 hier kommt die ganze Familie auf ihre Kosten. Mit feinem wei\u00dfen Sand unter den F\u00fc\u00dfen k\u00f6nnt ihr euch an zahlreichen Stellen die angenehme Brise um die Nase wehen lassen und trotz der <strong>kurzen Entfernung<\/strong> zur Heimat den Alltag ganz weit hinter euch lassen. Da Belgien als Ziel unter Strandurlaubern noch nicht ganz so bekannt ist, sind die Str\u00e4nde nicht \u00fcberlaufen und ihr habt sch\u00f6n viel Platz. Dabei hat jeder Badeort so seinen eigenen besonderen Charme.<\/p>\n\n\n\n<h3 class=\"wp-block-heading\" id=\"Zeebrugge\">1. Zeebrugge: Der vielseitige Strand<\/h3>\n\n\n\n<p>Was den gr\u00f6\u00dften Strand Belgiens im Badeort Zeebrugge zu einem der beliebtesten Str\u00e4nde des Landes macht, ist seine <strong>Vielseitigkeit<\/strong>. Ruhesuchende finden an dem sauberen zwei Kilometer langen K\u00fcstenabschnitt vor den Toren Br\u00fcgges Entspannung. Wer den Trubel sucht, genie\u00dft die belebteren Abschnitte vor dem glitzernden Meer. Probiert unbedingt auch die k\u00f6stlichen Leckereien der umliegenden Restaurants. Nicht umsonst ist Zeebrugge in ganz Belgien f\u00fcr seine <strong>Fischspezialit\u00e4ten<\/strong> bekannt.<\/p>\n\n\n\n<p>Zeebrugge Strand im \u00dcberblick:<\/p>\n\n\n\n<figure class=\"wp-block-table is-style-stripes\"><table class=\"has-fixed-layout\"><tbody><tr><td class=\"has-text-align-left\" data-align=\"left\"><strong>Perfekt f\u00fcr<\/strong><\/td><td class=\"has-text-align-left\" data-align=\"left\">Die ganze Familie<\/td><\/tr><tr><td class=\"has-text-align-left\" data-align=\"left\"><strong>Besonderheit<\/strong><\/td><td class=\"has-text-align-left\" data-align=\"left\">Gr\u00f6\u00dfter Strand Belgiens mit unterschiedlichen Abschnitten f\u00fcr jeden Geschmack<\/td><\/tr><tr><td class=\"has-text-align-left\" data-align=\"left\"><strong>Erreichbarkeit<\/strong><\/td><td class=\"has-text-align-left\" data-align=\"left\">Direkt am Bahnhof, kostenlose Parkpl\u00e4tze<\/td><\/tr><tr><td class=\"has-text-align-left\" data-align=\"left\"><strong>Ausstattung<\/strong><\/td><td class=\"has-text-align-left\" data-align=\"left\">Gastronomie, Sport- und Freizeitangebote, Strandk\u00f6rbe und Freifl\u00e4chen<\/td><\/tr><\/tbody><\/table><\/figure>\n\n\n\n<figure class=\"wp-block-image size-large\"><a href=\"https:\/\/www.sonnenklar.tv\/blog\/wp-content\/uploads\/2024\/09\/belgien-zeebrugge-strand-880x450-1.jpg\"><img fetchpriority=\"high\" decoding=\"async\" width=\"880\" height=\"450\" src=\"https:\/\/www.sonnenklar.tv\/blog\/wp-content\/uploads\/2024\/09\/belgien-zeebrugge-strand-880x450-1.jpg\" alt=\"Strand von Zeebr\u00fcgge\" class=\"wp-image-32049\" srcset=\"https:\/\/www.sonnenklar.tv\/blog\/wp-content\/uploads\/2024\/09\/belgien-zeebrugge-strand-880x450-1.jpg 880w, https:\/\/www.sonnenklar.tv\/blog\/wp-content\/uploads\/2024\/09\/belgien-zeebrugge-strand-880x450-1-800x409.jpg 800w, https:\/\/www.sonnenklar.tv\/blog\/wp-content\/uploads\/2024\/09\/belgien-zeebrugge-strand-880x450-1-120x61.jpg 120w, https:\/\/www.sonnenklar.tv\/blog\/wp-content\/uploads\/2024\/09\/belgien-zeebrugge-strand-880x450-1-90x46.jpg 90w, https:\/\/www.sonnenklar.tv\/blog\/wp-content\/uploads\/2024\/09\/belgien-zeebrugge-strand-880x450-1-320x164.jpg 320w, https:\/\/www.sonnenklar.tv\/blog\/wp-content\/uploads\/2024\/09\/belgien-zeebrugge-strand-880x450-1-560x286.jpg 560w\" sizes=\"(max-width: 880px) 100vw, 880px\" \/><\/a><figcaption class=\"wp-element-caption\">Strand von Zeebrugge<\/figcaption><\/figure>\n\n\n\n<div class=\"su-box su-box-style-default\" id=\"\" style=\"border-color:#001d94;border-radius:3px;max-width:none\"><div class=\"su-box-title\" style=\"background-color:#0050c7;color:#FFFFFF;border-top-left-radius:1px;border-top-right-radius:1px\">sonnenklar.TV Hotel-Tipp:<\/div><div class=\"su-box-content su-u-clearfix su-u-trim\" style=\"border-bottom-left-radius:1px;border-bottom-right-radius:1px\">Im <a href=\"https:\/\/www.sonnenklar.tv\/beschreibung\/Belgien\/Belgien\/Br%C3%BCgge\/Ibis_Styles_Zeebrugge.html\" target=\"_blank\" rel=\"noopener\"> ibis Styles Zeebrugge <\/a> genie\u00dft ihr einen herrlichen Blick auf den Strand und den Hafen. Auf dem Spielplatz kommt auch nach dem Strandtag der Spa\u00df f\u00fcr die Kleinen nicht zu kurz.<\/div><\/div>\n\n\n\n<h3 class=\"wp-block-heading\" id=\"Groot-Strand-Ostende\">2. Groot Strand Ostende: Aktivurlaub vom Feinsten<\/h3>\n\n\n\n<p>Nur eine 30-min\u00fctige Zugfahrt von Br\u00fcssel entfernt, hat Ostende, oder auch Oostende, gleich mehrere herrliche Str\u00e4nde zu bieten. Je nachdem, worauf ihr w\u00e4hrend eures Urlaubs am Meer Wert legt, passt der eine vielleicht etwas mehr zu euch als der andere. Der Groot Strand ist mit seinen zahlreichen <strong>Sportangeboten<\/strong> der perfekte Strand f\u00fcr euch, wenn ihr Lust auf Action habt. Am <strong>Familienstrand<\/strong> mit Rettungsschwimmern baden auch die Kleinen sicher im Meer.<\/p>\n\n\n\n<p>Groot Strand im \u00dcberblick:<\/p>\n\n\n\n<figure class=\"wp-block-table is-style-stripes\"><table class=\"has-fixed-layout\"><tbody><tr><td class=\"has-text-align-left\" data-align=\"left\"><strong>Perfekt f\u00fcr<\/strong><\/td><td class=\"has-text-align-left\" data-align=\"left\">Familien, Sportbegeisterte<\/td><\/tr><tr><td class=\"has-text-align-left\" data-align=\"left\"><strong>Besonderheit<\/strong><\/td><td class=\"has-text-align-left\" data-align=\"left\">Quirliger Badeort mit Kunsthighlights<\/td><\/tr><tr><td class=\"has-text-align-left\" data-align=\"left\"><strong>Erreichbarkeit<\/strong><\/td><td class=\"has-text-align-left\" data-align=\"left\">Zu Fu\u00df von Ostende \u00fcber die Strandpromenade<\/td><\/tr><tr><td class=\"has-text-align-left\" data-align=\"left\"><strong>Ausstattung<\/strong><\/td><td class=\"has-text-align-left\" data-align=\"left\">Gesch\u00e4fte und Restaurants, Familienstrand mit Rettungsschwimmern und Animation, Duschen, Strandclubs, Surfschulen<\/td><\/tr><\/tbody><\/table><\/figure>\n\n\n\n<figure class=\"wp-block-image size-large\"><a href=\"https:\/\/www.sonnenklar.tv\/blog\/wp-content\/uploads\/2024\/09\/belgien-groot-strand-880x450-1.jpg\"><img decoding=\"async\" width=\"880\" height=\"450\" src=\"https:\/\/www.sonnenklar.tv\/blog\/wp-content\/uploads\/2024\/09\/belgien-groot-strand-880x450-1.jpg\" alt=\"Strand in Ostende\" class=\"wp-image-32074\" srcset=\"https:\/\/www.sonnenklar.tv\/blog\/wp-content\/uploads\/2024\/09\/belgien-groot-strand-880x450-1.jpg 880w, https:\/\/www.sonnenklar.tv\/blog\/wp-content\/uploads\/2024\/09\/belgien-groot-strand-880x450-1-800x409.jpg 800w, https:\/\/www.sonnenklar.tv\/blog\/wp-content\/uploads\/2024\/09\/belgien-groot-strand-880x450-1-120x61.jpg 120w, https:\/\/www.sonnenklar.tv\/blog\/wp-content\/uploads\/2024\/09\/belgien-groot-strand-880x450-1-90x46.jpg 90w, https:\/\/www.sonnenklar.tv\/blog\/wp-content\/uploads\/2024\/09\/belgien-groot-strand-880x450-1-320x164.jpg 320w, https:\/\/www.sonnenklar.tv\/blog\/wp-content\/uploads\/2024\/09\/belgien-groot-strand-880x450-1-560x286.jpg 560w\" sizes=\"(max-width: 880px) 100vw, 880px\" \/><\/a><figcaption class=\"wp-element-caption\">Der Groot Strand bietet viel Abwechslung<\/figcaption><\/figure>\n\n\n\n<h3 class=\"wp-block-heading\" id=\"Oosterstrand-Ostende\">3. Oosterstrand Ostende: Entspannter R\u00fcckzugsort<\/h3>\n\n\n\n<p>Wenn ihr im Urlaub vor allem <strong>Ruhe<\/strong> sucht, ist der goldene Oosterstrand \u00f6stlich des Hafens in Ostende euer Traumziel. Der ganze 70 Meter breite Sandstrand vor den idyllischen D\u00fcnen bietet genug Platz, um sich rundum zu entspannen. Da es hier so ruhig zugeht, gibt es statt Strandkabinen und \u2013pavillons wei\u00dfen Sand so weit das Auge reicht. Das ganze Jahr \u00fcber locken neben dem fantastischen Strand auch zahlreiche <strong>Kulturveranstaltungen<\/strong>, die f\u00fcr noch mehr Abwechslung sorgen.<\/p>\n\n\n\n<p>Oosterstrand im \u00dcberblick:<\/p>\n\n\n\n<figure class=\"wp-block-table is-style-stripes\"><table class=\"has-fixed-layout\"><tbody><tr><td class=\"has-text-align-left\" data-align=\"left\"><strong>Perfekt f\u00fcr<\/strong><\/td><td class=\"has-text-align-left\" data-align=\"left\">Paare, Singles, Ruhesuchende<\/td><\/tr><tr><td class=\"has-text-align-left\" data-align=\"left\"><strong>Besonderheit<\/strong><\/td><td class=\"has-text-align-left\" data-align=\"left\">Ruhiger Geheimtipp mit viel Platz<\/td><\/tr><tr><td class=\"has-text-align-left\" data-align=\"left\"><strong>Erreichbarkeit<\/strong><\/td><td class=\"has-text-align-left\" data-align=\"left\">Zu Fu\u00df von Ostende \u00fcber die Strandpromenade<\/td><\/tr><tr><td class=\"has-text-align-left\" data-align=\"left\"><strong>Ausstattung<\/strong><\/td><td class=\"has-text-align-left\" data-align=\"left\">Keine \u00f6ffentlichen Angebote und Einrichtungen<\/td><\/tr><\/tbody><\/table><\/figure>\n\n\n\n<figure class=\"wp-block-image size-large\"><a href=\"https:\/\/www.sonnenklar.tv\/blog\/wp-content\/uploads\/2024\/09\/belgien-nordseestrand-880x450-1.jpg\"><img decoding=\"async\" width=\"880\" height=\"450\" src=\"https:\/\/www.sonnenklar.tv\/blog\/wp-content\/uploads\/2024\/09\/belgien-nordseestrand-880x450-1.jpg\" alt=\"D\u00fcnen an der Nordsee\" class=\"wp-image-32076\" srcset=\"https:\/\/www.sonnenklar.tv\/blog\/wp-content\/uploads\/2024\/09\/belgien-nordseestrand-880x450-1.jpg 880w, https:\/\/www.sonnenklar.tv\/blog\/wp-content\/uploads\/2024\/09\/belgien-nordseestrand-880x450-1-800x409.jpg 800w, https:\/\/www.sonnenklar.tv\/blog\/wp-content\/uploads\/2024\/09\/belgien-nordseestrand-880x450-1-120x61.jpg 120w, https:\/\/www.sonnenklar.tv\/blog\/wp-content\/uploads\/2024\/09\/belgien-nordseestrand-880x450-1-90x46.jpg 90w, https:\/\/www.sonnenklar.tv\/blog\/wp-content\/uploads\/2024\/09\/belgien-nordseestrand-880x450-1-320x164.jpg 320w, https:\/\/www.sonnenklar.tv\/blog\/wp-content\/uploads\/2024\/09\/belgien-nordseestrand-880x450-1-560x286.jpg 560w\" sizes=\"(max-width: 880px) 100vw, 880px\" \/><\/a><figcaption class=\"wp-element-caption\">\u00dcber D\u00fcnen geht es an den herrlichen Nordseestrand<\/figcaption><\/figure>\n\n\n\n<div class=\"su-box su-box-style-default\" id=\"\" style=\"border-color:#001d94;border-radius:3px;max-width:none\"><div class=\"su-box-title\" style=\"background-color:#0050c7;color:#FFFFFF;border-top-left-radius:1px;border-top-right-radius:1px\">sonnenklar.TV Hotel-Tipp:<\/div><div class=\"su-box-content su-u-clearfix su-u-trim\" style=\"border-bottom-left-radius:1px;border-bottom-right-radius:1px\">Vom <a href=\"https:\/\/www.sonnenklar.tv\/beschreibung\/Belgien\/Belgien\/Oostende\/Hotel_Royal_Astrid.html\" target=\"_blank\" rel=\"noopener\"> Royal Astrid <\/a> erreicht ihr den feinsandigen Strand von Ostende in wenigen Minuten. Erholung im Gr\u00fcnen findet ihr im gegen\u00fcberliegenden Koningspark und wer au\u00dferhalb des Strands sportlich aktiv werden m\u00f6chte, schwingt den Schl\u00e4ger auf dem nahe gelegenen Golfplatz.<\/div><\/div>\n\n\n\n<h3 class=\"wp-block-heading\" id=\"De-Panne\">4. De Panne: Afrika-Feeling an der franz\u00f6sischen Grenze<\/h3>\n\n\n\n<p>In De Panne im Westen Belgiens k\u00f6nnt ihr es euch inmitten einer wundersch\u00f6nen D\u00fcnenlandschaft in eurem Strandkorb gut gehen lassen. Beim Spaziergang durch die D\u00fcnen kann man schon mal vergessen, dass man in Belgien ist, so sehr erinnert die Sandlandschaft, die auch als \u201e<strong>Fl\u00e4mische Sahara<\/strong>\u201c bekannt ist, an die afrikanische W\u00fcste. Was ihr bei einem Urlaub in De Panne auf keinen Fall auslassen d\u00fcrft: <strong>Strandsegeln<\/strong> bis nach Frankreich \u2013 Lasst euch einfach vom Wind tragen!<\/p>\n\n\n\n<p>De Panne im \u00dcberblick:<\/p>\n\n\n\n<figure class=\"wp-block-table is-style-stripes\"><table class=\"has-fixed-layout\"><tbody><tr><td class=\"has-text-align-left\" data-align=\"left\"><strong>Perfekt f\u00fcr<\/strong><\/td><td class=\"has-text-align-left\" data-align=\"left\">Abenteuerlustige, Sonnenanbeter<\/td><\/tr><tr><td class=\"has-text-align-left\" data-align=\"left\"><strong>Besonderheit<\/strong><\/td><td class=\"has-text-align-left\" data-align=\"left\">Wei\u00dfer Sandstrand inmitten eines rund 340 Hektar gro\u00dfen D\u00fcnengebietes<\/td><\/tr><tr><td class=\"has-text-align-left\" data-align=\"left\"><strong>Erreichbarkeit<\/strong><\/td><td class=\"has-text-align-left\" data-align=\"left\">Zu Fu\u00df, kostenlose Parkpl\u00e4tze in der N\u00e4he<\/td><\/tr><tr><td class=\"has-text-align-left\" data-align=\"left\"><strong>Ausstattung<\/strong><\/td><td class=\"has-text-align-left\" data-align=\"left\">Strandk\u00f6rbe, Sport- und Freizeitangebote, Gastronomie<\/td><\/tr><\/tbody><\/table><\/figure>\n\n\n\n<figure class=\"wp-block-image size-large\"><a href=\"https:\/\/www.sonnenklar.tv\/blog\/wp-content\/uploads\/2024\/09\/belgien-strandhuetten-de-panne-880x450-1.jpg\"><img loading=\"lazy\" decoding=\"async\" width=\"880\" height=\"450\" src=\"https:\/\/www.sonnenklar.tv\/blog\/wp-content\/uploads\/2024\/09\/belgien-strandhuetten-de-panne-880x450-1.jpg\" alt=\"Wei\u00df-rot gestreifte Strandh\u00fctten in De Panne, Belgien\" class=\"wp-image-32077\" srcset=\"https:\/\/www.sonnenklar.tv\/blog\/wp-content\/uploads\/2024\/09\/belgien-strandhuetten-de-panne-880x450-1.jpg 880w, https:\/\/www.sonnenklar.tv\/blog\/wp-content\/uploads\/2024\/09\/belgien-strandhuetten-de-panne-880x450-1-800x409.jpg 800w, https:\/\/www.sonnenklar.tv\/blog\/wp-content\/uploads\/2024\/09\/belgien-strandhuetten-de-panne-880x450-1-120x61.jpg 120w, https:\/\/www.sonnenklar.tv\/blog\/wp-content\/uploads\/2024\/09\/belgien-strandhuetten-de-panne-880x450-1-90x46.jpg 90w, https:\/\/www.sonnenklar.tv\/blog\/wp-content\/uploads\/2024\/09\/belgien-strandhuetten-de-panne-880x450-1-320x164.jpg 320w, https:\/\/www.sonnenklar.tv\/blog\/wp-content\/uploads\/2024\/09\/belgien-strandhuetten-de-panne-880x450-1-560x286.jpg 560w\" sizes=\"(max-width: 880px) 100vw, 880px\" \/><\/a><figcaption class=\"wp-element-caption\">Einer der sch\u00f6nsten Str\u00e4nde Belgiens ist in De Panne<\/figcaption><\/figure>\n\n\n\n<div class=\"su-box su-box-style-default\" id=\"\" style=\"border-color:#001d94;border-radius:3px;max-width:none\"><div class=\"su-box-title\" style=\"background-color:#0050c7;color:#FFFFFF;border-top-left-radius:1px;border-top-right-radius:1px\">sonnenklar.TV Lesetipp:<\/div><div class=\"su-box-content su-u-clearfix su-u-trim\" style=\"border-bottom-left-radius:1px;border-bottom-right-radius:1px\">Wenn ihr bis nach Frankreich \u201egesegelt\u201c seid und noch mehr Str\u00e4nde entdecken wollt, erkundet doch einen der <a href=\"https:\/\/www.sonnenklar.tv\/blog\/frankreich-straende\/\" target=\"_blank\" rel=\"noopener\"> sch\u00f6nsten Str\u00e4nde Frankreichs <\/a>.<\/div><\/div>\n\n\n\n<h3 class=\"wp-block-heading\" id=\"Knokke-Heist\">5. Knokke-Heist: Mond\u00e4n und sportlich<\/h3>\n\n\n\n<p>Der Traumstrand von Knokke-Heist in der N\u00e4he der Niederlande gilt sowohl bei <strong>Prominenten<\/strong> als auch bei <strong>Kitesurfern<\/strong> als absoluter Hotspot. Schwingt euch selbst aufs Board oder schaut aus einer der zahlreichen Bars mit einem Cocktail in der Hand den farbenfrohen Klecksen auf dem Meer bei ihren waghalsigen Man\u00f6vern zu. Noch ein Kindheitstraum kann hier wahr werden: Ein Ausritt am Strand.<\/p>\n\n\n\n<p>Knokke-Heist im \u00dcberblick:<\/p>\n\n\n\n<figure class=\"wp-block-table is-style-stripes\"><table class=\"has-fixed-layout\"><tbody><tr><td class=\"has-text-align-left\" data-align=\"left\"><strong>Perfekt f\u00fcr<\/strong><\/td><td class=\"has-text-align-left\" data-align=\"left\">Kitesurfer, Promi-Spotter<\/td><\/tr><tr><td class=\"has-text-align-left\" data-align=\"left\"><strong>Besonderheit<\/strong><\/td><td class=\"has-text-align-left\" data-align=\"left\">Nobelbadeort umgeben von D\u00fcnen, Watt und Salzwiesen<\/td><\/tr><tr><td class=\"has-text-align-left\" data-align=\"left\"><strong>Erreichbarkeit<\/strong><\/td><td class=\"has-text-align-left\" data-align=\"left\">Zu Fu\u00df, Bushaltestelle, Bahnhof und Parkm\u00f6glichkeiten in der N\u00e4he<\/td><\/tr><tr><td class=\"has-text-align-left\" data-align=\"left\"><strong>Ausstattung<\/strong><\/td><td class=\"has-text-align-left\" data-align=\"left\">Bewachte Badezonen, Strandk\u00f6rbe, Strandpavillons, Sanit\u00e4ranlagen, Gastronomie, Wassersportangebote<\/td><\/tr><\/tbody><\/table><\/figure>\n\n\n\n<figure class=\"wp-block-image size-large\"><a href=\"https:\/\/www.sonnenklar.tv\/blog\/wp-content\/uploads\/2024\/09\/nordsee-kitesurfer-880x450-1.jpg\"><img loading=\"lazy\" decoding=\"async\" width=\"880\" height=\"450\" src=\"https:\/\/www.sonnenklar.tv\/blog\/wp-content\/uploads\/2024\/09\/nordsee-kitesurfer-880x450-1.jpg\" alt=\"Kitesurfer an der Nordsee\" class=\"wp-image-32078\" srcset=\"https:\/\/www.sonnenklar.tv\/blog\/wp-content\/uploads\/2024\/09\/nordsee-kitesurfer-880x450-1.jpg 880w, https:\/\/www.sonnenklar.tv\/blog\/wp-content\/uploads\/2024\/09\/nordsee-kitesurfer-880x450-1-800x409.jpg 800w, https:\/\/www.sonnenklar.tv\/blog\/wp-content\/uploads\/2024\/09\/nordsee-kitesurfer-880x450-1-120x61.jpg 120w, https:\/\/www.sonnenklar.tv\/blog\/wp-content\/uploads\/2024\/09\/nordsee-kitesurfer-880x450-1-90x46.jpg 90w, https:\/\/www.sonnenklar.tv\/blog\/wp-content\/uploads\/2024\/09\/nordsee-kitesurfer-880x450-1-320x164.jpg 320w, https:\/\/www.sonnenklar.tv\/blog\/wp-content\/uploads\/2024\/09\/nordsee-kitesurfer-880x450-1-560x286.jpg 560w\" sizes=\"(max-width: 880px) 100vw, 880px\" \/><\/a><figcaption class=\"wp-element-caption\">Kitesurfer finden an der Nordsee optimale Bedingungen vor<\/figcaption><\/figure>\n\n\n\n<div class=\"su-box su-box-style-default\" id=\"\" style=\"border-color:#001d94;border-radius:3px;max-width:none\"><div class=\"su-box-title\" style=\"background-color:#0050c7;color:#FFFFFF;border-top-left-radius:1px;border-top-right-radius:1px\">sonnenklar.TV Lesetipp:<\/div><div class=\"su-box-content su-u-clearfix su-u-trim\" style=\"border-bottom-left-radius:1px;border-bottom-right-radius:1px\">Ihr wollt euren Strandurlaub in Belgien mit einem Ausflug in die Niederlande verbinden? Dann d\u00fcrft ihr diese <a href=\"https:\/\/www.sonnenklar.tv\/blog\/holland-straende\/\" target=\"_blank\" rel=\"noopener\"> 6 sch\u00f6nen K\u00fcsten <\/a> auf keinen Fall verpassen.<\/div><\/div>\n\n\n\n<h3 class=\"wp-block-heading\" id=\"Bredene\">6. Bredene: Der einzige FKK-Strand Belgiens<\/h3>\n\n\n\n<p>Wer sich gerne von oben bis unten br\u00e4unt, den zieht es an den abgegrenzten <strong>FKK-Strand<\/strong> Bredenes. Doch auch <strong>Familien<\/strong> lieben den Bredene Strand, da es hier so viel zu erleben gibt. Probiert euch doch alle zusammen einmal an einer neuen Sportart,reitet \u00fcber die Wellen und sammelt die sch\u00f6nsten Muscheln. (Hobby-)Fotografen kommen bei dem malerischen Anblick des breiten Strandes, der flie\u00dfend in die D\u00fcnen \u00fcbergeht, gar nicht mehr aus dem Knipsen heraus.<\/p>\n\n\n\n<p>Bredene im \u00dcberblick:<\/p>\n\n\n\n<figure class=\"wp-block-table is-style-stripes\"><table class=\"has-fixed-layout\"><tbody><tr><td class=\"has-text-align-left\" data-align=\"left\"><strong>Perfekt f\u00fcr<\/strong><\/td><td class=\"has-text-align-left\" data-align=\"left\">FKK-Anh\u00e4nger, Familien, Camper<\/td><\/tr><tr><td class=\"has-text-align-left\" data-align=\"left\"><strong>Besonderheit<\/strong><\/td><td class=\"has-text-align-left\" data-align=\"left\">Weicher Sand inmitten einer unber\u00fchrten Meereslandschaft, einziger FKK-Strand Belgiens<\/td><\/tr><tr><td class=\"has-text-align-left\" data-align=\"left\"><strong>Erreichbarkeit<\/strong><\/td><td class=\"has-text-align-left\" data-align=\"left\">Zu Fu\u00df durch die D\u00fcnen, Parkm\u00f6glichkeiten in der N\u00e4he, Zugang zum FKK-Bereich durch den Tunnel bei der Stra\u00dfenbahnhaltestelle &#8222;Renbaan&#8220;<\/td><\/tr><tr><td class=\"has-text-align-left\" data-align=\"left\"><strong>Ausstattung<\/strong><\/td><td class=\"has-text-align-left\" data-align=\"left\">Gastronomie, Spielpl\u00e4tze, Sport- und Freizeitangebote<\/td><\/tr><\/tbody><\/table><\/figure>\n\n\n\n<figure class=\"wp-block-image size-large\"><a href=\"https:\/\/www.sonnenklar.tv\/blog\/wp-content\/uploads\/2024\/09\/familie-strand-880x450-1.jpg\"><img loading=\"lazy\" decoding=\"async\" width=\"880\" height=\"450\" src=\"https:\/\/www.sonnenklar.tv\/blog\/wp-content\/uploads\/2024\/09\/familie-strand-880x450-1.jpg\" alt=\"Familie am Strand\" class=\"wp-image-32081\" srcset=\"https:\/\/www.sonnenklar.tv\/blog\/wp-content\/uploads\/2024\/09\/familie-strand-880x450-1.jpg 880w, https:\/\/www.sonnenklar.tv\/blog\/wp-content\/uploads\/2024\/09\/familie-strand-880x450-1-800x409.jpg 800w, https:\/\/www.sonnenklar.tv\/blog\/wp-content\/uploads\/2024\/09\/familie-strand-880x450-1-120x61.jpg 120w, https:\/\/www.sonnenklar.tv\/blog\/wp-content\/uploads\/2024\/09\/familie-strand-880x450-1-90x46.jpg 90w, https:\/\/www.sonnenklar.tv\/blog\/wp-content\/uploads\/2024\/09\/familie-strand-880x450-1-320x164.jpg 320w, https:\/\/www.sonnenklar.tv\/blog\/wp-content\/uploads\/2024\/09\/familie-strand-880x450-1-560x286.jpg 560w\" sizes=\"(max-width: 880px) 100vw, 880px\" \/><\/a><figcaption class=\"wp-element-caption\">Auszeit f\u00fcr die ganze Familie<\/figcaption><\/figure>\n\n\n\n<h3 class=\"wp-block-heading\" id=\"De-Haan\">7. De Haan: Abwechslung pur<\/h3>\n\n\n\n<p>Wenn ihr bei eurem Strandurlaub gerne von allem etwas habt, solltet ihr euch auf nach De Haan machen. Hier findet ihr einen gelungenen Mix aus <strong>Freizeitaktivit\u00e4ten<\/strong> und <strong>ruhigen Orten<\/strong>. Entspannung in der Sonne ist hier genauso m\u00f6glich wie Wasserskifahren und Beachvolleyball. Auch abends ist der Strand des kleinen Dorfes einen Besuch wert. Dann lockt die <strong>Strandpromenade Zeedkijk<\/strong> mit ihrem aufregenden Trubel und leckeren Fischbr\u00f6tchen.<\/p>\n\n\n\n<p>De Haan im \u00dcberblick:<\/p>\n\n\n\n<figure class=\"wp-block-table is-style-stripes\"><table class=\"has-fixed-layout\"><tbody><tr><td class=\"has-text-align-left\" data-align=\"left\"><strong>Perfekt f\u00fcr<\/strong><\/td><td class=\"has-text-align-left\" data-align=\"left\">Familien, Sportler<\/td><\/tr><tr><td class=\"has-text-align-left\" data-align=\"left\"><strong>Besonderheit<\/strong><\/td><td class=\"has-text-align-left\" data-align=\"left\">Familien, Sportler<\/td><\/tr><tr><td class=\"has-text-align-left\" data-align=\"left\"><strong>Erreichbarkeit<\/strong><\/td><td class=\"has-text-align-left\" data-align=\"left\">Zu Fu\u00df, beschr\u00e4nkte Anzahl an Parkm\u00f6glichkeiten in der N\u00e4he, spezielle Strandrollst\u00fche stehen zur Verf\u00fcgung<\/td><\/tr><tr><td class=\"has-text-align-left\" data-align=\"left\"><strong>Ausstattung<\/strong><\/td><td class=\"has-text-align-left\" data-align=\"left\">Sport- und Freizeitaktivit\u00e4ten, Gastronomie, Verleih von Liegen und Sonnenschirmen<\/td><\/tr><\/tbody><\/table><\/figure>\n\n\n\n<figure class=\"wp-block-image size-large\"><a href=\"https:\/\/www.sonnenklar.tv\/blog\/wp-content\/uploads\/2024\/09\/strand-in-de-haan-880x450-1.jpg\"><img loading=\"lazy\" decoding=\"async\" width=\"880\" height=\"450\" src=\"https:\/\/www.sonnenklar.tv\/blog\/wp-content\/uploads\/2024\/09\/strand-in-de-haan-880x450-1.jpg\" alt=\"Strand in De Haan\" class=\"wp-image-32083\" srcset=\"https:\/\/www.sonnenklar.tv\/blog\/wp-content\/uploads\/2024\/09\/strand-in-de-haan-880x450-1.jpg 880w, https:\/\/www.sonnenklar.tv\/blog\/wp-content\/uploads\/2024\/09\/strand-in-de-haan-880x450-1-800x409.jpg 800w, https:\/\/www.sonnenklar.tv\/blog\/wp-content\/uploads\/2024\/09\/strand-in-de-haan-880x450-1-120x61.jpg 120w, https:\/\/www.sonnenklar.tv\/blog\/wp-content\/uploads\/2024\/09\/strand-in-de-haan-880x450-1-90x46.jpg 90w, https:\/\/www.sonnenklar.tv\/blog\/wp-content\/uploads\/2024\/09\/strand-in-de-haan-880x450-1-320x164.jpg 320w, https:\/\/www.sonnenklar.tv\/blog\/wp-content\/uploads\/2024\/09\/strand-in-de-haan-880x450-1-560x286.jpg 560w\" sizes=\"(max-width: 880px) 100vw, 880px\" \/><\/a><figcaption class=\"wp-element-caption\">Abwechslung am Strand in De Haan<\/figcaption><\/figure>\n\n\n\n<h3 class=\"wp-block-heading\" id=\"Middelkerke\">8. Middelkerke: Strandurlaub ohne viel Tamtam<\/h3>\n\n\n\n<p>Middelkerke kann zwar nicht mit aufsehenerregenden Attraktionen aufwarten, doch genau diese <strong>Schlichtheit<\/strong> macht den K\u00fcstenort so liebenswert. Hier kann sich die gesamte Familie wunderbar erholen und ausgedehnte Radtouren durch die Polderlandschaft unternehmen. Da der Ort stolz die meisten Sonnenstunden an der belgischen K\u00fcste f\u00fcr sich beansprucht, sind Sonnenanbeter hier im Paradies angekommen. Perfekt f\u00fcr <strong>Hundebesitzer<\/strong>: Auf drei Strandzonen gelten hier besonders lockere Regeln zum Ausf\u00fchren der vierbeinigen Freunde.<\/p>\n\n\n\n<p>Middelkerke im \u00dcberblick:<\/p>\n\n\n\n<figure class=\"wp-block-table is-style-stripes\"><table class=\"has-fixed-layout\"><tbody><tr><td class=\"has-text-align-left\" data-align=\"left\"><strong>Perfekt f\u00fcr<\/strong><\/td><td class=\"has-text-align-left\" data-align=\"left\">Familien, Hundebesitzer<\/td><\/tr><tr><td class=\"has-text-align-left\" data-align=\"left\"><strong>Besonderheit<\/strong><\/td><td class=\"has-text-align-left\" data-align=\"left\">Unaufgeregter, breiter feiner Sandstrand mit den meisten Sonnenstunden an der belgischen K\u00fcste<\/td><\/tr><tr><td class=\"has-text-align-left\" data-align=\"left\"><strong>Erreichbarkeit<\/strong><\/td><td class=\"has-text-align-left\" data-align=\"left\">Zu Fu\u00df, Parkm\u00f6glichkeiten in der N\u00e4he<\/td><\/tr><tr><td class=\"has-text-align-left\" data-align=\"left\"><strong>Ausstattung<\/strong><\/td><td class=\"has-text-align-left\" data-align=\"left\">Gastronomie, Spielpl\u00e4tze, Sportangebote, sanit\u00e4re Anlagen<\/td><\/tr><\/tbody><\/table><\/figure>\n\n\n\n<figure class=\"wp-block-image size-large\"><a href=\"https:\/\/www.sonnenklar.tv\/blog\/wp-content\/uploads\/2024\/09\/hund-am-strand-sonnenuntergang-880x450-1.jpg\"><img loading=\"lazy\" decoding=\"async\" width=\"880\" height=\"450\" src=\"https:\/\/www.sonnenklar.tv\/blog\/wp-content\/uploads\/2024\/09\/hund-am-strand-sonnenuntergang-880x450-1.jpg\" alt=\"Hund am Strand\" class=\"wp-image-32088\" srcset=\"https:\/\/www.sonnenklar.tv\/blog\/wp-content\/uploads\/2024\/09\/hund-am-strand-sonnenuntergang-880x450-1.jpg 880w, https:\/\/www.sonnenklar.tv\/blog\/wp-content\/uploads\/2024\/09\/hund-am-strand-sonnenuntergang-880x450-1-800x409.jpg 800w, https:\/\/www.sonnenklar.tv\/blog\/wp-content\/uploads\/2024\/09\/hund-am-strand-sonnenuntergang-880x450-1-120x61.jpg 120w, https:\/\/www.sonnenklar.tv\/blog\/wp-content\/uploads\/2024\/09\/hund-am-strand-sonnenuntergang-880x450-1-90x46.jpg 90w, https:\/\/www.sonnenklar.tv\/blog\/wp-content\/uploads\/2024\/09\/hund-am-strand-sonnenuntergang-880x450-1-320x164.jpg 320w, https:\/\/www.sonnenklar.tv\/blog\/wp-content\/uploads\/2024\/09\/hund-am-strand-sonnenuntergang-880x450-1-560x286.jpg 560w\" sizes=\"(max-width: 880px) 100vw, 880px\" \/><\/a><figcaption class=\"wp-element-caption\">Sogar Vierbeiner kommen auf ihre Kosten<\/figcaption><\/figure>\n\n\n\n<h3 class=\"wp-block-heading\" id=\"Lombadsijde\">9. Lombadsijde: Der ruhige Geheimtipp<\/h3>\n\n\n\n<p>Abseits von Touristenstr\u00f6men k\u00f6nnt ihr in Lombadsijde ganz tief durchatmen. Sogar im Sommer ist der Strand keineswegs \u00fcberlaufen und dient haupts\u00e4chlich <strong>Einheimischen<\/strong> als Ausflugsziel. Langweilig wird es dennoch nicht. Zahlreiche <strong>Sportm\u00f6glichkeiten<\/strong> an Land und auf dem Meer bringen euch in Schwung. Lasst eurer Energie beim Surfen, Segeln oder Strandfu\u00dfball freien Lauf, bevor ihr euch wieder in den weichen Sand fallen lasst.<\/p>\n\n\n\n<p>Lombadsidje im \u00dcberblick:<\/p>\n\n\n\n<figure class=\"wp-block-table is-style-stripes\"><table class=\"has-fixed-layout\"><tbody><tr><td class=\"has-text-align-left\" data-align=\"left\"><strong>Perfekt f\u00fcr<\/strong><\/td><td class=\"has-text-align-left\" data-align=\"left\">Ruhesuchende, die Abwechslung suchen<\/td><\/tr><tr><td class=\"has-text-align-left\" data-align=\"left\"><strong>Besonderheit<\/strong><\/td><td class=\"has-text-align-left\" data-align=\"left\">Ruhiger Strand abseits von Touristenstr\u00f6men<\/td><\/tr><tr><td class=\"has-text-align-left\" data-align=\"left\"><strong>Erreichbarkeit<\/strong><\/td><td class=\"has-text-align-left\" data-align=\"left\">Zu Fu\u00df, Parkm\u00f6glichkeiten in der N\u00e4he<\/td><\/tr><tr><td class=\"has-text-align-left\" data-align=\"left\"><strong>Ausstattung<\/strong><\/td><td class=\"has-text-align-left\" data-align=\"left\">Sport- und Freizeitangebote<\/td><\/tr><\/tbody><\/table><\/figure>\n\n\n\n<figure class=\"wp-block-image size-large\"><a href=\"https:\/\/www.sonnenklar.tv\/blog\/wp-content\/uploads\/2024\/09\/fussball-am-strand-880x450-1.jpg\"><img loading=\"lazy\" decoding=\"async\" width=\"880\" height=\"450\" src=\"https:\/\/www.sonnenklar.tv\/blog\/wp-content\/uploads\/2024\/09\/fussball-am-strand-880x450-1.jpg\" alt=\"Strandfu\u00dfball\" class=\"wp-image-32089\" srcset=\"https:\/\/www.sonnenklar.tv\/blog\/wp-content\/uploads\/2024\/09\/fussball-am-strand-880x450-1.jpg 880w, https:\/\/www.sonnenklar.tv\/blog\/wp-content\/uploads\/2024\/09\/fussball-am-strand-880x450-1-800x409.jpg 800w, https:\/\/www.sonnenklar.tv\/blog\/wp-content\/uploads\/2024\/09\/fussball-am-strand-880x450-1-120x61.jpg 120w, https:\/\/www.sonnenklar.tv\/blog\/wp-content\/uploads\/2024\/09\/fussball-am-strand-880x450-1-90x46.jpg 90w, https:\/\/www.sonnenklar.tv\/blog\/wp-content\/uploads\/2024\/09\/fussball-am-strand-880x450-1-320x164.jpg 320w, https:\/\/www.sonnenklar.tv\/blog\/wp-content\/uploads\/2024\/09\/fussball-am-strand-880x450-1-560x286.jpg 560w\" sizes=\"(max-width: 880px) 100vw, 880px\" \/><\/a><figcaption class=\"wp-element-caption\">Im weichen Sand macht Strandfu\u00dfball besonders Spa\u00df<\/figcaption><\/figure>\n\n\n\n<h3 class=\"wp-block-heading\" id=\"Koksijde\">10. Koksijde: Eldorado f\u00fcr Feinschmecker<\/h3>\n\n\n\n<p>Der bis zu 700 Meter breite Strand Koksijde bietet euch genug Platz f\u00fcr Strandspazierg\u00e4nge, zum Sonnen oder zum Sport. Wenn ihr Gl\u00fcck habt, k\u00f6nnt ihr einen Blick auf s\u00fc\u00dfe <strong>Robbenherden<\/strong> erhaschen. Nur beim Baden solltet ihr etwas Vorsicht walten lassen, da die Str\u00f6mungen hier stark sein k\u00f6nnen. F\u00fcr das leibliche Wohl sorgen die zahlreichen Restaurants an der Promenade, wo ihr feinste <strong>belgische Meeresspezialit\u00e4ten<\/strong> genie\u00dft, die als die besten K\u00f6stlichkeiten ganz Belgiens gelten.<\/p>\n\n\n\n<p>Koksijde im \u00dcberblick:<\/p>\n\n\n\n<figure class=\"wp-block-table is-style-stripes\"><table class=\"has-fixed-layout\"><tbody><tr><td class=\"has-text-align-left\" data-align=\"left\"><strong>Perfekt f\u00fcr<\/strong><\/td><td class=\"has-text-align-left\" data-align=\"left\">Ruhesuchende, Wassersportler, Feinschmecker<\/td><\/tr><tr><td class=\"has-text-align-left\" data-align=\"left\"><strong>Besonderheit<\/strong><\/td><td class=\"has-text-align-left\" data-align=\"left\">Sportangebote, Gastronomie, Strandk\u00f6rbe, Verleih von Liegen und Sonnenschirmen<\/td><\/tr><tr><td class=\"has-text-align-left\" data-align=\"left\"><strong>Erreichbarkeit<\/strong><\/td><td class=\"has-text-align-left\" data-align=\"left\">Zu Fu\u00df, Parkm\u00f6glichkeiten in der N\u00e4he<\/td><\/tr><tr><td class=\"has-text-align-left\" data-align=\"left\"><strong>Ausstattung<\/strong><\/td><td class=\"has-text-align-left\" data-align=\"left\">Sportangebote, Gastronomie, Strandk\u00f6rbe, Verleih von Liegen und Sonnenschirmen<\/td><\/tr><\/tbody><\/table><\/figure>\n\n\n\n<figure class=\"wp-block-image size-large\"><a href=\"https:\/\/www.sonnenklar.tv\/blog\/wp-content\/uploads\/2024\/09\/belgische-kueche-muscheln-880x450-1.jpg\"><img loading=\"lazy\" decoding=\"async\" width=\"880\" height=\"450\" src=\"https:\/\/www.sonnenklar.tv\/blog\/wp-content\/uploads\/2024\/09\/belgische-kueche-muscheln-880x450-1.jpg\" alt=\"Muscheln und Bier\" class=\"wp-image-32093\" srcset=\"https:\/\/www.sonnenklar.tv\/blog\/wp-content\/uploads\/2024\/09\/belgische-kueche-muscheln-880x450-1.jpg 880w, https:\/\/www.sonnenklar.tv\/blog\/wp-content\/uploads\/2024\/09\/belgische-kueche-muscheln-880x450-1-800x409.jpg 800w, https:\/\/www.sonnenklar.tv\/blog\/wp-content\/uploads\/2024\/09\/belgische-kueche-muscheln-880x450-1-120x61.jpg 120w, https:\/\/www.sonnenklar.tv\/blog\/wp-content\/uploads\/2024\/09\/belgische-kueche-muscheln-880x450-1-90x46.jpg 90w, https:\/\/www.sonnenklar.tv\/blog\/wp-content\/uploads\/2024\/09\/belgische-kueche-muscheln-880x450-1-320x164.jpg 320w, https:\/\/www.sonnenklar.tv\/blog\/wp-content\/uploads\/2024\/09\/belgische-kueche-muscheln-880x450-1-560x286.jpg 560w\" sizes=\"(max-width: 880px) 100vw, 880px\" \/><\/a><figcaption class=\"wp-element-caption\">Die belgische K\u00fcche \u00fcberzeugt mit frischen Meeresspezialit\u00e4ten<\/figcaption><\/figure>\n\n\n\n<h3 class=\"wp-block-heading\" id=\"Lommel\">11. Lommel: Der Strand am See<\/h3>\n\n\n\n<p>Zu guter Letzt kommt noch ein etwas anderer Strand-Tipp. Denn nicht nur an der Nordsee kann Belgien mit wundersch\u00f6nen Str\u00e4nden gl\u00e4nzen, auch im Inneren des Landes vor den Toren der Stadt Lommel gibt es eine Strandperle. Wen die Sehnsucht nach einem idyllischen Tag am See packt, der findet hier alles, was das Herz begehrt. Umgeben von Sandstr\u00e4nden und Gr\u00fcnfl\u00e4chen k\u00f6nnt ihr in der sogenannten \u201e<strong>Sahara von Lommel<\/strong>\u201c wandern, in dem ruhigen und sauberen See untertauchen und die Seele baumeln lassen.<\/p>\n\n\n\n<p>Lommel im \u00dcberblick:<\/p>\n\n\n\n<figure class=\"wp-block-table is-style-stripes\"><table class=\"has-fixed-layout\"><tbody><tr><td class=\"has-text-align-left\" data-align=\"left\"><strong>Perfekt f\u00fcr<\/strong><\/td><td class=\"has-text-align-left\" data-align=\"left\">Ruhesuchende, Badenixen<\/td><\/tr><tr><td class=\"has-text-align-left\" data-align=\"left\"><strong>Besonderheit<\/strong><\/td><td class=\"has-text-align-left\" data-align=\"left\">Ruhiger See mit wundersch\u00f6nem Strand<\/td><\/tr><tr><td class=\"has-text-align-left\" data-align=\"left\"><strong>Erreichbarkeit<\/strong><\/td><td class=\"has-text-align-left\" data-align=\"left\">Zu Fu\u00df, mit dem Fahrrad<\/td><\/tr><tr><td class=\"has-text-align-left\" data-align=\"left\"><strong>Ausstattung<\/strong><\/td><td class=\"has-text-align-left\" data-align=\"left\">Keine \u00f6ffentlichen Angebote und Einrichtungen<\/td><\/tr><\/tbody><\/table><\/figure>\n\n\n\n<figure class=\"wp-block-image size-large\"><a href=\"https:\/\/www.sonnenklar.tv\/blog\/wp-content\/uploads\/2024\/09\/naturschutzgebiet-sahara-lommel-880x450-1.jpg\"><img loading=\"lazy\" decoding=\"async\" width=\"880\" height=\"450\" src=\"https:\/\/www.sonnenklar.tv\/blog\/wp-content\/uploads\/2024\/09\/naturschutzgebiet-sahara-lommel-880x450-1.jpg\" alt=\"Naturschutzgebiet Sahara Lommel\" class=\"wp-image-32095\" srcset=\"https:\/\/www.sonnenklar.tv\/blog\/wp-content\/uploads\/2024\/09\/naturschutzgebiet-sahara-lommel-880x450-1.jpg 880w, https:\/\/www.sonnenklar.tv\/blog\/wp-content\/uploads\/2024\/09\/naturschutzgebiet-sahara-lommel-880x450-1-800x409.jpg 800w, https:\/\/www.sonnenklar.tv\/blog\/wp-content\/uploads\/2024\/09\/naturschutzgebiet-sahara-lommel-880x450-1-120x61.jpg 120w, https:\/\/www.sonnenklar.tv\/blog\/wp-content\/uploads\/2024\/09\/naturschutzgebiet-sahara-lommel-880x450-1-90x46.jpg 90w, https:\/\/www.sonnenklar.tv\/blog\/wp-content\/uploads\/2024\/09\/naturschutzgebiet-sahara-lommel-880x450-1-320x164.jpg 320w, https:\/\/www.sonnenklar.tv\/blog\/wp-content\/uploads\/2024\/09\/naturschutzgebiet-sahara-lommel-880x450-1-560x286.jpg 560w\" sizes=\"(max-width: 880px) 100vw, 880px\" \/><\/a><figcaption class=\"wp-element-caption\">Das Naturschutzgebiet Sahara Lommel beheimatet kleine, bezaubernde Sandstr\u00e4nde<\/figcaption><\/figure>\n\n\n\n<h2 class=\"wp-block-heading\">Fazit zu den sch\u00f6nsten Str\u00e4nden Belgiens<\/h2>\n\n\n\n<p>Belgien kann trotz seiner recht kleinen K\u00fcste tats\u00e4chlich viele sch\u00f6ne Str\u00e4nde sein Eigen nennen. Welcher davon jetzt der sch\u00f6nste Ort am Meer ist, h\u00e4ngt davon ab, was f\u00fcr euch am perfekten Strand nicht fehlen darf. Unter den trubeligen und ruhigen Str\u00e4nden Belgiens findet ihr bestimmt den richtigen Platz f\u00fcr euer pers\u00f6nliches Urlaubsgl\u00fcck. Und das gar nicht so weit weg von zuhause.<\/p>\n\n\n\n<p><strong>Tipp:<\/strong> Ihr habt euren Traumstrand in Belgien gefunden? Dann sucht euch unter unseren <a href=\"https:\/\/www.sonnenklar.tv\/urlaub\/belgien.html\" target=\"_blank\" data-type=\"link\" data-id=\"https:\/\/www.sonnenklar.tv\/urlaub\/belgien.html\" rel=\"noreferrer noopener\"> Belgien-Angebote <\/a> direkt die passende Unterkunft f\u00fcr eure Reise aus.<\/p>\n","protected":false},"excerpt":{"rendered":"<p>Manchmal liegt das Gute doch so nah, so auch im Falle von Belgien. Wer Urlaub am Meer verbringen m\u00f6chte, denkt wahrscheinlich nicht als erstes an unser kleines Nachbarland, das haupts\u00e4chlich f\u00fcr seine mittelalterlichen St\u00e4dte bekannt ist. Doch in Belgien k\u00f6nnt ihr nicht nur einen unvergesslichen St\u00e4dtetrip verbringen, sondern auch am Strand entspannen oder in der<\/p>\n","protected":false},"author":3,"featured_media":32098,"comment_status":"closed","ping_status":"open","sticky":false,"template":"","format":"standard","meta":{"footnotes":""},"categories":[697],"tags":[572,610,505],"class_list":{"0":"post-32045","1":"post","2":"type-post","3":"status-publish","4":"format-standard","5":"has-post-thumbnail","7":"category-reisetipps","8":"tag-belgien","9":"tag-straende","10":"tag-strandurlaub"},"_links":{"self":[{"href":"https:\/\/www.sonnenklar.tv\/blog\/wp-json\/wp\/v2\/posts\/32045","targetHints":{"allow":["GET"]}}],"collection":[{"href":"https:\/\/www.sonnenklar.tv\/blog\/wp-json\/wp\/v2\/posts"}],"about":[{"href":"https:\/\/www.sonnenklar.tv\/blog\/wp-json\/wp\/v2\/types\/post"}],"author":[{"embeddable":true,"href":"https:\/\/www.sonnenklar.tv\/blog\/wp-json\/wp\/v2\/users\/3"}],"replies":[{"embeddable":true,"href":"https:\/\/www.sonnenklar.tv\/blog\/wp-json\/wp\/v2\/comments?post=32045"}],"version-history":[{"count":14,"href":"https:\/\/www.sonnenklar.tv\/blog\/wp-json\/wp\/v2\/posts\/32045\/revisions"}],"predecessor-version":[{"id":36996,"href":"https:\/\/www.sonnenklar.tv\/blog\/wp-json\/wp\/v2\/posts\/32045\/revisions\/36996"}],"wp:featuredmedia":[{"embeddable":true,"href":"https:\/\/www.sonnenklar.tv\/blog\/wp-json\/wp\/v2\/media\/32098"}],"wp:attachment":[{"href":"https:\/\/www.sonnenklar.tv\/blog\/wp-json\/wp\/v2\/media?parent=32045"}],"wp:term":[{"taxonomy":"category","embeddable":true,"href":"https:\/\/www.sonnenklar.tv\/blog\/wp-json\/wp\/v2\/categories?post=32045"},{"taxonomy":"post_tag","embeddable":true,"href":"https:\/\/www.sonnenklar.tv\/blog\/wp-json\/wp\/v2\/tags?post=32045"}],"curies":[{"name":"wp","href":"https:\/\/api.w.org\/{rel}","templated":true}]}}