{"id":31826,"date":"2024-09-27T12:22:56","date_gmt":"2024-09-27T11:22:56","guid":{"rendered":"https:\/\/www.sonnenklar.tv\/blog\/?p=31826"},"modified":"2026-02-19T10:33:13","modified_gmt":"2026-02-19T09:33:13","slug":"schoenste-seen-europa","status":"publish","type":"post","link":"https:\/\/www.sonnenklar.tv\/blog\/reisetipps\/schoenste-seen-europa\/","title":{"rendered":"Die sch\u00f6nsten Seen Europas: Wasserzauber fernab des Meeres"},"content":{"rendered":"\n<p><strong>\u201eWenn ich den See seh\u00b4, brauche ich kein Meer mehr\u201c, sagt ein Sprichwort. Eine sehr kluge Weisheit, denn gerade Europa beheimatet zahllose Binnengew\u00e4sser, die es in vielerlei Hinsicht mit den \u201esieben Weltmeeren\u201c aufnehmen k\u00f6nnen: Der Freizeitwert ist an den idyllischen Seeufern oftmals noch facettenreicher, die umgebende Natur charaktervoller und das Wasser bisweilen sogar klarer und sauberer<\/strong>.<\/p>\n\n\n\n<p>Wir zeigen euch im folgenden Beitrag, warum es lohnenswert sein kann, sich \u201eauf zu neuen (See-)Ufern\u201c zu machen, wo ihr die sch\u00f6nsten Seen des Kontinents findet, was ihr dort erleben k\u00f6nnt und was die Umgebung der Gew\u00e4sser so zu bieten hat. Bereit? Mediterraner Charme, alpiner Glanz und idyllische Landschaften erwarten euch bei unserer Reise zu den sch\u00f6nsten Seen Europas \u2013 gebt euch einfach eurer \u201eSeensucht\u201c hin.<\/p>\n\n\n\n<p><strong>Inhaltsverzeichnis<\/strong><\/p>\n\n\n\n<ul class=\"wp-block-list\">\n<li><strong>Bunte Vielfalt, spannende M\u00f6glichkeiten: So sch\u00f6n ist es am See<\/strong>\n<ul class=\"wp-block-list\">\n<li><a href=\"#europa-see-gardasee\">Gardasee: Klassiker in \u201eBella Italia\u201c<\/a><\/li>\n\n\n\n<li><a href=\"#europa-seen-annecy\">Lac d\u00b4Annecy: Frankreichs Juwel in Gr\u00fcn<\/a><\/li>\n\n\n\n<li><a href=\"#europa-see-attersee\">Attersee: Natur-Perle zwischen den Gipfeln<\/a><\/li>\n\n\n\n<li><a href=\"#europa-seen-zuerich\">Z\u00fcrichsee: Eine magische Fusion<\/a><\/li>\n\n\n\n<li><a href=\"#europa-see-viewaldstaetter-see\">Vierwaldst\u00e4dtersee: Charaktervolle Panoramen<\/a><\/li>\n\n\n\n<li><a href=\"#see-europa-chiemsee\">Chiemsee: Bayerische Idylle, spannendes Erleben<\/a><\/li>\n\n\n\n<li><a href=\"#europa-see-vaenern\">V\u00e4nern: Der schwedische Riese<\/a><\/li>\n<\/ul>\n<\/li>\n\n\n\n<li><strong>H\u00e4ufig gestellte Fragen zu Europas Seen<\/strong>\n<ul class=\"wp-block-list\">\n<li><a href=\"#seen-europa\">Welche Seen gibt es in Europa?<\/a><\/li>\n\n\n\n<li><a href=\"#sauberste-seen-europa\">Welches ist der sauberste See Europas?<\/a><\/li>\n\n\n\n<li><a href=\"#gr\u00f6sster-seen-europa\">Welcher See ist der gr\u00f6\u00dfte in Mitteleuropa?<\/a><\/li>\n<\/ul>\n<\/li>\n<\/ul>\n\n\n\n<h2 class=\"wp-block-heading\">Das Wichtigste im \u00dcberblick<\/h2>\n\n\n\n<ul class=\"wp-block-list\">\n<li>Bedingt durch seine geologische Historie ist Europa ein <strong>\u201eKontinent der Seen\u201c<\/strong>, wobei sich speziell im alpinen Raum und Skandinavien eine Zentrierung befindet.<\/li>\n\n\n\n<li>Die <strong>nat\u00fcrliche Vielfalt<\/strong> der umgebenden Landschaften wirkt grenzenlos, sodass die Gew\u00e4sser beispielsweise inmitten von rauen Gebirgsmassiven, weiten Steppenlandschaften oder mediterranen Bergen liegen.<\/li>\n\n\n\n<li>Entlang der Seen findet ihr h\u00e4ufig ein breites <strong>kulturelles Angebot und Aktivm\u00f6glichkeiten<\/strong> vor, zudem liegen oftmals sehenswerte Ortschaften oder spannende St\u00e4dte in der N\u00e4he der K\u00fcsten.<\/li>\n<\/ul>\n\n\n\n<h2 class=\"wp-block-heading\" id=\"so-schoen-ist-es-am-see\">Bunte Vielfalt, spannende M\u00f6glichkeiten: So sch\u00f6n ist es am See<\/h2>\n\n\n\n<p>In allen Teilen Europas warten malerische Seen in atemberaubender Lage nur darauf, von euch entdeckt zu werden. Besonders einzigartig macht die Gew\u00e4sser der Umstand, dass sie euch etliche Optionen f\u00fcr einen gleicherma\u00dfen erholsamen wie vielseitigen Aufenthalt offenbaren. Urlaub am See? Aber sicher doch!<\/p>\n\n\n\n<h3 class=\"wp-block-heading\" id=\"europa-see-gardasee\">1. Gardasee: Klassiker in \u201eBella Italia\u201c<\/h3>\n\n\n\n<p>Jenseits der Alpen liegt mit Italien ein wundersch\u00f6ner Sehnsuchtsort mit mediterraner Aura und atemberaubenden Highlights. Der \u201eStiefel\u201c wird urlaubstechnisch gern auf seine K\u00fcsten begrenzt, doch das ist nur die halbe Wahrheit! Der Gardasee liegt umgeben von den s\u00fcdlichen Ausl\u00e4ufern des alpinen Gebirges in Oberitalien und beheimatet entlang seiner <strong>vertr\u00e4umten Uferpromenaden und urigen Str\u00e4nden<\/strong>, alles, was wir an Italien so sehr lieben: Pittoreske D\u00f6rfchen, romantische Gassen, charaktervolle St\u00e4dte und viel Genuss, <strong>Kulinarik und \u201eDolce Vita\u201c<\/strong>. Doch das ist noch nicht alles. <strong>&nbsp;<\/strong><\/p>\n\n\n\n<figure class=\"wp-block-image size-large\"><a href=\"https:\/\/www.sonnenklar.tv\/blog\/wp-content\/uploads\/2024\/09\/GettyImages-812713270-Malcesine-Gardasee_2153435.jpg\"><img fetchpriority=\"high\" decoding=\"async\" width=\"880\" height=\"450\" src=\"https:\/\/www.sonnenklar.tv\/blog\/wp-content\/uploads\/2024\/09\/GettyImages-812713270-Malcesine-Gardasee_2153435.jpg\" alt=\"Blick auf den Gardasee mit Bergen im Hintergund und den Ort Malcesine\" class=\"wp-image-31861\" srcset=\"https:\/\/www.sonnenklar.tv\/blog\/wp-content\/uploads\/2024\/09\/GettyImages-812713270-Malcesine-Gardasee_2153435.jpg 880w, https:\/\/www.sonnenklar.tv\/blog\/wp-content\/uploads\/2024\/09\/GettyImages-812713270-Malcesine-Gardasee_2153435-800x409.jpg 800w, https:\/\/www.sonnenklar.tv\/blog\/wp-content\/uploads\/2024\/09\/GettyImages-812713270-Malcesine-Gardasee_2153435-120x61.jpg 120w, https:\/\/www.sonnenklar.tv\/blog\/wp-content\/uploads\/2024\/09\/GettyImages-812713270-Malcesine-Gardasee_2153435-90x46.jpg 90w, https:\/\/www.sonnenklar.tv\/blog\/wp-content\/uploads\/2024\/09\/GettyImages-812713270-Malcesine-Gardasee_2153435-320x164.jpg 320w, https:\/\/www.sonnenklar.tv\/blog\/wp-content\/uploads\/2024\/09\/GettyImages-812713270-Malcesine-Gardasee_2153435-560x286.jpg 560w\" sizes=\"(max-width: 880px) 100vw, 880px\" \/><\/a><figcaption class=\"wp-element-caption\">Der Gardasee bietet euch traumhafte Ausblicke<\/figcaption><\/figure>\n\n\n\n<p>Im Sommer wird am Gardasee wirklich jeder Flecken f\u00fcr sportliche Aktivit\u00e4ten genutzt. Nat\u00fcrlich vor allem der See selbst, der ein <strong>Eldorado f\u00fcr Surfer<\/strong> ist. Mal bl\u00e4st der Wind aus Norden, dann wird er Vento genannt, mal aus dem S\u00fcden, dann hei\u00dft er Ora. Es gibt viele Orte am See, von denen ihr je nach K\u00f6nnen starten k\u00f6nnt. Ihr seid keine Wasserratten? Das am n\u00f6rdlichen Ufer des Gardasees gelegene Riva ist ein wahres <strong>Paradies f\u00fcr Kletterer<\/strong>, Radfahrer kommen auf den zahllosen Berg-Routen und Uferstra\u00dfen (offenbaren jeweils spektakul\u00e4re Ausblicke auf den See) voll auf ihre Kosten.<\/p>\n\n\n[otw_shortcode_info_box border_type=&#8220;bordered&#8220; border_color_class=&#8220;otw-orange-border&#8220; border_style=&#8220;bordered&#8220;]<strong>Info:<\/strong> Erlebt den Gardasee hautnah und findet unter unseren Angeboten den <a href=\"https:\/\/www.sonnenklar.tv\/promo\/urlaub-gardasee.html\" target=\"_blank\" rel=\"noopener\">Gardasee Urlaub<\/a> eurer Tr\u00e4ume![\/otw_shortcode_info_box]\n\n\n\n<h3 class=\"wp-block-heading\" id=\"europa-seen-annecy\">2. Lac d\u00b4Annecy: Frankreichs Juwel in Gr\u00fcn<\/h3>\n\n\n\n<p>Auch Italiens nordwestlicher Nachbar Frankreich kann einen der sch\u00f6nsten Seen Europas sein Eigen nennen: Circa zwei Autostunden \u00f6stlich der Metropolregion Lyon liegt <strong>inmitten der Bergz\u00fcge<\/strong> der franz\u00f6sischen Alpen der Lac d\u00b4Annecy, der von mehreren Gebirgsfl\u00fcssen gespeist wird. Dementsprechend klar und sauber ist das Wasser des sechstgr\u00f6\u00dften Sees Frankreichs, der sogar als der <strong>\u201esauberste See Europas\u201c<\/strong> vermarktet wird. Eine Besonderheit des Lac d\u00b4Annecy ist das gr\u00fcnlich-t\u00fcrkis schimmernde Wasser, das mit dem tiefen Gr\u00fcn der umgebenden Bergw\u00e4lder eine fast schon <strong>surreal-magische Aura<\/strong> erzeugt.<\/p>\n\n\n\n<figure class=\"wp-block-image size-large\"><a href=\"https:\/\/www.sonnenklar.tv\/blog\/wp-content\/uploads\/2024\/09\/GettyImages-177255386.jpg\"><img decoding=\"async\" width=\"880\" height=\"450\" src=\"https:\/\/www.sonnenklar.tv\/blog\/wp-content\/uploads\/2024\/09\/GettyImages-177255386.jpg\" alt=\"Landschaftsblick vom See von Annecy in Haute Savoie in den franz\u00f6sischen Alpen\" class=\"wp-image-31863\" srcset=\"https:\/\/www.sonnenklar.tv\/blog\/wp-content\/uploads\/2024\/09\/GettyImages-177255386.jpg 880w, https:\/\/www.sonnenklar.tv\/blog\/wp-content\/uploads\/2024\/09\/GettyImages-177255386-800x409.jpg 800w, https:\/\/www.sonnenklar.tv\/blog\/wp-content\/uploads\/2024\/09\/GettyImages-177255386-120x61.jpg 120w, https:\/\/www.sonnenklar.tv\/blog\/wp-content\/uploads\/2024\/09\/GettyImages-177255386-90x46.jpg 90w, https:\/\/www.sonnenklar.tv\/blog\/wp-content\/uploads\/2024\/09\/GettyImages-177255386-320x164.jpg 320w, https:\/\/www.sonnenklar.tv\/blog\/wp-content\/uploads\/2024\/09\/GettyImages-177255386-560x286.jpg 560w\" sizes=\"(max-width: 880px) 100vw, 880px\" \/><\/a><figcaption class=\"wp-element-caption\">Wie w\u00e4re es mit einer Bootsfahrt auf dem See?<\/figcaption><\/figure>\n\n\n\n<p>Entlang der Ufer des langgezogenen Gew\u00e4ssers findet ihr urige Str\u00e4nde, gepflegte Promenaden, unz\u00e4hlige Bootsstege und <strong>mediterran anmutende, idyllische D\u00f6rfer<\/strong> mit franz\u00f6sischem Flair. Wenn ihr nicht nur baden oder entspannen wollt wie \u201eGott in Frankreich\u201c, habt ihr die M\u00f6glichkeit, die Umgebung des Sees aktiv zu erkunden: Die Uferstra\u00dfen sind f\u00fcr Radtouren wie gemacht und die benachbarten Bergz\u00fcge sind von zahlreichen Wanderpfaden durchzogen; am \u00f6stlichen Ufer liegt nahe der Ortschaft Talloires eine Felswand, die bei Kletterern aus ganz Europa beliebt ist. Nicht verpassen solltet ihr einen Besuch der namensgebenden <strong>Stadt Annecy<\/strong> am Nordufer: Die 130.000 Einwohner Stadt ist von Kan\u00e4len durchzogen und beheimatet historische Sehensw\u00fcrdigkeiten, <strong>romantische Gassen und belebte Pl\u00e4tze<\/strong>.<\/p>\n\n\n\n<h3 class=\"wp-block-heading\" id=\"europa-see-attersee\">3. Attersee: Natur-Perle zwischen den Gipfeln<\/h3>\n\n\n\n<p>Dass man zum Tauchen nicht ans Meer muss, beweist der Attersee auf ganz besondere Art und Weise: Dank seines <strong>kristallklaren Wassers<\/strong>, das je nach Wetterlage in tiefem Blau oder hellem T\u00fcrkis erstrahlt, ist der gr\u00f6\u00dfte See \u00d6sterreichs ein ebenso attraktives wie <strong>beliebtes Tauchrevier<\/strong> \u2013 unter der Oberfl\u00e4che des Wassers habt ihr eine atemberaubende Sicht auf die bunte Tier- und Pflanzenvielfalt der Unterwasserwelt des Sees. Doch auch \u00fcber dem Wasser ist vor dem majest\u00e4tischen Bergpanorama einiges geboten, denn der Attersee gilt als DER \u00f6sterreichische <strong>\u201eplace to be\u201c f\u00fcr Segler<\/strong>.<\/p>\n\n\n\n<figure class=\"wp-block-image size-large\"><a href=\"https:\/\/www.sonnenklar.tv\/blog\/wp-content\/uploads\/2024\/09\/GettyImages-474841476-Attersee_4320422.jpg\"><img decoding=\"async\" width=\"880\" height=\"450\" src=\"https:\/\/www.sonnenklar.tv\/blog\/wp-content\/uploads\/2024\/09\/GettyImages-474841476-Attersee_4320422.jpg\" alt=\"Attersee mit kristallklarem Wasser und Alpen im Hintergrund\" class=\"wp-image-31865\" srcset=\"https:\/\/www.sonnenklar.tv\/blog\/wp-content\/uploads\/2024\/09\/GettyImages-474841476-Attersee_4320422.jpg 880w, https:\/\/www.sonnenklar.tv\/blog\/wp-content\/uploads\/2024\/09\/GettyImages-474841476-Attersee_4320422-800x409.jpg 800w, https:\/\/www.sonnenklar.tv\/blog\/wp-content\/uploads\/2024\/09\/GettyImages-474841476-Attersee_4320422-120x61.jpg 120w, https:\/\/www.sonnenklar.tv\/blog\/wp-content\/uploads\/2024\/09\/GettyImages-474841476-Attersee_4320422-90x46.jpg 90w, https:\/\/www.sonnenklar.tv\/blog\/wp-content\/uploads\/2024\/09\/GettyImages-474841476-Attersee_4320422-320x164.jpg 320w, https:\/\/www.sonnenklar.tv\/blog\/wp-content\/uploads\/2024\/09\/GettyImages-474841476-Attersee_4320422-560x286.jpg 560w\" sizes=\"(max-width: 880px) 100vw, 880px\" \/><\/a><figcaption class=\"wp-element-caption\">Taucht ein in kristallklares Wasser<\/figcaption><\/figure>\n\n\n\n<p>Fernab des Sees locken Bergpfade, W\u00e4lder und H\u00fcgel zum Wandern und aktiven Erkunden. Highlight ist dabei eine Tour durch das <strong>Dachsteingebirge<\/strong>, das Teil des Salzkammerguts ist und damit in einer der sch\u00f6nsten Landschaften \u00d6sterreichs liegt. Gerade wenn ihr einen Urlaub mit dem Camper plant, findet man dort viele wundersch\u00f6ne <strong>Pl\u00e4tze direkt am See<\/strong>. Dann k\u00f6nnt ihr allabendlich die Sonne beobachten, wie sie sich feuerrot im Wasser spiegelt, ehe sie hinter den Gipfeln verschwindet \u2013 ein bezaubernder Anblick und pures \u201eAlpengl\u00fchen\u201c.<\/p>\n\n\n\n<h3 class=\"wp-block-heading\">4. Z\u00fcrichsee: Eine magische Fusion<\/h3>\n\n\n\n<p id=\"europa-seen-zuerich\">In der benachbarten Schweiz prallen bei Z\u00fcrich auf ebenso faszinierende wie bet\u00f6rende Art gegens\u00e4tzliche Welten aufeinander: Auf der einen Seite habt ihr die gr\u00f6\u00dfte Stadt des Landes und ihre urban-vorst\u00e4dtischen Ausl\u00e4ufer, auf der anderen ein gr\u00fcne und bergige <strong>Schweizer \u201eBilderbuchlandschaft\u201c<\/strong>, in deren Mitte der 40 Kilometer lange und recht schmale Z\u00fcrichsee eingebettet ist. Dass diese scheinbar gegens\u00e4tzlichen Pole perfekt harmonieren, seht ihr im S\u00fcden der <strong>Z\u00fcricher Altstadt<\/strong>, wo der <strong>Fluss Limmat<\/strong> den tiefblauen See verl\u00e4sst: Hier habt ihr von der Muster- und Quaibr\u00fccke gleicherma\u00dfen einen einmaligen Panoramablick auf den \u201eZ\u00fcrisee\u201c sowie die historischen <strong>Bauwerke entlang des Kanalufers<\/strong> \u2013 hier erhebt sich unter anderem die markante Spitze der Kirche Fraum\u00fcnster in den Himmel.<\/p>\n\n\n\n<figure class=\"wp-block-image size-large\"><a href=\"https:\/\/www.sonnenklar.tv\/blog\/wp-content\/uploads\/2024\/09\/GettyImages-664209528_Zu\u0308rich_2091070.jpg\"><img loading=\"lazy\" decoding=\"async\" width=\"880\" height=\"450\" src=\"https:\/\/www.sonnenklar.tv\/blog\/wp-content\/uploads\/2024\/09\/GettyImages-664209528_Zu\u0308rich_2091070.jpg\" alt=\"Panoramablick auf das historische Stadtzentrum von Z\u00fcrich mit den ber\u00fchmten Kirchen Fraum\u00fcnster und Gro\u00dfm\u00fcnster und dem Fluss Limmat am Z\u00fcrichsee an einem sonnigen Tag mit Wolken im Sommer, Kanton Z\u00fcrich, Schweiz\" class=\"wp-image-31869\" srcset=\"https:\/\/www.sonnenklar.tv\/blog\/wp-content\/uploads\/2024\/09\/GettyImages-664209528_Zu\u0308rich_2091070.jpg 880w, https:\/\/www.sonnenklar.tv\/blog\/wp-content\/uploads\/2024\/09\/GettyImages-664209528_Zu\u0308rich_2091070-800x409.jpg 800w, https:\/\/www.sonnenklar.tv\/blog\/wp-content\/uploads\/2024\/09\/GettyImages-664209528_Zu\u0308rich_2091070-120x61.jpg 120w, https:\/\/www.sonnenklar.tv\/blog\/wp-content\/uploads\/2024\/09\/GettyImages-664209528_Zu\u0308rich_2091070-90x46.jpg 90w, https:\/\/www.sonnenklar.tv\/blog\/wp-content\/uploads\/2024\/09\/GettyImages-664209528_Zu\u0308rich_2091070-320x164.jpg 320w, https:\/\/www.sonnenklar.tv\/blog\/wp-content\/uploads\/2024\/09\/GettyImages-664209528_Zu\u0308rich_2091070-560x286.jpg 560w\" sizes=\"(max-width: 880px) 100vw, 880px\" \/><\/a><figcaption class=\"wp-element-caption\">Verbindet euren St\u00e4dtetrip in Z\u00fcrich mit einem Ausflug zum See<\/figcaption><\/figure>\n\n\n\n<p>Ihr seht also, dass dieses Schweizer Gew\u00e4ssers aufgrund seiner vielf\u00e4ltigen M\u00f6glichkeiten zu den sch\u00f6nsten Seen Europas z\u00e4hlt. Wenn es euch zwischen Shoppen, Sightseeing und Flanieren durch die historischen Gassen zu hei\u00df wird, k\u00f6nnt ihr an vielen Stellen zur Erfrischung in den See h\u00fcpfen. Besonders einzigartig geht das am <strong>Seebad Utqaui<\/strong>, ein nostalgisches h\u00f6lzernes Bauwerk mit zahlreichen Stegen und Plattformen, an denen ihr euch Sonnen k\u00f6nnt oder \u00fcber Leitern und Sprungbrettern den Weg ist saubere Wasser des Z\u00fcrichsees findet.<\/p>\n\n\n[otw_shortcode_info_box border_type=&#8220;bordered&#8220; border_color_class=&#8220;otw-orange-border&#8220; border_style=&#8220;bordered&#8220;]<strong>Info:<\/strong> Ihr wollte den Z\u00fcrichsee erkunden? Hier findet hier sch\u00f6ne Angebote f\u00fcr <a href=\"https:\/\/www.sonnenklar.tv\/promo\/hotels\/hotels-zuerich.html\" target=\"_blank\" rel=\"noopener\">Hotels in Z\u00fcrich<\/a>.[\/otw_shortcode_info_box]\n\n\n\n<h3 class=\"wp-block-heading\" id=\"europa-see-viewaldstaetter-see\">5. Vierwaldst\u00e4dtersee: Charaktervolle Panoramen<\/h3>\n\n\n\n<p>Dass die Schweiz eine echte \u201eSee Nation\u201c ist, zeigt sich daran, dass es mit dem Vierwaldst\u00e4dtersee gleich ein zweites Gew\u00e4sser der Eidgenossenschaft in unsere Liste geschafft hat. Der Vierwaldst\u00e4ttersee liegt circa 40 Kilometer s\u00fcdlich des Z\u00fcrichsees im Grenzgebiet der Kantone Luzern, Schwyz, Nidwalden, Uri und Obwalden. Durch seine <strong>einzigartige Form<\/strong> durchzieht das Gew\u00e4sser die umherliegenden Wiesen-, H\u00fcgel- und Berglandschaften fast fjordartig \u2013 ein Umstand, der euch speziell bei einer Bootsrundfahrt (diese werden an allen gr\u00f6\u00dferen Ortschaften am Ufer angeboten) <strong>unvergleichliche Naturpanoramen<\/strong> offenbart: Idyllische Auen und T\u00e4ler wechseln sich mit schroffen Felsformationen ab; und das satte Gr\u00fcn der flankierenden Berge erzeugt einen Charme, der euch unweigerlich an die schottischen Highlands denken lassen wird.<\/p>\n\n\n\n<figure class=\"wp-block-image size-large\"><a href=\"https:\/\/www.sonnenklar.tv\/blog\/wp-content\/uploads\/2024\/09\/GettyImages-999250282_3490145.jpg\"><img loading=\"lazy\" decoding=\"async\" width=\"880\" height=\"450\" src=\"https:\/\/www.sonnenklar.tv\/blog\/wp-content\/uploads\/2024\/09\/GettyImages-999250282_3490145.jpg\" alt=\"Bunte H\u00e4user und Fluss in Luzern, Schweiz\" class=\"wp-image-31872\" srcset=\"https:\/\/www.sonnenklar.tv\/blog\/wp-content\/uploads\/2024\/09\/GettyImages-999250282_3490145.jpg 880w, https:\/\/www.sonnenklar.tv\/blog\/wp-content\/uploads\/2024\/09\/GettyImages-999250282_3490145-800x409.jpg 800w, https:\/\/www.sonnenklar.tv\/blog\/wp-content\/uploads\/2024\/09\/GettyImages-999250282_3490145-120x61.jpg 120w, https:\/\/www.sonnenklar.tv\/blog\/wp-content\/uploads\/2024\/09\/GettyImages-999250282_3490145-90x46.jpg 90w, https:\/\/www.sonnenklar.tv\/blog\/wp-content\/uploads\/2024\/09\/GettyImages-999250282_3490145-320x164.jpg 320w, https:\/\/www.sonnenklar.tv\/blog\/wp-content\/uploads\/2024\/09\/GettyImages-999250282_3490145-560x286.jpg 560w\" sizes=\"(max-width: 880px) 100vw, 880px\" \/><\/a><figcaption class=\"wp-element-caption\">Genie\u00dft das malerische Stadtbild von Luzern<\/figcaption><\/figure>\n\n\n\n<p>Am Vierwaldst\u00e4ttersee k\u00f6nnt ihr vielseitig <strong>sportlich aktiv<\/strong> werden, wobei das Angebot von Surfen \u00fcber Windsegeln und Rudern bis hin zu Tauchen reicht. Die Uferstra\u00dfen sind indes f\u00fcr ausgiebige Bike-Touren wie gemacht, w\u00e4hrend die schneebedeckten Bergmassive am Ost-Teil des Sees zu Wanderungen verf\u00fchren. Das bekannteste kulturelle \u201eMust-See\u201c am Vierwaldst\u00e4ttersee ist die am Westufer gelegene Gro\u00dfstadt <strong>Luzern<\/strong>, die in ihrem mittelalterlichen Ortskern Sehensw\u00fcrdigkeiten wie die <strong>Kapellbr\u00fccke<\/strong>, die Museggmauer oder die bedeutende Renaissancekirche St. Leodegar im Hof beheimatet.<\/p>\n\n\n\n<h3 class=\"wp-block-heading\" id=\"see-europa-chiemsee\">6. Chiemsee: Bayerische Idylle, spannendes Erleben<\/h3>\n\n\n\n<p>Unser n\u00e4chster See f\u00fchrt uns zur\u00fcck \u00fcber die Alpen, wo ihr in der oberbayerischen Kulturlandschaft Chiemgau das sogenannte <strong>\u201eBayerische Meer\u201c<\/strong> antreffen k\u00f6nnt: Der Chiemsee ist der drittgr\u00f6\u00dfte See Deutschlands und ist ein ideales Urlaubsziel f\u00fcr Kurzreisen, da er gleicherma\u00dfen gut mit dem Zug und dem Auto erreichbar ist (Lage: circa 90 Kilometer s\u00fcd\u00f6stlich von M\u00fcnchen). Das <strong>tiefe Blau des Wassers<\/strong> und dessen endlose Weiten laden euch an mehreren urigen K\u00fcstenabschnitten und <strong>idyllischen Strandb\u00e4dern<\/strong> zum Schwimmen und entspannen ein, auch Segeln, Kiten, Surfen, \u201eSUPen\u201c und Angeln sind m\u00f6glich. Abgerundet werden die Vorz\u00fcge des Sees von der nat\u00fcrlichen Umgebung, die alle Klischees und Vorstellungen von Bayern erf\u00fcllt!<\/p>\n\n\n\n<figure class=\"wp-block-image size-large\"><a href=\"https:\/\/www.sonnenklar.tv\/blog\/wp-content\/uploads\/2024\/09\/GettyImages-1350028862.jpg\"><img loading=\"lazy\" decoding=\"async\" width=\"880\" height=\"450\" src=\"https:\/\/www.sonnenklar.tv\/blog\/wp-content\/uploads\/2024\/09\/GettyImages-1350028862.jpg\" alt=\"Blick vom Berg Kampenwand auf den Chiemsee\" class=\"wp-image-31874\" srcset=\"https:\/\/www.sonnenklar.tv\/blog\/wp-content\/uploads\/2024\/09\/GettyImages-1350028862.jpg 880w, https:\/\/www.sonnenklar.tv\/blog\/wp-content\/uploads\/2024\/09\/GettyImages-1350028862-800x409.jpg 800w, https:\/\/www.sonnenklar.tv\/blog\/wp-content\/uploads\/2024\/09\/GettyImages-1350028862-120x61.jpg 120w, https:\/\/www.sonnenklar.tv\/blog\/wp-content\/uploads\/2024\/09\/GettyImages-1350028862-90x46.jpg 90w, https:\/\/www.sonnenklar.tv\/blog\/wp-content\/uploads\/2024\/09\/GettyImages-1350028862-320x164.jpg 320w, https:\/\/www.sonnenklar.tv\/blog\/wp-content\/uploads\/2024\/09\/GettyImages-1350028862-560x286.jpg 560w\" sizes=\"(max-width: 880px) 100vw, 880px\" \/><\/a><figcaption class=\"wp-element-caption\">Vom Berg habt ihr einen atemberaubenden Ausblick<\/figcaption><\/figure>\n\n\n\n<p>Wenn ihr den See mal von oben betrachten m\u00f6chtet, fahrt ihr mit der Seilbahn auf einen der umliegenden Berge, wie zum Beispiel die <strong>Kampenwand<\/strong>. Ein paar Tage Wandern ist auch eine sch\u00f6ne Idee f\u00fcr einen Urlaub im Fr\u00fchling. \u00dcbernachtungsm\u00f6glichkeiten gibt es hier f\u00fcr jeden Geldbeutel. Vom Bauernhof mit Tieren \u00fcber die Ferienwohnung f\u00fcr Selbstversorger bis zum vier Sterne Hotel ist alles vorhanden. Absolute Pflicht ist am Chiemsee ein Besuch des wichtigsten Kultur-Schatzes der Region: Auf der Gr\u00f6\u00dften der drei Inseln, der Herreninsel, lie\u00df der bayerische \u201eM\u00e4rchenk\u00f6nig\u201c Ludwig II. einst das <strong>prachtvolle Schloss Herrenchiemsee<\/strong> errichten. Bestaunt hier die royalen Fassaden oder die pomp\u00f6sen Innenr\u00e4ume und flaniert im Anschluss durch den <strong>m\u00e4rchenhaften Schlosspark<\/strong> mit seinen Statuen und Springbrunnen.<\/p>\n\n\n[otw_shortcode_info_box border_type=&#8220;bordered&#8220; border_color_class=&#8220;otw-orange-border&#8220; border_style=&#8220;bordered&#8220;]<strong>Info:<\/strong> Hier entdeckt unsere tollen Angebote f\u00fcr <a href=\"https:\/\/www.sonnenklar.tv\/promo\/urlaub-chiemsee.html\" target=\"_blank\" rel=\"noopener\">Chiemsee Urlaub<\/a>![\/otw_shortcode_info_box]\n\n\n\n<h3 class=\"wp-block-heading\" id=\"europa-see-vaenern\">7. V\u00e4nern: Der schwedische Riese<\/h3>\n\n\n\n<p>Die letzte Station unserer Reise zu den sch\u00f6nsten Seen Europas f\u00fchrt uns in den hohen Norden nach Skandinavien. Im S\u00fcdwesten Schwedens liegt hier der V\u00e4nern, der mit einer Fl\u00e4che von 5.519,1 Quadratkilometern der g<strong>r\u00f6\u00dfte See der Europ\u00e4ischen Union<\/strong> ist. Entlang der Ufer des gigantischen Binnengew\u00e4ssers k\u00f6nnt ihr eine <strong>endlose nat\u00fcrliche Sch\u00f6nheit<\/strong> entdecken: Zahllose Sch\u00e4ren werden von Wellen umtost, Fjorde ziehen sich malerisch ins Landesinnere und unber\u00fchrte Kiefer- und Tannenw\u00e4lder und zerkl\u00fcftete Felslandschaften sorgen f\u00fcr <strong>authentisch-nordischen Charme<\/strong>. Ihr habt die M\u00f6glichkeit, die Natur fernab der befestigten Wege und Stra\u00dfen querfeldein zu erkunden oder ihr startet eure Entdeckungstour zu Wasser und steuert die Str\u00e4nde und <strong>rustikal-charmanten Buchten <\/strong>mit einem Kanu oder Segelboot an.<\/p>\n\n\n\n<figure class=\"wp-block-image size-large\"><a href=\"https:\/\/www.sonnenklar.tv\/blog\/wp-content\/uploads\/2024\/09\/GettyImages-1192491443-Sweden-Va\u0308nern-lake_4309971.jpg\"><img loading=\"lazy\" decoding=\"async\" width=\"880\" height=\"450\" src=\"https:\/\/www.sonnenklar.tv\/blog\/wp-content\/uploads\/2024\/09\/GettyImages-1192491443-Sweden-Va\u0308nern-lake_4309971.jpg\" alt=\"Va\u0308nernsee in Schweden mit Felsen im Wasser\" class=\"wp-image-31876\" srcset=\"https:\/\/www.sonnenklar.tv\/blog\/wp-content\/uploads\/2024\/09\/GettyImages-1192491443-Sweden-Va\u0308nern-lake_4309971.jpg 880w, https:\/\/www.sonnenklar.tv\/blog\/wp-content\/uploads\/2024\/09\/GettyImages-1192491443-Sweden-Va\u0308nern-lake_4309971-800x409.jpg 800w, https:\/\/www.sonnenklar.tv\/blog\/wp-content\/uploads\/2024\/09\/GettyImages-1192491443-Sweden-Va\u0308nern-lake_4309971-120x61.jpg 120w, https:\/\/www.sonnenklar.tv\/blog\/wp-content\/uploads\/2024\/09\/GettyImages-1192491443-Sweden-Va\u0308nern-lake_4309971-90x46.jpg 90w, https:\/\/www.sonnenklar.tv\/blog\/wp-content\/uploads\/2024\/09\/GettyImages-1192491443-Sweden-Va\u0308nern-lake_4309971-320x164.jpg 320w, https:\/\/www.sonnenklar.tv\/blog\/wp-content\/uploads\/2024\/09\/GettyImages-1192491443-Sweden-Va\u0308nern-lake_4309971-560x286.jpg 560w\" sizes=\"(max-width: 880px) 100vw, 880px\" \/><\/a><figcaption class=\"wp-element-caption\">Malerischer Ausblick am See<\/figcaption><\/figure>\n\n\n\n<p>Im Hinterland von V\u00e4nern werdet ihr euch regelm\u00e4\u00dfig vorkommen wie in einer Astrid-Lindgren-Verfilmung, denn die ber\u00fchmten <strong>roten Holzh\u00fctten<\/strong> stehen fast so sehr f\u00fcr Schweden wie ein gewisser M\u00f6bel-Gigant. Um V\u00e4nern liegen <strong>zahlreiche Naturschutzgebiete<\/strong> wie den Nationalpark Djur\u00f6 oder das Naturreservat S\u00fcro, wo ihr den n\u00f6rdlichsten Buchenwald Europas durchwandern k\u00f6nnt. V\u00e4nern ist au\u00dferdem <strong>Heimat vieler Vogelarten<\/strong> wie den Seeschwalben, M\u00f6wen, Kormoranen, Sumpfh\u00fchnern oder Wasserrallen. Ihr seht schon: Wenn ihr Outdoor-Trips, ungez\u00e4hmte Landschaften und unverf\u00e4lschte Idylle liebt, solltet ihr V\u00e4nern unbedingt mal einen Besuch abstatten oder den See im Rahmen einer Schweden-Rundreise auf eure Agende nehmen.<\/p>\n\n\n\n<h2 class=\"wp-block-heading\" id=\"europa-see-faq\">H\u00e4ufig gestellte Fragen zu Europas Seen<\/h2>\n\n\n\n<p>Nach diesem Beitrag sind vielleicht noch einige Fragen offen und ihr wollt noch weitere Infos \u00fcber die Seen Europas haben, bevor ihr eure Reise antretet. Wir helfen euch mit Handkuss weiter.<\/p>\n\n\n\n<h3 class=\"wp-block-heading\" id=\"seen-europa\">Welche Seen gibt es in Europa?<\/h3>\n\n\n\n<p>Geologisch bedingt gibt es in Europa <strong>zahlreiche Arten von Seen<\/strong>, die von Gebirgsseen (speisen sich diese von einem Gletscher, werden sie Gletschersee genannt) \u00fcber Steppenseen bis hin zu Endseen (am Ende eines Stroms oder Flusses) reichen. Hinzu kommen menschengeschaffene Gew\u00e4sser in Form von <strong>Stauseen<\/strong>, die aber oftmals wunderbar mit ihrer nat\u00fcrlichen Umgebung harmonieren. Ein sch\u00f6nes Beispiel hierf\u00fcr w\u00e4re der <strong>Forggensee<\/strong> im bayerischen Allg\u00e4u.<\/p>\n\n\n\n<h3 class=\"wp-block-heading\" id=\"sauberste-seen-europa\">Welches ist der sauberste See Europas?<\/h3>\n\n\n\n<p>Als sauberster See Europas gilt der hier vorgestellte <strong>Lac d\u00b4Annecy<\/strong>, der seine Wasserqualit\u00e4t durch n\u00e4hrendes Gletscherwasser erreichte. Das franz\u00f6sische Fremdenverkehrsamt wirbt offiziell mit der einmaligen Sauberkeit des Wassers.<\/p>\n\n\n\n<h3 class=\"wp-block-heading\" id=\"gr\u00f6sster-see-mitteleuropa\">Welcher See ist der gr\u00f6\u00dfte in Mitteleuropa?<\/h3>\n\n\n\n<p>Der gr\u00f6\u00dfte See Mitteleuropas ist das <strong>Ijsselmeer <\/strong>in den Niederlanden, welches unweit der Nordseek\u00fcste durch den Bau eines Deichs entstand. Der gr\u00f6\u00dfte nat\u00fcrliche See liegt auf franz\u00f6sischem und schweizerischem Staatsgebiet \u2013 der <strong>Genfersee<\/strong>.<\/p>\n\n\n\n<h2 class=\"wp-block-heading\">Fazit zu den sch\u00f6nsten Seen Europas<\/h2>\n\n\n\n<p>Ihr seht also, dass ein Urlaub am See nicht nur eine tolle Abwechslung zum Badeurlaub am Meer ist, sondern auch f\u00fcr pure Vielfalt steht: Bei einem See-Urlaub geht es nie \u201enur\u201c um das saubere Wasser oder die sch\u00f6nen Str\u00e4nde, vielmehr runden die nat\u00fcrliche Umgebung, naheliegende Ortschaften und St\u00e4dte sowie kulturelle Sch\u00e4tze entlang der Seeufer euren Aufenthalt ganzheitlich ab. <\/p>\n\n\n[otw_shortcode_info_box border_type=&#8220;bordered&#8220; border_color_class=&#8220;otw-orange-border&#8220; border_style=&#8220;bordered&#8220;]<strong>Info:<\/strong> Ihr wollt m\u00f6glichst viele Seen entdecken? Dann werdet ihr  unter unseren Angeboten f\u00fcr <a href=\"https:\/\/www.sonnenklar.tv\/promo\/europa-rundreisen.html\" target=\"_blank\" rel=\"noopener\">Europa Rundreisen<\/a> sicherlich f\u00fcndig![\/otw_shortcode_info_box]\n","protected":false},"excerpt":{"rendered":"<p>\u201eWenn ich den See seh\u00b4, brauche ich kein Meer mehr\u201c, sagt ein Sprichwort. Eine sehr kluge Weisheit, denn gerade Europa beheimatet zahllose Binnengew\u00e4sser, die es in vielerlei Hinsicht mit den \u201esieben Weltmeeren\u201c aufnehmen k\u00f6nnen: Der Freizeitwert ist an den idyllischen Seeufern oftmals noch facettenreicher, die umgebende Natur charaktervoller und das Wasser bisweilen sogar klarer und<\/p>\n","protected":false},"author":3,"featured_media":31859,"comment_status":"closed","ping_status":"open","sticky":false,"template":"","format":"standard","meta":{"footnotes":""},"categories":[697],"tags":[604,575],"class_list":{"0":"post-31826","1":"post","2":"type-post","3":"status-publish","4":"format-standard","5":"has-post-thumbnail","7":"category-reisetipps","8":"tag-europa","9":"tag-seen"},"_links":{"self":[{"href":"https:\/\/www.sonnenklar.tv\/blog\/wp-json\/wp\/v2\/posts\/31826","targetHints":{"allow":["GET"]}}],"collection":[{"href":"https:\/\/www.sonnenklar.tv\/blog\/wp-json\/wp\/v2\/posts"}],"about":[{"href":"https:\/\/www.sonnenklar.tv\/blog\/wp-json\/wp\/v2\/types\/post"}],"author":[{"embeddable":true,"href":"https:\/\/www.sonnenklar.tv\/blog\/wp-json\/wp\/v2\/users\/3"}],"replies":[{"embeddable":true,"href":"https:\/\/www.sonnenklar.tv\/blog\/wp-json\/wp\/v2\/comments?post=31826"}],"version-history":[{"count":24,"href":"https:\/\/www.sonnenklar.tv\/blog\/wp-json\/wp\/v2\/posts\/31826\/revisions"}],"predecessor-version":[{"id":38393,"href":"https:\/\/www.sonnenklar.tv\/blog\/wp-json\/wp\/v2\/posts\/31826\/revisions\/38393"}],"wp:featuredmedia":[{"embeddable":true,"href":"https:\/\/www.sonnenklar.tv\/blog\/wp-json\/wp\/v2\/media\/31859"}],"wp:attachment":[{"href":"https:\/\/www.sonnenklar.tv\/blog\/wp-json\/wp\/v2\/media?parent=31826"}],"wp:term":[{"taxonomy":"category","embeddable":true,"href":"https:\/\/www.sonnenklar.tv\/blog\/wp-json\/wp\/v2\/categories?post=31826"},{"taxonomy":"post_tag","embeddable":true,"href":"https:\/\/www.sonnenklar.tv\/blog\/wp-json\/wp\/v2\/tags?post=31826"}],"curies":[{"name":"wp","href":"https:\/\/api.w.org\/{rel}","templated":true}]}}