{"id":31738,"date":"2024-09-26T08:42:34","date_gmt":"2024-09-26T07:42:34","guid":{"rendered":"https:\/\/www.sonnenklar.tv\/blog\/?p=31738"},"modified":"2026-02-19T10:35:07","modified_gmt":"2026-02-19T09:35:07","slug":"top-fotomotive-weltweit","status":"publish","type":"post","link":"https:\/\/www.sonnenklar.tv\/blog\/reisetipps\/top-fotomotive-weltweit\/","title":{"rendered":"Die 10 popul\u00e4rsten Fotomotive der Welt"},"content":{"rendered":"\n<p>Wer verreist, fotografiert viel. Und postet die Bilder h\u00e4ufig sofort. Via Twitter, Facebook und Instagram. Auch Panoramio, die Foto-Sharing-Plattform von Google, nutzen viele Urlauber, um mit Selfies vor den Sehensw\u00fcrdigkeiten zu beeindrucken. Versieht man die Fotos mit einem GeoTag, erscheinen sie bei Sightsmap, einem Service von Google Maps. Konzipiert ist Sightsmap als W\u00e4rmekarte. Die gelb leuchtenden Orte sind die Lieblingsmotive der Hobbyfotografen. Je dunkler die F\u00e4rbung, desto weniger interessant sind die Gegenden. Das ergibt ein spannendes, subjektives Bilder der Welt.<\/p>\n\n\n\n<h2 class=\"wp-block-heading\">Platz 1: New York: Solomon R. Guggenheim Museum<\/h2>\n\n\n\n<p>Der erste Platz ist eine \u00dcberraschung. Denkt man doch, die Freiheitsstatue w\u00e4re Schnappschuss Ziel Nummer eins in New York. Tats\u00e4chlich ist es aber das Guggenheim Museum, entworfen von dem amerikanischen Architekten Frank Lloyd Wright.<\/p>\n\n\n\n<figure class=\"wp-block-image size-large\"><a href=\"https:\/\/www.sonnenklar.tv\/blog\/wp-content\/uploads\/2024\/09\/Fotospot_NewYork_Guggenheim_Museum.jpg\"><img fetchpriority=\"high\" decoding=\"async\" width=\"831\" height=\"411\" src=\"https:\/\/www.sonnenklar.tv\/blog\/wp-content\/uploads\/2024\/09\/Fotospot_NewYork_Guggenheim_Museum.jpg\" alt=\"Beliebter Fotospot in New York, Guggenheim Museum\" class=\"wp-image-31742\" srcset=\"https:\/\/www.sonnenklar.tv\/blog\/wp-content\/uploads\/2024\/09\/Fotospot_NewYork_Guggenheim_Museum.jpg 831w, https:\/\/www.sonnenklar.tv\/blog\/wp-content\/uploads\/2024\/09\/Fotospot_NewYork_Guggenheim_Museum-800x396.jpg 800w, https:\/\/www.sonnenklar.tv\/blog\/wp-content\/uploads\/2024\/09\/Fotospot_NewYork_Guggenheim_Museum-120x59.jpg 120w, https:\/\/www.sonnenklar.tv\/blog\/wp-content\/uploads\/2024\/09\/Fotospot_NewYork_Guggenheim_Museum-90x45.jpg 90w, https:\/\/www.sonnenklar.tv\/blog\/wp-content\/uploads\/2024\/09\/Fotospot_NewYork_Guggenheim_Museum-320x158.jpg 320w, https:\/\/www.sonnenklar.tv\/blog\/wp-content\/uploads\/2024\/09\/Fotospot_NewYork_Guggenheim_Museum-560x277.jpg 560w\" sizes=\"(max-width: 831px) 100vw, 831px\" \/><\/a><figcaption>Der meistfotografierte Spot in New York? Das Guggenheim Museum<\/figcaption><\/figure>\n\n\n[otw_shortcode_info_box border_type=&#8220;bordered&#8220; border_color_class=&#8220;otw-orange-border&#8220; border_style=&#8220;bordered&#8220;]Hat euch das Reisefieber gepackt? Wie w\u00e4re es mit einer <a href=\"https:\/\/www.sonnenklar.tv\/urlaub.html\" target=\"_blank\" rel=\"noopener\">St\u00e4dtereise nach New York<\/a>?[\/otw_shortcode_info_box]\n\n\n\n<h2 class=\"wp-block-heading\">Platz 2: Rom, Santa Trinit\u00e0 dei Monti<\/h2>\n\n\n\n<p>Der zweite Platz geht an ein Motiv in der ewigen Stadt \u2013 Rom. Hier war die spanische Treppe mit der Kirche Trinit\u00e0 dei Monti sehr vielen Besuchern ein Foto wert.<\/p>\n\n\n\n<figure class=\"wp-block-image size-large\"><a href=\"https:\/\/www.sonnenklar.tv\/blog\/wp-content\/uploads\/2024\/09\/Fotospot-Rom-Santa-Trinita-dei-Monti.jpg\"><img decoding=\"async\" width=\"831\" height=\"500\" src=\"https:\/\/www.sonnenklar.tv\/blog\/wp-content\/uploads\/2024\/09\/Fotospot-Rom-Santa-Trinita-dei-Monti.jpg\" alt=\"Fotospot Rom, Kirche Santa Trinita dei Monti\" class=\"wp-image-31743\" srcset=\"https:\/\/www.sonnenklar.tv\/blog\/wp-content\/uploads\/2024\/09\/Fotospot-Rom-Santa-Trinita-dei-Monti.jpg 831w, https:\/\/www.sonnenklar.tv\/blog\/wp-content\/uploads\/2024\/09\/Fotospot-Rom-Santa-Trinita-dei-Monti-800x481.jpg 800w, https:\/\/www.sonnenklar.tv\/blog\/wp-content\/uploads\/2024\/09\/Fotospot-Rom-Santa-Trinita-dei-Monti-120x72.jpg 120w, https:\/\/www.sonnenklar.tv\/blog\/wp-content\/uploads\/2024\/09\/Fotospot-Rom-Santa-Trinita-dei-Monti-90x54.jpg 90w, https:\/\/www.sonnenklar.tv\/blog\/wp-content\/uploads\/2024\/09\/Fotospot-Rom-Santa-Trinita-dei-Monti-320x193.jpg 320w, https:\/\/www.sonnenklar.tv\/blog\/wp-content\/uploads\/2024\/09\/Fotospot-Rom-Santa-Trinita-dei-Monti-560x337.jpg 560w\" sizes=\"(max-width: 831px) 100vw, 831px\" \/><\/a><figcaption>Ein beliebter Schnappschuss in der ewigen Stadt Rom: Die spanische Treppe mit der Kirche Santa Trinit\u00e0 dei Monti im Hintergrund<\/figcaption><\/figure>\n\n\n[otw_shortcode_info_box border_type=&#8220;bordered&#8220; border_color_class=&#8220;otw-orange-border&#8220; border_style=&#8220;bordered&#8220;]Rom ist mit seiner reichhaltigen Geschichte eine Reise wert. Findet hier tolle Angebote f\u00fcr <a href=\"https:\/\/www.sonnenklar.tv\/promo\/staedtereisen-rom.html\" target=\"_blank\" rel=\"noopener\">Rom St\u00e4dtereisen<\/a>.[\/otw_shortcode_info_box]\n\n\n\n<h2 class=\"wp-block-heading\">Platz 3: Barcelona, Park G\u00fcell<\/h2>\n\n\n\n<p>Wir schauen nach Barcelona. Der Park G\u00fcell hat hier das Rennen gemacht. Sicher wegen der vielen bunten Figuren und geschwungenen Geb\u00e4ude, die der K\u00fcnstler Antoni Gaudi f\u00fcr seinen Stadtpark entworfen hat.<\/p>\n\n\n\n<figure class=\"wp-block-image size-large\"><a href=\"https:\/\/www.sonnenklar.tv\/blog\/wp-content\/uploads\/2024\/09\/Fotospot-Barcelona-Park-Guell.jpg\"><img decoding=\"async\" width=\"831\" height=\"500\" src=\"https:\/\/www.sonnenklar.tv\/blog\/wp-content\/uploads\/2024\/09\/Fotospot-Barcelona-Park-Guell.jpg\" alt=\"Fotospot Barcelona, Der Park G\u00fcell\" class=\"wp-image-31745\" srcset=\"https:\/\/www.sonnenklar.tv\/blog\/wp-content\/uploads\/2024\/09\/Fotospot-Barcelona-Park-Guell.jpg 831w, https:\/\/www.sonnenklar.tv\/blog\/wp-content\/uploads\/2024\/09\/Fotospot-Barcelona-Park-Guell-800x481.jpg 800w, https:\/\/www.sonnenklar.tv\/blog\/wp-content\/uploads\/2024\/09\/Fotospot-Barcelona-Park-Guell-120x72.jpg 120w, https:\/\/www.sonnenklar.tv\/blog\/wp-content\/uploads\/2024\/09\/Fotospot-Barcelona-Park-Guell-90x54.jpg 90w, https:\/\/www.sonnenklar.tv\/blog\/wp-content\/uploads\/2024\/09\/Fotospot-Barcelona-Park-Guell-320x193.jpg 320w, https:\/\/www.sonnenklar.tv\/blog\/wp-content\/uploads\/2024\/09\/Fotospot-Barcelona-Park-Guell-560x337.jpg 560w\" sizes=\"(max-width: 831px) 100vw, 831px\" \/><\/a><figcaption>Attraktives Fotomotiv in Barcelona ist der farbenfrohe Stadtpark des K\u00fcnstlers Antoni Gaudi. <\/figcaption><\/figure>\n\n\n[otw_shortcode_info_box border_type=&#8220;bordered&#8220; border_color_class=&#8220;otw-orange-border&#8220; border_style=&#8220;bordered&#8220;]Ihr habt Lust auf die spansiche Metropole?? Dann sind unsere <a href=\"https:\/\/www.sonnenklar.tv\/promo\/staedtereisen-barcelona.html\" target=\"_blank\" rel=\"noopener\">Barcelona-Angebote<\/a> genau das Richtige f\u00fcr euch.[\/otw_shortcode_info_box]\n\n\n\n<h3 class=\"wp-block-heading\">Platz 4: Paris, Moulin Rouge<\/h3>\n\n\n\n<p>Das ber\u00fchmte Variet\u00e9theater Moulin Rouge hat es auf Platz vier geschafft. Noch vor dem Louvre oder dem Eiffelturm.<\/p>\n\n\n\n<figure class=\"wp-block-image size-large\"><a href=\"https:\/\/www.sonnenklar.tv\/blog\/wp-content\/uploads\/2024\/09\/Fotospot-Paris-Le-Moulin-Rouge.jpg\"><img loading=\"lazy\" decoding=\"async\" width=\"831\" height=\"400\" src=\"https:\/\/www.sonnenklar.tv\/blog\/wp-content\/uploads\/2024\/09\/Fotospot-Paris-Le-Moulin-Rouge.jpg\" alt=\"Fotospot Paris, Le Moulin Rouge\" class=\"wp-image-31746\" srcset=\"https:\/\/www.sonnenklar.tv\/blog\/wp-content\/uploads\/2024\/09\/Fotospot-Paris-Le-Moulin-Rouge.jpg 831w, https:\/\/www.sonnenklar.tv\/blog\/wp-content\/uploads\/2024\/09\/Fotospot-Paris-Le-Moulin-Rouge-800x385.jpg 800w, https:\/\/www.sonnenklar.tv\/blog\/wp-content\/uploads\/2024\/09\/Fotospot-Paris-Le-Moulin-Rouge-120x58.jpg 120w, https:\/\/www.sonnenklar.tv\/blog\/wp-content\/uploads\/2024\/09\/Fotospot-Paris-Le-Moulin-Rouge-90x43.jpg 90w, https:\/\/www.sonnenklar.tv\/blog\/wp-content\/uploads\/2024\/09\/Fotospot-Paris-Le-Moulin-Rouge-320x154.jpg 320w, https:\/\/www.sonnenklar.tv\/blog\/wp-content\/uploads\/2024\/09\/Fotospot-Paris-Le-Moulin-Rouge-560x270.jpg 560w\" sizes=\"(max-width: 831px) 100vw, 831px\" \/><\/a><figcaption>Das ber\u00fchmte Variet\u00e9theater Moulin Rouge ist auf jeder Paris-Reise ein Highlight. <\/figcaption><\/figure>\n\n\n[otw_shortcode_info_box border_type=&#8220;bordered&#8220; border_color_class=&#8220;otw-orange-border&#8220; border_style=&#8220;bordered&#8220;]Ihr habt Sehnsucht nach der Stadt der Liebe? Dann entdeckt unsere <a href=\"https:\/\/www.sonnenklar.tv\/promo\/staedtereisen-paris.html\" target=\"_blank\" rel=\"noopener\">Angebote f\u00fcr Paris<\/a>.[\/otw_shortcode_info_box]\n\n\n\n<h2 class=\"wp-block-heading\">Platz 5: Istanbul, Leanderturm<\/h2>\n\n\n\n<p>Der Leanderturm in Istanbul, mitten im Bosporus. Fr\u00fcher Gef\u00e4ngnis und Leuchtturm, ist er heute ein Restaurant. Au\u00dferdem war er schon Drehort f\u00fcr den James Bond Film \u201eDie Welt ist nicht genug\u201c. Ein Grund f\u00fcr die vielen Fotos?<\/p>\n\n\n\n<figure class=\"wp-block-image size-large\"><a href=\"https:\/\/www.sonnenklar.tv\/blog\/wp-content\/uploads\/2024\/09\/Fotospot-Istanbul-Leanderturm.jpg\"><img loading=\"lazy\" decoding=\"async\" width=\"831\" height=\"450\" src=\"https:\/\/www.sonnenklar.tv\/blog\/wp-content\/uploads\/2024\/09\/Fotospot-Istanbul-Leanderturm.jpg\" alt=\"Fotospot Istanbul, Leanderturm\" class=\"wp-image-31747\" srcset=\"https:\/\/www.sonnenklar.tv\/blog\/wp-content\/uploads\/2024\/09\/Fotospot-Istanbul-Leanderturm.jpg 831w, https:\/\/www.sonnenklar.tv\/blog\/wp-content\/uploads\/2024\/09\/Fotospot-Istanbul-Leanderturm-800x433.jpg 800w, https:\/\/www.sonnenklar.tv\/blog\/wp-content\/uploads\/2024\/09\/Fotospot-Istanbul-Leanderturm-120x65.jpg 120w, https:\/\/www.sonnenklar.tv\/blog\/wp-content\/uploads\/2024\/09\/Fotospot-Istanbul-Leanderturm-90x49.jpg 90w, https:\/\/www.sonnenklar.tv\/blog\/wp-content\/uploads\/2024\/09\/Fotospot-Istanbul-Leanderturm-320x173.jpg 320w, https:\/\/www.sonnenklar.tv\/blog\/wp-content\/uploads\/2024\/09\/Fotospot-Istanbul-Leanderturm-560x303.jpg 560w\" sizes=\"(max-width: 831px) 100vw, 831px\" \/><\/a><figcaption>Der Leanderturm liegt mitten im Bospurus und eignet sich perfekt f\u00fcr einen sch\u00f6nen Schnappschuss in Istanbul. <\/figcaption><\/figure>\n\n\n[otw_shortcode_info_box border_type=&#8220;bordered&#8220; border_color_class=&#8220;otw-orange-border&#8220; border_style=&#8220;bordered&#8220;]Ihr wollt Istanbul erkunden? Dann sind unsere Angebote f\u00fcr <a href=\"https:\/\/www.sonnenklar.tv\/promo\/staedtereisen-istanbul.html\" target=\"_blank\" rel=\"noopener\">Istanbul Urlaub<\/a> genau das Richtige f\u00fcr euch.[\/otw_shortcode_info_box]\n\n\n\n<h2 class=\"wp-block-heading\">Platz 6: Venedig, Ponte dell&#8217;Accademia<\/h2>\n\n\n\n<p>Die Ponte dell`Accademia f\u00fchrt \u00fcber den Canale Grande. Dieser Ort ist bei allen Touristen ein beliebtes Fotomotiv. Auch bei denjenigen, die ihre Bilder ganz altmodisch zuhause entwickeln lassen.<\/p>\n\n\n\n<figure class=\"wp-block-image size-large\"><a href=\"https:\/\/www.sonnenklar.tv\/blog\/wp-content\/uploads\/2024\/09\/Fotospot-Venedig-Ponte-dell-Accademia.jpg\"><img loading=\"lazy\" decoding=\"async\" width=\"828\" height=\"392\" src=\"https:\/\/www.sonnenklar.tv\/blog\/wp-content\/uploads\/2024\/09\/Fotospot-Venedig-Ponte-dell-Accademia.jpg\" alt=\"Fotospot Venedig, Ponte dell'Accademia\" class=\"wp-image-31748\" srcset=\"https:\/\/www.sonnenklar.tv\/blog\/wp-content\/uploads\/2024\/09\/Fotospot-Venedig-Ponte-dell-Accademia.jpg 828w, https:\/\/www.sonnenklar.tv\/blog\/wp-content\/uploads\/2024\/09\/Fotospot-Venedig-Ponte-dell-Accademia-800x379.jpg 800w, https:\/\/www.sonnenklar.tv\/blog\/wp-content\/uploads\/2024\/09\/Fotospot-Venedig-Ponte-dell-Accademia-120x57.jpg 120w, https:\/\/www.sonnenklar.tv\/blog\/wp-content\/uploads\/2024\/09\/Fotospot-Venedig-Ponte-dell-Accademia-90x43.jpg 90w, https:\/\/www.sonnenklar.tv\/blog\/wp-content\/uploads\/2024\/09\/Fotospot-Venedig-Ponte-dell-Accademia-320x151.jpg 320w, https:\/\/www.sonnenklar.tv\/blog\/wp-content\/uploads\/2024\/09\/Fotospot-Venedig-Ponte-dell-Accademia-560x265.jpg 560w\" sizes=\"(max-width: 828px) 100vw, 828px\" \/><\/a><figcaption>Viel fotografiert: Die Ponte dell&#8217;Accademia in Venedig \u00fcber dem Canale Grande<\/figcaption><\/figure>\n\n\n[otw_shortcode_info_box border_type=&#8220;bordered&#8220; border_color_class=&#8220;otw-orange-border&#8220; border_style=&#8220;bordered&#8220;]Ihr tr\u00e4umt von einer Bootsfahrt durch die Kan\u00e4le? Dann checkt unsere <a href=\"https:\/\/www.sonnenklar.tv\/promo\/staedtereisen-venedig.html\" target=\"_blank\" rel=\"noopener\">Urlaubsangebote f\u00fcr Venedig<\/a>.[\/otw_shortcode_info_box]\n\n\n\n<h2 class=\"wp-block-heading\">Platz 7: Monte Carlo, Hotel de Paris<\/h2>\n\n\n\n<p>Ein Hotel im noblen Monte Carlo? Dieser Ort ist ungew\u00f6hnlich f\u00fcr ein Ranking. Ein Grund ist sicherlich, dass hier der James Bond Film \u201eGolden Eye\u201c gedreht wurde.<\/p>\n\n\n\n<figure class=\"wp-block-image size-large\"><a href=\"https:\/\/www.sonnenklar.tv\/blog\/wp-content\/uploads\/2024\/09\/Fotospot-Monte-Carlo-Hotel-de-Paris_1.jpg\"><img loading=\"lazy\" decoding=\"async\" width=\"880\" height=\"450\" src=\"https:\/\/www.sonnenklar.tv\/blog\/wp-content\/uploads\/2024\/09\/Fotospot-Monte-Carlo-Hotel-de-Paris_1.jpg\" alt=\"Fotospot in Monte Carlo, Hotel de Paris\" class=\"wp-image-31761\" srcset=\"https:\/\/www.sonnenklar.tv\/blog\/wp-content\/uploads\/2024\/09\/Fotospot-Monte-Carlo-Hotel-de-Paris_1.jpg 880w, https:\/\/www.sonnenklar.tv\/blog\/wp-content\/uploads\/2024\/09\/Fotospot-Monte-Carlo-Hotel-de-Paris_1-800x409.jpg 800w, https:\/\/www.sonnenklar.tv\/blog\/wp-content\/uploads\/2024\/09\/Fotospot-Monte-Carlo-Hotel-de-Paris_1-120x61.jpg 120w, https:\/\/www.sonnenklar.tv\/blog\/wp-content\/uploads\/2024\/09\/Fotospot-Monte-Carlo-Hotel-de-Paris_1-90x46.jpg 90w, https:\/\/www.sonnenklar.tv\/blog\/wp-content\/uploads\/2024\/09\/Fotospot-Monte-Carlo-Hotel-de-Paris_1-320x164.jpg 320w, https:\/\/www.sonnenklar.tv\/blog\/wp-content\/uploads\/2024\/09\/Fotospot-Monte-Carlo-Hotel-de-Paris_1-560x286.jpg 560w\" sizes=\"(max-width: 880px) 100vw, 880px\" \/><\/a><figcaption>Auch ein sehr beliebtes Motiv: Das Hotel de Paris im noblen Monte Carlo.<\/figcaption><\/figure>\n\n\n\n<h2 class=\"wp-block-heading\">Platz 8: <a href=\"https:\/\/www.sonnenklar.tv\/promo\/hotels\/hotels-florenz.html\" target=\"_blank\" rel=\"noreferrer noopener\">Florenz<\/a>: Piazzale Michelangelo<\/h2>\n\n\n\n<p>Von der Piazzale Michelangelo hat man einen fantastischen Rundum-Blick auf die Sehensw\u00fcrdigkeiten, f\u00fcr die Florenz so beliebt ist.<\/p>\n\n\n\n<figure class=\"wp-block-image size-large\"><a href=\"https:\/\/www.sonnenklar.tv\/blog\/wp-content\/uploads\/2024\/09\/Fotospot-Florenz-Piazzale-Michelangelo.jpg\"><img loading=\"lazy\" decoding=\"async\" width=\"831\" height=\"380\" src=\"https:\/\/www.sonnenklar.tv\/blog\/wp-content\/uploads\/2024\/09\/Fotospot-Florenz-Piazzale-Michelangelo.jpg\" alt=\"Fotospot Florenz in Italien, Piazzale Michelangelo\" class=\"wp-image-31751\" srcset=\"https:\/\/www.sonnenklar.tv\/blog\/wp-content\/uploads\/2024\/09\/Fotospot-Florenz-Piazzale-Michelangelo.jpg 831w, https:\/\/www.sonnenklar.tv\/blog\/wp-content\/uploads\/2024\/09\/Fotospot-Florenz-Piazzale-Michelangelo-800x366.jpg 800w, https:\/\/www.sonnenklar.tv\/blog\/wp-content\/uploads\/2024\/09\/Fotospot-Florenz-Piazzale-Michelangelo-120x55.jpg 120w, https:\/\/www.sonnenklar.tv\/blog\/wp-content\/uploads\/2024\/09\/Fotospot-Florenz-Piazzale-Michelangelo-90x41.jpg 90w, https:\/\/www.sonnenklar.tv\/blog\/wp-content\/uploads\/2024\/09\/Fotospot-Florenz-Piazzale-Michelangelo-320x146.jpg 320w, https:\/\/www.sonnenklar.tv\/blog\/wp-content\/uploads\/2024\/09\/Fotospot-Florenz-Piazzale-Michelangelo-560x256.jpg 560w\" sizes=\"(max-width: 831px) 100vw, 831px\" \/><\/a><figcaption>Der Piazzale Michelangelo in Florenz bietet einen atemberaubenden Panoramablick \u00fcber die Stadt.<\/figcaption><\/figure>\n\n\n[otw_shortcode_info_box border_type=&#8220;bordered&#8220; border_color_class=&#8220;otw-orange-border&#8220; border_style=&#8220;bordered&#8220;]Wenn ihr die italienische Metropole erkunden wollt, dann sind unsere <a href=\"https:\/\/www.sonnenklar.tv\/promo\/staedtereisen-venedig.html\" target=\"_blank\" rel=\"noopener\">Florenz-Angebote<\/a> etwas f\u00fcr euch.[\/otw_shortcode_info_box]\n\n\n\n<h2 class=\"wp-block-heading\">Platz 9: Buenos Aires, Caminito<\/h2>\n\n\n\n<p>In dieser Stra\u00dfe stehen lustig bunt gestrichene K\u00fcnstlerh\u00e4user \u2013 in der Tat ein tolles Fotomotiv.<\/p>\n\n\n\n<figure class=\"wp-block-image size-large\"><a href=\"https:\/\/www.sonnenklar.tv\/blog\/wp-content\/uploads\/2024\/09\/Fotospot-Buenos-Aires-Caminito.jpg\"><img loading=\"lazy\" decoding=\"async\" width=\"831\" height=\"390\" src=\"https:\/\/www.sonnenklar.tv\/blog\/wp-content\/uploads\/2024\/09\/Fotospot-Buenos-Aires-Caminito.jpg\" alt=\"Fotospot Buenos Aires, Stra\u00dfe Caminito\" class=\"wp-image-31752\" srcset=\"https:\/\/www.sonnenklar.tv\/blog\/wp-content\/uploads\/2024\/09\/Fotospot-Buenos-Aires-Caminito.jpg 831w, https:\/\/www.sonnenklar.tv\/blog\/wp-content\/uploads\/2024\/09\/Fotospot-Buenos-Aires-Caminito-800x375.jpg 800w, https:\/\/www.sonnenklar.tv\/blog\/wp-content\/uploads\/2024\/09\/Fotospot-Buenos-Aires-Caminito-120x56.jpg 120w, https:\/\/www.sonnenklar.tv\/blog\/wp-content\/uploads\/2024\/09\/Fotospot-Buenos-Aires-Caminito-90x42.jpg 90w, https:\/\/www.sonnenklar.tv\/blog\/wp-content\/uploads\/2024\/09\/Fotospot-Buenos-Aires-Caminito-320x150.jpg 320w, https:\/\/www.sonnenklar.tv\/blog\/wp-content\/uploads\/2024\/09\/Fotospot-Buenos-Aires-Caminito-560x263.jpg 560w\" sizes=\"(max-width: 831px) 100vw, 831px\" \/><\/a><figcaption>Bildsch\u00f6n: Die farbenfrohe Stra\u00dfe Caminito in Buenos Aires<\/figcaption><\/figure>\n\n\n\n<h2 class=\"wp-block-heading\">Platz 10: Budapest, St.-Stephans-Basilika<\/h2>\n\n\n\n<p>Eine der gr\u00f6\u00dften Kirchen Budapests, UNESCO-Weltkulturerbe und ein stattlicher Bau.<\/p>\n\n\n\n<figure class=\"wp-block-image size-large\"><a href=\"https:\/\/www.sonnenklar.tv\/blog\/wp-content\/uploads\/2024\/09\/Fotospot-Budapest-St-Stephans-Basilika.jpg\"><img loading=\"lazy\" decoding=\"async\" width=\"831\" height=\"500\" src=\"https:\/\/www.sonnenklar.tv\/blog\/wp-content\/uploads\/2024\/09\/Fotospot-Budapest-St-Stephans-Basilika.jpg\" alt=\"Fotospot Budapest, St. Stephans's Basilika\" class=\"wp-image-31753\" srcset=\"https:\/\/www.sonnenklar.tv\/blog\/wp-content\/uploads\/2024\/09\/Fotospot-Budapest-St-Stephans-Basilika.jpg 831w, https:\/\/www.sonnenklar.tv\/blog\/wp-content\/uploads\/2024\/09\/Fotospot-Budapest-St-Stephans-Basilika-800x481.jpg 800w, https:\/\/www.sonnenklar.tv\/blog\/wp-content\/uploads\/2024\/09\/Fotospot-Budapest-St-Stephans-Basilika-120x72.jpg 120w, https:\/\/www.sonnenklar.tv\/blog\/wp-content\/uploads\/2024\/09\/Fotospot-Budapest-St-Stephans-Basilika-90x54.jpg 90w, https:\/\/www.sonnenklar.tv\/blog\/wp-content\/uploads\/2024\/09\/Fotospot-Budapest-St-Stephans-Basilika-320x193.jpg 320w, https:\/\/www.sonnenklar.tv\/blog\/wp-content\/uploads\/2024\/09\/Fotospot-Budapest-St-Stephans-Basilika-560x337.jpg 560w\" sizes=\"(max-width: 831px) 100vw, 831px\" \/><\/a><figcaption>Die St.-Stephans-Basilika in Budapest ist ein beeindruckender Fotospot, besonders von der Kuppel aus, die einen atemberaubenden 360-Grad-Blick \u00fcber die Stadt und die Donau bietet.<\/figcaption><\/figure>\n\n\n[otw_shortcode_info_box border_type=&#8220;bordered&#8220; border_color_class=&#8220;otw-orange-border&#8220; border_style=&#8220;bordered&#8220;]Lasst euch beeindrucken von der Sch\u00f6nheit der ungarischen Hauptstadt und entdeckt unsere Angebote f\u00fcr <a href=\"https:\/\/www.sonnenklar.tv\/promo\/staedtereisen-budapest.html\" target=\"_blank\" rel=\"noopener\">Budapest-St\u00e4dtereisen<\/a>.[\/otw_shortcode_info_box]\n\n\n[otw_shortcode_info_box border_type=&#8220;bordered&#8220; border_color_class=&#8220;otw-orange-border&#8220; border_style=&#8220;bordered&#8220;]Hat euch das Reisefieber gepackt? Spannende Urlaubsinspirationen findet ihr in unseren vielf\u00e4ltigen Angeboten f\u00fcr <a href=\"https:\/\/www.sonnenklar.tv\/staedtereisen.html\" target=\"_blank\" rel=\"noopener\">St\u00e4dtereisen<\/a>.[\/otw_shortcode_info_box]\n","protected":false},"excerpt":{"rendered":"<p>Wer verreist, fotografiert viel. Und postet die Bilder h\u00e4ufig sofort. Via Twitter, Facebook und Instagram. Auch Panoramio, die Foto-Sharing-Plattform von Google, nutzen viele Urlauber, um mit Selfies vor den Sehensw\u00fcrdigkeiten zu beeindrucken. Versieht man die Fotos mit einem GeoTag, erscheinen sie bei Sightsmap, einem Service von Google Maps. Konzipiert ist Sightsmap als W\u00e4rmekarte. Die gelb<\/p>\n","protected":false},"author":3,"featured_media":31741,"comment_status":"closed","ping_status":"open","sticky":false,"template":"","format":"standard","meta":{"footnotes":""},"categories":[697,455],"tags":[506,592,741,583],"class_list":{"0":"post-31738","1":"post","2":"type-post","3":"status-publish","4":"format-standard","5":"has-post-thumbnail","7":"category-reisetipps","8":"category-urlaubslaender","9":"tag-aktivitaeten","10":"tag-ausflugstipps","11":"tag-fotomotive","12":"tag-urlaubsinspiration"},"_links":{"self":[{"href":"https:\/\/www.sonnenklar.tv\/blog\/wp-json\/wp\/v2\/posts\/31738","targetHints":{"allow":["GET"]}}],"collection":[{"href":"https:\/\/www.sonnenklar.tv\/blog\/wp-json\/wp\/v2\/posts"}],"about":[{"href":"https:\/\/www.sonnenklar.tv\/blog\/wp-json\/wp\/v2\/types\/post"}],"author":[{"embeddable":true,"href":"https:\/\/www.sonnenklar.tv\/blog\/wp-json\/wp\/v2\/users\/3"}],"replies":[{"embeddable":true,"href":"https:\/\/www.sonnenklar.tv\/blog\/wp-json\/wp\/v2\/comments?post=31738"}],"version-history":[{"count":26,"href":"https:\/\/www.sonnenklar.tv\/blog\/wp-json\/wp\/v2\/posts\/31738\/revisions"}],"predecessor-version":[{"id":33172,"href":"https:\/\/www.sonnenklar.tv\/blog\/wp-json\/wp\/v2\/posts\/31738\/revisions\/33172"}],"wp:featuredmedia":[{"embeddable":true,"href":"https:\/\/www.sonnenklar.tv\/blog\/wp-json\/wp\/v2\/media\/31741"}],"wp:attachment":[{"href":"https:\/\/www.sonnenklar.tv\/blog\/wp-json\/wp\/v2\/media?parent=31738"}],"wp:term":[{"taxonomy":"category","embeddable":true,"href":"https:\/\/www.sonnenklar.tv\/blog\/wp-json\/wp\/v2\/categories?post=31738"},{"taxonomy":"post_tag","embeddable":true,"href":"https:\/\/www.sonnenklar.tv\/blog\/wp-json\/wp\/v2\/tags?post=31738"}],"curies":[{"name":"wp","href":"https:\/\/api.w.org\/{rel}","templated":true}]}}