{"id":31701,"date":"2024-09-24T15:58:54","date_gmt":"2024-09-24T14:58:54","guid":{"rendered":"https:\/\/www.sonnenklar.tv\/blog\/?p=31701"},"modified":"2025-11-21T17:50:16","modified_gmt":"2025-11-21T16:50:16","slug":"belgien-reisetipps","status":"publish","type":"post","link":"https:\/\/www.sonnenklar.tv\/blog\/reisetipps\/belgien-reisetipps\/","title":{"rendered":"Die besten Reiseziele in Belgien: Charmant und abwechslungsreich"},"content":{"rendered":"\n<p><strong>Kleines Land mit unglaublich viel Sehenswertem: Auf einer Fl\u00e4che von rund 30.700 Quadratkilometern hat Belgien viele sch\u00f6ne Reiseziele zu bieten, sodass sich ein Besuch unseres westlichen Nachbarlandes immer wieder lohnt. Vor allem die mittelalterlichen St\u00e4dte \u00fcben eine nicht nachlassende Faszination aus, doch auch die Natur des Landes ist wundersch\u00f6n. In jeder der drei Regionen Flandern, Wallonien und Br\u00fcssel-Hauptstadt erwarten euch zahlreiche Highlights.<\/strong><\/p>\n\n\n\n<p>Je nachdem, wo ihr wohnt, reicht vielleicht schon ein Tagesausflug, um die Sch\u00f6nheit Belgiens zu entdecken \u2013 wobei sich nat\u00fcrlich ein l\u00e4ngerer Aufenthalt erst so richtig lohnt! Wir stellen euch die sch\u00f6nsten Reiseziele Belgiens vor, geben euch Empfehlungen f\u00fcr Stadt und Land und verraten Insidertipps, was man in Belgien gemacht haben muss.<\/p>\n\n\n\n<p><strong>Inhaltsverzeichnis<\/strong><\/p>\n\n\n\n<ul class=\"wp-block-list\">\n<li><a href=\"#staedte-belgien\">An jeder Ecke Sehenswertes: Die besten Ziele f\u00fcr St\u00e4dtetrips nach Belgien<\/a><\/li>\n\n\n\n<li><a href=\"#natur-belgien\">Ruhe, Abenteuer und Naturspektakel<\/a><\/li>\n\n\n\n<li><a href=\"#kinder-belgien\">Keineswegs langweilig: Belgien mit Kindern<\/a><\/li>\n\n\n\n<li><a href=\"#kulinarik-belgien\">Ziemlich geschmackvoll: Belgien kulinarisch entdecken<\/a><\/li>\n<\/ul>\n\n\n\n<h2 class=\"wp-block-heading\">Das Wichtigste im \u00dcberblick<\/h2>\n\n\n\n<ul class=\"wp-block-list\">\n<li>Die St\u00e4dte Belgiens verzaubern mit ihrem historischen <strong>Charme <\/strong>und bedeutenden <strong>Bauten<\/strong>.<\/li>\n\n\n\n<li>Inmitten von sch\u00f6nster <strong>Natur <\/strong>l\u00e4sst es sich herrlich entspannen oder aktiv werden.<\/li>\n\n\n\n<li>Die weltber\u00fchmte <strong>belgische Schokolade<\/strong> und die krossen <strong>Pommes <\/strong>sind nur einige der <strong>kulturellen Besonderheiten<\/strong> des Landes.<\/li>\n<\/ul>\n\n\n\n<h2 class=\"wp-block-heading\" id=\"staedte-belgien\">An jeder Ecke Sehenswertes: Die besten Ziele f\u00fcr St\u00e4dtetrips nach Belgien<\/h2>\n\n\n\n<p>Das Leben Belgiens spielt sich in den St\u00e4dten ab. Mit etwa 98 % lebt ein unheimlich gro\u00dfer Anteil der Bev\u00f6lkerung in urbanen Gegenden. Jeder zehnte Einwohner wohnt in der Hauptstadt Br\u00fcssel. Kein Wunder, dass Belgien vor allem f\u00fcr seine St\u00e4dte bekannt ist, in denen es unglaublich viel zu erleben gibt.<\/p>\n\n\n\n<h3 class=\"wp-block-heading\">Br\u00fcssel: Mehr als nur eine Hauptstadt<\/h3>\n\n\n\n<p>Dass Br\u00fcssel nicht nur die Hauptstadt Belgiens, sondern auch die Hauptstadt der Europ\u00e4ischen Union ist, ist beim Schlendern durch die geschichtstr\u00e4chtigen Stra\u00dfen nicht zu \u00fcbersehen. Denn neben den beeindruckenden Bauwerken wie der <strong>Kirche Notre-Dame du Sablon<\/strong> und dem <strong>Rathaus H\u00f4tel de Ville am Grand Place<\/strong>, kommt ihr auch am <strong>Europaparlament<\/strong> und dem <strong>NATO-Hauptquartier<\/strong> vorbei. Ein Foto des <strong>Manneken Pis<\/strong> ist nat\u00fcrlich obligatorisch und am <strong>Palais Royal<\/strong> k\u00f6nnt ihr euch vor dem majest\u00e4tischen Heim des belgischen K\u00f6nigs ablichten lassen.<\/p>\n\n\n\n<p>\u00dcbrigens: In Br\u00fcssel wird vornehmlich <strong>Franz\u00f6sisch <\/strong>gesprochen, auch wenn die Hauptstadtregion offiziell zweisprachig ist.<\/p>\n\n\n\n<p>Eines der bekanntesten Wahrzeichen der Stadt, das <strong>Atomium<\/strong>, ist nicht nur ein futuristisches Fotomotiv. Ihr k\u00f6nnt auch das Innere der R\u00f6hren und Kugeln erkunden und mit einem der schnellsten Aufz\u00fcge Europas in die H\u00f6he gleiten. Wenn ihr nach so viel Action erst einmal etwas Erholung braucht, setzt ihr euch am <strong>Grote-Markt<\/strong> in eins der kleinen Caf\u00e9s und nehmt das multikulturelle Flair der Stadt in euch auf.<\/p>\n\n\n\n<p><strong>Tipp:<\/strong> Von der oberen Kugel des Atomiums habt ihr einen atemberaubenden Blick \u00fcber die Skyline Br\u00fcssels.<\/p>\n\n\n\n<figure class=\"wp-block-image size-large\"><a href=\"https:\/\/www.sonnenklar.tv\/blog\/wp-content\/uploads\/2024\/09\/GettyImages-1175382761.jpg\"><img fetchpriority=\"high\" decoding=\"async\" width=\"880\" height=\"450\" src=\"https:\/\/www.sonnenklar.tv\/blog\/wp-content\/uploads\/2024\/09\/GettyImages-1175382761.jpg\" alt=\"Grand-Place\/Grote Markt in Br\u00fcssel\" class=\"wp-image-31713\" srcset=\"https:\/\/www.sonnenklar.tv\/blog\/wp-content\/uploads\/2024\/09\/GettyImages-1175382761.jpg 880w, https:\/\/www.sonnenklar.tv\/blog\/wp-content\/uploads\/2024\/09\/GettyImages-1175382761-800x409.jpg 800w, https:\/\/www.sonnenklar.tv\/blog\/wp-content\/uploads\/2024\/09\/GettyImages-1175382761-120x61.jpg 120w, https:\/\/www.sonnenklar.tv\/blog\/wp-content\/uploads\/2024\/09\/GettyImages-1175382761-90x46.jpg 90w, https:\/\/www.sonnenklar.tv\/blog\/wp-content\/uploads\/2024\/09\/GettyImages-1175382761-320x164.jpg 320w, https:\/\/www.sonnenklar.tv\/blog\/wp-content\/uploads\/2024\/09\/GettyImages-1175382761-560x286.jpg 560w\" sizes=\"(max-width: 880px) 100vw, 880px\" \/><\/a><figcaption class=\"wp-element-caption\">Der Grand-Place bzw. Grote Markt ist nur eines von vielen Highlights der Hauptstadt Belgiens und der EU<\/figcaption><\/figure>\n\n\n\n<figure class=\"wp-block-table is-style-stripes\"><table class=\"has-fixed-layout\"><tbody><tr><td><\/td><td>\u00d6ffnungszeiten<\/td><td>Eintrittspreise<\/td><\/tr><tr><td>Atomium<\/td><td>T\u00e4glich ca. von 10.00 bis 18.00 Uhr<\/td><td>Erwachsene zwischen 18 und 64 Jahren: ca. 16 Euro<br>Senioren ab 65 Jahren: ca. 14 Euro<br>Jugendliche bis 17 Jahre: ca. 8,50 Euro<br>Kinder kleiner als 115 Zentimeter: kostenlos<\/td><\/tr><\/tbody><\/table><\/figure>\n\n\n\n<p><strong>Hoteltipp:<\/strong> Die besten <a href=\"https:\/\/www.sonnenklar.tv\/promo\/hotels\/hotels-bruessel.html\">Hotels f\u00fcr euren St\u00e4dtetrips nach Br\u00fcssel<\/a> haben wir euch hier zusammengestellt.<\/p>\n\n\n\n<h3 class=\"wp-block-heading\">Antwerpen: Kunst, Kultur und Geschichte<\/h3>\n\n\n\n<p>Rund eine Stunde von Br\u00fcssel mit dem Zug entfernt erwartet euch Antwerpen in der Region Flandern. Mit den zahlreichen spannenden Museen ist die Stadt ein Anziehungspunkt f\u00fcr Kunst-, Kultur- und Geschichtsinteressierte. Kunstliebhaber finden ihr Eldorado im <strong>K\u00f6niglichen Museum der Sch\u00f6nen K\u00fcnste<\/strong> und legen selbstverst\u00e4ndlich einen Stopp im <strong>Rubenshaus<\/strong> ein. Das <strong>Museum aan de Stroom<\/strong> bringt euch die Geschichte Antwerpens n\u00e4her. Zieht es euch nach drau\u00dfen an die frische Luft, erkundet ihr die <strong>Burg Het Steen<\/strong>. Das \u00e4lteste Geb\u00e4ude der Stadt hat eine bewegte Geschichte hinter sich und verbreitet eine mystische Atmosph\u00e4re. Doch Antwerpen punktet nicht nur mit einer spannenden Vergangenheit, sondern setzt auch Trends. Als Stadt der Diamanten und der Mode k\u00f6nnt ihr hier eurer Shoppinglust freien Lauf lassen.<\/p>\n\n\n\n<p><strong>Tipp:<\/strong> Die Anreise mit dem Zug lohnt sich: Ihr werdet mit einem atemberaubenden Anblick willkommen gehei\u00dfen, denn der Antwerpener Bahnhof gilt als einer der sch\u00f6nsten Bahnh\u00f6fe der Welt.<\/p>\n\n\n\n<figure class=\"wp-block-image size-large\"><a href=\"https:\/\/www.sonnenklar.tv\/blog\/wp-content\/uploads\/2024\/09\/GettyImages-182365102-Antwerp-skyline.jpg\"><img decoding=\"async\" width=\"880\" height=\"450\" src=\"https:\/\/www.sonnenklar.tv\/blog\/wp-content\/uploads\/2024\/09\/GettyImages-182365102-Antwerp-skyline.jpg\" alt=\"Antwerpen Skyline\" class=\"wp-image-31737\" srcset=\"https:\/\/www.sonnenklar.tv\/blog\/wp-content\/uploads\/2024\/09\/GettyImages-182365102-Antwerp-skyline.jpg 880w, https:\/\/www.sonnenklar.tv\/blog\/wp-content\/uploads\/2024\/09\/GettyImages-182365102-Antwerp-skyline-800x409.jpg 800w, https:\/\/www.sonnenklar.tv\/blog\/wp-content\/uploads\/2024\/09\/GettyImages-182365102-Antwerp-skyline-120x61.jpg 120w, https:\/\/www.sonnenklar.tv\/blog\/wp-content\/uploads\/2024\/09\/GettyImages-182365102-Antwerp-skyline-90x46.jpg 90w, https:\/\/www.sonnenklar.tv\/blog\/wp-content\/uploads\/2024\/09\/GettyImages-182365102-Antwerp-skyline-320x164.jpg 320w, https:\/\/www.sonnenklar.tv\/blog\/wp-content\/uploads\/2024\/09\/GettyImages-182365102-Antwerp-skyline-560x286.jpg 560w\" sizes=\"(max-width: 880px) 100vw, 880px\" \/><\/a><figcaption class=\"wp-element-caption\">In Antwerpen erwarten euch spektakul\u00e4re historische Bauten<\/figcaption><\/figure>\n\n\n\n<figure class=\"wp-block-table is-style-stripes\"><table class=\"has-fixed-layout\"><tbody><tr><td><\/td><td>\u00d6ffnungszeiten<\/td><td>Eintrittspreise<\/td><\/tr><tr><td>Het Steen<\/td><td>T\u00e4glich ca. von 10.00 bis 18.00 Uhr<\/td><td>Ein Teil der Burg (darunter auch die Panoramadachterrasse) kann kostenlos besichtigt werden.<br>F\u00fcr den Rest gelten folgende Preise:<br>Erwachsene ab 18 Jahren: ca. 7 Euro<br>Kinder von 6 bis 17 Jahren: ca. 5 Euro<\/td><\/tr><\/tbody><\/table><\/figure>\n\n\n\n<p><strong>Hoteltipp:<\/strong> Im Herzen von Antwerpen verbreitet das <a href=\"https:\/\/www.sonnenklar.tv\/beschreibung\/Belgien\/Belgien\/Antwerpen\/NH_Collection_Antwerp_Centre.html\">NH Collection Antwerp Centre<\/a> angenehmen Luxus. Von hier aus startet ihr ganz bequem auf eure Erkundungstouren durch Antwerpen.<\/p>\n\n\n\n<h2 class=\"wp-block-heading\">Gent: Mittelalterliche Stadt mit Herz<\/h2>\n\n\n\n<p>Wer sich einmal wie im Mittelalter f\u00fchlen m\u00f6chte, kommt an einem Besuch der an den Flussm\u00fcndungen der Leie und Schelde gelegenen Hafenstadt Gent nicht vorbei. In der romantischen Stadt ist es gar nicht zwingend n\u00f6tig, eines der Museen zu besuchen, um die Luft der Vergangenheit einzuatmen. Streift einfach durch die Stadt und ihr passiert unz\u00e4hlige historische Bauten. <\/p>\n\n\n\n<p>Die <strong>St.- Michaels-Br\u00fccke<\/strong> solltet ihr dabei nicht nur \u00fcberqueren, sondern dort unbedingt anhalten, um den Blick \u00fcber die Stadt und auf die ber\u00fchmten <strong>drei T\u00fcrme<\/strong> der St. Bravo-Kathedrale, der St. Niklaskirche und des UNESCO-Weltkulturerbes Genter Belfried zu genie\u00dfen. Als eine der bedeutendsten Sehensw\u00fcrdigkeiten Gents m\u00fcsst ihr unbedingt die mittelalterliche <strong>Wasserburg Burg Gravensteen<\/strong> besichtigen und ihren Geheimnissen auf den Grund gehen. M\u00f6chtet ihr eure F\u00fc\u00dfe schonen, ist eine Bootstour die ideale M\u00f6glichkeit, die Stadt zu erleben.<\/p>\n\n\n\n<p><strong>Tipp:<\/strong> In der Graffiti-Street strahlen euch kunstvolle Graffiti-Malereien von den Hausw\u00e4nden entgegen \u2013 ein toller Kontrast zur Altstadt.<\/p>\n\n\n\n<figure class=\"wp-block-image size-large\"><a href=\"https:\/\/www.sonnenklar.tv\/blog\/wp-content\/uploads\/2024\/09\/GettyImages-591416201-Ghent-from-St.-Michaels-Bridge.jpg\"><img decoding=\"async\" width=\"880\" height=\"450\" src=\"https:\/\/www.sonnenklar.tv\/blog\/wp-content\/uploads\/2024\/09\/GettyImages-591416201-Ghent-from-St.-Michaels-Bridge.jpg\" alt=\"St.-Michael-Br\u00fccke Gent\" class=\"wp-image-31777\" srcset=\"https:\/\/www.sonnenklar.tv\/blog\/wp-content\/uploads\/2024\/09\/GettyImages-591416201-Ghent-from-St.-Michaels-Bridge.jpg 880w, https:\/\/www.sonnenklar.tv\/blog\/wp-content\/uploads\/2024\/09\/GettyImages-591416201-Ghent-from-St.-Michaels-Bridge-800x409.jpg 800w, https:\/\/www.sonnenklar.tv\/blog\/wp-content\/uploads\/2024\/09\/GettyImages-591416201-Ghent-from-St.-Michaels-Bridge-120x61.jpg 120w, https:\/\/www.sonnenklar.tv\/blog\/wp-content\/uploads\/2024\/09\/GettyImages-591416201-Ghent-from-St.-Michaels-Bridge-90x46.jpg 90w, https:\/\/www.sonnenklar.tv\/blog\/wp-content\/uploads\/2024\/09\/GettyImages-591416201-Ghent-from-St.-Michaels-Bridge-320x164.jpg 320w, https:\/\/www.sonnenklar.tv\/blog\/wp-content\/uploads\/2024\/09\/GettyImages-591416201-Ghent-from-St.-Michaels-Bridge-560x286.jpg 560w\" sizes=\"(max-width: 880px) 100vw, 880px\" \/><\/a><figcaption class=\"wp-element-caption\">M\u00e4rchenhaftes Gent<\/figcaption><\/figure>\n\n\n\n<figure class=\"wp-block-table is-style-stripes\"><table class=\"has-fixed-layout\"><tbody><tr><td><\/td><td>\u00d6ffnungszeiten<\/td><td>Eintrittspreise<\/td><\/tr><tr><td>Burg Gravensteen<\/td><td>T\u00e4glich ca. 10.00 bis 18.00 Uhr<\/td><td>Erwachsene ab 19 Jahre: ca. 12 Euro<br>Jugendliche unter 19 Jahren: ca. 2 Euro<br>Kinder bis 12 Jahre: kostenlos<\/td><\/tr><\/tbody><\/table><\/figure>\n\n\n\n<p><strong>Hoteltipp:<\/strong> Unter unseren <a href=\"https:\/\/www.sonnenklar.tv\/ort\/Belgien\/Gent.html\">Angeboten f\u00fcr Gent<\/a> findet ihr das passende Hotel f\u00fcr euren St\u00e4dteurlaub in Gent.<\/p>\n\n\n\n<h3 class=\"wp-block-heading\">Br\u00fcgge: Das Venedig des Nordens<\/h3>\n\n\n\n<p>Beim Spaziergang durch die kopfsteingepflasterten Gassen entlang von Grachten und ehrw\u00fcrdigen Geb\u00e4uden, die sich im Wasser spiegeln, wird schnell klar, warum der mittelalterliche Kern von Br\u00fcgge seit dem Jahr 2000 zum UNESCO-Weltkulturerbe z\u00e4hlt. Wie es sich f\u00fcr ein \u201eVenedig-Double\u201c geh\u00f6rt, k\u00f6nnt ihr hier selbstverst\u00e4ndlich auch zahlreiche Br\u00fccken bestaunen. Die <strong>Bonifatiusbr\u00fccke<\/strong> gibt eine besonders sch\u00f6ne Kulisse f\u00fcr bezaubernde Fotos ab.<\/p>\n\n\n\n<p><strong>Tipp:<\/strong> Das \u201eThe Chocolate Line\u201d von Cominique Persoone ist eine von nur drei Chocolaterien, die im Guide Michelin erw\u00e4hnt werden. Dort erhaltet ihr unz\u00e4hlige au\u00dfergew\u00f6hnliche und vor allem k\u00f6stliche Schokoladenkreationen, die sogar die Rolling Stones schon begl\u00fcckt haben.<\/p>\n\n\n\n<figure class=\"wp-block-image size-large\"><a href=\"https:\/\/www.sonnenklar.tv\/blog\/wp-content\/uploads\/2024\/09\/GettyImages-591416201-Ghent-from-St.-Michaels-Bridge-1.jpg\"><img loading=\"lazy\" decoding=\"async\" width=\"880\" height=\"450\" src=\"https:\/\/www.sonnenklar.tv\/blog\/wp-content\/uploads\/2024\/09\/GettyImages-591416201-Ghent-from-St.-Michaels-Bridge-1.jpg\" alt=\"Rosenkranzkai Br\u00fcgge\" class=\"wp-image-31786\" srcset=\"https:\/\/www.sonnenklar.tv\/blog\/wp-content\/uploads\/2024\/09\/GettyImages-591416201-Ghent-from-St.-Michaels-Bridge-1.jpg 880w, https:\/\/www.sonnenklar.tv\/blog\/wp-content\/uploads\/2024\/09\/GettyImages-591416201-Ghent-from-St.-Michaels-Bridge-1-800x409.jpg 800w, https:\/\/www.sonnenklar.tv\/blog\/wp-content\/uploads\/2024\/09\/GettyImages-591416201-Ghent-from-St.-Michaels-Bridge-1-120x61.jpg 120w, https:\/\/www.sonnenklar.tv\/blog\/wp-content\/uploads\/2024\/09\/GettyImages-591416201-Ghent-from-St.-Michaels-Bridge-1-90x46.jpg 90w, https:\/\/www.sonnenklar.tv\/blog\/wp-content\/uploads\/2024\/09\/GettyImages-591416201-Ghent-from-St.-Michaels-Bridge-1-320x164.jpg 320w, https:\/\/www.sonnenklar.tv\/blog\/wp-content\/uploads\/2024\/09\/GettyImages-591416201-Ghent-from-St.-Michaels-Bridge-1-560x286.jpg 560w\" sizes=\"(max-width: 880px) 100vw, 880px\" \/><\/a><figcaption class=\"wp-element-caption\">Der Rosenkranzkai liefert Br\u00fcgges sch\u00f6nste Postkartenmotive<\/figcaption><\/figure>\n\n\n\n<p>Rund um den <strong>Grote Markt<\/strong> strecken sich malerisch viele Kircht\u00fcrme dem Himmel entgegen, doch ein Turm \u00fcberstrahlt sie alle: der <strong>Belfried von Br\u00fcgge<\/strong> ist das beeindruckende Wahrzeichen der Stadt. Wer den 83 Meter hohen Turm lediglich von au\u00dfen betrachtet, der verpasst etwas. Wir k\u00f6nnen euch nur raten, den etwas anstrengenden Aufstieg auf euch zu nehmen, um den besten Blick \u00fcber die Stadt zu genie\u00dfen und an der Schatzkammer oder dem Glockenspiel einen Stopp einzulegen.<\/p>\n\n\n\n<figure class=\"wp-block-table is-style-stripes\"><table class=\"has-fixed-layout\"><tbody><tr><td><\/td><td>\u00d6ffnungszeiten<\/td><td>Eintrittspreise<\/td><\/tr><tr><td>Belfried von Br\u00fcgge<\/td><td>M\u00e4rz bis Oktober und Dezember: t\u00e4glich ca. 09.00 bis 20.00 Uhr<br><br>November, Januar und Februar: Sonntag bis Freitag: ca. 09.00 bis 18.00 Uhr, samstags ca. von 09.00 bis 20.00 Uhr<\/td><td>Erwachsene ab 19 Jahre: ca. 12 Euro<br>Jugendliche unter 19 Jahren: ca. 2 Euro<br>Kinder bis 12 Jahre: kostenlos<\/td><\/tr><\/tbody><\/table><\/figure>\n\n\n\n<p><strong>Hoteltipp:<\/strong> Vom <a href=\"https:\/\/www.sonnenklar.tv\/beschreibung\/Belgien\/Belgien\/Br%C3%BCgge\/Hotel_Acacia.html\">Hotel Acacia<\/a> im historischen Zentrum von Br\u00fcgge erreicht ihr alle Sehensw\u00fcrdigkeiten im Handumdrehen. Nach eurer Stadterkundung ruht ihr euch auf der idyllischen Terrasse oder an der Bar aus.<\/p>\n\n\n\n<h2 class=\"wp-block-heading\" id=\"natur-belgien\">Ruhe, Abenteuer und Naturspektakel<\/h2>\n\n\n\n<p>Abseits von den charmanten St\u00e4dten kommen in Belgien auch Naturliebhaber voll auf ihre Kosten. Ob vollkommene Ruhe inmitten malerischer Landschaften, ausgiebige Wanderungen durch Wiesen und W\u00e4lder oder lange Strandspazierg\u00e4nge an urspr\u00fcnglichen Str\u00e4nden: Bei einer Reise nach Belgien ist alles m\u00f6glich! Ihr m\u00fcsst nur die richtigen Orte kennen\u2026<\/p>\n\n\n\n<h3 class=\"wp-block-heading\">Das Hohe Venn: Sumpfige H\u00f6henlagen<\/h3>\n\n\n\n<p>Im Hohen Venn schlagen Wanderherzen h\u00f6her. Das insgesamt 600 Quadratkilometer gro\u00dfe Hochmoor in der belgischen Eifel bietet unz\u00e4hlige Wanderrouten f\u00fcr ausgedehnte Spazierg\u00e4nge. Im gr\u00f6\u00dften Hochmoor Europas lauft ihr \u00fcber Holzstege durch Sumpfgebiete, w\u00e4hrend sich rechts und links von euch Landschaften mit Moort\u00fcmpeln und Heidepflanzen ausbreiten und sich im Hintergrund majest\u00e4tische Berggipfel und dichte W\u00e4lder erheben. Wenn ihr Gl\u00fcck habt, zeigen sich Biber, Kreuzotter oder Luchse am Wegesrand.<\/p>\n\n\n\n<figure class=\"wp-block-image size-large\"><a href=\"https:\/\/www.sonnenklar.tv\/blog\/wp-content\/uploads\/2024\/09\/GettyImages_613317890-1.jpg\"><img loading=\"lazy\" decoding=\"async\" width=\"880\" height=\"450\" src=\"https:\/\/www.sonnenklar.tv\/blog\/wp-content\/uploads\/2024\/09\/GettyImages_613317890-1.jpg\" alt=\"Hohes Venn Belgien\" class=\"wp-image-31792\" srcset=\"https:\/\/www.sonnenklar.tv\/blog\/wp-content\/uploads\/2024\/09\/GettyImages_613317890-1.jpg 880w, https:\/\/www.sonnenklar.tv\/blog\/wp-content\/uploads\/2024\/09\/GettyImages_613317890-1-800x409.jpg 800w, https:\/\/www.sonnenklar.tv\/blog\/wp-content\/uploads\/2024\/09\/GettyImages_613317890-1-120x61.jpg 120w, https:\/\/www.sonnenklar.tv\/blog\/wp-content\/uploads\/2024\/09\/GettyImages_613317890-1-90x46.jpg 90w, https:\/\/www.sonnenklar.tv\/blog\/wp-content\/uploads\/2024\/09\/GettyImages_613317890-1-320x164.jpg 320w, https:\/\/www.sonnenklar.tv\/blog\/wp-content\/uploads\/2024\/09\/GettyImages_613317890-1-560x286.jpg 560w\" sizes=\"(max-width: 880px) 100vw, 880px\" \/><\/a><figcaption class=\"wp-element-caption\">Sonnenuntergang im idyllischen Hohen Venn<\/figcaption><\/figure>\n\n\n\n<p><strong>Tipp:<\/strong> M\u00f6chtet ihr nicht \u201enur\u201c die Landschaft genie\u00dfen, bieten euch ausgewiesene Lehrpfade spannende Hintergrundinformationen zur Natur, die ihr durchquert.<\/p>\n\n\n\n<h3 class=\"wp-block-heading\">Ardennen: Die gr\u00fcne Lunge Belgiens<\/h3>\n\n\n\n<p>Die Ardennen im S\u00fcdosten der Wallonie sind wohl einer der sch\u00f6nsten Gegenden Belgiens und noch ein echter Geheimtipp. Insbesondere Ruhesuchende m\u00fcssen diesen kaum bewohnten Teil des Landes bei einer Reise nach Belgien jedoch unbedingt gesehen haben. Kleine D\u00f6rfer wechseln sich mit Fl\u00fcssen, H\u00fcgeln, Felsen und dichten W\u00e4ldern ab. Wer gerne abenteuerlich unterwegs ist, schaut sich die Gegend aus dem Kajak und vom Fahrrad aus an oder klettert die Felsen empor. Wenn ihr mit eurem Hund reist, sind die Ardennen das ideale Reiseziel f\u00fcr euch, denn hier gibt es genug M\u00f6glichkeiten f\u00fcr euren Vierbeiner umherzutollen.<\/p>\n\n\n\n<figure class=\"wp-block-image size-large\"><a href=\"https:\/\/www.sonnenklar.tv\/blog\/wp-content\/uploads\/2024\/09\/GettyImages_148091634.jpg\"><img loading=\"lazy\" decoding=\"async\" width=\"880\" height=\"450\" src=\"https:\/\/www.sonnenklar.tv\/blog\/wp-content\/uploads\/2024\/09\/GettyImages_148091634.jpg\" alt=\"Ardennen in Belgien\" class=\"wp-image-31795\" srcset=\"https:\/\/www.sonnenklar.tv\/blog\/wp-content\/uploads\/2024\/09\/GettyImages_148091634.jpg 880w, https:\/\/www.sonnenklar.tv\/blog\/wp-content\/uploads\/2024\/09\/GettyImages_148091634-800x409.jpg 800w, https:\/\/www.sonnenklar.tv\/blog\/wp-content\/uploads\/2024\/09\/GettyImages_148091634-120x61.jpg 120w, https:\/\/www.sonnenklar.tv\/blog\/wp-content\/uploads\/2024\/09\/GettyImages_148091634-90x46.jpg 90w, https:\/\/www.sonnenklar.tv\/blog\/wp-content\/uploads\/2024\/09\/GettyImages_148091634-320x164.jpg 320w, https:\/\/www.sonnenklar.tv\/blog\/wp-content\/uploads\/2024\/09\/GettyImages_148091634-560x286.jpg 560w\" sizes=\"(max-width: 880px) 100vw, 880px\" \/><\/a><figcaption class=\"wp-element-caption\">Die Ardennen in Belgien: Gr\u00fcn, so weit das Auge reicht<\/figcaption><\/figure>\n\n\n\n<p><strong>Tipp:<\/strong>Legt in der Gemeinde La Roche-en-Ardenne einen Zwischenstopp ein und besucht die Burg La Roche.<\/p>\n\n\n\n<h3 class=\"wp-block-heading\">Hallerbos: Tiefblaues Pflanzenmeer<\/h3>\n\n\n\n<p>Im Winter verspr\u00fcht der Wald Hallerbos rund 25 Kilometer s\u00fcdwestlich von Br\u00fcssel mit seinen dichten Nebelschwaden, die die kargen B\u00e4ume umwehen, eine mystische Stimmung, im Fr\u00fchling dagegen zeigt sich ein ganz anderes Bild: Dann sprie\u00dfen unz\u00e4hlige Hasengl\u00f6ckchen aus dem Boden und h\u00fcllen ihn in ein tiefblaues Kleid. Kein Wunder, dass der Hallerbos auch als einer der sch\u00f6nsten W\u00e4lder der Welt bezeichnet wird. Um das unter Naturschutz stehende Naturwunder mit eigenen Augen zu sehen, stehen euch ein vier Kilometer und ein acht Kilometer langer Wanderweg durch die m\u00e4rchenhafte Kulisse zur Verf\u00fcgung.<\/p>\n\n\n\n<figure class=\"wp-block-image size-large\"><a href=\"https:\/\/www.sonnenklar.tv\/blog\/wp-content\/uploads\/2024\/09\/GettyImages-157180421-Hallerbos.jpg\"><img loading=\"lazy\" decoding=\"async\" width=\"880\" height=\"450\" src=\"https:\/\/www.sonnenklar.tv\/blog\/wp-content\/uploads\/2024\/09\/GettyImages-157180421-Hallerbos.jpg\" alt=\"Hallerbos nahe Br\u00fcssel\" class=\"wp-image-31796\" srcset=\"https:\/\/www.sonnenklar.tv\/blog\/wp-content\/uploads\/2024\/09\/GettyImages-157180421-Hallerbos.jpg 880w, https:\/\/www.sonnenklar.tv\/blog\/wp-content\/uploads\/2024\/09\/GettyImages-157180421-Hallerbos-800x409.jpg 800w, https:\/\/www.sonnenklar.tv\/blog\/wp-content\/uploads\/2024\/09\/GettyImages-157180421-Hallerbos-120x61.jpg 120w, https:\/\/www.sonnenklar.tv\/blog\/wp-content\/uploads\/2024\/09\/GettyImages-157180421-Hallerbos-90x46.jpg 90w, https:\/\/www.sonnenklar.tv\/blog\/wp-content\/uploads\/2024\/09\/GettyImages-157180421-Hallerbos-320x164.jpg 320w, https:\/\/www.sonnenklar.tv\/blog\/wp-content\/uploads\/2024\/09\/GettyImages-157180421-Hallerbos-560x286.jpg 560w\" sizes=\"(max-width: 880px) 100vw, 880px\" \/><\/a><figcaption class=\"wp-element-caption\">Einmaliges Wander-Ambiente im Hallerbos<\/figcaption><\/figure>\n\n\n\n<p><strong>Tipp:<\/strong>Ende April \/ Anfang Mai ist der H\u00f6hepunkt der Bl\u00fcte, dann ist die Atmosph\u00e4re im Wald am eindrucksvollsten.<\/p>\n\n\n\n<h3 class=\"wp-block-heading\">Hoge-Kempen-Nationalpark: Natur in allen Farben<\/h3>\n\n\n\n<p>Auf \u00fcber 12.000 Hektar breitet sich im Nationalpark Hoge-Kempen in der Provinz Limburg ein wundersch\u00f6nes Naturspektakel aus. Wo fr\u00fcher der triste Tagebau die Landschaft beherrschte, wechseln sich heute tiefe Kiefernw\u00e4lder mit purpurfarbener Heide und Wanderd\u00fcnen ab. Die gro\u00dfen Seen lassen den in der Vergangenheit stattgefundenen Kies- und Sandabbau noch erahnen. Hier f\u00fchlen sich auch zahlreiche seltene Tiere wohl. Schn\u00fcrt die Wanderschuhe, schwingt euch aufs Fahrrad oder erkundet die einzigartige Flora und Fauna hoch zu Ross.<\/p>\n\n\n\n<p><strong>Tipp:<\/strong> In Lieteberg k\u00f6nnt ihr an einer Barfu\u00dfwanderung teilnehmen und die Natur unter euren blo\u00dfen F\u00fc\u00dfen sp\u00fcren.<\/p>\n\n\n\n<figure class=\"wp-block-image size-large\"><a href=\"https:\/\/www.sonnenklar.tv\/blog\/wp-content\/uploads\/2024\/09\/GettyImages-1344958759-Hoge-Kempen.jpg\"><img loading=\"lazy\" decoding=\"async\" width=\"880\" height=\"450\" src=\"https:\/\/www.sonnenklar.tv\/blog\/wp-content\/uploads\/2024\/09\/GettyImages-1344958759-Hoge-Kempen.jpg\" alt=\"Nationalpark Hoge Kempen\" class=\"wp-image-31800\" srcset=\"https:\/\/www.sonnenklar.tv\/blog\/wp-content\/uploads\/2024\/09\/GettyImages-1344958759-Hoge-Kempen.jpg 880w, https:\/\/www.sonnenklar.tv\/blog\/wp-content\/uploads\/2024\/09\/GettyImages-1344958759-Hoge-Kempen-800x409.jpg 800w, https:\/\/www.sonnenklar.tv\/blog\/wp-content\/uploads\/2024\/09\/GettyImages-1344958759-Hoge-Kempen-120x61.jpg 120w, https:\/\/www.sonnenklar.tv\/blog\/wp-content\/uploads\/2024\/09\/GettyImages-1344958759-Hoge-Kempen-90x46.jpg 90w, https:\/\/www.sonnenklar.tv\/blog\/wp-content\/uploads\/2024\/09\/GettyImages-1344958759-Hoge-Kempen-320x164.jpg 320w, https:\/\/www.sonnenklar.tv\/blog\/wp-content\/uploads\/2024\/09\/GettyImages-1344958759-Hoge-Kempen-560x286.jpg 560w\" sizes=\"(max-width: 880px) 100vw, 880px\" \/><\/a><figcaption class=\"wp-element-caption\">Hoge Kempen ist der einzige Nationalpark Belgiens &#8211; und obendrein faszinierend sch\u00f6n<\/figcaption><\/figure>\n\n\n\n<h2 class=\"wp-block-heading\" id=\"kinder-belgien\">Keineswegs langweilig: Belgien mit Kindern<\/h2>\n\n\n\n<p>Wer mit Kindern in den Urlaub f\u00e4hrt, kennt es: Nicht immer interessiert die Kleinen das Gleiche wie die Gro\u00dfen und da kann schon mal das ein oder andere Quengeln laut werden. Wie gut, dass Belgien f\u00fcr jedes Alter etwas zu bieten hat, sodass in eurem Urlaub kein Frust aufkommen muss. Burgen laden zu aufregenden Erkundungstouren ein, am Strand lassen sich Sandburgen bauen und auch viele Museen haben kinderfreundliche und interaktive Ausstellungen im Programm.<\/p>\n\n\n\n<p>Seid ihr in den Ardennen unterwegs, bietet sich die <strong>H\u00f6hle Han-sur-Lesse<\/strong> in der Gemeinde Rochefort als Pause zwischen Wandertouren an. Spaziert durch die G\u00e4nge der H\u00f6hle, die vom Fluss Lesse durchquert wird, bis hin zum gro\u00dfen Hohlraum Salle Du D\u00f4me. Die von der Decke h\u00e4ngenden Tropfsteine lassen sicherlich auch die Kinderm\u00fcnder offen stehen.<\/p>\n\n\n\n<figure class=\"wp-block-image size-large\"><a href=\"https:\/\/www.sonnenklar.tv\/blog\/wp-content\/uploads\/2024\/09\/GettyImages-1363828554-Han-sur-Lesse.jpg\"><img loading=\"lazy\" decoding=\"async\" width=\"880\" height=\"450\" src=\"https:\/\/www.sonnenklar.tv\/blog\/wp-content\/uploads\/2024\/09\/GettyImages-1363828554-Han-sur-Lesse.jpg\" alt=\"H\u00f6hle von Han-sur-Lesse in den Ardennen\" class=\"wp-image-31802\" srcset=\"https:\/\/www.sonnenklar.tv\/blog\/wp-content\/uploads\/2024\/09\/GettyImages-1363828554-Han-sur-Lesse.jpg 880w, https:\/\/www.sonnenklar.tv\/blog\/wp-content\/uploads\/2024\/09\/GettyImages-1363828554-Han-sur-Lesse-800x409.jpg 800w, https:\/\/www.sonnenklar.tv\/blog\/wp-content\/uploads\/2024\/09\/GettyImages-1363828554-Han-sur-Lesse-120x61.jpg 120w, https:\/\/www.sonnenklar.tv\/blog\/wp-content\/uploads\/2024\/09\/GettyImages-1363828554-Han-sur-Lesse-90x46.jpg 90w, https:\/\/www.sonnenklar.tv\/blog\/wp-content\/uploads\/2024\/09\/GettyImages-1363828554-Han-sur-Lesse-320x164.jpg 320w, https:\/\/www.sonnenklar.tv\/blog\/wp-content\/uploads\/2024\/09\/GettyImages-1363828554-Han-sur-Lesse-560x286.jpg 560w\" sizes=\"(max-width: 880px) 100vw, 880px\" \/><\/a><figcaption class=\"wp-element-caption\">Die H\u00f6hle von Han-sur-Lesse<\/figcaption><\/figure>\n\n\n\n<p><strong>Tipp:<\/strong> Direkt auf dem Berg \u00fcber der Han-sur-Lesse H\u00f6hle gibt es einen 250 Hektar gro\u00dfen Wildtierpark mit au\u00dfergew\u00f6hnlichen Tieren wie Luchse, B\u00e4ren und W\u00f6lfe. Kombiniert ihr den Besuch der H\u00f6hle und des Tierparks, k\u00f6nnt ihr ein Kombiticket zum Vorzugspreis erwerben.<\/p>\n\n\n\n<p>Als Abwechslung zum Sightseeing-Programm sorgen aufregende Freizeitparks f\u00fcr strahlende Augen bei den lieben Kleinen und auch Erwachsene haben hier ihren Spa\u00df. In den Freizeitparks <strong>Plopsa Coo<\/strong> in Stavelot und dem <strong>Plopsa Indoor Themen- und Vergn\u00fcgungspark<\/strong> in Hasselt tobt ihr euch zusammen auf den Spielpl\u00e4tzen aus, genie\u00dft auf den Wasserrutschbahnen das k\u00fchle Nass und sp\u00fcrt den Nervenkitzel auf den abenteuerlichen Achterbahnen. Sp\u00e4testens im Streichelzoo wird jeder hellauf begeistert sein!<\/p>\n\n\n\n<h2 class=\"wp-block-heading\" id=\"kulinarik-belgien\">Ziemlich geschmackvoll: Belgien kulinarisch entdecken<\/h2>\n\n\n\n<p>Um die Kultur eines Landes so richtig kennenzulernen, d\u00fcrft ihr es euch nicht entgehen lassen, auch die regionalen Spezialit\u00e4ten ausgiebig einem Geschmackstest zu unterziehen. Und Belgien kann in dieser Hinsicht im wahrsten Sinne des Wortes eine ganze Menge auftischen. <strong>Belgische Schokolade<\/strong> genie\u00dft nicht umsonst weltweit einen exzellenten Ruf. Ihrem zarten Schmelz kann wohl keiner widerstehen. Im Schokoladenmuseum in Antwerpen oder im Schokolade- und Kakao-Museum in Br\u00fcssel erfahrt ihr alles \u00fcber die Herstellung und die Geschichte der besonderen Nascherei.<\/p>\n\n\n\n<figure class=\"wp-block-image size-large\"><a href=\"https:\/\/www.sonnenklar.tv\/blog\/wp-content\/uploads\/2024\/09\/GettyImages-520517262-belgian-waffle.jpg\"><img loading=\"lazy\" decoding=\"async\" width=\"880\" height=\"450\" src=\"https:\/\/www.sonnenklar.tv\/blog\/wp-content\/uploads\/2024\/09\/GettyImages-520517262-belgian-waffle.jpg\" alt=\"Belgische Waffeln\" class=\"wp-image-31803\" srcset=\"https:\/\/www.sonnenklar.tv\/blog\/wp-content\/uploads\/2024\/09\/GettyImages-520517262-belgian-waffle.jpg 880w, https:\/\/www.sonnenklar.tv\/blog\/wp-content\/uploads\/2024\/09\/GettyImages-520517262-belgian-waffle-800x409.jpg 800w, https:\/\/www.sonnenklar.tv\/blog\/wp-content\/uploads\/2024\/09\/GettyImages-520517262-belgian-waffle-120x61.jpg 120w, https:\/\/www.sonnenklar.tv\/blog\/wp-content\/uploads\/2024\/09\/GettyImages-520517262-belgian-waffle-90x46.jpg 90w, https:\/\/www.sonnenklar.tv\/blog\/wp-content\/uploads\/2024\/09\/GettyImages-520517262-belgian-waffle-320x164.jpg 320w, https:\/\/www.sonnenklar.tv\/blog\/wp-content\/uploads\/2024\/09\/GettyImages-520517262-belgian-waffle-560x286.jpg 560w\" sizes=\"(max-width: 880px) 100vw, 880px\" \/><\/a><figcaption class=\"wp-element-caption\">Die belgische Kulinarik, wie etwa Waffelspezialit\u00e4ten, solltet ihr euch nicht entgehen lassen<\/figcaption><\/figure>\n\n\n\n<p>Wenn euch dabei das Wasser im Mund zusammenl\u00e4uft, deckt ihr euch anschlie\u00dfend einfach in einer der lokalen Chocolaterien mit der s\u00fc\u00dfen K\u00f6stlichkeit ein. Noch besser schmeckt belgische Schokolade allerdings auf <strong>belgischen Waffeln<\/strong>, die ihr euch in zahlreichen Caf\u00e9s und an St\u00e4nden am Stra\u00dfenrand g\u00f6nnen k\u00f6nnt. Schon allein der Duft der frisch gebackenen Leckerei verspricht nicht zu viel und sp\u00e4testens nach dem ersten Bissen in die fluffige Waffel hat Belgien bestimmt euer Herz gewonnen.<\/p>\n\n\n\n<p><strong>Tipp:<\/strong> Chocoholics werfen in Samr\u00e9e bei La-Roche-en-Ardenne in der Schokoladenmanufaktur Cyril Chocolat einen Blick hinter die Kulissen und personalisieren ihre eigene Schokoladentafel.<\/p>\n\n\n\n<p>Nach all dem s\u00fc\u00dfen Genuss darf es etwas w\u00fcrziger sein? Auch in Sachen herzhaftem Streetfood hat Belgien etwas parat. Die <strong>belgischen Pommes<\/strong> lassen selbst die gr\u00f6\u00dften Feinschmecker ins Schw\u00e4rmen geraten. Die zweimal frittierten Kartoffelst\u00e4bchen sind innen herrlich wei\u00df und au\u00dfen wunderbar knusprig. Jetzt m\u00fcsst ihr euch nur noch zwischen einer der vielen So\u00dfen entscheiden, die ihr dazu w\u00e4hlen k\u00f6nnt. Wer seinen Durst danach nicht mit Wasser stillen m\u00f6chte, verkostet eine der <strong>\u00fcber 400 Biersorten<\/strong>, die das Land zu bieten hat.<\/p>\n\n\n\n<h2 class=\"wp-block-heading\">Fazit zu den besten Reisezielen in Belgien<\/h2>\n\n\n\n<p>Ob Wandern durch verlassene Landschaften, Abenteuer in wilder Natur oder beim Shoppen und Sightseeing in den geschichtstr\u00e4chtigen St\u00e4dten: In Belgien verbringt die ganze Familie an vielen Orten einen wundervollen Urlaub. Naturliebhaber verleben hier genauso einen Traumurlaub wie Stadt-Entdecker. Und alle, die sich nicht entscheiden k\u00f6nnen, unternehmen einfach eine Rundreise durch das sch\u00f6ne Land.<\/p>\n\n\n\n<p><strong>Tipp:<\/strong> Ihr habt nun auch Hunger auf krosse Pommes und zart schmelzende Schokolade in mittelalterlichen St\u00e4dten und einzigartigen Naturkulissen bekommen? Dann schnell noch durch unsere <a href=\"https:\/\/www.sonnenklar.tv\/urlaub\/belgien.html\" target=\"_blank\" rel=\"noreferrer noopener\">Belgien-Angebote<\/a> st\u00f6bern und Koffer packen.<\/p>\n","protected":false},"excerpt":{"rendered":"<p>Kleines Land mit unglaublich viel Sehenswertem: Auf einer Fl\u00e4che von rund 30.700 Quadratkilometern hat Belgien viele sch\u00f6ne Reiseziele zu bieten, sodass sich ein Besuch unseres westlichen Nachbarlandes immer wieder lohnt. Vor allem die mittelalterlichen St\u00e4dte \u00fcben eine nicht nachlassende Faszination aus, doch auch die Natur des Landes ist wundersch\u00f6n. In jeder der drei Regionen Flandern,<\/p>\n","protected":false},"author":3,"featured_media":32015,"comment_status":"closed","ping_status":"open","sticky":false,"template":"","format":"standard","meta":{"footnotes":""},"categories":[697],"tags":[572,574,513],"class_list":{"0":"post-31701","1":"post","2":"type-post","3":"status-publish","4":"format-standard","5":"has-post-thumbnail","7":"category-reisetipps","8":"tag-belgien","9":"tag-natur","10":"tag-staedtereisen"},"_links":{"self":[{"href":"https:\/\/www.sonnenklar.tv\/blog\/wp-json\/wp\/v2\/posts\/31701","targetHints":{"allow":["GET"]}}],"collection":[{"href":"https:\/\/www.sonnenklar.tv\/blog\/wp-json\/wp\/v2\/posts"}],"about":[{"href":"https:\/\/www.sonnenklar.tv\/blog\/wp-json\/wp\/v2\/types\/post"}],"author":[{"embeddable":true,"href":"https:\/\/www.sonnenklar.tv\/blog\/wp-json\/wp\/v2\/users\/3"}],"replies":[{"embeddable":true,"href":"https:\/\/www.sonnenklar.tv\/blog\/wp-json\/wp\/v2\/comments?post=31701"}],"version-history":[{"count":15,"href":"https:\/\/www.sonnenklar.tv\/blog\/wp-json\/wp\/v2\/posts\/31701\/revisions"}],"predecessor-version":[{"id":36994,"href":"https:\/\/www.sonnenklar.tv\/blog\/wp-json\/wp\/v2\/posts\/31701\/revisions\/36994"}],"wp:featuredmedia":[{"embeddable":true,"href":"https:\/\/www.sonnenklar.tv\/blog\/wp-json\/wp\/v2\/media\/32015"}],"wp:attachment":[{"href":"https:\/\/www.sonnenklar.tv\/blog\/wp-json\/wp\/v2\/media?parent=31701"}],"wp:term":[{"taxonomy":"category","embeddable":true,"href":"https:\/\/www.sonnenklar.tv\/blog\/wp-json\/wp\/v2\/categories?post=31701"},{"taxonomy":"post_tag","embeddable":true,"href":"https:\/\/www.sonnenklar.tv\/blog\/wp-json\/wp\/v2\/tags?post=31701"}],"curies":[{"name":"wp","href":"https:\/\/api.w.org\/{rel}","templated":true}]}}