{"id":31097,"date":"2024-09-14T10:00:00","date_gmt":"2024-09-14T09:00:00","guid":{"rendered":"https:\/\/www.sonnenklar.tv\/blog\/?p=31097"},"modified":"2026-02-19T08:33:51","modified_gmt":"2026-02-19T07:33:51","slug":"la-gomera-tipps","status":"publish","type":"post","link":"https:\/\/www.sonnenklar.tv\/blog\/urlaubslaender\/spanien\/la-gomera-tipps\/","title":{"rendered":"La Gomera: Die besten Tipps f\u00fcr die wilde Kanarensch\u00f6nheit"},"content":{"rendered":"\n<p><strong>Fruchtbare T\u00e4ler, karge Berge, idyllische Orte, schwarze Str\u00e4nde und eine eigene Pfeifsprache: La Gomera muss sich hinter ihren Schwesterinseln keineswegs verstecken. Die zweitkleinste der Kanareninseln verzaubert mit ihrer Urspr\u00fcnglichkeit, einem ganzj\u00e4hrig angenehm milden Klima und der perfekten Mischung aus Kultur und Natur. Ob zum \u00dcberwintern, f\u00fcr eine Sommerauszeit oder einfach, um zwischendurch umgeben vom wilden Atlantik auszuspannen: Dass die Insel vulkanischen Ursprungs immer eine Reise wert ist, wusste bereits Christoph Kolumbus.<\/strong><\/p>\n\n\n\n<p>Insbesondere diejenigen unter euch, die Orte am liebsten aktiv kennenlernen, werden La Gomera lieben. Als Wanderparadies hat sich die 370 km\u00b2 kleine Insel im Atlantischen Ozean einen Namen gemacht und geizt nicht mit ihren Reizen. Wir zeigen euch, wo ihr beim Wandern und Radfahren die von Vulkanen beeinflusste Landschaft in all ihren Farben am besten erkunden k\u00f6nnt und welche Orte ein magisches Flair verspr\u00fchen. Selbstverst\u00e4ndlich haben wir aber auch die richtigen Pl\u00e4tze zum Entspannen parat.<\/p>\n\n\n\n<p><strong>Inhaltsverzeichnis<\/strong><\/p>\n\n\n\n<ul class=\"wp-block-list\"><li>Wissenswertes rund um La Gomera<ul><li><a href=\"#orte\">Malerische Orte mit Insel-Flair<\/a><\/li><li><a href=\"#strand\">Pechschw\u00e4rze Str\u00e4nde mit und ohne Trubel<\/a><\/li><li><a href=\"#plaetze\">Mystische Pl\u00e4tze an Land und im Meer<\/a><\/li><\/ul><\/li><\/ul>\n\n\n\n<ul class=\"wp-block-list\"><li>H\u00e4ufig gestellte Fragen zu La Gomera<ul><li><a href=\"#schoen\">Wo ist es am sch\u00f6nsten auf La Gomera?<\/a><\/li><li><a href=\"#besonders\">Was ist das Besondere an La Gomera?<\/a><\/li><li><a href=\"#hippies\">Wo leben die Hippies auf La Gomera?<\/a><\/li><\/ul><\/li><\/ul>\n\n\n\n<h2 class=\"wp-block-heading\">Das Wichtigste im \u00dcberblick<\/h2>\n\n\n\n<ul class=\"wp-block-list\"><li>La Gomera verzaubert mit urspr\u00fcnglicher <strong>Natur<\/strong>, traditionellen <strong>St\u00e4dten <\/strong>und schwarzen <strong>Vulkanstr\u00e4nden<\/strong>.<\/li><li>Zum <strong>Baden <\/strong>ist vor allem <strong>Valle Gran Rey<\/strong> beliebt. Der Ort gilt auch als Kultst\u00e4tte der Hippies.<\/li><li>Die wichtigsten <strong>Sehensw\u00fcrdigkeiten <\/strong>La Gomeras befinden sich in der Natur. Zahlreiche Routen f\u00fchren durch die Landschaften, weshalb die Insel auch als <strong>Wander- und Radfahrparadies<\/strong> gilt.<\/li><\/ul>\n\n\n\n<h2 class=\"wp-block-heading\" id=\"wissenswertes\">Wissenswertes rund um La Gomera<\/h2>\n\n\n\n<p>La Gomera wird zwar immer beliebter, ist jedoch nach wie vor ein kleines Juwel. Da die gesamte, zu Spanien geh\u00f6rende Insel seit 2012 ein <strong>Biosph\u00e4renreservat<\/strong> ist, steht die Insel ganz im Zeichen des <strong>nachhaltigen Tourismus<\/strong>. Dank des gut ausgebauten Netzes an Wanderrouten ist es auch ein Leichtes, die Insel mit einem Durchmesser von 25 km\u00b2 zu Fu\u00df zu erkunden. Alle Wege in das kleine Paradies, das geografisch auf dem afrikanischen Kontinent liegt, f\u00fchren \u00fcber den Flughafen Reina Sofia auf <strong>Teneriffa<\/strong>. <\/p>\n\n\n\n<figure class=\"wp-block-image size-large\"><a href=\"https:\/\/www.sonnenklar.tv\/blog\/wp-content\/uploads\/2024\/08\/GettyImages-639766184_2746178.jpg\"><img fetchpriority=\"high\" decoding=\"async\" width=\"880\" height=\"450\" src=\"https:\/\/www.sonnenklar.tv\/blog\/wp-content\/uploads\/2024\/08\/GettyImages-639766184_2746178.jpg\" alt=\"Wanderweg auf La Gomera mit Blick auf Berge\" class=\"wp-image-31110\" srcset=\"https:\/\/www.sonnenklar.tv\/blog\/wp-content\/uploads\/2024\/08\/GettyImages-639766184_2746178.jpg 880w, https:\/\/www.sonnenklar.tv\/blog\/wp-content\/uploads\/2024\/08\/GettyImages-639766184_2746178-800x409.jpg 800w, https:\/\/www.sonnenklar.tv\/blog\/wp-content\/uploads\/2024\/08\/GettyImages-639766184_2746178-120x61.jpg 120w, https:\/\/www.sonnenklar.tv\/blog\/wp-content\/uploads\/2024\/08\/GettyImages-639766184_2746178-90x46.jpg 90w, https:\/\/www.sonnenklar.tv\/blog\/wp-content\/uploads\/2024\/08\/GettyImages-639766184_2746178-320x164.jpg 320w, https:\/\/www.sonnenklar.tv\/blog\/wp-content\/uploads\/2024\/08\/GettyImages-639766184_2746178-560x286.jpg 560w\" sizes=\"(max-width: 880px) 100vw, 880px\" \/><\/a><figcaption>Wandert durch die einmalige Natur der Insel<\/figcaption><\/figure>\n\n\n\n<p>Vom Flughafen gelangt ihr mit dem Taxi oder Bus innerhalb von 20 bis 35 Minuten zum F\u00e4hrhafen. Von dort aus lasst ihr euch auf der F\u00e4hre f\u00fcr rund 50 Minuten die Meeresbrise um die Nase wehen und werdet vielleicht von ein paar Delfinen willkommen gehei\u00dfen. Alternativ fliegt ihr vom Flughafen Los Rodeos im Norden Teneriffas mit einem Kleinflugzeug nach La Gomera. Vor Ort kommt ihr gut mit dem Taxi, dem Bus oder dem Mietwagen voran. Umrunden k\u00f6nnt ihr die Insel mit dem Auto \u00fcbrigens nicht, da die Stra\u00dfen sich von der Inselmitte sternf\u00f6rmig in alle Richtungen bis zur K\u00fcste verzweigen.<\/p>\n\n\n\n<p>Auf La Gomera angekommen, erwarten euch angenehme Temperaturen. Das ganze Jahr k\u00f6nnt ihr euch auf ziemlich <strong>konstante 20 bis 29\u00b0C<\/strong> einstellen, der Kanarenstrom sorgt daf\u00fcr, dass ihr nicht ins Schwitzen geratet. Im gr\u00fcneren Norden ist es generell etwas k\u00fchler und bew\u00f6lkter als auf der trockenen und w\u00e4rmeren S\u00fcdseite. Fragt euch \u00fcbrigens nicht, warum sich die Einheimischen ab und an \u201eanpfeifen\u201c. Die traditionelle <strong>Pfeifsprache El Silbo<\/strong> z\u00e4hlt zum UNESCO Weltkulturerbe und wird von fast der gesamten Inselbev\u00f6lkerung verstanden.<\/p>\n\n\n\n<p><strong>La Gomera im \u00dcberblick<\/strong><\/p>\n\n\n\n<figure class=\"wp-block-table is-style-stripes\"><table class=\"has-fixed-layout\"><tbody><tr><td>Haupstadt<\/td><td>San Sebasti\u00e1n de La Gomera<\/td><\/tr><tr><td>Gr\u00f6\u00dfe<\/td><td>370 km\u00b2<\/td><\/tr><tr><td>Einwohner<\/td><td>Ca. 22.100<\/td><\/tr><tr><td>Amtssprache<\/td><td>Spanisch<\/td><\/tr><tr><td>W\u00e4hrung<\/td><td>Euro<\/td><\/tr><tr><td>Klima<\/td><td>Mild, subtropisch<\/td><\/tr><tr><td>Besonderheit<\/td><td>Urspr\u00fcngliche Landschaften<\/td><\/tr><tr><td>Perfekt f\u00fcr<\/td><td>Aktiv-Reisende, Ruhesuchende, Naturliebhaber<\/td><\/tr><\/tbody><\/table><\/figure>\n\n\n\n<h2 class=\"wp-block-heading\" id=\"orte\">Malerische Orte mit Insel-Flair<\/h2>\n\n\n\n<p>Obwohl La Gomera ihren Ruf als Natursch\u00f6nheit vollkommen zu Recht hat, ist trotz ihrer geringen Gr\u00f6\u00dfe zwischen all den wilden Landschaften auch noch Platz f\u00fcr malerische St\u00e4dte mit Sehensw\u00fcrdigkeiten, die ihr euch auf keinen Fall entgehen lassen solltet.<\/p>\n\n\n\n<h3 class=\"wp-block-heading\">San Sebasti\u00e1n de La Gomera: Urige Inselhauptstadt<\/h3>\n\n\n\n<p>Die bunten Geb\u00e4ude, die wie Farbtupfer die H\u00e4nge der Inselhauptstadt San Sebasti\u00e1n de La Gomera schm\u00fccken, sind wahrscheinlich das erste, was ihr nach eurer Ankunft auf La Gomera seht. Der Anblick l\u00e4sst es schon erahnen: Selbst, wenn eure Unterkunft in einem anderen Teil der Insel liegt, lohnt es sich, nicht direkt weiter zu reisen. Im Gegensatz zu anderen Hauptst\u00e4dten geht es in der Hafenstadt mit rund 9.000 Einwohnern herrlich <strong>entspannt<\/strong> zu. Gro\u00dfstadthektik? Fehlanzeige! Schlendert gem\u00fctlich vom Hafen zur <strong>Plaza de Las Am\u00e9ricas<\/strong> und erfrischt euch in einer der Bars mit Blick auf das Meer und das Rathaus. <\/p>\n\n\n\n<figure class=\"wp-block-image size-large\"><a href=\"https:\/\/www.sonnenklar.tv\/blog\/wp-content\/uploads\/2024\/08\/GettyImages-511851360_2140202.jpg\"><img decoding=\"async\" width=\"880\" height=\"450\" src=\"https:\/\/www.sonnenklar.tv\/blog\/wp-content\/uploads\/2024\/08\/GettyImages-511851360_2140202.jpg\" alt=\"Panorama San Sebastian Stadt auf La Gomera\" class=\"wp-image-31114\" srcset=\"https:\/\/www.sonnenklar.tv\/blog\/wp-content\/uploads\/2024\/08\/GettyImages-511851360_2140202.jpg 880w, https:\/\/www.sonnenklar.tv\/blog\/wp-content\/uploads\/2024\/08\/GettyImages-511851360_2140202-800x409.jpg 800w, https:\/\/www.sonnenklar.tv\/blog\/wp-content\/uploads\/2024\/08\/GettyImages-511851360_2140202-120x61.jpg 120w, https:\/\/www.sonnenklar.tv\/blog\/wp-content\/uploads\/2024\/08\/GettyImages-511851360_2140202-90x46.jpg 90w, https:\/\/www.sonnenklar.tv\/blog\/wp-content\/uploads\/2024\/08\/GettyImages-511851360_2140202-320x164.jpg 320w, https:\/\/www.sonnenklar.tv\/blog\/wp-content\/uploads\/2024\/08\/GettyImages-511851360_2140202-560x286.jpg 560w\" sizes=\"(max-width: 880px) 100vw, 880px\" \/><\/a><figcaption>Lasst euch San Sebstian nicht entgehen<\/figcaption><\/figure>\n\n\n\n<p>Auf Schritt und Tritt begegnen euch in der Stadt Erinnerungen an <strong>Christoph Kolumbus<\/strong>, der auf seinen Reisen nach Amerika \u00f6fter einen Zwischenstopp in San Sebasti\u00e1n einlegte. Im Innenhof des einstigen <strong>Zollhauses<\/strong> seht ihr sogar noch den Brunnen, aus dem der Entdecker seine Wasservorr\u00e4te aufgef\u00fcllt haben soll. Von hier aus k\u00f6nnt ihr durch die urigen Gassen bummeln und die geschichtstr\u00e4chtigen Bauten bewundern. Vor allem der Wehrturm <strong>Torre del Conde<\/strong>, das \u00e4lteste Geb\u00e4ude der Hafenstadt, und die <strong>Himmelfahrtskirche Parroquin de la Ascunci\u00f3n<\/strong> werden Kulturinteressierte in den Bann ziehen.<\/p>\n\n\n\n<h3 class=\"wp-block-heading\">Valle Gran Rey: Ferienort mit Hippie-Flair<\/h3>\n\n\n\n<p>Als wohl beliebtester Ort La Gomeras ist Valle Gran Rey im sonnigen Westen der Insel zwar touristisch gut erschlossen, hat sich aber dennoch seinen <strong>unverf\u00e4lschten Charme<\/strong> bewahrt. Es scheint fast, als sei die Zeit in dem Ferienort inmitten eines wundersch\u00f6nen Tals und umgeben von steilen Meerh\u00e4ngen einfach stehengeblieben. <\/p>\n\n\n\n<figure class=\"wp-block-image size-large\"><a href=\"https:\/\/www.sonnenklar.tv\/blog\/wp-content\/uploads\/2024\/08\/GettyImages-669667342.jpg\"><img decoding=\"async\" width=\"880\" height=\"450\" src=\"https:\/\/www.sonnenklar.tv\/blog\/wp-content\/uploads\/2024\/08\/GettyImages-669667342.jpg\" alt=\"Valle Gran Rey Panorama Blick\" class=\"wp-image-31116\" srcset=\"https:\/\/www.sonnenklar.tv\/blog\/wp-content\/uploads\/2024\/08\/GettyImages-669667342.jpg 880w, https:\/\/www.sonnenklar.tv\/blog\/wp-content\/uploads\/2024\/08\/GettyImages-669667342-800x409.jpg 800w, https:\/\/www.sonnenklar.tv\/blog\/wp-content\/uploads\/2024\/08\/GettyImages-669667342-120x61.jpg 120w, https:\/\/www.sonnenklar.tv\/blog\/wp-content\/uploads\/2024\/08\/GettyImages-669667342-90x46.jpg 90w, https:\/\/www.sonnenklar.tv\/blog\/wp-content\/uploads\/2024\/08\/GettyImages-669667342-320x164.jpg 320w, https:\/\/www.sonnenklar.tv\/blog\/wp-content\/uploads\/2024\/08\/GettyImages-669667342-560x286.jpg 560w\" sizes=\"(max-width: 880px) 100vw, 880px\" \/><\/a><figcaption>Das Valle Gran Rey ist eine Augenweide<\/figcaption><\/figure>\n\n\n\n<p>Kleine Restaurants, tolle Badebuchten und eine fast 100%ige Sonnengarantie machen die Faszination des Ortes aus. Wie magisch davon angezogen werden auch viele <strong>Aussteiger<\/strong> der Flower-Power-Generation, die in ihren alternativen Lebenskonzepten voll aufgehen. Wenn sie sich abends zusammen mit Hippies am Strand treffen, eine Yoga-Einheit einlegen und ausgelassen feiern, entsteht eine Stimmung, die ihr so wohl nur auf La Gomera erlebt.<\/p>\n\n\n\n<h3 class=\"wp-block-heading\">El Guro: K\u00fcnstlerviertel mit Ausblick<\/h3>\n\n\n\n<p>Wer Kunst liebt, kommt auf La Gomera um einen Besuch El Guros nicht herum. Das autofreie D\u00f6rfchen im oberen Teil des Valle Gran Rey ist der Treffpunkt von K\u00fcnstlern, die ihm ihre ganz eigene Note geben. Habt ihr das <strong>K\u00fcnstlerviertel<\/strong> \u00fcber die 130 Treppenstufen erreicht, f\u00fchlt ihr euch mit Blick \u00fcber die Dattelpalmen, die sich am Hang verteilen und zwischen den bunt bemalten H\u00e4userfassaden sowie zahlreichen Skulpturen wie in einer anderen Welt.<\/p>\n\n\n\n<figure class=\"wp-block-image size-large\"><a href=\"https:\/\/www.sonnenklar.tv\/blog\/wp-content\/uploads\/2024\/08\/GettyImages-503192706-1.jpg\"><img loading=\"lazy\" decoding=\"async\" width=\"880\" height=\"450\" src=\"https:\/\/www.sonnenklar.tv\/blog\/wp-content\/uploads\/2024\/08\/GettyImages-503192706-1.jpg\" alt=\"Wasserfall Salto de Aqua in Valle Gran Rey\" class=\"wp-image-31118\" srcset=\"https:\/\/www.sonnenklar.tv\/blog\/wp-content\/uploads\/2024\/08\/GettyImages-503192706-1.jpg 880w, https:\/\/www.sonnenklar.tv\/blog\/wp-content\/uploads\/2024\/08\/GettyImages-503192706-1-800x409.jpg 800w, https:\/\/www.sonnenklar.tv\/blog\/wp-content\/uploads\/2024\/08\/GettyImages-503192706-1-120x61.jpg 120w, https:\/\/www.sonnenklar.tv\/blog\/wp-content\/uploads\/2024\/08\/GettyImages-503192706-1-90x46.jpg 90w, https:\/\/www.sonnenklar.tv\/blog\/wp-content\/uploads\/2024\/08\/GettyImages-503192706-1-320x164.jpg 320w, https:\/\/www.sonnenklar.tv\/blog\/wp-content\/uploads\/2024\/08\/GettyImages-503192706-1-560x286.jpg 560w\" sizes=\"(max-width: 880px) 100vw, 880px\" \/><\/a><figcaption>Ein toller Wasserfall<\/figcaption><\/figure>\n\n\n\n<p>In El Guro startet auch der Wanderweg \u201e<strong>Salto de Agua<\/strong>\u201c zum gleichnamigen <strong>Wasserfall<\/strong>. Die als Einsteigertour geltende Wanderroute ist perfekt f\u00fcr Familien geeignet, sodass ihr alle entspannt am Wasserfall ankommt, wo euch vollkommene Ruhe erwartet<strong>.<\/strong><\/p>\n\n\n\n<h3 class=\"wp-block-heading\">Agulo: M\u00e4rchenhaftes Dorf mit urspr\u00fcnglichem Charme<\/h3>\n\n\n\n<p>F\u00fcr viele gilt Agulo als das sch\u00f6nste Dorf La Gomeras. Mit Sicherheit ist die <strong>kleinste Gemeinde<\/strong> der Insel jedoch einer ihrer urspr\u00fcnglichsten Orte. Vor einer roten Steilwand erhebt sich Agulo mit seinen Kolonialbauten und verwinkelten Gassen auf einer Plattform \u00fcber dem Meer. Wenn ihr \u00fcber das <strong>Kopfsteinpflaster<\/strong> spaziert, euch entz\u00fcckt ausmalt, wie das Leben hinter den Mauern der alten Steinh\u00e4user wohl aussehen mag und die wei\u00dfe im maurischen Stil erbaute <strong>Pfarrkirche San Marcos<\/strong> besichtigt, begegnet ihr wahrscheinlich keiner Menschenseele. Abgesehen von ein paar Einheimischen oder Wanderern. <\/p>\n\n\n\n<figure class=\"wp-block-image size-large\"><a href=\"https:\/\/www.sonnenklar.tv\/blog\/wp-content\/uploads\/2024\/08\/GettyImages-681696366_3484356.jpg\"><img loading=\"lazy\" decoding=\"async\" width=\"880\" height=\"450\" src=\"https:\/\/www.sonnenklar.tv\/blog\/wp-content\/uploads\/2024\/08\/GettyImages-681696366_3484356.jpg\" alt=\"Blick auf das Dorf Agulo auf La Gomera, Kanarischen Inseln, Spanien\" class=\"wp-image-31120\" srcset=\"https:\/\/www.sonnenklar.tv\/blog\/wp-content\/uploads\/2024\/08\/GettyImages-681696366_3484356.jpg 880w, https:\/\/www.sonnenklar.tv\/blog\/wp-content\/uploads\/2024\/08\/GettyImages-681696366_3484356-800x409.jpg 800w, https:\/\/www.sonnenklar.tv\/blog\/wp-content\/uploads\/2024\/08\/GettyImages-681696366_3484356-120x61.jpg 120w, https:\/\/www.sonnenklar.tv\/blog\/wp-content\/uploads\/2024\/08\/GettyImages-681696366_3484356-90x46.jpg 90w, https:\/\/www.sonnenklar.tv\/blog\/wp-content\/uploads\/2024\/08\/GettyImages-681696366_3484356-320x164.jpg 320w, https:\/\/www.sonnenklar.tv\/blog\/wp-content\/uploads\/2024\/08\/GettyImages-681696366_3484356-560x286.jpg 560w\" sizes=\"(max-width: 880px) 100vw, 880px\" \/><\/a><figcaption>Agulo, ein charmantes Dorf auf La Gomera, umgeben von atemberaubender Natur und Meerblick<\/figcaption><\/figure>\n\n\n\n<p>Vom <strong>Aussichtspunkt Mirador de Abrante<\/strong> lernt ihr die \u201ePraline von La Gomera\u201c aus einem anderen Blickwinkel kennen. Auf dem Skywalk mit Glasboden f\u00fchlt ihr euch, als w\u00fcrdet ihr \u00fcber der wundersch\u00f6nen Landschaft schweben. Es lohnt sich jedoch, den Blick zu heben und \u00fcber das Meer bis hin zur Nachbarinsel Teneriffa zu schauen.<\/p>\n\n\n\n<h2 class=\"wp-block-heading\" id=\"strand\">Pechschw\u00e4rze Str\u00e4nde mit und ohne Trubel<\/h2>\n\n\n\n<p>La Gomera ist zwar nicht unbedingt als Badeinsel bekannt, doch vor allem der S\u00fcden der Insel verzaubert mit zauberhaften Naturstr\u00e4nden, einsamen Buchten und einer \u00dcberraschung: Der Sand kann den vulkanischen Ursprung La Gomeras nicht leugnen und ist daher nicht wei\u00df, sondern pechschwarz.<\/p>\n\n\n\n<h3 class=\"wp-block-heading\">Playa de Valle Gran Rey: Der Familienstrand<\/h3>\n\n\n\n<p>Wer vor allem zum Baden nach La Gomera kommt, ist in Valle Gran Rey am besten aufgehoben. Hier gibt es gleich mehrere Str\u00e4nde, am bekanntesten ist der auch als Playa Calera bezeichnete Playa de Valle Gran Rey zwischen La Playa und La Puntilla. <\/p>\n\n\n\n<figure class=\"wp-block-image size-large\"><a href=\"https:\/\/www.sonnenklar.tv\/blog\/wp-content\/uploads\/2024\/08\/GettyImages-174270531.jpg_4124200.jpg\"><img loading=\"lazy\" decoding=\"async\" width=\"880\" height=\"450\" src=\"https:\/\/www.sonnenklar.tv\/blog\/wp-content\/uploads\/2024\/08\/GettyImages-174270531.jpg_4124200.jpg\" alt=\"Schwarzer Sandstrand La Playa Valle Gran Rey auf La Gomera, Kanarische Inseln, Spanien\" class=\"wp-image-31122\" srcset=\"https:\/\/www.sonnenklar.tv\/blog\/wp-content\/uploads\/2024\/08\/GettyImages-174270531.jpg_4124200.jpg 880w, https:\/\/www.sonnenklar.tv\/blog\/wp-content\/uploads\/2024\/08\/GettyImages-174270531.jpg_4124200-800x409.jpg 800w, https:\/\/www.sonnenklar.tv\/blog\/wp-content\/uploads\/2024\/08\/GettyImages-174270531.jpg_4124200-120x61.jpg 120w, https:\/\/www.sonnenklar.tv\/blog\/wp-content\/uploads\/2024\/08\/GettyImages-174270531.jpg_4124200-90x46.jpg 90w, https:\/\/www.sonnenklar.tv\/blog\/wp-content\/uploads\/2024\/08\/GettyImages-174270531.jpg_4124200-320x164.jpg 320w, https:\/\/www.sonnenklar.tv\/blog\/wp-content\/uploads\/2024\/08\/GettyImages-174270531.jpg_4124200-560x286.jpg 560w\" sizes=\"(max-width: 880px) 100vw, 880px\" \/><\/a><figcaption>Die nat\u00fcrliche Sch\u00f6nheit von La Playa Valle Gran Rey auf La Gomera \u2013 Schwarzer Sandstrand und glasklares Wasser<\/figcaption><\/figure>\n\n\n\n<p>Der <strong>feine schwarze Sand<\/strong> und das <strong>flach abfallende Wasser<\/strong> machen den Strand perfekt f\u00fcr Familien mit Kindern. Die Caf\u00e9s und Restaurants an der autofreien Promenade sorgen zwischendurch f\u00fcr St\u00e4rkung. Im Winter ist der Strand steiniger, denn dann tr\u00e4gt das Meer den Sand ab und es kommt die K\u00fcste zum Vorschein.<\/p>\n\n\n\n<h3 class=\"wp-block-heading\">Playa de Santiago: Der Ruhige<\/h3>\n\n\n\n<p>Als <strong>s\u00fcdlichster Ort<\/strong> La Gomeras bietet Playa de Santiago beste Voraussetzungen f\u00fcr eine sonnenreiche Zeit am Meer. M\u00f6gt ihr es etwas ruhiger als im Valle Gran Rey, seid ihr hier genau richtig. Der Strand des ehemaligen Fischerdorfes befindet sich direkt am Hafen und am malerischen Dorfplatz. <\/p>\n\n\n\n<figure class=\"wp-block-image size-large\"><a href=\"https:\/\/www.sonnenklar.tv\/blog\/wp-content\/uploads\/2024\/08\/GettyImages-918195158.jpg\"><img loading=\"lazy\" decoding=\"async\" width=\"880\" height=\"450\" src=\"https:\/\/www.sonnenklar.tv\/blog\/wp-content\/uploads\/2024\/08\/GettyImages-918195158.jpg\" alt=\"La Gomera Blick auf Strand Playa de Santiago\" class=\"wp-image-31124\" srcset=\"https:\/\/www.sonnenklar.tv\/blog\/wp-content\/uploads\/2024\/08\/GettyImages-918195158.jpg 880w, https:\/\/www.sonnenklar.tv\/blog\/wp-content\/uploads\/2024\/08\/GettyImages-918195158-800x409.jpg 800w, https:\/\/www.sonnenklar.tv\/blog\/wp-content\/uploads\/2024\/08\/GettyImages-918195158-120x61.jpg 120w, https:\/\/www.sonnenklar.tv\/blog\/wp-content\/uploads\/2024\/08\/GettyImages-918195158-90x46.jpg 90w, https:\/\/www.sonnenklar.tv\/blog\/wp-content\/uploads\/2024\/08\/GettyImages-918195158-320x164.jpg 320w, https:\/\/www.sonnenklar.tv\/blog\/wp-content\/uploads\/2024\/08\/GettyImages-918195158-560x286.jpg 560w\" sizes=\"(max-width: 880px) 100vw, 880px\" \/><\/a><figcaption>Baden und chillen am Playa de Santiago<\/figcaption><\/figure>\n\n\n\n<p>An einem Abschnitt k\u00f6nnt ihr es euch sogar im extra aufgesch\u00fctteten <strong>wei\u00dfen Sand<\/strong> bequem machen. Doch auch der Sprung ins Wasser lohnt sich. Aufgrund der Hafenmole ist das Meer hier gut vor der Brandung gesch\u00fctzt, sodass ihr euch sicher erfrischen k\u00f6nnt.<\/p>\n\n\n\n<h2 class=\"wp-block-heading\" id=\"plaetze\">Mystische Pl\u00e4tze an Land und im Meer<\/h2>\n\n\n\n<p>Mit ihren abwechslungsreichen, rauen Landschaften spielt die kleine Insel Gomera ganz gro\u00df auf. Inmitten von gr\u00fcner und fruchtbarer Natur mit weiten T\u00e4lern und imposanten Bergen gibt es hier nicht nur unz\u00e4hlige Strecken zum Wandern, sondern vor allem viel zu sehen. Insbesondere den n\u00f6rdlichen Teil der Kanareninsel solltet ihr als Outdoorfans unbedingt erkunden.<\/p>\n\n\n\n<h3 class=\"wp-block-heading\">Parque Nacional de Garajonay: Wandern im M\u00e4rchenwald<\/h3>\n\n\n\n<p>Wenn der Nebel die jahrhundertealten <strong>Lorbeerb\u00e4ume<\/strong> umh\u00fcllt, seltene Tiere durch die <strong>Flechten und Farne<\/strong> huschen und euch au\u00dfer einzelnen Tierlauten absolute Stille umgibt, f\u00fchlt ihr euch wie in einer M\u00e4rchenwelt. Tats\u00e4chlich seid ihr jedoch im rund 40 km\u00b2 Nationalpark Garanjonay auf La Gomera unterwegs. Der Lorbeerwald, auch als \u201e<strong>Nebelwald<\/strong>\u201c bekannt, sorgt mit seinen \u00fcber 1.000 Spezies, massiven Gesteinsformationen und <strong>rund 18 Wanderrouten<\/strong> bei Biologen, Wanderern und Naturfotografen f\u00fcr Gl\u00fccksgef\u00fchle. <\/p>\n\n\n\n<figure class=\"wp-block-image size-large\"><a href=\"https:\/\/www.sonnenklar.tv\/blog\/wp-content\/uploads\/2024\/08\/GettyImages-668923534_2028721.jpg\"><img loading=\"lazy\" decoding=\"async\" width=\"880\" height=\"450\" src=\"https:\/\/www.sonnenklar.tv\/blog\/wp-content\/uploads\/2024\/08\/GettyImages-668923534_2028721.jpg\" alt=\"Dicht bewachesner Wald Laurisilva \/ Fog forest im Garajonay National Park\" class=\"wp-image-31126\" srcset=\"https:\/\/www.sonnenklar.tv\/blog\/wp-content\/uploads\/2024\/08\/GettyImages-668923534_2028721.jpg 880w, https:\/\/www.sonnenklar.tv\/blog\/wp-content\/uploads\/2024\/08\/GettyImages-668923534_2028721-800x409.jpg 800w, https:\/\/www.sonnenklar.tv\/blog\/wp-content\/uploads\/2024\/08\/GettyImages-668923534_2028721-120x61.jpg 120w, https:\/\/www.sonnenklar.tv\/blog\/wp-content\/uploads\/2024\/08\/GettyImages-668923534_2028721-90x46.jpg 90w, https:\/\/www.sonnenklar.tv\/blog\/wp-content\/uploads\/2024\/08\/GettyImages-668923534_2028721-320x164.jpg 320w, https:\/\/www.sonnenklar.tv\/blog\/wp-content\/uploads\/2024\/08\/GettyImages-668923534_2028721-560x286.jpg 560w\" sizes=\"(max-width: 880px) 100vw, 880px\" \/><\/a><figcaption>Genie\u00dft die gr\u00fcne Natur auf La Gomera<\/figcaption><\/figure>\n\n\n\n<p>Der H\u00f6hepunkt des seit 1986 zum <strong>UNESCO Welterbe<\/strong> geh\u00f6renden pr\u00e4historischen Urwalds ist im wahrsten Sinne des Wortes der mit 1.387 Metern h\u00f6chste Berg <strong>Alto de Garajonay<\/strong>, von dem ihr bei gutem Wetter euren Blick nicht nur \u00fcber La Gomera schweifen lasst, sondern sogar die kanarischen Inseln El Hierro, La Palma, Teneriffa und Gran Canaria erblicken k\u00f6nnt.<\/p>\n\n\n\n<h3 class=\"wp-block-heading\">La Fortaleza: Kulturst\u00e4tte f\u00fcr Schwindelfreie<\/h3>\n\n\n\n<p>Die meisten Wanderer schn\u00fcren zwar im Garajonay Nationalpark ihre Schuhe, doch auf La Gomera gibt es noch mehr Gipfel zu erklimmen. W\u00e4hrend der Alto de Garajonay auch f\u00fcr Anf\u00e4nger einfach zu besteigen ist, erfordert der <strong>Tafelberg<\/strong> La Fortaleza im Dorf Chipude in der Gemeinde <strong>Vallehermoso<\/strong> etwas mehr Ausdauer und Schwindelfreiheit. Das macht ihn zum echten Geheimtipp f\u00fcr erfahrene Wanderer. <\/p>\n\n\n\n<figure class=\"wp-block-image size-large\"><a href=\"https:\/\/www.sonnenklar.tv\/blog\/wp-content\/uploads\/2024\/08\/GettyImages-46500007.jpg\"><img loading=\"lazy\" decoding=\"async\" width=\"880\" height=\"450\" src=\"https:\/\/www.sonnenklar.tv\/blog\/wp-content\/uploads\/2024\/08\/GettyImages-46500007.jpg\" alt=\"Gr\u00fcne Landschaft mit Gebirge im Hintergrund auf La Gomera\" class=\"wp-image-31128\" srcset=\"https:\/\/www.sonnenklar.tv\/blog\/wp-content\/uploads\/2024\/08\/GettyImages-46500007.jpg 880w, https:\/\/www.sonnenklar.tv\/blog\/wp-content\/uploads\/2024\/08\/GettyImages-46500007-800x409.jpg 800w, https:\/\/www.sonnenklar.tv\/blog\/wp-content\/uploads\/2024\/08\/GettyImages-46500007-120x61.jpg 120w, https:\/\/www.sonnenklar.tv\/blog\/wp-content\/uploads\/2024\/08\/GettyImages-46500007-90x46.jpg 90w, https:\/\/www.sonnenklar.tv\/blog\/wp-content\/uploads\/2024\/08\/GettyImages-46500007-320x164.jpg 320w, https:\/\/www.sonnenklar.tv\/blog\/wp-content\/uploads\/2024\/08\/GettyImages-46500007-560x286.jpg 560w\" sizes=\"(max-width: 880px) 100vw, 880px\" \/><\/a><figcaption>Die Landschaft auf La Gomera ist sehr vielf\u00e4lltig<\/figcaption><\/figure>\n\n\n\n<p>An der Spitze des rund <strong>1.241 Meter<\/strong> hohen Berges angekommen, belohnen euch die ph\u00e4nomenale Aussicht und die mystische Stimmung inmitten einer Kultur- und Opferst\u00e4tte der Guachen, der Ureinwohner La Gomeras. Kein Wunder, dass der erkaltete Vulkanschlot einst als magischer Ort galt.<\/p>\n\n\n\n<h3 class=\"wp-block-heading\">Hermigua: Das unber\u00fchrte gr\u00fcne Tal<\/h3>\n\n\n\n<p>Wer La Gomera auf authentische und urspr\u00fcngliche Weise kennenlernen m\u00f6chte, findet mit Hermigua im Norden der Insel einen bisher touristisch fast noch unentdeckten Ort. Vertr\u00e4umt s\u00e4umen einzelne kleine D\u00f6rfer das <strong>7 Kilometer lange ganzj\u00e4hrig gr\u00fcne Tal<\/strong> zwischen dem Garajonay Nationalpark und dem Meer. Der kleine Fluss Rio del Cedro versorgt das Tal mit ausreichend Wasser, sodass Bananen, Avocados und Mangos auf den sonnigen Terrassen bestens gedeihen k\u00f6nnen. <\/p>\n\n\n\n<figure class=\"wp-block-image size-large\"><a href=\"https:\/\/www.sonnenklar.tv\/blog\/wp-content\/uploads\/2024\/08\/GettyImages-673067550_2028718.jpg\"><img loading=\"lazy\" decoding=\"async\" width=\"880\" height=\"450\" src=\"https:\/\/www.sonnenklar.tv\/blog\/wp-content\/uploads\/2024\/08\/GettyImages-673067550_2028718.jpg\" alt=\"Blick auf Stadt und Berg, La Gomera\" class=\"wp-image-31130\" srcset=\"https:\/\/www.sonnenklar.tv\/blog\/wp-content\/uploads\/2024\/08\/GettyImages-673067550_2028718.jpg 880w, https:\/\/www.sonnenklar.tv\/blog\/wp-content\/uploads\/2024\/08\/GettyImages-673067550_2028718-800x409.jpg 800w, https:\/\/www.sonnenklar.tv\/blog\/wp-content\/uploads\/2024\/08\/GettyImages-673067550_2028718-120x61.jpg 120w, https:\/\/www.sonnenklar.tv\/blog\/wp-content\/uploads\/2024\/08\/GettyImages-673067550_2028718-90x46.jpg 90w, https:\/\/www.sonnenklar.tv\/blog\/wp-content\/uploads\/2024\/08\/GettyImages-673067550_2028718-320x164.jpg 320w, https:\/\/www.sonnenklar.tv\/blog\/wp-content\/uploads\/2024\/08\/GettyImages-673067550_2028718-560x286.jpg 560w\" sizes=\"(max-width: 880px) 100vw, 880px\" \/><\/a><figcaption>Tolle Ausblicke an jeder Ecke erwarten euch auf der Insel<\/figcaption><\/figure>\n\n\n\n<p>Die Plantagen sind ein toller farblicher Kontrast zum Meer und eine spektakul\u00e4re Kulisse f\u00fcr eure <strong>Wanderungen und Radtouren<\/strong>. Auch die als <strong>Zwillingsfelsen<\/strong> bekannten <strong>Roque Pedro y Petra<\/strong> sind ein echter Hingucker. Im <strong>Museo Etnogr\u00e1fico de La Gomera<\/strong> erfahrt ihr mehr \u00fcber das Leben der kanarischen Ureinwohner, unter anderem auch \u00fcber ihre Pfeifsprache.<\/p>\n\n\n\n<h3 class=\"wp-block-heading\">Los \u00d3rganos: Orgelpfeifen aus Basalt<\/h3>\n\n\n\n<p>Bizarr und wie k\u00fcnstlich angelegt wirken die an der Nordk\u00fcste von La Gomera \u00fcber eine Breite von 200 Metern und einer H\u00f6he von 800 Metern aus dem Meer ragenden \u201eOrgelpfeifen\u201c auf den ersten Blick. In Wirklichkeit handelt es sich jedoch um <strong>abgek\u00fchlte Lava<\/strong>, die die wilden Wellen des Atlantiks \u00fcber Jahrhunderte hinweg freigelegt haben. Ein eindrucksvoller Nachweis daf\u00fcr, wie die unterschiedlichen Naturgewalten das Gesicht La Gomeras bestimmen. <\/p>\n\n\n\n<figure class=\"wp-block-image size-large\"><a href=\"https:\/\/www.sonnenklar.tv\/blog\/wp-content\/uploads\/2024\/08\/GettyImages-1088396038_kl.jpg\"><img loading=\"lazy\" decoding=\"async\" width=\"880\" height=\"450\" src=\"https:\/\/www.sonnenklar.tv\/blog\/wp-content\/uploads\/2024\/08\/GettyImages-1088396038_kl.jpg\" alt=\"Basaltorgeln bei Valle Gran Rey auf La Gomera\" class=\"wp-image-31132\" srcset=\"https:\/\/www.sonnenklar.tv\/blog\/wp-content\/uploads\/2024\/08\/GettyImages-1088396038_kl.jpg 880w, https:\/\/www.sonnenklar.tv\/blog\/wp-content\/uploads\/2024\/08\/GettyImages-1088396038_kl-800x409.jpg 800w, https:\/\/www.sonnenklar.tv\/blog\/wp-content\/uploads\/2024\/08\/GettyImages-1088396038_kl-120x61.jpg 120w, https:\/\/www.sonnenklar.tv\/blog\/wp-content\/uploads\/2024\/08\/GettyImages-1088396038_kl-90x46.jpg 90w, https:\/\/www.sonnenklar.tv\/blog\/wp-content\/uploads\/2024\/08\/GettyImages-1088396038_kl-320x164.jpg 320w, https:\/\/www.sonnenklar.tv\/blog\/wp-content\/uploads\/2024\/08\/GettyImages-1088396038_kl-560x286.jpg 560w\" sizes=\"(max-width: 880px) 100vw, 880px\" \/><\/a><figcaption>Eindrucksvolles Naturkunstwerk sind die Basaltorgeln<\/figcaption><\/figure>\n\n\n\n<p>Das Felsmassiv f\u00e4llt so steil ab, dass ihr die zerkl\u00fcfteten Basalts\u00e4ulen mit einem Durchmesser von bis zu einem Meter in ihrer vollen Pracht am besten w\u00e4hrend <strong>Bootstouren ab Valle Gran Rey oder Playa de Santiago<\/strong> bewundern k\u00f6nnt. Es ist nicht unwahrscheinlich, dass ihr nicht nur fasziniert betrachtet, wie Wellen und Gischt die S\u00e4ulen umsp\u00fclen, sondern auch Wale und Delfine zu Gesicht bekommt.<\/p>\n\n\n\n<h2 class=\"wp-block-heading\">H\u00e4ufig gestellte Fragen zu La Gomera<\/h2>\n\n\n\n<p>Magische Landschaften, bunte Orte und urspr\u00fcngliches Inselleben klingen ganz nach eurem Geschmack? Damit ihr La Gomera in vollen Z\u00fcgen genie\u00dfen k\u00f6nnt, beantworten wir euch vor eurer Reise noch die wichtigsten Fragen.<\/p>\n\n\n\n<h3 class=\"wp-block-heading\" id=\"schoen\">Wo ist es am sch\u00f6nsten auf La Gomera?<\/h3>\n\n\n\n<p>La Gomera steckt voller sch\u00f6ner Orte. Besonders popul\u00e4r ist der Ferienort <strong>Valle Gran Rey<\/strong> im Westen der Insel. Das bezaubernde Tal mit seinen tollen Str\u00e4nden, Ortsteilen voller Charakter und zahlreichen Wanderwegen bietet f\u00fcr jeden Geschmack etwas. Wer gerne in ruhiger Atmosph\u00e4re badet und golft, wird in <strong>Playa Santiago<\/strong> im S\u00fcden seinen Lieblingsplatz finden. Doch auch den gr\u00fcnen Norden sollte man gesehen haben, um die Insel in ihrer ganzen Sch\u00f6nheit erfassen zu k\u00f6nnen. <\/p>\n\n\n\n<p>Mit <strong>Hermigua<\/strong> und seinen Bananenplantagen sowie dem beschaulichen <strong>Agulo<\/strong> befinden sich hier zwei absolut sehenswerte Orte. Wer ein Faible f\u00fcr mystische Naturlandschaften hat, wird wie verzaubert durch den Nebelwald im <strong>Parque Nacional de Garajonay<\/strong> wandern. Das Wetter ist im S\u00fcden meist etwas sonniger und trockener als im fruchtbaren Norden.<\/p>\n\n\n\n<h3 class=\"wp-block-heading\" id=\"besonders\">Was ist das Besondere an La Gomera?<\/h3>\n\n\n\n<p>Im Vergleich zu den anderen Kanarischen Inseln zeigt sich La Gomera von einer <strong>wilderen und unber\u00fchrteren<\/strong> Seite. Der <strong>\u00d6kotourismus<\/strong> spielt hier eine gro\u00dfe Rolle, schlie\u00dflich sollen sich auch kommende Generationen an den einzigartigen Landschaften erfreuen k\u00f6nnen. Das spiegelt sich ebenso im entspannten und lockeren Flair der Insel wider. Die Sehensw\u00fcrdigkeiten sind hier vor allem landschaftlicher Natur. Etwas ganz Besonderes sind die schwarzen Vulkanstr\u00e4nde, idyllische Buchten wechseln sich mit gr\u00fcnen T\u00e4lern und schroffen Bergen ab.<\/p>\n\n\n\n<p>Im verwunschenen <strong>Garajonay Nationalpark<\/strong> f\u00fchlt man sich wie in einer anderen Welt, wenn die Nebelschwaden durch die 1.000 Jahre alten Lorbeerb\u00e4ume ziehen. Wer auf La Gomera unterwegs ist, dem fallen zudem die vielen <strong>Wanderwege<\/strong> ins Auge, die die Insel zu einem echten Wanderparadies machen. F\u00fcr geschichtlich und kulturell Interessierte ist vor allem die Tatsache, dass <strong>Christoph Kolumbus<\/strong> sich des \u00d6fteren auf La Gomera aufhielt, aufregend. Insbesondere in <strong>der Hauptstadt San Sebasti\u00e1n<\/strong> l\u00e4sst es sich auf den Spuren des Entdeckers wandeln.<\/p>\n\n\n\n<h3 class=\"wp-block-heading\" id=\"hippies\">Wo leben die Hippies auf La Gomera?<\/h3>\n\n\n\n<p>Der beliebte Ferienort <strong>Valle Gran Rey<\/strong> ist als Kultst\u00e4tte der Hippies bekannt. Zahlreiche Aussteiger zogen sich zum Ende der 1960er Jahre zur Zeit der Flower-Power-Bewegung auf das damals noch unerschlossene La Gomera zur\u00fcck und richteten sich in den zerkl\u00fcfteten Felsw\u00e4nden der sogenannten <strong>Schweinebucht<\/strong> s\u00fcdlich von Vueltas fernab der Zivilisation h\u00e4uslich ein. Die Sch\u00f6nheit des einstigen Fischerdorfes haben mittlerweile zwar auch Reisende aus aller Welt erkannt, doch noch immer zelebrieren die damaligen Blumenkinder gemeinsam mit modernen Hippies einen <strong>alternativen Lifestyle<\/strong>. <\/p>\n\n\n\n<p>Am Abend, wenn die Sonne am Horizont des Atlantiks untergeht, finden sie sich am Strand zusammen, um zu trommeln und zu tanzen. Doch auch tags\u00fcber sind Yoga-Stunden am Strand und Nacktbadende keine Seltenheit. Einige H\u00f6hlenmenschen haben es sich zudem am verlassenen, nur zu Fu\u00df erreichbaren <strong>Playa de Chinguarime<\/strong> in der N\u00e4he von Playa de Santiago gem\u00fctlich gemacht. Da die Hippies es nicht so gerne haben, als Touristenattraktion angesehen zu werden, solltet ihr ihre Privatsph\u00e4re respektieren und die entspannte Atmosph\u00e4re nicht st\u00f6ren.<\/p>\n\n\n\n<h2 class=\"wp-block-heading\">Fazit zu La Gomera<\/h2>\n\n\n\n<p>Klein, aber fein: Wenn man La Gomera mit wenigen Worten beschreiben m\u00f6chte, dann wohl so. Vor allem in Sachen Natur zeigt die zweitkleinste der Kanareninseln ihre wahre Gr\u00f6\u00dfe. Inmitten von malerischen und unber\u00fchrten, teils wilden Landschaften f\u00fchlt man sich wie in einer Fantasiewelt angekommen. An den pechschwarzen Str\u00e4nden schaltet ihr mit Blick auf das Meer sicherlich unweigerlich einen Gang zur\u00fcck. Abenteuer kommen dennoch nicht zu kurz. Als Aktivreisende k\u00f6nnt ihr euch auf den unz\u00e4hligen Wanderwegen austoben, einzigartige Aussichten genie\u00dfen und tief in die Kultur der faszinierenden Insel eintauchen. Die kleine Wilde ist wie gemacht f\u00fcr Alle auf der Suche nach dem Au\u00dfergew\u00f6hnlichen.<\/p>\n\n\n\n<p><\/p>\n\n\n[otw_shortcode_info_box border_type=&#8220;bordered&#8220; border_color_class=&#8220;otw-orange-border&#8220; border_style=&#8220;bordered&#8220;]<strong>Info:<\/strong> Ihr habt Sehnsucht nach der naturbelassenen Kanareninsel? Dann sind unsere Angebote f\u00fcr <a href=\"https:\/\/www.sonnenklar.tv\/promo\/reisen-la-gomera.html\" target=\"_blank\" rel=\"noopener\">La Gomera Reisen<\/a> etwas f\u00fcr euch! [\/otw_shortcode_info_box]\n","protected":false},"excerpt":{"rendered":"<p>Fruchtbare T\u00e4ler, karge Berge, idyllische Orte, schwarze Str\u00e4nde und eine eigene Pfeifsprache: La Gomera muss sich hinter ihren Schwesterinseln keineswegs verstecken. Die zweitkleinste der Kanareninseln verzaubert mit ihrer Urspr\u00fcnglichkeit, einem ganzj\u00e4hrig angenehm milden Klima und der perfekten Mischung aus Kultur und Natur. Ob zum \u00dcberwintern, f\u00fcr eine Sommerauszeit oder einfach, um zwischendurch umgeben vom wilden<\/p>\n","protected":false},"author":3,"featured_media":30086,"comment_status":"closed","ping_status":"open","sticky":false,"template":"","format":"standard","meta":{"footnotes":""},"categories":[457],"tags":[641,640],"class_list":{"0":"post-31097","1":"post","2":"type-post","3":"status-publish","4":"format-standard","5":"has-post-thumbnail","7":"category-spanien","8":"tag-badeurlaub","9":"tag-la-gomera"},"_links":{"self":[{"href":"https:\/\/www.sonnenklar.tv\/blog\/wp-json\/wp\/v2\/posts\/31097","targetHints":{"allow":["GET"]}}],"collection":[{"href":"https:\/\/www.sonnenklar.tv\/blog\/wp-json\/wp\/v2\/posts"}],"about":[{"href":"https:\/\/www.sonnenklar.tv\/blog\/wp-json\/wp\/v2\/types\/post"}],"author":[{"embeddable":true,"href":"https:\/\/www.sonnenklar.tv\/blog\/wp-json\/wp\/v2\/users\/3"}],"replies":[{"embeddable":true,"href":"https:\/\/www.sonnenklar.tv\/blog\/wp-json\/wp\/v2\/comments?post=31097"}],"version-history":[{"count":19,"href":"https:\/\/www.sonnenklar.tv\/blog\/wp-json\/wp\/v2\/posts\/31097\/revisions"}],"predecessor-version":[{"id":31136,"href":"https:\/\/www.sonnenklar.tv\/blog\/wp-json\/wp\/v2\/posts\/31097\/revisions\/31136"}],"wp:featuredmedia":[{"embeddable":true,"href":"https:\/\/www.sonnenklar.tv\/blog\/wp-json\/wp\/v2\/media\/30086"}],"wp:attachment":[{"href":"https:\/\/www.sonnenklar.tv\/blog\/wp-json\/wp\/v2\/media?parent=31097"}],"wp:term":[{"taxonomy":"category","embeddable":true,"href":"https:\/\/www.sonnenklar.tv\/blog\/wp-json\/wp\/v2\/categories?post=31097"},{"taxonomy":"post_tag","embeddable":true,"href":"https:\/\/www.sonnenklar.tv\/blog\/wp-json\/wp\/v2\/tags?post=31097"}],"curies":[{"name":"wp","href":"https:\/\/api.w.org\/{rel}","templated":true}]}}