{"id":30719,"date":"2024-09-11T14:42:48","date_gmt":"2024-09-11T13:42:48","guid":{"rendered":"https:\/\/www.sonnenklar.tv\/blog\/?p=30719"},"modified":"2026-02-16T08:55:28","modified_gmt":"2026-02-16T07:55:28","slug":"sonneziele-im-winter-europa","status":"publish","type":"post","link":"https:\/\/www.sonnenklar.tv\/blog\/reisetipps\/sonneziele-im-winter-europa\/","title":{"rendered":"Der K\u00e4lte entfliehen \u2013 wo es in Europa im Winter angenehm warm ist"},"content":{"rendered":"\n<p><strong>Der Winter steht vor der T\u00fcr und mit ihm die K\u00e4lte. Nicht jeder freut sich auf Skifahren und andere Aktivit\u00e4ten im Schnee. Muss ja auch nicht sein. Es gibt Pl\u00e4tze in Europa, an denen es angenehm milde Temperaturen gibt und ihr dem kalten Grau zu Hause entfliehen k\u00f6nnt. Wir stellen euch einige vor.<\/strong><\/p>\n\n\n\n<p>Der Winter in unseren Breitengraden kann ganz sch\u00f6n kalt und schmuddelig sein. Wenn ihr dann auch noch in einer Stadt wohnt, wird es, falls es mal schneien sollte, schnell matschig. Das ist f\u00fcr viele ein echter Kraus. Immer mehr Menschen entfliehen dem Winter in Deutschland und fliegen in die Sonne. Solche Ziele sind gar nicht so weit entfernt. Dort k\u00f6nnt ihr vielleicht nicht im Meer baden, aber bei angenehmen Temperaturen in der Sonne sitzen und das Leben genie\u00dfen.<\/p>\n\n\n\n<p><strong>Inhaltsverzeichnis: Top-Sonnenziele im Winter<\/strong><\/p>\n\n\n\n<ul class=\"wp-block-list\">\n<li><a title=\"kanaren\" href=\"#kanaren\">Kanaren<\/a><\/li>\n\n\n\n<li><a title=\"algarve\" href=\"#algarve\">Algarve<\/a><\/li>\n\n\n\n<li><a title=\"andalusien\" href=\"#andalusien\">Andalusien<\/a><\/li>\n\n\n\n<li><a title=\"cote-d-azur\" href=\"#cote-d-azur\">C\u00f4te d\u2019Azur<\/a><\/li>\n\n\n\n<li><a title=\"sizilien\" href=\"#sizilien\">Sizilien<\/a><\/li>\n\n\n\n<li><a title=\"kalabrien\" href=\"#kalabrien\">Kalabrien<\/a><\/li>\n\n\n\n<li><a title=\"malta\" href=\"#malta\">Malta<\/a><\/li>\n\n\n\n<li><a title=\"griechenland\" href=\"#griechenland\">Griechenland<\/a><\/li>\n\n\n\n<li><a href=\"#zypern\">Zypern<\/a><\/li>\n<\/ul>\n\n\n\n<h2 class=\"wp-block-heading\" id=\"kanaren\">Die Kanaren &#8211; Inseln des ewigen Fr\u00fchlings<\/h2>\n\n\n\n<p>Nur etwas \u00fcber vier Stunden Flugzeit dauert es bis ihr die Inseln im Atlantik erreicht, wo das ganze Jahr \u00fcber milde Temperaturen herrschen. Schnee gibt es hier h\u00f6chstens auf dem Teide auf Teneriffa, aber der ragt ja auch etwas mehr als 3700 Meter \u00fcber das Meer hinaus. Selbst im k\u00e4ltesten Monat Januar erwarten euch hier tags\u00fcber angenehme 20 Grad Celsius. Da das Meer dann auch noch um die 18 Grad warm ist, k\u00f6nnt ihr hier sogar einen Badeurlaub verbringen.<\/p>\n\n\n\n<p>Wenn euch das zu kalt ist, nutzt die milden Temperaturen und geht wandern. Abwechslungsreiche Wandertouren findet ihr auf jeder Insel, besonders reizvoll sind diese aber auf La Gomera und El Hierro. Letztere ist \u00fcbrigens die erste Insel der Welt, die zu 100 Prozent erneuerbare Energien nutzt. Diese beiden Inseln sind gr\u00fcner als die anderen Kanarischen Inseln und bieten euch neben Natur vor allem Ruhe.<\/p>\n\n\n\n<figure class=\"wp-block-image size-large\"><a href=\"https:\/\/www.sonnenklar.tv\/blog\/wp-content\/uploads\/2024\/08\/landschaft-la-gomera.jpg\"><img fetchpriority=\"high\" decoding=\"async\" width=\"880\" height=\"450\" src=\"https:\/\/www.sonnenklar.tv\/blog\/wp-content\/uploads\/2024\/08\/landschaft-la-gomera.jpg\" alt=\"landschaft in La Gomera auf den kanarischen Inseln\" class=\"wp-image-30726\" srcset=\"https:\/\/www.sonnenklar.tv\/blog\/wp-content\/uploads\/2024\/08\/landschaft-la-gomera.jpg 880w, https:\/\/www.sonnenklar.tv\/blog\/wp-content\/uploads\/2024\/08\/landschaft-la-gomera-800x409.jpg 800w, https:\/\/www.sonnenklar.tv\/blog\/wp-content\/uploads\/2024\/08\/landschaft-la-gomera-120x61.jpg 120w, https:\/\/www.sonnenklar.tv\/blog\/wp-content\/uploads\/2024\/08\/landschaft-la-gomera-90x46.jpg 90w, https:\/\/www.sonnenklar.tv\/blog\/wp-content\/uploads\/2024\/08\/landschaft-la-gomera-320x164.jpg 320w, https:\/\/www.sonnenklar.tv\/blog\/wp-content\/uploads\/2024\/08\/landschaft-la-gomera-560x286.jpg 560w\" sizes=\"(max-width: 880px) 100vw, 880px\" \/><\/a><figcaption class=\"wp-element-caption\">la Gomera<\/figcaption><\/figure>\n\n\n\n<p>F\u00fcr einen Strandurlaub empfehlen sich die Inseln Fuerteventura und Gran Canaria. Gerade Fuerteventura punktet mit echten Traumstr\u00e4nden. Aber auch mit ausgezeichneten Windverh\u00e4ltnissen, sodass ihr hier optimale Bedingungen zum Surfen und Kiten findet.<\/p>\n\n\n\n<figure class=\"wp-block-image size-large\"><a href=\"https:\/\/www.sonnenklar.tv\/blog\/wp-content\/uploads\/2024\/08\/kitesurfen-fuerteventura.jpg\"><img decoding=\"async\" width=\"880\" height=\"450\" src=\"https:\/\/www.sonnenklar.tv\/blog\/wp-content\/uploads\/2024\/08\/kitesurfen-fuerteventura.jpg\" alt=\"Kitesurfen auf Fuerteventura\" class=\"wp-image-30730\" srcset=\"https:\/\/www.sonnenklar.tv\/blog\/wp-content\/uploads\/2024\/08\/kitesurfen-fuerteventura.jpg 880w, https:\/\/www.sonnenklar.tv\/blog\/wp-content\/uploads\/2024\/08\/kitesurfen-fuerteventura-800x409.jpg 800w, https:\/\/www.sonnenklar.tv\/blog\/wp-content\/uploads\/2024\/08\/kitesurfen-fuerteventura-120x61.jpg 120w, https:\/\/www.sonnenklar.tv\/blog\/wp-content\/uploads\/2024\/08\/kitesurfen-fuerteventura-90x46.jpg 90w, https:\/\/www.sonnenklar.tv\/blog\/wp-content\/uploads\/2024\/08\/kitesurfen-fuerteventura-320x164.jpg 320w, https:\/\/www.sonnenklar.tv\/blog\/wp-content\/uploads\/2024\/08\/kitesurfen-fuerteventura-560x286.jpg 560w\" sizes=\"(max-width: 880px) 100vw, 880px\" \/><\/a><figcaption class=\"wp-element-caption\">Kitesurfen auf Fuerteventura<\/figcaption><\/figure>\n\n\n\n<p>Wenn ihr Lust auf ein ausgefallenes Fest habt, solltet ihr zum Karneval nach Santa Cruz de Teneriffa fahren. Das ist der zweitgr\u00f6\u00dfte Karneval der Welt nach Rio de Janeiro.<br>Am Playa del Ingles auf Gran Canaria k\u00f6nnen Erwachsene einen entspannten Urlaub verbringen.<\/p>\n\n\n\n<p><strong>Das k\u00f6nnte euch auch interessieren:<\/strong><\/p>\n\n\n\n<ul class=\"wp-block-list\">\n<li><a href=\"https:\/\/www.sonnenklar.tv\/blog\/spanische-inseln\/\" target=\"_blank\" rel=\"noreferrer noopener\">Spanien: Welche Insel ist die richtig f\u00fcr mich?<\/a>\u00a0<\/li>\n\n\n\n<li><a href=\"https:\/\/www.sonnenklar.tv\/blog\/gran-canaria-reisetipps\/\" target=\"_blank\" rel=\"noreferrer noopener\">Beliebte Sehensw\u00fcrdigkeiten und Ausflugsideen f\u00fcr Gran Canaria<\/a><\/li>\n\n\n\n<li><a href=\"https:\/\/www.sonnenklar.tv\/blog\/reisetipps-fuerteventura\/\" target=\"_blank\" rel=\"noreferrer noopener\">Das erwartet euch auf Fuerteventura &#8211; Reisetipps f\u00fcr die Kanareninsel <\/a><\/li>\n<\/ul>\n\n\n\n<p><strong>Tipp:<\/strong> Wenn ihr Lust auf die Kanaren habt, findet ihr hier auch gleich tolle <a href=\"https:\/\/www.sonnenklar.tv\/promo\/kanarische-inseln.html\">Urlaubsangebote<\/a>.<\/p>\n\n\n\n<h2 class=\"wp-block-heading\" id=\"algarve\">Atemberaubende Klippen an der Algarve<\/h2>\n\n\n\n<p>An Portugals S\u00fcdk\u00fcste ist es nicht ganz so warm, wie auf den Kanaren. Daf\u00fcr dauert der Flug nur etwas \u00fcber drei Stunden. Aber auch bei 15 Grad im Januar l\u00e4sst sich die Sonne genie\u00dfen. F\u00fcr die Algarve gilt, dass ihr hier im Winter die Zeit nutzen k\u00f6nnt, um die vielen Sehensw\u00fcrdigkeiten anzuschauen. Wenn ihr dann wirklich mal baden wollt, bieten die meisten Hotels einen Pool.<\/p>\n\n\n\n<p>Oder ihr macht einen Ausflug nach Calas de Monchique. In den Quellen dieses Thermalbads badeten schon die R\u00f6mer. Sie nannten die Quellen \u201eHeilige Wasser\u201c und wussten um die Heilkraft von diesem. Also g\u00f6nnt euch einen Wellnesstag oder unternehmt eine Wanderung in den umliegenden Bergen.<\/p>\n\n\n\n<figure class=\"wp-block-image size-large\"><a href=\"https:\/\/www.sonnenklar.tv\/blog\/wp-content\/uploads\/2024\/08\/wanderung-algarve-kueste.jpg\"><img decoding=\"async\" width=\"880\" height=\"500\" src=\"https:\/\/www.sonnenklar.tv\/blog\/wp-content\/uploads\/2024\/08\/wanderung-algarve-kueste.jpg\" alt=\"K\u00fcstenwanderung an der Algarve\" class=\"wp-image-30774\" srcset=\"https:\/\/www.sonnenklar.tv\/blog\/wp-content\/uploads\/2024\/08\/wanderung-algarve-kueste.jpg 880w, https:\/\/www.sonnenklar.tv\/blog\/wp-content\/uploads\/2024\/08\/wanderung-algarve-kueste-800x455.jpg 800w, https:\/\/www.sonnenklar.tv\/blog\/wp-content\/uploads\/2024\/08\/wanderung-algarve-kueste-120x68.jpg 120w, https:\/\/www.sonnenklar.tv\/blog\/wp-content\/uploads\/2024\/08\/wanderung-algarve-kueste-90x51.jpg 90w, https:\/\/www.sonnenklar.tv\/blog\/wp-content\/uploads\/2024\/08\/wanderung-algarve-kueste-320x182.jpg 320w, https:\/\/www.sonnenklar.tv\/blog\/wp-content\/uploads\/2024\/08\/wanderung-algarve-kueste-560x318.jpg 560w\" sizes=\"(max-width: 880px) 100vw, 880px\" \/><\/a><figcaption class=\"wp-element-caption\">K\u00fcstenwanderung an der Algarve<\/figcaption><\/figure>\n\n\n\n<p>Andere Ausflugsziele, die es zu sehen lohnt, sind die vielen historischen St\u00e4dte an der Algarve. So wandelt ihr in Silves auf den Spuren der ehemaligen arabischen Herrscher. Auch in Tavira und Lagos seht ihr malerische Altst\u00e4dte, w\u00e4hrend ihr in Albufeira und Portimao vor allem abends ein breites Unterhaltungsangebot findet.<\/p>\n\n\n\n<figure class=\"wp-block-image size-large\"><a href=\"https:\/\/www.sonnenklar.tv\/blog\/wp-content\/uploads\/2024\/08\/typische-gasse-faro.jpg\"><img loading=\"lazy\" decoding=\"async\" width=\"880\" height=\"500\" src=\"https:\/\/www.sonnenklar.tv\/blog\/wp-content\/uploads\/2024\/08\/typische-gasse-faro.jpg\" alt=\"Typische Gasse mit Kirche in Faro\" class=\"wp-image-30776\" srcset=\"https:\/\/www.sonnenklar.tv\/blog\/wp-content\/uploads\/2024\/08\/typische-gasse-faro.jpg 880w, https:\/\/www.sonnenklar.tv\/blog\/wp-content\/uploads\/2024\/08\/typische-gasse-faro-800x455.jpg 800w, https:\/\/www.sonnenklar.tv\/blog\/wp-content\/uploads\/2024\/08\/typische-gasse-faro-120x68.jpg 120w, https:\/\/www.sonnenklar.tv\/blog\/wp-content\/uploads\/2024\/08\/typische-gasse-faro-90x51.jpg 90w, https:\/\/www.sonnenklar.tv\/blog\/wp-content\/uploads\/2024\/08\/typische-gasse-faro-320x182.jpg 320w, https:\/\/www.sonnenklar.tv\/blog\/wp-content\/uploads\/2024\/08\/typische-gasse-faro-560x318.jpg 560w\" sizes=\"(max-width: 880px) 100vw, 880px\" \/><\/a><figcaption class=\"wp-element-caption\">Typische Gasse in Faro<\/figcaption><\/figure>\n\n\n\n<p>Zu empfehlen ist auch ein Besuch in Faro, der Hauptstadt der Region. Wenn ihr lieber sportlich unterwegs sein wollt, k\u00f6nnt ihr am Strand Kiten und Surfen, oder aber ihr verbessert euer Handicap auf einem der spektakul\u00e4ren Golfpl\u00e4tze f\u00fcr die die Algarve ber\u00fchmt ist.<\/p>\n\n\n\n<p><strong>Das k\u00f6nnte euch auch interessieren:<\/strong><\/p>\n\n\n\n<ul class=\"wp-block-list\">\n<li><a href=\"https:\/\/www.sonnenklar.tv\/blog\/algarve-tipps\/\" target=\"_blank\" rel=\"noreferrer noopener\">Die Algarve \u2013 Portugals sch\u00f6nster K\u00fcstenabschnitt<\/a><\/li>\n\n\n\n<li><a href=\"https:\/\/www.sonnenklar.tv\/blog\/portugal-sehenswuerdigkeiten\/\" target=\"_blank\" rel=\"noreferrer noopener\">Portugals sch\u00f6nste Sehensw\u00fcrdigkeiten \u2013 Iberiens Sch\u00e4tze<\/a><\/li>\n<\/ul>\n\n\n\n<p><strong>Tipp:<\/strong> Auch f\u00fcr die <a href=\"https:\/\/www.sonnenklar.tv\/promo\/urlaub-algarve.html\">Algarve<\/a> haben wir euch einige Urlaubsangebote rausgesucht.<\/p>\n\n\n\n<h2 class=\"wp-block-heading\" id=\"andalusien\">Andalusien &#8211; Sonne satt und beeindruckende Sehensw\u00fcrdigkeiten<\/h2>\n\n\n\n<p>Auch die s\u00fcdlichste Provinz auf dem spanischen Festland ist im Winter eine Reise wert. Nach drei Stunden Flug landet ihr an der Costa del Sol am Mittelmeer mit den bekannten Badeorten Marbella, Malaga und Torremolinos.<\/p>\n\n\n\n<p>Hier liegen die Au\u00dfentemperaturen nur unwesentlich unter denen der Kanaren. Daf\u00fcr ist das Wasser etwas k\u00fchler. Ein weiterer Vorteil der Nebensaison ist, dass dann nicht so viele Menschen hier sind und ihr wunderbar entspannen k\u00f6nnt.<\/p>\n\n\n\n<figure class=\"wp-block-image size-large\"><a href=\"https:\/\/www.sonnenklar.tv\/blog\/wp-content\/uploads\/2024\/08\/malaga.jpg\"><img loading=\"lazy\" decoding=\"async\" width=\"880\" height=\"450\" src=\"https:\/\/www.sonnenklar.tv\/blog\/wp-content\/uploads\/2024\/08\/malaga.jpg\" alt=\"Blick auf Malaga in Spanien\" class=\"wp-image-30777\" srcset=\"https:\/\/www.sonnenklar.tv\/blog\/wp-content\/uploads\/2024\/08\/malaga.jpg 880w, https:\/\/www.sonnenklar.tv\/blog\/wp-content\/uploads\/2024\/08\/malaga-18x9.jpg 18w, https:\/\/www.sonnenklar.tv\/blog\/wp-content\/uploads\/2024\/08\/malaga-150x77.jpg 150w, https:\/\/www.sonnenklar.tv\/blog\/wp-content\/uploads\/2024\/08\/malaga-450x230.jpg 450w, https:\/\/www.sonnenklar.tv\/blog\/wp-content\/uploads\/2024\/08\/malaga-768x393.jpg 768w, https:\/\/www.sonnenklar.tv\/blog\/wp-content\/uploads\/2024\/08\/malaga-800x409.jpg 800w, https:\/\/www.sonnenklar.tv\/blog\/wp-content\/uploads\/2024\/08\/malaga-120x61.jpg 120w, https:\/\/www.sonnenklar.tv\/blog\/wp-content\/uploads\/2024\/08\/malaga-90x46.jpg 90w, https:\/\/www.sonnenklar.tv\/blog\/wp-content\/uploads\/2024\/08\/malaga-320x164.jpg 320w, https:\/\/www.sonnenklar.tv\/blog\/wp-content\/uploads\/2024\/08\/malaga-560x286.jpg 560w\" sizes=\"(max-width: 880px) 100vw, 880px\" \/><\/a><figcaption class=\"wp-element-caption\">Blick auf Malaga in Spanien<\/figcaption><\/figure>\n\n\n\n<p>Die Costa de la Luz an der Atlantikk\u00fcste bietet euch genauso viel Sonnenschein wie die Costa del Sol, daf\u00fcr aber etwas mehr Wind. In Orten wie Cadiz, Huelva und vor allem in Tarifa finden Kiter und Surfer ideale Bedingungen.<\/p>\n\n\n\n<p>Nur etwas f\u00fcr Hartgesottene ist im Winter das Baden im Meer. Denn sowohl Mittelmeer als auch Atlantik haben im Winter nur erfrischende 15 Grad Wassertemperatur zu bieten. Dann m\u00fcsst ihr halt im Pool schwimmen.<\/p>\n\n\n\n<figure class=\"wp-block-image size-large\"><a href=\"https:\/\/www.sonnenklar.tv\/blog\/wp-content\/uploads\/2024\/08\/alhambra-andalsuien.jpg\"><img loading=\"lazy\" decoding=\"async\" width=\"880\" height=\"500\" src=\"https:\/\/www.sonnenklar.tv\/blog\/wp-content\/uploads\/2024\/08\/alhambra-andalsuien.jpg\" alt=\"Alhambra in Andalusien\" class=\"wp-image-30778\" srcset=\"https:\/\/www.sonnenklar.tv\/blog\/wp-content\/uploads\/2024\/08\/alhambra-andalsuien.jpg 880w, https:\/\/www.sonnenklar.tv\/blog\/wp-content\/uploads\/2024\/08\/alhambra-andalsuien-800x455.jpg 800w, https:\/\/www.sonnenklar.tv\/blog\/wp-content\/uploads\/2024\/08\/alhambra-andalsuien-120x68.jpg 120w, https:\/\/www.sonnenklar.tv\/blog\/wp-content\/uploads\/2024\/08\/alhambra-andalsuien-90x51.jpg 90w, https:\/\/www.sonnenklar.tv\/blog\/wp-content\/uploads\/2024\/08\/alhambra-andalsuien-320x182.jpg 320w, https:\/\/www.sonnenklar.tv\/blog\/wp-content\/uploads\/2024\/08\/alhambra-andalsuien-560x318.jpg 560w\" sizes=\"(max-width: 880px) 100vw, 880px\" \/><\/a><figcaption class=\"wp-element-caption\">Alhambra<\/figcaption><\/figure>\n\n\n\n<p>Der ganz gro\u00dfe Pluspunkt, der f\u00fcr einen Winterurlaub in Andalusien spricht, sind die vielen Sehensw\u00fcrdigkeiten der Region. Im Sommer ist es oft br\u00fctend hei\u00df im Landesinneren und dennoch str\u00f6men die Massen nach Granada, um die Alhambra zu besuchen. Auch Sevilla ist dann v\u00f6llig \u00fcberlaufen. Macht ihr euch aber in den Wintermonaten auf, um diese Kulturst\u00e4tten zu erkunden, erwarten euch nicht nur angenehme Temperaturen, sondern ihr k\u00f6nnt euch alles in Ruhe anschauen.<\/p>\n\n\n\n<p><strong>Das k\u00f6nnte euch auch interessieren:<\/strong><\/p>\n\n\n\n<ul class=\"wp-block-list\">\n<li><a href=\"https:\/\/www.sonnenklar.tv\/blog\/andalusien-rundreise-so-plant-ihr-die-perfekte-route\/\" target=\"_blank\" rel=\"noreferrer noopener\">Rundreise Andalusien: So plant ihr die perfekte Route<\/a><\/li>\n\n\n\n<li><a href=\"https:\/\/www.sonnenklar.tv\/blog\/andalusien-straende\/\" target=\"_blank\" rel=\"noreferrer noopener\">Die 9 sch\u00f6nsten Str\u00e4nde in Andalusien<\/a><\/li>\n<\/ul>\n\n\n\n<p><strong>Tipp:<\/strong> Auch f\u00fcr <a href=\"https:\/\/www.sonnenklar.tv\/promo\/urlaub-andalusien.html\">Andalusien <\/a>m\u00fcsst ihr nicht lange suchen, tolle Angebote gibt es ebenfalls bei uns.<\/p>\n\n\n\n<h2 class=\"wp-block-heading\" id=\"cote-d-azur\">C\u00f4te d\u2019Azur \u2013 Urlauben wie Gott in Frankreich<\/h2>\n\n\n\n<p>Etwa 1,5 Stunden Flugzeit trennen euch von Nizza oder Marseille und somit von einer der sch\u00f6nsten Urlaubsregionen am Mittelmeer. Bei Temperaturen von etwa 13 Grad Celsius im Winter ist es zwar nicht warm genug zum Baden, aber f\u00fcr einen Spaziergang am Strand reicht es allemal. Au\u00dferdem gibt es auch hier wirklich viel zu sehen und der Winter hat den gro\u00dfen Vorteil, dass nicht so viele Leute unterwegs sind.<\/p>\n\n\n\n<figure class=\"wp-block-image size-large\"><a href=\"https:\/\/www.sonnenklar.tv\/blog\/wp-content\/uploads\/2024\/08\/Pampelonne.jpg\"><img loading=\"lazy\" decoding=\"async\" width=\"880\" height=\"420\" src=\"https:\/\/www.sonnenklar.tv\/blog\/wp-content\/uploads\/2024\/08\/Pampelonne.jpg\" alt=\"Plage de Pampelonne\" class=\"wp-image-30779\" srcset=\"https:\/\/www.sonnenklar.tv\/blog\/wp-content\/uploads\/2024\/08\/Pampelonne.jpg 880w, https:\/\/www.sonnenklar.tv\/blog\/wp-content\/uploads\/2024\/08\/Pampelonne-800x382.jpg 800w, https:\/\/www.sonnenklar.tv\/blog\/wp-content\/uploads\/2024\/08\/Pampelonne-120x57.jpg 120w, https:\/\/www.sonnenklar.tv\/blog\/wp-content\/uploads\/2024\/08\/Pampelonne-90x43.jpg 90w, https:\/\/www.sonnenklar.tv\/blog\/wp-content\/uploads\/2024\/08\/Pampelonne-320x153.jpg 320w, https:\/\/www.sonnenklar.tv\/blog\/wp-content\/uploads\/2024\/08\/Pampelonne-560x267.jpg 560w\" sizes=\"(max-width: 880px) 100vw, 880px\" \/><\/a><figcaption class=\"wp-element-caption\">Plage de Pampelonne<\/figcaption><\/figure>\n\n\n\n<p>Marseille war 2013 die europ\u00e4ische Kulturhauptstadt was zur Folge hatte, dass die Stadt einerseits rausgeputzt wurde und andererseits noch mehr sehenswerte Museen bekam. Ein Bummel am Vieux Port und danach eine Bouillabaisse in einem der gem\u00fctlichen Restaurants l\u00e4sst euch tief eintauchen in das provenzalische Lebensgef\u00fchl.<\/p>\n\n\n\n<figure class=\"wp-block-image size-large\"><a href=\"https:\/\/www.sonnenklar.tv\/blog\/wp-content\/uploads\/2024\/08\/notre-dame-de-la-garde-marseille.jpg\"><img loading=\"lazy\" decoding=\"async\" width=\"880\" height=\"500\" src=\"https:\/\/www.sonnenklar.tv\/blog\/wp-content\/uploads\/2024\/08\/notre-dame-de-la-garde-marseille.jpg\" alt=\"Notre-Dame de la Garde in Marseille\" class=\"wp-image-30780\" srcset=\"https:\/\/www.sonnenklar.tv\/blog\/wp-content\/uploads\/2024\/08\/notre-dame-de-la-garde-marseille.jpg 880w, https:\/\/www.sonnenklar.tv\/blog\/wp-content\/uploads\/2024\/08\/notre-dame-de-la-garde-marseille-800x455.jpg 800w, https:\/\/www.sonnenklar.tv\/blog\/wp-content\/uploads\/2024\/08\/notre-dame-de-la-garde-marseille-120x68.jpg 120w, https:\/\/www.sonnenklar.tv\/blog\/wp-content\/uploads\/2024\/08\/notre-dame-de-la-garde-marseille-90x51.jpg 90w, https:\/\/www.sonnenklar.tv\/blog\/wp-content\/uploads\/2024\/08\/notre-dame-de-la-garde-marseille-320x182.jpg 320w, https:\/\/www.sonnenklar.tv\/blog\/wp-content\/uploads\/2024\/08\/notre-dame-de-la-garde-marseille-560x318.jpg 560w\" sizes=\"(max-width: 880px) 100vw, 880px\" \/><\/a><figcaption class=\"wp-element-caption\">Notre-Dame de la Garde,<\/figcaption><\/figure>\n\n\n\n<p>Am anderen Ende der C\u00f4te d\u2019Azur wartet Nizza darauf von euch erkundet zu werden. Die Altstadt bietet gerade im Winter sehr viel italienisches Flair. Sollte tats\u00e4chlich mal der kalte Hauch des Mistral f\u00fcr unangenehme Temperaturen sorgen, besucht einfach eines der vielen Museen, wie zum Beispiel das Haus des Malers Matisse.<\/p>\n\n\n\n<figure class=\"wp-block-image size-large\"><a href=\"https:\/\/www.sonnenklar.tv\/blog\/wp-content\/uploads\/2024\/08\/kueste-nizza.jpg\"><img loading=\"lazy\" decoding=\"async\" width=\"880\" height=\"450\" src=\"https:\/\/www.sonnenklar.tv\/blog\/wp-content\/uploads\/2024\/08\/kueste-nizza.jpg\" alt=\"Blick auf die K\u00fcste von Nizza\" class=\"wp-image-30781\" srcset=\"https:\/\/www.sonnenklar.tv\/blog\/wp-content\/uploads\/2024\/08\/kueste-nizza.jpg 880w, https:\/\/www.sonnenklar.tv\/blog\/wp-content\/uploads\/2024\/08\/kueste-nizza-800x409.jpg 800w, https:\/\/www.sonnenklar.tv\/blog\/wp-content\/uploads\/2024\/08\/kueste-nizza-120x61.jpg 120w, https:\/\/www.sonnenklar.tv\/blog\/wp-content\/uploads\/2024\/08\/kueste-nizza-90x46.jpg 90w, https:\/\/www.sonnenklar.tv\/blog\/wp-content\/uploads\/2024\/08\/kueste-nizza-320x164.jpg 320w, https:\/\/www.sonnenklar.tv\/blog\/wp-content\/uploads\/2024\/08\/kueste-nizza-560x286.jpg 560w\" sizes=\"(max-width: 880px) 100vw, 880px\" \/><\/a><figcaption class=\"wp-element-caption\">Blick auf die K\u00fcste von Nizza<\/figcaption><\/figure>\n\n\n\n<p>Im Hinterland der C\u00f4te d\u2019Azur liegt die Provence mit unz\u00e4hligen historischen St\u00e4tten. Wenn ihr in der Hochsaison von der K\u00fcste aus ins Landesinnere fahren wollt, steht ihr oft stundenlang im Stau. Das passiert euch in der k\u00fchleren Jahreszeit nicht so oft. Somit bietet es sich an, die vielen romantischen D\u00f6rfer und Sehensw\u00fcrdigkeiten zu erkunden. Faszinierende St\u00e4dte wie Arles, N\u00eemes oder Aix-en-Provence sind echte Highlights, die ihr gesehen haben solltet.<\/p>\n\n\n\n<p>Hy\u00e8res liegt zentral etwa gleichweit entfernt von Nizza und Marseille.<\/p>\n\n\n\n<p><strong>Tipp:<\/strong> Koffer sind innerlich schon gepackt? Hier geht\u00b4s zu den Angebote f\u00fcr die <a href=\"https:\/\/www.sonnenklar.tv\/promo\/reisen-cote-dazur.html\">C\u00f4te d\u2019Azur<\/a>.<\/p>\n\n\n\n<h2 class=\"wp-block-heading\" id=\"sizilien\">Sizilien \u2013 Antike und brodelnde Vulkane<\/h2>\n\n\n\n<p>Die gr\u00f6\u00dfte Insel des Mittelmeers ist gerade im Winter eine Reise wert. Nach einer Flugzeit von etwas \u00fcber zwei Stunden landet ihr mitten in einem mediterranen Traum. Selbst im Januar zeigt die Quecksilbers\u00e4ule regelm\u00e4\u00dfig 15 Grad Celsius und sp\u00e4testens im Februar wird die Insel in fr\u00fchlingshaftes Gr\u00fcn getaucht. Zu dieser Zeit ist die Insel am Sch\u00f6nsten.<\/p>\n\n\n\n<figure class=\"wp-block-image size-large\"><a href=\"https:\/\/www.sonnenklar.tv\/blog\/wp-content\/uploads\/2024\/08\/aetna-sizilien.jpg\"><img loading=\"lazy\" decoding=\"async\" width=\"880\" height=\"550\" src=\"https:\/\/www.sonnenklar.tv\/blog\/wp-content\/uploads\/2024\/08\/aetna-sizilien.jpg\" alt=\"\u00c4tna auf Sizilien\" class=\"wp-image-30782\" srcset=\"https:\/\/www.sonnenklar.tv\/blog\/wp-content\/uploads\/2024\/08\/aetna-sizilien.jpg 880w, https:\/\/www.sonnenklar.tv\/blog\/wp-content\/uploads\/2024\/08\/aetna-sizilien-800x500.jpg 800w, https:\/\/www.sonnenklar.tv\/blog\/wp-content\/uploads\/2024\/08\/aetna-sizilien-120x75.jpg 120w, https:\/\/www.sonnenklar.tv\/blog\/wp-content\/uploads\/2024\/08\/aetna-sizilien-90x56.jpg 90w, https:\/\/www.sonnenklar.tv\/blog\/wp-content\/uploads\/2024\/08\/aetna-sizilien-320x200.jpg 320w, https:\/\/www.sonnenklar.tv\/blog\/wp-content\/uploads\/2024\/08\/aetna-sizilien-560x350.jpg 560w\" sizes=\"(max-width: 880px) 100vw, 880px\" \/><\/a><figcaption class=\"wp-element-caption\">\u00c4tna<\/figcaption><\/figure>\n\n\n\n<p>Auch f\u00fcr Sizilien gilt, dass es einfach mehr Spa\u00df macht die vielen Sehensw\u00fcrdigkeiten zu sehen, wenn es nicht gar so hei\u00df ist. Bei einem Glas Wein auf einer Terrasse in Taormina sitzen und den schneebedeckten Gipfel des \u00c4tna in der Ferne zu sehen, wird auch Wintersportmuffel begeistern.<\/p>\n\n\n\n<p>Auf den Spuren der griechischen Antike k\u00f6nnt ihr in Agrigent im S\u00fcden der Insel wandeln. Ein ganzes Tal mit Ruinen antiker Tempel gibt es hier zu sehen. Da Schatten spendende B\u00e4ume hier Mangelware sind, ist der Winter die optimale Zeit, um diese zu besuchen.<\/p>\n\n\n\n<p>Auch ein Bummel durch die Barockst\u00e4dte Noto, Ragusa und Modicca bietet sich dann an. Der Grund f\u00fcr diese architektonische Pracht war ein schweres Erdbeben, das 1693 diese St\u00e4dte zerst\u00f6rte. Aber daran m\u00fcsst ihr heute ja nicht denken, wenn ihr auf der Piazza sitzt und einen Espresso trinkt.<\/p>\n\n\n\n<figure class=\"wp-block-image size-large\"><a href=\"https:\/\/www.sonnenklar.tv\/blog\/wp-content\/uploads\/2024\/08\/palermo-sehenswuerdigkeit.jpg\"><img loading=\"lazy\" decoding=\"async\" width=\"880\" height=\"500\" src=\"https:\/\/www.sonnenklar.tv\/blog\/wp-content\/uploads\/2024\/08\/palermo-sehenswuerdigkeit.jpg\" alt=\"sehenswuerdigkeit in Palermo\" class=\"wp-image-30783\" srcset=\"https:\/\/www.sonnenklar.tv\/blog\/wp-content\/uploads\/2024\/08\/palermo-sehenswuerdigkeit.jpg 880w, https:\/\/www.sonnenklar.tv\/blog\/wp-content\/uploads\/2024\/08\/palermo-sehenswuerdigkeit-800x455.jpg 800w, https:\/\/www.sonnenklar.tv\/blog\/wp-content\/uploads\/2024\/08\/palermo-sehenswuerdigkeit-120x68.jpg 120w, https:\/\/www.sonnenklar.tv\/blog\/wp-content\/uploads\/2024\/08\/palermo-sehenswuerdigkeit-90x51.jpg 90w, https:\/\/www.sonnenklar.tv\/blog\/wp-content\/uploads\/2024\/08\/palermo-sehenswuerdigkeit-320x182.jpg 320w, https:\/\/www.sonnenklar.tv\/blog\/wp-content\/uploads\/2024\/08\/palermo-sehenswuerdigkeit-560x318.jpg 560w\" sizes=\"(max-width: 880px) 100vw, 880px\" \/><\/a><figcaption class=\"wp-element-caption\">Palermo<\/figcaption><\/figure>\n\n\n\n<p>Palermo, die Inselhauptstadt, ist ein besonders lohnendes Ziel im Winter. Wer schon mal eine St\u00e4dtereise gemacht hat, wei\u00df, dass so etwas gerade bei k\u00fchleren Temperaturen nicht so anstrengend ist. Wenn der \u00c4tna gerade schl\u00e4ft, habt ihr in Cefalu die M\u00f6glichkeit abends auf eurem Balkon zu sitzen und in sicherer Entfernung die gl\u00fchenden Lavastr\u00f6me des Stromboli ins Meer flie\u00dfen zu sehen.<\/p>\n\n\n\n<p><strong>Das k\u00f6nnte euch auch interessieren:<\/strong><\/p>\n\n\n\n<p><strong>Lesetipp:<\/strong>Entdecken Sie jetzt die<a href=\"https:\/\/www.sonnenklar.tv\/blog\/sizilien-straende\/\"> 11 sch\u00f6nsten Str\u00e4nde Siziliens <\/a>.<\/p>\n\n\n\n<p><strong>Tipp:<\/strong> Richtet dem \u00c4tna sch\u00f6ne Gr\u00fc\u00dfe von uns aus. Die passenden <a href=\"https:\/\/www.sonnenklar.tv\/promo\/urlaub-sizilien.html\">Angebote f\u00fcr Sizilien<\/a> haben wir euch hier zusammengestellt.<\/p>\n\n\n\n<h2 class=\"wp-block-heading\" id=\"kalabrien\">Kalabrien \u2013 die Stiefelspitze Italiens<\/h2>\n\n\n\n<p>Die Sizilien am n\u00e4chsten gelegene Region auf dem italienischen Festland ist Kalabrien. Nur etwa zwei Flugstunden trennen euch von Lamezia Terme und einer der w\u00e4rmsten Regionen am Mittelmeer. Selbst im Januar zeigt das Thermometer milde 15 Grad Celsius und wenn der Scirocco aus Afrika her\u00fcber bl\u00e4st, kann es sogar noch w\u00e4rmer werden.<\/p>\n\n\n\n<figure class=\"wp-block-image size-large\"><a href=\"https:\/\/www.sonnenklar.tv\/blog\/wp-content\/uploads\/2024\/08\/tropea-kalabrien.jpg\"><img loading=\"lazy\" decoding=\"async\" width=\"880\" height=\"450\" src=\"https:\/\/www.sonnenklar.tv\/blog\/wp-content\/uploads\/2024\/08\/tropea-kalabrien.jpg\" alt=\"Wahrzeichen von Tropea\" class=\"wp-image-30795\" srcset=\"https:\/\/www.sonnenklar.tv\/blog\/wp-content\/uploads\/2024\/08\/tropea-kalabrien.jpg 880w, https:\/\/www.sonnenklar.tv\/blog\/wp-content\/uploads\/2024\/08\/tropea-kalabrien-800x409.jpg 800w, https:\/\/www.sonnenklar.tv\/blog\/wp-content\/uploads\/2024\/08\/tropea-kalabrien-120x61.jpg 120w, https:\/\/www.sonnenklar.tv\/blog\/wp-content\/uploads\/2024\/08\/tropea-kalabrien-90x46.jpg 90w, https:\/\/www.sonnenklar.tv\/blog\/wp-content\/uploads\/2024\/08\/tropea-kalabrien-320x164.jpg 320w, https:\/\/www.sonnenklar.tv\/blog\/wp-content\/uploads\/2024\/08\/tropea-kalabrien-560x286.jpg 560w\" sizes=\"(max-width: 880px) 100vw, 880px\" \/><\/a><figcaption class=\"wp-element-caption\">Blick auf das Wahrzeichen von Tropea<\/figcaption><\/figure>\n\n\n\n<p>Regentage sind hier sehr selten und die k\u00f6nntet ihr dann daf\u00fcr&nbsp; nutzen, eines der Museen zu besuchen. Wie zum Beispiel das Museo Archeologico Nazionale in Reggio di Calabria, das eine gro\u00dfe Sammlung an antiken Kunstwerken beherbergt. Ihr m\u00fcsst aber nicht unbedingt ins Museum gehen, um die Spuren der Vergangenheit zu bewundern.<\/p>\n\n\n\n<p>Das Landesinnere von Kalabrien ist gepr\u00e4gt von Bergen mit dichten W\u00e4ldern und vertr\u00e4umten D\u00f6rfern. Dort entdeckt ihr neben vielen Sehensw\u00fcrdigkeiten beim Wandern ein sehr urspr\u00fcngliches Italien. In den Nationalparks Sila, Serre, Aspromonte und Pollino wurde f\u00fcr euch ein gro\u00dfes Netz an Wanderwegen in unber\u00fchrter Natur angelegt.<\/p>\n\n\n\n<figure class=\"wp-block-image size-large\"><a href=\"https:\/\/www.sonnenklar.tv\/blog\/wp-content\/uploads\/2024\/08\/landschaft-kalabrien.jpg\"><img loading=\"lazy\" decoding=\"async\" width=\"880\" height=\"450\" src=\"https:\/\/www.sonnenklar.tv\/blog\/wp-content\/uploads\/2024\/08\/landschaft-kalabrien.jpg\" alt=\"gr\u00fcne landschaft in Kalabrien\" class=\"wp-image-30796\" srcset=\"https:\/\/www.sonnenklar.tv\/blog\/wp-content\/uploads\/2024\/08\/landschaft-kalabrien.jpg 880w, https:\/\/www.sonnenklar.tv\/blog\/wp-content\/uploads\/2024\/08\/landschaft-kalabrien-800x409.jpg 800w, https:\/\/www.sonnenklar.tv\/blog\/wp-content\/uploads\/2024\/08\/landschaft-kalabrien-120x61.jpg 120w, https:\/\/www.sonnenklar.tv\/blog\/wp-content\/uploads\/2024\/08\/landschaft-kalabrien-90x46.jpg 90w, https:\/\/www.sonnenklar.tv\/blog\/wp-content\/uploads\/2024\/08\/landschaft-kalabrien-320x164.jpg 320w, https:\/\/www.sonnenklar.tv\/blog\/wp-content\/uploads\/2024\/08\/landschaft-kalabrien-560x286.jpg 560w\" sizes=\"(max-width: 880px) 100vw, 880px\" \/><\/a><figcaption class=\"wp-element-caption\">Landschaft in Kalabrien<\/figcaption><\/figure>\n\n\n\n<p>Eine besonders sch\u00f6ne Stadt am Meer ist Tropea. Sie liegt auf Klippen hoch \u00fcber dem Meer und von hier habt ihr einen traumhaften Ausblick \u00fcber das Meer bis zur Insel Ginostra. Der ideale Ort um bei einem Gl\u00e4schen den Sonnenuntergang zu genie\u00dfen.<\/p>\n\n\n\n<p><strong>Lesetipp:<\/strong> Die <a href=\"https:\/\/www.sonnenklar.tv\/blog\/kalabrien-straende\/\">7 sch\u00f6nsten Str\u00e4nde Kalabriens<\/a> &#8211; Badeurlaub an der Stiefelspitze. Tolle Angebote f\u00fcr <a href=\"https:\/\/www.sonnenklar.tv\/promo\/urlaub-kalabrien.html\">Kalabrien<\/a> findest du hier.<\/p>\n\n\n\n<h2 class=\"wp-block-heading\" id=\"malta\">Malta \u2013 wie ein Fels in der Brandung<\/h2>\n\n\n\n<p>S\u00fcdlich von Sizilien im Mittelmeer liegt diese kleine Inselrepublik. Nach einem circa 2,5-st\u00fcndigen Flug erreicht ihr die Insel, auf der selbst im Januar Temperaturen um die 16 Grad Celsius herrschen. Also perfekte Bedingungen um dem kalten Winter in Deutschland zu entfliehen.<\/p>\n\n\n\n<figure class=\"wp-block-image size-large\"><a href=\"https:\/\/www.sonnenklar.tv\/blog\/wp-content\/uploads\/2024\/08\/Malta-Rundflug.jpg\"><img loading=\"lazy\" decoding=\"async\" width=\"880\" height=\"510\" src=\"https:\/\/www.sonnenklar.tv\/blog\/wp-content\/uploads\/2024\/08\/Malta-Rundflug.jpg\" alt=\"Rundflug \u00fcber Malta\" class=\"wp-image-30798\" srcset=\"https:\/\/www.sonnenklar.tv\/blog\/wp-content\/uploads\/2024\/08\/Malta-Rundflug.jpg 880w, https:\/\/www.sonnenklar.tv\/blog\/wp-content\/uploads\/2024\/08\/Malta-Rundflug-800x464.jpg 800w, https:\/\/www.sonnenklar.tv\/blog\/wp-content\/uploads\/2024\/08\/Malta-Rundflug-120x70.jpg 120w, https:\/\/www.sonnenklar.tv\/blog\/wp-content\/uploads\/2024\/08\/Malta-Rundflug-90x52.jpg 90w, https:\/\/www.sonnenklar.tv\/blog\/wp-content\/uploads\/2024\/08\/Malta-Rundflug-320x185.jpg 320w, https:\/\/www.sonnenklar.tv\/blog\/wp-content\/uploads\/2024\/08\/Malta-Rundflug-560x325.jpg 560w\" sizes=\"(max-width: 880px) 100vw, 880px\" \/><\/a><figcaption class=\"wp-element-caption\">Valletta mal von oben<\/figcaption><\/figure>\n\n\n\n<p>Malta blickt auf eine \u00fcber 7000-j\u00e4hrige Geschichte zur\u00fcck und so habt ihr auch hier die M\u00f6glichkeit, eine Zeitreise durch die Menschheitsgeschichte zu unternehmen. Diese beginnt ihr im Hypog\u00e4um, das vor etwa 3600 Jahren in den Fels gehauen wurde und somit \u00e4lter ist als die Pyramiden in \u00c4gypten.<\/p>\n\n\n\n<p>Die Hauptstadt Valletta war 2018 Europ\u00e4ische Kulturhauptstadt und bietet euch gen\u00fcgend Sehensw\u00fcrdigkeiten f\u00fcr mehrere Tage. Aufgrund der geringen Gr\u00f6\u00dfe von Valletta k\u00f6nnt ihr hier alles zu Fu\u00df anschauen. Gepr\u00e4gt ist die Altstadt von den Einfl\u00fcssen der Ritter des Malteserordens deren St. John\u2019s Co-Cathedral alles \u00fcberragt.<\/p>\n\n\n\n<figure class=\"wp-block-image size-large\"><a href=\"https:\/\/www.sonnenklar.tv\/blog\/wp-content\/uploads\/2024\/08\/gasse-in-valletta.jpg\"><img loading=\"lazy\" decoding=\"async\" width=\"880\" height=\"450\" src=\"https:\/\/www.sonnenklar.tv\/blog\/wp-content\/uploads\/2024\/08\/gasse-in-valletta.jpg\" alt=\"Gasse in Valletta\" class=\"wp-image-30800\" srcset=\"https:\/\/www.sonnenklar.tv\/blog\/wp-content\/uploads\/2024\/08\/gasse-in-valletta.jpg 880w, https:\/\/www.sonnenklar.tv\/blog\/wp-content\/uploads\/2024\/08\/gasse-in-valletta-800x409.jpg 800w, https:\/\/www.sonnenklar.tv\/blog\/wp-content\/uploads\/2024\/08\/gasse-in-valletta-120x61.jpg 120w, https:\/\/www.sonnenklar.tv\/blog\/wp-content\/uploads\/2024\/08\/gasse-in-valletta-90x46.jpg 90w, https:\/\/www.sonnenklar.tv\/blog\/wp-content\/uploads\/2024\/08\/gasse-in-valletta-320x164.jpg 320w, https:\/\/www.sonnenklar.tv\/blog\/wp-content\/uploads\/2024\/08\/gasse-in-valletta-560x286.jpg 560w\" sizes=\"(max-width: 880px) 100vw, 880px\" \/><\/a><figcaption class=\"wp-element-caption\">Kleine Gasse in Valletta<\/figcaption><\/figure>\n\n\n\n<p>Auch au\u00dferhalb von Valletta findet ihr interessante Orte wie die ehemalige Hauptstadt Mdina mit ihren engen Gassen, die von prachtvollen Pal\u00e4sten ges\u00e4umt sind. Nur wenige Minuten entfernt liegt Mellieha, ein weiterer historischer Ort.<\/p>\n\n\n\n<figure class=\"wp-block-image size-large\"><a href=\"https:\/\/www.sonnenklar.tv\/blog\/wp-content\/uploads\/2024\/08\/kirche-mdina.jpg\"><img loading=\"lazy\" decoding=\"async\" width=\"880\" height=\"450\" src=\"https:\/\/www.sonnenklar.tv\/blog\/wp-content\/uploads\/2024\/08\/kirche-mdina.jpg\" alt=\"Kirche in Mdina\" class=\"wp-image-30801\" srcset=\"https:\/\/www.sonnenklar.tv\/blog\/wp-content\/uploads\/2024\/08\/kirche-mdina.jpg 880w, https:\/\/www.sonnenklar.tv\/blog\/wp-content\/uploads\/2024\/08\/kirche-mdina-800x409.jpg 800w, https:\/\/www.sonnenklar.tv\/blog\/wp-content\/uploads\/2024\/08\/kirche-mdina-120x61.jpg 120w, https:\/\/www.sonnenklar.tv\/blog\/wp-content\/uploads\/2024\/08\/kirche-mdina-90x46.jpg 90w, https:\/\/www.sonnenklar.tv\/blog\/wp-content\/uploads\/2024\/08\/kirche-mdina-320x164.jpg 320w, https:\/\/www.sonnenklar.tv\/blog\/wp-content\/uploads\/2024\/08\/kirche-mdina-560x286.jpg 560w\" sizes=\"(max-width: 880px) 100vw, 880px\" \/><\/a><figcaption class=\"wp-element-caption\">Kirche in Mdina<\/figcaption><\/figure>\n\n\n\n<p>Bei euren Rundg\u00e4ngen \u00fcber die Insel entdeckt ihr auch Weinberge und Olivenhaine. Oftmals k\u00f6nnt ihr bei den Erzeugern direkt deren Produkte verkosten. Ein Genuss ist auch die maltesische K\u00fcche, in der sich die Einfl\u00fcsse der verschiedenen V\u00f6lker sp\u00fcren l\u00e4sst, die \u00fcber das Land regiert haben.<\/p>\n\n\n\n<figure class=\"wp-block-image size-large\"><a href=\"https:\/\/www.sonnenklar.tv\/blog\/wp-content\/uploads\/2024\/08\/mdina.jpg\"><img loading=\"lazy\" decoding=\"async\" width=\"800\" height=\"450\" src=\"https:\/\/www.sonnenklar.tv\/blog\/wp-content\/uploads\/2024\/08\/mdina.jpg\" alt=\"Mdina\" class=\"wp-image-30802\" srcset=\"https:\/\/www.sonnenklar.tv\/blog\/wp-content\/uploads\/2024\/08\/mdina.jpg 800w, https:\/\/www.sonnenklar.tv\/blog\/wp-content\/uploads\/2024\/08\/mdina-120x68.jpg 120w, https:\/\/www.sonnenklar.tv\/blog\/wp-content\/uploads\/2024\/08\/mdina-90x51.jpg 90w, https:\/\/www.sonnenklar.tv\/blog\/wp-content\/uploads\/2024\/08\/mdina-320x180.jpg 320w, https:\/\/www.sonnenklar.tv\/blog\/wp-content\/uploads\/2024\/08\/mdina-560x315.jpg 560w\" sizes=\"(max-width: 800px) 100vw, 800px\" \/><\/a><figcaption class=\"wp-element-caption\">Blick auf Mdina<\/figcaption><\/figure>\n\n\n\n<p><strong>Das k\u00f6nnte euch auch interessieren:<\/strong><\/p>\n\n\n\n<p><strong>Lesetipp:<\/strong> Die <a href=\"https:\/\/www.sonnenklar.tv\/blog\/malta-reisetipps\/\">besten Reisetipps f\u00fcr Malta<\/a> &#8211; Malerische Buchten und viel Kultur. <strong>Tipp:<\/strong> Auch f\u00fcr Malta haben wir <a href=\"https:\/\/www.sonnenklar.tv\/promo\/reisen-malta.html\">tolle Urlaubsangebote<\/a> rausgesucht.<\/p>\n\n\n\n<p><\/p>\n\n\n\n<h2 class=\"wp-block-heading\" id=\"griechenland\">Griechenland- auf den Spuren der Antike<\/h2>\n\n\n\n<p>Leckeres Essen, Sonne und milde Temperaturen, das ist der Winter in Griechenland und Athen ist gerade mal 2,5 Flugstunden entfernt. Wart ihr schon mal auf der Akropolis? Nicht nur wegen dieses monumentalen H\u00fcgels \u00fcber der Altstadt lohnt sich ein Besuch der griechischen Hauptstadt. Auch hier gilt, dass im Winter nicht so viele Menschen unterwegs sind und ihr euch Zeit lassen k\u00f6nnt, um die Sehensw\u00fcrdigkeiten zu bewundern.<\/p>\n\n\n\n<figure class=\"wp-block-image size-large\"><a href=\"https:\/\/www.sonnenklar.tv\/blog\/wp-content\/uploads\/2024\/08\/parthenon-akropolis-athen.jpg\"><img loading=\"lazy\" decoding=\"async\" width=\"880\" height=\"450\" src=\"https:\/\/www.sonnenklar.tv\/blog\/wp-content\/uploads\/2024\/08\/parthenon-akropolis-athen.jpg\" alt=\"Parthenon auf der Akropolis im Athen\" class=\"wp-image-30803\" srcset=\"https:\/\/www.sonnenklar.tv\/blog\/wp-content\/uploads\/2024\/08\/parthenon-akropolis-athen.jpg 880w, https:\/\/www.sonnenklar.tv\/blog\/wp-content\/uploads\/2024\/08\/parthenon-akropolis-athen-800x409.jpg 800w, https:\/\/www.sonnenklar.tv\/blog\/wp-content\/uploads\/2024\/08\/parthenon-akropolis-athen-120x61.jpg 120w, https:\/\/www.sonnenklar.tv\/blog\/wp-content\/uploads\/2024\/08\/parthenon-akropolis-athen-90x46.jpg 90w, https:\/\/www.sonnenklar.tv\/blog\/wp-content\/uploads\/2024\/08\/parthenon-akropolis-athen-320x164.jpg 320w, https:\/\/www.sonnenklar.tv\/blog\/wp-content\/uploads\/2024\/08\/parthenon-akropolis-athen-560x286.jpg 560w\" sizes=\"(max-width: 880px) 100vw, 880px\" \/><\/a><figcaption class=\"wp-element-caption\">Parthenon auf der Akropolis<\/figcaption><\/figure>\n\n\n\n<p>Nach ein paar Tagen in der Stadt, solltet ihr noch eine der Inseln besuchen. Daf\u00fcr empfiehlt sich zum Beispiel die s\u00fcdlichste der Inseln, Kreta, wo es auch im Januar tags\u00fcber 15 Grad hat. An den Str\u00e4nden der Insel k\u00f6nnt ihr lange Spazierg\u00e4nge machen, oder aber ihr geht in den Bergen wandern. Das ist in den k\u00fchleren Wintermonaten die perfekte Alternative zum Strandurlaub.<\/p>\n\n\n\n<figure class=\"wp-block-image size-large\"><a href=\"https:\/\/www.sonnenklar.tv\/blog\/wp-content\/uploads\/2024\/08\/tierwelt-kreta.jpg\"><img loading=\"lazy\" decoding=\"async\" width=\"800\" height=\"450\" src=\"https:\/\/www.sonnenklar.tv\/blog\/wp-content\/uploads\/2024\/08\/tierwelt-kreta.jpg\" alt=\"Tiere in Kreta\" class=\"wp-image-30804\" srcset=\"https:\/\/www.sonnenklar.tv\/blog\/wp-content\/uploads\/2024\/08\/tierwelt-kreta.jpg 800w, https:\/\/www.sonnenklar.tv\/blog\/wp-content\/uploads\/2024\/08\/tierwelt-kreta-120x68.jpg 120w, https:\/\/www.sonnenklar.tv\/blog\/wp-content\/uploads\/2024\/08\/tierwelt-kreta-90x51.jpg 90w, https:\/\/www.sonnenklar.tv\/blog\/wp-content\/uploads\/2024\/08\/tierwelt-kreta-320x180.jpg 320w, https:\/\/www.sonnenklar.tv\/blog\/wp-content\/uploads\/2024\/08\/tierwelt-kreta-560x315.jpg 560w\" sizes=\"(max-width: 800px) 100vw, 800px\" \/><\/a><\/figure>\n\n\n\n<p>Au\u00dferdem hat Kreta auch einen reichen Schatz an Sehensw\u00fcrdigkeiten zu bieten. Unbedingt anschauen solltet ihr euch die Stadt Chania, mit der venezianisch gepr\u00e4gten Altstadt.<\/p>\n\n\n\n<figure class=\"wp-block-image size-large\"><a href=\"https:\/\/www.sonnenklar.tv\/blog\/wp-content\/uploads\/2024\/08\/psiloritis-kreta-wanderung.jpg\"><img loading=\"lazy\" decoding=\"async\" width=\"880\" height=\"450\" src=\"https:\/\/www.sonnenklar.tv\/blog\/wp-content\/uploads\/2024\/08\/psiloritis-kreta-wanderung.jpg\" alt=\"Psiloritis Gebirgen auf Kreta\" class=\"wp-image-30805\" srcset=\"https:\/\/www.sonnenklar.tv\/blog\/wp-content\/uploads\/2024\/08\/psiloritis-kreta-wanderung.jpg 880w, https:\/\/www.sonnenklar.tv\/blog\/wp-content\/uploads\/2024\/08\/psiloritis-kreta-wanderung-800x409.jpg 800w, https:\/\/www.sonnenklar.tv\/blog\/wp-content\/uploads\/2024\/08\/psiloritis-kreta-wanderung-120x61.jpg 120w, https:\/\/www.sonnenklar.tv\/blog\/wp-content\/uploads\/2024\/08\/psiloritis-kreta-wanderung-90x46.jpg 90w, https:\/\/www.sonnenklar.tv\/blog\/wp-content\/uploads\/2024\/08\/psiloritis-kreta-wanderung-320x164.jpg 320w, https:\/\/www.sonnenklar.tv\/blog\/wp-content\/uploads\/2024\/08\/psiloritis-kreta-wanderung-560x286.jpg 560w\" sizes=\"(max-width: 880px) 100vw, 880px\" \/><\/a><figcaption class=\"wp-element-caption\">Psiloritis Gebirgen auf Kreta<\/figcaption><\/figure>\n\n\n\n<p>Auch Rhodos hat nicht nur sch\u00f6ne Str\u00e4nde zu bieten. Auf dieser Insel k\u00f6nnt ihr eine Zeitreise durch die Jahrhunderte unternehmen. Ruinen antiker Tempel gibt es hier zu Hauf ebenso wie viele Burgen aus der Zeit des Johanniterordens. Beim Wandern in den Bergen der Insel kommt ihr zu vertr\u00e4umten Bergd\u00f6rfern und in den urigen Tavernen genie\u00dft ihr typisch griechische Gerichte.<\/p>\n\n\n\n<figure class=\"wp-block-image size-large\"><a href=\"https:\/\/www.sonnenklar.tv\/blog\/wp-content\/uploads\/2024\/08\/stadtmauer-rhodos.jpg\"><img loading=\"lazy\" decoding=\"async\" width=\"897\" height=\"531\" src=\"https:\/\/www.sonnenklar.tv\/blog\/wp-content\/uploads\/2024\/08\/stadtmauer-rhodos.jpg\" alt=\"Stadtmauer auf Rhodos\" class=\"wp-image-30267\" srcset=\"https:\/\/www.sonnenklar.tv\/blog\/wp-content\/uploads\/2024\/08\/stadtmauer-rhodos.jpg 897w, https:\/\/www.sonnenklar.tv\/blog\/wp-content\/uploads\/2024\/08\/stadtmauer-rhodos-800x474.jpg 800w, https:\/\/www.sonnenklar.tv\/blog\/wp-content\/uploads\/2024\/08\/stadtmauer-rhodos-120x71.jpg 120w, https:\/\/www.sonnenklar.tv\/blog\/wp-content\/uploads\/2024\/08\/stadtmauer-rhodos-90x53.jpg 90w, https:\/\/www.sonnenklar.tv\/blog\/wp-content\/uploads\/2024\/08\/stadtmauer-rhodos-320x189.jpg 320w, https:\/\/www.sonnenklar.tv\/blog\/wp-content\/uploads\/2024\/08\/stadtmauer-rhodos-560x332.jpg 560w\" sizes=\"(max-width: 897px) 100vw, 897px\" \/><\/a><figcaption class=\"wp-element-caption\">Stadtmauer auf Rhodos<\/figcaption><\/figure>\n\n\n\n<p>Im Ionischen Meer liegt Korfu, die gr\u00fcne Insel. Die Altstadt von Korfu-Stadt ist ein Juwel aus venezianischer Zeit und verspr\u00fcht sehr viel Charme, den ihr bei einem ausgedehnten Bummel genie\u00dfen k\u00f6nnt. Im h\u00fcgeligen Inselinneren findet ihr eine gro\u00dfe Auswahl an Wander- und Radwegen.<\/p>\n\n\n\n<figure class=\"wp-block-image size-large\"><a href=\"https:\/\/www.sonnenklar.tv\/blog\/wp-content\/uploads\/2024\/08\/efionas-korfu.jpg\"><img loading=\"lazy\" decoding=\"async\" width=\"880\" height=\"500\" src=\"https:\/\/www.sonnenklar.tv\/blog\/wp-content\/uploads\/2024\/08\/efionas-korfu.jpg\" alt=\"Ausblick Efionas Korfu\" class=\"wp-image-30806\" srcset=\"https:\/\/www.sonnenklar.tv\/blog\/wp-content\/uploads\/2024\/08\/efionas-korfu.jpg 880w, https:\/\/www.sonnenklar.tv\/blog\/wp-content\/uploads\/2024\/08\/efionas-korfu-800x455.jpg 800w, https:\/\/www.sonnenklar.tv\/blog\/wp-content\/uploads\/2024\/08\/efionas-korfu-120x68.jpg 120w, https:\/\/www.sonnenklar.tv\/blog\/wp-content\/uploads\/2024\/08\/efionas-korfu-90x51.jpg 90w, https:\/\/www.sonnenklar.tv\/blog\/wp-content\/uploads\/2024\/08\/efionas-korfu-320x182.jpg 320w, https:\/\/www.sonnenklar.tv\/blog\/wp-content\/uploads\/2024\/08\/efionas-korfu-560x318.jpg 560w\" sizes=\"(max-width: 880px) 100vw, 880px\" \/><\/a><figcaption class=\"wp-element-caption\">Traumhafter Ausblick auf Korfu<\/figcaption><\/figure>\n\n\n\n<p><strong>Tipp:<\/strong> Egal, ob ihr mehr Lust auf das Festland oder eine der wundersch\u00f6nen Insel habt, bei uns findet ihr ein passendes <a href=\"https:\/\/www.sonnenklar.tv\/promo\/urlaub-griechenland.html\">Urlaubsangebot f\u00fcr Griechenland<\/a>.<\/p>\n\n\n\n<h2 class=\"wp-block-heading\" id=\"zypern\">Zypern \u2013 die Insel der G\u00f6tter<\/h2>\n\n\n\n<p>Etwa 3,5 Stunden Flugzeit trennen euch von dieser traumhaft sch\u00f6nen Insel im \u00f6stlichen Mittelmeer. Auch hier scheint im Winter oft die Sonne und die Temperaturen steigen im Januar auf bis zu 16 Grad Celsius.&nbsp;<\/p>\n\n\n\n<p>Besonders in Paphos gibt es jede Menge zu entecken &#8211; vor allem kulturell. Da w\u00e4ren zum Beipsiel griechische Tempelruinen, r\u00f6mische Wohnh\u00e4user und eine imposante Burganlage. Direkt neben dem UNESCO Weltkulturerbe erwartet euch eine lebendige Stadt mit vielen urigen Tavernen und Restaurants.<\/p>\n\n\n\n<figure class=\"wp-block-image size-large\"><a href=\"https:\/\/www.sonnenklar.tv\/blog\/wp-content\/uploads\/2024\/08\/paphos-mosaik.jpg\"><img loading=\"lazy\" decoding=\"async\" width=\"880\" height=\"500\" src=\"https:\/\/www.sonnenklar.tv\/blog\/wp-content\/uploads\/2024\/08\/paphos-mosaik.jpg\" alt=\"altes Mosaik in Paphos\" class=\"wp-image-30807\" srcset=\"https:\/\/www.sonnenklar.tv\/blog\/wp-content\/uploads\/2024\/08\/paphos-mosaik.jpg 880w, https:\/\/www.sonnenklar.tv\/blog\/wp-content\/uploads\/2024\/08\/paphos-mosaik-800x455.jpg 800w, https:\/\/www.sonnenklar.tv\/blog\/wp-content\/uploads\/2024\/08\/paphos-mosaik-120x68.jpg 120w, https:\/\/www.sonnenklar.tv\/blog\/wp-content\/uploads\/2024\/08\/paphos-mosaik-90x51.jpg 90w, https:\/\/www.sonnenklar.tv\/blog\/wp-content\/uploads\/2024\/08\/paphos-mosaik-320x182.jpg 320w, https:\/\/www.sonnenklar.tv\/blog\/wp-content\/uploads\/2024\/08\/paphos-mosaik-560x318.jpg 560w\" sizes=\"(max-width: 880px) 100vw, 880px\" \/><\/a><\/figure>\n\n\n\n<p>Aber auch einzigartige Natur gibt es hier zu erleben. Das Highlight ist dabei die Akamas Halbinsel, ein einzigartiges Naturschutzgebiet.<\/p>\n\n\n\n<figure class=\"wp-block-image size-large\"><a href=\"https:\/\/www.sonnenklar.tv\/blog\/wp-content\/uploads\/2024\/08\/Zypern-Akamas-Quad.jpg\"><img loading=\"lazy\" decoding=\"async\" width=\"880\" height=\"500\" src=\"https:\/\/www.sonnenklar.tv\/blog\/wp-content\/uploads\/2024\/08\/Zypern-Akamas-Quad.jpg\" alt=\"Quad-Tour auf der Halbinsel Akamas\" class=\"wp-image-30808\" srcset=\"https:\/\/www.sonnenklar.tv\/blog\/wp-content\/uploads\/2024\/08\/Zypern-Akamas-Quad.jpg 880w, https:\/\/www.sonnenklar.tv\/blog\/wp-content\/uploads\/2024\/08\/Zypern-Akamas-Quad-800x455.jpg 800w, https:\/\/www.sonnenklar.tv\/blog\/wp-content\/uploads\/2024\/08\/Zypern-Akamas-Quad-120x68.jpg 120w, https:\/\/www.sonnenklar.tv\/blog\/wp-content\/uploads\/2024\/08\/Zypern-Akamas-Quad-90x51.jpg 90w, https:\/\/www.sonnenklar.tv\/blog\/wp-content\/uploads\/2024\/08\/Zypern-Akamas-Quad-320x182.jpg 320w, https:\/\/www.sonnenklar.tv\/blog\/wp-content\/uploads\/2024\/08\/Zypern-Akamas-Quad-560x318.jpg 560w\" sizes=\"(max-width: 880px) 100vw, 880px\" \/><\/a><figcaption class=\"wp-element-caption\">Quad-Tour auf der Halbinsel Akamas<\/figcaption><\/figure>\n\n\n\n<p>Im Zentrum der S\u00fcdk\u00fcste liegt Limassol, eine Stadt zwischen Antike und Moderne. Rund um diese Stadt befinden sich einige der bedeutendsten Ausgrabungsst\u00e4tten der Antike. Limassol selbst ist eine moderne und lebenslustige Stadt, die aber auch \u00fcber eine malerische Altstadt verf\u00fcgt. Im Hinterland entdeckt ihr pittoreske D\u00f6rfer und Weinberge.<\/p>\n\n\n\n<figure class=\"wp-block-image size-large\"><a href=\"https:\/\/www.sonnenklar.tv\/blog\/wp-content\/uploads\/2024\/08\/yachthafen-limassol.jpg\"><img loading=\"lazy\" decoding=\"async\" width=\"880\" height=\"500\" src=\"https:\/\/www.sonnenklar.tv\/blog\/wp-content\/uploads\/2024\/08\/yachthafen-limassol.jpg\" alt=\"Yachthafen Limassol\" class=\"wp-image-30809\" srcset=\"https:\/\/www.sonnenklar.tv\/blog\/wp-content\/uploads\/2024\/08\/yachthafen-limassol.jpg 880w, https:\/\/www.sonnenklar.tv\/blog\/wp-content\/uploads\/2024\/08\/yachthafen-limassol-800x455.jpg 800w, https:\/\/www.sonnenklar.tv\/blog\/wp-content\/uploads\/2024\/08\/yachthafen-limassol-120x68.jpg 120w, https:\/\/www.sonnenklar.tv\/blog\/wp-content\/uploads\/2024\/08\/yachthafen-limassol-90x51.jpg 90w, https:\/\/www.sonnenklar.tv\/blog\/wp-content\/uploads\/2024\/08\/yachthafen-limassol-320x182.jpg 320w, https:\/\/www.sonnenklar.tv\/blog\/wp-content\/uploads\/2024\/08\/yachthafen-limassol-560x318.jpg 560w\" sizes=\"(max-width: 880px) 100vw, 880px\" \/><\/a><figcaption class=\"wp-element-caption\">Yachthafen in Limassol<\/figcaption><\/figure>\n\n\n\n<p>Larnaca im Osten der Insel ist eine der \u00e4ltesten St\u00e4dte der Insel. Auch hier verbinden sich Kultur, Moderne und Traumstr\u00e4nde zu einem ganz besonderen Mix, der euch unvergleichliche Urlaubsmomente beschert. Wie an vielen Stellen der Insel gibt es wundersch\u00f6ne Natur zu sehen, wie zum Beispiel Cap Greco in der N\u00e4he von Agia Napa. Wenn ihr dann doch noch Schnee sehen wollt, macht einen Ausflug ins Trodoos Gebirge.<\/p>\n\n\n\n<figure class=\"wp-block-image size-large\"><a href=\"https:\/\/www.sonnenklar.tv\/blog\/wp-content\/uploads\/2024\/08\/blick-auf-larnaca-zypern.jpg\"><img loading=\"lazy\" decoding=\"async\" width=\"880\" height=\"500\" src=\"https:\/\/www.sonnenklar.tv\/blog\/wp-content\/uploads\/2024\/08\/blick-auf-larnaca-zypern.jpg\" alt=\"Blick auf Larnaca auf Zypern\" class=\"wp-image-30810\" srcset=\"https:\/\/www.sonnenklar.tv\/blog\/wp-content\/uploads\/2024\/08\/blick-auf-larnaca-zypern.jpg 880w, https:\/\/www.sonnenklar.tv\/blog\/wp-content\/uploads\/2024\/08\/blick-auf-larnaca-zypern-800x455.jpg 800w, https:\/\/www.sonnenklar.tv\/blog\/wp-content\/uploads\/2024\/08\/blick-auf-larnaca-zypern-120x68.jpg 120w, https:\/\/www.sonnenklar.tv\/blog\/wp-content\/uploads\/2024\/08\/blick-auf-larnaca-zypern-90x51.jpg 90w, https:\/\/www.sonnenklar.tv\/blog\/wp-content\/uploads\/2024\/08\/blick-auf-larnaca-zypern-320x182.jpg 320w, https:\/\/www.sonnenklar.tv\/blog\/wp-content\/uploads\/2024\/08\/blick-auf-larnaca-zypern-560x318.jpg 560w\" sizes=\"(max-width: 880px) 100vw, 880px\" \/><\/a><figcaption class=\"wp-element-caption\">Blick auf Larnaca<\/figcaption><\/figure>\n\n\n\n<p><strong>Das k\u00f6nnte euch auch interessieren:<\/strong><\/p>\n\n\n\n<p><strong>Lesetipp:<\/strong> Diese <a href=\"https:\/\/www.sonnenklar.tv\/blog\/zypern-sehenswuerdigkeiten\/\">6 Sehensw\u00fcrdigkeiten in Zypern<\/a> solltest du nicht verpassen. <strong>Tipp:<\/strong> Lust bekommen? Nat\u00fcrlich haben wir euch auch f\u00fcr <a href=\"https:\/\/www.sonnenklar.tv\/promo\/zypern-paphos.html\">Zypern die besten Angebote<\/a> herausgesucht.<\/p>\n","protected":false},"excerpt":{"rendered":"<p>Der Winter steht vor der T\u00fcr und mit ihm die K\u00e4lte. Nicht jeder freut sich auf Skifahren und andere Aktivit\u00e4ten im Schnee. Muss ja auch nicht sein. Es gibt Pl\u00e4tze in Europa, an denen es angenehm milde Temperaturen gibt und ihr dem kalten Grau zu Hause entfliehen k\u00f6nnt. Wir stellen euch einige vor. Der Winter<\/p>\n","protected":false},"author":3,"featured_media":32068,"comment_status":"closed","ping_status":"open","sticky":false,"template":"","format":"standard","meta":{"footnotes":""},"categories":[697,5],"tags":[604,583],"class_list":{"0":"post-30719","1":"post","2":"type-post","3":"status-publish","4":"format-standard","5":"has-post-thumbnail","7":"category-reisetipps","8":"category-badeurlaub","9":"tag-europa","10":"tag-urlaubsinspiration"},"_links":{"self":[{"href":"https:\/\/www.sonnenklar.tv\/blog\/wp-json\/wp\/v2\/posts\/30719","targetHints":{"allow":["GET"]}}],"collection":[{"href":"https:\/\/www.sonnenklar.tv\/blog\/wp-json\/wp\/v2\/posts"}],"about":[{"href":"https:\/\/www.sonnenklar.tv\/blog\/wp-json\/wp\/v2\/types\/post"}],"author":[{"embeddable":true,"href":"https:\/\/www.sonnenklar.tv\/blog\/wp-json\/wp\/v2\/users\/3"}],"replies":[{"embeddable":true,"href":"https:\/\/www.sonnenklar.tv\/blog\/wp-json\/wp\/v2\/comments?post=30719"}],"version-history":[{"count":17,"href":"https:\/\/www.sonnenklar.tv\/blog\/wp-json\/wp\/v2\/posts\/30719\/revisions"}],"predecessor-version":[{"id":38260,"href":"https:\/\/www.sonnenklar.tv\/blog\/wp-json\/wp\/v2\/posts\/30719\/revisions\/38260"}],"wp:featuredmedia":[{"embeddable":true,"href":"https:\/\/www.sonnenklar.tv\/blog\/wp-json\/wp\/v2\/media\/32068"}],"wp:attachment":[{"href":"https:\/\/www.sonnenklar.tv\/blog\/wp-json\/wp\/v2\/media?parent=30719"}],"wp:term":[{"taxonomy":"category","embeddable":true,"href":"https:\/\/www.sonnenklar.tv\/blog\/wp-json\/wp\/v2\/categories?post=30719"},{"taxonomy":"post_tag","embeddable":true,"href":"https:\/\/www.sonnenklar.tv\/blog\/wp-json\/wp\/v2\/tags?post=30719"}],"curies":[{"name":"wp","href":"https:\/\/api.w.org\/{rel}","templated":true}]}}