{"id":28501,"date":"2024-04-12T08:06:33","date_gmt":"2024-04-12T07:06:33","guid":{"rendered":"https:\/\/www.sonnenklar.tv\/blog\/?p=28501"},"modified":"2025-11-20T14:39:33","modified_gmt":"2025-11-20T13:39:33","slug":"albanien-sehenswuerdigkeiten","status":"publish","type":"post","link":"https:\/\/www.sonnenklar.tv\/blog\/reisetipps\/albanien-sehenswuerdigkeiten\/","title":{"rendered":"Die Top 7 Sehensw\u00fcrdigkeiten in Albanien: Trendziel mit Geheimtippcharakter"},"content":{"rendered":"\n<p><strong>Versteckt zwischen Montenegro, dem Kosovo, Nordmazedonien und Griechenland, kann es schon mal passieren, dass die Augen beim Blick auf die Landkarte schnell \u00fcber Albanien huschen. Wer das kleine Land auf dem westlichen Balkan jedoch schon bereist hat, wei\u00df: Die zahlreichen Sehensw\u00fcrdigkeiten sind so ganz und gar nicht zu \u00fcbersehen. Nur rund zwei Flugstunden von Deutschland entfernt, warten unber\u00fchrte Natur, antike St\u00e4dte, mittelalterliche Burgen, eine 360 Kilometer lange K\u00fcste voll traumhafter Str\u00e4nde und hohe Gipfel nur darauf, von euch erkundet zu werden. Schwer zu glauben, dass das au\u00dferhalb Albaniens kaum jemandem bewusst ist!<\/strong><\/p>\n\n\n\n<p>Derzeit noch ein Geheimtipp, der sich langsam, aber sicher zum Trendziel mausert, hat Albanien f\u00fcr jeden etwas zu bieten. Ob Wanderungen durch kontrastreiche Landschaften, Staunen \u00fcber UNESCO-Welterbest\u00e4tten oder Baden im glasklaren Meer: Wir verraten euch die besten Reisetipps, die zwischen den Albanischen Alpen im Norden und der Albanischen Adria im S\u00fcden sowohl Geschichts- und Kulturinteressierte als auch Aktivurlauber gl\u00fccklich machen. Eine gro\u00dfe Prise sonnige Entspannung darf nat\u00fcrlich auch nicht fehlen.<\/p>\n\n\n\n<p><strong>Inhaltsverzeichnis<\/strong><\/p>\n\n\n\n<ul class=\"wp-block-list\">\n<li>Albaniens Sehensw\u00fcrdigkeiten: Faszination zwischen Natur und Kultur\n<ol class=\"wp-block-list\">\n<li><a href=\"#skanderbeg-platz\">Skanderbeg Platz, Tirana: Das Herz der pulsierenden Hauptstadt<\/a><\/li>\n\n\n\n<li><a href=\"#rozafa\">Festung Rozafa, Shkodra: Historische Burg mit See-Panorama<\/a><\/li>\n\n\n\n<li><a href=\"#mangalem\">Mangalem Viertel, Berat: Die Stadt der tausend Fenster<\/a><\/li>\n\n\n\n<li><a title=\"#gijrokastra\" href=\"#gjirokastra\">Altstadt von Gjirokastra: Die Stadt der tausend Stufen<\/a><\/li>\n\n\n\n<li><a href=\"#butrint\">Nationalpark Butrint: Geschichtstr\u00e4chtiges Naturparadies<\/a><\/li>\n\n\n\n<li><a href=\"#saranda\">Saranda, Albanische Riviera: Sonnenverw\u00f6hntes Badeparadies<\/a><\/li>\n\n\n\n<li><a href=\"#albanische-alpen\">Albanische Alpen: Verwunschene Bergwelt<\/a><\/li>\n<\/ol>\n<\/li>\n\n\n\n<li>Die h\u00e4ufigsten Fragen zu Albaniens Sehensw\u00fcrdigkeiten\n<ul class=\"wp-block-list\">\n<li><a href=\"#albanien-am-schoensten\">Wo ist es am sch\u00f6nsten in Albanien?<\/a><\/li>\n\n\n\n<li><a href=\"#albanien-besonders\">Was ist so besonders an Albanien?<\/a><\/li>\n\n\n\n<li><a href=\"#albanien-essen\">Was ist typisch albanisches Essen?<\/a><\/li>\n\n\n\n<li><a href=\"#albanien-reisezeit\">Was ist die beste Reisezeit f\u00fcr Albanien?<\/a><\/li>\n<\/ul>\n<\/li>\n<\/ul>\n\n\n\n<h2 class=\"wp-block-heading\">Das Wichtigste im \u00dcberblick<\/h2>\n\n\n\n<ul class=\"wp-block-list\">\n<li>Albaniens Sehensw\u00fcrdigkeiten bieten eine gelungene Mischung aus Geschichte, Abenteuer und Natur.<\/li>\n\n\n\n<li>Im S\u00fcden des Balkanlandes breiten sich wundersch\u00f6ne, teilweise verlassene Str\u00e4nde aus, w\u00e4hrend sich im Norden imposante Berggipfel in den Himmel strecken.<\/li>\n\n\n\n<li>Da das Land noch als Geheimtipp gilt, ist die Natur unber\u00fchrt und auch die kulturellen Sehensw\u00fcrdigkeiten lassen sich in Ruhe erkunden.<\/li>\n<\/ul>\n\n\n\n<h2 class=\"wp-block-heading\">Albaniens Sehensw\u00fcrdigkeiten: Faszination zwischen Natur und Kultur<\/h2>\n\n\n\n<p>Im Landesinneren zeigt sich die Natur wild, an den K\u00fcsten verzaubern die teilweise verlassenen Str\u00e4nde mit ihrem Karibikflair und dazwischen verteilen sich in gro\u00dfen und kleinen St\u00e4dten zahlreiche Kultursch\u00e4tze. Egal, ob euch Albanien schon immer fasziniert hat oder ihr es gerade das erste Mal so richtig wahrnehmt: Mit unseren Urlaubstipps wandert, entspannt und staunt ihr auf bisher noch kaum betretenen Pfaden.<\/p>\n\n\n\n<h3 class=\"wp-block-heading\" id=\"skanderbeg-platz\">1. Skanderbeg Platz, Tirana: Das Herz der pulsierenden Hauptstadt<\/h3>\n\n\n\n<p>Ein bunter Mix aus geschichtstr\u00e4chtig und modern, trubelig und idyllisch sowie ehrw\u00fcrdig und fr\u00f6hlich erwartet euch in Tirana, der <strong>Hauptstadt Albaniens<\/strong>. In der zugleich gr\u00f6\u00dften Stadt des Landes stehen kommunistische Geb\u00e4ude neben Bauwerken aus <strong>osmanischer Zeit <\/strong>und Pastell gestrichene H\u00e4user verbreiten gute Laune. Startet ihr euren Stadtrundgang auf dem rund 38.000 Quadratmeter gro\u00dfen Skanderbeg Platz mit der <strong>Reiterstatue<\/strong> des Nationalhelden Gjergj Kastrioti Skanderbeg im Herzen der Stadt, steht ihr direkt vor mehreren Sehensw\u00fcrdigkeiten.<\/p>\n\n\n\n<figure class=\"wp-block-image size-large\"><a href=\"https:\/\/www.sonnenklar.tv\/blog\/wp-content\/uploads\/2024\/04\/5207149-albania-tirana-skanderbeg-place.jpg\"><img fetchpriority=\"high\" decoding=\"async\" width=\"880\" height=\"450\" src=\"https:\/\/www.sonnenklar.tv\/blog\/wp-content\/uploads\/2024\/04\/5207149-albania-tirana-skanderbeg-place.jpg\" alt=\"Skanderbeg Platz mit der Reiterstatue und dem Glockenturm in Tirana in Montenegro\" class=\"wp-image-28545\" srcset=\"https:\/\/www.sonnenklar.tv\/blog\/wp-content\/uploads\/2024\/04\/5207149-albania-tirana-skanderbeg-place.jpg 880w, https:\/\/www.sonnenklar.tv\/blog\/wp-content\/uploads\/2024\/04\/5207149-albania-tirana-skanderbeg-place-800x409.jpg 800w, https:\/\/www.sonnenklar.tv\/blog\/wp-content\/uploads\/2024\/04\/5207149-albania-tirana-skanderbeg-place-120x61.jpg 120w, https:\/\/www.sonnenklar.tv\/blog\/wp-content\/uploads\/2024\/04\/5207149-albania-tirana-skanderbeg-place-90x46.jpg 90w, https:\/\/www.sonnenklar.tv\/blog\/wp-content\/uploads\/2024\/04\/5207149-albania-tirana-skanderbeg-place-320x164.jpg 320w, https:\/\/www.sonnenklar.tv\/blog\/wp-content\/uploads\/2024\/04\/5207149-albania-tirana-skanderbeg-place-560x286.jpg 560w\" sizes=\"(max-width: 880px) 100vw, 880px\" \/><\/a><figcaption class=\"wp-element-caption\"> Als Herz von Tirana ist der Skanderberg Platz von imposanten Geb\u00e4uden umgeben<\/figcaption><\/figure>\n\n\n\n<p>Ges\u00e4umt von ca. 100 Font\u00e4nen und bl\u00fchenden Pflanzen erz\u00e4hlen der <strong>Kulturpalast<\/strong> mit der Staatsoper, die <strong>Nationalbibliothek<\/strong> und der 35 Meter hohe <strong>Uhrturm<\/strong> von der bewegten Vergangenheit des Landes, w\u00e4hrend Kinder Fu\u00dfball spielen oder auf dem Karussell ihre Runden drehen und die Einheimischen sich auf einen Plausch treffen. Lasst euch von hier aus durch die Stadt treiben, spaziert durch das hippe <strong>Blloku-Viertel<\/strong>, probiert euch im Marktviertel <strong>Pazari i Ri<\/strong> durch frisches Obst sowie duftende Gew\u00fcrze und besucht eines der <strong>Bunkermuseen<\/strong>. So richtig authentisch sp\u00fcrt ihr das Flair Tiranas in einem der zahlreichen <strong>Kaffeeh\u00e4user<\/strong>, ist die Kaffeekultur doch aus Albanien nicht wegzudenken.<\/p>\n\n\n<p><strong>Tipp:<\/strong> Auf ein besonders zauberhaftes Spektakel in Tirana k\u00f6nnt ihr euch jedes Jahr am 14. M\u00e4rz freuen, denn dann wird beim Sommerfest im Rinia-Park mit atemberaubenden Zirkusvorstellungen das Ende des Winters zelebriert.<\/p>\n\n\n<p><strong>Weitere Sehensw\u00fcrdigkeiten in und um Tirana:<\/strong><\/p>\n\n\n\n<ul class=\"wp-block-list\">\n<li><strong>Et\u00b4hem Bey Moschee:<\/strong> Pr\u00e4chtige Moschee am Skanderbegplatz aus der osmanischen Zeit, deren Bau im Jahr 1821 nach 27 Jahren abgeschlossen wurde. Au\u00dferhalb der Gebetszeiten k\u00f6nnt ihr das Innere mit seinen Fresken und Malereien besichtigen.<\/li>\n\n\n\n<li><strong>Hausberg Dajti:<\/strong> Etwa 1.613 Meter hoher Berg im Nationalpark Dajti, den ihr \u00fcber eine Bergstra\u00dfe oder mit der ersten Seilbahn Albaniens erreicht. Oben erwarten euch ein Abenteuerpark, eine Minigolfanlage sowie ein zauberhaftes Panorama und wundersch\u00f6ne Natur.<\/li>\n\n\n\n<li><strong>Gro\u00dfer Park von Tirana:<\/strong> Einen rund 20-min\u00fctigen Spaziergang vom Skanderbeg-Platz entfernt befindet sich die gr\u00fcne Lunge der Hauptstadt. Hier l\u00e4sst es sich fantastisch picknicken und mit dem Fahrrad oder zu Fu\u00df den k\u00fcnstlich angelegten See umrunden.<\/li>\n<\/ul>\n\n\n<p><strong>Hoteltipp:<\/strong> Ganz in der N\u00e4he des Blloku-Viertels von Tirana und nur einen rund 10-min\u00fctigen Spaziergang vom Skanderbeg Patz entfernt, stehen euch vom <a href=\"https:\/\/www.sonnenklar.tv\/beschreibung\/Albanien\/Albanien\/Tirana\/Sky.html\" target=\"_blank\" rel=\"noopener\">Sky Hotel<\/a> alle T\u00fcren in die albanische Hauptstadt offen. Nach euren Sightseeing-Touren lockt das hausgemachte Eis im hoteleigenen Coffee Shop.<\/p>\n<p><strong>Tipp:<\/strong> Von Tirana aus lohnt sich ein Abstecher in die auch als \u201eBalkon der Adria\u201c bezeichnete Kleinstadt Kruja. Nach einer rund einst\u00fcndigen Fahrt k\u00f6nnt ihr die Festung besichtigen und den fantastischen Ausblick vom Skanderbeg-Berg genie\u00dfen.<\/p>\n\n\n<h3 class=\"wp-block-heading\" id=\"rozafa\">2. Festung Rozafa, Shkodra: Historische Burg mit See-Panorama<\/h3>\n\n\n\n<p>Mit unserem n\u00e4chsten Albanien Reisetipp erwartet euch eine historische Perle inmitten von Natursch\u00e4tzen. Nahe der Grenze zu Montenegro befindet sich am malerischen <strong>Shkodra-See<\/strong> eine der \u00e4ltesten St\u00e4dte des Landes &#8211; sch\u00f6ner als in Shkodra l\u00e4sst es sich wohl kaum in die Geschichte Albaniens eintauchen. Im rund 2.400 Jahre alten <strong>einstigen kulturellen Zentrum Albaniens<\/strong> m\u00fcsst ihr zwischen der <strong>Stephanskathedrale<\/strong> mit ihrem 50 Meter hohen Glockenturm, der imposanten <strong>Ebu Beker<\/strong> <strong>Moschee<\/strong> und dem Historischen Museum nicht lange nach eindrucksvollen Sehensw\u00fcrdigkeiten suchen.<\/p>\n\n\n\n<figure class=\"wp-block-image size-large\"><a href=\"https:\/\/www.sonnenklar.tv\/blog\/wp-content\/uploads\/2024\/04\/5207173-albania-shkodra-festung-rozafa.jpg\"><img decoding=\"async\" width=\"880\" height=\"450\" src=\"https:\/\/www.sonnenklar.tv\/blog\/wp-content\/uploads\/2024\/04\/5207173-albania-shkodra-festung-rozafa.jpg\" alt=\"Ausblick von der Festung Rozafa in Shkodra, Montenegro in der Abendd\u00e4mmerung\" class=\"wp-image-28547\" srcset=\"https:\/\/www.sonnenklar.tv\/blog\/wp-content\/uploads\/2024\/04\/5207173-albania-shkodra-festung-rozafa.jpg 880w, https:\/\/www.sonnenklar.tv\/blog\/wp-content\/uploads\/2024\/04\/5207173-albania-shkodra-festung-rozafa-800x409.jpg 800w, https:\/\/www.sonnenklar.tv\/blog\/wp-content\/uploads\/2024\/04\/5207173-albania-shkodra-festung-rozafa-120x61.jpg 120w, https:\/\/www.sonnenklar.tv\/blog\/wp-content\/uploads\/2024\/04\/5207173-albania-shkodra-festung-rozafa-90x46.jpg 90w, https:\/\/www.sonnenklar.tv\/blog\/wp-content\/uploads\/2024\/04\/5207173-albania-shkodra-festung-rozafa-320x164.jpg 320w, https:\/\/www.sonnenklar.tv\/blog\/wp-content\/uploads\/2024\/04\/5207173-albania-shkodra-festung-rozafa-560x286.jpg 560w\" sizes=\"(max-width: 880px) 100vw, 880px\" \/><\/a><figcaption class=\"wp-element-caption\">Die FEstung Rozafa ist der perfekte Ausgangspunkt f\u00fcr Wanderungen durch Albaniens Natur<\/figcaption><\/figure>\n\n\n\n<p>Ein absolutes Highlight ist die <strong>Festung Rozafa<\/strong> vor den Toren Shkodras. Umrahmt von <strong>\u00fcppigem Gr\u00fcn<\/strong> k\u00f6nnt ihr euch nicht nur zwischen den Ruinen auf Spurensuche begeben, sondern auch fernab von allem Trubel einen tollen Blick \u00fcber den See genie\u00dfen. Das rege Markttreiben auf dem <strong>Platz der Demokratie<\/strong> im Zentrum, wo die H\u00e4ndler in l\u00e4ndlichen Trachten ihre Waren anpreisen, scheint dort oben ganz weit weg. Schl\u00e4gt euer Herz f\u00fcr architektonisches Meisterwerke, empfehlen wir euch einen Ausflug zum 108 Meter langen <strong>Ura e Mesit<\/strong> Br\u00fcckenbogen, der sich rund 8 Kilometer entfernt mit 15 B\u00f6gen \u00fcber den Kir-Fluss spannt.<\/p>\n\n\n\n<table id=\"tablepress-623\" class=\"tablepress tablepress-id-623\">\n<thead>\n<tr class=\"row-1\">\n\t<th colspan=\"2\" class=\"column-1\">Rozafa Castle<\/th>\n<\/tr>\n<\/thead>\n<tbody>\n<tr class=\"row-2\">\n\t<td class=\"column-1\"><strong>\u00d6ffnungszeiten:<\/strong><\/td><td class=\"column-2\">April - September: <br \/>\nt\u00e4glich ca. von 09.00 - 18.00 Uhr<br \/>\nOktober - M\u00e4rz:<br \/>\nt\u00e4glich ca. 08.00 - 16.00<\/td>\n<\/tr>\n<tr class=\"row-3\">\n\t<td class=\"column-1\"><strong>Eintrittspreise:<\/strong><\/td><td class=\"column-2\">ca. 1,50 Euro<\/td>\n<\/tr>\n<\/tbody>\n<\/table>\n<!-- #tablepress-623 from cache -->\n\n\n<p><strong>Hoteltipp:<\/strong> Umgeben von Sehensw\u00fcrdigkeiten wandelt ihr vom <a href=\"https:\/\/www.sonnenklar.tv\/beschreibung\/Albanien\/Albanien\/Shkodra\/Rozafa_Hotel.html\" target=\"_blank\" rel=\"noopener\">Rozafa Hotel<\/a> aus bequem auf historischen Pfaden. Seid ihr mit dem <a href=\"https:\/\/www.sonnenklar.tv\/mietwagen.html\" target=\"_blank\" rel=\"noopener\">Mietwagen<\/a> unterwegs, k\u00f6nnt ihr den unkompliziert auf dem kostenfreien Parkplatz abstellen.<\/p>\n\n\n<h3 class=\"wp-block-heading\" id=\"mangalem\">3. Mangalem Viertel, Berat: Die Stadt der tausend Fenster<\/h3>\n\n\n\n<p>Fenster gibt es in jeder Stadt, aber die wenigsten sind so bekannt wie die der H\u00e4user des am <strong>Fluss Osum<\/strong> gelegenen Ortes Berat. Sie haben es sogar geschafft, der seit 2008 zum <strong>UNESCO-Weltkulturerbe<\/strong> geh\u00f6renden Stadt ihren Beinamen <strong>\u201eStadt der tausend Fenster\u201c <\/strong>einzubringen. Wenn euch die gro\u00dfen Fenster der wei\u00dfen <strong>im osmanischen Stil errichtenden H\u00e4user<\/strong>, die sich am steilen Hang im Mangalem-Viertel aneinanderreihen, entgegenblicken, versteht ihr sicher, wie es zu dieser Bezeichnung gekommen ist.<\/p>\n\n\n\n<figure class=\"wp-block-image size-large\"><a href=\"https:\/\/www.sonnenklar.tv\/blog\/wp-content\/uploads\/2024\/03\/3486309-albanien-berat-mangalem-viertel.jpg\"><img decoding=\"async\" width=\"880\" height=\"450\" src=\"https:\/\/www.sonnenklar.tv\/blog\/wp-content\/uploads\/2024\/03\/3486309-albanien-berat-mangalem-viertel.jpg\" alt=\"Wei\u00dfe H\u00e4userfassaden am Fluss Osum im Mangalem Viertel in Berat, Albanien\" class=\"wp-image-28539\" srcset=\"https:\/\/www.sonnenklar.tv\/blog\/wp-content\/uploads\/2024\/03\/3486309-albanien-berat-mangalem-viertel.jpg 880w, https:\/\/www.sonnenklar.tv\/blog\/wp-content\/uploads\/2024\/03\/3486309-albanien-berat-mangalem-viertel-800x409.jpg 800w, https:\/\/www.sonnenklar.tv\/blog\/wp-content\/uploads\/2024\/03\/3486309-albanien-berat-mangalem-viertel-120x61.jpg 120w, https:\/\/www.sonnenklar.tv\/blog\/wp-content\/uploads\/2024\/03\/3486309-albanien-berat-mangalem-viertel-90x46.jpg 90w, https:\/\/www.sonnenklar.tv\/blog\/wp-content\/uploads\/2024\/03\/3486309-albanien-berat-mangalem-viertel-320x164.jpg 320w, https:\/\/www.sonnenklar.tv\/blog\/wp-content\/uploads\/2024\/03\/3486309-albanien-berat-mangalem-viertel-560x286.jpg 560w\" sizes=\"(max-width: 880px) 100vw, 880px\" \/><\/a><figcaption class=\"wp-element-caption\">Einst den muslimischen Bewohnern vorbehalten, ist das Mangalem Viertel heute ein begehrtes Fotomotiv<\/figcaption><\/figure>\n\n\n\n<p>Ihr solltet es jedoch nicht beim Anschauen belassen, sondern auch durch die <strong>verwinkelten Gassen<\/strong> schlendern und euch auf den Weg hinauf zur <strong>Burg<\/strong> \u00fcber den D\u00e4chern der Stadt machen. Nach einem rund 20-min\u00fctigen Fu\u00dfweg \u00fcber historisches Kopfsteinpflaster erwartet euch dort oben, umgeben von Wasserf\u00e4llen und massiven Bergen, ein ganzes <strong>Viertel mit kleinen Kirchen<\/strong>, Moscheen, heute noch bewohnten H\u00e4uschen und nicht zuletzt eine umwerfende Aussicht \u00fcber das herrliche Flusstal.<\/p>\n\n\n<p><strong>Tipp:<\/strong> Den besten Blick auf das wohl bekannteste Fotomotiv Albaniens \u2013 die Fenster des Mangalem-Viertels \u2013 habt ihr vom gegen\u00fcberliegenden mehrheitlich christlichen Stadtviertel Glorica. Einmal \u00fcber die Fu\u00dfg\u00e4ngerbr\u00fccke \u00fcber den Osum spaziert und schon k\u00f6nnt ihr die Kamera z\u00fccken.<\/p>\n<p><strong>Hoteltipp:<\/strong> Im <a href=\"https:\/\/www.sonnenklar.tv\/beschreibung\/Albanien\/Albanien\/Berat\/Belagrita_Hotel.html\" target=\"_blank\" rel=\"noopener\">Belagrita Hotel<\/a> vor den Toren Berats findet ihr ein majest\u00e4tisches Zuhause auf Zeit. Der Wine Tasting Room ist der ideale Ort, um all die neu gewonnen Eindr\u00fccke mit einem guten Tropfen Revue passieren zu lassen.<\/p>\n\n\n<h3 class=\"wp-block-heading\" id=\"gjirokastra\">4. Altstadt von Gjirokastra: Die Stadt der tausend Stufen<\/h3>\n\n\n\n<p>Von der \u201eStadt der tausend Fenster\u201c begeben wir uns zur <strong>\u201eStadt der tausend Stufen\u201c<\/strong>. Die Altstadt von Gjirokastra ist zwar eine etwas weniger bekannte Sehensw\u00fcrdigkeit Albaniens als Berat, doch sie z\u00e4hlt ebenso zum <strong>UNESCO-Welterbe<\/strong> und ist ein Eldorado f\u00fcr alle Geschichtsfans. Ein ganz besonders schmuckes obendrein. Im <strong>Drino-Tal<\/strong> vor den fast 2.000 Meter hohen Gipfeln des Gebirges Mali i Gjer\u00eb schmiegen sich alte <strong>steinerne osmanische H\u00e4user<\/strong> an steile, begr\u00fcnte H\u00e4nge. Damit einher gehen besagte tausend Stufen, die ihr beim Weg hinauf zur Altstadt direkt bemerken werdet.<\/p>\n\n\n\n<figure class=\"wp-block-image size-large\"><a href=\"https:\/\/www.sonnenklar.tv\/blog\/wp-content\/uploads\/2024\/04\/5207172-albania-gjirokaster-altstadt.jpg\"><img loading=\"lazy\" decoding=\"async\" width=\"880\" height=\"450\" src=\"https:\/\/www.sonnenklar.tv\/blog\/wp-content\/uploads\/2024\/04\/5207172-albania-gjirokaster-altstadt.jpg\" alt=\"Altstadt von Gjirokastra in Albanien in der Abendd\u00e4mmerung\" class=\"wp-image-28546\" srcset=\"https:\/\/www.sonnenklar.tv\/blog\/wp-content\/uploads\/2024\/04\/5207172-albania-gjirokaster-altstadt.jpg 880w, https:\/\/www.sonnenklar.tv\/blog\/wp-content\/uploads\/2024\/04\/5207172-albania-gjirokaster-altstadt-800x409.jpg 800w, https:\/\/www.sonnenklar.tv\/blog\/wp-content\/uploads\/2024\/04\/5207172-albania-gjirokaster-altstadt-120x61.jpg 120w, https:\/\/www.sonnenklar.tv\/blog\/wp-content\/uploads\/2024\/04\/5207172-albania-gjirokaster-altstadt-90x46.jpg 90w, https:\/\/www.sonnenklar.tv\/blog\/wp-content\/uploads\/2024\/04\/5207172-albania-gjirokaster-altstadt-320x164.jpg 320w, https:\/\/www.sonnenklar.tv\/blog\/wp-content\/uploads\/2024\/04\/5207172-albania-gjirokaster-altstadt-560x286.jpg 560w\" sizes=\"(max-width: 880px) 100vw, 880px\" \/><\/a><figcaption class=\"wp-element-caption\">Die steilen Gassen geben der Altstadt von Gjirokaster ihren unverwechselbaren Charakter<\/figcaption><\/figure>\n\n\n\n<p>Die <strong>Kopfsteinpflastergassen<\/strong> f\u00fchren euch bergauf und bergab, um unz\u00e4hlige Ecken und Kurven, vorbei an bunten Souvenirl\u00e4den und traditionellen albanischen H\u00e4usern mit flachen Steind\u00e4chern. St\u00f6bert auf dem <strong>Basar<\/strong>, st\u00e4rkt euch in einer der kleinen <strong>Tavernen<\/strong> und erkundet die auf einem Berg thronende <strong>Festung<\/strong> mitsamt ihrem Gef\u00e4ngnis, einem Uhrturm sowie Waffen und Kanonen aus verschiedenen Jahrhunderten. Dank der tollen Aussicht k\u00f6nnt ihr euch von hier aus zudem einen \u00dcberblick \u00fcber die zuvor durchquerten verwinkelten Altstadt-Gassen verschaffen.<\/p>\n\n\n<p><strong>Hoteltipp:<\/strong> Im Herzen der Altstadt von Gjirokastra verspr\u00fchen die Zimmer des <a href=\"https:\/\/www.sonnenklar.tv\/beschreibung\/Albanien\/Albanien\/Gjirokastra\/Bineri_Hotel_Gjirokastra.html\" target=\"_blank\" rel=\"noopener\">Hotel Bineri<\/a> authentischen Charme \u2013 Wohlf\u00fchlen ist vor der Kulisse der historischen Festung ein Leichtes!<\/p>\n\n\n<table id=\"tablepress-624\" class=\"tablepress tablepress-id-624\">\n<thead>\n<tr class=\"row-1\">\n\t<th colspan=\"2\" class=\"column-1\">Gjirokastra Castle<\/th>\n<\/tr>\n<\/thead>\n<tbody>\n<tr class=\"row-2\">\n\t<td class=\"column-1\"><strong>\u00d6ffnungszeiten:<\/strong><\/td><td class=\"column-2\">April - September: <br \/>\nt\u00e4glich ca. von 09.00 - 19.00 Uhr<br \/>\nOktober - M\u00e4rz:<br \/>\nt\u00e4glich ca. 08.00 - 17.00<\/td>\n<\/tr>\n<tr class=\"row-3\">\n\t<td class=\"column-1\"><strong>Eintrittspreise:<\/strong><\/td><td class=\"column-2\">ca. 4,00 Euro<\/td>\n<\/tr>\n<\/tbody>\n<\/table>\n<!-- #tablepress-624 from cache -->\n\n\n<p><strong>Tipps:<\/strong> In der Umgebung von Gjiroskastra mangelt es nicht an Urlaubstipps f\u00fcr alle Liebhaber des fl\u00fcssigen Elements. Wer es ruhig bevorzugt, setzt sich kurz vor der Stadt an den Fluss Vjosa, wer es rasanter mag, bricht von P\u00ebrmet aus zu einer Rafting-Tour auf und wer ein bildsch\u00f6nes Fotomotiv sucht, legt einen Stopp am unerforschten, in m\u00e4rchenhaften Smaragd- und Blaut\u00f6nen schimmernden Bergsee Syri i Kalt\u00ebr, dem \u201eBlauen Auge\u201c, ein.<\/p>\n\n\n<h3 class=\"wp-block-heading\" id=\"butrint\">5. Nationalpark Butrint: Geschichtstr\u00e4chtiges Naturparadies<\/h3>\n\n\n\n<p>Lieber die Natur genie\u00dfen oder in vergangene Zeiten eintauchen? Dank unseres n\u00e4chsten Reisetipps f\u00fcr Albanien m\u00fcsst ihr euch diese Frage nicht stellen, denn der Nationalpark Butrint auf einer Halbinsel im S\u00fcdwesten des Landes macht beides m\u00f6glich. In dem rund <strong>9.500 Hektar gro\u00dfen UNESCO-Weltkulturerbe<\/strong> f\u00fchlen sich nicht nur zahlreiche <strong>seltene und gef\u00e4hrdete Tierarten<\/strong> wohl \u2013 nein, inmitten der idyllischen Landschaft zwischen dem <strong>Butrint-See und dem Vivari-Kanal<\/strong> verteilen sich zudem die Ruinen einer <strong>antiken Hafenstadt<\/strong> aus dem 8. Jahrhundert vor Christus.<\/p>\n\n\n\n<figure class=\"wp-block-image size-large\"><a href=\"https:\/\/www.sonnenklar.tv\/blog\/wp-content\/uploads\/2024\/03\/3184464-albanien-amphitheater-baptisterium-butrint.jpg\"><img loading=\"lazy\" decoding=\"async\" width=\"880\" height=\"450\" src=\"https:\/\/www.sonnenklar.tv\/blog\/wp-content\/uploads\/2024\/03\/3184464-albanien-amphitheater-baptisterium-butrint.jpg\" alt=\"Amphitheater im Nationalpark Butrint in Albanien\" class=\"wp-image-28538\" srcset=\"https:\/\/www.sonnenklar.tv\/blog\/wp-content\/uploads\/2024\/03\/3184464-albanien-amphitheater-baptisterium-butrint.jpg 880w, https:\/\/www.sonnenklar.tv\/blog\/wp-content\/uploads\/2024\/03\/3184464-albanien-amphitheater-baptisterium-butrint-800x409.jpg 800w, https:\/\/www.sonnenklar.tv\/blog\/wp-content\/uploads\/2024\/03\/3184464-albanien-amphitheater-baptisterium-butrint-120x61.jpg 120w, https:\/\/www.sonnenklar.tv\/blog\/wp-content\/uploads\/2024\/03\/3184464-albanien-amphitheater-baptisterium-butrint-90x46.jpg 90w, https:\/\/www.sonnenklar.tv\/blog\/wp-content\/uploads\/2024\/03\/3184464-albanien-amphitheater-baptisterium-butrint-320x164.jpg 320w, https:\/\/www.sonnenklar.tv\/blog\/wp-content\/uploads\/2024\/03\/3184464-albanien-amphitheater-baptisterium-butrint-560x286.jpg 560w\" sizes=\"(max-width: 880px) 100vw, 880px\" \/><\/a><figcaption class=\"wp-element-caption\">Einst fanden wohl ca. 2.000 Menschen im Amphiteater im Butrint nationalpark Platz<\/figcaption><\/figure>\n\n\n\n<p>Zwischen den \u00fcberwachsenen Relikten reist ihr auf <strong>r\u00f6mischen, griechischen, osmanischen und venezianischen Spuren<\/strong> unter Olivenhainen durch die Jahrhunderte. Da vergisst man schnell einmal, dass man sich gerade in den 2000ern und gar nicht in der Antike befindet. Am besten startet eure Zeitreise im Naturidyll fr\u00fchmorgens, um das riesige Areal bei angenehmen Temperaturen in Ruhe erkunden zu k\u00f6nnen.<\/p>\n\n\n\n<table id=\"tablepress-625\" class=\"tablepress tablepress-id-625\">\n<thead>\n<tr class=\"row-1\">\n\t<th colspan=\"2\" class=\"column-1\">Nationalpark Butrint<\/th>\n<\/tr>\n<\/thead>\n<tbody>\n<tr class=\"row-2\">\n\t<td class=\"column-1\"><strong>\u00d6ffnungszeiten:<\/strong><\/td><td class=\"column-2\">t\u00e4glich ca. von 09.00 - 19.00 Uhr<\/td>\n<\/tr>\n<tr class=\"row-3\">\n\t<td class=\"column-1\"><strong>Eintrittspreise:<\/strong><\/td><td class=\"column-2\">Erwachsene: ca. 10,00 Euro<br \/>\nKinder von 12 - 18 Jahren: ca. 5,00 Euro<\/td>\n<\/tr>\n<\/tbody>\n<\/table>\n<!-- #tablepress-625 from cache -->\n\n\n<p><strong>Tipp:<\/strong> Ihr k\u00f6nnt nicht genug von sagenumwobenen Ruinen bekommen? Dann lohnt sich ein Besuch der antiken Stadt Apollonia im Dorf Pojan, die 588 vor Christus auf einem H\u00fcgel n\u00f6rdlich des Flusses Vjosa zu Ehren des Gottes Apollon erbaut wurde.<\/p>\n\n\n<h3 class=\"wp-block-heading\" id=\"saranda\">6. Saranda, Albanische Riviera: Sonnenverw\u00f6hntes Badeparadies<\/h3>\n\n\n\n<p>Knapp 20 Kilometer n\u00f6rdlich vom idyllischen Butrint Nationalpark wartet ein anderes paradiesisches Fleckchen Erde auf euch. Denn was viele nicht wissen: Albanien kann im S\u00fcdwesten zwischen Vlora, wo das <strong>Ionische Meer<\/strong> zur <strong>Adria<\/strong> wird, und Saranda sogar mit einer <strong>Riviera<\/strong> aufwarten. Mit rund <strong>300 Sonnentagen<\/strong> im Jahr, kristallklarem Wasser, das von Mai bis November mit Temperaturen von \u00fcber 20 \u00b0C lockt sowie traumhaften <strong>Sand- und Kiesstr\u00e4nden<\/strong> ist das kleine K\u00fcstenst\u00e4dtchen ein wahrgewordener Badetraum.<\/p>\n\n\n\n<figure class=\"wp-block-image size-large\"><a href=\"https:\/\/www.sonnenklar.tv\/blog\/wp-content\/uploads\/2023\/05\/GettyImages-529358575-Saranda-in-Albanien.jpg\"><img loading=\"lazy\" decoding=\"async\" width=\"880\" height=\"450\" src=\"https:\/\/www.sonnenklar.tv\/blog\/wp-content\/uploads\/2023\/05\/GettyImages-529358575-Saranda-in-Albanien.jpg\" alt=\"Hafen mit Fischerbooten in der Hafenstadt Saranda in Albanien\" class=\"wp-image-23840\" srcset=\"https:\/\/www.sonnenklar.tv\/blog\/wp-content\/uploads\/2023\/05\/GettyImages-529358575-Saranda-in-Albanien.jpg 880w, https:\/\/www.sonnenklar.tv\/blog\/wp-content\/uploads\/2023\/05\/GettyImages-529358575-Saranda-in-Albanien-300x153.jpg 300w, https:\/\/www.sonnenklar.tv\/blog\/wp-content\/uploads\/2023\/05\/GettyImages-529358575-Saranda-in-Albanien-768x393.jpg 768w\" sizes=\"(max-width: 880px) 100vw, 880px\" \/><\/a><figcaption class=\"wp-element-caption\">Im kritallklaren Wasser vor Saranda k\u00f6nnt ihr oft bereits ab Mai und bis in den November hinein baden<\/figcaption><\/figure>\n\n\n\n<p>Nach entspannten Stunden unter bunten Sonnenschirmen k\u00f6nnt ihr auf der von Bars, Restaurants und Souvenirl\u00e4den ges\u00e4umten <strong>Promenade<\/strong> spazieren gehen, im Ortzentrum die <strong>Ruinen einer Synagoge<\/strong> erkunden und die hinter der Stadt thronende <strong>Burg L\u00ebkur\u00ebsi<\/strong> besteigen. Bei guter Sicht habt ihr von hier aus sogar <strong>Korfu<\/strong> im Blick. Abends lohnt es sich zur Promenade zur\u00fcckzukehren, um nicht die fantastischen Sonnenunterg\u00e4nge zu verpassen.<\/p>\n\n\n<p><strong>Hoteltipps:<\/strong> In diesen <a href=\"https:\/\/www.sonnenklar.tv\/ort\/Albanien\/Saranda.html\" target=\"_blank\" rel=\"noopener\">Hotels in Saranda<\/a> seid ihr den fantastischen Str\u00e4nden der Albanischen Riviera ganz nah. Das edel in wei\u00df gehaltene und mit Naturstein und Marmor verzierte <a href=\"https:\/\/www.sonnenklar.tv\/beschreibung\/Albanien\/Albanien\/Saranda\/Vila_Kalcuni.html\" target=\"_blank\" rel=\"noopener\">Vila Kalcuni<\/a> liegt besonders sch\u00f6n an der Spitze einer Landzunge.<\/p>\n\n\n<p><strong>Weitere sch\u00f6ne Badeorte in Albanien:<\/strong><\/p>\n\n\n\n<ul class=\"wp-block-list\">\n<li><strong>Himara: <\/strong>Kleine mediterrane Stadt mit griechischem Einfluss und glitzerndem Wasser vor h\u00fcgeliger K\u00fcste zwischen Vlora und Saranda.<\/li>\n\n\n\n<li><strong>Durr\u00ebs:<\/strong> Hafenstadt an der Adria mit kilometerweiten Sandstr\u00e4nden und einem antiken Amphitheater, rund eine Autostunde von Tirana entfernt.<\/li>\n\n\n\n<li><strong>Ksamil:<\/strong> Auch als \u201eKaribik Albaniens\u201c bezeichneter Badeort zwischen Saranda und Butrint mit wei\u00dfem Sand vor t\u00fcrkisfarbenem Wasser und idyllischen Inseln.<\/li>\n<\/ul>\n\n\n<p><strong>Lesetipp:<\/strong> Mit unserer <a href=\"https:\/\/www.sonnenklar.tv\/blog\/packliste-strandurlaub\/\" target=\"_blank\" rel=\"noopener\">Packliste f\u00fcr den Strandurlaub<\/a> habt ihr alles f\u00fcr eine erholsame Zeit an den Str\u00e4nden Albaniens dabei.<\/p>\n<p><strong>Reisetipp:<\/strong> Lust auf griechisches Inselflair? Vom Hafen in Saranda bringen euch regelm\u00e4\u00dfige F\u00e4hren innerhalb von 30 bis 90 Minuten nach Korfu. So startet auch unsere <a href=\"https:\/\/www.sonnenklar.tv\/angebot\/245439.html\" target=\"_blank\" rel=\"noopener\">Busrundreise Traumhaftes Albanien &amp; Badeurlaub in der neuen Trenddestination<\/a> genau dort und f\u00fchrt euch f\u00fcr eine Woche zu den Sehensw\u00fcrdigkeiten Albaniens, bevor ihr f\u00fcr die n\u00e4chsten sieben Tage die Str\u00e4nde Sarandas auskostet.<\/p>\n\n\n<h3 class=\"wp-block-heading\" id=\"albanische-alpen\">7. Albanische Alpen: Verwunschene Bergwelt<\/h3>\n\n\n\n<p>Von den weiten Str\u00e4nden im S\u00fcden machen wir uns f\u00fcr unseren n\u00e4chsten Urlaubstipp in Albanien auf den Weg hoch hinaus zu den Bergen im Norden. Dort erheben sich an den Grenzen zu Montenegro und dem Kosovo die <strong>bis zu 2.600 Meter hohen Gipfel<\/strong> der als Albanische Alpen bezeichneten <strong>Prokletije<\/strong>. Die \u201everwunschenen Berge\u201c machen ihrem Namen dabei alle Ehre. Touristisch noch kaum erschlossen, bieten hier schmale T\u00e4ler, tiefe W\u00e4lder, rei\u00dfende Fl\u00fcsse und steile H\u00e4nge eine fantastische Kulisse f\u00fcr <strong>einsame Wanderungen<\/strong> unterschiedlichster Art.<\/p>\n\n\n\n<figure class=\"wp-block-image size-large is-resized\"><a href=\"https:\/\/www.sonnenklar.tv\/blog\/wp-content\/uploads\/2024\/03\/2598969-albanien-alpen-und-see.jpg\"><img loading=\"lazy\" decoding=\"async\" width=\"880\" height=\"450\" src=\"https:\/\/www.sonnenklar.tv\/blog\/wp-content\/uploads\/2024\/03\/2598969-albanien-alpen-und-see.jpg\" alt=\"Bergpanorama und Seen in den Albanischen Alpen\" class=\"wp-image-28537\" style=\"width:800px;height:409px\" srcset=\"https:\/\/www.sonnenklar.tv\/blog\/wp-content\/uploads\/2024\/03\/2598969-albanien-alpen-und-see.jpg 880w, https:\/\/www.sonnenklar.tv\/blog\/wp-content\/uploads\/2024\/03\/2598969-albanien-alpen-und-see-800x409.jpg 800w, https:\/\/www.sonnenklar.tv\/blog\/wp-content\/uploads\/2024\/03\/2598969-albanien-alpen-und-see-120x61.jpg 120w, https:\/\/www.sonnenklar.tv\/blog\/wp-content\/uploads\/2024\/03\/2598969-albanien-alpen-und-see-90x46.jpg 90w, https:\/\/www.sonnenklar.tv\/blog\/wp-content\/uploads\/2024\/03\/2598969-albanien-alpen-und-see-320x164.jpg 320w, https:\/\/www.sonnenklar.tv\/blog\/wp-content\/uploads\/2024\/03\/2598969-albanien-alpen-und-see-560x286.jpg 560w\" sizes=\"(max-width: 880px) 100vw, 880px\" \/><\/a><figcaption class=\"wp-element-caption\">Eine Wanderung durch die Albanischen Alpen verspricht fantastische Ausblicke<\/figcaption><\/figure>\n\n\n\n<p>Ein unvergesslicher Start f\u00fcr eine Trekkingtour ist eine Fahrt auf dem <strong>Koman-Stausee, <\/strong>der sich durch das Tal des Flusses Drin schl\u00e4ngelt. Wenn sich links und rechts von euch die <strong>hohen Felsw\u00e4nde<\/strong> emporstrecken, f\u00fchlt ihr euch fast wie auf einem norwegischen <strong>Fjord<\/strong>. Anschlie\u00dfend k\u00f6nnt ihr von <strong>Valbona<\/strong> durch zauberhafte D\u00f6rfer und stille W\u00e4lder bis nach <strong>Teth<\/strong> und vorbei am <strong>Grunas Wasserfall<\/strong> weiter bis zum <strong>Blue Eye<\/strong> wandern \u2013 einem etwas weniger bekannten, aber ebenso intensiv strahlenden Pool als der bereits vorgestellte nahe Gjiroskastra.<\/p>\n\n\n\n<p><strong>3 Wanderungen in den Albanischen Alpen:<\/strong><\/p>\n\n\n\n<table id=\"tablepress-626\" class=\"tablepress tablepress-id-626\">\n<thead>\n<tr class=\"row-1\">\n\t<th class=\"column-1\">Wanderweg<\/th><th class=\"column-2\">Schwierigkeitsgrad<\/th>\n<\/tr>\n<\/thead>\n<tbody>\n<tr class=\"row-2\">\n\t<td class=\"column-1\">Valbona Pass von Valbona nach Teth<\/td><td class=\"column-2\">Einfach<\/td>\n<\/tr>\n<tr class=\"row-3\">\n\t<td class=\"column-1\">Fernwanderweg \"Peaks oft he Balkan\" mit zehn Tagesetappen <br \/>\ndurch Albanien, Kosovo und Montenegro<\/td><td class=\"column-2\">Anspruchsvoll<\/td>\n<\/tr>\n<tr class=\"row-4\">\n\t<td class=\"column-1\">Besteigung des Jezerca (h\u00f6chster Berg der Albanischen Alpen)<\/td><td class=\"column-2\">Sehr anspruchsvoll<\/td>\n<\/tr>\n<\/tbody>\n<\/table>\n<!-- #tablepress-626 from cache -->\n\n\n<p><strong>Tipps:<\/strong> M\u00f6chtet ihr die Gipfel erklimmen, macht ihr das idealerweise im Sommer, da starke Schneef\u00e4lle im Winter manche Passstra\u00dfen unpassierbar machen. Nutzt die kalte Jahreszeit stattdessen lieber f\u00fcr Langlauf- oder Schneeschuhwanderungen im Valbona-Tal. \u00dcberquert ihr auf einer l\u00e4ngeren Tour die Landesgrenze, k\u00f6nnt ihr mit unseren <a href=\"https:\/\/www.sonnenklar.tv\/blog\/montenegro-tipps\/\" target=\"_blank\" rel=\"noopener\">Tipps f\u00fcr Montenegro<\/a> direkt die n\u00e4chste Balkan-Perle erkunden. Ein Blick auf unsere <a href=\"https:\/\/www.sonnenklar.tv\/blog\/packliste-wanderurlaub\/\" target=\"_blank\" rel=\"noopener\">Packliste f\u00fcr einen Wanderurlaub<\/a> verr\u00e4t euch, was ihr unbedingt einpacken solltet.<\/p>\n\n\n<h2 class=\"wp-block-heading\">Die h\u00e4ufigsten Fragen zu Albaniens Sehensw\u00fcrdigkeiten<\/h2>\n\n\n\n<p>Das Trendziel mit Geheimtippcharakter hat euch neugierig gemacht? Wir beantworten euch die wichtigsten Fragen rund um Albanien und seine Sehensw\u00fcrdigkeiten, damit ihr eure Neugier bestens vorbereitet stillen k\u00f6nnt.<\/p>\n\n\n\n<h3 class=\"wp-block-heading\" id=\"albanien-am-schoensten\">Wo ist es am sch\u00f6nsten in Albanien?<\/h3>\n\n\n\n<p>Der sch\u00f6nste Ort Albaniens ist Geschmackssache und bei der gro\u00dfen Auswahl an wundervollen Sehensw\u00fcrdigkeiten schwierig zu k\u00fcren. Von <strong>traumhaften<\/strong> <strong>Str\u00e4nden<\/strong> \u00fcber <strong>kulturelle Perlen<\/strong> in geschichtstr\u00e4chtigen St\u00e4dten bis hin zu <strong>einzigartigen<\/strong> <strong>Naturschauspielen<\/strong> findet ihr in dem Balkanland sicherlich den perfekten Ort f\u00fcr euch.<\/p>\n\n\n\n<p><strong>Die sch\u00f6nsten Orte Albaniens:<\/strong><\/p>\n\n\n\n<ul class=\"wp-block-list\">\n<li><strong>Badeurlaub:<\/strong> Albanische Riviera, Ksamil<\/li>\n\n\n\n<li><strong>Wanderurlaub:<\/strong> Albanische Alpen, Grammos-Berge<\/li>\n\n\n\n<li><strong>Natururlaub:<\/strong> Nationalpark Butrint, Syri i Kalt\u00ebr<\/li>\n\n\n\n<li><strong>Kultururlaub:<\/strong> Tirana, Shkodra, Gjirokastra<\/li>\n<\/ul>\n\n\n\n<h3 class=\"wp-block-heading\" id=\"albanien-besonders\">Was ist so besonders an Albanien?<\/h3>\n\n\n\n<p>Was Albanien so besonders macht, ist der <strong>urspr\u00fcngliche Charme<\/strong> des Landes. Da es noch als <strong>Geheimtipp<\/strong> gilt, sind viele Orte herrlich unber\u00fchrt. Dazu kommt die unvergleichliche <strong>Vielf\u00e4ltigkeit<\/strong>, die sowohl Abenteurer als auch Kulturliebhaber und Erholungssuchende bei <strong>Naturerlebnissen<\/strong>, <strong>Sightseeing<\/strong> und <strong>Strandvergn\u00fcgen<\/strong> gl\u00fccklich macht. Auff\u00e4llig ist zudem die gro\u00dfe Anzahl an <strong>Bunkern<\/strong>, die sich \u00fcber das ganze Land verteilen und an die Herrschaft des langj\u00e4hrigen Diktators Enver Hoxha erinnern.<\/p>\n\n\n\n<h3 class=\"wp-block-heading\" id=\"albanien-essen\">Was ist typisch albanisches Essen?<\/h3>\n\n\n\n<p>Wie der Gro\u00dfteil der <strong>Balkank\u00fcche<\/strong> ist auch das Essen in Albanien traditionell <strong>deftig<\/strong> und basiert auf Reis, Kartoffeln, Lamm-, Rind- sowie Ziegenfleisch und an den K\u00fcsten auch auf Fisch- und Meeresfr\u00fcchten. Hinzu kommen <strong>mediterrane<\/strong>, insbesondere <strong>italienische Einfl\u00fcsse<\/strong>. Dass die <strong>Kaffeekultur<\/strong> f\u00fcr die Albaner einen hohen Stellenwert einnimmt, beweist die Tatsache, dass es in keinem Land mehr Kaffeeh\u00e4user pro Einwohner gibt.<\/p>\n\n\n\n<p><strong>Typisch albanische Gerichte und Getr\u00e4nke:<\/strong><\/p>\n\n\n\n<ul class=\"wp-block-list\">\n<li><strong>Byrek:<\/strong> Bl\u00e4tterteigtasche mit Hackfleisch, K\u00e4se, Eiern und Gem\u00fcse<\/li>\n\n\n\n<li><strong>Fergese Tirana:<\/strong> Auflauf aus Leber, Gem\u00fcse, Knoblauch und K\u00e4se<\/li>\n\n\n\n<li><strong>Shegerpare:<\/strong> In Sirup getauchte Butterpl\u00e4tzchen<\/li>\n\n\n\n<li><strong>Raki:<\/strong> Obstschnaps aus Beeren oder Pflaumen<\/li>\n\n\n\n<li><strong>Dhall\u00eb:<\/strong> Salziges Joghurtgetr\u00e4nk<\/li>\n<\/ul>\n\n\n<p><strong>Tipp:<\/strong> Mandarinen gedeihen in Albanien hervorragend. Auf einigen H\u00f6fen k\u00f6nnt ihr an F\u00fchrungen teilnehmen und die saftigen Fr\u00fcchte verkosten.<\/p>\n\n\n<h3 class=\"wp-block-heading\" id=\"albanien-reisezeit\">Was ist die beste Reisezeit f\u00fcr Albanien?<\/h3>\n\n\n\n<p>Vor allem der <strong>Sommer<\/strong> ist eine ideale Zeit, um Albanien zu bereisen. Zur <strong>besten Reisezeit zwischen Mai und September<\/strong> k\u00f6nnt ihr bei warmen Temperaturen und wenigen Regentagen baden und wandern, wobei sich die <strong>hei\u00dfesten Monate Juli und August<\/strong> bei Durchschnittstemperaturen von \u00fcber 30 \u00b0C und an den K\u00fcsten zuweilen bis zu 40 \u00b0C vor allem f\u00fcr einen entspannten Badeurlaub eignen. Reagiert ihr empfindlich auf Hitze, solltet ihr diese zwei Monate eher meiden. In den Bergen ist es generell etwas k\u00fchler, im Winter f\u00e4llt hier auch <strong>Schnee<\/strong>.<\/p>\n\n\n\n<p><strong>Beste Reisezeit f\u00fcr Albanien nach Aktivit\u00e4ten:<\/strong><\/p>\n\n\n\n<table id=\"tablepress-627\" class=\"tablepress tablepress-id-627\">\n<thead>\n<tr class=\"row-1\">\n\t<th class=\"column-1\">Aktivit\u00e4t<\/th><th class=\"column-2\">Beste Reisezeit<\/th>\n<\/tr>\n<\/thead>\n<tbody>\n<tr class=\"row-2\">\n\t<td class=\"column-1\"><strong>Badeurlaub:<\/strong><\/td><td class=\"column-2\">Mai, Juni, September<\/td>\n<\/tr>\n<tr class=\"row-3\">\n\t<td class=\"column-1\"><strong>Erkundungs- und Wandertouren:<\/strong><\/td><td class=\"column-2\">April, Mai, September, Oktober<\/td>\n<\/tr>\n<tr class=\"row-4\">\n\t<td class=\"column-1\"><strong>Wandern in den Bergen:<\/strong><\/td><td class=\"column-2\">Mai bis Oktober<\/td>\n<\/tr>\n<tr class=\"row-5\">\n\t<td class=\"column-1\"><strong>Wintersport:<\/strong><\/td><td class=\"column-2\">Dezember bis Februar<\/td>\n<\/tr>\n<\/tbody>\n<\/table>\n<!-- #tablepress-627 from cache -->\n\n\n<p><strong>Lesetipp:<\/strong> So sch\u00f6n warme Temperaturen auch sind, machen sie manch einem doch zu schaffen. Mit unseren <a href=\"https:\/\/www.sonnenklar.tv\/blog\/tipps-gegen-hitze\/\" target=\"_blank\" rel=\"noopener\">Tipps gegen Hitze<\/a> genie\u00dft ihr euren Albanien-Urlaub im Hochsommer.<\/p>\n\n\n<h2 class=\"wp-block-heading\">Fazit zu Albaniens Sehensw\u00fcrdigkeiten<\/h2>\n\n\n\n<p>Sich zwischen antiken Ruinen auf Zeitreise begeben, auf majest\u00e4tischen Gipfeln durch dichte W\u00e4lder wandern und an traumhaften Str\u00e4nden im glitzernden Meer baden: Albanien hat f\u00fcr jeden Geschmack etwas zu bieten. Bisher noch nicht sonderlich als Urlaubsziel bekannt, steckt die touristische Infrastruktur in dem Land zwischen dem Ionischen und dem Adriatischem Meer noch in den Kinderschuhen. So k\u00f6nnt ihr hier vollkommen unbehelligt die unber\u00fchrte Landschaft genie\u00dfen, UNESCO-Welterbest\u00e4tten erkunden und karibisches Flair genie\u00dfen.<\/p>\n\n\n<p>Die immense F\u00fclle an gro\u00dfartigen Sehensw\u00fcrdigkeiten in Albanien spricht sich gerade erst herum, weshalb ihr dort bisher vor allem kleinere Hotels findet. Da diese jedoch meist vor nicht langer Zeit errichtet wurden, sind sie top ausgestattet. Klickt euch durch unsere <a href=\"https:\/\/www.sonnenklar.tv\/promo\/urlaub-albanien.html\" target=\"_blank\" rel=\"noopener\">Urlaubs-Angebote f\u00fcr Albanien<\/a> und geh\u00f6rt zu den Ersten, die das Trendziel erkunden.<\/p>","protected":false},"excerpt":{"rendered":"<p>Versteckt zwischen Montenegro, dem Kosovo, Nordmazedonien und Griechenland, kann es schon mal passieren, dass die Augen beim Blick auf die Landkarte schnell \u00fcber Albanien huschen. Wer das kleine Land auf dem westlichen Balkan jedoch schon bereist hat, wei\u00df: Die zahlreichen Sehensw\u00fcrdigkeiten sind so ganz und gar nicht zu \u00fcbersehen. Nur rund zwei Flugstunden von Deutschland<\/p>\n","protected":false},"author":3,"featured_media":28542,"comment_status":"closed","ping_status":"open","sticky":false,"template":"","format":"standard","meta":{"footnotes":""},"categories":[697,706],"tags":[612,613],"class_list":{"0":"post-28501","1":"post","2":"type-post","3":"status-publish","4":"format-standard","5":"has-post-thumbnail","7":"category-reisetipps","8":"category-sehenswuerdigkeiten","9":"tag-albanien","10":"tag-sehenswuedigkeiten"},"_links":{"self":[{"href":"https:\/\/www.sonnenklar.tv\/blog\/wp-json\/wp\/v2\/posts\/28501","targetHints":{"allow":["GET"]}}],"collection":[{"href":"https:\/\/www.sonnenklar.tv\/blog\/wp-json\/wp\/v2\/posts"}],"about":[{"href":"https:\/\/www.sonnenklar.tv\/blog\/wp-json\/wp\/v2\/types\/post"}],"author":[{"embeddable":true,"href":"https:\/\/www.sonnenklar.tv\/blog\/wp-json\/wp\/v2\/users\/3"}],"replies":[{"embeddable":true,"href":"https:\/\/www.sonnenklar.tv\/blog\/wp-json\/wp\/v2\/comments?post=28501"}],"version-history":[{"count":20,"href":"https:\/\/www.sonnenklar.tv\/blog\/wp-json\/wp\/v2\/posts\/28501\/revisions"}],"predecessor-version":[{"id":36892,"href":"https:\/\/www.sonnenklar.tv\/blog\/wp-json\/wp\/v2\/posts\/28501\/revisions\/36892"}],"wp:featuredmedia":[{"embeddable":true,"href":"https:\/\/www.sonnenklar.tv\/blog\/wp-json\/wp\/v2\/media\/28542"}],"wp:attachment":[{"href":"https:\/\/www.sonnenklar.tv\/blog\/wp-json\/wp\/v2\/media?parent=28501"}],"wp:term":[{"taxonomy":"category","embeddable":true,"href":"https:\/\/www.sonnenklar.tv\/blog\/wp-json\/wp\/v2\/categories?post=28501"},{"taxonomy":"post_tag","embeddable":true,"href":"https:\/\/www.sonnenklar.tv\/blog\/wp-json\/wp\/v2\/tags?post=28501"}],"curies":[{"name":"wp","href":"https:\/\/api.w.org\/{rel}","templated":true}]}}