{"id":27943,"date":"2024-03-19T09:09:58","date_gmt":"2024-03-19T08:09:58","guid":{"rendered":"https:\/\/www.sonnenklar.tv\/blog\/?p=27943"},"modified":"2026-02-19T13:15:10","modified_gmt":"2026-02-19T12:15:10","slug":"weltkulturerbe-deutschland","status":"publish","type":"post","link":"https:\/\/www.sonnenklar.tv\/blog\/reisetipps\/sehenswuerdigkeiten\/weltkulturerbe-deutschland\/","title":{"rendered":"Weltkulturerbe in Deutschland &#8211; Hochadel der Sehensw\u00fcrdigkeiten"},"content":{"rendered":"\n<p><strong>Deutschland blickt zur\u00fcck auf eine lange und bewegte Geschichte, welche durch eine Unmenge an historischen Sehensw\u00fcrdigkeiten dokumentiert ist. Diese Zeitzeugen liegen oft in einzigartigen Landschaften, die es so kein zweites Mal auf unserem Planeten gibt. Die bedeutendsten dieser Attraktionen k\u00f6nnen sich um den Titel des UNESCO Welterbes bewerben. Die Aufnahme in diese weltweite Liste ist so etwas wie ein Ritterschlag. Wir stellen euch das Welterbe Deutschlands vor.<\/strong><\/p>\n\n\n\n<p>Die UNESCO ist die Organisation der Vereinten Nationen f\u00fcr Bildung, Wissenschaft, Kultur und Kommunikation. Noch ganz im Eindruck des Zweiten Weltkriegs wurde sie am 16. November 1945 gegr\u00fcndet und agiert seither unter dem Leitgedanken \u201eDa Kriege im Geist der Menschen entstehen, muss auch der Frieden im Geist der Menschen verankert werden.\u201c Im Jahr <strong>1972<\/strong> wurde die <strong>Welterbekonvention<\/strong> geschaffen, die sich dem Erhalt des f\u00fcr die Menschheit bedeutenden Kultur- und Naturerbes unserer Erde widmet. Insgesamt <strong>195 Staaten<\/strong> sind dieser Konvention beigetreten. Weltweit gibt es <strong>1.199 Orte<\/strong> in <strong>168 L\u00e4ndern<\/strong> auf der Liste des Welterbes (Stand 2023).<\/p>\n\n\n\n<p><strong>Jedes Jahr<\/strong> darf jeder Mitgliedsstaat <strong>zwei Vorschl\u00e4ge<\/strong> f\u00fcr die Aufnahme auf die Welterbeliste machen. Diese zwei Vorschl\u00e4ge kommen von der Vorschlagsliste, genannt <strong>Tentativliste<\/strong>, des jeweiligen Staates und m\u00fcssen dort schon mindestens zwei Jahre enthalten sein. Hauptkriterium, um in den erlauchten Kreis der Welterbest\u00e4tten aufgenommen zu werden ist, dass es sich um ein <strong>Kultur<\/strong>&#8211; oder <strong>Naturgut<\/strong> handelt, das sowohl f\u00fcr gegenw\u00e4rtige als auch k\u00fcnftige Generationen der Menschheit von Bedeutung ist. Die Entscheidung dar\u00fcber, was neu aufgenommen wird, f\u00e4llt einmal im Jahr das Welterbekomitee.<\/p>\n\n\n\n<p><strong>Eine Rundreise zum UNESCO Weltkulturerbe in Deutschland<\/strong><\/p>\n\n\n\n<ul class=\"wp-block-list\">\n<li><a href=\"#welterbe-deutschland-wattenmeer\">Wattenmeer \u2013 Spielball der Gezeiten<\/a><\/li>\n\n\n\n<li><a href=\"#welterbe-deutschland-stralsund\">Stralsund und Wismar \u2013 das Verm\u00e4chtnis der Hanse<\/a><\/li>\n\n\n\n<li><a href=\"#welterbe-deutschland-quedlinburg\">Quedlinburg und Goslar \u2013 mittelalterliche Stadtperlen im Harz<\/a><\/li>\n\n\n\n<li><a href=\"#welterbe-deutschland-dessau\">Dessau \u2013 einzigartige Parklandschaft und moderne Architektur<\/a><\/li>\n\n\n\n<li><a href=\"#welterbe-deutschland-muskau\">Geopark Muskauer Faltenbogen \u2013 von der Industriebrache zum Naturschutzgebiet<\/a><\/li>\n\n\n\n<li><a href=\"#welterbe-deutschland-erzgebirge\">Montanregion Erzgebirge \u2013 innovativer Bergbau schon im Mittelalter<\/a><\/li>\n\n\n\n<li><a href=\"#welterbe-deutschland-luther\">Auf den Spuren von Martin Luther zum Welterbe<\/a><\/li>\n\n\n\n<li><a href=\"#welterbe-deutschland-bayreuth\">Mittelalter und Barock in Oberfranken<\/a><\/li>\n\n\n\n<li><a href=\"#welterbe-deutschland-regensburg\">Handelszentrum des Heiligen R\u00f6mischen Reiches Deutscher Nation<\/a><\/li>\n\n\n\n<li><a href=\"#welterbe-deutschland-wieskirche\">Kirchliche Pracht mitten auf der Wiese<\/a><\/li>\n\n\n\n<li><a href=\"#welterbe-deutschland-bodensee\">Eine Reise von der Steinzeit ins Mittelalter am Bodensee<\/a><\/li>\n\n\n\n<li><a href=\"#welterbe-deutschland-schwaebische-alb\">Die \u00e4ltesten Kunstwerke der Menschheit auf der Schw\u00e4bischen Alb<\/a><\/li>\n\n\n\n<li><a href=\"#welterbe-deutschland-darmstadt\">Fossilien und moderne Architektur in Darmstadt<\/a><\/li>\n\n\n\n<li><a href=\"#welteerbe-deutschland-rheintal\">Sagenumwobene Landschaften an einer der bedeutendsten Lebensadern Europas<\/a><\/li>\n\n\n\n<li><a href=\"#welterbe-deutschland-essen\">Ein Industriedenkmal vom Kohlestaub befreit<\/a><\/li>\n<\/ul>\n\n\n\n<p><strong>H\u00e4ufig gestellte Fragen<\/strong><\/p>\n\n\n\n<ul class=\"wp-block-list\">\n<li><a href=\"#welterbe-deutschland-wieviel\">Wie viel UNESCO Weltkulturerbest\u00e4tten gibt es in Deutschland?<\/a><\/li>\n\n\n\n<li><a href=\"#welterbe-deutschland-erstes\">Welches deutsche Bauwerk war das erste UNESCO-Welterbe?<\/a><\/li>\n\n\n\n<li><a href=\"#welterbe-deutschland-bundesland\">Welches Bundesland hat die meisten Welterbest\u00e4tten?<\/a><\/li>\n\n\n\n<li><a href=\"#welterbe-deutschalnd-stadt-meiste\">Welche Stadt in Deutschland hat die meisten UNESCO Weltkulturerbest\u00e4tten?<\/a><\/li>\n<\/ul>\n\n\n\n<h2 class=\"wp-block-heading\"><strong>Das Wichtigste im \u00dcberblick<\/strong><\/h2>\n\n\n\n<ul class=\"wp-block-list\">\n<li>Fr\u00fcher hat man unterschieden zwischen <strong>Weltkulturerbe<\/strong> und <strong>Weltnaturerbe<\/strong>. Da beides aber oft zu einem verschmilzt, spricht man heute einfach nur vom UNESCO Welterbe.<\/li>\n\n\n\n<li>Zum Welterbe geh\u00f6ren ebenso einzigartige <strong>Landschaften<\/strong>, als auch bedeutende <strong>Bauwerke<\/strong> oder gar ganze <strong>Ensembles von Geb\u00e4uden<\/strong><\/li>\n\n\n\n<li><strong>Welterbest\u00e4tten<\/strong> haben oft ein Thema, das in <strong>mehreren L\u00e4ndern<\/strong> pr\u00e4sent ist, oder liegen in <strong>grenz\u00fcberschreitenden Parks<\/strong> und sorgen so f\u00fcr mehr V\u00f6lkerverst\u00e4ndigung.<\/li>\n<\/ul>\n\n\n\n<h2 class=\"wp-block-heading\"><strong>Eine Rundreise zum UNESCO Weltkulturerbe in Deutschland<\/strong><\/h2>\n\n\n\n<p>Einzigartige Natur, historische Bauten, aber auch moderne Architektur und Industrieanlagen z\u00e4hlen zu Deutschlands Welterbe. Wir stellen euch die wichtigsten Erbest\u00e4tten in unserem Land vor.<\/p>\n\n\n\n<h3 class=\"wp-block-heading\"><strong><a name=\"welterbe-deutschland-wattenmeer\"><\/a>Wattenmeer \u2013 Spielball der Gezeiten<\/strong><\/h3>\n\n\n\n<p>Wenn ihr bei Ebbe an einem Nordseestrand steht und statt auf wogende Wellen nur auf grauen Schlamm blickt, dr\u00e4ngt sich zun\u00e4chst mal die Frage auf, wohin das Meer verschwunden ist. Zweimal am Tag zieht sich das Wasser zur\u00fcck und legt eine etwa <strong>500 Kilometer lange<\/strong> und bis zu <strong>40 Kilometer breite<\/strong> <strong>Landschaft<\/strong> aus Schlamm und Schlick frei. Zwischen <strong>Skallingen<\/strong> in D\u00e4nemark und <strong>Den Helder<\/strong> in den Niederlanden k\u00f6nnt ihr dann das weltgr\u00f6\u00dfte Wattenmeer bestaunen. Bis vor etwa 7.500 Jahren war das Wattenmeer noch Teil des Festlands. Am Ende der Eiszeit schmolzen die Gletscher und der Meeresspiegel stieg an. Das f\u00fchrte dazu, dass Teile des Festlands regelm\u00e4\u00dfig geflutet wurden. Wo ihr heute mit euren Gummistiefeln durch den Schlamm watet, waren teilweise vor 1.000 Jahren noch Ackerfl\u00e4chen. Besonders faszinierend ist die Tatsache, dass in dieser unscheinbaren Welt mehr als <strong>10.000 Tier- und Pflanzenarten<\/strong> existieren. Davon profitieren die 10 bis 12 Millionen Zugv\u00f6gel, die hier zwei Mal im Jahr rasten.<\/p>\n\n\n<div class=\"wp-block-image\">\n<figure class=\"aligncenter\"><a href=\"https:\/\/www.sonnenklar.tv\/blog\/wp-content\/uploads\/2023\/06\/St_Peter_Ording_GettyImages-847116054.jpg\"><img fetchpriority=\"high\" decoding=\"async\" width=\"880\" height=\"450\" src=\"https:\/\/www.sonnenklar.tv\/blog\/wp-content\/uploads\/2023\/06\/St_Peter_Ording_GettyImages-847116054.jpg\" alt=\"Wattenmeer bei Ebbe in Sankt Peter-Ording\" class=\"wp-image-24493\" srcset=\"https:\/\/www.sonnenklar.tv\/blog\/wp-content\/uploads\/2023\/06\/St_Peter_Ording_GettyImages-847116054.jpg 880w, https:\/\/www.sonnenklar.tv\/blog\/wp-content\/uploads\/2023\/06\/St_Peter_Ording_GettyImages-847116054-300x153.jpg 300w, https:\/\/www.sonnenklar.tv\/blog\/wp-content\/uploads\/2023\/06\/St_Peter_Ording_GettyImages-847116054-768x393.jpg 768w\" sizes=\"(max-width: 880px) 100vw, 880px\" \/><\/a><figcaption class=\"wp-element-caption\">Wattenmeer bei Ebbe in Sankt Peter-Ording<\/figcaption><\/figure>\n<\/div>\n\n\n<p><strong>Welterbe seit<\/strong>: 2009, Hamburgisches Wattenmeer 2011, d\u00e4nisches Wattenmeer 2014<\/p>\n\n\n\n<p><strong>Besonderheit<\/strong>: Das Wattenmeer kann gef\u00e4hrlich sein, vor allem wenn die Flut einsetzt. Daher erkundet ihr dieses Naturerbe am besten im Rahmen einer gef\u00fchrten Tour.<\/p>\n\n\n[otw_shortcode_info_box border_type=&#8220;bordered&#8220; border_color_class=&#8220;otw-orange-border&#8220; border_style=&#8220;bordered&#8220;]<strong>Lesetipp<\/strong>: Wo ihr im Meer baden k\u00f6nnt, wenn es denn gerade mal da ist, verraten wir euch im Beitrag zu den <a href=\"https:\/\/www.sonnenklar.tv\/blog\/nordsee-straende\/\" target=\"_blank\" rel=\"noopener\">sch\u00f6nsten Str\u00e4nden an der Nordsee<\/a>.[\/otw_shortcode_info_box]\n\n\n[otw_shortcode_info_box border_type=&#8220;bordered&#8220; border_color_class=&#8220;otw-orange-border&#8220; border_style=&#8220;bordered&#8220;]<strong>Info<\/strong>: Festland oder Insel? Deutschlands Nordseek\u00fcste bietet euch viel Abwechslung. Auf unserer <a href=\"https:\/\/www.sonnenklar.tv\/promo\/urlaub-nordsee.html\" target=\"_blank\" rel=\"noopener\">Angebotsseite f\u00fcr Nordseeurlaub<\/a> k\u00f6nnt ihr euch davon \u00fcberzeugen.[\/otw_shortcode_info_box]\n\n\n\n<h3 class=\"wp-block-heading\"><strong><a name=\"welterbe-deutschland-stralsund\"><\/a>Stralsund und Wismar \u2013 das Verm\u00e4chtnis der Hanse<\/strong><\/h3>\n\n\n\n<p>Im Mittelalter gewann der Handel in der damals bekannten Welt eine immer gr\u00f6\u00dfere Bedeutung. Allerdings bedrohten kriegerische Auseinandersetzungen und Raub\u00fcberf\u00e4lle das Gesch\u00e4ft. Um ihre Waren zu sch\u00fctzen und somit ihre Reicht\u00fcmer abzusichern, begannen ab Mitte des 12. Jahrhunderts zun\u00e4chst <strong>Kaufleute<\/strong> aus Norddeutschland eine erste internationale <strong>Schutzmacht<\/strong> aufzubauen. Im weiteren Verlauf der Geschichte wurde der Verbund um ganze <strong>St\u00e4dte<\/strong> erweitert, die dann untereinander Freihandelsabkommen aushandelten. In ihrer Bl\u00fctezeit gab es etwa <strong>300 Hansest\u00e4dte<\/strong> im n\u00f6rdlichen Europa. In den beiden Hansest\u00e4dten Stralsund und Wismar wird der Einfluss und der Reichtum der Hanse in den historischen Zentren besonders eindrucksvoll sichtbar. <strong>Stralsund<\/strong> wurde im 13. Jahrhundert als <strong>Hafenstadt<\/strong> neu angelegt und <strong>Wismar<\/strong> war eines der <strong>Handelszentren<\/strong>. In beiden St\u00e4dten bestaunt ihr die typische <strong>Backsteingotik<\/strong>, aber auch <strong>Verteidigungssysteme<\/strong> und <strong>barocke Stadtpalais<\/strong>, die w\u00e4hrend der schwedischen Herrschaft im 17. Und 18 Jahrhundert entstanden. Auch wenn die beiden St\u00e4dte 150 Kilometer voneinander entfernt sind, finden sie sich gemeinsam auf der Welterbeliste.<\/p>\n\n\n<div class=\"wp-block-image\">\n<figure class=\"aligncenter\"><a href=\"https:\/\/www.sonnenklar.tv\/blog\/wp-content\/uploads\/2024\/02\/3224792-wismar-altstadt.jpg\"><img decoding=\"async\" width=\"880\" height=\"450\" src=\"https:\/\/www.sonnenklar.tv\/blog\/wp-content\/uploads\/2024\/02\/3224792-wismar-altstadt.jpg\" alt=\"Malerische Altstadt von Wismar\" class=\"wp-image-28024\" srcset=\"https:\/\/www.sonnenklar.tv\/blog\/wp-content\/uploads\/2024\/02\/3224792-wismar-altstadt.jpg 880w, https:\/\/www.sonnenklar.tv\/blog\/wp-content\/uploads\/2024\/02\/3224792-wismar-altstadt-300x153.jpg 300w, https:\/\/www.sonnenklar.tv\/blog\/wp-content\/uploads\/2024\/02\/3224792-wismar-altstadt-768x393.jpg 768w\" sizes=\"(max-width: 880px) 100vw, 880px\" \/><\/a><figcaption class=\"wp-element-caption\">Malerische Altstadt von Wismar<\/figcaption><\/figure>\n<\/div>\n\n\n<p><strong>Welterbe seit<\/strong>: 2002<\/p>\n\n\n\n<p><strong>Besonderheit<\/strong>: Wenn ihr euch etwas Zeit nehmt, k\u00f6nnt ihr eine Welterbetour an der deutschen Ostseek\u00fcste machen. Beginnt in L\u00fcbeck (Welterbe seit 1987) und fahrt dann weiter nach Wismar und Stralsund<\/p>\n\n\n[otw_shortcode_info_box border_type=&#8220;bordered&#8220; border_color_class=&#8220;otw-orange-border&#8220; border_style=&#8220;bordered&#8220;]<strong>Lesetipp<\/strong>: Verbindet eure Welterbe -Tour doch mit einem Badeurlaub. Wir zeigen euch <a href=\"https:\/\/www.sonnenklar.tv\/blog\/ostsee-straende\/\" target=\"_blank\" rel=\"noopener\">die 13 sch\u00f6nsten Ostseestr\u00e4nde.<\/a>[\/otw_shortcode_info_box]\n\n\n[otw_shortcode_info_box border_type=&#8220;bordered&#8220; border_color_class=&#8220;otw-orange-border&#8220; border_style=&#8220;bordered&#8220;]<strong>Hoteltipp<\/strong>: Das passende <a href=\"https:\/\/www.sonnenklar.tv\/promo\/hotels\/hotels-stralsund.html\" target=\"_blank\" rel=\"noopener\">Hotel in der Welterbestadt Stralsund<\/a> haben wir f\u00fcr euch in unserem Angebot. In Wismar k\u00f6nnt ihr das <a href=\"https:\/\/www.sonnenklar.tv\/beschreibung\/Deutschland\/Ostseek%C3%BCste\/Wismar\/WONNEMAR_Resort-Hotel.html\" target=\"_blank\" rel=\"noopener\">Wonnemar Resort Hotel<\/a> als Ausgangspunkt f\u00fcr eure Besichtigungen nutzen.[\/otw_shortcode_info_box]\n\n\n\n<h3 class=\"wp-block-heading\"><strong><a name=\"welterbe-deutschland-quedlinburg\"><\/a>Quedlinburg und Goslar \u2013 mittelalterliche Stadtperlen im Harz<\/strong><\/h3>\n\n\n\n<p>Quedlinburg am Rande des Harzes war w\u00e4hrend der Herrschaft von K\u00f6nig Heinrich (876 bis 936), des ersten deutschen K\u00f6nig aus der s\u00e4chsischen Dynastie, <strong>Hauptstadt des Ostfr\u00e4nkischen Reiches<\/strong>. Die bis heute erhaltene Stadtmauer stammt aus dem Jahr 1330 und umgibt die Altstadt, in der \u00fcber <strong>1.300 Fachwerkh\u00e4user<\/strong> aus sechs Jahrhunderten erhalten geblieben sind. Gl\u00fccklicherweise hat dieses architektonische Juwel den 2.Weltkrieg und die sozialistischen Abrissbagger \u00fcberstanden und erstrahlt heute im alten Glanz. Zum UNESCO Welterbe geh\u00f6ren in Quedlinburg neben der Altstadt auch das <strong>Schloss<\/strong> und die <strong>Stiftskirche<\/strong>.<\/p>\n\n\n<div class=\"wp-block-image\">\n<figure class=\"aligncenter\"><a href=\"https:\/\/www.sonnenklar.tv\/blog\/wp-content\/uploads\/2024\/02\/2026202-quedlinburg-harz-marktplatz-fachwerkhaeuser.jpg\"><img decoding=\"async\" width=\"880\" height=\"450\" src=\"https:\/\/www.sonnenklar.tv\/blog\/wp-content\/uploads\/2024\/02\/2026202-quedlinburg-harz-marktplatz-fachwerkhaeuser.jpg\" alt=\"Fachwerkh\u00e4user am Marktplatz in Quedlinburg\" class=\"wp-image-28025\" srcset=\"https:\/\/www.sonnenklar.tv\/blog\/wp-content\/uploads\/2024\/02\/2026202-quedlinburg-harz-marktplatz-fachwerkhaeuser.jpg 880w, https:\/\/www.sonnenklar.tv\/blog\/wp-content\/uploads\/2024\/02\/2026202-quedlinburg-harz-marktplatz-fachwerkhaeuser-300x153.jpg 300w, https:\/\/www.sonnenklar.tv\/blog\/wp-content\/uploads\/2024\/02\/2026202-quedlinburg-harz-marktplatz-fachwerkhaeuser-768x393.jpg 768w\" sizes=\"(max-width: 880px) 100vw, 880px\" \/><\/a><figcaption class=\"wp-element-caption\">Fachwerkh\u00e4user am Marktplatz in Quedlinburg<\/figcaption><\/figure>\n<\/div>\n\n\n<p>Etwa 60 Kilometer entfernt liegt mitten im Harz die n\u00e4chste Altstadt mit unz\u00e4hligen Fachwerkh\u00e4usern in engen Gassen. Ein weiteres historisch bedeutsames Geb\u00e4ude ist die <strong>Kaiserpfalz<\/strong>. Der beeindruckendste Teil des UNESCO Welterbes in <strong>Goslar<\/strong> ist aber sicherlich das <strong>Bergwerk Rammelsberg<\/strong>. \u00dcber <strong>1.000 Jahre lang<\/strong> hat man hier im gr\u00f6\u00dften zusammenh\u00e4ngenden Kupfer-, Blei- und Zinkerzlager Bodensch\u00e4tze zu Tage bef\u00f6rdert. Bei einer F\u00fchrung steigt ihr in die Tiefen des Berges und seht Abraumhalden aus dem 10. Jahrhundert und wandert durch einen Stollen aus dem 12. Jahrhundert. Der <strong>dritte Teil<\/strong> des Welterbes in Goslar ist die <strong>Oberharzer Wasserwirtschaft<\/strong>, eines der weltweit gr\u00f6\u00dften vorindustriellen Energieversorgungssysteme der Welt.<\/p>\n\n\n\n<p><strong>Welterbe seit<\/strong>: 1994 (Quedlinburg), 1992 (Erweiterung 2010) Goslar<\/p>\n\n\n\n<p><strong>Besonderheit<\/strong>: Auch Quedlinburg und Goslar lohnen einen l\u00e4ngeren Aufenthalt. Dann k\u00f6nnt ihr euch noch den Dom zu Halberstadt anschauen, der zwar nicht zum UNESCO Welterbe geh\u00f6rt, aber dennoch sehr beeindruckend ist.<\/p>\n\n\n[otw_shortcode_info_box border_type=&#8220;bordered&#8220; border_color_class=&#8220;otw-orange-border&#8220; border_style=&#8220;bordered&#8220;]<strong>Lesetipp<\/strong>: Ihr liebt es bei einem Kurztrip charmante, kleinere St\u00e4dte zu erkunden? Wir stellen euch <a href=\"https:\/\/www.sonnenklar.tv\/blog\/schoenste-staedte-deutschlands\/\" target=\"_blank\" rel=\"noopener\">die 11 sch\u00f6nsten Stadtperlen in Deutschland<\/a> vor. Einige finden sich auch auf der Welterbeliste.[\/otw_shortcode_info_box]\n\n\n[otw_shortcode_info_box border_type=&#8220;bordered&#8220; border_style=&#8220;bordered&#8220;]<strong>Hoteltipp<\/strong>: Das <a href=\"https:\/\/www.sonnenklar.tv\/beschreibung\/Deutschland\/Harz\/Goslar\/Ramada_B%C3%A4ren.html\" target=\"_blank\" rel=\"noopener\">H+ Hotel Goslar<\/a> liegt in einem ruhigen Wohngebiet nur einen kurzen Spaziergang von der malerischen Altstadt entfernt.[\/otw_shortcode_info_box]\n\n\n\n<h3 class=\"wp-block-heading\"><strong><a name=\"welterbe-deutschland-dessau\"><\/a>Dessau \u2013 einzigartige Parklandschaft und moderne Architektur<\/strong><\/h3>\n\n\n\n<p>Auch Dessau ist die Heimat <strong>zweier Welterbest\u00e4tten<\/strong>. Im <strong>Gartenreich Dessau-W\u00f6rlitz<\/strong> taucht ihr ein in eine von Menschenhand geschaffene Parklandschaft, die bei der Anlage ab dem Jahr 1765 der <strong>erste englische Landschaftsgarten<\/strong> auf dem europ\u00e4ischen Festland war. Zun\u00e4chst wurde der Park um das <strong>Schloss W\u00f6rlitz<\/strong> geschaffen. In der damaligen Zeit war es schick die Pflanzungen eines Parks mit kleinen Geb\u00e4uden so zu gestalten, dass man danach nahe an die Idealvorstellung und somit quasi ans Paradies herankommt. Goethe bezeichnete den Park mit seinen Seen, Kan\u00e4len und W\u00e4ldern dann auch als Traum. Heute umfasst das Gartenreich Dessau-W\u00f6rlitz etwa <strong>150 Quadratkilometer<\/strong> und ist damit etwa 18-mal so gro\u00df wie der Schlosspark von Versailles.<\/p>\n\n\n<div class=\"wp-block-image\">\n<figure class=\"aligncenter\"><a href=\"https:\/\/www.sonnenklar.tv\/blog\/wp-content\/uploads\/2022\/11\/GettyImages-1250313977-Woerlitzer-Park-Dessau.jpg\"><img loading=\"lazy\" decoding=\"async\" width=\"880\" height=\"450\" src=\"https:\/\/www.sonnenklar.tv\/blog\/wp-content\/uploads\/2022\/11\/GettyImages-1250313977-Woerlitzer-Park-Dessau.jpg\" alt=\"W\u00f6rlitzer Park in Dessau\" class=\"wp-image-21805\" srcset=\"https:\/\/www.sonnenklar.tv\/blog\/wp-content\/uploads\/2022\/11\/GettyImages-1250313977-Woerlitzer-Park-Dessau.jpg 880w, https:\/\/www.sonnenklar.tv\/blog\/wp-content\/uploads\/2022\/11\/GettyImages-1250313977-Woerlitzer-Park-Dessau-300x153.jpg 300w, https:\/\/www.sonnenklar.tv\/blog\/wp-content\/uploads\/2022\/11\/GettyImages-1250313977-Woerlitzer-Park-Dessau-768x393.jpg 768w\" sizes=\"(max-width: 880px) 100vw, 880px\" \/><\/a><figcaption class=\"wp-element-caption\">Eine fast schon romantische Aura umgibt den W\u00f6rlitzer Park<\/figcaption><\/figure>\n<\/div>\n\n\n<p>Das zweite Welterbethema in Dessau ist nicht so alt, hat aber weltweite Beachtung gefunden. Von 1919 bis 1933 war Dessau Sitz der <strong>Hochschule f\u00fcr Gestaltung<\/strong>, die unter dem Namen <strong>Bauhaus<\/strong> antrat, die Kunst und Architektur der damaligen Welt zu revolutionieren. W\u00e4hrend Henry Van de Velde, Walter Gropius, Hannes Meyer und Laszlo Moholy-Nagy die Verspieltheit des Jugendstils einer Neuen Sachlichkeit opferten, wurde der Professor <strong>Wassily Kandinsky<\/strong> vor allem als Maler ber\u00fchmt. Zum UNESCO Welterbe z\u00e4hlen in Dessau das <strong>Hochschulgeb\u00e4ude<\/strong>, sowie die <strong>Laubengangh\u00e4user<\/strong>. Weitere Objekte befinden sich in <strong>Weimar<\/strong> und in <strong>Bernau<\/strong>.<\/p>\n\n\n\n<p><strong>Welterbe seit<\/strong>: Bauhaus seit 1996 (Erweiterung 2017), Gartenreich Dessau-W\u00f6rlitz seit 2000<\/p>\n\n\n\n<p><strong>Besonderheit<\/strong>: Bauhaus Architektur bestaunt ihr auch in Alfeld, Probstzella, Krefeld und Stuttgart. In Weimar gibt es das Bauhaus Museum und in Gelmeroda wandelt ihr auf den Spuren von Lionel Feininger, einem bekannten Maler der Bauhaus Epoche.<\/p>\n\n\n[otw_shortcode_info_box border_type=&#8220;bordered&#8220; border_color_class=&#8220;otw-orange-border&#8220; border_style=&#8220;bordered&#8220;]<strong>Hoteltipp<\/strong>: Das moderne und stylisch gestaltete <a href=\"https:\/\/www.sonnenklar.tv\/beschreibung\/Deutschland\/Sachsen-Anhalt\/Dessau-Ro%C3%9Flau\/Days_Inn_Dessau_Hotel.html\" target=\"_blank\" rel=\"noopener\">Days Inn Dessau<\/a> liegt im Gr\u00fcnen am Rand des Gartenreichs W\u00f6rlitz-Dessau.[\/otw_shortcode_info_box]\n\n\n\n<h3 class=\"wp-block-heading\"><strong><a name=\"welterbe-deutschland-muskau\"><\/a>Geopark Muskauer Faltenbogen \u2013 von der Industriebrache zum Naturschutzgebiet<\/strong><\/h3>\n\n\n\n<p>Vor 350.000 Jahren war Mitteleuropa von einer kilometerdicken <strong>Eisdecke<\/strong> bedeckt. In der Gegend um <strong>Bad Muskau<\/strong> an der polnischen Grenze entwickelte sich zus\u00e4tzlich noch ein <strong>Gletscher<\/strong> von 20 Kilometer Breite und etwa 500 Meter Dicke. Dieses zus\u00e4tzliche Eis verdr\u00e4ngte im Untergrund die Erdmasse und schuf so eine <strong>Mor\u00e4ne<\/strong>, die wir heute als Muskauer Faltenbogen kennen. Von oben hat diese Erhebung die Form eines Hufeisens. Im Faltenbogen hatten sich Braunkohle, Glassand, Tonerden und Mineralquellen gebildet. Ab <strong>1840<\/strong> begann man damit diese <strong>Rohstoffe<\/strong> industriell zu <strong>f\u00f6rdern<\/strong> und so entstand bis 1870 eine Ansammlung an Industriebetrieben, die die urspr\u00fcngliche Landschaft zerst\u00f6rte. Nachdem der Bergbau mangels Rentabilit\u00e4t eingestellt wurde, begann man damit die Sch\u00e4den des Bergbaus zu beseitigen. So entwickelte sich im Lauf der Zeit ein einzigartiges <strong>Biotop<\/strong> mit <strong>Mooren<\/strong>, <strong>B\u00e4chen<\/strong> und <strong>Heidelandschaften<\/strong>. In Nochten gibt es ein Informationszentrum zum Faltenbogen. In <strong>Bad Muskau<\/strong> kurt ihr in den eisenreichen Mineralquellen, flaniert im <strong>Welterbe F\u00fcrst-P\u00fcckler-Park<\/strong> und startet zu Wanderungen oder Radtouren im Geopark.<\/p>\n\n\n<div class=\"wp-block-image\">\n<figure class=\"aligncenter\"><a href=\"https:\/\/www.sonnenklar.tv\/blog\/wp-content\/uploads\/2024\/02\/3751234-bad-muskau-fuerst-pueckler-park-unesco-welterbe.jpg\"><img loading=\"lazy\" decoding=\"async\" width=\"880\" height=\"450\" src=\"https:\/\/www.sonnenklar.tv\/blog\/wp-content\/uploads\/2024\/02\/3751234-bad-muskau-fuerst-pueckler-park-unesco-welterbe.jpg\" alt=\"Landschaftspark F\u00fcrst-P\u00fcckler-Park Bad Muskau in der Oberlausitz\" class=\"wp-image-28030\" srcset=\"https:\/\/www.sonnenklar.tv\/blog\/wp-content\/uploads\/2024\/02\/3751234-bad-muskau-fuerst-pueckler-park-unesco-welterbe.jpg 880w, https:\/\/www.sonnenklar.tv\/blog\/wp-content\/uploads\/2024\/02\/3751234-bad-muskau-fuerst-pueckler-park-unesco-welterbe-300x153.jpg 300w, https:\/\/www.sonnenklar.tv\/blog\/wp-content\/uploads\/2024\/02\/3751234-bad-muskau-fuerst-pueckler-park-unesco-welterbe-768x393.jpg 768w\" sizes=\"(max-width: 880px) 100vw, 880px\" \/><\/a><figcaption class=\"wp-element-caption\">Historische Steinbr\u00fccke im F\u00fcrst-P\u00fcckler-Park<\/figcaption><\/figure>\n<\/div>\n\n\n<p><strong>Welterbe seit<\/strong>: Globaler Geopark Faltenbogen seit 2015, F\u00fcrst-P\u00fcckler-Park seit 2004<\/p>\n\n\n\n<p><strong>Besonderheit<\/strong>: Das deutsch-polnische Grenzgebiet bei Bad Muskau empfiehlt sich vor allem f\u00fcr Naturliebhaber.<\/p>\n\n\n[otw_shortcode_info_box border_type=&#8220;bordered&#8220; border_color_class=&#8220;otw-orange-border&#8220; border_style=&#8220;bordered&#8220;]<strong>Hoteltipp<\/strong>: Das <a href=\"https:\/\/www.sonnenklar.tv\/beschreibung\/Deutschland\/Sachsen\/Bad_Muskau\/Kulturhotel_F%C3%BCrst_P%C3%Bcckler_Park.html\" target=\"_blank\" rel=\"noopener\">Kulturhotel F\u00fcrst P\u00fcckler Park<\/a> ist ein modernes Wellnesshotel mitten in der charmanten Kurstadt Bad Muskau und nicht weit entfernt vom Eingang zum Muskauer Welterbepark.[\/otw_shortcode_info_box]\n\n\n\n<h3 class=\"wp-block-heading\"><strong><a name=\"welterbe-deutschland-erzgebirge\"><\/a>Montanregion Erzgebirge \u2013 innovativer Bergbau schon im Mittelalter<\/strong><\/h3>\n\n\n\n<p>Ihr habt ja sicher schon vom Goldrausch im 19. Jahrhundert in den USA geh\u00f6rt. Etwas \u00e4hnliches fand im Erzgebirge schon im <strong>12. Jahrhundert<\/strong> statt. Nachdem im Jahr <strong>1168<\/strong> in der N\u00e4he von Freiberg erste <strong>Silberfunde<\/strong> bekannt wurden, lockte das schnell Bergleute, Handwerker, Kaufleute und Gl\u00fcckssucher an. Zwischen 1460 und 1560 kam das meiste in Europa gef\u00f6rderte Silber aus der deutsch-tschechischen Grenzregion. Doch nicht nur Silber wurde hier gef\u00f6rdert. Unter den Bergen schlummerten auch reiche Sch\u00e4tze an <strong>Blei<\/strong>, <strong>Eisen<\/strong>, <strong>Kobalt<\/strong>, <strong>Uran<\/strong> und <strong>Nickel<\/strong>. Aus dem Kobalt wurden <strong>Blaufarben<\/strong> gewonnen, die zur Herstellung des ber\u00fchmten <strong>Mei\u00dfner Porzellans<\/strong> genutzt wurden. Das gleiche Blau nutzte man f\u00fcr die <strong>Delfter Kacheln <\/strong>und selbst auf <strong>chinesischem Porzellan<\/strong> fand sich das Blau aus dem Erzgebirge. Die Montanregion auf der <strong>Welterbeliste<\/strong> setzt sich zusammen aus <strong>22 Teilgebieten<\/strong>, darunter Bergwerke, die ihr besichtigen k\u00f6nnt, aber auch Landschaften, die vom Bergbau gepr\u00e4gt wurden. Auch die <strong>Wasserwirtschaft<\/strong>, die die Energie f\u00fcr den Bergbau lieferte, z\u00e4hlt zum UNESCO Welterbe.<\/p>\n\n\n<div class=\"wp-block-image\">\n<figure class=\"aligncenter\"><a href=\"https:\/\/www.sonnenklar.tv\/blog\/wp-content\/uploads\/2024\/02\/5155590-marienberg-sachsen-altstadt-marktplatz-unesco.jpg\"><img loading=\"lazy\" decoding=\"async\" width=\"880\" height=\"450\" src=\"https:\/\/www.sonnenklar.tv\/blog\/wp-content\/uploads\/2024\/02\/5155590-marienberg-sachsen-altstadt-marktplatz-unesco.jpg\" alt=\"Altstadt von Marienberg in Sachsen\" class=\"wp-image-28056\" srcset=\"https:\/\/www.sonnenklar.tv\/blog\/wp-content\/uploads\/2024\/02\/5155590-marienberg-sachsen-altstadt-marktplatz-unesco.jpg 880w, https:\/\/www.sonnenklar.tv\/blog\/wp-content\/uploads\/2024\/02\/5155590-marienberg-sachsen-altstadt-marktplatz-unesco-300x153.jpg 300w, https:\/\/www.sonnenklar.tv\/blog\/wp-content\/uploads\/2024\/02\/5155590-marienberg-sachsen-altstadt-marktplatz-unesco-768x393.jpg 768w\" sizes=\"(max-width: 880px) 100vw, 880px\" \/><\/a><figcaption class=\"wp-element-caption\">Die Altstadt von Marienberg ist Bestandteil der Montanregion Erzgebirge<\/figcaption><\/figure>\n<\/div>\n\n\n<p><strong>Welterbe seit<\/strong>: 2019<\/p>\n\n\n\n<p><strong>Besonderheit<\/strong>: Das Erzgebirge und die unterschiedlichen Teilgebiete des Welterbes erkundet ihr am besten im Rahmen eines Wanderurlaubs.<\/p>\n\n\n[otw_shortcode_info_box border_type=&#8220;bordered&#8220; border_color_class=&#8220;otw-orange-border&#8220; border_style=&#8220;bordered&#8220;]<strong>Hoteltipp<\/strong>: Das <a href=\"https:\/\/www.sonnenklar.tv\/beschreibung\/Deutschland\/S%C3%A4chsische_Schweiz_Erzgebirge\/Eppendorf\/Erzgebirgshotel_Freiberger_H%C3%B6he.html\" target=\"_blank\" rel=\"noopener\">Erzgebirgshotel Freiberger H\u00f6he<\/a> liegt idyllisch mitten in der Montanregion Erzgebirge und bietet sich als Ausgangspunkt f\u00fcr eure Erkundungen an.[\/otw_shortcode_info_box]\n\n\n\n<h3 class=\"wp-block-heading\"><strong><a name=\"welterbe-deutschland-luther\"><\/a>Auf den Spuren von Martin Luther zum Welterbe<\/strong><\/h3>\n\n\n\n<p>Im sachsen-anhaltinischen <strong>Eisleben<\/strong> wurde am 10. November 1483 ein kleiner Junge <strong>geboren<\/strong>, der sp\u00e4ter die ganze Welt ver\u00e4ndern sollte. Als Kind von wohlhabenden Eltern wuchs Martin Luther in beh\u00fcteten Verh\u00e4ltnissen auf und konnte zun\u00e4chst Jura studieren. Nach einem einschneidenden Erlebnis wurde er dann aber <strong>M\u00f6nch des Augustinerordens<\/strong> und studierte Theologie. Nach seinem Studium kletterte Martin Luther schnell auf der Karriereleiter seines Ordens nach oben und lebte und lehrte in Wittenberg. Im Lauf der Jahre entzweite er sich aber mit der Katholischen Kirche, was schlie\u00dflich darin gipfelte, dass er an der <strong>Schlosskirche in Wittenberg<\/strong> seine <strong>95 Thesen<\/strong> anschlug und dadurch die Reformation ins Rollen brachte. Aber Martin Luther schuf nicht nur eine neue Glaubensrichtung, er war es auch, der mit der <strong>\u00dcbersetzung der Bibel ins Deutsche<\/strong> als erster eine gemeinsame deutsche Schriftsprache schuf. Durch den nur wenige Jahre vorher erfundenen Buchdruck, verbreitete sich diese deutsche Bibel sehr schnell. Die \u00dcbersetzung geschrieben hat Luther auf der <strong>Wartburg in Eisenach<\/strong>.<\/p>\n\n\n<div class=\"wp-block-image\">\n<figure class=\"aligncenter\"><a href=\"https:\/\/www.sonnenklar.tv\/blog\/wp-content\/uploads\/2024\/02\/5150420-schlosskirche-lutherstadt-wittenberg.jpg\"><img loading=\"lazy\" decoding=\"async\" width=\"880\" height=\"450\" src=\"https:\/\/www.sonnenklar.tv\/blog\/wp-content\/uploads\/2024\/02\/5150420-schlosskirche-lutherstadt-wittenberg.jpg\" alt=\"Eingangst\u00fcr zur Schlosskirche in der Lutherstadt Wittenberg\" class=\"wp-image-28036\" srcset=\"https:\/\/www.sonnenklar.tv\/blog\/wp-content\/uploads\/2024\/02\/5150420-schlosskirche-lutherstadt-wittenberg.jpg 880w, https:\/\/www.sonnenklar.tv\/blog\/wp-content\/uploads\/2024\/02\/5150420-schlosskirche-lutherstadt-wittenberg-300x153.jpg 300w, https:\/\/www.sonnenklar.tv\/blog\/wp-content\/uploads\/2024\/02\/5150420-schlosskirche-lutherstadt-wittenberg-768x393.jpg 768w\" sizes=\"(max-width: 880px) 100vw, 880px\" \/><\/a><figcaption class=\"wp-element-caption\">Eingangst\u00fcr zur Schlosskirche Wittenberg<\/figcaption><\/figure>\n<\/div>\n\n\n<p><strong>Welterbe seit<\/strong>: Eisleben und Wittenberg 1996, Wartburg 1999<\/p>\n\n\n\n<p><strong>Besonderheit<\/strong>: Das Luthergeburtshaus in Eisleben wurde bereist 1693 zum Denkmal erkl\u00e4rt und gilt somit als eines der \u00e4ltesten Museen der Welt.<\/p>\n\n\n[otw_shortcode_info_box border_type=&#8220;bordered&#8220; border_color_class=&#8220;otw-orange-border&#8220; border_style=&#8220;bordered&#8220;]<strong>Hoteltipp<\/strong>: Das <a href=\"https:\/\/www.sonnenklar.tv\/beschreibung\/Deutschland\/Th%C3%Bcringen\/Erfurt\/Best_Western_Plus_Hotel_Excelsior.html\" target=\"_blank\" rel=\"noopener\">Best Western Plus Hotel Excelsior<\/a> in Erfurt ist modern und komfortabel ausgestattet. Von Erfurt seid ihr schnell an den an den anderen Orten, an denen Martin Luther gewirkt hat.[\/otw_shortcode_info_box]\n\n\n\n<h3 class=\"wp-block-heading\"><strong><a name=\"welterbe-deutschland-bayreuth\"><\/a>Mittelalter und Barock in Oberfranken<\/strong><\/h3>\n\n\n\n<p>Bevor ihr nun glaubt, dass nur die neuen Bundesl\u00e4nder Sehensw\u00fcrdigkeiten zu bieten haben, die auf die UNESCO Welterbeliste aufgenommen wurden, f\u00fchren wir euch auf unserer Rundreise nach <strong>Bayern<\/strong>. Unser erster Stopp gilt dem <strong>Markgr\u00e4flichen Opernhaus<\/strong> in <strong>Bayreuth<\/strong>. Als es gebaut wurde, war es in seiner Ausstattung vergleichbar mit den Opernh\u00e4usern in Wien, Venedig, Paris und Dresden. Geschaffen wurde das Haus speziell f\u00fcr die Opera Seria, die ernste Oper, die aufw\u00e4ndiger war als die heute weiter verbreitete \u201eKomische Oper\u201c. Mit seiner <strong>prachtvollen<\/strong> barocken <strong>Ausstattung<\/strong> z\u00e4hlt das Markgr\u00e4fliche Opernhaus zu den letzten seiner Art. Nach der Oper k\u00f6nnt ihr noch auf den <strong>Gr\u00fcnen H\u00fcgel<\/strong> pilgern und das <strong>Festspielhaus<\/strong> von <strong>Richard Wagner<\/strong> bestaunen. Nur einen Steinwurf entfernt befindet sich <strong>Bamberg<\/strong>, die n\u00e4chste Stadt auf der UNESCO Welterbeliste. Die drei historischen Stadtbezirke <strong>Berg-, Insel- und G\u00e4rtnerstadt<\/strong>, bilden eine einzigartiges Ensemble aus mittelalterlichem Fachwerk und barockem Prunk.<\/p>\n\n\n<div class=\"wp-block-image\">\n<figure class=\"aligncenter\"><a href=\"https:\/\/www.sonnenklar.tv\/blog\/wp-content\/uploads\/2022\/05\/GettyImages-1215395349.jpg-Altes-Rathaus_3578618_master.jpg\"><img loading=\"lazy\" decoding=\"async\" width=\"880\" height=\"450\" src=\"https:\/\/www.sonnenklar.tv\/blog\/wp-content\/uploads\/2022\/05\/GettyImages-1215395349.jpg-Altes-Rathaus_3578618_master.jpg\" alt=\"Altes Rathaus in der historischen Altstadt von Bamberg\" class=\"wp-image-19786\" srcset=\"https:\/\/www.sonnenklar.tv\/blog\/wp-content\/uploads\/2022\/05\/GettyImages-1215395349.jpg-Altes-Rathaus_3578618_master.jpg 880w, https:\/\/www.sonnenklar.tv\/blog\/wp-content\/uploads\/2022\/05\/GettyImages-1215395349.jpg-Altes-Rathaus_3578618_master-300x153.jpg 300w, https:\/\/www.sonnenklar.tv\/blog\/wp-content\/uploads\/2022\/05\/GettyImages-1215395349.jpg-Altes-Rathaus_3578618_master-768x393.jpg 768w\" sizes=\"(max-width: 880px) 100vw, 880px\" \/><\/a><figcaption class=\"wp-element-caption\">Bamberg, das \u201eKlein-Venedig\u201c von Deutschland<\/figcaption><\/figure>\n<\/div>\n\n\n<p><strong>Welterbe seit<\/strong>: Opernhaus Bayreuth 2012, Altstadt Bamberg 1993<\/p>\n\n\n\n<p><strong>Besonderheit<\/strong>: Das Welterbe in Bamberg setzt aus etwa 1.300 denkmalgesch\u00fctzten Geb\u00e4uden zusammen. Auch Bayreuth hat eine sehenswerte Altstadt und weitere Sehensw\u00fcrdigkeiten, auch wenn diese nicht auf der UNESCO Welterbliste erscheinen.<\/p>\n\n\n[otw_shortcode_info_box border_type=&#8220;bordered&#8220; border_color_class=&#8220;otw-orange-border&#8220; border_style=&#8220;bordered&#8220;]<strong>Hoteltipp<\/strong>: Ein kurzer Fu\u00dfmarsch bringt euch vom <a href=\"https:\/\/www.sonnenklar.tv\/beschreibung\/Deutschland\/Bayern\/Bayreuth\/Ramada_Residenzschloss_Bayreuth.html\" target=\"_blank\" rel=\"noopener\">H4 Hotel Residenzschloss Bayreuth<\/a> zum Markgr\u00e4flichen Opernhaus und von dort weiter auf den Gr\u00fcnen H\u00fcgel.[\/otw_shortcode_info_box]\n\n\n\n<h3 class=\"wp-block-heading\"><strong><a name=\"welterbe-deutschland-regensburg\"><\/a>Handelszentrum des Heiligen R\u00f6mischen Reiches Deutscher Nation<\/strong><\/h3>\n\n\n\n<p>Bereits die <strong>R\u00f6mer<\/strong> gr\u00fcndeten an der Donau das <strong>Lager Castra Regina<\/strong>. Dieses Legionslager entwickelte sich im <strong>Mittelalter<\/strong> zu einem bedeutenden <strong>politischen Zentrum<\/strong> und einer <strong>bl\u00fchenden Handelsstadt<\/strong>, die nicht nur Bischofssitz war, sondern auch eine <strong>freie Reichsstadt<\/strong>. Die <strong>Altstadt<\/strong> hat noch immer etwa den Umfang, den sie im <strong>14. Jahrhundert<\/strong> hatte und bringt euch mit zahlreichen historischen Bauwerken zum Staunen. Vor allem die Kirchen und das Kloster <strong>St. Emeram<\/strong>, das heute das Schloss der Familie <strong>von Thurn und Taxis<\/strong> ist, zeigen eindrucksvoll die Macht, die auch die Kirche in der Stadt hatte. Bei einem Bummel durch die engen Gassen unternehmt ihr gleichzeitig eine <strong>Reise durch 2.000 Jahre<\/strong> Architekturgeschichte. Sehenswert ist aber auch das <strong>Haus der Bayerischen Geschichte<\/strong>. Wenn ihr die etwa <strong>1.000 Denkm\u00e4ler des Welterbes<\/strong> in Regensburg angeschaut habt, k\u00f6nnt ihr euch das <strong>UNESCO Welterbe Donaulimes<\/strong> auf dem Weg nach Passau anschauen.<\/p>\n\n\n<div class=\"wp-block-image\">\n<figure class=\"aligncenter\"><a href=\"https:\/\/www.sonnenklar.tv\/blog\/wp-content\/uploads\/2024\/02\/3483035-regensburg-steinbruecke-altstadt.jpg\"><img loading=\"lazy\" decoding=\"async\" width=\"880\" height=\"450\" src=\"https:\/\/www.sonnenklar.tv\/blog\/wp-content\/uploads\/2024\/02\/3483035-regensburg-steinbruecke-altstadt.jpg\" alt=\"Altstadt mit historischer Steinbr\u00fccke in Regensburg\" class=\"wp-image-28058\" srcset=\"https:\/\/www.sonnenklar.tv\/blog\/wp-content\/uploads\/2024\/02\/3483035-regensburg-steinbruecke-altstadt.jpg 880w, https:\/\/www.sonnenklar.tv\/blog\/wp-content\/uploads\/2024\/02\/3483035-regensburg-steinbruecke-altstadt-300x153.jpg 300w, https:\/\/www.sonnenklar.tv\/blog\/wp-content\/uploads\/2024\/02\/3483035-regensburg-steinbruecke-altstadt-768x393.jpg 768w\" sizes=\"(max-width: 880px) 100vw, 880px\" \/><\/a><figcaption class=\"wp-element-caption\">Regensburgs Altstadt gilt als Musterbeispiel f\u00fcr eine gut erhaltene mittelalterliche Handelsstadt<\/figcaption><\/figure>\n<\/div>\n\n\n<p><strong>Welterbe seit<\/strong>: 2006<\/p>\n\n\n\n<p><strong>Besonderheit<\/strong>: Regensburg galt schon im Mittealter als Gro\u00dfstadt, die immens reich war. Das zeigt sich noch heute.<\/p>\n\n\n[otw_shortcode_info_box border_type=&#8220;bordered&#8220; border_color_class=&#8220;otw-orange-border&#8220; border_style=&#8220;bordered&#8220;]<strong>Info<\/strong>: Die Stadt an der Donau ist nicht nur wegen dem Welterbe ein perfektes Ziel f\u00fcr eine St\u00e4dtereise. Das passende <a href=\"https:\/\/www.sonnenklar.tv\/promo\/hotels\/hotels-regensburg.html\" target=\"_blank\" rel=\"noopener\">Hotelangebot f\u00fcr Regensburg<\/a> findet ihr hier.[\/otw_shortcode_info_box]\n\n\n\n<h3 class=\"wp-block-heading\"><strong><a name=\"welterbe-deutschland-wieskirche\"><\/a>Kirchliche Pracht mitten auf der Wiese <\/strong><\/h3>\n\n\n\n<p>Es gibt wohl kaum einen anderen Ort, an dem sich von <strong>Menschen geschaffene<\/strong> Pracht so <strong>harmonisch<\/strong> in eine atemberaubend <strong>sch\u00f6ne Landschaft einf\u00fcgt<\/strong>, wie die <strong>Wallfahrtskirche zum Gegei\u00dfelten Heiland in Wies<\/strong> bei Steingaden. Das mag wohl auch daran liegen, dass die Kirche wirklich einen solit\u00e4ren Standort hat und keine anderen Geb\u00e4ude die freie Sicht \u201est\u00f6ren\u201c. Wenn ihr euch der Wieskirche von Norden n\u00e4hert, seht ihr die wei\u00df-gelb leuchtende Fassade inmitten weitl\u00e4ufiger <strong>Streuobstwiesen<\/strong> (Immaterielles UNESCO Kulturerbe seit 2021) und dahinter die bewaldeten <strong>Gipfel des Ammergebirges<\/strong>. Die Geschichte der Wieskirche begann am 14. Juni 1738, als die Familie Lory an einem Marterl in den dichten W\u00e4ldern einen gegei\u00dfelten Heiland sah, der Tr\u00e4nen verstr\u00f6mte. Um dieses <strong>Gnadenbild<\/strong> in die richtige Umgebung einzubinden, hat man von 1745 \u2013 1754 die pr\u00e4chtigste <strong>Rokokokirche<\/strong> n\u00f6rdlich der Alpen errichtet. Die Wieskirche und die Stiftung des Bistums Augsburg, die f\u00fcr die Verwaltung zust\u00e4ndig sind, haben es bis heute sehr gut verstanden, auch immer die <strong>spirituelle Bedeutung<\/strong> dieses Ortes beizubehalten.<\/p>\n\n\n<div class=\"wp-block-image\">\n<figure class=\"aligncenter\"><a href=\"https:\/\/www.sonnenklar.tv\/blog\/wp-content\/uploads\/2022\/03\/GettyImages-1218751299-Wieskirche-church.jpg\"><img loading=\"lazy\" decoding=\"async\" width=\"880\" height=\"450\" src=\"https:\/\/www.sonnenklar.tv\/blog\/wp-content\/uploads\/2022\/03\/GettyImages-1218751299-Wieskirche-church.jpg\" alt=\"Wieskirche\" class=\"wp-image-19185\" srcset=\"https:\/\/www.sonnenklar.tv\/blog\/wp-content\/uploads\/2022\/03\/GettyImages-1218751299-Wieskirche-church.jpg 880w, https:\/\/www.sonnenklar.tv\/blog\/wp-content\/uploads\/2022\/03\/GettyImages-1218751299-Wieskirche-church-300x153.jpg 300w, https:\/\/www.sonnenklar.tv\/blog\/wp-content\/uploads\/2022\/03\/GettyImages-1218751299-Wieskirche-church-768x393.jpg 768w\" sizes=\"(max-width: 880px) 100vw, 880px\" \/><\/a><figcaption class=\"wp-element-caption\">Die Wieskirche wurde als herausragendes Rokoko-Bauwerk zum UNESCO-Welterbe erkl\u00e4rt<\/figcaption><\/figure>\n<\/div>\n\n\n<p><strong>Welterbe seit<\/strong>: 1983<\/p>\n\n\n\n<p><strong>Besonderheit<\/strong>: Die Wieskirche ist eines der Etappenziele der Romantischen Stra\u00dfe, die von W\u00fcrzburg nach F\u00fcssen f\u00fchrt.<\/p>\n\n\n[otw_shortcode_info_box border_type=&#8220;bordered&#8220; border_color_class=&#8220;otw-orange-border&#8220; border_style=&#8220;bordered&#8220;]<strong>Hoteltipp<\/strong>: Das <a href=\"https:\/\/www.sonnenklar.tv\/beschreibung\/Deutschland\/Allg%C3%A4u\/F%C3%Bcssen\/Fischer_Am_See.html\" target=\"_blank\" rel=\"noopener\">Hotel Fischer am See<\/a> liegt malerisch direkt am Nordufer des Hopfensees ziemlich genau in der Mitte zwischen Wieskirche und Schloss Neuschwanstein.[\/otw_shortcode_info_box]\n\n\n\n<h3 class=\"wp-block-heading\"><strong><a name=\"welterbe-deutschland-bodensee\"><\/a>Eine Reise von der Steinzeit ins Mittelalter am Bodensee<\/strong><\/h3>\n\n\n\n<p>Wer glaubt, dass die luxuri\u00f6sen Overwater Bungalows auf den Malediven eine Erfindung der Neuzeit sind, sollte sich das <strong>\u00e4lteste arch\u00e4ologische Freilichtmuseum<\/strong> in Unteruhldingen am Bodensee anschauen. Die dortigen Pfahlbauten geben euch einen Einblick in das Leben unserer Vorfahren vor <strong>5.000 Jahren<\/strong>. Das Pfahlbaumuseum ist Teil des l\u00e4nder\u00fcbergreifenden Welterbes \u201e<strong>Pr\u00e4historische Pfahlbauten um die Alpen<\/strong>\u201c. Anhand der hier gefundenen Sch\u00e4tze kann man sich heute ein sehr klares Bild des Lebens machen in einer Zeit als der Mensch sich vom J\u00e4ger und Sammler zum Bauern entwickelte. Nur einen Katzensprung entfernt taucht ihr ein in das mittelalterliche Klosterleben. Die <strong>Insel Reichenau<\/strong> im Bodensee ist heute ein ruhiger Urlaubsort, an dem Gem\u00fcse, Kr\u00e4uter und Wein gedeihen. Im Jahr <strong>724<\/strong> gr\u00fcndete der Heilige <strong>Pirmin<\/strong> hier ein Kloster und legte damit den Grundstein f\u00fcr eines der <strong>gr\u00f6\u00dften Benediktinerkl\u00f6ster<\/strong> im Mittelalter. Zum <strong>Welterbe<\/strong> der Insel z\u00e4hlen die <strong>drei<\/strong> romanischen <strong>Kirchen<\/strong> und die kostbaren <strong>Reichenauer Handschriften<\/strong>, die allerdings nicht direkt auf der Insel zu bestaunen sind.<\/p>\n\n\n<div class=\"wp-block-image\">\n<figure class=\"aligncenter\"><a href=\"https:\/\/www.sonnenklar.tv\/blog\/wp-content\/uploads\/2024\/02\/3595756-pfahlbauten-unteruhldingen-bodensee.jpg\"><img loading=\"lazy\" decoding=\"async\" width=\"880\" height=\"450\" src=\"https:\/\/www.sonnenklar.tv\/blog\/wp-content\/uploads\/2024\/02\/3595756-pfahlbauten-unteruhldingen-bodensee.jpg\" alt=\"Pr\u00e4historische Pfahlbauten in Unteruhldingen am Bodensee\" class=\"wp-image-28048\" srcset=\"https:\/\/www.sonnenklar.tv\/blog\/wp-content\/uploads\/2024\/02\/3595756-pfahlbauten-unteruhldingen-bodensee.jpg 880w, https:\/\/www.sonnenklar.tv\/blog\/wp-content\/uploads\/2024\/02\/3595756-pfahlbauten-unteruhldingen-bodensee-300x153.jpg 300w, https:\/\/www.sonnenklar.tv\/blog\/wp-content\/uploads\/2024\/02\/3595756-pfahlbauten-unteruhldingen-bodensee-768x393.jpg 768w\" sizes=\"(max-width: 880px) 100vw, 880px\" \/><\/a><figcaption class=\"wp-element-caption\">Pr\u00e4historische Pfahlbauten in Unteruhldingen am Bodensee<\/figcaption><\/figure>\n<\/div>\n\n\n<p><strong>Welterbe seit<\/strong>: Insel Reichenau seit 2000, Reichenauer Handschriften seit 2003, Pr\u00e4historische Pfahlbauten seit 2011<\/p>\n\n\n\n<p><strong>Besonderheit<\/strong>: Zu sehen sind die Reichenauer Handschriften in der bayerischen Staatsbibliothek in M\u00fcnchen, sowie in Bamberg, Darmstadt, Trier, Aachen, Paris und Cividale del Friuli<\/p>\n\n\n[otw_shortcode_info_box border_type=&#8220;bordered&#8220; border_color_class=&#8220;otw-orange-border&#8220; border_style=&#8220;bordered&#8220;]<strong>Info<\/strong>: Rund um das Schw\u00e4bische Meer gibt es noch so viel mehr zu sehen als nur die Welterbeinsel Reichenau. Ideen und Angebote f\u00fcr euren <a href=\"https:\/\/www.sonnenklar.tv\/promo\/urlaub-bodensee.html\" target=\"_blank\" rel=\"noopener\">Urlaub am Bodensee<\/a> findet ihr, wenn ihr dem Link folgt.[\/otw_shortcode_info_box]\n\n\n\n<h3 class=\"wp-block-heading\"><strong><a name=\"welterbe-deutschland-schwaebische-alb\"><\/a>Die \u00e4ltesten Kunstwerke der Menschheit auf der Schw\u00e4bischen Alb<\/strong><\/h3>\n\n\n\n<p>Vielleicht habt ihr ja schon mal von der H\u00f6hle im franz\u00f6sischen Lascaux geh\u00f6rt, in der das \u00e4lteste H\u00f6hlengem\u00e4lde der Welt gefunden wurde. Im Vergleich zu dem, was man in den H\u00f6hlen des <strong>Lone- und Achtals<\/strong> in der N\u00e4he von <strong>Ulm<\/strong> gefunden hat, ist das aber moderne Kunst. Im Lonetal finden sich die <strong>Vogelherd-, Hohlenstein-Stadel- und Bocksteinh\u00f6hle<\/strong>, w\u00e4hrend die H\u00f6hlen im Achtal bei Blaubeuren die Namen <strong>Gei\u00dfenkl\u00f6sterle, Hohe Fels und Sirgenstein<\/strong> tragen. In den 1860er Jahren begann man in diesen H\u00f6hlen Schicht um Schicht abzutragen und stie\u00df dabei auf <strong>Schmuck<\/strong> und <strong>Kunstgegenst\u00e4nde<\/strong>, deren Alter auf irgendwas zwischen <strong>35.000 und 43.000 Jahre<\/strong> nachgewiesen werden konnte. Das Besondere an den Funden auf der Schw\u00e4bischen Alb ist, dass es hier so <strong>viele Fundorte<\/strong> in einer <strong>geringen r\u00e4umlichen Entfernung<\/strong> gab. Ein Hinweis darauf, dass schon die Menschen in der Steinzeit, so etwas wie Ortschaften bildeten. Die H\u00f6hlen sind Teil des <strong>UNESCO Global Geoparks<\/strong>, dessen Gestein uns 200 Millionen Jahre Erdgeschichte erz\u00e4hlt.<\/p>\n\n\n<div class=\"wp-block-image\">\n<figure class=\"aligncenter\"><a href=\"https:\/\/www.sonnenklar.tv\/blog\/wp-content\/uploads\/2024\/02\/5150551-vogelherdhoehle.jpg\"><img loading=\"lazy\" decoding=\"async\" width=\"880\" height=\"450\" src=\"https:\/\/www.sonnenklar.tv\/blog\/wp-content\/uploads\/2024\/02\/5150551-vogelherdhoehle.jpg\" alt=\"UNESCO-Welterbe Vogelherdh\u00f6hle bei Niederstotzingen in Baden-W\u00fcrttemberg\" class=\"wp-image-28049\" srcset=\"https:\/\/www.sonnenklar.tv\/blog\/wp-content\/uploads\/2024\/02\/5150551-vogelherdhoehle.jpg 880w, https:\/\/www.sonnenklar.tv\/blog\/wp-content\/uploads\/2024\/02\/5150551-vogelherdhoehle-300x153.jpg 300w, https:\/\/www.sonnenklar.tv\/blog\/wp-content\/uploads\/2024\/02\/5150551-vogelherdhoehle-768x393.jpg 768w\" sizes=\"(max-width: 880px) 100vw, 880px\" \/><\/a><figcaption class=\"wp-element-caption\">Vogelherdh\u00f6hle im Lonetal \u2013 Fundort einiger der \u00e4ltesten Kunstwerke der Menschheit<\/figcaption><\/figure>\n<\/div>\n\n\n<p><strong>Welterbe seit<\/strong>: Eiszeitkunst der Schw\u00e4bischen Alb seit 2017, UNESCO Global Geopark seit 2015<\/p>\n\n\n\n<p><strong>Besonderheit<\/strong>: In den H\u00f6hlen hat man auch die \u00e4ltesten Musikinstrumente der Menschheit gefunden. Von Sagen und Legenden umrankt ist der Blautopf in Blaubeuren.<\/p>\n\n\n[otw_shortcode_info_box border_type=&#8220;bordered&#8220; border_color_class=&#8220;otw-orange-border&#8220; border_style=&#8220;bordered&#8220;]<strong>Hoteltipp<\/strong>: Das moderne <a href=\"https:\/\/www.sonnenklar.tv\/beschreibung\/Deutschland\/Baden-W%C3%Bcrttemberg\/Oberkochen\/Hotel_Vilotel_-_Oberkochen_-_Schw%C3%A4bische_Alb.html\" target=\"_blank\" rel=\"noopener\">Vilotel<\/a> in Aalen\/Oberkochen bildet mit sehr viel Charme und seinem Wohlf\u00fchlangebot den perfekten Ausgangspunkt, um eine Region Deutschlands kennenzulernen, die noch ein echter Geheimtipp ist.[\/otw_shortcode_info_box]\n\n\n\n<h3 class=\"wp-block-heading\"><strong><a name=\"welterbe-deutschland-darmstadt\"><\/a>Fossilien und moderne Architektur in Darmstadt<\/strong><\/h3>\n\n\n\n<p>Im Nordosten von Darmstadt im beschaulichen <strong>Dorf Messel<\/strong> reist ihr \u00e4hnlich weit zur\u00fcck in der Erdzeitgeschichte. Die <strong>Fossillagerst\u00e4tte Grube Messel<\/strong> verbirgt in ihrer 190 Meter dicken \u00d6lschieferschicht eine zuvor niemals gefundene Vielfalt an <strong>Skeletten<\/strong> aus der Tierwelt am <strong>\u00dcbergang von Dinosauriern zu S\u00e4ugetieren<\/strong> aus der Zeit von <strong>56 Millionen Jahren bis etwa 34 Millionen Jahre vor Christus<\/strong>. Mit dem Fund eines versteinerten Alligatorenskeletts im Jahr <strong>1876<\/strong> begannen die Ausgrabungen, die inzwischen <strong>Fossilien von mehr als 1.000 Tier- und Pflanzenarten<\/strong> zu Tage f\u00f6rderten. Erkl\u00e4rungen dazu bietet das Besucherzentrum. Sehr viel j\u00fcnger ist die K\u00fcnstlerkolonie <strong>Mathildenh\u00f6he<\/strong> in <strong>Darmstadt<\/strong>. Gegr\u00fcndet wurde die Mathildenh\u00f6he <strong>1897<\/strong> als <strong>Zentrum f\u00fcr experimentelle Lebens- und Arbeitswelten<\/strong> der Moderne. Anfang des 20. Jahrhunderts hat man dann in international beachteten Ausstellungen erste Ergebnisse pr\u00e4sentiert. Insgesamt <strong>23 Elemente<\/strong> bilden hier eine <strong>moderne st\u00e4dtebauliche Einheit<\/strong> aus Arbeiten, Wohnen und Park. In diesem Umfeld sollten K\u00fcnstler, Architekten und Handwerker neue Wege f\u00fcr Bau und Design entwickeln.<\/p>\n\n\n<div class=\"wp-block-image\">\n<figure class=\"aligncenter\"><a href=\"https:\/\/www.sonnenklar.tv\/blog\/wp-content\/uploads\/2024\/02\/5150554-grube-messel.jpg\"><img loading=\"lazy\" decoding=\"async\" width=\"880\" height=\"450\" src=\"https:\/\/www.sonnenklar.tv\/blog\/wp-content\/uploads\/2024\/02\/5150554-grube-messel.jpg\" alt=\"Fossilien-Ausgrabungsst\u00e4tte und UNESCO-Welterbe Grube Messel bei Darmstadt\" class=\"wp-image-28050\" srcset=\"https:\/\/www.sonnenklar.tv\/blog\/wp-content\/uploads\/2024\/02\/5150554-grube-messel.jpg 880w, https:\/\/www.sonnenklar.tv\/blog\/wp-content\/uploads\/2024\/02\/5150554-grube-messel-300x153.jpg 300w, https:\/\/www.sonnenklar.tv\/blog\/wp-content\/uploads\/2024\/02\/5150554-grube-messel-768x393.jpg 768w\" sizes=\"(max-width: 880px) 100vw, 880px\" \/><\/a><figcaption class=\"wp-element-caption\">Blick \u00fcber die Grube Messel<\/figcaption><\/figure>\n<\/div>\n\n\n<p><strong>Welterbe seit<\/strong>: Fossillagerst\u00e4tte Grube Messel seit 1995, Mathildenh\u00f6he seit 2021<\/p>\n\n\n\n<p><strong>Besonderheit<\/strong>: Nicht nur die Geb\u00e4ude waren auf der Mathildenh\u00f6he im feinsten Jugendstil dekoriert, selbst das Geschirr und andere Alltagsgegenst\u00e4nde geh\u00f6rten zum Gesamtkonzept und wurden speziell f\u00fcr die Mathildenh\u00f6he designt.<\/p>\n\n\n[otw_shortcode_info_box border_type=&#8220;bordered&#8220; border_color_class=&#8220;otw-orange-border&#8220; border_style=&#8220;bordered&#8220;]<strong>Hoteltipp<\/strong>: Das <a href=\"https:\/\/www.sonnenklar.tv\/beschreibung\/Deutschland\/Hessen\/Bensheim\/Parkhotel_Krone.html\" target=\"_blank\" rel=\"noopener\">Parkhotel Krone<\/a> in Bensheim liegt in malerischer Umgebung an der hessischen Bergstra\u00dfe nur wenige Fahrminuten von Darmstadt und der Grube Messel entfernt.[\/otw_shortcode_info_box]\n\n\n\n<h3 class=\"wp-block-heading\"><strong><a name=\"welteerbe-deutschland-rheintal\"><\/a>Sagenumwobene Landschaften an einer der bedeutendsten Lebensadern Europas<\/strong><\/h3>\n\n\n\n<p>Der Rhein durchflie\u00dft auf seinen \u00fcber 1.200 Kilometern von der Schweiz in die Nordsee viele unterschiedliche Landschaften und str\u00f6mt an einer gro\u00dfen Zahl bemerkenswerter Sehensw\u00fcrdigkeiten und St\u00e4dte vorbei. Ein Teilst\u00fcck sticht aber besonders hervor, weil sich dort in besonderem Ma\u00dfe zeigt, wie wichtig der Rhein als <strong>Handelsroute<\/strong> in der Vergangenheit war. Auf den <strong>65 Kilometern<\/strong> des UNESCO Welterbes <strong>Oberes Mittelrheintal<\/strong> entdeckt ihr eine Kulturlandschaft mit einer Mischung aus charmanten kleinen <strong>St\u00e4dtchen<\/strong>, <strong>Weinbergen<\/strong>, <strong>Burgen<\/strong> und vielen Sagen und Geschichten. Die bekannteste Stelle dieses Teils des Rheintals ist der <strong>Loreleyfelsen<\/strong>, auf dem angeblich eine blonde Sch\u00f6nheit fr\u00fcher den Flussschiffern den Kopf verdrehte. Die etwa <strong>40 Schl\u00f6sser<\/strong>, <strong>Burgen<\/strong> und <strong>Festungen<\/strong>, die heute gr\u00f6\u00dftenteils in Ruinen liegen, haben die K\u00fcnstler der Romantik zu bedeutenden Kunstwerken inspiriert, was vielleicht auch an den k\u00f6stlichen Weinen liegt, die in dieser Region angebaut werden. Damals war die R\u00fcdesheimer Drosselgasse noch nicht ganz so \u00fcberlaufen.<\/p>\n\n\n<div class=\"wp-block-image\">\n<figure class=\"aligncenter\"><a href=\"https:\/\/www.sonnenklar.tv\/blog\/wp-content\/uploads\/2022\/07\/GettyImages-497855455.jpg_2026229_master.jpg\"><img loading=\"lazy\" decoding=\"async\" width=\"880\" height=\"450\" src=\"https:\/\/www.sonnenklar.tv\/blog\/wp-content\/uploads\/2022\/07\/GettyImages-497855455.jpg_2026229_master.jpg\" alt=\"Rheintal und Loreleyfelsen bei Sonnenuntergang im Sommer\" class=\"wp-image-20761\" srcset=\"https:\/\/www.sonnenklar.tv\/blog\/wp-content\/uploads\/2022\/07\/GettyImages-497855455.jpg_2026229_master.jpg 880w, https:\/\/www.sonnenklar.tv\/blog\/wp-content\/uploads\/2022\/07\/GettyImages-497855455.jpg_2026229_master-300x153.jpg 300w, https:\/\/www.sonnenklar.tv\/blog\/wp-content\/uploads\/2022\/07\/GettyImages-497855455.jpg_2026229_master-768x393.jpg 768w\" sizes=\"(max-width: 880px) 100vw, 880px\" \/><\/a><figcaption class=\"wp-element-caption\">Loreleyfelsen bei Sonnenuntergang<\/figcaption><\/figure>\n<\/div>\n\n\n<p><strong>Welterbe seit<\/strong>: 2002<\/p>\n\n\n\n<p><strong>Besonderheit<\/strong>: Den besten Blick auf das gesamte Welterbe Oberes Mittelrheintal habt ihr bei einer Schifffahrt zwischen R\u00fcdesheim und Koblenz.<\/p>\n\n\n[otw_shortcode_info_box border_type=&#8220;bordered&#8220; border_color_class=&#8220;otw-orange-border&#8220; border_style=&#8220;bordered&#8220;]<strong>Info<\/strong>: Ihr wollt ein paar Tage Ruhe und Entspannung genie\u00dfen, w\u00e4hrend das spektakul\u00e4re Panorama am Rheinufer an euch vorbeizieht? Hier geht\u2019s zu den <a href=\"https:\/\/www.sonnenklar.tv\/kreuzfahrten\/flusskreuzfahrt-rhein.html\" target=\"_blank\" rel=\"noopener\">Angeboten f\u00fcr Flusskreuzfahrten auf dem Rhein<\/a>.[\/otw_shortcode_info_box]\n\n\n\n<h3 class=\"wp-block-heading\"><strong><a name=\"welterbe-deutschland-essen\"><\/a>Ein Industriedenkmal vom Kohlestaub befreit<\/strong><\/h3>\n\n\n\n<p>Wohl kaum eine Region in Deutschland steht sinnbildlich so sehr f\u00fcr den wirtschaftlichen Aufschwung nach 1945 wie das <strong>Ruhrgebiet<\/strong>. Die Kohle aus dem Pott brachte Energie f\u00fcr die boomende Wirtschaft und Reichtum in eine Region, die heute den <strong>gr\u00f6\u00dften Ballungsraum in Deutschland<\/strong> bildet. Die <strong>Zeche Zollverein in Essen<\/strong> war von 1851 bis 1986 in Betrieb und bis zum Ende die gr\u00f6\u00dfte und <strong>modernste<\/strong> <strong>Steinkohlef\u00f6rderanlage<\/strong> der Welt. Diese Tatsache war eines der Auswahlkriterien, um die Zeche auf die Welterbeliste zu setzen. Ein weiterer Punkt war die <strong>Architektur<\/strong> <strong>der Hauptgeb\u00e4ude des Schachts<\/strong>. Sie wurden in der ersten industriellen Bl\u00fctezeit vor der Weltwirtschaftskrise geplant und im <strong>Stil des Bauhauses<\/strong> errichtet. Eine solche Symbiose aus Architektur und Zweckm\u00e4\u00dfigkeit an einem Ort, der ansonsten im Kohlestaub versank, d\u00fcrfte einmalig in der Welt sein. Heute k\u00f6nnt ihr euch in der Zeche Zollverein ein <strong>multimediales Bild<\/strong> von der Arbeit der Kohle Kumpels machen. Als dann Essen 2010 stellvertretend f\u00fcr den ganzen Ruhrpott Europ\u00e4ische Kulturhauptstadt war, spielte die Zeche Zollverein eine zentrale Rolle im <strong>Kulturporgramm<\/strong>.<\/p>\n\n\n<div class=\"wp-block-image\">\n<figure class=\"aligncenter\"><a href=\"https:\/\/www.sonnenklar.tv\/blog\/wp-content\/uploads\/2024\/02\/5150726-zollverein-zeche-essen.jpg\"><img loading=\"lazy\" decoding=\"async\" width=\"880\" height=\"450\" src=\"https:\/\/www.sonnenklar.tv\/blog\/wp-content\/uploads\/2024\/02\/5150726-zollverein-zeche-essen.jpg\" alt=\"Zollverein Zeche Essen\" class=\"wp-image-28052\" srcset=\"https:\/\/www.sonnenklar.tv\/blog\/wp-content\/uploads\/2024\/02\/5150726-zollverein-zeche-essen.jpg 880w, https:\/\/www.sonnenklar.tv\/blog\/wp-content\/uploads\/2024\/02\/5150726-zollverein-zeche-essen-300x153.jpg 300w, https:\/\/www.sonnenklar.tv\/blog\/wp-content\/uploads\/2024\/02\/5150726-zollverein-zeche-essen-768x393.jpg 768w\" sizes=\"(max-width: 880px) 100vw, 880px\" \/><\/a><figcaption class=\"wp-element-caption\">In der einst gr\u00f6\u00dften Steinkohlenzeche der Welt wird Industriegeschichte erlebbar<\/figcaption><\/figure>\n<\/div>\n\n\n<p><strong>Welterbe seit<\/strong>: 2001<\/p>\n\n\n\n<p><strong>Besonderheit<\/strong>: Die Zeche Zollverein ist heute ein lebendiges Industriedenkmal mit vielen Veranstaltungen und sogar einem kleinen Freibad im Sommer.<\/p>\n\n\n[otw_shortcode_info_box border_type=&#8220;bordered&#8220; border_color_class=&#8220;otw-orange-border&#8220; border_style=&#8220;bordered&#8220;]<strong>Hoteltipp<\/strong>: \u00dcbernachten im Weltkulturerbe? Das <a href=\"https:\/\/www.sonnenklar.tv\/beschreibung\/Deutschland\/Nordrhein-Westfalen\/Essen\/Hotel_Friends_Essen_Zeche_Zollverein.html\" target=\"_blank\" rel=\"noopener\">hotel friends Essen Zeche Zollverein<\/a> macht es m\u00f6glich. Der raue Charme einer Industrieanlage trifft hier auf eine luxuri\u00f6se Einrichtung.[\/otw_shortcode_info_box]\n\n\n\n<h2 class=\"wp-block-heading\"><strong>H\u00e4ufig gestellte Fragen<\/strong><\/h2>\n\n\n\n<p>Bei UNESCO Welterbe denkt man sicherlich sofort an Orte wie Machu Picchu, die Pyramiden von Gizeh oder Naturschauspiele wie die Iguazu Wasserf\u00e4lle oder das Great Barrier Reef. Dass es auch direkt vor unserer Haust\u00fcr Welterbest\u00e4tten gibt, ist weniger bekannt und da tauchen sicherlich Fragen dazu auf.<\/p>\n\n\n\n<h3 class=\"wp-block-heading\"><strong><a name=\"welterbe-deutschland-wieviel\"><\/a>Wie viel UNESCO Weltkulturerbest\u00e4tten gibt es in Deutschland?<\/strong><\/h3>\n\n\n\n<p>Aktuell (Stand 2023) gibt es in Deutschland 52 Welterbest\u00e4tten. Dazu z\u00e4hlen neben ganzen <strong>Stadtensembles<\/strong> wie Wismar, Stralsund, Quedlinburg und anderen auch au\u00dfergew\u00f6hnliche <strong>Naturlandschaften<\/strong> wie die Grube Messel, die Pfahlbauten am Bodensee oder die H\u00f6hlen der Schw\u00e4bischen Alb, in denen sich Zeugnisse der fr\u00fchesten Menschheitsgeschichte verbergen. Dass die Menschen es aber bis in die moderne Zeit schafften, immer wieder bedeutsames zu errichten beweisen die <strong>Industriedenkm\u00e4ler<\/strong> wie die Zeche Zolleverein.<\/p>\n\n\n\n<h3 class=\"wp-block-heading\"><strong><a name=\"welterbe-deutschland-erstes\"><\/a>Welches deutsche Bauwerk war das erste UNESCO-Welterbe?<\/strong><\/h3>\n\n\n\n<p>Das erste Geb\u00e4ude Deutschlands, das <strong>1978<\/strong> auf die Liste des UNESCO Welterbes aufgenommen wurde, war der <strong>Aachener Dom<\/strong>. Erbauen lie\u00df den Dom Ende des 8. Jahrhunderts kein geringerer als Karl der Gro\u00dfe, ein Kaiser, der heute f\u00fcr viele als der erste gilt, der den europ\u00e4ischen Gedanken lebte. In diesem Dom wurden im Lauf der Zeit 30 deutsche K\u00f6nige gekr\u00f6nt.<\/p>\n\n\n\n<h3 class=\"wp-block-heading\"><strong><a name=\"welterbe-deutschland-bundesland\"><\/a>Welches Bundesland hat die meisten Welterbest\u00e4tten?<\/strong><\/h3>\n\n\n\n<p>Wer diesen Beitrag gelesen hat, k\u00f6nnte vermuten, dass eines der neuen Bundesl\u00e4nder die Liste mit den meisten Welterbest\u00e4tten anf\u00fchrt. Auch wenn sich dort sehr viele Monumente und Landschaften in einem vergleichsweisen eng begrenzten Raum finden, so m\u00fcsst ihr doch immer wieder die Grenzen zwischen den Bundesl\u00e4ndern \u00fcberqueren. Spitzenreiter ist aktuell das Land <strong>Bayern<\/strong> mit insgesamt <strong>acht Welterbest\u00e4tten<\/strong> und <strong>drei<\/strong> weiteren auf der <strong>Tentativliste<\/strong>.<\/p>\n\n\n\n<h3 class=\"wp-block-heading\"><strong><a name=\"welterbe-deutschalnd-stadt-meiste\"><\/a>Welche Stadt in Deutschland hat die meisten UNESCO Weltkulturerbest\u00e4tten?&nbsp;<\/strong><\/h3>\n\n\n\n<p>Die meisten einzelnen St\u00e4tten in Deutschland hat unsere Hauptstadt. Neben den <strong>Schl\u00f6ssern und Parks von Potsdam und Berlin<\/strong> (seit 1990) geh\u00f6rt auch die <strong>Museumsinsel<\/strong> (seit 1999) dazu. Weniger bekannt ist das Welterbe \u201e<strong>Siedlungen der Berliner Moderne<\/strong>\u201c, wo seit 2008 Berliner Siedlungen aus 1920er Jahre auf der Liste stehen, die damals bahnbrechend f\u00fcr das moderne Leben in der Stadt waren. Z\u00e4hlt man die einzelnen H\u00e4user eines Welterbes, wird wahrscheinlich Bamberg mit seinen 1.300 gesch\u00fctzten Geb\u00e4uden die Liste anf\u00fchren.<\/p>\n\n\n[otw_shortcode_info_box border_type=&#8220;bordered&#8220; border_style=&#8220;bordered&#8220;]<strong>Tipp<\/strong>: Wenn ihr euch f\u00fcr das UNESCO Welterbe in Deutschland interessiert, empfehlen wir euch die Seite von <a href=\"https:\/\/welterbedeutschland.de\/\" target=\"_blank\" rel=\"noopener\">UNESCO-Welterbest\u00e4tten Deutschland e.V.<\/a> Dort werden nicht nur alle Welterbest\u00e4tten detailliert vorgestellt, sondern auch interessante Routen, entlang derer ihr besonders viele St\u00e4tten findet.[\/otw_shortcode_info_box]\n\n\n\n<h2 class=\"wp-block-heading\"><strong>Fazit: <\/strong><\/h2>\n\n\n\n<p>Wer die Gegenwart verstehen will, muss sich auch mit der Geschichte auseinandersetzen. Der Geschichtsunterricht in der Schule war ja nicht immer interessant und so haben wir sicherlich die ein oder andere Wissensl\u00fccke, die wir heute im Rahmen einer Reise zu unseren Wurzeln schlie\u00dfen k\u00f6nnen. Dabei entdecken wir auf angenehme Weise sehr viel spannende Orte, die nicht nur unser Land, sondern teilweise sogar die ganze Menschheit gepr\u00e4gt haben. Das UNESCO Welterbe in Deutschland gibt euch die M\u00f6glichkeit bekannte Orte unter einem neuen Aspekt zu sehen, aber auch weniger bekannte Regionen unseres Landes zu erkunden und dabei immer wieder zu staunen.<\/p>\n","protected":false},"excerpt":{"rendered":"<p>Deutschland blickt zur\u00fcck auf eine lange und bewegte Geschichte, welche durch eine Unmenge an historischen Sehensw\u00fcrdigkeiten dokumentiert ist. Diese Zeitzeugen liegen oft in einzigartigen Landschaften, die es so kein zweites Mal auf unserem Planeten gibt. Die bedeutendsten dieser Attraktionen k\u00f6nnen sich um den Titel des UNESCO Welterbes bewerben. Die Aufnahme in diese weltweite Liste ist<\/p>\n","protected":false},"author":3,"featured_media":21807,"comment_status":"closed","ping_status":"open","sticky":false,"template":"","format":"standard","meta":{"footnotes":""},"categories":[706,463],"tags":[496,484,608],"class_list":{"0":"post-27943","1":"post","2":"type-post","3":"status-publish","4":"format-standard","5":"has-post-thumbnail","7":"category-sehenswuerdigkeiten","8":"category-deutschland","9":"tag-deutschland","10":"tag-sehenswuerdigkeiten","11":"tag-weltkulturerbe"},"_links":{"self":[{"href":"https:\/\/www.sonnenklar.tv\/blog\/wp-json\/wp\/v2\/posts\/27943","targetHints":{"allow":["GET"]}}],"collection":[{"href":"https:\/\/www.sonnenklar.tv\/blog\/wp-json\/wp\/v2\/posts"}],"about":[{"href":"https:\/\/www.sonnenklar.tv\/blog\/wp-json\/wp\/v2\/types\/post"}],"author":[{"embeddable":true,"href":"https:\/\/www.sonnenklar.tv\/blog\/wp-json\/wp\/v2\/users\/3"}],"replies":[{"embeddable":true,"href":"https:\/\/www.sonnenklar.tv\/blog\/wp-json\/wp\/v2\/comments?post=27943"}],"version-history":[{"count":36,"href":"https:\/\/www.sonnenklar.tv\/blog\/wp-json\/wp\/v2\/posts\/27943\/revisions"}],"predecessor-version":[{"id":38429,"href":"https:\/\/www.sonnenklar.tv\/blog\/wp-json\/wp\/v2\/posts\/27943\/revisions\/38429"}],"wp:featuredmedia":[{"embeddable":true,"href":"https:\/\/www.sonnenklar.tv\/blog\/wp-json\/wp\/v2\/media\/21807"}],"wp:attachment":[{"href":"https:\/\/www.sonnenklar.tv\/blog\/wp-json\/wp\/v2\/media?parent=27943"}],"wp:term":[{"taxonomy":"category","embeddable":true,"href":"https:\/\/www.sonnenklar.tv\/blog\/wp-json\/wp\/v2\/categories?post=27943"},{"taxonomy":"post_tag","embeddable":true,"href":"https:\/\/www.sonnenklar.tv\/blog\/wp-json\/wp\/v2\/tags?post=27943"}],"curies":[{"name":"wp","href":"https:\/\/api.w.org\/{rel}","templated":true}]}}