{"id":25611,"date":"2023-11-07T13:58:43","date_gmt":"2023-11-07T12:58:43","guid":{"rendered":"https:\/\/www.sonnenklar.tv\/blog\/?p=25611"},"modified":"2026-03-12T13:12:43","modified_gmt":"2026-03-12T12:12:43","slug":"wien-sehenswuerdigkeiten","status":"publish","type":"post","link":"https:\/\/www.sonnenklar.tv\/blog\/urlaubslaender\/weitere-laender\/wien-sehenswuerdigkeiten\/","title":{"rendered":"Top 10 Wien Sehensw\u00fcrdigkeiten: Wo Geschichte auf Glanz trifft"},"content":{"rendered":"\n<p><strong>Schon mehrfach als lebenswerteste Stadt der Welt ausgezeichnet, zieht Wien jedes Jahr Millionen Besucher an, die das besondere Flair und das zauberhafte Stadtbild einmal mit eigenen Augen sehen und erleben m\u00f6chten. Mit den unz\u00e4hligen Prachtbauten und Kultursch\u00e4tzen aus unterschiedlichen Epochen mutet ein Citytrip nach Wien wie eine kleine Zeitreise in die Vergangenheit an. Doch die Stadt der Tr\u00e4ume, dessen Name sie zurecht tr\u00e4gt, gl\u00e4nzt ebenfalls mit gr\u00fcnen Erholungsoasen, modernen Architekturhighlights und einem nachhaltigen Stadtkonzept.<\/strong><\/p>\n\n\n\n<p>Wien, die Perle an der Donau, erwartet euch mit einer faszinierenden Vielfalt an Sehensw\u00fcrdigkeiten, die in jeder Ecke der Stadt auf euch warten. Von k\u00f6niglichen Pal\u00e4sten bis zu lebendigen M\u00e4rkten, von majest\u00e4tischen Museen bis zu versteckten Gassen: Wien ist nicht nur von historischem Glanz und kultureller F\u00fclle gepr\u00e4gt, sondern auch von einem unvergleichlichen Charme, der die Herzen ihrer Besucher im Sturm erobert. Unsere Top 10 der Wien Sehensw\u00fcrdigkeiten bietet euch ein <strong>abwechslungsreiches Programm<\/strong> aus Geisterbahn fahren, Flanieren im Schlosspark, Apfelstrudel essen und Bewundern von prachtvollen Bauten.<\/p>\n\n\n\n<p><strong>Inhaltsverzeichnis<\/strong><\/p>\n\n\n\n<ul class=\"wp-block-list\">\n<li><strong>Wiens Sehensw\u00fcrdigkeiten &#8211; Prunk trifft auf urbanes Flair<\/strong>\n<ol class=\"wp-block-list\">\n<li><a href=\"#hofburg-wien\">Die Hofburg: Im Herzen Wiens<\/a><\/li>\n\n\n\n<li><a href=\"#wiener-prater-wurstelprater\">Wiener Prater &amp; Wurstelprater: Natur und Riesenrad<\/a><\/li>\n\n\n\n<li><a href=\"#naschmarkt-kaffeehauskultur\">Naschmarkt &amp; Kaffeehauskultur: F\u00fcr Feinschmecker und Nostalgiker<\/a><\/li>\n\n\n\n<li><a href=\"#schloss-schoenbrunn\">Schloss Sch\u00f6nbrunn: Imperialer Stolz der Kaiserzeit<\/a><\/li>\n\n\n\n<li><a href=\"#museumsquartier\">Das Museumsquartier: Bunte Kunst- und Kulturszene<\/a><\/li>\n\n\n\n<li><a href=\"#stephansdom\">Der Stephansdom: Eine Domkirche namens Steffl<\/a><\/li>\n\n\n\n<li><a href=\"#hundertwasserhaus\">Das Hundertwasserhaus: Au\u00dfergew\u00f6hnliche Architektur<\/a><\/li>\n\n\n\n<li><a href=\"#schloss-belvedere\">Schloss Belvedere: Mehr als ein barockes M\u00e4rchenschloss<\/a><\/li>\n\n\n\n<li><a href=\"#albertina-museum\">Albertina Museum: Weltber\u00fchmte Kunst in feudaler Atmosph\u00e4re<\/a><\/li>\n\n\n\n<li><a href=\"#wiener-staatsoper\">Wiener Staatsoper: Musikgenuss auf h\u00f6chstem Niveau<\/a><\/li>\n<\/ol>\n<\/li>\n\n\n\n<li><strong>Die h\u00e4ufigsten Fragen zu Wiens Sehensw\u00fcrdigkeiten<\/strong>\n<ul class=\"wp-block-list\">\n<li><a href=\"#sehenswuerdigkeiten\">Was muss man gesehen haben in Wien?<\/a><\/li>\n\n\n\n<li><a href=\"#bezirk\">In welchem Bezirk sind die meisten Sehensw\u00fcrdigkeiten in Wien?<\/a><\/li>\n\n\n\n<li><a href=\"#abendprogramm\">Was kann man am Abend in Wien machen?<\/a><\/li>\n\n\n\n<li><a href=\"#kulinarik\">Was muss man essen, wenn man in Wien ist?<\/a><\/li>\n<\/ul>\n<\/li>\n<\/ul>\n\n\n\n<h2 class=\"wp-block-heading\"><strong>Das Wichtigste im \u00dcberblick<\/strong><\/h2>\n\n\n\n<ul class=\"wp-block-list\">\n<li>Wien ist ein Mekka f\u00fcr Kunst-, Kultur- und Musikliebhaber. In der Staatsoper k\u00f6nnt ihr den wohlklingenden Melodien der Wiener Philharmoniker lauschen und in den Wiener Kunstmuseen internationale und heimische Meisterwerke bestaunen.<\/li>\n\n\n\n<li>Viele \u00f6sterreichische Spezialit\u00e4ten wie <strong>Sachertorte, Wiener Schnitzel<\/strong> und <strong>der Wiener Apfelstrudel<\/strong> haben ihren kulinarischen Ursprung in der Hauptstadt und sind bis heute beliebte Speisen.<\/li>\n\n\n\n<li>Die Wiener Ringstra\u00dfe z\u00e4hlt zu den <strong>sch\u00f6nsten Prachtstra\u00dfen Europas, <\/strong>die an zahlreichen Monumentalbauten vorbeif\u00fchrt.<\/li>\n<\/ul>\n\n\n\n<h2 class=\"wp-block-heading\"><strong>Wiens Sehensw\u00fcrdigkeiten &#8211; Prunk trifft auf urbanes Flair<\/strong><\/h2>\n\n\n\n<p>Wien nur auf seine Prachtbauten zu reduzieren, k\u00e4me dieser <strong>facettenreichen Stadt<\/strong> nicht gerecht. L\u00e4ngst begeistert die Stadt auch mit einer modernen Kunst- und Lokalszene sowie innovativer Architektur. Wir stellen euch einen Mix aus den <strong>eindrucksvollsten Sehensw\u00fcrdigkeiten Wiens<\/strong> vor, die mehr als nur eine sch\u00f6ne Fassade zu bieten haben.<\/p>\n\n\n\n<p><iframe src=\"https:\/\/www.google.com\/maps\/d\/u\/2\/embed?mid=1-wSJRT-bwmDUraWMCMlx3cGINFPsP5Q&amp;ehbc=2E312F\" width=\"640\" height=\"480\"><\/iframe><\/p>\n\n\n\n<h3 class=\"wp-block-heading\"><a name=\"hofburg-wien\"><\/a>1.Die Hofburg: Im Herzen Wiens<\/h3>\n\n\n\n<p>Das Herz der Stadt ist gleichzeitig eine der beliebtesten Wien Sehensw\u00fcrdigkeiten und befindet sich mitten in der Innenstadt: die Hofburg. Einst herrschten in dem pr\u00e4chtigen Palast die Habsburger und auch heute ist er mit dem <strong>Sitz des \u00f6sterreichischen Bundespr\u00e4sidenten<\/strong> ein Ausdruck von Macht. Auf gut <strong>300.000 Quadratmetern<\/strong> beherbergt der gr\u00f6\u00dfte nicht-sakrale Komplex in Europa nicht nur die kaiserliche Residenz von Elisabeth und Franz mit ihren <strong>prunkvollen Kaiserappartements<\/strong>, sondern unter anderem auch die Schatzkammer, die Spanische Hofreitschule, die barocke Nationalbibliothek sowie zahlreiche Museen und Gartenanlagen.<\/p>\n\n\n<div class=\"wp-block-image\">\n<figure class=\"aligncenter\"><a href=\"https:\/\/www.sonnenklar.tv\/blog\/wp-content\/uploads\/2020\/11\/Hofburg-in-Wien.jpg\"><img fetchpriority=\"high\" decoding=\"async\" width=\"880\" height=\"450\" src=\"https:\/\/www.sonnenklar.tv\/blog\/wp-content\/uploads\/2020\/11\/Hofburg-in-Wien.jpg\" alt=\"Hofburg in Wien\" class=\"wp-image-17164\" srcset=\"https:\/\/www.sonnenklar.tv\/blog\/wp-content\/uploads\/2020\/11\/Hofburg-in-Wien.jpg 880w, https:\/\/www.sonnenklar.tv\/blog\/wp-content\/uploads\/2020\/11\/Hofburg-in-Wien-300x153.jpg 300w, https:\/\/www.sonnenklar.tv\/blog\/wp-content\/uploads\/2020\/11\/Hofburg-in-Wien-768x393.jpg 768w\" sizes=\"(max-width: 880px) 100vw, 880px\" \/><\/a><figcaption class=\"wp-element-caption\">Nicht nur bei Nacht ein echter Hingucker: Die Hofburg in Wien<\/figcaption><\/figure>\n<\/div>\n\n\n<p>Zu den beeindruckendsten Museen z\u00e4hlt das Sisi Museum, das <strong>pers\u00f6nliche Gegenst\u00e4nde der sch\u00f6nen Kaiserin<\/strong> wie original erhaltene Kleidungsst\u00fccke, Trauerschmuck und eigens handbemalte Briefkuverts pr\u00e4sentiert. Weitere historische Sch\u00e4tze der Kaiserfamilie k\u00f6nnt ihr in der Silberkammer und in der Schatzkammer bewundern, die wertvolles Porzellan, Glas und die <strong>jahrhundertealten Reichsinsignien<\/strong> ausstellen. Eine schaurige Atmosph\u00e4re erwartet euch in der Michaeler Gruft in der gleichnamigen Kirche, in der ihr bei einer F\u00fchrung uralte Skelette, Mumien und S\u00e4rge bestaunen k\u00f6nnt. Rund um die Hofburg laden der <strong>m\u00e4rchenhafte Burggarten<\/strong> und der Volkspark, in dem \u00fcber tausend Rosenst\u00f6cke gepflanzt sind, zum Flanieren und Pausieren ein.<\/p>\n\n\n\n<p><strong>Hoteltipp:<\/strong> St\u00e4dteurlaub muss nicht teuer sein, wie das zentral gelegene <a href=\"https:\/\/www.sonnenklar.tv\/beschreibung\/%C3%96sterreich\/Wien_und_Umgebung\/Wien\/AO_Wien_Hauptbahnhof.html\">A&amp;O Wien Hauptbahnhof Hostel<\/a> beweist. Cooles Innendesign und ein reichhaltiges Fr\u00fchst\u00fcck kommen noch dazu.<\/p>\n\n\n\n<table id=\"tablepress-367\" class=\"tablepress tablepress-id-367 tbody-has-connected-cells\">\n<thead>\n<tr class=\"row-1\">\n\t<th colspan=\"2\" class=\"column-1\">Hofburg<\/th>\n<\/tr>\n<\/thead>\n<tbody class=\"row-striping row-hover\">\n<tr class=\"row-2\">\n\t<td colspan=\"2\" class=\"column-1\"><strong>\u00d6ffnungszeiten<\/strong><\/td>\n<\/tr>\n<tr class=\"row-3\">\n\t<td class=\"column-1\">September - Juni<\/td><td class=\"column-2\">t\u00e4glich von 09:00 Uhr bis 17:30 Uhr<\/td>\n<\/tr>\n<tr class=\"row-4\">\n\t<td class=\"column-1\">Juli - August<\/td><td class=\"column-2\">t\u00e4glich von 09:00 Uhr bis 18:00 Uhr<\/td>\n<\/tr>\n<tr class=\"row-5\">\n\t<td colspan=\"2\" class=\"column-1\"><strong>Eintrittspreise (Sisi Museum, Kaiserappartments, Silberkammer)<\/strong><\/td>\n<\/tr>\n<tr class=\"row-6\">\n\t<td class=\"column-1\">Erwachsene<\/td><td class=\"column-2\">ca. 17,50 \u20ac<\/td>\n<\/tr>\n<tr class=\"row-7\">\n\t<td class=\"column-1\">Kinder<\/td><td class=\"column-2\">ca. 11 \u20ac<\/td>\n<\/tr>\n<tr class=\"row-8\">\n\t<td colspan=\"2\" class=\"column-1\">Erm\u00e4\u00dfigungen mit Vienna Card, f\u00fcr Studenten und Menschen mit Behinderung<\/td>\n<\/tr>\n<tr class=\"row-9\">\n\t<td colspan=\"2\" class=\"column-1\"><strong>Tipp f\u00fcr Sisi Fans:<\/strong> Kombiticket f\u00fcr Schloss Sch\u00f6nbrunn, Kaiser Appartments, Sisi Museum und M\u00f6belmuseum<\/td>\n<\/tr>\n<tr class=\"row-10\">\n\t<td class=\"column-1\">Erwachsene<\/td><td class=\"column-2\">ca. 44 \u20ac<\/td>\n<\/tr>\n<tr class=\"row-11\">\n\t<td class=\"column-1\">Kinder<\/td><td class=\"column-2\">ca. 30 \u20ac<\/td>\n<\/tr>\n<\/tbody>\n<\/table>\n<!-- #tablepress-367 from cache -->\n\n\n\n<h3 class=\"wp-block-heading\"><a name=\"wiener-prater-wurstelprater\"><\/a>2.Wiener Prater &amp; Wurstelprater: Natur und Riesenrad<\/h3>\n\n\n\n<p>Wien ist eine wahre Kulturmetropole, verf\u00fcgt aber auch innerhalb der Stadtgrenzen \u00fcber gr\u00fcne, weitl\u00e4ufige Parkanlagen, die Einheimische und Touristen nutzen, um sich vom quirligen Stadtalltag eine Auszeit zu nehmen. Im zweiten Bezirk in der Leopoldstadt trefft ihr auf den Wiener Prater, einen <strong>riesigen Stadtpark<\/strong> mit gro\u00dfz\u00fcgigen Auenlandschaften, unz\u00e4hligen Wiesen und kleinen Ententeichen. Im Prater k\u00f6nnt ihr <strong>ausgedehnte Spazierg\u00e4nge<\/strong> unternehmen oder euch sportlich beim Reiten, Joggen, Skaten, Fu\u00dfball, Baseball, Schwimmen oder Bowlen austoben. Wenn im Winter eine dicke Schneedecke liegt, sind Rodeln, Langlaufen und Schlittschuh fahren ein beliebter Zeitvertreib. Viele verwechseln den Wiener Prater mit dem Vergn\u00fcgungspark, der den lustigen Namen Wurstelprater tr\u00e4gt und an der Nordwestspitze des Erholungsgebiets nur eine geringe Fl\u00e4che einnimmt.<\/p>\n\n\n<div class=\"wp-block-image\">\n<figure class=\"aligncenter\"><a href=\"https:\/\/www.sonnenklar.tv\/blog\/wp-content\/uploads\/2023\/10\/3071693-wiener-prater-riesenrad-kaiserwiese.jpg\"><img decoding=\"async\" width=\"880\" height=\"450\" src=\"https:\/\/www.sonnenklar.tv\/blog\/wp-content\/uploads\/2023\/10\/3071693-wiener-prater-riesenrad-kaiserwiese.jpg\" alt=\"Kaiserwiese und Riesenrad am Wiener Prater in \u00d6sterreich\" class=\"wp-image-25766\" srcset=\"https:\/\/www.sonnenklar.tv\/blog\/wp-content\/uploads\/2023\/10\/3071693-wiener-prater-riesenrad-kaiserwiese.jpg 880w, https:\/\/www.sonnenklar.tv\/blog\/wp-content\/uploads\/2023\/10\/3071693-wiener-prater-riesenrad-kaiserwiese-300x153.jpg 300w, https:\/\/www.sonnenklar.tv\/blog\/wp-content\/uploads\/2023\/10\/3071693-wiener-prater-riesenrad-kaiserwiese-768x393.jpg 768w\" sizes=\"(max-width: 880px) 100vw, 880px\" \/><\/a><figcaption class=\"wp-element-caption\">Vorne Kaiserwiese, hinten Riesenrad: Der Wiener Prater verbindet Ruhe und Action<\/figcaption><\/figure>\n<\/div>\n\n\n<p>Der Wurstelprater ist <strong>bunt, laut und macht gute Laune<\/strong> \u2013 farbenfrohe Schaubuden, nostalgische Fahrgesch\u00e4fte, Lachkabinette, Kasperletheater, Achterbahnen, Wachsfigurenkabinette und Trampolinburgen reihen sich aneinander und verbreiten jede Menge Spa\u00df und Retrocharme. Bereits 1766 wurde dieser besondere Freizeitpark er\u00f6ffnet und umfasst nicht nur die \u00e4lteste Geisterbahn \u00d6sterreichs, sondern auch das original erhaltene, <strong>65 Meter hohe Riesenrad<\/strong>, das seine Premiere 1897 zum 50. Thronjubil\u00e4um Franz Josephs I. feierte. Ein weiteres Highlight ist die Parkeisenbahn Liliput mit ihrer rot-schwarzen Dampflok, die ihre Runden weit \u00fcber die Grenzen des Wurstelpraters zieht.<\/p>\n\n\n\n<table id=\"tablepress-368\" class=\"tablepress tablepress-id-368 tbody-has-connected-cells\">\n<thead>\n<tr class=\"row-1\">\n\t<th colspan=\"2\" class=\"column-1\">Wurstelprater<\/th>\n<\/tr>\n<\/thead>\n<tbody class=\"row-hover\">\n<tr class=\"row-2\">\n\t<td colspan=\"2\" class=\"column-1\"><strong>\u00d6ffnungszeiten<\/strong><\/td>\n<\/tr>\n<tr class=\"row-3\">\n\t<td class=\"column-1\">Gel\u00e4nde und Riesenrad<\/td><td class=\"column-2\">ganzj\u00e4hrig<\/td>\n<\/tr>\n<tr class=\"row-4\">\n\t<td class=\"column-1\">Fahrgesch\u00e4fte<\/td><td class=\"column-2\">mitte M\u00e4rz bis Ende Oktober; t\u00e4glich von 10.00 Uhr - 22.00 Uhr<\/td>\n<\/tr>\n<tr class=\"row-5\">\n\t<td colspan=\"2\" class=\"column-1\"><strong>Eintrittspreise<\/strong><\/td>\n<\/tr>\n<tr class=\"row-6\">\n\t<td class=\"column-1\">Gel\u00e4nde Wurstelprater<\/td><td class=\"column-2\">kostenlos<\/td>\n<\/tr>\n<tr class=\"row-7\">\n\t<td class=\"column-1\">Fahrgesch\u00e4fte &amp; Buden<\/td><td class=\"column-2\">individuell<\/td>\n<\/tr>\n<tr class=\"row-8\">\n\t<td class=\"column-1\">Riesenrad<\/td><td class=\"column-2\">Erwachsene: ca. 13,50 \u20ac<br \/>\nKinder: ca. 6,50 \u20ac<\/td>\n<\/tr>\n<\/tbody>\n<\/table>\n<!-- #tablepress-368 from cache -->\n\n\n\n<h3 class=\"wp-block-heading\"><a name=\"naschmarkt-kaffeehauskultur\"><\/a>3.Naschmarkt &amp; Kaffeehauskultur: F\u00fcr Feinschmecker und Nostalgiker<\/h3>\n\n\n\n<p>Kulinarische Gen\u00fcsse sind in der Kultur der \u00f6sterreichischen Hauptstadt fest verankert. Eine wahre <strong>Wiener Institution<\/strong> ist der Naschmarkt, auf dem ihr Gaumenfreuden aus \u00d6sterreich und der ganzen Welt kosten k\u00f6nnt. Mehr als <strong>120 Essensst\u00e4nde, Feinkostl\u00e4den, Weinschenken und kleine Restaurants<\/strong> reihen sich in einer Gesamtl\u00e4nge von 5 Kilometern aneinander und bieten ihren Besuchern exotische Gew\u00fcrze, aromatischen Kaffee, Wein aus den umliegenden Weinbergen, feines Geb\u00e4ck, verschiedene K\u00e4sesorten, Meeresfr\u00fcchte und frischen Fisch sowie Obst und Gem\u00fcse. Seit den 2000-er Jahren wurden auch vermehrt kleine Gastronomiebetriebe mit chinesischer, orientalischer, t\u00fcrkischer und griechischer K\u00fcche aufgenommen, die den Markt zu einem <strong>echten Schlemmerparadies<\/strong> machen. Ein Urgestein auf dem Wiener Naschmarkt ist der Feinkostladen Urbanek, der seit 1946 regionale Delikatessen und ausgew\u00e4hlte Speisen anbietet. Offiziell tr\u00e4gt der Naschmarkt seinen Namen seit 1905 und ist darauf zur\u00fcckzuf\u00fchren, dass auf dem Markt s\u00fc\u00dfe Leckereien wie Datteln und in Zucker eingelegte Orangenschalen verkauft wurden. Jeden Samstag findet zus\u00e4tzlich zum Essensmarkt auch ein <strong>Flohmarkt<\/strong> statt, auf dem Antiquit\u00e4ten, Schmuck, B\u00fccher und Vintage Kleidung einen neuen Besitzer suchen.<\/p>\n\n\n<div class=\"wp-block-image\">\n<figure class=\"aligncenter\"><a href=\"https:\/\/www.sonnenklar.tv\/blog\/wp-content\/uploads\/2023\/10\/2137250-sachertorte-kaffee-cafe.jpg\"><img decoding=\"async\" width=\"880\" height=\"450\" src=\"https:\/\/www.sonnenklar.tv\/blog\/wp-content\/uploads\/2023\/10\/2137250-sachertorte-kaffee-cafe.jpg\" alt=\"St\u00fcck Sachertorte mit einer Tasse Kaffee in einem Caf\u00e9\" class=\"wp-image-25767\" srcset=\"https:\/\/www.sonnenklar.tv\/blog\/wp-content\/uploads\/2023\/10\/2137250-sachertorte-kaffee-cafe.jpg 880w, https:\/\/www.sonnenklar.tv\/blog\/wp-content\/uploads\/2023\/10\/2137250-sachertorte-kaffee-cafe-300x153.jpg 300w, https:\/\/www.sonnenklar.tv\/blog\/wp-content\/uploads\/2023\/10\/2137250-sachertorte-kaffee-cafe-768x393.jpg 768w\" sizes=\"(max-width: 880px) 100vw, 880px\" \/><\/a><figcaption class=\"wp-element-caption\">Die originale Sachertorte solltet ihr euch keinesfalls entgehen lassen<\/figcaption><\/figure>\n<\/div>\n\n\n<p>Die Tradition der Wiener Kaffeeh\u00e4user geht \u00fcber das blo\u00dfe Kaffee trinken weit hinaus und ist <strong>fester Bestandteil des gesellschaftlichen Lebens<\/strong> in Wien: So ist es nicht un\u00fcblich, dass Kaffeehausg\u00e4ste ganze Nachmittage in den meist hohen R\u00e4umlichkeiten mit Parkettboden, nostalgischen Mobiliar, Kronleuchtern und Billardtischen verbringen und dort Zeitung lesen, Romane schreiben oder einen Plausch mit anderen Stammg\u00e4sten halten. Befrackte Kellner bringen neben typischen Kaffeespezialit\u00e4ten wie Wiener M\u00e9lange oder einen Einsp\u00e4nner, Mehlspeisen wie <strong>Apfelstrudel, Buchteln und Sachertorte<\/strong> oder kleine Gerichte an den Tisch. Ihre Bl\u00fctezeit erlebte die Kaffeehauskultur Ende des 19. Jahrhunderts, in der sich <strong>Literatencaf\u00e9s<\/strong> etablierten, die von ber\u00fchmten K\u00fcnstlern, Schriftstellern und Musikern aufgesucht wurden.<\/p>\n\n\n\n<p><strong>Tipp:<\/strong> Das Caf\u00e9 Sperl hat bis heute seinen Zauber aus vergangener Zeit bewahrt. Zu den sch\u00f6nsten Kaffeeh\u00e4usern mit antiken Gem\u00e4lden und kunstvollen Deckengew\u00f6lbe geh\u00f6rt das Caf\u00e9 Zentral.<\/p>\n\n\n\n<table id=\"tablepress-369\" class=\"tablepress tablepress-id-369\">\n<thead>\n<tr class=\"row-1\">\n\t<th colspan=\"2\" class=\"column-1\">Naschmarkt<\/th>\n<\/tr>\n<\/thead>\n<tbody>\n<tr class=\"row-2\">\n\t<td class=\"column-1\"><strong>\u00d6ffnungszeiten<\/strong><\/td><td class=\"column-2\">Mo. - Fr. 6.00 Uhr - 21.00 Uhr<\/td>\n<\/tr>\n<\/tbody>\n<\/table>\n<!-- #tablepress-369 from cache -->\n\n\n\n<h3 class=\"wp-block-heading\"><a name=\"schloss-schoenbrunn\"><\/a>4.Schloss Sch\u00f6nbrunn: Imperialer Stolz der Kaiserzeit<\/h3>\n\n\n\n<p>Eine Sightseeingtour durch Wien gleicht einer Zeitreise in die <strong>prachtvolle \u00c4ra der Habsburger<\/strong>. Neben der Hofburg ist das Schloss Sch\u00f6nbrunn eine weitere Residenz des \u00f6sterreichischen Kaiserpaars Sisi und Franz Joseph. Zusammen mit der beeindruckenden Parkanlage besuchen jedes Jahr \u00fcber <strong>acht Millionen Besucher<\/strong> das Schloss, sodass es die beliebteste und meistfrequentierte Sehensw\u00fcrdigkeit ganz \u00d6sterreichs darstellt. Und das nicht ohne Grund \u2013 die barocke Sommerresidenz ist im Zusammenspiel mit ihrer wundersch\u00f6nen Parkanlage, die mit imposanten Brunnen und Statuen gespickt und bunten Blumenbeeten sowie m\u00e4chtigen B\u00e4umen angelegt ist, ein <strong>staunenswerter Blickfang<\/strong>. Das <strong>gr\u00f6\u00dfte Schloss \u00d6sterreichs<\/strong> ist mit seinen \u00fcber 1440 Zimmern UNESCO Weltkulturerbe und verzaubert mit seiner reichen Innengestaltung, das mit Elementen unterschiedlicher Stile von Barock \u00fcber Rokoko bis hin zu Biedermeier ein <strong>einzigartiges Gesamtensemble<\/strong> ergibt.<\/p>\n\n\n<div class=\"wp-block-image\">\n<figure class=\"aligncenter\"><a href=\"https:\/\/www.sonnenklar.tv\/blog\/wp-content\/uploads\/2023\/10\/3817142-schloss-schoenbrunn-wien.jpg\"><img loading=\"lazy\" decoding=\"async\" width=\"880\" height=\"450\" src=\"https:\/\/www.sonnenklar.tv\/blog\/wp-content\/uploads\/2023\/10\/3817142-schloss-schoenbrunn-wien.jpg\" alt=\"Schloss Sch\u00f6nbrunn in Wien\" class=\"wp-image-25768\" srcset=\"https:\/\/www.sonnenklar.tv\/blog\/wp-content\/uploads\/2023\/10\/3817142-schloss-schoenbrunn-wien.jpg 880w, https:\/\/www.sonnenklar.tv\/blog\/wp-content\/uploads\/2023\/10\/3817142-schloss-schoenbrunn-wien-300x153.jpg 300w, https:\/\/www.sonnenklar.tv\/blog\/wp-content\/uploads\/2023\/10\/3817142-schloss-schoenbrunn-wien-768x393.jpg 768w\" sizes=\"(max-width: 880px) 100vw, 880px\" \/><\/a><figcaption class=\"wp-element-caption\">Schloss Sch\u00f6nbrunn ist eines der beliebtesten Wien Sehensw\u00fcrdigkeiten<\/figcaption><\/figure>\n<\/div>\n\n\n<p>Besonders sehenswert sind die Privatgem\u00e4cher der Kaiserin Maria Theresia, die das Schloss in seiner heutigen Form 1743 zur Sommerresidenz umbauen lie\u00df, au\u00dferdem das mit Rosenholz get\u00e4felte Millionenzimmer, das mit k\u00fcnstlerischen Miniaturen aus Persien und Indien geschm\u00fcckt ist, sowie der Spiegelsaal und die Gro\u00dfe Galerie, die aufgrund ihrer Ausma\u00dfe von 420&nbsp;m\u00b2 f\u00fcr B\u00e4lle und andere Festlichkeiten genutzt wurde. Zu Regierungszeiten der Habsburger war Schloss Sch\u00f6nbrunn nicht nur Wohnsitz, sondern auch <strong>kulturelles und politisches Zentrum des Landes<\/strong>, in dem Staatsgesch\u00e4fte abgewickelt wurden und das Schauplatz f\u00fcr festliche Anl\u00e4sse war. Heute dient ein Teil des Schlosses als Museum, in dem \u00fcber 50 Zimmer besichtigt werden k\u00f6nnen. Der Park beherbergt mit dem Zoo Sch\u00f6nbrunn den weltweit \u00e4ltesten Tierpark. Dar\u00fcber hinaus gibt es Irrg\u00e4rten und die Orangerie zum Lustwandeln sowie die Gloriette \u2013 einen eindrucksvollen Pavillon und Siegesdenkmal oberhalb des Neptunbrunnens, von dem ihr eine <strong>wunderbare Aussicht auf Wien<\/strong> habt.<\/p>\n\n\n\n<table id=\"tablepress-370\" class=\"tablepress tablepress-id-370 tbody-has-connected-cells\">\n<thead>\n<tr class=\"row-1\">\n\t<th colspan=\"2\" class=\"column-1\">Schloss Sch\u00f6nbrunn<\/th>\n<\/tr>\n<\/thead>\n<tbody class=\"row-hover\">\n<tr class=\"row-2\">\n\t<td colspan=\"2\" class=\"column-1\"><strong>\u00d6ffnungszeiten<\/strong><\/td>\n<\/tr>\n<tr class=\"row-3\">\n\t<td class=\"column-1\">1. April \u2013 2. November<\/td><td class=\"column-2\">8.30 Uhr \u2013 17.30 Uhr<\/td>\n<\/tr>\n<tr class=\"row-4\">\n\t<td class=\"column-1\">3. November \u2013 30. April<\/td><td class=\"column-2\">8.30 Uhr \u2013 17.00 Uhr<\/td>\n<\/tr>\n<tr class=\"row-5\">\n\t<td class=\"column-1\">Parkgel\u00e4nde (je nach Jahreszeit unterschiedlich)<\/td><td class=\"column-2\">6.30 Uhr bis 17.30\/21.00 Uhr<\/td>\n<\/tr>\n<tr class=\"row-6\">\n\t<td colspan=\"2\" class=\"column-1\"><strong>Eintrittspreise<\/strong><\/td>\n<\/tr>\n<tr class=\"row-7\">\n\t<td class=\"column-1\">Imperial Tour mit Zugang zu 22 Prunkr\u00e4umen<\/td><td class=\"column-2\">Erwachsene: ca. 24 \u20ac<br \/>\nKinder: ca. 17 \u20ac<\/td>\n<\/tr>\n<tr class=\"row-8\">\n\t<td class=\"column-1\">Kindermuseum<\/td><td class=\"column-2\">Erwachsene &amp; Kinder ca. 8,50 \u20ac<\/td>\n<\/tr>\n<tr class=\"row-9\">\n\t<td class=\"column-1\">Gloriette\/ Kronprinzengarten\/ Irrgarten<\/td><td class=\"column-2\">jeweils ca. 5 \u20ac<\/td>\n<\/tr>\n<\/tbody>\n<\/table>\n<!-- #tablepress-370 from cache -->\n\n\n\n<h3 class=\"wp-block-heading\"><a name=\"museumsquartier\"><\/a>5.Museumsquartier: Innovative Kunst- und Kulturszene<\/h3>\n\n\n\n<p>Wien ist eine Stadt, die <strong>Tradition und Moderne<\/strong> gekonnt miteinander kombiniert \u2013 bestes Beispiel, das dieses Konzept perfekt widerspiegelt, ist das Museumsquartier, das in zentraler Lage nahe der Hofburg zu verorten ist. Auf insgesamt <strong>90.000 Quadratmetern<\/strong> versammelt sich ein <strong>umfangreiches Kunstareal<\/strong>, das nicht nur Museen und Galerien umfasst, sondern auch hippe Restaurants, entspannte Caf\u00e9s, coole L\u00e4den sowie viel Platz f\u00fcr Kreativunternehmen und bunte Festivals bietet. Beeindruckend ist dabei der <strong>Mix aus barocken Geb\u00e4uden und modernen Bauten<\/strong>, die sich zu einem harmonischen Ganzen zusammenf\u00fcgen. Urspr\u00fcnglich fungierte der architektonische Zusammenschluss aus \u00fcber 60 kreativen Institutionen als k\u00f6nigliche Hofstallungen, bis er 1922 als Messepalast und schlie\u00dflich 1998 als Museumsquartier umgebaut wurde.<\/p>\n\n\n<div class=\"wp-block-image\">\n<figure class=\"aligncenter\"><a href=\"https:\/\/www.sonnenklar.tv\/blog\/wp-content\/uploads\/2023\/10\/4990442-maria-theresien-platz-wien.jpg\"><img loading=\"lazy\" decoding=\"async\" width=\"880\" height=\"450\" src=\"https:\/\/www.sonnenklar.tv\/blog\/wp-content\/uploads\/2023\/10\/4990442-maria-theresien-platz-wien.jpg\" alt=\"Maria-Theresien-Platz in Wien\" class=\"wp-image-25779\" srcset=\"https:\/\/www.sonnenklar.tv\/blog\/wp-content\/uploads\/2023\/10\/4990442-maria-theresien-platz-wien.jpg 880w, https:\/\/www.sonnenklar.tv\/blog\/wp-content\/uploads\/2023\/10\/4990442-maria-theresien-platz-wien-300x153.jpg 300w, https:\/\/www.sonnenklar.tv\/blog\/wp-content\/uploads\/2023\/10\/4990442-maria-theresien-platz-wien-768x393.jpg 768w\" sizes=\"(max-width: 880px) 100vw, 880px\" \/><\/a><figcaption class=\"wp-element-caption\">Maria-Theresien-Platz \u2013 in unmittelbarer N\u00e4he befinden sich zahlreiche Museen<\/figcaption><\/figure>\n<\/div>\n\n\n<p>Heute finden Kulturliebhaber hier renommierte Kunstmuseen wie das Leopoldmuseum, das die weltweit <strong>gr\u00f6\u00dfte Sammlung des Malers Egon Schiele<\/strong> besitzt, oder die Kunsthalle Wien, die sich internationaler Gegenwartskunst widmet. Neben bildender Kunst gibt es zudem noch die Bereiche <strong>Architektur, Design, Film, Musik, Tanz, Theater, Mode und Literatur<\/strong>, zu denen regelm\u00e4\u00dfige Veranstaltungen und Ausstellungen stattfinden. Zwischendurch findet ihr in den verbindenden Innenh\u00f6fen stilechte Sofa-Liegen, die als urbane Erholungsr\u00e4ume dienen. Empfehlenswert ist eine F\u00fchrung durch das MQ-Gel\u00e4nde, so bekommt ihr einen ersten \u00dcberblick \u00fcber die einzelnen Stationen des Kulturviertels.<\/p>\n\n\n\n<p><strong>Hoteltipp:<\/strong> Beim <a href=\"https:\/\/www.sonnenklar.tv\/beschreibung\/%C3%96sterreich\/Wien_und_Umgebung\/Wien\/Donauwalzer.html\">Boutique Hotel Donauwalzer<\/a> trifft Tradition auf Moderne. Ein absolutes Highlight ist das Fr\u00fchst\u00fcck am Wochenende mit klassischer Live-Musik.<\/p>\n\n\n\n<table id=\"tablepress-372\" class=\"tablepress tablepress-id-372 tbody-has-connected-cells\">\n<thead>\n<tr class=\"row-1\">\n\t<th colspan=\"2\" class=\"column-1\">Museumsquartier<\/th>\n<\/tr>\n<\/thead>\n<tbody>\n<tr class=\"row-2\">\n\t<td colspan=\"2\" class=\"column-1\"><strong>\u00d6ffnungszeiten<\/strong><\/td>\n<\/tr>\n<tr class=\"row-3\">\n\t<td class=\"column-1\">Rundgangf\u00fchrungen<\/td><td class=\"column-2\">jeden Samstag um 14.00 Uhr<\/td>\n<\/tr>\n<tr class=\"row-4\">\n\t<td colspan=\"2\" class=\"column-1\"><strong>Eintrittspreise<\/strong><\/td>\n<\/tr>\n<tr class=\"row-5\">\n\t<td class=\"column-1\">Tickets f\u00fcr F\u00fchrung<\/td><td class=\"column-2\">Erwachsene ca. 8 \u20ac<br \/>\nErm\u00e4\u00dfigt ca. 7 \u20ac<\/td>\n<\/tr>\n<\/tbody>\n<\/table>\n<!-- #tablepress-372 from cache -->\n\n\n\n<h3 class=\"wp-block-heading\"><a name=\"stephansdom\"><\/a>6.Stephansdom: Eine Domkirche namens Steffl<\/h3>\n\n\n\n<p>Eine der wichtigsten Wien Sehensw\u00fcrdigkeiten ist das Wahrzeichen der Stadt, das die Einheimischen liebevoll Steffl nennen. Der Stephansdom liegt im historischen Zentrum der Stadt und wird ges\u00e4umt von Kaffeeh\u00e4usern, Gesch\u00e4ften und Restaurants. Vor mehr als 800 Jahren wurden die ersten Steine der gotischen Kirche errichtet, um schlie\u00dflich 1517 vollst\u00e4ndig fertiggestellt zu werden. Das Gotteshaus hat viele spannende Besonderheiten zu verzeichnen: Der Stephansdom verf\u00fcgt \u00fcber insgesamt 13 Glocken, darunter die <strong>21 Tonnen schwere Pummerin<\/strong>, die damit zu den schwersten Glocken der Welt geh\u00f6rt. Dar\u00fcber hinaus ist der Dom Grabst\u00e4tte der Wiener Erzbisch\u00f6fe und des Habsburgers Rudolph IV., der den Bau im 12. Jahrhundert gestiftet hat.<\/p>\n\n\n<div class=\"wp-block-image\">\n<figure class=\"aligncenter\"><a href=\"https:\/\/www.sonnenklar.tv\/blog\/wp-content\/uploads\/2020\/11\/Stephansdom-in-Wien.jpg\"><img loading=\"lazy\" decoding=\"async\" width=\"880\" height=\"450\" src=\"https:\/\/www.sonnenklar.tv\/blog\/wp-content\/uploads\/2020\/11\/Stephansdom-in-Wien.jpg\" alt=\"Stephansdom in Wien\" class=\"wp-image-17163\" srcset=\"https:\/\/www.sonnenklar.tv\/blog\/wp-content\/uploads\/2020\/11\/Stephansdom-in-Wien.jpg 880w, https:\/\/www.sonnenklar.tv\/blog\/wp-content\/uploads\/2020\/11\/Stephansdom-in-Wien-300x153.jpg 300w, https:\/\/www.sonnenklar.tv\/blog\/wp-content\/uploads\/2020\/11\/Stephansdom-in-Wien-768x393.jpg 768w\" sizes=\"(max-width: 880px) 100vw, 880px\" \/><\/a><figcaption class=\"wp-element-caption\">Im Herzen Wiens streckt der Stephansdom seine Spitze imposant in den Himmel<\/figcaption><\/figure>\n<\/div>\n\n\n<p>Skurril wirkt die Kanzlei, die <strong>von Fr\u00f6schen und Echsen verziert<\/strong> wird, farbenfroh leuchtet dagegen das Kirchendach, das mit bunten Ziegeln den Doppeladler, das Wappen Wiens und \u00d6sterreichs darstellt. Besteigt ihr den 136 Meter hohen S\u00fcdturm, habt ihr einen wundersch\u00f6nen Panoramablick \u00fcber die ganze Stadt. Der Stephansdom ist zugleich <strong>perfekter Ausgangspunkt<\/strong>, um den <strong>Altstadtkern Wiens zu erkunden<\/strong>, da hier die sch\u00f6nsten Prachtpromenaden der Stadt zusammentreffen. Souvenirl\u00e4den, schicke Boutiquen und Ladenketten in der K\u00e4rtnerstra\u00dfe machen Lust auf Shoppen, w\u00e4hrend kulinarische Gen\u00fcsse in der Rotenturmstra\u00dfe auf euch warten. Kunstliebhaber werden in der Dorotheergasse mit einem Auktionshaus, Galerien und Kunsthandlungen f\u00fcndig.<\/p>\n\n\n\n<p><strong>Hoteltipp:<\/strong> In nur wenigen Minuten erreichen G\u00e4ste die Innenstadt mit all ihren Sehensw\u00fcrdigkeiten \u2013 das <a href=\"https:\/\/www.sonnenklar.tv\/beschreibung\/%C3%96sterreich\/Wien_und_Umgebung\/Wien\/Mozart.html\">Hotel Mozart<\/a> ist der ideale Ausgangspunkt f\u00fcr eine Stadttour.<\/p>\n\n\n\n<table id=\"tablepress-373\" class=\"tablepress tablepress-id-373 tbody-has-connected-cells\">\n<thead>\n<tr class=\"row-1\">\n\t<th colspan=\"2\" class=\"column-1\">Stefansdom<\/th>\n<\/tr>\n<\/thead>\n<tbody class=\"row-hover\">\n<tr class=\"row-2\">\n\t<td colspan=\"2\" class=\"column-1\"><strong>\u00d6ffnungszeiten<\/strong><\/td>\n<\/tr>\n<tr class=\"row-3\">\n\t<td class=\"column-1\">Mo. \u2013 Sa.<\/td><td class=\"column-2\">9.30 Uhr \u2013 11.30 Uhr + 13.00 Uhr \u2013 16.30 Uhr<\/td>\n<\/tr>\n<tr class=\"row-4\">\n\t<td class=\"column-1\">So. und Feiertage<\/td><td class=\"column-2\">13:00 Uhr \u2013 16.30 Uhr<\/td>\n<\/tr>\n<tr class=\"row-5\">\n\t<td colspan=\"2\" class=\"column-1\"><strong>Eintrittspreise<\/strong><\/td>\n<\/tr>\n<tr class=\"row-6\">\n\t<td class=\"column-1\">Gang auf den Stefflturm<\/td><td class=\"column-2\">ca. 5 \u20ac Erwachsene; ca. 1,50 \u20ac Kinder<\/td>\n<\/tr>\n<tr class=\"row-7\">\n\t<td class=\"column-1\">Aufzug auf den Nordturm mit Pummerin<\/td><td class=\"column-2\">ca. 6 \u20ac Erwachsene; ca. 2,50 \u20ac Kinder<\/td>\n<\/tr>\n<tr class=\"row-8\">\n\t<td class=\"column-1\">Domschatz<\/td><td class=\"column-2\">ca. 5 \u20ac Erwachsene; ca. 1,50 \u20ac Kinder<\/td>\n<\/tr>\n<tr class=\"row-9\">\n\t<td class=\"column-1\">Katakomben<\/td><td class=\"column-2\">ca. 6 \u20ac Erwachsene; ca. 2,50 \u20ac Kinder<\/td>\n<\/tr>\n<\/tbody>\n<\/table>\n<!-- #tablepress-373 from cache -->\n\n\n\n<h3 class=\"wp-block-heading\"><a name=\"hundertwasserhaus\"><\/a>7.Hundertwasserhaus: Au\u00dfergew\u00f6hnliche Architektur<\/h3>\n\n\n\n<p>Das wohl <strong>extravaganteste Geb\u00e4ude der Stadt<\/strong> ist das ber\u00fchmte Hundertwasserhaus im Dritten Bezirk, das zwischen 1983 und 1985 vom <strong>K\u00fcnstler Friedensreich Hundertwasser<\/strong> und dem Architekten Josef Krawina kreiert wurde. Hunderte Pflanzen zieren die Fassade und die Balkone des bunten Hauses, das nur von au\u00dfen betrachtet werden kann, da es sich um ein Wohnhaus handelt. Die Bewohner des Hauses sind in dem architektonischen Kunstwerk ebenfalls involviert, da sie ihre eigene Fassade mitgestalten d\u00fcrfen. Das Hundertwasserhaus spiegelt den charakteristischen Stil des K\u00fcnstlers wider, der sich in der <strong>Verwendung von leuchtenden Farben<\/strong>, <strong>asymmetrischen Linien und Formen<\/strong> sowie in der <strong>Naturverbundenheit<\/strong> zeigt.<\/p>\n\n\n<div class=\"wp-block-image\">\n<figure class=\"aligncenter\"><a href=\"https:\/\/www.sonnenklar.tv\/blog\/wp-content\/uploads\/2023\/10\/3490532-hundertwasserhaus-wien.jpg\"><img loading=\"lazy\" decoding=\"async\" width=\"880\" height=\"450\" src=\"https:\/\/www.sonnenklar.tv\/blog\/wp-content\/uploads\/2023\/10\/3490532-hundertwasserhaus-wien.jpg\" alt=\"Hundertwasserhaus in Wien\" class=\"wp-image-25776\" srcset=\"https:\/\/www.sonnenklar.tv\/blog\/wp-content\/uploads\/2023\/10\/3490532-hundertwasserhaus-wien.jpg 880w, https:\/\/www.sonnenklar.tv\/blog\/wp-content\/uploads\/2023\/10\/3490532-hundertwasserhaus-wien-300x153.jpg 300w, https:\/\/www.sonnenklar.tv\/blog\/wp-content\/uploads\/2023\/10\/3490532-hundertwasserhaus-wien-768x393.jpg 768w\" sizes=\"(max-width: 880px) 100vw, 880px\" \/><\/a><figcaption class=\"wp-element-caption\">Stilistisch einmalig wohnen \u2013 das geht im Hundertwasserhaus<\/figcaption><\/figure>\n<\/div>\n\n\n<p>Gegen\u00fcber liegt das <strong>Hundertwasser Village<\/strong>, das der \u00f6sterreichische K\u00fcnstler als Ort der Zusammenkunft mit Einkaufsm\u00f6glichkeiten und einem Caf\u00e9 errichtet hat. Die begr\u00fcnten D\u00e4cher, auf denen Str\u00e4ucher und Blumen gedeihen, dienen als <strong>Lebensraum f\u00fcr Insekten und V\u00f6gel<\/strong>, die mitten in der Gro\u00dfstadt hier einen R\u00fcckzugsort finden. Nur ein paar Stra\u00dfen weiter k\u00f6nnt ihr euch im <strong>Kunst Haus Wien<\/strong>, das ebenfalls im farbenfrohen, mit kunstvollen Fliesen geschm\u00fcckten Stil gehalten ist, die gr\u00f6\u00dfte Werksammlung des K\u00fcnstlers anschauen. Au\u00dferdem gibt es regelm\u00e4\u00dfig wechselnde Ausstellungen zu gegenw\u00e4rtiger Kunst. Ganz nach dem Credo von Friedensreich Hundertwasser, der nicht nur K\u00fcnstler, sondern auch Umweltaktivist war, wurde das ihm gewidmete Ausstellungshaus als <strong>erstes gr\u00fcnes Museum \u00d6sterreichs<\/strong> ausgezeichnet.<\/p>\n\n\n\n<p><strong>Info:<\/strong> Das Kunst Haus Wien ist wegen eines Modernisierungsprozesses bis Februar 2024 geschlossen.<\/p>\n\n\n\n<h3 class=\"wp-block-heading\"><a name=\"schloss-belvedere\"><\/a>8.Schloss Belvedere: Mehr als ein barockes M\u00e4rchenschloss<\/h3>\n\n\n\n<p>Als ehemalige Kaiserstadt ist Wien <strong>reich an Schl\u00f6ssern und Prachtbauten<\/strong>. Insgesamt 27 Schl\u00f6sser und 167 Palais sind Zeugnisse der opulenten Historie \u2013 eines davon ist das Schloss Belvedere. Dieses <strong>bildsch\u00f6ne Barockschloss<\/strong>, das im 18. Jahrhundert als Sommerresidenz f\u00fcr Prinz Eugen von Savoyen diente, beheimatet bedeutende Kunstwerke vom Mittelalter bis zur Gegenwart. Belvedere setzt sich aus zwei Schl\u00f6ssern zusammen, die von einer <strong>barocken Parkanlage<\/strong> umgeben sind und durch mehrere Terrassen samt Wasserbassins miteinander verbunden werden. Das obere Belvedere wurde in der Monarchiezeit zu Repr\u00e4sentationszwecken genutzt und pr\u00e4sentiert heute die <strong>gr\u00f6\u00dfte Gustav Klimt Sammlung weltweit<\/strong>, darunter seine bekanntesten Werke \u201eDer Kuss\u201c und \u201eJudith\u201c. Zudem k\u00f6nnt ihr Kunstwerke von Egon Schiele und Oskar Kokoschka, aber auch Bilder und Skulpturen internationaler K\u00fcnstler wie Monet, Van Gogh oder Rodin bewundern.<\/p>\n\n\n<div class=\"wp-block-image\">\n<figure class=\"aligncenter\"><a href=\"https:\/\/www.sonnenklar.tv\/blog\/wp-content\/uploads\/2023\/10\/3473673-schloss-belvedere-wien.jpg\"><img loading=\"lazy\" decoding=\"async\" width=\"880\" height=\"450\" src=\"https:\/\/www.sonnenklar.tv\/blog\/wp-content\/uploads\/2023\/10\/3473673-schloss-belvedere-wien.jpg\" alt=\"Schloss Belvedere in Wien\" class=\"wp-image-25777\" srcset=\"https:\/\/www.sonnenklar.tv\/blog\/wp-content\/uploads\/2023\/10\/3473673-schloss-belvedere-wien.jpg 880w, https:\/\/www.sonnenklar.tv\/blog\/wp-content\/uploads\/2023\/10\/3473673-schloss-belvedere-wien-300x153.jpg 300w, https:\/\/www.sonnenklar.tv\/blog\/wp-content\/uploads\/2023\/10\/3473673-schloss-belvedere-wien-768x393.jpg 768w\" sizes=\"(max-width: 880px) 100vw, 880px\" \/><\/a><figcaption class=\"wp-element-caption\">Kein M\u00e4rchen sondern Realit\u00e4t: Schloss Belvedere und seine wundersch\u00f6ne Gartenanlage<\/figcaption><\/figure>\n<\/div>\n\n\n<p>Im einstigen Wohnbereich im unteren Belvedere gibt es wechselnde Ausstellungen, w\u00e4hrend in den ehemaligen Stallungen eine <strong>umfangreiche Mittelaltersammlung<\/strong> untergebracht ist. Neben beeindruckender Kunst stehen euch die T\u00fcren der historischen R\u00e4umlichkeiten offen, von denen die <strong>Marmorgalerie mit atemberaubendem Blick \u00fcber Wien<\/strong> und der Groteskensaal besonders sehenswert sind. Rund um das Schloss lohnt sich eine Besichtigung der Orangerie, die ebenfalls als Ausstellungsraum Verwendung findet und ein Besuch der k\u00f6niglichen G\u00e4rten, zu denen nicht nur der Schlossgarten geh\u00f6rt, sondern auch der <strong>Alpen-, der Kammer- und der Skulpturengarten<\/strong>. Naturliebhaber besuchen im Anschluss den angrenzenden Botanischen Garten, der von Kaiserin Maria Theresia gegr\u00fcndet wurde.<\/p>\n\n\n\n<p><strong>Hoteltipp:<\/strong> Fast wie zu Kaiserzeiten zur\u00fcckversetzt f\u00fchlen sich G\u00e4ste im <a href=\"https:\/\/www.sonnenklar.tv\/beschreibung\/%C3%96sterreich\/Wien_und_Umgebung\/Wien\/Prinz_Eugen.html\">Novum Hotel Prinz Eugen<\/a>, von dem aus das Schloss Belvedere nur einen Katzensprung entfernt ist.<\/p>\n\n\n\n<table id=\"tablepress-374\" class=\"tablepress tablepress-id-374\">\n<thead>\n<tr class=\"row-1\">\n\t<th colspan=\"2\" class=\"column-1\">Schloss Belvedere<\/th>\n<\/tr>\n<\/thead>\n<tbody class=\"row-hover\">\n<tr class=\"row-2\">\n\t<td class=\"column-1\"><strong>\u00d6ffnungszeiten<\/strong><\/td><td class=\"column-2\">t\u00e4glich, von 10.00 Uhr \u2013 18.00 Uhr<\/td>\n<\/tr>\n<tr class=\"row-3\">\n\t<td class=\"column-1\"><strong>Eintrittspreise<\/strong><\/td><td class=\"column-2\">Oberes Belvedere: ca. 16,70 \u20ac<br \/>\nUnteres Belvedere: ca. 14,60 \u20ac<br \/>\nKombiticket: ca. 24 \u20ac<\/td>\n<\/tr>\n<\/tbody>\n<\/table>\n<!-- #tablepress-374 from cache -->\n\n\n\n<h3 class=\"wp-block-heading\"><a name=\"albertina-museum\"><\/a>9.Albertina Museum: Weltber\u00fchmte Kunst in feudaler Atmosph\u00e4re<\/h3>\n\n\n\n<p>Ein <strong>Muss f\u00fcr jeden Kunstliebhaber<\/strong> ist das Albertina, das Meisterwerke von Albrecht D\u00fcrer bis Pablo Picasso zur Schau stellt. Wie die meisten pomp\u00f6sen Bauten war auch das Albertina einst im Besitz der Habsburger \u2013 das Palais war <strong>Residenz der Lieblingstochter Maria Theresias<\/strong>, Maria Christina und wurde nach ihrem Mann, dem Prinzen Albert von Sachsen benannt. Herzst\u00fcck des Museums ist eine umfangreiche grafische Sammlung mit \u00fcber <strong>1 Million Zeichnungen und druckgrafischen Bl\u00e4ttern<\/strong> von den renommiertesten K\u00fcnstlern aus 600 Jahren Kunstgeschichte. Highlights sind Kunstwerke wie der <strong>Feldhase von Albrecht D\u00fcrer<\/strong>, die T\u00e4nzerinnen von Edgar Degas oder das M\u00e4dchenbildnis von Auguste Renoir. Neben grafischen Werken verf\u00fcgt das Albertina \u00fcber Sammlungen zu Gem\u00e4lden, Fotografien und architektonischen Objekten mit Pl\u00e4nen, Modellen und Skizzen.<\/p>\n\n\n<div class=\"wp-block-image\">\n<figure class=\"aligncenter\"><a href=\"https:\/\/www.sonnenklar.tv\/blog\/wp-content\/uploads\/2023\/10\/4990296-albertina-kunstmuseum-wien.jpg\"><img loading=\"lazy\" decoding=\"async\" width=\"880\" height=\"450\" src=\"https:\/\/www.sonnenklar.tv\/blog\/wp-content\/uploads\/2023\/10\/4990296-albertina-kunstmuseum-wien.jpg\" alt=\"Albertina Kunstmuseum in Wien\" class=\"wp-image-25778\" srcset=\"https:\/\/www.sonnenklar.tv\/blog\/wp-content\/uploads\/2023\/10\/4990296-albertina-kunstmuseum-wien.jpg 880w, https:\/\/www.sonnenklar.tv\/blog\/wp-content\/uploads\/2023\/10\/4990296-albertina-kunstmuseum-wien-300x153.jpg 300w, https:\/\/www.sonnenklar.tv\/blog\/wp-content\/uploads\/2023\/10\/4990296-albertina-kunstmuseum-wien-768x393.jpg 768w\" sizes=\"(max-width: 880px) 100vw, 880px\" \/><\/a><figcaption class=\"wp-element-caption\">Das Albertina ist Pflichtprogramm f\u00fcr alle Freunde der Kunst<\/figcaption><\/figure>\n<\/div>\n\n\n<p>Doch nicht nur weltber\u00fchmte Kunst k\u00f6nnt ihr euch in dem barocken Palais anschauen, seit der umfassenden Renovierung in den 2000er-Jahren erstrahlen die Prunkr\u00e4ume des Albertina in neuem Glanz. Insgesamt <strong>18 R\u00e4umlichkeiten<\/strong>, die in die Herrenseite im Stil des franz\u00f6sischen K\u00f6nigs Louis XVI. und in die Damenseite im Stil des Klassizismus aufgeteilt sind, gibt es zu erkunden. Nach einem langen Museumstag schmecken klassische Gerichte der Wiener K\u00fcche im hauseigenen und eleganten Restaurant Do &amp; Co umso besser.<\/p>\n\n\n\n<p><strong>Tipp:<\/strong> Ihr k\u00f6nnt von Kunst nicht genug bekommen? Im ehemaligen K\u00fcnstlerhaus findet ihr im <strong>Albertina modern<\/strong> bedeutende Kunst des 20. Jahrhunderts mit \u00fcber <strong>60.000 Exponaten<\/strong>.<\/p>\n\n\n\n<table id=\"tablepress-375\" class=\"tablepress tablepress-id-375 tbody-has-connected-cells\">\n<thead>\n<tr class=\"row-1\">\n\t<th colspan=\"2\" class=\"column-1\">Albertina Museum<\/th>\n<\/tr>\n<\/thead>\n<tbody class=\"row-hover\">\n<tr class=\"row-2\">\n\t<td class=\"column-1\"><strong>\u00d6ffnungszeiten Albertina<\/strong><\/td><td class=\"column-2\"><\/td>\n<\/tr>\n<tr class=\"row-3\">\n\t<td class=\"column-1\">T\u00e4glich<\/td><td class=\"column-2\">von 10.00 Uhr bis 18.00 Uhr<\/td>\n<\/tr>\n<tr class=\"row-4\">\n\t<td class=\"column-1\">Mi. und Fr.<\/td><td class=\"column-2\">von 10.00 Uhr bis 21.00 Uhr<\/td>\n<\/tr>\n<tr class=\"row-5\">\n\t<td colspan=\"2\" class=\"column-1\"><strong>Eintrittspreise Albertina<\/strong><\/td>\n<\/tr>\n<tr class=\"row-6\">\n\t<td class=\"column-1\">Erwachsene<\/td><td class=\"column-2\">18,90 \u20ac<\/td>\n<\/tr>\n<tr class=\"row-7\">\n\t<td class=\"column-1\">Kinder (unter 19 Jahre)<\/td><td class=\"column-2\">frei<\/td>\n<\/tr>\n<tr class=\"row-8\">\n\t<td class=\"column-1\">Erm\u00e4\u00dfigt<\/td><td class=\"column-2\">ca. 14,90 \u20ac<\/td>\n<\/tr>\n<tr class=\"row-9\">\n\t<td colspan=\"2\" class=\"column-1\"><strong>Eintrittspreise Albertina modern<\/strong><\/td>\n<\/tr>\n<tr class=\"row-10\">\n\t<td class=\"column-1\">Erwachsene<\/td><td class=\"column-2\">ca. 14,90 \u20ac<\/td>\n<\/tr>\n<tr class=\"row-11\">\n\t<td class=\"column-1\">Kinder (unter 19 Jahre)<\/td><td class=\"column-2\">frei<\/td>\n<\/tr>\n<tr class=\"row-12\">\n\t<td class=\"column-1\">Erm\u00e4\u00dfigt<\/td><td class=\"column-2\">ca. 12,90 \u20ac<\/td>\n<\/tr>\n<tr class=\"row-13\">\n\t<td colspan=\"2\" class=\"column-1\"><strong>Kombiticket aus Albertina und Albertina modern<\/strong><\/td>\n<\/tr>\n<tr class=\"row-14\">\n\t<td class=\"column-1\">Erwachsene<\/td><td class=\"column-2\">ca. 24 \u20ac<\/td>\n<\/tr>\n<tr class=\"row-15\">\n\t<td class=\"column-1\">Erm\u00e4\u00dfigt<\/td><td class=\"column-2\">ca. 19,90 \u20ac<\/td>\n<\/tr>\n<\/tbody>\n<\/table>\n<!-- #tablepress-375 from cache -->\n\n\n\n<h3 class=\"wp-block-heading\"><a name=\"wiener-staatsoper\"><\/a>10.Wiener Staatsoper: Musikgenuss auf h\u00f6chstem Niveau<\/h3>\n\n\n\n<p>Glamour\u00f6s und glanzvoll wird es bei unserer n\u00e4chsten Sehensw\u00fcrdigkeit Wiens. Die Wiener Staatsoper geh\u00f6rt zu den <strong>weltbesten Opern<\/strong> und ist dar\u00fcber hinaus ein weiterer Prachtbau im Neo-Renaissance-Stil, der die Wiener Altstadt bereichert. Im Jahre 1869 er\u00f6ffnet, war sie eines der ersten Geb\u00e4ude der neu angelegten Ringstra\u00dfe und tr\u00e4gt daher den Spitznamen \u201e<strong>erstes Haus am Ring\u201c<\/strong>. Der gute Ruf der Staatsoper begr\u00fcndet sich aus der enormen Bandbreite an erstklassigen Produktionen und seiner Top-Belegschaft, die aus den weltbesten Musikern, Dirigenten, Regisseuren und T\u00e4nzern besteht. So bilden die Mitglieder des Wiener Staatsopernorchesters die <strong>Wiener Philharmoniker<\/strong>, die zu den bedeutendsten Orchestern der Welt z\u00e4hlen. Das Programm beinhaltet jede Saison circa 350 Auff\u00fchrungen, davon 50 verschiedene <strong>Opern, Operetten, Ballettst\u00fccke und kindgerechte Auff\u00fchrungen<\/strong>.<\/p>\n\n\n<div class=\"wp-block-image\">\n<figure class=\"aligncenter\"><a href=\"https:\/\/www.sonnenklar.tv\/blog\/wp-content\/uploads\/2023\/10\/3071934-wiener-staatsoper.jpg\"><img loading=\"lazy\" decoding=\"async\" width=\"880\" height=\"450\" src=\"https:\/\/www.sonnenklar.tv\/blog\/wp-content\/uploads\/2023\/10\/3071934-wiener-staatsoper.jpg\" alt=\"Wiener Staatsoper in Wien\" class=\"wp-image-25775\" srcset=\"https:\/\/www.sonnenklar.tv\/blog\/wp-content\/uploads\/2023\/10\/3071934-wiener-staatsoper.jpg 880w, https:\/\/www.sonnenklar.tv\/blog\/wp-content\/uploads\/2023\/10\/3071934-wiener-staatsoper-300x153.jpg 300w, https:\/\/www.sonnenklar.tv\/blog\/wp-content\/uploads\/2023\/10\/3071934-wiener-staatsoper-768x393.jpg 768w\" sizes=\"(max-width: 880px) 100vw, 880px\" \/><\/a><figcaption class=\"wp-element-caption\">Wiener Staatsoper: Ein Fest f\u00fcr Augen und Ohren<\/figcaption><\/figure>\n<\/div>\n\n\n<p>Der t\u00e4glich wechselnde Spielplan zeigt Wiederauff\u00fchrungen sowie Premieren und ist spezialisiert auf Wagner-, Mozart-, Verdi- und Richard Strauss-Repertoires. Den famosen Kl\u00e4ngen des Orchesters lauscht ihr im pomp\u00f6sen Hauptsaal, der Platz f\u00fcr 2.284 Menschen bietet und durch seinen imposanten Kronleuchter und seiner Ausgestaltung in den Farben <strong>Rot, Elfenbein und Gold<\/strong> das passende Ambiente liefert. Wenn ihr euch f\u00fcr die Architektur, die Geschichte und allgemein f\u00fcr den Opernbetrieb interessiert, ist eine F\u00fchrung hinter den Kulissen lohnend. Um junge Leute und Menschen, die sich eine Eintrittskarte f\u00fcr eine Auff\u00fchrung nicht leisten k\u00f6nnen, f\u00fcr die Oper zu begeistern, gibt es \u00fcber das Jahr verteilt an \u00f6ffentlichen Pl\u00e4tzen das <strong>Oper live am Platz-Event<\/strong>. Auf einer gro\u00dfen LED-Leinwand werden Konzerte, Opern und Ballettwerke live und kostenlos \u00fcbertragen \u2013 ein beeindruckendes Open-Air-Erlebnis, das ihr euch nicht entgehen lassen solltet.<\/p>\n\n\n\n<p><strong>Hoteltipp:<\/strong> In unmittelbarer N\u00e4he der Ringstra\u00dfe verzaubert die <a href=\"https:\/\/www.sonnenklar.tv\/beschreibung\/%C3%96sterreich\/Wien_und_Umgebung\/Wien\/Pension_Baronesse.html\">Pension Baronesse<\/a> mit geschmackvollen Zimmern im Wiener Stil.<\/p>\n\n\n\n<table id=\"tablepress-376\" class=\"tablepress tablepress-id-376 tbody-has-connected-cells\">\n<thead>\n<tr class=\"row-1\">\n\t<th colspan=\"2\" class=\"column-1\">Wiener Staatsoper<\/th>\n<\/tr>\n<\/thead>\n<tbody class=\"row-hover\">\n<tr class=\"row-2\">\n\t<td class=\"column-1\"><strong>\u00d6ffnungszeiten und Karten<\/strong><\/td><td class=\"column-2\">Auff\u00fchrungszeiten und Kartenpreise sind dem aktuellen Saisonplan zu entnehmen<\/td>\n<\/tr>\n<tr class=\"row-3\">\n\t<td colspan=\"2\" class=\"column-1\"><strong>F\u00fchrungen Eintrittspreise<\/strong><\/td>\n<\/tr>\n<tr class=\"row-4\">\n\t<td class=\"column-1\">Erwachsene<\/td><td class=\"column-2\">ca. 13 \u20ac<\/td>\n<\/tr>\n<tr class=\"row-5\">\n\t<td class=\"column-1\">Kinder (bis 5 Jahre)<\/td><td class=\"column-2\">frei<\/td>\n<\/tr>\n<tr class=\"row-6\">\n\t<td class=\"column-1\">Erm\u00e4\u00dfigt<\/td><td class=\"column-2\">ca. 7 \u20ac<\/td>\n<\/tr>\n<tr class=\"row-7\">\n\t<td colspan=\"2\" class=\"column-1\"><strong>Kinderf\u00fchrungen Eintrittspreise<\/strong><\/td>\n<\/tr>\n<tr class=\"row-8\">\n\t<td class=\"column-1\">Erwachsene<\/td><td class=\"column-2\">ca. 13 \u20ac<\/td>\n<\/tr>\n<tr class=\"row-9\">\n\t<td class=\"column-1\">Kinder<\/td><td class=\"column-2\">ca. 9,50 \u20ac<\/td>\n<\/tr>\n<\/tbody>\n<\/table>\n<!-- #tablepress-376 from cache -->\n\n\n\n<h2 class=\"wp-block-heading\"><strong>Die h\u00e4ufigsten Fragen zu Wiens Sehensw\u00fcrdigkeiten<\/strong><\/h2>\n\n\n\n<p>F\u00fcr einen schnellen \u00dcberblick kl\u00e4ren wir abschlie\u00dfend die wichtigsten Fragen zu den Sehensw\u00fcrdigkeiten Wiens.<\/p>\n\n\n\n<h3 class=\"wp-block-heading\"><a name=\"sehenswuerdigkeiten\"><\/a>Was muss man gesehen haben in Wien?<\/h3>\n\n\n\n<p>Die Dichte an sehenswerten Geb\u00e4uden, Pl\u00e4tzen, Museen und Sehensw\u00fcrdigkeiten ist in der \u00f6sterreichischen Hauptstadt riesig. Zu den absoluten Klassikern einer Wienreise geh\u00f6ren der Stephansdom, das Schloss Sch\u00f6nbrunn samt Parkanlage, die Hofburg mit ihren verschiedenen Einrichtungen, der Wurstelprater, der Naschmarkt sowie der Besuch eines typischen Kaffeehauses.<\/p>\n\n\n\n<h3 class=\"wp-block-heading\"><a name=\"bezirk\"><\/a>In welchem Bezirk sind die meisten Sehensw\u00fcrdigkeiten in Wien?<\/h3>\n\n\n\n<p>Rund um die Ringstra\u00dfe erstreckt sich der Altstadtkern inmitten der Inneren Stadt im <strong>ersten Bezirk<\/strong>. Hier trefft ihr auf die <strong>bekanntesten Attraktionen Wiens<\/strong> wie den Stephansdom, die Hofburg mit Burggarten, den Volksgarten, das Wiener Rathaus, das Vienna Mozarthaus, die Kapuzinergruft, die Wiener Staatsoper und die \u00d6sterreichische Nationalbibliothek. Zudem gibt es f\u00fcr Museumsfans im Natur- und Kunsthistorischem Museum sowie in der Albertina jede Menge zu entdecken. Seinen <strong>besonderen Charme<\/strong> erh\u00e4lt der erste Bezirk auch durch seine vielen <strong>urigen Restaurants, nostalgischen Kaffeeh\u00e4user<\/strong> und eher hochpreisigen Gesch\u00e4ften, die sich um den Graben und den Kohlemarkt sammeln. Ein Geheimtipp verbirgt sich etwas versteckt hinter dem Stephansdom: Das <strong>Blutgassenviertel<\/strong> verzaubert mit seinen kleinen Innenh\u00f6fen und engen Gassen mit pr\u00e4chtigen Fassaden.<\/p>\n\n\n\n<h3 class=\"wp-block-heading\"><a name=\"abendprogramm\"><\/a>Was kann man am Abend in Wien machen?<\/h3>\n\n\n\n<p>Wien ist eine aufregende Stadt, in der es Vieles zu entdecken gibt. Auch am Abend habt ihr verschiedene M\u00f6glichkeiten, die kulturreiche Stadt kennenzulernen. Bei einer <strong>Fahrt mit dem Riesenrad<\/strong> auf dem Wurstelprater betrachtet ihr die Stadt aus der Vogelperspektive. Ein besonderes Erlebnis zu sp\u00e4ter Stunde, wenn sich Wien als <strong>Lichtermeer<\/strong> pr\u00e4sentiert. Ebenso stimmungsvoll ist eine Rundtour auf dem Bus oder eine <strong>abendliche Schiffsfahrt<\/strong> auf der Donau, die auch mit Buffet und Wiener Musik buchbar ist. Habt ihr Lust auf ein <strong>glamour\u00f6ses Abendprogramm<\/strong>, so ist eine <strong>Vorstellung in der Staatsoper<\/strong> oder im Burgtheater eine gute Idee. Lockerer geht es im Bermudadreieck im Schwedenviertel zu, in dem sich <strong>gem\u00fctliche Kneipen und Bars<\/strong> tummeln.<\/p>\n\n\n\n<h3 class=\"wp-block-heading\"><a name=\"kulinarik\"><\/a>Was muss man essen, wenn man in Wien ist?<\/h3>\n\n\n\n<p>Feinschmecker und Naschkatzen kommen in Wien kulinarisch gesehen voll auf ihre Kosten. W\u00e4hrend sich Anh\u00e4nger der deftigen K\u00fcche auf <strong>Wiener Schnitzel, Backhendl und Tafelspitz<\/strong> freuen k\u00f6nnen, bestellen Leckerm\u00e4uler in den Kaffeeh\u00e4usern und Konditoreien <strong>Apfelstrudel, Sachertorte und Topfenpalatschinken<\/strong>. Ein beliebtes Mitbringsel sind die <strong>Manner Schnitten<\/strong>, die aus einer traditionsreichen Wiener S\u00fc\u00dfwarenfabrik kommen und auf ihrer Verpackung den Stephansdom zeigen. <strong>\u00dcbrigens:<\/strong> Gleich hinter dem Stephansdom soll es beim Traditionsrestaurant Figlm\u00fcller das beste Wiener Schnitzel der Stadt geben.<\/p>\n\n\n\n<h2 class=\"wp-block-heading\"><strong>Fazit zu den sch\u00f6nsten Sehensw\u00fcrdigkeiten Wiens<\/strong><\/h2>\n\n\n\n<p>Wien ist ein Schatzk\u00e4stchen, das prall gef\u00fcllt ist mit dem Erbe der Habsburgermonarchie, bestehend aus Bereichen der <strong>Kunst, Kultur und Architektur<\/strong>. Die glanzvolle Vergangenheit, die bis heute in fast jedem Winkel der Stadt sichtbar ist, vermischt sich mit einer modernen Kultur- und Lokalszene sowie einem Multikulti-Flair \u2013 eine Kombination, die den <strong>besonderen Reiz Wiens<\/strong> ausmacht. Auch kulinarisch hat die Heimat von Falco und Siegfried Freud mit leckeren Mehlspeisen, Kaffeespezialit\u00e4ten und deftigen Fleischgerichten einiges zu bieten. Rundum beweist sich Wien als zauberhaftes Ausflugsziel, das nicht nur <strong>Kunstliebhaber und Geschichtsinteressierte<\/strong> in seinen Bann zieht.<\/p>\n\n\n\n<p><strong>Hoteltipps:<\/strong> Ob modern, schick oder gem\u00fctlich \u2013 entdeckt unsere <a href=\"https:\/\/www.sonnenklar.tv\/promo\/staedtereisen-wien.html\">Hotelangebote f\u00fcr Wien<\/a>\u00a0in zentraler Lage f\u00fcr euren Aufenthalt in der \u00f6sterreichischen Hauptstadt.<\/p>\n","protected":false},"excerpt":{"rendered":"<p>Schon mehrfach als lebenswerteste Stadt der Welt ausgezeichnet, zieht Wien jedes Jahr Millionen Besucher an, die das besondere Flair und das zauberhafte Stadtbild einmal mit eigenen Augen sehen und erleben m\u00f6chten. Mit den unz\u00e4hligen Prachtbauten und Kultursch\u00e4tzen aus unterschiedlichen Epochen mutet ein Citytrip nach Wien wie eine kleine Zeitreise in die Vergangenheit an. Doch die<\/p>\n","protected":false},"author":3,"featured_media":17157,"comment_status":"closed","ping_status":"open","sticky":false,"template":"","format":"standard","meta":{"footnotes":""},"categories":[465,6],"tags":[485,473,513],"class_list":{"0":"post-25611","1":"post","2":"type-post","3":"status-publish","4":"format-standard","5":"has-post-thumbnail","7":"category-weitere-laender","8":"category-staedtereisen","9":"tag-kultururlaub","10":"tag-oesterreich","11":"tag-staedtereisen"},"_links":{"self":[{"href":"https:\/\/www.sonnenklar.tv\/blog\/wp-json\/wp\/v2\/posts\/25611","targetHints":{"allow":["GET"]}}],"collection":[{"href":"https:\/\/www.sonnenklar.tv\/blog\/wp-json\/wp\/v2\/posts"}],"about":[{"href":"https:\/\/www.sonnenklar.tv\/blog\/wp-json\/wp\/v2\/types\/post"}],"author":[{"embeddable":true,"href":"https:\/\/www.sonnenklar.tv\/blog\/wp-json\/wp\/v2\/users\/3"}],"replies":[{"embeddable":true,"href":"https:\/\/www.sonnenklar.tv\/blog\/wp-json\/wp\/v2\/comments?post=25611"}],"version-history":[{"count":29,"href":"https:\/\/www.sonnenklar.tv\/blog\/wp-json\/wp\/v2\/posts\/25611\/revisions"}],"predecessor-version":[{"id":38725,"href":"https:\/\/www.sonnenklar.tv\/blog\/wp-json\/wp\/v2\/posts\/25611\/revisions\/38725"}],"wp:featuredmedia":[{"embeddable":true,"href":"https:\/\/www.sonnenklar.tv\/blog\/wp-json\/wp\/v2\/media\/17157"}],"wp:attachment":[{"href":"https:\/\/www.sonnenklar.tv\/blog\/wp-json\/wp\/v2\/media?parent=25611"}],"wp:term":[{"taxonomy":"category","embeddable":true,"href":"https:\/\/www.sonnenklar.tv\/blog\/wp-json\/wp\/v2\/categories?post=25611"},{"taxonomy":"post_tag","embeddable":true,"href":"https:\/\/www.sonnenklar.tv\/blog\/wp-json\/wp\/v2\/tags?post=25611"}],"curies":[{"name":"wp","href":"https:\/\/api.w.org\/{rel}","templated":true}]}}