{"id":24675,"date":"2023-07-28T06:17:14","date_gmt":"2023-07-28T05:17:14","guid":{"rendered":"https:\/\/www.sonnenklar.tv\/blog\/?p=24675"},"modified":"2025-11-21T14:12:34","modified_gmt":"2025-11-21T13:12:34","slug":"aussergewoehnliche-events","status":"publish","type":"post","link":"https:\/\/www.sonnenklar.tv\/blog\/reisetipps\/aussergewoehnliche-events\/","title":{"rendered":"7 au\u00dfergew\u00f6hnliche Events weltweit: Ganz sch\u00f6n schr\u00e4ge Traditionen"},"content":{"rendered":"\n<p><strong>Wann habt ihr das letzte Mal etwas Verr\u00fccktes getan und alles um euch herum vergessen? Im Alltag kommen au\u00dfergew\u00f6hnliche Erlebnisse meist viel zu kurz, dabei sind es doch diese Momente des Loslassens, die das Leben so lebenswert machen. Wenn es f\u00fcr euch mal wieder an der Zeit ist, ausgelassen zu tanzen, zu feiern und auf Gleichgesinnte zu treffen, sind unsere 7 au\u00dfergew\u00f6hnlichen Events der perfekte Anlass, euch in eine v\u00f6llig andere Welt versetzen zu lassen.<\/strong><\/p>\n\n\n\n<p>Nat\u00fcrlich k\u00f6nnt ihr mit etwas Fantasie auch direkt um die Ecke Au\u00dfergew\u00f6hnliches erleben, doch w\u00e4re es nicht noch verlockender, dabei gleichzeitig sch\u00f6ne Orte zu bereisen? Wie gut, dass es auf der ganzen Welt nicht an kuriosen Veranstaltungen mangelt. Wir zeigen euch, bei welchen au\u00dfergew\u00f6hnlichen Events ihr aus dem Staunen nicht mehr herauskommen werdet und tief in fremde Kulturen eintaucht \u2013 der Spa\u00df kommt dabei garantiert ebenfalls nicht zu kurz.<\/p>\n\n\n\n<p><strong>Inhaltsverzeichnis<\/strong><\/p>\n\n\n\n<ol class=\"wp-block-list\">\n<li><a href=\"#tomatenschlacht\">Tomatenschlacht \u201eLa Tomatina\u201c in Spanien: Fruchtig rotes Spektakel<\/a><\/li>\n\n\n\n<li><a href=\"#st-patricks-day\">St. Patrick\u2019s Day in Irland: Gr\u00fcner Nationalfeiertag<\/a><\/li>\n\n\n\n<li><a href=\"#holi-festival\">Holi Festival in Indien: Das Fest der Farben<\/a><\/li>\n\n\n\n<li><a href=\"#songkran-festival\">Songkran Festival in Thailand: Das thail\u00e4ndische Neujahrsfest<\/a><\/li>\n\n\n\n<li><a href=\"#kaeserollen\">K\u00e4serollen \u201eCheese Rolling\u201c in England: Wildes Wettrennen<\/a><\/li>\n\n\n\n<li><a href=\"#tag-der-toten\">Tag der Toten \u201eD\u00eda de los Muertos\u201c in Mexiko: Farbenfroher Freudentag<\/a><\/li>\n\n\n\n<li><a href=\"#mardi-gras\">Mardi Gras in New Orleans: Karneval auf Amerikanisch<\/a><\/li>\n<\/ol>\n\n\n\n<h2 class=\"wp-block-heading\">Das Wichtigste im \u00dcberblick<\/h2>\n\n\n\n<ul class=\"wp-block-list\">\n<li>Andere L\u00e4nder, andere Sitten: Auf der ganzen Welt werden teils kuriose Br\u00e4uche auf die unterschiedlichste Weise zelebriert.<\/li>\n\n\n\n<li>Wer in einem anderen Land ein au\u00dfergew\u00f6hnliches Event miterlebt, taucht tief in dessen Kultur ein.<\/li>\n\n\n\n<li>Kuriose Veranstaltungen sind der ideale Anlass f\u00fcr einen Kurztrip oder auch f\u00fcr eine l\u00e4ngere Reise in Kombination mit Ausfl\u00fcgen in die Umgebung.<\/li>\n<\/ul>\n\n\n\n<h2 class=\"wp-block-heading\">Au\u00dfergew\u00f6hnliche Events weltweit: Br\u00e4uche mit Seltenheitscharakter<\/h2>\n\n\n\n<p>Obwohl mittlerweile ein gro\u00dfer Teil unseres Lebens digital abl\u00e4uft, sind Live-Events doch immer etwas Besonderes. Schlie\u00dflich ist das Gemeinschaftsgef\u00fchl, das dabei entsteht, unersetzlich, \u2013 vor allem, wenn die Veranstaltungen alles andere als gew\u00f6hnlich sind. Ob mit einem kulturellen oder religi\u00f6sen Hintergrund oder einfach als Resultat einer verr\u00fcckten Idee: Die pure Lebensfreude bei all diesen Veranstaltungen ist einfach ansteckend.<\/p>\n\n\n\n<h3 class=\"wp-block-heading\"><a name=\"tomatenschlacht\"><\/a>1. Tomatenschlacht \u201eLa Tomatina\u201c in Spanien: Fruchtig rotes Spektakel<\/h3>\n\n\n\n<p>Mit Essen spielt man nicht? Diese goldene Regel k\u00f6nnt ihr beim \u201eLa Tomatina\u201c in der spanischen Kleinstadt <strong>Bu\u00f1ol bei Valencia<\/strong> getrost vergessen. Schlie\u00dflich kommen bei dem schr\u00e4gen Spektakel nur \u00fcberreife Tomaten zum Einsatz. Um die Entstehungsgeschichte der fr\u00f6hlichen Tomatenschlacht ranken sich zwar verschiedene Mythen, doch eins ist klar: Bereits seit rund <strong>70 Jahren<\/strong> \u2013 nur kurz durch ein Verbot unter der Franco-Diktatur unterbrochen, \u2013 bewerfen sich die Einwohner des rund 9.000-Seelen Ortes und tausende Touristen aus aller Welt nun schon mit Tomaten. Das au\u00dfergew\u00f6hnliche Event hat mittlerweile solchen <strong>Kultstatus<\/strong> erreicht, dass ihr zur Teilnahme eines der begehrten 22.000 Tickets erwerben m\u00fcsst, sonst w\u00fcrde die Stadt aus allen N\u00e4hten platzen.<\/p>\n\n\n<div class=\"wp-block-image\">\n<figure class=\"aligncenter\"><a href=\"https:\/\/www.sonnenklar.tv\/blog\/wp-content\/uploads\/2023\/07\/3575628-la-tomatina-valencia.jpg\"><img fetchpriority=\"high\" decoding=\"async\" width=\"880\" height=\"450\" src=\"https:\/\/www.sonnenklar.tv\/blog\/wp-content\/uploads\/2023\/07\/3575628-la-tomatina-valencia.jpg\" alt=\"Menschenmenge auf der La Tomatina in Spanien\" class=\"wp-image-24692\" srcset=\"https:\/\/www.sonnenklar.tv\/blog\/wp-content\/uploads\/2023\/07\/3575628-la-tomatina-valencia.jpg 880w, https:\/\/www.sonnenklar.tv\/blog\/wp-content\/uploads\/2023\/07\/3575628-la-tomatina-valencia-300x153.jpg 300w, https:\/\/www.sonnenklar.tv\/blog\/wp-content\/uploads\/2023\/07\/3575628-la-tomatina-valencia-768x393.jpg 768w\" sizes=\"(max-width: 880px) 100vw, 880px\" \/><\/a><figcaption class=\"wp-element-caption\">Eure gute Kleidung solltet ihr beim La Tomatina besser zu Hause lassen!<\/figcaption><\/figure>\n<\/div>\n\n\n<p>So ausgelassen das Spektakel auch scheint, folgt es doch <strong>strengen Regeln<\/strong>: Am letzten Mittwoch im August versammeln sich die Teilnehmer um 10 Uhr im Zentrum von Bu\u00f1ol, um zun\u00e4chst beim \u201e<strong>palo jab\u00f3n<\/strong>\u201c, dem \u201eSchinkenst\u00fcrmen\u201c einen auf einem etwa 10 Meter hohen, eingeseiften Baum befestigten Schinken zu ergattern. Ist das gelungen, k\u00f6nnt ihr euch ab Punkt 11 Uhr genau eine Stunde lang mit dem roten Gem\u00fcse austoben. Um 12 Uhr endet die Schlacht, die Stadt gleicht einem roten See, die Einheimischen befreien euch mit ihren Gartenschl\u00e4uchen von der roten Masse und gemeinsam wird nun auch die <strong>Stadt ges\u00e4ubert<\/strong>, sodass nur noch die befl\u00fcgelte Stimmung an das zuvor stattgefundene Vergn\u00fcgen erinnert.<\/p>\n\n\n\n<p><strong>Lesetipp:<\/strong> Im Anschluss an die Tomatenschlacht zieht es die meisten Teilnehmer zum Feiern nach Valencia. Diese <a href=\"https:\/\/www.sonnenklar.tv\/blog\/valencia-sehenswuerdigkeiten\/\" target=\"_blank\" rel=\"noreferrer noopener\">6 Sehensw\u00fcrdigkeiten in Valencia<\/a> solltet ihr euch unbedingt anschauen.<\/p>\n\n\n\n<table id=\"tablepress-402\" class=\"tablepress tablepress-id-402\">\n<thead>\n<tr class=\"row-1\">\n\t<th colspan=\"2\" class=\"column-1\">La Tomatina im \u00dcberblick:<\/th>\n<\/tr>\n<\/thead>\n<tbody class=\"row-striping row-hover\">\n<tr class=\"row-2\">\n\t<td class=\"column-1\"><strong>Ort:<\/strong><\/td><td class=\"column-2\">Bu\u00f1ol, Spanien<\/td>\n<\/tr>\n<tr class=\"row-3\">\n\t<td class=\"column-1\"><strong>Datum:<\/strong><\/td><td class=\"column-2\">letzter Mittwoch im August<\/td>\n<\/tr>\n<tr class=\"row-4\">\n\t<td class=\"column-1\"><strong>Highlight:<\/strong><\/td><td class=\"column-2\">Tomatenschlacht<\/td>\n<\/tr>\n<tr class=\"row-5\">\n\t<td class=\"column-1\"><strong>Eintrittspreis:<\/strong><\/td><td class=\"column-2\">ca. 10,00 Euro<\/td>\n<\/tr>\n<\/tbody>\n<\/table>\n<!-- #tablepress-402 from cache -->\n\n\n<h3 class=\"wp-block-heading\"><a name=\"st-patricks-day\"><\/a>2. St. Patrick\u2019s Day in Irland: Gr\u00fcner Nationalfeiertag<\/h3>\n\n\n\n<p>Auch unser n\u00e4chstes au\u00dfergew\u00f6hnliches Event wird von einer Farbe bestimmt: Jedes Jahr am <strong>17. M\u00e4rz<\/strong> zeigt sich ganz Irland <strong>vollkommen gr\u00fcn<\/strong>. Zu Ehren des <strong>Nationalheiligen St. Patrick<\/strong> kleiden sich die Iren nicht nur in Gr\u00fcn, sondern f\u00e4rben sogar ihre Haare, B\u00e4rte, ihr Essen, Trinken und Fl\u00fcsse in der Farbe, um den Stolz auf ihre Heimat auszudr\u00fccken. Zahlreiche Geb\u00e4ude strahlen in Gr\u00fcn und das inoffizielle Nationalsymbol, das dreibl\u00e4ttrige <strong>Kleeblatt \u201eShamrock\u201c<\/strong>, ist allgegenw\u00e4rtig.<\/p>\n\n\n<div class=\"wp-block-image\">\n<figure class=\"aligncenter\"><a href=\"https:\/\/www.sonnenklar.tv\/blog\/wp-content\/uploads\/2023\/07\/4890066-feierlichkeiten-st-patricks-day-irland.jpg\"><img decoding=\"async\" width=\"880\" height=\"450\" src=\"https:\/\/www.sonnenklar.tv\/blog\/wp-content\/uploads\/2023\/07\/4890066-feierlichkeiten-st-patricks-day-irland.jpg\" alt=\"Kleeblatt-Kopfschmuck auf einem Stra\u00dfenfest am St. Patrick\u2019s Day in Irland\" class=\"wp-image-24718\" srcset=\"https:\/\/www.sonnenklar.tv\/blog\/wp-content\/uploads\/2023\/07\/4890066-feierlichkeiten-st-patricks-day-irland.jpg 880w, https:\/\/www.sonnenklar.tv\/blog\/wp-content\/uploads\/2023\/07\/4890066-feierlichkeiten-st-patricks-day-irland-300x153.jpg 300w, https:\/\/www.sonnenklar.tv\/blog\/wp-content\/uploads\/2023\/07\/4890066-feierlichkeiten-st-patricks-day-irland-768x393.jpg 768w\" sizes=\"(max-width: 880px) 100vw, 880px\" \/><\/a><figcaption class=\"wp-element-caption\">Feierlichkeiten und die Farbe Gr\u00fcn pr\u00e4gen den St. Patrick\u2019s Day in Irland<\/figcaption><\/figure>\n<\/div>\n\n\n<p>War der St. Patrick\u2019s Day bis etwa ins Jahr 1960 noch ein ruhiger und religi\u00f6ser Feiertag, stehen heute vor allem&nbsp;<b data-stringify-type=\"bold\">Spa\u00df und Freundschaft<\/b>&nbsp;im Mittelpunkt der Feierlichkeiten. In zahlreichen St\u00e4dten ziehen&nbsp;<b data-stringify-type=\"bold\">Paraden<\/b>&nbsp;durch die Stra\u00dfen, irische&nbsp;<b data-stringify-type=\"bold\">T\u00e4nze<\/b>&nbsp;geben euch einen Einblick in die Traditionen des Landes und selbstverst\u00e4ndlich kommt ihr auch in den Genuss von feinsten&nbsp;<b data-stringify-type=\"bold\">Dudelsack-Kl\u00e4ngen<\/b>. Besonders spektakul\u00e4r ist dabei die&nbsp;<b data-stringify-type=\"bold\">Parade in Dublin<\/b>&nbsp;\u2013 sicherlich das Highlight des viert\u00e4gigen Festivals, bei dem ihr zwischen Marktst\u00e4nden schlendern, kostenloser Live-Musik lauschen, an einem Guinness nippen und typisch irische K\u00f6stlichkeiten wie Corned Beef and Cabbage schlemmen k\u00f6nnt.<\/p>\n\n\n\n<table id=\"tablepress-403\" class=\"tablepress tablepress-id-403\">\n<thead>\n<tr class=\"row-1\">\n\t<th colspan=\"2\" class=\"column-1\">St. Patrick\u2019s Day im \u00dcberblick:<\/th>\n<\/tr>\n<\/thead>\n<tbody class=\"row-striping row-hover\">\n<tr class=\"row-2\">\n\t<td class=\"column-1\"><strong>Ort:<\/strong><\/td><td class=\"column-2\">ganz Irland<\/td>\n<\/tr>\n<tr class=\"row-3\">\n\t<td class=\"column-1\"><strong>Datum:<\/strong><\/td><td class=\"column-2\">17. M\u00e4rz<\/td>\n<\/tr>\n<tr class=\"row-4\">\n\t<td class=\"column-1\"><strong>Highlight:<\/strong><\/td><td class=\"column-2\">Parade in Dublin<\/td>\n<\/tr>\n<tr class=\"row-5\">\n\t<td class=\"column-1\"><strong>Eintrittspreis:<\/strong><\/td><td class=\"column-2\">Variiert nach Veranstaltung<\/td>\n<\/tr>\n<\/tbody>\n<\/table>\n<!-- #tablepress-403 from cache -->\n\n\n\n<p><strong>Hoteltipp:<\/strong> Packt die gr\u00fcne Kleidung ein, stattet euch mit Kleebl\u00e4ttern aus, f\u00e4rbt euch vielleicht noch schnell die Haare in Gr\u00fcn und bucht euch eure <a href=\"https:\/\/www.sonnenklar.tv\/urlaub\/irland.html\" target=\"_blank\" rel=\"noreferrer noopener\">Reise nach Irland<\/a>, um mit den Iren ihren Nationalfeiertag zu feiern.<\/p>\n\n\n\n<h3 class=\"wp-block-heading\"><a name=\"holi-festival\"><\/a>3. Holi Festival in Indien: Das Fest der Farben<\/h3>\n\n\n\n<p>W\u00e4hrend sich unsere ersten beiden au\u00dfergew\u00f6hnlichen Events jeweils auf eine Farbe beschr\u00e4nken, k\u00f6nnt ihr euch zum Holi Festival in Indien vollkommen dem <strong>Farbrausch<\/strong> hingeben. Als eines der \u00e4ltesten Feste des Landes wird dabei jedes Jahr am <strong>ersten Vollmondtag des Monats Phalgun<\/strong> (nach unserem Kalender im Februar oder M\u00e4rz) f\u00fcr zwei bis zehn Tage insbesondere im Norden farbenfroh der <strong>Fr\u00fchlingsanfang<\/strong> und der <strong>Sieg des Guten \u00fcber das B\u00f6se<\/strong> zelebriert. Das Besondere: An diesem Tag spielt die heilige Weltordnung Dharma, die Indien sonst pr\u00e4gt, keinerlei Rolle \u2013 alle feiern gemeinsam, unabh\u00e4ngig von ihrer Kastenzugeh\u00f6rigkeit.<\/p>\n\n\n<div class=\"wp-block-image\">\n<figure class=\"aligncenter\"><a href=\"https:\/\/www.sonnenklar.tv\/blog\/wp-content\/uploads\/2023\/07\/4889596-holi-festival-indien.jpg\"><img decoding=\"async\" width=\"880\" height=\"450\" src=\"https:\/\/www.sonnenklar.tv\/blog\/wp-content\/uploads\/2023\/07\/4889596-holi-festival-indien.jpg\" alt=\"Junge Menschen feiern das Holi-Festival in Indien\" class=\"wp-image-24694\" srcset=\"https:\/\/www.sonnenklar.tv\/blog\/wp-content\/uploads\/2023\/07\/4889596-holi-festival-indien.jpg 880w, https:\/\/www.sonnenklar.tv\/blog\/wp-content\/uploads\/2023\/07\/4889596-holi-festival-indien-300x153.jpg 300w, https:\/\/www.sonnenklar.tv\/blog\/wp-content\/uploads\/2023\/07\/4889596-holi-festival-indien-768x393.jpg 768w\" sizes=\"(max-width: 880px) 100vw, 880px\" \/><\/a><figcaption class=\"wp-element-caption\">Holi Festival: Raus aus dem grauen Alltag, rein ins bunte Treiben!<\/figcaption><\/figure>\n<\/div>\n\n\n<p>Die Festlichkeiten beginnen am Abend zuvor mit dem Verbrennen von Strohpuppen der D\u00e4monin Holika, nach der das Festival benannt ist. Am Tag des Farbfestes bewerfen schlie\u00dflich sich alle mit <strong>bunter Farbe<\/strong> sowie Wasser und tanzen gemeinsam zu Bollywood-Musik. \u201eBura na maano, Holi Hai!\u201d (\u201eNimm es mir nicht \u00fcbel, es ist Holi!\u201c) wird es um euch herum schallen, w\u00e4hrend das Farbpulver Gulal als <strong>Regenbogenwolke<\/strong> durch die L\u00fcfte schwebt, die Hanfmilch Bhang getrunken und die k\u00f6stlichen Teigtaschen Gujiya gegessen werden. M\u00f6chtet ihr das Holi-Fest auf besonders faszinierende Weise erleben, empfehlen wir euch das als spirituelle Hauptstadt Indiens bekannte <strong>Varanasi<\/strong>. Hier k\u00f6nnt ihr euch nach dem Festival beim Bad im Ganges von den Farben befreien und anschlie\u00dfend das in Rot-, Gr\u00fcn-, Pink- und Oranget\u00f6nen schimmernde, vor den Tempeln am Flussufer vorbeiziehende Wasser bewundern. <strong>Tipp:<\/strong> Haut und Haare lassen sich im Anschluss an das Farbenfest einfacher reinigen, wenn ihr euch vorher mit Wasser oder \u00d6l einreibt.<\/p>\n\n\n\n<p><strong>Lesetipp:<\/strong> Was ihr rund um das Holi Festival sonst noch in dem magischen Land erleben k\u00f6nnt, verraten wir euch in unseren <a href=\"https:\/\/www.sonnenklar.tv\/blog\/indien-reisetipps\/\" target=\"_blank\" rel=\"noreferrer noopener\">Reisetipps f\u00fcr Indien<\/a>.<\/p>\n\n\n\n<table id=\"tablepress-404\" class=\"tablepress tablepress-id-404\">\n<thead>\n<tr class=\"row-1\">\n\t<th colspan=\"2\" class=\"column-1\">Holi Festival im \u00dcberblick:<\/th>\n<\/tr>\n<\/thead>\n<tbody class=\"row-striping row-hover\">\n<tr class=\"row-2\">\n\t<td class=\"column-1\"><strong>Ort:<\/strong><\/td><td class=\"column-2\">ganz Indien, vor allem im Norden<\/td>\n<\/tr>\n<tr class=\"row-3\">\n\t<td class=\"column-1\"><strong>Datum:<\/strong><\/td><td class=\"column-2\">zwischen Februar und M\u00e4rz<\/td>\n<\/tr>\n<tr class=\"row-4\">\n\t<td class=\"column-1\"><strong>Highlight:<\/strong><\/td><td class=\"column-2\">bunter Ganges in Varanasi<\/td>\n<\/tr>\n<tr class=\"row-5\">\n\t<td class=\"column-1\"><strong>Eintrittspreis:<\/strong><\/td><td class=\"column-2\">kostenlos<\/td>\n<\/tr>\n<\/tbody>\n<\/table>\n<!-- #tablepress-404 from cache -->\n\n\n<p><strong>Hoteltipp:<\/strong> Ob ihr euch f\u00fcr einen Ort auf eurer <a href=\"https:\/\/www.sonnenklar.tv\/urlaub\/indien.html\" target=\"_blank\" rel=\"noreferrer noopener\">Indien-Reise<\/a> entscheidet oder direkt zu einer <a href=\"https:\/\/www.sonnenklar.tv\/promo\/indien-rundreisen.html\" target=\"_blank\" rel=\"noreferrer noopener\">Rundreise durch Indien<\/a> aufbrecht, ihr werdet feststellen: Indien ist ein buntes Land \u2013 ganz besonders zum Holi Festival.<\/p>\n\n\n\n<h3 class=\"wp-block-heading\"><a name=\"songkran-festival\"><\/a>4. Songkran Festival in Thailand: Das thail\u00e4ndische Neujahrsfest<\/h3>\n\n\n\n<p>\u201eSawasdee Pi Mai!\u201c \u2013 \u201eFr\u00f6hliches neues Jahr!\u201c hei\u00dft es in Thailand zwischen dem 13. und 15. April. Denn dann wird dort traditionell mit dem Songkran Fest das <strong>neue Jahr <\/strong>willkommen gehei\u00dfen \u2013 mit einem der wohl au\u00dfergew\u00f6hnlichsten Neujahrsfeste \u00fcberhaupt. Wasserscheu solltet ihr nicht sein, wenn ihr das tropische Land zu dieser Zeit ansteuert. Denn nass werdet ihr garantiert. W\u00e4hrend der erste Tag der Festlichkeiten noch besinnlich von <strong>symboltr\u00e4chtigen Ritualen<\/strong>, dem S\u00e4ubern der H\u00e4user, religi\u00f6sen Prozessionen, Tempelbesuchen und famili\u00e4rem Beisammensein gepr\u00e4gt ist, startet am n\u00e4chsten Tag die wohl gr\u00f6\u00dfte <strong>Wasserschlacht<\/strong> der Welt \u2013 getreu dem Leitbild, sauber und frisch ins neue Jahr zu starten.<\/p>\n\n\n<div class=\"wp-block-image\">\n<figure class=\"aligncenter\"><a href=\"https:\/\/www.sonnenklar.tv\/blog\/wp-content\/uploads\/2023\/07\/3483027-neujahrsfest-songkran-bangkok-thailand.jpg\"><img loading=\"lazy\" decoding=\"async\" width=\"880\" height=\"450\" src=\"https:\/\/www.sonnenklar.tv\/blog\/wp-content\/uploads\/2023\/07\/3483027-neujahrsfest-songkran-bangkok-thailand.jpg\" alt=\"Menschen feiern das Neujahrsfest Songkran in Thailands Hauptstadt Bangkok\" class=\"wp-image-24695\" srcset=\"https:\/\/www.sonnenklar.tv\/blog\/wp-content\/uploads\/2023\/07\/3483027-neujahrsfest-songkran-bangkok-thailand.jpg 880w, https:\/\/www.sonnenklar.tv\/blog\/wp-content\/uploads\/2023\/07\/3483027-neujahrsfest-songkran-bangkok-thailand-300x153.jpg 300w, https:\/\/www.sonnenklar.tv\/blog\/wp-content\/uploads\/2023\/07\/3483027-neujahrsfest-songkran-bangkok-thailand-768x393.jpg 768w\" sizes=\"(max-width: 880px) 100vw, 880px\" \/><\/a><figcaption class=\"wp-element-caption\">\u201eWasser marsch!\u201c beim Neujahrsfest Songkran<\/figcaption><\/figure>\n<\/div>\n\n\n<p>Die sonst ja eher f\u00fcr ihre r\u00fccksichtsvolle Art bekannten Thai verlieren zu diesem Anlass alle Hemmungen und bespritzen sich gegenseitig und mit spezieller Freude alle Touristen aus Eimern, Schl\u00e4uchen und Wasserpistolen. In gr\u00f6\u00dferen St\u00e4dten ziehen bei <strong>Paraden<\/strong> Wagen durch die Stra\u00dfen \u2013 der n\u00e4chste Wasserschwall kann also auch von oben kommen! Wie gut, dass der April zu den hei\u00dfesten Monaten Thailands geh\u00f6rt, \u2013 ihr trocknet also schnell wieder. In einigen Orten dauert das Spektakel gut und gerne auch l\u00e4nger als die offiziell vorgesehen drei Tage. Vor allem in <strong>Bangkok, Pattaya, Chiang Mai <\/strong>und auf <strong>Phuket<\/strong> geht es hoch her. Bevorzugt ihr es etwas ruhiger, solltet ihr kleinere St\u00e4dte vorziehen.<\/p>\n\n\n\n<p><strong>Lesetipp:<\/strong> M\u00f6chtet ihr das neue Jahr nicht am Festland begr\u00fc\u00dfen, findet ihr in unserem Vergleich der <a href=\"https:\/\/www.sonnenklar.tv\/blog\/thailand-inseln\/\" target=\"_blank\" rel=\"noreferrer noopener\">14 sch\u00f6nsten Inseln Thailands<\/a> den perfekten Ort, um beim Songkran Festival zu feiern.<\/p>\n\n\n\n<p><strong>Hoteltipp:<\/strong> Da die Thais die Zeit um das Songkran Festival gerne f\u00fcr Familienbesuche und Strandurlaub nutzen, solltet ihr euch fr\u00fchzeitig um ein <a href=\"https:\/\/www.sonnenklar.tv\/urlaub\/thailand.html\" target=\"_blank\" rel=\"noreferrer noopener\">Hotel in Thailand<\/a> k\u00fcmmern. Ihr wollt noch spontan zum nassen Vergn\u00fcgen kommen? Dann werft einen Blick auf unsere <a href=\"https:\/\/www.sonnenklar.tv\/last-minute\/thailand.html\" target=\"_blank\" rel=\"noreferrer noopener\">Last-Minute-Angebote f\u00fcr Thailand<\/a>.<\/p>\n\n\n\n<table id=\"tablepress-405\" class=\"tablepress tablepress-id-405\">\n<thead>\n<tr class=\"row-1\">\n\t<th colspan=\"2\" class=\"column-1\">Songkran im \u00dcberblick:<\/th>\n<\/tr>\n<\/thead>\n<tbody class=\"row-striping row-hover\">\n<tr class=\"row-2\">\n\t<td class=\"column-1\"><strong>Ort:<\/strong><\/td><td class=\"column-2\">ganz Thailand<\/td>\n<\/tr>\n<tr class=\"row-3\">\n\t<td class=\"column-1\"><strong>Datum:<\/strong><\/td><td class=\"column-2\">mindestens 13. \u2013 15. April<\/td>\n<\/tr>\n<tr class=\"row-4\">\n\t<td class=\"column-1\"><strong>Highlight:<\/strong><\/td><td class=\"column-2\">Wasserschlachten in Bangkok<\/td>\n<\/tr>\n<tr class=\"row-5\">\n\t<td class=\"column-1\"><strong>Eintrittspreis:<\/strong><\/td><td class=\"column-2\">kostenlos<\/td>\n<\/tr>\n<\/tbody>\n<\/table>\n<!-- #tablepress-405 from cache -->\n\n\n\n<h3 class=\"wp-block-heading\"><a name=\"kaeserollen\"><\/a>5. K\u00e4serollen \u201eCheese Rolling\u201c in England: Wildes Wettrennen<\/h3>\n\n\n\n<p>Jedes Jahr im Fr\u00fchling stolpern, purzeln und rollen erwachsene Menschen in der <strong>Grafschaft Gloucester<\/strong> einen 45 Grad steilen, rund 200 Meter langen H\u00fcgel hinab und ziehen sich dabei nicht selten Blessuren zu \u2013 Klingt nach K\u00e4se? Das ist es irgendwie auch. Denn all diese Ehrgeizigen jagen beim sogenannten Cheese Rolling einem rund <strong>vier Kilogramm<\/strong> schweren <strong>Double Gloucester-K\u00e4se<\/strong> hinterher. Dass es unm\u00f6glich ist, den bis zu 112 Kilometer pro Stunde schnellen Laib einzuholen, st\u00f6rt sie dabei keineswegs, es gilt vielmehr: Wer als Erstes \u00fcber die Ziellinie gelangt, gewinnt den K\u00e4se \u2013 in aufrechter K\u00f6rperhaltung tut das \u00fcbrigens meist keiner.<\/p>\n\n\n<div class=\"wp-block-image\">\n<figure class=\"aligncenter\"><a href=\"https:\/\/www.sonnenklar.tv\/blog\/wp-content\/uploads\/2023\/07\/4889712-coopers-hill-cheese-rolling-festival-gloucestershire.jpg\"><img loading=\"lazy\" decoding=\"async\" width=\"880\" height=\"450\" src=\"https:\/\/www.sonnenklar.tv\/blog\/wp-content\/uploads\/2023\/07\/4889712-coopers-hill-cheese-rolling-festival-gloucestershire.jpg\" alt=\"Cooper\u2019s Hill in Gloucestershire\" class=\"wp-image-24696\" srcset=\"https:\/\/www.sonnenklar.tv\/blog\/wp-content\/uploads\/2023\/07\/4889712-coopers-hill-cheese-rolling-festival-gloucestershire.jpg 880w, https:\/\/www.sonnenklar.tv\/blog\/wp-content\/uploads\/2023\/07\/4889712-coopers-hill-cheese-rolling-festival-gloucestershire-300x153.jpg 300w, https:\/\/www.sonnenklar.tv\/blog\/wp-content\/uploads\/2023\/07\/4889712-coopers-hill-cheese-rolling-festival-gloucestershire-768x393.jpg 768w\" sizes=\"(max-width: 880px) 100vw, 880px\" \/><\/a><figcaption class=\"wp-element-caption\">Der steile Cooper\u2019s Hill ist Schauplatz des K\u00e4serennens \u2013 blaue Flecken vorprogrammiert!<\/figcaption><\/figure>\n<\/div>\n\n\n<p>Wenn euch das nicht abschreckt, k\u00f6nnt ihr euch ganz einfach in die Reihe der wagemutigen Teilnehmer einreihen: Findet euch dazu zum Start am Cooper\u2018s Hill ein, eine <strong>Anmeldung ist nicht n\u00f6tig<\/strong>. Dann m\u00fcsst ihr nur noch auf das Startsignal \u201eOne to be ready, two to be steady, three to prepare\u2009\u2026&#8220; (jetzt wird der K\u00e4selaib losgelassen) \u201e<span class=\"hiddenSpellError\">Four<\/span>&nbsp;<span class=\"hiddenSpellError\">to<\/span>&nbsp;<span class=\"hiddenSpellError\">be<\/span> off!\u201c warten und los geht\u2019s. Oder ihr feuert als Zuschauer die Beteiligten an \u2013 garantiert weniger schmerzhaft, aber dennoch <strong>adrenalingeladen<\/strong>! Wie genau dieses au\u00dfergew\u00f6hnliche Event entstanden ist, ist nicht gekl\u00e4rt, aber es soll bereits seit dem Jahr 1800 stattfinden, manche behaupten sogar, es lie\u00dfe sich auf die R\u00f6mer zur\u00fcckf\u00fchren.<\/p>\n\n\n\n<p><strong>Lesetipp:<\/strong> Wenn ihr w\u00e4hrend eurer Reise nach Gro\u00dfbritannien nicht nur einem rollenden K\u00e4se hinterherjagen m\u00f6chtet, k\u00f6nnen wir euch die Hauptstadt f\u00fcr einen Besuch nur ans Herz legen, insbesondere diese <a href=\"https:\/\/www.sonnenklar.tv\/blog\/london-sehenswuerdigkeiten\/\" target=\"_blank\" rel=\"noreferrer noopener\">8 Sehensw\u00fcrdigkeiten Londons<\/a>.<\/p>\n\n\n\n\n<table id=\"tablepress-406\" class=\"tablepress tablepress-id-406\">\n<thead>\n<tr class=\"row-1\">\n\t<th colspan=\"2\" class=\"column-1\">Cheese Rolling im \u00dcberblick:<\/th>\n<\/tr>\n<\/thead>\n<tbody class=\"row-striping row-hover\">\n<tr class=\"row-2\">\n\t<td class=\"column-1\"><strong>Ort:<\/strong><\/td><td class=\"column-2\">Cooper\u2019s Hill in Gloucestershire, England<\/td>\n<\/tr>\n<tr class=\"row-3\">\n\t<td class=\"column-1\"><strong>Datum:<\/strong><\/td><td class=\"column-2\">sp\u00e4ter Fr\u00fchling<\/td>\n<\/tr>\n<tr class=\"row-4\">\n\t<td class=\"column-1\"><strong>Highlight:<\/strong><\/td><td class=\"column-2\">K\u00e4se-Wettrennen<\/td>\n<\/tr>\n<tr class=\"row-5\">\n\t<td class=\"column-1\"><strong>Eintrittspreis:<\/strong><\/td><td class=\"column-2\">kostenlos<\/td>\n<\/tr>\n<\/tbody>\n<\/table>\n<!-- #tablepress-406 from cache --><br>\n<\/p>\n\n\n\n<p><strong>Hoteltipp:<\/strong> Nur eine knappe Viertelstunde mit dem Auto vom Cooper\u2019s Hill entfernt ist der Spirit Health Club des <a href=\"https:\/\/www.sonnenklar.tv\/beschreibung\/Gro%C3%9Fbritannien\/S%C3%BCdengland\/Gloucester\/Holiday_Inn_Gloucester_-_Cheltenham.html\" target=\"_blank\" rel=\"noreferrer noopener\">Holiday Inn Gloucester &#8211; Cheltenham<\/a> der perfekte Ort, um eure Energiereserven nach dem Rennen wieder aufzuladen. M\u00f6chtet ihr noch weitere Orte auf der Insel erkunden, findet ihr unter unseren <a href=\"https:\/\/www.sonnenklar.tv\/urlaub\/grossbritannien.html\" target=\"_blank\" rel=\"noreferrer noopener\">Gro\u00dfbritannien-Angeboten<\/a> sicherlich das Richtige.<\/p>\n\n\n\n<h3 class=\"wp-block-heading\"><a name=\"tag-der-toten\"><\/a>6. Tag der Toten \u201eD\u00eda de los Muertos\u201c in Mexiko: Farbenfroher Freudentag<\/h3>\n\n\n\n<p>Fr\u00f6hliche <strong>Umz\u00fcge<\/strong>, bunte <strong>Kost\u00fcme<\/strong> und ein farbenfrohes <strong>Blumenmeer<\/strong>: Nicht unbedingt das, was unsereins mit dem Gedenken an Verstorbene verbindet, \u2013 doch genauso wird der D\u00eda de los Muertos am <strong>2. November <\/strong>in Mexiko zelebriert. Bereits Mitte Oktober beginnen die Vorbereitungen, um die toten Angeh\u00f6rigen, die an diesem Tag aus dem Jenseits zur\u00fcckkehren sollen, angemessen zu begr\u00fc\u00dfen. <strong>Pappmach\u00e9-Skelette<\/strong> h\u00e4ngen an den Fenstern, die Menschen ziehen tanzend mit <strong>bunten Totenmasken<\/strong> durch die Stra\u00dfen und die ber\u00fchmte <strong>Skelett-Dame Calavera Catrina<\/strong> ist allgegenw\u00e4rtig. Auf den Friedh\u00f6fen werden euch die pr\u00e4chtig geschm\u00fcckten Alt\u00e4re \u201e<strong>Ofrendas<\/strong>\u201c auffallen: Die gelborangen Cempas\u00fachil-Blumen sollen mit ihrer Farbe und dem Duft den Verstorbenen den Weg weisen, Kerzen und Musik liefern die passende Stimmung und das Lieblingsgericht des Toten sowie das s\u00fc\u00dfe <strong>Pan de Muertos<\/strong> und Totensch\u00e4del aus Zucker sorgen f\u00fcr St\u00e4rkung.<\/p>\n\n\n<div class=\"wp-block-image\">\n<figure class=\"aligncenter\"><a href=\"https:\/\/www.sonnenklar.tv\/blog\/wp-content\/uploads\/2023\/07\/4487792-dekorierte-graeber-dia-de-los-muertos-mexiko.jpg\"><img loading=\"lazy\" decoding=\"async\" width=\"880\" height=\"450\" src=\"https:\/\/www.sonnenklar.tv\/blog\/wp-content\/uploads\/2023\/07\/4487792-dekorierte-graeber-dia-de-los-muertos-mexiko.jpg\" alt=\"Dekorierte Gr\u00e4ber in Mexiko zum D\u00eda de los Muertos\" class=\"wp-image-24699\" srcset=\"https:\/\/www.sonnenklar.tv\/blog\/wp-content\/uploads\/2023\/07\/4487792-dekorierte-graeber-dia-de-los-muertos-mexiko.jpg 880w, https:\/\/www.sonnenklar.tv\/blog\/wp-content\/uploads\/2023\/07\/4487792-dekorierte-graeber-dia-de-los-muertos-mexiko-300x153.jpg 300w, https:\/\/www.sonnenklar.tv\/blog\/wp-content\/uploads\/2023\/07\/4487792-dekorierte-graeber-dia-de-los-muertos-mexiko-768x393.jpg 768w\" sizes=\"(max-width: 880px) 100vw, 880px\" \/><\/a><figcaption class=\"wp-element-caption\">Liebe und Respekt f\u00fcr verstorbene Familienmitglieder werden in Mexiko u. a. mit bunt dekorierten Gr\u00e4bern ausgedr\u00fcckt<\/figcaption><\/figure>\n<\/div>\n\n\n<p>Seinen Ursprung hat das bunte Treiben in den Kulturen der Ureinwohner Mexikos, heutzutage ist es eine Mischung aus pr\u00e4hispanischen Riten und christlichen Festen und wurde sogar von der UNESCO zum <strong>immateriellen Kulturerbe der Menschheit<\/strong> ernannt. Wie genau dieses f\u00fcr uns so au\u00dfergew\u00f6hnlich erscheinende Event gestaltet wird, h\u00e4ngt von der jeweiligen Region ab. F\u00fcr eine herrlich urspr\u00fcngliche Stimmung k\u00f6nnen wir euch die kleine Gemeinde <strong>P\u00e1tzcuaro<\/strong> ans Herz legen, wo die Einheimischen in, mit Kerzen gezierten Kanus \u00fcber den P\u00e1tzcuaro-See zu einer Insel paddeln und dort auf einem Friedhof der Ureinwohner Nachtwache halten.<\/p>\n\n\n\n<p><strong>Lesetipp:<\/strong> Mexikos reiches historisches Erbe wird nicht nur am Tag der Toten lebendig, sondern auch an zahlreichen anderen Pl\u00e4tzen, wie unsere <a href=\"https:\/\/www.sonnenklar.tv\/blog\/mexiko-reisetipps\/\" target=\"_blank\" rel=\"noreferrer noopener\">Reisetipps f\u00fcr Mexiko<\/a> zeigen.<\/p>\n\n\n\n<p><strong>Hoteltipp<\/strong>: Ob Auszeit am Strand, kulturelle Einblicke oder gleich eine Rundreise: Unsere <a href=\"https:\/\/www.sonnenklar.tv\/urlaub\/mexiko.html\" target=\"_blank\" rel=\"noreferrer noopener\">Urlaubsangebote f\u00fcr Mexiko<\/a> machen alles m\u00f6glich.<\/p>\n\n\n\n<h3 class=\"wp-block-heading\"><a name=\"mardi-gras\"><\/a>7. Mardi Gras in New Orleans: Karneval auf Amerikanisch<\/h3>\n\n\n\n<p>Am Rosenmontag seid ihr voll in eurem Element und der Umzug geht immer viel zu schnell vorbei? Dann nichts wie nach New Orleans! Denn dort k\u00f6nnt ihr in den zwei Wochen vor dem Mardi Gras, dem \u201e<strong>Fetten Dienstag<\/strong>\u201c, fast t\u00e4glich bei mindestens einer Parade feiern, tanzen und euch verkleiden. So ausgelassen es auch zugeht, wenn die Stra\u00dfen sich mit fr\u00f6hlichen Menschen f\u00fcllen, bei der Auswahl eures Kost\u00fcms solltet ihr euch an die im Jahr 1872 zu den offiziellen Faschingsfarben gek\u00fcrten Farben <strong>Gelb, Gr\u00fcn und Lila<\/strong> halten.<\/p>\n\n\n<div class=\"wp-block-image\">\n<figure class=\"aligncenter\"><a href=\"https:\/\/www.sonnenklar.tv\/blog\/wp-content\/uploads\/2023\/07\/4889957-king-cake-mardi-gras.jpg\"><img loading=\"lazy\" decoding=\"async\" width=\"880\" height=\"450\" src=\"https:\/\/www.sonnenklar.tv\/blog\/wp-content\/uploads\/2023\/07\/4889957-king-cake-mardi-gras.jpg\" alt=\"Traditionelles Mardi-Gras-Geb\u00e4ck King\u2019s Cake\" class=\"wp-image-24711\" srcset=\"https:\/\/www.sonnenklar.tv\/blog\/wp-content\/uploads\/2023\/07\/4889957-king-cake-mardi-gras.jpg 880w, https:\/\/www.sonnenklar.tv\/blog\/wp-content\/uploads\/2023\/07\/4889957-king-cake-mardi-gras-300x153.jpg 300w, https:\/\/www.sonnenklar.tv\/blog\/wp-content\/uploads\/2023\/07\/4889957-king-cake-mardi-gras-768x393.jpg 768w\" sizes=\"(max-width: 880px) 100vw, 880px\" \/><\/a><figcaption class=\"wp-element-caption\">S\u00fc\u00df, farbenfroh und manchmal mit \u00fcberraschendem Inhalt: King\u2019s Cake<\/figcaption><\/figure>\n<\/div>\n\n\n<p>W\u00e4hrend es bei uns Kamelle regnet, werfen die als \u201e<strong>Krewes<\/strong>\u201c bezeichneten Karnevalsvereine in New Orleans gelbe, lila und gr\u00fcne <strong>Perlenketten<\/strong> von den kunstvoll gestalteten Festwagen. Die sind sogar noch begehrter als der legend\u00e4re <strong>Kings Cake<\/strong>, der selbstverst\u00e4ndlich ebenso in den oben genannten Farben verziert ist. Beim Hineinbei\u00dfen ist jedoch etwas Vorsicht geboten: Teilweise sind kleine Spielzeuge oder eine Mandel mit in den Teig gebacken. Steckt es in eurem St\u00fcck, k\u00f6nnt ihr euch stolz als \u201e<strong>K\u00f6nig des Tages<\/strong>\u201c bezeichnen. Zu verdanken habt ihr die so au\u00dfergew\u00f6hnliche Sause den franz\u00f6sischen Siedlern, die den Karneval nach New Orleans brachten. Mittlerweile z\u00e4hlt der Mardi Gras zu den wichtigsten Feiertagen der Stadt.<\/p>\n\n\n\n<p><strong>Tipp:<\/strong> Schafft ihr es zeitlich nicht zum Mardi Gras nach New Orleans, m\u00fcsst ihr dennoch nicht komplett darauf verzichten. Denn in der Mardi Gras World, wo ein Gro\u00dfteil der Wagen gebaut wird, herrscht das ganze Jahr \u00fcber Karneval. Sogar ein St\u00fcck des King Cakes k\u00f6nnt ihr dort probieren.<\/p>\n\n\n\n<p><strong>Hoteltipp:<\/strong> Einen besseren Ausgangspunkt f\u00fcr ausgelassene Mardi Gras Feiern als das <a href=\"https:\/\/www.sonnenklar.tv\/beschreibung\/USA\/Louisiana\/New_Orleans\/JW_Marriott_New_Orleans.html\" target=\"_blank\" rel=\"noreferrer noopener\">JW Marriott New Orleans<\/a> im Herzen des French Quarters werdet ihr kaum finden.<\/p>\n\n\n\n<p><strong>Tipp:<\/strong> Ihr habt schon eine Reisezeit ins Auge gefasst und fragt euch, wo ihr w\u00e4hrenddessen am meisten erleben k\u00f6nnt? In unserem <a href=\"https:\/\/www.sonnenklar.tv\/promo\/reisekalender.html\" target=\"_blank\" rel=\"noreferrer noopener\">Reisekalender<\/a> findet ihr f\u00fcr jeden Monat das passende Reiseziel.<\/p>\n\n\n\n<h2 class=\"wp-block-heading\">Fazit zu den au\u00dfergew\u00f6hnlichen Events weltweit<\/h2>\n\n\n\n<p>Jedes Land hat seine ganz eigenen Traditionen, die nicht selten in au\u00dfergew\u00f6hnlichen Events ihren Ausdruck finden \u2013 sei es aus geschichtlichen Gr\u00fcnden, mit religi\u00f6sem Hintergrund oder als Ausdruck purer Lebensfreude. Ganz egal, welche der Veranstaltungen ihr besucht: N\u00e4her k\u00f6nnt ihr der Kultur einer Region wohl kaum kommen und ganz nebenbei vergesst ihr sicherlich im Handumdrehen alle Alltagssorgen.<\/p>\n\n\n\n<p><strong>Reisetipp: <\/strong>Ihr m\u00f6chtet euch in eine v\u00f6llig andere Welt versetzen lassen oder braucht noch Inspiration f\u00fcr euer n\u00e4chstes Reiseziel? Dann klickt euch durch unsere <a href=\"https:\/\/www.sonnenklar.tv\/das-tvevent.html\">Eventreisen<\/a> und werdet schon bald Zeuge von fantastisch absurden Spektakeln.<\/p>\n","protected":false},"excerpt":{"rendered":"<p>Wann habt ihr das letzte Mal etwas Verr\u00fccktes getan und alles um euch herum vergessen? Im Alltag kommen au\u00dfergew\u00f6hnliche Erlebnisse meist viel zu kurz, dabei sind es doch diese Momente des Loslassens, die das Leben so lebenswert machen. Wenn es f\u00fcr euch mal wieder an der Zeit ist, ausgelassen zu tanzen, zu feiern und auf<\/p>\n","protected":false},"author":3,"featured_media":24714,"comment_status":"closed","ping_status":"open","sticky":false,"template":"","format":"standard","meta":{"footnotes":""},"categories":[697],"tags":[506,594,544,585,485,559,514,498,489,586,299],"class_list":{"0":"post-24675","1":"post","2":"type-post","3":"status-publish","4":"format-standard","5":"has-post-thumbnail","7":"category-reisetipps","8":"tag-aktivitaeten","9":"tag-england","10":"tag-indien","11":"tag-irland","12":"tag-kultururlaub","13":"tag-mexiko","14":"tag-partyurlaub","15":"tag-spanien","16":"tag-thailand","17":"tag-unterhaltung","18":"tag-usa"},"_links":{"self":[{"href":"https:\/\/www.sonnenklar.tv\/blog\/wp-json\/wp\/v2\/posts\/24675","targetHints":{"allow":["GET"]}}],"collection":[{"href":"https:\/\/www.sonnenklar.tv\/blog\/wp-json\/wp\/v2\/posts"}],"about":[{"href":"https:\/\/www.sonnenklar.tv\/blog\/wp-json\/wp\/v2\/types\/post"}],"author":[{"embeddable":true,"href":"https:\/\/www.sonnenklar.tv\/blog\/wp-json\/wp\/v2\/users\/3"}],"replies":[{"embeddable":true,"href":"https:\/\/www.sonnenklar.tv\/blog\/wp-json\/wp\/v2\/comments?post=24675"}],"version-history":[{"count":40,"href":"https:\/\/www.sonnenklar.tv\/blog\/wp-json\/wp\/v2\/posts\/24675\/revisions"}],"predecessor-version":[{"id":36935,"href":"https:\/\/www.sonnenklar.tv\/blog\/wp-json\/wp\/v2\/posts\/24675\/revisions\/36935"}],"wp:featuredmedia":[{"embeddable":true,"href":"https:\/\/www.sonnenklar.tv\/blog\/wp-json\/wp\/v2\/media\/24714"}],"wp:attachment":[{"href":"https:\/\/www.sonnenklar.tv\/blog\/wp-json\/wp\/v2\/media?parent=24675"}],"wp:term":[{"taxonomy":"category","embeddable":true,"href":"https:\/\/www.sonnenklar.tv\/blog\/wp-json\/wp\/v2\/categories?post=24675"},{"taxonomy":"post_tag","embeddable":true,"href":"https:\/\/www.sonnenklar.tv\/blog\/wp-json\/wp\/v2\/tags?post=24675"}],"curies":[{"name":"wp","href":"https:\/\/api.w.org\/{rel}","templated":true}]}}