{"id":24233,"date":"2023-07-05T09:00:18","date_gmt":"2023-07-05T08:00:18","guid":{"rendered":"https:\/\/www.sonnenklar.tv\/blog\/?p=24233"},"modified":"2025-11-28T15:41:30","modified_gmt":"2025-11-28T14:41:30","slug":"costa-rica-reisetipps","status":"publish","type":"post","link":"https:\/\/www.sonnenklar.tv\/blog\/reisetipps\/costa-rica-reisetipps\/","title":{"rendered":"Costa Rica: Reisetipps f\u00fcr die gr\u00fcne Schatztruhe Mittelamerikas"},"content":{"rendered":"\n<p><strong>Dichter Dschungel, brodelnde Vulkane, weite Str\u00e4nde und mystische Nebelw\u00e4lder: Wer sich auf die Suche nach Costa Rica Reisetipps begibt, mag kaum glauben, dass sich all diese Sch\u00e4tze in dem kleinen Staat, der nur etwas gr\u00f6\u00dfer als Niedersachsen ist, verbergen sollen. Dabei l\u00e4sst es der Name bereits vermuten: Obwohl Christoph Columbus im Jahr 1502 das Land aufgrund erhoffter Bodensch\u00e4tze zur \u201ereichen K\u00fcste\u201c ernannte, k\u00f6nnte die Bezeichnung kaum treffender sein, so reich an vielf\u00e4ltigen Erlebnissen ist Costa Rica.<\/strong><\/p>\n\n\n\n<p>Morgens den Br\u00fcllaffen lauschen, mittags zu verwunschenen Wasserf\u00e4llen wandern und abends malerische Sonnenunterg\u00e4nge am Strand erleben: Das Land zwischen Panama und Nicaragua macht es m\u00f6glich. Und zwar ganz ohne Stress. Denn getreu dem Lebensgef\u00fchl der Einheimischen \u201ePura Vida\u201c \u2013 \u201edas pure Leben\u201c \u2013 wird der Moment genossen und alles vollkommen entspannt angegangen. Kommt mit uns zu den Sehensw\u00fcrdigkeiten Costa Ricas, trinkt vorz\u00fcglichen Kaffee und badet in hei\u00dfen Quellen.<\/p>\n\n\n\n<p><strong>Inhaltsverzeichnis<\/strong><\/p>\n\n\n\n<ul class=\"wp-block-list\">\n<li>Die sch\u00f6nsten Regionen Costa Ricas: K\u00fcsten, Vulkane und Nebelw\u00e4lder\n<ul class=\"wp-block-list\">\n<li><a href=\"#lafortuna\">La Fortuna: Die Stadt am Vulkan<\/a><\/li>\n\n\n\n<li><a href=\"#monteverde\">Monteverde: Magischer Nebelwald<\/a><\/li>\n\n\n\n<li><a href=\"#nicoya\">Halbinsel Nicoya: Entschleunigung am Pazifik<\/a><\/li>\n<\/ul>\n<\/li>\n\n\n\n<li>Die sch\u00f6nsten Orte Costa Ricas: Trubel, Entspannung und bunte Farben\n<ul class=\"wp-block-list\">\n<li><a href=\"#san-jose\">San Jos\u00e9: Moderne Hauptstadt mit Tradition<\/a><\/li>\n\n\n\n<li><a href=\"#puerto-viejo\">Puerto Viejo de Talamanaca: Karibiktraum mit Hippie-Flair<\/a><\/li>\n\n\n\n<li><a href=\"#sarchi\">Sarchi: Kunterbunte Handwerkskunst<\/a><\/li>\n<\/ul>\n<\/li>\n\n\n\n<li>Die sch\u00f6nsten Str\u00e4nde Costa Ricas: Von schwarz bis wei\u00df\n<ul class=\"wp-block-list\">\n<li><a href=\"#playa-negra\">Playa Negra, Guanacaste: Vulkanschwarzes Surfer-Paradies<\/a><\/li>\n\n\n\n<li><a href=\"#playa-conchal\">Playa Conchal: Funkelnder Muscheltraum<\/a><\/li>\n\n\n\n<li><a href=\"#playa-manzanillo\">Playa Manzanillo: Entspanntes Taucheldorado<\/a><\/li>\n<\/ul>\n<\/li>\n\n\n\n<li>Aktivit\u00e4ten in Costa Rica: Naturerlebnisse f\u00fcr alle Sinne\n<ul class=\"wp-block-list\">\n<li><a href=\"#surfen-tauchen\">Surfen und Tauchen: Verwunschene Unterwasserwelten<\/a><\/li>\n\n\n\n<li><a href=\"#vulkanwanderungen\">Vulkanwanderungen: Brodelnde Naturgewalten<\/a><\/li>\n\n\n\n<li><a href=\"#tierbeobachtungen\">Tierbeobachtungen: Unvergleichlicher Artenreichtum<\/a><\/li>\n<\/ul>\n<\/li>\n\n\n\n<li>H\u00e4ufig gestellte Fragen zu Costa Ricas Reisetipps\n<ul class=\"wp-block-list\">\n<li><a href=\"#eigene-faust\">Kann man Costa Rica auf eigene Faust bereisen?<\/a><\/li>\n\n\n\n<li><a href=\"#reisezeit\">Was ist die beste Reisezeit f\u00fcr Costa Rica?<\/a><\/li>\n\n\n\n<li><a href=\"#dauer\">Wie lange sollte man in Costa Rica bleiben?<\/a><\/li>\n\n\n\n<li><a href=\"#sicherheit\">Ist Costa Rica sicher zum Reisen?<\/a><\/li>\n<\/ul>\n<\/li>\n<\/ul>\n\n\n\n<h2 class=\"wp-block-heading\">Das Wichtigste im \u00dcberblick<\/h2>\n\n\n\n<ul class=\"wp-block-list\">\n<li>Costa Rica vereint auf einer geringen Fl\u00e4che eine unglaublich gro\u00dfe Vielfalt an Landschaften, Pflanzen und Tieren.<\/li>\n\n\n\n<li>Magische Nebelw\u00e4lder, dichter Dschungel, majest\u00e4tische Vulkane und paradiesische Str\u00e4nde verz\u00fccken Naturliebhaber.<\/li>\n\n\n\n<li>Ob entspannt oder aktiv: Costa Rica l\u00e4sst sich auf die unterschiedlichsten Arten erkunden.<\/li>\n<\/ul>\n\n\n\n<h2 class=\"wp-block-heading\">Die sch\u00f6nsten Regionen Costa Ricas: K\u00fcsten, Vulkane und Nebelw\u00e4lder<\/h2>\n\n\n\n<p>Costa Rica besteht aus den sieben Provinzen San Jos\u00e9, Alajuela, Cartago, Heredia, Guanacaste, Puntarenas und Lim\u00f3n. Dabei zeichnet sich jede Region durch ihre eigenen klimatischen und geografischen Besonderheiten von vulkanischen Bergketten \u00fcber weite Kaffeeplantagen sowie tropischem Trocken- und Regenwald bis hin zu traumhaften Str\u00e4nden aus. Eines haben sie alle gemein: Sie verzaubern mit ihrer atemberaubenden Natur und den lebensfrohen Ticos, wie die Bewohner Costa Ricas genannt werden.<\/p>\n\n\n\n<h3 class=\"wp-block-heading\"><a name=\"lafortuna\"><\/a>La Fortuna: Die Stadt am Vulkan<\/h3>\n\n\n\n<p>Die kleine Stadt La Fortuna mitten in den Bergen verk\u00f6rpert wohl alles, was man sich von einem Reisetipp f\u00fcr Costa Rica erhofft: \u00dcppig gr\u00fcne, von <strong>Regenwald<\/strong> \u00fcberzogene H\u00e4nge sowie <strong>kleine D\u00f6rfer<\/strong> pr\u00e4gen die Landschaft und \u00fcber allem ragt die kegelf\u00f6rmige Spitze des<strong> Vulkans Arenal<\/strong> empor. Im St\u00e4dtchen selbst laden die Stra\u00dfen mit <strong>kleinen Boutiquen, Restaurants und Parks<\/strong> zum Schlendern ein, w\u00e4hrend sich in der Natur vor den Toren des Ortes eine Sehensw\u00fcrdigkeit an die andere reiht.<\/p>\n\n\n<div class=\"wp-block-image\">\n<figure class=\"aligncenter\"><a href=\"https:\/\/www.sonnenklar.tv\/blog\/wp-content\/uploads\/2023\/06\/GettyImages-153824056_Costa-Rica_La-Fortuna-with-View-of-Arenal-Volcano.jpg\"><img fetchpriority=\"high\" decoding=\"async\" width=\"880\" height=\"450\" src=\"https:\/\/www.sonnenklar.tv\/blog\/wp-content\/uploads\/2023\/06\/GettyImages-153824056_Costa-Rica_La-Fortuna-with-View-of-Arenal-Volcano.jpg\" alt=\"Blick von La Fortuna auf den Vulkan Arenal in Costa Rica\" class=\"wp-image-24406\" srcset=\"https:\/\/www.sonnenklar.tv\/blog\/wp-content\/uploads\/2023\/06\/GettyImages-153824056_Costa-Rica_La-Fortuna-with-View-of-Arenal-Volcano.jpg 880w, https:\/\/www.sonnenklar.tv\/blog\/wp-content\/uploads\/2023\/06\/GettyImages-153824056_Costa-Rica_La-Fortuna-with-View-of-Arenal-Volcano-300x153.jpg 300w, https:\/\/www.sonnenklar.tv\/blog\/wp-content\/uploads\/2023\/06\/GettyImages-153824056_Costa-Rica_La-Fortuna-with-View-of-Arenal-Volcano-768x393.jpg 768w\" sizes=\"(max-width: 880px) 100vw, 880px\" \/><\/a><figcaption class=\"wp-element-caption\">Atemberaubender Blick von La Fortuna auf den Vulkan Arenal<\/figcaption><\/figure>\n<\/div>\n\n\n<p>Wandert umgeben von sattem Gr\u00fcn und fidelen Br\u00fcllaffen \u00fcber <strong>H\u00e4ngebr\u00fccken<\/strong> durch die Baumwipfel des <strong>Dschungels<\/strong>, k\u00fchlt euch vor der Kulisse des 70 Meter in die Tiefe st\u00fcrzenden <strong>La Catarata de la Fortuna<\/strong> Wasserfalls ab und paddelt \u00fcber den mit 80 Quadratkilometer gr\u00f6\u00dften Binnensee Costa Ricas. Der <strong>Arenal See<\/strong> ist mit seinem von gr\u00fcn bis t\u00fcrkis schimmerndem Wasser nicht nur ein atemberaubender Hingucker, sondern auch einer der wichtigsten Energielieferanten des Landes. Euch steht der Sinn mehr nach einem hei\u00dfen Bad? Rund um La Fortuna gibt es unz\u00e4hlige <strong>Thermalquellen<\/strong>, in denen ihr umgeben von tropischen G\u00e4rten im wohltuenden Wasser des Arenal entspannen k\u00f6nnt.<\/p>\n\n\n\n<p><strong>Tipp:<\/strong> Die Gegend am Fu\u00dfe des Vulkans Arenal ist mit ihren Kaffee- und Kakaoplantagen eine kulinarische Schatztruhe. Auf gef\u00fchrten Touren verfolgt ihr den Weg von der Bohne zum k\u00f6stlichen Endprodukt, das ihr nat\u00fcrlich auch verkosten k\u00f6nnt.<\/p>\n\n\n\n<p><strong>Hoteltipp:<\/strong> Viele unserer <a href=\"https:\/\/www.sonnenklar.tv\/ort\/Costa_Rica\/La_Fortuna_Vulkan_Arenal.html\" target=\"_blank\" rel=\"noreferrer noopener\">Hotels in La Fortuna<\/a> sind mit ihren hei\u00dfen Quellen perfekt f\u00fcr eine Wellnessauszeit mit Blick auf den Vulkan Arenal.<\/p>\n\n\n\n<h3 class=\"wp-block-heading\"><a name=\"monteverde\"><\/a>Monteverde: Magischer Nebelwald<\/h3>\n\n\n\n<p>Weit oben in den Bergen, wo magische Nebelschwaden durch dichte W\u00e4lder ziehen, breitet sich mit dem Schutzgebiet Monteverde unser n\u00e4chster Reisetipp f\u00fcr Costa Rica aus. Hier geht es k\u00fchler und nasser zu als im Rest des Landes, denn aufgrund der sogenannten <strong>Wetterscheide<\/strong> wird die Gegend sowohl vom pazifischen als auch vom atlantischen Klima beeinflusst \u2013 beste Bedingungen f\u00fcr <strong>die rund 2.500 exotischen Pflanzenarten<\/strong>, die hier pr\u00e4chtig gedeihen.<\/p>\n\n\n<div class=\"wp-block-image\">\n<figure class=\"aligncenter\"><a href=\"https:\/\/www.sonnenklar.tv\/blog\/wp-content\/uploads\/2023\/06\/GettyImages-467009650-Monteverde-Costa-Rica.jpg\"><img decoding=\"async\" width=\"880\" height=\"450\" src=\"https:\/\/www.sonnenklar.tv\/blog\/wp-content\/uploads\/2023\/06\/GettyImages-467009650-Monteverde-Costa-Rica.jpg\" alt=\"H\u00e4ngebr\u00fccke im Monteverde-Nebelwald in Costa Rica\" class=\"wp-image-24407\" srcset=\"https:\/\/www.sonnenklar.tv\/blog\/wp-content\/uploads\/2023\/06\/GettyImages-467009650-Monteverde-Costa-Rica.jpg 880w, https:\/\/www.sonnenklar.tv\/blog\/wp-content\/uploads\/2023\/06\/GettyImages-467009650-Monteverde-Costa-Rica-300x153.jpg 300w, https:\/\/www.sonnenklar.tv\/blog\/wp-content\/uploads\/2023\/06\/GettyImages-467009650-Monteverde-Costa-Rica-768x393.jpg 768w\" sizes=\"(max-width: 880px) 100vw, 880px\" \/><\/a><figcaption class=\"wp-element-caption\">Beim \u00dcberqueren der H\u00e4ngebr\u00fccke im Monteverde-Nebelwald kommt ihr aus dem Staunen nicht heraus<\/figcaption><\/figure>\n<\/div>\n\n\n<p>Wenn ihr im <strong>Reserva Monteverde<\/strong> oder dem kleineren <strong>Reserva Santa Elena<\/strong> durch Farne sowie Orchideen und auf H\u00e4ngebr\u00fccken durch die Kronend\u00e4cher des Nebelwalds wandert, f\u00fchlt ihr euch wie in einem anderen Kosmos. Steht euch der Sinn nach Abenteuer, k\u00f6nnt ihr die M\u00e4rchenwelt an den Seilen der <strong>Zip Line<\/strong> noch einmal aus einer anderen Perspektive bewundern.<\/p>\n\n\n\n<p><strong>Hoteltipp:<\/strong> Das <a href=\"https:\/\/www.sonnenklar.tv\/beschreibung\/Costa_Rica\/Costa_Rica\/Monteverde\/El_Establo.html\" target=\"_blank\" rel=\"noreferrer noopener\">El Establo Mountain Hotel<\/a> ist euer perfekter Ausgangspunkt, um den Nebelwald von Monteverde in all seinen Facetten zu erkunden, \u2013 sei es bei gef\u00fchrten Nachtwanderungen oder auf der hoteleigenen Canopy Anlage.<\/p>\n\n\n\n<h3 class=\"wp-block-heading\"><a name=\"nicoya\"><\/a>Halbinsel Nicoya: Entschleunigung am Pazifik<\/h3>\n\n\n\n<p>Entschleunigung pur \u2013 das verspricht die Halbinsel Nicoya am Pazifik. Wenn ihr auf der Suche nach einem Costa Rica Reisetipp f\u00fcr entspannte Tage seid, seid ihr hier genau richtig. <strong>Unber\u00fchrte K\u00fcstenabschnitte<\/strong>, die sch\u00f6nsten Str\u00e4nde Costa Ricas<strong>, beste Surfbedingungen<\/strong> und gem\u00fctliche \u00d6rtchen lassen es kaum verwunderlich erscheinen, dass die Region zu einer der weltweit f\u00fcnf <strong>\u201eBlauen Zonen\u201c<\/strong> \u2013 Orte mit einer gro\u00dfen Anzahl an Einwohnern mit einem \u00fcberdurchschnittlich hohen Lebensalter \u2013 geh\u00f6rt.<\/p>\n\n\n<div class=\"wp-block-image\">\n<figure class=\"aligncenter\"><a href=\"https:\/\/www.sonnenklar.tv\/blog\/wp-content\/uploads\/2023\/06\/GettyImages-513409878-Playa-Nosara-Nicoya-Guanacaste-Costa-Rica.jpg\"><img decoding=\"async\" width=\"880\" height=\"450\" src=\"https:\/\/www.sonnenklar.tv\/blog\/wp-content\/uploads\/2023\/06\/GettyImages-513409878-Playa-Nosara-Nicoya-Guanacaste-Costa-Rica.jpg\" alt=\"Playa Nosara auf der Nicoya-Halbinsel in Costa Rica\" class=\"wp-image-24409\" srcset=\"https:\/\/www.sonnenklar.tv\/blog\/wp-content\/uploads\/2023\/06\/GettyImages-513409878-Playa-Nosara-Nicoya-Guanacaste-Costa-Rica.jpg 880w, https:\/\/www.sonnenklar.tv\/blog\/wp-content\/uploads\/2023\/06\/GettyImages-513409878-Playa-Nosara-Nicoya-Guanacaste-Costa-Rica-300x153.jpg 300w, https:\/\/www.sonnenklar.tv\/blog\/wp-content\/uploads\/2023\/06\/GettyImages-513409878-Playa-Nosara-Nicoya-Guanacaste-Costa-Rica-768x393.jpg 768w\" sizes=\"(max-width: 880px) 100vw, 880px\" \/><\/a><figcaption class=\"wp-element-caption\">Am Playa Nosara auf der Nicoya-Halbinsel l\u00e4sst es sich wunderbar entspannen und Schildkr\u00f6ten beobachten<\/figcaption><\/figure>\n<\/div>\n\n\n<p>Beobachtet an den Str\u00e4nden rund um <strong>Nosara<\/strong> zwischen Juni und Dezember tausende <strong>Schildkr\u00f6ten<\/strong> bei der Eiablage und st\u00f6bert im Hippie-Ort <strong>Montezuma<\/strong> durch traditionelle Handwerkskunst, w\u00e4hrend um euch die Affen herumturnen. Im <strong>Cabo Blanco Nationalpark<\/strong>, dem ersten Nationalpark Costa Ricas, k\u00f6nnt ihr durch den Dschungel wandern und im <strong>Barra Honda Nationalpark<\/strong> tropischen Trockenwald sowie \u00fcber Jahrtausende geformte Stalagmiten und Stalaktiten in <strong>Kalksteinh\u00f6hlen<\/strong> bewundern. Dazwischen findet ihr in kleinen Buchten immer wieder einen ruhigen Platz zum D\u00f6sen.<\/p>\n\n\n\n<p><strong>Tipp:<\/strong> Wer Lust auf einen Ausflug der etwas anderen Art hat, sollte der Isla Cabuya einen Besuch abstatten. Bei Ebbe erreicht ihr die kleine Insel innerhalb von rund 10 Minuten zu Fu\u00df. Dort angekommen erwartet euch ein mystischer Friedhof, auf dem bereits seit pr\u00e4kolumbianischer Zeit Einheimische ihre letzte Ruhest\u00e4tte finden.<\/p>\n\n\n\n<p><strong>Hoteltipp:<\/strong> Ungef\u00e4hr in der Mitte der Nicoya Halbinsel verspr\u00fcht der kleine Ort Samara an einer wundersch\u00f6nen Bucht eine besondere Stimmung. Im <a href=\"https:\/\/www.sonnenklar.tv\/beschreibung\/Costa_Rica\/Golf_Von_Nicoya_-_Nicoya-Halbinsel\/Playa_Samara\/Azura_Beach_Resort.html\" target=\"_blank\" rel=\"noreferrer noopener\">Azura Beach Resort<\/a> seid ihr als Erwachsene ganz unter euch und k\u00f6nnt euch umgeben von tropischer Vegetation mit einem Cocktail an den Pools entspannen und im Spa verw\u00f6hnen lassen.<\/p>\n\n\n\n<h2 class=\"wp-block-heading\">Die sch\u00f6nsten Orte Costa Ricas: Trubel, Entspannung und bunte Farben<\/h2>\n\n\n\n<p>Die kleinen D\u00f6rfchen und lebendigen St\u00e4dte Costa Ricas machen den Reiz des Landes vollkommen. Obwohl klassische Sehensw\u00fcrdigkeiten auf Costa Rica eher rar ges\u00e4t sind, habt ihr dennoch so einige M\u00f6glichkeiten, um arch\u00e4ologische Denkm\u00e4ler sowie religi\u00f6se Ruinen zu bewundern und durch Museen zu schlendern.<\/p>\n\n\n\n<h3 class=\"wp-block-heading\"><a name=\"san-jose\"><\/a>San Jos\u00e9: Moderne Hauptstadt mit Tradition<\/h3>\n\n\n\n<p>Zu welchen Sehensw\u00fcrdigkeiten Costa Ricas es euch auch zieht: Starten wird eure Reise sehr wahrscheinlich in der <strong>Hauptstadt<\/strong> San Jos\u00e9, wo sich der internationale Flughafen befindet. Im lebendigen \u201e<strong>Chepe<\/strong>\u201c, wie die Einwohner San Jos\u00e9 liebevoll nennen, ist der Puls der <strong>Moderne<\/strong> deutlich wahrnehmbar \u2013 gleichzeitig erz\u00e4hlen <strong>historische Geb\u00e4ude<\/strong> Geschichten der Vergangenheit. F\u00fcr Farbtupfer sorgen sowohl bunte <strong>Streetart-Kunstwerke<\/strong> als auch die karibisch anmutenden Holzh\u00e4user im <strong>Barrio Am\u00f3n<\/strong>.<\/p>\n\n\n<div class=\"wp-block-image\">\n<figure class=\"aligncenter\"><a href=\"https:\/\/www.sonnenklar.tv\/blog\/wp-content\/uploads\/2023\/06\/GettyImages-1051416356-San-Jose-Costa-Rica.jpg\"><img loading=\"lazy\" decoding=\"async\" width=\"880\" height=\"450\" src=\"https:\/\/www.sonnenklar.tv\/blog\/wp-content\/uploads\/2023\/06\/GettyImages-1051416356-San-Jose-Costa-Rica.jpg\" alt=\"Skyline von Costa Ricas Hauptstadt San Jos\u00e9\" class=\"wp-image-24411\" srcset=\"https:\/\/www.sonnenklar.tv\/blog\/wp-content\/uploads\/2023\/06\/GettyImages-1051416356-San-Jose-Costa-Rica.jpg 880w, https:\/\/www.sonnenklar.tv\/blog\/wp-content\/uploads\/2023\/06\/GettyImages-1051416356-San-Jose-Costa-Rica-300x153.jpg 300w, https:\/\/www.sonnenklar.tv\/blog\/wp-content\/uploads\/2023\/06\/GettyImages-1051416356-San-Jose-Costa-Rica-768x393.jpg 768w\" sizes=\"(max-width: 880px) 100vw, 880px\" \/><\/a><figcaption class=\"wp-element-caption\">Costa Ricas Hauptstadt San Jos\u00e9 ist eine ausgiebige Erkundung wert<\/figcaption><\/figure>\n<\/div>\n\n\n<p>Startet eure Besichtigungstour am besten an der <strong>Plaza de la Cultura<\/strong>. Habt ihr das Treiben von Gauklern, Musikern und Einheimischen ausreichend beobachtet, erreicht ihr von dem zentralen Platz die meisten Attraktionen bequem zu Fu\u00df. Zwischendurch k\u00f6nnt ihr euch im 72 Hektar gro\u00dfen <strong>La Sabana Metropolitan Park<\/strong> ausruhen und am <strong>Mercado Central<\/strong> mit lokalen K\u00f6stlichkeiten st\u00e4rken, bevor ihr den Abend in den Bars, Restaurants und Clubs in der Innenstadt ausklingen lasst.<\/p>\n\n\n\n<p><strong>Tipp:<\/strong> San Jos\u00e9 ist im Schachbrettmuster aufgebaut: Calles verlaufen von Nord nach S\u00fcd, Avenidas von Ost nach West.<\/p>\n\n\n\n<p><strong>Hoteltipp:<\/strong> Unsere <a href=\"https:\/\/www.sonnenklar.tv\/ort\/Rundreisen_Costa_Rica\/San_Jos%C3%A9_Costa_Rica.html\" target=\"_blank\" rel=\"noreferrer noopener\">Hotels in San Jos\u00e9<\/a> hei\u00dfen euch in eurem Lieblingsstadtteil willkommen, \u2013 ob direkt im Zentrum oder lieber etwas au\u00dferhalb.<\/p>\n\n\n\n<h3 class=\"wp-block-heading\"><a name=\"puerto-viejo\"><\/a>Puerto Viejo de Talamanaca: Karibiktraum mit Hippie-Flair<\/h3>\n\n\n\n<p>Fahrt ihr von San Jos\u00e9 vorbei an pr\u00e4chtigen <strong>Bananen- und Ananasplantagen<\/strong> zur Karibikk\u00fcste, erwartet euch an unserem n\u00e4chsten Reisetipp Puerto Viejo eine vollkommen andere Stimmung. In dem kleinen Ort nahe der Grenze zu Panama ticken die Uhren herrlich langsam und farbenfrohe H\u00e4uschen vermitteln <strong>Hippie-Flair<\/strong> \u2013 der Einfluss der Karibik l\u00e4sst sich nicht verleumden.<\/p>\n\n\n<div class=\"wp-block-image\">\n<figure class=\"aligncenter\"><a href=\"https:\/\/www.sonnenklar.tv\/blog\/wp-content\/uploads\/2023\/06\/GettyImages-1389949931-Puerto-Viejo-de-Talamanca.jpg\"><img loading=\"lazy\" decoding=\"async\" width=\"880\" height=\"450\" src=\"https:\/\/www.sonnenklar.tv\/blog\/wp-content\/uploads\/2023\/06\/GettyImages-1389949931-Puerto-Viejo-de-Talamanca.jpg\" alt=\"Boote am Playa Negra in Puerto Viejo de Talamanca in Costa Rica\" class=\"wp-image-24420\" srcset=\"https:\/\/www.sonnenklar.tv\/blog\/wp-content\/uploads\/2023\/06\/GettyImages-1389949931-Puerto-Viejo-de-Talamanca.jpg 880w, https:\/\/www.sonnenklar.tv\/blog\/wp-content\/uploads\/2023\/06\/GettyImages-1389949931-Puerto-Viejo-de-Talamanca-300x153.jpg 300w, https:\/\/www.sonnenklar.tv\/blog\/wp-content\/uploads\/2023\/06\/GettyImages-1389949931-Puerto-Viejo-de-Talamanca-768x393.jpg 768w\" sizes=\"(max-width: 880px) 100vw, 880px\" \/><\/a><figcaption class=\"wp-element-caption\">Eine entspannte Atmosph\u00e4re erwartet euch am Playa Negra in Puerto Viejo de Talamanca<\/figcaption><\/figure>\n<\/div>\n\n\n<p>Fahrt mit dem Fahrrad an der Uferstra\u00dfe mit ihren Shops und <strong>Sodas<\/strong> (kleine traditionelle Lokale) entlang zu den <strong>atemberaubenden Str\u00e4nden<\/strong> in der Umgebung und taucht im <strong>Bribri Reservat<\/strong> in die Traditionen des indigenen Volkes ein, bevor ihr bei Live-Musik die besondere abendliche Atmosph\u00e4re des Ortes in euch aufsaugt.<\/p>\n\n\n\n<p><strong>Tipp:<\/strong> Rund 20 Kilometer n\u00f6rdlich von Puerto Viejo k\u00f6nnt ihr im Nationalpark Cahuita Dschungellandschaften durchqueren, exotische Tiere beobachten und an wei\u00dfen Sandstr\u00e4nden entspannen.<\/p>\n\n\n\n<p><strong>Hoteltipp:<\/strong> \u00dcppiger Dschungel vor der Terrasse, der Ruf der Br\u00fcllaffen in der Ferne und den Playa Cocles nur einen kurzen Spaziergang entfernt: Im <a href=\"https:\/\/www.sonnenklar.tv\/beschreibung\/Costa_Rica\/Atlantikk%C3%BCste\/Puerto_Viejo_de_Talamanca\/Le_Cam%C3%A9l%C3%A9on_Boutique_Resort.html\" target=\"_blank\" rel=\"noreferrer noopener\">Le Cam\u00e9l\u00e9on Boutique Hotel<\/a> in Puerto Viejo erlebt ihr Costa Rica in all seinen Facetten. Das Guest Happiness Team sorgt daf\u00fcr, dass es euch garantiert an nichts mangelt.<\/p>\n\n\n\n<h3 class=\"wp-block-heading\"><a name=\"sarchi\"><\/a>Sarchi: Kunterbunte Handwerkstraditionen<\/h3>\n\n\n\n<p>St\u00f6bert ihr durch die Souvenirshops Costa Ricas, fallen euch bestimmt die kleinen, <strong>bunt verzierten Ochsenkarren<\/strong> ins Auge. Was genau es damit auf sich hat, verr\u00e4t ein Ausflug nach Sarchi. Obwohl der Ort in der Provinz Alajuela unter den Ticos als <strong>Zentrum des Kunsthandwerks<\/strong> gilt und ihr hier sogar Zeuge eines Weltrekords und eines Weltkulturerbes werdet, findet er als Costa Rica Reisetipp nicht allzu h\u00e4ufig Erw\u00e4hnung.<\/p>\n\n\n<div class=\"wp-block-image\">\n<figure class=\"aligncenter\"><a href=\"https:\/\/www.sonnenklar.tv\/blog\/wp-content\/uploads\/2023\/06\/GettyImages-516105240-Ochsenkarren-Sarchi-Costa-Rica.jpg\"><img loading=\"lazy\" decoding=\"async\" width=\"880\" height=\"450\" src=\"https:\/\/www.sonnenklar.tv\/blog\/wp-content\/uploads\/2023\/06\/GettyImages-516105240-Ochsenkarren-Sarchi-Costa-Rica.jpg\" alt=\"Traditionell bemalter Ochsenkarren in Sarchi in Costa Rica\" class=\"wp-image-24428\" srcset=\"https:\/\/www.sonnenklar.tv\/blog\/wp-content\/uploads\/2023\/06\/GettyImages-516105240-Ochsenkarren-Sarchi-Costa-Rica.jpg 880w, https:\/\/www.sonnenklar.tv\/blog\/wp-content\/uploads\/2023\/06\/GettyImages-516105240-Ochsenkarren-Sarchi-Costa-Rica-300x153.jpg 300w, https:\/\/www.sonnenklar.tv\/blog\/wp-content\/uploads\/2023\/06\/GettyImages-516105240-Ochsenkarren-Sarchi-Costa-Rica-768x393.jpg 768w\" sizes=\"(max-width: 880px) 100vw, 880px\" \/><\/a><figcaption class=\"wp-element-caption\">Traditionell bemalte Ochsenkarren zeugen von der hohen Handwerkskunst in Sarchi<\/figcaption><\/figure>\n<\/div>\n\n\n<p>N\u00e4hert ihr euch Sarchi, wird schnell klar: Hier geht es bunt zu<strong>. Farbenfrohe, geometrische Muster<\/strong> zieren die ganze Stadt \u2013 von den Stra\u00dfenschildern bis hin zur schmucken Kirche. Der gr\u00f6\u00dfte Stolz Sarchis jedoch sind die <strong>Carretas<\/strong>. Seit 1903 werden die Ochsenkarren hier gebaut und in m\u00fchevoller Handarbeit bemalt. Einst zum Transport von Zuckerrohr und Kaffee genutzt, haben sie sich zum Symbol f\u00fcr die <strong>Beharrlichkeit, Geduld und Fr\u00f6hlichkeit<\/strong> der Costa-Ricaner entwickelt und z\u00e4hlen seit 2005 sogar zum <strong>UNESCO-Weltkulturerbe<\/strong>. Und ihr k\u00f6nnt in den Werkst\u00e4tten den Handwerkern bei der Herstellung \u00fcber die Schulter schauen! Spaziert auch unbedingt zum Marktplatz: Dort erwartet euch der gr\u00f6\u00dfte und wohl bunteste Ochsenkarren der Welt!<\/p>\n\n\n\n<p><strong>Tipp:<\/strong> In Aktion erlebt ihr die bunten Carretas w\u00e4hrend verschiedener Volksfeste. In Escaz\u00fa nahe San Jos\u00e9 findet zum D\u00eda del Boyero Nacional jeden zweiten Sonntag im M\u00e4rz sogar eine ganz dem Ochsenkarren gewidmete Parade statt.<\/p>\n\n\n\n<h2 class=\"wp-block-heading\">Die sch\u00f6nsten Str\u00e4nde Costa Ricas: Von schwarz bis wei\u00df<\/h2>\n\n\n\n<p>Hohe Palmen, feinster Sand, kristallklares Wasser und das oftmals vor der Kulisse des Urwalds: Warum Costa Ricas Str\u00e4nde zu den sch\u00f6nsten der Welt z\u00e4hlen, bedarf wohl keiner weiteren Erkl\u00e4rung. Das Besondere: Ihr habt die freie Wahl, ob ihr lieber an der Ostk\u00fcste in den Karibischen Ozean oder an der Westk\u00fcste in den Pazifischen Ozean h\u00fcpfen m\u00f6chtet.<\/p>\n\n\n\n<h3 class=\"wp-block-heading\"><a name=\"playa-negra\"><\/a>Playa Negra, Guanacaste: Vulkanschwarzes Surfer-Paradies<\/h3>\n\n\n\n<p>Zugegeben, der Playa Negra in der Provinz Guacanaste entspricht auf den ersten Blick nicht unbedingt dem Inbegriff eines Paradiesstrandes. Denn sein Sand ist \u2013 wie es der Name bereits vermuten l\u00e4sst \u2013 nicht etwa puderzuckerwei\u00df, sondern schwarz. <strong>Vulkanschwarz<\/strong> genauer gesagt! Und gerade deshalb ist er aus unserer Sicht einen Reisetipp wert. Die Gelegenheit, euch im schwarzen Sand zu sonnen, habt ihr schlie\u00dflich nicht allzu oft und die Stimmung ist immer etwas mystisch.<\/p>\n\n\n<div class=\"wp-block-image\">\n<figure class=\"aligncenter\"><a href=\"https:\/\/www.sonnenklar.tv\/blog\/wp-content\/uploads\/2023\/06\/GettyImages-518289455-Playa-Negra-Guanacaste-Costa-Rica.jpg\"><img loading=\"lazy\" decoding=\"async\" width=\"880\" height=\"450\" src=\"https:\/\/www.sonnenklar.tv\/blog\/wp-content\/uploads\/2023\/06\/GettyImages-518289455-Playa-Negra-Guanacaste-Costa-Rica.jpg\" alt=\"Wellengang am Playa Negra in der Region Guanacaste in Costa Rica\" class=\"wp-image-24436\" srcset=\"https:\/\/www.sonnenklar.tv\/blog\/wp-content\/uploads\/2023\/06\/GettyImages-518289455-Playa-Negra-Guanacaste-Costa-Rica.jpg 880w, https:\/\/www.sonnenklar.tv\/blog\/wp-content\/uploads\/2023\/06\/GettyImages-518289455-Playa-Negra-Guanacaste-Costa-Rica-300x153.jpg 300w, https:\/\/www.sonnenklar.tv\/blog\/wp-content\/uploads\/2023\/06\/GettyImages-518289455-Playa-Negra-Guanacaste-Costa-Rica-768x393.jpg 768w\" sizes=\"(max-width: 880px) 100vw, 880px\" \/><\/a><figcaption class=\"wp-element-caption\">Der Wellengang am Playa Negra eignet sich hervorragend zum Surfen<\/figcaption><\/figure>\n<\/div>\n\n\n<p>Zum Schwimmen ist das Wasser aufgrund des Wellengangs zwar weniger gut geeignet, doch ebendieser l\u00e4sst die Herzen aller <strong>Surfer<\/strong> h\u00f6herschlagen. Nicht umsonst gilt der Playa Negra als einer der <strong>besten Surfstr\u00e4nde<\/strong> Costa Ricas, vor allem seit er im Jahr 1994 als Kulisse f\u00fcr den Filmklassiker Endless Summer II diente. Egal, ob ihr \u00fcber die Wellen reiten m\u00f6chtet, die Sonne auskosten wollt oder einfach das Au\u00dfergew\u00f6hnliche sucht: Ein Strandtag der Extraklasse ist euch gewiss!<\/p>\n\n\n\n<p><strong>Tipp:<\/strong> Ihr bevorzugt Baden gegen\u00fcber Surfen, m\u00f6chtet aber dennoch eure Zehen in schwarzem Sand vergraben? Dann findet ihr an der karibischen K\u00fcste nahe Cahuita einen weiteren Playa Negra mit perfekten Schwimmbedingungen.<\/p>\n\n\n\n<p><strong>Hoteltipp:<\/strong> In dem im Boho-Stil gestalteten <a href=\"https:\/\/www.sonnenklar.tv\/beschreibung\/Costa_Rica\/Costa_Rica\/Guanacaste\/Cafe_Playa_Negra.html\" target=\"_blank\" rel=\"noreferrer noopener\">Cafe Playa Negra<\/a> ganz in der N\u00e4he des Strands k\u00f6nnt ihr es euch zwischen euren Strandauszeiten und Erkundungstouren in einer der Cabanas am Pool gem\u00fctlich machen.<\/p>\n\n\n\n<h3 class=\"wp-block-heading\"><a name=\"playa-conchal\"><\/a>Playa Conchal: Funkelnder Muscheltraum<\/h3>\n\n\n\n<p>Der Playa Conchal an der Nordpazifikk\u00fcste Costa Ricas ist ein Strand, wie er im Buche steht, mit einem ganz besonderen Twist: Hier glitzert nicht nur das t\u00fcrkisfarbene Wasser, sondern auch der \u201eSand\u201c, der aus tausenden feinen wei\u00dfen sowie rosa <strong>Muschelsplittern<\/strong> besteht und dem Strand seinen Namen gab (\u201econchal\u201c bedeutet \u201eMuschel\u201c auf Spanisch). Auch die Affen, die zuweilen in den B\u00e4umen turnen, scheinen magisch davon angezogen zu werden.<\/p>\n\n\n<div class=\"wp-block-image\">\n<figure class=\"aligncenter\"><a href=\"https:\/\/www.sonnenklar.tv\/blog\/wp-content\/uploads\/2023\/06\/GettyImages-158433228-Playa-Conchal-Guanacaste-Costa-Rica.jpg\"><img loading=\"lazy\" decoding=\"async\" width=\"880\" height=\"450\" src=\"https:\/\/www.sonnenklar.tv\/blog\/wp-content\/uploads\/2023\/06\/GettyImages-158433228-Playa-Conchal-Guanacaste-Costa-Rica.jpg\" alt=\"Playa Conchal in der Region Guanacaste in Costa Rica\" class=\"wp-image-24459\" srcset=\"https:\/\/www.sonnenklar.tv\/blog\/wp-content\/uploads\/2023\/06\/GettyImages-158433228-Playa-Conchal-Guanacaste-Costa-Rica.jpg 880w, https:\/\/www.sonnenklar.tv\/blog\/wp-content\/uploads\/2023\/06\/GettyImages-158433228-Playa-Conchal-Guanacaste-Costa-Rica-300x153.jpg 300w, https:\/\/www.sonnenklar.tv\/blog\/wp-content\/uploads\/2023\/06\/GettyImages-158433228-Playa-Conchal-Guanacaste-Costa-Rica-768x393.jpg 768w\" sizes=\"(max-width: 880px) 100vw, 880px\" \/><\/a><figcaption class=\"wp-element-caption\">Der Playa Conchal verdankt seinen Namen den zahlreichen Muschelsplittern<\/figcaption><\/figure>\n<\/div>\n\n\n<p>Da keine direkte Zugangsstra\u00dfe zum Playa Conchal f\u00fchrt, umgibt den Strand zudem eine Aura der <strong>Exklusivit\u00e4t<\/strong>. Ganz zu schweigen davon, dass ihr euch direkt unter Palmen eine herrliche <strong>Massage<\/strong> g\u00f6nnen k\u00f6nnt. Badet im ruhigen Pazifik, erkundet die Unterwasserwelt beim <strong>Schnorcheln<\/strong> oder holt euch beim <strong>Jet Ski<\/strong> einen Adrenalinkick.<\/p>\n\n\n\n<p><strong>Hoteltipp:<\/strong> W\u00e4hrend der Pool des <a href=\"https:\/\/www.sonnenklar.tv\/beschreibung\/Costa_Rica\/Costa_Rica\/Playa_Conchal\/The_Westin_Golf_Resort_Spa_Playa_Conchal.html\" target=\"_blank\" rel=\"noreferrer noopener\">The Westin Golf Resort &amp; Spa Playa Conchal<\/a> mit dem Meer, das sich nur wenige Meter entfernt befindet, um die Wette glitzert, kommt ihr entweder auf dem 18-Loch-Golfplatz oder auf einem der Tennispl\u00e4tze in Schwung und im luxuri\u00f6sen Spa g\u00f6nnt ihr euch einmal Zeit nur f\u00fcr euch.<\/p>\n\n\n\n<h3 class=\"wp-block-heading\"><a name=\"playa-manzanillo\"><\/a>Playa Manzanillo: Entspanntes Taucheldorado<\/h3>\n\n\n\n<p>Nach schwarzem Vulkansand und wei\u00df-pinkem Muschelsand f\u00fchrt uns unser letzter Strand-Reisetipp f\u00fcr Costa Rica zu einem Mix aus <strong>beigem und schwarzem Sand<\/strong>. Rund 10 Kilometer Luftlinie von der Grenze Panamas entfernt, findet ihr euch am Playa Manzanillo dank der schwachen Str\u00f6mung, des sauberen Wassers und des <strong>eindrucksvollen Riffs<\/strong> als begeisterte <strong>Schnorchler oder Taucher<\/strong> im absoluten Paradies wieder.<\/p>\n\n\n<div class=\"wp-block-image\">\n<figure class=\"aligncenter\"><a href=\"https:\/\/www.sonnenklar.tv\/blog\/wp-content\/uploads\/2023\/06\/GettyImages-480157204-Playa-Manzanillo-Costa-Rica.jpg\"><img loading=\"lazy\" decoding=\"async\" width=\"880\" height=\"450\" src=\"https:\/\/www.sonnenklar.tv\/blog\/wp-content\/uploads\/2023\/06\/GettyImages-480157204-Playa-Manzanillo-Costa-Rica.jpg\" alt=\"Playa Manzanillo in Costa Rica\" class=\"wp-image-24460\" srcset=\"https:\/\/www.sonnenklar.tv\/blog\/wp-content\/uploads\/2023\/06\/GettyImages-480157204-Playa-Manzanillo-Costa-Rica.jpg 880w, https:\/\/www.sonnenklar.tv\/blog\/wp-content\/uploads\/2023\/06\/GettyImages-480157204-Playa-Manzanillo-Costa-Rica-800x409.jpg 800w, https:\/\/www.sonnenklar.tv\/blog\/wp-content\/uploads\/2023\/06\/GettyImages-480157204-Playa-Manzanillo-Costa-Rica-18x9.jpg 18w, https:\/\/www.sonnenklar.tv\/blog\/wp-content\/uploads\/2023\/06\/GettyImages-480157204-Playa-Manzanillo-Costa-Rica-150x77.jpg 150w, https:\/\/www.sonnenklar.tv\/blog\/wp-content\/uploads\/2023\/06\/GettyImages-480157204-Playa-Manzanillo-Costa-Rica-450x230.jpg 450w, https:\/\/www.sonnenklar.tv\/blog\/wp-content\/uploads\/2023\/06\/GettyImages-480157204-Playa-Manzanillo-Costa-Rica-768x393.jpg 768w, https:\/\/www.sonnenklar.tv\/blog\/wp-content\/uploads\/2023\/06\/GettyImages-480157204-Playa-Manzanillo-Costa-Rica-300x153.jpg 300w\" sizes=\"(max-width: 880px) 100vw, 880px\" \/><\/a><figcaption class=\"wp-element-caption\">Der Playa Manzanillo beeindruckt vor allem mit seiner farbenfrohen Unterwasserwelt<\/figcaption><\/figure>\n<\/div>\n\n\n<p>Im \u00f6stlichen Teil des Strandes in der Mitte des Ortes k\u00f6nnt ihr es euch an den Steintischen beim <strong>Picknick unter Palmen<\/strong> gut gehen lassen und eine Runde Volleyball oder Fu\u00dfball spielen. Seid ihr auf der Suche nach vollkommener Entspannung, seid ihr im westlichen Teil richtig, wo es herrlich ruhig zugeht.<\/p>\n\n\n\n<p><strong>Tipp:<\/strong> Nicht nur die Unterwasserwelt am Playa Manzanillo ist bunt. An dem Strand befindet sich seit Ende 2017 zudem das Schiffswrack der \u201eYicel\u201c, das damals am Sinken gehindert werden sollte. Heute ist es teilweise im Sand versunken und mit seinen bunten Graffitis ein geheimnisvoller Hingucker.<\/p>\n\n\n\n<h2 class=\"wp-block-heading\">Aktivit\u00e4ten in Costa Rica: Naturerlebnisse f\u00fcr alle Sinne<\/h2>\n\n\n\n<p>Eine von Vulkanen gepr\u00e4gte Vegetation, viele endemische Tierarten und knapp 30 Nationalparks: Costa Rica ist einer der wohl spektakul\u00e4rsten Reisetipps f\u00fcr Naturliebhaber und an M\u00f6glichkeiten, die wundervollen Landschaften mit allen Sinnen zu erleben, mangelt es nicht. Schlie\u00dflich ist den Ticos ihre Natur sehr wichtig und zahlreich getroffene Ma\u00dfnahmen machen Costa Rica zu einem der umweltfreundlichsten L\u00e4nder Zentralamerikas.<\/p>\n\n\n\n<h3 class=\"wp-block-heading\"><a name=\"surfen-tauchen\"><\/a>Surfen und Tauchen: Verwunschene Wasserwelten<\/h3>\n\n\n\n<p>Dass Costa Rica ein Traum zum Surfen und Tauchen ist, ist bereits in unseren Strandtipps angeklungen. Surfer werden insbesondere von der <strong>Pazifikk\u00fcste<\/strong> mit einer traumhaften Brandung verw\u00f6hnt. Vor allem <strong>Tamarindo<\/strong>, <strong>Manuel Antonio<\/strong> und <strong>Playa Hermosa<\/strong> z\u00e4hlen zu den absoluten Lieblingen der Wellenreiter. Doch auch an der Karibikk\u00fcste stehen eure Chancen f\u00fcr die perfekte Welle nicht schlecht, zum Beispiel bei<strong> Puerto Viejo<\/strong>.<\/p>\n\n\n<div class=\"wp-block-image\">\n<figure class=\"aligncenter\"><a href=\"https:\/\/www.sonnenklar.tv\/blog\/wp-content\/uploads\/2023\/06\/GettyImages-626694521-Unterwasserwelt-Isla-Tortuga-Costa-Rica.jpg\"><img loading=\"lazy\" decoding=\"async\" width=\"880\" height=\"450\" src=\"https:\/\/www.sonnenklar.tv\/blog\/wp-content\/uploads\/2023\/06\/GettyImages-626694521-Unterwasserwelt-Isla-Tortuga-Costa-Rica.jpg\" alt=\"Bunte Unterwasserwelt aufIsla Tortuga in Costa Rica\" class=\"wp-image-24461\" srcset=\"https:\/\/www.sonnenklar.tv\/blog\/wp-content\/uploads\/2023\/06\/GettyImages-626694521-Unterwasserwelt-Isla-Tortuga-Costa-Rica.jpg 880w, https:\/\/www.sonnenklar.tv\/blog\/wp-content\/uploads\/2023\/06\/GettyImages-626694521-Unterwasserwelt-Isla-Tortuga-Costa-Rica-300x153.jpg 300w, https:\/\/www.sonnenklar.tv\/blog\/wp-content\/uploads\/2023\/06\/GettyImages-626694521-Unterwasserwelt-Isla-Tortuga-Costa-Rica-768x393.jpg 768w\" sizes=\"(max-width: 880px) 100vw, 880px\" \/><\/a><figcaption class=\"wp-element-caption\">Die bunte Unterwasserwelt bei der Isla Tortuga verspricht einmalige Taucherlebnisse<\/figcaption><\/figure>\n<\/div>\n\n\n<p>Zieht es euch unter die Wasseroberfl\u00e4che, findet ihr rund um die <strong>Isla del Ca\u00f1o<\/strong> und die <strong>Isla Tortuga<\/strong> eine farbenfrohe Unterwasserwelt vor, die magische Taucherlebnisse garantiert. Zwischen intakten <strong>Korallenriffen<\/strong> begegnet ihr hin und wieder sogar Mantarochen und Delfinen und k\u00f6nnt <strong>verwunschene Wracks<\/strong> erkunden. An der Karibikk\u00fcste ist die Region <strong>Lim\u00f3n<\/strong> ein Tauch-Eldorado, wobei vor allem das etwa 6 Quadratkilometer gro\u00dfe Riff im <strong>Cahuita Nationalpark<\/strong> mit einem atemberaubenden Anblick nach dem anderen \u00fcberrascht.<\/p>\n\n\n\n<p><strong>Hoteltipp:<\/strong> Mit Blick auf den Hermosa Beach ist das <a href=\"https:\/\/www.sonnenklar.tv\/beschreibung\/Costa_Rica\/Costa_Rica\/Playa_Hermosa\/Bosque_del_Mar.html\" target=\"_blank\" rel=\"noreferrer noopener\">Hotel Bosque del Mar<\/a> wie gemacht, um die Wellen des Pazifiks zu erobern.<\/p>\n\n\n\n<h3 class=\"wp-block-heading\"><a name=\"vulkanwanderungen\"><\/a>Vulkanwanderungen: Brodelnde Naturgewalten<\/h3>\n\n\n\n<p>Die Lage auf dem sogenannten <strong>Pazifischen Feuerring<\/strong> und \u00fcber hundert \u2013 teilweise noch aktive \u2013 Vulkane sind verantwortlich daf\u00fcr, dass Costa Rica der ultimative Reisetipp f\u00fcr unvergessliche Vulkanwanderungen ist. In den wundersch\u00f6nen <strong>Nationalparks<\/strong>, die sie umgeben, wandert ihr durch <strong>Nebel- und Regenwald<\/strong>, stolziert \u00fcber faszinierende <strong>Lavabrocken<\/strong>, \u00fcberquert rauschende Fl\u00fcsse und lasst euch von hinabst\u00fcrzenden <strong>Wasserf\u00e4llen<\/strong> den Atem rauben.<\/p>\n\n\n<div class=\"wp-block-image\">\n<figure class=\"aligncenter\"><a href=\"https:\/\/www.sonnenklar.tv\/blog\/wp-content\/uploads\/2023\/06\/GettyImages-891999972-Celeste-Wasserfall-im-Tenorio-Nationalpark-in-Costa-Rica.jpg\"><img loading=\"lazy\" decoding=\"async\" width=\"880\" height=\"450\" src=\"https:\/\/www.sonnenklar.tv\/blog\/wp-content\/uploads\/2023\/06\/GettyImages-891999972-Celeste-Wasserfall-im-Tenorio-Nationalpark-in-Costa-Rica.jpg\" alt=\"Wasserfall R\u00edo Celeste im Tenorio-Nationalpark in Costa Rica\" class=\"wp-image-24466\" srcset=\"https:\/\/www.sonnenklar.tv\/blog\/wp-content\/uploads\/2023\/06\/GettyImages-891999972-Celeste-Wasserfall-im-Tenorio-Nationalpark-in-Costa-Rica.jpg 880w, https:\/\/www.sonnenklar.tv\/blog\/wp-content\/uploads\/2023\/06\/GettyImages-891999972-Celeste-Wasserfall-im-Tenorio-Nationalpark-in-Costa-Rica-300x153.jpg 300w, https:\/\/www.sonnenklar.tv\/blog\/wp-content\/uploads\/2023\/06\/GettyImages-891999972-Celeste-Wasserfall-im-Tenorio-Nationalpark-in-Costa-Rica-768x393.jpg 768w\" sizes=\"(max-width: 880px) 100vw, 880px\" \/><\/a><figcaption class=\"wp-element-caption\">Eine Wanderung durch den Regenwald f\u00fchrt euch zum Wasserfall R\u00edo Celeste im Tenorio-Nationalpark<\/figcaption><\/figure>\n<\/div>\n\n\n<p>Rund um die weithin sichtbare kegelf\u00f6rmige Spitze des <strong>Vulkans Arenal<\/strong> f\u00fchlt ihr euch inmitten einer bezaubernden Tier- und Pflanzenwelt in l\u00e4ngst vergangene Zeiten zur\u00fcckversetzt und im <strong>Tenorio Vulcano Nationalpark<\/strong> f\u00fchrt euch ein Wanderweg durch den Regenwald hin zum in au\u00dfergew\u00f6hnlichem T\u00fcrkisblau schimmernden <strong>Celeste Wasserfall<\/strong>. Der H\u00f6hepunkt ist jedoch sicherlich eine morgendliche Tour auf den h\u00f6chsten Vulkan des Landes: Bevor sich die Wolken um ihn herum sammeln, k\u00f6nnt ihr vom Kraterrand des <strong>Iraz\u00fa<\/strong> sowohl den Pazifischen als auch den Atlantischen Ozean erblicken!<\/p>\n\n\n\n<p><strong>Hoteltipp:<\/strong> Mit dem Vulkan Arenal vor Augen k\u00f6nnt ihr nach euren Wanderungen in den 11 Thermalbecken des <a href=\"https:\/\/www.sonnenklar.tv\/beschreibung\/Costa_Rica\/Landesinnere\/La_Fortuna_De_San_Carlos\/Arenal_Paraiso.html\" target=\"_blank\" rel=\"noreferrer noopener\">Arenal Paraiso<\/a> die wohltuende Wirkung des vom Vulkan gespeisten Wassers sp\u00fcren.<\/p>\n\n\n\n<p><strong>Lesetipp:<\/strong> Auch in diesen <a href=\"https:\/\/www.sonnenklar.tv\/blog\/europas-schoenste-nationalparks\/\" target=\"_blank\" rel=\"noreferrer noopener\">Nationalparks in Europa<\/a> erwarten euch so einige spektakul\u00e4re Naturschauspiele.<\/p>\n\n\n\n<h3 class=\"wp-block-heading\"><strong><a name=\"tierbeobachtungen\"><\/a>Tierbeobachtungen: Unvergleichlicher Artenreichtum<\/strong><\/h3>\n\n\n\n<p><strong>Bei der Aussicht darauf, <\/strong>gem\u00fctliche Faultiere, quietschfidele \u00c4ffchen und elegante Wildkatzen in freier Wildbahn beobachten zu k\u00f6nnen, bekommt ihr gl\u00e4nzende Augen? Dabei ist das lediglich ein Bruchteil der <strong>\u00fcber 500.000 unterschiedlichen Tierarten<\/strong> \u2013 darunter \u00fcber 860 verschiedene Vogelarten \u2013, die sich in Costa Ricas W\u00e4ldern, Fl\u00fcssen und Meeren tummeln. Rund 5 % aller Tierarten dieser Erde sind hier beheimatet \u2013 besser k\u00f6nnten die Voraussetzungen f\u00fcr au\u00dfergew\u00f6hnliche Tiersichtungen nicht sein!<\/p>\n\n\n\n<p><strong>Tipp:<\/strong> M\u00f6chtet ihr die Tierwelt Costa Ricas in all ihren Facetten kennenlernen, ist eine gef\u00fchrte Tour empfehlenswert, damit ihr die sich perfekt tarnenden \u00dcberlebensk\u00fcnstler nicht \u00fcberseht. Dann bekommt ihr vielleicht sogar den Quetzal, den wohl seltensten Vogel der Welt, zu Gesicht.<\/p>\n\n\n<div class=\"wp-block-image\">\n<figure class=\"aligncenter\"><a href=\"https:\/\/www.sonnenklar.tv\/blog\/wp-content\/uploads\/2023\/06\/GettyImages-133573179_Meeresschildkroete_Tortuguero-Nationalpark-Costa-Rica.jpg\"><img loading=\"lazy\" decoding=\"async\" width=\"880\" height=\"450\" src=\"https:\/\/www.sonnenklar.tv\/blog\/wp-content\/uploads\/2023\/06\/GettyImages-133573179_Meeresschildkroete_Tortuguero-Nationalpark-Costa-Rica.jpg\" alt=\"Meeresschildkr\u00f6te im Tortuguero-Nationalpark in Costa Rica\" class=\"wp-image-24464\" srcset=\"https:\/\/www.sonnenklar.tv\/blog\/wp-content\/uploads\/2023\/06\/GettyImages-133573179_Meeresschildkroete_Tortuguero-Nationalpark-Costa-Rica.jpg 880w, https:\/\/www.sonnenklar.tv\/blog\/wp-content\/uploads\/2023\/06\/GettyImages-133573179_Meeresschildkroete_Tortuguero-Nationalpark-Costa-Rica-300x153.jpg 300w, https:\/\/www.sonnenklar.tv\/blog\/wp-content\/uploads\/2023\/06\/GettyImages-133573179_Meeresschildkroete_Tortuguero-Nationalpark-Costa-Rica-768x393.jpg 768w\" sizes=\"(max-width: 880px) 100vw, 880px\" \/><\/a><figcaption class=\"wp-element-caption\">Mit etwas Gl\u00fcck lassen sich Meeresschildkr\u00f6ten im Tortuguero-Nationalpark bei der Eiablage beobachten<\/figcaption><\/figure>\n<\/div>\n\n\n<p>Im Nordosten Costa Ricas habt ihr zwischen Juni und Oktober im nur per Boot oder Flugzeug zug\u00e4nglichen <strong>Nationalpark Tortuguero<\/strong> die seltene Gelegenheit, <strong>tausende<\/strong> <strong>Meeresschildkr\u00f6ten<\/strong> bei der Eiablage zu beobachten. Besonders gut stehen die Chancen auf tierische Begegnungen zudem im <strong>Nationalpark Corcovado<\/strong>, der zu den artenreichsten Orten der Welt z\u00e4hlt und neben dem <strong>Nationalpark Marino Ballena<\/strong> als ultimativer Reisetipp zum <strong>Whale Watching<\/strong> in Costa Rica gilt.<\/p>\n\n\n\n<p><strong>Tipp:<\/strong> Am unkompliziertesten erreicht ihr die Nationalparks Costa Ricas mit einem Gel\u00e4ndewagen. Unter unseren <a href=\"https:\/\/www.sonnenklar.tv\/mietwagen.html\" target=\"_blank\" rel=\"noreferrer noopener\">Mietwagen-Angeboten<\/a> findet ihr auch gel\u00e4ndeg\u00e4ngige Fahrzeuge. M\u00f6chtet ihr nicht selbst fahren, f\u00fchren euch unsere <a href=\"https:\/\/www.sonnenklar.tv\/promo\/costa-rica-rundreisen.html\" target=\"_blank\" rel=\"noreferrer noopener\">Costa Rica-Rundreisen<\/a> per Boot und Bus zu den sch\u00f6nsten Ecken des Landes.<\/p>\n\n\n\n<p><strong>Lesetipp:<\/strong> Noch mehr Costa Rica-Tipps bekommt ihr im Blogbeitrag unserer Kollegin Judith, in dem sie von den pers\u00f6nlichen Highlights ihrer Rundreise berichtet. Lest ihren <a href=\"https:\/\/www.sonnenklar.tv\/blog\/costa-rica-reisebericht\/\" target=\"_blank\" rel=\"noreferrer noopener\">Reisebericht \u00fcber Costa Rica<\/a>.<\/p>\n\n\n\n<h2 class=\"wp-block-heading\">H\u00e4ufig gestellte Fragen zu Costa Ricas Reisetipps<\/h2>\n\n\n\n<p>Kleines Land, unheimlich viel zu sehen und als Reiseziel noch eher unbekannt. Kein Wunder, dass sich vor einem Trip nach Costa Rica die ein oder andere Frage ergibt. Wir beantworten euch die wichtigsten.<\/p>\n\n\n\n<h3 class=\"wp-block-heading\"><a name=\"eigene-faust\"><\/a>Kann man Costa Rica auf eigene Faust bereisen?<\/h3>\n\n\n\n<p>Da Costa Rica <strong>verh\u00e4ltnism\u00e4\u00dfig klein<\/strong> ist, ist das Land ideal geeignet, um es selbst ohne Inlandsfl\u00fcge und mit <strong>geringen Fahrzeiten<\/strong> auf eigene Faust zu bereisen. Empfehlenswert ist ein <strong>Gel\u00e4ndewagen<\/strong>, damit ihr in der Reiseroute nicht eingeschr\u00e4nkt seid. Bei einem Aufenthalt von bis zu drei Monaten reicht euer <strong>deutscher F\u00fchrerschein<\/strong> in Verbindung mit eurem Reisepass, dennoch ist es empfehlenswert, einen internationalen F\u00fchrerschein dabeizuhaben.<\/p>\n\n\n<div class=\"wp-block-image\">\n<figure class=\"aligncenter\"><a href=\"https:\/\/www.sonnenklar.tv\/blog\/wp-content\/uploads\/2023\/06\/GettyImages-176800186-Gelaendewagen-in-Costa-Rica.jpg\"><img loading=\"lazy\" decoding=\"async\" width=\"880\" height=\"450\" src=\"https:\/\/www.sonnenklar.tv\/blog\/wp-content\/uploads\/2023\/06\/GettyImages-176800186-Gelaendewagen-in-Costa-Rica.jpg\" alt=\"Gel\u00e4ndewagen im Dschungel von Costa Rica\" class=\"wp-image-24471\" srcset=\"https:\/\/www.sonnenklar.tv\/blog\/wp-content\/uploads\/2023\/06\/GettyImages-176800186-Gelaendewagen-in-Costa-Rica.jpg 880w, https:\/\/www.sonnenklar.tv\/blog\/wp-content\/uploads\/2023\/06\/GettyImages-176800186-Gelaendewagen-in-Costa-Rica-300x153.jpg 300w, https:\/\/www.sonnenklar.tv\/blog\/wp-content\/uploads\/2023\/06\/GettyImages-176800186-Gelaendewagen-in-Costa-Rica-768x393.jpg 768w\" sizes=\"(max-width: 880px) 100vw, 880px\" \/><\/a><figcaption class=\"wp-element-caption\">Ein Gel\u00e4ndewagen eignet sich bestens f\u00fcr die Erkundung Costa Ricas<\/figcaption><\/figure>\n<\/div>\n\n\n<p>Kosteng\u00fcnstiger, daf\u00fcr aber auch weniger komfortabel als mit dem Mietwagen seid ihr mit dem <strong>Bus<\/strong> unterwegs, wobei ihr damit nicht alle Ziele erreicht. Die Verst\u00e4ndigung gestaltet sich vor allem in den touristischen Gebieten relativ problemlos auf <strong>Englisch<\/strong>, Grundkenntnisse der <strong>Landessprache Spanisch<\/strong> sind jedoch immer von Vorteil. Die Costa Ricaner sind aber im Allgemeinen sehr offen und hilfsbereit, sodass ihr euch auch mit H\u00e4nden und F\u00fc\u00dfen verst\u00e4ndigen k\u00f6nnt.<\/p>\n\n\n\n<h3 class=\"wp-block-heading\"><a name=\"reisezeit\"><\/a>Was ist die beste Reisezeit f\u00fcr Costa Rica?<\/h3>\n\n\n\n<p>In Costa Rica herrscht <strong>tropisches Klima<\/strong> und das Wetter l\u00e4sst sich in zwei Perioden aufteilen: Die <strong>Trockenzeit<\/strong> (\u201eVerano\u201c = Sommer) von Dezember bis April und die <strong>Regenzeit<\/strong> (\u201eInvierno\u201c = Winter) zwischen Mai und November. W\u00e4hrend es in der Trockenzeit \u00fcberwiegend trocken und warm mit Temperaturen zwischen 25 \u00b0C und 30 \u00b0C ist, kommt es in der Regenzeit vermehrt zu Schauern und Gewittern.<\/p>\n\n\n\n<p>Bei eurer Reiseplanung solltet ihr zudem beachten, dass es <strong>regionale Unterschiede<\/strong> gibt. So regnet es an der Karibikk\u00fcste h\u00e4ufiger \u2013 auch in der Trockenzeit \u2013 und in den H\u00f6henlagen herrschen niedrigere Temperaturen. Im Allgemeinen gilt die <strong>Trockenzeit als beste Reisezeit<\/strong>, doch je nachdem, was ihr vorhabt, k\u00f6nnen auch andere Zeitr\u00e4ume f\u00fcr eure Reise empfehlenswert sein:<\/p>\n\n\n\n<table id=\"tablepress-399\" class=\"tablepress tablepress-id-399\">\n<thead>\n<tr class=\"row-1\">\n\t<th class=\"column-1\">Unternehmung<\/th><th class=\"column-2\">Beste Reisezeit<\/th><th class=\"column-3\">Wetterlage<\/th>\n<\/tr>\n<\/thead>\n<tbody class=\"row-striping row-hover\">\n<tr class=\"row-2\">\n\t<td class=\"column-1\"><strong>Tier- und Pflanzenwelt im Regenwald erkunden<\/strong><\/td><td class=\"column-2\">April bis August und Mai bis November<br \/>\n<br \/>\nGgf. Chancen f\u00fcr Sichtungen bestimmter Tierarten beachten.<\/td><td class=\"column-3\">Kurze Regeschauer, intensiv gr\u00fcne Natur<\/td>\n<\/tr>\n<tr class=\"row-3\">\n\t<td class=\"column-1\"><strong>Vulkanwanderungen<\/strong><\/td><td class=\"column-2\">Juli und August<\/td><td class=\"column-3\">Best\u00e4ndigste Periode in der zentralen Hochebene<\/td>\n<\/tr>\n<tr class=\"row-4\">\n\t<td class=\"column-1\"><strong>Baden und Sonnen<\/strong><\/td><td class=\"column-2\">Pazifikk\u00fcste: Dezember bis April<br \/>\n<br \/>\nKaribikk\u00fcste: Februar bis April und September bis Oktober<\/td><td class=\"column-3\">Wenig Regen, Sonnenschein, angenehme Wassertemperaturen<\/td>\n<\/tr>\n<tr class=\"row-5\">\n\t<td class=\"column-1\"><strong>Surfen<\/strong><\/td><td class=\"column-2\">Pazifikk\u00fcste: April bis August<br \/>\n<br \/>\nKaribikk\u00fcste: Dezember bis M\u00e4rz<\/td><td class=\"column-3\">Beste Wellen<\/td>\n<\/tr>\n<tr class=\"row-6\">\n\t<td class=\"column-1\"><strong>Rundreisen<\/strong><\/td><td class=\"column-2\">Februar und M\u00e4rz<\/td><td class=\"column-3\">Fast im gesamten Land relativ trocken und warm<\/td>\n<\/tr>\n<\/tbody>\n<\/table>\n<!-- #tablepress-399 from cache -->\n\n\n<p><strong>Tipp:<\/strong> Die Provinz von Guanacaste im Norden des Landes wird auch \u201eSonnenstube Costa Ricas\u201c genannt \u2013 selbst w\u00e4hrend der Regenzeit m\u00fcsst ihr hier kaum mit Niederschlag rechnen.<\/p>\n\n\n\n<h3 class=\"wp-block-heading\"><a name=\"dauer\"><\/a>Wie lange sollte man in Costa Rica bleiben?<\/h3>\n\n\n\n<p>Aufgrund der geringen Fl\u00e4che Costa Ricas k\u00f6nnt ihr auch innerhalb von kurzer Zeit viel erleben. Am besten plant ihr <strong>mindestens sieben Tage<\/strong> ein, um einen Einblick in das Land und die Kultur zu bekommen. Seid ihr mehr als zwei Wochen unterwegs, k\u00f6nnt ihr die <strong>unterschiedlichen Regionen<\/strong> intensiver kennenlernen und ab einem Aufenthalt von drei Wochen ist es m\u00f6glich, viele Reisetipps im <strong>gesamten Land<\/strong> entspannt zu erkunden.<\/p>\n\n\n<div class=\"wp-block-image\">\n<figure class=\"aligncenter\"><a href=\"https:\/\/www.sonnenklar.tv\/blog\/wp-content\/uploads\/2023\/06\/GettyImages-457377547-Heisse-Quellen-La-Fortuna-Costa-Rica.jpg\"><img loading=\"lazy\" decoding=\"async\" width=\"880\" height=\"450\" src=\"https:\/\/www.sonnenklar.tv\/blog\/wp-content\/uploads\/2023\/06\/GettyImages-457377547-Heisse-Quellen-La-Fortuna-Costa-Rica.jpg\" alt=\"Hei\u00dfe Quellen in La Fortuna in Costa Rica\" class=\"wp-image-24468\" srcset=\"https:\/\/www.sonnenklar.tv\/blog\/wp-content\/uploads\/2023\/06\/GettyImages-457377547-Heisse-Quellen-La-Fortuna-Costa-Rica.jpg 880w, https:\/\/www.sonnenklar.tv\/blog\/wp-content\/uploads\/2023\/06\/GettyImages-457377547-Heisse-Quellen-La-Fortuna-Costa-Rica-300x153.jpg 300w, https:\/\/www.sonnenklar.tv\/blog\/wp-content\/uploads\/2023\/06\/GettyImages-457377547-Heisse-Quellen-La-Fortuna-Costa-Rica-768x393.jpg 768w\" sizes=\"(max-width: 880px) 100vw, 880px\" \/><\/a><figcaption class=\"wp-element-caption\">Costa Rica verspricht zahlreiche spannende Naturerlebnisse wie die hei\u00dfen Quellen in La Fortuna<\/figcaption><\/figure>\n<\/div>\n\n\n<p>Nehmt euch jedoch nicht zu viel vor und untersch\u00e4tzt bei der Planung die <strong>Entfernungen<\/strong> nicht, da sich die Fahrten aufgrund der Stra\u00dfenverh\u00e4ltnisse oder der Verbindungen zwischen eigentlich nah beieinanderliegenden Orten l\u00e4nger gestalten k\u00f6nnen als nach dem Blick auf die Landkarte anzunehmen ist.<\/p>\n\n\n\n<h3 class=\"wp-block-heading\"><a name=\"sicherheit\"><\/a>Ist Costa Rica sicher zum Reisen?<\/h3>\n\n\n\n<p>Costa Rica z\u00e4hlt zu den <strong>sichersten L\u00e4ndern Zentralamerikas<\/strong>. So gilt wie eigentlich \u00fcberall auf Reisen: Behaltet eure Wertgegenst\u00e4nde gut im Auge, lasst sie nicht unbeaufsichtigt im Auto liegen und f\u00fchrt nur das n\u00f6tige Bargeld mit euch. Euren Mietwagen stellt ihr am besten auf bewachten Parkpl\u00e4tzen ab. Auch in Hinblick auf die <strong>Gesundheitsversorgung<\/strong> ist Costa Rica vor allem in den Ballungsr\u00e4umen im Vergleich zu anderen L\u00e4ndern Mittelamerikas gut aufgestellt, bestimmte Impfungen sind keine vorgeschrieben.<\/p>\n\n\n\n<p>Wettertechnisch braucht ihr euch um Hurrikans keine Gedanken machen, davon bleibt Costa Rica meist verschont. Da das Land jedoch in einer <strong>seismisch aktiven Zone<\/strong> liegt, besteht die M\u00f6glichkeit, dass einer der beeindruckenden Vulkane ausbricht, was zu Sperrungen des Kraterumfelds oder auch des Flughafens f\u00fchren kann. Informiert euch einfach bei der costaricanischen Katastrophenschutz-Kommission (Comisi\u00f3n Nacional de Emergencias, CNE) \u00fcber eventuelle Katastrophengebiete, dann seid ihr bestens vorbereitet.<\/p>\n\n\n\n<h2 class=\"wp-block-heading\">Fazit zu unseren Costa Rica Reisetipps<\/h2>\n\n\n\n<p>In hei\u00dfen Quellen baden, an Karibikstr\u00e4nden entspannen, im Dschungel wilde Tiere treffen, \u00fcber Kaffeeplantagen schlendern, Vulkane besteigen und quirlige Orte erkunden: Diese und noch viel mehr Tr\u00e4ume erf\u00fcllt Costa Rica. Egal, ob ihr alle unsere Costa Rica Reisetipps abhakt oder nur einen Teil davon, eines ist gewiss: Ein St\u00fcck vom \u201ePura Vida\u201c werdet ihr mit Sicherheit mit nach Hause nehmen.<\/p>\n\n\n\n<p><strong>Urlaubstipp:<\/strong> Ob mitten im Dschungel, direkt am Strand oder in der Stadt: Das Pura Vida ist im ganzen Land allgegenw\u00e4rtig. Sucht euch unter unseren <a href=\"https:\/\/www.sonnenklar.tv\/urlaub\/costa-rica.html\" target=\"_blank\" rel=\"noreferrer noopener\">Costa Rica Angeboten<\/a> euren Favoriten aus und lasst euch davon anstecken. Zu den sch\u00f6nsten Ecken f\u00fchren wir euch auf unseren <a href=\"https:\/\/www.sonnenklar.tv\/promo\/costa-rica-rundreisen.html\" target=\"_blank\" rel=\"noreferrer noopener\">Costa Rica Rundreisen<\/a>.<\/p>\n","protected":false},"excerpt":{"rendered":"<p>Dichter Dschungel, brodelnde Vulkane, weite Str\u00e4nde und mystische Nebelw\u00e4lder: Wer sich auf die Suche nach Costa Rica Reisetipps begibt, mag kaum glauben, dass sich all diese Sch\u00e4tze in dem kleinen Staat, der nur etwas gr\u00f6\u00dfer als Niedersachsen ist, verbergen sollen. Dabei l\u00e4sst es der Name bereits vermuten: Obwohl Christoph Columbus im Jahr 1502 das Land<\/p>\n","protected":false},"author":3,"featured_media":24463,"comment_status":"closed","ping_status":"open","sticky":false,"template":"","format":"standard","meta":{"footnotes":""},"categories":[697],"tags":[506,590,591,574,484,505],"class_list":{"0":"post-24233","1":"post","2":"type-post","3":"status-publish","4":"format-standard","5":"has-post-thumbnail","7":"category-reisetipps","8":"tag-aktivitaeten","9":"tag-costa-rica","10":"tag-fernreisen","11":"tag-natur","12":"tag-sehenswuerdigkeiten","13":"tag-strandurlaub"},"_links":{"self":[{"href":"https:\/\/www.sonnenklar.tv\/blog\/wp-json\/wp\/v2\/posts\/24233","targetHints":{"allow":["GET"]}}],"collection":[{"href":"https:\/\/www.sonnenklar.tv\/blog\/wp-json\/wp\/v2\/posts"}],"about":[{"href":"https:\/\/www.sonnenklar.tv\/blog\/wp-json\/wp\/v2\/types\/post"}],"author":[{"embeddable":true,"href":"https:\/\/www.sonnenklar.tv\/blog\/wp-json\/wp\/v2\/users\/3"}],"replies":[{"embeddable":true,"href":"https:\/\/www.sonnenklar.tv\/blog\/wp-json\/wp\/v2\/comments?post=24233"}],"version-history":[{"count":30,"href":"https:\/\/www.sonnenklar.tv\/blog\/wp-json\/wp\/v2\/posts\/24233\/revisions"}],"predecessor-version":[{"id":37064,"href":"https:\/\/www.sonnenklar.tv\/blog\/wp-json\/wp\/v2\/posts\/24233\/revisions\/37064"}],"wp:featuredmedia":[{"embeddable":true,"href":"https:\/\/www.sonnenklar.tv\/blog\/wp-json\/wp\/v2\/media\/24463"}],"wp:attachment":[{"href":"https:\/\/www.sonnenklar.tv\/blog\/wp-json\/wp\/v2\/media?parent=24233"}],"wp:term":[{"taxonomy":"category","embeddable":true,"href":"https:\/\/www.sonnenklar.tv\/blog\/wp-json\/wp\/v2\/categories?post=24233"},{"taxonomy":"post_tag","embeddable":true,"href":"https:\/\/www.sonnenklar.tv\/blog\/wp-json\/wp\/v2\/tags?post=24233"}],"curies":[{"name":"wp","href":"https:\/\/api.w.org\/{rel}","templated":true}]}}