{"id":23784,"date":"2023-05-26T09:00:26","date_gmt":"2023-05-26T08:00:26","guid":{"rendered":"https:\/\/www.sonnenklar.tv\/blog\/?p=23784"},"modified":"2026-02-19T08:36:27","modified_gmt":"2026-02-19T07:36:27","slug":"schoene-orte-schweiz","status":"publish","type":"post","link":"https:\/\/www.sonnenklar.tv\/blog\/urlaubslaender\/weitere-laender\/schoene-orte-schweiz\/","title":{"rendered":"Charmanter Alpen-Zauber: 7 sch\u00f6ne Orte in der Schweiz"},"content":{"rendered":"<p><strong>Spektakul\u00e4re Berglandschaften, idyllische T\u00e4ler, malerische Seen, eine unvergleichliche Kulinarik sowie sehenswerte St\u00e4dte und Ortschaften: Nicht ohne Grund blicken die Schweizer stolz auf ihre wundersch\u00f6ne Heimat, die in puncto Lebensqualit\u00e4t weltweit zu den absoluten Top-Nationen z\u00e4hlt. Auch wenn es \u00fcber die Schweiz viele Klischees gibt, solltet ihr die Eidgenossenschaft nicht nur auf alpine \u201eHeidi-Romantik\u201c reduzieren \u2013 daf\u00fcr ist das dicht besiedelte Land mit seinen 8,7 Millionen Einwohnern zu vielseitig, charaktervoll und kontrastreich.<\/strong><\/p>\n<p>Im folgenden Beitrag zeigen wir euch, dass die Schweiz mitnichten nur aus Bergmassiven und gr\u00fcnen, von K\u00fchen bev\u00f6lkerten H\u00fcgeln besteht, sondern noch eine ganze Menge mehr zu bieten hat. Freut euch auf <strong>facettenreiche Landschaften<\/strong>, <strong>sehenswerte Orte, spannende St\u00e4dte<\/strong> sowie <strong>kulturelle Highlights<\/strong> und entdeckt mit uns die <strong>sch\u00f6nsten Orte in der Schweiz<\/strong>.<\/p>\n<ul>\n<li><strong>Sch\u00f6ne Orte der Schweiz: Flair der Alpen, Zauber der Vielfalt<\/strong>\n<ol>\n<li><a href=\"#zuerich\">Z\u00fcrich: Die kosmopolitische City-Perle der Schweiz<\/a><\/li>\n<li><a href=\"#zuerichsee\">Z\u00fcrichsee: Fusion der Gegens\u00e4tze<\/a><\/li>\n<li><a href=\"#vierwaldstaettersee\">Vierwaldst\u00e4ttersee: Wasseridyll zwischen Berggipfeln<\/a><\/li>\n<li><a href=\"#kapellbruecke\">Kapellbr\u00fccke: Einzigartige Holzbr\u00fccke mit Historie<\/a><\/li>\n<li><a href=\"#matterhorn\">Matterhorn: Ein alpiner Mythos<\/a><\/li>\n<li><a href=\"#schloss\">Schloss Chillon: M\u00e4rchenschloss auf dem Wasser<\/a><\/li>\n<li><a href=\"#ruinaulta\">Ruinaulta: Spektakul\u00e4re Schluchtenlandschaft<\/a><\/li>\n<\/ol>\n<\/li>\n<\/ul>\n<ul>\n<li><strong>H\u00e4ufig gestellte Fragen zu den sch\u00f6nsten Orten in der Schweiz<\/strong>\n<ul>\n<li><a href=\"#orte\">Welche Orte in der Schweiz muss man gesehen haben?<\/a><\/li>\n<li><a href=\"#natur\">Wo ist die Natur der Schweiz am sch\u00f6nsten?<\/a><\/li>\n<li><a href=\"#stadt\">Was ist die sch\u00f6nste Stadt der Schweiz?<\/a><\/li>\n<\/ul>\n<\/li>\n<\/ul>\n<h2><strong>Das Wichtigste im \u00dcberblick<\/strong><\/h2>\n<ul>\n<li>Die Schweiz ist ein Binnenstaat, was bedeutet, dass das Land keine Meeresk\u00fcste hat. Ein Umstand, den sowohl Einheimische als auch Touristen allerdings gut verschmerzen k\u00f6nnen, da die Schweiz \u00fcber <strong>1.500 Seen und Fl\u00fcsse<\/strong> hat, die circa 4 Prozent des gesamten Staatsgebiets ausmachen.<\/li>\n<li>Das Landschaftsbild der Schweiz ist von <strong>zahlreichen H\u00fcgellandschaften und Bergz\u00fcgen<\/strong> gepr\u00e4gt, wobei sich das Staatsgebiet geografisch in die Regionen Jura (Nordwesten), Alpen (S\u00fcden) sowie das zentrale Mittelland einteilen lassen. Das Mittelland ist besonders dicht besiedelt und beheimatet mehr als zwei Drittel der Einwohner der Schweiz.<\/li>\n<li>Die Schweiz ist ein <strong>vielsprachiges Land<\/strong>: In Abh\u00e4ngigkeit zur N\u00e4he zum \u201egro\u00dfen Nachbarn\u201c spricht man in verschiedenen Landesteilen Deutsch, Franz\u00f6sisch und Italienisch. Mit <strong>R\u00e4toromanisch gibt es eine vierte Amtssprache<\/strong>, die vor allem im Kanton Graub\u00fcnden verbreitet ist.<\/li>\n<\/ul>\n<h2><strong>Sch\u00f6ne Orte der Schweiz: Flair der Alpen, Zauber der Vielfalt<\/strong><\/h2>\n<p>Die Schweiz vereint einen lohnenswerten Mix, der noch jeden Besucher zu verzaubern wusste. Kulturelle Highlights, einzigartige Sehensw\u00fcrdigkeiten, atemberaubende Landschaften und ein faszinierender Nationalcharakter verschmelzen hier zu einem <strong>alpinen Sehnsuchtsort<\/strong>. Unsere Reise zu den sch\u00f6nsten Orten in der Schweiz beginnt allerdings in urbaner Umgebung.<\/p>\n<h3><strong><a name=\"zuerich\"><\/a>1. Z\u00fcrich: Die kosmopolitische City-Perle der Schweiz<\/strong><\/h3>\n<p>Auch wenn die Hauptstadt unserer s\u00fcdlichen Nachbarn Bern ist, so hat Z\u00fcrich mindestens den inoffiziellen Status des <strong>\u201eZentrums der Schweiz\u201c<\/strong>. Das liegt vor allem daran, dass Z\u00fcrich mit ca. 420.000 Einwohnern innerhalb der Stadt sowie 1,3 Millionen Einwohnern im Ballungsraum das mit Abstand <strong>gr\u00f6\u00dfte urbane Gebiet der Schweiz<\/strong> ist. Au\u00dferdem beheimatet \u201eZ\u00fcri\u201c, wie es auf Schweizerdeutsch hei\u00dft, zahlreiche Gro\u00dfbanken und z\u00e4hlt deshalb aufgrund des damit einhergehenden Status <strong>als internationaler Finanzplatz als Weltstadt<\/strong>. Fernab dieser Superlative ist Z\u00fcrich eine ebenso sch\u00f6ne wie facettenreiche Stadt, was ihr vor allem in der <strong>zentralen Altstadt<\/strong> sehen werdet: Hier flaniert ihr durch <strong>mittelalterliche Gassen<\/strong> entlang von historischen B\u00fcrgerpal\u00e4sten und Fachwerkh\u00e4usern oder \u00fcberquert belebte Pl\u00e4tze und entdeckt dabei <strong>sehenswerte Bauten und Highlights<\/strong>.<\/p>\n<figure id=\"attachment_23810\" aria-describedby=\"caption-attachment-23810\" style=\"width: 880px\" class=\"wp-caption aligncenter\"><a href=\"https:\/\/www.sonnenklar.tv\/blog\/wp-content\/uploads\/2023\/05\/GettyImages-615268400-Zurich-cityscape.jpg\"><img fetchpriority=\"high\" decoding=\"async\" class=\"size-full wp-image-23810\" src=\"https:\/\/www.sonnenklar.tv\/blog\/wp-content\/uploads\/2023\/05\/GettyImages-615268400-Zurich-cityscape.jpg\" alt=\"Grossm\u00fcnster in der Z\u00fcricher Altstadt in der Schweiz\" width=\"880\" height=\"450\" srcset=\"https:\/\/www.sonnenklar.tv\/blog\/wp-content\/uploads\/2023\/05\/GettyImages-615268400-Zurich-cityscape.jpg 880w, https:\/\/www.sonnenklar.tv\/blog\/wp-content\/uploads\/2023\/05\/GettyImages-615268400-Zurich-cityscape-300x153.jpg 300w, https:\/\/www.sonnenklar.tv\/blog\/wp-content\/uploads\/2023\/05\/GettyImages-615268400-Zurich-cityscape-768x393.jpg 768w\" sizes=\"(max-width: 880px) 100vw, 880px\" \/><\/a><figcaption id=\"caption-attachment-23810\" class=\"wp-caption-text\">Das Grossm\u00fcnster z\u00e4hlt zu den bekanntesten Kirchen Z\u00fcrichs<\/figcaption><\/figure>\n<p>Vor allem die Kirchen <strong>St. Peter, das Grossm\u00fcnster und das Fraum\u00fcnster<\/strong> solltet ihr gesehen haben, zumal letztere wegen ihres schmalen spitzen Turms als Wahrzeichen Z\u00fcrichs gilt und malerisch am <strong>t\u00fcrkisen Fluss Limmat<\/strong> steht, der die gesamte Altstadt durchquert. Die Limmat ist der Ausfluss des Z\u00fcrichsees, der in seinem Nordteil von den s\u00fcdlichen Stadtteilen der namensgebenden Stadt flankiert ist und hier zu <strong>ausgedehnten Spazierg\u00e4ngen<\/strong> an den gepflegten Uferpromenaden einl\u00e4dt. Hier k\u00f6nnt ihr in der wohl sch\u00f6nsten Stadt der Schweiz umgeben von urbanem Ambiente ein <strong>spektakul\u00e4res Panorama<\/strong> auf den riesigen See und die umgebenden <strong>gr\u00fcn-bewaldeten Berglandschaften<\/strong> genie\u00dfen. Der Z\u00fcrichsee wird auch direkt unser n\u00e4chster Stopp auf der Reise zu sch\u00f6nen Orten in der Schweiz.<\/p>\n[otw_shortcode_info_box border_type=&#8220;bordered&#8220; border_color_class=&#8220;otw-orange-border&#8220; border_style=&#8220;bordered&#8220;]<strong>Hoteltipp:<\/strong> Ihr sucht das passende Hotel f\u00fcr euren Z\u00fcrich-Trip? <a href=\"https:\/\/www.sonnenklar.tv\/suchen\/Z%C3%BCrich%20&amp;%20Umgebung\/zeitraum(22.05.2023-22.08.2023,beliebig)\/id(tt-890809)\" target=\"_blank\" rel=\"noopener\">Das Hotel aja Z\u00fcrich<\/a> besticht mit seiner ruhigen, aber zentralen Lage sowie modern-schicker Optik.<\/p>\n<p>Weitere Hotels findet ihr in unseren <a href=\"https:\/\/www.sonnenklar.tv\/promo\/hotels\/hotels-zuerich.html\" target=\"_blank\" rel=\"noopener\">Hotelangeboten f\u00fcr Z\u00fcrich<\/a>![\/otw_shortcode_info_box]\n<h3><strong><a name=\"zuerichsee\"><\/a>2. Z\u00fcrichsee: Fusion der Gegens\u00e4tze<\/strong><\/h3>\n<p>Wie auch die Stadt Z\u00fcrich ist der angrenzende <strong>\u201eZ\u00fcrisee\u201c<\/strong> vor allem vom s\u00fcddeutschen Raum aus schnell zu erreichen: Vom Bodensee aus fahrt ihr gen S\u00fcdwesten circa 1,5 Stunden mit dem Auto zum Z\u00fcrichsee. Dass hier die <strong>Verbindung zwischen Stadt und Natur perfekt funktioniert<\/strong>, seht ihr im S\u00fcden der Z\u00fcrcher Altstadt, wo sich \u00fcber der Quai-Limmat-Br\u00fccke der perfekte Ausblick auf den See offenbart. Doch nicht nur aufgrund seiner Lage z\u00e4hlt der Z\u00fcrichsee zu den <strong>sch\u00f6nsten Orten der Schweiz<\/strong>.<\/p>\n<figure id=\"attachment_23809\" aria-describedby=\"caption-attachment-23809\" style=\"width: 880px\" class=\"wp-caption aligncenter\"><a href=\"https:\/\/www.sonnenklar.tv\/blog\/wp-content\/uploads\/2023\/05\/GettyImages-664209528-Zuerichsee.jpg\"><img decoding=\"async\" class=\"size-full wp-image-23809\" src=\"https:\/\/www.sonnenklar.tv\/blog\/wp-content\/uploads\/2023\/05\/GettyImages-664209528-Zuerichsee.jpg\" alt=\"Z\u00fcrichsee in der Schweiz\" width=\"880\" height=\"450\" srcset=\"https:\/\/www.sonnenklar.tv\/blog\/wp-content\/uploads\/2023\/05\/GettyImages-664209528-Zuerichsee.jpg 880w, https:\/\/www.sonnenklar.tv\/blog\/wp-content\/uploads\/2023\/05\/GettyImages-664209528-Zuerichsee-300x153.jpg 300w, https:\/\/www.sonnenklar.tv\/blog\/wp-content\/uploads\/2023\/05\/GettyImages-664209528-Zuerichsee-768x393.jpg 768w\" sizes=\"(max-width: 880px) 100vw, 880px\" \/><\/a><figcaption id=\"caption-attachment-23809\" class=\"wp-caption-text\">Z\u00fcrichsee umrahmt von der historischen Altstadt<\/figcaption><\/figure>\n<p>Der lang gezogene und recht schmale See z\u00e4hlt zu den <strong>saubersten Gew\u00e4ssern Mitteleuropas<\/strong>, wovon ihr euch in den Sommermonaten im einzigartigen Seebad Utoquai selbst \u00fcberzeugen k\u00f6nnt: Das Bauwerk aus Holz ist ein <strong>historisches Badehaus aus dem 19. Jahrhundert<\/strong> und genie\u00dft \u00fcber die Stadtgrenzen Z\u00fcrichs hinaus vollkommen zurecht Kultstatus \u2013 zahlreiche Stege, Plattformen zum Sonnen, Wasserleitern und Sprungt\u00fcrme bescheren euch hier einen <strong>Badespa\u00df der Extraklasse<\/strong>. Wenn ihr den Z\u00fcrichsee in seiner gesamten Pracht entdecken wollt, empfehlen wir euch eine <strong>Rundfahrt mit einem der Ausflugsboote<\/strong>, die an unz\u00e4hligen Uferstellen rund um das Gew\u00e4sser ablegen.<\/p>\n<h3><strong><a name=\"vierwaldstaettersee\"><\/a>3.Vierwaldst\u00e4ttersee: Wasseridyll zwischen Berggipfeln<\/strong><\/h3>\n<p>Wie bereits bei den eingangs erw\u00e4hnten Fakten beschrieben, ist die Schweiz trotz ihres Status als Binnenstaat eine <strong>wasserreiche Nation<\/strong>, weshalb der n\u00e4chste sch\u00f6ne Ort in der Schweiz uns erneut an einen See f\u00fchrt. Der Vierwaldst\u00e4ttersee liegt circa 40 Kilometer s\u00fcdlich des Z\u00fcrichsees fast im geografischen Zentrum der Schweiz und wei\u00df schon durch seine <strong>charaktervolle Form<\/strong> zu faszinieren: Kurvenreich und <strong>an einen norwegischen Fjord erinnernd<\/strong> durch die umgebenden gr\u00fcnen Wiesen- und H\u00fcgellandschaften sowie die malerischen Berggipfel und schneebedeckte Felsmassive.<\/p>\n<figure id=\"attachment_23822\" aria-describedby=\"caption-attachment-23822\" style=\"width: 880px\" class=\"wp-caption aligncenter\"><a href=\"https:\/\/www.sonnenklar.tv\/blog\/wp-content\/uploads\/2023\/05\/GettyImages-1450623172-Vierwaldstaettersee.jpg\"><img decoding=\"async\" class=\"size-full wp-image-23822\" src=\"https:\/\/www.sonnenklar.tv\/blog\/wp-content\/uploads\/2023\/05\/GettyImages-1450623172-Vierwaldstaettersee.jpg\" alt=\"Blick vom Wanderweg auf den Vierwaldst\u00e4ttersee in der Schweiz\" width=\"880\" height=\"450\" srcset=\"https:\/\/www.sonnenklar.tv\/blog\/wp-content\/uploads\/2023\/05\/GettyImages-1450623172-Vierwaldstaettersee.jpg 880w, https:\/\/www.sonnenklar.tv\/blog\/wp-content\/uploads\/2023\/05\/GettyImages-1450623172-Vierwaldstaettersee-300x153.jpg 300w, https:\/\/www.sonnenklar.tv\/blog\/wp-content\/uploads\/2023\/05\/GettyImages-1450623172-Vierwaldstaettersee-768x393.jpg 768w\" sizes=\"(max-width: 880px) 100vw, 880px\" \/><\/a><figcaption id=\"caption-attachment-23822\" class=\"wp-caption-text\">Wasser- und Wanderspa\u00df findet ihr am Vierwaldst\u00e4ttersee<\/figcaption><\/figure>\n<p>In den Genuss <strong>wundersch\u00f6ner Panoramen<\/strong>, bei denen Wasser und an schottischen Highlands erinnernde Berge eine <strong>atemberaubende Symbiose<\/strong> eingehen, kommt ihr vor allem bei einer Bootsrundfahrt. Der Vierwaldst\u00e4ttersee ist auch bei aktiven Urlaubern beliebt, wobei die Sportangebote zu Wasser von <strong>Surfen \u00fcber Windsegeln<\/strong> und Rudern bis hin zum <strong>Tauchen<\/strong> reichen. Die charaktervollen Uferstra\u00dfen sind indes f\u00fcr Radtouren gemacht, w\u00e4hrend euch speziell die Gebirgsz\u00fcge am Ostteil des Sees zu <strong>ausgiebigen Wanderungen<\/strong> einladen.<\/p>\n[otw_shortcode_info_box border_type=&#8220;bordered&#8220; border_color_class=&#8220;otw-orange-border&#8220; border_style=&#8220;bordered&#8220;]<strong>Lesetipp:<\/strong> Ihr liebt Seen, aber es muss nicht unbedingt das Ausland sein? Wie gut, dass <a href=\"https:\/\/www.sonnenklar.tv\/blog\/bergseen-deutschland\/\" target=\"_blank\" rel=\"noopener\">Deutschland wundersch\u00f6ne Bergseen<\/a> zu bieten hat![\/otw_shortcode_info_box]\n<h3><strong><a name=\"kapellbruecke\"><\/a>4. Kapellbr\u00fccke: Einzigartige Holzbr\u00fccke mit Historie<\/strong><\/h3>\n<p>Am Westufer des Vierwaldst\u00e4ttersees liegt die Stadt Luzern, wo ihr einen der sch\u00f6nsten Orte der Schweiz bestaunen k\u00f6nnt \u2013 und zwar <strong>in Form eines beeindruckenden Bauwerks<\/strong>. Hier quert im Zentrum der Stadt unmittelbar n\u00f6rdlich des Hauptbahnhofs die einzigartige Kapellbr\u00fccke die Luzerner Seebucht als Fu\u00dfg\u00e4ngerweg. Die 1365 als sogenannter Wehrgang zur Verteidigung der Stadt errichtete Br\u00fccke ist die <strong>\u00e4lteste Holzbr\u00fccke des europ\u00e4ischen Kontinents<\/strong>. Das Bauwerk besticht auf seiner gesamten L\u00e4nge mit <strong>charmantem kleinem Ziegeldach<\/strong> und die h\u00f6lzerne Au\u00dfenfassade mit <strong>farbenfrohem Blumenschmuck<\/strong> wird euch schnell verzaubern.<\/p>\n<figure id=\"attachment_23824\" aria-describedby=\"caption-attachment-23824\" style=\"width: 880px\" class=\"wp-caption aligncenter\"><a href=\"https:\/\/www.sonnenklar.tv\/blog\/wp-content\/uploads\/2023\/05\/GettyImages-175516215-Kapellbruecke-Luzern.jpg\"><img loading=\"lazy\" decoding=\"async\" class=\"size-full wp-image-23824\" src=\"https:\/\/www.sonnenklar.tv\/blog\/wp-content\/uploads\/2023\/05\/GettyImages-175516215-Kapellbruecke-Luzern.jpg\" alt=\"Kapellbr\u00fccke in Luzern in der Schweiz\" width=\"880\" height=\"450\" srcset=\"https:\/\/www.sonnenklar.tv\/blog\/wp-content\/uploads\/2023\/05\/GettyImages-175516215-Kapellbruecke-Luzern.jpg 880w, https:\/\/www.sonnenklar.tv\/blog\/wp-content\/uploads\/2023\/05\/GettyImages-175516215-Kapellbruecke-Luzern-300x153.jpg 300w, https:\/\/www.sonnenklar.tv\/blog\/wp-content\/uploads\/2023\/05\/GettyImages-175516215-Kapellbruecke-Luzern-768x393.jpg 768w\" sizes=\"(max-width: 880px) 100vw, 880px\" \/><\/a><figcaption id=\"caption-attachment-23824\" class=\"wp-caption-text\">Magische Abendstimmung an der Kapellbr\u00fccke in Luzern<\/figcaption><\/figure>\n<p>Gerade an der Stelle, an der die Kapellbr\u00fccke mit einem wuchtigen Wasserturm aus Stein verbunden ist, verstr\u00f6mt einer der sch\u00f6nsten Orte der Schweiz <strong>mittelalterlich-historisches Flair<\/strong> \u2013 gerade wenn abends die D\u00e4mmerung einsetzt und die Sonne in r\u00f6tlichem Licht untergeht, k\u00f6nnt ihr hier <strong>tolle Erinnerungsfotos<\/strong> schie\u00dfen. Wenn ihr die Br\u00fccke \u00fcberquert, wird euch im Giebel ein weiteres geschichtstr\u00e4chtiges Detail der Kapellbr\u00fccke auffallen: Insgesamt <strong>110 farbig und detailreich bemalte Holztafeln<\/strong> sind hier unter dem Dach eingearbeitet und stellen wichtige Momente der Geschichte der Schweiz dar.<\/p>\n[otw_shortcode_info_box border_type=&#8220;bordered&#8220; border_color_class=&#8220;otw-orange-border&#8220; border_style=&#8220;bordered&#8220;]<strong>Tipp:<\/strong> Wenn ihr ein passendes Domizil in Luzern und Umgebung sucht, dann st\u00f6bert in unseren <a href=\"https:\/\/www.sonnenklar.tv\/promo\/eigenanreise-luzern.html\" target=\"_blank\" rel=\"noopener\">Hotelangeboten f\u00fcr Luzern<\/a>. [\/otw_shortcode_info_box]\n<h3><strong><a name=\"matterhorn\"><\/a>5. Matterhorn: Ein alpiner Mythos<\/strong><\/h3>\n<p>Wir springen in den <strong>\u00e4u\u00dfersten alpinen S\u00fcden der Schweiz<\/strong>, wo im Kanton Wallis direkt an der Grenze zu Italien das Matterhorn liegt. Mit einer <strong>Gipfelh\u00f6he von 4478 Metern<\/strong> ist das Matterhorn der <strong>h\u00f6chste Berg der Alpen<\/strong> und z\u00e4hlt \u2013 obwohl ein Teil seines Massivs zu Italien geh\u00f6rt \u2013 v\u00f6llig zu Recht zu den sch\u00f6nsten Orten der Schweiz: Der ebenso <strong>gigantische wie felsige Berg<\/strong> zeichnet sich durch seine markante spitze Form aus, welche ihn in der Schweiz zu einem <strong>Nationalsymbol<\/strong> macht. Unter Bergsteigern gilt das Matterhorn seit jeher als Mythos, Versuche einer Erstbesteigung scheiterten unz\u00e4hlige Male und forderten etliche Todesopfer, ehe sie erst am 17. Juli 1865 doch gelang.<\/p>\n<figure id=\"attachment_23825\" aria-describedby=\"caption-attachment-23825\" style=\"width: 880px\" class=\"wp-caption aligncenter\"><a href=\"https:\/\/www.sonnenklar.tv\/blog\/wp-content\/uploads\/2023\/05\/GettyImages-1075663766.jpg-Matterhorn-Gornergrat-railway-station.jpg\"><img loading=\"lazy\" decoding=\"async\" class=\"size-full wp-image-23825\" src=\"https:\/\/www.sonnenklar.tv\/blog\/wp-content\/uploads\/2023\/05\/GettyImages-1075663766.jpg-Matterhorn-Gornergrat-railway-station.jpg\" alt=\"Gornergratbahn vor der beeindruckenden Kulisse des Matterhorns in der Schweiz\" width=\"880\" height=\"450\" srcset=\"https:\/\/www.sonnenklar.tv\/blog\/wp-content\/uploads\/2023\/05\/GettyImages-1075663766.jpg-Matterhorn-Gornergrat-railway-station.jpg 880w, https:\/\/www.sonnenklar.tv\/blog\/wp-content\/uploads\/2023\/05\/GettyImages-1075663766.jpg-Matterhorn-Gornergrat-railway-station-300x153.jpg 300w, https:\/\/www.sonnenklar.tv\/blog\/wp-content\/uploads\/2023\/05\/GettyImages-1075663766.jpg-Matterhorn-Gornergrat-railway-station-768x393.jpg 768w\" sizes=\"(max-width: 880px) 100vw, 880px\" \/><\/a><figcaption id=\"caption-attachment-23825\" class=\"wp-caption-text\">Gornergratbahn vor der beeindruckenden Kulisse des Matterhorns<\/figcaption><\/figure>\n<p>Solltet ihr beim Klettern oder Bergsteigen keine Erfahrung haben, raten wir euch, ab der <strong>autofreien Stadt Zermatt<\/strong> (hier empfehlen wir euch eine Anfahrt mit dem Zug) die <strong>Matterhornbahn<\/strong> zu nehmen, was zugegebenerma\u00dfen kein billiges Vergn\u00fcgen ist, sich aber lohnt. Die Fahrt mit der Gondel endet am sogenannten \u201eGlacier Paradise\u201c, einer relativ flachen Hochebene des Matterhorn-Gletschers, die sich im Schatten des alles \u00fcberragenden Berggipfels befindet. Hier k\u00f6nnt ihr auch als \u201eWanderneulinge\u201c den Gletscher-Trail bestreiten, der euch durch <strong>imposante Felslandschaften<\/strong> und entlang <strong>beeindruckender Gebirgsseen<\/strong> f\u00fchrt. Dabei habt ihr den Gipfel des Matterhorns stets im Blick, sodass <strong>spektakul\u00e4ren Erinnerungsfotos<\/strong> nichts im Wege steht.<\/p>\n[otw_shortcode_info_box border_type=&#8220;bordered&#8220; border_color_class=&#8220;otw-orange-border&#8220; border_style=&#8220;bordered&#8220;]<strong>Lesetipp:<\/strong> Ihr wollt auch im Winter hoch hinaus und <strong>alpinen Fun<\/strong> erleben? <a href=\"https:\/\/www.sonnenklar.tv\/blog\/skigebiete-schweiz\/\" target=\"_blank\" rel=\"noopener\">Diese Skigebiete der Schweiz<\/a> solltet ihr kennen![\/otw_shortcode_info_box]\n[otw_shortcode_info_box border_type=&#8220;bordered&#8220; border_color_class=&#8220;otw-orange-border&#8220; border_style=&#8220;bordered&#8220;]<strong>Tipp:<\/strong> Finde jetzt passende Angebote f\u00fcr <a href=\"https:\/\/www.sonnenklar.tv\/tv-specials\/skiurlaub\/skiurlaub-schweiz.html\" target=\"_blank\" rel=\"noopener\">Skiurlaub in der Schweiz<\/a>![\/otw_shortcode_info_box]\n<h3><strong><a name=\"schloss\"><\/a>6.Schloss Chillon: M\u00e4rchenschloss auf dem Wasser<\/strong><\/h3>\n<p>Im tiefsten Westen der Schweiz k\u00f6nnt ihr nahe der Grenze zu Frankreich am Ostufer des Genfersees eine der kulturell bedeutendsten Sehensw\u00fcrdigkeiten der Schweiz entdecken. <strong>Zwischen den Ortschaften Montreux und Villeneuve<\/strong> thront unweit des Seeufers das Schloss Chillon <strong>prachtvoll und majest\u00e4tisch \u00fcber der Wasseroberfl\u00e4che<\/strong> und verstr\u00f6mt alleine durch diesen Umstand schon eine <strong>ganz besondere Aura<\/strong>. Die Wasserburg wurde bereits im Jahr 1150 erstmals erw\u00e4hnt und entf\u00fchrt euch dank ihrer wuchtigen Mauern, spitzen T\u00fcrmchen, wuchtigen D\u00e4cher und steinernen Zinnen sofort in die Welt des Mittelalters \u2013 ein <strong>einmaliger Anblick<\/strong>, zumal das Ambiente im Kombination mit dem See und den umgebenden H\u00fcgellandschaften noch einzigartiger wird!<\/p>\n<figure id=\"attachment_23827\" aria-describedby=\"caption-attachment-23827\" style=\"width: 880px\" class=\"wp-caption aligncenter\"><a href=\"https:\/\/www.sonnenklar.tv\/blog\/wp-content\/uploads\/2023\/05\/GettyImages-990274824-Schloss-Chillon-am-Genfer-See.jpg\"><img loading=\"lazy\" decoding=\"async\" class=\"wp-image-23827 size-full\" src=\"https:\/\/www.sonnenklar.tv\/blog\/wp-content\/uploads\/2023\/05\/GettyImages-990274824-Schloss-Chillon-am-Genfer-See.jpg\" alt=\"Schloss Chillon am Genfersee in der Schweiz\" width=\"880\" height=\"450\" srcset=\"https:\/\/www.sonnenklar.tv\/blog\/wp-content\/uploads\/2023\/05\/GettyImages-990274824-Schloss-Chillon-am-Genfer-See.jpg 880w, https:\/\/www.sonnenklar.tv\/blog\/wp-content\/uploads\/2023\/05\/GettyImages-990274824-Schloss-Chillon-am-Genfer-See-300x153.jpg 300w, https:\/\/www.sonnenklar.tv\/blog\/wp-content\/uploads\/2023\/05\/GettyImages-990274824-Schloss-Chillon-am-Genfer-See-768x393.jpg 768w\" sizes=\"(max-width: 880px) 100vw, 880px\" \/><\/a><figcaption id=\"caption-attachment-23827\" class=\"wp-caption-text\">Schloss Chillon am Genfersee<\/figcaption><\/figure>\n<p>Auch wenn es so wirkt, als w\u00fcrde das Mauerwerk des Schlosses bis unter die Wasseroberfl\u00e4che reichen, wurde der gesamte Komplex auf einer k\u00fcnstlich aufgesch\u00fctteten Insel errichtet, was ihn zu einem <strong>architektonischen Wunderwerk<\/strong> seiner Zeit macht. Ihr habt die M\u00f6glichkeit, das Innere der Burg zu besichtigen und dabei durch die <strong>gartenartigen Innenh\u00f6fe<\/strong> zu flanieren, durch die Fensterchen und Schie\u00dfscharten einen Blick auf den Genfersee zu werfen, vier historische S\u00e4le zu entdecken oder das unterirdische Gew\u00f6lbe sowie die sakrale Burgkapelle zu betreten. Freut euch auf eine <strong>m\u00e4rchenhafte Zeitreise<\/strong> an einem der sch\u00f6nsten Orte der Schweiz!<\/p>\n<h3><strong><a name=\"ruinaulta\"><\/a>7. Ruinaulta: Spektakul\u00e4re Schluchtenlandschaft \u00a0\u00a0<\/strong><\/h3>\n<p>Der letzte sch\u00f6ne Ort in der Schweiz f\u00fchrt uns in die Ostschweiz. Nahe der Ortschaft Versam im Kanton Graub\u00fcnden durchzieht hier die bis zu <strong>400 Meter tiefe und rund 13 Kilometer lange Rheinschlucht<\/strong> (in der hier vorherrschenden r\u00e4toromanischen Sprache \u201eRuinaulta\u201c genannt) die idyllischen Berg- und Waldlandschaften. Das Zusammenspiel aus Nadelb\u00e4umen, gigantischen Felsw\u00e4nden und schroffem Gestein wird euch unweigerlich an eine Landschaft in den Rocky Mountains denken lassen, zumal das Wasser des Rheins hier in Kombination mit den wei\u00dfen Steinstr\u00e4nden in <strong>nahezu surrealem T\u00fcrkis<\/strong> funkelt und glitzert.<\/p>\n<figure id=\"attachment_23828\" aria-describedby=\"caption-attachment-23828\" style=\"width: 880px\" class=\"wp-caption aligncenter\"><a href=\"https:\/\/www.sonnenklar.tv\/blog\/wp-content\/uploads\/2023\/05\/GettyImages-576922790-Ruinaulta-.jpg\"><img loading=\"lazy\" decoding=\"async\" class=\"size-full wp-image-23828\" src=\"https:\/\/www.sonnenklar.tv\/blog\/wp-content\/uploads\/2023\/05\/GettyImages-576922790-Ruinaulta-.jpg\" alt=\"Rheinschlucht oder Ruinaulta in der Schweiz\" width=\"880\" height=\"450\" srcset=\"https:\/\/www.sonnenklar.tv\/blog\/wp-content\/uploads\/2023\/05\/GettyImages-576922790-Ruinaulta-.jpg 880w, https:\/\/www.sonnenklar.tv\/blog\/wp-content\/uploads\/2023\/05\/GettyImages-576922790-Ruinaulta--300x153.jpg 300w, https:\/\/www.sonnenklar.tv\/blog\/wp-content\/uploads\/2023\/05\/GettyImages-576922790-Ruinaulta--768x393.jpg 768w\" sizes=\"(max-width: 880px) 100vw, 880px\" \/><\/a><figcaption id=\"caption-attachment-23828\" class=\"wp-caption-text\">Blick \u00fcber die Rheinschlucht im Kanton Graub\u00fcnden<\/figcaption><\/figure>\n<p>Ihr habt die M\u00f6glichkeit, die gesamte Region, die gelegentlich als <strong>\u201eGrand Canyon\u201c<\/strong> der Schweiz bezeichnet wird, aktiv zu erkunden. Wenn ihr \u00fcber der Schlucht und dem Flusslauf auf den Felsplateaus wandert, werdet ihr unz\u00e4hlige <strong>kunstvolle und romantisch gelegene Aussichtsplattformen<\/strong> vorfinden, die euch imposante Landschaftspanoramen, beeindruckende Ausblicke und einzigartige Fotomotive bescheren. An vielen Stellen k\u00f6nnt ihr auf gut gesicherten Routen das Ufer erreichen und dem Rauschen des Rheins lauschen oder die <strong>m\u00e4chtigen wei\u00dfen Felsen<\/strong> \u201evon unten\u201c auf euch wirken lassen. Dann wird es euch auch kaum wundern, dass die Rheinschlucht bei <strong>Freunden des Raftings und des Kanusports<\/strong> als einer der <strong>landschaftlich sch\u00f6nsten Spots Europas<\/strong> gilt.<\/p>\n<h2><strong>H\u00e4ufig gestellte Fragen zu den sch\u00f6nsten Orten der Schweiz<\/strong><\/h2>\n<p>Auch wenn ihr euch nun einen ersten Blick \u00fcber sch\u00f6ne Orte der Schweiz verschaffen konntet, sind euch vielleicht noch einige Fragen unbeantwortet geblieben \u2013 zumal man eine Reise gerne gut vorbereitet angeht. Wir helfen euch gerne weiter!<\/p>\n<h3><strong><a name=\"orte\"><\/a>Welche Orte in der Schweiz muss man gesehen haben?<\/strong><\/h3>\n<p>Die Schweiz ist ein derart <strong>vielseitiges und facettenreiches Land<\/strong>, dass ihr euch keinesfalls nur auf einen Ort beschr\u00e4nken k\u00f6nnt, zumal sich aufgrund der \u00fcberschaubaren Gr\u00f6\u00dfe der Schweiz eine Rundreise anbietet. F\u00fcr einen <strong>perfekten \u201eSchweiz-Mix\u201c<\/strong> empfehlen wir euch, einen der wundersch\u00f6nen und zahllosen Seen anzusteuern, in den Alpen wandern zu gehen und St\u00e4dte wie Z\u00fcrich, Basel, Luzern oder Bern zu besichtigen.<\/p>\n<h3><strong><a name=\"natur\"><\/a>Wo ist die Natur der Schweiz am sch\u00f6nsten?<\/strong><\/h3>\n<p>Als sch\u00f6nste Bergwelten der Schweiz gelten die Gebirge der <strong>Kantone Wallis und Uri<\/strong>. Die Gro\u00dfregion Mittelland zeichnet sich hingegen durch eine <strong>Vielzahl von Seen<\/strong> aus, die perfekt mit den gr\u00fcnen Berg- und H\u00fcgellandschaften harmonieren.<\/p>\n<h3><strong><a name=\"stadt\"><\/a>Was ist die sch\u00f6nste Stadt der Schweiz?<\/strong><\/h3>\n<p>Dank ihres beeindruckenden Zusammenspiels zwischen <strong>kosmopolitischer Urbanit\u00e4t<\/strong> und der historischen Altstadt gilt <strong>Z\u00fcrich bei vielen als sch\u00f6nste Stadt in der Schweiz<\/strong>, zumal \u201eZ\u00fcri\u201c malerisch am gleichnamigen See liegt und der t\u00fcrkise Fluss Limmat das st\u00e4dtische Ambiente pr\u00e4gt.<\/p>\n<h2><strong>Fazit zu sch\u00f6nen Orte der Schweiz<\/strong><\/h2>\n<p>Ihr seht also, dass die Schweiz ein Land ist, das euch einen <strong>perfekten Mix aus Entspannung, Kultur und Natur<\/strong> bietet, wobei diese Vielfalt oftmals auf geringen Raum begrenzt ist. So ist die Schweiz ein perfektes Urlaubsziel f\u00fcr alle, die gerne in <strong>alpiner Umgebung<\/strong> sind, aber auch Abwechslung und kulturelle Sehensw\u00fcrdigkeiten lieben \u2026 Macht euch doch einfach selbst ein Bild und entdeckt unser <strong>wundersch\u00f6nes Nachbarland!<\/strong><\/p>\n[otw_shortcode_info_box border_type=&#8220;bordered&#8220; border_color_class=&#8220;otw-orange-border&#8220; border_style=&#8220;bordered&#8220;]Schweiz Sehnsucht geweckt? Gebt euch mit unseren <a href=\"https:\/\/www.sonnenklar.tv\/promo\/urlaub-schweiz.html\">Angeboten f\u00fcr Urlaub in der Schweiz<\/a> voll und ganz dem Fernweh hin![\/otw_shortcode_info_box]\n","protected":false},"excerpt":{"rendered":"<p>Spektakul\u00e4re Berglandschaften, idyllische T\u00e4ler, malerische Seen, eine unvergleichliche Kulinarik sowie sehenswerte St\u00e4dte und Ortschaften: Nicht ohne Grund blicken die Schweizer stolz auf ihre wundersch\u00f6ne Heimat, die in puncto Lebensqualit\u00e4t weltweit zu den absoluten Top-Nationen z\u00e4hlt. Auch wenn es \u00fcber die Schweiz viele Klischees gibt, solltet ihr die Eidgenossenschaft nicht nur auf alpine \u201eHeidi-Romantik\u201c reduzieren \u2013<\/p>\n","protected":false},"author":3,"featured_media":23830,"comment_status":"closed","ping_status":"open","sticky":false,"template":"","format":"standard","meta":{"footnotes":""},"categories":[465],"tags":[485,574,355,575,513],"class_list":{"0":"post-23784","1":"post","2":"type-post","3":"status-publish","4":"format-standard","5":"has-post-thumbnail","7":"category-weitere-laender","8":"tag-kultururlaub","9":"tag-natur","10":"tag-schweiz","11":"tag-seen","12":"tag-staedtereisen"},"_links":{"self":[{"href":"https:\/\/www.sonnenklar.tv\/blog\/wp-json\/wp\/v2\/posts\/23784","targetHints":{"allow":["GET"]}}],"collection":[{"href":"https:\/\/www.sonnenklar.tv\/blog\/wp-json\/wp\/v2\/posts"}],"about":[{"href":"https:\/\/www.sonnenklar.tv\/blog\/wp-json\/wp\/v2\/types\/post"}],"author":[{"embeddable":true,"href":"https:\/\/www.sonnenklar.tv\/blog\/wp-json\/wp\/v2\/users\/3"}],"replies":[{"embeddable":true,"href":"https:\/\/www.sonnenklar.tv\/blog\/wp-json\/wp\/v2\/comments?post=23784"}],"version-history":[{"count":14,"href":"https:\/\/www.sonnenklar.tv\/blog\/wp-json\/wp\/v2\/posts\/23784\/revisions"}],"predecessor-version":[{"id":24367,"href":"https:\/\/www.sonnenklar.tv\/blog\/wp-json\/wp\/v2\/posts\/23784\/revisions\/24367"}],"wp:featuredmedia":[{"embeddable":true,"href":"https:\/\/www.sonnenklar.tv\/blog\/wp-json\/wp\/v2\/media\/23830"}],"wp:attachment":[{"href":"https:\/\/www.sonnenklar.tv\/blog\/wp-json\/wp\/v2\/media?parent=23784"}],"wp:term":[{"taxonomy":"category","embeddable":true,"href":"https:\/\/www.sonnenklar.tv\/blog\/wp-json\/wp\/v2\/categories?post=23784"},{"taxonomy":"post_tag","embeddable":true,"href":"https:\/\/www.sonnenklar.tv\/blog\/wp-json\/wp\/v2\/tags?post=23784"}],"curies":[{"name":"wp","href":"https:\/\/api.w.org\/{rel}","templated":true}]}}