{"id":2370,"date":"2017-07-10T13:59:46","date_gmt":"2017-07-10T11:59:46","guid":{"rendered":"https:\/\/www.sonnenklar.tv\/blog\/?p=2370"},"modified":"2026-03-26T14:48:49","modified_gmt":"2026-03-26T13:48:49","slug":"millstaetter-see","status":"publish","type":"post","link":"https:\/\/www.sonnenklar.tv\/blog\/urlaubslaender\/millstaetter-see\/","title":{"rendered":"Millst\u00e4tter See: Idyllisches Urlaubsparadies in \u00d6sterreich"},"content":{"rendered":"\n<p><strong>Der Millst\u00e4tter See hat bei Weitem mehr zu bieten als nur Badem\u00f6glichkeiten, Berge und sch\u00f6ne Landschaften. Die Infrastruktur und vor allem die Angebote rund um den See wurden so ausgebaut, das sich jeder seinen Urlaub individuell gestalten kann. Neben kostenpflichtigen Aktivit\u00e4ten gibt es auch eine Reihe von kostenlosen Angeboten. Besonders sch\u00f6n ist der See beispielsweise f\u00fcr Verliebte.<\/strong><\/p>\n\n\n\n<hr class=\"wp-block-separator has-alpha-channel-opacity\"\/>\n\n\n\n<p><strong>Inhaltsverzeichnis<\/strong><\/p>\n\n\n\n<ul class=\"wp-block-list\">\n<li><a href=\"#infos\">Reisevorbereitung<\/a><\/li>\n\n\n\n<li><a href=\"#familienurlaub\">Familienurlaub am Millst\u00e4tter See<\/a><\/li>\n\n\n\n<li><a href=\"#aktivurlaub\">Aktivurlaub am See und in den Bergen<\/a><\/li>\n\n\n\n<li><a href=\"#romantikurlaub\">Romantikurlaub<\/a><\/li>\n\n\n\n<li><a href=\"#tipps\">Tipps von der Gesch\u00e4ftsf\u00fchrerin Maria Wilhelm<\/a><\/li>\n\n\n\n<li><a href=\"#sktv\">sonnenklar.TV live vor Ort: Eindr\u00fccke &amp; Interviews<\/a><\/li>\n<\/ul>\n\n\n\n<hr class=\"wp-block-separator has-alpha-channel-opacity\"\/>\n\n\n\n<h2 class=\"wp-block-heading\"><a name=\"infos\"><\/a>Reisevorbereitung<\/h2>\n\n\n\n<p><strong>Lage und Anreise:&nbsp;<\/strong>Der Millst\u00e4tter See liegt n\u00f6rdlich des Drautals bei Spittal in K\u00e4rnten (\u00d6sterreich), in ca. 588 Metern Seeh\u00f6he. Der n\u00e4chste Flughafen befindet sich ca. 80 Kilometer entfernt in Klagenfurt. Der Millst\u00e4tter See ist aber auch mit dem Auto gut erreichbar und seit Kurzem bringt sogar ein Shuttleservice Anreisende vom Bahnhof K\u00e4rnten direkt zum See.<\/p>\n\n\n\n<p><strong>Beste Reisezeit: <\/strong>Der See hat zu jeder Jahreszeit seinen ganz eigenen Charme. Im Sommer liegen die Temperaturen zwischen 25\u00b0 und 35\u00b0Grad . Baden k\u00f6nnt ihr am besten zwischen Mai und September, die Wassertemperaturen liegen dann bei ca. 20 bis 25\u00b0 Grad. Im Winter sinken die Temperaturen bis auf -10\u00b0 Grad &#8211; geradezu perfekt also f\u00fcr einen Skiurlaub im Schnee.<\/p>\n\n\n\n<p><strong>Unser Tipp:\u00a0<\/strong>Wenn ihr euren Urlaub am Millst\u00e4tter See verbringt und auch einiges unternehmen wollt, gibt es die <em>Millst\u00e4tter See Inclusive Card<\/em>. Mit dieser bekommt ihr bei vielen Attraktionen und Aktivit\u00e4ten Rabatt und spart richtig Geld.<\/p>\n\n\n\n<h2 class=\"wp-block-heading\"><a name=\"familienurlaub\"><\/a>Familienurlaub am Millst\u00e4tter See<\/h2>\n\n\n\n<p>Der Millst\u00e4tter See ist der perfekte Ort, um Zeit mit der ganzen Familie Zeit zu verbringen und Spa\u00df zu haben. Picknick am See, eine Runde Federball, Mittagsschlaf in der Sonne und eine kleine Abk\u00fchlung im See, sind nat\u00fcrlich immer m\u00f6glich. Rund um den See ist aber noch viel mehr geboten.<\/p>\n\n\n<div class=\"wp-block-image wp-image-2519 size-full\">\n<figure class=\"aligncenter\"><img fetchpriority=\"high\" decoding=\"async\" width=\"880\" height=\"430\" src=\"https:\/\/www.sonnenklar.tv\/blog\/wp-content\/uploads\/2017\/07\/Familie-See.jpg\" alt=\"Familie am See\" class=\"wp-image-2519\" srcset=\"https:\/\/www.sonnenklar.tv\/blog\/wp-content\/uploads\/2017\/07\/Familie-See.jpg 880w, https:\/\/www.sonnenklar.tv\/blog\/wp-content\/uploads\/2017\/07\/Familie-See-300x147.jpg 300w, https:\/\/www.sonnenklar.tv\/blog\/wp-content\/uploads\/2017\/07\/Familie-See-768x375.jpg 768w\" sizes=\"(max-width: 880px) 100vw, 880px\" \/><figcaption class=\"wp-element-caption\">Quelle: Millst\u00e4tter See Tourismus GmbH<\/figcaption><\/figure>\n<\/div>\n\n\n<p>Familienurlaub ganz vielseitig? Da hat \u00d6sterreich einiges zu bieten! Unsere besten Tipps und Tricks <a href=\"https:\/\/www.sonnenklar.tv\/blog\/familienurlaub-in-oesterreich\/\" target=\"_blank\" rel=\"noreferrer noopener\">findet ihr hier<\/a>.<\/p>\n\n\n\n<h3 class=\"wp-block-heading\">Unsere Tipps: Aktivit\u00e4ten am Millst\u00e4tter See f\u00fcr Gro\u00df und Klein<\/h3>\n\n\n\n<p>Eines steht definitiv fest: Wenn ihr mit eurem Nachwuchs zum Millst\u00e4tter See fahrt, wird dort keinem so schnell langweilig. Die herrliche Umgebung l\u00e4dt zu jeder Menge Aktivit\u00e4ten ein. Unsere Favoriten zeigen wir euch hier.<\/p>\n\n\n\n<h4 class=\"wp-block-heading\">1. Wanderungen f\u00fcr die ganze Familie<\/h4>\n\n\n\n<p>F\u00fcr Familien bieten sich vor allem folgende zwei Touren an:<\/p>\n\n\n\n<p><strong>Granattor (Almbrunn\u2018 Steig)<\/strong><\/p>\n\n\n\n<p>Warum nicht eine spannende Familienwanderung entlang des Enzian-Granat-Steigs machen? Ziel ist das beeindruckende Granattor, welches man nach ca. drei Stunden erreicht. Das Granattor ist ein gro\u00dfer Durchgang, der mit tausenden Edelsteinen gef\u00fcllt ist und 2009 errichtet wurde. Er weist direkt auf das gr\u00f6\u00dfte Granatvorkommen der Alpen hin und bietet einen atemberaubenden Ausblick. Auf halber Strecke k\u00f6nnt ihr \u00fcbrigens gut in der Lammersdorfer H\u00fctte Pause machen.<\/p>\n\n\n<div class=\"wp-block-image wp-image-2522 size-full\">\n<figure class=\"aligncenter\"><img decoding=\"async\" width=\"880\" height=\"430\" src=\"https:\/\/www.sonnenklar.tv\/blog\/wp-content\/uploads\/2017\/07\/Wanderung-Granattor.jpg\" alt=\"Granattor\" class=\"wp-image-2522\" srcset=\"https:\/\/www.sonnenklar.tv\/blog\/wp-content\/uploads\/2017\/07\/Wanderung-Granattor.jpg 880w, https:\/\/www.sonnenklar.tv\/blog\/wp-content\/uploads\/2017\/07\/Wanderung-Granattor-800x391.jpg 800w, https:\/\/www.sonnenklar.tv\/blog\/wp-content\/uploads\/2017\/07\/Wanderung-Granattor-18x9.jpg 18w, https:\/\/www.sonnenklar.tv\/blog\/wp-content\/uploads\/2017\/07\/Wanderung-Granattor-150x73.jpg 150w, https:\/\/www.sonnenklar.tv\/blog\/wp-content\/uploads\/2017\/07\/Wanderung-Granattor-450x220.jpg 450w, https:\/\/www.sonnenklar.tv\/blog\/wp-content\/uploads\/2017\/07\/Wanderung-Granattor-768x375.jpg 768w, https:\/\/www.sonnenklar.tv\/blog\/wp-content\/uploads\/2017\/07\/Wanderung-Granattor-300x147.jpg 300w\" sizes=\"(max-width: 880px) 100vw, 880px\" \/><figcaption class=\"wp-element-caption\">Quelle: Millst\u00e4tter See Tourismus GmbH<\/figcaption><\/figure>\n<\/div>\n\n\n<p><strong>Deomir-Erz\u00e4hlweg<\/strong><\/p>\n\n\n\n<p>Auf dem Deomir-Erz\u00e4hlweg gibt es nicht nur eine sch\u00f6ne Landschaft zu bestaunen, sondern auch hin und wieder M\u00e4rchentafeln. Im Sommer finden sogar gef\u00fchrte &#8222;Sagenwanderungen&#8220; mit spannenden Geschichten und M\u00e4rchen statt. Die werden euren Nachwuchs sicher in ihren Bann ziehen!<\/p>\n\n\n\n<h4 class=\"wp-block-heading\">2. Ritterspiele &amp; Mittelalterstimmung<\/h4>\n\n\n\n<p>Wenn ihr im August in die Region kommt, k\u00f6nnt ihr euch kinderleicht in die Zeit der Ritterspiele versetzen lassen. In der Burg Sommeregg finden n\u00e4mlich j\u00e4hrlich Ritterspiele mit Mittelaltermarkt statt.<\/p>\n\n\n\n<p>Aber auch zu anderen Zeiten im Jahr gibt es hier viel zu entdecken: beispielsweise das gr\u00f6\u00dfte Foltermuseum in Mitteleuropa. Ein Schauder, der euch den R\u00fccken herunterl\u00e4uft, ist hier inklusive.<\/p>\n\n\n\n<h4 class=\"wp-block-heading\">3. Das Granatium<\/h4>\n\n\n\n<p>Besonders bekannt ist die Region des Millst\u00e4tter Sees wegen ihres gro\u00dfen Granatstein-Vorkommens. Das rote Gestein, welches auch \u201eFeuerstein der Liebe\u201c genannt wird, wurde hier bis 1914 in einem Stollen abgebaut und ist heutzutage immer noch f\u00fcr Besucher zug\u00e4nglich. In der Erlebniswelt in Radenthein wird auf spielerische Weise alles rund um den Granat erkl\u00e4rt. Nach der Besichtigung eines Granatstollens k\u00f6nnt ihr das Gestein sogar selbst sch\u00fcrfen und bearbeiten. Definitiv ein Ausflug mit Spa\u00dfgarantie f\u00fcr die ganze Familie!<\/p>\n\n\n\n<h4 class=\"wp-block-heading\">4. Vielf\u00e4ltige Familienangebote<\/h4>\n\n\n\n<p>Vor Ort werden auch viele spannende Aktivit\u00e4ten geboten. Die G\u00e4ste des Familienhotels Post und Postillon haben beispielsweise jeden Freitag die M\u00f6glichkeit, angeln zu gehen. Hier bereits ein kleiner Einblick:<\/p>\n\n\n\n<p class=\"has-text-align-center\"><iframe src=\"https:\/\/www.youtube.com\/embed\/HyIxHOZcZwY?rel=0\" width=\"560\" height=\"315\" frameborder=\"0\" allowfullscreen=\"allowfullscreen\"><\/iframe><\/p>\n\n\n\n<p>Der See ist vor allem f\u00fcr seine Renken bekannt. Gemeinsam mit dem Renkenwirt werden die Netze eingeholt, der Fang begutachtet und anschlie\u00dfend lecker zubereitet.<\/p>\n\n\n\n<p>Spannend f\u00fcr Kinder ist auch ein Tag auf der Alm. Familie Oberweger bietet auf der Lammersdorfer H\u00fctte echtes Bergleben an. Die Kleinen erfahren, wo welche Kr\u00e4uter wachsen, begegnen K\u00fchen und kochen am Ende des Tages zusammen eine echte Spezialit\u00e4t.<\/p>\n\n\n\n<h2 class=\"wp-block-heading\"><a name=\"aktivurlaub\"><\/a>Aktivurlaub am Millst\u00e4tter See<\/h2>\n\n\n\n<p>Neben Erholung hat der Millst\u00e4tter See auch einiges an Action und Unterhaltung zu bieten. Das bergige Umland des Sees eignet sich f\u00fcr Wanderungen, anspruchsvolle Fahrradtouren und Paragliding.<\/p>\n\n\n\n<p>Je nach Erfahrung und Durchhalteverm\u00f6gen gibt es leichte bis mittlere und auch schwere Wanderrouten, sodass f\u00fcr jeden etwas Passendes dabei ist.<\/p>\n\n\n<div class=\"wp-block-image wp-image-2521 size-full\">\n<figure class=\"aligncenter\"><img decoding=\"async\" width=\"880\" height=\"430\" src=\"https:\/\/www.sonnenklar.tv\/blog\/wp-content\/uploads\/2017\/07\/Millst\u00e4tter-See.jpg\" alt=\"Millst\u00e4tter See von oben\" class=\"wp-image-2521\" srcset=\"https:\/\/www.sonnenklar.tv\/blog\/wp-content\/uploads\/2017\/07\/Millst\u00e4tter-See.jpg 880w, https:\/\/www.sonnenklar.tv\/blog\/wp-content\/uploads\/2017\/07\/Millst\u00e4tter-See-300x147.jpg 300w, https:\/\/www.sonnenklar.tv\/blog\/wp-content\/uploads\/2017\/07\/Millst\u00e4tter-See-768x375.jpg 768w\" sizes=\"(max-width: 880px) 100vw, 880px\" \/><figcaption class=\"wp-element-caption\">Quelle: Millst\u00e4tter See Tourismus GmbH<\/figcaption><\/figure>\n<\/div>\n\n\n<h3 class=\"wp-block-heading\">Unsere Lieblings-Wanderrouten<\/h3>\n\n\n\n<p>Die Natur rund um den Millst\u00e4tter See lie\u00dfe sich tagelang zu Fu\u00df erkunden. Deshalb haben wir hier unsere Highlights f\u00fcr euch zusammengestellt:<\/p>\n\n\n\n<h4 class=\"wp-block-heading\">1. Weg der Liebe (Sentiero dell&#8217;Amore)<\/h4>\n\n\n\n<p><em>Gesamtl\u00e4nge:<\/em> 8,5 km<br><em>H\u00f6henmeter:<\/em> 275<br><em>Dauer:<\/em> etwa 6 Stunden.<\/p>\n\n\n\n<p>Die Tour f\u00fchrt von der Schwaiger- \u00fcber die Alexanderh\u00fctte bis zum Granattor. Auf dem Wanderweg sind sieben Zwischenstopps eingebaut, die euch dazu einladen, eure Gedanken zum Thema Liebe aufzuschreiben. Es liegt jeweils ein Buch aus, das bereits voll mit sch\u00f6nen Spr\u00fcchen, Versen und Gedichten hierzu ist. Inspiration und Denkanst\u00f6\u00dfe findet sich hier ganz bestimmt.<\/p>\n\n\n\n<h4 class=\"wp-block-heading\">2.&nbsp;Granattor<\/h4>\n\n\n\n<p>Ein wirklich besonderer Ort ist das Granattor! Das Tor ist mit Tonnen von Granatgestein gef\u00fcllt, geht man hindurch, hat man einen beeindruckenden Blick auf den Millst\u00e4tter See.&nbsp;Zum Tor f\u00fchren drei verschiedenen Touren:<\/p>\n\n\n\n<ul class=\"wp-block-list\">\n<li>Weg der Liebe<\/li>\n\n\n\n<li>Alpe Adria Trail<\/li>\n\n\n\n<li>Millst\u00e4tter See H\u00f6hensteig<\/li>\n<\/ul>\n\n\n<div class=\"wp-block-image wp-image-2520 size-full\">\n<figure class=\"aligncenter\"><img loading=\"lazy\" decoding=\"async\" width=\"873\" height=\"470\" src=\"https:\/\/www.sonnenklar.tv\/blog\/wp-content\/uploads\/2017\/07\/Granattor-e1499340994403.jpg\" alt=\"Granattor am Millst\u00e4tter See\" class=\"wp-image-2520\" srcset=\"https:\/\/www.sonnenklar.tv\/blog\/wp-content\/uploads\/2017\/07\/Granattor-e1499340994403.jpg 873w, https:\/\/www.sonnenklar.tv\/blog\/wp-content\/uploads\/2017\/07\/Granattor-e1499340994403-300x162.jpg 300w, https:\/\/www.sonnenklar.tv\/blog\/wp-content\/uploads\/2017\/07\/Granattor-e1499340994403-768x413.jpg 768w\" sizes=\"(max-width: 873px) 100vw, 873px\" \/><figcaption class=\"wp-element-caption\">Quelle: Millst\u00e4tter See Tourismus GmbH<\/figcaption><\/figure>\n<\/div>\n\n\n<h4 class=\"wp-block-heading\">3. Kneipp-Panorama-Rundweg Mirnock<\/h4>\n\n\n\n<p><em>Gesamtl\u00e4nge:<\/em> 12 km<br><em>H\u00f6henmeter:<\/em> 696<br><em>Dauer:<\/em> etwa 2 &#8211; 3 Stunden.<\/p>\n\n\n\n<p>Der Rundweg f\u00fchrt \u00fcber die Ortschaften Gschriet und Glanz. Zwischen den W\u00e4ldern und weiten Wiesen gibt es immer wieder Zeit f\u00fcr eine kurze Pause. Wie der Name schon verr\u00e4t, habt ihr hier auch die M\u00f6glichkeit f\u00fcr Kneipp-Anwendungen. Neben Wassertretbecken gibt es auch Erkl\u00e4rungen und Hinweise zu Dehn\u00fcbungen, Kr\u00e4utern, gesunder Ern\u00e4hrung und vielem mehr.<\/p>\n\n\n\n<h3 class=\"wp-block-heading\">Weitere Aktivit\u00e4ten am Millst\u00e4tter See<\/h3>\n\n\n\n<ul class=\"wp-block-list\">\n<li>&nbsp;Wer lieber mit dem Rad unterwegs ist, kann auch auf diese Weise den See umrunden. Auf dem rund 28 Kilometer langen Weg kommt ihr an Buchten, historischen Villen und Seeterrassen vorbei. Das S\u00fcdufer ist naturbelassen und l\u00e4dt definitiv zum Verweilen ein.<\/li>\n\n\n\n<li>Der See ist unter Anglern bekannt.&nbsp;Renke, Barsch, Hecht, Karpfen, Schleie, Wels, Zander, Saibling, Rotauge, Aitel, Barbe und Schleie &#8230; es ist alles dabei. Ihr ben\u00f6tigt lediglich einen Erlaubnisschein und eine Steuerkarte.<\/li>\n\n\n\n<li>Wenn ihr die Welt von oben sehen wollt, k\u00f6nnt ihr Paragliden und dabei den Blick auf den See genie\u00dfen.<\/li>\n<\/ul>\n\n\n\n<h2 class=\"wp-block-heading\"><a name=\"romantikurlaub\"><\/a>Romantische Zeit zu zweit<\/h2>\n\n\n\n<p>Der Millst\u00e4tter See ist nicht nur perfekt f\u00fcr Familien, sondern auch f\u00fcr Paare, die eine romantische Zeit zusammen verbringen m\u00f6chten. Was gibt es Sch\u00f6neres, als die romantische Idylle des Sees in Zweisamkeit und ungest\u00f6rter Ruhe mit seinem Partner zu verbringen? Im Folgenden geben wir euch unsere Empfehlungen, wie ihr eure Zeit zu zweit am entspanntesten genie\u00dfen k\u00f6nnt:<\/p>\n\n\n\n<p class=\"has-text-align-center\"><iframe src=\"https:\/\/www.youtube.com\/embed\/JISao62CXNo?rel=0&amp;controls=0\" width=\"560\" height=\"315\" frameborder=\"0\" allowfullscreen=\"allowfullscreen\"><\/iframe><\/p>\n\n\n\n<h3 class=\"wp-block-heading\">Weg der Liebe<\/h3>\n\n\n\n<p>Wer gerne unterwegs ist, sollte sich wie oben beschrieben auf den &#8222;Weg der Liebe&#8220; machen. Auf dem Weg zum Granattor k\u00f6nnt ihr euch an den Zwischenstationen viel Gedanken \u00fcber die Liebe machen &#8211; oder euch von den geschriebenen Worten anderer inspirieren lassen. Eventuell rei\u00dft euch die Natur ja zu einem neuerlichen Liebesschwur hin?<\/p>\n\n\n\n<h3 class=\"wp-block-heading\">2. Fahrt mit dem Ruderboot<\/h3>\n\n\n\n<p>Wieso nur am See liegen, wenn man auch mittendrin sein kann? Um Ufer werden Ruderboote verliehen, mit denen ihr entweder einfach nur auf die Mitte des Sees rudern k\u00f6nnt &#8211; oder ihr sucht euch eine einsame, romantische Bucht &#8230;<\/p>\n\n\n\n<h3 class=\"wp-block-heading\">3. \u00dcbernachtung im Biwak<\/h3>\n\n\n\n<p>Ein echtes Highlight sind die neuen Biwaks am Millst\u00e4tter See. Das sind sehr schlichte, aber doch moderne Holzh\u00fctten, in denen ihr euch perfekt zur\u00fcckziehen kann. Nirgendwo fl\u00fcchtet ihr besser in ungest\u00f6rte Zweisamkeit als in solch einem einsamen H\u00e4uschen am See. Jedes Haus besitzt ein gro\u00dfes Panoramafenster, durch das ihr abends die Sterne und morgens den Sonnenaufgang beobachten k\u00f6nnt. Die Abende lasst ihr gem\u00fctlich bei einem Glas Wein auf der gro\u00dfz\u00fcgigen Terrasse ausklingen, w\u00e4hrend ihr euch in die mit Lammfell ausgelegten St\u00fchle kuschelt und den Sonnenuntergang beobachtet. Traumhaft!<\/p>\n\n\n<div class=\"wp-block-image\">\n<figure class=\"aligncenter\"><a href=\"https:\/\/www.sonnenklar.tv\/blog\/wp-content\/uploads\/2017\/07\/Terrasse-Biwak-Millst\u00e4ttersee.jpg\"><img loading=\"lazy\" decoding=\"async\" width=\"1000\" height=\"600\" src=\"https:\/\/www.sonnenklar.tv\/blog\/wp-content\/uploads\/2017\/07\/Terrasse-Biwak-Millst\u00e4ttersee.jpg\" alt=\"Die terrasse eines Biwaks am Millst\u00e4tter See\" class=\"wp-image-2529\" srcset=\"https:\/\/www.sonnenklar.tv\/blog\/wp-content\/uploads\/2017\/07\/Terrasse-Biwak-Millst\u00e4ttersee.jpg 1000w, https:\/\/www.sonnenklar.tv\/blog\/wp-content\/uploads\/2017\/07\/Terrasse-Biwak-Millst\u00e4ttersee-300x180.jpg 300w, https:\/\/www.sonnenklar.tv\/blog\/wp-content\/uploads\/2017\/07\/Terrasse-Biwak-Millst\u00e4ttersee-768x461.jpg 768w\" sizes=\"(max-width: 1000px) 100vw, 1000px\" \/><\/a><figcaption class=\"wp-element-caption\">Die Terrasse eines Biwaks ist ein toller Spot, um in romantischer Stimmung den Sonnenuntergang zu genie\u00dfen.<\/figcaption><\/figure>\n<\/div>\n\n<div class=\"wp-block-image\">\n<figure class=\"aligncenter\"><a href=\"https:\/\/www.sonnenklar.tv\/blog\/wp-content\/uploads\/2017\/07\/Biwak-Millst\u00e4tterSee.jpg\"><img loading=\"lazy\" decoding=\"async\" width=\"1000\" height=\"600\" src=\"https:\/\/www.sonnenklar.tv\/blog\/wp-content\/uploads\/2017\/07\/Biwak-Millst\u00e4tterSee.jpg\" alt=\"Ein Biwak am Millst\u00e4tter See\" class=\"wp-image-2532\" srcset=\"https:\/\/www.sonnenklar.tv\/blog\/wp-content\/uploads\/2017\/07\/Biwak-Millst\u00e4tterSee.jpg 1000w, https:\/\/www.sonnenklar.tv\/blog\/wp-content\/uploads\/2017\/07\/Biwak-Millst\u00e4tterSee-300x180.jpg 300w, https:\/\/www.sonnenklar.tv\/blog\/wp-content\/uploads\/2017\/07\/Biwak-Millst\u00e4tterSee-768x461.jpg 768w\" sizes=\"(max-width: 1000px) 100vw, 1000px\" \/><\/a><figcaption class=\"wp-element-caption\">Die Biwaks liegen direkt am Millst\u00e4tter See.<\/figcaption><\/figure>\n<\/div>\n\n<div class=\"wp-block-image\">\n<figure class=\"alignleft\"><img loading=\"lazy\" decoding=\"async\" width=\"200\" height=\"230\" src=\"https:\/\/www.sonnenklar.tv\/blog\/wp-content\/uploads\/2017\/07\/Wilhelm-Maria.jpg\" alt=\"Maria Wilhelm Gesch\u00e4ftsf\u00fchrerin Millst\u00e4tter See Tourismus GmbH\" class=\"wp-image-2581\"\/><\/figure>\n<\/div>\n\n\n<p>Tipps von der Gesch\u00e4ftsf\u00fchrerin Maria Wilhelm<br><\/p>\n\n\n\n<p><strong>Maria Theresia Wilhelm ist Gesch\u00e4ftsf\u00fchrerin der <em>Millst\u00e4tter See Tourismus GmbH<\/em>. Geboren ist sie in Salzburg, lebt aber seit 1999 in der Region. In einem Interview hat sie uns ein paar ihrer Geheimtipps und Lieblingsorte verraten.<\/strong><\/p>\n\n\n\n<p><strong>Welche sind Ihre Lieblingspl\u00e4tze?<\/strong><\/p>\n\n\n\n<p><em>Das Leben in und am See bzw. das in und um den See Sein ist das Lebensgef\u00fchl, das ich am Millst\u00e4tter See so sch\u00e4tze.&nbsp;Meine Lieblingslaufstrecke befindet sich am naturbelassenen S\u00fcdufer mit Blick auf den See und im Schatten der m\u00e4chtigen Laubb\u00e4ume. Danach ein Sprung in den See ist einfach nur erfischend.<\/em><\/p>\n\n\n\n<p><em>Au\u00dferdem kann ich nur empfehlen, eine Runde im warmen, weichen Seewasser zu schwimmen oder mit dem Motorboot \u00fcber den See zu schippern. Die Seeterrassen laden dann nach einem langen aktiven Tag zu einem abendlichen Drink ein. Ich sitze gerne auf so einer Terrasse und nutze den See damit als eine Art &#8222;zweites Wohnzimmer&#8220;. Ein sch\u00f6n gedeckter Tisch zum Beispiel beim &#8222;Seefischer&#8220; mit dem herrlichen Blick aufs Wasser ist schon etwas Besonderes.<\/em><\/p>\n\n\n\n<p><em>Auch eines meiner Highlights: der Weltenberg Mirnock mit dem Panoramablick \u00fcber den See. Gerne bin ich hier bei &#8222;Renates Einkehr&#8220;, von der aus man besondere Pl\u00e4tze mit herrlichem Panorama erwandern kann.<\/em><\/p>\n\n\n\n<p><em>Im Fr\u00fchling, Herbst und Sommer zieht es mich aber besonders oft zum Granattor auf der Millst\u00e4tter Alpe. Der Platz ist einzigartig: Beim Durchschreiten des Tors er\u00f6ffnet sich einem der gesamte See. Die Granatsteine liegen einfach so am Wegesrand, man braucht sie nur aufzuheben. Im Winter geht es dann aber zum Sportberg Goldeck &#8211; die Tiefschneeabfahrten sind absolut fantastisch.<\/em><\/p>\n\n\n\n<p><em>Faszinierend und mystisch finde ich auch das Bethaus in Fresach, oder den Campanile in Baldramsdorf. Der kulturelle Wert dieser Bauten ist eine gro\u00dfe Bereicherung f\u00fcr den Millst\u00e4tter See als Urlaubsregion.<\/em><\/p>\n\n\n\n<p><strong>Wem k\u00f6nnen Sie einen Besuch oder Urlaub am Millst\u00e4tter See empfehlen?<\/strong><\/p>\n\n\n\n<p><em>Auf&nbsp; jeden Fall Familien, da der Millst\u00e4tter See in eine sehr sanfte Bergwelt eingebettet ist. In den Nockbergen kann man mit Kindern gut wandern oder sich am See vergn\u00fcgen.<\/em><br><em>Wir haben au\u00dferdem eine Camping-Kompetenz, da wir rund um den See ausgezeichnete Campingpl\u00e4tze haben.<\/em><\/p>\n\n\n\n<p><em>Auch im Natur-Aktiv-Bereich l\u00e4sst der Millst\u00e4tter See keine W\u00fcnsche offen, ob&nbsp; Wanderer, Mountainbiker, Kletterer, Wassersportler \u2013 jeder findet hier seinen Lieblingsplatz oder Tour.&nbsp;<\/em><em>Weitwanderer finden hier \u00fcbrigens die sch\u00f6nste Etappe des Alpe-Adria-Trails, entlang des Weges der Millst\u00e4tter Alpe bis hin zum Granattor.&nbsp;<\/em><em>Genu\u00dfradler nutzen das tolle E-Bike-Netz und mit dem Seeradweg eine landschaftlich sch\u00f6ne Route mit vielen Geheimpl\u00e4tzen zum Rasten und Genie\u00dfen.<\/em><\/p>\n\n\n\n<p><em>Besonders aber auch f\u00fcr Paare haben wir die Logenpl\u00e4tze der<\/em> Zeit zu zweit <em>geschaffen. 2017 haben wir die Biwaks unter den Sternen (&#8222;Rifugio sotto le stelle&#8220;) als geheime R\u00fcckzugsorte er\u00f6ffnet. Hier k\u00f6nnen Paare die gemeinsame Zeit an besonderen Pl\u00e4tzen genie\u00dfen.&nbsp;<\/em><\/p>\n\n\n\n<p><strong>Was unterscheid den Millst\u00e4tter See beispielsweise vom W\u00f6rthersee?<\/strong><\/p>\n\n\n\n<p><em>Unser Natur-Aktiv-Angebot zeichnet uns aus. Wir bieten mit den vielf\u00e4ltigen Aktivit\u00e4ten einen sinnlich-emotionalen Zugang zum See und zur umliegenden Bergwelt. Der See ist bei uns der \u201eStar\u201c \u2013 ein Dreh- und Angelpunkt f\u00fcrs ganze Leben.<\/em><\/p>\n\n\n\n<p><em>Der W\u00f6rthersee hingegen nimmt den See als Kulisse f\u00fcr deren Angebot und ist eher ein Spot f\u00fcr die Event-Szene.<\/em><\/p>\n\n\n\n<h2 class=\"wp-block-heading\"><a name=\"sktv\"><\/a>sonnenklar.TV live vor Ort: Eindr\u00fccke &amp; Interviews<\/h2>\n\n\n\n<p>Auch unsere Kollegen waren f\u00fcr euch und unsere Zuschauer am Millst\u00e4tter See unterwegs und haben sich ein eigenes Bild von der Region gemacht. Sie waren aber nicht alleine: Sie haben sich unter anderem mit&nbsp;Maria Theresia Wilhelm (Gesch\u00e4ftsf\u00fchrerin der <em>Millst\u00e4tter See Tourismus GmbH<\/em>&nbsp;) und Franz Klammer (Skirennl\u00e4ufer und Olympiasieger) getroffen und die beiden ein St\u00fcck begleitet.<\/p>\n\n\n<div class=\"wp-block-image\">\n<figure class=\"aligncenter\"><img loading=\"lazy\" decoding=\"async\" width=\"800\" height=\"450\" src=\"https:\/\/www.sonnenklar.tv\/blog\/wp-content\/uploads\/2017\/07\/Millst\u00e4tter-See-Sonnenklar.jpg\" alt=\"Sonnenklar.TV am Millst\u00e4tter See\" class=\"wp-image-2683\" srcset=\"https:\/\/www.sonnenklar.tv\/blog\/wp-content\/uploads\/2017\/07\/Millst\u00e4tter-See-Sonnenklar.jpg 800w, https:\/\/www.sonnenklar.tv\/blog\/wp-content\/uploads\/2017\/07\/Millst\u00e4tter-See-Sonnenklar-300x169.jpg 300w, https:\/\/www.sonnenklar.tv\/blog\/wp-content\/uploads\/2017\/07\/Millst\u00e4tter-See-Sonnenklar-768x432.jpg 768w, https:\/\/www.sonnenklar.tv\/blog\/wp-content\/uploads\/2017\/07\/Millst\u00e4tter-See-Sonnenklar-340x190.jpg 340w\" sizes=\"(max-width: 800px) 100vw, 800px\" \/><\/figure>\n<\/div>\n\n\n<p><\/p>\n\n\n\n<p>Zur\u00fcck in M\u00fcnchen hat unsere Redakteurin Franziska von ihrem Ausflug geschw\u00e4rmt:<\/p>\n\n\n\n<blockquote class=\"wp-block-quote is-layout-flow wp-block-quote-is-layout-flow\">\n<p>&#8222;Ich muss zugeben: Ich war zum ersten Mal am Millst\u00e4tter See und gleich total begeistert! Oberhalb erstrecken sich wundersch\u00f6ne Wanderwege und unten am See genie\u00dft man Dolce Vita in einem der vielen Restaurants. Mein kulinarischer Tipp: Unbedingt mal den K\u00e4rntner Eisreindling mit Grantenschleck probieren!&#8220;<\/p>\n\n\n\n<p><\/p>\n<\/blockquote>\n\n\n\n<p>Solltet ihr die <a href=\"https:\/\/www.sonnenklar.tv\/live-angebote.html\" target=\"_blank\" rel=\"noopener\">Liveschalten auf sonnenklar.TV <\/a>verpasst haben, hier nochmal zum Nachsehen und Tr\u00e4umen &#8230;<\/p>\n\n\n\n<p>Gleich am Morgen haben wir aus luftiger H\u00f6he sonnige Morgengr\u00fc\u00dfe direkt vom Millst\u00e4tter See bekommen. Unsere Redakteurin Franziska hat sich mit Frau Wilhelm am See getroffen und vor allem \u00fcber die Geschichte des Wanderweges &#8222;Wege der Liebe&#8220; gesprochen. Romantik inklusive!<\/p>\n\n\n\n<p>Sp\u00e4ter am Tag hat sich Franziska mit dem Olympiasieger Franz Klammer unterhalten. Er kommt aus der Region und hat sich schon als Kind \u00fcber die tollen M\u00f6glichkeiten rund um den Millst\u00e4tter See gefreut. Auch wenn er heute in Wien lebt, kommt er immer wieder gerne an den See.<\/p>\n\n\n\n<p>Die Sonne scheint und der See verspricht eine Abk\u00fchlung. Die neuen Biwaks sind zum Gl\u00fcck mit Seeber\u00fchrung.<\/p>\n\n\n\n<p>Unser Tag am Millst\u00e4tter See geht zu Ende, aber ein Highlight kommt noch: der Sonnenuntergang. Vor allem aus dem Biwak mit dem passendem Namen &#8222;Sonnenuntergang \/ tramonto&#8220; ist die Kulisse traumhaft!<\/p>\n\n\n\n<p class=\"has-text-align-center\"><\/p>\n","protected":false},"excerpt":{"rendered":"<p>Der Millst\u00e4tter See hat bei Weitem mehr zu bieten als nur Badem\u00f6glichkeiten, Berge und sch\u00f6ne Landschaften. Die Infrastruktur und vor allem die Angebote rund um den See wurden so ausgebaut, das sich jeder seinen Urlaub individuell gestalten kann. Neben kostenpflichtigen Aktivit\u00e4ten gibt es auch eine Reihe von kostenlosen Angeboten. Besonders sch\u00f6n ist der See beispielsweise<\/p>\n","protected":false},"author":3,"featured_media":2522,"comment_status":"closed","ping_status":"open","sticky":false,"template":"","format":"standard","meta":{"footnotes":""},"categories":[455,5,9,10,3,465],"tags":[486,473,497],"class_list":{"0":"post-2370","1":"post","2":"type-post","3":"status-publish","4":"format-standard","5":"has-post-thumbnail","7":"category-urlaubslaender","8":"category-badeurlaub","9":"category-eigenanreise","10":"category-familieurlaub","11":"category-reisearten","12":"category-weitere-laender","13":"tag-familienurlaub","14":"tag-oesterreich","15":"tag-wandern"},"_links":{"self":[{"href":"https:\/\/www.sonnenklar.tv\/blog\/wp-json\/wp\/v2\/posts\/2370","targetHints":{"allow":["GET"]}}],"collection":[{"href":"https:\/\/www.sonnenklar.tv\/blog\/wp-json\/wp\/v2\/posts"}],"about":[{"href":"https:\/\/www.sonnenklar.tv\/blog\/wp-json\/wp\/v2\/types\/post"}],"author":[{"embeddable":true,"href":"https:\/\/www.sonnenklar.tv\/blog\/wp-json\/wp\/v2\/users\/3"}],"replies":[{"embeddable":true,"href":"https:\/\/www.sonnenklar.tv\/blog\/wp-json\/wp\/v2\/comments?post=2370"}],"version-history":[{"count":77,"href":"https:\/\/www.sonnenklar.tv\/blog\/wp-json\/wp\/v2\/posts\/2370\/revisions"}],"predecessor-version":[{"id":39257,"href":"https:\/\/www.sonnenklar.tv\/blog\/wp-json\/wp\/v2\/posts\/2370\/revisions\/39257"}],"wp:featuredmedia":[{"embeddable":true,"href":"https:\/\/www.sonnenklar.tv\/blog\/wp-json\/wp\/v2\/media\/2522"}],"wp:attachment":[{"href":"https:\/\/www.sonnenklar.tv\/blog\/wp-json\/wp\/v2\/media?parent=2370"}],"wp:term":[{"taxonomy":"category","embeddable":true,"href":"https:\/\/www.sonnenklar.tv\/blog\/wp-json\/wp\/v2\/categories?post=2370"},{"taxonomy":"post_tag","embeddable":true,"href":"https:\/\/www.sonnenklar.tv\/blog\/wp-json\/wp\/v2\/tags?post=2370"}],"curies":[{"name":"wp","href":"https:\/\/api.w.org\/{rel}","templated":true}]}}