{"id":23440,"date":"2023-04-25T09:46:26","date_gmt":"2023-04-25T08:46:26","guid":{"rendered":"https:\/\/www.sonnenklar.tv\/blog\/?p=23440"},"modified":"2026-02-19T08:36:31","modified_gmt":"2026-02-19T07:36:31","slug":"mallorca-geheimtipps","status":"publish","type":"post","link":"https:\/\/www.sonnenklar.tv\/blog\/urlaubslaender\/spanien\/mallorca-geheimtipps\/","title":{"rendered":"Unsere Mallorca Geheimtipps \u2013 so habt ihr die Insel noch nicht gesehen"},"content":{"rendered":"<p><strong>Belebte Str\u00e4nde, Partymusik und viele fr\u00f6hliche Menschen: Wer schon einmal Sommerurlaub auf Mallorca gemacht hat, wei\u00df, dass hier Sonne und Strand gefeiert werden. Der Sommer auf Mallorca kann aber auch ganz anders sein. Romantische Badebuchten, w\u00fcrzig duftende W\u00e4lder und ein Wanderparadies in den Bergen: Die Baleareninsel kann auch in der beliebtesten Reisezeit ruhig und vertr\u00e4umt sein. Wir stellen euch unsere Mallorca Geheimtipps f\u00fcr einen entspannten Sommerurlaub auf den Balearen vor.<\/strong><\/p>\n<p>Auf der Insel, die gerade viermal so gro\u00df wie R\u00fcgen ist, verbringen jedes Jahr etwa 16 Millionen Menschen ihren Urlaub. Die meisten dieser Besucher bleiben in der Bucht von <strong>Palma: <\/strong>Die deutschen Urlauber bevorzugt zwischen Palma und <strong>S\u2019Arenal<\/strong>, die englischen G\u00e4ste in Magaluff. Ein weiteres touristisches Zentrum ist die Bucht von <strong>Alc\u00fadia<\/strong> im Nordosten, wobei es dort aber schon sehr viel ruhiger ist. Abseits dieser Orte \u00fcberrascht die beliebte Baleareninsel mit <strong>mediterranem Charme<\/strong>, wundersch\u00f6nen Landschaften und mit der <strong>Serra de Tramuntana<\/strong> sogar mit einem Gebirge, das zum UNESCO Welterbe z\u00e4hlt. Wir zeigen euch in diesem Beitrag die urspr\u00fcngliche Seite Mallorcas.<\/p>\n<ul>\n<li><strong>Charmante D\u00f6rfer und einsame Str\u00e4nde \u2013 unsere Mallorca Geheimtipps<\/strong>\n<ul>\n<li><a href=\"#mallorca-geheimtipps-deia\">Dei\u00e0 \u2013 K\u00fcnstlerkolonie und ausgezeichnete Restaurants<\/a><\/li>\n<li><a href=\"#mallorca-geheimtipps-foradada\">Mirador de Na Foradada \u2013 Restaurant mit atemberaubenden Blick<\/a><\/li>\n<li><a href=\"#mallorca-geheimtipps-soller\">S\u00f3ller \u2013 charmante Hafenstadt<\/a><\/li>\n<li><a href=\"#mallorca-geheimtipps-banyalbufar\">Banyalbufar \u2013 spektakul\u00e4re Weinberge an der Felsenk\u00fcste<\/a><\/li>\n<li><a href=\"#geheimtipps-mallorca-calobra\">Sa Calobra \u2013 traumhaft sch\u00f6ne Badebucht<\/a><\/li>\n<li><a href=\"#mallorca-geheimtipps-santanyi\">Santany\u00ed \u2013 authentisches Marktgeschehen<\/a><\/li>\n<li><a href=\"#mallorca-geheimtipps-cala-torta\">Cala Torta \u2013 ruhiger Strand an der Ostspitze<\/a><\/li>\n<li><a href=\"#mallorca-geheimtipps-coll-baix\">Platja des Coll Baix \u2013 Wanderung zum einsamen Strand<\/a><\/li>\n<li><a href=\"#mallorca-geheimtipp-ballonfahrt\">Ballonfahrt \u00fcber Mallorca\u2013 ein zauberhaftes Abenteuer<\/a><\/li>\n<li><a href=\"#mallorca-geheimtipp-kulinarik\">Die kulinarische Vielfalt von Mallorca entdecken<\/a><\/li>\n<\/ul>\n<\/li>\n<li><strong>H\u00e4ufig gestellte Fragen zu Geheimtipps auf Mallorca<\/strong>\n<ul>\n<li><a href=\"#geheimtipp-mallorca-wo-ruhig\">Wo ist Mallorca am sch\u00f6nsten und ruhigsten?<\/a><\/li>\n<li><a href=\"#geheimtipp-mallorca-ruhig\">Wo ist es auf Mallorca nicht so voll?<\/a><\/li>\n<li><a href=\"#mallorca-geheimtipp-dorf\">Welches ist das sch\u00f6nste Dorf auf Mallorca?<\/a><\/li>\n<li><a href=\"#geheimtipp-mallorca-markt\">Was ist der sch\u00f6nste Markt auf Mallorca?<\/a><\/li>\n<\/ul>\n<\/li>\n<\/ul>\n<h2>Das Wichtigste im \u00dcberblick<\/h2>\n<ul>\n<li>Nur etwa <strong>2,5 Stunden Flug<\/strong> trennen euch vom mediterranen Urlaubsgl\u00fcck.<\/li>\n<li>Eindrucksvolle <strong>Berge<\/strong>, vertr\u00e4umte <strong>Badebuchten<\/strong>, lange <strong>Sandstr\u00e4nde<\/strong> voller Leben: Mallorca ist sehr <strong>vielseitig.<\/strong><\/li>\n<li>Obwohl j\u00e4hrlich etwa <strong>16 Millionen<\/strong> Menschen Mallorca besuchen, gibt es erstaunlich viele <strong>Geheimtipps<\/strong> f\u00fcr einen entspannten Urlaub zu <strong>entdecken.<\/strong><\/li>\n<\/ul>\n<h2>Charmante D\u00f6rfer und einsame Str\u00e4nde \u2013 unsere Mallorca Geheimtipps<\/h2>\n<p>Wenn wir an Mallorca denken, kommt bei den meisten zun\u00e4chst Palma und die Str\u00e4nde rund um die Inselhauptstadt in den Sinn. Dass die Baleareninsel viel mehr zu bieten hat, wollen wir euch in diesem Beitrag zeigen.<\/p>\n<h3><a name=\"mallorca-geheimtipps-deia\"><\/a>Dei\u00e0 \u2013 K\u00fcnstlerkolonie und ausgezeichnete Restaurants<\/h3>\n<p>Das <strong>pittoreske<\/strong> St\u00e4dtchen im Nordwesten der Insel z\u00e4hlt durchaus zu den bekannteren Sehensw\u00fcrdigkeiten, ist aber auf jeden Fall einen Besuch wert. Seine malerische Lage inmitten der Berge der <strong>Tramuntana<\/strong> hat schon immer <strong>K\u00fcnstler<\/strong> und andere kreative K\u00f6pfe in seinen Bann gezogen. Dei\u00e0 ist eines der <strong>sch\u00f6nsten D\u00f6rfer<\/strong> der Insel und bietet euch neben malerischen Gassen auch einige historische Sehensw\u00fcrdigkeiten. So haben arabische Architekten im achten Jahrhundert hier ein Ent- und Bew\u00e4sserungssystem gebaut, das noch heute benutzt wird.<\/p>\n<figure id=\"attachment_23470\" aria-describedby=\"caption-attachment-23470\" style=\"width: 880px\" class=\"wp-caption alignnone\"><a href=\"https:\/\/www.sonnenklar.tv\/blog\/wp-content\/uploads\/2023\/04\/2_GettyImages-917348812.jpg\"><img fetchpriority=\"high\" decoding=\"async\" class=\"wp-image-23470 size-full\" src=\"https:\/\/www.sonnenklar.tv\/blog\/wp-content\/uploads\/2023\/04\/2_GettyImages-917348812.jpg\" alt=\"Deia auf Mallorca\" width=\"880\" height=\"450\" srcset=\"https:\/\/www.sonnenklar.tv\/blog\/wp-content\/uploads\/2023\/04\/2_GettyImages-917348812.jpg 880w, https:\/\/www.sonnenklar.tv\/blog\/wp-content\/uploads\/2023\/04\/2_GettyImages-917348812-300x153.jpg 300w, https:\/\/www.sonnenklar.tv\/blog\/wp-content\/uploads\/2023\/04\/2_GettyImages-917348812-768x393.jpg 768w\" sizes=\"(max-width: 880px) 100vw, 880px\" \/><\/a><figcaption id=\"caption-attachment-23470\" class=\"wp-caption-text\">Altes mediterranes Dorf Deia auf Mallorca<\/figcaption><\/figure>\n<p>Erzherzog Lluis Salvador kam im Jahr 1867 in das Dorf und kaufte gro\u00dfe L\u00e4ndereien, die er unter Naturschutz stellte, um hier ein St\u00fcck urspr\u00fcngliches Mallorca zu erhalten. Das wirkt sich bis heute aus und so gibt es in Dei\u00e0 ein sehr <strong>nachhaltiges<\/strong> Tourismusangebot. Au\u00dferdem ist Dei\u00e0 bekannt f\u00fcr seine <strong>hochwertigen Restaurants<\/strong>, darunter sogar eines mit einem Michelin Stern.<\/p>\n[otw_shortcode_info_box border_type=&#8220;bordered&#8220; border_color_class=&#8220;otw-orange-border&#8220; border_style=&#8220;bordered&#8220;]<strong>Hoteltipp<\/strong>: Das <a href=\"https:\/\/www.sonnenklar.tv\/beschreibung\/Spanien\/Mallorca\/Dei%C3%A0\/La_Residencia.html\" target=\"_blank\" rel=\"noopener\">La Residencia, A Belmond Hotel<\/a> ist ein sehr luxuri\u00f6ses Hotel in zwei historischen Geb\u00e4uden. Der perfekte Ort f\u00fcr einen romantischen Urlaub zu zweit.[\/otw_shortcode_info_box]\n<h3><a name=\"mallorca-geheimtipps-foradada\"><\/a>Mirador de Na Foradada \u2013 Restaurant mit atemberaubenden Blick<\/h3>\n<p>An der Stra\u00dfe, die euch von Dei\u00e0 nach <strong>Valdemossa<\/strong> f\u00fchrt, kommt ihr zum Landgut <strong>Son Marroig<\/strong>, das dem <strong>Erzherzog Lluis Salvador<\/strong> als Landsitz diente. Der Gro\u00dfcousin des \u00f6sterreichischen Kaisers Franz Josef galt als gem\u00fctlicher, etwas \u00fcbergewichtiger Mann, der es verstand zu genie\u00dfen. Ihr k\u00f6nnt das Gut besichtigen und euch dabei einen Einblick in das Leben des adligen Aussteigers und Natursch\u00fctzers verschaffen.<\/p>\n<figure id=\"attachment_23471\" aria-describedby=\"caption-attachment-23471\" style=\"width: 880px\" class=\"wp-caption alignnone\"><a href=\"https:\/\/www.sonnenklar.tv\/blog\/wp-content\/uploads\/2023\/04\/GettyImages-148708642-1.jpg\"><img decoding=\"async\" class=\"wp-image-23471 size-full\" src=\"https:\/\/www.sonnenklar.tv\/blog\/wp-content\/uploads\/2023\/04\/GettyImages-148708642-1.jpg\" alt=\"Aussicht von Son Marroig auf Mallorcas Landschaft\" width=\"880\" height=\"450\" srcset=\"https:\/\/www.sonnenklar.tv\/blog\/wp-content\/uploads\/2023\/04\/GettyImages-148708642-1.jpg 880w, https:\/\/www.sonnenklar.tv\/blog\/wp-content\/uploads\/2023\/04\/GettyImages-148708642-1-300x153.jpg 300w, https:\/\/www.sonnenklar.tv\/blog\/wp-content\/uploads\/2023\/04\/GettyImages-148708642-1-768x393.jpg 768w\" sizes=\"(max-width: 880px) 100vw, 880px\" \/><\/a><figcaption id=\"caption-attachment-23471\" class=\"wp-caption-text\">Atemberaubende Aussicht vom Landgut Son Marroig<\/figcaption><\/figure>\n<p>Das Highlight ist die <strong>Loggia im Renaissancestil<\/strong>, von der ihr eine spektakul\u00e4re Aussicht \u00fcber das tiefblaue Meer genie\u00dft. Von der Villa f\u00fchrt ein Weg zu einer kleinen, <strong>felsigen Halbinsel<\/strong>, die hier ins Meer ragt. An deren Ende bildet ein <strong>Felsentor<\/strong> ein wunderbares Fotomotiv. Da ein Spaziergang hungrig macht, empfehlen wir euch diesen so zu legen, dass ihr zum Mittagessen im <strong>Restaurant Sa Foradada<\/strong> einkehren k\u00f6nnt. Dort erwartet euch k\u00f6stliche mallorquinische K\u00fcche mit einem atemberaubenden Ausblick.<\/p>\n<h3><a name=\"mallorca-geheimtipps-soller\"><\/a>S\u00f3ller \u2013 charmante Hafenstadt<\/h3>\n<p>Wie Dei\u00e0, liegt S\u00f3ller und <strong>Port de S\u00f3ller<\/strong> am Fu\u00df des <strong>Tramuntana<\/strong> Gebirges, das zum <strong>UNESCO Welterbe<\/strong> geh\u00f6rt. Die Stadt befindet sich im <strong>Orangental<\/strong>, das auch Tal des Goldes genannt wird. Im 19. Jahrhundert bescherten die Zitrusfr\u00fcchte dem St\u00e4dtchen einen gewissen Reichtum, was sich in den zahlreichen <strong>Palazzi<\/strong> zeigt. Diese zauberhafte Kulisse und die Tatsache, dass S\u00f3ller lange Zeit nur \u00fcber das Wasser erreichbar war, hat daf\u00fcr gesorgt, dass sich dieser <strong>exklusive Charme<\/strong> erhalten hat und ihr statt gro\u00dfer Resort-Hotels hier viele kleine, teils luxuri\u00f6se <strong>Boutique-Hotels<\/strong> findet.<\/p>\n<figure id=\"attachment_23459\" aria-describedby=\"caption-attachment-23459\" style=\"width: 880px\" class=\"wp-caption alignnone\"><a href=\"https:\/\/www.sonnenklar.tv\/blog\/wp-content\/uploads\/2023\/04\/GettyImages-1354043814.jpg\"><img decoding=\"async\" class=\"wp-image-23459 size-full\" src=\"https:\/\/www.sonnenklar.tv\/blog\/wp-content\/uploads\/2023\/04\/GettyImages-1354043814.jpg\" alt=\"Tranv\u00eda de Soller am Hafen in S\u00f3ller auf Mallorca\" width=\"880\" height=\"450\" srcset=\"https:\/\/www.sonnenklar.tv\/blog\/wp-content\/uploads\/2023\/04\/GettyImages-1354043814.jpg 880w, https:\/\/www.sonnenklar.tv\/blog\/wp-content\/uploads\/2023\/04\/GettyImages-1354043814-300x153.jpg 300w, https:\/\/www.sonnenklar.tv\/blog\/wp-content\/uploads\/2023\/04\/GettyImages-1354043814-768x393.jpg 768w\" sizes=\"(max-width: 880px) 100vw, 880px\" \/><\/a><figcaption id=\"caption-attachment-23459\" class=\"wp-caption-text\">Die historische Stra\u00dfenbahn Tranv\u00eda de Soller in der idyllischen Hafenstadt S\u00f3ller auf Mallorca<\/figcaption><\/figure>\n<p>Wenn ihr S\u00f3ller besucht, solltet ihr unbedingt mit der historischen, <strong>h\u00f6lzernen Tram<\/strong> von der Stadt hinunter nach Port S\u00f3ller fahren. Dort k\u00f6nnt ihr an der wundersch\u00f6nen <strong>Strandpromenade<\/strong> bummeln oder einen Badetag am Strand einlegen. Wenn ihr nur einen Tagesausflug von Palma machen wollt, k\u00f6nnt ihr daf\u00fcr auch den Zug nutzen und durch die malerischen Landschaften Mallorcas fahren.<\/p>\n[otw_shortcode_info_box border_type=&#8220;bordered&#8220; border_color_class=&#8220;otw-orange-border&#8220; border_style=&#8220;bordered&#8220;]<strong>Info<\/strong>: Eine kleine, aber feine Auswahl an charmanten Unterk\u00fcnften, die sich f\u00fcr einen romantischen Urlaub auf Mallorca empfehlen, findet ihr in unseren <a href=\"https:\/\/www.sonnenklar.tv\/ort\/Mallorca\/S%C3%B3ller.html\" target=\"_blank\" rel=\"noopener\">Hotelangeboten f\u00fcr S\u00f3ller<\/a>.[\/otw_shortcode_info_box]\n<h3><a name=\"mallorca-geheimtipps-banyalbufar\"><\/a>Banyalbufar \u2013 spektakul\u00e4re Weinberge an der Felsenk\u00fcste<\/h3>\n<p>Im S\u00fcdwesten der Insel liegt ein weiterer Ort, der sich an die H\u00e4nge der Tramuntana Berge schmiegt. Banyalbufar ist noch ein echter <strong>Mallorca Geheimtipp<\/strong> und gerade deswegen auch besonders charmant und urspr\u00fcnglich. Bekannt ist das Dorf f\u00fcr die terrassierten <strong>Weinberge<\/strong>, von denen es umgeben ist. Am Fu\u00df der <strong>Steilklippen<\/strong>, auf denen das Dorf thront, gibt es einen kleinen Kiesstrand, an dem ihr einen entspannten Badetag verbringen k\u00f6nnt. Die meisten Besucher kommen aber, um von hier zu ausgedehnten <strong>Wanderungen<\/strong> im Tramuntana aufzubrechen.<\/p>\n<figure id=\"attachment_23457\" aria-describedby=\"caption-attachment-23457\" style=\"width: 880px\" class=\"wp-caption alignnone\"><a href=\"https:\/\/www.sonnenklar.tv\/blog\/wp-content\/uploads\/2023\/04\/GettyImages-1217354406.jpg\"><img loading=\"lazy\" decoding=\"async\" class=\"wp-image-23457 size-full\" src=\"https:\/\/www.sonnenklar.tv\/blog\/wp-content\/uploads\/2023\/04\/GettyImages-1217354406.jpg\" alt=\"Terrassenfelder in Banyalbufar, Serra de Tramuntana\" width=\"880\" height=\"450\" srcset=\"https:\/\/www.sonnenklar.tv\/blog\/wp-content\/uploads\/2023\/04\/GettyImages-1217354406.jpg 880w, https:\/\/www.sonnenklar.tv\/blog\/wp-content\/uploads\/2023\/04\/GettyImages-1217354406-300x153.jpg 300w, https:\/\/www.sonnenklar.tv\/blog\/wp-content\/uploads\/2023\/04\/GettyImages-1217354406-768x393.jpg 768w\" sizes=\"(max-width: 880px) 100vw, 880px\" \/><\/a><figcaption id=\"caption-attachment-23457\" class=\"wp-caption-text\">Spektakul\u00e4re Sicht auf die Terrassenfelder in Banyalbufar, Serra de Tramuntana<\/figcaption><\/figure>\n<p>Sehenswert ist das ehemalige <strong>Kloster Sa Baronia<\/strong>, in dem heute ein Hotel untergebracht ist. Das Wahrzeichen von Banyalbufar ist der historische <strong>Wachturm Ses \u00c0nimes<\/strong>, von dem ihr einen traumhaften Blick auf das Meer genie\u00dft. Noch eindrucksvoller ist die Aussicht vom <strong>Turm Verger<\/strong>, der etwas oberhalb der Stadt liegt und gerade zum Sonnenuntergang wundersch\u00f6nen Panoramablick bietet.<\/p>\n[otw_shortcode_info_box border_type=&#8220;bordered&#8220; border_color_class=&#8220;otw-orange-border&#8220; border_style=&#8220;bordered&#8220;]<strong>Hoteltipp<\/strong>: Das <a href=\"https:\/\/www.sonnenklar.tv\/beschreibung\/Spanien\/Mallorca\/Banyalbufar\/Sa_Coma_de_Banyalbufar.html\" target=\"_blank\" rel=\"noopener\">Sa Coma de Banyalbufar<\/a> ist ein kleines, sehr charmantes Hotel mit Garten, Pool und einer Terrasse mit atemberaubenden Ausblick.[\/otw_shortcode_info_box]\n<h3><a name=\"geheimtipps-mallorca-calobra\"><\/a>Sa Calobra \u2013 traumhaft sch\u00f6ne Badebucht<\/h3>\n<p>Dieses Dorf ist so klein, dass es schon mal als <strong>Cases de sa Calobra<\/strong> bezeichnet wird, also als die H\u00e4user in Sa Calobra. Dabei gibt es gleich mehrere Gr\u00fcnde, diesen Geheimtipp auf Mallorca zu besuchen. Zum einen erreicht ihr den Ort an der Nordwestk\u00fcste nur \u00fcber eine <strong>spektakul\u00e4re Serpentinenstra\u00dfe<\/strong>, die 1932 von einem italienischen Ingenieur entworfen und gebaut wurde. Hier ist definitiv der Weg das Ziel und ihr werdet versucht sein, auf den 700 H\u00f6henmetern, die es hier bergab geht, immer wieder anzuhalten, um das <strong>Panorama<\/strong> zu bestaunen.<\/p>\n<figure id=\"attachment_23460\" aria-describedby=\"caption-attachment-23460\" style=\"width: 880px\" class=\"wp-caption alignnone\"><a href=\"https:\/\/www.sonnenklar.tv\/blog\/wp-content\/uploads\/2023\/04\/GettyImages-1410157933.jpg\"><img loading=\"lazy\" decoding=\"async\" class=\"wp-image-23460 size-full\" src=\"https:\/\/www.sonnenklar.tv\/blog\/wp-content\/uploads\/2023\/04\/GettyImages-1410157933.jpg\" alt=\"Kurvenreiche Stra\u00dfe MA-2141 inmitten des Serra de Tramuntana Gebirges auf Mallorca\" width=\"880\" height=\"450\" srcset=\"https:\/\/www.sonnenklar.tv\/blog\/wp-content\/uploads\/2023\/04\/GettyImages-1410157933.jpg 880w, https:\/\/www.sonnenklar.tv\/blog\/wp-content\/uploads\/2023\/04\/GettyImages-1410157933-300x153.jpg 300w, https:\/\/www.sonnenklar.tv\/blog\/wp-content\/uploads\/2023\/04\/GettyImages-1410157933-768x393.jpg 768w\" sizes=\"(max-width: 880px) 100vw, 880px\" \/><\/a><figcaption id=\"caption-attachment-23460\" class=\"wp-caption-text\">Eine kurvenreiche Stra\u00dfe f\u00fchrt euch hinunter zum Dorf Sa Calobra mit Blick auf das Mittelmeer<\/figcaption><\/figure>\n<p>Am Ende der Stra\u00dfe wartet dann ein kleiner, steiniger <strong>Strand<\/strong> auf euch, der von Schatten spendenden <strong>B\u00e4umen<\/strong> und hohen Bergen ges\u00e4umt ist. An diesem Strand k\u00f6nnt ihr euch ausruhen, wenn ihr den dritten Grund f\u00fcr euren Besuch in Sa Calobra bestaunt habt. Vom Dorf f\u00fchrt euch ein Wanderweg in die <strong>Schlucht Torrent de Pareis<\/strong>, fr\u00fcher der einzige Zugang in das Dorf auf dem Landweg. Am meerseitigen Zugang zur Schlucht gibt es noch einen weiteren traumhaften Strand zum Entspannen. Solltet ihr zuf\u00e4llig am ersten Sonntag im Juli auf Mallorca sein, k\u00f6nnt ihr in dieser atemberaubenden Kulisse einem <strong>kostenlosen Konzert<\/strong> beiwohnen.<\/p>\n<h3><a name=\"mallorca-geheimtipps-santanyi\"><\/a>Santany\u00ed \u2013 authentisches Marktgeschehen<\/h3>\n<p>Im <strong>S\u00fcdosten<\/strong> Mallorcas zeigt sich euch ein v\u00f6llig anderes Landschaftsbild. Der Panoramablick schweift hier weit \u00fcber die Ebene mit ein paar sanften <strong>H\u00fcgeln<\/strong>. Mittendrin liegt unser n\u00e4chster Geheimtipp f\u00fcr die Liebhaber des urspr\u00fcnglichen Mallorcas. Erstmals erw\u00e4hnt wurde Santany\u00ed im <strong>13. Jahrhundert<\/strong> als Santi Annini, was auf Deutsch Lamm Gottes bedeutet. In den Anfangszeiten wurde die Stadt immer wieder von Piraten gepl\u00fcndert, weshalb man beschloss, die heute noch existierende <strong>Stadtmauer<\/strong> zu bauen.<\/p>\n<figure id=\"attachment_20928\" aria-describedby=\"caption-attachment-20928\" style=\"width: 880px\" class=\"wp-caption alignnone\"><a href=\"https:\/\/www.sonnenklar.tv\/blog\/wp-content\/uploads\/2022\/08\/GettyImages-1338631620_kl.jpg\"><img loading=\"lazy\" decoding=\"async\" class=\"wp-image-20928 size-full\" src=\"https:\/\/www.sonnenklar.tv\/blog\/wp-content\/uploads\/2022\/08\/GettyImages-1338631620_kl.jpg\" alt=\"Stra\u00dfenmarkt auf Mallorca\" width=\"880\" height=\"450\" srcset=\"https:\/\/www.sonnenklar.tv\/blog\/wp-content\/uploads\/2022\/08\/GettyImages-1338631620_kl.jpg 880w, https:\/\/www.sonnenklar.tv\/blog\/wp-content\/uploads\/2022\/08\/GettyImages-1338631620_kl-300x153.jpg 300w, https:\/\/www.sonnenklar.tv\/blog\/wp-content\/uploads\/2022\/08\/GettyImages-1338631620_kl-768x393.jpg 768w\" sizes=\"(max-width: 880px) 100vw, 880px\" \/><\/a><figcaption id=\"caption-attachment-20928\" class=\"wp-caption-text\">Typischer Stra\u00dfenmarkt auf Mallorca<\/figcaption><\/figure>\n<p>Die historische Altstadt zeigt sich in einheitlichem <strong>Goldgelb<\/strong>, was daher r\u00fchrt, dass die meisten H\u00e4user aus einem speziellen <strong>Sandstein<\/strong> gebaut wurden, der ganz in der N\u00e4he abgebaut wird. Bei einem Bummel entdeckt ihr viele <strong>Galerien<\/strong> in den Gassen, da Santany\u00ed ein Ort ist, der viele K\u00fcnstler inspiriert. Wenn ihr den mallorquinischen Charme der Stadt mit ein paar Badetagen an den Traumstr\u00e4nden der Region kombinieren wollt, fahrt ihr nach <strong>Cala Santany\u00ed<\/strong> oder zum Strand von <strong>Es Trenc<\/strong>.<\/p>\n[otw_shortcode_info_box border_type=&#8220;bordered&#8220; border_color_class=&#8220;otw-orange-border&#8220; border_style=&#8220;bordered&#8220;]<strong>Hoteltipp<\/strong>: Eingebettet in einen duftenden Pinienwald liegt das <a href=\"https:\/\/www.sonnenklar.tv\/beschreibung\/Spanien\/Mallorca\/Santanyi\/Pinos_Playa.html\" target=\"_blank\" rel=\"noopener\">Pinos Playa<\/a> idyllisch am Meer. Das komfortable Hotel befindet sich direkt am kleinen gleichnamigen Strand, der flach ins Meer abf\u00e4llt.[\/otw_shortcode_info_box]\n[otw_shortcode_info_box border_type=&#8220;bordered&#8220; border_color_class=&#8220;otw-orange-border&#8220; border_style=&#8220;bordered&#8220;]<strong>Lesetipp<\/strong>: Von frischen Lebensmitteln \u00fcber Kunsthandwerk bis Souvenirs. Entdeckt die sch\u00f6nsten <a href=\"https:\/\/www.sonnenklar.tv\/blog\/maerkte-mallorca\/\" target=\"_blank\" rel=\"noopener\">M\u00e4rkte Mallorcas<\/a>, bei denen sich ein Besuch durchaus lohnt.[\/otw_shortcode_info_box]\n<h3><a name=\"mallorca-geheimtipps-cala-torta\"><\/a>Cala Torta \u2013 ruhiger Strand an der Ostspitze<\/h3>\n<p>Ihr seid auf der Suche nach den Mallorca Geheimtipps, die in die Kategorie Strand fallen? Wenn ihr euren Urlaub im beliebten Ferienort <strong>Cala Rajada <\/strong>(fr\u00fcher Cala Ratjada) verbringt, h\u00e4tten wir da eine Empfehlung. Weite Teile des Nordostens der Insel sind im <strong>Naturpark de la Peninsula de Llevant<\/strong> gesch\u00fctzt. Da die K\u00fcste, und somit einige Buchten in den Park eingeschlossen sind, findet ihr hier auch den ein oder anderen Strand, der mit nat\u00fcrlicher Sch\u00f6nheit verzaubert.<\/p>\n<figure id=\"attachment_23461\" aria-describedby=\"caption-attachment-23461\" style=\"width: 880px\" class=\"wp-caption alignnone\"><a href=\"https:\/\/www.sonnenklar.tv\/blog\/wp-content\/uploads\/2023\/04\/GettyImages-1428612305.jpg\"><img loading=\"lazy\" decoding=\"async\" class=\"wp-image-23461 size-full\" src=\"https:\/\/www.sonnenklar.tv\/blog\/wp-content\/uploads\/2023\/04\/GettyImages-1428612305.jpg\" alt=\"Cala Mitjana und Cala Torta auf Mallorca\" width=\"880\" height=\"450\" srcset=\"https:\/\/www.sonnenklar.tv\/blog\/wp-content\/uploads\/2023\/04\/GettyImages-1428612305.jpg 880w, https:\/\/www.sonnenklar.tv\/blog\/wp-content\/uploads\/2023\/04\/GettyImages-1428612305-300x153.jpg 300w, https:\/\/www.sonnenklar.tv\/blog\/wp-content\/uploads\/2023\/04\/GettyImages-1428612305-768x393.jpg 768w\" sizes=\"(max-width: 880px) 100vw, 880px\" \/><\/a><figcaption id=\"caption-attachment-23461\" class=\"wp-caption-text\">Die unber\u00fchrten Badebuchten am Cala Mitjana und Cala Torta auf Mallorca<\/figcaption><\/figure>\n<p>Auf <strong>150 Metern<\/strong> <strong>L\u00e4nge<\/strong> und etwa 200 Metern Breite erstreckt sich der traumhaft gelegene Strand der <strong>Cala Torta<\/strong>. Ihr erreicht diesen \u00fcber eine schmale Stra\u00dfe ab Art\u00e0 mit dem Auto. Im Sommer gibt es an den <strong>D\u00fcnen<\/strong> eine <strong>Strandbar<\/strong>, die ber\u00fchmt ist f\u00fcr Ihre Fischplatte. W\u00e4hrend der Badesaison ist die Cala Torta \u00fcberwacht. Da der Strand eher steil ins Wasser abf\u00e4llt, solltet ihr hier aber nur ins Wasser, wenn ihr schwimmen k\u00f6nnt. In der Nachbarbucht <strong>Cala Mitjana<\/strong>, d\u00fcrft ihr dann auch textilfrei baden.<\/p>\n[otw_shortcode_info_box border_type=&#8220;bordered&#8220; border_color_class=&#8220;otw-orange-border&#8220; border_style=&#8220;bordered&#8220;]<strong>Info<\/strong>: Der n\u00e4chstgelegene Ort ist Cala Ratjada. In dem beliebten Badeort findet ihr eine <a href=\"https:\/\/www.sonnenklar.tv\/ort\/Mallorca\/Cala_Ratjada.html\" target=\"_blank\" rel=\"noopener\">gro\u00dfe Auswahl an unterschiedlichen Cala Ratjada Hotels<\/a>.[\/otw_shortcode_info_box]\n<h3><strong><a name=\"mallorca-geheimtipps-coll-baix\"><\/a>Platja des Coll Baix \u2013 Wanderung zum einsamen Strand<\/strong><\/h3>\n<p>Im Norden Mallorcas findet ihr mit <strong>Alc\u00fadia<\/strong> einen sehr beliebten und bekannten Urlaubsort mit den Str\u00e4nden an der Bucht von Alc\u00fadia und gleich daneben an der Bucht von Polenca. Doch auch in dieser gut erschlossenen Umgebung wartet Mallorca mit Geheimtipps auf. Die Stadt Alc\u00fadia liegt am Zugang zu einer <strong>bewaldeten Halbinsel<\/strong>, die die Bucht von Alc\u00fadia von der Bucht von Polenca trennt. Auf dieser Halbinsel gibt es einige sch\u00f6ne <strong>Wanderwege<\/strong> und mit dem Platja des Coll Baix einen echten <strong>Traumstrand<\/strong>.<\/p>\n<figure id=\"attachment_23455\" aria-describedby=\"caption-attachment-23455\" style=\"width: 880px\" class=\"wp-caption alignnone\"><a href=\"https:\/\/www.sonnenklar.tv\/blog\/wp-content\/uploads\/2023\/04\/GettyImages-669359856.jpg\"><img loading=\"lazy\" decoding=\"async\" class=\"wp-image-23455 size-full\" src=\"https:\/\/www.sonnenklar.tv\/blog\/wp-content\/uploads\/2023\/04\/GettyImages-669359856.jpg\" alt=\"Platja des Coll Baix in Alcudia auf Mallorca\" width=\"880\" height=\"450\" srcset=\"https:\/\/www.sonnenklar.tv\/blog\/wp-content\/uploads\/2023\/04\/GettyImages-669359856.jpg 880w, https:\/\/www.sonnenklar.tv\/blog\/wp-content\/uploads\/2023\/04\/GettyImages-669359856-300x153.jpg 300w, https:\/\/www.sonnenklar.tv\/blog\/wp-content\/uploads\/2023\/04\/GettyImages-669359856-768x393.jpg 768w\" sizes=\"(max-width: 880px) 100vw, 880px\" \/><\/a><figcaption id=\"caption-attachment-23455\" class=\"wp-caption-text\">Der versteckte Platja des Coll Baix in Alcudia auf Mallorca<\/figcaption><\/figure>\n<p>Da der Platja des Coll Baix nicht so einfach zu erreichen ist, wird er wohl auch ein Geheimtipp bleiben. Von Alc\u00fadia f\u00fchrt eine Stra\u00dfe bis auf etwa 1,5 Kilometer an den Strand. Vom Parkplatz erwartet euch dann eine etwas anspruchsvolle Wanderung in <strong>30-45 Minuten<\/strong> \u00fcber Klippen hinunter ans Meer. Umgeben von den Klippen k\u00f6nnt ihr euch textilfrei in der Sonne aalen. Da es am Platja des Coll Baix nichts gibt, au\u00dfer einmalig sch\u00f6ner Natur, m\u00fcsst ihr alle Siebensachen, die ihr f\u00fcr euren Strandtag braucht, selbst mitbringen.<\/p>\n[otw_shortcode_info_box border_type=&#8220;bordered&#8220; border_color_class=&#8220;otw-orange-border&#8220; border_style=&#8220;bordered&#8220;]<strong>Info<\/strong>: Im beliebten <a href=\"https:\/\/www.sonnenklar.tv\/promo\/straende\/puerto-alducia.html\" target=\"_blank\" rel=\"noopener\">Badeort Alc\u00fadia<\/a> findet ihr eine gro\u00dfe Auswahl an gehobenen Hotels.[\/otw_shortcode_info_box]\n<h3><a name=\"mallorca-geheimtipp-ballonfahrt\"><\/a>Ballonfahrt \u00fcber Mallorca \u2013 ein zauberhaftes Abenteuer<\/h3>\n<p>Ihr wollt euch und eurem Lieblingsmenschen etwas ganz Besonderes g\u00f6nnen? Vielleicht habt ihr einen besonderen Anlass zu feiern und sucht nach dem passenden Rahmen. Dann empfehlen wir euch eine Ballonfahrt. In <strong>Manacor<\/strong>, der zweitgr\u00f6\u00dften Stadt Mallorcas, gibt es mehrere Anbieter, die euch dieses einzigartige Abenteuer erm\u00f6glichen. Nach einer kurzen <strong>Einweisung<\/strong> und Sicherheits\u00fcbung k\u00f6nnt ihr euch dann wahlweise zum <strong>Sonnenauf<\/strong>&#8211; oder <strong>Sonnenuntergang<\/strong> in die L\u00fcfte erheben.<\/p>\n<figure id=\"attachment_23472\" aria-describedby=\"caption-attachment-23472\" style=\"width: 880px\" class=\"wp-caption alignnone\"><a href=\"https:\/\/www.sonnenklar.tv\/blog\/wp-content\/uploads\/2023\/04\/GettyImages-537449100.jpg\"><img loading=\"lazy\" decoding=\"async\" class=\"wp-image-23472 size-full\" src=\"https:\/\/www.sonnenklar.tv\/blog\/wp-content\/uploads\/2023\/04\/GettyImages-537449100.jpg\" alt=\"Hei\u00dfluftballons an einem nebeligen Morgen \u00fcber Mallorca\" width=\"880\" height=\"450\" srcset=\"https:\/\/www.sonnenklar.tv\/blog\/wp-content\/uploads\/2023\/04\/GettyImages-537449100.jpg 880w, https:\/\/www.sonnenklar.tv\/blog\/wp-content\/uploads\/2023\/04\/GettyImages-537449100-300x153.jpg 300w, https:\/\/www.sonnenklar.tv\/blog\/wp-content\/uploads\/2023\/04\/GettyImages-537449100-768x393.jpg 768w\" sizes=\"(max-width: 880px) 100vw, 880px\" \/><\/a><figcaption id=\"caption-attachment-23472\" class=\"wp-caption-text\">Hei\u00dfluftballons an einem nebeligen Morgen \u00fcber Mallorca<\/figcaption><\/figure>\n<p>Es gibt wohl kein magischeres Erlebnis, als mit einem Ballon f\u00fcr 60-90 Minuten \u00fcber die Landschaft zu schweben. W\u00e4hrend der Fahrt umgibt euch eine sehr beruhigende Stille. Was kann es Romantischeres geben, als mit eurem Lieblingsmenschen ganz gem\u00e4chlich \u00fcber die wundersch\u00f6ne Insel zu schweben und den Ausblick auf das blaue Meer zu genie\u00dfen?<\/p>\n<h3><a name=\"mallorca-geheimtipp-kulinarik\"><\/a>Die kulinarische Vielfalt von Mallorca entdecken<\/h3>\n<p>Die meisten Besucher kommen nach Mallorca, um an den Str\u00e4nden der Insel zu baden und die Sonne zu genie\u00dfen. Dass die Baleareninsel dank des mediterranen Klimas aber auch ein <strong>Paradies f\u00fcr Feinschmecker<\/strong> ist, wird dabei oft \u00fcbersehen. So ist es nach wie vor ein Geheimtipp f\u00fcr den Mallorca-Urlaub, die kulinarische Vielfalt zu entdecken. Inzwischen gibt es in den Hotelk\u00fcchen einen echten Trend hin zu lokalen Lebensmitteln. Warum also nicht mal einen Ausflug machen und die Erzeuger von gesundem <strong>Oliven\u00f6l<\/strong>, k\u00f6stlichem <strong>Wein<\/strong> und leckeren <strong>Wurst- und K\u00e4sesorten<\/strong> im Inselinneren besuchen?<\/p>\n<figure id=\"attachment_23465\" aria-describedby=\"caption-attachment-23465\" style=\"width: 880px\" class=\"wp-caption alignnone\"><a href=\"https:\/\/www.sonnenklar.tv\/blog\/wp-content\/uploads\/2023\/04\/GettyImages-85654177-1.jpg\"><img loading=\"lazy\" decoding=\"async\" class=\"wp-image-23465 size-full\" src=\"https:\/\/www.sonnenklar.tv\/blog\/wp-content\/uploads\/2023\/04\/GettyImages-85654177-1.jpg\" alt=\"Gedeckter Tisch mit spanischen Tapas\" width=\"880\" height=\"450\" srcset=\"https:\/\/www.sonnenklar.tv\/blog\/wp-content\/uploads\/2023\/04\/GettyImages-85654177-1.jpg 880w, https:\/\/www.sonnenklar.tv\/blog\/wp-content\/uploads\/2023\/04\/GettyImages-85654177-1-300x153.jpg 300w, https:\/\/www.sonnenklar.tv\/blog\/wp-content\/uploads\/2023\/04\/GettyImages-85654177-1-768x393.jpg 768w\" sizes=\"(max-width: 880px) 100vw, 880px\" \/><\/a><figcaption id=\"caption-attachment-23465\" class=\"wp-caption-text\">Gedeckter Tisch mit einer leckeren Auswahl an typisch spanischen Tapas<\/figcaption><\/figure>\n<p>Bei der Gelegenheit k\u00f6nnt ihr dann auch besondere Souvenirs kaufen und euch ein St\u00fcck von Mallorca mit nach Hause nehmen. Was die Bauern hier so alles produzieren, seht ihr auf diversen Bauernm\u00e4rkten. Viele Landwirte bieten aber inzwischen auch Hofl\u00e4den und zeigen euch bei einer F\u00fchrung gerne, wie ihre Produkte entstehen. So eine Hofbesichtigung ist nicht nur sehr interessant, sondern auch sehr <strong>nachhaltig<\/strong>, weil ihr die lokalen Erzeuger mit euren Eink\u00e4ufen unterst\u00fctzt.<\/p>\n[otw_shortcode_info_box border_type=&#8220;bordered&#8220; border_color_class=&#8220;otw-orange-border&#8220; border_style=&#8220;bordered&#8220;]<strong>Info<\/strong>: Damit ihr nicht lange nach Weing\u00fctern und Olivenbauern suchen m\u00fcsst, haben wir eine spezielle <a href=\"https:\/\/www.sonnenklar.tv\/angebot\/234028.html\" target=\"_blank\" rel=\"noopener\">Kulinarische Entdeckungsreise auf Mallorca<\/a> f\u00fcr euch im Angebot.[\/otw_shortcode_info_box]\n<h2>H\u00e4ufig gestellte Fragen zu Geheimtipps auf Mallorca<\/h2>\n<p>Mallorca ist bei deutschen Urlaubern so beliebt, dass man die Insel im Scherz schon mal als 17. Bundesland bezeichnet. Wenn ihr aber auf der Suche nach den Geheimtipps auf Mallorca seid, tauchen schnell Fragen auf. Hier gibt es ein paar Antworten.<\/p>\n<h3><a name=\"geheimtipp-mallorca-wo-ruhig\"><\/a>Wo ist Mallorca am sch\u00f6nsten und ruhigsten?<\/h3>\n<p>Mallorca ist eine sehr vielf\u00e4ltige Insel. Sobald ihr die Touristenhochburgen S\u2018Arenal, Palma und Magaluf verlassen habt, gibt es viele Geheimtipps zu entdecken, wo ihr in Ruhe die mediterrane Sch\u00f6nheit auskundschaften k\u00f6nnt. Eine der sch\u00f6nsten Regionen ist sicherlich das <strong>Tramuntana-Gebirge<\/strong> mit seinen vielen Aussichtspunkten, die ihr auf ausgedehnten Wanderungen besichtigen k\u00f6nnt. Hier bietet sich die malerische Stadt <strong>S\u00f3ller<\/strong> als Ausgangspunkt f\u00fcr eure Erkundungen an. Wenn ihr auf der Suche nach vertr\u00e4umten und romantischen <strong>Badebuchten<\/strong> seid, findet ihr an der <strong>Nord<\/strong>&#8211; und <strong>Ostk\u00fcste<\/strong> sogenannte <strong>Calas<\/strong>, also Buchten, in denen es etwas ruhiger zugeht. F\u00fcr einen entspannten Badeurlaub empfiehlt sich zum Beispiel <strong>Cala d\u2019Or<\/strong> an der S\u00fcdk\u00fcste.<\/p>\n<h3><a name=\"geheimtipp-mallorca-ruhig\"><\/a>Wo ist es auf Mallorca nicht so voll?<\/h3>\n<p>Stellen wir die Frage mal anders: Wo sind die meisten Urlauber auf Mallorca? In der <strong>Hochsaison<\/strong> von Juni bis September kann der <strong>Trubel<\/strong> an der Bucht von Palma zwischen S\u2019Arenal und Magaluf manchem Urlauber zu viel werden. Abseits dieser Orte findet ihr aber auch dann <strong>ruhige<\/strong> und <strong>urspr\u00fcngliche Orte<\/strong>, an denen es viel gem\u00fctlicher zugeht. Das Gute daran ist, dass Orte wie Dei\u00e0, Cala Ratjada und Alc\u00fadia auch die <strong>sch\u00f6nere Umgebung<\/strong> zu bieten haben. In den <strong>ruhigeren Badeorten<\/strong> m\u00fcsst ihr auf nichts verzichten, denn auch dort gibt es eine Auswahl an Bars f\u00fcr gesellige Abende.<\/p>\n<figure id=\"attachment_16551\" aria-describedby=\"caption-attachment-16551\" style=\"width: 880px\" class=\"wp-caption alignnone\"><a href=\"https:\/\/www.sonnenklar.tv\/blog\/wp-content\/uploads\/2018\/03\/mallorca-reisetipps-es-pontas-felsen.jpg\"><img loading=\"lazy\" decoding=\"async\" class=\"wp-image-16551 size-full\" src=\"https:\/\/www.sonnenklar.tv\/blog\/wp-content\/uploads\/2018\/03\/mallorca-reisetipps-es-pontas-felsen.jpg\" alt=\"El Pontas Felsen auf Mallorca\" width=\"880\" height=\"450\" srcset=\"https:\/\/www.sonnenklar.tv\/blog\/wp-content\/uploads\/2018\/03\/mallorca-reisetipps-es-pontas-felsen.jpg 880w, https:\/\/www.sonnenklar.tv\/blog\/wp-content\/uploads\/2018\/03\/mallorca-reisetipps-es-pontas-felsen-300x153.jpg 300w, https:\/\/www.sonnenklar.tv\/blog\/wp-content\/uploads\/2018\/03\/mallorca-reisetipps-es-pontas-felsen-768x393.jpg 768w\" sizes=\"(max-width: 880px) 100vw, 880px\" \/><\/a><figcaption id=\"caption-attachment-16551\" class=\"wp-caption-text\">El Pontas Felsen auf Mallorca<\/figcaption><\/figure>\n<h3><a name=\"mallorca-geheimtipp-dorf\"><\/a>Welches ist das sch\u00f6nste Dorf auf Mallorca?<\/h3>\n<p>Das ist schwer zu sagen, denn es gibt so viele reizende D\u00f6rfer auf Mallorca. Eine Region, in der ihr viele sch\u00f6ne und urspr\u00fcngliche D\u00f6rfer findet, sind die Berge des <strong>Tramuntana<\/strong>. Da das Gebirge inzwischen zum UNESCO Welterbe z\u00e4hlt, k\u00f6nnt ihr davon ausgehen, dass Orte wie <strong>Dei\u00e0<\/strong> und <strong>Banyalbufar<\/strong> nichts von ihrer nat\u00fcrlichen Sch\u00f6nheit verlieren werden. Sehenswert ist auch <strong>Valdemossa<\/strong> mit seinem Karth\u00e4user-Kloster. F\u00fcr viele ist <strong>Fornalutx<\/strong> mitten in den Bergen aber das sch\u00f6nste Dorf der Insel. Auch im S\u00fcdosten gibt es malerische D\u00f6rfer, die sich mit einem maritimen Flair pr\u00e4sentieren. <strong>Santany\u00ed<\/strong> mit seiner Stadtmauer, zum Beispiel. Oder das traditionelle Fischerdorf <strong>Porto Colom<\/strong>. Sehr pittoresk ist auch <strong>Cala Figuera<\/strong>.<\/p>\n<h3><a name=\"geheimtipp-mallorca-markt\"><\/a>Was ist der sch\u00f6nste Markt auf Mallorca?<\/h3>\n<p>Ein Marktbummel ist ein echtes Erlebnis. Ganz besonders auf Mallorca. Obst und Gem\u00fcse in leuchtenden Farben, duftende Kr\u00e4uter, frischer Fisch sowie k\u00f6stlicher K\u00e4se und W\u00fcrste machen diesen Besuch zu einem Erlebnis f\u00fcr alle Sinne. Auf den meisten M\u00e4rkten findet ihr auch hochwertiges <strong>Kunsthandwerk<\/strong>, das von Traditionsbetrieben hergestellt und feilgeboten wird. Fast jeder Ort auf Mallorca hat einen w\u00f6chentlichen Markttag. Sehenswert ist auf alle F\u00e4lle der <strong>Mercat Olivar<\/strong> in <strong>Palma<\/strong>, der t\u00e4glich ge\u00f6ffnet hat und f\u00fcr sein gro\u00dfes Angebot an Fisch- und Meeresfr\u00fcchten bekannt ist. In der <strong>Markthalle Pere Garau<\/strong> verkaufen dreimal w\u00f6chentlich die Bauern ihre Waren. Einer der \u00e4ltesten M\u00e4rkte (seit 1306) ist der <strong>Bauernmarkt in Sineu<\/strong>. Als sch\u00f6nster Markt Mallorcas gilt aber der sonnt\u00e4gliche Markt in <strong>Santa Maria del Cami<\/strong> im Nordwesten der Insel.<\/p>\n<h2>Fazit zu unseren Mallorca Geheimtipps<\/h2>\n<p>Die beliebte Baleareninsel beweist auf eindrucksvolle Weise, dass es auch an gut besuchten Urlaubsorten viele kleine und versteckte Geheimtipps geben kann. Diese \u00fcberraschen euch mit beeindruckenden Landschaften, traumhaft sch\u00f6nen Str\u00e4nden zum Entspannen und ganz viel mediterranem Charme. So k\u00f6nnt ihr entscheiden, ob ihr die sch\u00f6nsten Ecken von Mallorca im Rahmen von Tagesausfl\u00fcgen ab Palma besuchen wollt oder euch ein Hotel an einem dieser ruhigen Orte bucht und eine romantische Auszeit zu zweit genie\u00dft. Sicher ist, dass die Insel viele unterschiedliche Gesichter hat und somit f\u00fcr jeden den perfekten Urlaub bietet.<\/p>\n[otw_shortcode_info_box border_type=&#8220;bordered&#8220; border_color_class=&#8220;otw-orange-border&#8220; border_style=&#8220;bordered&#8220;]<strong>Info<\/strong>: Strandhotel, Luxushotel in den Bergen oder doch lieber eine gem\u00fctliche Finca im Hinterland \u2013 wir haben die besten <a href=\"https:\/\/www.sonnenklar.tv\/promo\/urlaub-mallorca.html\">Mallorca Angebote<\/a> f\u00fcr euch![\/otw_shortcode_info_box]\n","protected":false},"excerpt":{"rendered":"<p>Belebte Str\u00e4nde, Partymusik und viele fr\u00f6hliche Menschen: Wer schon einmal Sommerurlaub auf Mallorca gemacht hat, wei\u00df, dass hier Sonne und Strand gefeiert werden. Der Sommer auf Mallorca kann aber auch ganz anders sein. Romantische Badebuchten, w\u00fcrzig duftende W\u00e4lder und ein Wanderparadies in den Bergen: Die Baleareninsel kann auch in der beliebtesten Reisezeit ruhig und vertr\u00e4umt<\/p>\n","protected":false},"author":3,"featured_media":20927,"comment_status":"closed","ping_status":"open","sticky":false,"template":"","format":"standard","meta":{"footnotes":""},"categories":[457],"tags":[576,507,498],"class_list":{"0":"post-23440","1":"post","2":"type-post","3":"status-publish","4":"format-standard","5":"has-post-thumbnail","7":"category-spanien","8":"tag-geheimtipps","9":"tag-mallorca","10":"tag-spanien"},"_links":{"self":[{"href":"https:\/\/www.sonnenklar.tv\/blog\/wp-json\/wp\/v2\/posts\/23440","targetHints":{"allow":["GET"]}}],"collection":[{"href":"https:\/\/www.sonnenklar.tv\/blog\/wp-json\/wp\/v2\/posts"}],"about":[{"href":"https:\/\/www.sonnenklar.tv\/blog\/wp-json\/wp\/v2\/types\/post"}],"author":[{"embeddable":true,"href":"https:\/\/www.sonnenklar.tv\/blog\/wp-json\/wp\/v2\/users\/3"}],"replies":[{"embeddable":true,"href":"https:\/\/www.sonnenklar.tv\/blog\/wp-json\/wp\/v2\/comments?post=23440"}],"version-history":[{"count":15,"href":"https:\/\/www.sonnenklar.tv\/blog\/wp-json\/wp\/v2\/posts\/23440\/revisions"}],"predecessor-version":[{"id":25624,"href":"https:\/\/www.sonnenklar.tv\/blog\/wp-json\/wp\/v2\/posts\/23440\/revisions\/25624"}],"wp:featuredmedia":[{"embeddable":true,"href":"https:\/\/www.sonnenklar.tv\/blog\/wp-json\/wp\/v2\/media\/20927"}],"wp:attachment":[{"href":"https:\/\/www.sonnenklar.tv\/blog\/wp-json\/wp\/v2\/media?parent=23440"}],"wp:term":[{"taxonomy":"category","embeddable":true,"href":"https:\/\/www.sonnenklar.tv\/blog\/wp-json\/wp\/v2\/categories?post=23440"},{"taxonomy":"post_tag","embeddable":true,"href":"https:\/\/www.sonnenklar.tv\/blog\/wp-json\/wp\/v2\/tags?post=23440"}],"curies":[{"name":"wp","href":"https:\/\/api.w.org\/{rel}","templated":true}]}}