{"id":23228,"date":"2023-04-01T10:00:28","date_gmt":"2023-04-01T09:00:28","guid":{"rendered":"https:\/\/www.sonnenklar.tv\/blog\/?p=23228"},"modified":"2025-11-21T17:59:01","modified_gmt":"2025-11-21T16:59:01","slug":"bergseen-deutschland","status":"publish","type":"post","link":"https:\/\/www.sonnenklar.tv\/blog\/reisetipps\/bergseen-deutschland\/","title":{"rendered":"Die 11 sch\u00f6nsten Bergseen in Deutschland \u2013 Idylle in traumhafter Landschaft"},"content":{"rendered":"\n<p><strong>Einen wundersch\u00f6nen Sommertag am See zu genie\u00dfen, ist so mit das h\u00f6chste der Gef\u00fchle. Schattenspendende B\u00e4ume bedecken das saftige gr\u00fcne Gras der Liegewiese und am Nachmittag schmei\u00dft man den Grill an. Das k\u00f6nnt ihr an vielen Orten auch bei euch zu Hause haben. Die Steigerung f\u00fcr so einen traumhaften Tag ist es, wenn der See, an dem ihr entspannt, von majest\u00e4tischen Berggipfeln umrahmt wird. Wir stellen euch die sch\u00f6nsten Bergseen Deutschlands f\u00fcr eure Auszeit in traumhafter Kulisse vor!<\/strong><\/p>\n\n\n\n<p>Eine genaue Definition f\u00fcr den Begriff Bergsee gibt es nicht. Wenn es nur darum geht, dass man vom Seeufer die Berge sieht, m\u00fcssten wir in unserer Liste mit Bodensee und Chiemsee beginnen. Wir stellen euch hier aber Gew\u00e4sser vor, die im Herzen der Berge liegen. An manchen k\u00f6nnt ihr Baden oder im Wasser bei diversen Sportarten aktiv werden. Den Anblick einiger der Bergseen in Deutschland m\u00fcsst ihr euch aber erst mit einer herausfordernden Wanderung \u201everdienen\u201c.<\/p>\n\n\n\n<p><strong>Bergseen in Deutschland \u2013 beliebte Ausflugsziele oder einsame Idyllen<\/strong><\/p>\n\n\n\n<ol class=\"wp-block-list\">\n<li><a href=\"#bergseen-deutschland-feldsee\">Feldsee \u2013 Naturidyll unter dem Feldberg<\/a><\/li>\n\n\n\n<li><a href=\"#bergseen-deutschland-titisee\">Titisee \u2013 der sagenhafte See<\/a><\/li>\n\n\n\n<li><a href=\"#bergseen-deutschland-schluchsee\">Schluchsee \u2013 das Wassersportparadies<\/a><\/li>\n\n\n\n<li><a href=\"#bergseen-deutschland-rappensee\">Rappensee \u2013 Deutschlands h\u00f6chstgelegener Bergsee<\/a><\/li>\n\n\n\n<li><a href=\"#bergseen-deutschland-schrecksee\">Schrecksee \u2013 Naturidylle unterm Kirchendach<\/a><\/li>\n\n\n\n<li><a href=\"#bergseen-deutschland-eibsee\">Eibsee \u2013 funkelnder Diamant unter der Zugspitze<\/a><\/li>\n\n\n\n<li><a href=\"#bergseen-deutschland-walchensee\">Walchensee \u2013 die bayrische Karibik<\/a><\/li>\n\n\n\n<li><a href=\"#bergseen-deutschland-soiernseen\">Soiernseen \u2013 zwei versteckte Juwele im Karwendel<\/a><\/li>\n\n\n\n<li><a href=\"#bergseen-deutschland-sylvensteinspeicher\">Sylvensteinspeicher \u2013 der die Isar z\u00e4hmt<\/a><\/li>\n\n\n\n<li><a href=\"#bergseen-deutschland-tegernsee\">Tegernsee \u2013 das mond\u00e4ne Herz Bayerns<\/a><\/li>\n\n\n\n<li><a href=\"#bergseen-deutschalnd-koenigssee\">K\u00f6nigssee, Obersee \u2013 weltbekanntes Echo<\/a><\/li>\n<\/ol>\n\n\n\n<p><strong>H\u00e4ufig gestellte Fragen zu Deutschlands Bergseen<\/strong><\/p>\n\n\n\n<ul class=\"wp-block-list\">\n<li><a href=\"#bergseen-deutschland-wo\">Wo gibt es sch\u00f6ne Bergseen?<\/a><\/li>\n\n\n\n<li><a href=\"#bergseen-deutschland-schoenster\">Wo ist der sch\u00f6nste See in Deutschland?<\/a><\/li>\n\n\n\n<li><a href=\"#deutschland-bergseen-klar\">Was ist der klarste See in Deutschland?<\/a><\/li>\n\n\n\n<li><a href=\"#bergseen-deutschland-hoechster\">Welches ist der h\u00f6chstgelegene See in Deutschland?<\/a><\/li>\n<\/ul>\n\n\n\n<h2 class=\"wp-block-heading\">Das Wichtigste im \u00dcberblick<\/h2>\n\n\n\n<ul class=\"wp-block-list\">\n<li>Bergseen in Deutschland findet ihr nicht nur in den <strong>Alpen<\/strong>, sondern auch in den <strong>Mittelgebirgen<\/strong> Schwarzwald, Harz und Elbsansteingebirge.<\/li>\n\n\n\n<li>Eine Auszeit am Bergsee bietet euch die M\u00f6glichkeit, aktive Tage beim <strong>Wandern<\/strong> mit einer Entspannungspause <strong>am Wasser<\/strong> zu verbinden.<\/li>\n\n\n\n<li>Manche Bergseen sind <strong>einfach zu erreichen<\/strong> und bieten alles, was das Urlauberherz begehrt. Die echten <strong>Juwele<\/strong> unter den Bergseen m\u00fcsst ihr euch aber mit einer herausfordernden <strong>Wanderung <\/strong>verdienen.<\/li>\n<\/ul>\n\n\n\n<h2 class=\"wp-block-heading\">Bergseen in Deutschland \u2013 beliebte Ausflugsziele oder einsame Idyllen<\/h2>\n\n\n\n<p>Die Bergseen in Deutschland sind Lebensr\u00e4ume f\u00fcr gesch\u00fctzte Tiere und Pflanzen, manche liefern uns Strom und andere sind einfach nur traumhaft sch\u00f6ne Badepl\u00e4tze. Wir stellen euch unsere Lieblingspl\u00e4tze zu Deutschlands sch\u00f6nste Bergseen in einer Reise von West nach Ost vor.<\/p>\n\n\n\n<h3 class=\"wp-block-heading\">1<a name=\"bergseen-deutschland-feldsee\"><\/a>. Feldsee \u2013 Naturidyll unter dem Feldberg<\/h3>\n\n\n\n<p>Dieser kleine See liegt am Fu\u00df des <strong>Feldbergs<\/strong> im <strong>Schwarzwald<\/strong> im Naturpark S\u00fcdschwarzwald. Mit seiner Lage auf <strong>1.109 Metern H\u00f6he<\/strong> ist er der h\u00f6chstgelegene Bergsee Deutschlands au\u00dferhalb der Alpen. Auf drei Seiten ist der See von bis zu 300 Meter hohen <strong>Steilw\u00e4nden<\/strong> umgeben. Der Wald, der den See umgibt, ist ein <strong>Bannwald<\/strong>, das hei\u00dft, dass hier kein Mensch mehr in den Naturkreislauf eingreift.<\/p>\n\n\n<div class=\"wp-block-image\">\n<figure class=\"aligncenter\"><a href=\"https:\/\/www.sonnenklar.tv\/blog\/wp-content\/uploads\/2023\/03\/GettyImages-902426218-Feldsee.jpg\"><img fetchpriority=\"high\" decoding=\"async\" width=\"880\" height=\"450\" src=\"https:\/\/www.sonnenklar.tv\/blog\/wp-content\/uploads\/2023\/03\/GettyImages-902426218-Feldsee.jpg\" alt=\"Idyllischer Feldsee im Naturpark S\u00fcdschwarzwald\" class=\"wp-image-23272\" srcset=\"https:\/\/www.sonnenklar.tv\/blog\/wp-content\/uploads\/2023\/03\/GettyImages-902426218-Feldsee.jpg 880w, https:\/\/www.sonnenklar.tv\/blog\/wp-content\/uploads\/2023\/03\/GettyImages-902426218-Feldsee-300x153.jpg 300w, https:\/\/www.sonnenklar.tv\/blog\/wp-content\/uploads\/2023\/03\/GettyImages-902426218-Feldsee-768x393.jpg 768w\" sizes=\"(max-width: 880px) 100vw, 880px\" \/><\/a><figcaption class=\"wp-element-caption\">Idyllischer Feldsee im Naturpark S\u00fcdschwarzwald<\/figcaption><\/figure>\n<\/div>\n\n\n<p>Um zu dem See zu kommen, gibt es mehrere M\u00f6glichkeiten. Die einfachste M\u00f6glichkeit f\u00fchrt vom Parkplatz am Zeller Lift in einer etwa einst\u00fcndigen Wanderung zum Ziel. Wer etwas Kondition und Zeit mitbringt, dem empfehlen wir den <strong>Genie\u00dferpfad Feldbergsteig<\/strong>, der euch \u00fcber die Gipfel von Seebuck und Feldberg zum See hinunterf\u00fchrt. F\u00fcr die fast <strong>13 Kilometer lange Strecke<\/strong>, auf der ihr 502 H\u00f6henmeter auf- und wieder absteigt, braucht ihr etwa <strong>f\u00fcnf Stunden<\/strong>.<\/p>\n\n\n\n<table id=\"tablepress-297\" class=\"tablepress tablepress-id-297\">\n<tbody class=\"row-striping row-hover\">\n<tr class=\"row-1\">\n\t<td class=\"column-1\"><strong>Erreichbarkeit:<\/strong><\/td><td class=\"column-2\">Mit dem Auto \u00fcber die B317 bis Feldberg im Schwarzwald oder mit der Buslinie 7300, die Titisee mit Todtmoos verbindet.<\/td>\n<\/tr>\n<tr class=\"row-2\">\n\t<td class=\"column-1\"><strong>Besonderheit:<\/strong><\/td><td class=\"column-2\">Der See ist bis zu 32 Meter tief, Baden ist im Naturschutzgebiet verboten<\/td>\n<\/tr>\n<tr class=\"row-3\">\n\t<td class=\"column-1\"><strong>Gastronomie:<\/strong><\/td><td class=\"column-2\">\u00a0In Feldberg, unser Tipp ist der Raimartihof \u2013 Gasthaus zum Feldsee, der etwas abgelegen in der N\u00e4he des Sees liegt<\/td>\n<\/tr>\n<\/tbody>\n<\/table>\n<!-- #tablepress-297 from cache -->\n\n\n<p><strong>Hoteltipp<\/strong>: Wenn ihr Ruhe und Entspannung im Schwarzwald genie\u00dfen wollt, bietet es sich an im <a href=\"https:\/\/www.sonnenklar.tv\/beschreibung\/Deutschland\/Schwarzwald\/Feldberg\/Familotel_Feldberger_Hof_-_Ferienwohnung_am_Feldberg.html\" target=\"_blank\" rel=\"noreferrer noopener\">Feldberger Hof eine Ferienwohnung am Feldberg<\/a> zu buchen. Die ger\u00e4umigen Wohnungen bieten euch wunderbare Ausblicke.<\/p>\n\n\n\n<h3 class=\"wp-block-heading\"><a name=\"bergseen-deutschland-titisee\"><\/a>2. Titisee \u2013 der sagenhafte See<\/h3>\n\n\n\n<p>Wenn ihr dem Seebach, der aus dem Feldsee abflie\u00dft, durch das <strong>B\u00e4rental<\/strong> folgt, kommt ihr an den Titisee. An manchen Stellen reicht der Wald bis ans Wasser und l\u00e4sst erahnen, warum sich um diesen See so viele <strong>Mythen<\/strong> ranken. Das beginnt schon beim Namen. Der soll sich n\u00e4mlich vom alemannischen Wort Teti f\u00fcr kleines Kind ableiten. Denn angeblich werden aus diesem See Kinder geboren. Andernorts \u00fcbernimmt der Klapperstorch diese Aufgabe.<\/p>\n\n\n<div class=\"wp-block-image\">\n<figure class=\"aligncenter\"><a href=\"https:\/\/www.sonnenklar.tv\/blog\/wp-content\/uploads\/2023\/03\/GettyImages-1294049711-Titisee.jpg\"><img decoding=\"async\" width=\"880\" height=\"450\" src=\"https:\/\/www.sonnenklar.tv\/blog\/wp-content\/uploads\/2023\/03\/GettyImages-1294049711-Titisee.jpg\" alt=\"Titisee-Neustadt am Titisee im Naturpark Schwarzwald in S\u00fcdwestdeutschland\" class=\"wp-image-23283\" srcset=\"https:\/\/www.sonnenklar.tv\/blog\/wp-content\/uploads\/2023\/03\/GettyImages-1294049711-Titisee.jpg 880w, https:\/\/www.sonnenklar.tv\/blog\/wp-content\/uploads\/2023\/03\/GettyImages-1294049711-Titisee-300x153.jpg 300w, https:\/\/www.sonnenklar.tv\/blog\/wp-content\/uploads\/2023\/03\/GettyImages-1294049711-Titisee-768x393.jpg 768w\" sizes=\"(max-width: 880px) 100vw, 880px\" \/><\/a><figcaption class=\"wp-element-caption\">Der Ort Titisee am gleichnamigen Gew\u00e4sser<\/figcaption><\/figure>\n<\/div>\n\n\n<p>Einer anderen Sage nach muss derjenige, der versucht, die Tiefe des Sees zu vermessen, darin ertrinken. Schlie\u00dflich k\u00f6nnte diese Person ja die <strong>Stadt<\/strong> entdecken, die der See angeblich <strong>verschluckt<\/strong> hat. Abseits von Mythen und Legenden wissen wir aber, dass der See bis zu <strong>20 Meter tief<\/strong> ist und von einer malerischen Landschaft umgeben wird. Am Titisee findet ihr eine <strong>Badestelle<\/strong> im Ort Titisee mit Sandstrand, gro\u00dfer Liegewiese und Umkleiden. Im Strandbad k\u00f6nnt ihr euch auch <strong>Kajaks<\/strong> oder <strong>Paddleboards<\/strong> ausleihen. Wenn ihr nicht selbst fahren wollt, macht ihr eine <strong>Rundfahrt<\/strong> an Bord der Titus. Abseits des Wassers erwarten euch Wander- und Mountainbike Routen, oder der ein oder andere <strong>romantische Fleck<\/strong>, um einfach nur die Natur und Ruhe zu genie\u00dfen.<\/p>\n\n\n\n<table id=\"tablepress-298\" class=\"tablepress tablepress-id-298\">\n<tbody class=\"row-striping row-hover\">\n<tr class=\"row-1\">\n\t<td class=\"column-1\"><strong>Erreichbarkeit:<\/strong><\/td><td class=\"column-2\">Ihr erreicht den Titisee am schnellsten \u00fcber Freiburg. Wenn ihr euch Zeit nehmt, empfehlen wir die Schwarzwaldhochstra\u00dfe ab Baden-Baden, die euch \u00fcber Triberg an den See bringt. Mit der Bahn k\u00f6nnt ihr bis zum Bahnhof Titisee fahren und dann in wenigen Minuten zum See laufen.<\/td>\n<\/tr>\n<tr class=\"row-2\">\n\t<td class=\"column-1\"><strong>Badestellen:<\/strong><\/td><td class=\"column-2\">Badestelle Titisee, Eintritt kostenlos<\/td>\n<\/tr>\n<tr class=\"row-3\">\n\t<td class=\"column-1\"><strong>Gastronomie:<\/strong><\/td><td class=\"column-2\">Direkt an der Badestelle ein Kiosk, weitere gastronomische Einrichtungen im Ort<\/td>\n<\/tr>\n<\/tbody>\n<\/table>\n<!-- #tablepress-298 from cache -->\n\n\n<p><strong>Hoteltipp<\/strong>: Von au\u00dfen pr\u00e4sentiert sich das <a href=\"https:\/\/www.sonnenklar.tv\/beschreibung\/Deutschland\/Schwarzwald\/Titisee\/Coucou_Hotel_Ohne_Transfer.html\" target=\"_blank\" rel=\"noreferrer noopener\">Coucou Hotel<\/a> in historischem Schwarzwaldambiente, w\u00e4hrend euch im Hotel moderne und gem\u00fctliche Zimmer erwarten.<\/p>\n\n\n\n<h3 class=\"wp-block-heading\"><a name=\"bergseen-deutschland-schluchsee\"><\/a>3. Schluchsee \u2013 das Wassersportparadies<\/h3>\n\n\n\n<p>Noch einen See im <strong>Schwarzwald<\/strong> wollen wir euch vorstellen. Der Schluchsee entstand in der letzten Eiszeit und war zu der Zeit noch sehr viel kleiner. Mit der Fertigstellung der <strong>Staumauer 1932<\/strong> stieg der Pegel aber \u00fcber 30 Meter an. So wurde der Schluchsee zum gr\u00f6\u00dften See in Baden-W\u00fcrttemberg. Er ist etwa <strong>7,5 Kilometer lang und 1,5 Kilometer breit<\/strong>. Da das Wasser der Schwarza nicht ausreichte, um den See in seiner Gr\u00f6\u00dfe zu erhalten, wird \u00fcber Kraftwerksstufen <strong>Wasser aus dem Rhein<\/strong> in den See gepumpt.<\/p>\n\n\n<div class=\"wp-block-image\">\n<figure class=\"aligncenter\"><a href=\"https:\/\/www.sonnenklar.tv\/blog\/wp-content\/uploads\/2023\/03\/GettyImages-1446234409-Schluchsee.jpg\"><img decoding=\"async\" width=\"880\" height=\"450\" src=\"https:\/\/www.sonnenklar.tv\/blog\/wp-content\/uploads\/2023\/03\/GettyImages-1446234409-Schluchsee.jpg\" alt=\"Schluchsee im Schwarzwald in Baden-W\u00fcrttemberg\" class=\"wp-image-23288\" srcset=\"https:\/\/www.sonnenklar.tv\/blog\/wp-content\/uploads\/2023\/03\/GettyImages-1446234409-Schluchsee.jpg 880w, https:\/\/www.sonnenklar.tv\/blog\/wp-content\/uploads\/2023\/03\/GettyImages-1446234409-Schluchsee-300x153.jpg 300w, https:\/\/www.sonnenklar.tv\/blog\/wp-content\/uploads\/2023\/03\/GettyImages-1446234409-Schluchsee-768x393.jpg 768w\" sizes=\"(max-width: 880px) 100vw, 880px\" \/><\/a><figcaption class=\"wp-element-caption\">Schluchsee im Schwarzwald<\/figcaption><\/figure>\n<\/div>\n\n\n<p>Durch das Errichten der Staumauer konnte man schon im letzten Jahrhundert gr\u00fcnen Strom gewinnen. Au\u00dfer als Stromlieferant wird der See heute als <strong>Wassersportzentrum<\/strong> auf <strong>930 Meter<\/strong> H\u00f6he genutzt. Neben <strong>Rudern<\/strong>, Segeln und <strong>Surfen<\/strong> k\u00f6nnt ihr sogar <strong>Tauchen<\/strong> im See, der als einer der saubersten Badeseen Deutschlands gilt. Wenn ihr es gem\u00fctlicher angehen wollt, schaut ihr euch die malerische Landschaft w\u00e4hrend einer <strong>Bootsrundfahrt<\/strong> an. Wer nicht ins oder aufs Wasser will, kann den See auf einem <strong>Rundweg<\/strong> zu Fu\u00df oder mit dem Rad umrunden.<\/p>\n\n\n\n<table id=\"tablepress-299\" class=\"tablepress tablepress-id-299\">\n<tbody class=\"row-striping row-hover\">\n<tr class=\"row-1\">\n\t<td class=\"column-1\"><strong>Erreichbarkeit:<\/strong><\/td><td class=\"column-2\">Mit dem Auto erreicht ihr den Schluchsee \u00fcber Titisee-Neustadt oder den Feldberg. Mit der Bahn kommt ihr mit der Dreiseenbahn an den See, die ab dem Bahnhof Tititsee bis Seebrugg f\u00e4hrt.<\/td>\n<\/tr>\n<tr class=\"row-2\">\n\t<td class=\"column-1\"><strong>Badestellen:<\/strong><\/td><td class=\"column-2\">Offizielle Badestellen findet ihr in der Kaiserbucht (gegen\u00fcber des Ortes Schluchsee) und am Aussichtspunkt Amalienruh. Ihr findet aber fast am ganzen See romantische Zug\u00e4nge zum Wasser, auf der Waldseite (S\u00fcdufer) ist FKK toleriert.<\/td>\n<\/tr>\n<tr class=\"row-3\">\n\t<td class=\"column-1\"><strong>Gastronomie:<\/strong><\/td><td class=\"column-2\">An den offiziellen Badestellen gibt es Kioske. Rund um den See findet ihr weitere Caf\u00e9s, von denen der n\u00e4chste Zugang zum See nicht weit entfernt ist.<\/td>\n<\/tr>\n<\/tbody>\n<\/table>\n<!-- #tablepress-299 from cache -->\n\n\n<p><strong>Hoteltipp<\/strong>: Das <a href=\"https:\/\/www.sonnenklar.tv\/beschreibung\/Deutschland\/Schwarzwald\/Schluchsee\/Vier_Jahreszeiten.html\" target=\"_blank\" rel=\"noreferrer noopener\">Hotel Vier Jahreszeiten<\/a> am Schluchsee bietet gem\u00fctliche Zimmer mit Blick auf die malerische Landschaft und ein gro\u00dfes Wellnesszentrum zum Entspannen.<\/p>\n\n\n\n<h3 class=\"wp-block-heading\"><a name=\"bergseen-deutschland-rappensee\"><\/a>4. Rappensee \u2013 Deutschlands h\u00f6chstgelegener Bergsee<\/h3>\n\n\n\n<p>Im Allg\u00e4u, in der N\u00e4he von <strong>Oberstdorf<\/strong> warten der gro\u00dfe und der kleine Rappensee mit jeweils einer Besonderheit auf. Der gro\u00dfe Rappensee auf <strong>2.047 Metern<\/strong> H\u00f6he ist der <strong>s\u00fcdlichste See<\/strong> Deutschlands, der kleine Rappensee auf <strong>2.070 Metern<\/strong> H\u00f6he der <strong>h\u00f6chstgelegene<\/strong>. Beide Seen liegen in einer <strong>Hochgebirgsmulde<\/strong>, die von mehreren fast 2.500 Meter hohen Gipfeln umgeben ist. Wenn ihr euch traut, k\u00f6nnt ihr euch in beiden Seen erfrischen, aber das <strong>Wasser<\/strong> ist auf dieser H\u00f6he selbst im Sommer sehr <strong>frisch<\/strong>.<\/p>\n\n\n<div class=\"wp-block-image\">\n<figure class=\"aligncenter\"><a href=\"https:\/\/www.sonnenklar.tv\/blog\/wp-content\/uploads\/2023\/03\/GettyImages-1335686685-Einoedsbach.jpg\"><img loading=\"lazy\" decoding=\"async\" width=\"880\" height=\"450\" src=\"https:\/\/www.sonnenklar.tv\/blog\/wp-content\/uploads\/2023\/03\/GettyImages-1335686685-Einoedsbach.jpg\" alt=\"Ein\u00f6dsbach im Oberallg\u00e4u in Bayern\" class=\"wp-image-23307\" srcset=\"https:\/\/www.sonnenklar.tv\/blog\/wp-content\/uploads\/2023\/03\/GettyImages-1335686685-Einoedsbach.jpg 880w, https:\/\/www.sonnenklar.tv\/blog\/wp-content\/uploads\/2023\/03\/GettyImages-1335686685-Einoedsbach-300x153.jpg 300w, https:\/\/www.sonnenklar.tv\/blog\/wp-content\/uploads\/2023\/03\/GettyImages-1335686685-Einoedsbach-768x393.jpg 768w\" sizes=\"(max-width: 880px) 100vw, 880px\" \/><\/a><figcaption class=\"wp-element-caption\">In den Allg\u00e4uer Hochalpen versteckt sich der Rappensee<\/figcaption><\/figure>\n<\/div>\n\n\n<p>Um diese einzigartige Naturkulisse erleben zu k\u00f6nnen, m\u00fcsst ihr die <strong>Wanderschuhe<\/strong> schn\u00fcren. Ausgangspunkt ist die Eschbachalpe in <strong>Birgsau<\/strong>, die ihr mit dem Bus erreicht. Die Tour f\u00fchrt euch zun\u00e4chst zum Gasthof Ein\u00f6dsbach, wo ihr bei atemberaubendem <strong>Alpenpanorama<\/strong> rasten k\u00f6nnt. Aber es gibt noch mehr M\u00f6glichkeiten, unterwegs mal eine Pause einzulegen. Das Highlight ist sicherlich die <strong>Rappenseeh\u00fctte<\/strong> auf 2.091 Metern, die mit 304 Schlafpl\u00e4tzen die gr\u00f6\u00dfte Bergh\u00fctte des Deutschen Alpenvereins ist. Sie liegt idyllisch oberhalb des kleinen Rappensees.<\/p>\n\n\n\n<table id=\"tablepress-300\" class=\"tablepress tablepress-id-300\">\n<tbody class=\"row-striping row-hover\">\n<tr class=\"row-1\">\n\t<td class=\"column-1\"><strong>Erreichbarkeit:<\/strong><\/td><td class=\"column-2\">Nur zu Fu\u00df mit entsprechender Kondition. H\u00f6henmeter im Auf- und Abstieg: 1.170 Meter, L\u00e4nge 18,7 Kilometer, Dauer: etwa 7 Stunden.<\/td>\n<\/tr>\n<tr class=\"row-2\">\n\t<td class=\"column-1\"><strong>Gastronomie:<\/strong><\/td><td class=\"column-2\">Entlang der Strecke findet ihr einige urige H\u00fctten und Gasth\u00f6fe f\u00fcr eine Rast.<\/td>\n<\/tr>\n<\/tbody>\n<\/table>\n<!-- #tablepress-300 from cache -->\n\n\n<p><strong>Hoteltipp<\/strong>: Das <a href=\"https:\/\/www.sonnenklar.tv\/beschreibung\/Deutschland\/Allg%C3%A4u\/Oberstdorf\/Alpenhotel_Tiefenbach.html\" target=\"_blank\" rel=\"noreferrer noopener\">Alpenhotel Oberstdorf<\/a> liegt mitten im Gr\u00fcnen und bietet euch einen traumhaften Blick auf die Allg\u00e4uer Alpen.<\/p>\n\n\n\n<h3 class=\"wp-block-heading\"><a name=\"bergseen-deutschland-schrecksee\"><\/a>5. Schrecksee \u2013 Naturidylle unterm Kirchendach<\/h3>\n\n\n\n<p>Wir haben da noch ein Seejuwel in den <strong>Allg\u00e4uer<\/strong> Alpen f\u00fcr euch entdeckt. Diesen See auf <strong>1.813 Metern<\/strong> H\u00f6he k\u00f6nnt ihr auch mit etwas weniger Kondition erreichen. Der Einstieg zu dieser Tour bei <strong>Bad Hindelang<\/strong> erfolgt in Hinterstein, wo ihr mit dem <strong>Kutschenmuseum<\/strong> noch eine kuriose Sehensw\u00fcrdigkeit besichtigen k\u00f6nnt. Wenn ihr euch ein St\u00fcck der Strecke sparen wollt, k\u00f6nnt ihr auch mit dem Bus bis zum Elektrizit\u00e4tswerk Hinterstein fahren. Von dort m\u00fcsst ihr dann aber zu Fu\u00df weiter.<\/p>\n\n\n<div class=\"wp-block-image\">\n<figure class=\"aligncenter\"><a href=\"https:\/\/www.sonnenklar.tv\/blog\/wp-content\/uploads\/2023\/03\/GettyImages-1256869335-Schrecksee.jpg\"><img loading=\"lazy\" decoding=\"async\" width=\"880\" height=\"450\" src=\"https:\/\/www.sonnenklar.tv\/blog\/wp-content\/uploads\/2023\/03\/GettyImages-1256869335-Schrecksee.jpg\" alt=\"Schrecksee bei Oberstdorf in Bayern bei Sonnenaufgang\" class=\"wp-image-23289\" srcset=\"https:\/\/www.sonnenklar.tv\/blog\/wp-content\/uploads\/2023\/03\/GettyImages-1256869335-Schrecksee.jpg 880w, https:\/\/www.sonnenklar.tv\/blog\/wp-content\/uploads\/2023\/03\/GettyImages-1256869335-Schrecksee-300x153.jpg 300w, https:\/\/www.sonnenklar.tv\/blog\/wp-content\/uploads\/2023\/03\/GettyImages-1256869335-Schrecksee-768x393.jpg 768w\" sizes=\"(max-width: 880px) 100vw, 880px\" \/><\/a><figcaption class=\"wp-element-caption\">Sonnenaufgang am Schrecksee<\/figcaption><\/figure>\n<\/div>\n\n\n<p>Die Route steigt mal in <strong>steilen Kehren<\/strong> den Berg hinauf, mal \u00fcber l\u00e4ngere Abschnitte fast eben. Wenn ihr den \u201eeinfachen\u201c Weg w\u00e4hlt, solltet ihr euch <strong>Verpflegung<\/strong> mitnehmen, denn an dieser Strecke gibt es keine H\u00fctten. Die Alternativroute mit H\u00fctten ist nur ge\u00fcbten Wanderern zu empfehlen. Am Ziel angekommen erwartet euch der Schrecksee, umgeben von gr\u00fcnen Almwiesen. Hinter dem See ragen mehrere Gipfel in die H\u00f6he, darunter das <strong>Kirchendach<\/strong> (2013 Meter). Im See gibt es eine kleine <strong>Insel<\/strong>, die noch mehr zur Idylle beitr\u00e4gt. Die Mutigen unter euch k\u00f6nnen sich am Ziel ein k\u00fchles Bad im See g\u00f6nnen.<\/p>\n\n\n\n<table id=\"tablepress-301\" class=\"tablepress tablepress-id-301\">\n<tbody class=\"row-striping row-hover\">\n<tr class=\"row-1\">\n\t<td class=\"column-1\"><strong>Erreichbarkeit:<\/strong><\/td><td class=\"column-2\">Nur zu Fu\u00df mit etwas Kondition. H\u00f6henmeter im Auf- und Abstieg: 970 Meter, L\u00e4nge: ca. 15 Kilometer, Dauer: ca. 6 Stunden<\/td>\n<\/tr>\n<tr class=\"row-2\">\n\t<td class=\"column-1\"><strong>Gastronomie:<\/strong><\/td><td class=\"column-2\">Entlang der Wanderroute keine, in Hinterstein gibt es einen Gasthof<\/td>\n<\/tr>\n<\/tbody>\n<\/table>\n<!-- #tablepress-301 from cache -->\n\n\n<p><strong>Hoteltipp<\/strong>: <a href=\"https:\/\/www.sonnenklar.tv\/beschreibung\/Deutschland\/Allg%C3%A4u\/Bad_Hindelang\/Kur-_und_Sporthotel_Bad_Hindelang.html\" target=\"_blank\" rel=\"noreferrer noopener\">Die Gams, Hotel \u2013 Resort,<\/a> ist ein gem\u00fctliches Appartementhotel mit Saunalandschaft und traumhaftem Bergblick.<\/p>\n\n\n\n<h3 class=\"wp-block-heading\"><a name=\"bergseen-deutschland-eibsee\"><\/a>6. Eibsee \u2013 funkelnder Diamant unter der Zugspitze<\/h3>\n\n\n\n<p>Vom Allg\u00e4u geht es nun ins <strong>Werdenfelser Land<\/strong>. Unterhalb von Deutschlands h\u00f6chstem Berg, der <strong>Zugspitze<\/strong>, liegt einer der sch\u00f6nsten Bergseen Deutschlands. Streng genommen besteht der See aus zwei Seen, dem <strong>Obersee<\/strong> und dem <strong>Untersee<\/strong>. Das Wasser des Sees schimmert gr\u00fcnlich und klar in eindrucksvoller Landschaft. Die <strong>Inselchen<\/strong> im See sind erst bei einem Bergsturz vor etwa 4000 Jahren entstanden. Der Name kommt von den Eiben, die hier fr\u00fcher in gro\u00dfer Zahl wuchsen, heute sind die aber nur noch im <strong>Bannwald<\/strong>, der den See umgibt, zu finden.<\/p>\n\n\n<div class=\"wp-block-image\">\n<figure class=\"aligncenter\"><a href=\"https:\/\/www.sonnenklar.tv\/blog\/wp-content\/uploads\/2023\/03\/GettyImages-1042404662-Eibsee-in-Deutschland-mit-rosa-wolken.jpg\"><img loading=\"lazy\" decoding=\"async\" width=\"880\" height=\"450\" src=\"https:\/\/www.sonnenklar.tv\/blog\/wp-content\/uploads\/2023\/03\/GettyImages-1042404662-Eibsee-in-Deutschland-mit-rosa-wolken.jpg\" alt=\"Eibsee bei Garmisch-Partenkirchen in Bayern\" class=\"wp-image-23291\" srcset=\"https:\/\/www.sonnenklar.tv\/blog\/wp-content\/uploads\/2023\/03\/GettyImages-1042404662-Eibsee-in-Deutschland-mit-rosa-wolken.jpg 880w, https:\/\/www.sonnenklar.tv\/blog\/wp-content\/uploads\/2023\/03\/GettyImages-1042404662-Eibsee-in-Deutschland-mit-rosa-wolken-800x409.jpg 800w, https:\/\/www.sonnenklar.tv\/blog\/wp-content\/uploads\/2023\/03\/GettyImages-1042404662-Eibsee-in-Deutschland-mit-rosa-wolken-18x9.jpg 18w, https:\/\/www.sonnenklar.tv\/blog\/wp-content\/uploads\/2023\/03\/GettyImages-1042404662-Eibsee-in-Deutschland-mit-rosa-wolken-150x77.jpg 150w, https:\/\/www.sonnenklar.tv\/blog\/wp-content\/uploads\/2023\/03\/GettyImages-1042404662-Eibsee-in-Deutschland-mit-rosa-wolken-450x230.jpg 450w, https:\/\/www.sonnenklar.tv\/blog\/wp-content\/uploads\/2023\/03\/GettyImages-1042404662-Eibsee-in-Deutschland-mit-rosa-wolken-768x393.jpg 768w, https:\/\/www.sonnenklar.tv\/blog\/wp-content\/uploads\/2023\/03\/GettyImages-1042404662-Eibsee-in-Deutschland-mit-rosa-wolken-300x153.jpg 300w\" sizes=\"(max-width: 880px) 100vw, 880px\" \/><\/a><figcaption class=\"wp-element-caption\">Das Zusammenspiel von klarem Wasser und Alpen macht den Eibsee so besonders<\/figcaption><\/figure>\n<\/div>\n\n\n<p>Auch wenn der See in Privatbesitz ist, d\u00fcrft ihr ihn auf dem <strong>7,5 Kilometer<\/strong> langen <strong>Rundweg<\/strong> bestaunen. Dieser Weg wird sogar im Winter ger\u00e4umt und wenn der Schnee in der Sonne glitzert, wird der Anblick des Sees magisch. Im Sommer solltet ihr eure <strong>Badesachen<\/strong> mitbringen, denn mit bis zu 22 Grad Celsius wird das Wasser recht warm. Dann k\u00f6nnt ihr euch auch <strong>Paddleboards<\/strong> oder <strong>Ruderboote<\/strong> leihen, um \u00fcber den See zu gleiten. Oder ihr macht eine Fahrt auf dem kleinen <strong>Ausflugsboot<\/strong> \u201eReserl\u201c.<\/p>\n\n\n\n<table id=\"tablepress-302\" class=\"tablepress tablepress-id-302\">\n<tbody class=\"row-striping row-hover\">\n<tr class=\"row-1\">\n\t<td class=\"column-1\"><strong>Erreichbarkeit:<\/strong><\/td><td class=\"column-2\">Ihr erreicht Grainau entweder \u00fcber Garmisch-Partenkirchen oder aber \u00fcber den Fernpass von F\u00fcssen\/Reutte her kommend. Oder ihr nehmt den Zug, der von M\u00fcnchen kommend \u00fcber Lermoos nach Innsbruck f\u00e4hrt.<\/td>\n<\/tr>\n<tr class=\"row-2\">\n\t<td class=\"column-1\"><strong>Badestellen:<\/strong><\/td><td class=\"column-2\">Es gibt keine speziell ausgewiesenen Badestellen, aber Baden ist erlaubt<\/td>\n<\/tr>\n<tr class=\"row-3\">\n\t<td class=\"column-1\"><strong>Gastronomie:<\/strong><\/td><td class=\"column-2\">Direkt am See gibt es einen Kiosk, einen Biergarten und eine Eisdiele, die von den Besitzern des Sees betrieben werden.<\/td>\n<\/tr>\n<\/tbody>\n<\/table>\n<!-- #tablepress-302 from cache -->\n\n\n<p><strong>Hoteltipp<\/strong>: Der <a href=\"https:\/\/www.sonnenklar.tv\/beschreibung\/Deutschland\/Bayern\/Grainau\/Hotel_Alpenhof_Grainau.html\" target=\"_blank\" rel=\"noreferrer noopener\">Alpenhof Grainau<\/a> ist ein charmantes Hotel im alpenl\u00e4ndischen Stil. Von diesem Hotel geht ihr etwa eine Stunde zum Eibsee.<\/p>\n\n\n\n<h3 class=\"wp-block-heading\"><a name=\"bergseen-deutschland-walchensee\"><\/a>7. Walchensee \u2013 die bayrische Karibik<\/h3>\n\n\n\n<p>Mit bis zu <strong>190 Metern Tiefe<\/strong> geh\u00f6rt der Walchensee zu den tiefsten Bergseen in Deutschland. Im Norden wird der See von den Gipfeln des <strong>Herzogstands<\/strong> und <strong>Jochberg<\/strong> gerahmt, w\u00e4hrend er sich Richtung S\u00fcden zum Karwendel-Gebirge \u00f6ffnet. Sein Name geht vermutlich auf die Welschen, also die romanische Bev\u00f6lkerung s\u00fcdlich der Alpen, zur\u00fcck, weil hier bereits im Mittelalter eine Stra\u00dfe von M\u00fcnchen \u00fcber Mittenwald und Innsbruck nach Italien f\u00fchrte. Schon Goethe nutzte diesen traumhaft sch\u00f6nen Ort f\u00fcr eine Rast auf seinen Italienreisen.<\/p>\n\n\n<div class=\"wp-block-image\">\n<figure class=\"aligncenter\"><a href=\"https:\/\/www.sonnenklar.tv\/blog\/wp-content\/uploads\/2023\/03\/GettyImages-1402602928-Walchensee.jpg\"><img loading=\"lazy\" decoding=\"async\" width=\"880\" height=\"450\" src=\"https:\/\/www.sonnenklar.tv\/blog\/wp-content\/uploads\/2023\/03\/GettyImages-1402602928-Walchensee.jpg\" alt=\"Walchensee in den Bayerischen Voralpen\" class=\"wp-image-23294\" srcset=\"https:\/\/www.sonnenklar.tv\/blog\/wp-content\/uploads\/2023\/03\/GettyImages-1402602928-Walchensee.jpg 880w, https:\/\/www.sonnenklar.tv\/blog\/wp-content\/uploads\/2023\/03\/GettyImages-1402602928-Walchensee-300x153.jpg 300w, https:\/\/www.sonnenklar.tv\/blog\/wp-content\/uploads\/2023\/03\/GettyImages-1402602928-Walchensee-768x393.jpg 768w\" sizes=\"(max-width: 880px) 100vw, 880px\" \/><\/a><figcaption class=\"wp-element-caption\">Blick vom Herzogstand auf den Walchensee<\/figcaption><\/figure>\n<\/div>\n\n\n<p>Das Wasser des Sees schimmert mal in tiefem Blau, mal in leuchtendem T\u00fcrkis. Letzteres gab ihm den Beinamen <strong>bayrische Karibik<\/strong>. Die Insel im See steht unter strengem Naturschutz und darf nicht betreten werden. \u00dcberhaupt findet ihr rund um den See sehr viel <strong>unber\u00fchrte Natur<\/strong>, die ihr beim <strong>Wandern<\/strong> oder <strong>Radeln<\/strong> erkunden und genie\u00dfen k\u00f6nnt. Aufgrund seiner Lage herrscht hier regelm\u00e4\u00dfig genug Wind, um <strong>Windsurfer<\/strong> und <strong>Kiter<\/strong> gl\u00fccklich \u00fcber das Wasser gleiten zu lassen. Im Wasser, das <strong>Trinkwasserqualit\u00e4t<\/strong> hat, habt ihr bis zu <strong>40 Meter Sicht<\/strong>, wenn ihr beim <strong>Tauchen<\/strong> diverse Flugzeug- und Autowracks erkundet. Vom Gipfel des Herzogstands genoss schon Ludwig der II. den Blick \u00fcber den See.<\/p>\n\n\n\n<table id=\"tablepress-303\" class=\"tablepress tablepress-id-303\">\n<tbody class=\"row-striping row-hover\">\n<tr class=\"row-1\">\n\t<td class=\"column-1\"><strong>Erreichbarkeit:<\/strong><\/td><td class=\"column-2\">Ihr erreicht den See mit dem Auto \u00fcber Kochel oder \u00fcber Mittenwald. Oder ihr nehmt den Bus ab Kochel oder Mittenwald.<\/td>\n<\/tr>\n<tr class=\"row-2\">\n\t<td class=\"column-1\"><strong>Badestellen:<\/strong><\/td><td class=\"column-2\">Im Ort Walchensee gibt es neben dem Wikingerdorf Flake die Surfer-Wiese. Dort gibt es einen Kiosk und mobile Toiletten. Sch\u00f6ne Badestellen ohne Infrastruktur gibt es auf der Halbinsel Zwergern. Baden ist fast \u00fcberall am See erlaubt, das S\u00fcdufer erreicht ihr aber nur \u00fcber eine Mautstra\u00dfe.<\/td>\n<\/tr>\n<tr class=\"row-3\">\n\t<td class=\"column-1\"><strong>Gastronomie:<\/strong><\/td><td class=\"column-2\">Nur an der Surfer-Wiese, sonst vereinzelte Gasth\u00f6fe rund um den See.<\/td>\n<\/tr>\n<\/tbody>\n<\/table>\n<!-- #tablepress-303 from cache -->\n\n\n<p><strong>Hoteltipp<\/strong>: Im etwa 7 Kilometer entfernten Wallgau im Isartal erwartet euch mit dem <a href=\"https:\/\/www.sonnenklar.tv\/beschreibung\/Deutschland\/Bayern\/Wallgau\/Wallgau_Parkhotel.html\" target=\"_blank\" rel=\"noreferrer noopener\">Parkhotel Wallgau<\/a> ein kleines, exklusives Hotel mit typischem Alpencharme.<\/p>\n\n\n\n<h3 class=\"wp-block-heading\"><a name=\"bergseen-deutschland-soiernseen\"><\/a>8. Soiernseen \u2013 zwei versteckte Juwele im Karwendel<\/h3>\n\n\n\n<p>Tief in den Bergen des <strong>Karwendels<\/strong> versteckt liegen diese beiden Seen, die man als <strong>Geheimtipp<\/strong> unter Deutschlands sch\u00f6nsten Bergseen bezeichnen kann. Das liegt auch daran, dass sie nicht einfach zu erreichen sind. Wer \u00fcber eine sehr gute Kondition verf\u00fcgt, kann das <strong>Soiernhaus<\/strong> oberhalb der Seen nach einer langen Tour mit einigen sehr steilen Anstiegen mit dem <strong>Mountainbike<\/strong> erreichen. Das Soiernhaus lie\u00df sich Ludwig II. errichten, weil er die Stille hier oben so genoss. Besonders bei n\u00e4chtlichen Bootsfahrten auf den Seen. Zu seinem Geburtstag lie\u00df er sich dann in den Bergen rings herum Feuer entz\u00fcnden. Angeblich hatte er sogar geplant, die Wagneroper \u201eRheingold\u201c hier auff\u00fchren zu lassen.<\/p>\n\n\n<div class=\"wp-block-image\">\n<figure class=\"aligncenter\"><a href=\"https:\/\/www.sonnenklar.tv\/blog\/wp-content\/uploads\/2023\/03\/GettyImages-1447984457-Soiernseen.jpg\"><img loading=\"lazy\" decoding=\"async\" width=\"880\" height=\"450\" src=\"https:\/\/www.sonnenklar.tv\/blog\/wp-content\/uploads\/2023\/03\/GettyImages-1447984457-Soiernseen.jpg\" alt=\"Soiernseen im Karwendelgebirge nahe Mittenwald in Bayern\" class=\"wp-image-23297\" srcset=\"https:\/\/www.sonnenklar.tv\/blog\/wp-content\/uploads\/2023\/03\/GettyImages-1447984457-Soiernseen.jpg 880w, https:\/\/www.sonnenklar.tv\/blog\/wp-content\/uploads\/2023\/03\/GettyImages-1447984457-Soiernseen-300x153.jpg 300w, https:\/\/www.sonnenklar.tv\/blog\/wp-content\/uploads\/2023\/03\/GettyImages-1447984457-Soiernseen-768x393.jpg 768w\" sizes=\"(max-width: 880px) 100vw, 880px\" \/><\/a><figcaption class=\"wp-element-caption\">Soiernseen im Karwendel<\/figcaption><\/figure>\n<\/div>\n\n\n<p>Die Soiernseen liegen am Fu\u00df der steil aufragenden Felswand der 2.257 Meter hoch aufragenden <strong>Soiernspitze<\/strong> auf etwa 1.500 Metern H\u00f6he. Wenn ihr zu den Seen wandern wollt, gibt es zwei Routen, die beide <strong>Kondition<\/strong> und Trittsicherheit voraussetzen. Die etwas einfachere Route f\u00fchrt vom Wanderparkplatz in <strong>Kr\u00fcn<\/strong> an der Isar zun\u00e4chst zur Fischbachalm und von dort \u00fcber den <strong>Lakaiensteig<\/strong> (teilweise ausgesetzt und drahtseilgesichert) zum Soiernhaus. Auf dieser Tour m\u00fcsst ihr auf etwa 20 Kilometern Strecke <strong>910 H\u00f6henmeter<\/strong> \u00fcberwinden und braucht etwa <strong>7 Stunden<\/strong>. Den sch\u00f6nsten Blick auf die Seen habt ihr aber, wenn ihr von Kr\u00fcn \u00fcber die <strong>Sch\u00f6ttelkarspitze<\/strong> zu den Seen wandert. Wer sich in das eiskalte Wasser traut, darf in den Seen auch baden.<\/p>\n\n\n\n<table id=\"tablepress-304\" class=\"tablepress tablepress-id-304\">\n<tbody class=\"row-striping row-hover\">\n<tr class=\"row-1\">\n\t<td class=\"column-1\"><strong>Erreichbarkeit:<\/strong><\/td><td class=\"column-2\">Ihr erreicht Kr\u00fcn mit dem Auto \u00fcber Mittenwald oder Kochel. Die landschaftlich sch\u00f6nste Anfahrt f\u00fchrt von Lenggries \u00fcber eines der sch\u00f6nsten Teilst\u00fccke der Deutschen Alpenstra\u00dfe durch das wilde Isartal. Aufstieg \u00fcber die Sch\u00f6ttelkarspitze (2.050 Meter): H\u00f6henmeter: 1.260 Auf- und Abstieg, L\u00e4nge 17 Kilometer, Gehzeit: etwa 9 Stunden.<\/td>\n<\/tr>\n<tr class=\"row-2\">\n\t<td class=\"column-1\"><strong>Gastronomie:<\/strong><\/td><td class=\"column-2\">Beim Aufstieg \u00fcber die Sch\u00f6ttelkarspitze nur das Soiernhaus, auf der anderen Route die Fischbachalm.<\/td>\n<\/tr>\n<\/tbody>\n<\/table>\n<!-- #tablepress-304 from cache -->\n\n\n<p><strong>Hoteltipp<\/strong>: In malerischer Lage vor dramatischer Bergkulisse liegt der <a href=\"https:\/\/www.sonnenklar.tv\/beschreibung\/Deutschland\/Bayern\/Kr%C3%BCn\/Alpenhof.html\" target=\"_blank\" rel=\"noreferrer noopener\">Alpenhof Kr\u00fcn<\/a>. Nach eurer Tour zu den Soiernseen, k\u00f6nnt ihr euch im Spa von der Anstrengung erholen.<\/p>\n\n\n\n<h3 class=\"wp-block-heading\"><a name=\"bergseen-deutschland-sylvensteinspeicher\"><\/a>9. Sylvensteinspeicher \u2013 der die Isar z\u00e4hmt<\/h3>\n\n\n\n<p>Zwischen Kr\u00fcn und <strong>Vorderri\u00df<\/strong> flie\u00dft die Isar durch eines der letzten unber\u00fchrten Flusst\u00e4ler Europas.&nbsp; Da aber ab 1924 das Wasser der Isar gr\u00f6\u00dftenteils in den Walchensee umgeleitet wurde, um das dortige Wasserkraftwerk zu betreiben, wurde in Bad T\u00f6lz im Sommer das Trinkwasser knapp. Also beschloss man, den Sylvensteinspeicher zu bauen. F\u00fcr den so entstehenden <strong>Stausee<\/strong> wurde sogar das <strong>Dorf Fall<\/strong> abgerissen und einige H\u00f6henmeter weiter oben neu aufgebaut. In die Staumauer baute man gleich <strong>zwei Wasserkraftwerke<\/strong> ein. So schimmert heute das Wasser des Sees in leuchtendem T\u00fcrkis im Isartal.<\/p>\n\n\n<div class=\"wp-block-image\">\n<figure class=\"aligncenter\"><a href=\"https:\/\/www.sonnenklar.tv\/blog\/wp-content\/uploads\/2023\/03\/GettyImages-1392379474-Sylvensteinspeicher.jpg\"><img loading=\"lazy\" decoding=\"async\" width=\"880\" height=\"450\" src=\"https:\/\/www.sonnenklar.tv\/blog\/wp-content\/uploads\/2023\/03\/GettyImages-1392379474-Sylvensteinspeicher.jpg\" alt=\"Br\u00fccke \u00fcber den Sylvensteinspeicher im bayerischen Lenggries\" class=\"wp-image-23303\" srcset=\"https:\/\/www.sonnenklar.tv\/blog\/wp-content\/uploads\/2023\/03\/GettyImages-1392379474-Sylvensteinspeicher.jpg 880w, https:\/\/www.sonnenklar.tv\/blog\/wp-content\/uploads\/2023\/03\/GettyImages-1392379474-Sylvensteinspeicher-300x153.jpg 300w, https:\/\/www.sonnenklar.tv\/blog\/wp-content\/uploads\/2023\/03\/GettyImages-1392379474-Sylvensteinspeicher-768x393.jpg 768w\" sizes=\"(max-width: 880px) 100vw, 880px\" \/><\/a><figcaption class=\"wp-element-caption\">Br\u00fccke \u00fcber den Sylvensteinspeicher<\/figcaption><\/figure>\n<\/div>\n\n\n<p>Von <strong>Lenggries<\/strong> kommend \u00fcberquert ihr den <strong>sieben Kilometer langen<\/strong> und bis zu <strong>zwei Kilometer breiten<\/strong> See seit 1957 auf einer <strong>329 Meter langen Br\u00fccke<\/strong>. An deren Rand sind einige Parkpl\u00e4tze. Sollte einer davon frei sein, m\u00fcsst ihr einen Stopp einlegen und das Naturschauspiel aus der N\u00e4he betrachten. Da der See Teil eines <strong>Landschaftsschutzgebietes<\/strong> ist, findet ihr hier keine Strandb\u00e4der mit Kiosk und Toiletten. Baden d\u00fcrft ihr aber \u00fcberall. In <strong>Fall<\/strong> gibt es einen <strong>Strandbereich<\/strong>, der im Sommer von der Rettungswacht im Auge behalten wird. An diesem Abschnitt findet ihr auch <strong>\u00f6ffentliche Grillpl\u00e4tze<\/strong>. Am nordwestlichen Ufer des Sees ist <strong>FKK erlaubt<\/strong>. Allerdings m\u00fcsst ihr ein gutes St\u00fcck gehen, um an diese Stellen zu kommen.<\/p>\n\n\n\n<table id=\"tablepress-305\" class=\"tablepress tablepress-id-305\">\n<tbody class=\"row-striping row-hover\">\n<tr class=\"row-1\">\n\t<td class=\"column-1\"><strong>Erreichbarkeit:<\/strong><\/td><td class=\"column-2\">\u00dcber die B13 von Bad T\u00f6lz\/Lenggries. Am Beginn des Damms f\u00fchrt die Bundesstra\u00dfe 307 nach Vorderi\u00df\/Wallgau. Im Sommer erreicht ihr den See auch mit \u00f6ffentlichen Verkehrsmitteln. Mit dem Zug nach Lenggries und von dort mit dem Bergsteigerbus nach Fall.<\/td>\n<\/tr>\n<tr class=\"row-2\">\n\t<td class=\"column-1\"><strong>Badestellen:<\/strong><\/td><td class=\"column-2\">In Fall (\u00fcberwacht im Hochsommer), \u00fcberall am See, wo ihr einen guten Zugang zum Wasser habt.<\/td>\n<\/tr>\n<tr class=\"row-3\">\n\t<td class=\"column-1\"><strong>Gastronomie:<\/strong><\/td><td class=\"column-2\">In Fall gibt es ein Hotel mit Biergarten und Restaurant<\/td>\n<\/tr>\n<\/tbody>\n<\/table>\n<!-- #tablepress-305 from cache -->\n\n\n<p><strong>Hoteltipp<\/strong>: Vom Hotel <a href=\"https:\/\/www.sonnenklar.tv\/beschreibung\/Deutschland\/Bayern\/Lenggries\/Arabella_Brauneck.html\" target=\"_blank\" rel=\"noreferrer noopener\">Arabella Brauneck<\/a> in Lenggries fahrt ihr in 20 Minuten zum Sylvensteinsee.<\/p>\n\n\n\n<h3 class=\"wp-block-heading\"><a name=\"bergseen-deutschland-tegernsee\"><\/a>10. Tegernsee \u2013 das mond\u00e4ne Herz Bayerns<\/h3>\n\n\n\n<p>Etwa <strong>50 Kilometer<\/strong> s\u00fcdlich von <strong>M\u00fcnchen<\/strong> erwartet euch eine einzigartige Mischung aus <strong>bayrischer Gem\u00fctlichkeit<\/strong> und <strong>Luxus,<\/strong> umgeben von einer eindrucksvollen <strong>Bergkulisse<\/strong>. Das s\u00fcdliche Ende des Sees wird \u00fcberragt vom Wahrzeichen der Region, dem 1.722 Meter hohen <strong>Wallberg<\/strong>. Den Gipfel erreicht ihr bequem mit einer Seilbahn und habt dann einen atemberaubenden Blick \u00fcber den See und das Alpenvorland. W\u00e4hrend die Orte <strong>Gmund<\/strong> und <strong>Bad Wiessee<\/strong> noch urspr\u00fcnglich und <strong>gem\u00fctlich<\/strong> sind, beeindrucken in <strong>Tegernsee<\/strong> und <strong>Rottach-Egern<\/strong> die vielen <strong>exklusiven<\/strong> Hotels.<\/p>\n\n\n<div class=\"wp-block-image\">\n<figure class=\"aligncenter\"><a href=\"https:\/\/www.sonnenklar.tv\/blog\/wp-content\/uploads\/2023\/03\/GettyImages-957506284-Tegernsee.jpg\"><img loading=\"lazy\" decoding=\"async\" width=\"880\" height=\"450\" src=\"https:\/\/www.sonnenklar.tv\/blog\/wp-content\/uploads\/2023\/03\/GettyImages-957506284-Tegernsee.jpg\" alt=\"Tegernsee in den Bayerischen Alpen\" class=\"wp-image-23298\" srcset=\"https:\/\/www.sonnenklar.tv\/blog\/wp-content\/uploads\/2023\/03\/GettyImages-957506284-Tegernsee.jpg 880w, https:\/\/www.sonnenklar.tv\/blog\/wp-content\/uploads\/2023\/03\/GettyImages-957506284-Tegernsee-300x153.jpg 300w, https:\/\/www.sonnenklar.tv\/blog\/wp-content\/uploads\/2023\/03\/GettyImages-957506284-Tegernsee-768x393.jpg 768w\" sizes=\"(max-width: 880px) 100vw, 880px\" \/><\/a><figcaption class=\"wp-element-caption\">Als einer der saubersten Seen Bayerns eignet sich der Tegernsee perfekt zum Baden<\/figcaption><\/figure>\n<\/div>\n\n\n<p>Im Sommer findet ihr am See einige malerische <strong>Badestellen<\/strong>, wo ihr euch im Juli und August im <strong>bis zu 22 Grad<\/strong> Celsius warmen Wasser erfrischen k\u00f6nnt. In Gmund gibt es mit dem <strong>Strandbad Seeglas<\/strong> und dem <strong>Strandbad Kaltenbrunn<\/strong> zwei Badestellen mit exzellentem kulinarischen Angebot. In Tegernsee findet ihr beim Strandbad auch eine <strong>Seesauna<\/strong>. Zwischen Bad Wiessee und Rottach-Egern liegt das Strandbad Ringsee, das einen flachen Einstieg ins Wasser und einen separaten <strong>Hundestrand<\/strong> bietet. Auf dem See seid ihr aktiv mit dem <strong>Paddleboard<\/strong> oder beim <strong>Windsurfen<\/strong>. Auch einige <strong>Segelschulen<\/strong> findet ihr in dieser traumhaften Kulisse.<\/p>\n\n\n\n<table id=\"tablepress-306\" class=\"tablepress tablepress-id-306\">\n<tbody class=\"row-striping row-hover\">\n<tr class=\"row-1\">\n\t<td class=\"column-1\"><strong>Erreichbarkeit:<\/strong><\/td><td class=\"column-2\">Mit dem Auto \u00fcber die A8 M\u00fcnchen \u2013 Salzburg und ab Holzkirchen \u00fcber die Bundesstra\u00dfe. Ab M\u00fcnchen fahren regelm\u00e4\u00dfig Z\u00fcge zum Bahnhof in Tegernsee, wo ihr in Busse umsteigt, die um den See und in den angrenzenden T\u00e4lern verkehren.<\/td>\n<\/tr>\n<tr class=\"row-2\">\n\t<td class=\"column-1\"><strong>Badestellen:<\/strong><\/td><td class=\"column-2\">Strandbad Tegernsee mit Seesauna und Freizeitanlage Point, Strandbad Seeglas und Strandbad Kaltenbrunn in Gmund, Strandbad Ringsee und See- und Warmbad in Rottach-Egern.<\/td>\n<\/tr>\n<tr class=\"row-3\">\n\t<td class=\"column-1\"><strong>Gastronomie:<\/strong><\/td><td class=\"column-2\">In allen Strandb\u00e4dern findet ihr zumindest einen Kiosk, manche bieten euch sogar Restaurants mit Seeblick.<\/td>\n<\/tr>\n<\/tbody>\n<\/table>\n<!-- #tablepress-306 from cache -->\n\n\n<p><strong>Info<\/strong>: Die passende Unterkunft f\u00fcr euren idyllischen Bergsee-Urlaub in Bayern findet ihr in unseren <a href=\"https:\/\/www.sonnenklar.tv\/promo\/hotels\/hotels-tegernsee.html\" target=\"_blank\" rel=\"noreferrer noopener\">Angeboten f\u00fcr Hotels am Tegernsee<\/a>.<\/p>\n\n\n\n<h3 class=\"wp-block-heading\"><a name=\"bergseen-deutschalnd-koenigssee\"><\/a>11. K\u00f6nigssee, Obersee \u2013 weltbekanntes Echo<\/h3>\n\n\n\n<p>Mit seiner Lage inmitten einer <strong>atemberaubenden Kulisse<\/strong> z\u00e4hlt der K\u00f6nigssee zu den <strong>sch\u00f6nsten Bergseen<\/strong> in Deutschland, wenn nicht gar den gesamten Alpen. Bilder von der Wallfahrtskapelle <strong>St. Bartholom\u00e4<\/strong> habt ihr bestimmt schon einmal gesehen. Bereits 1910 wurden erste Gebiete der Umgebung unter Naturschutz gestellt und seit dem 01.08.1978 existiert der <strong>Nationalpark Berchtesgaden<\/strong> in seiner heutigen Form. Der See liegt mitten im Nationalpark, ist aber als Pflegezone ausgewiesen und kann daher von den Besuchern genutzt werden.<\/p>\n\n\n<div class=\"wp-block-image\">\n<figure class=\"aligncenter\"><a href=\"https:\/\/www.sonnenklar.tv\/blog\/wp-content\/uploads\/2022\/03\/GettyImages-1026135812.jpg\"><img loading=\"lazy\" decoding=\"async\" width=\"880\" height=\"450\" src=\"https:\/\/www.sonnenklar.tv\/blog\/wp-content\/uploads\/2022\/03\/GettyImages-1026135812.jpg\" alt=\"St. Bartholom\u00e4 am K\u00f6nigssee\" class=\"wp-image-19162\" srcset=\"https:\/\/www.sonnenklar.tv\/blog\/wp-content\/uploads\/2022\/03\/GettyImages-1026135812.jpg 880w, https:\/\/www.sonnenklar.tv\/blog\/wp-content\/uploads\/2022\/03\/GettyImages-1026135812-300x153.jpg 300w, https:\/\/www.sonnenklar.tv\/blog\/wp-content\/uploads\/2022\/03\/GettyImages-1026135812-768x393.jpg 768w\" sizes=\"(max-width: 880px) 100vw, 880px\" \/><\/a><figcaption class=\"wp-element-caption\">Wallfahrtskirche St. Bartholom\u00e4 am K\u00f6nigssee<\/figcaption><\/figure>\n<\/div>\n\n\n<p>Weil der See im Nationalpark liegt, d\u00fcrft ihr hier nur <strong>Schwimmen<\/strong> oder mit dem <strong>Ruderboot<\/strong> den See erkunden. Rund um den See gibt es eine gro\u00dfe Auswahl an <strong>Wandertouren<\/strong>, die aber aufgrund des Gel\u00e4ndes eine entsprechende Erfahrung voraussetzt. Einen Spazierweg, der den See umrundet, gibt es nicht, da das Ufer von steilen Felsw\u00e4nden begrenzt wird. Daher m\u00fcsst ihr mit dem <strong>Ausflugsboot<\/strong> \u00fcber den See fahren. Dabei kommt ihr aber in den Genuss des ber\u00fchmten <strong>Trompetenechos<\/strong>, das von den Felsen am Ufer um den See getragen wird. Von der Haltestelle <strong>Salet<\/strong> erreicht ihr in einer leichten Wanderung den <strong>Obersee<\/strong>, der kleiner ist, aber mindestens genauso malerisch liegt.<\/p>\n\n\n\n<table id=\"tablepress-307\" class=\"tablepress tablepress-id-307\">\n<tbody class=\"row-striping row-hover\">\n<tr class=\"row-1\">\n\t<td class=\"column-1\"><strong>Erreichbarkeit:<\/strong><\/td><td class=\"column-2\">Mit dem Auto erreicht ihr den See \u00fcber Bad Reichenhall und Berchtesgaden. Mit der Bahn erreicht ihr Berchtesgaden \u00fcber Bad Reichenhall oder Salzburg, von wo euch Busse weiterbringen.<\/td>\n<\/tr>\n<tr class=\"row-2\">\n\t<td class=\"column-1\"><strong>Badestellen:<\/strong><\/td><td class=\"column-2\">Direkt am See gibt es keine offizielle Badestelle, in Sch\u00f6nau am K\u00f6nigssee gibt es aber ein Freibad.<\/td>\n<\/tr>\n<tr class=\"row-3\">\n\t<td class=\"column-1\"><strong>Gastronomie:<\/strong><\/td><td class=\"column-2\">In Sch\u00f6nau gibt es eine gro\u00dfe Auswahl an Restaurants, auch bei der Kirche St. Bartholom\u00e4 befindet sich eine Gastst\u00e4tte. Auf Wanderungen am K\u00f6nigssee versorgen euch viele Almh\u00fctten mit einer bayrischen Brotzeit.<\/td>\n<\/tr>\n<\/tbody>\n<\/table>\n<!-- #tablepress-307 from cache -->\n\n\n<p><strong>Hoteltipp<\/strong>: Das <a href=\"https:\/\/www.sonnenklar.tv\/beschreibung\/Deutschland\/Bayern\/Sch%C3%B6nau_am_K%C3%B6nigssee\/Explorer_Hotel_Berchtesgaden.html\" target=\"_blank\" rel=\"noreferrer noopener\">Explorer Hotel Berchtesgaden<\/a> in Sch\u00f6nau liegt nur etwa 1500 Meter vom K\u00f6nigssee entfernt und ist ein modernes und sehr nachhaltiges Hotel.<\/p>\n\n\n\n<h2 class=\"wp-block-heading\">H\u00e4ufig gestellte Fragen zu Deutschlands Bergseen<\/h2>\n\n\n\n<p>Eindrucksvolle Landschaften, in denen die Seen wie blaue Saphire funkeln, sind ganz besondere Orte f\u00fcr eine entspannende Auszeit. Doch bei der Entscheidung, welcher Bergsee in Deutschland von euch besucht werden soll, tauchen Fragen auf, von denen wir hier einige beantworten.<\/p>\n\n\n\n<h3 class=\"wp-block-heading\"><a name=\"bergseen-deutschland-wo\"><\/a>Wo gibt es sch\u00f6ne Bergseen?<\/h3>\n\n\n\n<p>Nicht nur im <strong>Schwarzwald<\/strong> und den <strong>Alpen<\/strong> findet ihr eine Vielzahl an Bergseen, auch wenn ihr gerade in den bayrischen Alpen die Qual der Wahl habt. Der Nachteil an den Alpenseen ist, dass ihr sie oft erst nach einer m\u00fchsamen Wanderung erreicht. Wenn ihr komfortabler an den See kommen wollt, bieten euch der Schwarzwald, der <strong>Harz<\/strong> und das <strong>Elbsandsteingebirge<\/strong> idyllische Alternativen.<\/p>\n\n\n\n<h3 class=\"wp-block-heading\"><a name=\"bergseen-deutschland-schoenster\"><\/a>Wo ist der sch\u00f6nste See in Deutschland?<\/h3>\n\n\n\n<p>Um diese Frage zu beantworten, solltet ihr euch zun\u00e4chst dar\u00fcber im Klaren sein, was ihr an dem See machen wollt. Wenn ihr im See baden wollt, bietet das Flachland mit der <strong>Mecklenburger Seenplatte<\/strong> einen echten Traum. Auch der <strong>Wannsee<\/strong> in Berlin ist ein Badeparadies. Baden mit Blick auf die Berge k\u00f6nnt ihr am <strong>Bodensee<\/strong>, <strong>Chiemsee<\/strong> und vielen anderen Seen im Voralpenland. Landschaftlich am sch\u00f6nsten ist unserer Meinung nach der <strong>K\u00f6nigssee<\/strong>.<\/p>\n\n\n\n<h3 class=\"wp-block-heading\"><a name=\"deutschland-bergseen-klar\"><\/a>Was ist der klarste See in Deutschland?<\/h3>\n\n\n\n<p>Die Definition eines Klarwassersees erkl\u00e4rt sich anhand des N\u00e4hrstoffgehalts. Je weniger N\u00e4hrstoffe, umso klarer ist das Wasser. Zu den klarsten Seen in Deutschland geh\u00f6ren die Seen der <strong>Feldberger Seenlandschaft<\/strong> in Mecklenburg-Vorpommern. Auch der <strong>Schluchsee<\/strong> im Schwarzwald hat besonders klares Wasser. Einer der klarsten Seen in Deutschland ist aber sicherlich der <strong>Walchensee<\/strong>, der unter Wasser bis zu 40-Meter-Sicht bietet.<\/p>\n\n\n\n<h3 class=\"wp-block-heading\"><a name=\"bergseen-deutschland-hoechster\"><\/a>Welches ist der h\u00f6chstgelegene See in Deutschland?<\/h3>\n\n\n\n<p>Klarer Sieger ist hier der <strong>kleine Rappensee<\/strong> im Allg\u00e4u. Er liegt auf <strong>2.070 Metern<\/strong> H\u00f6he, nur ein paar Schritte von der \u00f6sterreichischen Grenze entfernt. In den Alpen f\u00fchrt der Matscherjochsee in S\u00fcdtirol mit einer H\u00f6he von 3.188 Metern die Liste an.<\/p>\n\n\n\n<h2 class=\"wp-block-heading\">Fazit zu den sch\u00f6nsten Bergseen Deutschlands<\/h2>\n\n\n\n<p>Die pure Idylle in malerischer Landschaft erlebt ihr an Deutschlands Bergseen. In den Mittelgebirgen thronen dicht bewaldete Gipfel \u00fcber dem blauen Wasser, w\u00e4hrend sich in den Alpen majest\u00e4tische Felsgipfel im Wasser spiegeln. Ein Urlaub an einem Bergsee bietet euch die M\u00f6glichkeit, aktive Tage beim Wandern oder Mountainbiken zu verbringen und am n\u00e4chsten Tag auf einer gr\u00fcnen Wiese am Wasser zu entspannen. Viele der Bergseen in Deutschland sind auch im Winter ein Traum, wenn ihr von der Skipiste auf sie hinabblickt oder sie warm eingepackt bei Winterwanderungen umrundet. Eines haben alle Bergseen in Deutschland gemeinsam: Ihr k\u00f6nnt euch dort eine entspannte Auszeit in traumhafter Natur g\u00f6nnen.<\/p>\n\n\n\n<p><strong>Tipp<\/strong>: Lust auf eine entspannte Auszeit am See bekommen? Dann lasst euch von unseren <a href=\"https:\/\/www.sonnenklar.tv\/urlaub\/am-see.html\">Angeboten f\u00fcr einen Urlaub am See<\/a> inspirieren!<\/p>\n","protected":false},"excerpt":{"rendered":"<p>Einen wundersch\u00f6nen Sommertag am See zu genie\u00dfen, ist so mit das h\u00f6chste der Gef\u00fchle. Schattenspendende B\u00e4ume bedecken das saftige gr\u00fcne Gras der Liegewiese und am Nachmittag schmei\u00dft man den Grill an. Das k\u00f6nnt ihr an vielen Orten auch bei euch zu Hause haben. Die Steigerung f\u00fcr so einen traumhaften Tag ist es, wenn der See,<\/p>\n","protected":false},"author":3,"featured_media":23300,"comment_status":"closed","ping_status":"open","sticky":false,"template":"","format":"standard","meta":{"footnotes":""},"categories":[697],"tags":[506,496,574,575,497],"class_list":{"0":"post-23228","1":"post","2":"type-post","3":"status-publish","4":"format-standard","5":"has-post-thumbnail","7":"category-reisetipps","8":"tag-aktivitaeten","9":"tag-deutschland","10":"tag-natur","11":"tag-seen","12":"tag-wandern"},"_links":{"self":[{"href":"https:\/\/www.sonnenklar.tv\/blog\/wp-json\/wp\/v2\/posts\/23228","targetHints":{"allow":["GET"]}}],"collection":[{"href":"https:\/\/www.sonnenklar.tv\/blog\/wp-json\/wp\/v2\/posts"}],"about":[{"href":"https:\/\/www.sonnenklar.tv\/blog\/wp-json\/wp\/v2\/types\/post"}],"author":[{"embeddable":true,"href":"https:\/\/www.sonnenklar.tv\/blog\/wp-json\/wp\/v2\/users\/3"}],"replies":[{"embeddable":true,"href":"https:\/\/www.sonnenklar.tv\/blog\/wp-json\/wp\/v2\/comments?post=23228"}],"version-history":[{"count":35,"href":"https:\/\/www.sonnenklar.tv\/blog\/wp-json\/wp\/v2\/posts\/23228\/revisions"}],"predecessor-version":[{"id":37000,"href":"https:\/\/www.sonnenklar.tv\/blog\/wp-json\/wp\/v2\/posts\/23228\/revisions\/37000"}],"wp:featuredmedia":[{"embeddable":true,"href":"https:\/\/www.sonnenklar.tv\/blog\/wp-json\/wp\/v2\/media\/23300"}],"wp:attachment":[{"href":"https:\/\/www.sonnenklar.tv\/blog\/wp-json\/wp\/v2\/media?parent=23228"}],"wp:term":[{"taxonomy":"category","embeddable":true,"href":"https:\/\/www.sonnenklar.tv\/blog\/wp-json\/wp\/v2\/categories?post=23228"},{"taxonomy":"post_tag","embeddable":true,"href":"https:\/\/www.sonnenklar.tv\/blog\/wp-json\/wp\/v2\/tags?post=23228"}],"curies":[{"name":"wp","href":"https:\/\/api.w.org\/{rel}","templated":true}]}}