{"id":22830,"date":"2023-02-13T14:32:12","date_gmt":"2023-02-13T13:32:12","guid":{"rendered":"https:\/\/www.sonnenklar.tv\/blog\/?p=22830"},"modified":"2026-02-19T08:37:24","modified_gmt":"2026-02-19T07:37:24","slug":"luxemburg-sehenswuerdigkeiten","status":"publish","type":"post","link":"https:\/\/www.sonnenklar.tv\/blog\/urlaubslaender\/weitere-laender\/luxemburg-sehenswuerdigkeiten\/","title":{"rendered":"Top Luxemburg Sehensw\u00fcrdigkeiten: Kleines Land, gro\u00dfer Tipp"},"content":{"rendered":"<p><strong>Kleines Land mit ganz viel Charme: So l\u00e4sst sich das Gro\u00dfherzogtum Luxemburg wohl am besten beschreiben. Unser Nachbarland im Herzen Europas z\u00e4hlt zu den kleinsten L\u00e4ndern dieser Erde und \u00fcberrascht doch auf lediglich knapp 2.600 Quadratkilometern mit solch einer F\u00fclle an Sehensw\u00fcrdigkeiten, Kultur und Natur, dass man es kaum glauben mag. Zwischen malerischen Burgen, romantischen Weinh\u00e4ngen, lieblichen St\u00e4dten und schroffen Gebirgen hei\u00dfen euch die Einwohner \u00fcberaus weltoffen und gelassen willkommen und bleiben sich dabei stets treu. Nicht umsonst hei\u00dft das Motto des Landes: \u201eMir welle bleiwe, wat mir sin\u201c \u2013 \u201eWir wollen bleiben, was wir sind\u201c!<\/strong><\/p>\n<p>Oft untersch\u00e4tzt, hat Luxemburg es bisher noch immer geschafft, mit all seinen Sehensw\u00fcrdigkeiten jeden Besucher zu verbl\u00fcffen. Denn nicht nur in Sachen Sprachen \u2013 sowohl Luxemburgisch als auch Deutsch und Franz\u00f6sisch wird hier gesprochen \u2013 geht es \u00e4u\u00dferst vielf\u00e4ltig zu. Begebt euch mit uns auf eine Zeitreise in die bewegte Vergangenheit Luxemburgs, lasst euch von futuristischen Geb\u00e4uden in den Bann ziehen und wandert durch gr\u00fcne Natur sowie pittoreske Industrielandschaften.<\/p>\n<p><strong>Inhaltsverzeichnis<\/strong><\/p>\n<ul>\n<li>Die Top 6 Luxemburg Sehensw\u00fcrdigkeiten: Reizvolle Kontraste\n<ol>\n<li><a href=\"#stadt\">Luxemburg Stadt: Historisches Flair und moderner Charme<\/a><\/li>\n<li><a href=\"#vianden\">Burg Vianden: M\u00e4rchenhafte Festung mit Panoramablick<\/a><\/li>\n<li><a href=\"#echternach\">Echternach: Die \u00e4lteste Stadt Luxemburgs<\/a><\/li>\n<li><a href=\"#schweiz\">Kleine Luxemburger Schweiz \/ Mullerthal: Ausflugsziel im Gr\u00fcnen<\/a><\/li>\n<li><a href=\"#ardennen\">Ardennen: Geschichtstr\u00e4chtiges Naturparadies<\/a><\/li>\n<li><a href=\"#redrock\">Red Rock Region: Reise in die industrielle Vergangenheit<\/a><\/li>\n<\/ol>\n<\/li>\n<li>H\u00e4ufig gestellte Fragen zu Luxemburgs Sehensw\u00fcrdigkeiten\n<ul>\n<li><a href=\"#machen\">Was muss man in Luxemburg gemacht haben?<\/a><\/li>\n<li><a href=\"#tage\">Wie viele Tage f\u00fcr Luxemburg?<\/a><\/li>\n<li><a href=\"#shoppen\">Kann man in Luxemburg gut shoppen?<\/a><\/li>\n<li><a href=\"#essen\">Was isst man in Luxemburg?<\/a><\/li>\n<\/ul>\n<\/li>\n<\/ul>\n<h2>Das Wichtigste im \u00dcberblick<\/h2>\n<ul>\n<li>Trotz seiner geringen Gr\u00f6\u00dfe hat Luxemburg sowohl f\u00fcr Kulturinteressierte als auch f\u00fcr Naturliebhaber und Genussmenschen ein abwechslungsreiches Spektrum an Attraktionen zu bieten.<\/li>\n<li>Der Gro\u00dfteil der klassischen Sehensw\u00fcrdigkeiten konzentriert sich auf Luxemburg Stadt.<\/li>\n<li>Romantische Schl\u00f6sser und malerische Landschaften mit unz\u00e4hligen Wanderm\u00f6glichkeiten bescheren ruhige Momente und einzigartige Naturschauspiele.<\/li>\n<\/ul>\n<h2>Top 6 Luxemburg Sehensw\u00fcrdigkeiten: Reizvolle Kontraste<\/h2>\n<p>Die kleine Fl\u00e4che Luxemburgs bringt einen entscheidenden Vorteil mit sich: Viele der Attraktionen k\u00f6nnt ihr innerhalb von k\u00fcrzester Zeit besichtigen. Wenn das mal neben der kurzen Anreise nicht ein weiterer Grund ist, das Land als Ziel f\u00fcr den n\u00e4chsten Kurztrip auszuw\u00e4hlen. Die meisten Luxemburg Sehensw\u00fcrdigkeiten konzentrieren sich auf die Hauptstadt, doch auch au\u00dferhalb der Stadtgrenzen erwarten euch traumhafte Ausflugsziele.<\/p>\n\n<table id=\"tablepress-458\" class=\"tablepress tablepress-id-458\">\n<thead>\n<tr class=\"row-1\">\n\t<th colspan=\"2\" class=\"column-1\">Luxemburg im \u00dcberblick<\/th>\n<\/tr>\n<\/thead>\n<tbody class=\"row-striping row-hover\">\n<tr class=\"row-2\">\n\t<td class=\"column-1\"><strong>Fl\u00e4che:<\/strong><\/td><td class=\"column-2\">ca. 2.586 Quadratkilometer<\/td>\n<\/tr>\n<tr class=\"row-3\">\n\t<td class=\"column-1\"><strong>Einwohner:<\/strong><\/td><td class=\"column-2\">ca. 645.000<\/td>\n<\/tr>\n<tr class=\"row-4\">\n\t<td class=\"column-1\"><strong>W\u00e4hrung:<\/strong><\/td><td class=\"column-2\">Euro<\/td>\n<\/tr>\n<tr class=\"row-5\">\n\t<td class=\"column-1\"><strong>Sprachen:<\/strong><\/td><td class=\"column-2\">Franz\u00f6sisch, Deutsch, Luxemburgisch<\/td>\n<\/tr>\n<\/tbody>\n<\/table>\n<!-- #tablepress-458 from cache -->\n<h3><a name=\"stadt\"><\/a>1. Luxemburg Stadt: Historisches Flair und moderner Charme<\/h3>\n<p>Als Hauptstadt und gleichzeitig <strong>gr\u00f6\u00dfte Stadt<\/strong> Luxemburgs ist Luxemburg Stadt eine wahre Schatztruhe an Sehensw\u00fcrdigkeiten. Wenn ihr durch die schmalen Kopfsteinpflastergassen der zum <strong>UNESCO-Weltkulturerbe<\/strong> z\u00e4hlenden Altstadt spaziert, passiert ihr historische Bauwerke, gr\u00fcne Parks sowie kleine Caf\u00e9s und entdeckt immer wieder versteckte Wochenm\u00e4rkte. Zwischen all diese vertr\u00e4umten Orte mischen sich die hochmodernen Banken des <strong>Gesch\u00e4ftsviertels<\/strong>, die der Stadt ihren charaktervollen Stil verleihen. Startet eure Besichtigungstour auf dem <strong>Fischmarkt<\/strong>, dem Mittelpunkt und Treffpunkt der Einheimischen, lasst euch von der Pracht des <strong>Gro\u00dfherzoglichen Palastes<\/strong> und der <strong>Cath\u00e9drale Notre-Dame<\/strong> verzaubern und seht die imposante <strong>Pont Adolphe<\/strong> \u00fcber dem gr\u00fcnen Parcs de la P\u00e9trusse emporragen.<\/p>\n<figure id=\"attachment_22853\" aria-describedby=\"caption-attachment-22853\" style=\"width: 880px\" class=\"wp-caption alignnone\"><a href=\"https:\/\/www.sonnenklar.tv\/blog\/wp-content\/uploads\/2023\/02\/GettyImages-836191722.jpg_2681277_master.jpg\"><img fetchpriority=\"high\" decoding=\"async\" class=\"wp-image-22853 size-full\" src=\"https:\/\/www.sonnenklar.tv\/blog\/wp-content\/uploads\/2023\/02\/GettyImages-836191722.jpg_2681277_master.jpg\" alt=\"Luftaufnahme der Pont Adolphe Br\u00fccke \u00fcber dem gr\u00fcnen Parcs de la P\u00e9trusse in Luxemburg\" width=\"880\" height=\"450\" srcset=\"https:\/\/www.sonnenklar.tv\/blog\/wp-content\/uploads\/2023\/02\/GettyImages-836191722.jpg_2681277_master.jpg 880w, https:\/\/www.sonnenklar.tv\/blog\/wp-content\/uploads\/2023\/02\/GettyImages-836191722.jpg_2681277_master-300x153.jpg 300w, https:\/\/www.sonnenklar.tv\/blog\/wp-content\/uploads\/2023\/02\/GettyImages-836191722.jpg_2681277_master-768x393.jpg 768w\" sizes=\"(max-width: 880px) 100vw, 880px\" \/><\/a><figcaption id=\"caption-attachment-22853\" class=\"wp-caption-text\">Imposante Pont Adolphe Br\u00fccke \u00fcber dem gr\u00fcnen Parcs de la P\u00e9trusse<\/figcaption><\/figure>\n<p>Wunderbar mystisch wird es in den Casemates du Bock, den <strong>Kasematten der Stadt Luxemburg<\/strong>. In dem verwinkelten unterirdischen H\u00f6hlensystem wird die Vergangenheit der mittelalterlichen Stadt lebendig. Nicht weit entfernt davon habt ihr von der <strong>Chemin de la Corniche<\/strong>, dem \u201esch\u00f6nsten Balkon Europas\u201c, einen wundervollen Ausblick auf das idyllische <strong>Barrio Grund<\/strong>. Dieser Stadtteil, der sich unterhalb der Altstadt im Tal der sanft pl\u00e4tschernden Alzette befindet, ist \u00fcbrigens ebenso einen Abstecher wert. Zwischen den kleinen M\u00e4rkten mit traditioneller Handwerkskunst und urigen Pubs weht ein l\u00e4ndliches Flair, das einen fast vergessen l\u00e4sst, wie lebendig es ein paar Treppenstufen (oder eine Fahrt mit dem Saint-Esprit-Lift) oberhalb zugeht.<\/p>\n[otw_shortcode_info_box border_type=&#8220;bordered&#8220; border_color_class=&#8220;otw-orange-border&#8220; border_style=&#8220;bordered&#8220;]<strong>Tipp:<\/strong> Sowohl Liebhaber von au\u00dfergew\u00f6hnlicher Architektur als auch von exzellenter Musik geraten vor und in der Philharmonie Luxembourg ins Schw\u00e4rmen. In dem an ein Auge erinnernden Geb\u00e4ude, das von \u00fcber 800 S\u00e4ulen umrundet wird, finden regelm\u00e4\u00dfig Konzerte weltbekannter K\u00fcnstler statt.[\/otw_shortcode_info_box]\n[otw_shortcode_info_box border_type=&#8220;bordered&#8220; border_color_class=&#8220;otw-orange-border&#8220; border_style=&#8220;bordered&#8220;]<strong>Hoteltipp:<\/strong> Das <a href=\"https:\/\/www.sonnenklar.tv\/beschreibung\/Luxemburg\/Luxemburg\/Stadt_Luxemburg\/Melia_Luxembourg.html\" target=\"_blank\" rel=\"noopener\">Meli\u00e1 Luxembourg<\/a> am Place de l\u2018Europe liegt direkt neben der Philharmonie und auch bis zum Museum f\u00fcr Moderne Kunst sind es nur ein paar Schritte. Nach einem Tag in der Stadt lockt das t\u00fcrkische Bad zur Entspannung.[\/otw_shortcode_info_box]\n<h3><a name=\"vianden\"><\/a>2. Burg Vianden: M\u00e4rchenhafte Festung mit Panoramablick<\/h3>\n<p>Inmitten von bewaldeten H\u00fcgeln unweit der deutschen Grenze, thront die Burg Vianden auf einem Felsen rund 310 Meter \u00fcber dem <strong>Fluss Our<\/strong>. Mit ihren T\u00fcrmchen und Zinnen gibt die imposante Festung ein Postkartenmotiv ab, wie es malerischer kaum sein k\u00f6nnte. Kein Wunder, dass sie zu den beliebtesten Sehensw\u00fcrdigkeiten Luxemburgs geh\u00f6rt. Einst als <strong>r\u00f6misches Kastell<\/strong> erbaut, war sie bis ins 15. Jahrhundert der Wohnsitz des Grafen von Vianden und ging danach in Privatbesitz \u00fcber.<\/p>\n<figure id=\"attachment_22856\" aria-describedby=\"caption-attachment-22856\" style=\"width: 880px\" class=\"wp-caption alignnone\"><a href=\"https:\/\/www.sonnenklar.tv\/blog\/wp-content\/uploads\/2023\/02\/GettyImages-1364018666_kl.jpg\"><img decoding=\"async\" class=\"wp-image-22856 size-full\" src=\"https:\/\/www.sonnenklar.tv\/blog\/wp-content\/uploads\/2023\/02\/GettyImages-1364018666_kl.jpg\" alt=\"Burg Vianden \u00fcber dem Fluss Our in Luxemburg\" width=\"880\" height=\"450\" srcset=\"https:\/\/www.sonnenklar.tv\/blog\/wp-content\/uploads\/2023\/02\/GettyImages-1364018666_kl.jpg 880w, https:\/\/www.sonnenklar.tv\/blog\/wp-content\/uploads\/2023\/02\/GettyImages-1364018666_kl-300x153.jpg 300w, https:\/\/www.sonnenklar.tv\/blog\/wp-content\/uploads\/2023\/02\/GettyImages-1364018666_kl-768x393.jpg 768w\" sizes=\"(max-width: 880px) 100vw, 880px\" \/><\/a><figcaption id=\"caption-attachment-22856\" class=\"wp-caption-text\">Burg Vianden \u00fcber dem Fluss Our<\/figcaption><\/figure>\n<p>Als sie in den 1970er-Jahren dem Verfall nahe war, wurde sie schlie\u00dflich verstaatlicht und restauriert. Zum Gl\u00fcck, denn so k\u00f6nnt ihr heute durch die <strong>f\u00fcnf Pforten<\/strong> in eine Welt l\u00e4ngst vergangener Zeiten eintreten, durch die detailgetreu eingerichteten Zimmer und S\u00e4le spazieren, den gigantischen <strong>Weinkeller<\/strong> besichtigen und den Ausblick auf die Altstadt von Vianden auf euch wirken lassen. Der wundersch\u00f6nen Stadt solltet ihr im Anschluss auch noch einen Besuch abstatten. Beim Bummel \u00fcber die kopfsteingepflasterten Gassen, vorbei an <strong>gotischen Kirchen<\/strong>, dem Victor-Hugo-Haus und kleinen Restaurants schlie\u00dft ihr euren m\u00e4rchenhaften Ausflug wundervoll ab.<\/p>\n[otw_shortcode_info_box border_type=&#8220;bordered&#8220; border_color_class=&#8220;otw-orange-border&#8220; border_style=&#8220;bordered&#8220;]<strong>Tipp:<\/strong> Jedes Jahr im Sommer dient die Burg Vianden als Kulisse f\u00fcr ein spektakul\u00e4res Mittelalterfest, das euch mit Feuershows, Ritterk\u00e4mpfen und Minnes\u00e4ngern f\u00fcr rund neun Tage in die Vergangenheit zur\u00fcckversetzt.[\/otw_shortcode_info_box]\n\n<table id=\"tablepress-459\" class=\"tablepress tablepress-id-459\">\n<thead>\n<tr class=\"row-1\">\n\t<th class=\"column-1\">Burg Vianden<\/th><td class=\"column-2\"><\/td>\n<\/tr>\n<\/thead>\n<tbody class=\"row-striping row-hover\">\n<tr class=\"row-2\">\n\t<td class=\"column-1\"><strong>\u00d6ffnungszeiten:<\/strong><\/td><td class=\"column-2\">01.11. \u2013 28.02.: ca. 10.00 bis 16.00 Uhr<br \/>\n01.03. \u2013 31.03.: ca. 10.00 bis 17.00 Uhr<br \/>\n01.04. \u2013 30.09.: ca. 10.00 bis 18 Uhr<br \/>\n01.10. \u2013 31.10.: ca. 10.00 bis 17.00 Uhr<\/td>\n<\/tr>\n<tr class=\"row-3\">\n\t<td class=\"column-1\"><strong>Eintrittspreise:<\/strong><\/td><td class=\"column-2\">Erwachsene: ca. 10,00 Euro<br \/>\nKinder (6 \u2013 12 Jahre): ca. 2,50 Euro<br \/>\n<br \/>\nAudioguide f\u00fcr ca. 2,00 Euro erh\u00e4ltlich.<br \/>\n<br \/>\nZum Mittelalterfest gelten Sonderpreise.<\/td>\n<\/tr>\n<\/tbody>\n<\/table>\n<!-- #tablepress-459 from cache -->\n[otw_shortcode_info_box border_type=&#8220;bordered&#8220; border_color_class=&#8220;otw-orange-border&#8220; border_style=&#8220;bordered&#8220;]<strong>Lesetipp:<\/strong> Wo ihr au\u00dferdem noch ein romantisches Wochenende verbringen k\u00f6nnt, verraten wir euch in unseren <a href=\"https:\/\/www.sonnenklar.tv\/blog\/romantisches-wochenende-zu-zweit\/\" target=\"_blank\" rel=\"noopener\">Top 6 Reisezielen zum Verlieben<\/a>.[\/otw_shortcode_info_box]\n<h3><a name=\"echternach\"><\/a>3. Echternach: Die \u00e4lteste Stadt Luxemburgs<\/h3>\n<p>Umgeben von schroffen Felsen, dichten W\u00e4ldern und Wasserf\u00e4llen befindet sich mit Echternach ein bildsch\u00f6nes Stadt-Juwel mit mittelalterlichem Ambiente ganz in der N\u00e4he zu Rheinland-Pfalz. Ges\u00e4umt von <strong>alten Adels- und B\u00fcrgerh\u00e4usern<\/strong> bildet der Marktplatz das Herz der <strong>\u00e4ltesten Stadt Luxemburgs<\/strong>. Doch damit nicht genug der Sehensw\u00fcrdigkeiten, die ihr hier bewundern k\u00f6nnt: Beim Schlendern durch die verwinkelten Gassen fallen euch das <strong>Rathaus<\/strong> mit seiner sp\u00e4tgotischen Bogenhalle, die Reste der Stadtmauer und pr\u00e4chtige <strong>Patrizierh\u00e4user<\/strong> ins Auge.<\/p>\n<figure id=\"attachment_22858\" aria-describedby=\"caption-attachment-22858\" style=\"width: 880px\" class=\"wp-caption alignnone\"><a href=\"https:\/\/www.sonnenklar.tv\/blog\/wp-content\/uploads\/2023\/02\/GettyImages-1146005452_kl.jpg\"><img decoding=\"async\" class=\"wp-image-22858 size-full\" src=\"https:\/\/www.sonnenklar.tv\/blog\/wp-content\/uploads\/2023\/02\/GettyImages-1146005452_kl.jpg\" alt=\"Stadtmitte von Echternach in Luxemburg\" width=\"880\" height=\"450\" srcset=\"https:\/\/www.sonnenklar.tv\/blog\/wp-content\/uploads\/2023\/02\/GettyImages-1146005452_kl.jpg 880w, https:\/\/www.sonnenklar.tv\/blog\/wp-content\/uploads\/2023\/02\/GettyImages-1146005452_kl-300x153.jpg 300w, https:\/\/www.sonnenklar.tv\/blog\/wp-content\/uploads\/2023\/02\/GettyImages-1146005452_kl-768x393.jpg 768w\" sizes=\"(max-width: 880px) 100vw, 880px\" \/><\/a><figcaption id=\"caption-attachment-22858\" class=\"wp-caption-text\">Echternach l\u00e4dt mit seinen gem\u00fctlichen Terrassen im Herzen der Stadt zum Verweilen ein<\/figcaption><\/figure>\n<p>Zum Ausruhen locken nicht nur die gem\u00fctlichen Brasserien und Caf\u00e9s \u2013 der Stadtpark und der <strong>Echternacher See<\/strong> vor den Toren der Stadt sind ebenso perfekt, um die gewonnenen Eindr\u00fccke Revue passieren zu lassen. Auf dem See k\u00f6nnt ihr es jedoch auch aktiver angehen. Leiht euch ein Paddel-, Tret- oder Segelboot oder erkundet die Natur auf einem der Wanderwege in der Umgebung und schlendert zu den \u00dcberresten einer der gr\u00f6\u00dften <strong>r\u00f6mischen Villen<\/strong> n\u00f6rdlich der Alpen. Das Beste daran: All das erwartet euch nur rund eine halbe Autostunde von Trier entfernt!<\/p>\n[otw_shortcode_info_box border_type=&#8220;bordered&#8220; border_color_class=&#8220;otw-orange-border&#8220; border_style=&#8220;bordered&#8220;]<strong>Tipp:<\/strong> Am Dienstag nach Pfingsten werdet ihr in Echternach Zeuge eines von der UNESCO als immaterielles Kulturerbe der Menschheit anerkannten Spektakels. W\u00e4hrend der Springprozession ziehen mehr als 10.000 Pilger durch die Stadt bis zum Grab des Heiligen Willibrord in der Krypta der Basilika. Dabei bewegen sie sich gem\u00e4\u00df einer jahrhundertealten Tradition h\u00fcpfend zu Polka-Melodien vorw\u00e4rts. Absolut sehenswert![\/otw_shortcode_info_box]\n<h3><a name=\"schweiz\"><\/a>4. Kleine Luxemburger Schweiz \/ Mullerthal: Ausflugsziel im Gr\u00fcnen<\/h3>\n<p>Steht euch nach dem Sightseeing der Sinn nach einer Auszeit im Gr\u00fcnen, ist der Weg von Echternach nicht weit. Denn das St\u00e4dtchen liegt im Herzen der Kleinen Luxemburger Schweiz, die \u2013 der Name l\u00e4sst es erahnen \u2013vor Sehensw\u00fcrdigkeiten in der Natur nur so strotzt. Rauschende B\u00e4che, dichte W\u00e4lder, imposante <strong>Sandsteinfelsen<\/strong> mit tiefen Schluchten, kurvenreiche Serpentinen, wundersch\u00f6ne D\u00f6rfer und eine unglaublich <strong>vielf\u00e4ltige Pflanzenwelt<\/strong> sind wohl Grund genug, das Mullerthal oder M\u00fcllerthal, so der offizielle Name der Region, auf unsere Liste der sch\u00f6nsten Luxemburg Sehensw\u00fcrdigkeiten aufzunehmen.<\/p>\n<figure id=\"attachment_22857\" aria-describedby=\"caption-attachment-22857\" style=\"width: 880px\" class=\"wp-caption alignnone\"><a href=\"https:\/\/www.sonnenklar.tv\/blog\/wp-content\/uploads\/2023\/02\/GettyImages-1167211666_kl.jpg\"><img loading=\"lazy\" decoding=\"async\" class=\"wp-image-22857 size-full\" src=\"https:\/\/www.sonnenklar.tv\/blog\/wp-content\/uploads\/2023\/02\/GettyImages-1167211666_kl.jpg\" alt=\"Schiessent\u00fcmpel Wasserfall mit Br\u00fccke im Mullerthal in Luxemburg\" width=\"880\" height=\"450\" srcset=\"https:\/\/www.sonnenklar.tv\/blog\/wp-content\/uploads\/2023\/02\/GettyImages-1167211666_kl.jpg 880w, https:\/\/www.sonnenklar.tv\/blog\/wp-content\/uploads\/2023\/02\/GettyImages-1167211666_kl-300x153.jpg 300w, https:\/\/www.sonnenklar.tv\/blog\/wp-content\/uploads\/2023\/02\/GettyImages-1167211666_kl-768x393.jpg 768w\" sizes=\"(max-width: 880px) 100vw, 880px\" \/><\/a><figcaption id=\"caption-attachment-22857\" class=\"wp-caption-text\">Magischer Schiessent\u00fcmpel Wasserfall im Mullerthal<\/figcaption><\/figure>\n<p>Hervorragend k\u00f6nnt ihr den im Jahr 2022 mit dem UNESCO Global Geopark-Label ausgezeichneten <strong>Natur- &amp; Geopark M\u00ebllerdall<\/strong> auf den vielen preisgekr\u00f6nten Wanderwegen erkunden. Besonders sch\u00f6n ist der 112 Kilometer lange <strong>Mullerthal Trail<\/strong>, der mit seinen vielen Auf und Abs zwar recht anspruchsvoll ist, doch entlang der abwechslungsreichen Routen findet ihr immer wieder idyllische Pl\u00e4tzchen f\u00fcr eine kleine Rast. Bestes Beispiel: Der <strong>Schiessent\u00fcmpel<\/strong>. Beim Anblick des Wasserfalls, dessen drei Str\u00f6me \u00fcber eine Felskante in das darunterliegende Felsbassin rauschen und der rustikalen <strong>Sandsteinbr\u00fccke<\/strong>, die sich seit dem Jahr 1879 zum Symbol der gesamten Region entwickelt hat, kommt ihr im Nu wieder zu Kr\u00e4ften. Oder ihr st\u00e4rkt euch bei einer Besichtigung auf dem Hof von Ramborn Cider &amp; Co. mit dem aus \u00fcber 100 Apfelsorten von lokalen Streuobstwiesen gepressten Cider.<\/p>\n[otw_shortcode_info_box border_type=&#8220;bordered&#8220; border_color_class=&#8220;otw-orange-border&#8220; border_style=&#8220;bordered&#8220;]<strong>Lesetipp:<\/strong> Ihr m\u00f6chtet jetzt sofort die Wanderschuhe schn\u00fcren? Auch auf <a href=\"https:\/\/www.sonnenklar.tv\/blog\/wandern-in-deutschland\/\" target=\"_blank\" rel=\"noopener\">Deutschlands sch\u00f6nsten Wanderwegen<\/a> geht es \u00fcber Stock und Stein.[\/otw_shortcode_info_box]\n<h3><a name=\"ardennen\"><\/a>5. Ardennen: Geschichtstr\u00e4chtiges Naturparadies<\/h3>\n<p>Weite Nadelw\u00e4lder auf sanften H\u00fcgeln, gr\u00fcne T\u00e4ler, die von Fl\u00fcssen durchzogen werden und dazwischen majest\u00e4tische Schl\u00f6sser und Burgen: Die Ardennen \u2013 von den Luxemburgern <strong>\u00c9islek<\/strong> genannt \u2013 im Norden Luxemburgs sind zweifelsohne ein Paradies f\u00fcr Naturliebhaber. Zahlreiche <strong>Wanderwege f\u00fcr jedes Niveau<\/strong> f\u00fchren euch durch die unber\u00fchrten Landschaften, in denen immer wieder Gedenkst\u00e4tten, Denkm\u00e4ler und Museen an die Ardennenschlacht im Zweiten Weltkrieg erinnern. Die zwei <strong>Naturparks Our und Obersauer<\/strong> sind an nat\u00fcrlicher Sch\u00f6nheit kaum zu \u00fcberbieten. Ob beim Wandern, Radfahren oder im Winter beim Langlauf: Die M\u00f6glichkeiten, an der frischen Luft in Bewegung zu kommen, sind endlos.<\/p>\n<figure id=\"attachment_22859\" aria-describedby=\"caption-attachment-22859\" style=\"width: 880px\" class=\"wp-caption alignnone\"><a href=\"https:\/\/www.sonnenklar.tv\/blog\/wp-content\/uploads\/2023\/02\/GettyImages-1353976087_kl.jpg\"><img loading=\"lazy\" decoding=\"async\" class=\"wp-image-22859 size-full\" src=\"https:\/\/www.sonnenklar.tv\/blog\/wp-content\/uploads\/2023\/02\/GettyImages-1353976087_kl.jpg\" alt=\"Zwei Menschen wandern in den Ardennen in Luxemburg\" width=\"880\" height=\"450\" srcset=\"https:\/\/www.sonnenklar.tv\/blog\/wp-content\/uploads\/2023\/02\/GettyImages-1353976087_kl.jpg 880w, https:\/\/www.sonnenklar.tv\/blog\/wp-content\/uploads\/2023\/02\/GettyImages-1353976087_kl-300x153.jpg 300w, https:\/\/www.sonnenklar.tv\/blog\/wp-content\/uploads\/2023\/02\/GettyImages-1353976087_kl-768x393.jpg 768w\" sizes=\"(max-width: 880px) 100vw, 880px\" \/><\/a><figcaption id=\"caption-attachment-22859\" class=\"wp-caption-text\">Die Ardennen sind ein Paradies f\u00fcr Naturliebhaber<\/figcaption><\/figure>\n<p>W\u00e4hrend der Badsaison k\u00f6nnt ihr euch am <strong>Obersauer-Stausee<\/strong> ins nasse Vergn\u00fcgen st\u00fcrzen und auf dem Fluss Sauer bei Diekrich zwischen abenteuerlichen, aber nicht zu wilden Stromschnellen eine gem\u00fctliche <strong>Paddeltour<\/strong> unternehmen, w\u00e4hrend sich am Flussufer die \u00fcppige Pflanzenwelt ausbreitet. Geschichtsinteressierte und Romantiker kommen auf den bildsch\u00f6nen Schl\u00f6ssern auf ihre Kosten. Neben dem bereits vorgestellten Schloss Vianden sind auch das <strong>Schloss Clervaux<\/strong> und Luxemburgs gr\u00f6\u00dfte Burg, das <strong>Schloss Bourscheid<\/strong>, \u00e4u\u00dferst beeindruckend. 150 Meter \u00fcber dem Fluss Sauer erheben sich dessen charakteristische Rundt\u00fcrme, von denen ihr einen fantastischen Blick auf das Tal rundum habt. Vollkommen magisch wird es am Abend, wenn die Burg stimmungsvoll beleuchtet wird.<br \/>\n\n<table id=\"tablepress-460\" class=\"tablepress tablepress-id-460\">\n<thead>\n<tr class=\"row-1\">\n\t<th class=\"column-1\">Schloss Bourscheid<\/th><td class=\"column-2\"><\/td>\n<\/tr>\n<\/thead>\n<tbody class=\"row-striping row-hover\">\n<tr class=\"row-2\">\n\t<td class=\"column-1\"><strong>\u00d6ffnungszeiten:<\/strong><\/td><td class=\"column-2\">01.10. \u2013 15.10.: ca. 09.30 \u2013 18.00 Uhr<br \/>\n16.10. \u2013 13.03.: ca. 11.00 bis 16.00 Uhr<br \/>\nLetzter Eintritt jeweils ca. 30 Minuten vorher.<\/td>\n<\/tr>\n<tr class=\"row-3\">\n\t<td class=\"column-1\"><strong>Eintrittspreise:<\/strong><\/td><td class=\"column-2\">Erwachsene: ca. 7,00 Euro<br \/>\n<br \/>\nSenioren ab 65 Jahren: ca. 5,00 Euro<br \/>\n<br \/>\nKinder (6 \u2013 12 Jahre): ca. 4,00 Euro<br \/>\n<br \/>\nAudioguide f\u00fcrs Smartphone oder Tablet f\u00fcr Kinder und Erwachsene f\u00fcr ca. 2,00 Euro erh\u00e4ltlich.<\/td>\n<\/tr>\n<\/tbody>\n<\/table>\n<!-- #tablepress-460 from cache -->\n[otw_shortcode_info_box border_type=&#8220;bordered&#8220; border_color_class=&#8220;otw-orange-border&#8220; border_style=&#8220;bordered&#8220;]<strong>Hoteltipp:<\/strong> Im Herzen des Naturparks Our verzaubert das <a href=\"https:\/\/www.sonnenklar.tv\/beschreibung\/Luxemburg\/Luxemburg\/Clervaux\/Chateau_DUrspelt.html\" target=\"_blank\" rel=\"noopener\">Chateau d&#8217;Urspelt<\/a> in einem mit viel Liebe zum Detail restaurierten majest\u00e4tischen Schloss. Hier k\u00f6nnt ihr im bildsch\u00f6nen Garten und im Pool im malerischen Innenhof die Seele baumeln lassen.[\/otw_shortcode_info_box]\n<h3><a name=\"redrock\"><\/a>6. Red Rock Region: Reise in die industrielle Vergangenheit<\/h3>\n<p>Ru\u00df, Kohle, Hitze, Schwei\u00df und Stahl: Diese Mischung bestimmte einst die Red Rock Region, wie der durch das <strong>leuchtend rote Eisenerz<\/strong> gepr\u00e4gte S\u00fcden Luxemburgs genannt wird. Dabei verhalf das Minett (luxemburgisch f\u00fcr \u201eEisenerz\u201c) dem <strong>\u201eLand der roten Erde\u201c<\/strong> nicht nur zu seiner optischen Pracht, sondern auch zu wirtschaftlichem Erfolg. Ab Mitte des 19. Jahrhunderts wurde der dort hergestellte Stahl in die ganze Welt exportiert und auch heute noch ist er in den bedeutendsten Bauwerken, wie dem One World Trade Center in New York und den gr\u00f6\u00dften Wolkenkratzern Dubais zu finden.<\/p>\n<figure id=\"attachment_22865\" aria-describedby=\"caption-attachment-22865\" style=\"width: 880px\" class=\"wp-caption alignnone\"><a href=\"https:\/\/www.sonnenklar.tv\/blog\/wp-content\/uploads\/2023\/02\/GettyImages-1439272882_kl.jpg\"><img loading=\"lazy\" decoding=\"async\" class=\"wp-image-22865 size-full\" src=\"https:\/\/www.sonnenklar.tv\/blog\/wp-content\/uploads\/2023\/02\/GettyImages-1439272882_kl.jpg\" alt=\"Minen Komplex Red Rock Region in Luxemburg\" width=\"880\" height=\"450\" srcset=\"https:\/\/www.sonnenklar.tv\/blog\/wp-content\/uploads\/2023\/02\/GettyImages-1439272882_kl.jpg 880w, https:\/\/www.sonnenklar.tv\/blog\/wp-content\/uploads\/2023\/02\/GettyImages-1439272882_kl-300x153.jpg 300w, https:\/\/www.sonnenklar.tv\/blog\/wp-content\/uploads\/2023\/02\/GettyImages-1439272882_kl-768x393.jpg 768w\" sizes=\"(max-width: 880px) 100vw, 880px\" \/><\/a><figcaption id=\"caption-attachment-22865\" class=\"wp-caption-text\">Die Red Rock Region ist von der industriellen Vergangenheit gepr\u00e4gt<\/figcaption><\/figure>\n<p>Ihr wollt mehr \u00fcber den luxemburgischen Stahl erfahren? Auf der 35 Kilometer langen und 5 Standorte umfassenden <strong>Minett-Tour<\/strong> k\u00f6nnt ihr euch auf eine fesselnde Reise in die industrielle Vergangenheit Luxemburgs begeben. Die <strong>Dampflokomotive<\/strong> \u201eTrain 1900\u201c bringt euch mitten durch die roten Landschaften stilecht ins ehemalige Bergbaugebiet <strong>Fond-de Gras<\/strong>, von dort aus k\u00f6nnt ihr mit der <strong>Grubenbahn Mini\u00e8resbunn<\/strong> durch geheimnisvolle Stollen bis ins verwunschene \u00d6rtchen Lasauvage rumpeln. Im Stadtteil <strong>Belval<\/strong> der Stadt Esch-sur Alzette, der einst das Zentrum der Stahlindustrie darstellte, befindet sich eine der spannendsten Sehensw\u00fcrdigkeiten Luxemburgs: Der <strong>\u201eHochofen A\u201c,<\/strong> den ihr besichtigen und bis zu einer Plattform besteigen k\u00f6nnt: Von hier aus seht ihr aus der Vogelperspektive, wie die Relikte der Industriekultur geschickt in moderne Konzepte integriert wurden.<\/p>\n[otw_shortcode_info_box border_type=&#8220;bordered&#8220; border_color_class=&#8220;otw-orange-border&#8220; border_style=&#8220;bordered&#8220;]<strong>Lesetipp:<\/strong> Nachdem ihr angeschaut habt, wo der luxemburgische Stahl seinen Ursprung hat, m\u00f6chtet ihr auch sehen, wo er eingesetzt wird? In einigen der tollsten <a href=\"https:\/\/www.sonnenklar.tv\/blog\/dubai-sehenswuerdigkeiten\/\" target=\"_blank\" rel=\"noopener\">Sehensw\u00fcrdigkeiten Dubais<\/a> zum Beispiel![\/otw_shortcode_info_box]\n\n<table id=\"tablepress-461\" class=\"tablepress tablepress-id-461\">\n<thead>\n<tr class=\"row-1\">\n\t<th class=\"column-1\">Hochofen A Belval<\/th><td class=\"column-2\"><\/td>\n<\/tr>\n<\/thead>\n<tbody class=\"row-striping row-hover\">\n<tr class=\"row-2\">\n\t<td class=\"column-1\"><strong>\u00d6ffnungszeiten:<\/strong><\/td><td class=\"column-2\">Montag + Mittwoch \u2013 Freitag: ca. 10.00 bis 19.00 Uhr<br \/>\nSamstag: ca. 10.00 \u2013 18.00 Uhr<br \/>\nSonntag: ca. 14.00 \u2013 18.00 Uhr<br \/>\nDienstag geschlossen<\/td>\n<\/tr>\n<tr class=\"row-3\">\n\t<td class=\"column-1\"><strong>Eintrittspreise:<\/strong><\/td><td class=\"column-2\">Erwachsene (21 \u2013 65 Jahre): ca. 5,00 Euro<br \/>\n<br \/>\nSenioren ab 65 Jahren: ca. 3,00 Euro<\/td>\n<\/tr>\n<\/tbody>\n<\/table>\n<!-- #tablepress-461 from cache -->\n[otw_shortcode_info_box border_type=&#8220;bordered&#8220; border_color_class=&#8220;otw-orange-border&#8220; border_style=&#8220;bordered&#8220;]<strong>Tipp:<\/strong> Mit der Luxembourg-Card erhaltet ihr f\u00fcr einen Preis ab ca. 13 Euro f\u00fcr ein, zwei oder drei Tage bei zahlreichen Sehensw\u00fcrdigkeiten im ganzen Land kostenlosen oder verg\u00fcnstigten Eintritt.[\/otw_shortcode_info_box]\n<h2>H\u00e4ufig gestellte Fragen zu Luxemburgs Sehensw\u00fcrdigkeiten<\/h2>\n<p>Diese F\u00fclle an Attraktionen h\u00e4ttet ihr in Luxemburg gar nicht erwartet? Um euch die Planung eures Trips in unser Nachbarland zu vereinfachen, beantworten wir euch die wichtigsten Fragen.<\/p>\n<h3><a name=\"machen\"><\/a>Was muss man in Luxemburg gemacht haben?<\/h3>\n<p>Luxemburg hat so viel zu bieten, dass es gar nicht so leicht ist, die Highlights herauszupicken. Der Gro\u00dfteil der klassischen Sehensw\u00fcrdigkeiten befindet sich in <strong>Luxemburg Stadt<\/strong>, was die Hauptstadt zur perfekten Anlaufstelle f\u00fcr Sightseeing-Touren macht. Besonders hervorzuheben ist hier die <strong>Altstadt<\/strong> mit ihren Kopfsteinpflastergassen und den ber\u00fchmten Kasematten. Auch ein Spaziergang durch den malerischen Stadtteil Grund ist ein Erlebnis voll mittelalterlichem Flair. Geschichtsinteressierte kommen vor den <strong>Schl\u00f6ssern<\/strong> des Landes, die sich zum Beispiel in den <strong>Ardennen<\/strong> zwischen waldigen Berglandschaften erheben, ins Schw\u00e4rmen. Wer gerne wandernd die Natur erkundet, ist in der <strong>Kleinen<\/strong> <strong>Luxemburger Schweiz<\/strong> genau richtig und Liebhaber des edlen Genusses finden bei Weinverkostungen im <strong>Moseltal<\/strong> ihr Eldorado.<\/p>\n<figure id=\"attachment_22860\" aria-describedby=\"caption-attachment-22860\" style=\"width: 880px\" class=\"wp-caption alignnone\"><a href=\"https:\/\/www.sonnenklar.tv\/blog\/wp-content\/uploads\/2023\/02\/GettyImages-1281492826_kl.jpg\"><img loading=\"lazy\" decoding=\"async\" class=\"wp-image-22860 size-full\" src=\"https:\/\/www.sonnenklar.tv\/blog\/wp-content\/uploads\/2023\/02\/GettyImages-1281492826_kl.jpg\" alt=\"Blick auf die Mosel vor gr\u00fcnen Weinbergen und H\u00e4usern in Luxemburg\" width=\"880\" height=\"450\" srcset=\"https:\/\/www.sonnenklar.tv\/blog\/wp-content\/uploads\/2023\/02\/GettyImages-1281492826_kl.jpg 880w, https:\/\/www.sonnenklar.tv\/blog\/wp-content\/uploads\/2023\/02\/GettyImages-1281492826_kl-300x153.jpg 300w, https:\/\/www.sonnenklar.tv\/blog\/wp-content\/uploads\/2023\/02\/GettyImages-1281492826_kl-768x393.jpg 768w\" sizes=\"(max-width: 880px) 100vw, 880px\" \/><\/a><figcaption id=\"caption-attachment-22860\" class=\"wp-caption-text\">Malerische Weinberge an der Mosel<\/figcaption><\/figure>\n<p><strong>Die besten Ziele in Luxemburg:<\/strong><\/p>\n<ul>\n<li>Geschichte: Ardennen und die Red Rock Region<\/li>\n<li>Natur: Kleine Luxemburger Schweiz<\/li>\n<li>Sightseeing: Luxemburg Stadt<\/li>\n<li>Genuss: Moseltal<\/li>\n<\/ul>\n<p>Dank der geringen Gr\u00f6\u00dfe des Landes ist es zum Gl\u00fcck ziemlich unkompliziert, das Gro\u00dfherzogtum in all seinen Facetten zu erleben.<\/p>\n[otw_shortcode_info_box border_type=&#8220;bordered&#8220; border_color_class=&#8220;otw-orange-border&#8220; border_style=&#8220;bordered&#8220;]<strong>Tipp:<\/strong> Insbesondere zum Nationalfeiertag am 23. Juni lohnt sich eine Reise nach Luxemburg. Bereits am Vortag um 16 Uhr beginnen die Feierlichkeiten mit der Wachabl\u00f6sung vor dem Gro\u00dfherzoglichen Palast, danach sorgen zahlreiche Veranstaltungen, wie der ber\u00fchmte Fackelzug bei Blasmusik, das Feuerwerk, der Festakt in der Philharmonie und das Spillfest (Spielfest) zwei Tage lang f\u00fcr Stimmung.[\/otw_shortcode_info_box]\n<h3><a name=\"tage\"><\/a>Wie viele Tage f\u00fcr Luxemburg?<\/h3>\n<p>Da Luxemburg von den meisten deutschen St\u00e4dten aus sowohl mit dem Auto als auch mit dem Fernbus, der Bahn und sogar dem Flugzeug schnell zu erreichen ist, lohnt sich schon ein kurzer Ausflug. Von Rheinland-Pfalz aus k\u00f6nnt ihr sogar mit dem Fahrrad bequem die Grenze \u00fcberqueren und St\u00e4dten wie Echternach oder Vianden einen Besuch abstatten. M\u00f6chtet ihr jedoch mehr von Luxemburg sehen, k\u00f6nnt ihr die wichtigsten Sehensw\u00fcrdigkeiten innerhalb von <strong>rund zwei Tagen<\/strong> abfahren, wenn ihr schnell unterwegs seid. Wollt ihr es gelassener angehen und auch verborgenere Ecken entdecken oder die <strong>Wander- und Radstrecken<\/strong> ausnutzen, solltet ihr noch <strong>ein paar Tage mehr<\/strong> einplanen.<\/p>\n[otw_shortcode_info_box border_type=&#8220;bordered&#8220; border_color_class=&#8220;otw-orange-border&#8220; border_style=&#8220;bordered&#8220;]<strong>Tipp:<\/strong> Auch, wenn ihr nicht mit dem eigenen Auto oder dem Mietwagen unterwegs seid, kommt ihr in Luxemburg bestens und vor allem g\u00fcnstig voran: Seit 2020 sind alle \u00f6ffentlichen Verkehrsmittel im gesamten Land kostenfrei.[\/otw_shortcode_info_box]\n<figure id=\"attachment_22866\" aria-describedby=\"caption-attachment-22866\" style=\"width: 880px\" class=\"wp-caption alignnone\"><a href=\"https:\/\/www.sonnenklar.tv\/blog\/wp-content\/uploads\/2023\/02\/GettyImages-601403826_kl.jpg\"><img loading=\"lazy\" decoding=\"async\" class=\"wp-image-22866 size-full\" src=\"https:\/\/www.sonnenklar.tv\/blog\/wp-content\/uploads\/2023\/02\/GettyImages-601403826_kl.jpg\" alt=\"Fahrr\u00e4der zum Leihen in Luxemburg\" width=\"880\" height=\"450\" srcset=\"https:\/\/www.sonnenklar.tv\/blog\/wp-content\/uploads\/2023\/02\/GettyImages-601403826_kl.jpg 880w, https:\/\/www.sonnenklar.tv\/blog\/wp-content\/uploads\/2023\/02\/GettyImages-601403826_kl-300x153.jpg 300w, https:\/\/www.sonnenklar.tv\/blog\/wp-content\/uploads\/2023\/02\/GettyImages-601403826_kl-768x393.jpg 768w\" sizes=\"(max-width: 880px) 100vw, 880px\" \/><\/a><figcaption id=\"caption-attachment-22866\" class=\"wp-caption-text\">Luxemburg k\u00f6nnt ihr hervorragend mit dem Fahrrad erkunden<\/figcaption><\/figure>\n<h3><a name=\"shoppen\"><\/a>Kann man in Luxemburg gut shoppen?<\/h3>\n<p>Das Praktischste vorweg: Um in Luxemburg einzukaufen, braucht ihr kein Geld zu wechseln, denn hier wird mit dem <strong>Euro<\/strong> gezahlt. Und an M\u00f6glichkeiten dazu mangelt es nicht. Die meisten Einkaufsm\u00f6glichkeiten findet ihr in <strong>Luxemburg Stadt<\/strong>. In internationalen und lokalen Gesch\u00e4ften in den belebten <strong>Fu\u00dfg\u00e4ngerzonen<\/strong> rund um den Gro\u00dfherzoglichen Palast bis hin zu den Luxusboutiquen in der <strong>Rue Philippe II<\/strong> k\u00f6nnt ihr nach Lust und Laune st\u00f6bern. Feinschmecker decken sich auf w\u00f6chentlich und monatlich stattfinden <strong>M\u00e4rkten<\/strong> mit regionalen Spezialit\u00e4ten von kleinen lokalen Produzenten ein und in den <strong>Einkaufszentren<\/strong> in der Umgebung geht das Einkaufsvergn\u00fcgen weiter.<\/p>\n<figure id=\"attachment_22861\" aria-describedby=\"caption-attachment-22861\" style=\"width: 880px\" class=\"wp-caption alignnone\"><a href=\"https:\/\/www.sonnenklar.tv\/blog\/wp-content\/uploads\/2023\/02\/GettyImages-873698552.jpg_2806770_master.jpg\"><img loading=\"lazy\" decoding=\"async\" class=\"wp-image-22861 size-full\" src=\"https:\/\/www.sonnenklar.tv\/blog\/wp-content\/uploads\/2023\/02\/GettyImages-873698552.jpg_2806770_master.jpg\" alt=\"Zwei Frauen beim Shopping in Luxemburg\" width=\"880\" height=\"450\" srcset=\"https:\/\/www.sonnenklar.tv\/blog\/wp-content\/uploads\/2023\/02\/GettyImages-873698552.jpg_2806770_master.jpg 880w, https:\/\/www.sonnenklar.tv\/blog\/wp-content\/uploads\/2023\/02\/GettyImages-873698552.jpg_2806770_master-300x153.jpg 300w, https:\/\/www.sonnenklar.tv\/blog\/wp-content\/uploads\/2023\/02\/GettyImages-873698552.jpg_2806770_master-768x393.jpg 768w\" sizes=\"(max-width: 880px) 100vw, 880px\" \/><\/a><figcaption id=\"caption-attachment-22861\" class=\"wp-caption-text\">Das ein oder andere Schn\u00e4ppchen kann man in Luxemburg auf jeden Fall machen<\/figcaption><\/figure>\n<p>Schn\u00e4ppchen k\u00f6nnt ihr aufgrund des niedrigeren Mehrwertsteuersatzes vor allem bei Spirituosen und Tabakwaren machen, beachtet hierbei jedoch die Einfuhrbedingungen. Kaffeeliebhaber freuen sich neben der g\u00fcnstigeren Preise ebenso \u00fcber belgische Sorten, die hierzulande nicht erh\u00e4ltlich sind. Apropos: Auch <strong>franz\u00f6sische Spezialit\u00e4ten<\/strong>, die ihr in Deutschland nicht bekommt, findet ihr hier. Die k\u00f6nnt ihr sogar t\u00e4glich in den Einkaufskorb legen, denn viele Lebensmittelgesch\u00e4fte haben sonntags ge\u00f6ffnet \u2013 perfekt also f\u00fcr euren Wochenendtrip!<\/p>\n[otw_shortcode_info_box border_type=&#8220;bordered&#8220; border_color_class=&#8220;otw-orange-border&#8220; border_style=&#8220;bordered&#8220;]<strong>Lesetipp:<\/strong> Ihr shoppt gerne in anderen L\u00e4ndern? Auch ein Ausflug zum <a href=\"https:\/\/www.sonnenklar.tv\/blog\/einkaufen-in-holland\/\" target=\"_blank\" rel=\"noopener\">Einkaufen in Holland<\/a> lohnt sich.[\/otw_shortcode_info_box]\n<h3><a name=\"essen\"><\/a>Was isst man in Luxemburg?<\/h3>\n<p>Dass Luxemburg ein vorz\u00fcgliches Pflaster f\u00fcr ausgezeichnete Kulinarik ist, beweist bereits die Tatsache, dass sich das Gro\u00dfherzogtum im europ\u00e4ischen Vergleich mit den meisten Michelin-Sternen pro Kopf schm\u00fccken kann. Dabei reicht die kulinarische Bandbreite von <strong>gut b\u00fcrgerlichem Essen<\/strong> in traditionellen Brasserien bis hin zu <strong>modernen Neu-Interpretationen<\/strong> der landestypischen K\u00fcche. Beeinflusst wird das k\u00f6stliche Angebot durch die umliegenden Regionen, insgesamt l\u00e4sst es sich jedoch vor allem als deftig zusammenfassen. Beliebt sind folgende Gerichte:<\/p>\n<ul>\n<li>Juud mat Gaardebounen: Ger\u00e4ucherter Schweinehals mit dicken wei\u00dfen Bohnen<\/li>\n<li>Bohnensuppe mit Speck und Kartoffeln<\/li>\n<li>Kniddelen: Kl\u00f6\u00dfe aus Mehl, Wasser, Eiern und Salz, die meist in Speck angebraten und mit Sahneso\u00dfe oder Apfelmus serviert werden<\/li>\n<li>Quetschentaart: Zwetschgentorte zum Dessert<\/li>\n<\/ul>\n<figure id=\"attachment_22862\" aria-describedby=\"caption-attachment-22862\" style=\"width: 880px\" class=\"wp-caption alignnone\"><a href=\"https:\/\/www.sonnenklar.tv\/blog\/wp-content\/uploads\/2023\/02\/GettyImages-1362339917_kl.jpg\"><img loading=\"lazy\" decoding=\"async\" class=\"wp-image-22862 size-full\" src=\"https:\/\/www.sonnenklar.tv\/blog\/wp-content\/uploads\/2023\/02\/GettyImages-1362339917_kl.jpg\" alt=\"Teller mit Schweinenacken und Saubohnen\" width=\"880\" height=\"450\" srcset=\"https:\/\/www.sonnenklar.tv\/blog\/wp-content\/uploads\/2023\/02\/GettyImages-1362339917_kl.jpg 880w, https:\/\/www.sonnenklar.tv\/blog\/wp-content\/uploads\/2023\/02\/GettyImages-1362339917_kl-300x153.jpg 300w, https:\/\/www.sonnenklar.tv\/blog\/wp-content\/uploads\/2023\/02\/GettyImages-1362339917_kl-768x393.jpg 768w\" sizes=\"(max-width: 880px) 100vw, 880px\" \/><\/a><figcaption id=\"caption-attachment-22862\" class=\"wp-caption-text\">Judd mat gaardebounen, Schweinenacken mit Saubohnen<\/figcaption><\/figure>\n<p>Regionale Spezialit\u00e4ten sind zum Beispiel der <strong>Ardennenschinken<\/strong> oder eine <strong>Rieslingpastete<\/strong>, die aus in M\u00fcrbeteig eingebackenem und mit einem Gelee aus Rieslingwein gef\u00fcllten, mariniertem Fleisch besteht. Riesling kommt dabei auch als Begleitung zum Einsatz, denn insbesondere das Moseltal ist f\u00fcr seine vorz\u00fcglichen <strong>Weine<\/strong> bekannt und auf eure Reise sto\u00dft ihr am besten mit einem Luxemburger Cr\u00e9mant, der zu den besten Schaumweinen Europas z\u00e4hlt, an.<\/p>\n<h2>Fazit zu Luxemburgs Sehensw\u00fcrdigkeiten<\/h2>\n<p>Kurze Wege und unglaublich viele Eindr\u00fccke: Luxemburg ist der ideale Ort f\u00fcr eine Kurzreise voller unvergesslicher Erlebnisse. Hier k\u00f6nnt ihr kulturelle Besichtigungen ohne Weiteres mit Aktivit\u00e4ten in der Natur verbinden. Das Gro\u00dfherzogtum erfindet sich immer wieder neu, ohne dabei jedoch seine historischen Wurzeln, die dem Land seinen unwiderstehlichen traditionellen Charme geben, aus den Augen zu verlieren. Eben getreu dem Motto \u201eMir welle bleiwe, wat mir sin\u201c \u2013 na, das wollen wir doch hoffen!<\/p>\n[otw_shortcode_info_box border_type=&#8220;bordered&#8220; border_color_class=&#8220;otw-orange-border&#8220; border_style=&#8220;bordered&#8220;]Ob mitten in der Altstadt von Luxemburg Stadt oder in sch\u00f6nster Natur: Unter unseren Angeboten findet ihr genau den richtigen R\u00fcckzugsort f\u00fcr euren <a href=\"https:\/\/www.sonnenklar.tv\/promo\/urlaub-luxemburg.html\" target=\"_blank\" rel=\"noopener\">Urlaub in Luxemburg<\/a>.[\/otw_shortcode_info_box]\n","protected":false},"excerpt":{"rendered":"<p>Kleines Land mit ganz viel Charme: So l\u00e4sst sich das Gro\u00dfherzogtum Luxemburg wohl am besten beschreiben. Unser Nachbarland im Herzen Europas z\u00e4hlt zu den kleinsten L\u00e4ndern dieser Erde und \u00fcberrascht doch auf lediglich knapp 2.600 Quadratkilometern mit solch einer F\u00fclle an Sehensw\u00fcrdigkeiten, Kultur und Natur, dass man es kaum glauben mag. Zwischen malerischen Burgen, romantischen<\/p>\n","protected":false},"author":3,"featured_media":22855,"comment_status":"closed","ping_status":"open","sticky":false,"template":"","format":"standard","meta":{"footnotes":""},"categories":[465],"tags":[485,573,484],"class_list":{"0":"post-22830","1":"post","2":"type-post","3":"status-publish","4":"format-standard","5":"has-post-thumbnail","7":"category-weitere-laender","8":"tag-kultururlaub","9":"tag-luxemburg","10":"tag-sehenswuerdigkeiten"},"_links":{"self":[{"href":"https:\/\/www.sonnenklar.tv\/blog\/wp-json\/wp\/v2\/posts\/22830","targetHints":{"allow":["GET"]}}],"collection":[{"href":"https:\/\/www.sonnenklar.tv\/blog\/wp-json\/wp\/v2\/posts"}],"about":[{"href":"https:\/\/www.sonnenklar.tv\/blog\/wp-json\/wp\/v2\/types\/post"}],"author":[{"embeddable":true,"href":"https:\/\/www.sonnenklar.tv\/blog\/wp-json\/wp\/v2\/users\/3"}],"replies":[{"embeddable":true,"href":"https:\/\/www.sonnenklar.tv\/blog\/wp-json\/wp\/v2\/comments?post=22830"}],"version-history":[{"count":49,"href":"https:\/\/www.sonnenklar.tv\/blog\/wp-json\/wp\/v2\/posts\/22830\/revisions"}],"predecessor-version":[{"id":26647,"href":"https:\/\/www.sonnenklar.tv\/blog\/wp-json\/wp\/v2\/posts\/22830\/revisions\/26647"}],"wp:featuredmedia":[{"embeddable":true,"href":"https:\/\/www.sonnenklar.tv\/blog\/wp-json\/wp\/v2\/media\/22855"}],"wp:attachment":[{"href":"https:\/\/www.sonnenklar.tv\/blog\/wp-json\/wp\/v2\/media?parent=22830"}],"wp:term":[{"taxonomy":"category","embeddable":true,"href":"https:\/\/www.sonnenklar.tv\/blog\/wp-json\/wp\/v2\/categories?post=22830"},{"taxonomy":"post_tag","embeddable":true,"href":"https:\/\/www.sonnenklar.tv\/blog\/wp-json\/wp\/v2\/tags?post=22830"}],"curies":[{"name":"wp","href":"https:\/\/api.w.org\/{rel}","templated":true}]}}