{"id":22219,"date":"2023-01-21T09:00:00","date_gmt":"2023-01-21T08:00:00","guid":{"rendered":"https:\/\/www.sonnenklar.tv\/blog\/?p=22219"},"modified":"2026-03-25T15:18:08","modified_gmt":"2026-03-25T14:18:08","slug":"teneriffa-geheimtipps","status":"publish","type":"post","link":"https:\/\/www.sonnenklar.tv\/blog\/urlaubslaender\/spanien\/teneriffa-geheimtipps\/","title":{"rendered":"Teneriffa Geheimtipps: Eine Insel voller Facetten"},"content":{"rendered":"<p style=\"font-size: x-small; text-align: left;\">Werbung<\/p>\n<figure class=\"wp-block-image size-medium is-resized\"><a href=\"https:\/\/www.webtenerife.de\/\" target=\"_blank\" rel=\"nofollow noopener sponsored\"><img decoding=\"async\" class=\"wp-image-33566 alignleft\" src=\"https:\/\/www.sonnenklar.tv\/blog\/wp-content\/uploads\/2022\/12\/Logo-Tenerife-scaled.jpg\" alt=\"Logo Tenerife\" width=\"150\" height=\"46\" \/><\/a><\/figure>\n\n\n<p>&nbsp;<\/p>\n\n\n\n<p><\/p>\n\n\n\n<p><a href=\"https:\/\/www.sonnenklar.tv\/beschreibung\/Spanien\/Teneriffa\/Gu%C3%ADa_de_Isora\/The_Ritz-Carlton_Abama.html\" target=\"_blank\" rel=\"noopener\">Hotel Ritz Carlton Abama<\/a>: Idyllisch am Meer in Gu\u00eda de Isora gelegen befinden sich in dem Luxusresort gleich zwei Sternerestaurants: Das mit zwei Michelinsternen ausgezeichnete MB und das mit einem Michelinstern pr\u00e4mierte Kabuki verw\u00f6hnen euch mit kreativer spanischer und feinster japanischer K\u00fcche.<\/p>\n\n\n\n<p><a href=\"https:\/\/www.sonnenklar.tv\/beschreibung\/Spanien\/Teneriffa\/La_Caleta\/Hotel_Royal_Hideaway_Corales_Suites.html\" target=\"_blank\" rel=\"noopener\">Hotel Royal Hideaway Corales Suites<\/a>: Das in Form eines Schiffs errichtete Resort in La Caleta direkt am Strand gl\u00e4nzt ebenfalls mit zwei Restaurants mit Michelin-Auszeichnung. Das mit zwei Michelinsternen ausgezeichnete El Rinc\u00f3n de Juan Carlos verspricht mit experimenteller K\u00fcche und grandiosem Meerblick aus 40 Metern H\u00f6he ein Geschmackserlebnis der Extraklasse. Das San H\u00f4 verzaubert mit einem Michelinstern und nimmt euch mit auf eine kulinarische Reise durch Japan, Peru und die Kanarischen Inseln.<\/p>\n\n\n\n<p><span class=\"fontstyle0\"><a href=\"https:\/\/www.sonnenklar.tv\/beschreibung\/Spanien\/Teneriffa\/Costa_Adeje\/Gran_Hotel_Bahia_del_Duque_Resort_-_Bahia_del_Duque__Villas__Casas_Ducales.html\" target=\"_blank\" rel=\"noopener\">Hotel Bah\u00eda del Duque:<\/a> In dem im typisch kanarischen Stil gestalteten Hotel direkt an der Strandpromenade Playa del Duque in Costa Adeje vereinen sich in dem mit einem Michelinstern gew\u00fcrdigten Restaurant Nub auf raffinierte Weise die K\u00fcchen Lateinamerikas und Europas.<\/span><\/p>\n\n\n\n<p class=\"has-text-align-right\"><\/p>\n<!-- \/wp:post-content -->\n\n<!-- wp:paragraph {\"align\":\"right\",\"canvasClassName\":\"cnvs-block-core-paragraph-1774448023585\"} -->\n<p class=\"has-text-align-right\"><!-- \/wp:paragraph --><\/p>\n<!-- \/wp:paragraph -->\n\n<!-- wp:image {\"id\":22250,\"align\":\"none\",\"canvasClassName\":\"cnvs-block-core-image-1774448023588\"} -->\n<figure class=\"wp-block-image alignnone\"><a href=\"https:\/\/www.sonnenklar.tv\/blog\/wp-content\/uploads\/2022\/12\/Rest-MB-cochinillo-en-dos-cortes-con-membrillo-de-vino-tinto-y-manzanas-rellenas3.jpg\"><img fetchpriority=\"high\" decoding=\"async\" width=\"880\" height=\"450\" src=\"https:\/\/www.sonnenklar.tv\/blog\/wp-content\/uploads\/2022\/12\/Rest-MB-cochinillo-en-dos-cortes-con-membrillo-de-vino-tinto-y-manzanas-rellenas3.jpg\" alt=\"Teller mit kleinen Spezialit\u00e4ten im MB Restaurant auf Teneriffa\" class=\"wp-image-22250\" srcset=\"https:\/\/www.sonnenklar.tv\/blog\/wp-content\/uploads\/2022\/12\/Rest-MB-cochinillo-en-dos-cortes-con-membrillo-de-vino-tinto-y-manzanas-rellenas3.jpg 880w, https:\/\/www.sonnenklar.tv\/blog\/wp-content\/uploads\/2022\/12\/Rest-MB-cochinillo-en-dos-cortes-con-membrillo-de-vino-tinto-y-manzanas-rellenas3-300x153.jpg 300w, https:\/\/www.sonnenklar.tv\/blog\/wp-content\/uploads\/2022\/12\/Rest-MB-cochinillo-en-dos-cortes-con-membrillo-de-vino-tinto-y-manzanas-rellenas3-768x393.jpg 768w\" sizes=\"(max-width: 880px) 100vw, 880px\" \/><\/a><figcaption class=\"wp-element-caption\">Die Sternek\u00fcche Teneriffas ist ein Fest f\u00fcr Augen und Gaumen<\/figcaption><\/figure>\n<!-- \/wp:image -->\n\n<!-- wp:paragraph {\"align\":\"right\",\"canvasClassName\":\"cnvs-block-core-paragraph-1774448023590\"} -->\n<p class=\"has-text-align-right\"><!-- wp:heading --><\/p>\n<!-- \/wp:paragraph -->\n\n<!-- wp:heading {\"canvasClassName\":\"cnvs-block-core-heading-1774448023597\"} -->\n<h2 class=\"wp-block-heading\">3. Outdoor-Aktivit\u00e4ten von den Tiefen des Meeres bis in die L\u00fcfte<\/h2>\n<!-- \/wp:heading -->\n\n<!-- wp:paragraph {\"align\":\"right\",\"canvasClassName\":\"cnvs-block-core-paragraph-1774448023599\"} -->\n<p class=\"has-text-align-right\"><!-- \/wp:heading --><\/p>\n<!-- \/wp:paragraph -->\n\n<!-- wp:paragraph {\"canvasClassName\":\"cnvs-block-core-paragraph-1774448023602\"} -->\n<p><!-- wp:paragraph --><\/p>\n<!-- \/wp:paragraph -->\n\n<!-- wp:paragraph {\"canvasClassName\":\"cnvs-block-core-paragraph-1774448023606\"} -->\n<p>Teneriffa ist ein Paradies f\u00fcr alle Frischluftliebhaber \u2013 dank der milden Temperaturen das ganze Jahr \u00fcber! Von Wassersport \u00fcber Wandertouren bis hin zu Gleitschirmfl\u00fcgen wird in den wundersch\u00f6nen Landschaften jede Art der Bewegung zum reinen Vergn\u00fcgen.<\/p>\n<!-- \/wp:paragraph -->\n\n<!-- wp:paragraph {\"align\":\"right\",\"canvasClassName\":\"cnvs-block-core-paragraph-1774448023609\"} -->\n<p class=\"has-text-align-right\"><!-- \/wp:paragraph --><\/p>\n<!-- \/wp:paragraph -->\n\n<!-- wp:paragraph {\"canvasClassName\":\"cnvs-block-core-paragraph-1774448023612\"} -->\n<p><!-- wp:heading {\"level\":3} --><\/p>\n<!-- \/wp:paragraph -->\n\n<!-- wp:heading {\"level\":3,\"canvasClassName\":\"cnvs-block-core-heading-1774448023614\"} -->\n<h3 class=\"wp-block-heading\"><a name=\"wasser\"><\/a>Teneriffa zu Wasser erkunden<\/h3>\n<!-- \/wp:heading -->\n\n<!-- wp:paragraph {\"align\":\"right\",\"canvasClassName\":\"cnvs-block-core-paragraph-1774448023616\"} -->\n<p class=\"has-text-align-right\"><!-- \/wp:heading --><\/p>\n<!-- \/wp:paragraph -->\n\n<!-- wp:paragraph {\"canvasClassName\":\"cnvs-block-core-paragraph-1774448023619\"} -->\n<p><!-- wp:paragraph --><\/p>\n<!-- \/wp:paragraph -->\n\n<!-- wp:paragraph {\"canvasClassName\":\"cnvs-block-core-paragraph-1774448023621\"} -->\n<p>Erkundet im <strong>Kajak<\/strong> die K\u00fcstenlandschaften und gelangt so auch zu Ecken, die euch auf dem Landweg verborgen bleiben. Die steilen, bis zu 600 Meter aus dem Meer ragenden Klippen von <strong>Los Gigantes<\/strong> im Westen Teneriffas erlebt ihr so zum Beispiel aus dem besten Blickwinkel. Zum Surfen und Kiten hat sich insbesondere der <strong>Strand von El M\u00e9dano<\/strong> mit seinen fantastischen Windbedingungen einen Namen gemacht und auch unter Wasser erwartet euch eine solch faszinierende Welt, dass ihr beim <strong>Tauchen und Schnorcheln<\/strong> zwischen versunkenen Schiffen, vulkanischen H\u00f6hlen und bunten Fischen schnell mal die Zeit vergessen werdet.<\/p>\n<!-- \/wp:paragraph -->\n\n<!-- wp:image {\"id\":22248,\"align\":\"none\",\"canvasClassName\":\"cnvs-block-core-image-1774448023624\"} -->\n<figure class=\"wp-block-image alignnone\"><a href=\"https:\/\/www.sonnenklar.tv\/blog\/wp-content\/uploads\/2022\/12\/LOSGIGANTES4.jpg\"><img decoding=\"async\" width=\"880\" height=\"450\" src=\"https:\/\/www.sonnenklar.tv\/blog\/wp-content\/uploads\/2022\/12\/LOSGIGANTES4.jpg\" alt=\"Stand-Up Paddling vor Los Gigantes\" class=\"wp-image-22248\" srcset=\"https:\/\/www.sonnenklar.tv\/blog\/wp-content\/uploads\/2022\/12\/LOSGIGANTES4.jpg 880w, https:\/\/www.sonnenklar.tv\/blog\/wp-content\/uploads\/2022\/12\/LOSGIGANTES4-300x153.jpg 300w, https:\/\/www.sonnenklar.tv\/blog\/wp-content\/uploads\/2022\/12\/LOSGIGANTES4-768x393.jpg 768w\" sizes=\"(max-width: 880px) 100vw, 880px\" \/><\/a><figcaption class=\"wp-element-caption\">Wahrlich gigantisch: Die Klippen von Los Gigantes<\/figcaption><\/figure>\n<!-- \/wp:image -->\n\n<!-- wp:paragraph {\"canvasClassName\":\"cnvs-block-core-paragraph-1774448023626\"} -->\n<p>Den mitunter faszinierendsten Meeresbewohnern k\u00f6nnt ihr bei Boots- und Segeltouren nahekommen: Die Gew\u00e4sser im S\u00fcden Teneriffas z\u00e4hlen ganzj\u00e4hrig zu den weltweit besten Orten f\u00fcr <strong>Wal- und Delfinbeobachtungen<\/strong>.<\/p>\n<!-- \/wp:paragraph -->\n\n<!-- wp:paragraph {\"align\":\"right\",\"canvasClassName\":\"cnvs-block-core-paragraph-1774448023627\"} -->\n<p class=\"has-text-align-right\"><!-- \/wp:paragraph --><\/p>\n<!-- \/wp:paragraph -->\n\n<!-- wp:paragraph {\"canvasClassName\":\"cnvs-block-core-paragraph-1774448253677\"} -->\n<p><strong>Info:<\/strong> Bei den Walbeobachtungstouren rund um Teneriffa steht das Wohl der Tiere im Vordergrund. Daher wurde auch der Meeresstreifen Teno-Rasca im Jahr 2021 als erstes Walschutzgebiet Europas und als drittes der Welt ausgezeichnet. Auch sonst wird auf Teneriffa viel daf\u00fcr getan, die wertvollen Landschaften zu sch\u00fctzen. So ist die Nachhaltigkeit der Insel als erste zertifizierte Biosphere-Destination durch Kriterien von UNESCO und UNWTO (United World Tourism) garantiert und wird dahingehend regelm\u00e4\u00dfig bewertet.<\/p>\n<!-- \/wp:paragraph -->\n\n<!-- wp:paragraph {\"canvasClassName\":\"cnvs-block-core-paragraph-1774448254740\"} -->\n<p><strong>Hoteltipp:<\/strong> Am Hafen von Puerto de la Cruz k\u00f6nnt ihr auch als Einsteiger wunderbar tauchen und drei gro\u00dfe Anker sowie einen Tunnel entdecken, denn der Hafen liegt gesch\u00fctzt von den Wellen des Atlantiks. Im <a href=\"https:\/\/www.sonnenklar.tv\/beschreibung\/Spanien\/Teneriffa\/Puerto_de_la_Cruz\/Maritim_Tenerife.html\" target=\"_blank\" rel=\"noreferrer noopener\">Hotel Maritim Tenerife<\/a> findet ihr inmitten einer subtropischen Gartenanlage den perfekten Ausgangspunkt f\u00fcr Tauchg\u00e4nge und Strandtage.<\/p>\n<!-- \/wp:paragraph -->\n\n<!-- wp:paragraph {\"align\":\"right\",\"canvasClassName\":\"cnvs-block-core-paragraph-1774448023657\"} -->\n<p class=\"has-text-align-right\"><!-- wp:paragraph \/--><\/p>\n<!-- \/wp:paragraph -->\n\n<!-- wp:paragraph {\"canvasClassName\":\"cnvs-block-core-paragraph-1774448023658\"} -->\n<p><!-- wp:paragraph --><\/p>\n<!-- \/wp:paragraph -->\n\n<!-- wp:heading {\"level\":3,\"canvasClassName\":\"cnvs-block-core-heading-1774448023660\"} -->\n<h3 class=\"wp-block-heading\"><a name=\"land\"><\/a>Abenteuer an Land: Mystische Orte auf allen Ebenen<\/h3>\n<!-- \/wp:heading -->\n\n<!-- wp:paragraph {\"align\":\"right\",\"canvasClassName\":\"cnvs-block-core-paragraph-1774448023662\"} -->\n<p class=\"has-text-align-right\"><!-- \/wp:paragraph --><\/p>\n<!-- \/wp:paragraph -->\n\n<!-- wp:paragraph {\"canvasClassName\":\"cnvs-block-core-paragraph-1774448023663\"} -->\n<p><!-- wp:paragraph --><\/p>\n<!-- \/wp:paragraph -->\n\n<!-- wp:paragraph {\"canvasClassName\":\"cnvs-block-core-paragraph-1774448023665\"} -->\n<p>An Land geht das Outdoor-Abenteuer weiter. Das moderne Netz an <strong>Rad- und Wanderwegen <\/strong>macht es m\u00f6glich. \u00dcber 1.500 Kilometer an Wanderrouten bieten in unterschiedlichsten Schwierigkeitsgraden atemberaubende Ausblicke und tierische Begegnungen. Vom Strand von Socorro im Norden Teneriffas f\u00fchrt euch die \u201e<strong>Ruta 040<\/strong>\u201c, Spaniens Wanderweg mit dem gr\u00f6\u00dften H\u00f6henunterschied, innerhalb eines Tages bis hinauf auf den 3.718 Meter hohen Teide. M\u00f6chtet ihr den Gipfel des h\u00f6chsten Berges Spaniens erklimmen, ben\u00f6tigt ihr f\u00fcr das letzte St\u00fcck ab der Seilbahn eine kostenfreie Genehmigung, die ihr rund sechs Monate im Voraus beantragen solltet. Noch unkomplizierter ist es, wenn ihr eine gef\u00fchrte Wandertour unternehmt, bei der sich der Anbieter um die Formalit\u00e4ten k\u00fcmmert.<\/p>\n<!-- \/wp:paragraph -->\n\n<!-- wp:image {\"id\":22247,\"align\":\"none\",\"canvasClassName\":\"cnvs-block-core-image-1774448023667\"} -->\n<figure class=\"wp-block-image alignnone\"><a href=\"https:\/\/www.sonnenklar.tv\/blog\/wp-content\/uploads\/2022\/12\/img20180316-a0006.jpg\"><img loading=\"lazy\" decoding=\"async\" width=\"880\" height=\"450\" src=\"https:\/\/www.sonnenklar.tv\/blog\/wp-content\/uploads\/2022\/12\/img20180316-a0006.jpg\" alt=\"Wanderer im Teide Nationalpark\" class=\"wp-image-22247\" srcset=\"https:\/\/www.sonnenklar.tv\/blog\/wp-content\/uploads\/2022\/12\/img20180316-a0006.jpg 880w, https:\/\/www.sonnenklar.tv\/blog\/wp-content\/uploads\/2022\/12\/img20180316-a0006-300x153.jpg 300w, https:\/\/www.sonnenklar.tv\/blog\/wp-content\/uploads\/2022\/12\/img20180316-a0006-768x393.jpg 768w\" sizes=\"(max-width: 880px) 100vw, 880px\" \/><\/a><figcaption class=\"wp-element-caption\">Unvergessliche Momente sind beim Wandern auf Teneriffa garantiert<\/figcaption><\/figure>\n<!-- \/wp:image -->\n\n<!-- wp:paragraph {\"canvasClassName\":\"cnvs-block-core-paragraph-1774448023670\"} -->\n<p>Seid ihr historisch interessiert, werden euch mit Sicherheit die geheimnisvollen <strong>Pyramiden von G\u00fc\u00edmar<\/strong> in den Bann ziehen. In dem 64.000 Quadratmeter gro\u00dfen Park stehen sechs Stufenpyramiden aus Lavagestein, die wahrscheinlich im 19. Jahrhundert voller Pr\u00e4zision erbaut und zur Sommer- und Wintersonnenwende ausgerichtet wurden. Bis heute ist jedoch nicht gekl\u00e4rt, wer sie erbaut hat und welchem Zweck sie dienen sollten.<\/p>\n<!-- \/wp:paragraph -->\n\n<!-- wp:image {\"id\":22242,\"align\":\"none\",\"canvasClassName\":\"cnvs-block-core-image-1774448023672\"} -->\n<figure class=\"wp-block-image alignnone\"><a href=\"https:\/\/www.sonnenklar.tv\/blog\/wp-content\/uploads\/2022\/12\/GettyImages-501130372.jpg\"><img loading=\"lazy\" decoding=\"async\" width=\"880\" height=\"450\" src=\"https:\/\/www.sonnenklar.tv\/blog\/wp-content\/uploads\/2022\/12\/GettyImages-501130372.jpg\" alt=\"Pyramiden von G\u00fc\u00edmar auf Teneriffa\" class=\"wp-image-22242\" srcset=\"https:\/\/www.sonnenklar.tv\/blog\/wp-content\/uploads\/2022\/12\/GettyImages-501130372.jpg 880w, https:\/\/www.sonnenklar.tv\/blog\/wp-content\/uploads\/2022\/12\/GettyImages-501130372-300x153.jpg 300w, https:\/\/www.sonnenklar.tv\/blog\/wp-content\/uploads\/2022\/12\/GettyImages-501130372-768x393.jpg 768w\" sizes=\"(max-width: 880px) 100vw, 880px\" \/><\/a><figcaption class=\"wp-element-caption\"><span class=\"Y2IQFc\" lang=\"de\">Die Pyramiden von G\u00fc\u00edmar umgibt eine geheimnisvolle Aura<\/span><\/figcaption><\/figure>\n<!-- \/wp:image -->\n\n<!-- wp:paragraph {\"align\":\"right\",\"canvasClassName\":\"cnvs-block-core-paragraph-1774448023674\"} -->\n<p class=\"has-text-align-right\"><!-- \/wp:paragraph --><\/p>\n<!-- \/wp:paragraph -->\n\n<!-- wp:paragraph {\"canvasClassName\":\"cnvs-block-core-paragraph-1774448023676\"} -->\n<p><!-- wp:list --><\/p>\n<!-- \/wp:paragraph -->\n\n<!-- wp:heading {\"canvasClassName\":\"cnvs-block-core-heading-1774448023678\"} -->\n<h2 class=\"wp-block-heading\">4. Erlebnisse f\u00fcr alle Sinne: Von laut bis leise<\/h2>\n<!-- \/wp:heading -->\n\n<!-- wp:paragraph {\"align\":\"right\",\"canvasClassName\":\"cnvs-block-core-paragraph-1774448023679\"} -->\n<p class=\"has-text-align-right\"><!-- \/wp:list --><\/p>\n<!-- \/wp:paragraph -->\n\n<!-- wp:paragraph {\"canvasClassName\":\"cnvs-block-core-paragraph-1774448023680\"} -->\n<p><!-- wp:paragraph --><\/p>\n<!-- \/wp:paragraph -->\n\n<!-- wp:paragraph {\"canvasClassName\":\"cnvs-block-core-paragraph-1774448023682\"} -->\n<p>Selbst wenn ihr auf Teneriffa einfach nur den Blick umherwandern lasst, ist das schon ein Erlebnis f\u00fcr sich, denn Blickf\u00e4nge gibt es hier in H\u00fclle und F\u00fclle. Doch an bestimmten Orten gibt es noch mehr zu sehen und zu f\u00fchlen.<\/p>\n<!-- \/wp:paragraph -->\n\n<!-- wp:paragraph {\"align\":\"right\",\"canvasClassName\":\"cnvs-block-core-paragraph-1774448023683\"} -->\n<p class=\"has-text-align-right\"><!-- \/wp:paragraph --><\/p>\n<!-- \/wp:paragraph -->\n\n<!-- wp:paragraph {\"canvasClassName\":\"cnvs-block-core-paragraph-1774448023684\"} -->\n<p><!-- wp:paragraph --><\/p>\n<!-- \/wp:paragraph -->\n\n<!-- wp:heading {\"level\":3,\"canvasClassName\":\"cnvs-block-core-heading-1774448023686\"} -->\n<h3 class=\"wp-block-heading\"><a name=\"themenparks\"><\/a>Themenparks f\u00fcr jeden Geschmack<\/h3>\n<!-- \/wp:heading -->\n\n<!-- wp:paragraph {\"align\":\"right\",\"canvasClassName\":\"cnvs-block-core-paragraph-1774448023688\"} -->\n<p class=\"has-text-align-right\"><!-- \/wp:paragraph --><\/p>\n<!-- \/wp:paragraph -->\n\n<!-- wp:paragraph {\"canvasClassName\":\"cnvs-block-core-paragraph-1774448023689\"} -->\n<p><!-- wp:paragraph --><\/p>\n<!-- \/wp:paragraph -->\n\n<!-- wp:paragraph {\"canvasClassName\":\"cnvs-block-core-paragraph-1774448023690\"} -->\n<p>Auf der Suche nach Abenteuer sind die <strong>Themenparks<\/strong> der Insel eure Anlaufstelle. Der bereits mehrfach als weltweit bester Wasserpark ausgezeichnete <strong>Siam Park<\/strong> beschert mit seinen Fahrgesch\u00e4ften und Rutschen Kindern und Erwachsenen sorglose Momente, bevor ihr euch im wei\u00dfen Sand des Siam Beaches ausstreckt.<\/p>\n<!-- \/wp:paragraph -->\n\n<!-- wp:image {\"id\":22245,\"align\":\"none\",\"canvasClassName\":\"cnvs-block-core-image-1774448023692\"} -->\n<figure class=\"wp-block-image alignnone\"><a href=\"https:\/\/www.sonnenklar.tv\/blog\/wp-content\/uploads\/2022\/12\/GettyImages-678076114.jpg\"><img loading=\"lazy\" decoding=\"async\" width=\"880\" height=\"450\" src=\"https:\/\/www.sonnenklar.tv\/blog\/wp-content\/uploads\/2022\/12\/GettyImages-678076114.jpg\" alt=\"bunte Papageien im Loro Parque\" class=\"wp-image-22245\" srcset=\"https:\/\/www.sonnenklar.tv\/blog\/wp-content\/uploads\/2022\/12\/GettyImages-678076114.jpg 880w, https:\/\/www.sonnenklar.tv\/blog\/wp-content\/uploads\/2022\/12\/GettyImages-678076114-300x153.jpg 300w, https:\/\/www.sonnenklar.tv\/blog\/wp-content\/uploads\/2022\/12\/GettyImages-678076114-768x393.jpg 768w\" sizes=\"(max-width: 880px) 100vw, 880px\" \/><\/a><figcaption class=\"wp-element-caption\"><span class=\"Y2IQFc\" lang=\"de\">Der Loro Parque ist f\u00fcr seine bunten Papageien bekannt<\/span><\/figcaption><\/figure>\n<!-- \/wp:image -->\n\n<!-- wp:paragraph {\"canvasClassName\":\"cnvs-block-core-paragraph-1774448023694\"} -->\n<p>Auch der <strong>Loro-Parque<\/strong> ist ein Garant f\u00fcr erinnerungsw\u00fcrdige Erlebnisse. Der beeindruckende Zoo gibt unter anderem \u00fcber 300 verschiedenen Papageien eine Heimat, dazu gesellt sich noch eine Vielzahl an Pinguinen, Delfinen und Seel\u00f6wen sowie weitere bedrohte Tierarten, deren Schutz sich der Park verschrieben hat. Der Orchideengarten und ein Unterwassergarten im Zen-Stil bringen Pflanzenliebhaber ins Schw\u00e4rmen.<\/p>\n<!-- \/wp:paragraph -->\n\n<!-- wp:paragraph {\"align\":\"right\",\"canvasClassName\":\"cnvs-block-core-paragraph-1774448023695\"} -->\n<p class=\"has-text-align-right\"><!-- \/wp:paragraph --><\/p>\n<!-- \/wp:paragraph -->\n\n<!-- wp:paragraph {\"canvasClassName\":\"cnvs-block-core-paragraph-1774448023698\"} -->\n<p><!-- wp:paragraph --><\/p>\n<!-- \/wp:paragraph -->\n\n<!-- wp:paragraph {\"canvasClassName\":\"cnvs-block-core-paragraph-1774448281153\"} -->\n<p><strong>Hoteltipp:<\/strong> Im <a href=\"https:\/\/www.sonnenklar.tv\/beschreibung\/Spanien\/Teneriffa\/Costa_Adeje\/H10_Costa_Adeje_Palace.html\" target=\"_blank\" rel=\"noreferrer noopener\">H10 Costa Adeje Palace<\/a> seid ihr nicht nur umgeben von hohen Palmen und k\u00f6nnt zwischen Strand und Infinitypool wechseln, sondern erhaltet sogar freien Eintritt in den Siam Park.<\/p>\n<!-- \/wp:paragraph -->\n\n<!-- wp:paragraph {\"align\":\"right\",\"canvasClassName\":\"cnvs-block-core-paragraph-1774448023710\"} -->\n<p class=\"has-text-align-right\"><!-- \/wp:paragraph --><\/p>\n<!-- \/wp:paragraph -->\n\n<!-- wp:paragraph {\"canvasClassName\":\"cnvs-block-core-paragraph-1774448023712\"} -->\n<p><!-- wp:paragraph --><\/p>\n<!-- \/wp:paragraph -->\n\n<!-- wp:heading {\"level\":3,\"canvasClassName\":\"cnvs-block-core-heading-1774448023714\"} -->\n<h3 class=\"wp-block-heading\"><a name=\"traditionen\"><\/a>Lebendige Traditionen<\/h3>\n<!-- \/wp:heading -->\n\n<!-- wp:paragraph {\"align\":\"right\",\"canvasClassName\":\"cnvs-block-core-paragraph-1774448023716\"} -->\n<p class=\"has-text-align-right\"><!-- \/wp:paragraph --><\/p>\n<!-- \/wp:paragraph -->\n\n<!-- wp:paragraph {\"canvasClassName\":\"cnvs-block-core-paragraph-1774448023719\"} -->\n<p><!-- wp:paragraph --><\/p>\n<!-- \/wp:paragraph -->\n\n<!-- wp:paragraph {\"canvasClassName\":\"cnvs-block-core-paragraph-1774448023721\"} -->\n<p>Die Faszination Teneriffas machen neben der wundersamen Natur auch die Tinerfe\u00f1os, wie die Inseleinwohner genannt werden, und ihre Traditionen aus. Um die Sch\u00f6nheit der Insel vollst\u00e4ndig erfassen zu k\u00f6nnen, solltet ihr es euch daher nicht entgehen lassen, an einem ihrer farbenfrohen Feste teilzunehmen. Und dazu habt ihr ausreichend Gelegenheit, denn das ganze Jahr \u00fcber finden immer wieder <strong>bunte Volksfeste und pr\u00e4chtige Wallfahrten<\/strong> statt.<\/p>\n<!-- \/wp:paragraph -->\n\n<!-- wp:image {\"id\":22254,\"align\":\"none\",\"canvasClassName\":\"cnvs-block-core-image-1774448023723\"} -->\n<figure class=\"wp-block-image alignnone\"><a href=\"https:\/\/www.sonnenklar.tv\/blog\/wp-content\/uploads\/2022\/12\/MG_0250.jpg\"><img loading=\"lazy\" decoding=\"async\" width=\"880\" height=\"450\" src=\"https:\/\/www.sonnenklar.tv\/blog\/wp-content\/uploads\/2022\/12\/MG_0250.jpg\" alt=\"Karneval auf Teneriffa\" class=\"wp-image-22254\" srcset=\"https:\/\/www.sonnenklar.tv\/blog\/wp-content\/uploads\/2022\/12\/MG_0250.jpg 880w, https:\/\/www.sonnenklar.tv\/blog\/wp-content\/uploads\/2022\/12\/MG_0250-300x153.jpg 300w, https:\/\/www.sonnenklar.tv\/blog\/wp-content\/uploads\/2022\/12\/MG_0250-768x393.jpg 768w\" sizes=\"(max-width: 880px) 100vw, 880px\" \/><\/a><figcaption class=\"wp-element-caption\">Zum Karneval wird es auf Teneriffas Stra\u00dfen bunt<\/figcaption><\/figure>\n<!-- \/wp:image -->\n\n<!-- wp:paragraph {\"canvasClassName\":\"cnvs-block-core-paragraph-1774448023726\"} -->\n<p>Wie w\u00e4re es zum Beispiel mit einem Besuch von La Laguna zur <strong>Semana Santa<\/strong> an Ostern oder in das mit Blumenteppichen und dem Sand des Teides geschm\u00fcckte La Orotava zu <strong>Fronleichnam<\/strong>? Besonders lebendig geht es nat\u00fcrlich auch zum <strong>Karneval<\/strong> im Februar, vor allem in Santa Cruz, zu.<\/p>\n<!-- \/wp:paragraph -->\n\n<!-- wp:paragraph {\"align\":\"right\",\"canvasClassName\":\"cnvs-block-core-paragraph-1774448023728\"} -->\n<p class=\"has-text-align-right\"><!-- \/wp:paragraph --><\/p>\n<!-- \/wp:paragraph -->\n\n<!-- wp:paragraph {\"canvasClassName\":\"cnvs-block-core-paragraph-1774448023731\"} -->\n<p><!-- wp:paragraph --><\/p>\n<!-- \/wp:paragraph -->\n\n<!-- wp:paragraph {\"canvasClassName\":\"cnvs-block-core-paragraph-1774448234531\"} -->\n<p><strong>Tipp:<\/strong> Viel Inspiration, wie ihr eure Zeit in Teneriffa bestm\u00f6glich nutzen k\u00f6nnt, findet ihr auch auf Informationstafeln mit einem \u00dcberblick \u00fcber die wichtigsten Veranstaltungen des Monats in den touristischen Gemeinden sowie in Hotels und Touristeninformationsb\u00fcros auf der ganzen Insel. Online findet ihr auf der Seite des <a href=\"https:\/\/www.webtenerife.de\/\" target=\"_blank\" rel=\"noreferrer noopener\">Fremdenverkehrsamts von Teneriffa<\/a> immer die aktuellsten Neuigkeiten, Informationen zu Veranstaltungen und spannende Ausflugsziele.<\/p>\n<!-- \/wp:paragraph -->\n\n<!-- wp:paragraph {\"align\":\"right\",\"canvasClassName\":\"cnvs-block-core-paragraph-1774448023742\"} -->\n<p class=\"has-text-align-right\"><!-- \/wp:paragraph --><\/p>\n<!-- \/wp:paragraph -->\n\n<!-- wp:paragraph {\"canvasClassName\":\"cnvs-block-core-paragraph-1774448023745\"} -->\n<p><!-- wp:paragraph --><\/p>\n<!-- \/wp:paragraph -->\n\n<!-- wp:heading {\"level\":3,\"canvasClassName\":\"cnvs-block-core-heading-1774448023747\"} -->\n<h3 class=\"wp-block-heading\"><a name=\"sterne\"><\/a>Strahlende Himmelsk\u00f6rper<\/h3>\n<!-- \/wp:heading -->\n\n<!-- wp:paragraph {\"align\":\"right\",\"canvasClassName\":\"cnvs-block-core-paragraph-1774448023750\"} -->\n<p class=\"has-text-align-right\"><!-- \/wp:paragraph --><\/p>\n<!-- \/wp:paragraph -->\n\n<!-- wp:paragraph {\"canvasClassName\":\"cnvs-block-core-paragraph-1774448023753\"} -->\n<p><!-- wp:paragraph --><\/p>\n<!-- \/wp:paragraph -->\n\n<!-- wp:paragraph {\"canvasClassName\":\"cnvs-block-core-paragraph-1774448023757\"} -->\n<p>Teneriffa kann ebenso ganz leise begeistern. Wenn sich nachts \u00fcber euch der Sternenhimmel ausbreitet, steht au\u00dfer Frage, warum die Insel zu den besten Orten f\u00fcr <strong>Sternenbeobachtungen<\/strong> z\u00e4hlt.<\/p>\n<!-- \/wp:paragraph -->\n\n<!-- wp:image {\"id\":22244,\"align\":\"none\",\"canvasClassName\":\"cnvs-block-core-image-1774448023761\"} -->\n<figure class=\"wp-block-image alignnone\"><a href=\"https:\/\/www.sonnenklar.tv\/blog\/wp-content\/uploads\/2022\/12\/GettyImages-548950727.jpg\"><img loading=\"lazy\" decoding=\"async\" width=\"880\" height=\"450\" src=\"https:\/\/www.sonnenklar.tv\/blog\/wp-content\/uploads\/2022\/12\/GettyImages-548950727.jpg\" alt=\"Sternenhimmel \u00fcber Berglandschaft\" class=\"wp-image-22244\" srcset=\"https:\/\/www.sonnenklar.tv\/blog\/wp-content\/uploads\/2022\/12\/GettyImages-548950727.jpg 880w, https:\/\/www.sonnenklar.tv\/blog\/wp-content\/uploads\/2022\/12\/GettyImages-548950727-300x153.jpg 300w, https:\/\/www.sonnenklar.tv\/blog\/wp-content\/uploads\/2022\/12\/GettyImages-548950727-768x393.jpg 768w\" sizes=\"(max-width: 880px) 100vw, 880px\" \/><\/a><figcaption class=\"wp-element-caption\"><span class=\"Y2IQFc\" lang=\"de\">Am klaren Himmel \u00fcber Teneriffa funkeln die Sterne besonders intensiv <\/span><\/figcaption><\/figure>\n<!-- \/wp:image -->\n\n<!-- wp:paragraph {\"canvasClassName\":\"cnvs-block-core-paragraph-1774448023766\"} -->\n<p>Egal, ob ihr aus astronomischem Interesse oder aufgrund eurer romantischen Ader die glitzernden Himmelsk\u00f6rper betrachten m\u00f6chtet: Auf der <strong>Route der Planeten und Sterne<\/strong> mit Aussichtspunkten und Infotafeln im Teide-Nationalpark kommt ihr neben vielen anderen Stellen voll und ganz auf eure Kosten.<\/p>\n<!-- \/wp:paragraph -->\n\n<!-- wp:heading {\"canvasClassName\":\"cnvs-block-core-heading-1774448023770\"} -->\n<h2 class=\"wp-block-heading\">Fazit zu unseren Teneriffa Geheimtipps<\/h2>\n<!-- \/wp:heading -->\n\n<!-- wp:paragraph {\"align\":\"right\",\"canvasClassName\":\"cnvs-block-core-paragraph-1774448023774\"} -->\n<p class=\"has-text-align-right\"><!-- \/wp:paragraph --><\/p>\n<!-- \/wp:paragraph -->\n\n<!-- wp:paragraph {\"canvasClassName\":\"cnvs-block-core-paragraph-1774448023778\"} -->\n<p><!-- wp:paragraph --><\/p>\n<!-- \/wp:paragraph -->\n\n<!-- wp:paragraph {\"canvasClassName\":\"cnvs-block-core-paragraph-1774448023782\"} -->\n<p>Meeresrauschen, wilde Natur, seltene Tiere, frische Bergluft und d\u00f6rfliche Idylle \u2013 wir k\u00f6nnten die Liste noch weiterf\u00fchren, denn Teneriffa hat viele Facetten. Das Beste: Die ganze Vielfalt liegt so nah beieinander, dass ihr euch bei eurer Reise ganz spontan entscheiden k\u00f6nnt, wonach euch gerade der Sinn steht: Erholung, Abenteuer oder Kultur? Nicht unwahrscheinlich, dass ihr dabei eure ganz eigenen Teneriffa Geheimtipps entdeckt.<\/p>\n<!-- \/wp:paragraph -->\n\n<!-- wp:paragraph {\"align\":\"right\",\"canvasClassName\":\"cnvs-block-core-paragraph-1774448023786\"} -->\n<p class=\"has-text-align-right\"><!-- \/wp:paragraph --><\/p>\n<!-- \/wp:paragraph -->\n\n<!-- wp:paragraph {\"canvasClassName\":\"cnvs-block-core-paragraph-1774448023789\"} -->\n<p><!-- wp:paragraph --><\/p>\n<!-- \/wp:paragraph -->\n\n<!-- wp:paragraph {\"align\":\"right\",\"canvasClassName\":\"cnvs-block-core-paragraph-1774448023799\"} -->\n<p class=\"has-text-align-right\"><!-- \/wp:paragraph --><\/p>\n<!-- \/wp:paragraph -->\n\n<!-- wp:paragraph {\"canvasClassName\":\"cnvs-block-core-paragraph-1774448028731\"} -->\n<p>Auf nach Teneriffa! Die gr\u00f6\u00dfte der Kanareninseln zieht euch magisch an? K\u00f6nnen wir verstehen. Wir haben die passenden\u00a0<a href=\"https:\/\/www.sonnenklar.tv\/promo\/urlaub-teneriffa.html\" target=\"_blank\" rel=\"noreferrer noopener\">Reisen nach Teneriffa<\/a> im Angebot.<\/p>\n<!-- \/wp:paragraph -->","protected":false},"excerpt":{"rendered":"<p>Werbung &nbsp; Hotel Ritz Carlton Abama: Idyllisch am Meer in Gu\u00eda de Isora gelegen befinden sich in dem Luxusresort gleich zwei Sternerestaurants: Das mit zwei Michelinsternen ausgezeichnete MB und das mit einem Michelinstern pr\u00e4mierte Kabuki verw\u00f6hnen euch mit kreativer spanischer und feinster japanischer K\u00fcche. Hotel Royal Hideaway Corales Suites: Das in Form eines Schiffs errichtete<\/p>\n","protected":false},"author":3,"featured_media":22684,"comment_status":"closed","ping_status":"open","sticky":false,"template":"","format":"standard","meta":{"footnotes":""},"categories":[457],"tags":[506,576,501,484,505,497],"class_list":{"0":"post-22219","1":"post","2":"type-post","3":"status-publish","4":"format-standard","5":"has-post-thumbnail","7":"category-spanien","8":"tag-aktivitaeten","9":"tag-geheimtipps","10":"tag-kanaren","11":"tag-sehenswuerdigkeiten","12":"tag-strandurlaub","13":"tag-wandern"},"_links":{"self":[{"href":"https:\/\/www.sonnenklar.tv\/blog\/wp-json\/wp\/v2\/posts\/22219","targetHints":{"allow":["GET"]}}],"collection":[{"href":"https:\/\/www.sonnenklar.tv\/blog\/wp-json\/wp\/v2\/posts"}],"about":[{"href":"https:\/\/www.sonnenklar.tv\/blog\/wp-json\/wp\/v2\/types\/post"}],"author":[{"embeddable":true,"href":"https:\/\/www.sonnenklar.tv\/blog\/wp-json\/wp\/v2\/users\/3"}],"replies":[{"embeddable":true,"href":"https:\/\/www.sonnenklar.tv\/blog\/wp-json\/wp\/v2\/comments?post=22219"}],"version-history":[{"count":39,"href":"https:\/\/www.sonnenklar.tv\/blog\/wp-json\/wp\/v2\/posts\/22219\/revisions"}],"predecessor-version":[{"id":39210,"href":"https:\/\/www.sonnenklar.tv\/blog\/wp-json\/wp\/v2\/posts\/22219\/revisions\/39210"}],"wp:featuredmedia":[{"embeddable":true,"href":"https:\/\/www.sonnenklar.tv\/blog\/wp-json\/wp\/v2\/media\/22684"}],"wp:attachment":[{"href":"https:\/\/www.sonnenklar.tv\/blog\/wp-json\/wp\/v2\/media?parent=22219"}],"wp:term":[{"taxonomy":"category","embeddable":true,"href":"https:\/\/www.sonnenklar.tv\/blog\/wp-json\/wp\/v2\/categories?post=22219"},{"taxonomy":"post_tag","embeddable":true,"href":"https:\/\/www.sonnenklar.tv\/blog\/wp-json\/wp\/v2\/tags?post=22219"}],"curies":[{"name":"wp","href":"https:\/\/api.w.org\/{rel}","templated":true}]}}