{"id":21280,"date":"2022-09-07T10:35:16","date_gmt":"2022-09-07T09:35:16","guid":{"rendered":"https:\/\/www.sonnenklar.tv\/blog\/?p=21280"},"modified":"2026-01-23T16:02:33","modified_gmt":"2026-01-23T15:02:33","slug":"prag-sehenswuerdigkeiten","status":"publish","type":"post","link":"https:\/\/www.sonnenklar.tv\/blog\/reisetipps\/sehenswuerdigkeiten\/prag-sehenswuerdigkeiten\/","title":{"rendered":"9 Prag Sehensw\u00fcrdigkeiten: Rundgang durch die Goldene Stadt"},"content":{"rendered":"<p><strong>Malerisch an der Moldau gelegen, lockt die tschechische Hauptstadt mit einem bezaubernden Mix aus glanzvoller Geschichte, romantischen Gassen in der Altstadt und architektonischen Meisterwerken. Spaziert die uralten Wege mit ihrem Kopfsteinpflaster entlang, bestaunt Sehensw\u00fcrdigkeiten verschiedenster Epochen und genie\u00dft die typisch b\u00f6hmische Kulinarik, die euch in Prag geboten wird.<\/strong><\/p>\n<p>Den Beinamen \u201eGoldene Stadt\u201c erhielt Prag einst f\u00fcr seine vergoldeten Kirchenkuppeln und die Sandsteint\u00fcrme, die im Licht der untergehenden Sonne magisch funkeln. Und sp\u00e4testens, wenn ihr die Aussicht auf Prag genie\u00dft, wisst ihr, warum die Stadt auch gern als \u201eStadt der hundert T\u00fcrme\u201c betitelt wird. Kommt mit zu einer unvergesslichen St\u00e4dtereise und entdeckt die Prag Sehensw\u00fcrdigkeiten, die die Stadt so einzigartig machen.<\/p>\n<p><strong>Inhaltsverzeichnis<\/strong><\/p>\n<ul>\n<li>Prag Sehensw\u00fcrdigkeiten: Eine Reise durch die Zeit\n<ol>\n<li><a href=\"#karlsbruecke-das-beruehmteste-wahrzeichen-prags\">Karlsbr\u00fccke: Das ber\u00fchmteste Wahrzeichen Prags<\/a><\/li>\n<li><a href=\"#altstaedter-ring-buntes-treiben-glanzvolle-geschichte\">Altst\u00e4dter Ring: Buntes Treiben, glanzvolle Geschichte<\/a><\/li>\n<li><a href=\"#pulverturm-historie-mit-aussicht\">Pulverturm: Historie mit Aussicht<\/a><\/li>\n<li><a href=\"#prager-burg-das-praechtige-herz-der-stadt\">Prager Burg: Das pr\u00e4chtige Herz der Stadt<\/a><\/li>\n<li><a href=\"#wenzelplatz-der-platz-der-moeglichkeiten\">Wenzelplatz: Der Platz der M\u00f6glichkeiten<\/a><\/li>\n<li><a href=\"#alter-juedischer-friedhof-mittelalterliche-gedenkstaette\">Alter J\u00fcdischer Friedhof: Mittelalterliche Gedenkst\u00e4tte<\/a><\/li>\n<li><a href=\"#prager-metronom-die-vielleicht-beste-aussicht-auf-die-stadt\">Prager Metronom: Die vielleicht beste Aussicht auf die Stadt<\/a><\/li>\n<li><a href=\"#das-tanzende-haus-moderne-attraktion-in-prag\">Das Tanzende Haus: Moderne Attraktion in Prag<\/a><\/li>\n<li><a href=\"#tschechische-spezialitaeten-genuss-in-der-hauptstadt\">Tschechische Spezialit\u00e4ten: Genuss in der Hauptstadt<\/a><\/li>\n<\/ol>\n<\/li>\n<\/ul>\n<ul>\n<li>H\u00e4ufige Fragen zu den Prag Sehensw\u00fcrdigkeiten\n<ul>\n<li><a href=\"#wie-viele-tage-sollte-man-in-prag-verbringen\">Wie viele Tage sollte man in Prag verbringen?<\/a><\/li>\n<li><a href=\"#was-gibt-es-nur-in-prag\">Was gibt es nur in Prag?<\/a><\/li>\n<li><a href=\"#kann-man-prag-zu-fuss-erkunden\">Kann man Prag zu Fu\u00df erkunden?<\/a><\/li>\n<\/ul>\n<\/li>\n<\/ul>\n<h2>Das Wichtigste im \u00dcberblick<\/h2>\n<ul>\n<li>Mit seinen pr\u00e4chtigen Geb\u00e4uden und Attraktionen aus Epochen wie Gotik, Barock und Jugendstil z\u00e4hlt Prag zu den sch\u00f6nsten St\u00e4dten Europas.<\/li>\n<li>Die meisten Prag Sehensw\u00fcrdigkeiten k\u00f6nnt ihr gut zu Fu\u00df erreichen. Sollten die F\u00fc\u00dfe doch einmal m\u00fcde werden, laden zahlreiche Caf\u00e9s und Restaurants zu einer st\u00e4rkenden Pause ein.<\/li>\n<li>Prag ist eine sehr lebendige Stadt mit einer bewegten Historie. Es lohnt, sich Zeit zu nehmen und auch in die Geschichte hinter den ehrw\u00fcrdigen Fassaden einzutauchen.<\/li>\n<\/ul>\n<p><strong>Tipp<\/strong>: In Prag bezahlt ihr am besten in tschechischen Kronen, der Landesw\u00e4hrung. Einige Restaurants, Hotels und Gesch\u00e4fte akzeptieren zwar auch Euro, allerdings m\u00fcsst ihr dann mit einem preislichen Aufschlag rechnen.<\/p>\n<h2>Prag Sehensw\u00fcrdigkeiten: Eine Reise durch die Zeit<\/h2>\n<p>Karlsbr\u00fccke, Kn\u00f6del und eine pr\u00e4chtige Altstadt: Kommt mit auf eine spannende Reise durch die Goldene Stadt und lasst euch von den vielf\u00e4ltigen Sehensw\u00fcrdigkeiten Prags in ihren Bann ziehen.<\/p>\n<h3>1. <a name=\"karlsbruecke-das-beruehmteste-wahrzeichen-prags\"><\/a>Karlsbr\u00fccke: Das ber\u00fchmteste Wahrzeichen Prags<\/h3>\n<p>Die Karlsbr\u00fccke ist nicht nur die ber\u00fchmteste und <strong>\u00e4lteste Br\u00fccke Prags<\/strong>, sondern auch der ideale Startpunkt f\u00fcr eine abwechslungsreiche Stadttour zu den sch\u00f6nsten Prag Sehensw\u00fcrdigkeiten. Von Kaiser Karl IV. <strong>im 14. Jahrhundert<\/strong> in Auftrag gegeben, ruht die m\u00e4chtige Steinbr\u00fccke auf 16 Pfeilern mit Rundb\u00f6gen und f\u00fchrt auf einer L\u00e4nge von \u00fcber 500 Metern \u00fcber <strong>die Moldau<\/strong>. Umrahmt von zwei T\u00fcrmen verbindet das <strong>Wahrzeichen Prags<\/strong> heute die Altstadt mit dem Stadtviertel Kleinseite.<\/p>\n<figure id=\"attachment_21327\" aria-describedby=\"caption-attachment-21327\" style=\"width: 880px\" class=\"wp-caption alignnone\"><a href=\"https:\/\/www.sonnenklar.tv\/blog\/wp-content\/uploads\/2022\/09\/GettyImages-174827424-Karlsbruecke-Prag.jpg\"><img fetchpriority=\"high\" decoding=\"async\" class=\"wp-image-21327 size-full\" src=\"https:\/\/www.sonnenklar.tv\/blog\/wp-content\/uploads\/2022\/09\/GettyImages-174827424-Karlsbruecke-Prag.jpg\" alt=\"Karlsbr\u00fccke und der Fluss Moldau in Prag\" width=\"880\" height=\"450\" srcset=\"https:\/\/www.sonnenklar.tv\/blog\/wp-content\/uploads\/2022\/09\/GettyImages-174827424-Karlsbruecke-Prag.jpg 880w, https:\/\/www.sonnenklar.tv\/blog\/wp-content\/uploads\/2022\/09\/GettyImages-174827424-Karlsbruecke-Prag-300x153.jpg 300w, https:\/\/www.sonnenklar.tv\/blog\/wp-content\/uploads\/2022\/09\/GettyImages-174827424-Karlsbruecke-Prag-768x393.jpg 768w\" sizes=\"(max-width: 880px) 100vw, 880px\" \/><\/a><figcaption id=\"caption-attachment-21327\" class=\"wp-caption-text\">Karlsbr\u00fccke und der Fluss Moldau<\/figcaption><\/figure>\n<p>Einst schritten gar die b\u00f6hmischen K\u00f6nige auf ihrem K\u00f6nigsweg \u00fcber die Karlsbr\u00fccke zur Prager Burg. Es ist fast schon ein Muss, \u00fcber die Br\u00fccke zu schlendern, die <strong>30 wertvollen Heiligenstatuen<\/strong> zu bewundern und die <strong>herrliche Aussicht<\/strong> \u00fcber die Moldau und die historischen Stadtviertel von Prag zu genie\u00dfen. Rund um die ber\u00fchmte Br\u00fccke herrscht den ganzen Tag \u00fcber reges Leben: <strong>K\u00fcnstler, Souvenirh\u00e4ndler<\/strong> und G\u00e4ste der Stadt versammeln sich hier und tragen zum besonderen Flair der Br\u00fccke bei.<\/p>\n<p><strong>Tipp<\/strong>: Jedes Jahr findet am 15. Mai rund um die Karlsbr\u00fccke das Johannisfest Navalis zu Ehren des Heiligen Johannes Nepomuk statt. Seid ihr zu dieser Zeit vor Ort, solltet ihr dem barocken Wasserfest mit Musik, Gondeln und Feuerwerk unbedingt beiwohnen. Eine Statue des Heiligen Johannes Nepomuk findet ihr auch auf der Karlsbr\u00fccke.<\/p>\n<p><strong>Hoteltipp<\/strong>: Ganz in der N\u00e4he der Altstadt steht das <a href=\"https:\/\/www.sonnenklar.tv\/beschreibung\/Tschechische_Republik\/Prag_Und_Umgebung\/Prag\/Hotel_Pentahotel_Prag.html\" target=\"_blank\" rel=\"noopener\">Pentahotel Prague<\/a> f\u00fcr moderne Kontraste. Gro\u00dfz\u00fcgige Zimmer, eine gem\u00fctliche Lounge und ein gut ausgestatteter Fitnessbereich z\u00e4hlen zu den Annehmlichkeiten.]\n<h3>2. <a name=\"altstaedter-ring-buntes-treiben-glanzvolle-geschichte\"><\/a>Altst\u00e4dter Ring: Buntes Treiben, glanzvolle Geschichte<\/h3>\n<p>Spaziert ihr von der Karlsbr\u00fccke in Richtung Altstadt, ist es nicht mehr weit bis zum <strong>Altst\u00e4dter Ring<\/strong>, dem <strong>Herzst\u00fcck des historischen Prags<\/strong>. Angelegt wurde er als riesiger Marktplatz. Ihr k\u00f6nnt hier stundenlang dem bunten Treiben zusehen, <strong>Stra\u00dfenk\u00fcnstler<\/strong> bestaunen und an einem der Marktst\u00e4nde oder in einem der <strong>Caf\u00e9s<\/strong> typische Leckereien kosten. W\u00e4hrenddessen erz\u00e4hlen die H\u00e4userfassaden ringsum Geschichten aus l\u00e4ngst vergangenen Zeiten: Einige der Geb\u00e4ude im <strong>Barock- und Renaissance-Stil<\/strong> stehen bis heute auf <strong>romanischen<\/strong> und <strong>gotischen<\/strong> <strong>Grundmauern<\/strong>, die bislang den Zahn der Zeit \u00fcberdauerten.<\/p>\n<figure id=\"attachment_21328\" aria-describedby=\"caption-attachment-21328\" style=\"width: 880px\" class=\"wp-caption alignnone\"><a href=\"https:\/\/www.sonnenklar.tv\/blog\/wp-content\/uploads\/2022\/09\/GettyImages-1393398582-City-Hall-and-Prague-Astronomical-Clock.jpg\"><img decoding=\"async\" class=\"size-full wp-image-21328\" src=\"https:\/\/www.sonnenklar.tv\/blog\/wp-content\/uploads\/2022\/09\/GettyImages-1393398582-City-Hall-and-Prague-Astronomical-Clock.jpg\" alt=\"Astronomische Uhr am Altst\u00e4dter Rathaus in Prag\" width=\"880\" height=\"450\" srcset=\"https:\/\/www.sonnenklar.tv\/blog\/wp-content\/uploads\/2022\/09\/GettyImages-1393398582-City-Hall-and-Prague-Astronomical-Clock.jpg 880w, https:\/\/www.sonnenklar.tv\/blog\/wp-content\/uploads\/2022\/09\/GettyImages-1393398582-City-Hall-and-Prague-Astronomical-Clock-300x153.jpg 300w, https:\/\/www.sonnenklar.tv\/blog\/wp-content\/uploads\/2022\/09\/GettyImages-1393398582-City-Hall-and-Prague-Astronomical-Clock-768x393.jpg 768w\" sizes=\"(max-width: 880px) 100vw, 880px\" \/><\/a><figcaption id=\"caption-attachment-21328\" class=\"wp-caption-text\">Die Prager Rathausuhr ist eine der Hauptsehensw\u00fcrdigkeiten<\/figcaption><\/figure>\n<p>Lasst die fr\u00f6hlich-erhabene Atmosph\u00e4re ganz in Ruhe auf euch wirken, bevor ihr euch den zahlreichen Prag Sehensw\u00fcrdigkeiten widmet. Pr\u00e4gend f\u00fcr den Platz ist das <strong>Altst\u00e4dter Rathaus<\/strong> mit seinem fast 70 Meter hohen Turm und der au\u00dfergew\u00f6hnlichen, reich verzierten <strong>astronomischen Uhr<\/strong>. Auch die pr\u00e4chtige <strong>Teynkirche<\/strong>, der <strong>Palais (Goltz)-Kinsk\u00fd<\/strong> und das <strong>Haus zur Steinernen Glocke<\/strong> sind \u00e4u\u00dferst sehenswert.<\/p>\n<p><strong>Tipp<\/strong>: Die astronomische Uhr ist ein gotisches Meisterwerk, das die Tierkreiszeichen und den Verlauf von Sonne und Mond anzeigt. Lasst euch nicht das Spektakel zu jeder vollen Stunde entgehen: Dann bewegen sich nicht nur die Zeiger, sondern auch die feinen Figuren der zw\u00f6lf Apostel, die die Uhr schm\u00fccken.<\/p>\n<p><strong>Hoteltipp<\/strong>: Vom <a href=\"https:\/\/www.sonnenklar.tv\/beschreibung\/Tschechische_Republik\/Prag_und_Umgebung\/Prag\/Rubicon.html\" target=\"_blank\" rel=\"noopener\">Hotel Metropolitan Old Town<\/a> ist es nur ein Katzensprung zum Altst\u00e4dter Ring. Zum Entspannen laden eine Sauna und eine gem\u00fctliche Bar ein.<\/p>\n<h3>3. <a name=\"pulverturm-historie-mit-aussicht\"><\/a>Pulverturm: Historie mit Aussicht<\/h3>\n<p>Der Prager Pulverturm ist mit seinen stattlichen <strong>65 Metern H\u00f6he<\/strong> nicht nur ein historisch bedeutsames <strong>Tor zur Altstadt<\/strong>, sondern als sp\u00e4tgotisches Bauwerk auch <strong>eine der sch\u00f6nsten Attraktionen Prags<\/strong>. Eventuell kommt euch das steinerne Torhaus bei genauerem Hinsehen bereits vage bekannt vor: Das ist kein Zufall, sondern liegt daran, dass der Pulverturm als <strong>Kopie des Altst\u00e4dter Br\u00fcckenturms<\/strong> an Prags Karlsbr\u00fccke konzipiert wurde.<\/p>\n<figure id=\"attachment_21329\" aria-describedby=\"caption-attachment-21329\" style=\"width: 880px\" class=\"wp-caption alignnone\"><a href=\"https:\/\/www.sonnenklar.tv\/blog\/wp-content\/uploads\/2022\/09\/GettyImages-508785457-Powder-Tower.jpg\"><img decoding=\"async\" class=\"size-full wp-image-21329\" src=\"https:\/\/www.sonnenklar.tv\/blog\/wp-content\/uploads\/2022\/09\/GettyImages-508785457-Powder-Tower.jpg\" alt=\"Prager Pulverturm\" width=\"880\" height=\"450\" srcset=\"https:\/\/www.sonnenklar.tv\/blog\/wp-content\/uploads\/2022\/09\/GettyImages-508785457-Powder-Tower.jpg 880w, https:\/\/www.sonnenklar.tv\/blog\/wp-content\/uploads\/2022\/09\/GettyImages-508785457-Powder-Tower-300x153.jpg 300w, https:\/\/www.sonnenklar.tv\/blog\/wp-content\/uploads\/2022\/09\/GettyImages-508785457-Powder-Tower-768x393.jpg 768w\" sizes=\"(max-width: 880px) 100vw, 880px\" \/><\/a><figcaption id=\"caption-attachment-21329\" class=\"wp-caption-text\">Der Prager Pulverturm bildet das Eingangstor zur Altstadt<\/figcaption><\/figure>\n<p>Historisch Interessierte sollten im Inneren des Turms die kleine Ausstellung zum Geb\u00e4ude und seiner Geschichte besuchen, und auch f\u00fcr alle anderen lohnt sich der Gang ins Innere. Insgesamt 186 Stufen f\u00fchren euch hinauf bis zur <strong>Aussichtsplattform in 44 Metern H\u00f6he<\/strong>, von der ihr einen herrlichen Blick \u00fcber die Prager Altstadt genie\u00dft. Besonders im Sommer, wenn der Pulverturm bis sp\u00e4tabends ge\u00f6ffnet ist, bietet sich euch ein <strong>malerischer Sonnenuntergang<\/strong>, der die Prager Altstadt in ein fast schon magisches warmes Abendlicht taucht.<\/p>\n<table class=\"has-fixed-layout\">\n<tbody>\n<tr>\n<td><strong>\u00d6ffnungszeiten<\/strong><\/td>\n<td class=\"has-text-align-left\">Ganzj\u00e4hrig mindestens von ca. 10:00-18:00 Uhr ge\u00f6ffnet; in den Sommermonaten und im Dezember l\u00e4nger ge\u00f6ffnet<\/td>\n<\/tr>\n<tr>\n<td><strong>Eintrittspreise<\/strong><\/td>\n<td class=\"has-text-align-left\">Grundpreis ca. 150 Kronen (erm\u00e4\u00dfigt: ca. 100 Kronen)<\/td>\n<\/tr>\n<\/tbody>\n<\/table>\n<h3>4. <a name=\"prager-burg-das-praechtige-herz-der-stadt\"><\/a>Prager Burg: Das pr\u00e4chtige Herz der Stadt<\/h3>\n<p>Kaum eine Burganlage ist so ber\u00fchmt wie die Prager Burg, die westlich der Moldau auf dem <strong>Berg Hradschin<\/strong> thront und mit <strong>knapp 1,5 Millionen Besuchern pro Jahr<\/strong> zu den meistbesuchten Sehensw\u00fcrdigkeiten Prags z\u00e4hlt. Das riesige Burgareal gilt als <strong>gr\u00f6\u00dfte geschlossene Burganlage<\/strong> weltweit und ist seit mehr als 1.000 Jahren das kulturelle und soziale Herz der Stadt. Plant ausreichend Zeit ein und begebt euch auf eine spannende Zeitreise, zum Beispiel ins Jahr 1618, als der \u201e<strong>Prager Fenstersturz<\/strong>\u201c Einfluss auf die Geschichte Europas nahm.<\/p>\n<figure id=\"attachment_21331\" aria-describedby=\"caption-attachment-21331\" style=\"width: 880px\" class=\"wp-caption alignnone\"><a href=\"https:\/\/www.sonnenklar.tv\/blog\/wp-content\/uploads\/2022\/09\/GettyImages-541453286-Prager-Burg.jpg\"><img loading=\"lazy\" decoding=\"async\" class=\"size-full wp-image-21331\" src=\"https:\/\/www.sonnenklar.tv\/blog\/wp-content\/uploads\/2022\/09\/GettyImages-541453286-Prager-Burg.jpg\" alt=\"Prager Burg\" width=\"880\" height=\"450\" srcset=\"https:\/\/www.sonnenklar.tv\/blog\/wp-content\/uploads\/2022\/09\/GettyImages-541453286-Prager-Burg.jpg 880w, https:\/\/www.sonnenklar.tv\/blog\/wp-content\/uploads\/2022\/09\/GettyImages-541453286-Prager-Burg-300x153.jpg 300w, https:\/\/www.sonnenklar.tv\/blog\/wp-content\/uploads\/2022\/09\/GettyImages-541453286-Prager-Burg-768x393.jpg 768w\" sizes=\"(max-width: 880px) 100vw, 880px\" \/><\/a><figcaption id=\"caption-attachment-21331\" class=\"wp-caption-text\">Hoch \u00fcber der Stadt thront die Prager Burg<\/figcaption><\/figure>\n<p>Besichtigt unbedingt den <strong>barocken K\u00f6nigspalast<\/strong>, den <strong>Veitsdom<\/strong>, das gr\u00f6\u00dfte Kirchengeb\u00e4ude Tschechiens, sowie die <strong>St. Georgs-Basilika<\/strong>, das \u00e4lteste Kloster des Landes. Nicht zuletzt befindet sich hier auch das ber\u00fchmte <strong>Goldene G\u00e4sschen<\/strong>. In dem schmalen Stra\u00dfenzug, der von kleinen bunten Fachwerkh\u00e4usern ges\u00e4umt wird, wohnte im H\u00e4uschen Nr. 22 zeitweise der Literat <strong>Franz Kafka<\/strong>. Heute k\u00f6nnt ihr \u00fcberall in der Gasse in gem\u00fctliche Caf\u00e9s einkehren und Souvenirs erstehen.<\/p>\n<table class=\"has-fixed-layout\">\n<tbody>\n<tr>\n<td><strong>\u00d6ffnungszeiten<\/strong><\/td>\n<td class=\"has-text-align-left\">Prager Burg: ca. 06:00-22:00 Uhr, sonntags k\u00fcrzere \u00d6ffnungszeiten<br \/>\nObjekte mit Eintritt: ca. 10:00-18:00 Uhr (ca. 10:00-16:00 Uhr im Winter)<br \/>\nBurgg\u00e4rten: ca. 10:00-18:00 Uhr (im Winter geschlossen)<\/td>\n<\/tr>\n<tr>\n<td><strong>Eintrittspreise<\/strong><\/td>\n<td class=\"has-text-align-left\">Prager Burg mit G\u00e4rten: kostenlos<br \/>\nSt. Veitsdom, K\u00f6nigspalast, Goldenes G\u00e4sschen, diverse Ausstellungen: ca. 140-350 Kronen (abh\u00e4ngig von der Tour)<\/td>\n<\/tr>\n<\/tbody>\n<\/table>\n<p><strong>Tipp<\/strong>: Gerade in den warmen Monaten ist es ein echtes Erlebnis, in den <strong>angrenzenden Parkanlagen der Burg<\/strong> wie dem Paradies- und Basteigarten oder auch im K\u00f6niglichen Garten zu spazieren und die traumhafte Aussicht auf die weite Stadt zu genie\u00dfen.<\/p>\n<p><strong>Hoteltipp<\/strong>: F\u00fcr Golf- und Wellnessfreunde bietet sich das <a href=\"https:\/\/www.sonnenklar.tv\/beschreibung\/Tschechische_Republik\/Prag_Und_Umgebung\/Prag\/Hotel_Golf_And_Depandance.html\" target=\"_blank\" rel=\"noopener\">Golf And Depandance<\/a> an. Das Hotel liegt am Stadtrand von Prag und eignet sich ideal f\u00fcr l\u00e4ngere Aufenthalte mit Tagesausfl\u00fcgen ins Stadtzentrum.<\/p>\n<h3>5. <a name=\"wenzelplatz-der-platz-der-moeglichkeiten\"><\/a>Wenzelplatz: Der Platz der M\u00f6glichkeiten<\/h3>\n<p>Sucht ihr zwischen all den historischen und kulturellen Eindr\u00fccken etwas Abwechslung, kommt der riesige Wenzelplatz wie gerufen. Offiziell z\u00e4hlt er zu den <strong>gr\u00f6\u00dften st\u00e4dtischen Pl\u00e4tzen Europas<\/strong>, allerdings \u00e4hnelt er mehr einem prunkvollen Boulevard. Am besten genehmigt ihr euch einen der s\u00fc\u00dfen <strong>Baumstriezel<\/strong>, auch Trdeln\u00edk genannt, die es \u00fcberall zu kaufen gibt, und schlendert einfach \u00fcber den Platz. Links und rechts laden Gesch\u00e4fte zum <strong>Shopping<\/strong> ein, die Statue des Heiligen Wenzels zur Besichtigung \u2013 und am s\u00fcd\u00f6stlichen Ende wartet das <strong>Nationalmuseum<\/strong> auf euch. Dazwischen bieten sich die zahlreichen <strong>Restaurants und Caf\u00e9s<\/strong> f\u00fcr eine St\u00e4rkung an.<\/p>\n<figure id=\"attachment_21333\" aria-describedby=\"caption-attachment-21333\" style=\"width: 880px\" class=\"wp-caption alignnone\"><a href=\"https:\/\/www.sonnenklar.tv\/blog\/wp-content\/uploads\/2022\/09\/GettyImages-521773158-Wenceslas-Square.jpg\"><img loading=\"lazy\" decoding=\"async\" class=\"size-full wp-image-21333\" src=\"https:\/\/www.sonnenklar.tv\/blog\/wp-content\/uploads\/2022\/09\/GettyImages-521773158-Wenceslas-Square.jpg\" alt=\"Wenzelsplatz in der Prager Neustadt\" width=\"880\" height=\"450\" srcset=\"https:\/\/www.sonnenklar.tv\/blog\/wp-content\/uploads\/2022\/09\/GettyImages-521773158-Wenceslas-Square.jpg 880w, https:\/\/www.sonnenklar.tv\/blog\/wp-content\/uploads\/2022\/09\/GettyImages-521773158-Wenceslas-Square-300x153.jpg 300w, https:\/\/www.sonnenklar.tv\/blog\/wp-content\/uploads\/2022\/09\/GettyImages-521773158-Wenceslas-Square-768x393.jpg 768w\" sizes=\"(max-width: 880px) 100vw, 880px\" \/><\/a><figcaption id=\"caption-attachment-21333\" class=\"wp-caption-text\">Wenzelsplatz in der Prager Neustadt<\/figcaption><\/figure>\n<p>Der Wenzelplatz ist eine besondere Attraktion in Prag, zeichnet er sich doch durch seine wechselvolle Geschichte aus. Im Mittelalter und in der Neuzeit war der Platz als <strong>Rossmarkt<\/strong> bekannt und bildete das <strong>Herz der Prager Neustadt<\/strong>. Sp\u00e4ter war er ein bedeutendes <strong>Zentrum f\u00fcr politische Versammlungen<\/strong> und revolution\u00e4re Kundgebungen \u2013 bis heute erinnern inmitten des quirligen Trubels einige Denkm\u00e4ler an bedeutsame historische Pers\u00f6nlichkeiten.<\/p>\n<p><strong>Tipp<\/strong>: In knapp 10 Gehminuten erreicht ihr vom Wenzelplatz aus eine ganz besondere Prager Attraktion: Die B\u00fcste Franz Kafkas, die aus 24 Tonnen rostfreiem Blech und 42 beweglichen Ebenen besteht. Seht ihr dem Schauspiel einige Minuten lang zu, bemerkt ihr, dass die Skulptur immer wieder den Kopf des tschechischen Schriftstellers formt.<\/p>\n<p><strong>Hoteltipp<\/strong>: Unweit der Prag Sehensw\u00fcrdigkeiten befindet sich das <a href=\"https:\/\/www.sonnenklar.tv\/beschreibung\/Tschechische_Republik\/Prag_und_Umgebung\/Prag\/Tivoli.html\" target=\"_blank\" rel=\"noopener\">Hotel Tivoli Prague<\/a>, das nach einem erlebnisreichen Urlaubstag zum Entspannen einl\u00e4dt.<\/p>\n<h3>6. <a name=\"alter-juedischer-friedhof-mittelalterliche-gedenkstaette\"><\/a>Alter J\u00fcdischer Friedhof: Mittelalterliche Gedenkst\u00e4tte<\/h3>\n<p>Der Alte J\u00fcdische Friedhof befindet sich im ehemaligen j\u00fcdischen Viertel Josefov in der Prager Altstadt und z\u00e4hlt zu den bekanntesten j\u00fcdischen Friedh\u00f6fen in Europa. Bis heute ist er mit seiner <strong>mystischen, ruhigen Atmosph\u00e4re<\/strong> und den alten Akazien, Ahorn- und Kastanienb\u00e4umen ein besonderer Ort. Die \u00e4ltesten Grabsteine stammen aus <strong>dem 15. Jahrhundert<\/strong>. Da es aus Platzgr\u00fcnden keine M\u00f6glichkeit gab, den Friedhof zu erweitern, wurden die Verstorbenen im Lauf der Jahrhunderte in bis zu 12 Schichten \u00fcbereinander bestattet.<\/p>\n<figure id=\"attachment_21334\" aria-describedby=\"caption-attachment-21334\" style=\"width: 880px\" class=\"wp-caption alignnone\"><a href=\"https:\/\/www.sonnenklar.tv\/blog\/wp-content\/uploads\/2022\/09\/GettyImages-479545732-Alter-juedischer-Friedhof-in-Prag.jpg\"><img loading=\"lazy\" decoding=\"async\" class=\"size-full wp-image-21334\" src=\"https:\/\/www.sonnenklar.tv\/blog\/wp-content\/uploads\/2022\/09\/GettyImages-479545732-Alter-juedischer-Friedhof-in-Prag.jpg\" alt=\"Alter J\u00fcdischer Friedhof in Prag\" width=\"880\" height=\"450\" srcset=\"https:\/\/www.sonnenklar.tv\/blog\/wp-content\/uploads\/2022\/09\/GettyImages-479545732-Alter-juedischer-Friedhof-in-Prag.jpg 880w, https:\/\/www.sonnenklar.tv\/blog\/wp-content\/uploads\/2022\/09\/GettyImages-479545732-Alter-juedischer-Friedhof-in-Prag-300x153.jpg 300w, https:\/\/www.sonnenklar.tv\/blog\/wp-content\/uploads\/2022\/09\/GettyImages-479545732-Alter-juedischer-Friedhof-in-Prag-768x393.jpg 768w\" sizes=\"(max-width: 880px) 100vw, 880px\" \/><\/a><figcaption id=\"caption-attachment-21334\" class=\"wp-caption-text\">Alter J\u00fcdischer Friedhof im Stadtteil Josefov<\/figcaption><\/figure>\n<p>Auf diese Weise ergab sich das heutige teils h\u00fcgelige Erscheinungsbild des verwinkelten Areals. Einige der reich verzierten und stark verwitterten Grabsteine k\u00f6nnt ihr bei einem <strong>kleinen Rundgang<\/strong> um den Friedhof betrachten, w\u00e4hrend ihr die friedliche Stimmung auf euch wirken lasst. Der Besuch dieser au\u00dfergew\u00f6hnlichen Sehensw\u00fcrdigkeit l\u00e4sst sich gut mit einer Besichtigung des <strong>J\u00fcdischen Museums<\/strong> und der umliegenden <strong>Synagogen<\/strong> in Prag verbinden.<\/p>\n<p><strong>Tipp<\/strong>: Spontan nach Prag? Mit unseren besten Angeboten f\u00fcr einen <a href=\"https:\/\/www.sonnenklar.tv\/promo\/kurzurlaub\/kurzurlaub-tschechien\/prag.html\" target=\"_blank\" rel=\"noopener\">Kurzurlaub in Prag<\/a> gar kein Problem.<\/p>\n<h3>7. <a name=\"prager-metronom-die-vielleicht-beste-aussicht-auf-die-stadt\"><\/a>Prager Metronom: Die vielleicht beste Aussicht auf die Stadt<\/h3>\n<p>Blickt ihr von der Prager Altstadt Richtung Norden, ist das riesige Metronom am anderen Ufer der Moldau kaum zu \u00fcbersehen. Eingebettet in die verschlungenen Pfade des <strong>Letn\u00e1-Parks<\/strong> ragt die bewegliche Installation gut <strong>25 Meter in die H\u00f6he<\/strong> \u2013 genau an der Stelle, an der einst ein Stalindenkmal stand. Erbaut wurde es als Symbol f\u00fcr eine neue Zeit und so tummeln sich rund um das Metronom heute vor allem Skateboarder, Einheimische und Urlauber, um eine <strong>Auszeit vom Trubel der Stadt<\/strong> und die <strong>fantastische Aussicht<\/strong> auf die D\u00e4cher Prags zu genie\u00dfen.<\/p>\n<figure id=\"attachment_21337\" aria-describedby=\"caption-attachment-21337\" style=\"width: 880px\" class=\"wp-caption alignnone\"><a href=\"https:\/\/www.sonnenklar.tv\/blog\/wp-content\/uploads\/2022\/09\/GettyImages-187082720-Prague-Metronome-.jpg\"><img loading=\"lazy\" decoding=\"async\" class=\"size-full wp-image-21337\" src=\"https:\/\/www.sonnenklar.tv\/blog\/wp-content\/uploads\/2022\/09\/GettyImages-187082720-Prague-Metronome-.jpg\" alt=\"Metronom im Prager Letn\u00e1 Park\" width=\"880\" height=\"450\" srcset=\"https:\/\/www.sonnenklar.tv\/blog\/wp-content\/uploads\/2022\/09\/GettyImages-187082720-Prague-Metronome-.jpg 880w, https:\/\/www.sonnenklar.tv\/blog\/wp-content\/uploads\/2022\/09\/GettyImages-187082720-Prague-Metronome--300x153.jpg 300w, https:\/\/www.sonnenklar.tv\/blog\/wp-content\/uploads\/2022\/09\/GettyImages-187082720-Prague-Metronome--768x393.jpg 768w\" sizes=\"(max-width: 880px) 100vw, 880px\" \/><\/a><figcaption id=\"caption-attachment-21337\" class=\"wp-caption-text\">Metronom im Letn\u00e1 Park<\/figcaption><\/figure>\n<p>Verbindet den Besuch des Metronoms gern mit einem gem\u00fctlichen Spaziergang durch den Park und sucht den historischen <strong>Hanavsk\u00fd-Pavillon<\/strong> auf, der heute ein Restaurant in charmantem Ambiente beherbergt. \u00dcber eine Br\u00fccke ist der Letn\u00e1-Park mit dem Chotek-Park, einem der k\u00f6niglichen G\u00e4rten, verbunden, sodass ihr auch eine <strong>sch\u00f6ne Stadtwanderung<\/strong> bis zur Prager Burganlage unternehmen k\u00f6nnt.<\/p>\n<h3>8. <a name=\"das-tanzende-haus-moderne-attraktion-in-prag\"><\/a>Das Tanzende Haus: Moderne Attraktion in Prag<\/h3>\n<p>Das \u201e<strong>Tancici dum<\/strong>\u201c, von den Einheimischen in Anlehnung an Ginger Rogers und Fred Astaire auch gern \u201eGinger und Fred\u201c genannt, ist eine der <strong>modernen Sehensw\u00fcrdigkeiten<\/strong> in Prag. Umgeben von ehrw\u00fcrdigen Geb\u00e4uden im Jugendstil tanzt das dynamisch wirkende Geb\u00e4ude mit seinen geschwungenen Linien seit seinem Bau im Jahr 1996 wortw\u00f6rtlich aus der Reihe und f\u00fcgt sich doch passend in seine Umgebung ein.<\/p>\n<figure id=\"attachment_21338\" aria-describedby=\"caption-attachment-21338\" style=\"width: 880px\" class=\"wp-caption alignnone\"><a href=\"https:\/\/www.sonnenklar.tv\/blog\/wp-content\/uploads\/2022\/09\/GettyImages-1038046020-Tanzendes-Haus-in-Prag.jpg\"><img loading=\"lazy\" decoding=\"async\" class=\"size-full wp-image-21338\" src=\"https:\/\/www.sonnenklar.tv\/blog\/wp-content\/uploads\/2022\/09\/GettyImages-1038046020-Tanzendes-Haus-in-Prag.jpg\" alt=\"Tanzendes Haus in Prag\" width=\"880\" height=\"450\" srcset=\"https:\/\/www.sonnenklar.tv\/blog\/wp-content\/uploads\/2022\/09\/GettyImages-1038046020-Tanzendes-Haus-in-Prag.jpg 880w, https:\/\/www.sonnenklar.tv\/blog\/wp-content\/uploads\/2022\/09\/GettyImages-1038046020-Tanzendes-Haus-in-Prag-300x153.jpg 300w, https:\/\/www.sonnenklar.tv\/blog\/wp-content\/uploads\/2022\/09\/GettyImages-1038046020-Tanzendes-Haus-in-Prag-768x393.jpg 768w\" sizes=\"(max-width: 880px) 100vw, 880px\" \/><\/a><figcaption id=\"caption-attachment-21338\" class=\"wp-caption-text\">Das Tanzendes Haus sticht in seiner Umgebung besonders hervor<\/figcaption><\/figure>\n<p>Das Tanzende Haus besteht eigentlich aus zwei T\u00fcrmen, die aneinander zu lehnen scheinen: Eine T\u00e4nzerin im Kleid schmiegt sich an einen Herrn mit Hut. Nicht nur von au\u00dfen lohnt sich eine Besichtigung: Im Inneren lockt eine <strong>Kunstgalerie<\/strong> mit wechselnden Ausstellungen. In der Dachetage k\u00f6nnt ihr im <strong>Restaurant<\/strong> \u201eGinger &amp; Fred\u201c bei einem Drink den sch\u00f6nen Blick auf Prag genie\u00dfen und auf eure Stadttour ansto\u00dfen.<\/p>\n<p><strong>Hoteltipp<\/strong>: Im S\u00fcden der Neustadt, ganz in der N\u00e4he der Moldau, erwartet euch das <a href=\"https:\/\/www.sonnenklar.tv\/beschreibung\/Tschechische_Republik\/Prag_und_Umgebung\/Prag\/Best_Western_City_Moran.html\" target=\"_blank\" rel=\"noopener\">Best Western City Moran<\/a> mit gro\u00dfz\u00fcgigen und gem\u00fctlichen Zimmern.<\/p>\n<h3>9. <a name=\"tschechische-spezialitaeten-genuss-in-der-hauptstadt\"><\/a>Tschechische Spezialit\u00e4ten: Genuss in der Hauptstadt<\/h3>\n<p>M\u00f6chtet ihr das zauberhafte Prag wirklich kennenlernen, k\u00f6nnen wir euch nur empfehlen, euch die tschechische Hauptstadt auch auf der Zunge zergehen zu lassen. In der tschechischen K\u00fcche geht es vorwiegend <strong>herzhaft<\/strong> zu: Allgegenw\u00e4rtig sind etwa <strong>Kn\u00f6del<\/strong>, die entweder als b\u00f6hmische Kn\u00f6del in Scheiben oder im Ganzen serviert werden. Dazu werden gern <strong>Braten, Rotkraut, Pilze<\/strong> und <strong>Preiselbeeren<\/strong> gegessen und ein gutes Bier getrunken. Als vegetarisches Gericht solltet ihr <strong>Sma\u017een\u00fd S\u00fdr<\/strong>, tschechischen Bratk\u00e4se, probieren, der meist mit <strong>tschechischer Tartarsauce<\/strong> gereicht wird. Au\u00dferdem lieben die Einheimischen S\u00fc\u00dfes und Kaffee.<\/p>\n<figure id=\"attachment_21340\" aria-describedby=\"caption-attachment-21340\" style=\"width: 880px\" class=\"wp-caption alignnone\"><a href=\"https:\/\/www.sonnenklar.tv\/blog\/wp-content\/uploads\/2022\/09\/GettyImages-590250126-Trdelnik.jpg\"><img loading=\"lazy\" decoding=\"async\" class=\"size-full wp-image-21340\" src=\"https:\/\/www.sonnenklar.tv\/blog\/wp-content\/uploads\/2022\/09\/GettyImages-590250126-Trdelnik.jpg\" alt=\"Trdeln\u00edk-Stra\u00dfenverkauf in Prag\" width=\"880\" height=\"450\" srcset=\"https:\/\/www.sonnenklar.tv\/blog\/wp-content\/uploads\/2022\/09\/GettyImages-590250126-Trdelnik.jpg 880w, https:\/\/www.sonnenklar.tv\/blog\/wp-content\/uploads\/2022\/09\/GettyImages-590250126-Trdelnik-300x153.jpg 300w, https:\/\/www.sonnenklar.tv\/blog\/wp-content\/uploads\/2022\/09\/GettyImages-590250126-Trdelnik-768x393.jpg 768w\" sizes=\"(max-width: 880px) 100vw, 880px\" \/><\/a><figcaption id=\"caption-attachment-21340\" class=\"wp-caption-text\">Stra\u00dfenverkauf der S\u00fc\u00dfspeise Trdeln\u00edk<\/figcaption><\/figure>\n<p>In charmanten historischen <strong>Kaffeeh\u00e4usern<\/strong> wie dem <strong>Caf\u00e9 Louvre<\/strong> oder dem <strong>Caf\u00e9 Slavia<\/strong> sind nicht nur Kaffee und aufw\u00e4ndige Torten hei\u00df begehrt, sondern ihr taucht auch in den Glanz der vergangenen Habsburgermonarchie ein. Sicherlich lest ihr auf der Speisekarte auch von <strong>Palatschinken<\/strong> oder mit <strong>Pflaumen<\/strong> oder Quark gef\u00fcllten <strong>Hefebuchteln<\/strong>. Packt euch unterwegs auf eurer Sightseeingtour der s\u00fc\u00dfe Hunger, erhaltet ihr an vielen Stra\u00dfenecken der Altstadt die \u00fcber dem offenen Feuer gebackenen <strong>Baumstriezel<\/strong> \u2013 klassisch mit Zimt und Zucker, ausgefallener mit Eiscreme oder Schokoladen\u00fcberzug. Wir w\u00fcnschen dobrou chu\u0165 \u2013 guten Appetit!<\/p>\n<p><strong>Lesetipp<\/strong>: Welche St\u00e4dte kennt ihr noch in unserem Nachbarland? Prag ist zwar die Goldene Stadt, aber bei weitem nicht die einzige &#8211; die sch\u00f6nsten <a href=\"https:\/\/www.sonnenklar.tv\/blog\/tschechiens-schoenste-staedte\/\" target=\"_blank\" rel=\"noopener\">St\u00e4dte in der Tschechischen Republik<\/a> stellen wir euch im n\u00e4chsten Beitrag vor.<\/p>\n<h2>H\u00e4ufige Fragen zu den Prag Sehensw\u00fcrdigkeiten<\/h2>\n<p>Die Stadt Prag mit ihren historischen Sehensw\u00fcrdigkeiten und lebendigen Pl\u00e4tzen ist perfekt f\u00fcr alle, die Kultur mit Genuss verbinden m\u00f6chten. Damit eure St\u00e4dtetour so au\u00dfergew\u00f6hnlich wird, wie ihr sie euch vorstellt, beantworten wir euch die wichtigsten Fragen rund um die Goldene Stadt.<\/p>\n<h3><a name=\"wie-viele-tage-sollte-man-in-prag-verbringen\"><\/a>Wie viele Tage sollte man in Prag verbringen?<\/h3>\n<p>Um ganz entspannt die wichtigsten Sehensw\u00fcrdigkeiten zu erleben, empfehlen wir euch, mindestens drei Tage in Prag zu verbringen \u2013 ideal f\u00fcr ein verl\u00e4ngertes Wochenende. M\u00f6chtet ihr zus\u00e4tzlich Museums- oder Kunstausstellungen besuchen, shoppen, Konzerte besuchen oder die Gegend rund um Prag erkunden, k\u00f6nnt ihr euren Aufenthalt auch gut auf sechs oder sieben Tage ausdehnen.<\/p>\n<h3><a name=\"was-gibt-es-nur-in-prag\"><\/a>Was gibt es nur in Prag?<\/h3>\n<p>Nat\u00fcrlich gibt es auf der ganzen Welt spannende und sch\u00f6ne St\u00e4dte, doch in Prag herrscht ein ganz besonderes Flair. Die Altstadt mit ihren prunkvollen Geb\u00e4uden im Barock- und Jugendstil, der Prager Burg und den pr\u00e4chtigen Parkanlagen l\u00e4sst goldene Zeiten aufleben. Wie einst die b\u00f6hmischen K\u00f6nige spaziert ihr \u00fcber die Karlsbr\u00fccke, die \u00e4lteste Br\u00fccke Prags, oder schlendert wie Franz Kafka durch das Goldene G\u00e4sschen. Dazu bietet Prag eine leckere K\u00fcche, unz\u00e4hlige Einkaufsm\u00f6glichkeiten und versteckte Ecken, an denen jede Menge Prager Sehensw\u00fcrdigkeiten, Kultur und Genuss auf euch warten.<\/p>\n<h3><a name=\"kann-man-prag-zu-fuss-erkunden\"><\/a>Kann man Prag zu Fu\u00df erkunden?<\/h3>\n<p>Die sch\u00f6nsten Sehensw\u00fcrdigkeiten von Prag, etwa die Karlsbr\u00fccke, die Prager Burg mit Veitsdom und Goldenem G\u00e4sschen oder auch den Altst\u00e4dter Ring k\u00f6nnt ihr hervorragend zu Fu\u00df erkunden \u2013 weite Teile der Altstadt sind sogar nur f\u00fcr Fu\u00dfg\u00e4nger freigegeben. Je nachdem, wo euer Hotel liegt, bietet es sich auch an, f\u00fcr einige Strecken die Metro oder ein Taxi zu nutzen.<\/p>\n<h2>Fazit zu den sch\u00f6nsten Prag Sehensw\u00fcrdigkeiten<\/h2>\n<p>Die goldene Stadt besticht mit ihrem faszinierenden Mix aus Historie und Moderne. Schlendert durch die schmalen Gassen der Altstadt, bewundert die prunkvollen Fassaden und entdeckt die kulturellen Sch\u00e4tze Prags. Nehmt euch ausreichend Zeit f\u00fcr die sch\u00f6nsten Sehensw\u00fcrdigkeiten in Prag, um die ganze Vielfalt der pulsierenden Metropole kennenzulernen. Taucht ein in die b\u00f6hmische Kultur und erlebt bei euren Streifz\u00fcgen die Seele der tschechischen Hauptstadt.<\/p>\n<p>Prag ist immer eine Reise wert: Lasst euch von unseren <a href=\"https:\/\/www.sonnenklar.tv\/promo\/staedtereisen-prag.html\" target=\"_blank\" rel=\"noopener\">Angeboten f\u00fcr St\u00e4dtereisen nach Prag<\/a> inspirieren und freut euch auf eine abwechslungsreiche Auszeit.<\/p>\n","protected":false},"excerpt":{"rendered":"<p>Malerisch an der Moldau gelegen, lockt die tschechische Hauptstadt mit einem bezaubernden Mix aus glanzvoller Geschichte, romantischen Gassen in der Altstadt und architektonischen Meisterwerken. Spaziert die uralten Wege mit ihrem Kopfsteinpflaster entlang, bestaunt Sehensw\u00fcrdigkeiten verschiedenster Epochen und genie\u00dft die typisch b\u00f6hmische Kulinarik, die euch in Prag geboten wird. Den Beinamen \u201eGoldene Stadt\u201c erhielt Prag einst<\/p>\n","protected":false},"author":3,"featured_media":21341,"comment_status":"closed","ping_status":"open","sticky":false,"template":"","format":"standard","meta":{"footnotes":""},"categories":[706,697,6,465],"tags":[506,484,568],"class_list":{"0":"post-21280","1":"post","2":"type-post","3":"status-publish","4":"format-standard","5":"has-post-thumbnail","7":"category-sehenswuerdigkeiten","8":"category-reisetipps","9":"category-staedtereisen","10":"category-weitere-laender","11":"tag-aktivitaeten","12":"tag-sehenswuerdigkeiten","13":"tag-tschechien"},"_links":{"self":[{"href":"https:\/\/www.sonnenklar.tv\/blog\/wp-json\/wp\/v2\/posts\/21280","targetHints":{"allow":["GET"]}}],"collection":[{"href":"https:\/\/www.sonnenklar.tv\/blog\/wp-json\/wp\/v2\/posts"}],"about":[{"href":"https:\/\/www.sonnenklar.tv\/blog\/wp-json\/wp\/v2\/types\/post"}],"author":[{"embeddable":true,"href":"https:\/\/www.sonnenklar.tv\/blog\/wp-json\/wp\/v2\/users\/3"}],"replies":[{"embeddable":true,"href":"https:\/\/www.sonnenklar.tv\/blog\/wp-json\/wp\/v2\/comments?post=21280"}],"version-history":[{"count":16,"href":"https:\/\/www.sonnenklar.tv\/blog\/wp-json\/wp\/v2\/posts\/21280\/revisions"}],"predecessor-version":[{"id":37876,"href":"https:\/\/www.sonnenklar.tv\/blog\/wp-json\/wp\/v2\/posts\/21280\/revisions\/37876"}],"wp:featuredmedia":[{"embeddable":true,"href":"https:\/\/www.sonnenklar.tv\/blog\/wp-json\/wp\/v2\/media\/21341"}],"wp:attachment":[{"href":"https:\/\/www.sonnenklar.tv\/blog\/wp-json\/wp\/v2\/media?parent=21280"}],"wp:term":[{"taxonomy":"category","embeddable":true,"href":"https:\/\/www.sonnenklar.tv\/blog\/wp-json\/wp\/v2\/categories?post=21280"},{"taxonomy":"post_tag","embeddable":true,"href":"https:\/\/www.sonnenklar.tv\/blog\/wp-json\/wp\/v2\/tags?post=21280"}],"curies":[{"name":"wp","href":"https:\/\/api.w.org\/{rel}","templated":true}]}}