{"id":21232,"date":"2022-08-30T08:13:36","date_gmt":"2022-08-30T07:13:36","guid":{"rendered":"https:\/\/www.sonnenklar.tv\/blog\/?p=21232"},"modified":"2023-11-02T14:59:33","modified_gmt":"2023-11-02T13:59:33","slug":"formentera-straende","status":"publish","type":"post","link":"https:\/\/www.sonnenklar.tv\/blog\/reisearten\/badeurlaub\/formentera-straende\/","title":{"rendered":"Die 7 sch\u00f6nsten Formentera Str\u00e4nde \u2013 fast wie in der Karibik"},"content":{"rendered":"<p><strong>Ihr braucht dringend mal wieder eine Auszeit und wollt Ruhe und Entspannung genie\u00dfen? Wenn euch der Flug in die Karibik zu lange dauert, probiert es doch mal mit der \u201ekleinen Karibik\u201c im Mittelmeer. So wird die Baleareninsel Formentera oft genannt und wenn ihr die Traumstr\u00e4nde dort gesehen habt, wisst ihr warum.<\/strong><\/p>\n<p>Die zweitkleinste Insel der Balearen liegt s\u00fcdlich von Ibiza und ist ein Geheimtipp f\u00fcr alle, die einen <strong>ruhigen Urlaub<\/strong> verbringen wollen. Formentera ist ungef\u00e4hr viermal so gro\u00df wie die Fl\u00e4che des Frankfurter Flughafens, sodass ihr sie am besten mit dem <strong>Fahrrad<\/strong> oder beim <strong>Wandern<\/strong> erkundet. Im S\u00fcden und Osten der Insel ist die K\u00fcste felsig, was mit ein Grund ist, dass die meisten der etwa 12.000 Einwohner im Norden leben. Es hei\u00dft, dass ihr hier das <strong>klarste Wasser<\/strong> des Mittelmeers findet. Ob das wirklich so ist, k\u00f6nnt ihr an den Traumstr\u00e4nden vor Ort selbst pr\u00fcfen, doch wir stellen euch unsere sieben sch\u00f6nsten Formentera Str\u00e4nde zun\u00e4chst einmal vor.<\/p>\n<p><strong>Inhaltsverzeichnis<\/strong><\/p>\n<p>Formentera Str\u00e4nde \u2013 traumhaft sch\u00f6n und meist sehr ruhig<\/p>\n<ol>\n<li><a href=\"#strand-formentera-migjorn\">Playa de Migjorn \u2013 der l\u00e4ngste Strand Formenteras<\/a><\/li>\n<li><a href=\"#formentera-strand-ses-illetes\">Playa de Ses Illetes \u2013 der sch\u00f6nste Strand<\/a><\/li>\n<li><a href=\"#formentera-strand-llevant\">Playa de Llevant \u2013 Nachbar von Ses Illetes<\/a><\/li>\n<li><a href=\"#formentera-strand-borras\">Playa Cavall d\u2019en Borr\u00e0s \u2013 ein ruhiger Strand<\/a><\/li>\n<li><a href=\"#formentera-strand-cala-saona\">Cala Saona \u2013 kleine Badebucht an der Westk\u00fcste<\/a><\/li>\n<li><a href=\"#formentera-strand-es-pujols\">Playa Es Pujols \u2013 Strand mit Promenade<\/a><\/li>\n<li><a href=\"#fromentera-strand-calo-des-mort\">Cal\u00f3 des Mort \u2013 eine versteckte Strandperle<\/a><\/li>\n<\/ol>\n<p>H\u00e4ufig gestellte Fragen zu den Formentera Str\u00e4nden<\/p>\n<ul>\n<li><a href=\"#formentera-strand-wo\">Wo ist es am sch\u00f6nsten auf Formentera?<\/a><\/li>\n<li><a href=\"#formentera-strand-schnorcheln\">Wo kann man auf Formentera schnorcheln?<\/a><\/li>\n<li><a href=\"#formentera-strand-reisezeit\">Wann ist die beste Reisezeit f\u00fcr Formentera?<\/a><\/li>\n<\/ul>\n<h2>Das Wichtigste im \u00dcberblick<\/h2>\n<ul>\n<li>Die Nachbarinsel von Ibiza besticht mit einem entspannten Mix aus <strong>Traumstr\u00e4nden<\/strong> und authentischem <strong>Balearen-Flair<\/strong>.<\/li>\n<li>An vielen <strong>Str\u00e4nden<\/strong> wird es zumindest toleriert, wenn ihr <strong>nahtlos<\/strong> <strong>braun<\/strong> werden wollt.<\/li>\n<li>Baden an einem der <strong>sch\u00f6nsten Str\u00e4nde der Welt<\/strong> oder in einer ruhigen und <strong>abgelegenen Bucht<\/strong> \u2013 die Formentera Str\u00e4nde bieten eine gro\u00dfe <strong>Vielfalt<\/strong>.<\/li>\n<\/ul>\n<h2>Formentera Str\u00e4nde \u2013 traumhaft sch\u00f6n und meist sehr ruhig<\/h2>\n<p>Auch wenn die Insel relativ klein ist, hat sie doch einige Str\u00e4nde zu bieten, sodass hier fast jeder seinen Lieblingsstrand finden kann. Vor allem, wenn ihr Ruhe und Entspannung sucht, werdet ihr auf Formentera ein St\u00fcck vom Paradies finden.<\/p>\n<h3>1.<a name=\"strand-formentera-migjorn\"><\/a>Playa de Migjorn \u2013 der l\u00e4ngste Strand Formenteras<\/h3>\n<p>Die S\u00fcdk\u00fcste von Formentera ist gepr\u00e4gt von einer <strong>langgestreckten Bucht<\/strong>, die sich hier weit ins Land schiebt. Ziemlich genau in der Mitte dieser Bucht liegt der fast <strong>sieben Kilometer<\/strong> lange Strand Playa de Migjorn. In den 1960er Jahren trafen sich hier <strong>Hippies<\/strong> und ihre Idole zum Baden. Unter anderem waren die Jungs von Pink Floyd, Jimmy Hendrix und Bob Dylan zu Gast. Der Playa de Migjorn zeichnet sich vor allem dadurch aus, dass er besonders <strong>vielseitig<\/strong> ist. So findet ihr ebenso Abschnitte mit <strong>feinem<\/strong>, wei\u00dfem oder goldgelbem <strong>Sand<\/strong> wie auch felsige Abschnitte und <strong>kleinere Buchten<\/strong>.<\/p>\n<figure id=\"attachment_21256\" aria-describedby=\"caption-attachment-21256\" style=\"width: 880px\" class=\"wp-caption aligncenter\"><a href=\"https:\/\/www.sonnenklar.tv\/blog\/wp-content\/uploads\/2022\/09\/GettyImages-464720856-Platja-de-Migjorn.jpg\"><img fetchpriority=\"high\" decoding=\"async\" class=\"wp-image-21256 size-full\" src=\"https:\/\/www.sonnenklar.tv\/blog\/wp-content\/uploads\/2022\/09\/GettyImages-464720856-Platja-de-Migjorn.jpg\" alt=\"Platja de Migjorn auf Formentera in Spanien\" width=\"880\" height=\"450\" srcset=\"https:\/\/www.sonnenklar.tv\/blog\/wp-content\/uploads\/2022\/09\/GettyImages-464720856-Platja-de-Migjorn.jpg 880w, https:\/\/www.sonnenklar.tv\/blog\/wp-content\/uploads\/2022\/09\/GettyImages-464720856-Platja-de-Migjorn-300x153.jpg 300w, https:\/\/www.sonnenklar.tv\/blog\/wp-content\/uploads\/2022\/09\/GettyImages-464720856-Platja-de-Migjorn-768x393.jpg 768w\" sizes=\"(max-width: 880px) 100vw, 880px\" \/><\/a><figcaption id=\"caption-attachment-21256\" class=\"wp-caption-text\">Der Platja de Migjorn bietet aufgrund seiner Vielfalt jedem das passende Badevergn\u00fcgen<\/figcaption><\/figure>\n<p>Die <strong>Blue Bar<\/strong>, die schon in den 1960er Jahren die illustre G\u00e4steschar begr\u00fc\u00dfte, ist noch immer eines der Highlights am Strand. Es befinden sich aber entlang des Strands noch viele andere <strong>Restaurants<\/strong> und <strong>Chiringuitos<\/strong> (Kioske). Ihr habt an diesem Strand also die Wahl zwischen belebtem und coolem Strandfeeling und Ruhe und Entspannung in malerischen <strong>D\u00fcnenlandschaften<\/strong>.<\/p>\n\n<table id=\"tablepress-194\" class=\"tablepress tablepress-id-194\">\n<thead>\n<tr class=\"row-1\">\n\t<th colspan=\"2\" class=\"column-1\">Die Playa Migjorn im \u00dcberblick<\/th>\n<\/tr>\n<\/thead>\n<tbody class=\"row-striping row-hover\">\n<tr class=\"row-2\">\n\t<td class=\"column-1\"><strong>Perfekt f\u00fcr:<\/strong><\/td><td class=\"column-2\">Familien, Paare, Ruhesuchende, Sonnenbaden, FKK, Wassersport, Sonnenuntergang, Strandspazierg\u00e4nge, Tauchen, Schnorcheln, Windsurfen<\/td>\n<\/tr>\n<tr class=\"row-3\">\n\t<td class=\"column-1\"><strong>Besonderheit:<\/strong><\/td><td class=\"column-2\">Zuweilen m\u00fcsst ihr mit gef\u00e4hrlichen Str\u00f6mungen rechnen. Achtet deshalb auf die Beflaggung am Strand und meidet die Abschnitte, an denen eine rote Fahne weht.<\/td>\n<\/tr>\n<tr class=\"row-4\">\n\t<td class=\"column-1\"><strong>Erreichbarkeit:<\/strong><\/td><td class=\"column-2\">Mit dem Auto erreicht ihr den Strand \u00fcber eine befestigte Stra\u00dfe. Entlang des Strands gibt es bei den einzelnen Abschnitten gen\u00fcgend Parkpl\u00e4tze. Da Formentera eine kleine Insel ist, empfehlen wir euch, ein Fahrrad zu mieten.<\/td>\n<\/tr>\n<tr class=\"row-5\">\n\t<td class=\"column-1\"><strong>Ausstattung:<\/strong><\/td><td class=\"column-2\">Parkpl\u00e4tze, sanit\u00e4re Anlagen, Gastronomie, Liegest\u00fchle, Windsurfschule<\/td>\n<\/tr>\n<\/tbody>\n<\/table>\n<!-- #tablepress-194 from cache -->\n<h3>2.<a name=\"formentera-strand-ses-illetes\"><\/a>Playa de Ses Illetes \u2013 der sch\u00f6nste Strand<\/h3>\n<p>Auf der anderen Inselseite im <strong>Norden<\/strong> erwartet euch ein Strand, der es regelm\u00e4\u00dfig in die <strong>Top Ten der sch\u00f6nsten Str\u00e4nde<\/strong> der Welt schafft. Feinster, wei\u00dfer Sand und eine malerische <strong>D\u00fcnenlandschaft<\/strong> sorgen daf\u00fcr, dass ihr euch an einem Traumstrand in der Karibik w\u00e4hnt. Da der Strand <strong>sanft<\/strong> ins klare Wasser <strong>abf\u00e4llt<\/strong>, k\u00f6nnen hier auch unge\u00fcbte Schwimmer ein Bad im Meer genie\u00dfen. Der Playa Ses Illetes zieht sich \u00fcber <strong>mehrere Kilometer<\/strong> und so ist dieser sehr beliebte Strand niemals \u00fcberf\u00fcllt.<\/p>\n<figure id=\"attachment_19478\" aria-describedby=\"caption-attachment-19478\" style=\"width: 880px\" class=\"wp-caption aligncenter\"><a href=\"https:\/\/www.sonnenklar.tv\/blog\/wp-content\/uploads\/2022\/04\/GettyImages-504685915.jpg\"><img decoding=\"async\" class=\"wp-image-19478 size-full\" src=\"https:\/\/www.sonnenklar.tv\/blog\/wp-content\/uploads\/2022\/04\/GettyImages-504685915.jpg\" alt=\"Playa de Ses Illetes auf Formentera\" width=\"880\" height=\"450\" srcset=\"https:\/\/www.sonnenklar.tv\/blog\/wp-content\/uploads\/2022\/04\/GettyImages-504685915.jpg 880w, https:\/\/www.sonnenklar.tv\/blog\/wp-content\/uploads\/2022\/04\/GettyImages-504685915-300x153.jpg 300w, https:\/\/www.sonnenklar.tv\/blog\/wp-content\/uploads\/2022\/04\/GettyImages-504685915-768x393.jpg 768w\" sizes=\"(max-width: 880px) 100vw, 880px\" \/><\/a><figcaption id=\"caption-attachment-19478\" class=\"wp-caption-text\">Im kristallklaren Wasser mit Aussicht auf Ibiza badet es sich an der Playa de Ses Illetes besonders sch\u00f6n<\/figcaption><\/figure>\n<p>Der Strand liegt zwar mitten in einem <strong>Naturschutzgebiet<\/strong>, bietet euch aber dennoch Alles, was man an so einem traumhaften Ort erwartet. Es gibt einige <strong>Restaurants<\/strong>, darunter auch sehr exklusive und ein breites Angebot an <strong>Wassersport<\/strong>. F\u00fcr alle, die es gerne etwas <strong>ruhiger<\/strong> haben m\u00f6chten, finden entlang der D\u00fcnen sch\u00f6ne Pl\u00e4tzchen, an denen ihr einfach euer Handtuch ausbreitet und die Sonne genie\u00dft. Drau\u00dfen auf dem Meer schaukeln derweil fast immer ein paar Yachten im blauen Wasser. Manchmal sind sogar prominente G\u00e4ste an Bord. Ses Illetes ist ein echtes <strong>Strandparadies<\/strong>.<\/p>\n\n<table id=\"tablepress-195\" class=\"tablepress tablepress-id-195\">\n<thead>\n<tr class=\"row-1\">\n\t<th colspan=\"2\" class=\"column-1\">Die Playa Ses Illetes im \u00dcberblick<\/th>\n<\/tr>\n<\/thead>\n<tbody class=\"row-hover\">\n<tr class=\"row-2\">\n\t<td class=\"column-1\"><strong>Perfekt f\u00fcr:<\/strong><\/td><td class=\"column-2\">Paare, Familien, Wassersport, FKK, Sonnenbaden, Naturliebhaber, Windsurfen, Stand Up Paddeling, Schnorcheln<\/td>\n<\/tr>\n<tr class=\"row-3\">\n\t<td class=\"column-1\"><strong>Besonderheit:<\/strong><\/td><td class=\"column-2\">Es gibt viele Stimmen, die sagen, dass man diesen Strand einmal gesehen haben muss.<\/td>\n<\/tr>\n<tr class=\"row-4\">\n\t<td class=\"column-1\"><strong>Erreichbarkeit:<\/strong><\/td><td class=\"column-2\">Wenn ihr mit Auto anreist, wird eine kleine Eintrittsgeb\u00fchr f\u00fcr das Naturschutzgebiet erhoben. Daher empfiehlt es sich, auch hier mit dem Fahrrad oder zu Fu\u00df an den Strand zu kommen.<\/td>\n<\/tr>\n<tr class=\"row-5\">\n\t<td class=\"column-1\"><strong>Ausstattung:<\/strong><\/td><td class=\"column-2\">Parkpl\u00e4tze, sanit\u00e4re Anlagen, Rettungsschwimmer, Liegest\u00fchle, Gastronomie, Surfschulen, Verleih vom Wassersportequipment<\/td>\n<\/tr>\n<\/tbody>\n<\/table>\n<!-- #tablepress-195 from cache -->\n<h3>3.<a name=\"formentera-strand-llevant\"><\/a>Playa de Llevant \u2013 Nachbar von Ses Illetes<\/h3>\n<p>Die Grenze zwischen dem Playa Ses Illetes und Playa Llevant ist flie\u00dfend. Am Playa Llevant fehlen aber die D\u00fcnen und es gibt <strong>keinerlei Infrastruktur<\/strong>. Hier findet ihr viel Ruhe und <strong>Entspannung<\/strong>, auch wenn der Strand durchaus gut besucht ist. Da er aber sehr weitl\u00e4ufig ist, werdet ihr auf der Suche nach einem <strong>gem\u00fctlichen Platz<\/strong> schnell f\u00fcndig und k\u00f6nnt die Sonne und das Meer mit Blick auf die vorgelagerte <strong>Insel S\u2019Espalmador<\/strong> und in der Ferne die S\u00fcdk\u00fcste von <strong>Ibiza<\/strong> genie\u00dfen.<\/p>\n<figure id=\"attachment_21257\" aria-describedby=\"caption-attachment-21257\" style=\"width: 880px\" class=\"wp-caption aligncenter\"><a href=\"https:\/\/www.sonnenklar.tv\/blog\/wp-content\/uploads\/2022\/09\/GettyImages-541324946-Platja-de-LLevant.jpg\"><img decoding=\"async\" class=\"wp-image-21257 size-full\" src=\"https:\/\/www.sonnenklar.tv\/blog\/wp-content\/uploads\/2022\/09\/GettyImages-541324946-Platja-de-LLevant.jpg\" alt=\"Platja de LLevant auf Formentera in Spanien\" width=\"880\" height=\"450\" srcset=\"https:\/\/www.sonnenklar.tv\/blog\/wp-content\/uploads\/2022\/09\/GettyImages-541324946-Platja-de-LLevant.jpg 880w, https:\/\/www.sonnenklar.tv\/blog\/wp-content\/uploads\/2022\/09\/GettyImages-541324946-Platja-de-LLevant-300x153.jpg 300w, https:\/\/www.sonnenklar.tv\/blog\/wp-content\/uploads\/2022\/09\/GettyImages-541324946-Platja-de-LLevant-768x393.jpg 768w\" sizes=\"(max-width: 880px) 100vw, 880px\" \/><\/a><figcaption id=\"caption-attachment-21257\" class=\"wp-caption-text\">H\u00e4ufig gut besucht: Platja de Llevant<\/figcaption><\/figure>\n<p>Am Playa Llevant findet ihr genauso weichen, wei\u00dfen Sand und <strong>seichtes Wasser<\/strong>, das in allen erdenklichen T\u00fcrkis- und Blaut\u00f6nen schimmert. Da auch dieser Strand im <strong>Naturschutzgebiet<\/strong> liegt, ist er auf eine angenehme Art naturbelassen. Beliebt ist der Strand aus diesem Grund bei <strong>Paaren<\/strong> und auch die LGBTQ Szene trifft sich hier gerne. Weil es hier nur sehr flache oder gar keine D\u00fcnen gibt, kann es manchmal etwas windig werden. An einem hei\u00dfen Sommertag ist das aber durchaus sehr angenehm.<\/p>\n\n<table id=\"tablepress-196\" class=\"tablepress tablepress-id-196\">\n<thead>\n<tr class=\"row-1\">\n\t<th colspan=\"2\" class=\"column-1\">Die Playa Llevant im \u00dcberblick<\/th>\n<\/tr>\n<\/thead>\n<tbody class=\"row-hover\">\n<tr class=\"row-2\">\n\t<td class=\"column-1\"><strong>Perfekt f\u00fcr:<\/strong><\/td><td class=\"column-2\">Paare, Ruhesuchende, Naturliebhaber, FKK, Sonnenbaden, Sonnenuntergang, LGBTQ<\/td>\n<\/tr>\n<tr class=\"row-3\">\n\t<td class=\"column-1\"><strong>Besonderheit:<\/strong><\/td><td class=\"column-2\">An diesem Strand herrscht eine sehr offene Atmosph\u00e4re, die daf\u00fcr sorgt, dass man auch neue Bekanntschaften schlie\u00dfen kann.<\/td>\n<\/tr>\n<tr class=\"row-4\">\n\t<td class=\"column-1\"><strong>Erreichbarkeit:<\/strong><\/td><td class=\"column-2\">Zum Strand f\u00fchrt nur eine Schotterpiste und es gibt wenige Parkpl\u00e4tze, daher empfiehlt sich die Anreise zu Fu\u00df oder mit dem Fahrrad.<\/td>\n<\/tr>\n<tr class=\"row-5\">\n\t<td class=\"column-1\"><strong>Ausstattung:<\/strong><\/td><td class=\"column-2\">Keine<\/td>\n<\/tr>\n<\/tbody>\n<\/table>\n<!-- #tablepress-196 from cache -->\n<h3>4.<a name=\"formentera-strand-borras\"><\/a>Playa Cavall d\u2019en Borr\u00e0s \u2013 ein ruhiger Strand<\/h3>\n<p>Obwohl dieser sch\u00f6ne, von <strong>Pinienwald<\/strong> und <strong>D\u00fcnen<\/strong> ges\u00e4umte Strand nur wenige Gehminuten vom F\u00e4hrhafen in <strong>La Savina<\/strong> entfernt ist, pilgern die Scharen auf dem Weg zum Playa Ses Illetes an ihm vorbei. Das ist gut f\u00fcr diejenigen unter euch, die einen Strand mit <strong>Komfort<\/strong> und <strong>Ruhe<\/strong> suchen. Cavall d\u2019en Borr\u00e0s ist etwa einen Kilometer lang und besteht aus den beiden Abschnitten <strong>El Tibur\u00f3n<\/strong> und <strong>Beso Beach<\/strong>. Die Abschnitte sind benannt nach einem Restaurant und einer Beach Bar, die sich in den D\u00fcnen hinter dem Strand befinden.<\/p>\n<figure id=\"attachment_21258\" aria-describedby=\"caption-attachment-21258\" style=\"width: 880px\" class=\"wp-caption aligncenter\"><a href=\"https:\/\/www.sonnenklar.tv\/blog\/wp-content\/uploads\/2022\/09\/GettyImages-541325160-Cavall-dEn-Borras.jpg\"><img loading=\"lazy\" decoding=\"async\" class=\"wp-image-21258 size-full\" src=\"https:\/\/www.sonnenklar.tv\/blog\/wp-content\/uploads\/2022\/09\/GettyImages-541325160-Cavall-dEn-Borras.jpg\" alt=\"Cavall d'En Borr\u00e0s auf Formentera in Spanien\" width=\"880\" height=\"450\" srcset=\"https:\/\/www.sonnenklar.tv\/blog\/wp-content\/uploads\/2022\/09\/GettyImages-541325160-Cavall-dEn-Borras.jpg 880w, https:\/\/www.sonnenklar.tv\/blog\/wp-content\/uploads\/2022\/09\/GettyImages-541325160-Cavall-dEn-Borras-300x153.jpg 300w, https:\/\/www.sonnenklar.tv\/blog\/wp-content\/uploads\/2022\/09\/GettyImages-541325160-Cavall-dEn-Borras-768x393.jpg 768w\" sizes=\"(max-width: 880px) 100vw, 880px\" \/><\/a><figcaption id=\"caption-attachment-21258\" class=\"wp-caption-text\">Besonders sch\u00f6n bei Sonnenuntergang: Cavall d&#8217;En Borr\u00e0s<\/figcaption><\/figure>\n<p>Vielleicht ist es an diesem Strand ruhiger, weil hier von Zeit zu Zeit ein paar Algen angeschwemmt werden, die nicht immer sofort wegger\u00e4umt werden. Das <strong>Wasser<\/strong> ist hier jedoch so <strong>klar<\/strong> und <strong>blau<\/strong> wie an den anderen Formentera Str\u00e4nden auch und der Einstieg ins Wasser ist flach. Es gibt also gute Gr\u00fcnde, an diesem Strand einen entspannten Badetag zu verbringen.<\/p>\n\n<table id=\"tablepress-197\" class=\"tablepress tablepress-id-197\">\n<thead>\n<tr class=\"row-1\">\n\t<th colspan=\"2\" class=\"column-1\">Die Playa Cavall d\u2019en Borr\u00e0s im \u00dcberblick<\/th>\n<\/tr>\n<\/thead>\n<tbody class=\"row-hover\">\n<tr class=\"row-2\">\n\t<td class=\"column-1\">Perfekt f\u00fcr:<\/td><td class=\"column-2\">Paare, Familien, Ruhesuchende, Entspannen, Sonnenbaden, wenig ge\u00fcbte Schwimmer, FKK<\/td>\n<\/tr>\n<tr class=\"row-3\">\n\t<td class=\"column-1\">Besonderheit:<\/td><td class=\"column-2\">Der Strand selbst ist nicht ausgeschildert, aber wenn ihr zum Restaurant oder zur Beach Bar fahrt, findet ihr den Zugang leicht.<\/td>\n<\/tr>\n<tr class=\"row-4\">\n\t<td class=\"column-1\">Erreichbarkeit:<\/td><td class=\"column-2\">Nur etwa zwei Kilometer von La Savina entfernt, ist dieser Strand vom F\u00e4hrhafen aus sehr gut zu Fu\u00df oder mit dem Fahrrad zu erreichen. Es gibt aber auch eine Stra\u00dfe, die zum Strand f\u00fchrt.<\/td>\n<\/tr>\n<tr class=\"row-5\">\n\t<td class=\"column-1\">Ausstattung:<\/td><td class=\"column-2\">Parkpl\u00e4tze, Duschen, sanit\u00e4re Anlagen, Liegest\u00fchle, Gastronomie<\/td>\n<\/tr>\n<\/tbody>\n<\/table>\n<!-- #tablepress-197 from cache -->\n<h3>5.<a name=\"formentera-strand-cala-saona\"><\/a>Cala Saona \u2013 kleine Badebucht an der Westk\u00fcste<\/h3>\n<p>Die Westk\u00fcste von Formentera ist auf weiten Strecken eher felsig und bietet kaum Pl\u00e4tze zum Baden. Etwa in der Mitte dieser Inselseite findet sich eine <strong>Badebucht<\/strong>, die in die Kategorie klein, aber fein f\u00e4llt. Eingerahmt von <strong>roten Felsen<\/strong> und <strong>Pinienw\u00e4ldern<\/strong> findet ihr dort den f\u00fcr die Insel typischen weichen, <strong>wei\u00dfen Sand<\/strong> und das <strong>t\u00fcrkisblaue<\/strong> Wasser. Euch erwartet an der Cala Saona also eine farbenpr\u00e4chtige <strong>Strandidylle<\/strong>. Der seichte Einstieg ins Meer macht diesen Strand obendrein perfekt f\u00fcr alle, die keine ge\u00fcbten Schwimmer sind.<\/p>\n<figure id=\"attachment_21259\" aria-describedby=\"caption-attachment-21259\" style=\"width: 880px\" class=\"wp-caption aligncenter\"><a href=\"https:\/\/www.sonnenklar.tv\/blog\/wp-content\/uploads\/2022\/09\/GettyImages-506694889-Cala-Saona.jpg\"><img loading=\"lazy\" decoding=\"async\" class=\"wp-image-21259 size-full\" src=\"https:\/\/www.sonnenklar.tv\/blog\/wp-content\/uploads\/2022\/09\/GettyImages-506694889-Cala-Saona.jpg\" alt=\"Cala-Saona-Badebucht auf Formentera in Spanien\" width=\"880\" height=\"450\" srcset=\"https:\/\/www.sonnenklar.tv\/blog\/wp-content\/uploads\/2022\/09\/GettyImages-506694889-Cala-Saona.jpg 880w, https:\/\/www.sonnenklar.tv\/blog\/wp-content\/uploads\/2022\/09\/GettyImages-506694889-Cala-Saona-300x153.jpg 300w, https:\/\/www.sonnenklar.tv\/blog\/wp-content\/uploads\/2022\/09\/GettyImages-506694889-Cala-Saona-768x393.jpg 768w\" sizes=\"(max-width: 880px) 100vw, 880px\" \/><\/a><figcaption id=\"caption-attachment-21259\" class=\"wp-caption-text\">Cala Saona \u2013 entz\u00fcckende Badebucht<\/figcaption><\/figure>\n<p>Zum besonderen <strong>Ambiente<\/strong> an diesem Strand tragen auch noch ein paar Fischerh\u00fctten bei. Das Wasser hier ist wie \u00fcberall auf der Insel besonders klar und so solltet ihr unbedingt euer <strong>Schnorchelequipment<\/strong> mitbringen. F\u00fcr alle, die gerne richtig unter Wasser sein wollen, gibt es hier eine <strong>Tauchschule<\/strong>. Auf der einen Seite des Strands k\u00f6nnt ihr euch an einem <strong>Chiringuito<\/strong> versorgen, am anderen Ende gibt es ein <strong>Restaurant<\/strong>, dessen Terrasse euch traumhafte Ausblicke auf den <strong>Sonnenuntergang<\/strong> gew\u00e4hrt.<\/p>\n\n<table id=\"tablepress-198\" class=\"tablepress tablepress-id-198\">\n<thead>\n<tr class=\"row-1\">\n\t<th colspan=\"2\" class=\"column-1\">Die Playa Cala Saona im \u00dcberblick<\/th>\n<\/tr>\n<\/thead>\n<tbody class=\"row-hover\">\n<tr class=\"row-2\">\n\t<td class=\"column-1\"><strong>Perfekt f\u00fcr:<\/strong><\/td><td class=\"column-2\">Familien, Schnorchler, Taucher, Sonnenbaden, Genie\u00dfer<\/td>\n<\/tr>\n<tr class=\"row-3\">\n\t<td class=\"column-1\"><strong>Besonderheit:<\/strong><\/td><td class=\"column-2\">Rote Felsen, wei\u00dfer Sand, t\u00fcrkisfarbenes Meer \u2013 hier hat die Natur ein echtes Kunstwerk geschaffen.<\/td>\n<\/tr>\n<tr class=\"row-4\">\n\t<td class=\"column-1\"><strong>Erreichbarkeit:<\/strong><\/td><td class=\"column-2\">Mit dem Auto erreicht ihr die Cala Saona in etwa 15 Minuten ab La Savina.<\/td>\n<\/tr>\n<tr class=\"row-5\">\n\t<td class=\"column-1\"><strong>Ausstattung:<\/strong><\/td><td class=\"column-2\">Parkpl\u00e4tze, sanit\u00e4re Anlagen, Gastronomie, Liegest\u00fchle<\/td>\n<\/tr>\n<\/tbody>\n<\/table>\n<!-- #tablepress-198 from cache -->\n<h3>6.<a name=\"formentera-strand-es-pujols\"><\/a>Playa Es Pujols \u2013 Strand mit Promenade<\/h3>\n<p>Es Pujols ist der Ort auf Formentera mit den <strong>meisten Hotels<\/strong> und der besten touristischen <strong>Infrastruktur<\/strong>. Der Ort liegt auf einer Landzunge zwischen dem Meer und einem <strong>Salzsee<\/strong>. Der lange Strand bietet wie alle Str\u00e4nde auf Formentera feinsten, wei\u00dfen Sand, wird hier aber von einer <strong>Promenade<\/strong> begrenzt, an der sich viele charmante <strong>Restaurants<\/strong> und <strong>Caf\u00e9s<\/strong> befinden. Dadurch und dank vieler weiterer Einrichtungen bietet euch dieser Strand den meisten <strong>Komfort<\/strong> unter den Formentera Str\u00e4nden.<\/p>\n<figure id=\"attachment_21260\" aria-describedby=\"caption-attachment-21260\" style=\"width: 880px\" class=\"wp-caption aligncenter\"><a href=\"https:\/\/www.sonnenklar.tv\/blog\/wp-content\/uploads\/2022\/09\/GettyImages-168825275-Es-Pujols.jpg\"><img loading=\"lazy\" decoding=\"async\" class=\"wp-image-21260 size-full\" src=\"https:\/\/www.sonnenklar.tv\/blog\/wp-content\/uploads\/2022\/09\/GettyImages-168825275-Es-Pujols.jpg\" alt=\"Strand in Es Pujols auf Formentera in Spanien\" width=\"880\" height=\"450\" srcset=\"https:\/\/www.sonnenklar.tv\/blog\/wp-content\/uploads\/2022\/09\/GettyImages-168825275-Es-Pujols.jpg 880w, https:\/\/www.sonnenklar.tv\/blog\/wp-content\/uploads\/2022\/09\/GettyImages-168825275-Es-Pujols-300x153.jpg 300w, https:\/\/www.sonnenklar.tv\/blog\/wp-content\/uploads\/2022\/09\/GettyImages-168825275-Es-Pujols-768x393.jpg 768w\" sizes=\"(max-width: 880px) 100vw, 880px\" \/><\/a><figcaption id=\"caption-attachment-21260\" class=\"wp-caption-text\">Der Strand in Es Pujols bietet den meisten Komfort<\/figcaption><\/figure>\n<p>Wenn ihr eine Unterkunft in Es Pujols gebucht habt, erreicht ihr den Strand <strong>bequem<\/strong> <strong>zu Fu\u00df<\/strong>. Allerdings nutzen in der Hochsaison viele G\u00e4ste diesen Vorteil und so kann es am Strand von Es Pujols auch mal etwas voller werden. Aktive G\u00e4ste freuen sich an diesem <strong>Textilstrand<\/strong> \u00fcber ein breites <strong>Wassersportangebot<\/strong>, das die hier ans\u00e4ssige Surfschule in petto hat. Der sanfte Einstieg ins Wasser ist sehr hilfreich, wenn ihr das <strong>Windsurfen<\/strong> erst noch lernen wollt. Wenn ihr ein bisschen Spa\u00df haben m\u00f6chtet, bucht doch einen Ritt auf dem <strong>Banana Boat<\/strong>.<\/p>\n\n<table id=\"tablepress-199\" class=\"tablepress tablepress-id-199\">\n<thead>\n<tr class=\"row-1\">\n\t<th colspan=\"2\" class=\"column-1\">Die Playa Es Pujols im \u00dcberblick<\/th>\n<\/tr>\n<\/thead>\n<tbody class=\"row-hover\">\n<tr class=\"row-2\">\n\t<td class=\"column-1\"><strong>Perfekt f\u00fcr:<\/strong><\/td><td class=\"column-2\">Paare, Familien, Wassersport, Action, Unterhaltung, Komfortliebhaber<\/td>\n<\/tr>\n<tr class=\"row-3\">\n\t<td class=\"column-1\"><strong>Besonderheit:<\/strong><\/td><td class=\"column-2\">Ein kleines St\u00fcck weiter n\u00f6rdlich k\u00f6nnt ihr am Strand <strong>Sa Roqueta <\/strong>auch h\u00fcllenlos ins Wasser gehen.<\/td>\n<\/tr>\n<tr class=\"row-4\">\n\t<td class=\"column-1\"><strong>Erreichbarkeit:<\/strong><\/td><td class=\"column-2\">Der Strand ist von den Hotels in Es Pujols schnell zu Fu\u00df erreicht.<\/td>\n<\/tr>\n<tr class=\"row-5\">\n\t<td class=\"column-1\"><strong>Ausstattung:<\/strong><\/td><td class=\"column-2\">Parkpl\u00e4tze, sanit\u00e4re Anlagen, Liegest\u00fchle, Verleih von Kanus, Tretbooten, Gastronomie<\/td>\n<\/tr>\n<\/tbody>\n<\/table>\n<!-- #tablepress-199 from cache -->\n[otw_shortcode_info_box border_type=&#8220;bordered&#8220; border_color_class=&#8220;otw-orange-border&#8220; border_style=&#8220;bordered&#8220;]<strong>Hoteltipp:<\/strong> Eine echte Wohlf\u00fchloase am Playa Es Pujols bietet das moderne <a href=\"https:\/\/www.sonnenklar.tv\/beschreibung\/Spanien\/Formentera\/Playa_Es_Pujols\/Levante.html\" target=\"_blank\" rel=\"noopener\">Hotel Levante<\/a> mit h\u00fcbschem Garten und N\u00e4he zum Strand. [\/otw_shortcode_info_box]\n<h3>7.<a name=\"fromentera-strand-calo-des-mort\"><\/a>Cal\u00f3 des Mort \u2013 eine versteckte Strandperle<\/h3>\n<p>Zwischen den belebten Str\u00e4nden von Es Arenals und Es Cupina im S\u00fcdosten von Formentera verbirgt sich dieses Kleinod. Die kleine Bucht ist umrahmt von <strong>Felsen<\/strong>, die ihr teilweise auch als <strong>Liegefl\u00e4che<\/strong> nutzen k\u00f6nnt. Ein schmaler Sandstreifen f\u00fchrt zum flachen Wasser, das auch hier besonders klar ist. Der Weg zu diesem Strand f\u00fchrt euch entweder \u00fcber die <strong>Brandungsfelsen<\/strong> am Wasser entlang oder \u00fcber einen <strong>Pfad<\/strong> auf den <strong>Klippen<\/strong> und dann \u00fcber eine Treppe zum Strand.<\/p>\n<figure id=\"attachment_21262\" aria-describedby=\"caption-attachment-21262\" style=\"width: 880px\" class=\"wp-caption aligncenter\"><a href=\"https:\/\/www.sonnenklar.tv\/blog\/wp-content\/uploads\/2022\/09\/GettyImages-1318679453-Calo-des-Mort.jpg\"><img loading=\"lazy\" decoding=\"async\" class=\"wp-image-21262 size-full\" src=\"https:\/\/www.sonnenklar.tv\/blog\/wp-content\/uploads\/2022\/09\/GettyImages-1318679453-Calo-des-Mort.jpg\" alt=\"Cal\u00f3 d'es Mort auf Formentera in Spanien\" width=\"880\" height=\"450\" srcset=\"https:\/\/www.sonnenklar.tv\/blog\/wp-content\/uploads\/2022\/09\/GettyImages-1318679453-Calo-des-Mort.jpg 880w, https:\/\/www.sonnenklar.tv\/blog\/wp-content\/uploads\/2022\/09\/GettyImages-1318679453-Calo-des-Mort-300x153.jpg 300w, https:\/\/www.sonnenklar.tv\/blog\/wp-content\/uploads\/2022\/09\/GettyImages-1318679453-Calo-des-Mort-768x393.jpg 768w\" sizes=\"(max-width: 880px) 100vw, 880px\" \/><\/a><figcaption id=\"caption-attachment-21262\" class=\"wp-caption-text\">Blick auf die versteckte Badebucht Cal\u00f3 d&#8217;es Mort<\/figcaption><\/figure>\n<p>Au\u00dfer einer Fischerh\u00fctte gibt es an diesem Strand nichts. Allerdings sind es nur ein paar Gehminuten zum Strand <strong>Es Arenal<\/strong>, an dem ihr all die <strong>Einrichtungen<\/strong> findet, die ihr f\u00fcr einen Strandtag ben\u00f6tigt. An der Bucht Cal\u00f3 des Mort genie\u00dft ihr eine einmalige Umgebung zwischen den Felsw\u00e4nden. An diesem Strand d\u00fcrft ihr auch textilfrei baden und schnorcheln gehen.<\/p>\n\n<table id=\"tablepress-200\" class=\"tablepress tablepress-id-200\">\n<thead>\n<tr class=\"row-1\">\n\t<th colspan=\"2\" class=\"column-1\">Die Playa Cal\u00f3 Des Mort im \u00dcberblick<\/th>\n<\/tr>\n<\/thead>\n<tbody class=\"row-hover\">\n<tr class=\"row-2\">\n\t<td class=\"column-1\"><strong>Perfekt f\u00fcr:<\/strong><\/td><td class=\"column-2\">Paare, Sonnenanbeter, Schnorcheln, Ruhe, Relaxen, Baden, FKK<\/td>\n<\/tr>\n<tr class=\"row-3\">\n\t<td class=\"column-1\"><strong>Besonderheit:<\/strong><\/td><td class=\"column-2\">Eine eindrucksvolle Felsk\u00fcste umgibt diesen Strand, der nicht so leicht zu erreichen ist<\/td>\n<\/tr>\n<tr class=\"row-4\">\n\t<td class=\"column-1\"><strong>Erreichbarkeit:<\/strong><\/td><td class=\"column-2\">Vom Nachbarstrand \u00fcber einen Pfad und Treppen. Festes Schuhwerk empfehlenswert.<\/td>\n<\/tr>\n<tr class=\"row-5\">\n\t<td class=\"column-1\"><strong>Ausstattung:<\/strong><\/td><td class=\"column-2\">Pure Natur, Parkpl\u00e4tze, sanit\u00e4re Anlagen, Gastronomie am Nachbarstrand, der wenige Gehminuten entfernt ist.<\/td>\n<\/tr>\n<\/tbody>\n<\/table>\n<!-- #tablepress-200 from cache -->\n<h2>H\u00e4ufig gestellte Fragen zu den Formentera Str\u00e4nden<\/h2>\n<p>Formentera ist bei uns ein wenig bekanntes Reiseziel. V\u00f6llig zu Unrecht, wie wir finden. Dennoch gibt es zu der kleinen Baleareninsel bestimmt noch Fragen, die wir euch hier gerne beantworten.<\/p>\n<h3><a name=\"formentera-strand-wo\"><\/a>Wo ist es am sch\u00f6nsten auf Formentera?<\/h3>\n<p>Wenn ihr Wert auf einen etwas belebten Urlaubsort legt, wird euch der Norden bei <strong>Es<\/strong> <strong>Pujols<\/strong> am besten gefallen. Au\u00dferdem seid ihr dort nicht weit von den <strong>sch\u00f6nsten Str\u00e4nden <\/strong>der Insel entfernt. Steht euch der Sinne eher nach Sonne und <strong>Ruhe<\/strong> pur, empfehlen wir euch den <strong>S\u00fcden<\/strong> der Insel. Da Formentera aber eine \u00fcberschaubare Insel ist, seid ihr selbst mit dem <strong>Fahrrad<\/strong> schnell an jedem Ort der Insel.<\/p>\n<h3><a name=\"formentera-strand-schnorcheln\"><\/a>Wo kann man auf Formentera schnorcheln?<\/h3>\n<p>Rund um Formentera w\u00e4chst unter Wasser sehr viel <strong>Neptungras<\/strong>. Da diese Unterwasserpflanze die Erosion der Str\u00e4nde aufh\u00e4lt, bieten diese den f\u00fcr die Insel typischen weichen Sand. Au\u00dferdem <strong>reinigt<\/strong> es das <strong>Wasser<\/strong> und sorgt f\u00fcr besonders <strong>klares<\/strong> und sauberes Wasser. Das wiederum braucht ihr, wenn ihr beim <strong>Schnorcheln<\/strong> die Fische und anderes Meeresgetier beobachten wollt. Es ist also egal, wo ihr auf Formentera mit dem Schnorchel ins Wasser steigt, die Bedingungen sind \u00fcberall gleich <strong>hervorragend<\/strong>.<\/p>\n<h3><a name=\"formentera-strand-reisezeit\"><\/a>Wann ist die beste Reisezeit f\u00fcr Formentera?<\/h3>\n<p>Aufgrund seiner Topographie verf\u00fcgt Formentera \u00fcber ein gem\u00e4\u00dfigt subtropisches Klima. Im Durchschnitt ist es auf Formentera <strong>etwas w\u00e4rmer<\/strong> als auf dem benachbarten Ibiza. Da hier aber oft eine <strong>leichte Brise<\/strong> weht, f\u00fchlt es sich im Sommer k\u00fchler an. F\u00fcr einen Badeurlaub eignet sich die Zeit ab Ende <strong>Mai<\/strong> bis in den <strong>Oktober<\/strong> hinein. Wenn ihr die Insel auch aktiv mit dem Fahrrad oder beim Wandern erkunden wollt, empfehlen wir euch die <strong>Nebensaison<\/strong> im Fr\u00fchjahr und Herbst.<\/p>\n<h2>Fazit zu den Formentera Str\u00e4nden<\/h2>\n<p>Wenn ihr einen entspannten Badeurlaub an Traumstr\u00e4nden verbringen wollt, ohne daf\u00fcr um die halbe Welt zu fliegen, ist Formentera das Reiseziel eurer Wahl. Die Insel ist nicht besonders gro\u00df, bietet jedoch <strong>einen<\/strong> Strand, der zu den <strong>sch\u00f6nsten<\/strong> <strong>der Welt<\/strong> geh\u00f6rt. Dank der geringen Entfernungen k\u00f6nnt ihr selbst mit dem Fahrrad jeden Tag einen anderen Strand erkunden und so Abwechslung in euren Urlaub bringen.<\/p>\n<p>Auch wenn es abends nicht die wilden Partys wie auf Mallorca oder Ibiza gibt, findet ihr hier gen\u00fcgend nette Beach Bars und Kneipen, in denen ihr gesellige Abende verbringen k\u00f6nnt und eine gro\u00dfe Auswahl an Restaurants, in denen ihr die vorz\u00fcglichen Spezialit\u00e4ten des Mittelmeers genie\u00dft. Formentera ist der perfekte Ort f\u00fcr einen ruhigen Urlaub in einer sehr charmanten Umgebung.<\/p>\n[otw_shortcode_info_box border_type=&#8220;bordered&#8220; border_color_class=&#8220;otw-orange-border&#8220; border_style=&#8220;bordered&#8220;]Welcher Strand soll es denn sein? Das passende Hotel dazu findet ihr auf unserer <a href=\"https:\/\/www.sonnenklar.tv\/promo\/reisen-formentera.html\" target=\"_blank\" rel=\"noopener\">Angebotsseite<\/a>.[\/otw_shortcode_info_box]\n","protected":false},"excerpt":{"rendered":"<p>Ihr braucht dringend mal wieder eine Auszeit und wollt Ruhe und Entspannung genie\u00dfen? Wenn euch der Flug in die Karibik zu lange dauert, probiert es doch mal mit der \u201ekleinen Karibik\u201c im Mittelmeer. So wird die Baleareninsel Formentera oft genannt und wenn ihr die Traumstr\u00e4nde dort gesehen habt, wisst ihr warum. Die zweitkleinste Insel der<\/p>\n","protected":false},"author":3,"featured_media":21263,"comment_status":"closed","ping_status":"open","sticky":false,"template":"","format":"standard","meta":{"footnotes":""},"categories":[5,457],"tags":[500,505],"class_list":{"0":"post-21232","1":"post","2":"type-post","3":"status-publish","4":"format-standard","5":"has-post-thumbnail","7":"category-badeurlaub","8":"category-spanien","9":"tag-balearen","10":"tag-strandurlaub"},"_links":{"self":[{"href":"https:\/\/www.sonnenklar.tv\/blog\/wp-json\/wp\/v2\/posts\/21232","targetHints":{"allow":["GET"]}}],"collection":[{"href":"https:\/\/www.sonnenklar.tv\/blog\/wp-json\/wp\/v2\/posts"}],"about":[{"href":"https:\/\/www.sonnenklar.tv\/blog\/wp-json\/wp\/v2\/types\/post"}],"author":[{"embeddable":true,"href":"https:\/\/www.sonnenklar.tv\/blog\/wp-json\/wp\/v2\/users\/3"}],"replies":[{"embeddable":true,"href":"https:\/\/www.sonnenklar.tv\/blog\/wp-json\/wp\/v2\/comments?post=21232"}],"version-history":[{"count":16,"href":"https:\/\/www.sonnenklar.tv\/blog\/wp-json\/wp\/v2\/posts\/21232\/revisions"}],"predecessor-version":[{"id":26172,"href":"https:\/\/www.sonnenklar.tv\/blog\/wp-json\/wp\/v2\/posts\/21232\/revisions\/26172"}],"wp:featuredmedia":[{"embeddable":true,"href":"https:\/\/www.sonnenklar.tv\/blog\/wp-json\/wp\/v2\/media\/21263"}],"wp:attachment":[{"href":"https:\/\/www.sonnenklar.tv\/blog\/wp-json\/wp\/v2\/media?parent=21232"}],"wp:term":[{"taxonomy":"category","embeddable":true,"href":"https:\/\/www.sonnenklar.tv\/blog\/wp-json\/wp\/v2\/categories?post=21232"},{"taxonomy":"post_tag","embeddable":true,"href":"https:\/\/www.sonnenklar.tv\/blog\/wp-json\/wp\/v2\/tags?post=21232"}],"curies":[{"name":"wp","href":"https:\/\/api.w.org\/{rel}","templated":true}]}}