{"id":21047,"date":"2022-08-21T11:56:33","date_gmt":"2022-08-21T10:56:33","guid":{"rendered":"https:\/\/www.sonnenklar.tv\/blog\/?p=21047"},"modified":"2025-10-02T16:56:35","modified_gmt":"2025-10-02T14:56:35","slug":"reiseziele-herbst","status":"publish","type":"post","link":"https:\/\/www.sonnenklar.tv\/blog\/reisetipps\/reiseziele-herbst\/","title":{"rendered":"Reiseziele im Herbst: Die 10 sch\u00f6nsten Orte f\u00fcr sommerliches Flair"},"content":{"rendered":"\n<p><strong>Klopfen hierzulande im Herbst die ersten Vorboten des Winters an die T\u00fcre, zieht es viele noch einmal in w\u00e4rmere Gefilde, um Sonne zu tanken, das Gesicht in die Meeresbrise zu halten und noch ein letztes Mal den Sommer auf der Haut zu sp\u00fcren. Damit ist der Herbst ideal, um die warmen Reiseziele ganz besonders zu genie\u00dfen und unvergessliche Reiseerinnerungen mit nach Hause zu nehmen.<\/strong><\/p>\n\n\n\n<p>Wer sich noch nicht von der sommerlichen Leichtigkeit trennen m\u00f6chte, darf sich auf die Monate Oktober und November freuen: Im S\u00fcden Europas ist es auch im Oktober noch angenehm warm, w\u00e4hrend im November vor allem fernere Reiseziele mit sch\u00f6nstem Wetter f\u00fcr Strandurlaub locken. Da auch wir Sonne und Strand lieben, stellen wir euch hier die besten Reiseziele, die selbst im Herbst warme Urlaubsfreuden verspr\u00fchen, vor und geben euch spannende Geheimtipps mit an die Hand.<\/p>\n\n\n\n<p><strong>Inhaltsverzeichnis<\/strong><\/p>\n\n\n\n<ul class=\"wp-block-list\">\n<li><strong>Reiseziele im Oktober: Den Sommer verl\u00e4ngern<\/strong><\/li>\n<\/ul>\n\n\n\n<ol class=\"wp-block-list\">\n<li><a href=\"#kreta-die-stolze-insel-der-goetter\">Kreta: Die stolze Insel der G\u00f6tter<\/a><\/li>\n\n\n\n<li><a href=\"#aegypten-der-sonne-hinterher\">\u00c4gypten: Der Sonne hinterher<\/a><\/li>\n\n\n\n<li><a href=\"#teneriffa-wo-der-ewige-fruehling-wohnt\">Teneriffa: Wo der ewige Fr\u00fchling wohnt<\/a><\/li>\n\n\n\n<li><a href=\"#bali-tropisches-kleinod-im-indonesischen-archipel\">Bali: Tropisches Kleinod im Indonesischen Archipel<\/a><\/li>\n\n\n\n<li><a href=\"#madeira-immergruenes-reiseziel-im-herbst\">Madeira: Immergr\u00fcnes Reiseziel im Herbst<\/a><\/li>\n<\/ol>\n\n\n\n<ul class=\"wp-block-list\">\n<li><strong>Reiseziele im November: In der Ferne die Sonne<\/strong><\/li>\n<\/ul>\n\n\n\n<ol class=\"wp-block-list\">\n<li><a href=\"#mexiko-traumurlaub-an-der-mexikanischen-karibik\">Mexiko: Traumurlaub an der mexikanischen Karibikk\u00fcste<\/a><\/li>\n\n\n\n<li><a href=\"#dubai-die-stadt-der-superlative\">Dubai: Die Stadt der Superlative<\/a><\/li>\n\n\n\n<li><a href=\"#thailand-im-land-des-laechelns\">Thailand: Im Land des L\u00e4chelns<\/a><\/li>\n\n\n\n<li><a href=\"#kapverden-magisches-inselparadies\">Kapverden: Magisches Inselparadies<\/a><\/li>\n\n\n\n<li><a href=\"#dominikanische-republik-karibischer-strandurlaub\">Dominikanische Republik: Karibischer Strandurlaub<\/a><\/li>\n<\/ol>\n\n\n\n<p><strong>H\u00e4ufige Fragen zu den sch\u00f6nsten Reisezielen im Herbst<\/strong><\/p>\n\n\n\n<ul class=\"wp-block-list\">\n<li><a href=\"#wo-ist-im-oktober-regenzeit\">Wo ist im Oktober Regenzeit?<\/a><\/li>\n\n\n\n<li><a href=\"#wo-ist-es-im-oktober-in-europa-am-waermsten\">Wo ist es im Oktober in Europa am w\u00e4rmsten?<\/a><\/li>\n\n\n\n<li><a href=\"#wo-ist-es-in-deutschland-im-herbst-am-schoensten\">Wo ist es in Deutschland im Herbst am sch\u00f6nsten?<\/a><\/li>\n\n\n\n<li><a href=\"#welche-kanarische-insel-im-oktober\">Welche Kanarische Insel im Oktober?<\/a><\/li>\n<\/ul>\n\n\n\n<h2 class=\"wp-block-heading\">Das Wichtigste im \u00dcberblick<\/h2>\n\n\n\n<ul class=\"wp-block-list\">\n<li>Im Herbst habt ihr eine riesige Auswahl an warmen, sonnigen und vielf\u00e4ltigen Reisezielen, die es euch leicht machen, Strandurlaub mit etwas Sightseeing und Zeit in der Natur zu verbinden.<\/li>\n\n\n\n<li>Besonders im S\u00fcden Europas ist es im Oktober noch sch\u00f6n warm und auch Reiseziele wie \u00c4gypten sind nun endlich k\u00fchl genug, um Land und Leute richtig kennenzulernen.<\/li>\n\n\n\n<li>Habt ihr gleich zwei oder drei Wochen Zeit, eignet sich der November wunderbar f\u00fcr eine Fernreise in tropische Gefilde.<\/li>\n<\/ul>\n\n\n\n<h2 class=\"wp-block-heading\">Reiseziele im Oktober: Den Sommer verl\u00e4ngern<\/h2>\n\n\n\n<p>Ihr seid noch nicht bereit f\u00fcr k\u00fchle Temperaturen und grau bew\u00f6lkten Himmel? Wunderbar, dann tr\u00e4umt euch schon mal zu den Reisezielen auf der Welt, die auch im Oktober noch sch\u00f6n sind! Hier kommen unsere liebsten Urlaubsziele, die zugleich viel Sonne versprechen.<\/p>\n\n\n\n<div class=\"su-box su-box-style-default\" id=\"\" style=\"border-color:#001d94;border-radius:3px;max-width:none\"><div class=\"su-box-title\" style=\"background-color:#0050c7;color:#FFFFFF;border-top-left-radius:1px;border-top-right-radius:1px\">sonnenklar.TV Tipps:<\/div><div class=\"su-box-content su-u-clearfix su-u-trim\" style=\"border-bottom-left-radius:1px;border-bottom-right-radius:1px\">Ihr braucht eine Auszeit vom k\u00fchleren Herbst? <a href=\"https:\/\/www.sonnenklar.tv\/promo\/urlaub-im-oktober.html\" target=\"_blank\" rel=\"noopener\">Entdeckt hier unsere Angebote f\u00fcr Urlaub im Oktober<\/a>.<\/div><\/div>\n\n\n\n<h3 class=\"wp-block-heading\">1. <a name=\"kreta-die-stolze-insel-der-goetter\"><\/a>Kreta: Die stolze Insel der G\u00f6tter<\/h3>\n\n\n\n<p>Der Oktober ist ideal, um im Urlaub abseits der gro\u00dfen Hitzewellen den Sp\u00e4tsommer und die Sonne auf Kreta zu genie\u00dfen. Die Temperaturen erreichen angenehme <strong>17-24\u00b0C<\/strong>, w\u00e4hrend die Wassertemperaturen nur knapp darunterliegen. <strong>Strandurlaub<\/strong> ist auf Kreta im Oktober also m\u00f6glich, allerdings m\u00fcsst ihr um diese Jahreszeit auch mit einigen bew\u00f6lkten Tagen oder gar Regen rechnen. Der Herbst eignet sich ideal f\u00fcr Reisende, die <strong>aktiv die Insel erkunden<\/strong>, Radfahren oder wandernd auf Entdeckungstour gehen.<\/p>\n\n\n\n<figure class=\"wp-block-image alignnone\"><a href=\"https:\/\/www.sonnenklar.tv\/blog\/wp-content\/uploads\/2022\/08\/GettyImages-493878980_Crete_Samaria-Gorge.jpg\"><img fetchpriority=\"high\" decoding=\"async\" width=\"880\" height=\"450\" src=\"https:\/\/www.sonnenklar.tv\/blog\/wp-content\/uploads\/2022\/08\/GettyImages-493878980_Crete_Samaria-Gorge.jpg\" alt=\"Samaria-Schlucht auf Kreta in Griechenland\" class=\"wp-image-21146\" srcset=\"https:\/\/www.sonnenklar.tv\/blog\/wp-content\/uploads\/2022\/08\/GettyImages-493878980_Crete_Samaria-Gorge.jpg 880w, https:\/\/www.sonnenklar.tv\/blog\/wp-content\/uploads\/2022\/08\/GettyImages-493878980_Crete_Samaria-Gorge-300x153.jpg 300w, https:\/\/www.sonnenklar.tv\/blog\/wp-content\/uploads\/2022\/08\/GettyImages-493878980_Crete_Samaria-Gorge-768x393.jpg 768w\" sizes=\"(max-width: 880px) 100vw, 880px\" \/><\/a><figcaption class=\"wp-element-caption\">Rund um die Samaria-Schlucht bieten sich euch tolle Wanderm\u00f6glichkeiten<\/figcaption><\/figure>\n\n\n\n<p>Auch f\u00fcr <strong>Kulturinteressierte<\/strong>, die das antike Flair Kretas und die vielen Museen in vollen Z\u00fcgen genie\u00dfen m\u00f6chten, ist der <strong>Oktober ein echter Geheimtipp<\/strong>, denn die gro\u00dfen Besucheranst\u00fcrme des Sommers sind nun pass\u00e9. Au\u00dferdem wird \u00fcberall kretischer Raki gebrannt, traditionelle Feste bringen die D\u00f6rfer zusammen und \u00fcber die Insel legt sich ein besonderer herbstlicher Zauber.<\/p>\n\n\n\n<div class=\"su-box su-box-style-default\" id=\"\" style=\"border-color:#001d94;border-radius:3px;max-width:none\"><div class=\"su-box-title\" style=\"background-color:#0050c7;color:#FFFFFF;border-top-left-radius:1px;border-top-right-radius:1px\">sonnenklar.TV Hotel-Tipps:<\/div><div class=\"su-box-content su-u-clearfix su-u-trim\" style=\"border-bottom-left-radius:1px;border-bottom-right-radius:1px\">In der <a href=\"https:\/\/www.sonnenklar.tv\/beschreibung\/Griechenland\/Kreta\/Stalida\/Mariamare_Apartments_Ex_Bella_Vista.html\" target=\"_blank\" rel=\"noopener\">Appartementanlage Mariamare Apartements<\/a> genie\u00dft ihr nicht nur einen herrlichen Panoramablick, sondern habt auch eine ideale Ausgangslage, um Kreta zu erkunden.<\/div><\/div>\n\n\n\n<div class=\"su-box su-box-style-default\" id=\"\" style=\"border-color:#001d94;border-radius:3px;max-width:none\"><div class=\"su-box-title\" style=\"background-color:#0050c7;color:#FFFFFF;border-top-left-radius:1px;border-top-right-radius:1px\">Urlaubsangebote Kreta<\/div><div class=\"su-box-content su-u-clearfix su-u-trim\" style=\"border-bottom-left-radius:1px;border-bottom-right-radius:1px\">W\u00fcrdet ihr am liebsten sofort zur Insel der G\u00f6tter aufbrechen? Nat\u00fcrlich haben wir f\u00fcr euch noch viele weitere <a href=\"https:\/\/www.sonnenklar.tv\/promo\/urlaub-kreta.html\" target=\"_blank\" rel=\"noopener\">Urlaubsangebote auf Kreta<\/a>!<\/div><\/div>\n\n\n\n<h3 class=\"wp-block-heading\">2. <a name=\"aegypten-der-sonne-hinterher\"><\/a>\u00c4gypten: Der Sonne hinterher<\/h3>\n\n\n\n<p>\u00c4gypten z\u00e4hlt zu den Reisezielen, die auch im Oktober noch herrlich warm sind \u2013 an den beliebten Urlaubsorten wie Hurghada und Marsa Alam am Roten Meer herrschen tags\u00fcber <strong>Temperaturen bis zu 30 \u00b0C<\/strong>, w\u00e4hrend das Meer ideale Bedingungen zum Schnorcheln oder Tauchen bietet. Neben <strong>entspannten Badetagen<\/strong> k\u00f6nnen auch aufregende <strong>W\u00fcstentouren<\/strong> und Ausfl\u00fcge nach <strong>Kairo<\/strong>, <strong>Luxor<\/strong> und <strong>Gizeh<\/strong> auf dem Plan stehen, f\u00fcr die es im Hochsommer einfach zu hei\u00df ist.<\/p>\n\n\n\n<figure class=\"wp-block-image alignnone\"><a href=\"https:\/\/www.sonnenklar.tv\/blog\/wp-content\/uploads\/2022\/08\/GettyImages-183345641-Karnak-Tempel.jpg\"><img decoding=\"async\" width=\"880\" height=\"450\" src=\"https:\/\/www.sonnenklar.tv\/blog\/wp-content\/uploads\/2022\/08\/GettyImages-183345641-Karnak-Tempel.jpg\" alt=\"Karnak-Tempel nahe Luxor in \u00c4gypten\" class=\"wp-image-21149\" srcset=\"https:\/\/www.sonnenklar.tv\/blog\/wp-content\/uploads\/2022\/08\/GettyImages-183345641-Karnak-Tempel.jpg 880w, https:\/\/www.sonnenklar.tv\/blog\/wp-content\/uploads\/2022\/08\/GettyImages-183345641-Karnak-Tempel-300x153.jpg 300w, https:\/\/www.sonnenklar.tv\/blog\/wp-content\/uploads\/2022\/08\/GettyImages-183345641-Karnak-Tempel-768x393.jpg 768w\" sizes=\"(max-width: 880px) 100vw, 880px\" \/><\/a><figcaption class=\"wp-element-caption\">Das Land am Nil h\u00e4lt zahlreiche kulturelle Highlights bereit, die besonders im Herbst spannend werden<\/figcaption><\/figure>\n\n\n\n<p>Da besonders in W\u00fcstenn\u00e4he die <strong>N\u00e4chte sehr kalt<\/strong> werden k\u00f6nnen, solltet ihr unbedingt w\u00e4rmende Pullover einpacken. Kulturelle Zentren wie <strong>Rosetta<\/strong> und <strong>Alexandria<\/strong> sind mit bis zu 28 \u00b0C ebenfalls ideale Reiseziele im Herbst, die ihr sehr gut mit einigen erholsamen <strong>Badetagen am Mittelmeer<\/strong> verkn\u00fcpfen k\u00f6nnt.<\/p>\n\n\n\n<div class=\"su-box su-box-style-default\" id=\"\" style=\"border-color:#001d94;border-radius:3px;max-width:none\"><div class=\"su-box-title\" style=\"background-color:#0050c7;color:#FFFFFF;border-top-left-radius:1px;border-top-right-radius:1px\">sonnenklar.TV Hotel-Tipp:<\/div><div class=\"su-box-content su-u-clearfix su-u-trim\" style=\"border-bottom-left-radius:1px;border-bottom-right-radius:1px\">Ganz in der N\u00e4he der Stadt Dahab begr\u00fc\u00dft das <a href=\"https:\/\/www.sonnenklar.tv\/beschreibung\/%C3%84gypten\/Sinai\/Dahab\/Tropitel_Dahab_Oasis_Resort.html\" target=\"_blank\" rel=\"noopener\">Tropitel Dahab Oasis<\/a> seine G\u00e4ste mit einer weitl\u00e4ufigen Anlage, einem sch\u00f6nen Pool und einem hoteleigenen Strand.<\/div><\/div>\n\n\n\n<div class=\"su-box su-box-style-default\" id=\"\" style=\"border-color:#001d94;border-radius:3px;max-width:none\"><div class=\"su-box-title\" style=\"background-color:#0050c7;color:#FFFFFF;border-top-left-radius:1px;border-top-right-radius:1px\">Urlaubsangebote \u00c4gypten:<\/div><div class=\"su-box-content su-u-clearfix su-u-trim\" style=\"border-bottom-left-radius:1px;border-bottom-right-radius:1px\">Majest\u00e4tische Pyramiden, bunte Korallenriffe und Sonne satt: Mit unseren sch\u00f6nsten <a href=\"https:\/\/www.sonnenklar.tv\/promo\/reisen-aegypten.html\" target=\"_blank\" rel=\"noopener\">Reiseangeboten f\u00fcr \u00c4gypten<\/a> setzt ihr eurem \u00c4gyptenurlaub die Krone auf.<\/div><\/div>\n\n\n\n<h3 class=\"wp-block-heading\">3. <a name=\"teneriffa-wo-der-ewige-fruehling-wohnt\"><\/a>Teneriffa: Wo der ewige Fr\u00fchling wohnt<\/h3>\n\n\n\n<p>Z\u00e4hlt der Fr\u00fchling zu euren Lieblingsjahreszeiten, k\u00f6nnt ihr ihm im Herbst einfach hinterher reisen: Teneriffa ist genau wie die anderen Kanarischen Inseln f\u00fcr das ganzj\u00e4hrig angenehme Klima beliebt \u2013 selbst im Oktober k\u00f6nnt ihr euch auf <strong>milde 19-27 \u00b0C<\/strong> freuen. Dabei ist der Inselnorden tendenziell k\u00fchler, regnerischer und gr\u00fcner, w\u00e4hrend ihr im S\u00fcden Teneriffas weitl\u00e4ufige, sonnenverw\u00f6hnte Sandstr\u00e4nde vorfindet.<\/p>\n\n\n\n<figure class=\"wp-block-image alignnone\"><a href=\"https:\/\/www.sonnenklar.tv\/blog\/wp-content\/uploads\/2022\/08\/GettyImages-813892208-Guajara-im-Teide-Nationalpark.jpg\"><img decoding=\"async\" width=\"880\" height=\"450\" src=\"https:\/\/www.sonnenklar.tv\/blog\/wp-content\/uploads\/2022\/08\/GettyImages-813892208-Guajara-im-Teide-Nationalpark.jpg\" alt=\"Der Berg Guajara im Teide-Nationalpark auf Teneriffa\" class=\"wp-image-21147\" srcset=\"https:\/\/www.sonnenklar.tv\/blog\/wp-content\/uploads\/2022\/08\/GettyImages-813892208-Guajara-im-Teide-Nationalpark.jpg 880w, https:\/\/www.sonnenklar.tv\/blog\/wp-content\/uploads\/2022\/08\/GettyImages-813892208-Guajara-im-Teide-Nationalpark-800x409.jpg 800w, https:\/\/www.sonnenklar.tv\/blog\/wp-content\/uploads\/2022\/08\/GettyImages-813892208-Guajara-im-Teide-Nationalpark-18x9.jpg 18w, https:\/\/www.sonnenklar.tv\/blog\/wp-content\/uploads\/2022\/08\/GettyImages-813892208-Guajara-im-Teide-Nationalpark-150x77.jpg 150w, https:\/\/www.sonnenklar.tv\/blog\/wp-content\/uploads\/2022\/08\/GettyImages-813892208-Guajara-im-Teide-Nationalpark-450x230.jpg 450w, https:\/\/www.sonnenklar.tv\/blog\/wp-content\/uploads\/2022\/08\/GettyImages-813892208-Guajara-im-Teide-Nationalpark-768x393.jpg 768w, https:\/\/www.sonnenklar.tv\/blog\/wp-content\/uploads\/2022\/08\/GettyImages-813892208-Guajara-im-Teide-Nationalpark-300x153.jpg 300w\" sizes=\"(max-width: 880px) 100vw, 880px\" \/><\/a><figcaption class=\"wp-element-caption\">Guajara-Berg im Teide-Nationalpark auf Teneriffa<\/figcaption><\/figure>\n\n\n\n<p>Diese besondere klimatische Mischung erm\u00f6glicht es euch, im Oktober <strong>Badeurlaub<\/strong> mit zahlreichen Ausfl\u00fcgen und Wanderungen im <strong>Nationalpark El Teide<\/strong> zu verbinden. Erklimmt etwa den m\u00e4chtigen <strong>Teide <\/strong>(warme Kleidung nicht vergessen), besucht den weltber\u00fchmten <strong>Loro Parque<\/strong> und spaziert durch den sch\u00f6nen botanischen Garten. Nicht zuletzt ist Teneriffa ganzj\u00e4hrig ein beliebter Spot zum <strong>Whale Watching<\/strong>, im Herbst ist die Chance jedoch h\u00f6her, diese faszinierenden Erlebnisse ganz f\u00fcr euch genie\u00dfen zu k\u00f6nnen.<\/p>\n\n\n\n<div class=\"su-box su-box-style-default\" id=\"\" style=\"border-color:#001d94;border-radius:3px;max-width:none\"><div class=\"su-box-title\" style=\"background-color:#0050c7;color:#FFFFFF;border-top-left-radius:1px;border-top-right-radius:1px\">sonnenklar.TV Hotel-Tipp:<\/div><div class=\"su-box-content su-u-clearfix su-u-trim\" style=\"border-bottom-left-radius:1px;border-bottom-right-radius:1px\">In idealer Lage zwischen Strand und Stadtzentrum von Los Cristianos begr\u00fc\u00dft das <a href=\"https:\/\/www.sonnenklar.tv\/beschreibung\/Spanien\/Teneriffa\/Los_Cristianos\/Reveron_Plaza.html\" target=\"_blank\" rel=\"noopener\">Labranda Reveron Plaza<\/a> seine G\u00e4ste mit einer entspannten Atmosph\u00e4re und landestypischem Charme.<\/div><\/div>\n\n\n\n<div class=\"su-box su-box-style-default\" id=\"\" style=\"border-color:#001d94;border-radius:3px;max-width:none\"><div class=\"su-box-title\" style=\"background-color:#0050c7;color:#FFFFFF;border-top-left-radius:1px;border-top-right-radius:1px\">Urlaubsangebote Teneriffa:<\/div><div class=\"su-box-content su-u-clearfix su-u-trim\" style=\"border-bottom-left-radius:1px;border-bottom-right-radius:1px\">Die Insel des ewigen Fr\u00fchlings ist ein echtes Sehnsuchtsziel und immer eine Reise wert. Schaut gern bei unseren sch\u00f6nsten <a href=\"https:\/\/www.sonnenklar.tv\/promo\/urlaub-teneriffa.html\" target=\"_blank\" rel=\"noopener\">Urlaubsangeboten f\u00fcr Teneriffa<\/a> vorbei.<\/div><\/div>\n\n\n\n<h3 class=\"wp-block-heading\">4. <a name=\"bali-tropisches-kleinod-im-indonesischen-archipel\"><\/a>Bali: Tropisches Kleinod im Indonesischen Archipel<\/h3>\n\n\n\n<p>Strandurlaub, warme Temperaturen und faszinierende Tempelanlagen: Das <strong>tropische Bali<\/strong> ist f\u00fcr alle, die das Fernweh plagt, ein perfektes Reiseziel im Herbst. Idealerweise fliegt ihr bereits Anfang des Monats, denn der Oktober markiert auf der indonesischen Insel den \u00dcbergang von Trocken- zu Regenzeit. W\u00e4hrend der November daher bereits von heftigen Regeng\u00fcssen gepr\u00e4gt ist, habt ihr im <strong>Oktober<\/strong> oftmals das Gl\u00fcck, die traumhaften Str\u00e4nde und die von Vulkanhand gepr\u00e4gten Landschaften bei <strong>viel Sonnenschein<\/strong> zu genie\u00dfen.<\/p>\n\n\n\n<figure class=\"wp-block-image alignnone\"><a href=\"https:\/\/www.sonnenklar.tv\/blog\/wp-content\/uploads\/2022\/08\/GettyImages-640701952-Balian-Beach-auf-Bali-in-Indonesien.jpg\"><img loading=\"lazy\" decoding=\"async\" width=\"880\" height=\"450\" src=\"https:\/\/www.sonnenklar.tv\/blog\/wp-content\/uploads\/2022\/08\/GettyImages-640701952-Balian-Beach-auf-Bali-in-Indonesien.jpg\" alt=\"Balian Beach auf Bali in Indonesien\" class=\"wp-image-21148\" srcset=\"https:\/\/www.sonnenklar.tv\/blog\/wp-content\/uploads\/2022\/08\/GettyImages-640701952-Balian-Beach-auf-Bali-in-Indonesien.jpg 880w, https:\/\/www.sonnenklar.tv\/blog\/wp-content\/uploads\/2022\/08\/GettyImages-640701952-Balian-Beach-auf-Bali-in-Indonesien-300x153.jpg 300w, https:\/\/www.sonnenklar.tv\/blog\/wp-content\/uploads\/2022\/08\/GettyImages-640701952-Balian-Beach-auf-Bali-in-Indonesien-768x393.jpg 768w\" sizes=\"(max-width: 880px) 100vw, 880px\" \/><\/a><figcaption class=\"wp-element-caption\">Auf Bali k\u00f6nnt ihr die Str\u00e4nde auch im Herbst genie\u00dfen<\/figcaption><\/figure>\n\n\n\n<p>Gleichzeitig ist Bali im Oktober nicht mehr ganz so viel besucht wie in den Monaten davor \u2013 ein echtes Juwel auf der anderen Seite der Welt also. Die <strong>Temperaturen<\/strong> liegen \u2013 je nach Region \u2013 zwischen <strong>21\u00b0C und 32 \u00b0C<\/strong>, w\u00e4hrend die <strong>Wassertemperaturen<\/strong> ebenfalls <strong>28 \u00b0C<\/strong> erreichen k\u00f6nnen. Gerade passionierte Schnorchler und Taucher wissen diese Verh\u00e4ltnisse sehr zu sch\u00e4tzen.<\/p>\n\n\n\n<div class=\"su-box su-box-style-default\" id=\"\" style=\"border-color:#001d94;border-radius:3px;max-width:none\"><div class=\"su-box-title\" style=\"background-color:#0050c7;color:#FFFFFF;border-top-left-radius:1px;border-top-right-radius:1px\">sonnenklar.TV Hotel-Tipp:<\/div><div class=\"su-box-content su-u-clearfix su-u-trim\" style=\"border-bottom-left-radius:1px;border-bottom-right-radius:1px\">Das <a href=\"https:\/\/www.sonnenklar.tv\/beschreibung\/Indonesien\/Bali\/Kuta\/The_Akmani_Legian.html\" target=\"_blank\" rel=\"noopener\">Strandhotel The Akmani Legian<\/a> liegt in Kuta und vereint modernen Stil mit traditionellen Highlights, einem \u00fcppigen Garten und weiteren Annehmlichkeiten.<\/div><\/div>\n\n\n\n<div class=\"su-box su-box-style-default\" id=\"\" style=\"border-color:#001d94;border-radius:3px;max-width:none\"><div class=\"su-box-title\" style=\"background-color:#0050c7;color:#FFFFFF;border-top-left-radius:1px;border-top-right-radius:1px\">Urlaubsangebote Bali:<\/div><div class=\"su-box-content su-u-clearfix su-u-trim\" style=\"border-bottom-left-radius:1px;border-bottom-right-radius:1px\">Lust auf eine echte Trauminsel? \u00dcberzeugt euch selbst von unseren <a href=\"https:\/\/www.sonnenklar.tv\/promo\/urlaub-indonesien-bali.html\" target=\"_blank\" rel=\"noopener\">Urlaubsangeboten f\u00fcr Bali<\/a>.<\/div><\/div>\n\n\n\n<h3 class=\"wp-block-heading\">5. <a name=\"madeira-immergruenes-reiseziel-im-herbst\"><\/a>Madeira: Immergr\u00fcnes Reiseziel im Herbst<\/h3>\n\n\n\n<p>Seid ihr auf eine gelungene Mischung aus entspannten Stunden am Strand und aktiver Freizeitgestaltung aus, versprechen Madeiras milde Temperaturen von <strong>20-24 \u00b0C auch im Oktober<\/strong> noch warme Urlaubstage. Gerade f\u00fcr ausgedehnte Wanderungen, Fahrradtouren oder gem\u00fctliches Verweilen in den einzigartigen, immergr\u00fcnen Landschaften ist das Klima um diese Jahreszeit genau richtig. Solltet ihr doch einmal einen <strong>Regentag<\/strong> erwischen, bietet euch die <strong>Inselhauptstadt Funchal<\/strong> mit ihrer sch\u00f6nen Innenstadt, der Kathedrale und den vielen Caf\u00e9s ein abwechslungsreiches Alternativprogramm.<\/p>\n\n\n\n<figure class=\"wp-block-image alignnone\"><a href=\"https:\/\/www.sonnenklar.tv\/blog\/wp-content\/uploads\/2021\/04\/madeira-portugal.jpg\"><img loading=\"lazy\" decoding=\"async\" width=\"880\" height=\"450\" src=\"https:\/\/www.sonnenklar.tv\/blog\/wp-content\/uploads\/2021\/04\/madeira-portugal.jpg\" alt=\"Die portugiesische Insel Madeira mit Blick auf die sonnige Hauptstadt Funchal und das Meer von einer Wiese mit Blumen aus\" class=\"wp-image-17889\" srcset=\"https:\/\/www.sonnenklar.tv\/blog\/wp-content\/uploads\/2021\/04\/madeira-portugal.jpg 880w, https:\/\/www.sonnenklar.tv\/blog\/wp-content\/uploads\/2021\/04\/madeira-portugal-800x409.jpg 800w, https:\/\/www.sonnenklar.tv\/blog\/wp-content\/uploads\/2021\/04\/madeira-portugal-18x9.jpg 18w, https:\/\/www.sonnenklar.tv\/blog\/wp-content\/uploads\/2021\/04\/madeira-portugal-150x77.jpg 150w, https:\/\/www.sonnenklar.tv\/blog\/wp-content\/uploads\/2021\/04\/madeira-portugal-450x230.jpg 450w, https:\/\/www.sonnenklar.tv\/blog\/wp-content\/uploads\/2021\/04\/madeira-portugal-768x393.jpg 768w, https:\/\/www.sonnenklar.tv\/blog\/wp-content\/uploads\/2021\/04\/madeira-portugal-300x153.jpg 300w\" sizes=\"(max-width: 880px) 100vw, 880px\" \/><\/a><figcaption class=\"wp-element-caption\">Blick auf Funchal, die Hauptstadt der &#8222;Blumeninsel&#8220;<\/figcaption><\/figure>\n\n\n\n<p>F\u00fcr alle Outdoor-Liebhaber ist Madeira gerade <strong>Anfang Oktober<\/strong> ein ideales Reiseziel, denn zu Beginn des Monats findet j\u00e4hrlich das <strong>Festival de Natureza<\/strong> statt. \u00dcber mehrere Tage hinweg werden kulturelle und sportliche Aktivit\u00e4ten angeboten, die euch zu den sch\u00f6nsten Orten der Insel bringen. Es stehen etwa Kanutouren, Spazierg\u00e4nge entlang der Levadas, Volksfeste sowie Veranstaltungen im Lorbeerwald auf dem Programm.<\/p>\n\n\n\n<div class=\"su-box su-box-style-default\" id=\"\" style=\"border-color:#001d94;border-radius:3px;max-width:none\"><div class=\"su-box-title\" style=\"background-color:#0050c7;color:#FFFFFF;border-top-left-radius:1px;border-top-right-radius:1px\">sonnenklar.TV Hotel-Tipp:<\/div><div class=\"su-box-content su-u-clearfix su-u-trim\" style=\"border-bottom-left-radius:1px;border-bottom-right-radius:1px\">Im Herzen von Santa Cruz begr\u00fc\u00dft das <a href=\"https:\/\/www.sonnenklar.tv\/beschreibung\/Portugal\/Madeira\/Santa_Cruz\/Hotel_Solar_Do_Bom_Jesus.html\" target=\"_blank\" rel=\"noopener\">Solar do Bom Jesus<\/a> seine G\u00e4ste mit eleganten R\u00e4umlichkeiten und einem famili\u00e4ren Service.<\/div><\/div>\n\n\n\n<div class=\"su-box su-box-style-default\" id=\"\" style=\"border-color:#001d94;border-radius:3px;max-width:none\"><div class=\"su-box-title\" style=\"background-color:#0050c7;color:#FFFFFF;border-top-left-radius:1px;border-top-right-radius:1px\">Urlaubsangebote Madeira:<\/div><div class=\"su-box-content su-u-clearfix su-u-trim\" style=\"border-bottom-left-radius:1px;border-bottom-right-radius:1px\">Der Blumen- und Bl\u00fctenreichtum der Insel ist sprichw\u00f6rtlich. Entdeckt hier unsere charmantesten <a href=\"https:\/\/www.sonnenklar.tv\/promo\/reisen-madeira.html\" target=\"_blank\" rel=\"noopener\">Reiseangebote f\u00fcr Madeira<\/a>.<\/div><\/div>\n\n\n\n<h2 class=\"wp-block-heading\">Reiseziele im November: In der Ferne die Sonne<\/h2>\n\n\n\n<p>Der November kann hierzulande trist und grau sein, doch zum Gl\u00fcck locken auch im Herbst aufregende Reiseziele auf der ganzen Welt mit den sch\u00f6nsten Urlaubsboten: Sommer, Sonne, Strand. F\u00fcnf Urlaubsziele, die selbst im November warm sind, stellen wir euch hier vor.<\/p>\n\n\n\n<div class=\"su-box su-box-style-default\" id=\"\" style=\"border-color:#001d94;border-radius:3px;max-width:none\"><div class=\"su-box-title\" style=\"background-color:#0050c7;color:#FFFFFF;border-top-left-radius:1px;border-top-right-radius:1px\">sonnenklar.TV Tipp:<\/div><div class=\"su-box-content su-u-clearfix su-u-trim\" style=\"border-bottom-left-radius:1px;border-bottom-right-radius:1px\">Ihr wollte dem grauen November in Deutschland entfliehen? <a href=\"https:\/\/www.sonnenklar.tv\/promo\/urlaub-im-november.html\" target=\"_blank\" rel=\"noopener\">Hier findet ihr unsere Angebote f\u00fcr Urlaub im November<\/a>.<\/div><\/div>\n\n\n\n<h3 class=\"wp-block-heading\">1. <a name=\"mexiko-traumurlaub-an-der-mexikanischen-karibik\"><\/a>Mexiko: Traumurlaub an der mexikanischen Karibik<\/h3>\n\n\n\n<p>Hat euch der Herbstblues im November so richtig erwischt, verspricht die <strong>mexikanische Karibikk\u00fcste<\/strong> weitaus mehr als nur ein warmes Urlaubsziel: Beim Anblick der perlmuttfarbenen Traumstr\u00e4nde, der sanft raschelnden Palmen und des t\u00fcrkisblauen Wassers an der Ostk\u00fcste der Halbinsel <strong>Yucat\u00e1n<\/strong> ger\u00e4t jeglicher Tr\u00fcbsinn schnell in Vergessenheit. Das <strong>Klima ist tropisch<\/strong> und die Regen- und Hurrikansaison geht bereits in die Trockenzeit \u00fcber.<\/p>\n\n\n\n<figure class=\"wp-block-image alignnone\"><a href=\"https:\/\/www.sonnenklar.tv\/blog\/wp-content\/uploads\/2022\/09\/GettyImages-1158261448_Akumal-Bay_Riviera-Maya-Strand_Mexiko.jpg\"><img loading=\"lazy\" decoding=\"async\" width=\"880\" height=\"450\" src=\"https:\/\/www.sonnenklar.tv\/blog\/wp-content\/uploads\/2022\/09\/GettyImages-1158261448_Akumal-Bay_Riviera-Maya-Strand_Mexiko.jpg\" alt=\"Akumal an der Riviera Maya in Mexiko\" class=\"wp-image-21151\" srcset=\"https:\/\/www.sonnenklar.tv\/blog\/wp-content\/uploads\/2022\/09\/GettyImages-1158261448_Akumal-Bay_Riviera-Maya-Strand_Mexiko.jpg 880w, https:\/\/www.sonnenklar.tv\/blog\/wp-content\/uploads\/2022\/09\/GettyImages-1158261448_Akumal-Bay_Riviera-Maya-Strand_Mexiko-800x409.jpg 800w, https:\/\/www.sonnenklar.tv\/blog\/wp-content\/uploads\/2022\/09\/GettyImages-1158261448_Akumal-Bay_Riviera-Maya-Strand_Mexiko-18x9.jpg 18w, https:\/\/www.sonnenklar.tv\/blog\/wp-content\/uploads\/2022\/09\/GettyImages-1158261448_Akumal-Bay_Riviera-Maya-Strand_Mexiko-150x77.jpg 150w, https:\/\/www.sonnenklar.tv\/blog\/wp-content\/uploads\/2022\/09\/GettyImages-1158261448_Akumal-Bay_Riviera-Maya-Strand_Mexiko-450x230.jpg 450w, https:\/\/www.sonnenklar.tv\/blog\/wp-content\/uploads\/2022\/09\/GettyImages-1158261448_Akumal-Bay_Riviera-Maya-Strand_Mexiko-768x393.jpg 768w, https:\/\/www.sonnenklar.tv\/blog\/wp-content\/uploads\/2022\/09\/GettyImages-1158261448_Akumal-Bay_Riviera-Maya-Strand_Mexiko-300x153.jpg 300w\" sizes=\"(max-width: 880px) 100vw, 880px\" \/><\/a><figcaption class=\"wp-element-caption\">Karibikstrand in Akumal an der Riviera Maya<\/figcaption><\/figure>\n\n\n\n<p>Bei Temperaturen von knapp <strong>30 \u00b0C<\/strong> sonnen sich Strandurlauber im November entspannt im weichen Sand, schwimmen bei <strong>Akumal<\/strong> mit Schildkr\u00f6ten oder erkunden die im Regenwald versteckten <strong>Cenoten<\/strong>. Daneben geben euch die weltbekannten Ruinenst\u00e4tten der Maya wie etwa <strong>Chich\u00e9n Itz\u00e1 <\/strong>oder<strong> Tulum<\/strong> spannende Einblicke in l\u00e4ngst vergangene Zeiten. Shoppingfreunden geht das Herz hingegen in der pulsierenden K\u00fcstenstadt <strong>Canc\u00fan<\/strong> auf \u2013 Mexikos Karibikregion bietet wahrlich f\u00fcr jeden Geschmack das passende Abenteuer.<\/p>\n\n\n\n<div class=\"su-box su-box-style-default\" id=\"\" style=\"border-color:#001d94;border-radius:3px;max-width:none\"><div class=\"su-box-title\" style=\"background-color:#0050c7;color:#FFFFFF;border-top-left-radius:1px;border-top-right-radius:1px\">sonnenklar.TV Tipp:<\/div><div class=\"su-box-content su-u-clearfix su-u-trim\" style=\"border-bottom-left-radius:1px;border-bottom-right-radius:1px\">Der palmenges\u00e4umte Pool und die gro\u00dfen Zimmer des <a href=\"https:\/\/www.sonnenklar.tv\/beschreibung\/Mexiko\/Riviera_Maya_Insel_Cozumel\/Canc%C3%BAn\/Oasis_Smart.html\" target=\"_blank\" rel=\"noopener\">Smart Cancun by Oasis<\/a> unterstreichen das karibische Flair \u2013 ankommen und wohlf\u00fchlen.<\/div><\/div>\n\n\n\n<div class=\"su-box su-box-style-default\" id=\"\" style=\"border-color:#001d94;border-radius:3px;max-width:none\"><div class=\"su-box-title\" style=\"background-color:#0050c7;color:#FFFFFF;border-top-left-radius:1px;border-top-right-radius:1px\">Yucat\u00e1n-Angebote<\/div><div class=\"su-box-content su-u-clearfix su-u-trim\" style=\"border-bottom-left-radius:1px;border-bottom-right-radius:1px\">Ihr sehnt euch nach mexikanischer Lebensfreude und karibischen Rhythmen? Dann k\u00f6nnten unsere <a href=\"https:\/\/www.sonnenklar.tv\/promo\/reisen-yucatan-cancun.html\" target=\"_blank\" rel=\"noopener\">Reiseangebote f\u00fcr Yucat\u00e1n<\/a> eure Tr\u00e4ume wahr werden lassen.<\/div><\/div>\n\n\n\n<h3 class=\"wp-block-heading\">2. <a name=\"dubai-die-stadt-der-superlative\"><\/a>Dubai: Die Stadt der Superlative<\/h3>\n\n\n\n<p>Das exotische und schillernde Dubai ist das perfekte Reiseziel im Herbst, um Baden mit Sightseeing zu verbinden. Zu dieser Jahreszeit ist die extreme Hitze des Sommers im November bereits vor\u00fcber, doch die Temperaturen betragen immer noch rund <strong>30 \u00b0C bei strahlendem Sonnenschein<\/strong> \u2013 perfektes Wetter f\u00fcr Badeurlaub! Die Str\u00e4nde von <strong>La Mer, Marina Beach<\/strong> oder <strong>The Palm<\/strong> locken mit ihrem weichen, hellen Sand und dem kristallklaren Wasser, w\u00e4hrend hinter euch die imposante Skyline der Stadt in den Himmel ragt.<\/p>\n\n\n\n<figure class=\"wp-block-image alignnone\"><a href=\"https:\/\/www.sonnenklar.tv\/blog\/wp-content\/uploads\/2022\/02\/GettyImages-1333029794_kl.jpg\"><img loading=\"lazy\" decoding=\"async\" width=\"880\" height=\"450\" src=\"https:\/\/www.sonnenklar.tv\/blog\/wp-content\/uploads\/2022\/02\/GettyImages-1333029794_kl.jpg\" alt=\"Marina und Jumeirah Beach Residence in Dubai\" class=\"wp-image-19057\" srcset=\"https:\/\/www.sonnenklar.tv\/blog\/wp-content\/uploads\/2022\/02\/GettyImages-1333029794_kl.jpg 880w, https:\/\/www.sonnenklar.tv\/blog\/wp-content\/uploads\/2022\/02\/GettyImages-1333029794_kl-300x153.jpg 300w, https:\/\/www.sonnenklar.tv\/blog\/wp-content\/uploads\/2022\/02\/GettyImages-1333029794_kl-768x393.jpg 768w\" sizes=\"(max-width: 880px) 100vw, 880px\" \/><\/a><figcaption class=\"wp-element-caption\">Sonne und Abwechslung \u2013 auch im Herbst gibt es das in der Stadt der Superlative<\/figcaption><\/figure>\n\n\n\n<p>Zwischen den Stunden des s\u00fc\u00dfen Nichtstuns l\u00e4dt Dubai ein, die <strong>pulsierende Megametropole<\/strong> zu entdecken. Unternehmt etwa eine faszinierende Tour durch das historische Stadtviertel <strong>Bur Dubai<\/strong>, lasst euch die Sinne auf dem <strong>Souk<\/strong> verzaubern, bummelt durch die <strong>Shoppingmalls<\/strong> und bewundert den <strong>Burj Al Arab<\/strong>: Dubai ist schlichtweg aufregend!<\/p>\n\n\n\n<div class=\"su-box su-box-style-default\" id=\"\" style=\"border-color:#001d94;border-radius:3px;max-width:none\"><div class=\"su-box-title\" style=\"background-color:#0050c7;color:#FFFFFF;border-top-left-radius:1px;border-top-right-radius:1px\">sonnenklar.TV Hotel-Tipp:<\/div><div class=\"su-box-content su-u-clearfix su-u-trim\" style=\"border-bottom-left-radius:1px;border-bottom-right-radius:1px\">Ganz in der N\u00e4he der Mall of the Emirates befindet sich das <a href=\"https:\/\/www.sonnenklar.tv\/beschreibung\/Vereinigte_Arabische_Emirate\/Dubai\/Dubai\/Hotel_Al_Khoory_Atrium.html\" target=\"_blank\" rel=\"noopener\">Al Khoory Atrium Hotel<\/a> \u2013 eine elegante Oase im niemals schlafenden Dubai.<\/div><\/div>\n\n\n\n<div class=\"su-box su-box-style-default\" id=\"\" style=\"border-color:#001d94;border-radius:3px;max-width:none\"><div class=\"su-box-title\" style=\"background-color:#0050c7;color:#FFFFFF;border-top-left-radius:1px;border-top-right-radius:1px\">Dubai-Angebote:<\/div><div class=\"su-box-content su-u-clearfix su-u-trim\" style=\"border-bottom-left-radius:1px;border-bottom-right-radius:1px\">Das pulsierende Emirat am Persischen Golf ist mit seinem stets sonnigen Klima jede Reise wert. Lasst euch von unseren <a href=\"https:\/\/www.sonnenklar.tv\/promo\/urlaub-dubai.html\" target=\"_blank\" rel=\"noopener\">Urlaubsangeboten f\u00fcr Dubai<\/a> inspirieren.<\/div><\/div>\n\n\n\n<h3 class=\"wp-block-heading\">3. <a name=\"thailand-im-land-des-laechelns\"><\/a>Thailand: Im Land des L\u00e4chelns<\/h3>\n\n\n\n<p>Zwar hat Thailand verschiedene Klimazonen, aber insgesamt ist der <strong>tropisch warme November<\/strong> eine wunderbare Reisezeit, wenn ihr Strandurlaub mit Sightseeing vereinen m\u00f6chtet. Auf den traumhaften Inseln wie <strong>Koh Samui, Phuket <\/strong>oder<strong> Ko Phi Phi<\/strong> wartet die reinste Postkartenidylle auf euch: <strong>kilometerlange Str\u00e4nde<\/strong>, azurblaues Meer und moderne Unterk\u00fcnfte, die zum Relaxen und Entspannen wie geschaffen sind. Dazwischen erstrahlen farbenfrohe <strong>buddhistische Tempel<\/strong>, die zum Entdecken der thail\u00e4ndischen Kultur einladen.<\/p>\n\n\n\n<figure class=\"wp-block-image alignnone\"><a href=\"https:\/\/www.sonnenklar.tv\/blog\/wp-content\/uploads\/2022\/09\/GettyImages-642047790-maenam-beach-koh-samui.jpg\"><img loading=\"lazy\" decoding=\"async\" width=\"880\" height=\"450\" src=\"https:\/\/www.sonnenklar.tv\/blog\/wp-content\/uploads\/2022\/09\/GettyImages-642047790-maenam-beach-koh-samui.jpg\" alt=\"Maenam Beach auf Koh Samui in Thailand\" class=\"wp-image-21153\" srcset=\"https:\/\/www.sonnenklar.tv\/blog\/wp-content\/uploads\/2022\/09\/GettyImages-642047790-maenam-beach-koh-samui.jpg 880w, https:\/\/www.sonnenklar.tv\/blog\/wp-content\/uploads\/2022\/09\/GettyImages-642047790-maenam-beach-koh-samui-300x153.jpg 300w, https:\/\/www.sonnenklar.tv\/blog\/wp-content\/uploads\/2022\/09\/GettyImages-642047790-maenam-beach-koh-samui-768x393.jpg 768w\" sizes=\"(max-width: 880px) 100vw, 880px\" \/><\/a><figcaption class=\"wp-element-caption\">Maenam Beach auf Thailands Trauminsel Koh Samui<\/figcaption><\/figure>\n\n\n\n<p>Eisgek\u00fchlte Fruchtshakes, der warme Sand unter den F\u00fc\u00dfen und die pr\u00e4chtige tropische Natur: So muss sich das Paradies anf\u00fchlen. Und auch die <strong>Hauptstadt Bangkok<\/strong> mit ihrer faszinierenden Mischung aus Tradition und Moderne ist ein aufregendes Reiseziel im November \u2013 ein Abstecher in diese Stadt der Kontraste, ehrw\u00fcrdigen <strong>Tempelanlagen<\/strong> und quirligen <strong>Stra\u00dfenm\u00e4rkte<\/strong> ist mehr als lohnenswert.<\/p>\n\n\n\n<div class=\"su-box su-box-style-default\" id=\"\" style=\"border-color:#001d94;border-radius:3px;max-width:none\"><div class=\"su-box-title\" style=\"background-color:#0050c7;color:#FFFFFF;border-top-left-radius:1px;border-top-right-radius:1px\">sonnenklar.TV Hotel-Tipp:<\/div><div class=\"su-box-content su-u-clearfix su-u-trim\" style=\"border-bottom-left-radius:1px;border-bottom-right-radius:1px\">Inmitten der pulsierenden Metropole Bangkok liegt das elegante <a href=\"https:\/\/www.sonnenklar.tv\/beschreibung\/Thailand\/Bangkok_Und_Umgebung\/Bangkok\/Cross_Vibe_Bangkok_Sukhumvit.html\" target=\"_blank\" rel=\"noopener\">Cross Vibe Bangkok Sukhumvit<\/a> ideal, um die sch\u00f6nsten Sehensw\u00fcrdigkeiten zu erkunden.<\/div><\/div>\n\n\n\n<div class=\"su-box su-box-style-default\" id=\"\" style=\"border-color:#001d94;border-radius:3px;max-width:none\"><div class=\"su-box-title\" style=\"background-color:#0050c7;color:#FFFFFF;border-top-left-radius:1px;border-top-right-radius:1px\">Thailand-Angebote:<\/div><div class=\"su-box-content su-u-clearfix su-u-trim\" style=\"border-bottom-left-radius:1px;border-bottom-right-radius:1px\">Thailand fasziniert mit seiner Vielfalt, den freundlichen Menschen und einer genussreichen K\u00fcche. Wir haben die besten <a href=\"https:\/\/www.sonnenklar.tv\/promo\/urlaub-thailand.html\" target=\"_blank\" rel=\"noopener\">Thailand-Angebote<\/a> f\u00fcr alle, die das Fernweh plagt.<\/div><\/div>\n\n\n\n<h3 class=\"wp-block-heading\">4. <a name=\"kapverden-magisches-inselparadies\"><\/a>Kapverden: Magisches Inselparadies<\/h3>\n\n\n\n<p>Die Kapverden sind ein echter Geheimtipp: Ganzj\u00e4hrige Temperaturen zwischen <strong>23 und 30 \u00b0C<\/strong> und die landschaftliche Vielfalt machen die Kapverdischen Inseln zu einem abwechslungsreichen wie warmen Reiseziel im Herbst. Neun der insgesamt f\u00fcnfzehn Inseln sind bewohnt, doch bis auf die kilometerlangen, paradiesischen Str\u00e4nde ist <strong>jede Insel einzigartig<\/strong>. Die Inseln Santiago und Santo Ant\u00e3o gelten als wundersch\u00f6ne <strong>Wanderparadiese<\/strong>, w\u00e4hrend ihr auf Fogo den gleichnamigen <strong>Vulkan<\/strong> mit seinen beeindruckenden <strong>2829 Metern H\u00f6he<\/strong> erklimmen k\u00f6nnt.<\/p>\n\n\n\n<figure class=\"wp-block-image alignnone\"><a href=\"https:\/\/www.sonnenklar.tv\/blog\/wp-content\/uploads\/2022\/09\/GettyImages-1052897118-Pico-do-Fogo.jpg\"><img loading=\"lazy\" decoding=\"async\" width=\"880\" height=\"450\" src=\"https:\/\/www.sonnenklar.tv\/blog\/wp-content\/uploads\/2022\/09\/GettyImages-1052897118-Pico-do-Fogo.jpg\" alt=\"Pico do Fogo auf den Kapverden\" class=\"wp-image-21154\" srcset=\"https:\/\/www.sonnenklar.tv\/blog\/wp-content\/uploads\/2022\/09\/GettyImages-1052897118-Pico-do-Fogo.jpg 880w, https:\/\/www.sonnenklar.tv\/blog\/wp-content\/uploads\/2022\/09\/GettyImages-1052897118-Pico-do-Fogo-300x153.jpg 300w, https:\/\/www.sonnenklar.tv\/blog\/wp-content\/uploads\/2022\/09\/GettyImages-1052897118-Pico-do-Fogo-768x393.jpg 768w\" sizes=\"(max-width: 880px) 100vw, 880px\" \/><\/a><figcaption class=\"wp-element-caption\">Pico do Fogo auf den Kapverden<\/figcaption><\/figure>\n\n\n\n<p>Seid ihr hingegen auf reinen <strong>Badeurlaub<\/strong> im November aus, solltet ihr euch die Inseln Boavista, Sal oder Maio genauer anschauen: Allein Boavista lockt mit rund 55 Kilometer <strong>feinstem Sandstrand<\/strong>. Und doch haben die Kapverden eines gemeinsam: <strong>Die besondere Lebensfreude<\/strong>, das entspannte Flair und diesen besonderen Mix aus Abenteuer, nat\u00fcrlicher Mystik und kreolischem Lebensrhythmus.<\/p>\n\n\n\n<div class=\"su-box su-box-style-default\" id=\"\" style=\"border-color:#001d94;border-radius:3px;max-width:none\"><div class=\"su-box-title\" style=\"background-color:#0050c7;color:#FFFFFF;border-top-left-radius:1px;border-top-right-radius:1px\">sonnenklar.TV Hotel-Tipp:<\/div><div class=\"su-box-content su-u-clearfix su-u-trim\" style=\"border-bottom-left-radius:1px;border-bottom-right-radius:1px\">Da das <a href=\"https:\/\/www.sonnenklar.tv\/beschreibung\/Kap_Verde\/Kapverden\/Insel_Sal\/Dunas_de_Sal.html\" target=\"_blank\" rel=\"noopener\">Dunas de Sal<\/a> nur wenige Schritte vom Strand entfernt ist, k\u00f6nnt ihr hier ganz entspannt zwischen dem palmengs\u00e4umten Pool und dem feinen Sandstrand wechseln.<br><\/div><\/div>\n\n\n\n<div class=\"su-box su-box-style-default\" id=\"\" style=\"border-color:#001d94;border-radius:3px;max-width:none\"><div class=\"su-box-title\" style=\"background-color:#0050c7;color:#FFFFFF;border-top-left-radius:1px;border-top-right-radius:1px\">Kapverden-Angebote:<\/div><div class=\"su-box-content su-u-clearfix su-u-trim\" style=\"border-bottom-left-radius:1px;border-bottom-right-radius:1px\">Mitten im Atlantik, rund 600 Kilometer von der afrikanischen Westk\u00fcste entfernt, versteckt sich das einzigartige Paradies der Kapverdischen Inseln. Lasst euch gleich von unseren <a href=\"https:\/\/www.sonnenklar.tv\/promo\/kapverden-angebote.html\" target=\"_blank\" rel=\"noopener\">Kapverden-Angeboten<\/a> inspirieren und verzaubern.<\/div><\/div>\n\n\n\n<h3 class=\"wp-block-heading\">5. <a name=\"dominikanische-republik-karibischer-strandurlaub\"><\/a>Dominikanische Republik: Karibischer Strandurlaub<\/h3>\n\n\n\n<p>Von einem herbstlichen, fast schon winterlichen November ist in der Dominikanischen Republik keine Spur \u2013 stattdessen erwarten euch mit warmen Temperaturen von durchschnittlichen <strong>30 \u00b0C<\/strong>, feinsandigen <strong>Traumstr\u00e4nden<\/strong> und weitl\u00e4ufig gestalteten Unterk\u00fcnften die besten Voraussetzungen f\u00fcr einen <strong>unbeschwerten Badeurlaub<\/strong>. Gerade <strong>Punta Cana<\/strong> im Inselosten, <strong>Puerto Plata<\/strong> oder die <strong>Halbinsel Saman\u00e1<\/strong> erinnern an ein tropisches Paradies.<\/p>\n\n\n\n<figure class=\"wp-block-image alignnone\"><a href=\"https:\/\/www.sonnenklar.tv\/blog\/wp-content\/uploads\/2022\/09\/GettyImages-1198319777-Puerto-Plata.jpg\"><img loading=\"lazy\" decoding=\"async\" width=\"880\" height=\"450\" src=\"https:\/\/www.sonnenklar.tv\/blog\/wp-content\/uploads\/2022\/09\/GettyImages-1198319777-Puerto-Plata.jpg\" alt=\"Seilbahn in Puerto Plata in der Dominikanischen Republik\" class=\"wp-image-21155\" srcset=\"https:\/\/www.sonnenklar.tv\/blog\/wp-content\/uploads\/2022\/09\/GettyImages-1198319777-Puerto-Plata.jpg 880w, https:\/\/www.sonnenklar.tv\/blog\/wp-content\/uploads\/2022\/09\/GettyImages-1198319777-Puerto-Plata-300x153.jpg 300w, https:\/\/www.sonnenklar.tv\/blog\/wp-content\/uploads\/2022\/09\/GettyImages-1198319777-Puerto-Plata-768x393.jpg 768w\" sizes=\"(max-width: 880px) 100vw, 880px\" \/><\/a><figcaption class=\"wp-element-caption\">Blick von der Seilbahn auf Puerto Plata<\/figcaption><\/figure>\n\n\n\n<p>Auch abseits der wundersch\u00f6nen Str\u00e4nde hat die \u201eDom Rep\u201c einiges zu bieten: Die verwinkelte Altstadt der Inselhauptstadt <strong>Santo Domingo<\/strong> mit ihren historischen Kolonialbauten und dem ber\u00fchmten Palast <strong>Alc\u00e1zar de C\u00f3lon<\/strong>, der heute ein spannendes Museum beherbergt, bietet sich f\u00fcr einen ausgedehnten Stadtbummel an. Mit der Seilbahn von Puerto Plata gondelt ihr hingegen auf den 800 Meter hohen Berg <strong>Pico Isabel de Torres<\/strong> und genie\u00dft ein atemberaubendes Panorama \u00fcber die Palmenw\u00e4lder und das tiefblaue Meer.<\/p>\n\n\n\n<div class=\"su-box su-box-style-default\" id=\"\" style=\"border-color:#001d94;border-radius:3px;max-width:none\"><div class=\"su-box-title\" style=\"background-color:#0050c7;color:#FFFFFF;border-top-left-radius:1px;border-top-right-radius:1px\">Dom Rep-Angebote:<\/div><div class=\"su-box-content su-u-clearfix su-u-trim\" style=\"border-bottom-left-radius:1px;border-bottom-right-radius:1px\">Pure Lebensfreude, Traumstr\u00e4nde und Sonne satt \u2013 unsere vielseitigen Angebote f\u00fcr einen <a href=\"https:\/\/www.sonnenklar.tv\/promo\/urlaub-domrepublik.html\" target=\"_blank\" rel=\"noopener\">Urlaub in der Dominikanischen Republik<\/a> stimmen euch schon einmal auf die sch\u00f6nste Zeit des Jahres ein.<\/div><\/div>\n\n\n\n<div class=\"su-box su-box-style-default\" id=\"\" style=\"border-color:#001d94;border-radius:3px;max-width:none\"><div class=\"su-box-title\" style=\"background-color:#0050c7;color:#FFFFFF;border-top-left-radius:1px;border-top-right-radius:1px\">sonnenklar.TV Hotel-Tipp:<\/div><div class=\"su-box-content su-u-clearfix su-u-trim\" style=\"border-bottom-left-radius:1px;border-bottom-right-radius:1px\">Im <a href=\"https:\/\/www.sonnenklar.tv\/beschreibung\/Dominikanische_Republik\/Nordk%C3%BCste\/Cabarete\/Villa_Taina.html\" target=\"_blank\" rel=\"noopener\">Hotel Villa Taina<\/a> genie\u00dft ihr direkten Zugang zum Strand, verschiedene Sportangebote und k\u00f6nnt euch zus\u00e4tzliche Erholung im Spa-Center g\u00f6nnen.<\/div><\/div>\n\n\n\n<h2 class=\"wp-block-heading\">H\u00e4ufige Fragen zu den sch\u00f6nsten Reisezielen im Herbst<\/h2>\n\n\n\n<p>Wenn sich die heimische Natur auf den Winter vorbereitet und sich die heimischen W\u00e4lder in ihr goldenes Herbstkleid h\u00fcllen, gibt es f\u00fcr viele nichts Sch\u00f6neres, als in der Ferne noch ein wenig Sommer zu erhaschen. Seid ihr noch nicht ganz sicher, wo es hingehen soll? Wir kl\u00e4ren eure wichtigsten Fragen.<\/p>\n\n\n\n<h3 class=\"wp-block-heading\"><a name=\"wo-ist-im-oktober-regenzeit\"><\/a>Wo ist im Oktober Regenzeit?<\/h3>\n\n\n\n<p>Sucht ihr nach eurem idealen Reiseziel f\u00fcr den Herbst, spielt die Frage nach der Regenzeit nat\u00fcrlich eine gro\u00dfe Rolle. Im Oktober herrscht etwa in weiten Teilen <strong>S\u00fcdostasiens<\/strong> und einigen L\u00e4ndern <strong>Mittel- und S\u00fcdamerikas<\/strong> Regenzeit. Allerdings lohnt es sich, genau hinzuschauen: Viele dieser L\u00e4nder liegen nicht nur in der tropischen Klimazone, sondern beherbergen auch Regionen, in denen die Regenzeit deutlich weniger stark ausgepr\u00e4gt ist. Zudem wechseln sich in der Regenzeit meist kurze, aber heftige Regenschauer mit viel Sonnenschein ab \u2013 lasst euch am besten professionell beraten, wie das Klima an eurem Wunschreiseziel im Oktober aussieht.<\/p>\n\n\n\n<h3 class=\"wp-block-heading\"><a name=\"wo-ist-es-im-oktober-in-europa-am-waermsten\"><\/a>Wo ist es im Oktober in Europa am w\u00e4rmsten?<\/h3>\n\n\n\n<p>Im Oktober ist es im S\u00fcden Europas am w\u00e4rmsten \u2013 auf <strong>Zypern<\/strong> etwa k\u00f6nnt ihr noch mit knapp 28 \u00b0C rechnen. Mit diesen Temperaturen k\u00f6nnen einige griechische Inseln wie etwa <strong>Kreta<\/strong> durchaus mithalten: Durchschnittliche 24 \u00b0C sind ideal, um Aktiv- mit Badeurlaub zu verbinden. Und nicht zuletzt sind auch <strong>Madeira<\/strong> und die <strong>Kanarischen Inseln<\/strong>, die Inseln des ewigen Fr\u00fchlings, im Herbst traumhaft sch\u00f6n und zugleich weniger \u00fcberlaufen als in den hei\u00dfen Sommermonaten \u2013 nicht umsonst gelten sie als ganzj\u00e4hriger Geheimtipp.<\/p>\n\n\n\n<h3 class=\"wp-block-heading\"><a name=\"wo-ist-es-in-deutschland-im-herbst-am-schoensten\"><\/a>Wo ist es in Deutschland im Herbst am sch\u00f6nsten?<\/h3>\n\n\n\n<p>M\u00f6chtet ihr nicht zu weit verreisen, k\u00f6nnt ihr Deutschland bei spontanen Ausfl\u00fcgen oder Wellness-Urlauben von seiner sch\u00f6nsten Seite kennenlernen, denn der <strong>goldene Herbst<\/strong> h\u00e4lt im ganzen Land Einzug: Besonders verwunschen wirken etwa die beeindruckenden Felsformationen der <strong>S\u00e4chsischen Schweiz<\/strong>, die von nun goldummantelten B\u00e4umen ges\u00e4umt sind. In den <strong>Weinregionen <\/strong>wie <strong>Mosel<\/strong> oder <strong>Bodensee<\/strong> wird auf den zahlreichen Weinfesten fr\u00f6hlich gefeiert und die weitl\u00e4ufigen W\u00e4lder Deutschlands leuchten im farbenfrohen Herbstkleid um die Wette: <strong>Bayerischer Wald, Schwarzwald, Harz <\/strong>oder<strong> Spreewald<\/strong> verwandeln sich in m\u00e4rchenhafte Landschaften, an denen man sich kaum sattsehen kann. Auch wenn es euch in die Ferne zieht, solltet ihr einige herbstliche Ausfl\u00fcge in Deutschland nicht verpassen.<\/p>\n\n\n\n<div class=\"su-box su-box-style-default\" id=\"\" style=\"border-color:#001d94;border-radius:3px;max-width:none\"><div class=\"su-box-title\" style=\"background-color:#0050c7;color:#FFFFFF;border-top-left-radius:1px;border-top-right-radius:1px\">sonnenklar.TV Tipp:<\/div><div class=\"su-box-content su-u-clearfix su-u-trim\" style=\"border-bottom-left-radius:1px;border-bottom-right-radius:1px\">Manchmal muss man nicht in die Ferne schweifen, um einfach einmal rauszukommen. Mit unseren <a href=\"https:\/\/www.sonnenklar.tv\/promo\/urlaub-deutschland.html\" target=\"_blank\" rel=\"noopener\">Urlaubsangeboten f\u00fcr Deutschland<\/a> erwartet euch ein echtes Abenteuer in der eigenen Heimat.<\/div><\/div>\n\n\n\n<figure class=\"wp-block-image alignnone\"><a href=\"https:\/\/www.sonnenklar.tv\/blog\/wp-content\/uploads\/2022\/09\/GettyImages-1365626549-Buchberger-Leite.jpg\"><img loading=\"lazy\" decoding=\"async\" width=\"880\" height=\"450\" src=\"https:\/\/www.sonnenklar.tv\/blog\/wp-content\/uploads\/2022\/09\/GettyImages-1365626549-Buchberger-Leite.jpg\" alt=\"Wildbachklamm Buchberger Leite bei Freyung im Bayerischen Wald in Deutschland\" class=\"wp-image-21156\" srcset=\"https:\/\/www.sonnenklar.tv\/blog\/wp-content\/uploads\/2022\/09\/GettyImages-1365626549-Buchberger-Leite.jpg 880w, https:\/\/www.sonnenklar.tv\/blog\/wp-content\/uploads\/2022\/09\/GettyImages-1365626549-Buchberger-Leite-800x409.jpg 800w, https:\/\/www.sonnenklar.tv\/blog\/wp-content\/uploads\/2022\/09\/GettyImages-1365626549-Buchberger-Leite-18x9.jpg 18w, https:\/\/www.sonnenklar.tv\/blog\/wp-content\/uploads\/2022\/09\/GettyImages-1365626549-Buchberger-Leite-150x77.jpg 150w, https:\/\/www.sonnenklar.tv\/blog\/wp-content\/uploads\/2022\/09\/GettyImages-1365626549-Buchberger-Leite-450x230.jpg 450w, https:\/\/www.sonnenklar.tv\/blog\/wp-content\/uploads\/2022\/09\/GettyImages-1365626549-Buchberger-Leite-768x393.jpg 768w, https:\/\/www.sonnenklar.tv\/blog\/wp-content\/uploads\/2022\/09\/GettyImages-1365626549-Buchberger-Leite-300x153.jpg 300w\" sizes=\"(max-width: 880px) 100vw, 880px\" \/><\/a><figcaption class=\"wp-element-caption\">Im Herbst wird\u2019s bunt in heimischen W\u00e4ldern<\/figcaption><\/figure>\n\n\n\n<h3 class=\"wp-block-heading\"><a name=\"welche-kanarische-insel-im-oktober\"><\/a>Welche Kanarische Insel im Oktober?<\/h3>\n\n\n\n<p>Die Kanarischen Inseln sind im Oktober ein lohnendes Reiseziel, an dem ihr euch auf Temperaturen bis zu 28\u00b0 C freuen k\u00f6nnt. Zu dieser Jahreszeit k\u00f6nnt ihr noch baden, gleichzeitig ist es jedoch f\u00fcr Aktivurlaub, Wandern, Surfen oder Radfahren nicht mehr zu hei\u00df. Besonders <strong>Teneriffa, Lanzarote<\/strong> und <strong>Fuerteventura<\/strong> gelten als die w\u00e4rmsten Kanarischen Inseln im Oktober, doch auch Gran Canaria oder La Palma liegen mit 26 \u00b0C nur knapp darunter.<\/p>\n\n\n\n<h2 class=\"wp-block-heading\">Fazit zu den sch\u00f6nsten Herbstreisezielen<\/h2>\n\n\n\n<p>Packt euch im Oktober oder November die Sehnsucht nach dem Sommer, habt ihr zum Gl\u00fcck die freie Auswahl, denn auf der ganzen Welt gibt es selbst im heimischen Herbst sonnige und warme Reiseziele. Ob reiner Strandurlaub oder Sightseeing, Shopping und ausgedehnte Spazierg\u00e4nge in der Natur: Der Herbst ist die perfekte Jahreszeit f\u00fcr euren ganz individuellen Traumurlaub. Freut euch auf viel Sonnenschein, erfrischende Meerestemperaturen und jede Menge Urlaubsgl\u00fcck.<\/p>\n\n\n\n<div class=\"su-box su-box-style-default\" id=\"\" style=\"border-color:#001d94;border-radius:3px;max-width:none\"><div class=\"su-box-title\" style=\"background-color:#0050c7;color:#FFFFFF;border-top-left-radius:1px;border-top-right-radius:1px\">sonnenklar.TV Tipp:<\/div><div class=\"su-box-content su-u-clearfix su-u-trim\" style=\"border-bottom-left-radius:1px;border-bottom-right-radius:1px\">Ihr plant Urlaub in den Herbstferien? Dann sind unsere <a href=\"https:\/\/www.sonnenklar.tv\/promo\/herbstferien.html\" target=\"_blank\" rel=\"noopener\">Angebote f\u00fcr die Herbstferien<\/a> genau das Richtige f\u00fcr euch!<\/div><\/div>\n","protected":false},"excerpt":{"rendered":"<p>Klopfen hierzulande im Herbst die ersten Vorboten des Winters an die T\u00fcre, zieht es viele noch einmal in w\u00e4rmere Gefilde, um Sonne zu tanken, das Gesicht in die Meeresbrise zu halten und noch ein letztes Mal den Sommer auf der Haut zu sp\u00fcren. Damit ist der Herbst ideal, um die warmen Reiseziele ganz besonders zu<\/p>\n","protected":false},"author":3,"featured_media":21157,"comment_status":"closed","ping_status":"open","sticky":false,"template":"","format":"standard","meta":{"footnotes":""},"categories":[697],"tags":[499,567],"class_list":{"0":"post-21047","1":"post","2":"type-post","3":"status-publish","4":"format-standard","5":"has-post-thumbnail","7":"category-reisetipps","8":"tag-beste-reisezeit","9":"tag-reiseziele"},"_links":{"self":[{"href":"https:\/\/www.sonnenklar.tv\/blog\/wp-json\/wp\/v2\/posts\/21047","targetHints":{"allow":["GET"]}}],"collection":[{"href":"https:\/\/www.sonnenklar.tv\/blog\/wp-json\/wp\/v2\/posts"}],"about":[{"href":"https:\/\/www.sonnenklar.tv\/blog\/wp-json\/wp\/v2\/types\/post"}],"author":[{"embeddable":true,"href":"https:\/\/www.sonnenklar.tv\/blog\/wp-json\/wp\/v2\/users\/3"}],"replies":[{"embeddable":true,"href":"https:\/\/www.sonnenklar.tv\/blog\/wp-json\/wp\/v2\/comments?post=21047"}],"version-history":[{"count":29,"href":"https:\/\/www.sonnenklar.tv\/blog\/wp-json\/wp\/v2\/posts\/21047\/revisions"}],"predecessor-version":[{"id":36240,"href":"https:\/\/www.sonnenklar.tv\/blog\/wp-json\/wp\/v2\/posts\/21047\/revisions\/36240"}],"wp:featuredmedia":[{"embeddable":true,"href":"https:\/\/www.sonnenklar.tv\/blog\/wp-json\/wp\/v2\/media\/21157"}],"wp:attachment":[{"href":"https:\/\/www.sonnenklar.tv\/blog\/wp-json\/wp\/v2\/media?parent=21047"}],"wp:term":[{"taxonomy":"category","embeddable":true,"href":"https:\/\/www.sonnenklar.tv\/blog\/wp-json\/wp\/v2\/categories?post=21047"},{"taxonomy":"post_tag","embeddable":true,"href":"https:\/\/www.sonnenklar.tv\/blog\/wp-json\/wp\/v2\/tags?post=21047"}],"curies":[{"name":"wp","href":"https:\/\/api.w.org\/{rel}","templated":true}]}}