{"id":20745,"date":"2022-08-03T08:40:48","date_gmt":"2022-08-03T07:40:48","guid":{"rendered":"https:\/\/www.sonnenklar.tv\/blog\/?p=20745"},"modified":"2026-04-07T16:14:51","modified_gmt":"2026-04-07T14:14:51","slug":"wandern-in-deutschland","status":"publish","type":"post","link":"https:\/\/www.sonnenklar.tv\/blog\/reisearten\/eigenanreise\/wandern-in-deutschland\/","title":{"rendered":"Wandern in Deutschland: Die 9 sch\u00f6nsten Wanderwege"},"content":{"rendered":"\n<p><strong>Deutschland erwandern: Entlang abwechslungsreicher Pfade und kurzweiliger Routen entdeckt ihr traumhaft sch\u00f6ne Landschaften und Orte mit viel Geschichte. Tiefe Schluchten und verwunschene Moore, m\u00e4chtige Alpen und romantische Heidelandschaften \u2013 die Wandergebiete in Deutschland stecken voller \u00dcberraschungen.<\/strong><\/p>\n\n\n\n<p>Ob einsteigergerechte Tagestouren, ambitionierte Kurztrips oder gleich ein ganzer Fernwanderweg: Euer pers\u00f6nliches Wandererlebnis k\u00f6nnt ihr nat\u00fcrlich flexibel gestalten und euch die Highlights der sch\u00f6nsten Routen herauspicken. Hier zeigen wir euch unsere liebsten Wandergebiete und geben Tipps, wo ihr in Deutschland wandern k\u00f6nnt.<\/p>\n\n\n\n<p><strong>Inhaltsverzeichnis<\/strong><\/p>\n\n\n\n<ul class=\"wp-block-list\">\n<li><strong>Beim Wandern Deutschland entdecken: Die besten Wanderwege<\/strong>\n<ol class=\"wp-block-list\">\n<li><a href=\"#rund-um-die-schorfheide-zurueck-in-die-eiszeit\">Rund um die Schorfheide: Zur\u00fcck in die Eiszeit<\/a><\/li>\n\n\n\n<li><a href=\"#heidschnuckenweg-vertraeumtes-bluetenmeer-in-der-heide\">Heidschnuckenweg: Vertr\u00e4umtes Bl\u00fctenmeer in der Heide<\/a><\/li>\n\n\n\n<li><a href=\"#harzer-hexen-stieg-zwischen-maerchen-legenden-und-bergbau\">Harzer-Hexen-Stieg: Zwischen M\u00e4rchen, Legenden und Bergbau<\/a><\/li>\n\n\n\n<li><a href=\"#malerweg-durch-das-mystische-elbsandsteingebirge\">Malerweg: Durch das mystische Elbsandsteingebirge<\/a><\/li>\n\n\n\n<li><a href=\"#eifelsteig-vulkane-roemer-und-gueldener-ginster\">Eifelsteig: Vulkane, R\u00f6mer und g\u00fcldener Ginster<\/a><\/li>\n\n\n\n<li><a href=\"#rheinsteig-genusswelten-am-rhein\">Rheinsteig: Genusswelten am Rhein<\/a><\/li>\n\n\n\n<li><a href=\"#goldsteig-deutschlands-echte-wildnis\">Goldsteig: Deutschlands echte Wildnis<\/a><\/li>\n\n\n\n<li><a href=\"#schluchtensteig-schwarzwald-der-weg-des-wassers\">Schluchtensteig-Schwarzwald: Der Weg des Wassers<\/a><\/li>\n\n\n\n<li><a href=\"#wandertrilogie-allgaeu-die-urkraft-der-alpen\">Wandertrilogie Allg\u00e4u: Die Urkraft der Alpen<\/a><\/li>\n<\/ol>\n<\/li>\n\n\n\n<li><strong>H\u00e4ufige Fragen zum Wandern in Deutschland<\/strong>\n<ul class=\"wp-block-list\">\n<li><a href=\"#was-ist-der-schoenste-wanderweg-deutschlands\">Was ist der sch\u00f6nste Wanderweg Deutschlands?<\/a><\/li>\n\n\n\n<li><a href=\"#wie-viele-wanderwege-gibt-es-in-deutschland\">Wie viele Wanderwege gibt es in Deutschland?<\/a><\/li>\n\n\n\n<li><a href=\"#wo-kann-man-im-harz-am-besten-wandern\">Wo kann man im Harz am besten wandern?<\/a><\/li>\n\n\n\n<li><a href=\"#was-muss-ich-beim-wandern-beachten\">Was muss ich beim Wandern beachten?<\/a><\/li>\n<\/ul>\n<\/li>\n<\/ul>\n\n\n\n<h2 class=\"wp-block-heading\">Das Wichtigste im \u00dcberblick<\/h2>\n\n\n\n<ul class=\"wp-block-list\">\n<li>Deutschland hat ein unglaublich vielseitiges, riesiges Netz an Wandergebieten und Fernwanderwegen.<\/li>\n\n\n\n<li>Selbstverst\u00e4ndlich m\u00fcsst ihr die Weitwanderungen nicht am St\u00fcck machen, sondern k\u00f6nnt euch die sch\u00f6nsten Etappen heraussuchen und einzelne Tagestouren bequem mit Bus oder Bahn erreichen.<\/li>\n\n\n\n<li>Ihr m\u00fcsst f\u00fcr viele der Routen keine ausgesuchten Sportler sein. Die weiten Ebenen und sanften H\u00fcgellandschaften, die ihr in ganz Deutschland vorfindet, sind f\u00fcr jeden gut machbar.<\/li>\n<\/ul>\n\n\n\n<h2 class=\"wp-block-heading\">Beim Wandern Deutschland entdecken: Die besten Wanderwege<\/h2>\n\n\n\n<p>Wandern ist popul\u00e4r. M\u00f6chtet ihr Neues entdecken und Heide, Harz oder Alpen erwandern, lasst euch gern von unseren Ideen und vorgestellten Wanderwegen in Deutschland inspirieren.<\/p>\n\n\n\n<h3 class=\"wp-block-heading\">1. <a name=\"rund-um-die-schorfheide-zurueck-in-die-eiszeit\"><\/a>Rund um die Schorfheide: Zur\u00fcck in die Eiszeit<\/h3>\n\n\n\n<p>Auf Schusters Rappen geht es auf dem Weitwanderweg \u201e<strong>Rund um die Schorfheide<\/strong>\u201c durch die historische, oft etwas vergessene Landschaft des Barnim. Ihr startet in Eberswalde und kommt nach <strong>sieben Etappen<\/strong> in Niederfinow an. Dazwischen liegen auf <strong>135 Kilometer<\/strong> Wegstrecke das UNESCO-Weltnaturerbe <strong>Buchenwald Grumsin<\/strong>, das Biosph\u00e4renreservat <strong>Schorfheide-Chorin<\/strong> und nat\u00fcrlich der <strong>Naturpark Barnim<\/strong>. Wer genau hinsieht, entdeckt, dass die umliegenden Landschaften eiszeitlich gepr\u00e4gt sind. Rund um die Naturparkstadt <strong>Biesenthal<\/strong> etwa wandert ihr auf himmelweichem, <strong>eiszeitlichem Sand<\/strong> \u2013 fast wie in der Karibik! Auch die k\u00fchlenden W\u00e4lder und quirligen <strong>Bierg\u00e4rten<\/strong> entlang des Weges lassen die zur\u00fcckgelegten Kilometer fast vergessen. Au\u00dferdem dreht sich im Barnimer Land viel ums <strong>Wasser<\/strong>: Fl\u00fcsse, k\u00fcnstliche Wasserstra\u00dfen, Schleusen und Seen bieten eine willkommene Abk\u00fchlung.<\/p>\n\n\n<div class=\"wp-block-image\">\n<figure class=\"aligncenter\"><a href=\"https:\/\/www.sonnenklar.tv\/blog\/wp-content\/uploads\/2022\/08\/GettyImages-1268154882_kl.jpg\"><img fetchpriority=\"high\" decoding=\"async\" width=\"880\" height=\"450\" src=\"https:\/\/www.sonnenklar.tv\/blog\/wp-content\/uploads\/2022\/08\/GettyImages-1268154882_kl.jpg\" alt=\"Schorfheide-Chorin\" class=\"wp-image-20770\" srcset=\"https:\/\/www.sonnenklar.tv\/blog\/wp-content\/uploads\/2022\/08\/GettyImages-1268154882_kl.jpg 880w, https:\/\/www.sonnenklar.tv\/blog\/wp-content\/uploads\/2022\/08\/GettyImages-1268154882_kl-300x153.jpg 300w, https:\/\/www.sonnenklar.tv\/blog\/wp-content\/uploads\/2022\/08\/GettyImages-1268154882_kl-768x393.jpg 768w\" sizes=\"(max-width: 880px) 100vw, 880px\" \/><\/a><figcaption class=\"wp-element-caption\">Schorfheide-Chorin: eiszeitlich gepr\u00e4gte Landschaft mit idyllischen Seen, Wiesen und W\u00e4ldern<\/figcaption><\/figure>\n<\/div>\n\n\n<p>\u201eRund um die Schorfheide\u201c im \u00dcberblick<\/p>\n\n\n\n<figure class=\"wp-block-table\"><table class=\"has-fixed-layout\"><tbody><tr><td><strong>Route<\/strong><\/td><td>Eberswalde \u2013 Eberswalde<\/td><\/tr><tr><td><strong>L\u00e4nge<\/strong><\/td><td>135 km<\/td><\/tr><tr><td><strong>Steigung<\/strong><\/td><td>gering<\/td><\/tr><tr><td><strong>Wege<\/strong><\/td><td>Wanderwege und -pfade, Pflaster, Asphalt, Waldwege<\/td><\/tr><tr><td><strong>Dauer<\/strong><\/td><td>f\u00fcnf bis sieben Tage<\/td><\/tr><tr><td><strong>Geeignet f\u00fcr<\/strong><\/td><td>Entdecker, Genusswandern<\/td><\/tr><\/tbody><\/table><\/figure>\n\n\n\n<p><strong>Hoteltipp<\/strong>: Der D\u00f6llnsee, an dessen Ufer sich das <a href=\"https:\/\/www.sonnenklar.tv\/beschreibung\/Deutschland\/Brandenburg\/Gro%C3%9F_D%C3%B6lln\/D%C3%B6llnsee-Schorfheide.html\" target=\"_blank\" rel=\"noreferrer noopener\">Hotel D\u00f6llnsee-Schorfheide<\/a> erstreckt, liegt nur wenige Kilometer vom Fernwanderweg entfernt und verspricht echtes Wohlf\u00fchl-Flair.<\/p>\n\n\n\n<h3 class=\"wp-block-heading\">2. <a name=\"heidschnuckenweg-vertraeumtes-bluetenmeer-in-der-heide\"><\/a>Heidschnuckenweg: Vertr\u00e4umtes Bl\u00fctenmeer in der Heide<\/h3>\n\n\n\n<p>Die violettfarbene Bl\u00fcte der Lavendelfelder in der Provence war gestern: Der <strong>Heidschnuckenweg<\/strong> l\u00e4sst euch die wundersch\u00f6ne deutsche Heidelandschaft v\u00f6llig neu erleben. In gut <strong>13 Tagen <\/strong>f\u00fchrt euch der Heidschnuckenweg <strong>von Hamburg nach Celle<\/strong> durch die weiten Ebenen der <strong>L\u00fcneburger Heide<\/strong>. Zwar ist die Region ganzj\u00e4hrig eine Wanderreise wert, besonders pr\u00e4chtig pr\u00e4sentiert sich die Heide jedoch zwischen <strong>Juli und September<\/strong>, wenn sich das farbenfrohe Bl\u00fctenmeer ringsum bis zum Horizont erstreckt. Doch auch abseits ist der Heidschnuckenweg eine echte Entdeckung: Ruhig und angenehm l\u00e4uft es sich zwischen den duftenden <strong>Kiefernw\u00e4ldern<\/strong>, w\u00e4hrend gem\u00fctliche Holzb\u00e4nke zur Rast einladen. Dazu kommen <strong>Wacholder<\/strong>, <strong>Heidelbeeren<\/strong>, m\u00e4chtige Eichen und pittoreske D\u00f6rfer mit reetgedeckten H\u00f6fen, die zu den absoluten Highlights des Wandergebiets z\u00e4hlen. Insgesamt ist der Heidschnuckenweg eine Einladung <strong>zur erholsamen Auszeit<\/strong>, die nur unterstrichen wird von urigen, famili\u00e4r gef\u00fchrten Gasth\u00e4usern.<\/p>\n\n\n<div class=\"wp-block-image\">\n<figure class=\"aligncenter\"><a href=\"https:\/\/www.sonnenklar.tv\/blog\/wp-content\/uploads\/2022\/07\/GettyImages-1142611981_3916201_master.jpg\"><img decoding=\"async\" width=\"880\" height=\"450\" src=\"https:\/\/www.sonnenklar.tv\/blog\/wp-content\/uploads\/2022\/07\/GettyImages-1142611981_3916201_master.jpg\" alt=\"Wilseder Berg, L\u00fcneburger Heide\" class=\"wp-image-20757\" srcset=\"https:\/\/www.sonnenklar.tv\/blog\/wp-content\/uploads\/2022\/07\/GettyImages-1142611981_3916201_master.jpg 880w, https:\/\/www.sonnenklar.tv\/blog\/wp-content\/uploads\/2022\/07\/GettyImages-1142611981_3916201_master-300x153.jpg 300w, https:\/\/www.sonnenklar.tv\/blog\/wp-content\/uploads\/2022\/07\/GettyImages-1142611981_3916201_master-768x393.jpg 768w\" sizes=\"(max-width: 880px) 100vw, 880px\" \/><\/a><figcaption class=\"wp-element-caption\">Traumhafte Sonnenunterg\u00e4nge erwarten euch am Wilseder Berg<\/figcaption><\/figure>\n<\/div>\n\n\n<p>Heidschnuckenweg im \u00dcberblick<\/p>\n\n\n\n<figure class=\"wp-block-table\"><table class=\"has-fixed-layout\"><tbody><tr><td><strong>Route<\/strong><\/td><td>Hamburg \u2013 Celle<\/td><\/tr><tr><td><strong>L\u00e4nge<\/strong><\/td><td>ca. 223 Kilometer<\/td><\/tr><tr><td><strong>Steigung<\/strong><\/td><td>gering<\/td><\/tr><tr><td><strong>Wege<\/strong><\/td><td>befestigt, Waldpfade, Wiesen<\/td><\/tr><tr><td><strong>Dauer<\/strong><\/td><td>13 Tage<\/td><\/tr><tr><td><strong>Geeignet f\u00fcr<\/strong><\/td><td>Naturliebhaber und Genusswanderer<\/td><\/tr><\/tbody><\/table><\/figure>\n\n\n\n<p><strong>Tipp<\/strong>: Die liebliche Heide ist ein echtes Sehnsuchtsziel. Lasst euch gern von unseren <a href=\"https:\/\/www.sonnenklar.tv\/promo\/reisen-lueneburger-heide.html\" target=\"_blank\" rel=\"noreferrer noopener\">Reisen in die L\u00fcneburger Heide<\/a> inspirieren, um die einzigartigen Naturparks mit eigenen Augen zu entdecken.<\/p>\n\n\n\n<h3 class=\"wp-block-heading\">3. <a name=\"harzer-hexen-stieg-zwischen-maerchen-legenden-und-bergbau\"><\/a>Harzer-Hexen-Stieg: Zwischen M\u00e4rchen, Legenden und Bergbau<\/h3>\n\n\n\n<p>Der Fernwanderweg <strong>Harzer-Hexen-Stieg<\/strong> zeigt Deutschlands sagenumwobenen <strong>Nationalpark Harz<\/strong> von seinen m\u00e4rchenhaften Seiten. Dichte W\u00e4lder wechseln sich ab mit felsigen Schluchten, geben den Blick auf mittelalterliche St\u00e4dtchen frei oder gehen in uralte Hochmoore \u00fcber. In sportlichen f\u00fcnf oder gen\u00fcsslicheren sechs Etappen wandert ihr von <strong>Thale<\/strong> nach <strong>Osterode<\/strong> (oder umgekehrt) und erklimmt nat\u00fcrlich auch den mystischen <strong>Brocken<\/strong>, den h\u00f6chsten Berg des Harz. Auch Abstecher wie etwa zur <strong>Titan RT<\/strong>, einer gigantischen H\u00e4ngebr\u00fccke, bieten unvergessliche Erlebnisse. Und das ist bei weitem nicht alles: Der Harzer-Hexen-Stieg ist ein gemeinschaftliches <strong>Projekt<\/strong>, das mit <strong>k\u00fcnstlerischen<\/strong> <strong>Installationen<\/strong> am Wegesrand und sogar einem <strong>Multimedia-Guide<\/strong> angereichert ist, sodass euch Natur und Kultur der Region sowie die traditionsreiche Geschichte des <strong>Bergbaus<\/strong> auf eine spannende Art und Weise n\u00e4hergebracht wird.<\/p>\n\n\n<div class=\"wp-block-image\">\n<figure class=\"aligncenter\"><a href=\"https:\/\/www.sonnenklar.tv\/blog\/wp-content\/uploads\/2022\/07\/GettyImages-878379482.jpg_2140061_master.jpg\"><img decoding=\"async\" width=\"880\" height=\"450\" src=\"https:\/\/www.sonnenklar.tv\/blog\/wp-content\/uploads\/2022\/07\/GettyImages-878379482.jpg_2140061_master.jpg\" alt=\"Harz Nationalpark\" class=\"wp-image-20758\" srcset=\"https:\/\/www.sonnenklar.tv\/blog\/wp-content\/uploads\/2022\/07\/GettyImages-878379482.jpg_2140061_master.jpg 880w, https:\/\/www.sonnenklar.tv\/blog\/wp-content\/uploads\/2022\/07\/GettyImages-878379482.jpg_2140061_master-300x153.jpg 300w, https:\/\/www.sonnenklar.tv\/blog\/wp-content\/uploads\/2022\/07\/GettyImages-878379482.jpg_2140061_master-768x393.jpg 768w\" sizes=\"(max-width: 880px) 100vw, 880px\" \/><\/a><figcaption class=\"wp-element-caption\">Der Harz Nationalpark zeigt sich von seinen m\u00e4rchenhaften Seiten<\/figcaption><\/figure>\n<\/div>\n\n\n<p>Harzer-Hexen-Stieg im \u00dcberblick<\/p>\n\n\n\n<figure class=\"wp-block-table\"><table class=\"has-fixed-layout\"><tbody><tr><td><strong>Route<\/strong><\/td><td>Thale \u2013 Osterode<\/td><\/tr><tr><td><strong>L\u00e4nge<\/strong><\/td><td>direkte Strecke: 94 km; mit Varianten: 150 km<\/td><\/tr><tr><td><strong>Steigung<\/strong><\/td><td>gering \u2013 hoch<\/td><\/tr><tr><td><strong>Wege<\/strong><\/td><td>Befestigt, Waldpfade, Wiesen, ausgesetzte Pfade<\/td><\/tr><tr><td><strong>Dauer<\/strong><\/td><td>f\u00fcnf bis sechs Tage<\/td><\/tr><tr><td><strong>Geeignet f\u00fcr<\/strong><\/td><td>Entdecker, Abenteurer, ambitionierte Wanderer, alternativ: Tagestouren f\u00fcr Genusswanderer<\/td><\/tr><\/tbody><\/table><\/figure>\n\n\n\n<p><strong>Tipp<\/strong>: Der Harz ruft? Dann nichts wie los zu einem <a href=\"https:\/\/www.sonnenklar.tv\/promo\/kurzurlaub\/kurzurlaub-deutschland\/kurzurlaub-harz.html\" target=\"_blank\" rel=\"noreferrer noopener\">Kurzurlaub in den Harz<\/a>, eines der sch\u00f6nsten deutschen Mittelgebirge.<\/p>\n\n\n\n<h3 class=\"wp-block-heading\">4. <a name=\"malerweg-durch-das-mystische-elbsandsteingebirge\"><\/a>Malerweg: Durch das mystische Elbsandsteingebirge<\/h3>\n\n\n\n<p>Der <strong>Malerweg<\/strong> in der <strong>S\u00e4chsischen Schweiz<\/strong> ist wie geschaffen f\u00fcr einen abwechslungsreichen Wanderurlaub in Deutschland: Neben urspr\u00fcnglichen Felsenwelten, vertr\u00e4umten T\u00e4lern und sonnigen H\u00f6hen bietet der Weitwanderweg im Osten Deutschland auch einen lehrreichen wie spannenden Einblick in die Geschichte: Bereits im 18. Jahrhundert war das <strong>Elbsandsteingebirge<\/strong> ein Studienobjekt namhafter <strong>Maler aus ganz Europa<\/strong>, auf deren Spuren ihr bis heute auf dem historischen Malerweg wandeln k\u00f6nnt. Lasst euch wie einst die Gro\u00dfen der Romantik von einzigartigen Naturwundern und Kulturdenkm\u00e4lern in den Bann ziehen und erwandert Highlights wie die <strong>Bastei<\/strong>, die beiden <strong>Schrammtore<\/strong>, die <strong>Festung K\u00f6nigstein<\/strong> oder auch den <strong>Gro\u00dfen Winterberg<\/strong> und <strong>Schmilka<\/strong> sowie <strong>Pfaffenstein<\/strong> und das Ziel <strong>Pirna<\/strong> mit der historischen Altstadt und den verwinkelten Gassen.<\/p>\n\n\n<div class=\"wp-block-image\">\n<figure class=\"aligncenter\"><a href=\"https:\/\/www.sonnenklar.tv\/blog\/wp-content\/uploads\/2022\/07\/GettyImages-155141273-Ko\u0308nigstein-Fortress_3474416_master.jpg\"><img loading=\"lazy\" decoding=\"async\" width=\"880\" height=\"450\" src=\"https:\/\/www.sonnenklar.tv\/blog\/wp-content\/uploads\/2022\/07\/GettyImages-155141273-Ko\u0308nigstein-Fortress_3474416_master.jpg\" alt=\"Festung K\u00f6nigstein im Elbsandsteingebirge\" class=\"wp-image-20759\" srcset=\"https:\/\/www.sonnenklar.tv\/blog\/wp-content\/uploads\/2022\/07\/GettyImages-155141273-Ko\u0308nigstein-Fortress_3474416_master.jpg 880w, https:\/\/www.sonnenklar.tv\/blog\/wp-content\/uploads\/2022\/07\/GettyImages-155141273-Ko\u0308nigstein-Fortress_3474416_master-300x153.jpg 300w, https:\/\/www.sonnenklar.tv\/blog\/wp-content\/uploads\/2022\/07\/GettyImages-155141273-Ko\u0308nigstein-Fortress_3474416_master-768x393.jpg 768w\" sizes=\"(max-width: 880px) 100vw, 880px\" \/><\/a><figcaption class=\"wp-element-caption\">Die Festung K\u00f6nigstein ist nur eines von vielen Highlights im Elbsandsteingebirge<\/figcaption><\/figure>\n<\/div>\n\n\n<p>Malerweg im \u00dcberblick<\/p>\n\n\n\n<figure class=\"wp-block-table\"><table class=\"has-fixed-layout\"><tbody><tr><td><strong>Route<\/strong><\/td><td>Pirna- Liebethal \u2013 Pirna<\/td><\/tr><tr><td><strong>L\u00e4nge<\/strong><\/td><td>ca. 116 Kilometer<\/td><\/tr><tr><td><strong>Steigung<\/strong><\/td><td>gering \u2013 hoch (Stufen, Leitern)<\/td><\/tr><tr><td><strong>Wege<\/strong><\/td><td>befestigt bis naturnah, steil und eng<\/td><\/tr><tr><td><strong>Dauer<\/strong><\/td><td>5 bis 7 Tage<\/td><\/tr><tr><td><strong>Geeignet f\u00fcr<\/strong><\/td><td>Familien, Genie\u00dfer, Kilometer- &amp; H\u00f6henmeter-Sammler, Kulturfreunde, Auszeit, Besinnung<\/td><\/tr><\/tbody><\/table><\/figure>\n\n\n\n<p><strong>Hoteltipp<\/strong>: Im Herzen des Elbsandsteingebirges verw\u00f6hnt euch das idyllisch gelegene <a href=\"https:\/\/www.sonnenklar.tv\/beschreibung\/Deutschland\/S%C3%A4chsische_Schweiz_Erzgebirge\/Bad_Schandau\/Parkhotel_Bad_Schandau.html\" target=\"_blank\" rel=\"noreferrer noopener\">Parkhotel Bad Schandau<\/a> mit komfortablen Zimmern und einer Sonnenterrasse mit Blick \u00fcber die Elbe.<\/p>\n\n\n\n<h3 class=\"wp-block-heading\">5. <a name=\"eifelsteig-vulkane-roemer-und-gueldener-ginster\"><\/a>Eifelsteig: Vulkane, R\u00f6mer und g\u00fcldener Ginster<\/h3>\n\n\n\n<p>Der Eifelsteig beweist, dass Wandern in Deutschland ein echtes Abenteuer ist. Zwischen <strong>Aachen<\/strong> und <strong>Trier<\/strong> begebt ihr euch auf eine entschleunigte Entdeckerreise, streift durch die Moor- und Heidelandschaft des <strong>Hohen Venn<\/strong>, betretet den <strong>Nationalpark Eifel<\/strong>, bestaunt das Erbe der <strong>Vulkaneifel<\/strong> und findet je nach Jahreszeit das \u201eEifelgold\u201c, jene leuchtend gelben Ginsterstr\u00e4ucher, die im Fr\u00fchjahr weite Landstriche pr\u00e4gen. Schroffe Felsenh\u00e4nge spenden Schatten, w\u00e4hrend die Bacht\u00e4ler und <strong>Stauseen<\/strong> im Sommer zu einer willkommenen Abk\u00fchlung einladen. Ambitionierte Wanderer erwartet auf der rund <strong>310 Kilometer langen Wanderroute<\/strong> eine gut 15-t\u00e4gige Auszeit, alternativ sucht ihr euch die sch\u00f6nsten Highlights als Tagestouren heraus. Nehmt euch auch ausreichend Zeit, um die <strong>R\u00f6merstadt Trier<\/strong> und das nicht minder sch\u00f6ne <strong>Aachen<\/strong> zu besichtigen.<\/p>\n\n\n<div class=\"wp-block-image\">\n<figure class=\"aligncenter\"><a href=\"https:\/\/www.sonnenklar.tv\/blog\/wp-content\/uploads\/2022\/07\/Vulkaneifel1067452986.jpg_3652092_master.jpg\"><img loading=\"lazy\" decoding=\"async\" width=\"880\" height=\"450\" src=\"https:\/\/www.sonnenklar.tv\/blog\/wp-content\/uploads\/2022\/07\/Vulkaneifel1067452986.jpg_3652092_master.jpg\" alt=\"November in der Vulkaneifel\" class=\"wp-image-20760\" srcset=\"https:\/\/www.sonnenklar.tv\/blog\/wp-content\/uploads\/2022\/07\/Vulkaneifel1067452986.jpg_3652092_master.jpg 880w, https:\/\/www.sonnenklar.tv\/blog\/wp-content\/uploads\/2022\/07\/Vulkaneifel1067452986.jpg_3652092_master-300x153.jpg 300w, https:\/\/www.sonnenklar.tv\/blog\/wp-content\/uploads\/2022\/07\/Vulkaneifel1067452986.jpg_3652092_master-768x393.jpg 768w\" sizes=\"(max-width: 880px) 100vw, 880px\" \/><\/a><figcaption class=\"wp-element-caption\">Eine traumhaft bunte Landschaft erwartet euch im Herbst in der Vulkaneifel<\/figcaption><\/figure>\n<\/div>\n\n\n<p>Eifelsteig im \u00dcberblick<\/p>\n\n\n\n<figure class=\"wp-block-table\"><table class=\"has-fixed-layout\"><tbody><tr><td><strong>Route<\/strong><\/td><td>Aachen \u2013 Trier<\/td><\/tr><tr><td><strong>L\u00e4nge<\/strong><\/td><td>ca. 313 Kilometer<\/td><\/tr><tr><td><strong>Steigung<\/strong><\/td><td>gering \u2013 mittel<\/td><\/tr><tr><td><strong>Wege<\/strong><\/td><td>befestigt bis naturnah<\/td><\/tr><tr><td><strong>Dauer<\/strong><\/td><td>ca. 15 Tage<\/td><\/tr><tr><td><strong>Geeignet f\u00fcr<\/strong><\/td><td>Genie\u00dfer, Naturfreunde, Abenteurer &amp; Entdecker<\/td><\/tr><\/tbody><\/table><\/figure>\n\n\n\n<p><strong>Hoteltipp<\/strong>: Mit Blick auf das imposante r\u00f6mische Tor Porta Nigra l\u00e4dt das <a href=\"https:\/\/www.sonnenklar.tv\/beschreibung\/Deutschland\/Mosel-Saar_Region\/Trier\/Mercure_Trier_Porta_Nigra.html\" target=\"_blank\" rel=\"noreferrer noopener\">Hotel Mercure Trier Porta Nigra<\/a> mit seinen behaglichen Zimmern zum Verweilen ein.<\/p>\n\n\n\n<h3 class=\"wp-block-heading\">6. <a name=\"rheinsteig-genusswelten-am-rhein\"><\/a>Rheinsteig: Genusswelten am Rhein<\/h3>\n\n\n\n<p>Ob mehrt\u00e4gige Fernwanderung oder genussvolle Tagestouren: Der Rheinsteig entf\u00fchrt euch zwischen <strong>Bonn, Koblenz<\/strong> und <strong>Mainz<\/strong> in die sanft geschwungenen Weinberge der Rheinregionen, in angenehm k\u00fchlende W\u00e4lder und hoch hinaus zu einmaligen Aussichtspunkten. Nehmt euch vor der legend\u00e4ren <strong>Loreley<\/strong> in Acht und genie\u00dft ansonsten das zu jeder Jahreszeit herrliche <strong>UNESCO-Welterbe Oberes Mittelrheintal<\/strong>. Zahlreiche Burgen, Kl\u00f6ster und Schl\u00f6sser s\u00e4umen die sch\u00f6nen, stellenweise etwas anspruchsvollen Pfade und laden zum Besichtigen oder Verweilen ein. Zu den besonderen Highlights auf der Wanderung z\u00e4hlen der sagenumwobene <strong>Drachenfels<\/strong> mit seinem wundersch\u00f6nen Panorama und fr\u00f6hliche Orte wie etwa das von Weinbergen ges\u00e4umte <strong>R\u00fcdesheim<\/strong>. Die Leidenschaft f\u00fcr den Wein und die besondere <strong>Lebensart<\/strong> der vom Rhein gepr\u00e4gten Kulturlandschaften machen den Rheinsteig zu einem Wandergebiet in Deutschland, das f\u00fcr alle Sinne ein Genuss ist.<\/p>\n\n\n<div class=\"wp-block-image\">\n<figure class=\"aligncenter\"><a href=\"https:\/\/www.sonnenklar.tv\/blog\/wp-content\/uploads\/2022\/07\/GettyImages-497855455.jpg_2026229_master.jpg\"><img loading=\"lazy\" decoding=\"async\" width=\"880\" height=\"450\" src=\"https:\/\/www.sonnenklar.tv\/blog\/wp-content\/uploads\/2022\/07\/GettyImages-497855455.jpg_2026229_master.jpg\" alt=\"Rheintal und Loreleyfelsen bei Sonnenuntergang\" class=\"wp-image-20761\" srcset=\"https:\/\/www.sonnenklar.tv\/blog\/wp-content\/uploads\/2022\/07\/GettyImages-497855455.jpg_2026229_master.jpg 880w, https:\/\/www.sonnenklar.tv\/blog\/wp-content\/uploads\/2022\/07\/GettyImages-497855455.jpg_2026229_master-300x153.jpg 300w, https:\/\/www.sonnenklar.tv\/blog\/wp-content\/uploads\/2022\/07\/GettyImages-497855455.jpg_2026229_master-768x393.jpg 768w\" sizes=\"(max-width: 880px) 100vw, 880px\" \/><\/a><figcaption class=\"wp-element-caption\">Das Rheintal bietet euch Gen\u00fcsse f\u00fcr alle Sinne<\/figcaption><\/figure>\n<\/div>\n\n\n<p>Rheinsteig im \u00dcberblick<\/p>\n\n\n\n<figure class=\"wp-block-table\"><table class=\"has-fixed-layout\"><tbody><tr><td><strong>Route<\/strong><\/td><td>Bonn \u2013 Wiesbaden<\/td><\/tr><tr><td><strong>L\u00e4nge<\/strong><\/td><td>ca. 320 Kilometer<\/td><\/tr><tr><td><strong>Steigung<\/strong><\/td><td>gering \u2013 mittel<\/td><\/tr><tr><td><strong>Wege<\/strong><\/td><td>befestigt bis naturnah<\/td><\/tr><tr><td><strong>Dauer<\/strong><\/td><td>ca. 23 Tage<\/td><\/tr><tr><td><strong>Geeignet f\u00fcr<\/strong><\/td><td>Genie\u00dfer, Kultur- und Geschichtsinteressierte, Abenteuer, Zur Ruhe kommen<\/td><\/tr><\/tbody><\/table><\/figure>\n\n\n\n<p><strong>Hoteltipp<\/strong>: Direkt am Rhein, nur wenige Gehminuten von der ber\u00fchmten Drosselgasse entfernt, lockt das <a href=\"https:\/\/www.sonnenklar.tv\/beschreibung\/Deutschland\/Rhein-Main_Region\/R%C3%BCdesheim_Am_Rhein\/Hoteltraube_R%C3%BCdesheim.html\" target=\"_blank\" rel=\"noreferrer noopener\">Hoteltraube R\u00fcdesheim<\/a> mit seinem herzlichen Service.<\/p>\n\n\n\n<h3 class=\"wp-block-heading\">7. <a name=\"goldsteig-deutschlands-echte-wildnis\"><\/a>Goldsteig: Deutschlands echte Wildnis<\/h3>\n\n\n\n<p>Von Marktredwitz nach Passau f\u00fchrt euch der Goldsteig zu den sch\u00f6nsten Seiten der <strong>Mittelgebirge<\/strong> Oberpf\u00e4lzer und Bayerischer Wald. Verwunschene Moore, atemberaubende Aussichtspunkte und Gipfelgl\u00fcck sind das eine, romantische <strong>Schl\u00f6sser<\/strong> und <strong>Burgruinen<\/strong> sowie z\u00fcnftige Brotzeiten das andere. Haltet auch unbedingt Ausschau nach gl\u00e4sernen Skulpturen und den historischen Glash\u00fctten \u2013 der Bayerische Wald ist ber\u00fchmt f\u00fcr seine <strong>traditionsreiche Glaskunst<\/strong>, die ihr in Glash\u00fctten und Museen hautnah erleben k\u00f6nnt. Entlang des Goldsteigs erwartet euch nicht nur ein weitl\u00e4ufiges Wandergebiet, das bis in die malerischen Landschaften <strong>B\u00f6hmens<\/strong> reicht, sondern auch der l\u00e4ngste <strong>zertifizierte<\/strong> <strong>Qualit\u00e4tswanderweg Deutschlands<\/strong>. Unterwegs passiert ihr auf der etwas gem\u00fctlicheren <strong>S\u00fcdroute<\/strong> unter anderem Burg Falkenstein und das Naturschutzgebiet H\u00f6lle, w\u00e4hrend die anspruchsvollere <strong>Nordroute<\/strong> euch \u00fcber den Gro\u00dfen Arber, durch das Blockmeer am Lusen und die bizarren Granitformationen am Dreisessel in die Drei-Fl\u00fcsse-Stadt Passau f\u00fchrt.<\/p>\n\n\n<div class=\"wp-block-image\">\n<figure class=\"aligncenter\"><a href=\"https:\/\/www.sonnenklar.tv\/blog\/wp-content\/uploads\/2022\/08\/GettyImages-1366870111_kl.jpg\"><img loading=\"lazy\" decoding=\"async\" width=\"880\" height=\"450\" src=\"https:\/\/www.sonnenklar.tv\/blog\/wp-content\/uploads\/2022\/08\/GettyImages-1366870111_kl.jpg\" alt=\"Gro\u00dfer Arber\" class=\"wp-image-20771\" srcset=\"https:\/\/www.sonnenklar.tv\/blog\/wp-content\/uploads\/2022\/08\/GettyImages-1366870111_kl.jpg 880w, https:\/\/www.sonnenklar.tv\/blog\/wp-content\/uploads\/2022\/08\/GettyImages-1366870111_kl-300x153.jpg 300w, https:\/\/www.sonnenklar.tv\/blog\/wp-content\/uploads\/2022\/08\/GettyImages-1366870111_kl-768x393.jpg 768w\" sizes=\"(max-width: 880px) 100vw, 880px\" \/><\/a><figcaption class=\"wp-element-caption\">Die Nordroute f\u00fchrt \u00fcber den Gro\u00dfen Arber<\/figcaption><\/figure>\n<\/div>\n\n\n<p>Goldsteig im \u00dcberblick<\/p>\n\n\n\n<figure class=\"wp-block-table\"><table class=\"has-fixed-layout\"><tbody><tr><td><strong>Route<\/strong><\/td><td>Marktredwitz \u2013 Passau<\/td><\/tr><tr><td><strong>L\u00e4nge<\/strong><\/td><td>Wegenetz aus 660 Kilometern und zwei m\u00f6glichen Routen<\/td><\/tr><tr><td><strong>Steigung<\/strong><\/td><td>gering \u2013 hoch<\/td><\/tr><tr><td><strong>Wege<\/strong><\/td><td>befestigt bis fordernd und naturnah<\/td><\/tr><tr><td><strong>Dauer<\/strong><\/td><td>22 (S\u00fcdroute) bzw. 23 Tage (Nordroute) f\u00fcr die jeweilige Gesamtstrecke<\/td><\/tr><tr><td><strong>Geeignet f\u00fcr<\/strong><\/td><td>Genusswanderer, ambitionierte Wanderer, Familien, Sportler, Naturverbundene<\/td><\/tr><\/tbody><\/table><\/figure>\n\n\n\n<p><strong>Hoteltipp<\/strong>: Das gem\u00fctliche <a href=\"https:\/\/www.sonnenklar.tv\/beschreibung\/Deutschland\/Bayern\/Passau\/ACHAT_Comfort_Passau.html\" target=\"_blank\" rel=\"noreferrer noopener\">IBB Hotel Passau S\u00fcd<\/a> begr\u00fc\u00dft seine G\u00e4ste in idealer Lage und mit einer guten Verkehrsanbindung an das historische Stadtzentrum der Drei-Fl\u00fcsse-Stadt.<\/p>\n\n\n\n<h3 class=\"wp-block-heading\">8. <a name=\"schluchtensteig-schwarzwald-der-weg-des-wassers\"><\/a>Schluchtensteig-Schwarzwald: Der Weg des Wassers<\/h3>\n\n\n\n<p>Der Schluchtensteig im Schwarzwald z\u00e4hlt zu den bekannteren und zugleich zu den sch\u00f6nsten Weitwanderwegen Deutschlands. Startpunkt ist in <strong>St\u00fchlingen<\/strong> nahe der Schweizer Grenze. Die \u201eSauschw\u00e4nzlebahn\u201c, die Wutachschlucht, wildromantische <strong>Urw\u00e4lder<\/strong> und eindrucksvolle Felsformationen sind nur einige der Highlights auf der ersten H\u00e4lfte des <strong>sechst\u00e4gigen Abenteuers<\/strong> bis zum ber\u00fchmten Zwischenziel, dem <strong>Schluchsee<\/strong> bei Oberfischbach. Sind Geist und K\u00f6rper im tiefblauen Nass erfrischt, begebt ihr euch auf die verbliebenen Etappen, die euch \u00fcber den gewaltigen <strong>Dom St. Blasius<\/strong>, dichte <strong>W\u00e4lder<\/strong> und enge <strong>Schluchten<\/strong> bis in die ehemalige Weber- und Textilstadt <strong>Wehr<\/strong> f\u00fchren. <strong>Schwindelfrei<\/strong> und <strong>trittsicher<\/strong> solltet ihr f\u00fcr den malerischen Schluchtensteig sein, da die steilen Flanken und schmalen Pfade zwar abwechslungsreich, doch mitunter auch herausfordernd sind.<\/p>\n\n\n<div class=\"wp-block-image\">\n<figure class=\"aligncenter\"><a href=\"https:\/\/www.sonnenklar.tv\/blog\/wp-content\/uploads\/2022\/08\/GettyImages-1267108416_kl.jpg\"><img loading=\"lazy\" decoding=\"async\" width=\"880\" height=\"450\" src=\"https:\/\/www.sonnenklar.tv\/blog\/wp-content\/uploads\/2022\/08\/GettyImages-1267108416_kl.jpg\" alt=\"Wutachschlucht im Schwarzwald\" class=\"wp-image-20763\" srcset=\"https:\/\/www.sonnenklar.tv\/blog\/wp-content\/uploads\/2022\/08\/GettyImages-1267108416_kl.jpg 880w, https:\/\/www.sonnenklar.tv\/blog\/wp-content\/uploads\/2022\/08\/GettyImages-1267108416_kl-300x153.jpg 300w, https:\/\/www.sonnenklar.tv\/blog\/wp-content\/uploads\/2022\/08\/GettyImages-1267108416_kl-768x393.jpg 768w\" sizes=\"(max-width: 880px) 100vw, 880px\" \/><\/a><figcaption class=\"wp-element-caption\">Die Wutachschlucht f\u00fchrt euch durch wildromantische Urw\u00e4lder<\/figcaption><\/figure>\n<\/div>\n\n\n<p>Schluchtensteig-Schwarzwald im \u00dcberblick<\/p>\n\n\n\n<figure class=\"wp-block-table\"><table class=\"has-fixed-layout\"><tbody><tr><td><strong>Route<\/strong><\/td><td>St\u00fchlingen \u2013 Wehr<\/td><\/tr><tr><td><strong>L\u00e4nge<\/strong><\/td><td>119 km<\/td><\/tr><tr><td><strong>Steigung<\/strong><\/td><td>gering \u2013 hoch<\/td><\/tr><tr><td><strong>Wege<\/strong><\/td><td>Befestigt, Waldpfade, Wiesen, ausgesetzte Pfade<\/td><\/tr><tr><td><strong>Dauer<\/strong><\/td><td>f\u00fcnf bis sechs Tage<\/td><\/tr><tr><td><strong>Geeignet f\u00fcr<\/strong><\/td><td>Abenteurer, ambitionierte Sportler, sportliche Familien mit \u00e4lteren Kindern, alternativ: Tagestouren f\u00fcr Genusswanderer<\/td><\/tr><\/tbody><\/table><\/figure>\n\n\n\n<p><strong>Hoteltipp<\/strong>: Das <a href=\"https:\/\/www.sonnenklar.tv\/beschreibung\/Deutschland\/Schwarzwald\/Schluchsee\/Vier_Jahreszeiten.html\" target=\"_blank\" rel=\"noreferrer noopener\">Hotel Vier Jahreszeiten<\/a> liegt eingebettet im malerischen Hochschwarzwald am Ufer des Schluchsees und verspricht eine wohltuende Auszeit.<\/p>\n\n\n\n<h3 class=\"wp-block-heading\">9. <a name=\"wandertrilogie-allgaeu-die-urkraft-der-alpen\"><\/a>Wandertrilogie Allg\u00e4u: Die Urkraft der Alpen<\/h3>\n\n\n\n<p>Vertr\u00e4umte Wiesen, versteckte Wasserpfade und die urspr\u00fcngliche Gipfelwelt der Allg\u00e4uer Alpen lassen euch auf den Routen der <strong>Wandertrilogie Allg\u00e4u<\/strong> die Region mit allen Sinnen erleben. Die Wanderwege sind in drei Themen geordnet: Die <strong>Wieseng\u00e4nger-Route<\/strong> bringt euch genussvoll und auf meist leichten Pfaden die sanfte H\u00fcgellandschaft mit ihren historischen Orten n\u00e4her. Stets entlang des Wassers oder wahlweise auf die Berge der Voralpen f\u00fchrt euch die <strong>Wasserl\u00e4ufer-Route<\/strong> und auf der <strong>Himmelsst\u00fcrmer-Route<\/strong> seid ihr in teils alpinem Gel\u00e4nde dem Himmel ganz nah. Auf den insgesamt gut <strong>876 Kilometern<\/strong> des Weitwandernetzes k\u00f6nnt ihr euch euren individuellen Wandertraum in Deutschland erf\u00fcllen, ganz nach euren Vorstellungen, Ambitionen und gem\u00e4\u00df eures Fitnesslevel.<\/p>\n\n\n<div class=\"wp-block-image\">\n<figure class=\"aligncenter\"><a href=\"https:\/\/www.sonnenklar.tv\/blog\/wp-content\/uploads\/2022\/08\/GettyImages-523628434.jpg_3617937_master.jpg\"><img loading=\"lazy\" decoding=\"async\" width=\"880\" height=\"450\" src=\"https:\/\/www.sonnenklar.tv\/blog\/wp-content\/uploads\/2022\/08\/GettyImages-523628434.jpg_3617937_master.jpg\" alt=\"Wanderer in den Bergen\" class=\"wp-image-20764\" srcset=\"https:\/\/www.sonnenklar.tv\/blog\/wp-content\/uploads\/2022\/08\/GettyImages-523628434.jpg_3617937_master.jpg 880w, https:\/\/www.sonnenklar.tv\/blog\/wp-content\/uploads\/2022\/08\/GettyImages-523628434.jpg_3617937_master-300x153.jpg 300w, https:\/\/www.sonnenklar.tv\/blog\/wp-content\/uploads\/2022\/08\/GettyImages-523628434.jpg_3617937_master-768x393.jpg 768w\" sizes=\"(max-width: 880px) 100vw, 880px\" \/><\/a><figcaption class=\"wp-element-caption\">Hoch hinaus geht es beim wandern in alpinem Gel\u00e4nde<\/figcaption><\/figure>\n<\/div>\n\n\n<p>Wandertrilogie Allg\u00e4u im \u00dcberblick<\/p>\n\n\n\n<figure class=\"wp-block-table\"><table class=\"has-fixed-layout\"><tbody><tr><td><strong>Route<\/strong><\/td><td>Wieseng\u00e4nger- und Wasserl\u00e4ufer-Route: Marktoberdorf \u2013 Marktoberdorf<br>\nHimmelsst\u00fcrmer-Route: Halblech \u2013 Pfronten<\/td><\/tr><tr><td><strong>L\u00e4nge<\/strong><\/td><td>Wieseng\u00e4nger-Route: 463 km; Wasserl\u00e4ufer-Route: 384 km; Himmelsst\u00fcrmer-Route: 342 km<\/td><\/tr><tr><td><strong>Steigung<\/strong><\/td><td>gering \u2013 hoch<\/td><\/tr><tr><td><strong>Wege<\/strong><\/td><td>befestigt bis alpin<\/td><\/tr><tr><td><strong>Dauer<\/strong><\/td><td>zwischen 22 und 26 Tage f\u00fcr die jeweilige Gesamtroute<\/td><\/tr><tr><td><strong>Geeignet f\u00fcr<\/strong><\/td><td>Genusswanderer, ambitionierte Gipfelst\u00fcrmer, alternativ lassen sich viele Etappen gut als Tagestour bew\u00e4ltigen<\/td><\/tr><\/tbody><\/table><\/figure>\n\n\n\n<p><strong>Hoteltipp<\/strong>: Der Kurort F\u00fcssen z\u00e4hlt zu den sch\u00f6nsten Orten des Allg\u00e4us und ist ein Partnerort der Wandertrilogie Allg\u00e4u. Die besten <a href=\"https:\/\/www.sonnenklar.tv\/promo\/hotels\/hotels-fuessen.html\" target=\"_blank\" rel=\"noreferrer noopener\">Hotels in F\u00fcssen<\/a> entdeckt ihr bei uns.<\/p>\n\n\n\n<h2 class=\"wp-block-heading\">H\u00e4ufige Fragen zum Wandern in Deutschland<\/h2>\n\n\n\n<p>Gerade beim Wandern ist die Vorbereitung alles. F\u00fcr einen guten \u00dcberblick haben wir euch die wichtigsten Fragen rund ums Thema Wandern in Deutschland beantwortet.<\/p>\n\n\n\n<h3 class=\"wp-block-heading\"><a name=\"was-ist-der-schoenste-wanderweg-deutschlands\"><\/a>Was ist der sch\u00f6nste Wanderweg Deutschlands?<\/h3>\n\n\n\n<p>Je mehr Zeit ihr euch nehmt, die wilden und unber\u00fchrten Landschaften Deutschlands kennenzulernen, desto schwieriger wird es, den sch\u00f6nsten Wanderweg zu benennen. Warum? Sch\u00f6n sind sie alle! Sehr zu empfehlen f\u00fcr spektakul\u00e4re Ausblicke und k\u00f6rperliche Herausforderungen sind etwa die Wandergebiete im Schwarzwald, Harz oder im Allg\u00e4uer Voralpenland. Faszinieren euch die malerischen Weinberge schon seit langem, k\u00f6nnte der Rheinsteig genau das Richtige f\u00fcr euch sein. Mystisch und romantisch geht es hingegen auf dem Malerweg oder dem Harzer-Hexen-Stieg zu.<\/p>\n\n\n<div class=\"wp-block-image\">\n<figure class=\"aligncenter\"><a href=\"https:\/\/www.sonnenklar.tv\/blog\/wp-content\/uploads\/2022\/08\/GettyImages-1140996638_kl.jpg\"><img loading=\"lazy\" decoding=\"async\" width=\"880\" height=\"450\" src=\"https:\/\/www.sonnenklar.tv\/blog\/wp-content\/uploads\/2022\/08\/GettyImages-1140996638_kl.jpg\" alt=\"Frau liest Buch im Gras auf Weinberg\" class=\"wp-image-20772\" srcset=\"https:\/\/www.sonnenklar.tv\/blog\/wp-content\/uploads\/2022\/08\/GettyImages-1140996638_kl.jpg 880w, https:\/\/www.sonnenklar.tv\/blog\/wp-content\/uploads\/2022\/08\/GettyImages-1140996638_kl-300x153.jpg 300w, https:\/\/www.sonnenklar.tv\/blog\/wp-content\/uploads\/2022\/08\/GettyImages-1140996638_kl-768x393.jpg 768w\" sizes=\"(max-width: 880px) 100vw, 880px\" \/><\/a><figcaption class=\"wp-element-caption\">Malerische Weinberge laden zur entspannten Pause ein<\/figcaption><\/figure>\n<\/div>\n\n\n<h3 class=\"wp-block-heading\"><a name=\"wie-viele-wanderwege-gibt-es-in-deutschland\"><\/a>Wie viele Wanderwege gibt es in Deutschland?<\/h3>\n\n\n\n<p>In Deutschland gibt es unz\u00e4hlige Wanderwege \u2013 das Projekt \u201eWanderbares Deutschland\u201c geht allein von 300.000 Kilometern an markierten Wanderwegen aus. Da ist f\u00fcr jeden was dabei!<\/p>\n\n\n\n<h3 class=\"wp-block-heading\"><a name=\"wo-kann-man-im-harz-am-besten-wandern\"><\/a>Wo kann man im Harz am besten wandern?<\/h3>\n\n\n\n<p>Im Harz k\u00f6nnt ihr besonders gut rund um das St\u00e4dtchen Wernigerode und Thale wandern. Die sch\u00f6nsten Wanderungen f\u00fchren euch etwa zum ber\u00fchmten Hexentanzplatz, auf den Brocken, zu den Schnarcherklippen oder zur sonderbar anmutenden Felsformation Mausefalle. M\u00f6chtet ihr m\u00f6glichst viel vom Harz sehen, k\u00f6nnt ihr euch den Harzer-Hexen-Stieg vornehmen.<\/p>\n\n\n<div class=\"wp-block-image\">\n<figure class=\"aligncenter\"><a href=\"https:\/\/www.sonnenklar.tv\/blog\/wp-content\/uploads\/2022\/08\/GettyImages-497015395_kl.jpg\"><img loading=\"lazy\" decoding=\"async\" width=\"880\" height=\"450\" src=\"https:\/\/www.sonnenklar.tv\/blog\/wp-content\/uploads\/2022\/08\/GettyImages-497015395_kl.jpg\" alt=\"Wernigerode\" class=\"wp-image-20775\" srcset=\"https:\/\/www.sonnenklar.tv\/blog\/wp-content\/uploads\/2022\/08\/GettyImages-497015395_kl.jpg 880w, https:\/\/www.sonnenklar.tv\/blog\/wp-content\/uploads\/2022\/08\/GettyImages-497015395_kl-300x153.jpg 300w, https:\/\/www.sonnenklar.tv\/blog\/wp-content\/uploads\/2022\/08\/GettyImages-497015395_kl-768x393.jpg 768w\" sizes=\"(max-width: 880px) 100vw, 880px\" \/><\/a><figcaption class=\"wp-element-caption\">Rund um die Stadt Wernigerode gibt es tolle Wanderwege<\/figcaption><\/figure>\n<\/div>\n\n\n<h3 class=\"wp-block-heading\"><a name=\"was-muss-ich-beim-wandern-beachten\"><\/a>Was muss ich beim Wandern beachten?<\/h3>\n\n\n\n<p>Damit eure n\u00e4chste Wandertour auch ein voller Erfolg wird, gibt es einiges zu beachten. Hier kommen unsere 10 besten Tipps, die ihr beim Wandern bedenken solltet.<\/p>\n\n\n\n<ol class=\"wp-block-list\">\n<li>Legt Wert auf hochwertige, gut sitzende Wanderschuhe und einen Wanderrucksack, der genau zu eurem R\u00fccken passt.<\/li>\n\n\n\n<li>Lauft eure Schuhe gut ein, bevor ihr zu gr\u00f6\u00dferen Touren aufbrecht, um Blasen und Druckstellen zu vermeiden.<\/li>\n\n\n\n<li>Lasst es langsam angehen und nehmt euch f\u00fcr Mehrtagestouren lieber weniger vor, damit sich euer K\u00f6rper an die Belastung gew\u00f6hnen kann. Steigert euch gegebenenfalls nach ein paar Tagen.<\/li>\n\n\n\n<li>Eine sinnvolle Hilfe f\u00fcr junge wie \u00e4ltere Wanderer sind Trekkingst\u00f6cke, die vor allem eure Knie entlasten.<\/li>\n\n\n\n<li>Gerade bei Mehrtagestouren gilt: Verlasst euch nicht nur auf euer Handy. Eine gute Wanderkarte und ein Kompass oder GPS-Ger\u00e4t, mit dem ihr umgehen k\u00f6nnt, k\u00f6nnen euch in der Not helfen.<\/li>\n\n\n\n<li>Im Rucksack sollten sich ein Erste-Hilfe-Set, Wetterschutz und ausreichend Wasser befinden.<\/li>\n\n\n\n<li>Die Bewegung an der frischen Luft macht hungrig und durstig. Denkt an energie- und kohlenhydratreiche Snacks wie M\u00fcsliriegel, Traubenzucker, Obst sowie N\u00fcsse.<\/li>\n\n\n\n<li>Wandern bei Regen macht nur mit der richtigen Kleidung Spa\u00df: Regenh\u00fclle f\u00fcr den Rucksack und eine Regenjacke sollten immer dabei sein. In den H\u00f6hen und morgens bzw. abends kann es au\u00dferdem schnell kalt werden \u2013 denkt an w\u00e4rmende Kleidung, Stirnband und am besten an eine Schildkappe.<\/li>\n\n\n\n<li>Je mehr Gep\u00e4ck ihr mitnehmt, desto schwerer m\u00fcsst ihr am Ende des Tages tragen. Nehmt daher so wenig wie m\u00f6glich, daf\u00fcr so viel wie n\u00f6tig mit.<\/li>\n\n\n\n<li>Besonders H\u00fctten in den Bergen haben oft keine Internetverbindung und sind nur mit Bargeld bezahlbar.<\/li>\n<\/ol>\n\n\n\n<figure class=\"wp-block-image alignnone\"><a href=\"https:\/\/www.sonnenklar.tv\/blog\/wp-content\/uploads\/2022\/08\/GettyImages-520174950.jpg_3617934_master.jpg\"><img loading=\"lazy\" decoding=\"async\" width=\"880\" height=\"450\" src=\"https:\/\/www.sonnenklar.tv\/blog\/wp-content\/uploads\/2022\/08\/GettyImages-520174950.jpg_3617934_master.jpg\" alt=\"Wanderer mit Wanderkarte\" class=\"wp-image-20774\" srcset=\"https:\/\/www.sonnenklar.tv\/blog\/wp-content\/uploads\/2022\/08\/GettyImages-520174950.jpg_3617934_master.jpg 880w, https:\/\/www.sonnenklar.tv\/blog\/wp-content\/uploads\/2022\/08\/GettyImages-520174950.jpg_3617934_master-300x153.jpg 300w, https:\/\/www.sonnenklar.tv\/blog\/wp-content\/uploads\/2022\/08\/GettyImages-520174950.jpg_3617934_master-768x393.jpg 768w\" sizes=\"(max-width: 880px) 100vw, 880px\" \/><\/a><figcaption class=\"wp-element-caption\">Eine gute Wanderkarte solltet ihr auf jeden Fall dabei haben<\/figcaption><\/figure>\n\n\n\n<h2 class=\"wp-block-heading\">Fazit zu den sch\u00f6nsten Wanderwegen in Deutschland<\/h2>\n\n\n\n<p>Sind die Wanderschuhe geschn\u00fcrt und der Rucksack geschultert, hei\u00dft es eigentlich nur noch: Los geht\u2019s! Abseits der St\u00e4dte und bekannter Stra\u00dfen taucht ihr ein in ein v\u00f6llig urspr\u00fcngliches Deutschland, das mit seiner unglaublichen Vielfalt begeistert. Egal ob ihr auf uralten Vulkanen spazieren m\u00f6chtet, eure Kilometer am liebsten in den flachen Ebenen sammelt oder die h\u00f6chsten Gipfel erst\u00fcrmen m\u00f6chtet: Lasst euch beim Wandern in Deutschland von den unterschiedlichsten Landschaftsformen und uriger Gastfreundschaft verzaubern.<\/p>\n\n\n\n<p>Ihr w\u00fcrdet am liebsten sofort loswandern? Perfekt \u2013 die sch\u00f6nsten <a href=\"https:\/\/www.sonnenklar.tv\/promo\/wanderurlaub-deutschland.html\" target=\"_blank\" rel=\"noreferrer noopener\">Angebote f\u00fcr den Wanderurlaub in Deutschland<\/a> entdeckt ihr bei uns.<\/p>\n","protected":false},"excerpt":{"rendered":"<p>Deutschland erwandern: Entlang abwechslungsreicher Pfade und kurzweiliger Routen entdeckt ihr traumhaft sch\u00f6ne Landschaften und Orte mit viel Geschichte. Tiefe Schluchten und verwunschene Moore, m\u00e4chtige Alpen und romantische Heidelandschaften \u2013 die Wandergebiete in Deutschland stecken voller \u00dcberraschungen. Ob einsteigergerechte Tagestouren, ambitionierte Kurztrips oder gleich ein ganzer Fernwanderweg: Euer pers\u00f6nliches Wandererlebnis k\u00f6nnt ihr nat\u00fcrlich flexibel gestalten und<\/p>\n","protected":false},"author":3,"featured_media":20777,"comment_status":"closed","ping_status":"open","sticky":false,"template":"","format":"standard","meta":{"footnotes":""},"categories":[9,560,463],"tags":[506,496,497],"class_list":{"0":"post-20745","1":"post","2":"type-post","3":"status-publish","4":"format-standard","5":"has-post-thumbnail","7":"category-eigenanreise","8":"category-aktivurlaub","9":"category-deutschland","10":"tag-aktivitaeten","11":"tag-deutschland","12":"tag-wandern"},"_links":{"self":[{"href":"https:\/\/www.sonnenklar.tv\/blog\/wp-json\/wp\/v2\/posts\/20745","targetHints":{"allow":["GET"]}}],"collection":[{"href":"https:\/\/www.sonnenklar.tv\/blog\/wp-json\/wp\/v2\/posts"}],"about":[{"href":"https:\/\/www.sonnenklar.tv\/blog\/wp-json\/wp\/v2\/types\/post"}],"author":[{"embeddable":true,"href":"https:\/\/www.sonnenklar.tv\/blog\/wp-json\/wp\/v2\/users\/3"}],"replies":[{"embeddable":true,"href":"https:\/\/www.sonnenklar.tv\/blog\/wp-json\/wp\/v2\/comments?post=20745"}],"version-history":[{"count":16,"href":"https:\/\/www.sonnenklar.tv\/blog\/wp-json\/wp\/v2\/posts\/20745\/revisions"}],"predecessor-version":[{"id":39385,"href":"https:\/\/www.sonnenklar.tv\/blog\/wp-json\/wp\/v2\/posts\/20745\/revisions\/39385"}],"wp:featuredmedia":[{"embeddable":true,"href":"https:\/\/www.sonnenklar.tv\/blog\/wp-json\/wp\/v2\/media\/20777"}],"wp:attachment":[{"href":"https:\/\/www.sonnenklar.tv\/blog\/wp-json\/wp\/v2\/media?parent=20745"}],"wp:term":[{"taxonomy":"category","embeddable":true,"href":"https:\/\/www.sonnenklar.tv\/blog\/wp-json\/wp\/v2\/categories?post=20745"},{"taxonomy":"post_tag","embeddable":true,"href":"https:\/\/www.sonnenklar.tv\/blog\/wp-json\/wp\/v2\/tags?post=20745"}],"curies":[{"name":"wp","href":"https:\/\/api.w.org\/{rel}","templated":true}]}}